{"id":341,"date":"2023-09-26T11:30:15","date_gmt":"2023-09-26T11:30:15","guid":{"rendered":"https:\/\/eldiariodelaeducacion.com\/aprendizaje-a-lo-largo-de-la-vida\/?p=341"},"modified":"2024-08-21T17:07:14","modified_gmt":"2024-08-21T15:07:14","slug":"las-lenguas-que-nos-habitan-dia-europeo-de-las-lenguas-2023","status":"publish","type":"post","link":"https:\/\/eldiariodelaeducacion.com\/aprendizaje-a-lo-largo-de-la-vida\/2023\/09\/26\/las-lenguas-que-nos-habitan-dia-europeo-de-las-lenguas-2023\/","title":{"rendered":"Las lenguas que nos habitan: D\u00eda Europeo de las Lenguas 2023"},"content":{"rendered":"<p>Parafraseando a Miguel de Cervantes podr\u00edamos decir que \u00abel que habla muchas lenguas y anda mucho, ve mucho m\u00e1s all\u00e1 y sabe mucho\u00bb. A nadie se le escapa que el dominio de diferentes lenguas nos aporta m\u00faltiples beneficios (personales, sociales o laborales). Y sin embargo, perduran en nuestra sociedad infinidad de estereotipos y prejuicios, positivos o negativos, sobre las lenguas. Es tarea del sistema educativo proponer actitudes de respeto y estima por todas las lenguas, independientemente de su prestigio. Esto pasa por fomentar su conocimiento, porque dif\u00edcilmente podemos estimar aquello que no conocemos y que no sentimos como propio. Es necesario entender que la riqueza ling\u00fc\u00edstica es un patrimonio de todos y todas, que nos ayuda a completar el mundo. A modo de ejemplo, en Arag\u00f3n utilizamos la palabra <em>rasmia<\/em> para referirnos al \u00abempuje <span data-id=\"c8HoARq|c8HrfrV|c8IFPyp\">y<\/span> <span data-id=\"ZeNhizB\">tes\u00f3n<\/span> <span data-id=\"Rp1CuT2|RsVKhBv|RwYmdsn|RxSczPr\">para<\/span> <span data-id=\"0X7ng6k\">acometer<\/span> <span data-id=\"c8HoARq|c8HrfrV|c8IFPyp\">y<\/span> <span data-id=\"AVlj6Y4\">continuar<\/span> <span data-id=\"b67JJSq|b6hEWeB|b6iKApr\">una<\/span> <span data-id=\"EsuT8Fg\">empresa<\/span>\u00bb (DRAE). Es un concepto cercano al de <em>coraje<\/em>, pero el t\u00e9rmino aragon\u00e9s introduce matices que buscan traducir una experiencia humana m\u00e1s precisa y que no quedan recogidos en otras lenguas.<\/p>\n<p>Por todo lo anterior, desde 2001 el Consejo de Europa celebra el 26 de septiembre de cada a\u00f1o el D\u00eda Europeo de las Lenguas con el fin de animar \u00aba m\u00e1s de 700 millones de europeos a aprender otras lenguas a cualquier edad, dentro y fuera de la escuela.\u00a0 Convencidos de que la diversidad ling\u00fc\u00edstica es una herramienta clave para lograr una mayor comprensi\u00f3n intercultural y un elemento clave en la rica herencia cultural de nuestro continente, el Consejo de Europa promueve el pluriling\u00fcismo en toda Europa\u00bb.\u00a0Desde esta p\u00e1gina, se anima a celebrar <a href=\"https:\/\/edl.ecml.at\/Home\/tabid\/1455\/language\/es-ES\/Default.aspx\">el 26 de septiembre como D\u00eda Europeo de las Lenguas<\/a> con infinidad de recursos para ello: qu\u00e9 es el DEL, c\u00f3mo participar, eventos, actividades, hechos, juegos, entretenimiento, orientaciones para docentes y comunicaci\u00f3n con los contactos nacionales. \u00a0La informaci\u00f3n se ofrece en m\u00faltiples lenguas de Europa, entre otras el castellano, el catal\u00e1n, el gallego y el eusquera.<\/p>\n<p>La legislaci\u00f3n educativa espa\u00f1ola reconoce, como no pod\u00eda ser de otra manera, el valor de la diversidad ling\u00fc\u00edstica. As\u00ed, la LOMLOE incluye <a href=\"https:\/\/educagob.educacionyfp.gob.es\/eu\/curriculo\/curriculo-lomloe\/menu-curriculos-basicos\/ed-secundaria-obligatoria\/competencias-clave.html\">la competencia pluriling\u00fce entre las competencias clave<\/a>, la cual integra, asimismo, \u00abdimensiones hist\u00f3ricas e interculturales orientadas a conocer, valorar y respetar la diversidad ling\u00fc\u00edstica y cultural de la sociedad con el objetivo de fomentar la convivencia democr\u00e1tica\u00bb. Entre los descriptores operativos se recoge que \u00abal completar la Educaci\u00f3n Primaria, el alumno o la alumna conoce y respeta la diversidad ling\u00fc\u00edstica y cultural presente en su entorno, reconociendo y comprendiendo su valor como factor de di\u00e1logo, para mejorar la convivencia\u00bb. Por su parte, \u00abal completar la ense\u00f1anza b\u00e1sica, el alumno o la alumna conoce, valora y respeta la diversidad ling\u00fc\u00edstica y cultural presente en la sociedad, integr\u00e1ndola en su desarrollo personal como factor de di\u00e1logo, para fomentar la cohesi\u00f3n social\u00bb. En el caso de la <a href=\"https:\/\/educagob.educacionyfp.gob.es\/curriculo\/curriculo-lomloe\/menu-curriculos-basicos\/ed-secundaria-obligatoria\/materias\/lengua-castellana\/desarrollo.html\">asignatura de Lengua Castellana y Literatura<\/a> en Educaci\u00f3n Secundaria Obligatoria, \u00abla primera de las competencias espec\u00edficas de la materia se orienta al reconocimiento de la diversidad ling\u00fc\u00edstica y dialectal del entorno, de Espa\u00f1a y del mundo con el prop\u00f3sito de favorecer actitudes de aprecio a dicha diversidad, combatir prejuicios y estereotipos ling\u00fc\u00edsticos y estimular la reflexi\u00f3n interling\u00fc\u00edstica\u00bb. M\u00e1s all\u00e1 de las celebraciones europeas y de la legislaci\u00f3n educativa espa\u00f1ola en materia de diversidad ling\u00fc\u00edstica, el reto est\u00e1 en llevar a las aulas propuestas que, partiendo del conocimiento, conduzcan al aprecio por el pluriling\u00fcismo, empezando por el propio del Estado espa\u00f1ol. Entre los materiales que encontramos en la red, destaca el proyecto <a href=\"https:\/\/descargas.intef.es\/cedec\/proyectoedia\/realengua\/contenidos\/lenguasquenosrodean\/index.html\">Las lenguas que nos rodean<\/a>. Se trata de un Recurso Educativo Abierto del <a href=\"https:\/\/cedec.intef.es\/proyecto-edia\/\">Proyecto EDIA<\/a> de <a href=\"https:\/\/cedec.intef.es\/\">Cedec<\/a> (INTEF). Otro recurso did\u00e1ctico de inter\u00e9s es <a href=\"https:\/\/plurilingu.es\/\">Pluriling\u00fcES<\/a>. Estamos ante \u00abun proyecto did\u00e1ctico para explicar la diversidad ling\u00fc\u00edstica de Espa\u00f1a, nacido de la voluntad de las comunidades aut\u00f3nomas con lenguas diferentes del castellano de dar a conocer una realidad rica y plural desde un enfoque que enfatiza la convivencia entre todas las lenguas del Estado desde el respeto y la igualdad\u00bb. Por \u00faltimo, como material original para trabajar en el aula la diversidad ling\u00fc\u00edstica, ofrezco mi poema \u201cC\u00e9dula de habitabilidad\u201d (<em>El sentido de la marcha<\/em>. Loto azul, 2023) en varias de las lenguas de Espa\u00f1a.<\/p>\n<p style=\"text-align: center\"><strong><em> <img fetchpriority=\"high\" decoding=\"async\" class=\"alignnone size-medium wp-image-345\" src=\"https:\/\/eldiariodelaeducacion.com\/aprendizaje-a-lo-largo-de-la-vida\/wp-content\/uploads\/sites\/76\/2023\/09\/20220819_120956-225x300.jpg\" alt=\"\" width=\"225\" height=\"300\" \/><\/em><\/strong><\/p>\n<p>&nbsp;<\/p>\n<p style=\"text-align: center\"><a href=\"https:\/\/on.soundcloud.com\/Zir9v\"><strong><em>CASTELLANO<\/em><\/strong><\/a> (Texto original y voz de Maximiliano Alca\u00f1iz)<\/p>\n<p style=\"text-align: center\">C\u00c9DULA DE HABITABILIDAD<\/p>\n<p>&nbsp;<\/p>\n<p>Las palabras atrapan la niebla como el garo\u00e9<\/p>\n<p>y la convierten en lluvia.<\/p>\n<p>Vivimos, pues, en las palabras,<\/p>\n<p>barro seco en la rodada.<\/p>\n<p>A veces tambi\u00e9n las habitamos.<\/p>\n<p>&nbsp;<\/p>\n<p>As\u00ed, una palabra refugio es <em>mientras<\/em>.<\/p>\n<p>Ella basta, istmo o cauce,<\/p>\n<p>para contener la existencia,<\/p>\n<p>para insuflarle o no aliento.<\/p>\n<p><em>Mientras<\/em> es marcar como posible<\/p>\n<p>cuanto de amor se espera,<\/p>\n<p>cu\u00e1nto de libre se es.<\/p>\n<p>&nbsp;<\/p>\n<p>Otro tanto ocurre con <em>durante<\/em>,<\/p>\n<p>esa fracci\u00f3n m\u00ednima de presencia,<\/p>\n<p>la unidad indivisible de memoria en que hallarse,<\/p>\n<p>no antes ni despu\u00e9s,<\/p>\n<p>sino el latido constante en ese lapso.<\/p>\n<p>&nbsp;<\/p>\n<p>Parece claro que solo hablamos con propiedad<\/p>\n<p>desde el extra\u00f1amiento.<\/p>\n<p>&nbsp;<\/p>\n<p style=\"text-align: center\"><a href=\"https:\/\/on.soundcloud.com\/b4kUB\"><strong><em>CATAL\u00c1N<\/em><\/strong> <\/a>(Traducci\u00f3n y voz de Anna Tur)<\/p>\n<p style=\"text-align: center\">C\u00c8DULA D&#8217;HABITABILITAT<\/p>\n<p>&nbsp;<\/p>\n<p>Les paraules atrapen la boira com el garo\u00e9<\/p>\n<p>i la converteixen en pluja.<\/p>\n<p>Vivim, doncs, en les paraules,<\/p>\n<p>fang sec en la rodada.<\/p>\n<p>A vegades tamb\u00e9 les habitem.<\/p>\n<p>&nbsp;<\/p>\n<p>Aix\u00ed, una paraula refugi \u00e9s <em>mentre<\/em>.<\/p>\n<p>Ella basta, istme o cabal,<\/p>\n<p>per a contenir l&#8217;exist\u00e8ncia,<\/p>\n<p>Per a insuflar-li o no al\u00e8.<\/p>\n<p><em>Mentre<\/em> \u00e9s marcar com a possible<\/p>\n<p>quant d&#8217;amor s&#8217;espera,<\/p>\n<p>quant de lliure s&#8217;\u00e9s.<\/p>\n<p>&nbsp;<\/p>\n<p>Aix\u00ed mateix s&#8217;esdev\u00e9 amb <em>durant<\/em>,<\/p>\n<p>aquesta fracci\u00f3 m\u00ednima de freq\u00fc\u00e8ncia,<\/p>\n<p>la unitat indivisible de mem\u00f2ria on\u00a0 trobar-se,<\/p>\n<p>no abans ni despr\u00e9s,<\/p>\n<p>sin\u00f3 el batec constant en aquest lapse.<\/p>\n<p>&nbsp;<\/p>\n<p>Sembla clar que nom\u00e9s parlem amb propietat<\/p>\n<p>des de l&#8217;estranyesa.<\/p>\n<p>&nbsp;<\/p>\n<p style=\"text-align: center\"><a href=\"https:\/\/on.soundcloud.com\/oPqzN\"><strong><em>GALLEGO<\/em><\/strong> <\/a>(Traducci\u00f3n y voz de Diana Pastoriza)<\/p>\n<p style=\"text-align: center\">C\u00c9DULA DE HABITABILIDADE<\/p>\n<p>&nbsp;<\/p>\n<p>As palabras atrapan a n\u00e9boa coma o garo\u00e9<\/p>\n<p>e conv\u00e9rtena en chuvia.<\/p>\n<p>Vivimos, pois, nas palabras,<\/p>\n<p>barro seco na rodada.<\/p>\n<p>\u00c1s veces tam\u00e9n as habitamos.<\/p>\n<p>&nbsp;<\/p>\n<p>As\u00ed unha palabra refuxio \u00e9 <em>mentres<\/em>.<\/p>\n<p>Ela abonda, istmo ou canle,<\/p>\n<p>para conter a existencia,<\/p>\n<p>para insuflarlle ou non alento.<\/p>\n<p><em>Mentres<\/em> \u00e9 marcar como posible<\/p>\n<p>canto de amor se espera,<\/p>\n<p>canto de libre se \u00e9.<\/p>\n<p>&nbsp;<\/p>\n<p>Outro tanto ocorre con <em>durante<\/em>,<\/p>\n<p>esa fracci\u00f3n m\u00ednima de presenza,<\/p>\n<p>a unidade indivisible de memoria na que atoparse,<\/p>\n<p>non antes nin despois,<\/p>\n<p>sen\u00f3n o latexo constante nese lapso.<\/p>\n<p>&nbsp;<\/p>\n<p>Parece claro que s\u00f3 falamos con propiedade<\/p>\n<p>desde o extra\u00f1amento.<\/p>\n<p><strong>\u00a0<\/strong><\/p>\n<p style=\"text-align: center\"><strong><em><a href=\"https:\/\/on.soundcloud.com\/JCViw\">EUSQUERA<\/a> <\/em><\/strong>(Traducci\u00f3n y voz de I\u00f1aki Murua)<\/p>\n<p style=\"text-align: center\">BIZIGARRITASUN-ZEDULA<\/p>\n<p>&nbsp;<\/p>\n<p>Hitzek lainoa harrapatzen dute garoeak bezala<\/p>\n<p>eta euri bihurtzen dute.<\/p>\n<p>Hitzetan bizi gara, beraz,<\/p>\n<p>lokatz lehorra erreietan.<\/p>\n<p>Batzuetan haietan ere bagaude.<\/p>\n<p>&nbsp;<\/p>\n<p>Horrela, aterpe-hitz bat da <em>bitartean<\/em>.<\/p>\n<p>Bera nahikoa da, istmoa edo ubidea,<\/p>\n<p>existentzia izateko,<\/p>\n<p>arnasa emateko ala ez.<\/p>\n<p><em>Bitartean<\/em> da posible gisa markatzea<\/p>\n<p>zenbat maitasun espero den,<\/p>\n<p>zenbateraino den norbait aske.<\/p>\n<p>&nbsp;<\/p>\n<p>Beste horrenbeste gertatzen da <em>zehar<\/em>-ekin,<\/p>\n<p>gutxieneko presentzia-zatiki hori,<\/p>\n<p>egoteko memoria-unitate zatiezina,<\/p>\n<p>ez lehenago, ez geroago,<\/p>\n<p>tarte horretako etengabeko deiadarra baizik.<\/p>\n<p>&nbsp;<\/p>\n<p>Argi dago urruntzetik baino<\/p>\n<p>ez dugula zehaztasunez hitz egiten.<\/p>\n<p>&nbsp;<\/p>\n<p style=\"text-align: center\"><a href=\"https:\/\/on.soundcloud.com\/Mgw12\"><strong><em>ARAN\u00c9S<\/em><\/strong> <\/a>(Traducci\u00f3n y voz de Ferriol Macip i Bonet)<\/p>\n<p style=\"text-align: center\">CEDULA D\u2019ABITABILITAT<\/p>\n<p>&nbsp;<\/p>\n<p>Es mots era bruma qu\u2019atrapen coma eth garo\u00e9<\/p>\n<p>e la h\u00e8n vier ploja.<\/p>\n<p>Viuem, per tant, laguens des mots,<\/p>\n<p>hanga shuta ena rodada.<\/p>\n<p>De c\u00f2ps, tanplan los abitam.<\/p>\n<p>&nbsp;<\/p>\n<p>Atau, un mot d\u2019arrec\u00e8s qu\u2019ei <em>mentre<\/em>.<\/p>\n<p>Eth qu\u2019ei pro, istme o camin,<\/p>\n<p>ent\u00e0 contier era exist\u00e9ncia,<\/p>\n<p>ent\u00e0 enbohar-li o non alend.<\/p>\n<p><em>Mentre<\/em> ei mercar coma possible<\/p>\n<p>guaire d&#8217;amor se demore,<\/p>\n<p>guaire de liure \u00f2m ei.<\/p>\n<p>&nbsp;<\/p>\n<p>Autrestant arribe damb <em>pendent<\/em>,<\/p>\n<p>fraccion minimala de pres\u00e9ncia,<\/p>\n<p>unitat indivisibla de mem\u00f2ria en que trobar-se<\/p>\n<p>ne abans ne demp\u00fas<\/p>\n<p>m\u00e8s eth batic\u00f2r constant d\u2019aquera passa.<\/p>\n<p>&nbsp;<\/p>\n<p>Semble que non parlam sonque damb proprietat<\/p>\n<p>qu\u2019en plen estonament.<\/p>\n<p><strong>\u00a0<\/strong><\/p>\n<p style=\"text-align: center\"><a href=\"https:\/\/on.soundcloud.com\/7KkSv\"><strong><em>ASTURIANO<\/em><\/strong> <\/a>(Traducci\u00f3n y voz de Rafael Nu\u00f1o)<\/p>\n<p style=\"text-align: center\">C\u00c9DULA D&#8217;HABITABILID\u00c1<\/p>\n<p>&nbsp;<\/p>\n<p>Les pallabres atrapen la borrina como\u2019l garo\u00e9<\/p>\n<p>y cam\u00fadenla n\u2019agua.<\/p>\n<p>Vivimos, pues, nes pallabres,<\/p>\n<p>barru seco na rodada.<\/p>\n<p>Habit\u00e1mosles tami\u00e9n dacuando.<\/p>\n<p>&nbsp;<\/p>\n<p>Asina, una pallabra abellugu ye <em>demeintres<\/em>.<\/p>\n<p>Ella basta, ismu o calce,<\/p>\n<p>pa caltener la esistencia,<\/p>\n<p>pa insufla-y o non aliendu.<\/p>\n<p><em>Demientres<\/em> ye marcar como posible<\/p>\n<p>cuanto d\u2019amor esp\u00e9rase,<\/p>\n<p>cu\u00e1nto de llibre yese.<\/p>\n<p>&nbsp;<\/p>\n<p>Otru tantu asocede con <em>mentanto<\/em>,<\/p>\n<p>esa fraici\u00f3n m\u00ednima de presencia,<\/p>\n<p>la unid\u00e1 de memoria indivisible en que topase,<\/p>\n<p>non enantes nin dempu\u00e9s,<\/p>\n<p>sin\u00f3n el llat\u00edu constante d\u2019esi ralu.<\/p>\n<p>&nbsp;<\/p>\n<p>Paez claro que solo falamos con propied\u00e1<\/p>\n<p>dende l\u2019estra\u00f1amientu.<\/p>\n<p><strong>\u00a0<\/strong><\/p>\n<p style=\"text-align: center\"><strong><em>ARAGON\u00c9S <\/em><\/strong>(Traducci\u00f3n de Dabi Lahiguera)<\/p>\n<p style=\"text-align: center\">CEDULA D&#8217;HABITABILIDAT<\/p>\n<p>&nbsp;<\/p>\n<p>Las palabras acazan la boira como lo garo\u00e9<\/p>\n<p>y la convierten en pluya.<\/p>\n<p>Vivimos, pues, en as palabras,<\/p>\n<p>bardo ixuto en a rodilada.<\/p>\n<p>Bellas veces tami\u00e9n las habitamos.<\/p>\n<p>&nbsp;<\/p>\n<p>Asinas, una palabra cubillar ye, <em>mientres<\/em>.<\/p>\n<p>Ella en ye prou, istmo u cauz,<\/p>\n<p>pa contener la suya existencia,<\/p>\n<p>pa insuflar-le u no pas l&#8217;aliento.<\/p>\n<p><em>Mientres<\/em> ye marcar como posible<\/p>\n<p>cuanto d\u2019amor s\u2019aguarda,<\/p>\n<p>cuanto de libre se\u2019n ye.<\/p>\n<p>&nbsp;<\/p>\n<p>Atro tanto ocurre con <em>durant<\/em>,<\/p>\n<p>ixa fracci\u00f3n minima de presencia,<\/p>\n<p>a unidat indivisible de memoria an que trobar-se,<\/p>\n<p>no enantes ni dimpuesas,<\/p>\n<p>lo traqueteyo cutio en ixe lapso.<\/p>\n<p>&nbsp;<\/p>\n<p>Pareixe claro que nom\u00e1s charramos con propiedat<\/p>\n<p>dende o estranyamiento.<\/p>\n<p>&nbsp;<\/p>\n<p><img decoding=\"async\" class=\"alignnone size-medium wp-image-344 aligncenter\" src=\"https:\/\/eldiariodelaeducacion.com\/aprendizaje-a-lo-largo-de-la-vida\/wp-content\/uploads\/sites\/76\/2023\/09\/20230702_121228-300x300.jpg\" alt=\"\" width=\"300\" height=\"300\" srcset=\"https:\/\/eldiariodelaeducacion.com\/aprendizaje-a-lo-largo-de-la-vida\/wp-content\/uploads\/sites\/22\/2023\/09\/20230702_121228-300x300.jpg 300w, https:\/\/eldiariodelaeducacion.com\/aprendizaje-a-lo-largo-de-la-vida\/wp-content\/uploads\/sites\/22\/2023\/09\/20230702_121228-1024x1024.jpg 1024w, https:\/\/eldiariodelaeducacion.com\/aprendizaje-a-lo-largo-de-la-vida\/wp-content\/uploads\/sites\/22\/2023\/09\/20230702_121228-150x150.jpg 150w, https:\/\/eldiariodelaeducacion.com\/aprendizaje-a-lo-largo-de-la-vida\/wp-content\/uploads\/sites\/22\/2023\/09\/20230702_121228-768x768.jpg 768w, https:\/\/eldiariodelaeducacion.com\/aprendizaje-a-lo-largo-de-la-vida\/wp-content\/uploads\/sites\/22\/2023\/09\/20230702_121228-1536x1536.jpg 1536w, https:\/\/eldiariodelaeducacion.com\/aprendizaje-a-lo-largo-de-la-vida\/wp-content\/uploads\/sites\/22\/2023\/09\/20230702_121228-2048x2048.jpg 2048w, https:\/\/eldiariodelaeducacion.com\/aprendizaje-a-lo-largo-de-la-vida\/wp-content\/uploads\/sites\/22\/2023\/09\/20230702_121228-450x450.jpg 450w, https:\/\/eldiariodelaeducacion.com\/aprendizaje-a-lo-largo-de-la-vida\/wp-content\/uploads\/sites\/22\/2023\/09\/20230702_121228-1200x1200.jpg 1200w\" sizes=\"(max-width: 300px) 100vw, 300px\" \/><\/p>\n","protected":false},"excerpt":{"rendered":"<p>Parafraseando a Miguel de Cervantes podr\u00edamos decir que \u00abel que habla muchas lenguas y anda mucho, ve mucho m\u00e1s all\u00e1 y sabe mucho\u00bb. A nadie se le escapa que el dominio de diferentes lenguas nos aporta m\u00faltiples beneficios (personales, sociales o laborales). Y sin embargo, perduran en nuestra sociedad infinidad de estereotipos y prejuicios, positivos<\/p>\n","protected":false},"author":231,"featured_media":360,"comment_status":"open","ping_status":"open","sticky":false,"template":"","format":"standard","meta":{"footnotes":""},"categories":[17],"tags":[],"tipo":[25],"class_list":{"0":"post-341","1":"post","2":"type-post","3":"status-publish","4":"format-standard","5":"has-post-thumbnail","7":"category-aprendizaje-a-lo-largo-de-la-vida","8":"tipo-actualidad"},"yoast_head":"<!-- This site is optimized with the Yoast SEO plugin v27.5 - https:\/\/yoast.com\/product\/yoast-seo-wordpress\/ -->\n<title>Las lenguas que nos habitan: D\u00eda Europeo de las Lenguas 2023 - Aprendizaje a lo largo de la vida<\/title>\n<meta name=\"robots\" content=\"index, follow, max-snippet:-1, max-image-preview:large, max-video-preview:-1\" \/>\n<link rel=\"canonical\" href=\"https:\/\/eldiariodelaeducacion.com\/aprendizaje-a-lo-largo-de-la-vida\/2023\/09\/26\/las-lenguas-que-nos-habitan-dia-europeo-de-las-lenguas-2023\/\" \/>\n<meta property=\"og:locale\" content=\"es_ES\" \/>\n<meta property=\"og:type\" content=\"article\" \/>\n<meta property=\"og:title\" content=\"Las lenguas que nos habitan: D\u00eda Europeo de las Lenguas 2023 - Aprendizaje a lo largo de la vida\" \/>\n<meta property=\"og:description\" content=\"Parafraseando a Miguel de Cervantes podr\u00edamos decir que \u00abel que habla muchas lenguas y anda mucho, ve mucho m\u00e1s all\u00e1 y sabe mucho\u00bb. A nadie se le escapa que el dominio de diferentes lenguas nos aporta m\u00faltiples beneficios (personales, sociales o laborales). Y sin embargo, perduran en nuestra sociedad infinidad de estereotipos y prejuicios, positivos\" \/>\n<meta property=\"og:url\" content=\"https:\/\/eldiariodelaeducacion.com\/aprendizaje-a-lo-largo-de-la-vida\/2023\/09\/26\/las-lenguas-que-nos-habitan-dia-europeo-de-las-lenguas-2023\/\" \/>\n<meta property=\"og:site_name\" content=\"Aprendizaje a lo largo de la vida\" \/>\n<meta property=\"article:published_time\" content=\"2023-09-26T11:30:15+00:00\" \/>\n<meta property=\"article:modified_time\" content=\"2024-08-21T15:07:14+00:00\" \/>\n<meta property=\"og:image\" content=\"https:\/\/eldiariodelaeducacion.com\/aprendizaje-a-lo-largo-de-la-vida\/wp-content\/uploads\/sites\/22\/2023\/09\/dia-europeo-de-las-lenguas.jpg\" \/>\n\t<meta property=\"og:image:width\" content=\"2470\" \/>\n\t<meta property=\"og:image:height\" content=\"1539\" \/>\n\t<meta property=\"og:image:type\" content=\"image\/jpeg\" \/>\n<meta name=\"author\" content=\"Maximiliano Alca\u00f1iz\" \/>\n<meta name=\"twitter:card\" content=\"summary_large_image\" \/>\n<meta name=\"twitter:label1\" content=\"Escrito por\" \/>\n\t<meta name=\"twitter:data1\" content=\"Maximiliano Alca\u00f1iz\" \/>\n\t<meta name=\"twitter:label2\" content=\"Tiempo de lectura\" \/>\n\t<meta name=\"twitter:data2\" content=\"8 minutos\" \/>\n<script type=\"application\/ld+json\" class=\"yoast-schema-graph\">{\"@context\":\"https:\\\/\\\/schema.org\",\"@graph\":[{\"@type\":\"Article\",\"@id\":\"https:\\\/\\\/eldiariodelaeducacion.com\\\/aprendizaje-a-lo-largo-de-la-vida\\\/2023\\\/09\\\/26\\\/las-lenguas-que-nos-habitan-dia-europeo-de-las-lenguas-2023\\\/#article\",\"isPartOf\":{\"@id\":\"https:\\\/\\\/eldiariodelaeducacion.com\\\/aprendizaje-a-lo-largo-de-la-vida\\\/2023\\\/09\\\/26\\\/las-lenguas-que-nos-habitan-dia-europeo-de-las-lenguas-2023\\\/\"},\"author\":{\"name\":\"Maximiliano Alca\u00f1iz\",\"@id\":\"https:\\\/\\\/eldiariodelaeducacion.com\\\/aprendizaje-a-lo-largo-de-la-vida\\\/#\\\/schema\\\/person\\\/bc3a004243cfe78f6073563907b5d1f6\"},\"headline\":\"Las lenguas que nos habitan: D\u00eda Europeo de las Lenguas 2023\",\"datePublished\":\"2023-09-26T11:30:15+00:00\",\"dateModified\":\"2024-08-21T15:07:14+00:00\",\"mainEntityOfPage\":{\"@id\":\"https:\\\/\\\/eldiariodelaeducacion.com\\\/aprendizaje-a-lo-largo-de-la-vida\\\/2023\\\/09\\\/26\\\/las-lenguas-que-nos-habitan-dia-europeo-de-las-lenguas-2023\\\/\"},\"wordCount\":1611,\"commentCount\":0,\"image\":{\"@id\":\"https:\\\/\\\/eldiariodelaeducacion.com\\\/aprendizaje-a-lo-largo-de-la-vida\\\/2023\\\/09\\\/26\\\/las-lenguas-que-nos-habitan-dia-europeo-de-las-lenguas-2023\\\/#primaryimage\"},\"thumbnailUrl\":\"https:\\\/\\\/eldiariodelaeducacion.com\\\/aprendizaje-a-lo-largo-de-la-vida\\\/wp-content\\\/uploads\\\/sites\\\/22\\\/2023\\\/09\\\/dia-europeo-de-las-lenguas.jpg\",\"articleSection\":[\"Aprendizaje a lo largo de la vida\"],\"inLanguage\":\"es\",\"potentialAction\":[{\"@type\":\"CommentAction\",\"name\":\"Comment\",\"target\":[\"https:\\\/\\\/eldiariodelaeducacion.com\\\/aprendizaje-a-lo-largo-de-la-vida\\\/2023\\\/09\\\/26\\\/las-lenguas-que-nos-habitan-dia-europeo-de-las-lenguas-2023\\\/#respond\"]}]},{\"@type\":\"WebPage\",\"@id\":\"https:\\\/\\\/eldiariodelaeducacion.com\\\/aprendizaje-a-lo-largo-de-la-vida\\\/2023\\\/09\\\/26\\\/las-lenguas-que-nos-habitan-dia-europeo-de-las-lenguas-2023\\\/\",\"url\":\"https:\\\/\\\/eldiariodelaeducacion.com\\\/aprendizaje-a-lo-largo-de-la-vida\\\/2023\\\/09\\\/26\\\/las-lenguas-que-nos-habitan-dia-europeo-de-las-lenguas-2023\\\/\",\"name\":\"Las lenguas que nos habitan: D\u00eda Europeo de las Lenguas 2023 - Aprendizaje a lo largo de la vida\",\"isPartOf\":{\"@id\":\"https:\\\/\\\/eldiariodelaeducacion.com\\\/aprendizaje-a-lo-largo-de-la-vida\\\/#website\"},\"primaryImageOfPage\":{\"@id\":\"https:\\\/\\\/eldiariodelaeducacion.com\\\/aprendizaje-a-lo-largo-de-la-vida\\\/2023\\\/09\\\/26\\\/las-lenguas-que-nos-habitan-dia-europeo-de-las-lenguas-2023\\\/#primaryimage\"},\"image\":{\"@id\":\"https:\\\/\\\/eldiariodelaeducacion.com\\\/aprendizaje-a-lo-largo-de-la-vida\\\/2023\\\/09\\\/26\\\/las-lenguas-que-nos-habitan-dia-europeo-de-las-lenguas-2023\\\/#primaryimage\"},\"thumbnailUrl\":\"https:\\\/\\\/eldiariodelaeducacion.com\\\/aprendizaje-a-lo-largo-de-la-vida\\\/wp-content\\\/uploads\\\/sites\\\/22\\\/2023\\\/09\\\/dia-europeo-de-las-lenguas.jpg\",\"datePublished\":\"2023-09-26T11:30:15+00:00\",\"dateModified\":\"2024-08-21T15:07:14+00:00\",\"author\":{\"@id\":\"https:\\\/\\\/eldiariodelaeducacion.com\\\/aprendizaje-a-lo-largo-de-la-vida\\\/#\\\/schema\\\/person\\\/bc3a004243cfe78f6073563907b5d1f6\"},\"breadcrumb\":{\"@id\":\"https:\\\/\\\/eldiariodelaeducacion.com\\\/aprendizaje-a-lo-largo-de-la-vida\\\/2023\\\/09\\\/26\\\/las-lenguas-que-nos-habitan-dia-europeo-de-las-lenguas-2023\\\/#breadcrumb\"},\"inLanguage\":\"es\",\"potentialAction\":[{\"@type\":\"ReadAction\",\"target\":[\"https:\\\/\\\/eldiariodelaeducacion.com\\\/aprendizaje-a-lo-largo-de-la-vida\\\/2023\\\/09\\\/26\\\/las-lenguas-que-nos-habitan-dia-europeo-de-las-lenguas-2023\\\/\"]}]},{\"@type\":\"ImageObject\",\"inLanguage\":\"es\",\"@id\":\"https:\\\/\\\/eldiariodelaeducacion.com\\\/aprendizaje-a-lo-largo-de-la-vida\\\/2023\\\/09\\\/26\\\/las-lenguas-que-nos-habitan-dia-europeo-de-las-lenguas-2023\\\/#primaryimage\",\"url\":\"https:\\\/\\\/eldiariodelaeducacion.com\\\/aprendizaje-a-lo-largo-de-la-vida\\\/wp-content\\\/uploads\\\/sites\\\/22\\\/2023\\\/09\\\/dia-europeo-de-las-lenguas.jpg\",\"contentUrl\":\"https:\\\/\\\/eldiariodelaeducacion.com\\\/aprendizaje-a-lo-largo-de-la-vida\\\/wp-content\\\/uploads\\\/sites\\\/22\\\/2023\\\/09\\\/dia-europeo-de-las-lenguas.jpg\",\"width\":2470,\"height\":1539},{\"@type\":\"BreadcrumbList\",\"@id\":\"https:\\\/\\\/eldiariodelaeducacion.com\\\/aprendizaje-a-lo-largo-de-la-vida\\\/2023\\\/09\\\/26\\\/las-lenguas-que-nos-habitan-dia-europeo-de-las-lenguas-2023\\\/#breadcrumb\",\"itemListElement\":[{\"@type\":\"ListItem\",\"position\":1,\"name\":\"Portada\",\"item\":\"https:\\\/\\\/eldiariodelaeducacion.com\\\/aprendizaje-a-lo-largo-de-la-vida\\\/\"},{\"@type\":\"ListItem\",\"position\":2,\"name\":\"Las lenguas que nos habitan: D\u00eda Europeo de las Lenguas 2023\"}]},{\"@type\":\"WebSite\",\"@id\":\"https:\\\/\\\/eldiariodelaeducacion.com\\\/aprendizaje-a-lo-largo-de-la-vida\\\/#website\",\"url\":\"https:\\\/\\\/eldiariodelaeducacion.com\\\/aprendizaje-a-lo-largo-de-la-vida\\\/\",\"name\":\"Aprendizaje a lo largo de la vida\",\"description\":\"Un blog de El Diario de la Educaci\u00f3n\",\"potentialAction\":[{\"@type\":\"SearchAction\",\"target\":{\"@type\":\"EntryPoint\",\"urlTemplate\":\"https:\\\/\\\/eldiariodelaeducacion.com\\\/aprendizaje-a-lo-largo-de-la-vida\\\/?s={search_term_string}\"},\"query-input\":{\"@type\":\"PropertyValueSpecification\",\"valueRequired\":true,\"valueName\":\"search_term_string\"}}],\"inLanguage\":\"es\"},{\"@type\":\"Person\",\"@id\":\"https:\\\/\\\/eldiariodelaeducacion.com\\\/aprendizaje-a-lo-largo-de-la-vida\\\/#\\\/schema\\\/person\\\/bc3a004243cfe78f6073563907b5d1f6\",\"name\":\"Maximiliano Alca\u00f1iz\",\"image\":{\"@type\":\"ImageObject\",\"inLanguage\":\"es\",\"@id\":\"https:\\\/\\\/secure.gravatar.com\\\/avatar\\\/016cd1f9c868db2cf2cc4140a9ce34ca73f5e9f82e358e18058e2411772f2cf5?s=96&d=mm&r=g\",\"url\":\"https:\\\/\\\/secure.gravatar.com\\\/avatar\\\/016cd1f9c868db2cf2cc4140a9ce34ca73f5e9f82e358e18058e2411772f2cf5?s=96&d=mm&r=g\",\"contentUrl\":\"https:\\\/\\\/secure.gravatar.com\\\/avatar\\\/016cd1f9c868db2cf2cc4140a9ce34ca73f5e9f82e358e18058e2411772f2cf5?s=96&d=mm&r=g\",\"caption\":\"Maximiliano Alca\u00f1iz\"},\"url\":\"https:\\\/\\\/eldiariodelaeducacion.com\\\/aprendizaje-a-lo-largo-de-la-vida\\\/author\\\/maxialgar\\\/\"}]}<\/script>\n<!-- \/ Yoast SEO plugin. -->","yoast_head_json":{"title":"Las lenguas que nos habitan: D\u00eda Europeo de las Lenguas 2023 - Aprendizaje a lo largo de la vida","robots":{"index":"index","follow":"follow","max-snippet":"max-snippet:-1","max-image-preview":"max-image-preview:large","max-video-preview":"max-video-preview:-1"},"canonical":"https:\/\/eldiariodelaeducacion.com\/aprendizaje-a-lo-largo-de-la-vida\/2023\/09\/26\/las-lenguas-que-nos-habitan-dia-europeo-de-las-lenguas-2023\/","og_locale":"es_ES","og_type":"article","og_title":"Las lenguas que nos habitan: D\u00eda Europeo de las Lenguas 2023 - Aprendizaje a lo largo de la vida","og_description":"Parafraseando a Miguel de Cervantes podr\u00edamos decir que \u00abel que habla muchas lenguas y anda mucho, ve mucho m\u00e1s all\u00e1 y sabe mucho\u00bb. A nadie se le escapa que el dominio de diferentes lenguas nos aporta m\u00faltiples beneficios (personales, sociales o laborales). Y sin embargo, perduran en nuestra sociedad infinidad de estereotipos y prejuicios, positivos","og_url":"https:\/\/eldiariodelaeducacion.com\/aprendizaje-a-lo-largo-de-la-vida\/2023\/09\/26\/las-lenguas-que-nos-habitan-dia-europeo-de-las-lenguas-2023\/","og_site_name":"Aprendizaje a lo largo de la vida","article_published_time":"2023-09-26T11:30:15+00:00","article_modified_time":"2024-08-21T15:07:14+00:00","og_image":[{"width":2470,"height":1539,"url":"https:\/\/eldiariodelaeducacion.com\/aprendizaje-a-lo-largo-de-la-vida\/wp-content\/uploads\/sites\/22\/2023\/09\/dia-europeo-de-las-lenguas.jpg","type":"image\/jpeg"}],"author":"Maximiliano Alca\u00f1iz","twitter_card":"summary_large_image","twitter_misc":{"Escrito por":"Maximiliano Alca\u00f1iz","Tiempo de lectura":"8 minutos"},"schema":{"@context":"https:\/\/schema.org","@graph":[{"@type":"Article","@id":"https:\/\/eldiariodelaeducacion.com\/aprendizaje-a-lo-largo-de-la-vida\/2023\/09\/26\/las-lenguas-que-nos-habitan-dia-europeo-de-las-lenguas-2023\/#article","isPartOf":{"@id":"https:\/\/eldiariodelaeducacion.com\/aprendizaje-a-lo-largo-de-la-vida\/2023\/09\/26\/las-lenguas-que-nos-habitan-dia-europeo-de-las-lenguas-2023\/"},"author":{"name":"Maximiliano Alca\u00f1iz","@id":"https:\/\/eldiariodelaeducacion.com\/aprendizaje-a-lo-largo-de-la-vida\/#\/schema\/person\/bc3a004243cfe78f6073563907b5d1f6"},"headline":"Las lenguas que nos habitan: D\u00eda Europeo de las Lenguas 2023","datePublished":"2023-09-26T11:30:15+00:00","dateModified":"2024-08-21T15:07:14+00:00","mainEntityOfPage":{"@id":"https:\/\/eldiariodelaeducacion.com\/aprendizaje-a-lo-largo-de-la-vida\/2023\/09\/26\/las-lenguas-que-nos-habitan-dia-europeo-de-las-lenguas-2023\/"},"wordCount":1611,"commentCount":0,"image":{"@id":"https:\/\/eldiariodelaeducacion.com\/aprendizaje-a-lo-largo-de-la-vida\/2023\/09\/26\/las-lenguas-que-nos-habitan-dia-europeo-de-las-lenguas-2023\/#primaryimage"},"thumbnailUrl":"https:\/\/eldiariodelaeducacion.com\/aprendizaje-a-lo-largo-de-la-vida\/wp-content\/uploads\/sites\/22\/2023\/09\/dia-europeo-de-las-lenguas.jpg","articleSection":["Aprendizaje a lo largo de la vida"],"inLanguage":"es","potentialAction":[{"@type":"CommentAction","name":"Comment","target":["https:\/\/eldiariodelaeducacion.com\/aprendizaje-a-lo-largo-de-la-vida\/2023\/09\/26\/las-lenguas-que-nos-habitan-dia-europeo-de-las-lenguas-2023\/#respond"]}]},{"@type":"WebPage","@id":"https:\/\/eldiariodelaeducacion.com\/aprendizaje-a-lo-largo-de-la-vida\/2023\/09\/26\/las-lenguas-que-nos-habitan-dia-europeo-de-las-lenguas-2023\/","url":"https:\/\/eldiariodelaeducacion.com\/aprendizaje-a-lo-largo-de-la-vida\/2023\/09\/26\/las-lenguas-que-nos-habitan-dia-europeo-de-las-lenguas-2023\/","name":"Las lenguas que nos habitan: D\u00eda Europeo de las Lenguas 2023 - Aprendizaje a lo largo de la vida","isPartOf":{"@id":"https:\/\/eldiariodelaeducacion.com\/aprendizaje-a-lo-largo-de-la-vida\/#website"},"primaryImageOfPage":{"@id":"https:\/\/eldiariodelaeducacion.com\/aprendizaje-a-lo-largo-de-la-vida\/2023\/09\/26\/las-lenguas-que-nos-habitan-dia-europeo-de-las-lenguas-2023\/#primaryimage"},"image":{"@id":"https:\/\/eldiariodelaeducacion.com\/aprendizaje-a-lo-largo-de-la-vida\/2023\/09\/26\/las-lenguas-que-nos-habitan-dia-europeo-de-las-lenguas-2023\/#primaryimage"},"thumbnailUrl":"https:\/\/eldiariodelaeducacion.com\/aprendizaje-a-lo-largo-de-la-vida\/wp-content\/uploads\/sites\/22\/2023\/09\/dia-europeo-de-las-lenguas.jpg","datePublished":"2023-09-26T11:30:15+00:00","dateModified":"2024-08-21T15:07:14+00:00","author":{"@id":"https:\/\/eldiariodelaeducacion.com\/aprendizaje-a-lo-largo-de-la-vida\/#\/schema\/person\/bc3a004243cfe78f6073563907b5d1f6"},"breadcrumb":{"@id":"https:\/\/eldiariodelaeducacion.com\/aprendizaje-a-lo-largo-de-la-vida\/2023\/09\/26\/las-lenguas-que-nos-habitan-dia-europeo-de-las-lenguas-2023\/#breadcrumb"},"inLanguage":"es","potentialAction":[{"@type":"ReadAction","target":["https:\/\/eldiariodelaeducacion.com\/aprendizaje-a-lo-largo-de-la-vida\/2023\/09\/26\/las-lenguas-que-nos-habitan-dia-europeo-de-las-lenguas-2023\/"]}]},{"@type":"ImageObject","inLanguage":"es","@id":"https:\/\/eldiariodelaeducacion.com\/aprendizaje-a-lo-largo-de-la-vida\/2023\/09\/26\/las-lenguas-que-nos-habitan-dia-europeo-de-las-lenguas-2023\/#primaryimage","url":"https:\/\/eldiariodelaeducacion.com\/aprendizaje-a-lo-largo-de-la-vida\/wp-content\/uploads\/sites\/22\/2023\/09\/dia-europeo-de-las-lenguas.jpg","contentUrl":"https:\/\/eldiariodelaeducacion.com\/aprendizaje-a-lo-largo-de-la-vida\/wp-content\/uploads\/sites\/22\/2023\/09\/dia-europeo-de-las-lenguas.jpg","width":2470,"height":1539},{"@type":"BreadcrumbList","@id":"https:\/\/eldiariodelaeducacion.com\/aprendizaje-a-lo-largo-de-la-vida\/2023\/09\/26\/las-lenguas-que-nos-habitan-dia-europeo-de-las-lenguas-2023\/#breadcrumb","itemListElement":[{"@type":"ListItem","position":1,"name":"Portada","item":"https:\/\/eldiariodelaeducacion.com\/aprendizaje-a-lo-largo-de-la-vida\/"},{"@type":"ListItem","position":2,"name":"Las lenguas que nos habitan: D\u00eda Europeo de las Lenguas 2023"}]},{"@type":"WebSite","@id":"https:\/\/eldiariodelaeducacion.com\/aprendizaje-a-lo-largo-de-la-vida\/#website","url":"https:\/\/eldiariodelaeducacion.com\/aprendizaje-a-lo-largo-de-la-vida\/","name":"Aprendizaje a lo largo de la vida","description":"Un blog de El Diario de la Educaci\u00f3n","potentialAction":[{"@type":"SearchAction","target":{"@type":"EntryPoint","urlTemplate":"https:\/\/eldiariodelaeducacion.com\/aprendizaje-a-lo-largo-de-la-vida\/?s={search_term_string}"},"query-input":{"@type":"PropertyValueSpecification","valueRequired":true,"valueName":"search_term_string"}}],"inLanguage":"es"},{"@type":"Person","@id":"https:\/\/eldiariodelaeducacion.com\/aprendizaje-a-lo-largo-de-la-vida\/#\/schema\/person\/bc3a004243cfe78f6073563907b5d1f6","name":"Maximiliano Alca\u00f1iz","image":{"@type":"ImageObject","inLanguage":"es","@id":"https:\/\/secure.gravatar.com\/avatar\/016cd1f9c868db2cf2cc4140a9ce34ca73f5e9f82e358e18058e2411772f2cf5?s=96&d=mm&r=g","url":"https:\/\/secure.gravatar.com\/avatar\/016cd1f9c868db2cf2cc4140a9ce34ca73f5e9f82e358e18058e2411772f2cf5?s=96&d=mm&r=g","contentUrl":"https:\/\/secure.gravatar.com\/avatar\/016cd1f9c868db2cf2cc4140a9ce34ca73f5e9f82e358e18058e2411772f2cf5?s=96&d=mm&r=g","caption":"Maximiliano Alca\u00f1iz"},"url":"https:\/\/eldiariodelaeducacion.com\/aprendizaje-a-lo-largo-de-la-vida\/author\/maxialgar\/"}]}},"_links":{"self":[{"href":"https:\/\/eldiariodelaeducacion.com\/aprendizaje-a-lo-largo-de-la-vida\/wp-json\/wp\/v2\/posts\/341","targetHints":{"allow":["GET"]}}],"collection":[{"href":"https:\/\/eldiariodelaeducacion.com\/aprendizaje-a-lo-largo-de-la-vida\/wp-json\/wp\/v2\/posts"}],"about":[{"href":"https:\/\/eldiariodelaeducacion.com\/aprendizaje-a-lo-largo-de-la-vida\/wp-json\/wp\/v2\/types\/post"}],"author":[{"embeddable":true,"href":"https:\/\/eldiariodelaeducacion.com\/aprendizaje-a-lo-largo-de-la-vida\/wp-json\/wp\/v2\/users\/231"}],"replies":[{"embeddable":true,"href":"https:\/\/eldiariodelaeducacion.com\/aprendizaje-a-lo-largo-de-la-vida\/wp-json\/wp\/v2\/comments?post=341"}],"version-history":[{"count":1,"href":"https:\/\/eldiariodelaeducacion.com\/aprendizaje-a-lo-largo-de-la-vida\/wp-json\/wp\/v2\/posts\/341\/revisions"}],"predecessor-version":[{"id":588,"href":"https:\/\/eldiariodelaeducacion.com\/aprendizaje-a-lo-largo-de-la-vida\/wp-json\/wp\/v2\/posts\/341\/revisions\/588"}],"wp:featuredmedia":[{"embeddable":true,"href":"https:\/\/eldiariodelaeducacion.com\/aprendizaje-a-lo-largo-de-la-vida\/wp-json\/wp\/v2\/media\/360"}],"wp:attachment":[{"href":"https:\/\/eldiariodelaeducacion.com\/aprendizaje-a-lo-largo-de-la-vida\/wp-json\/wp\/v2\/media?parent=341"}],"wp:term":[{"taxonomy":"category","embeddable":true,"href":"https:\/\/eldiariodelaeducacion.com\/aprendizaje-a-lo-largo-de-la-vida\/wp-json\/wp\/v2\/categories?post=341"},{"taxonomy":"post_tag","embeddable":true,"href":"https:\/\/eldiariodelaeducacion.com\/aprendizaje-a-lo-largo-de-la-vida\/wp-json\/wp\/v2\/tags?post=341"},{"taxonomy":"tipo","embeddable":true,"href":"https:\/\/eldiariodelaeducacion.com\/aprendizaje-a-lo-largo-de-la-vida\/wp-json\/wp\/v2\/tipo?post=341"}],"curies":[{"name":"wp","href":"https:\/\/api.w.org\/{rel}","templated":true}]}}