{"id":563,"date":"2022-11-14T06:00:43","date_gmt":"2022-11-14T06:00:43","guid":{"rendered":"https:\/\/eldiariodelaeducacion.com\/aprendizaje-a-lo-largo-de-la-vida\/?p=187"},"modified":"2024-08-21T17:07:12","modified_gmt":"2024-08-21T15:07:12","slug":"reivindicando-la-labor-de-los-centros-comarcales-de-educacion-de-personas-adultas","status":"publish","type":"post","link":"https:\/\/eldiariodelaeducacion.com\/aprendizaje-a-lo-largo-de-la-vida\/2022\/11\/14\/reivindicando-la-labor-de-los-centros-comarcales-de-educacion-de-personas-adultas\/","title":{"rendered":"Reivindicando la labor de los centros comarcales de Educaci\u00f3n de Personas Adultas"},"content":{"rendered":"<p>En esta situaci\u00f3n, los CEPA (CFA, CPEPA, CEA o CEPER, seg\u00fan las siglas con los que se conocen estos centros en cada comunidad) se convierten en referentes y dinamizadores de toda una comarca. Un lugar de aprendizaje y de encuentro; de socializaci\u00f3n y de vivencias; de segundas, terceras y, en definitiva, de nuevas oportunidades.<\/p>\n<p>Para entender la importancia de estos centros comarcales y su contexto no es necesario irse al interior de las provincias m\u00e1s despobladas, ya que cerca de las grandes ciudades tambi\u00e9n nos encontramos esta realidad.<\/p>\n<p>Desempolvando el editorial que escrib\u00ed para la revista <em>El Zarzo<\/em> del CEPA Sierra Norte hace algo m\u00e1s de tres a\u00f1os, se puede entender mejor el rol de los centros comarcales en la propia Comunidad de Madrid:<\/p>\n<p style=\"padding-left: 40px\"><em>\u201c<\/em>Madrid, la capital de Espa\u00f1a, esa gran urbe que junto con su periferia re\u00fane una poblaci\u00f3n de m\u00e1s de 6 millones de habitantes. Metro, cercan\u00edas, trenes de alta velocidad o un aeropuerto la comunican en pocas horas con el resto de Espa\u00f1a o Europa. Teatros, cines y museos la nutren de cultura diaria. Grandes supermercados y centros comerciales facilitan la adquisici\u00f3n de alimentos y enseres de forma r\u00e1pida y dentro de un marco de competencia econ\u00f3mica. S\u00ed, la Comunidad de Madrid, la que hist\u00f3ricamente ha acogido a extreme\u00f1os, castellanos y manchegos, andaluces y vascos, catalanes y gallegos. La regi\u00f3n donde todo es posible, tanto que en la propia Madrid encontramos una Cuenca o una Soria, pero no solo la de sus habitantes que tuvieron que emigrar a la capital a buscar un mejor futuro. Hablamos de la Cuenca o la Soria de vastos terrenos y pocos recursos, sin comunicaciones decentes, sin hospitales o universidades. Hablamos de la Espa\u00f1a vaciada, de la sierra pobre o, por concretar, de la Sierra Norte de Madrid y su periferia. Municipios de menos de 5.000 habitantes, colegios rurales agrupados, farmacias de guardia en municipios situados a kil\u00f3metros o autobuses que tardan m\u00e1s de una hora en llegar a Madrid. Ausencia de centros comerciales o grandes cines y teatros. En definitiva, la Espa\u00f1a vaciada. Pero tambi\u00e9n la Espa\u00f1a que se reinventa d\u00eda a d\u00eda gracias al trabajo diario de ayuntamientos,\u00a0 \u00a0instituciones\u00a0\u00a0 y\u00a0\u00a0 vecinos\u00a0\u00a0 de\u00a0\u00a0 la\u00a0\u00a0 comarca.\u00a0\u00a0 Pueblos\u00a0\u00a0 que,\u00a0\u00a0 dentro\u00a0\u00a0 de\u00a0\u00a0 sus limitaciones\u00a0\u00a0 econ\u00f3micas,\u00a0\u00a0 intentan\u00a0\u00a0 ofertar\u00a0\u00a0 actividades\u00a0\u00a0 infantiles\u00a0\u00a0 y\u00a0\u00a0 juveniles\u00a0\u00a0 todas\u00a0\u00a0 las semanas. Teatros, proyecciones de cine, bebetecas o cuentacuentos en sus bibliotecas o centros culturales. Y dentro de esta Espa\u00f1a es donde encontramos el trabajo de los centros de educaci\u00f3n para personas adultas que, como este, atienden a la poblaci\u00f3n de catorce municipios, aunque solo tengan profesores para impartir docencia en ocho de ellos. Centros de aprendizaje a lo largo de la vida que dinamizan la comarca a la vez que sus habitantes mejoran su formaci\u00f3n acad\u00e9mica. Centros necesarios e imprescindibles, no solo porque la educaci\u00f3n p\u00fablica sea un derecho fundamental de todo ciudadano, sin importar la edad, sino porque su labor es mucho m\u00e1s amplia tanto dentro como fuera del aula. A tan solo 55 kil\u00f3metros de Madrid, tan cerca pero tan lejos<em>\u201d.<\/em><\/p>\n<p>Un peque\u00f1o homenaje a la escuela rural lo podemos encontrar en el nuevo libro de Maestra de Pueblo titulado <em>La escuela vaciada<\/em> en el que se muestra c\u00f3mo la supervivencia de los centros rurales es cada vez m\u00e1s dif\u00edcil por la falta de natalidad y, en definitiva, de poblaci\u00f3n, y donde los centros se reinventan a trav\u00e9s de la participaci\u00f3n en diversos proyectos. Y as\u00ed es como los CEPA se involucran en proyectos de innovaci\u00f3n, proyectos de internacionalizaci\u00f3n como Erasmus+ u otros m\u00e1s locales que dinamizan la participaci\u00f3n de la poblaci\u00f3n adulta en estos santuarios del aprendizaje.<\/p>\n<p>Sin ir m\u00e1s lejos, hace unos meses, 15 alumnos del CEPA Sierra Norte disfrutaron de una movilidad de corta duraci\u00f3n a Estonia dentro del programa Erasmus+. El lema de estos programas es \u201cEnriqueciendo vidas, abriendo mentes\u201d y no se queda corto. La oportunidad para que alumnos adultos puedan conocer otras realidades y que esa experiencia influya positivamente es ya de por s\u00ed todo un \u00e9xito. Un par de casos concretos son los de un alumno que ten\u00eda reticencias a participar en el proyecto porque nunca hab\u00eda salido de su entorno cercano y en cambio ahora quiere obtener el bachillerato para poder estudiar en la universidad fuera de Espa\u00f1a. Otros han descubierto que los idiomas son lo suyo y ahora quieren ser traductores. Son algunos ejemplos de las oportunidades que posibilitan estos centros a su alumnado, transformando y mejorando sus expectativas de vida.<\/p>\n<p>Otro ejemplo que habr\u00eda que destacar lo encontramos en la denominada Espa\u00f1a vaciada. Concretamente en el CEPA Do\u00f1a Jimena de San Esteban de Gormaz y el Burgo de Osma (Soria). Se trata de otro centro comarcal que se embarca en proyectos de distinta \u00edndole, como el proyecto \u00abRights\u00bb, en el que unas marionetas elaboradas por el alumnado han sido el eje de un proyecto para trabajar los derechos fundamentales a trav\u00e9s de t\u00e9cnicas de narraci\u00f3n, pero uniendo al alumnado de distintos municipios.<\/p>\n<p>En la comarca de Teruel y Sierra de Albarrac\u00edn encontramos el Cpepa Cella, centro que con nueve profesores atiende a la poblaci\u00f3n de diecis\u00e9is municipios pero que no duda en embarcarse en distintos proyectos, como el EquALL(ING), desarrollado de la mano del Centro de Profesorado \u00c1ngel Sanz Briz de Teruel junto a cinco socios europeos (desde Burdeos y Altamura hasta Viena, Celje y Bratislava). Una asociaci\u00f3n estrat\u00e9gica de intercambio de buenas pr\u00e1cticas (KA204) cuyo objetivo es promover una reflexi\u00f3n compartida sobre la igualdad de g\u00e9nero en EPA desde una perspectiva interseccional.<\/p>\n<p>Pero en este viaje por los centros comarcales no todo es tan bonito. Son muchos los proyectos ilusionantes y es magn\u00edfico el trabajo realizado en ellos, pero a cambio son muchas las horas de trabajo, muchas horas que los docentes quitan a su familia. Y todo ello con un personal docente que no permite llegar a todos los municipios, dejando as\u00ed a parte de la poblaci\u00f3n adulta sin la oportunidad de seguir aprendiendo a lo largo de la vida porque, no olvidemos, que en el mundo rural no hay metro ni pasa un autob\u00fas cada media hora para que puedas ir a clase. Adem\u00e1s, muchos adultos no pueden abandonar sus actividades cotidianas de \u00e1mbito laboral o familiar, y tampoco existen becas para el transporte.<\/p>\n<p>Tambi\u00e9n existen muchas carencias de personal no docente, siendo en muchos casos los propios profesores los que abren y cierran el aula, ponen la calefacci\u00f3n o hacen tareas administrativas, como las matr\u00edculas del alumnado. En los centros comarcales el docente est\u00e1 \u201cpara un roto y para un descos\u00edo\u201d, pero no debemos olvidar que debe tener los mismos derechos y funciones que un docente en un centro urbano, de la misma manera que un vecino de un pueblo de 200 habitantes deber\u00eda tener las mismas oportunidades que otro de una capital de provincia. Es el momento de poner en valor la escuela rural, la comarcal, a su alumnado, a sus equipos directivos y a sus docentes.<\/p>\n","protected":false},"excerpt":{"rendered":"<p>En esta situaci\u00f3n, los CEPA (CFA, CPEPA, CEA o CEPER, seg\u00fan las siglas con los que se conocen estos centros en cada comunidad) se convierten en referentes y dinamizadores de toda una comarca. Un lugar de aprendizaje y de encuentro; de socializaci\u00f3n y de vivencias; de segundas, terceras y, en definitiva, de nuevas oportunidades. Para<\/p>\n","protected":false},"author":237,"featured_media":260,"comment_status":"open","ping_status":"open","sticky":false,"template":"","format":"standard","meta":{"footnotes":""},"categories":[17],"tags":[],"tipo":[26],"class_list":{"0":"post-563","1":"post","2":"type-post","3":"status-publish","4":"format-standard","5":"has-post-thumbnail","7":"category-aprendizaje-a-lo-largo-de-la-vida","8":"tipo-reportaje"},"yoast_head":"<!-- This site is optimized with the Yoast SEO plugin v27.5 - https:\/\/yoast.com\/product\/yoast-seo-wordpress\/ -->\n<title>Reivindicando la labor de los centros comarcales de Educaci\u00f3n de Personas Adultas - Aprendizaje a lo largo de la vida<\/title>\n<meta name=\"robots\" content=\"index, follow, max-snippet:-1, max-image-preview:large, max-video-preview:-1\" \/>\n<link rel=\"canonical\" href=\"https:\/\/eldiariodelaeducacion.com\/aprendizaje-a-lo-largo-de-la-vida\/2022\/11\/14\/reivindicando-la-labor-de-los-centros-comarcales-de-educacion-de-personas-adultas\/\" \/>\n<meta property=\"og:locale\" content=\"es_ES\" \/>\n<meta property=\"og:type\" content=\"article\" \/>\n<meta property=\"og:title\" content=\"Reivindicando la labor de los centros comarcales de Educaci\u00f3n de Personas Adultas - Aprendizaje a lo largo de la vida\" \/>\n<meta property=\"og:description\" content=\"En esta situaci\u00f3n, los CEPA (CFA, CPEPA, CEA o CEPER, seg\u00fan las siglas con los que se conocen estos centros en cada comunidad) se convierten en referentes y dinamizadores de toda una comarca. Un lugar de aprendizaje y de encuentro; de socializaci\u00f3n y de vivencias; de segundas, terceras y, en definitiva, de nuevas oportunidades. Para\" \/>\n<meta property=\"og:url\" content=\"https:\/\/eldiariodelaeducacion.com\/aprendizaje-a-lo-largo-de-la-vida\/2022\/11\/14\/reivindicando-la-labor-de-los-centros-comarcales-de-educacion-de-personas-adultas\/\" \/>\n<meta property=\"og:site_name\" content=\"Aprendizaje a lo largo de la vida\" \/>\n<meta property=\"article:published_time\" content=\"2022-11-14T06:00:43+00:00\" \/>\n<meta property=\"article:modified_time\" content=\"2024-08-21T15:07:12+00:00\" \/>\n<meta property=\"og:image\" content=\"https:\/\/eldiariodelaeducacion.com\/aprendizaje-a-lo-largo-de-la-vida\/wp-content\/uploads\/sites\/22\/2022\/11\/IMG-20221109-WA0015.jpg\" \/>\n\t<meta property=\"og:image:width\" content=\"1600\" \/>\n\t<meta property=\"og:image:height\" content=\"720\" \/>\n\t<meta property=\"og:image:type\" content=\"image\/jpeg\" \/>\n<meta name=\"author\" content=\"Diego Redondo\" \/>\n<meta name=\"twitter:card\" content=\"summary_large_image\" \/>\n<meta name=\"twitter:label1\" content=\"Escrito por\" \/>\n\t<meta name=\"twitter:data1\" content=\"Diego Redondo\" \/>\n\t<meta name=\"twitter:label2\" content=\"Tiempo de lectura\" \/>\n\t<meta name=\"twitter:data2\" content=\"6 minutos\" \/>\n<script type=\"application\/ld+json\" class=\"yoast-schema-graph\">{\"@context\":\"https:\\\/\\\/schema.org\",\"@graph\":[{\"@type\":\"Article\",\"@id\":\"https:\\\/\\\/eldiariodelaeducacion.com\\\/aprendizaje-a-lo-largo-de-la-vida\\\/2022\\\/11\\\/14\\\/reivindicando-la-labor-de-los-centros-comarcales-de-educacion-de-personas-adultas\\\/#article\",\"isPartOf\":{\"@id\":\"https:\\\/\\\/eldiariodelaeducacion.com\\\/aprendizaje-a-lo-largo-de-la-vida\\\/2022\\\/11\\\/14\\\/reivindicando-la-labor-de-los-centros-comarcales-de-educacion-de-personas-adultas\\\/\"},\"author\":{\"name\":\"Diego Redondo\",\"@id\":\"https:\\\/\\\/eldiariodelaeducacion.com\\\/aprendizaje-a-lo-largo-de-la-vida\\\/#\\\/schema\\\/person\\\/6c022ab9ff1bc10daba6fd6e4715cfca\"},\"headline\":\"Reivindicando la labor de los centros comarcales de Educaci\u00f3n de Personas Adultas\",\"datePublished\":\"2022-11-14T06:00:43+00:00\",\"dateModified\":\"2024-08-21T15:07:12+00:00\",\"mainEntityOfPage\":{\"@id\":\"https:\\\/\\\/eldiariodelaeducacion.com\\\/aprendizaje-a-lo-largo-de-la-vida\\\/2022\\\/11\\\/14\\\/reivindicando-la-labor-de-los-centros-comarcales-de-educacion-de-personas-adultas\\\/\"},\"wordCount\":1239,\"commentCount\":0,\"image\":{\"@id\":\"https:\\\/\\\/eldiariodelaeducacion.com\\\/aprendizaje-a-lo-largo-de-la-vida\\\/2022\\\/11\\\/14\\\/reivindicando-la-labor-de-los-centros-comarcales-de-educacion-de-personas-adultas\\\/#primaryimage\"},\"thumbnailUrl\":\"https:\\\/\\\/eldiariodelaeducacion.com\\\/aprendizaje-a-lo-largo-de-la-vida\\\/wp-content\\\/uploads\\\/sites\\\/22\\\/2022\\\/11\\\/IMG-20221109-WA0015.jpg\",\"articleSection\":[\"Aprendizaje a lo largo de la vida\"],\"inLanguage\":\"es\",\"potentialAction\":[{\"@type\":\"CommentAction\",\"name\":\"Comment\",\"target\":[\"https:\\\/\\\/eldiariodelaeducacion.com\\\/aprendizaje-a-lo-largo-de-la-vida\\\/2022\\\/11\\\/14\\\/reivindicando-la-labor-de-los-centros-comarcales-de-educacion-de-personas-adultas\\\/#respond\"]}]},{\"@type\":\"WebPage\",\"@id\":\"https:\\\/\\\/eldiariodelaeducacion.com\\\/aprendizaje-a-lo-largo-de-la-vida\\\/2022\\\/11\\\/14\\\/reivindicando-la-labor-de-los-centros-comarcales-de-educacion-de-personas-adultas\\\/\",\"url\":\"https:\\\/\\\/eldiariodelaeducacion.com\\\/aprendizaje-a-lo-largo-de-la-vida\\\/2022\\\/11\\\/14\\\/reivindicando-la-labor-de-los-centros-comarcales-de-educacion-de-personas-adultas\\\/\",\"name\":\"Reivindicando la labor de los centros comarcales de Educaci\u00f3n de Personas Adultas - Aprendizaje a lo largo de la vida\",\"isPartOf\":{\"@id\":\"https:\\\/\\\/eldiariodelaeducacion.com\\\/aprendizaje-a-lo-largo-de-la-vida\\\/#website\"},\"primaryImageOfPage\":{\"@id\":\"https:\\\/\\\/eldiariodelaeducacion.com\\\/aprendizaje-a-lo-largo-de-la-vida\\\/2022\\\/11\\\/14\\\/reivindicando-la-labor-de-los-centros-comarcales-de-educacion-de-personas-adultas\\\/#primaryimage\"},\"image\":{\"@id\":\"https:\\\/\\\/eldiariodelaeducacion.com\\\/aprendizaje-a-lo-largo-de-la-vida\\\/2022\\\/11\\\/14\\\/reivindicando-la-labor-de-los-centros-comarcales-de-educacion-de-personas-adultas\\\/#primaryimage\"},\"thumbnailUrl\":\"https:\\\/\\\/eldiariodelaeducacion.com\\\/aprendizaje-a-lo-largo-de-la-vida\\\/wp-content\\\/uploads\\\/sites\\\/22\\\/2022\\\/11\\\/IMG-20221109-WA0015.jpg\",\"datePublished\":\"2022-11-14T06:00:43+00:00\",\"dateModified\":\"2024-08-21T15:07:12+00:00\",\"author\":{\"@id\":\"https:\\\/\\\/eldiariodelaeducacion.com\\\/aprendizaje-a-lo-largo-de-la-vida\\\/#\\\/schema\\\/person\\\/6c022ab9ff1bc10daba6fd6e4715cfca\"},\"breadcrumb\":{\"@id\":\"https:\\\/\\\/eldiariodelaeducacion.com\\\/aprendizaje-a-lo-largo-de-la-vida\\\/2022\\\/11\\\/14\\\/reivindicando-la-labor-de-los-centros-comarcales-de-educacion-de-personas-adultas\\\/#breadcrumb\"},\"inLanguage\":\"es\",\"potentialAction\":[{\"@type\":\"ReadAction\",\"target\":[\"https:\\\/\\\/eldiariodelaeducacion.com\\\/aprendizaje-a-lo-largo-de-la-vida\\\/2022\\\/11\\\/14\\\/reivindicando-la-labor-de-los-centros-comarcales-de-educacion-de-personas-adultas\\\/\"]}]},{\"@type\":\"ImageObject\",\"inLanguage\":\"es\",\"@id\":\"https:\\\/\\\/eldiariodelaeducacion.com\\\/aprendizaje-a-lo-largo-de-la-vida\\\/2022\\\/11\\\/14\\\/reivindicando-la-labor-de-los-centros-comarcales-de-educacion-de-personas-adultas\\\/#primaryimage\",\"url\":\"https:\\\/\\\/eldiariodelaeducacion.com\\\/aprendizaje-a-lo-largo-de-la-vida\\\/wp-content\\\/uploads\\\/sites\\\/22\\\/2022\\\/11\\\/IMG-20221109-WA0015.jpg\",\"contentUrl\":\"https:\\\/\\\/eldiariodelaeducacion.com\\\/aprendizaje-a-lo-largo-de-la-vida\\\/wp-content\\\/uploads\\\/sites\\\/22\\\/2022\\\/11\\\/IMG-20221109-WA0015.jpg\",\"width\":1600,\"height\":720},{\"@type\":\"BreadcrumbList\",\"@id\":\"https:\\\/\\\/eldiariodelaeducacion.com\\\/aprendizaje-a-lo-largo-de-la-vida\\\/2022\\\/11\\\/14\\\/reivindicando-la-labor-de-los-centros-comarcales-de-educacion-de-personas-adultas\\\/#breadcrumb\",\"itemListElement\":[{\"@type\":\"ListItem\",\"position\":1,\"name\":\"Portada\",\"item\":\"https:\\\/\\\/eldiariodelaeducacion.com\\\/aprendizaje-a-lo-largo-de-la-vida\\\/\"},{\"@type\":\"ListItem\",\"position\":2,\"name\":\"Reivindicando la labor de los centros comarcales de Educaci\u00f3n de Personas Adultas\"}]},{\"@type\":\"WebSite\",\"@id\":\"https:\\\/\\\/eldiariodelaeducacion.com\\\/aprendizaje-a-lo-largo-de-la-vida\\\/#website\",\"url\":\"https:\\\/\\\/eldiariodelaeducacion.com\\\/aprendizaje-a-lo-largo-de-la-vida\\\/\",\"name\":\"Aprendizaje a lo largo de la vida\",\"description\":\"Un blog de El Diario de la Educaci\u00f3n\",\"potentialAction\":[{\"@type\":\"SearchAction\",\"target\":{\"@type\":\"EntryPoint\",\"urlTemplate\":\"https:\\\/\\\/eldiariodelaeducacion.com\\\/aprendizaje-a-lo-largo-de-la-vida\\\/?s={search_term_string}\"},\"query-input\":{\"@type\":\"PropertyValueSpecification\",\"valueRequired\":true,\"valueName\":\"search_term_string\"}}],\"inLanguage\":\"es\"},{\"@type\":\"Person\",\"@id\":\"https:\\\/\\\/eldiariodelaeducacion.com\\\/aprendizaje-a-lo-largo-de-la-vida\\\/#\\\/schema\\\/person\\\/6c022ab9ff1bc10daba6fd6e4715cfca\",\"name\":\"Diego Redondo\",\"image\":{\"@type\":\"ImageObject\",\"inLanguage\":\"es\",\"@id\":\"https:\\\/\\\/secure.gravatar.com\\\/avatar\\\/e9f089b4d8dda7dcb140bffdf282624c3965de07eccb778a89f4750ded10bdcd?s=96&d=mm&r=g\",\"url\":\"https:\\\/\\\/secure.gravatar.com\\\/avatar\\\/e9f089b4d8dda7dcb140bffdf282624c3965de07eccb778a89f4750ded10bdcd?s=96&d=mm&r=g\",\"contentUrl\":\"https:\\\/\\\/secure.gravatar.com\\\/avatar\\\/e9f089b4d8dda7dcb140bffdf282624c3965de07eccb778a89f4750ded10bdcd?s=96&d=mm&r=g\",\"caption\":\"Diego Redondo\"},\"url\":\"https:\\\/\\\/eldiariodelaeducacion.com\\\/aprendizaje-a-lo-largo-de-la-vida\\\/author\\\/diegoredondo13\\\/\"}]}<\/script>\n<!-- \/ Yoast SEO plugin. -->","yoast_head_json":{"title":"Reivindicando la labor de los centros comarcales de Educaci\u00f3n de Personas Adultas - Aprendizaje a lo largo de la vida","robots":{"index":"index","follow":"follow","max-snippet":"max-snippet:-1","max-image-preview":"max-image-preview:large","max-video-preview":"max-video-preview:-1"},"canonical":"https:\/\/eldiariodelaeducacion.com\/aprendizaje-a-lo-largo-de-la-vida\/2022\/11\/14\/reivindicando-la-labor-de-los-centros-comarcales-de-educacion-de-personas-adultas\/","og_locale":"es_ES","og_type":"article","og_title":"Reivindicando la labor de los centros comarcales de Educaci\u00f3n de Personas Adultas - Aprendizaje a lo largo de la vida","og_description":"En esta situaci\u00f3n, los CEPA (CFA, CPEPA, CEA o CEPER, seg\u00fan las siglas con los que se conocen estos centros en cada comunidad) se convierten en referentes y dinamizadores de toda una comarca. Un lugar de aprendizaje y de encuentro; de socializaci\u00f3n y de vivencias; de segundas, terceras y, en definitiva, de nuevas oportunidades. Para","og_url":"https:\/\/eldiariodelaeducacion.com\/aprendizaje-a-lo-largo-de-la-vida\/2022\/11\/14\/reivindicando-la-labor-de-los-centros-comarcales-de-educacion-de-personas-adultas\/","og_site_name":"Aprendizaje a lo largo de la vida","article_published_time":"2022-11-14T06:00:43+00:00","article_modified_time":"2024-08-21T15:07:12+00:00","og_image":[{"width":1600,"height":720,"url":"https:\/\/eldiariodelaeducacion.com\/aprendizaje-a-lo-largo-de-la-vida\/wp-content\/uploads\/sites\/22\/2022\/11\/IMG-20221109-WA0015.jpg","type":"image\/jpeg"}],"author":"Diego Redondo","twitter_card":"summary_large_image","twitter_misc":{"Escrito por":"Diego Redondo","Tiempo de lectura":"6 minutos"},"schema":{"@context":"https:\/\/schema.org","@graph":[{"@type":"Article","@id":"https:\/\/eldiariodelaeducacion.com\/aprendizaje-a-lo-largo-de-la-vida\/2022\/11\/14\/reivindicando-la-labor-de-los-centros-comarcales-de-educacion-de-personas-adultas\/#article","isPartOf":{"@id":"https:\/\/eldiariodelaeducacion.com\/aprendizaje-a-lo-largo-de-la-vida\/2022\/11\/14\/reivindicando-la-labor-de-los-centros-comarcales-de-educacion-de-personas-adultas\/"},"author":{"name":"Diego Redondo","@id":"https:\/\/eldiariodelaeducacion.com\/aprendizaje-a-lo-largo-de-la-vida\/#\/schema\/person\/6c022ab9ff1bc10daba6fd6e4715cfca"},"headline":"Reivindicando la labor de los centros comarcales de Educaci\u00f3n de Personas Adultas","datePublished":"2022-11-14T06:00:43+00:00","dateModified":"2024-08-21T15:07:12+00:00","mainEntityOfPage":{"@id":"https:\/\/eldiariodelaeducacion.com\/aprendizaje-a-lo-largo-de-la-vida\/2022\/11\/14\/reivindicando-la-labor-de-los-centros-comarcales-de-educacion-de-personas-adultas\/"},"wordCount":1239,"commentCount":0,"image":{"@id":"https:\/\/eldiariodelaeducacion.com\/aprendizaje-a-lo-largo-de-la-vida\/2022\/11\/14\/reivindicando-la-labor-de-los-centros-comarcales-de-educacion-de-personas-adultas\/#primaryimage"},"thumbnailUrl":"https:\/\/eldiariodelaeducacion.com\/aprendizaje-a-lo-largo-de-la-vida\/wp-content\/uploads\/sites\/22\/2022\/11\/IMG-20221109-WA0015.jpg","articleSection":["Aprendizaje a lo largo de la vida"],"inLanguage":"es","potentialAction":[{"@type":"CommentAction","name":"Comment","target":["https:\/\/eldiariodelaeducacion.com\/aprendizaje-a-lo-largo-de-la-vida\/2022\/11\/14\/reivindicando-la-labor-de-los-centros-comarcales-de-educacion-de-personas-adultas\/#respond"]}]},{"@type":"WebPage","@id":"https:\/\/eldiariodelaeducacion.com\/aprendizaje-a-lo-largo-de-la-vida\/2022\/11\/14\/reivindicando-la-labor-de-los-centros-comarcales-de-educacion-de-personas-adultas\/","url":"https:\/\/eldiariodelaeducacion.com\/aprendizaje-a-lo-largo-de-la-vida\/2022\/11\/14\/reivindicando-la-labor-de-los-centros-comarcales-de-educacion-de-personas-adultas\/","name":"Reivindicando la labor de los centros comarcales de Educaci\u00f3n de Personas Adultas - Aprendizaje a lo largo de la vida","isPartOf":{"@id":"https:\/\/eldiariodelaeducacion.com\/aprendizaje-a-lo-largo-de-la-vida\/#website"},"primaryImageOfPage":{"@id":"https:\/\/eldiariodelaeducacion.com\/aprendizaje-a-lo-largo-de-la-vida\/2022\/11\/14\/reivindicando-la-labor-de-los-centros-comarcales-de-educacion-de-personas-adultas\/#primaryimage"},"image":{"@id":"https:\/\/eldiariodelaeducacion.com\/aprendizaje-a-lo-largo-de-la-vida\/2022\/11\/14\/reivindicando-la-labor-de-los-centros-comarcales-de-educacion-de-personas-adultas\/#primaryimage"},"thumbnailUrl":"https:\/\/eldiariodelaeducacion.com\/aprendizaje-a-lo-largo-de-la-vida\/wp-content\/uploads\/sites\/22\/2022\/11\/IMG-20221109-WA0015.jpg","datePublished":"2022-11-14T06:00:43+00:00","dateModified":"2024-08-21T15:07:12+00:00","author":{"@id":"https:\/\/eldiariodelaeducacion.com\/aprendizaje-a-lo-largo-de-la-vida\/#\/schema\/person\/6c022ab9ff1bc10daba6fd6e4715cfca"},"breadcrumb":{"@id":"https:\/\/eldiariodelaeducacion.com\/aprendizaje-a-lo-largo-de-la-vida\/2022\/11\/14\/reivindicando-la-labor-de-los-centros-comarcales-de-educacion-de-personas-adultas\/#breadcrumb"},"inLanguage":"es","potentialAction":[{"@type":"ReadAction","target":["https:\/\/eldiariodelaeducacion.com\/aprendizaje-a-lo-largo-de-la-vida\/2022\/11\/14\/reivindicando-la-labor-de-los-centros-comarcales-de-educacion-de-personas-adultas\/"]}]},{"@type":"ImageObject","inLanguage":"es","@id":"https:\/\/eldiariodelaeducacion.com\/aprendizaje-a-lo-largo-de-la-vida\/2022\/11\/14\/reivindicando-la-labor-de-los-centros-comarcales-de-educacion-de-personas-adultas\/#primaryimage","url":"https:\/\/eldiariodelaeducacion.com\/aprendizaje-a-lo-largo-de-la-vida\/wp-content\/uploads\/sites\/22\/2022\/11\/IMG-20221109-WA0015.jpg","contentUrl":"https:\/\/eldiariodelaeducacion.com\/aprendizaje-a-lo-largo-de-la-vida\/wp-content\/uploads\/sites\/22\/2022\/11\/IMG-20221109-WA0015.jpg","width":1600,"height":720},{"@type":"BreadcrumbList","@id":"https:\/\/eldiariodelaeducacion.com\/aprendizaje-a-lo-largo-de-la-vida\/2022\/11\/14\/reivindicando-la-labor-de-los-centros-comarcales-de-educacion-de-personas-adultas\/#breadcrumb","itemListElement":[{"@type":"ListItem","position":1,"name":"Portada","item":"https:\/\/eldiariodelaeducacion.com\/aprendizaje-a-lo-largo-de-la-vida\/"},{"@type":"ListItem","position":2,"name":"Reivindicando la labor de los centros comarcales de Educaci\u00f3n de Personas Adultas"}]},{"@type":"WebSite","@id":"https:\/\/eldiariodelaeducacion.com\/aprendizaje-a-lo-largo-de-la-vida\/#website","url":"https:\/\/eldiariodelaeducacion.com\/aprendizaje-a-lo-largo-de-la-vida\/","name":"Aprendizaje a lo largo de la vida","description":"Un blog de El Diario de la Educaci\u00f3n","potentialAction":[{"@type":"SearchAction","target":{"@type":"EntryPoint","urlTemplate":"https:\/\/eldiariodelaeducacion.com\/aprendizaje-a-lo-largo-de-la-vida\/?s={search_term_string}"},"query-input":{"@type":"PropertyValueSpecification","valueRequired":true,"valueName":"search_term_string"}}],"inLanguage":"es"},{"@type":"Person","@id":"https:\/\/eldiariodelaeducacion.com\/aprendizaje-a-lo-largo-de-la-vida\/#\/schema\/person\/6c022ab9ff1bc10daba6fd6e4715cfca","name":"Diego Redondo","image":{"@type":"ImageObject","inLanguage":"es","@id":"https:\/\/secure.gravatar.com\/avatar\/e9f089b4d8dda7dcb140bffdf282624c3965de07eccb778a89f4750ded10bdcd?s=96&d=mm&r=g","url":"https:\/\/secure.gravatar.com\/avatar\/e9f089b4d8dda7dcb140bffdf282624c3965de07eccb778a89f4750ded10bdcd?s=96&d=mm&r=g","contentUrl":"https:\/\/secure.gravatar.com\/avatar\/e9f089b4d8dda7dcb140bffdf282624c3965de07eccb778a89f4750ded10bdcd?s=96&d=mm&r=g","caption":"Diego Redondo"},"url":"https:\/\/eldiariodelaeducacion.com\/aprendizaje-a-lo-largo-de-la-vida\/author\/diegoredondo13\/"}]}},"_links":{"self":[{"href":"https:\/\/eldiariodelaeducacion.com\/aprendizaje-a-lo-largo-de-la-vida\/wp-json\/wp\/v2\/posts\/563","targetHints":{"allow":["GET"]}}],"collection":[{"href":"https:\/\/eldiariodelaeducacion.com\/aprendizaje-a-lo-largo-de-la-vida\/wp-json\/wp\/v2\/posts"}],"about":[{"href":"https:\/\/eldiariodelaeducacion.com\/aprendizaje-a-lo-largo-de-la-vida\/wp-json\/wp\/v2\/types\/post"}],"author":[{"embeddable":true,"href":"https:\/\/eldiariodelaeducacion.com\/aprendizaje-a-lo-largo-de-la-vida\/wp-json\/wp\/v2\/users\/237"}],"replies":[{"embeddable":true,"href":"https:\/\/eldiariodelaeducacion.com\/aprendizaje-a-lo-largo-de-la-vida\/wp-json\/wp\/v2\/comments?post=563"}],"version-history":[{"count":1,"href":"https:\/\/eldiariodelaeducacion.com\/aprendizaje-a-lo-largo-de-la-vida\/wp-json\/wp\/v2\/posts\/563\/revisions"}],"predecessor-version":[{"id":577,"href":"https:\/\/eldiariodelaeducacion.com\/aprendizaje-a-lo-largo-de-la-vida\/wp-json\/wp\/v2\/posts\/563\/revisions\/577"}],"wp:featuredmedia":[{"embeddable":true,"href":"https:\/\/eldiariodelaeducacion.com\/aprendizaje-a-lo-largo-de-la-vida\/wp-json\/wp\/v2\/media\/260"}],"wp:attachment":[{"href":"https:\/\/eldiariodelaeducacion.com\/aprendizaje-a-lo-largo-de-la-vida\/wp-json\/wp\/v2\/media?parent=563"}],"wp:term":[{"taxonomy":"category","embeddable":true,"href":"https:\/\/eldiariodelaeducacion.com\/aprendizaje-a-lo-largo-de-la-vida\/wp-json\/wp\/v2\/categories?post=563"},{"taxonomy":"post_tag","embeddable":true,"href":"https:\/\/eldiariodelaeducacion.com\/aprendizaje-a-lo-largo-de-la-vida\/wp-json\/wp\/v2\/tags?post=563"},{"taxonomy":"tipo","embeddable":true,"href":"https:\/\/eldiariodelaeducacion.com\/aprendizaje-a-lo-largo-de-la-vida\/wp-json\/wp\/v2\/tipo?post=563"}],"curies":[{"name":"wp","href":"https:\/\/api.w.org\/{rel}","templated":true}]}}