{"id":295,"date":"2021-06-16T07:00:37","date_gmt":"2021-06-16T07:00:37","guid":{"rendered":"https:\/\/eldiariodelaeducacion.com\/arteyeducacion\/?p=295"},"modified":"2024-08-20T17:56:42","modified_gmt":"2024-08-20T15:56:42","slug":"arte-ecosocial-para-un-nuevo-habitar-un-curso-de-verano-de-la-red-planea","status":"publish","type":"post","link":"https:\/\/eldiariodelaeducacion.com\/arteyeducacion\/2021\/06\/16\/arte-ecosocial-para-un-nuevo-habitar-un-curso-de-verano-de-la-red-planea\/","title":{"rendered":"Arte ecosocial para un nuevo habitar: un curso de verano de la Red PLANEA"},"content":{"rendered":"<p>\u00bfQu\u00e9 clase de relaci\u00f3n tenemos con la naturaleza, con los animales y el territorio? El medio ambiente es una de las m\u00e1s importantes preocupaciones (y ocupaciones) que persigue a la escuela. Son muchos los centros que realizan todo tipo de iniciativas y proyectos relacionados con la mejora de su territorio, con el reciclaje, el gasto eficiente de recursos o la disminuci\u00f3n de residuos. En este ecosistema de iniciativas podr\u00edan enmarcarse las pr\u00e1cticas art\u00edsticas vistas como herramientas de reflexi\u00f3n que pueden utilizar docentes y alumnado para analizar la realidad.<\/p>\n<p>Este es uno de los objetivos fundamentales del curso de verano que organiza la Red PLANEA entre los d\u00edas 6 y 8 de julio. Un curso que se realizar\u00e1 de manera h\u00edbrida, con talleres presenciales en Madrid, Sevilla y Valencia y actividades online.<\/p>\n<p>C\u00f3mo respira mi cole (Sevilla), Filomena vali\u00f3 la pena (Madrid) y Fotosensibles. Fotograf\u00eda experimental como proceso de investigaci\u00f3n del medio natural en la escuela (Valencia) son los t\u00edtulos de las sesiones presenciales que se desarrollar\u00e1n, en los dos primeros casos, entre el 5 y el 7 de julio. La tercera se realizar\u00e1 los d\u00edas 8 y 9.<\/p>\n<figure id=\"attachment_301\" aria-describedby=\"caption-attachment-301\" style=\"width: 820px\" class=\"wp-caption alignnone\"><img fetchpriority=\"high\" decoding=\"async\" class=\"wp-image-301\" src=\"https:\/\/eldiariodelaeducacion.com\/arteyeducacion\/wp-content\/uploads\/sites\/25\/2021\/06\/A7A9826-copia1-300x200.jpg\" alt=\"\" width=\"820\" height=\"547\" srcset=\"https:\/\/eldiariodelaeducacion.com\/arteyeducacion\/wp-content\/uploads\/sites\/19\/2021\/06\/A7A9826-copia1-300x200.jpg 300w, https:\/\/eldiariodelaeducacion.com\/arteyeducacion\/wp-content\/uploads\/sites\/19\/2021\/06\/A7A9826-copia1-768x512.jpg 768w, https:\/\/eldiariodelaeducacion.com\/arteyeducacion\/wp-content\/uploads\/sites\/19\/2021\/06\/A7A9826-copia1-150x100.jpg 150w, https:\/\/eldiariodelaeducacion.com\/arteyeducacion\/wp-content\/uploads\/sites\/19\/2021\/06\/A7A9826-copia1-450x300.jpg 450w, https:\/\/eldiariodelaeducacion.com\/arteyeducacion\/wp-content\/uploads\/sites\/19\/2021\/06\/A7A9826-copia1.jpg 1024w\" sizes=\"(max-width: 820px) 100vw, 820px\" \/><figcaption id=\"caption-attachment-301\" class=\"wp-caption-text\">Imagen del proyecto Filomena mereci\u00f3 la pena<\/figcaption><\/figure>\n<p>La sesi\u00f3n de Sevilla correr\u00e1 a cargo de Cotidiana SCA y del CEIP Huerta de Santa Marina. Mediante el uso de t\u00e9cnicas de bioclim\u00e1tica, teatro de sombras, fabricaci\u00f3n digital y documentaci\u00f3n han realizado un proyecto de an\u00e1lisis sobre temperaturas y circulaci\u00f3n del aire en el colegio. El objetivo de las sesiones es conocer este proceso y el del uso de estrategias art\u00edsticas al que han dado lugar.<\/p>\n<p>En Madrid, por otra parte, de la mano del colectivo Basurama, se ofrecer\u00e1 una reflexi\u00f3n sobre la transformaci\u00f3n de los patios escolares tras el trabajo que realiz\u00f3 dicho colectivo con los \u00e1rboles que tuvieron que talarse en la ciudad de Madrid tras el paso del temporal este invierno. El uso de elementos naturales y la transformaci\u00f3n de los espacios al aire libre en aulas ser\u00e1n parte importante de las sesiones, que se desarrollar\u00e1n en tres centros de la Comunidad: CEIP Manuel N\u00fa\u00f1ez de Arenas, CEIP Rep\u00fablica de Chiles e IES Men\u00e9ndez Pelayo.<\/p>\n<p>Finalmente, en Valencia, de la mano de la artista Ana Peixet y de la mediadora cultural Jodie Di Napoli, podremos aprender a reflexionar y a crear nuevos imaginarios sobre el medio ambiente y el entorno cercano al centro gracias al uso de diferentes t\u00e9cnicas fotogr\u00e1ficas (cianot\u00edpia y antot\u00edpia). Un taller de creaci\u00f3n de im\u00e1genes experimentales y su uso para la investigaci\u00f3n de la naturaleza que se llevar\u00e1 a cabo en el CEIP Santa Teresa en el coraz\u00f3n de la ciudad.<\/p>\n<p>Junto a las propuestas presenciales y para completar la formaci\u00f3n, los cursos tambi\u00e9n prev\u00e9n el uso de la tecnolog\u00eda para ahondar en los conceptos que se hayan ido trabajando.<\/p>\n<figure id=\"attachment_300\" aria-describedby=\"caption-attachment-300\" style=\"width: 820px\" class=\"wp-caption alignnone\"><img decoding=\"async\" class=\"wp-image-300\" src=\"https:\/\/eldiariodelaeducacion.com\/arteyeducacion\/wp-content\/uploads\/sites\/25\/2021\/06\/HdSM-\u00a9-oscaromero-\u00b7-1321-300x200.jpg\" alt=\"\" width=\"820\" height=\"547\" srcset=\"https:\/\/eldiariodelaeducacion.com\/arteyeducacion\/wp-content\/uploads\/sites\/19\/2021\/06\/HdSM-\u00a9-oscaromero-\u00b7-1321-300x200.jpg 300w, https:\/\/eldiariodelaeducacion.com\/arteyeducacion\/wp-content\/uploads\/sites\/19\/2021\/06\/HdSM-\u00a9-oscaromero-\u00b7-1321-768x512.jpg 768w, https:\/\/eldiariodelaeducacion.com\/arteyeducacion\/wp-content\/uploads\/sites\/19\/2021\/06\/HdSM-\u00a9-oscaromero-\u00b7-1321-150x100.jpg 150w, https:\/\/eldiariodelaeducacion.com\/arteyeducacion\/wp-content\/uploads\/sites\/19\/2021\/06\/HdSM-\u00a9-oscaromero-\u00b7-1321-450x300.jpg 450w, https:\/\/eldiariodelaeducacion.com\/arteyeducacion\/wp-content\/uploads\/sites\/19\/2021\/06\/HdSM-\u00a9-oscaromero-\u00b7-1321.jpg 1024w\" sizes=\"(max-width: 820px) 100vw, 820px\" \/><figcaption id=\"caption-attachment-300\" class=\"wp-caption-text\">Imagen del proyecto C\u00f3mo respira mi cole<\/figcaption><\/figure>\n<p>Para ello, por una parte, la artista Saioa Olmo realizar\u00e1 el taller &#8216;Susurrando el futuro&#8217; <a href=\"http:\/\/susurrandoelfuturo.wordpress.com\">en el marco de su trabajo iniciado en 2017<\/a> bajo la premisa de dejar un legado intangible para las personas del futuro en forma de \u00absusurros\u00bb con todo tipo de mensajes. Se realizar\u00e1 mediante la creaci\u00f3n de creaciones sonoras que se har\u00e1n sobre la base de din\u00e1micas creativas ayudadas por libros que cada quien tenga en su casa. El taller tendr\u00e1 lugar el d\u00eda 5 de julio en horario de tarde. Es necesaria la inscripci\u00f3n previa.<\/p>\n<p><img decoding=\"async\" class=\"alignright wp-image-298\" src=\"https:\/\/eldiariodelaeducacion.com\/arteyeducacion\/wp-content\/uploads\/sites\/25\/2021\/06\/Anida-1-213x300.png\" alt=\"\" width=\"292\" height=\"410\" srcset=\"https:\/\/eldiariodelaeducacion.com\/arteyeducacion\/wp-content\/uploads\/sites\/19\/2021\/06\/Anida-1-213x300.png 213w, https:\/\/eldiariodelaeducacion.com\/arteyeducacion\/wp-content\/uploads\/sites\/19\/2021\/06\/Anida-1-150x211.png 150w, https:\/\/eldiariodelaeducacion.com\/arteyeducacion\/wp-content\/uploads\/sites\/19\/2021\/06\/Anida-1-450x633.png 450w, https:\/\/eldiariodelaeducacion.com\/arteyeducacion\/wp-content\/uploads\/sites\/19\/2021\/06\/Anida-1.png 609w\" sizes=\"(max-width: 292px) 100vw, 292px\" \/><\/p>\n<p>El d\u00eda 8, tambi\u00e9n por la tarde, se presentar\u00e1 la revista ANIDA con representantes de la Red PLANEA y del colectivo Campo Adentro. Se trata de la primera revista acad\u00e9mia de la red. Se trata de una revista de arte y escuela dirigida a docentes de cualquier \u00e1rea, materia o nivel educativo; estudiantes y docentes de facultades de Educaci\u00f3n, Arquitectura o Bellas Artes, as\u00ed como a investigadoras en arte y educaci\u00f3n cuya pr\u00e1ctica est\u00e9 centrada en la escuela. La presentaci\u00f3n se har\u00e1 en directo <a href=\"https:\/\/www.youtube.com\/watch?v=hW0xA5BO-E8&amp;feature=youtu.be\">en el canal de YouTube de PLANEA<\/a>.<\/p>\n<p>Finalmente, a partir del 9 de julio, una vez que hayan terminado las sesiones presenciales y virtuales, se liberar\u00e1n una serie de 12 recursos educativos, el PDF de la revista ANIDA y tres conferencias de Cotidiana SCA, Basurama y de Ana Peixet y Jodie Di Napoli que contextualizan los contenidos de sus talleres y los recursos propuestos.<\/p>\n<p>Algunas de las formaciones se realizar\u00e1n de forma sincr\u00f3nica y otras, asincr\u00f3nica, con un car\u00e1cter netamente modular, de manera que ser\u00e1 posible participar de toda la propuesta o solo de alguna de sus partes. Para apuntarte a los cursos de verano, <a href=\"https:\/\/docs.google.com\/forms\/d\/e\/1FAIpQLSfIM73VNX6G4QzqvFtzR3voX99e6uGQeFg55ke426YnjfAeQg\/viewform\">puedes hacerlo en este formulario<\/a> antes del 1 de julio.<\/p>\n<p>Se puede ampliar informaci\u00f3n sobre los cursos de verano en<a href=\"https:\/\/redplanea.org\/didacticas-para-un-nuevo-habitar-llegan-los-cursos-de-verano-planea-2021\/\"> la web que se ha habilitado aqu\u00ed<\/a>. Adem\u00e1s, para cualquier duda, solo tienes que escribir a <a href=\"mailto:hola@redplanea.org\">hola@redplanea.org.\u00a0<\/a><\/p>\n","protected":false},"excerpt":{"rendered":"<p>\u00bfQu\u00e9 clase de relaci\u00f3n tenemos con la naturaleza, con los animales y el territorio? El medio ambiente es una de las m\u00e1s importantes preocupaciones (y ocupaciones) que persigue a la escuela. Son muchos los centros que realizan todo tipo de iniciativas y proyectos relacionados con la mejora de su territorio, con el reciclaje, el gasto<\/p>\n","protected":false},"author":2,"featured_media":299,"comment_status":"open","ping_status":"open","sticky":false,"template":"","format":"standard","meta":{"footnotes":""},"categories":[17],"tags":[26,27,28],"tipo":[32],"class_list":{"0":"post-295","1":"post","2":"type-post","3":"status-publish","4":"format-standard","5":"has-post-thumbnail","7":"category-arte-y-educacion","8":"tag-cursos-de-verano","9":"tag-ecosocial","10":"tag-medio-ambiente","11":"tipo-actualidad"},"yoast_head":"<!-- This site is optimized with the Yoast SEO plugin v27.5 - https:\/\/yoast.com\/product\/yoast-seo-wordpress\/ -->\n<title>Arte ecosocial para un nuevo habitar: un curso de verano de la Red PLANEA - Arte y educaci\u00f3n<\/title>\n<meta name=\"robots\" content=\"index, follow, max-snippet:-1, max-image-preview:large, max-video-preview:-1\" \/>\n<link rel=\"canonical\" href=\"https:\/\/eldiariodelaeducacion.com\/arteyeducacion\/2021\/06\/16\/arte-ecosocial-para-un-nuevo-habitar-un-curso-de-verano-de-la-red-planea\/\" \/>\n<meta property=\"og:locale\" content=\"es_ES\" \/>\n<meta property=\"og:type\" content=\"article\" \/>\n<meta property=\"og:title\" content=\"Arte ecosocial para un nuevo habitar: un curso de verano de la Red PLANEA - Arte y educaci\u00f3n\" \/>\n<meta property=\"og:description\" content=\"\u00bfQu\u00e9 clase de relaci\u00f3n tenemos con la naturaleza, con los animales y el territorio? El medio ambiente es una de las m\u00e1s importantes preocupaciones (y ocupaciones) que persigue a la escuela. Son muchos los centros que realizan todo tipo de iniciativas y proyectos relacionados con la mejora de su territorio, con el reciclaje, el gasto\" \/>\n<meta property=\"og:url\" content=\"https:\/\/eldiariodelaeducacion.com\/arteyeducacion\/2021\/06\/16\/arte-ecosocial-para-un-nuevo-habitar-un-curso-de-verano-de-la-red-planea\/\" \/>\n<meta property=\"og:site_name\" content=\"Arte y educaci\u00f3n\" \/>\n<meta property=\"article:published_time\" content=\"2021-06-16T07:00:37+00:00\" \/>\n<meta property=\"article:modified_time\" content=\"2024-08-20T15:56:42+00:00\" \/>\n<meta property=\"og:image\" content=\"https:\/\/eldiariodelaeducacion.com\/arteyeducacion\/wp-content\/uploads\/sites\/19\/2021\/06\/WEB-800X800.jpg\" \/>\n\t<meta property=\"og:image:width\" content=\"800\" \/>\n\t<meta property=\"og:image:height\" content=\"800\" \/>\n\t<meta property=\"og:image:type\" content=\"image\/jpeg\" \/>\n<meta name=\"author\" content=\"Redacci\u00f3n - Diario de la Educaci\u00f3n\" \/>\n<meta name=\"twitter:card\" content=\"summary_large_image\" \/>\n<meta name=\"twitter:label1\" content=\"Escrito por\" \/>\n\t<meta name=\"twitter:data1\" content=\"Redacci\u00f3n - Diario de la Educaci\u00f3n\" \/>\n\t<meta name=\"twitter:label2\" content=\"Tiempo de lectura\" \/>\n\t<meta name=\"twitter:data2\" content=\"4 minutos\" \/>\n<script type=\"application\/ld+json\" class=\"yoast-schema-graph\">{\"@context\":\"https:\\\/\\\/schema.org\",\"@graph\":[{\"@type\":\"Article\",\"@id\":\"https:\\\/\\\/eldiariodelaeducacion.com\\\/arteyeducacion\\\/2021\\\/06\\\/16\\\/arte-ecosocial-para-un-nuevo-habitar-un-curso-de-verano-de-la-red-planea\\\/#article\",\"isPartOf\":{\"@id\":\"https:\\\/\\\/eldiariodelaeducacion.com\\\/arteyeducacion\\\/2021\\\/06\\\/16\\\/arte-ecosocial-para-un-nuevo-habitar-un-curso-de-verano-de-la-red-planea\\\/\"},\"author\":{\"name\":\"Redacci\u00f3n - Diario de la Educaci\u00f3n\",\"@id\":\"https:\\\/\\\/eldiariodelaeducacion.com\\\/arteyeducacion\\\/#\\\/schema\\\/person\\\/9b8e8b27688ec40c29d25ba4374b85a4\"},\"headline\":\"Arte ecosocial para un nuevo habitar: un curso de verano de la Red PLANEA\",\"datePublished\":\"2021-06-16T07:00:37+00:00\",\"dateModified\":\"2024-08-20T15:56:42+00:00\",\"mainEntityOfPage\":{\"@id\":\"https:\\\/\\\/eldiariodelaeducacion.com\\\/arteyeducacion\\\/2021\\\/06\\\/16\\\/arte-ecosocial-para-un-nuevo-habitar-un-curso-de-verano-de-la-red-planea\\\/\"},\"wordCount\":868,\"commentCount\":0,\"image\":{\"@id\":\"https:\\\/\\\/eldiariodelaeducacion.com\\\/arteyeducacion\\\/2021\\\/06\\\/16\\\/arte-ecosocial-para-un-nuevo-habitar-un-curso-de-verano-de-la-red-planea\\\/#primaryimage\"},\"thumbnailUrl\":\"https:\\\/\\\/eldiariodelaeducacion.com\\\/arteyeducacion\\\/wp-content\\\/uploads\\\/sites\\\/19\\\/2021\\\/06\\\/WEB-800X800.jpg\",\"keywords\":[\"Cursos de verano\",\"ecosocial\",\"medio ambiente\"],\"articleSection\":[\"Arte y educaci\u00f3n\"],\"inLanguage\":\"es\",\"potentialAction\":[{\"@type\":\"CommentAction\",\"name\":\"Comment\",\"target\":[\"https:\\\/\\\/eldiariodelaeducacion.com\\\/arteyeducacion\\\/2021\\\/06\\\/16\\\/arte-ecosocial-para-un-nuevo-habitar-un-curso-de-verano-de-la-red-planea\\\/#respond\"]}]},{\"@type\":\"WebPage\",\"@id\":\"https:\\\/\\\/eldiariodelaeducacion.com\\\/arteyeducacion\\\/2021\\\/06\\\/16\\\/arte-ecosocial-para-un-nuevo-habitar-un-curso-de-verano-de-la-red-planea\\\/\",\"url\":\"https:\\\/\\\/eldiariodelaeducacion.com\\\/arteyeducacion\\\/2021\\\/06\\\/16\\\/arte-ecosocial-para-un-nuevo-habitar-un-curso-de-verano-de-la-red-planea\\\/\",\"name\":\"Arte ecosocial para un nuevo habitar: un curso de verano de la Red PLANEA - Arte y educaci\u00f3n\",\"isPartOf\":{\"@id\":\"https:\\\/\\\/eldiariodelaeducacion.com\\\/arteyeducacion\\\/#website\"},\"primaryImageOfPage\":{\"@id\":\"https:\\\/\\\/eldiariodelaeducacion.com\\\/arteyeducacion\\\/2021\\\/06\\\/16\\\/arte-ecosocial-para-un-nuevo-habitar-un-curso-de-verano-de-la-red-planea\\\/#primaryimage\"},\"image\":{\"@id\":\"https:\\\/\\\/eldiariodelaeducacion.com\\\/arteyeducacion\\\/2021\\\/06\\\/16\\\/arte-ecosocial-para-un-nuevo-habitar-un-curso-de-verano-de-la-red-planea\\\/#primaryimage\"},\"thumbnailUrl\":\"https:\\\/\\\/eldiariodelaeducacion.com\\\/arteyeducacion\\\/wp-content\\\/uploads\\\/sites\\\/19\\\/2021\\\/06\\\/WEB-800X800.jpg\",\"datePublished\":\"2021-06-16T07:00:37+00:00\",\"dateModified\":\"2024-08-20T15:56:42+00:00\",\"author\":{\"@id\":\"https:\\\/\\\/eldiariodelaeducacion.com\\\/arteyeducacion\\\/#\\\/schema\\\/person\\\/9b8e8b27688ec40c29d25ba4374b85a4\"},\"breadcrumb\":{\"@id\":\"https:\\\/\\\/eldiariodelaeducacion.com\\\/arteyeducacion\\\/2021\\\/06\\\/16\\\/arte-ecosocial-para-un-nuevo-habitar-un-curso-de-verano-de-la-red-planea\\\/#breadcrumb\"},\"inLanguage\":\"es\",\"potentialAction\":[{\"@type\":\"ReadAction\",\"target\":[\"https:\\\/\\\/eldiariodelaeducacion.com\\\/arteyeducacion\\\/2021\\\/06\\\/16\\\/arte-ecosocial-para-un-nuevo-habitar-un-curso-de-verano-de-la-red-planea\\\/\"]}]},{\"@type\":\"ImageObject\",\"inLanguage\":\"es\",\"@id\":\"https:\\\/\\\/eldiariodelaeducacion.com\\\/arteyeducacion\\\/2021\\\/06\\\/16\\\/arte-ecosocial-para-un-nuevo-habitar-un-curso-de-verano-de-la-red-planea\\\/#primaryimage\",\"url\":\"https:\\\/\\\/eldiariodelaeducacion.com\\\/arteyeducacion\\\/wp-content\\\/uploads\\\/sites\\\/19\\\/2021\\\/06\\\/WEB-800X800.jpg\",\"contentUrl\":\"https:\\\/\\\/eldiariodelaeducacion.com\\\/arteyeducacion\\\/wp-content\\\/uploads\\\/sites\\\/19\\\/2021\\\/06\\\/WEB-800X800.jpg\",\"width\":800,\"height\":800},{\"@type\":\"BreadcrumbList\",\"@id\":\"https:\\\/\\\/eldiariodelaeducacion.com\\\/arteyeducacion\\\/2021\\\/06\\\/16\\\/arte-ecosocial-para-un-nuevo-habitar-un-curso-de-verano-de-la-red-planea\\\/#breadcrumb\",\"itemListElement\":[{\"@type\":\"ListItem\",\"position\":1,\"name\":\"Portada\",\"item\":\"https:\\\/\\\/eldiariodelaeducacion.com\\\/arteyeducacion\\\/\"},{\"@type\":\"ListItem\",\"position\":2,\"name\":\"Arte ecosocial para un nuevo habitar: un curso de verano de la Red PLANEA\"}]},{\"@type\":\"WebSite\",\"@id\":\"https:\\\/\\\/eldiariodelaeducacion.com\\\/arteyeducacion\\\/#website\",\"url\":\"https:\\\/\\\/eldiariodelaeducacion.com\\\/arteyeducacion\\\/\",\"name\":\"Arte y educaci\u00f3n\",\"description\":\"Un blog de El Diario de la Educaci\u00f3n\",\"potentialAction\":[{\"@type\":\"SearchAction\",\"target\":{\"@type\":\"EntryPoint\",\"urlTemplate\":\"https:\\\/\\\/eldiariodelaeducacion.com\\\/arteyeducacion\\\/?s={search_term_string}\"},\"query-input\":{\"@type\":\"PropertyValueSpecification\",\"valueRequired\":true,\"valueName\":\"search_term_string\"}}],\"inLanguage\":\"es\"},{\"@type\":\"Person\",\"@id\":\"https:\\\/\\\/eldiariodelaeducacion.com\\\/arteyeducacion\\\/#\\\/schema\\\/person\\\/9b8e8b27688ec40c29d25ba4374b85a4\",\"name\":\"Redacci\u00f3n - Diario de la Educaci\u00f3n\",\"image\":{\"@type\":\"ImageObject\",\"inLanguage\":\"es\",\"@id\":\"https:\\\/\\\/eldiariodelaeducacion.com\\\/wp-content\\\/uploads\\\/2024\\\/10\\\/redaccion-diario-de-la-educacion_avatar-96x96.png\",\"url\":\"https:\\\/\\\/eldiariodelaeducacion.com\\\/wp-content\\\/uploads\\\/2024\\\/10\\\/redaccion-diario-de-la-educacion_avatar-96x96.png\",\"contentUrl\":\"https:\\\/\\\/eldiariodelaeducacion.com\\\/wp-content\\\/uploads\\\/2024\\\/10\\\/redaccion-diario-de-la-educacion_avatar-96x96.png\",\"caption\":\"Redacci\u00f3n - Diario de la Educaci\u00f3n\"},\"url\":\"https:\\\/\\\/eldiariodelaeducacion.com\\\/arteyeducacion\\\/author\\\/eleldiariodelaeducacion\\\/\"}]}<\/script>\n<!-- \/ Yoast SEO plugin. -->","yoast_head_json":{"title":"Arte ecosocial para un nuevo habitar: un curso de verano de la Red PLANEA - Arte y educaci\u00f3n","robots":{"index":"index","follow":"follow","max-snippet":"max-snippet:-1","max-image-preview":"max-image-preview:large","max-video-preview":"max-video-preview:-1"},"canonical":"https:\/\/eldiariodelaeducacion.com\/arteyeducacion\/2021\/06\/16\/arte-ecosocial-para-un-nuevo-habitar-un-curso-de-verano-de-la-red-planea\/","og_locale":"es_ES","og_type":"article","og_title":"Arte ecosocial para un nuevo habitar: un curso de verano de la Red PLANEA - Arte y educaci\u00f3n","og_description":"\u00bfQu\u00e9 clase de relaci\u00f3n tenemos con la naturaleza, con los animales y el territorio? El medio ambiente es una de las m\u00e1s importantes preocupaciones (y ocupaciones) que persigue a la escuela. Son muchos los centros que realizan todo tipo de iniciativas y proyectos relacionados con la mejora de su territorio, con el reciclaje, el gasto","og_url":"https:\/\/eldiariodelaeducacion.com\/arteyeducacion\/2021\/06\/16\/arte-ecosocial-para-un-nuevo-habitar-un-curso-de-verano-de-la-red-planea\/","og_site_name":"Arte y educaci\u00f3n","article_published_time":"2021-06-16T07:00:37+00:00","article_modified_time":"2024-08-20T15:56:42+00:00","og_image":[{"width":800,"height":800,"url":"https:\/\/eldiariodelaeducacion.com\/arteyeducacion\/wp-content\/uploads\/sites\/19\/2021\/06\/WEB-800X800.jpg","type":"image\/jpeg"}],"author":"Redacci\u00f3n - Diario de la Educaci\u00f3n","twitter_card":"summary_large_image","twitter_misc":{"Escrito por":"Redacci\u00f3n - Diario de la Educaci\u00f3n","Tiempo de lectura":"4 minutos"},"schema":{"@context":"https:\/\/schema.org","@graph":[{"@type":"Article","@id":"https:\/\/eldiariodelaeducacion.com\/arteyeducacion\/2021\/06\/16\/arte-ecosocial-para-un-nuevo-habitar-un-curso-de-verano-de-la-red-planea\/#article","isPartOf":{"@id":"https:\/\/eldiariodelaeducacion.com\/arteyeducacion\/2021\/06\/16\/arte-ecosocial-para-un-nuevo-habitar-un-curso-de-verano-de-la-red-planea\/"},"author":{"name":"Redacci\u00f3n - Diario de la Educaci\u00f3n","@id":"https:\/\/eldiariodelaeducacion.com\/arteyeducacion\/#\/schema\/person\/9b8e8b27688ec40c29d25ba4374b85a4"},"headline":"Arte ecosocial para un nuevo habitar: un curso de verano de la Red PLANEA","datePublished":"2021-06-16T07:00:37+00:00","dateModified":"2024-08-20T15:56:42+00:00","mainEntityOfPage":{"@id":"https:\/\/eldiariodelaeducacion.com\/arteyeducacion\/2021\/06\/16\/arte-ecosocial-para-un-nuevo-habitar-un-curso-de-verano-de-la-red-planea\/"},"wordCount":868,"commentCount":0,"image":{"@id":"https:\/\/eldiariodelaeducacion.com\/arteyeducacion\/2021\/06\/16\/arte-ecosocial-para-un-nuevo-habitar-un-curso-de-verano-de-la-red-planea\/#primaryimage"},"thumbnailUrl":"https:\/\/eldiariodelaeducacion.com\/arteyeducacion\/wp-content\/uploads\/sites\/19\/2021\/06\/WEB-800X800.jpg","keywords":["Cursos de verano","ecosocial","medio ambiente"],"articleSection":["Arte y educaci\u00f3n"],"inLanguage":"es","potentialAction":[{"@type":"CommentAction","name":"Comment","target":["https:\/\/eldiariodelaeducacion.com\/arteyeducacion\/2021\/06\/16\/arte-ecosocial-para-un-nuevo-habitar-un-curso-de-verano-de-la-red-planea\/#respond"]}]},{"@type":"WebPage","@id":"https:\/\/eldiariodelaeducacion.com\/arteyeducacion\/2021\/06\/16\/arte-ecosocial-para-un-nuevo-habitar-un-curso-de-verano-de-la-red-planea\/","url":"https:\/\/eldiariodelaeducacion.com\/arteyeducacion\/2021\/06\/16\/arte-ecosocial-para-un-nuevo-habitar-un-curso-de-verano-de-la-red-planea\/","name":"Arte ecosocial para un nuevo habitar: un curso de verano de la Red PLANEA - Arte y educaci\u00f3n","isPartOf":{"@id":"https:\/\/eldiariodelaeducacion.com\/arteyeducacion\/#website"},"primaryImageOfPage":{"@id":"https:\/\/eldiariodelaeducacion.com\/arteyeducacion\/2021\/06\/16\/arte-ecosocial-para-un-nuevo-habitar-un-curso-de-verano-de-la-red-planea\/#primaryimage"},"image":{"@id":"https:\/\/eldiariodelaeducacion.com\/arteyeducacion\/2021\/06\/16\/arte-ecosocial-para-un-nuevo-habitar-un-curso-de-verano-de-la-red-planea\/#primaryimage"},"thumbnailUrl":"https:\/\/eldiariodelaeducacion.com\/arteyeducacion\/wp-content\/uploads\/sites\/19\/2021\/06\/WEB-800X800.jpg","datePublished":"2021-06-16T07:00:37+00:00","dateModified":"2024-08-20T15:56:42+00:00","author":{"@id":"https:\/\/eldiariodelaeducacion.com\/arteyeducacion\/#\/schema\/person\/9b8e8b27688ec40c29d25ba4374b85a4"},"breadcrumb":{"@id":"https:\/\/eldiariodelaeducacion.com\/arteyeducacion\/2021\/06\/16\/arte-ecosocial-para-un-nuevo-habitar-un-curso-de-verano-de-la-red-planea\/#breadcrumb"},"inLanguage":"es","potentialAction":[{"@type":"ReadAction","target":["https:\/\/eldiariodelaeducacion.com\/arteyeducacion\/2021\/06\/16\/arte-ecosocial-para-un-nuevo-habitar-un-curso-de-verano-de-la-red-planea\/"]}]},{"@type":"ImageObject","inLanguage":"es","@id":"https:\/\/eldiariodelaeducacion.com\/arteyeducacion\/2021\/06\/16\/arte-ecosocial-para-un-nuevo-habitar-un-curso-de-verano-de-la-red-planea\/#primaryimage","url":"https:\/\/eldiariodelaeducacion.com\/arteyeducacion\/wp-content\/uploads\/sites\/19\/2021\/06\/WEB-800X800.jpg","contentUrl":"https:\/\/eldiariodelaeducacion.com\/arteyeducacion\/wp-content\/uploads\/sites\/19\/2021\/06\/WEB-800X800.jpg","width":800,"height":800},{"@type":"BreadcrumbList","@id":"https:\/\/eldiariodelaeducacion.com\/arteyeducacion\/2021\/06\/16\/arte-ecosocial-para-un-nuevo-habitar-un-curso-de-verano-de-la-red-planea\/#breadcrumb","itemListElement":[{"@type":"ListItem","position":1,"name":"Portada","item":"https:\/\/eldiariodelaeducacion.com\/arteyeducacion\/"},{"@type":"ListItem","position":2,"name":"Arte ecosocial para un nuevo habitar: un curso de verano de la Red PLANEA"}]},{"@type":"WebSite","@id":"https:\/\/eldiariodelaeducacion.com\/arteyeducacion\/#website","url":"https:\/\/eldiariodelaeducacion.com\/arteyeducacion\/","name":"Arte y educaci\u00f3n","description":"Un blog de El Diario de la Educaci\u00f3n","potentialAction":[{"@type":"SearchAction","target":{"@type":"EntryPoint","urlTemplate":"https:\/\/eldiariodelaeducacion.com\/arteyeducacion\/?s={search_term_string}"},"query-input":{"@type":"PropertyValueSpecification","valueRequired":true,"valueName":"search_term_string"}}],"inLanguage":"es"},{"@type":"Person","@id":"https:\/\/eldiariodelaeducacion.com\/arteyeducacion\/#\/schema\/person\/9b8e8b27688ec40c29d25ba4374b85a4","name":"Redacci\u00f3n - Diario de la Educaci\u00f3n","image":{"@type":"ImageObject","inLanguage":"es","@id":"https:\/\/eldiariodelaeducacion.com\/wp-content\/uploads\/2024\/10\/redaccion-diario-de-la-educacion_avatar-96x96.png","url":"https:\/\/eldiariodelaeducacion.com\/wp-content\/uploads\/2024\/10\/redaccion-diario-de-la-educacion_avatar-96x96.png","contentUrl":"https:\/\/eldiariodelaeducacion.com\/wp-content\/uploads\/2024\/10\/redaccion-diario-de-la-educacion_avatar-96x96.png","caption":"Redacci\u00f3n - Diario de la Educaci\u00f3n"},"url":"https:\/\/eldiariodelaeducacion.com\/arteyeducacion\/author\/eleldiariodelaeducacion\/"}]}},"_links":{"self":[{"href":"https:\/\/eldiariodelaeducacion.com\/arteyeducacion\/wp-json\/wp\/v2\/posts\/295","targetHints":{"allow":["GET"]}}],"collection":[{"href":"https:\/\/eldiariodelaeducacion.com\/arteyeducacion\/wp-json\/wp\/v2\/posts"}],"about":[{"href":"https:\/\/eldiariodelaeducacion.com\/arteyeducacion\/wp-json\/wp\/v2\/types\/post"}],"author":[{"embeddable":true,"href":"https:\/\/eldiariodelaeducacion.com\/arteyeducacion\/wp-json\/wp\/v2\/users\/2"}],"replies":[{"embeddable":true,"href":"https:\/\/eldiariodelaeducacion.com\/arteyeducacion\/wp-json\/wp\/v2\/comments?post=295"}],"version-history":[{"count":1,"href":"https:\/\/eldiariodelaeducacion.com\/arteyeducacion\/wp-json\/wp\/v2\/posts\/295\/revisions"}],"predecessor-version":[{"id":540,"href":"https:\/\/eldiariodelaeducacion.com\/arteyeducacion\/wp-json\/wp\/v2\/posts\/295\/revisions\/540"}],"wp:featuredmedia":[{"embeddable":true,"href":"https:\/\/eldiariodelaeducacion.com\/arteyeducacion\/wp-json\/wp\/v2\/media\/299"}],"wp:attachment":[{"href":"https:\/\/eldiariodelaeducacion.com\/arteyeducacion\/wp-json\/wp\/v2\/media?parent=295"}],"wp:term":[{"taxonomy":"category","embeddable":true,"href":"https:\/\/eldiariodelaeducacion.com\/arteyeducacion\/wp-json\/wp\/v2\/categories?post=295"},{"taxonomy":"post_tag","embeddable":true,"href":"https:\/\/eldiariodelaeducacion.com\/arteyeducacion\/wp-json\/wp\/v2\/tags?post=295"},{"taxonomy":"tipo","embeddable":true,"href":"https:\/\/eldiariodelaeducacion.com\/arteyeducacion\/wp-json\/wp\/v2\/tipo?post=295"}],"curies":[{"name":"wp","href":"https:\/\/api.w.org\/{rel}","templated":true}]}}