{"id":342,"date":"2022-03-21T13:55:34","date_gmt":"2022-03-21T13:55:34","guid":{"rendered":"https:\/\/eldiariodelaeducacion.com\/arteyeducacion\/?p=342"},"modified":"2024-08-20T17:56:42","modified_gmt":"2024-08-20T15:56:42","slug":"artistas-andaluces-irrumpen-en-la-escuela-para-co-crear-con-alumnos-y-docentes","status":"publish","type":"post","link":"https:\/\/eldiariodelaeducacion.com\/arteyeducacion\/2022\/03\/21\/artistas-andaluces-irrumpen-en-la-escuela-para-co-crear-con-alumnos-y-docentes\/","title":{"rendered":"Artistas andaluces irrumpen en la escuela para co-crear con alumnos y docentes"},"content":{"rendered":"<p>Figuras del flamenco rupturista como Eva Yerbabuena, Fina de \u00c1ngeles o Antonio Patrocinio hijo. Dos artistas visuales con una larga trayectoria de intervenciones con impacto social: Cecilio Puertas y Antonio P\u00e9rez Gil. Representantes de la nueva literatura andaluza (Diego Reche, Yolanda Ortiz&#8230;). Todos ellos han desembarcado ya en 26 centros de la red p\u00fablica y concertada de Andaluc\u00eda con una misi\u00f3n: co-crear junto a alumnas y profesores piezas art\u00edsticas en las que cada una de las partes aporte. Por encima del resultado, de en qu\u00e9 y d\u00f3nde vaya a parar el trabajo conjunto, se alzan los aprendizajes que se extraigan del propio proceso y, como fin pedag\u00f3gico \u00faltimo, el fomento del pensamiento creativo.<\/p>\n<p><em>Artistas en el aula<\/em> se enmarca en una l\u00ednea \u2014consolidada y afortunadamente inmune a los vaivenes pol\u00edticos\u2014 de apuesta por la innovaci\u00f3n por parte de la Consejer\u00eda de Educaci\u00f3n de Andaluc\u00eda. Esta ha dise\u00f1ado (y est\u00e1 implantando) el programa en estrecha colaboraci\u00f3n con la Consejer\u00eda de Cultura de la regi\u00f3n. A principios de a\u00f1o, entre ambas (en concreto su Direcci\u00f3n General de Formaci\u00f3n del Profesorado e Innovaci\u00f3n Educativa, y su Agencia Andaluza de Instituciones Culturales, respectivamente) seleccionaron al elenco de artistas y a los centros participantes. Tambi\u00e9n se decidi\u00f3 \u2014para cada IES, colegio o escuela de arte\u2014 un coordinador o coordinadora que liderara el proyecto y extendiera entre sus compa\u00f1eros su vocaci\u00f3n interdisciplinar. Entonces ech\u00f3 a andar esta experiencia piloto nacida con la ambici\u00f3n de ser escalada en pr\u00f3ximos cursos.<\/p>\n<p>Poco despu\u00e9s se puso en marcha una formaci\u00f3n <em>ad hoc<\/em>, para artistas y docentes, a cargo de Planea. Una red estatal que a\u00fana arte y escuela en sus muchas iniciativas por toda Espa\u00f1a. Uno de sus coordinadores, Pedro Jim\u00e9nez \u00c1lvarez, explica que, para esta aventura, se ha creado \u201cuna metodolog\u00eda que incide en dos aspectos no siempre f\u00e1ciles de entender\u201d. Por una parte, aclara, \u201cno es una actividad de educaci\u00f3n art\u00edstica, sino que [la iniciativa] tiene un car\u00e1cter transversal\u201d. Quiz\u00e1 m\u00e1s importante, ha resultado esencial transmitir a los artistas que no se trata, contin\u00faa, \u201cde una clase magistral o charla espor\u00e1dica, sino de construir una propuesta en la que ellos pongan su conocimiento y forma de hacer art\u00edstica para co-crear con alumnos y docentes\u201d.<\/p>\n<p>El director general de Formaci\u00f3n del Profesorado e Innovaci\u00f3n Educativa, Antonio Segura, se\u00f1ala que la propia Consejer\u00eda est\u00e1 \u201cinvestigando y experimentando\u201d con <em>Art\u00edstas en el aula<\/em>, aunque el programa no es, sin m\u00e1s, \u201cun salto al vac\u00edo\u201d. Segura cuenta que el \u201cgermen, la chispa\u201d surgi\u00f3 de una pregunta que, entre todos, est\u00e1n tratando de responder: \u201c\u00bfQu\u00e9 pasa si ponemos a trabajar juntos a profesionales de las artes y de la educaci\u00f3n, y, por supuesto, alumnos?\u201d. Y apunta a una referencia clara: \u201cLas residencias art\u00edsticas, habituales en ciudades con un importante anclaje cultural como Amsterdam, Par\u00eds, Madrid o Barcelona\u201d, aunque no tanto a escala regional, incluyendo localidades de distinto tama\u00f1o.<\/p>\n<h3>Diluir fronteras<\/h3>\n<p>Adem\u00e1s, el aterrizaje del programa est\u00e1 resultando m\u00e1s suave al haber asociado cada uno de los tres \u00e1mbitos art\u00edsticos elegidos para este curso (flamenco, artes pl\u00e1sticas y literatura) a sendos programas de innovaci\u00f3n ya existentes en Andaluc\u00eda: Vivir y Sentir el Flamenco, ALDEA (enfocado a la sostenibilidad ambiental) y ComunicA. El pr\u00f3ximo curso, teatro, cine y danza a\u00f1adir\u00e1n opciones al surtido.<\/p>\n<p>En principio, el encaje curricular del proceso de co-creaci\u00f3n goza de altas cotas de flexibilidad. Pueden participar docentes de todas las asignaturas. Y la din\u00e1mica (como en cualquier trabajo por proyectos) se presta a la fusi\u00f3n y a la permeabilidad de tiempos y espacios. Segura explica, mediante un importante matiz, la m\u00e1xima que condensa el esp\u00edritu transformador de esta y otras iniciativas de la consejer\u00eda andaluza: \u201cNo son programas de, sino para la innovaci\u00f3n educativa. Se trata m\u00e1s de acompa\u00f1ar en los proyectos de centro, ofreciendo herramientas, pero procurando que sean los propios centros quienes vayan all\u00e1 donde no llega el curr\u00edculum, diluyendo las fronteras de horarios, disciplinas, muros&#8230;\u201d. A Jim\u00e9nez \u00c1lv\u00e1rez se le ocurre, a bote pronto, una posible v\u00eda de exploraci\u00f3n art\u00edstico-pedag\u00f3gica : \u201c\u00bfSe puede aplicar la matem\u00e1tica espacial a los movimientos del flamenco?\u201d.<\/p>\n<figure id=\"attachment_344\" aria-describedby=\"caption-attachment-344\" style=\"width: 410px\" class=\"wp-caption alignleft\"><img fetchpriority=\"high\" decoding=\"async\" class=\"wp-image-344\" src=\"https:\/\/eldiariodelaeducacion.com\/arteyeducacion\/wp-content\/uploads\/sites\/25\/2022\/03\/IES-Guadix-2-297x300.jpeg\" alt=\"\" width=\"410\" height=\"414\" srcset=\"https:\/\/eldiariodelaeducacion.com\/arteyeducacion\/wp-content\/uploads\/sites\/19\/2022\/03\/IES-Guadix-2-297x300.jpeg 297w, https:\/\/eldiariodelaeducacion.com\/arteyeducacion\/wp-content\/uploads\/sites\/19\/2022\/03\/IES-Guadix-2-150x152.jpeg 150w, https:\/\/eldiariodelaeducacion.com\/arteyeducacion\/wp-content\/uploads\/sites\/19\/2022\/03\/IES-Guadix-2-768x776.jpeg 768w, https:\/\/eldiariodelaeducacion.com\/arteyeducacion\/wp-content\/uploads\/sites\/19\/2022\/03\/IES-Guadix-2-450x455.jpeg 450w, https:\/\/eldiariodelaeducacion.com\/arteyeducacion\/wp-content\/uploads\/sites\/19\/2022\/03\/IES-Guadix-2.jpeg 947w\" sizes=\"(max-width: 410px) 100vw, 410px\" \/><figcaption id=\"caption-attachment-344\" class=\"wp-caption-text\">Fotograf\u00eda: Escuela de Artes de Guadix. Imagen cedida.<\/figcaption><\/figure>\n<p>Profesora de Dise\u00f1o de Interiores en la Escuela de Artes de Guadix (Granada), Irene Mar\u00eda Ram\u00edrez L\u00f3pez est\u00e1 acostumbrada a involucrarse en todo tipo de retos en la \u00f3rbita de la renovaci\u00f3n metodol\u00f3gica. Este curso, admite, no ten\u00eda especiales ganas de implicarse en una nueva aventura. Al final le pic\u00f3 el gusanillo y solicit\u00f3 para su centro el programa ALDEA. Se lo concedieron y, hace escasos meses, la Consejer\u00eda de Educaci\u00f3n le comunic\u00f3 que su escuela tambi\u00e9n hab\u00eda sido seleccionada para participar en <em>Artistas en el aula<\/em>, programa del que es coordinadora.<\/p>\n<p>Ram\u00edrez L\u00f3pez sospecha que en Sevilla (sede de la Consejer\u00eda) llam\u00f3 especialmente la atenci\u00f3n una obra de arte que realizaron coincidiendo con Halloween. \u201cNuestra escuela est\u00e1 en un antiguo palacio, un edificio precioso, pero la fachada es muy plana, as\u00ed que decidimos intervenirla colgando ara\u00f1as que hab\u00edamos hecho rellenando bolsas de basura con ex\u00e1menes triturados de ex-alumnos\u201d, cuenta. La idea fue simplemente \u201cutilizar materiales reciclados para convertir la fachada en escaparate del centro\u201d, y as\u00ed promover su apertura al entorno. Aunque no resulta descabellado pensar que alguien en la Consejer\u00eda viera, en esta original propuesta, tambi\u00e9n una sutil cr\u00edtica a los modelos tradicionales de evaluaci\u00f3n.<\/p>\n<figure id=\"attachment_345\" aria-describedby=\"caption-attachment-345\" style=\"width: 410px\" class=\"wp-caption alignright\"><img decoding=\"async\" class=\"wp-image-345\" src=\"https:\/\/eldiariodelaeducacion.com\/arteyeducacion\/wp-content\/uploads\/sites\/25\/2022\/03\/IES-Guadix-o-269x300.jpeg\" alt=\"\" width=\"410\" height=\"457\" srcset=\"https:\/\/eldiariodelaeducacion.com\/arteyeducacion\/wp-content\/uploads\/sites\/19\/2022\/03\/IES-Guadix-o-269x300.jpeg 269w, https:\/\/eldiariodelaeducacion.com\/arteyeducacion\/wp-content\/uploads\/sites\/19\/2022\/03\/IES-Guadix-o-919x1024.jpeg 919w, https:\/\/eldiariodelaeducacion.com\/arteyeducacion\/wp-content\/uploads\/sites\/19\/2022\/03\/IES-Guadix-o-768x856.jpeg 768w, https:\/\/eldiariodelaeducacion.com\/arteyeducacion\/wp-content\/uploads\/sites\/19\/2022\/03\/IES-Guadix-o-150x167.jpeg 150w, https:\/\/eldiariodelaeducacion.com\/arteyeducacion\/wp-content\/uploads\/sites\/19\/2022\/03\/IES-Guadix-o-450x501.jpeg 450w, https:\/\/eldiariodelaeducacion.com\/arteyeducacion\/wp-content\/uploads\/sites\/19\/2022\/03\/IES-Guadix-o.jpeg 946w\" sizes=\"(max-width: 410px) 100vw, 410px\" \/><figcaption id=\"caption-attachment-345\" class=\"wp-caption-text\">Fotograf\u00eda: Escuela de Artes de Guadix. Imagen cedida.<\/figcaption><\/figure>\n<h3>Otros prismas<\/h3>\n<p>Sea como fuere, la escuela se ha volcado con el nuevo proyecto. En las \u00faltimas semanas se han sucedido reuniones y encuentros de Ram\u00edrez L\u00f3pez con los m\u00e1s de 20 docentes subidos al carro, con el artista (Cecilio Puertas, multidisciplinar con una atenci\u00f3n especial a la fotograf\u00eda) y con los alumnos. En el aula, en la sala de profesores y en los bares de Guadix. \u201cQuedamos un d\u00eda Cecilio y yo para tomarnos una cerveza y alucin\u00e9 con la energ\u00eda de transmite y los proyectos tan interesantes que ha puesto en marcha, muchas veces con colectivos en riesgo de exclusi\u00f3n\u201d, narra esta profesora.<\/p>\n<p>El proyecto en s\u00ed (el c\u00f3mo se ha de concretar art\u00edsticamente) se haya a\u00fan en plena \u201clluvia de ideas\u201d, contin\u00faa Ram\u00edrez L\u00f3pez. Han hablado de reutilizar \u2014en las plazas de la localidad granadina\u2014 mobiliario que los vecinos abandonan al lado de los contenedores. De recopilar objetos antiguos relacionados con los ciclos formativos que imparte la escuela (alfarer\u00eda, bordado&#8230;, pero tambi\u00e9n del \u00e1mbito audiovisual y el dise\u00f1o) con el fin de hacer un \u201cbanco de documentaci\u00f3n gr\u00e1fica\u201d, dice. De impactar en la limpieza de la ciudad y en su gesti\u00f3n de residuos. \u201c\u00bfSer\u00e1 un proyecto integral de todo el centro con bifurcaciones? Lo cierto es que no s\u00e9 d\u00f3nde va a parar\u201d.<\/p>\n<p>En medio de la incertidumbre actual, la coordinadora de <em>Artistas en el aula<\/em> en Guadix tiene claras dos cosas. \u201cQue los alumnos y alumnas ser\u00e1n los verdaderos protagonistas\u201d, siendo docentes y artista gu\u00edas en el proceso. Y que todo culminar\u00e1 en un gran evento en la plaza de la Catedral, donde se ubica la escuela. Habr\u00e1 escenograf\u00eda en la fachada, talleres de reciclaje&#8230; \u201cVamos a montar un buen pollo\u201d, resume.<\/p>\n<p>El coordinador de Planea, por su parte, conf\u00eda en que Artistas en el Aula sirva para que fluya m\u00e1s y mejor el di\u00e1logo entre instituciones culturales y escuela, trascendiendo el enfoque habitual: ese que busca meramente aumentar la afluencia de p\u00fablico a museos, teatros etc. Ampliando la perspectiva, Jim\u00e9nez \u00c1lvarez conf\u00eda en que siga aumentando el peso de las artes en los centros educativos: \u201cEst\u00e1n minusvaloradas, y los chavales muchas veces aprenden m\u00e1s a trav\u00e9s de estas actividades. No es solo cuesti\u00f3n de incrementar la atenci\u00f3n y motivaci\u00f3n; estoy convencido de que el arte permite abordar cuestiones complejas desde otros prismas, encontrando soluciones creativas\u201d.<\/p>\n","protected":false},"excerpt":{"rendered":"<p>Figuras del flamenco rupturista como Eva Yerbabuena, Fina de \u00c1ngeles o Antonio Patrocinio hijo. Dos artistas visuales con una larga trayectoria de intervenciones con impacto social: Cecilio Puertas y Antonio P\u00e9rez Gil. Representantes de la nueva literatura andaluza (Diego Reche, Yolanda Ortiz&#8230;). Todos ellos han desembarcado ya en 26 centros de la red p\u00fablica y<\/p>\n","protected":false},"author":37,"featured_media":343,"comment_status":"open","ping_status":"open","sticky":false,"template":"","format":"standard","meta":{"footnotes":""},"categories":[17],"tags":[],"tipo":[30],"class_list":{"0":"post-342","1":"post","2":"type-post","3":"status-publish","4":"format-standard","5":"has-post-thumbnail","7":"category-arte-y-educacion","8":"tipo-reportaje"},"yoast_head":"<!-- This site is optimized with the Yoast SEO plugin v27.5 - https:\/\/yoast.com\/product\/yoast-seo-wordpress\/ -->\n<title>Artistas andaluces irrumpen en la escuela para co-crear con alumnos y docentes - Arte y educaci\u00f3n<\/title>\n<meta name=\"robots\" content=\"index, follow, max-snippet:-1, max-image-preview:large, max-video-preview:-1\" \/>\n<link rel=\"canonical\" href=\"https:\/\/eldiariodelaeducacion.com\/arteyeducacion\/2022\/03\/21\/artistas-andaluces-irrumpen-en-la-escuela-para-co-crear-con-alumnos-y-docentes\/\" \/>\n<meta property=\"og:locale\" content=\"es_ES\" \/>\n<meta property=\"og:type\" content=\"article\" \/>\n<meta property=\"og:title\" content=\"Artistas andaluces irrumpen en la escuela para co-crear con alumnos y docentes - Arte y educaci\u00f3n\" \/>\n<meta property=\"og:description\" content=\"Figuras del flamenco rupturista como Eva Yerbabuena, Fina de \u00c1ngeles o Antonio Patrocinio hijo. Dos artistas visuales con una larga trayectoria de intervenciones con impacto social: Cecilio Puertas y Antonio P\u00e9rez Gil. Representantes de la nueva literatura andaluza (Diego Reche, Yolanda Ortiz&#8230;). Todos ellos han desembarcado ya en 26 centros de la red p\u00fablica y\" \/>\n<meta property=\"og:url\" content=\"https:\/\/eldiariodelaeducacion.com\/arteyeducacion\/2022\/03\/21\/artistas-andaluces-irrumpen-en-la-escuela-para-co-crear-con-alumnos-y-docentes\/\" \/>\n<meta property=\"og:site_name\" content=\"Arte y educaci\u00f3n\" \/>\n<meta property=\"article:published_time\" content=\"2022-03-21T13:55:34+00:00\" \/>\n<meta property=\"article:modified_time\" content=\"2024-08-20T15:56:42+00:00\" \/>\n<meta property=\"og:image\" content=\"https:\/\/eldiariodelaeducacion.com\/arteyeducacion\/wp-content\/uploads\/sites\/19\/2022\/03\/image1.jpeg\" \/>\n\t<meta property=\"og:image:width\" content=\"2048\" \/>\n\t<meta property=\"og:image:height\" content=\"947\" \/>\n\t<meta property=\"og:image:type\" content=\"image\/jpeg\" \/>\n<meta name=\"author\" content=\"Rodrigo Santodomingo\" \/>\n<meta name=\"twitter:card\" content=\"summary_large_image\" \/>\n<meta name=\"twitter:label1\" content=\"Escrito por\" \/>\n\t<meta name=\"twitter:data1\" content=\"Rodrigo Santodomingo\" \/>\n\t<meta name=\"twitter:label2\" content=\"Tiempo de lectura\" \/>\n\t<meta name=\"twitter:data2\" content=\"7 minutos\" \/>\n<script type=\"application\/ld+json\" class=\"yoast-schema-graph\">{\"@context\":\"https:\\\/\\\/schema.org\",\"@graph\":[{\"@type\":\"Article\",\"@id\":\"https:\\\/\\\/eldiariodelaeducacion.com\\\/arteyeducacion\\\/2022\\\/03\\\/21\\\/artistas-andaluces-irrumpen-en-la-escuela-para-co-crear-con-alumnos-y-docentes\\\/#article\",\"isPartOf\":{\"@id\":\"https:\\\/\\\/eldiariodelaeducacion.com\\\/arteyeducacion\\\/2022\\\/03\\\/21\\\/artistas-andaluces-irrumpen-en-la-escuela-para-co-crear-con-alumnos-y-docentes\\\/\"},\"author\":{\"name\":\"Rodrigo Santodomingo\",\"@id\":\"https:\\\/\\\/eldiariodelaeducacion.com\\\/arteyeducacion\\\/#\\\/schema\\\/person\\\/163f9ec01c9d9051f3a42041f21a5f6b\"},\"headline\":\"Artistas andaluces irrumpen en la escuela para co-crear con alumnos y docentes\",\"datePublished\":\"2022-03-21T13:55:34+00:00\",\"dateModified\":\"2024-08-20T15:56:42+00:00\",\"mainEntityOfPage\":{\"@id\":\"https:\\\/\\\/eldiariodelaeducacion.com\\\/arteyeducacion\\\/2022\\\/03\\\/21\\\/artistas-andaluces-irrumpen-en-la-escuela-para-co-crear-con-alumnos-y-docentes\\\/\"},\"wordCount\":1439,\"commentCount\":0,\"image\":{\"@id\":\"https:\\\/\\\/eldiariodelaeducacion.com\\\/arteyeducacion\\\/2022\\\/03\\\/21\\\/artistas-andaluces-irrumpen-en-la-escuela-para-co-crear-con-alumnos-y-docentes\\\/#primaryimage\"},\"thumbnailUrl\":\"https:\\\/\\\/eldiariodelaeducacion.com\\\/arteyeducacion\\\/wp-content\\\/uploads\\\/sites\\\/19\\\/2022\\\/03\\\/image1.jpeg\",\"articleSection\":[\"Arte y educaci\u00f3n\"],\"inLanguage\":\"es\",\"potentialAction\":[{\"@type\":\"CommentAction\",\"name\":\"Comment\",\"target\":[\"https:\\\/\\\/eldiariodelaeducacion.com\\\/arteyeducacion\\\/2022\\\/03\\\/21\\\/artistas-andaluces-irrumpen-en-la-escuela-para-co-crear-con-alumnos-y-docentes\\\/#respond\"]}]},{\"@type\":\"WebPage\",\"@id\":\"https:\\\/\\\/eldiariodelaeducacion.com\\\/arteyeducacion\\\/2022\\\/03\\\/21\\\/artistas-andaluces-irrumpen-en-la-escuela-para-co-crear-con-alumnos-y-docentes\\\/\",\"url\":\"https:\\\/\\\/eldiariodelaeducacion.com\\\/arteyeducacion\\\/2022\\\/03\\\/21\\\/artistas-andaluces-irrumpen-en-la-escuela-para-co-crear-con-alumnos-y-docentes\\\/\",\"name\":\"Artistas andaluces irrumpen en la escuela para co-crear con alumnos y docentes - Arte y educaci\u00f3n\",\"isPartOf\":{\"@id\":\"https:\\\/\\\/eldiariodelaeducacion.com\\\/arteyeducacion\\\/#website\"},\"primaryImageOfPage\":{\"@id\":\"https:\\\/\\\/eldiariodelaeducacion.com\\\/arteyeducacion\\\/2022\\\/03\\\/21\\\/artistas-andaluces-irrumpen-en-la-escuela-para-co-crear-con-alumnos-y-docentes\\\/#primaryimage\"},\"image\":{\"@id\":\"https:\\\/\\\/eldiariodelaeducacion.com\\\/arteyeducacion\\\/2022\\\/03\\\/21\\\/artistas-andaluces-irrumpen-en-la-escuela-para-co-crear-con-alumnos-y-docentes\\\/#primaryimage\"},\"thumbnailUrl\":\"https:\\\/\\\/eldiariodelaeducacion.com\\\/arteyeducacion\\\/wp-content\\\/uploads\\\/sites\\\/19\\\/2022\\\/03\\\/image1.jpeg\",\"datePublished\":\"2022-03-21T13:55:34+00:00\",\"dateModified\":\"2024-08-20T15:56:42+00:00\",\"author\":{\"@id\":\"https:\\\/\\\/eldiariodelaeducacion.com\\\/arteyeducacion\\\/#\\\/schema\\\/person\\\/163f9ec01c9d9051f3a42041f21a5f6b\"},\"breadcrumb\":{\"@id\":\"https:\\\/\\\/eldiariodelaeducacion.com\\\/arteyeducacion\\\/2022\\\/03\\\/21\\\/artistas-andaluces-irrumpen-en-la-escuela-para-co-crear-con-alumnos-y-docentes\\\/#breadcrumb\"},\"inLanguage\":\"es\",\"potentialAction\":[{\"@type\":\"ReadAction\",\"target\":[\"https:\\\/\\\/eldiariodelaeducacion.com\\\/arteyeducacion\\\/2022\\\/03\\\/21\\\/artistas-andaluces-irrumpen-en-la-escuela-para-co-crear-con-alumnos-y-docentes\\\/\"]}]},{\"@type\":\"ImageObject\",\"inLanguage\":\"es\",\"@id\":\"https:\\\/\\\/eldiariodelaeducacion.com\\\/arteyeducacion\\\/2022\\\/03\\\/21\\\/artistas-andaluces-irrumpen-en-la-escuela-para-co-crear-con-alumnos-y-docentes\\\/#primaryimage\",\"url\":\"https:\\\/\\\/eldiariodelaeducacion.com\\\/arteyeducacion\\\/wp-content\\\/uploads\\\/sites\\\/19\\\/2022\\\/03\\\/image1.jpeg\",\"contentUrl\":\"https:\\\/\\\/eldiariodelaeducacion.com\\\/arteyeducacion\\\/wp-content\\\/uploads\\\/sites\\\/19\\\/2022\\\/03\\\/image1.jpeg\",\"width\":2048,\"height\":947,\"caption\":\"Los alumnos de la Escuela de Arte de Guadix en plena experimentaci\u00f3n art\u00edstico-pedagogica Fotograf\u00eda: Escuela de Artes de Guadix. Imagen cedida.\"},{\"@type\":\"BreadcrumbList\",\"@id\":\"https:\\\/\\\/eldiariodelaeducacion.com\\\/arteyeducacion\\\/2022\\\/03\\\/21\\\/artistas-andaluces-irrumpen-en-la-escuela-para-co-crear-con-alumnos-y-docentes\\\/#breadcrumb\",\"itemListElement\":[{\"@type\":\"ListItem\",\"position\":1,\"name\":\"Portada\",\"item\":\"https:\\\/\\\/eldiariodelaeducacion.com\\\/arteyeducacion\\\/\"},{\"@type\":\"ListItem\",\"position\":2,\"name\":\"Artistas andaluces irrumpen en la escuela para co-crear con alumnos y docentes\"}]},{\"@type\":\"WebSite\",\"@id\":\"https:\\\/\\\/eldiariodelaeducacion.com\\\/arteyeducacion\\\/#website\",\"url\":\"https:\\\/\\\/eldiariodelaeducacion.com\\\/arteyeducacion\\\/\",\"name\":\"Arte y educaci\u00f3n\",\"description\":\"Un blog de El Diario de la Educaci\u00f3n\",\"potentialAction\":[{\"@type\":\"SearchAction\",\"target\":{\"@type\":\"EntryPoint\",\"urlTemplate\":\"https:\\\/\\\/eldiariodelaeducacion.com\\\/arteyeducacion\\\/?s={search_term_string}\"},\"query-input\":{\"@type\":\"PropertyValueSpecification\",\"valueRequired\":true,\"valueName\":\"search_term_string\"}}],\"inLanguage\":\"es\"},{\"@type\":\"Person\",\"@id\":\"https:\\\/\\\/eldiariodelaeducacion.com\\\/arteyeducacion\\\/#\\\/schema\\\/person\\\/163f9ec01c9d9051f3a42041f21a5f6b\",\"name\":\"Rodrigo Santodomingo\",\"image\":{\"@type\":\"ImageObject\",\"inLanguage\":\"es\",\"@id\":\"https:\\\/\\\/eldiariodelaeducacion.com\\\/wp-content\\\/uploads\\\/2024\\\/10\\\/rodrigo-santodomingo_avatar-96x96.jpg\",\"url\":\"https:\\\/\\\/eldiariodelaeducacion.com\\\/wp-content\\\/uploads\\\/2024\\\/10\\\/rodrigo-santodomingo_avatar-96x96.jpg\",\"contentUrl\":\"https:\\\/\\\/eldiariodelaeducacion.com\\\/wp-content\\\/uploads\\\/2024\\\/10\\\/rodrigo-santodomingo_avatar-96x96.jpg\",\"caption\":\"Rodrigo Santodomingo\"},\"url\":\"https:\\\/\\\/eldiariodelaeducacion.com\\\/arteyeducacion\\\/author\\\/rodrigo\\\/\"}]}<\/script>\n<!-- \/ Yoast SEO plugin. -->","yoast_head_json":{"title":"Artistas andaluces irrumpen en la escuela para co-crear con alumnos y docentes - Arte y educaci\u00f3n","robots":{"index":"index","follow":"follow","max-snippet":"max-snippet:-1","max-image-preview":"max-image-preview:large","max-video-preview":"max-video-preview:-1"},"canonical":"https:\/\/eldiariodelaeducacion.com\/arteyeducacion\/2022\/03\/21\/artistas-andaluces-irrumpen-en-la-escuela-para-co-crear-con-alumnos-y-docentes\/","og_locale":"es_ES","og_type":"article","og_title":"Artistas andaluces irrumpen en la escuela para co-crear con alumnos y docentes - Arte y educaci\u00f3n","og_description":"Figuras del flamenco rupturista como Eva Yerbabuena, Fina de \u00c1ngeles o Antonio Patrocinio hijo. Dos artistas visuales con una larga trayectoria de intervenciones con impacto social: Cecilio Puertas y Antonio P\u00e9rez Gil. Representantes de la nueva literatura andaluza (Diego Reche, Yolanda Ortiz&#8230;). Todos ellos han desembarcado ya en 26 centros de la red p\u00fablica y","og_url":"https:\/\/eldiariodelaeducacion.com\/arteyeducacion\/2022\/03\/21\/artistas-andaluces-irrumpen-en-la-escuela-para-co-crear-con-alumnos-y-docentes\/","og_site_name":"Arte y educaci\u00f3n","article_published_time":"2022-03-21T13:55:34+00:00","article_modified_time":"2024-08-20T15:56:42+00:00","og_image":[{"width":2048,"height":947,"url":"https:\/\/eldiariodelaeducacion.com\/arteyeducacion\/wp-content\/uploads\/sites\/19\/2022\/03\/image1.jpeg","type":"image\/jpeg"}],"author":"Rodrigo Santodomingo","twitter_card":"summary_large_image","twitter_misc":{"Escrito por":"Rodrigo Santodomingo","Tiempo de lectura":"7 minutos"},"schema":{"@context":"https:\/\/schema.org","@graph":[{"@type":"Article","@id":"https:\/\/eldiariodelaeducacion.com\/arteyeducacion\/2022\/03\/21\/artistas-andaluces-irrumpen-en-la-escuela-para-co-crear-con-alumnos-y-docentes\/#article","isPartOf":{"@id":"https:\/\/eldiariodelaeducacion.com\/arteyeducacion\/2022\/03\/21\/artistas-andaluces-irrumpen-en-la-escuela-para-co-crear-con-alumnos-y-docentes\/"},"author":{"name":"Rodrigo Santodomingo","@id":"https:\/\/eldiariodelaeducacion.com\/arteyeducacion\/#\/schema\/person\/163f9ec01c9d9051f3a42041f21a5f6b"},"headline":"Artistas andaluces irrumpen en la escuela para co-crear con alumnos y docentes","datePublished":"2022-03-21T13:55:34+00:00","dateModified":"2024-08-20T15:56:42+00:00","mainEntityOfPage":{"@id":"https:\/\/eldiariodelaeducacion.com\/arteyeducacion\/2022\/03\/21\/artistas-andaluces-irrumpen-en-la-escuela-para-co-crear-con-alumnos-y-docentes\/"},"wordCount":1439,"commentCount":0,"image":{"@id":"https:\/\/eldiariodelaeducacion.com\/arteyeducacion\/2022\/03\/21\/artistas-andaluces-irrumpen-en-la-escuela-para-co-crear-con-alumnos-y-docentes\/#primaryimage"},"thumbnailUrl":"https:\/\/eldiariodelaeducacion.com\/arteyeducacion\/wp-content\/uploads\/sites\/19\/2022\/03\/image1.jpeg","articleSection":["Arte y educaci\u00f3n"],"inLanguage":"es","potentialAction":[{"@type":"CommentAction","name":"Comment","target":["https:\/\/eldiariodelaeducacion.com\/arteyeducacion\/2022\/03\/21\/artistas-andaluces-irrumpen-en-la-escuela-para-co-crear-con-alumnos-y-docentes\/#respond"]}]},{"@type":"WebPage","@id":"https:\/\/eldiariodelaeducacion.com\/arteyeducacion\/2022\/03\/21\/artistas-andaluces-irrumpen-en-la-escuela-para-co-crear-con-alumnos-y-docentes\/","url":"https:\/\/eldiariodelaeducacion.com\/arteyeducacion\/2022\/03\/21\/artistas-andaluces-irrumpen-en-la-escuela-para-co-crear-con-alumnos-y-docentes\/","name":"Artistas andaluces irrumpen en la escuela para co-crear con alumnos y docentes - Arte y educaci\u00f3n","isPartOf":{"@id":"https:\/\/eldiariodelaeducacion.com\/arteyeducacion\/#website"},"primaryImageOfPage":{"@id":"https:\/\/eldiariodelaeducacion.com\/arteyeducacion\/2022\/03\/21\/artistas-andaluces-irrumpen-en-la-escuela-para-co-crear-con-alumnos-y-docentes\/#primaryimage"},"image":{"@id":"https:\/\/eldiariodelaeducacion.com\/arteyeducacion\/2022\/03\/21\/artistas-andaluces-irrumpen-en-la-escuela-para-co-crear-con-alumnos-y-docentes\/#primaryimage"},"thumbnailUrl":"https:\/\/eldiariodelaeducacion.com\/arteyeducacion\/wp-content\/uploads\/sites\/19\/2022\/03\/image1.jpeg","datePublished":"2022-03-21T13:55:34+00:00","dateModified":"2024-08-20T15:56:42+00:00","author":{"@id":"https:\/\/eldiariodelaeducacion.com\/arteyeducacion\/#\/schema\/person\/163f9ec01c9d9051f3a42041f21a5f6b"},"breadcrumb":{"@id":"https:\/\/eldiariodelaeducacion.com\/arteyeducacion\/2022\/03\/21\/artistas-andaluces-irrumpen-en-la-escuela-para-co-crear-con-alumnos-y-docentes\/#breadcrumb"},"inLanguage":"es","potentialAction":[{"@type":"ReadAction","target":["https:\/\/eldiariodelaeducacion.com\/arteyeducacion\/2022\/03\/21\/artistas-andaluces-irrumpen-en-la-escuela-para-co-crear-con-alumnos-y-docentes\/"]}]},{"@type":"ImageObject","inLanguage":"es","@id":"https:\/\/eldiariodelaeducacion.com\/arteyeducacion\/2022\/03\/21\/artistas-andaluces-irrumpen-en-la-escuela-para-co-crear-con-alumnos-y-docentes\/#primaryimage","url":"https:\/\/eldiariodelaeducacion.com\/arteyeducacion\/wp-content\/uploads\/sites\/19\/2022\/03\/image1.jpeg","contentUrl":"https:\/\/eldiariodelaeducacion.com\/arteyeducacion\/wp-content\/uploads\/sites\/19\/2022\/03\/image1.jpeg","width":2048,"height":947,"caption":"Los alumnos de la Escuela de Arte de Guadix en plena experimentaci\u00f3n art\u00edstico-pedagogica Fotograf\u00eda: Escuela de Artes de Guadix. Imagen cedida."},{"@type":"BreadcrumbList","@id":"https:\/\/eldiariodelaeducacion.com\/arteyeducacion\/2022\/03\/21\/artistas-andaluces-irrumpen-en-la-escuela-para-co-crear-con-alumnos-y-docentes\/#breadcrumb","itemListElement":[{"@type":"ListItem","position":1,"name":"Portada","item":"https:\/\/eldiariodelaeducacion.com\/arteyeducacion\/"},{"@type":"ListItem","position":2,"name":"Artistas andaluces irrumpen en la escuela para co-crear con alumnos y docentes"}]},{"@type":"WebSite","@id":"https:\/\/eldiariodelaeducacion.com\/arteyeducacion\/#website","url":"https:\/\/eldiariodelaeducacion.com\/arteyeducacion\/","name":"Arte y educaci\u00f3n","description":"Un blog de El Diario de la Educaci\u00f3n","potentialAction":[{"@type":"SearchAction","target":{"@type":"EntryPoint","urlTemplate":"https:\/\/eldiariodelaeducacion.com\/arteyeducacion\/?s={search_term_string}"},"query-input":{"@type":"PropertyValueSpecification","valueRequired":true,"valueName":"search_term_string"}}],"inLanguage":"es"},{"@type":"Person","@id":"https:\/\/eldiariodelaeducacion.com\/arteyeducacion\/#\/schema\/person\/163f9ec01c9d9051f3a42041f21a5f6b","name":"Rodrigo Santodomingo","image":{"@type":"ImageObject","inLanguage":"es","@id":"https:\/\/eldiariodelaeducacion.com\/wp-content\/uploads\/2024\/10\/rodrigo-santodomingo_avatar-96x96.jpg","url":"https:\/\/eldiariodelaeducacion.com\/wp-content\/uploads\/2024\/10\/rodrigo-santodomingo_avatar-96x96.jpg","contentUrl":"https:\/\/eldiariodelaeducacion.com\/wp-content\/uploads\/2024\/10\/rodrigo-santodomingo_avatar-96x96.jpg","caption":"Rodrigo Santodomingo"},"url":"https:\/\/eldiariodelaeducacion.com\/arteyeducacion\/author\/rodrigo\/"}]}},"_links":{"self":[{"href":"https:\/\/eldiariodelaeducacion.com\/arteyeducacion\/wp-json\/wp\/v2\/posts\/342","targetHints":{"allow":["GET"]}}],"collection":[{"href":"https:\/\/eldiariodelaeducacion.com\/arteyeducacion\/wp-json\/wp\/v2\/posts"}],"about":[{"href":"https:\/\/eldiariodelaeducacion.com\/arteyeducacion\/wp-json\/wp\/v2\/types\/post"}],"author":[{"embeddable":true,"href":"https:\/\/eldiariodelaeducacion.com\/arteyeducacion\/wp-json\/wp\/v2\/users\/37"}],"replies":[{"embeddable":true,"href":"https:\/\/eldiariodelaeducacion.com\/arteyeducacion\/wp-json\/wp\/v2\/comments?post=342"}],"version-history":[{"count":1,"href":"https:\/\/eldiariodelaeducacion.com\/arteyeducacion\/wp-json\/wp\/v2\/posts\/342\/revisions"}],"predecessor-version":[{"id":543,"href":"https:\/\/eldiariodelaeducacion.com\/arteyeducacion\/wp-json\/wp\/v2\/posts\/342\/revisions\/543"}],"wp:featuredmedia":[{"embeddable":true,"href":"https:\/\/eldiariodelaeducacion.com\/arteyeducacion\/wp-json\/wp\/v2\/media\/343"}],"wp:attachment":[{"href":"https:\/\/eldiariodelaeducacion.com\/arteyeducacion\/wp-json\/wp\/v2\/media?parent=342"}],"wp:term":[{"taxonomy":"category","embeddable":true,"href":"https:\/\/eldiariodelaeducacion.com\/arteyeducacion\/wp-json\/wp\/v2\/categories?post=342"},{"taxonomy":"post_tag","embeddable":true,"href":"https:\/\/eldiariodelaeducacion.com\/arteyeducacion\/wp-json\/wp\/v2\/tags?post=342"},{"taxonomy":"tipo","embeddable":true,"href":"https:\/\/eldiariodelaeducacion.com\/arteyeducacion\/wp-json\/wp\/v2\/tipo?post=342"}],"curies":[{"name":"wp","href":"https:\/\/api.w.org\/{rel}","templated":true}]}}