{"id":375,"date":"2023-06-30T06:00:58","date_gmt":"2023-06-30T06:00:58","guid":{"rendered":"https:\/\/eldiariodelaeducacion.com\/arteyeducacion\/?p=375"},"modified":"2024-08-20T17:56:42","modified_gmt":"2024-08-20T15:56:42","slug":"arte-contemporaneo-para-sobrevivir-al-fin-del-mundo","status":"publish","type":"post","link":"https:\/\/eldiariodelaeducacion.com\/arteyeducacion\/2023\/06\/30\/arte-contemporaneo-para-sobrevivir-al-fin-del-mundo\/","title":{"rendered":"Arte contempor\u00e1neo para sobrevivir al fin del mundo"},"content":{"rendered":"<p>\u00bfPuede el arte contempor\u00e1neo, las artes esc\u00e9nicas, facilitar el d\u00eda siguiente al final del mundo si es que (o cuando) ocurre? Es dif\u00edcil de saberlo, pero desde la Red PLANEA creen que, al menos, puede ser una ayuda para que chicas y chicos reflexionen sobre el mundo que les rodea.<\/p>\n<p>El pasado mes de abril nueve centros de Andaluc\u00eda que est\u00e1n participando en la Red PLANEA tuvieron un encuentro presencial en el que chicas y chicos se conocieron despu\u00e9s de haber pasado meses trabajando en el mismo proyecto: Acciones posteriores al fin del mundo. Fundamentalmente, se trat\u00f3 de utilizar algunas de las herramientas de las artes esc\u00e9nicas y de la poes\u00eda para que chicas y chicos reflexionaran sobre \u00ablas problem\u00e1ticas a las que se enfrentan\u00bb.<\/p>\n<p>El trabajo ha sido mediado, en este tiempo, por el artista y dramaturgo Cristian Alcaraz que se ha encargado, tras una reuni\u00f3n inicial presencial en cada uno de los centros, de mantener encuentros virtuales con el profesorado de los centros en las que fue plante\u00e1ndoles diferentes retos y acciones que tendr\u00edan que llevar a cabo en sus aulas respectivamente.<\/p>\n<p>Una suerte de encuentros formativos para que el profesorado pudiera <em>enfrentarse<\/em> a sus estudiantes y plantearles, a su vez, nuevas acciones con las que ir avanzando en su proceso reflexivo. Seg\u00fan explica Mar Dolz, coordinadora del proyecto desde la Red, las reuniones, que han ocurrido de enero a abril, han tratado de servir como formaci\u00f3n del profesorado \u00abpara dar estrategias para trabajar con alumnado sobre artes y para que pensaran en diferentes problem\u00e1ticas sociales\u00bb, como medioambiente, cultura, cambios en su propia vida&#8230; La idea es que tras las sesiones, cada grupo clase pudiera trabajar los temas de manera aut\u00f3noma hasta la siguiente sesi\u00f3n de formaci\u00f3n con Alcaraz.<\/p>\n<p>Cristian Alcaraz explica que le propusieron elaborar el proyecto y pens\u00f3 en el fin del mundo y en responder a la pregunta \u00ab\u00bfQu\u00e9 sucede en los institutos que han sobrevivido al fin del mundo?\u00bb. El objetivo, \u00abPropiciar el encuentro entre los centros tras la cat\u00e1strofe\u00bb, comenta el dramaturgo.<\/p>\n<figure id=\"attachment_381\" aria-describedby=\"caption-attachment-381\" style=\"width: 820px\" class=\"wp-caption alignnone\"><img fetchpriority=\"high\" decoding=\"async\" class=\"wp-image-381\" src=\"https:\/\/eldiariodelaeducacion.com\/arteyeducacion\/wp-content\/uploads\/sites\/25\/2023\/06\/Planea-Mollina-40-300x200.jpg\" alt=\"\" width=\"820\" height=\"547\" srcset=\"https:\/\/eldiariodelaeducacion.com\/arteyeducacion\/wp-content\/uploads\/sites\/19\/2023\/06\/Planea-Mollina-40-300x200.jpg 300w, https:\/\/eldiariodelaeducacion.com\/arteyeducacion\/wp-content\/uploads\/sites\/19\/2023\/06\/Planea-Mollina-40-768x512.jpg 768w, https:\/\/eldiariodelaeducacion.com\/arteyeducacion\/wp-content\/uploads\/sites\/19\/2023\/06\/Planea-Mollina-40-150x100.jpg 150w, https:\/\/eldiariodelaeducacion.com\/arteyeducacion\/wp-content\/uploads\/sites\/19\/2023\/06\/Planea-Mollina-40-450x300.jpg 450w, https:\/\/eldiariodelaeducacion.com\/arteyeducacion\/wp-content\/uploads\/sites\/19\/2023\/06\/Planea-Mollina-40.jpg 1024w\" sizes=\"(max-width: 820px) 100vw, 820px\" \/><figcaption id=\"caption-attachment-381\" class=\"wp-caption-text\">Representaci\u00f3n de uno de los grupos durante el encuentro de abril. Foto: S\u00e9ptima Direcci\u00f3n Audiovisuales | PLANEA<\/figcaption><\/figure>\n<p>Este generar una red entre centros se ha notado, sobre todo, entre el profesorado que, regularmente, iba compartiendo con el resto el resultado del trabajo con su alumnado para poder ver las propuestas de cada cual.<\/p>\n<p>Entre los <em>productos<\/em> que se han elaborado, cuenta Dolz, estaba una carta en la que cada clase deb\u00eda explicar c\u00f3mo hab\u00eda ocurrido el fin del mundo y cu\u00e1l era el plan a corto plazo para salir adelante. Una vez hecha, se enviaba a otra clase, a otro centro, para que todas pudieran leer una de ellas.<\/p>\n<p>Chicas y chicos tambi\u00e9n han elaborado <em>collages<\/em> relacionados con su propio universo y partiendo de las noticias que hab\u00edan ocurrido el d\u00eda de su nacimiento. El producto final tambi\u00e9n era compartido, de manera que el alumnado pudiera ver similitudes y diferentes entre s\u00ed. Con acciones como esta se pretend\u00eda ahondar en la creaci\u00f3n de comunidad. \u00abSi el mundo se acaba, algo que ya ha ocurrido, explica Dolz, solo podemos hacer comunidad; el salvavidas es encontrarnos con los dem\u00e1s\u00bb.<\/p>\n<h3>Collage, poes\u00eda y performance para pensar el d\u00eda siguiente<\/h3>\n<p>Esta herramienta, el apoyo mutuo, el generar comunidad, el ayudarse unas a otras, es el pilar en el que pivota el proyecto y, al tiempo, el <em>leit motiv<\/em> que empuja hacia el encuentro con el que se cerr\u00f3 el proyecto a finales de abril. Un encuentro en el que cada grupo deb\u00eda utilizar las artes esc\u00e9nicas, la <em>performance<\/em>, para representar ante el resto de centros sus reflexiones, inquietudes y soluciones ante una situaci\u00f3n de crisis total.<\/p>\n<p>Los grupos que han estado trabajando durante estos meses han sido muy variopintos. Todos en centros de secundaria, bachillerato o ciclos formativos, eso s\u00ed.<\/p>\n<p>Inma Contreras es docente de Dibujo en el IES Sabinar en Roquetas de Mar (Almer\u00eda). Ella decidi\u00f3 que ser\u00eda m\u00e1s sencillo trabajar con su alumnado del bachillerato de Artes porque, desde su punto de vista, trabajar con chicas y chicos de 4\u00ba de ESO, la otra opci\u00f3n, habr\u00eda sido muy complicado. \u00abEs complicado porque necesitan de cierto grado de abstracci\u00f3n\u00bb, comenta al tel\u00e9fono esta docente. Y el alumnado del centro en el que ella trabaja tiene unas condiciones materiales de vida que tal vez complicasen la situaci\u00f3n.<\/p>\n<p>Pablo Navarro es docente en ciclos formativos de grado superior en el IES La Orden, en Huelva. Trabaja en el grado de Animaci\u00f3n sociocultural, en el m\u00f3dulo (asignatura) de Animaci\u00f3n y gesti\u00f3n cultural. El proyecto, desde su punto de vista, encaja perfectamente con el objetivo del curso: generar propuestas culturales para la transformaci\u00f3n social\u00bb.<\/p>\n<p>Para Contreras, uno de los puntos fuertes era llevar a su clase alguien externo al centro, a su cotidiano \u00aby m\u00e1s a un artista con un bagaje diferente\u00bb al de sus chavales. Eso s\u00ed, comenta que hay cierto tipo de propuestas m\u00e1s complejas de aterrizar con su grupo clase, propuestas \u00abm\u00e1s evanescentes\u00bb, menos concretas que obligan a un mayor esfuerzo de pensamiento por parte del alumnado. Justo al contrario de lo que comenta Navarro, que se\u00f1ala la \u00ablaxitud\u00bb de la propuesta como uno de los puntos fuertes ya que le ha facilitado \u00abno estar tan encorsetado\u00bb, al dejar la puerta abierta a que cada grupo buscase c\u00f3mo y qu\u00e9 hacer y contar\u00bb. Aunque admite que es necesaria \u00abcierta directividad\u00bb puesto que, en ocasiones, \u00abque el alumnado reflexione y haga propuestas es un reto\u00bb.<\/p>\n<p>De hecho, esta docente comenta que el gran reto fue preparar el producto final para la reuni\u00f3n con el resto de centros. Conseguir que la propuesta que se plantease tuviese sentido ante un planteamiento abierto, entre lo filos\u00f3fico y lo art\u00edstico. Una labor que les llev\u00f3 dos semanas de trabajo para ponerse de acuerdo. Finalmente decidieron hacer un audiovisual con la idea central de que el arte puede salvarnos del fin del mundo. Un audiovisual con base en im\u00e1genes que ilustraran el sentido art\u00edstico y que iban acompa\u00f1adas de frases que el alumnado le\u00eda.<\/p>\n<p>En el caso de Pen\u00e9lope Calvo-Rubio, profesora de Lengua y Literatura en el IES Blas Infante de Viso del Alcor (Sevilla), se decidi\u00f3 por dos grupos de 1\u00ba de ESO de la asignatura Oratoria y Debate, puesto que tendr\u00edan m\u00e1s tiempo para dedicar a \u00abactividades fuera de las contempladas en la programaci\u00f3n de la asignatura\u00bb.<\/p>\n<figure id=\"attachment_372\" aria-describedby=\"caption-attachment-372\" style=\"width: 820px\" class=\"wp-caption alignnone\"><img decoding=\"async\" class=\"wp-image-372\" src=\"https:\/\/eldiariodelaeducacion.com\/arteyeducacion\/wp-content\/uploads\/sites\/25\/2023\/06\/Planea-Mollina-1651-300x200.jpg\" alt=\"\" width=\"820\" height=\"547\" srcset=\"https:\/\/eldiariodelaeducacion.com\/arteyeducacion\/wp-content\/uploads\/sites\/19\/2023\/06\/Planea-Mollina-1651-300x200.jpg 300w, https:\/\/eldiariodelaeducacion.com\/arteyeducacion\/wp-content\/uploads\/sites\/19\/2023\/06\/Planea-Mollina-1651-768x512.jpg 768w, https:\/\/eldiariodelaeducacion.com\/arteyeducacion\/wp-content\/uploads\/sites\/19\/2023\/06\/Planea-Mollina-1651-150x100.jpg 150w, https:\/\/eldiariodelaeducacion.com\/arteyeducacion\/wp-content\/uploads\/sites\/19\/2023\/06\/Planea-Mollina-1651-450x300.jpg 450w, https:\/\/eldiariodelaeducacion.com\/arteyeducacion\/wp-content\/uploads\/sites\/19\/2023\/06\/Planea-Mollina-1651.jpg 1024w\" sizes=\"(max-width: 820px) 100vw, 820px\" \/><figcaption id=\"caption-attachment-372\" class=\"wp-caption-text\">Cristian Alcaraz durante el encuentro con chicas y chicos a finales de abril. Foto: S\u00e9ptima Direcci\u00f3n Audiovisuales | PLANEA<\/figcaption><\/figure>\n<h3>El encuentro<\/h3>\n<p>El encuentro, comenta Contreras, fue interesante por conocer el resultado del trabajo de los compa\u00f1eros docentes, tambi\u00e9n las propuestas del alumnado. Despu\u00e9s de varios meses en los que los diferentes grupos han realizado los mismos talleres, sobre las mismas herramientas, las propuestas resultan muy diversas.<\/p>\n<p>Tambi\u00e9n porque chicas y chicos se encontraron con personas muy diferentes, de edades e intereses tambi\u00e9n diversos. Para esta docente, el proyecto le ha venido muy bien a sus estudiantes \u00abpara pensar en propuestas diferentes a las que tienen en la cabeza\u00bb, una forma de sacarles de la zona de confort que ha conseguido que \u00abpensaran en cosas que no hubieran hecho nunca\u00bb. Dice que \u00ablos chavales no se dieron cuenta de la magnitud\u00bb de aquello en lo que llevaban meses participando \u00abhasta que no se vieron all\u00ed\u00bb.<\/p>\n<p>El encuentro sirvi\u00f3 para ponerse cara unas a otros. Ha habido gente que ha encontrado amigos ese d\u00eda. \u201cHa funcionado\u201d, asegura Cristian, \u201cpara algunos fue algo importante, un cambio de vida\u201d.<\/p>\n<p>Para el artista, lo m\u00e1s relevante del encuentro en realidad no son los productos que se presentaron all\u00ed, cada uno de su padre y de su madre, con importantes diferencias en cuanto a contenido y desarrollo, entre otras cosas, por las diferencias de quienes los han hecho.<\/p>\n<p>Para \u00e9l, el hecho de que chicas y chicos hayan coincidido en el tiempo y el espacio es lo realmente relevante de la acci\u00f3n. Cristian da gracias \u201cpor ponerme en este espacio para que esta gente se conozca y se encuentre\u201d.<\/p>\n<p>A pesar de que, seguramente, los productos teatrales o performativos que se vieron no fueran de alta calidad, el artista destaca el hecho de que durante las representaciones hab\u00eda 200 j\u00f3venes \u201cconcentrados y con ganas de escuchar, de ver lo que el otro hab\u00eda hecho\u201d.<\/p>\n<p>En definitiva, encontrarse, crear en com\u00fan, era el objetivo subyacente a todo el proyecto y, por lo que cuentan unas y otros, efectivamente, se logr\u00f3. Pen\u00e9lope Calvo-Rubio Jim\u00e9nez el caso de su alumnado y la relaci\u00f3n que establecieron desde el primer momento con otro centro, de Mor\u00f3n. \u00abEn la carta de la primera actividad ya se establecieron contactos por redes sociales y despu\u00e9s en el trayecto en autob\u00fas al encuentro se hicieron amistades que a\u00fan hoy contin\u00faan\u00bb.<\/p>\n<figure id=\"attachment_373\" aria-describedby=\"caption-attachment-373\" style=\"width: 820px\" class=\"wp-caption alignnone\"><img decoding=\"async\" class=\"wp-image-373\" src=\"https:\/\/eldiariodelaeducacion.com\/arteyeducacion\/wp-content\/uploads\/sites\/25\/2023\/06\/Planea-Mollina-881-300x200.jpg\" alt=\"\" width=\"820\" height=\"547\" srcset=\"https:\/\/eldiariodelaeducacion.com\/arteyeducacion\/wp-content\/uploads\/sites\/19\/2023\/06\/Planea-Mollina-881-300x200.jpg 300w, https:\/\/eldiariodelaeducacion.com\/arteyeducacion\/wp-content\/uploads\/sites\/19\/2023\/06\/Planea-Mollina-881-768x512.jpg 768w, https:\/\/eldiariodelaeducacion.com\/arteyeducacion\/wp-content\/uploads\/sites\/19\/2023\/06\/Planea-Mollina-881-150x100.jpg 150w, https:\/\/eldiariodelaeducacion.com\/arteyeducacion\/wp-content\/uploads\/sites\/19\/2023\/06\/Planea-Mollina-881-450x300.jpg 450w, https:\/\/eldiariodelaeducacion.com\/arteyeducacion\/wp-content\/uploads\/sites\/19\/2023\/06\/Planea-Mollina-881.jpg 1024w\" sizes=\"(max-width: 820px) 100vw, 820px\" \/><figcaption id=\"caption-attachment-373\" class=\"wp-caption-text\">Durante el encuentro, un factor importante fue la creaci\u00f3n de lazos entre estudiantes de diferentes centros.<br \/>Foto: S\u00e9ptima Direcci\u00f3n Audiovisuales | PLANEA<\/figcaption><\/figure>\n<h3>Retos<\/h3>\n<p>\u201cHubiera sido interesante otro encuentro presencial\u201d, explica Alcaraz. El \u00fanico encuentro que tiene con chicas y chicos sirve para ponerse cara, pero al no haber ning\u00fan otro, \u201cla \u00fanica figura (para el alumnado) ha sido la del profesor y no la del extra\u00f1o\u201d, algo que, precisamente, Inma Contreras y Pablo Navarro destacan del proyecto, el abrir la puerta del aula al extra\u00f1o. A pesar de esto, Alcaraz cree que es importante que con la experiencia y el conocimiento que se ha generado, los institutos puedan replicar la experiencia sin la necesidad de que \u00e9l est\u00e9.<\/p>\n<p>Otro de los puntos que pueden generar cierta confusi\u00f3n es la gran heterogeneidad entre el alumnado participante en el proyecto. Desde chavales de 1\u00ba de ESO hasta los del ciclo de Pablo Navarro (de los 18 a los 25 a\u00f1os). Para Alcaraz, esto no es un problema, aunque s\u00ed ha podido influir en la dificultad o la facilidad de desarrollar proyectos m\u00e1s homog\u00e9neos, crear \u201cun contenido com\u00fan, con referentes comunes\u201d en el caso de que los grupos hubieran sido m\u00e1s similares.<\/p>\n<p>Por supuesto, hay otros retos sobre la mesa como las diferentes materias desde las que se encajan. Los tres centros que aparecen en el reportaje han optado desde lugares muy diferentes: Animaci\u00f3n y gesti\u00f3n cultural, Oratoria y debate o Cultura audiovisual. Esto, entre otras cosas, tienen impacto en el tiempo que cada grupo puede dedicar al proyecto en funci\u00f3n del curr\u00edculo obligatorio que ha de impartirse.<\/p>\n<p>Tambi\u00e9n, la madurez del alumnado a la hora de enfrentarse a cuestiones m\u00e1s o menos abstractas, a asuntos sobre los que es posible que no hubiese reflexionado con anterioridad. Aunque, comenta Alcaraz, esto le da cierta riqueza a las propuestas finales, que iban desde las m\u00e1s pol\u00edtizadas de los mayores a las m\u00e1s relacionadas con la fantas\u00eda y la ficci\u00f3n de los grupos de estudiantes menores.<\/p>\n<p>M\u00e1s all\u00e1 de estas posibles dificultades, y otras relacionadas con tener que \u00abempujar\u00bb un poco a los grupos para trabajar los temas, Alcaraz describe momentos del proceso que le han parecido relevantes. Como el d\u00eda que un chaval comparti\u00f3 un poema que hab\u00eda escrito. El t\u00edpico chaval, explica, que parece intentar dar la nota todo el rato. \u201cEscribi\u00f3 un poema bell\u00edsimo que me regal\u00f3\u201d, comenta, cuando le dijo al joven lo que le hab\u00eda gustado. \u201cNecesitan un lugar de escucha, tener voz\u201d, asegura Alcaraz.<\/p>\n<p>O el hecho de que, durante el d\u00eda que pasaron juntas y juntos, se desarrollaron din\u00e1micas no propuestas. Explica que el grupo de Pablo Navarro decidi\u00f3 tomar la iniciativa y generar juegos y din\u00e1micas para que el resto de chavales pudieran estar haciendo cosas durante los tiempos de espera. Momentos en los que, finalmente, los lazos que se hab\u00edan ya formado pudieron fortalecerse y, otros nuevos, crearse.<\/p>\n","protected":false},"excerpt":{"rendered":"<p>\u00bfPuede el arte contempor\u00e1neo, las artes esc\u00e9nicas, facilitar el d\u00eda siguiente al final del mundo si es que (o cuando) ocurre? Es dif\u00edcil de saberlo, pero desde la Red PLANEA creen que, al menos, puede ser una ayuda para que chicas y chicos reflexionen sobre el mundo que les rodea. El pasado mes de abril<\/p>\n","protected":false},"author":3,"featured_media":374,"comment_status":"open","ping_status":"open","sticky":false,"template":"","format":"standard","meta":{"footnotes":""},"categories":[17],"tags":[],"tipo":[30],"class_list":{"0":"post-375","1":"post","2":"type-post","3":"status-publish","4":"format-standard","5":"has-post-thumbnail","7":"category-arte-y-educacion","8":"tipo-reportaje"},"yoast_head":"<!-- This site is optimized with the Yoast SEO plugin v27.5 - https:\/\/yoast.com\/product\/yoast-seo-wordpress\/ -->\n<title>Arte contempor\u00e1neo para sobrevivir al fin del mundo - Arte y educaci\u00f3n<\/title>\n<meta name=\"robots\" content=\"index, follow, max-snippet:-1, max-image-preview:large, max-video-preview:-1\" \/>\n<link rel=\"canonical\" href=\"https:\/\/eldiariodelaeducacion.com\/arteyeducacion\/2023\/06\/30\/arte-contemporaneo-para-sobrevivir-al-fin-del-mundo\/\" \/>\n<meta property=\"og:locale\" content=\"es_ES\" \/>\n<meta property=\"og:type\" content=\"article\" \/>\n<meta property=\"og:title\" content=\"Arte contempor\u00e1neo para sobrevivir al fin del mundo - Arte y educaci\u00f3n\" \/>\n<meta property=\"og:description\" content=\"\u00bfPuede el arte contempor\u00e1neo, las artes esc\u00e9nicas, facilitar el d\u00eda siguiente al final del mundo si es que (o cuando) ocurre? Es dif\u00edcil de saberlo, pero desde la Red PLANEA creen que, al menos, puede ser una ayuda para que chicas y chicos reflexionen sobre el mundo que les rodea. El pasado mes de abril\" \/>\n<meta property=\"og:url\" content=\"https:\/\/eldiariodelaeducacion.com\/arteyeducacion\/2023\/06\/30\/arte-contemporaneo-para-sobrevivir-al-fin-del-mundo\/\" \/>\n<meta property=\"og:site_name\" content=\"Arte y educaci\u00f3n\" \/>\n<meta property=\"article:published_time\" content=\"2023-06-30T06:00:58+00:00\" \/>\n<meta property=\"article:modified_time\" content=\"2024-08-20T15:56:42+00:00\" \/>\n<meta property=\"og:image\" content=\"https:\/\/eldiariodelaeducacion.com\/arteyeducacion\/wp-content\/uploads\/sites\/19\/2023\/06\/Planea-Mollina-981.jpg\" \/>\n\t<meta property=\"og:image:width\" content=\"1024\" \/>\n\t<meta property=\"og:image:height\" content=\"683\" \/>\n\t<meta property=\"og:image:type\" content=\"image\/jpeg\" \/>\n<meta name=\"author\" content=\"Pablo Guti\u00e9rrez de \u00c1lamo\" \/>\n<meta name=\"twitter:card\" content=\"summary_large_image\" \/>\n<meta name=\"twitter:label1\" content=\"Escrito por\" \/>\n\t<meta name=\"twitter:data1\" content=\"Pablo Guti\u00e9rrez de \u00c1lamo\" \/>\n\t<meta name=\"twitter:label2\" content=\"Tiempo de lectura\" \/>\n\t<meta name=\"twitter:data2\" content=\"10 minutos\" \/>\n<script type=\"application\/ld+json\" class=\"yoast-schema-graph\">{\"@context\":\"https:\\\/\\\/schema.org\",\"@graph\":[{\"@type\":\"Article\",\"@id\":\"https:\\\/\\\/eldiariodelaeducacion.com\\\/arteyeducacion\\\/2023\\\/06\\\/30\\\/arte-contemporaneo-para-sobrevivir-al-fin-del-mundo\\\/#article\",\"isPartOf\":{\"@id\":\"https:\\\/\\\/eldiariodelaeducacion.com\\\/arteyeducacion\\\/2023\\\/06\\\/30\\\/arte-contemporaneo-para-sobrevivir-al-fin-del-mundo\\\/\"},\"author\":{\"name\":\"Pablo Guti\u00e9rrez de \u00c1lamo\",\"@id\":\"https:\\\/\\\/eldiariodelaeducacion.com\\\/arteyeducacion\\\/#\\\/schema\\\/person\\\/d51df312cce89adbe47c1d05106560bf\"},\"headline\":\"Arte contempor\u00e1neo para sobrevivir al fin del mundo\",\"datePublished\":\"2023-06-30T06:00:58+00:00\",\"dateModified\":\"2024-08-20T15:56:42+00:00\",\"mainEntityOfPage\":{\"@id\":\"https:\\\/\\\/eldiariodelaeducacion.com\\\/arteyeducacion\\\/2023\\\/06\\\/30\\\/arte-contemporaneo-para-sobrevivir-al-fin-del-mundo\\\/\"},\"wordCount\":2079,\"commentCount\":0,\"image\":{\"@id\":\"https:\\\/\\\/eldiariodelaeducacion.com\\\/arteyeducacion\\\/2023\\\/06\\\/30\\\/arte-contemporaneo-para-sobrevivir-al-fin-del-mundo\\\/#primaryimage\"},\"thumbnailUrl\":\"https:\\\/\\\/eldiariodelaeducacion.com\\\/arteyeducacion\\\/wp-content\\\/uploads\\\/sites\\\/19\\\/2023\\\/06\\\/Planea-Mollina-981.jpg\",\"articleSection\":[\"Arte y educaci\u00f3n\"],\"inLanguage\":\"es\",\"potentialAction\":[{\"@type\":\"CommentAction\",\"name\":\"Comment\",\"target\":[\"https:\\\/\\\/eldiariodelaeducacion.com\\\/arteyeducacion\\\/2023\\\/06\\\/30\\\/arte-contemporaneo-para-sobrevivir-al-fin-del-mundo\\\/#respond\"]}]},{\"@type\":\"WebPage\",\"@id\":\"https:\\\/\\\/eldiariodelaeducacion.com\\\/arteyeducacion\\\/2023\\\/06\\\/30\\\/arte-contemporaneo-para-sobrevivir-al-fin-del-mundo\\\/\",\"url\":\"https:\\\/\\\/eldiariodelaeducacion.com\\\/arteyeducacion\\\/2023\\\/06\\\/30\\\/arte-contemporaneo-para-sobrevivir-al-fin-del-mundo\\\/\",\"name\":\"Arte contempor\u00e1neo para sobrevivir al fin del mundo - Arte y educaci\u00f3n\",\"isPartOf\":{\"@id\":\"https:\\\/\\\/eldiariodelaeducacion.com\\\/arteyeducacion\\\/#website\"},\"primaryImageOfPage\":{\"@id\":\"https:\\\/\\\/eldiariodelaeducacion.com\\\/arteyeducacion\\\/2023\\\/06\\\/30\\\/arte-contemporaneo-para-sobrevivir-al-fin-del-mundo\\\/#primaryimage\"},\"image\":{\"@id\":\"https:\\\/\\\/eldiariodelaeducacion.com\\\/arteyeducacion\\\/2023\\\/06\\\/30\\\/arte-contemporaneo-para-sobrevivir-al-fin-del-mundo\\\/#primaryimage\"},\"thumbnailUrl\":\"https:\\\/\\\/eldiariodelaeducacion.com\\\/arteyeducacion\\\/wp-content\\\/uploads\\\/sites\\\/19\\\/2023\\\/06\\\/Planea-Mollina-981.jpg\",\"datePublished\":\"2023-06-30T06:00:58+00:00\",\"dateModified\":\"2024-08-20T15:56:42+00:00\",\"author\":{\"@id\":\"https:\\\/\\\/eldiariodelaeducacion.com\\\/arteyeducacion\\\/#\\\/schema\\\/person\\\/d51df312cce89adbe47c1d05106560bf\"},\"breadcrumb\":{\"@id\":\"https:\\\/\\\/eldiariodelaeducacion.com\\\/arteyeducacion\\\/2023\\\/06\\\/30\\\/arte-contemporaneo-para-sobrevivir-al-fin-del-mundo\\\/#breadcrumb\"},\"inLanguage\":\"es\",\"potentialAction\":[{\"@type\":\"ReadAction\",\"target\":[\"https:\\\/\\\/eldiariodelaeducacion.com\\\/arteyeducacion\\\/2023\\\/06\\\/30\\\/arte-contemporaneo-para-sobrevivir-al-fin-del-mundo\\\/\"]}]},{\"@type\":\"ImageObject\",\"inLanguage\":\"es\",\"@id\":\"https:\\\/\\\/eldiariodelaeducacion.com\\\/arteyeducacion\\\/2023\\\/06\\\/30\\\/arte-contemporaneo-para-sobrevivir-al-fin-del-mundo\\\/#primaryimage\",\"url\":\"https:\\\/\\\/eldiariodelaeducacion.com\\\/arteyeducacion\\\/wp-content\\\/uploads\\\/sites\\\/19\\\/2023\\\/06\\\/Planea-Mollina-981.jpg\",\"contentUrl\":\"https:\\\/\\\/eldiariodelaeducacion.com\\\/arteyeducacion\\\/wp-content\\\/uploads\\\/sites\\\/19\\\/2023\\\/06\\\/Planea-Mollina-981.jpg\",\"width\":1024,\"height\":683,\"caption\":\"Los diferentes grupos tuvieron que \\\"representar\\\" sus propuestas ante el resto. Foto: S\u00e9ptima Direcci\u00f3n Audiovisuales | PLANEA\"},{\"@type\":\"BreadcrumbList\",\"@id\":\"https:\\\/\\\/eldiariodelaeducacion.com\\\/arteyeducacion\\\/2023\\\/06\\\/30\\\/arte-contemporaneo-para-sobrevivir-al-fin-del-mundo\\\/#breadcrumb\",\"itemListElement\":[{\"@type\":\"ListItem\",\"position\":1,\"name\":\"Portada\",\"item\":\"https:\\\/\\\/eldiariodelaeducacion.com\\\/arteyeducacion\\\/\"},{\"@type\":\"ListItem\",\"position\":2,\"name\":\"Arte contempor\u00e1neo para sobrevivir al fin del mundo\"}]},{\"@type\":\"WebSite\",\"@id\":\"https:\\\/\\\/eldiariodelaeducacion.com\\\/arteyeducacion\\\/#website\",\"url\":\"https:\\\/\\\/eldiariodelaeducacion.com\\\/arteyeducacion\\\/\",\"name\":\"Arte y educaci\u00f3n\",\"description\":\"Un blog de El Diario de la Educaci\u00f3n\",\"potentialAction\":[{\"@type\":\"SearchAction\",\"target\":{\"@type\":\"EntryPoint\",\"urlTemplate\":\"https:\\\/\\\/eldiariodelaeducacion.com\\\/arteyeducacion\\\/?s={search_term_string}\"},\"query-input\":{\"@type\":\"PropertyValueSpecification\",\"valueRequired\":true,\"valueName\":\"search_term_string\"}}],\"inLanguage\":\"es\"},{\"@type\":\"Person\",\"@id\":\"https:\\\/\\\/eldiariodelaeducacion.com\\\/arteyeducacion\\\/#\\\/schema\\\/person\\\/d51df312cce89adbe47c1d05106560bf\",\"name\":\"Pablo Guti\u00e9rrez de \u00c1lamo\",\"image\":{\"@type\":\"ImageObject\",\"inLanguage\":\"es\",\"@id\":\"https:\\\/\\\/eldiariodelaeducacion.com\\\/wp-content\\\/uploads\\\/2024\\\/10\\\/pablo-gutierrez-de-Alamo_avatar_1-96x96.jpg\",\"url\":\"https:\\\/\\\/eldiariodelaeducacion.com\\\/wp-content\\\/uploads\\\/2024\\\/10\\\/pablo-gutierrez-de-Alamo_avatar_1-96x96.jpg\",\"contentUrl\":\"https:\\\/\\\/eldiariodelaeducacion.com\\\/wp-content\\\/uploads\\\/2024\\\/10\\\/pablo-gutierrez-de-Alamo_avatar_1-96x96.jpg\",\"caption\":\"Pablo Guti\u00e9rrez de \u00c1lamo\"},\"description\":\"Periodista especializado en educaci\u00f3n. Director de El Diario de la Educaci\u00f3n. Antes en Peri\u00f3dico Escuela\",\"url\":\"https:\\\/\\\/eldiariodelaeducacion.com\\\/arteyeducacion\\\/author\\\/pgutierrez\\\/\"}]}<\/script>\n<!-- \/ Yoast SEO plugin. -->","yoast_head_json":{"title":"Arte contempor\u00e1neo para sobrevivir al fin del mundo - Arte y educaci\u00f3n","robots":{"index":"index","follow":"follow","max-snippet":"max-snippet:-1","max-image-preview":"max-image-preview:large","max-video-preview":"max-video-preview:-1"},"canonical":"https:\/\/eldiariodelaeducacion.com\/arteyeducacion\/2023\/06\/30\/arte-contemporaneo-para-sobrevivir-al-fin-del-mundo\/","og_locale":"es_ES","og_type":"article","og_title":"Arte contempor\u00e1neo para sobrevivir al fin del mundo - Arte y educaci\u00f3n","og_description":"\u00bfPuede el arte contempor\u00e1neo, las artes esc\u00e9nicas, facilitar el d\u00eda siguiente al final del mundo si es que (o cuando) ocurre? Es dif\u00edcil de saberlo, pero desde la Red PLANEA creen que, al menos, puede ser una ayuda para que chicas y chicos reflexionen sobre el mundo que les rodea. El pasado mes de abril","og_url":"https:\/\/eldiariodelaeducacion.com\/arteyeducacion\/2023\/06\/30\/arte-contemporaneo-para-sobrevivir-al-fin-del-mundo\/","og_site_name":"Arte y educaci\u00f3n","article_published_time":"2023-06-30T06:00:58+00:00","article_modified_time":"2024-08-20T15:56:42+00:00","og_image":[{"width":1024,"height":683,"url":"https:\/\/eldiariodelaeducacion.com\/arteyeducacion\/wp-content\/uploads\/sites\/19\/2023\/06\/Planea-Mollina-981.jpg","type":"image\/jpeg"}],"author":"Pablo Guti\u00e9rrez de \u00c1lamo","twitter_card":"summary_large_image","twitter_misc":{"Escrito por":"Pablo Guti\u00e9rrez de \u00c1lamo","Tiempo de lectura":"10 minutos"},"schema":{"@context":"https:\/\/schema.org","@graph":[{"@type":"Article","@id":"https:\/\/eldiariodelaeducacion.com\/arteyeducacion\/2023\/06\/30\/arte-contemporaneo-para-sobrevivir-al-fin-del-mundo\/#article","isPartOf":{"@id":"https:\/\/eldiariodelaeducacion.com\/arteyeducacion\/2023\/06\/30\/arte-contemporaneo-para-sobrevivir-al-fin-del-mundo\/"},"author":{"name":"Pablo Guti\u00e9rrez de \u00c1lamo","@id":"https:\/\/eldiariodelaeducacion.com\/arteyeducacion\/#\/schema\/person\/d51df312cce89adbe47c1d05106560bf"},"headline":"Arte contempor\u00e1neo para sobrevivir al fin del mundo","datePublished":"2023-06-30T06:00:58+00:00","dateModified":"2024-08-20T15:56:42+00:00","mainEntityOfPage":{"@id":"https:\/\/eldiariodelaeducacion.com\/arteyeducacion\/2023\/06\/30\/arte-contemporaneo-para-sobrevivir-al-fin-del-mundo\/"},"wordCount":2079,"commentCount":0,"image":{"@id":"https:\/\/eldiariodelaeducacion.com\/arteyeducacion\/2023\/06\/30\/arte-contemporaneo-para-sobrevivir-al-fin-del-mundo\/#primaryimage"},"thumbnailUrl":"https:\/\/eldiariodelaeducacion.com\/arteyeducacion\/wp-content\/uploads\/sites\/19\/2023\/06\/Planea-Mollina-981.jpg","articleSection":["Arte y educaci\u00f3n"],"inLanguage":"es","potentialAction":[{"@type":"CommentAction","name":"Comment","target":["https:\/\/eldiariodelaeducacion.com\/arteyeducacion\/2023\/06\/30\/arte-contemporaneo-para-sobrevivir-al-fin-del-mundo\/#respond"]}]},{"@type":"WebPage","@id":"https:\/\/eldiariodelaeducacion.com\/arteyeducacion\/2023\/06\/30\/arte-contemporaneo-para-sobrevivir-al-fin-del-mundo\/","url":"https:\/\/eldiariodelaeducacion.com\/arteyeducacion\/2023\/06\/30\/arte-contemporaneo-para-sobrevivir-al-fin-del-mundo\/","name":"Arte contempor\u00e1neo para sobrevivir al fin del mundo - Arte y educaci\u00f3n","isPartOf":{"@id":"https:\/\/eldiariodelaeducacion.com\/arteyeducacion\/#website"},"primaryImageOfPage":{"@id":"https:\/\/eldiariodelaeducacion.com\/arteyeducacion\/2023\/06\/30\/arte-contemporaneo-para-sobrevivir-al-fin-del-mundo\/#primaryimage"},"image":{"@id":"https:\/\/eldiariodelaeducacion.com\/arteyeducacion\/2023\/06\/30\/arte-contemporaneo-para-sobrevivir-al-fin-del-mundo\/#primaryimage"},"thumbnailUrl":"https:\/\/eldiariodelaeducacion.com\/arteyeducacion\/wp-content\/uploads\/sites\/19\/2023\/06\/Planea-Mollina-981.jpg","datePublished":"2023-06-30T06:00:58+00:00","dateModified":"2024-08-20T15:56:42+00:00","author":{"@id":"https:\/\/eldiariodelaeducacion.com\/arteyeducacion\/#\/schema\/person\/d51df312cce89adbe47c1d05106560bf"},"breadcrumb":{"@id":"https:\/\/eldiariodelaeducacion.com\/arteyeducacion\/2023\/06\/30\/arte-contemporaneo-para-sobrevivir-al-fin-del-mundo\/#breadcrumb"},"inLanguage":"es","potentialAction":[{"@type":"ReadAction","target":["https:\/\/eldiariodelaeducacion.com\/arteyeducacion\/2023\/06\/30\/arte-contemporaneo-para-sobrevivir-al-fin-del-mundo\/"]}]},{"@type":"ImageObject","inLanguage":"es","@id":"https:\/\/eldiariodelaeducacion.com\/arteyeducacion\/2023\/06\/30\/arte-contemporaneo-para-sobrevivir-al-fin-del-mundo\/#primaryimage","url":"https:\/\/eldiariodelaeducacion.com\/arteyeducacion\/wp-content\/uploads\/sites\/19\/2023\/06\/Planea-Mollina-981.jpg","contentUrl":"https:\/\/eldiariodelaeducacion.com\/arteyeducacion\/wp-content\/uploads\/sites\/19\/2023\/06\/Planea-Mollina-981.jpg","width":1024,"height":683,"caption":"Los diferentes grupos tuvieron que \"representar\" sus propuestas ante el resto. Foto: S\u00e9ptima Direcci\u00f3n Audiovisuales | PLANEA"},{"@type":"BreadcrumbList","@id":"https:\/\/eldiariodelaeducacion.com\/arteyeducacion\/2023\/06\/30\/arte-contemporaneo-para-sobrevivir-al-fin-del-mundo\/#breadcrumb","itemListElement":[{"@type":"ListItem","position":1,"name":"Portada","item":"https:\/\/eldiariodelaeducacion.com\/arteyeducacion\/"},{"@type":"ListItem","position":2,"name":"Arte contempor\u00e1neo para sobrevivir al fin del mundo"}]},{"@type":"WebSite","@id":"https:\/\/eldiariodelaeducacion.com\/arteyeducacion\/#website","url":"https:\/\/eldiariodelaeducacion.com\/arteyeducacion\/","name":"Arte y educaci\u00f3n","description":"Un blog de El Diario de la Educaci\u00f3n","potentialAction":[{"@type":"SearchAction","target":{"@type":"EntryPoint","urlTemplate":"https:\/\/eldiariodelaeducacion.com\/arteyeducacion\/?s={search_term_string}"},"query-input":{"@type":"PropertyValueSpecification","valueRequired":true,"valueName":"search_term_string"}}],"inLanguage":"es"},{"@type":"Person","@id":"https:\/\/eldiariodelaeducacion.com\/arteyeducacion\/#\/schema\/person\/d51df312cce89adbe47c1d05106560bf","name":"Pablo Guti\u00e9rrez de \u00c1lamo","image":{"@type":"ImageObject","inLanguage":"es","@id":"https:\/\/eldiariodelaeducacion.com\/wp-content\/uploads\/2024\/10\/pablo-gutierrez-de-Alamo_avatar_1-96x96.jpg","url":"https:\/\/eldiariodelaeducacion.com\/wp-content\/uploads\/2024\/10\/pablo-gutierrez-de-Alamo_avatar_1-96x96.jpg","contentUrl":"https:\/\/eldiariodelaeducacion.com\/wp-content\/uploads\/2024\/10\/pablo-gutierrez-de-Alamo_avatar_1-96x96.jpg","caption":"Pablo Guti\u00e9rrez de \u00c1lamo"},"description":"Periodista especializado en educaci\u00f3n. Director de El Diario de la Educaci\u00f3n. Antes en Peri\u00f3dico Escuela","url":"https:\/\/eldiariodelaeducacion.com\/arteyeducacion\/author\/pgutierrez\/"}]}},"_links":{"self":[{"href":"https:\/\/eldiariodelaeducacion.com\/arteyeducacion\/wp-json\/wp\/v2\/posts\/375","targetHints":{"allow":["GET"]}}],"collection":[{"href":"https:\/\/eldiariodelaeducacion.com\/arteyeducacion\/wp-json\/wp\/v2\/posts"}],"about":[{"href":"https:\/\/eldiariodelaeducacion.com\/arteyeducacion\/wp-json\/wp\/v2\/types\/post"}],"author":[{"embeddable":true,"href":"https:\/\/eldiariodelaeducacion.com\/arteyeducacion\/wp-json\/wp\/v2\/users\/3"}],"replies":[{"embeddable":true,"href":"https:\/\/eldiariodelaeducacion.com\/arteyeducacion\/wp-json\/wp\/v2\/comments?post=375"}],"version-history":[{"count":1,"href":"https:\/\/eldiariodelaeducacion.com\/arteyeducacion\/wp-json\/wp\/v2\/posts\/375\/revisions"}],"predecessor-version":[{"id":546,"href":"https:\/\/eldiariodelaeducacion.com\/arteyeducacion\/wp-json\/wp\/v2\/posts\/375\/revisions\/546"}],"wp:featuredmedia":[{"embeddable":true,"href":"https:\/\/eldiariodelaeducacion.com\/arteyeducacion\/wp-json\/wp\/v2\/media\/374"}],"wp:attachment":[{"href":"https:\/\/eldiariodelaeducacion.com\/arteyeducacion\/wp-json\/wp\/v2\/media?parent=375"}],"wp:term":[{"taxonomy":"category","embeddable":true,"href":"https:\/\/eldiariodelaeducacion.com\/arteyeducacion\/wp-json\/wp\/v2\/categories?post=375"},{"taxonomy":"post_tag","embeddable":true,"href":"https:\/\/eldiariodelaeducacion.com\/arteyeducacion\/wp-json\/wp\/v2\/tags?post=375"},{"taxonomy":"tipo","embeddable":true,"href":"https:\/\/eldiariodelaeducacion.com\/arteyeducacion\/wp-json\/wp\/v2\/tipo?post=375"}],"curies":[{"name":"wp","href":"https:\/\/api.w.org\/{rel}","templated":true}]}}