{"id":526,"date":"2020-05-19T07:00:01","date_gmt":"2020-05-19T07:00:01","guid":{"rendered":"https:\/\/eldiariodelaeducacion.com\/arteyeducacion\/?p=265"},"modified":"2024-08-20T17:56:42","modified_gmt":"2024-08-20T15:56:42","slug":"jornada-de-puertas-abiertas-8-recursos-online-de-educacion-artistica-para-la-desescalada","status":"publish","type":"post","link":"https:\/\/eldiariodelaeducacion.com\/arteyeducacion\/2020\/05\/19\/jornada-de-puertas-abiertas-8-recursos-online-de-educacion-artistica-para-la-desescalada\/","title":{"rendered":"Jornada de puertas abiertas: ocho recursos online de educaci\u00f3n art\u00edstica para la desescalada"},"content":{"rendered":"<p style=\"text-align: right\">-\u201cNo es s\u00f3lo eso. S\u00ed, sus ciudades son hermosas. Los marcianos sab\u00edan c\u00f3mo unir el arte y la vida. El arte fue siempre algo extra\u00f1o entre nosotros. Lo guardamos en el cuarto del loco de la familia, o lo tomamos en dosis dominicales (\u2026)<br \/>\n-Usted cree que hab\u00edan llegado al fondo de las cosas, \u00bfno es as\u00ed?<br \/>\n-Estoy seguro.\u201d<\/p>\n<p style=\"text-align: right\">Ray Bradbury. <em>Cr\u00f3nicas Marcianas<\/em><\/p>\n<p>Mucho se ha hablado estos d\u00edas en los medios de modelos de evaluaci\u00f3n, de condensaci\u00f3n de los curr\u00edculos, del afianzamiento de los contenidos, de los plazos, las convocatorias extraordinarias y las competencias b\u00e1sicas. Pero no lo suficiente de los casi 699.427 docentes y de la cantidad tit\u00e1nica de energ\u00eda que est\u00e1n invirtiendo, cada uno desde su contexto, para acompa\u00f1ar a los ni\u00f1os y ni\u00f1as en edad escolar de este pa\u00eds.<\/p>\n<p>Muy poco de esas personas invisibles que, con sus propias circunstancias, dificultades y miedos a\u00fan se las pasan cuidando de su parcela del mundo desde la distancia, creando oportunidades de aprendizaje para su alumnado.<\/p>\n<p>El profesorado ha seguido haciendo ingentes ejercicios creativos para adaptarse a esta nueva situaci\u00f3n y coordinarse con las familias (esa otra pata de la comunidad educativa que ahora, por fin, vemos como tal) y contin\u00faa buscando nuevos modos de hacer mientras viste su cansancio con vocaci\u00f3n.<\/p>\n<p>A todos los que hab\u00e9is llegado hasta aqu\u00ed en esa b\u00fasqueda, GRACIAS. Porque ese acompa\u00f1amiento (que, como se ha hecho patente, va much\u00edsimo m\u00e1s all\u00e1 de la ense\u00f1anza de las asignaturas) ha sido una de las actividades esenciales para las que no ha habido aplausos. Vaya desde aqu\u00ed el m\u00edo.<\/p>\n<p>Y \u00bfqu\u00e9 puede aportar el arte a vuestra b\u00fasqueda, a vuestra labor docente para hoy y para lo que viene?<\/p>\n<p>El t\u00e9rmino<a href=\"http:\/\/www.zemos98.org\/descargas\/educacion_expandida-ZEMOS98.pdf\"> educaci\u00f3n expandida, que instituy\u00f3 Zemos98<\/a> hace m\u00e1s de once a\u00f1os, significa \u201cintentar llevar los l\u00edmites de lo que conocemos por educaci\u00f3n y situarlos un poco m\u00e1s lejos. Hermanarlos con pr\u00e1cticas y disciplinas que probablemente en un futuro s\u00ed terminen formando parte de nuestras escuelas, institutos o universidades, pero que ahora mismo se encuentran fuera\u201d (i). Pr\u00e1cticas como el arte, que puede no s\u00f3lo abordar contenidos curriculares, sino tambi\u00e9n aquellos que est\u00e1n en los m\u00e1rgenes cuando quiz\u00e1s, ahora, debieran estar en el centro.<\/p>\n<p>Para cuando termine de atravesar nuestras comunidades, el COVID-19 nos habr\u00e1 tocado a todos y todas, de una u otra manera. Mientras tanto, estamos en modo de supervivencia. Pero, \u00bfcoincide el fin del confinamiento con nuestra experiencia? Las secuelas y los cambios de sensibilidad experimentados no son cosas que pueda uno quitarse como se quita un pijama. Sin importar la edad que tengamos, tras recuperar el aliento puede que nuestro pr\u00f3ximo instinto sea buscar consuelo, exorcizar lo vivido y reflexionar sobre el aprendizaje que est\u00e1 suponiendo esta cruzada, hacerla trascender.<\/p>\n<p>Y en eso, estoy segura, el arte puede ayudar.<\/p>\n<p><img fetchpriority=\"high\" decoding=\"async\" class=\"size-medium wp-image-280 alignleft\" src=\"https:\/\/eldiariodelaeducacion.com\/arteyeducacion\/wp-content\/uploads\/sites\/25\/2020\/05\/let-me-tall-you-293x300.jpg\" alt=\"\" width=\"293\" height=\"300\" \/><\/p>\n<p><em>I Have Been to Hell and Back. And Let me Tell You It was Wonderful<\/em> (ii), dec\u00eda Louise Bourgeois en uno de sus bordados (1996). El arte nos permite plantar cara a ese h\u00famedo y atemorizante desaf\u00edo, el de afrontar la ambig\u00fcedad, el dolor, la nostalgia o la oscuridad que a veces somos, desde los cuidados, abrazando lo inesperado que nos conmueve y nos transforma como una suerte de conjuro.<\/p>\n<p>Desde este sencillo espacio os invitamos a estas jornadas de puertas abiertas que pretenden contribuir a vuestra labor callada. Abiertas, s\u00ed, ya que cada propuesta est\u00e1 pensada para ser adaptada (o transformada radicalmente incluso) en un contexto que vosotros conoc\u00e9is mejor que nadie.<\/p>\n<p>A trav\u00e9s de ellas ofrecemos no s\u00f3lo un pu\u00f1ado de acciones situadas para trabajar diversos contenidos de manera integrada, sino tambi\u00e9n para preparar a esos ni\u00f1os y ni\u00f1as que tanto nos importan a afrontar lo que vivimos: el duelo, el temor, los nervios, el aburrimiento, el desamparo\u2026 porque \u201cel arte no es un espejo para reflejar la realidad, sino un martillo para darle forma\u201d (iii).<\/p>\n<h3>1) Crear borradores para un futuro que \u00abya no es lo que era\u00bb (iv)<\/h3>\n<h4>(Secundaria y Bachillerato)<\/h4>\n<p><strong>Especialmente aplicable en<\/strong>: \u00c1rea de Ciencias Sociales, \u00c1rea de Ciencia y Tecnolog\u00eda, \u00c1rea de Desarrollo Personal, Ciudadan\u00eda y C\u00edvica, \u00c1rea de Arte y Cultura<\/p>\n<h4>\u00bfQu\u00e9 puede aportar?<\/h4>\n<p>Un paisaje sonoro de noticias dram\u00e1ticas envuelve a diario a la generaci\u00f3n que acompa\u00f1amos, una generaci\u00f3n con todo por hacer. Si el futuro es la cr\u00f3nica anunciada de un fracaso, \u00bfpara qu\u00e9 dedicar tiempo y energ\u00eda a construir otros modelos?<\/p>\n<p>Frente a la desesperanza de un presente en crisis y un ma\u00f1ana en forma de interrogaci\u00f3n, plagado de relatos sobre distop\u00edas que alertan eficazmente sobre los peligros que se avecinan, la iniciativa <a href=\"https:\/\/borradoresdelfuturo.net\/\">Borradores de futuro<\/a> es un faro en tiempos de tormenta que nos gu\u00eda hacia la idea, posible, de la sostenibilidad socio-ecol\u00f3gica desde el idealismo, pero tambi\u00e9n desde la acci\u00f3n.<\/p>\n<p>Un proyecto que ha optado por centrarse en las personas, colectivos y organizaciones que cada d\u00eda, desde peque\u00f1os lugares rec\u00f3nditos, est\u00e1n activando respuestas individuales o colectivas ante los retos urgentes a los que nos enfrentamos: ecol\u00f3gicos, econ\u00f3micos, culturales, sociales, etc.<\/p>\n<p>Esas respuestas son las que llaman borradores del futuro: utop\u00edas concretas, prototipos, alternativas, a menudo marginales y poco visibles, que act\u00faan como detonante para la creaci\u00f3n de imaginarios de posibilidad en forma de f\u00e1bula.<\/p>\n<p>\u00bfQu\u00e9 pasar\u00eda si esas alternativas llegaran a expandirse?<\/p>\n<p>Desde 2019, Borradores de futuro genera, pausada pero firmemente, una colecci\u00f3n de narraciones especulativas y relatos cortos con autores vascos incitados a proyectarse hacia el futuro ante los actuales retos ecol\u00f3gicos, econ\u00f3micos, culturales y sociales, con el apoyo de Unai Pascual, destacado cient\u00edfico del <em>Basque Centre for Climate Change<\/em> y coautor de un informe intergubernamental sobre la biodiversidad mundial.<\/p>\n<p>Narraciones que germinan tambi\u00e9n como peque\u00f1as semillas con voluntad de expandirse (impulsadas desde <a href=\"http:\/\/www.azala.es\/es\/residencias-artisticas\/pagina_1\/espaciocreacion_actividades_residencias_artisticas.html\">Azala<\/a>, un espacio de creaci\u00f3n alav\u00e9s con 10 a\u00f1os de experiencia, ubicado en Lasierra, localidad de 12 habitantes, con el apoyo de la Fundaci\u00f3n Daniel y Nina Carasso y del Departamento de Cultura y Pol\u00edtica Ling\u00fc\u00edstica del Gobierno Vasco).<\/p>\n<h4>\u00bfC\u00f3mo explorarlo e implementarlo?<\/h4>\n<p>En este momento hay tres f\u00e1bulas, que se pueden leer y\/o escuchar, y que nos sumergen en futuros posibles en torno a temas como la vida en el mundo rural, la industria armament\u00edstica, la autogesti\u00f3n, el desarrollo colectivo, la agroecolog\u00eda, las alternativas energ\u00e9ticas o la contaminaci\u00f3n lum\u00ednica. Los textos se publican bajo licencias abiertas para permitir su difusi\u00f3n en diversos soportes web, audio o papel, as\u00ed como su remezcla.<\/p>\n<p>Cada una de ellas invita a la lectura cr\u00edtica, el debate, la generaci\u00f3n de preguntas y la investigaci\u00f3n posterior (gracias al nutrido archivo de materiales extra sobre el proceso de creaci\u00f3n del equipo) y puede abordarse desde diversos puntos de vista (cient\u00edfico, sociol\u00f3gico, filos\u00f3fico, \u00e9tico\u2026) atravesando diversas materias. Cada una puede ser una semilla para sumergirnos en un proceso propio de creaci\u00f3n de contra-narrativas:<\/p>\n<p>Invitemos a nuestros j\u00f3venes a imaginar el futuro que desean construir. \u00bfPor qu\u00e9 no realizar un inventario colectivo de iniciativas surgidas a ra\u00edz de la crisis que propongan otro modo de vida o denuncien alg\u00fan aspecto de la que ya vivimos? \u00bfpodemos despertar su deseo de conocer y sumarse a esas iniciativas o de inspirarse en ellas para tratar de crear porvenires deseables? \u00bfqu\u00e9 pasos han de darse para que una alternativa se extienda y el futuro sea mucho mejor?<\/p>\n<p>Animar al alumnado a escoger una de las alternativas y escribir una f\u00e1bula especulativa futurible\u00a0que les permita imaginar\/investigar el proceso y conducirlo hacia la sostenibilidad parece un buen plan para recordarnos que lo que finalmente suceda a\u00fan est\u00e1 en sus manos, y en las nuestras.<\/p>\n<h3>2) Mejorarse a uno mismo<\/h3>\n<h4>(Primaria, Secundaria y Bachillerato)<\/h4>\n<p><strong>Especialmente aplicable en<\/strong>: \u00c1rea de Ciencias Sociales, \u00c1rea de Ciencia y Tecnolog\u00eda, \u00c1rea de Desarrollo Personal, Ciudadan\u00eda y C\u00edvica, \u00c1rea de Ingl\u00e9s como Lengua Extranjera, \u00c1rea de Matem\u00e1tica, \u00c1rea de Arte y Cultura<\/p>\n<h4>\u00bfQu\u00e9 puede aportar?<\/h4>\n<p>Las acciones de \u201c<a href=\"http:\/\/www.azala.es\/es\/residencias-artisticas\/pagina_1\/espaciocreacion_actividades_residencias_artisticas.html\">El Palacio de los Proyectos<\/a>\u201d, de los prestigiosos artistas rusos <a href=\"http:\/\/www.kabakov.net\/\">Emilia e Ilya Kabakov<\/a>, nos sacan del lugar que ocup\u00e1bamos, de lo que cre\u00edamos ser sin cuestionarnos qui\u00e9nes \u00e9ramos o qu\u00e9 pens\u00e1bamos, y nos invitan a adquirir herramientas para manejar nuestra parte m\u00e1s opaca con ternura e imaginaci\u00f3n.<\/p>\n<p>Este proyecto art\u00edstico naci\u00f3 en 1999 de un encargo de <a href=\"https:\/\/www.artangel.org.uk\">ArtAngel<\/a>, una organizaci\u00f3n internacional que colabora con artistas para dar forma a ideas que desaf\u00edan los l\u00edmites, en coproducci\u00f3n con el Museo Nacional Centro de Arte Reina Sof\u00eda.<\/p>\n<p>El concepto del trabajo planteado a los artistas fue la recopilaci\u00f3n, descripci\u00f3n y catalogaci\u00f3n de propuestas entre las que domina una caracter\u00edstica principal: la transformaci\u00f3n y mejora del mundo trav\u00e9s de la acci\u00f3n individual. En todos ellos subyace una idea de libertad y de expansi\u00f3n de las oportunidades sociales o personales sin perder el pulso de ingenuidad que requiere una obra sostenida en la utop\u00eda necesaria, aut\u00e9ntico alegato contra el cinismo reinante.<\/p>\n<h4>\u00bfC\u00f3mo explorarlo e implementarlo?<\/h4>\n<p>Adem\u00e1s de invitaros a investigar la vida y obra de estos fascinantes artistas, cada una de las propuestas disponibles en la web de ArtAngel (una selecci\u00f3n de las 75 que componen el proyecto integral de los artistas), cargadas de poes\u00eda, de amor y de humor est\u00e1 perfectamente desgranada en una p\u00e1gina individual con instrucciones de realizaci\u00f3n paso a paso junto a im\u00e1genes de los bocetos y las maquetas originales.<\/p>\n<p>\u00bfC\u00f3mo hacer emerger un mundo misterioso en nuestro escritorio cuando cae la noche? \u00bfC\u00f3mo encontrarnos con un \u00e1ngel? \u00bfC\u00f3mo puede uno cambiarse a s\u00ed mismo?<\/p>\n<p><img decoding=\"async\" class=\"wp-image-269 size-full alignnone\" src=\"https:\/\/eldiariodelaeducacion.com\/arteyeducacion\/wp-content\/uploads\/sites\/25\/2020\/05\/alas.jpg\" alt=\"\" width=\"564\" height=\"344\" \/><\/p>\n<p>Construir dos alas blancas para colgarse a la espalda y pararse a reflexionar unos minutos cada dos horas con el fin de lograr ser m\u00e1s amables, mejores personas y aumentar nuestra creatividad en la vida cotidiana quiz\u00e1s nos ayude. Al fin y al cabo, \u00a1qu\u00e9 somos sino un proyecto inacabado!<\/p>\n<h3>3) Sentir el poder del arte en la vida<\/h3>\n<h4>(Infantil y Primaria)<\/h4>\n<p><strong>Especialmente aplicable en<\/strong>: \u00c1rea de Conocimiento de s\u00ed mismo y autonom\u00eda personal, \u00e1rea de Conocimiento del Entorno, \u00c1rea de Lenguajes: comunicaci\u00f3n y representaci\u00f3n\/ \u00c1rea de Ciencias Sociales, \u00c1rea de Desarrollo Personal, Ciudadan\u00eda y C\u00edvica, \u00c1rea de Arte y Cultura<\/p>\n<h4>\u00bfQu\u00e9 puede aportar?<\/h4>\n<p>Hace ya muchos a\u00f1os que sabemos que el arte se zambulle en la vida convirti\u00e9ndose en algo indistinto de ella. Nos lo ense\u00f1aron los padres (y madres) de las vanguardias, pero no s\u00f3lo con sus acciones, sus <em>happenings<\/em> o sus provocadores posicionamientos vitales, sino tambi\u00e9n con su manera de se\u00f1alarnos firmemente el pasado como un lugar desde el que reaprender las cosas importantes que perdimos, detener la vor\u00e1gine y pensar en el cuerpo que somos, en lo que nos rodea y en el alma que intuimos. Un lugar en el que el arte, la magia y la vida eran (y son) lo mismo.<\/p>\n<p>La vida era magia, el arte era vida, la magia era arte. La vida como inc\u00f3gnita, la magia como mirada que convierte en sagrado cuanto toca y el arte como forma de estar en el mundo desde el cuestionamiento.<\/p>\n<p>Y es en ese espacio latente en donde se sit\u00faan las propuestas de <a href=\"https:\/\/www.facebook.com\/plugins\/post.php?href=https%3A%2F%2Fwww.facebook.com%2Fpermalink.php%3Fstory_fbid%3D10221564727887258%26id%3D1224361440\">creatividad y educaci\u00f3n<\/a> de <a href=\"https:\/\/www.facebook.com\/plugins\/post.php?href=https%3A%2F%2Fwww.facebook.com%2Fpermalink.php%3Fstory_fbid%3D10221564727887258%26id%3D1224361440\">Ana Cebri\u00e1n<\/a>, un espacio en el que la sencillez de las acciones que presenta coexiste con el universo que abordan. Porque as\u00ed es la vida, a veces clara, concisa, directa y, otras, complicada, dura, llena de obst\u00e1culos. Y, a menudo, una mezcla de todo.<\/p>\n<p><img decoding=\"async\" class=\"alignnone wp-image-270\" src=\"https:\/\/eldiariodelaeducacion.com\/arteyeducacion\/wp-content\/uploads\/sites\/25\/2020\/05\/Ana-cebri\u00e1n-instagram-300x202.png\" alt=\"\" width=\"720\" height=\"485\" \/><\/p>\n<p>Miembro de Pedagog\u00edas Invisibles y docente de la Facultad de Educaci\u00f3n de la UCM (Did\u00e1ctica de las Artes), Ana comparte a trav\u00e9s de su <a href=\"https:\/\/www.instagram.com\/tagore_mousse_me\/\">Instagram<\/a> las acciones que propone a su alumnado universitario (futuros maestros y maestras), as\u00ed como sus resultados. <em>Acciones Para La Resiliencia<\/em>, <em>Acciones Contra El Miedo<\/em>, <em>Acciones Para La Memoria<\/em>. Acciones art\u00edsticas de cuidados que relacionan obras de arte contempor\u00e1neo con experiencias pr\u00e1cticas, simples pero rotundas y llenas de met\u00e1fora, que nos sumergen de cabeza en lo crudo y lo maravilloso del presente para salir de \u00e9l trasmutados.<\/p>\n<h4>\u00bfC\u00f3mo explorarlo e implementarlo?<\/h4>\n<p>La propuesta, al igual que el medio que ha escogido para transmitirla (Instagram), es visual, inmediata y asequible. Cada entrada contiene una o varias im\u00e1genes de obras con las que poder trabajar conceptos y en su descripci\u00f3n encontramos un desarrollo con sugerencias de acciones para las que no se requieren grandes medios.<\/p>\n<p>Iniciar una cadena de favores y documentar el proceso; construir un altar para recordar a los que no est\u00e1n cerca y deseamos abrazar; iniciar una secuencia de deseos por Whatsapp o llevar un diario donde anotemos todos los cambios positivos que suceden en nosotros, son algunos de los ejemplos de lo que encontraremos.<\/p>\n<p>Pero, adem\u00e1s, podemos visitar otras entradas que nos permiten ver la diversidad de resultados que han generado los futuros maestros respecto a otros retos m\u00e1s aterrizados en lo curricular, lo que nos proporciona un inmenso abanico de posibilidades de implementaci\u00f3n de cada idea.<\/p>\n<h3>4) Entendernos bajo un mismo sol<\/h3>\n<h4>(ESO y Bachillerato)<\/h4>\n<p><strong>Especialmente aplicable en<\/strong>: \u00c1rea Lengua Extranjera, \u00c1rea de Comunicaci\u00f3n, \u00c1rea de Ciencias Sociales, \u00c1rea de Desarrollo Personal, Ciudadan\u00eda y C\u00edvica y \u00c1rea de Arte y Cultura<\/p>\n<h4>\u00bfQu\u00e9 puede aportar?<\/h4>\n<p>Los \u00faltimos meses han revelado la innegable diversidad de contextos y respuestas a un problema global y, al mismo tiempo, una incuestionable interdependencia que nos lleva a estimar justamente el valor de lo com\u00fan y a repensarnos juntos en t\u00e9rminos de solidaridad, cooperaci\u00f3n y reciprocidad de cara a esta reconstrucci\u00f3n vital que afrontamos.<\/p>\n<p>Fuera de cualquier mecanismo de toma de decisiones, los menores tienden a sentirse excluidos de los grandes temas de la pol\u00edtica, la historia o la econom\u00eda en los que esta cooperaci\u00f3n debe desarrollarse. Y en este sentido la bell\u00edsima <a href=\"https:\/\/www.facebook.com\/plugins\/post.php?href=https%3A%2F%2Fwww.facebook.com%2Fpermalink.php%3Fstory_fbid%3D10221564727887258%26id%3D1224361440\">Gu\u00eda para Maestros<\/a>, dise\u00f1ada por el inmenso artista educador <a href=\"https:\/\/es.wikipedia.org\/wiki\/Luis_Camnitzer\">Luis Camnitzer<\/a> y originalmente escrita para la presentaci\u00f3n de la exposici\u00f3n <em>Bajo el mismo sol: Arte de Am\u00e9rica Latina hoy<\/em> en el Museo Solomon R. Guggenheim de Nueva York en 2014, resulta de una incre\u00edble actualidad.<\/p>\n<p>Respondiendo a los retos de aprender a ver una obra de arte como posible soluci\u00f3n a un problema y observarse a uno mismo mientras se trata de entender lo que se est\u00e1 viendo, este manual creativo nos permite una revisi\u00f3n activa y colaborativa de la historia contempor\u00e1nea m\u00e1s desconocida de Am\u00e9rica Latina: desde la perspectiva de los artistas que la han vivido en su piel y que cuestionan realidades como la huella del colonialismo, la identidad o la globalizaci\u00f3n llevando esa reflexi\u00f3n a cada estudiante en su entorno.<\/p>\n<p>Respuestas creativas a realidades complejas y compartidas, influidas por historias coloniales y modernas, gobiernos represivos, crisis econ\u00f3micas y desigualdades sociales, as\u00ed como per\u00edodos coincidentes de abundancia econ\u00f3mica, desarrollo y progreso. Obras que se dirigen al pasado y al presente y exploran las posibles construcciones de futuros alternativos.<\/p>\n<p>Una propuesta art\u00edstico-educativa cuestionadora convertida en una fuente ideal de preguntas transdisciplinares que son pertinentes tanto dentro del aula como fuera de ella.<\/p>\n<h4>\u00bfC\u00f3mo explorarlo e implementarlo?<\/h4>\n<p>La gu\u00eda descargable entiende las obras producidas por los artistas para la muestra como un catalizador para una experiencia de aprendizaje creativo. Se parte de preguntas como: \u00bfQu\u00e9 efectos tendr\u00eda una estructura distinta del tiempo? \u00bfC\u00f3mo puede la mezcla de dos sistemas aparentemente no relacionados generar nuevos significados y percepciones?\u00bfC\u00f3mo hacer que la gente tome conciencia de las injusticias sociales e incitarlas a la acci\u00f3n? o \u00bfC\u00f3mo utilizar\u00edas la oportunidad para dirigirte a un mill\u00f3n de personas en un minuto o menos?<\/p>\n<p>Est\u00e1 dividida en tres secciones \u2014Problemas, Proyectos y Preguntas\u2014, cada una con la reproducci\u00f3n de una obra de arte en la exposici\u00f3n, citas del artista e informaci\u00f3n y preguntas relacionadas con el contexto en el cual fue hecha la obra. La secci\u00f3n Problemas presenta ideas para ser consideradas y propone una pregunta amplia. En relaci\u00f3n a \u00e9sta, la secci\u00f3n de Proyectos incluye sugerencias para la acci\u00f3n. Los ejercicios sugeridos est\u00e1n ordenados de simples a complejos y pueden ser adaptados a las necesidades del estudiante o participante. La intenci\u00f3n es que inspiren la creaci\u00f3n de nuevos proyectos entre los maestros, estudiantes y cualquier otra persona involucrada. La secci\u00f3n final, Preguntas, es amplia, flexible y no est\u00e1 limitada por fronteras disciplinarias.<\/p>\n<p>Los autores invitan al profesorado a experimentar con estas ideas y a generar problemas, proyectos y preguntas propios antes de presentarlas a los estudiantes, involucr\u00e1ndose activamente en el proceso art\u00edstico como intelectuales creadores y dialogando con el arte y los artistas, lejos del papel de consumidores subordinados.<\/p>\n<h3>5) Atravesar la complejidad<\/h3>\n<h4>(ESO y Bachillerato)<\/h4>\n<p><strong>Especialmente aplicable en<\/strong>: \u00c1rea de Ciencia y Tecnolog\u00eda, \u00c1rea de Comunicaci\u00f3n, \u00c1rea de Ciencias Sociales, \u00c1rea de Desarrollo Personal, Ciudadan\u00eda y C\u00edvica y \u00c1rea de Arte y Cultura<\/p>\n<h4>\u00bfQu\u00e9 puede aportar?<\/h4>\n<p>Uno de los papeles impostergables del arte es el de ayudar a transformar la conciencia de las personas hacia la creaci\u00f3n de un mundo en el que no tengamos que temer al suicidio global. Recordarnos que tenemos el poder de marcar la diferencia. Ayudarnos a abordar los temas que en este momento nos interpelan no s\u00f3lo como estudiantes o educadores, sino tambi\u00e9n como parte de una sociedad en pleno incendio.<\/p>\n<p>\u00bfSon las formas, m\u00e9todos y discursos del arte contempor\u00e1neo susceptibles de transformar cr\u00edticamente los relatos de la educaci\u00f3n? \u00bfPueden las pr\u00e1cticas art\u00edsticas contempor\u00e1neas activarse pedag\u00f3gicamente en el contexto educativo en relaci\u00f3n a saberes m\u00faltiples y a las experiencias de vida de los estudiantes?<\/p>\n<p><img loading=\"lazy\" decoding=\"async\" class=\"wp-image-268 size-full alignleft\" src=\"https:\/\/eldiariodelaeducacion.com\/arteyeducacion\/wp-content\/uploads\/sites\/25\/2020\/05\/transversalia.jpg\" alt=\"\" width=\"564\" height=\"303\" \/><\/p>\n<p>Estas preguntas han sido el embri\u00f3n de un ambicioso proyecto bajo el nombre de <a href=\"http:\/\/transversalia.consorcimuseus.gva.es\/es\/\">Transversalia<\/a> que, de la mano del equipo de t\u00e9cnicos de educaci\u00f3n del <a href=\"https:\/\/www.consorcimuseus.gva.es\/?lang=es\">Consorci de Museus de la Comunitat Valenciana<\/a>, indaga en las relaciones entre las pr\u00e1cticas art\u00edsticas y educativas a trav\u00e9s de talleres, seminarios y recursos <em>online<\/em>.\u00a0Estas experiencias operan como espacios propositivos desde los que podemos explorar una gran cantidad de documentaci\u00f3n y dise\u00f1ar experiencias, situaciones y materiales para activar en las aulas.<\/p>\n<p>Los recursos disponibles parten de la transformaci\u00f3n del formato expositivo en material de trabajo flexible a partir del cual \u2014y de la mano de artistas, comisarios y educadores de gran bagaje (Pau Waelder, Andrea de Pascual, David Arlandis, Jordi Ferreiro, Pablo de Soto o el colectivo de mediaci\u00f3n La Liminal)\u2014 se trazan aproximaciones pedag\u00f3gicas vinculadas al curr\u00edculo, a la vida en el aula y a los aprendizajes compartidos.<\/p>\n<p><a href=\"https:\/\/www.consorcimuseus.gva.es\/?lang=es\">Pr\u00e1cticas art\u00edsticas ante la crisis ambiental<\/a>, <a href=\"https:\/\/transversalia.consorcimuseus.gva.es\/es\/ejes\/identidades-fluidas\/\">identidades fluidas<\/a> o <a href=\"https:\/\/transversalia.consorcimuseus.gva.es\/es\/ejes\/actitudes-singulares-resistencias-contra-un-mundo-globalizado\/\">resistencias contra un mundo globalizado<\/a> son algunos de los temas tratados por este equipo transdisciplinar para invitarnos a trabajar desde la integraci\u00f3n de saberes y el pensamiento divergente.<\/p>\n<h4>\u00bfC\u00f3mo explorarlo e implementarlo?<\/h4>\n<p>Ahora m\u00e1s que nunca trabajar a trav\u00e9s del arte contempor\u00e1neo y sus pr\u00e1cticas pasa por rodearnos de im\u00e1genes y comprender su indudable valor pedag\u00f3gico, desplegarlas, organizarlas, conectarlas, describirlas y jugar con ellas, sobre todo, si queremos que \u00e9stas penetren de manera significativa en el lenguaje de los estudiantes, en relaci\u00f3n a saberes m\u00faltiples e impregnando todos los aspectos del curr\u00edculo.<\/p>\n<p>Los elementos de esta web est\u00e1n expresamente dirigidos a los docentes y recogen las complet\u00edsimas propuestas surgidas del trabajo entre comisarios, artistas y educadores que vinculan esas im\u00e1genes con la historia, la filosof\u00eda contempor\u00e1nea, la perspectiva de g\u00e9nero o la conciencia ecol\u00f3gica a trav\u00e9s de un concienzudo material perfectamente desplegado para su usabilidad.<\/p>\n<p>Este material se organiza en torno a tres grandes ejes: Identidades, pol\u00edticas y planeta, y se complementa con <em>podcasts<\/em> y material audiovisual. El docente puede utilizarlo directamente como proyecto para el alumnado o transformarlo y mezclarlo para generar sus propias actividades y experiencias en funci\u00f3n de los ritmos, momentos y contextos de su propia pr\u00e1ctica educativa.<\/p>\n<h3>6) Celebrar la diversidad de los comunes<\/h3>\n<h4>(3\u00ba Ciclo de Primaria, ESO y Bachillerato)<\/h4>\n<p><strong>Especialmente aplicable en<\/strong>: \u00c1rea de Comunicaci\u00f3n, \u00c1rea de Ciencias Sociales, \u00c1rea de Desarrollo Personal, Ciudadan\u00eda y C\u00edvica, \u00c1rea de Lengua Extranjera y \u00c1rea de Arte y Cultura<\/p>\n<h4>\u00bfQu\u00e9 puede aportar?<\/h4>\n<p>Convivimos con un alumnado que lee en formatos distintos y cambiantes; que se define en memes, y habla a trav\u00e9s de emojis, textos de distinta construcci\u00f3n y con diversas finalidades, que interact\u00faa contantemente en canales multimedia y en contextos individuales y sociales virtuales de manera diaria. El \u201cacompa\u00f1amiento remoto\u201d al que el docente se ha visto forzado en este periodo ha evidenciado el peso de la comunicaci\u00f3n digital hoy y la importancia de conocer sus mecanismos, su lenguaje, sus herramientas y sus posibilidades educativas y creativas.<\/p>\n<p>La remezcla como lenguaje, como herramienta, pero tambi\u00e9n como cultura que surge a modo de concepto simb\u00f3lico para aportar una visi\u00f3n cr\u00edtica, reflexiva, activista y reivindicativa frente a un sistema de hiperproducci\u00f3n generalizada es un espacio de posibilidad que todo docente deber\u00eda transitar y que gracias a \u201c<a href=\"https:\/\/drive.google.com\/drive\/folders\/1eJ_3RQPKUcmNtvID81IabWxngj5yxTD6?usp=drive_open\">T\u00e9cnicas de remezcla que fomentan la creatividad literaria y la lectura cr\u00edtica de medios de comunicaci\u00f3n<\/a>\u201d, un trabajo colectivo de los veteranos <a href=\"http:\/\/zemos98.org\/\">ZEMOS98<\/a> en el contexto del Programa ComunicA (para el desarrollo de la competencia en comunicaci\u00f3n ling\u00fc\u00edstica del alumnado) de la Consejer\u00eda de Educaci\u00f3n y Deporte de la Junta de Andaluc\u00eda, podemos explorar estos d\u00edas.<\/p>\n<p><img loading=\"lazy\" decoding=\"async\" class=\"alignnone wp-image-276 size-full\" src=\"https:\/\/eldiariodelaeducacion.com\/arteyeducacion\/wp-content\/uploads\/sites\/25\/2020\/05\/Velazquez_Disney.jpg\" alt=\"\" width=\"640\" height=\"638\" \/><\/p>\n<p>\u00bfDe qu\u00e9 hablamos cuando hablamos de remezcla? Trascendiendo su acepci\u00f3n m\u00e1s generalizada y ochentera de \u201cremix musical\u201d, Lawrence Lessig, especialista en ciberderecho y creador\u00a0\u00a0de Creative Commons (\u201clicencia\u00a0\u00a0de bienes comunes creativos\u201d), propone una utilizaci\u00f3n a\u00fan m\u00e1s amplia del t\u00e9rmino al aplicarlo a la sociedad: a la salud, a la distribuci\u00f3n de la riqueza y, tambi\u00e9n, a la cultura. Por defecto, tal cultura permitir\u00eda la mejora, cambio e integraci\u00f3n del trabajo original de uno o varios autores.<\/p>\n<p>Navegar este campo permite analizar cada una de sus fuentes (literatura, arte, m\u00fasica, historia, periodismo), que son en s\u00ed mismas contenidos curriculares, y entender las infinitas posibilidades que se abren cuando las hacemos entrar en di\u00e1logo.<\/p>\n<p>Una excusa perfecta para promover la inclusi\u00f3n cultural, celebrar la diversidad y aprender del valor de lo bastardo y de las transferencias: hagamos literatura con las artes visuales, matem\u00e1ticas con la poes\u00eda, m\u00fasica que se vea pero no se escuche; sacudamos de una vez las divisiones entre alta cultura y cultura popular. Porque la vitalidad, el progreso y la creaci\u00f3n de una cultura rica est\u00e1 fundamentalmente ligada a este proceso de remezcla participativa y, lo admitamos o no, todos somos remezcla.<\/p>\n<h4>\u00bfC\u00f3mo explorarlo e implementarlo?<\/h4>\n<p>La propuesta consta de un complet\u00edsimo dossier descargable -por supuesto, bajo licencia Creative Commons- listo para ser implementado mediante diferentes sesiones te\u00f3rico pr\u00e1cticas muy completas y acompa\u00f1ado de material adicional (v\u00eddeos, lecturas e im\u00e1genes). Aborda temas tan pertinentes como la diferencia entre \u201ccopiar\u201d y \u201ccompartir\u201d o la propiedad intelectual, pero tambi\u00e9n nos permite experimentar con otros modos de usar y reflexionar en torno al lenguaje a trav\u00e9s de actividades como el <em>Remezclador de anuncios sexistas<\/em> o el <em>Cad\u00e1ver Exquisito (textual)<\/em>. Ofrece una visi\u00f3n integradora de las tipolog\u00edas textuales como manifestaci\u00f3n cultural, ling\u00fc\u00edstica, est\u00e9tica, social, \u00e9tica e individual vinculadas con las competencias clave y las nuevas metodolog\u00edas educativas. Porque podemos crear una canci\u00f3n para lavarnos las manos y hacer un p\u00f3ster, concebir poes\u00edas medi\u00e1ticas con titulares de noticias alarmistas como materia prima o componer una pieza musical combinando letras de Roc\u00edo Jurado y C. Tangana. Y todo esto es crear comunicaci\u00f3n.<\/p>\n<h3>7) Transformar atm\u00f3sferas<\/h3>\n<h4>(Infantil y Primaria)<\/h4>\n<p><strong>Especialmente aplicable en<\/strong> todas las \u00e1reas de conocimiento<\/p>\n<h4>\u00bfQu\u00e9 puede aportar?<\/h4>\n<p>La unicidad de esta pandemia carece de lugares de encuentro para el apoyo y la recuperaci\u00f3n y requiere, por ello, de estrategias de respuesta espec\u00edficas para garantizar las necesidades de salud conductual de ni\u00f1os y familias. Mientras \u00e9stas llegan quiz\u00e1s el profesorado, desde sus fuertes en forma de pantalla, tenga que contribuir a reforzarlas <a href=\"https:\/\/levadura.mataderomadrid.org\/portfolio_page\/saca-el-monstruo-que-llevas-dentro\/\">sacando los monstruos que llevamos dentro<\/a>, <a href=\"https:\/\/levadura.mataderomadrid.org\/portfolio_page\/saca-el-monstruo-que-llevas-dentro\/\">reconstruyendo (virtualmente) la ciudad que queremos<\/a>, o facilitando nuevos modos de comunicaci\u00f3n mediante la creaci\u00f3n de <a href=\"https:\/\/levadura.mataderomadrid.org\/portfolio_page\/postales-sonoras\/\">postales sonoras<\/a> desde el confinamiento o en nuestras primeras salidas.<\/p>\n<p>Tras seis ediciones, la convocatoria <a href=\"https:\/\/levadura.mataderomadrid.org\/\">Levadura<\/a> se ha transformado en un nutrido repositorio de recursos dise\u00f1ados por artistas para trabajar junto al profesorado, a trav\u00e9s del arte, conceptos transversales como la oralidad, la lectoescritura, la bot\u00e1nica, la educaci\u00f3n emocional o el pensamiento divergente.<\/p>\n<p>Los proyectos que aqu\u00ed se comparten generosamente ponen al alumnado de primaria e infantil en el centro. Subrayan el car\u00e1cter procesual de la creaci\u00f3n contempor\u00e1nea y han sido implementados en diversos cursos y asignaturas mediante m\u00faltiples disciplinas: arte sonoro, instalaci\u00f3n, artes pl\u00e1sticas, audiovisuales, fotograf\u00eda, etc.<\/p>\n<p>Un programa co-producido por el \u00c1rea de las Artes del Ayuntamiento de Madrid y la Fundaci\u00f3n Banco Santander, surgido de la colaboraci\u00f3n entre Matadero Madrid y la Asociaci\u00f3n Pedagog\u00edas Invisibles.<\/p>\n<h4>\u00bfC\u00f3mo explorarlo e implementarlo?<\/h4>\n<p>Si bien no se trata de un recurso tan inmediato para el docente como otros, cada propuesta, tomada como punto de partida, es una llamada a nuestra creatividad situada, que nos permite reinventarla en nuestro contexto y desde un nuevo escenario virtual sin perder su esencia.<\/p>\n<p>Cada proyecto aparece acompa\u00f1ado de una peque\u00f1a descripci\u00f3n que puede ayudarnos a escoger el tema que buscamos y, en la informaci\u00f3n completa, podemos descargar el proyecto para comprender sus posibilidades de implementaci\u00f3n paso a paso.<\/p>\n<p>Para trabajar con los m\u00e1s peque\u00f1os recomendamos <a href=\"https:\/\/levadura.mataderomadrid.org\/\">Wapsi<\/a>, que\u00a0significa atm\u00f3sfera en la lengua ind\u00edgena ecuatoriana Kichwa. Este proyecto de creaci\u00f3n realizado por Dayana Rivera y Laura Valor, junto con la docente Ana Oliva y el alumnado de 1\u00ba de infantil del CEIP Francisco de Goya, explora\u00a0nociones decoloniales a trav\u00e9s del arte al mismo tiempo que introduce al alumnado en la pr\u00e1ctica del yoga desde lo simb\u00f3lico\/performativo, para as\u00ed poder reconocer estados emocionales y explorar la posibilidad de transformarlos.<\/p>\n<p><iframe title=\"LEVADURA: WAPSI\" width=\"788\" height=\"443\" src=\"https:\/\/www.youtube.com\/embed\/x7qJ2B9j1EA?start=188&#038;feature=oembed\" frameborder=\"0\" allow=\"accelerometer; autoplay; clipboard-write; encrypted-media; gyroscope; picture-in-picture; web-share\" referrerpolicy=\"strict-origin-when-cross-origin\" allowfullscreen><\/iframe><\/p>\n<p>Esta iniciativa nos permite buscar nuevos modos de acompa\u00f1ar en la distancia, trabajando conceptos clave como atm\u00f3sfera, persona, templo y luz desde los nuevos significados adquiridos hoy para cada uno de nuestros alumnas y alumnas, o generando una forma de Mashi (amigo y guardi\u00e1n de sus emociones generado por ellos mismos) que cambiar\u00e1 cada d\u00eda y al que le podr\u00e1n contar secretos.<\/p>\n<h3>8) Aportar un conocimiento envolvente<\/h3>\n<h4>(Infantil, Primaria, Secundaria y Bachillerato)<\/h4>\n<p><strong>Especialmente aplicable en<\/strong> todas las \u00e1reas de conocimiento<\/p>\n<h4>\u00bfQu\u00e9 puede aportar?<\/h4>\n<p>En esta tarea de dinamitar las lindes del arte como disciplina y de comprenderlo a modo de motor cr\u00edtico y creativo de la estructura educacional, <a href=\"https:\/\/www.educathyssen.org\/profesores-estudiantes\/musarana\">Musara\u00f1a<\/a> es una comunidad pionera. Como parte de <a href=\"https:\/\/www.youtube.com\/watch?time_continue=188&amp;v=x7qJ2B9j1EA&amp;feature=emb_logo\">Educathyssen<\/a>, esta propuesta de innovaci\u00f3n educativa ha generado un espacio f\u00edsico y virtual donde educadores de museo, artistas y docentes intercambian ideas, se conocen,\u00a0investigan, dise\u00f1an y\u00a0difunden\u00a0nuevas l\u00edneas de acci\u00f3n educativas. Cada trimestre proponen un tema de trabajo y desarrollan\u00a0encuentros presenciales\u00a0con diferentes creadores que desembocan en v\u00eddeo-c\u00e1psulas de aprendizaje\u00a0y\u00a0materiales para el aula disponibles en la web del proyecto.<\/p>\n<figure id=\"attachment_273\" aria-describedby=\"caption-attachment-273\" style=\"width: 600px\" class=\"wp-caption alignleft\"><img loading=\"lazy\" decoding=\"async\" class=\"wp-image-273 size-full\" src=\"https:\/\/eldiariodelaeducacion.com\/arteyeducacion\/wp-content\/uploads\/sites\/25\/2020\/05\/ecoestetica_profesores-y-estudiantes_encuentro_educathyssen-5.jpg\" alt=\"\" width=\"600\" height=\"400\" \/><figcaption id=\"caption-attachment-273\" class=\"wp-caption-text\">Musara\u00f1a- Educathyssen<\/figcaption><\/figure>\n<p>El resultado es un archivo de recursos vivo, vigoroso y en constante crecimiento, en el que podemos encontrar herramientas sencillas y aterrizadas para casi todo: tanto para contribuir al reconocimiento y expresi\u00f3n de las complejas emociones que cada uno de nuestros alumnos est\u00e1 experimentando, como para abordar temas curriculares de toda \u00edndole (sonido, territorio, ecolog\u00eda, movimiento, letras, ciencias\u2026).<\/p>\n<p>Y, por encima de su utilidad, cada uno de esos recursos, como fruto de la cocreaci\u00f3n y el encuentro de dos mundos diversos (escuela y museo), posee un valor inmenso, pues es producto de un inter\u00e9s com\u00fan, de la confluencia del deseo y el cuidado de personas muy diversas con la voluntad de entenderse.<\/p>\n<h4>\u00bfC\u00f3mo explorarlo e implementarlo?<\/h4>\n<p>Como buen archivo dise\u00f1ado por y para educadores, su organizaci\u00f3n es tan intuitiva que resulta asombrosamente sencillo encontrar lo que se busca. En un men\u00fa que ofrece todas las posibilidades, cada una de las actividades del archivo est\u00e1 etiquetada por tem\u00e1ticas, niveles y \u00e1mbitos de inter\u00e9s y, en su p\u00e1gina individual, cada actividad est\u00e1 desarrollada detalladamente explicando los objetivos, competencias y contenidos que plantea, as\u00ed como los materiales y pasos necesarios para su ejecuci\u00f3n. Ideas centradas en ver y hacer arte para docentes de todos los niveles educativos pero tambi\u00e9n para profesionales del \u00e1mbito de la educaci\u00f3n no formal que crean en la colaboraci\u00f3n.<br \/>\n__<br \/>\nSoy plenamente consciente de lo diminuto de esta aportaci\u00f3n a la importante tarea que cada docente tiene entre manos. Pero necesitamos un arte y una educaci\u00f3n que se hermanen para responder valientemente al momento en el que vivimos. Y me gusta pensar en estas min\u00fasculas subversiones que os invitamos a activar como en part\u00edculas de la educaci\u00f3n necesaria para este ma\u00f1ana que, en tanto incertidumbre y acontecimiento, se resiste a ser planificado.<\/p>\n<p>&nbsp;<\/p>\n<p>Notas<\/p>\n<p>(i) D\u00edaz, R. y Freire, J. (Eds.). (2012). Educaci\u00f3n Expandida. Sevilla: ZEMOS98. Recuperado de <a href=\"http:\/\/www.zemos98.org\/descargas\/educacion_expandida-ZEMOS98.pdf\">http:\/\/www.zemos98.org\/descargas\/educacion_expandida-ZEMOS98.pdf<\/a><\/p>\n<p>(ii) \u201cHe estado en el infierno y he vuelto. Y d\u00e9jame decirte que fue maravilloso\u201d<\/p>\n<p>(iii) Frase atribuida al poeta ruso Vladimir Maiakovski as\u00ed como al dramaturgo Bertolt Brecht.<\/p>\n<p>(iv) Alusi\u00f3n a la c\u00e9lebre frase \u201cel futuro ya no es lo que era\u201d, que el poeta y ensayista franc\u00e9s Paul Val\u00e9ry pronunci\u00f3 en 1937, en el marco de la conferencia \u2018Nuestro destino y la literatura\u2019, en la Academia Francesa, recogiendo el sentimiento de desesperanza que compart\u00edan los intelectuales de la \u00e9poca.<\/p>\n","protected":false},"excerpt":{"rendered":"<p>-\u201cNo es s\u00f3lo eso. S\u00ed, sus ciudades son hermosas. Los marcianos sab\u00edan c\u00f3mo unir el arte y la vida. El arte fue siempre algo extra\u00f1o entre nosotros. Lo guardamos en el cuarto del loco de la familia, o lo tomamos en dosis dominicales (\u2026) -Usted cree que hab\u00edan llegado al fondo de las cosas, \u00bfno<\/p>\n","protected":false},"author":171,"featured_media":276,"comment_status":"open","ping_status":"open","sticky":false,"template":"","format":"standard","meta":{"footnotes":""},"categories":[17],"tags":[25],"tipo":[31],"class_list":{"0":"post-526","1":"post","2":"type-post","3":"status-publish","4":"format-standard","5":"has-post-thumbnail","7":"category-arte-y-educacion","8":"tag-arte-y-confinamiento","9":"tipo-analisis"},"yoast_head":"<!-- This site is optimized with the Yoast SEO plugin v27.5 - https:\/\/yoast.com\/product\/yoast-seo-wordpress\/ -->\n<title>Jornada de puertas abiertas: ocho recursos online de educaci\u00f3n art\u00edstica para la desescalada - Arte y educaci\u00f3n<\/title>\n<meta name=\"robots\" content=\"index, follow, max-snippet:-1, max-image-preview:large, max-video-preview:-1\" \/>\n<link rel=\"canonical\" href=\"https:\/\/eldiariodelaeducacion.com\/arteyeducacion\/2020\/05\/19\/jornada-de-puertas-abiertas-8-recursos-online-de-educacion-artistica-para-la-desescalada\/\" \/>\n<meta property=\"og:locale\" content=\"es_ES\" \/>\n<meta property=\"og:type\" content=\"article\" \/>\n<meta property=\"og:title\" content=\"Jornada de puertas abiertas: ocho recursos online de educaci\u00f3n art\u00edstica para la desescalada - Arte y educaci\u00f3n\" \/>\n<meta property=\"og:description\" content=\"-\u201cNo es s\u00f3lo eso. S\u00ed, sus ciudades son hermosas. Los marcianos sab\u00edan c\u00f3mo unir el arte y la vida. El arte fue siempre algo extra\u00f1o entre nosotros. Lo guardamos en el cuarto del loco de la familia, o lo tomamos en dosis dominicales (\u2026) -Usted cree que hab\u00edan llegado al fondo de las cosas, \u00bfno\" \/>\n<meta property=\"og:url\" content=\"https:\/\/eldiariodelaeducacion.com\/arteyeducacion\/2020\/05\/19\/jornada-de-puertas-abiertas-8-recursos-online-de-educacion-artistica-para-la-desescalada\/\" \/>\n<meta property=\"og:site_name\" content=\"Arte y educaci\u00f3n\" \/>\n<meta property=\"article:published_time\" content=\"2020-05-19T07:00:01+00:00\" \/>\n<meta property=\"article:modified_time\" content=\"2024-08-20T15:56:42+00:00\" \/>\n<meta property=\"og:image\" content=\"https:\/\/eldiariodelaeducacion.com\/arteyeducacion\/wp-content\/uploads\/sites\/19\/2020\/05\/alas.jpg\" \/>\n\t<meta property=\"og:image:width\" content=\"564\" \/>\n\t<meta property=\"og:image:height\" content=\"344\" \/>\n\t<meta property=\"og:image:type\" content=\"image\/jpeg\" \/>\n<meta name=\"author\" content=\"Sofia de Juan\" \/>\n<meta name=\"twitter:card\" content=\"summary_large_image\" \/>\n<meta name=\"twitter:label1\" content=\"Escrito por\" \/>\n\t<meta name=\"twitter:data1\" content=\"Sofia de Juan\" \/>\n\t<meta name=\"twitter:label2\" content=\"Tiempo de lectura\" \/>\n\t<meta name=\"twitter:data2\" content=\"26 minutos\" \/>\n<script type=\"application\/ld+json\" class=\"yoast-schema-graph\">{\"@context\":\"https:\\\/\\\/schema.org\",\"@graph\":[{\"@type\":\"Article\",\"@id\":\"https:\\\/\\\/eldiariodelaeducacion.com\\\/arteyeducacion\\\/2020\\\/05\\\/19\\\/jornada-de-puertas-abiertas-8-recursos-online-de-educacion-artistica-para-la-desescalada\\\/#article\",\"isPartOf\":{\"@id\":\"https:\\\/\\\/eldiariodelaeducacion.com\\\/arteyeducacion\\\/2020\\\/05\\\/19\\\/jornada-de-puertas-abiertas-8-recursos-online-de-educacion-artistica-para-la-desescalada\\\/\"},\"author\":{\"name\":\"Sofia de Juan\",\"@id\":\"https:\\\/\\\/eldiariodelaeducacion.com\\\/arteyeducacion\\\/#\\\/schema\\\/person\\\/633138eedf9c15e4904229efadbe02f2\"},\"headline\":\"Jornada de puertas abiertas: ocho recursos online de educaci\u00f3n art\u00edstica para la desescalada\",\"datePublished\":\"2020-05-19T07:00:01+00:00\",\"dateModified\":\"2024-08-20T15:56:42+00:00\",\"mainEntityOfPage\":{\"@id\":\"https:\\\/\\\/eldiariodelaeducacion.com\\\/arteyeducacion\\\/2020\\\/05\\\/19\\\/jornada-de-puertas-abiertas-8-recursos-online-de-educacion-artistica-para-la-desescalada\\\/\"},\"wordCount\":5194,\"commentCount\":0,\"image\":{\"@id\":\"https:\\\/\\\/eldiariodelaeducacion.com\\\/arteyeducacion\\\/2020\\\/05\\\/19\\\/jornada-de-puertas-abiertas-8-recursos-online-de-educacion-artistica-para-la-desescalada\\\/#primaryimage\"},\"thumbnailUrl\":\"https:\\\/\\\/eldiariodelaeducacion.com\\\/arteyeducacion\\\/wp-content\\\/uploads\\\/sites\\\/19\\\/2020\\\/05\\\/alas.jpg\",\"keywords\":[\"arte y confinamiento\"],\"articleSection\":[\"Arte y educaci\u00f3n\"],\"inLanguage\":\"es\",\"potentialAction\":[{\"@type\":\"CommentAction\",\"name\":\"Comment\",\"target\":[\"https:\\\/\\\/eldiariodelaeducacion.com\\\/arteyeducacion\\\/2020\\\/05\\\/19\\\/jornada-de-puertas-abiertas-8-recursos-online-de-educacion-artistica-para-la-desescalada\\\/#respond\"]}]},{\"@type\":\"WebPage\",\"@id\":\"https:\\\/\\\/eldiariodelaeducacion.com\\\/arteyeducacion\\\/2020\\\/05\\\/19\\\/jornada-de-puertas-abiertas-8-recursos-online-de-educacion-artistica-para-la-desescalada\\\/\",\"url\":\"https:\\\/\\\/eldiariodelaeducacion.com\\\/arteyeducacion\\\/2020\\\/05\\\/19\\\/jornada-de-puertas-abiertas-8-recursos-online-de-educacion-artistica-para-la-desescalada\\\/\",\"name\":\"Jornada de puertas abiertas: ocho recursos online de educaci\u00f3n art\u00edstica para la desescalada - Arte y educaci\u00f3n\",\"isPartOf\":{\"@id\":\"https:\\\/\\\/eldiariodelaeducacion.com\\\/arteyeducacion\\\/#website\"},\"primaryImageOfPage\":{\"@id\":\"https:\\\/\\\/eldiariodelaeducacion.com\\\/arteyeducacion\\\/2020\\\/05\\\/19\\\/jornada-de-puertas-abiertas-8-recursos-online-de-educacion-artistica-para-la-desescalada\\\/#primaryimage\"},\"image\":{\"@id\":\"https:\\\/\\\/eldiariodelaeducacion.com\\\/arteyeducacion\\\/2020\\\/05\\\/19\\\/jornada-de-puertas-abiertas-8-recursos-online-de-educacion-artistica-para-la-desescalada\\\/#primaryimage\"},\"thumbnailUrl\":\"https:\\\/\\\/eldiariodelaeducacion.com\\\/arteyeducacion\\\/wp-content\\\/uploads\\\/sites\\\/19\\\/2020\\\/05\\\/alas.jpg\",\"datePublished\":\"2020-05-19T07:00:01+00:00\",\"dateModified\":\"2024-08-20T15:56:42+00:00\",\"author\":{\"@id\":\"https:\\\/\\\/eldiariodelaeducacion.com\\\/arteyeducacion\\\/#\\\/schema\\\/person\\\/633138eedf9c15e4904229efadbe02f2\"},\"breadcrumb\":{\"@id\":\"https:\\\/\\\/eldiariodelaeducacion.com\\\/arteyeducacion\\\/2020\\\/05\\\/19\\\/jornada-de-puertas-abiertas-8-recursos-online-de-educacion-artistica-para-la-desescalada\\\/#breadcrumb\"},\"inLanguage\":\"es\",\"potentialAction\":[{\"@type\":\"ReadAction\",\"target\":[\"https:\\\/\\\/eldiariodelaeducacion.com\\\/arteyeducacion\\\/2020\\\/05\\\/19\\\/jornada-de-puertas-abiertas-8-recursos-online-de-educacion-artistica-para-la-desescalada\\\/\"]}]},{\"@type\":\"ImageObject\",\"inLanguage\":\"es\",\"@id\":\"https:\\\/\\\/eldiariodelaeducacion.com\\\/arteyeducacion\\\/2020\\\/05\\\/19\\\/jornada-de-puertas-abiertas-8-recursos-online-de-educacion-artistica-para-la-desescalada\\\/#primaryimage\",\"url\":\"https:\\\/\\\/eldiariodelaeducacion.com\\\/arteyeducacion\\\/wp-content\\\/uploads\\\/sites\\\/19\\\/2020\\\/05\\\/alas.jpg\",\"contentUrl\":\"https:\\\/\\\/eldiariodelaeducacion.com\\\/arteyeducacion\\\/wp-content\\\/uploads\\\/sites\\\/19\\\/2020\\\/05\\\/alas.jpg\",\"width\":564,\"height\":344},{\"@type\":\"BreadcrumbList\",\"@id\":\"https:\\\/\\\/eldiariodelaeducacion.com\\\/arteyeducacion\\\/2020\\\/05\\\/19\\\/jornada-de-puertas-abiertas-8-recursos-online-de-educacion-artistica-para-la-desescalada\\\/#breadcrumb\",\"itemListElement\":[{\"@type\":\"ListItem\",\"position\":1,\"name\":\"Portada\",\"item\":\"https:\\\/\\\/eldiariodelaeducacion.com\\\/arteyeducacion\\\/\"},{\"@type\":\"ListItem\",\"position\":2,\"name\":\"Jornada de puertas abiertas: ocho recursos online de educaci\u00f3n art\u00edstica para la desescalada\"}]},{\"@type\":\"WebSite\",\"@id\":\"https:\\\/\\\/eldiariodelaeducacion.com\\\/arteyeducacion\\\/#website\",\"url\":\"https:\\\/\\\/eldiariodelaeducacion.com\\\/arteyeducacion\\\/\",\"name\":\"Arte y educaci\u00f3n\",\"description\":\"Un blog de El Diario de la Educaci\u00f3n\",\"potentialAction\":[{\"@type\":\"SearchAction\",\"target\":{\"@type\":\"EntryPoint\",\"urlTemplate\":\"https:\\\/\\\/eldiariodelaeducacion.com\\\/arteyeducacion\\\/?s={search_term_string}\"},\"query-input\":{\"@type\":\"PropertyValueSpecification\",\"valueRequired\":true,\"valueName\":\"search_term_string\"}}],\"inLanguage\":\"es\"},{\"@type\":\"Person\",\"@id\":\"https:\\\/\\\/eldiariodelaeducacion.com\\\/arteyeducacion\\\/#\\\/schema\\\/person\\\/633138eedf9c15e4904229efadbe02f2\",\"name\":\"Sofia de Juan\",\"image\":{\"@type\":\"ImageObject\",\"inLanguage\":\"es\",\"@id\":\"https:\\\/\\\/secure.gravatar.com\\\/avatar\\\/ee3f7b1130ca59b92768386dc4f3cb584f5f608b943ff7d92d500e468d1cb687?s=96&d=mm&r=g\",\"url\":\"https:\\\/\\\/secure.gravatar.com\\\/avatar\\\/ee3f7b1130ca59b92768386dc4f3cb584f5f608b943ff7d92d500e468d1cb687?s=96&d=mm&r=g\",\"contentUrl\":\"https:\\\/\\\/secure.gravatar.com\\\/avatar\\\/ee3f7b1130ca59b92768386dc4f3cb584f5f608b943ff7d92d500e468d1cb687?s=96&d=mm&r=g\",\"caption\":\"Sofia de Juan\"},\"url\":\"https:\\\/\\\/eldiariodelaeducacion.com\\\/arteyeducacion\\\/author\\\/sdejuan\\\/\"}]}<\/script>\n<!-- \/ Yoast SEO plugin. -->","yoast_head_json":{"title":"Jornada de puertas abiertas: ocho recursos online de educaci\u00f3n art\u00edstica para la desescalada - Arte y educaci\u00f3n","robots":{"index":"index","follow":"follow","max-snippet":"max-snippet:-1","max-image-preview":"max-image-preview:large","max-video-preview":"max-video-preview:-1"},"canonical":"https:\/\/eldiariodelaeducacion.com\/arteyeducacion\/2020\/05\/19\/jornada-de-puertas-abiertas-8-recursos-online-de-educacion-artistica-para-la-desescalada\/","og_locale":"es_ES","og_type":"article","og_title":"Jornada de puertas abiertas: ocho recursos online de educaci\u00f3n art\u00edstica para la desescalada - Arte y educaci\u00f3n","og_description":"-\u201cNo es s\u00f3lo eso. S\u00ed, sus ciudades son hermosas. Los marcianos sab\u00edan c\u00f3mo unir el arte y la vida. El arte fue siempre algo extra\u00f1o entre nosotros. Lo guardamos en el cuarto del loco de la familia, o lo tomamos en dosis dominicales (\u2026) -Usted cree que hab\u00edan llegado al fondo de las cosas, \u00bfno","og_url":"https:\/\/eldiariodelaeducacion.com\/arteyeducacion\/2020\/05\/19\/jornada-de-puertas-abiertas-8-recursos-online-de-educacion-artistica-para-la-desescalada\/","og_site_name":"Arte y educaci\u00f3n","article_published_time":"2020-05-19T07:00:01+00:00","article_modified_time":"2024-08-20T15:56:42+00:00","og_image":[{"width":564,"height":344,"url":"https:\/\/eldiariodelaeducacion.com\/arteyeducacion\/wp-content\/uploads\/sites\/19\/2020\/05\/alas.jpg","type":"image\/jpeg"}],"author":"Sofia de Juan","twitter_card":"summary_large_image","twitter_misc":{"Escrito por":"Sofia de Juan","Tiempo de lectura":"26 minutos"},"schema":{"@context":"https:\/\/schema.org","@graph":[{"@type":"Article","@id":"https:\/\/eldiariodelaeducacion.com\/arteyeducacion\/2020\/05\/19\/jornada-de-puertas-abiertas-8-recursos-online-de-educacion-artistica-para-la-desescalada\/#article","isPartOf":{"@id":"https:\/\/eldiariodelaeducacion.com\/arteyeducacion\/2020\/05\/19\/jornada-de-puertas-abiertas-8-recursos-online-de-educacion-artistica-para-la-desescalada\/"},"author":{"name":"Sofia de Juan","@id":"https:\/\/eldiariodelaeducacion.com\/arteyeducacion\/#\/schema\/person\/633138eedf9c15e4904229efadbe02f2"},"headline":"Jornada de puertas abiertas: ocho recursos online de educaci\u00f3n art\u00edstica para la desescalada","datePublished":"2020-05-19T07:00:01+00:00","dateModified":"2024-08-20T15:56:42+00:00","mainEntityOfPage":{"@id":"https:\/\/eldiariodelaeducacion.com\/arteyeducacion\/2020\/05\/19\/jornada-de-puertas-abiertas-8-recursos-online-de-educacion-artistica-para-la-desescalada\/"},"wordCount":5194,"commentCount":0,"image":{"@id":"https:\/\/eldiariodelaeducacion.com\/arteyeducacion\/2020\/05\/19\/jornada-de-puertas-abiertas-8-recursos-online-de-educacion-artistica-para-la-desescalada\/#primaryimage"},"thumbnailUrl":"https:\/\/eldiariodelaeducacion.com\/arteyeducacion\/wp-content\/uploads\/sites\/19\/2020\/05\/alas.jpg","keywords":["arte y confinamiento"],"articleSection":["Arte y educaci\u00f3n"],"inLanguage":"es","potentialAction":[{"@type":"CommentAction","name":"Comment","target":["https:\/\/eldiariodelaeducacion.com\/arteyeducacion\/2020\/05\/19\/jornada-de-puertas-abiertas-8-recursos-online-de-educacion-artistica-para-la-desescalada\/#respond"]}]},{"@type":"WebPage","@id":"https:\/\/eldiariodelaeducacion.com\/arteyeducacion\/2020\/05\/19\/jornada-de-puertas-abiertas-8-recursos-online-de-educacion-artistica-para-la-desescalada\/","url":"https:\/\/eldiariodelaeducacion.com\/arteyeducacion\/2020\/05\/19\/jornada-de-puertas-abiertas-8-recursos-online-de-educacion-artistica-para-la-desescalada\/","name":"Jornada de puertas abiertas: ocho recursos online de educaci\u00f3n art\u00edstica para la desescalada - Arte y educaci\u00f3n","isPartOf":{"@id":"https:\/\/eldiariodelaeducacion.com\/arteyeducacion\/#website"},"primaryImageOfPage":{"@id":"https:\/\/eldiariodelaeducacion.com\/arteyeducacion\/2020\/05\/19\/jornada-de-puertas-abiertas-8-recursos-online-de-educacion-artistica-para-la-desescalada\/#primaryimage"},"image":{"@id":"https:\/\/eldiariodelaeducacion.com\/arteyeducacion\/2020\/05\/19\/jornada-de-puertas-abiertas-8-recursos-online-de-educacion-artistica-para-la-desescalada\/#primaryimage"},"thumbnailUrl":"https:\/\/eldiariodelaeducacion.com\/arteyeducacion\/wp-content\/uploads\/sites\/19\/2020\/05\/alas.jpg","datePublished":"2020-05-19T07:00:01+00:00","dateModified":"2024-08-20T15:56:42+00:00","author":{"@id":"https:\/\/eldiariodelaeducacion.com\/arteyeducacion\/#\/schema\/person\/633138eedf9c15e4904229efadbe02f2"},"breadcrumb":{"@id":"https:\/\/eldiariodelaeducacion.com\/arteyeducacion\/2020\/05\/19\/jornada-de-puertas-abiertas-8-recursos-online-de-educacion-artistica-para-la-desescalada\/#breadcrumb"},"inLanguage":"es","potentialAction":[{"@type":"ReadAction","target":["https:\/\/eldiariodelaeducacion.com\/arteyeducacion\/2020\/05\/19\/jornada-de-puertas-abiertas-8-recursos-online-de-educacion-artistica-para-la-desescalada\/"]}]},{"@type":"ImageObject","inLanguage":"es","@id":"https:\/\/eldiariodelaeducacion.com\/arteyeducacion\/2020\/05\/19\/jornada-de-puertas-abiertas-8-recursos-online-de-educacion-artistica-para-la-desescalada\/#primaryimage","url":"https:\/\/eldiariodelaeducacion.com\/arteyeducacion\/wp-content\/uploads\/sites\/19\/2020\/05\/alas.jpg","contentUrl":"https:\/\/eldiariodelaeducacion.com\/arteyeducacion\/wp-content\/uploads\/sites\/19\/2020\/05\/alas.jpg","width":564,"height":344},{"@type":"BreadcrumbList","@id":"https:\/\/eldiariodelaeducacion.com\/arteyeducacion\/2020\/05\/19\/jornada-de-puertas-abiertas-8-recursos-online-de-educacion-artistica-para-la-desescalada\/#breadcrumb","itemListElement":[{"@type":"ListItem","position":1,"name":"Portada","item":"https:\/\/eldiariodelaeducacion.com\/arteyeducacion\/"},{"@type":"ListItem","position":2,"name":"Jornada de puertas abiertas: ocho recursos online de educaci\u00f3n art\u00edstica para la desescalada"}]},{"@type":"WebSite","@id":"https:\/\/eldiariodelaeducacion.com\/arteyeducacion\/#website","url":"https:\/\/eldiariodelaeducacion.com\/arteyeducacion\/","name":"Arte y educaci\u00f3n","description":"Un blog de El Diario de la Educaci\u00f3n","potentialAction":[{"@type":"SearchAction","target":{"@type":"EntryPoint","urlTemplate":"https:\/\/eldiariodelaeducacion.com\/arteyeducacion\/?s={search_term_string}"},"query-input":{"@type":"PropertyValueSpecification","valueRequired":true,"valueName":"search_term_string"}}],"inLanguage":"es"},{"@type":"Person","@id":"https:\/\/eldiariodelaeducacion.com\/arteyeducacion\/#\/schema\/person\/633138eedf9c15e4904229efadbe02f2","name":"Sofia de Juan","image":{"@type":"ImageObject","inLanguage":"es","@id":"https:\/\/secure.gravatar.com\/avatar\/ee3f7b1130ca59b92768386dc4f3cb584f5f608b943ff7d92d500e468d1cb687?s=96&d=mm&r=g","url":"https:\/\/secure.gravatar.com\/avatar\/ee3f7b1130ca59b92768386dc4f3cb584f5f608b943ff7d92d500e468d1cb687?s=96&d=mm&r=g","contentUrl":"https:\/\/secure.gravatar.com\/avatar\/ee3f7b1130ca59b92768386dc4f3cb584f5f608b943ff7d92d500e468d1cb687?s=96&d=mm&r=g","caption":"Sofia de Juan"},"url":"https:\/\/eldiariodelaeducacion.com\/arteyeducacion\/author\/sdejuan\/"}]}},"_links":{"self":[{"href":"https:\/\/eldiariodelaeducacion.com\/arteyeducacion\/wp-json\/wp\/v2\/posts\/526","targetHints":{"allow":["GET"]}}],"collection":[{"href":"https:\/\/eldiariodelaeducacion.com\/arteyeducacion\/wp-json\/wp\/v2\/posts"}],"about":[{"href":"https:\/\/eldiariodelaeducacion.com\/arteyeducacion\/wp-json\/wp\/v2\/types\/post"}],"author":[{"embeddable":true,"href":"https:\/\/eldiariodelaeducacion.com\/arteyeducacion\/wp-json\/wp\/v2\/users\/171"}],"replies":[{"embeddable":true,"href":"https:\/\/eldiariodelaeducacion.com\/arteyeducacion\/wp-json\/wp\/v2\/comments?post=526"}],"version-history":[{"count":1,"href":"https:\/\/eldiariodelaeducacion.com\/arteyeducacion\/wp-json\/wp\/v2\/posts\/526\/revisions"}],"predecessor-version":[{"id":538,"href":"https:\/\/eldiariodelaeducacion.com\/arteyeducacion\/wp-json\/wp\/v2\/posts\/526\/revisions\/538"}],"wp:featuredmedia":[{"embeddable":true,"href":"https:\/\/eldiariodelaeducacion.com\/arteyeducacion\/wp-json\/wp\/v2\/media\/276"}],"wp:attachment":[{"href":"https:\/\/eldiariodelaeducacion.com\/arteyeducacion\/wp-json\/wp\/v2\/media?parent=526"}],"wp:term":[{"taxonomy":"category","embeddable":true,"href":"https:\/\/eldiariodelaeducacion.com\/arteyeducacion\/wp-json\/wp\/v2\/categories?post=526"},{"taxonomy":"post_tag","embeddable":true,"href":"https:\/\/eldiariodelaeducacion.com\/arteyeducacion\/wp-json\/wp\/v2\/tags?post=526"},{"taxonomy":"tipo","embeddable":true,"href":"https:\/\/eldiariodelaeducacion.com\/arteyeducacion\/wp-json\/wp\/v2\/tipo?post=526"}],"curies":[{"name":"wp","href":"https:\/\/api.w.org\/{rel}","templated":true}]}}