{"id":609,"date":"2025-01-16T06:06:00","date_gmt":"2025-01-16T05:06:00","guid":{"rendered":"https:\/\/eldiariodelaeducacion.com\/arteyeducacion\/?p=609"},"modified":"2025-01-16T10:07:16","modified_gmt":"2025-01-16T09:07:16","slug":"proyectos-artistico-educativos-para-transformar-del-aula-al-barrio","status":"publish","type":"post","link":"https:\/\/eldiariodelaeducacion.com\/arteyeducacion\/2025\/01\/16\/proyectos-artistico-educativos-para-transformar-del-aula-al-barrio\/","title":{"rendered":"Proyectos art\u00edstico-educativos para transformar del aula al barrio"},"content":{"rendered":"\n<p>La escuela puede ser mucho m\u00e1s que un espacio de aprendizaje te\u00f3rico. Con esta premisa, el proyecto <a href=\"https:\/\/redplanea.org\/convocatoria-futuros-transformadores\/\"><strong>\u201cFuturos Transformadores\u201d<\/strong>, creado por la red PLANEA<\/a>, invita a 45 centros educativos p\u00fablicos de Andaluc\u00eda, Comunidad de Madrid y Comunitat Valenciana a convertirse en agentes de cambio social mediante metodolog\u00edas art\u00edsticas y proyectos de econom\u00eda social y solidaria. La propuesta, que combina creatividad y conciencia c\u00edvica, tiene abiertas sus inscripciones hasta el <strong>10 de febrero de 2025<\/strong>.<\/p>\n\n\n\n<p>En Futuros transformadores el objetivo es que los centros educativos realicen una de las tres posibles actuaciones disponibles. Cada una de ellas se compone de un kit art\u00edstico-educativo que ha sido dise\u00f1ado, a su vez, por una cooperativa de cada comunidad aut\u00f3noma participante.<\/p>\n\n\n\n<p>En dichas maletas, los centros seleccionados encontrar\u00e1n diferentes materiales y actividades que podr\u00e1n realizar con la idea de promover valores como la participaci\u00f3n democr\u00e1tica, la sostenibilidad o la inclusi\u00f3n social desde las aulas. <\/p>\n\n\n\n<p>Al final del proyecto, que consta de formaci\u00f3n para el profesorado, desarrollo y finalizaci\u00f3n, se llevar\u00e1 a cabo una feria virtual en la que los diferentes centros o docentes participantes expondr\u00e1n qu\u00e9 es lo que han estado haciendo. <\/p>\n\n\n\n<figure class=\"wp-block-image size-full\"><img fetchpriority=\"high\" decoding=\"async\" width=\"1024\" height=\"685\" src=\"https:\/\/eldiariodelaeducacion.com\/arteyeducacion\/wp-content\/uploads\/sites\/19\/2025\/01\/Mis-Climas-Cotidianos1.jpg\" alt=\"\" class=\"wp-image-613\" srcset=\"https:\/\/eldiariodelaeducacion.com\/arteyeducacion\/wp-content\/uploads\/sites\/19\/2025\/01\/Mis-Climas-Cotidianos1.jpg 1024w, https:\/\/eldiariodelaeducacion.com\/arteyeducacion\/wp-content\/uploads\/sites\/19\/2025\/01\/Mis-Climas-Cotidianos1-300x201.jpg 300w, https:\/\/eldiariodelaeducacion.com\/arteyeducacion\/wp-content\/uploads\/sites\/19\/2025\/01\/Mis-Climas-Cotidianos1-768x514.jpg 768w, https:\/\/eldiariodelaeducacion.com\/arteyeducacion\/wp-content\/uploads\/sites\/19\/2025\/01\/Mis-Climas-Cotidianos1-18x12.jpg 18w, https:\/\/eldiariodelaeducacion.com\/arteyeducacion\/wp-content\/uploads\/sites\/19\/2025\/01\/Mis-Climas-Cotidianos1-150x100.jpg 150w, https:\/\/eldiariodelaeducacion.com\/arteyeducacion\/wp-content\/uploads\/sites\/19\/2025\/01\/Mis-Climas-Cotidianos1-450x301.jpg 450w\" sizes=\"(max-width: 1024px) 100vw, 1024px\" \/><figcaption class=\"wp-element-caption\">Imagen del proyecto Mis Climas Cotidianos. Foto: PLANEA<\/figcaption><\/figure>\n\n\n\n<p>Los tres itinerarios disponibles ofrecen enfoques tan diversos como inspiradores. Con <strong>\u201cMis Climas Cotidianos\u201d<\/strong>, los alumnos aprender\u00e1n a diagnosticar problemas medioambientales y sociales en su entorno y a dise\u00f1ar soluciones sostenibles desde una perspectiva ecofeministas. El objetivo es pensar sobre el clima atmosf\u00e9rico, pero tambi\u00e9n el de convivencia. Para ello se trabaja desde una triple aproximaci\u00f3n al aprendizaje que se va entrelazando: m\u00e9todo cient\u00edfico, proyecto arquitect\u00f3nico y producci\u00f3n art\u00edstico-sensitiva. El proyecto, en este caso, lo lidera la cooperativa de arquitectas Cotidiana.<\/p>\n\n\n\n<p><strong>\u201cParlamento Urbano\u201d<\/strong> es otra de las acciones. Propone construir bancos m\u00f3viles para convertir cualquier espacio p\u00fablico en un foro de debate ciudadano. En la maleta, elaborada por la asociaci\u00f3n Zuloark, el profesorado y alumnado participante encontrar\u00e1 todo el material para la construcci\u00f3n de estos bancos m\u00f3viles con los que crear estos parlamentos que deber\u00edan estar autoorganizados por el alumnado y que pueden utilizarse en el centro educativo, as\u00ed como su entorno. <\/p>\n\n\n\n<figure class=\"wp-block-image size-full\"><img decoding=\"async\" width=\"1024\" height=\"768\" src=\"https:\/\/eldiariodelaeducacion.com\/arteyeducacion\/wp-content\/uploads\/sites\/19\/2025\/01\/ParlamentosUrbanos31.jpg\" alt=\"\" class=\"wp-image-612\" srcset=\"https:\/\/eldiariodelaeducacion.com\/arteyeducacion\/wp-content\/uploads\/sites\/19\/2025\/01\/ParlamentosUrbanos31.jpg 1024w, https:\/\/eldiariodelaeducacion.com\/arteyeducacion\/wp-content\/uploads\/sites\/19\/2025\/01\/ParlamentosUrbanos31-300x225.jpg 300w, https:\/\/eldiariodelaeducacion.com\/arteyeducacion\/wp-content\/uploads\/sites\/19\/2025\/01\/ParlamentosUrbanos31-768x576.jpg 768w, https:\/\/eldiariodelaeducacion.com\/arteyeducacion\/wp-content\/uploads\/sites\/19\/2025\/01\/ParlamentosUrbanos31-16x12.jpg 16w, https:\/\/eldiariodelaeducacion.com\/arteyeducacion\/wp-content\/uploads\/sites\/19\/2025\/01\/ParlamentosUrbanos31-150x113.jpg 150w, https:\/\/eldiariodelaeducacion.com\/arteyeducacion\/wp-content\/uploads\/sites\/19\/2025\/01\/ParlamentosUrbanos31-450x338.jpg 450w\" sizes=\"(max-width: 1024px) 100vw, 1024px\" \/><figcaption class=\"wp-element-caption\">Parlamentos urbanos. Imagen: PLANEA<\/figcaption><\/figure>\n\n\n\n<p>Por \u00faltimo, <strong>\u201cRelata\u201d<\/strong>, dise\u00f1ado por Carpe, invita a los j\u00f3venes a crear narrativas audiovisuales sobre su barrio, fomentando la identidad comunitaria y la participaci\u00f3n activa. A trav\u00e9s de piezas audiovisuales, rutas colectivas y mapeos, RELATA registra la historia de los protagonistas y sus formas de habitar, relacionarse e incidir en el territorio que viven. Est\u00e1 compuesto de material para desarrollar peque\u00f1as entrevistas, en las que el alumnado explora su relaci\u00f3n con el espacio p\u00fablico y el barrio que le rodea.<\/p>\n\n\n\n<figure class=\"wp-block-image size-large\"><img decoding=\"async\" width=\"1024\" height=\"683\" src=\"https:\/\/eldiariodelaeducacion.com\/arteyeducacion\/wp-content\/uploads\/sites\/19\/2025\/01\/RELATA-_-vides05-1024x683.jpg\" alt=\"\" class=\"wp-image-610\" srcset=\"https:\/\/eldiariodelaeducacion.com\/arteyeducacion\/wp-content\/uploads\/sites\/19\/2025\/01\/RELATA-_-vides05-1024x683.jpg 1024w, https:\/\/eldiariodelaeducacion.com\/arteyeducacion\/wp-content\/uploads\/sites\/19\/2025\/01\/RELATA-_-vides05-300x200.jpg 300w, https:\/\/eldiariodelaeducacion.com\/arteyeducacion\/wp-content\/uploads\/sites\/19\/2025\/01\/RELATA-_-vides05-768x512.jpg 768w, https:\/\/eldiariodelaeducacion.com\/arteyeducacion\/wp-content\/uploads\/sites\/19\/2025\/01\/RELATA-_-vides05-18x12.jpg 18w, https:\/\/eldiariodelaeducacion.com\/arteyeducacion\/wp-content\/uploads\/sites\/19\/2025\/01\/RELATA-_-vides05-150x100.jpg 150w, https:\/\/eldiariodelaeducacion.com\/arteyeducacion\/wp-content\/uploads\/sites\/19\/2025\/01\/RELATA-_-vides05-450x300.jpg 450w, https:\/\/eldiariodelaeducacion.com\/arteyeducacion\/wp-content\/uploads\/sites\/19\/2025\/01\/RELATA-_-vides05.jpg 1200w\" sizes=\"(max-width: 1024px) 100vw, 1024px\" \/><figcaption class=\"wp-element-caption\">Proyecto Relata. Foto: PLANEA<\/figcaption><\/figure>\n\n\n\n<p>Esta iniciativa, impulsada por la red PLANEA con apoyo europeo, no solo busca educar en valores, sino que tambi\u00e9n pretende generar un impacto real en los entornos urbanos y sociales. La escuela, en este caso, se convierte en un motor para <strong>transformar el futuro desde el presente<\/strong>.<\/p>\n","protected":false},"excerpt":{"rendered":"<p>La escuela puede ser mucho m\u00e1s que un espacio de aprendizaje te\u00f3rico. Con esta premisa, el proyecto \u201cFuturos Transformadores\u201d, creado por la red PLANEA, invita a 45 centros educativos p\u00fablicos de Andaluc\u00eda, Comunidad de Madrid y Comunitat Valenciana a convertirse en agentes de cambio social mediante metodolog\u00edas art\u00edsticas y proyectos de econom\u00eda social y solidaria.<\/p>\n","protected":false},"author":2,"featured_media":611,"comment_status":"open","ping_status":"open","sticky":false,"template":"","format":"standard","meta":{"footnotes":""},"categories":[17],"tags":[16,34,36,35],"tipo":[32],"class_list":{"0":"post-609","1":"post","2":"type-post","3":"status-publish","4":"format-standard","5":"has-post-thumbnail","7":"category-arte-y-educacion","8":"tag-arte","9":"tag-cooperacion","10":"tag-transformacion","11":"tag-valores","12":"tipo-actualidad"},"yoast_head":"<!-- This site is optimized with the Yoast SEO plugin v27.5 - https:\/\/yoast.com\/product\/yoast-seo-wordpress\/ -->\n<title>Proyectos art\u00edstico-educativos para transformar del aula al barrio - Arte y educaci\u00f3n<\/title>\n<meta name=\"robots\" content=\"index, follow, max-snippet:-1, max-image-preview:large, max-video-preview:-1\" \/>\n<link rel=\"canonical\" href=\"https:\/\/eldiariodelaeducacion.com\/arteyeducacion\/2025\/01\/16\/proyectos-artistico-educativos-para-transformar-del-aula-al-barrio\/\" \/>\n<meta property=\"og:locale\" content=\"es_ES\" \/>\n<meta property=\"og:type\" content=\"article\" \/>\n<meta property=\"og:title\" content=\"Proyectos art\u00edstico-educativos para transformar del aula al barrio - Arte y educaci\u00f3n\" \/>\n<meta property=\"og:description\" content=\"La escuela puede ser mucho m\u00e1s que un espacio de aprendizaje te\u00f3rico. Con esta premisa, el proyecto \u201cFuturos Transformadores\u201d, creado por la red PLANEA, invita a 45 centros educativos p\u00fablicos de Andaluc\u00eda, Comunidad de Madrid y Comunitat Valenciana a convertirse en agentes de cambio social mediante metodolog\u00edas art\u00edsticas y proyectos de econom\u00eda social y solidaria.\" \/>\n<meta property=\"og:url\" content=\"https:\/\/eldiariodelaeducacion.com\/arteyeducacion\/2025\/01\/16\/proyectos-artistico-educativos-para-transformar-del-aula-al-barrio\/\" \/>\n<meta property=\"og:site_name\" content=\"Arte y educaci\u00f3n\" \/>\n<meta property=\"article:published_time\" content=\"2025-01-16T05:06:00+00:00\" \/>\n<meta property=\"article:modified_time\" content=\"2025-01-16T09:07:16+00:00\" \/>\n<meta property=\"og:image\" content=\"https:\/\/eldiariodelaeducacion.com\/arteyeducacion\/wp-content\/uploads\/sites\/19\/2025\/01\/RELATA-_-vides031.jpg\" \/>\n\t<meta property=\"og:image:width\" content=\"1024\" \/>\n\t<meta property=\"og:image:height\" content=\"683\" \/>\n\t<meta property=\"og:image:type\" content=\"image\/jpeg\" \/>\n<meta name=\"author\" content=\"Redacci\u00f3n - Diario de la Educaci\u00f3n\" \/>\n<meta name=\"twitter:card\" content=\"summary_large_image\" \/>\n<meta name=\"twitter:label1\" content=\"Escrito por\" \/>\n\t<meta name=\"twitter:data1\" content=\"Redacci\u00f3n - Diario de la Educaci\u00f3n\" \/>\n\t<meta name=\"twitter:label2\" content=\"Tiempo de lectura\" \/>\n\t<meta name=\"twitter:data2\" content=\"3 minutos\" \/>\n<script type=\"application\/ld+json\" class=\"yoast-schema-graph\">{\"@context\":\"https:\\\/\\\/schema.org\",\"@graph\":[{\"@type\":\"Article\",\"@id\":\"https:\\\/\\\/eldiariodelaeducacion.com\\\/arteyeducacion\\\/2025\\\/01\\\/16\\\/proyectos-artistico-educativos-para-transformar-del-aula-al-barrio\\\/#article\",\"isPartOf\":{\"@id\":\"https:\\\/\\\/eldiariodelaeducacion.com\\\/arteyeducacion\\\/2025\\\/01\\\/16\\\/proyectos-artistico-educativos-para-transformar-del-aula-al-barrio\\\/\"},\"author\":{\"name\":\"Redacci\u00f3n - Diario de la Educaci\u00f3n\",\"@id\":\"https:\\\/\\\/eldiariodelaeducacion.com\\\/arteyeducacion\\\/#\\\/schema\\\/person\\\/9b8e8b27688ec40c29d25ba4374b85a4\"},\"headline\":\"Proyectos art\u00edstico-educativos para transformar del aula al barrio\",\"datePublished\":\"2025-01-16T05:06:00+00:00\",\"dateModified\":\"2025-01-16T09:07:16+00:00\",\"mainEntityOfPage\":{\"@id\":\"https:\\\/\\\/eldiariodelaeducacion.com\\\/arteyeducacion\\\/2025\\\/01\\\/16\\\/proyectos-artistico-educativos-para-transformar-del-aula-al-barrio\\\/\"},\"wordCount\":532,\"commentCount\":0,\"image\":{\"@id\":\"https:\\\/\\\/eldiariodelaeducacion.com\\\/arteyeducacion\\\/2025\\\/01\\\/16\\\/proyectos-artistico-educativos-para-transformar-del-aula-al-barrio\\\/#primaryimage\"},\"thumbnailUrl\":\"https:\\\/\\\/eldiariodelaeducacion.com\\\/arteyeducacion\\\/wp-content\\\/uploads\\\/sites\\\/19\\\/2025\\\/01\\\/RELATA-_-vides031.jpg\",\"keywords\":[\"arte\",\"cooperaci\u00f3n\",\"transformaci\u00f3n\",\"valores\"],\"articleSection\":[\"Arte y educaci\u00f3n\"],\"inLanguage\":\"es\",\"potentialAction\":[{\"@type\":\"CommentAction\",\"name\":\"Comment\",\"target\":[\"https:\\\/\\\/eldiariodelaeducacion.com\\\/arteyeducacion\\\/2025\\\/01\\\/16\\\/proyectos-artistico-educativos-para-transformar-del-aula-al-barrio\\\/#respond\"]}]},{\"@type\":\"WebPage\",\"@id\":\"https:\\\/\\\/eldiariodelaeducacion.com\\\/arteyeducacion\\\/2025\\\/01\\\/16\\\/proyectos-artistico-educativos-para-transformar-del-aula-al-barrio\\\/\",\"url\":\"https:\\\/\\\/eldiariodelaeducacion.com\\\/arteyeducacion\\\/2025\\\/01\\\/16\\\/proyectos-artistico-educativos-para-transformar-del-aula-al-barrio\\\/\",\"name\":\"Proyectos art\u00edstico-educativos para transformar del aula al barrio - Arte y educaci\u00f3n\",\"isPartOf\":{\"@id\":\"https:\\\/\\\/eldiariodelaeducacion.com\\\/arteyeducacion\\\/#website\"},\"primaryImageOfPage\":{\"@id\":\"https:\\\/\\\/eldiariodelaeducacion.com\\\/arteyeducacion\\\/2025\\\/01\\\/16\\\/proyectos-artistico-educativos-para-transformar-del-aula-al-barrio\\\/#primaryimage\"},\"image\":{\"@id\":\"https:\\\/\\\/eldiariodelaeducacion.com\\\/arteyeducacion\\\/2025\\\/01\\\/16\\\/proyectos-artistico-educativos-para-transformar-del-aula-al-barrio\\\/#primaryimage\"},\"thumbnailUrl\":\"https:\\\/\\\/eldiariodelaeducacion.com\\\/arteyeducacion\\\/wp-content\\\/uploads\\\/sites\\\/19\\\/2025\\\/01\\\/RELATA-_-vides031.jpg\",\"datePublished\":\"2025-01-16T05:06:00+00:00\",\"dateModified\":\"2025-01-16T09:07:16+00:00\",\"author\":{\"@id\":\"https:\\\/\\\/eldiariodelaeducacion.com\\\/arteyeducacion\\\/#\\\/schema\\\/person\\\/9b8e8b27688ec40c29d25ba4374b85a4\"},\"breadcrumb\":{\"@id\":\"https:\\\/\\\/eldiariodelaeducacion.com\\\/arteyeducacion\\\/2025\\\/01\\\/16\\\/proyectos-artistico-educativos-para-transformar-del-aula-al-barrio\\\/#breadcrumb\"},\"inLanguage\":\"es\",\"potentialAction\":[{\"@type\":\"ReadAction\",\"target\":[\"https:\\\/\\\/eldiariodelaeducacion.com\\\/arteyeducacion\\\/2025\\\/01\\\/16\\\/proyectos-artistico-educativos-para-transformar-del-aula-al-barrio\\\/\"]}]},{\"@type\":\"ImageObject\",\"inLanguage\":\"es\",\"@id\":\"https:\\\/\\\/eldiariodelaeducacion.com\\\/arteyeducacion\\\/2025\\\/01\\\/16\\\/proyectos-artistico-educativos-para-transformar-del-aula-al-barrio\\\/#primaryimage\",\"url\":\"https:\\\/\\\/eldiariodelaeducacion.com\\\/arteyeducacion\\\/wp-content\\\/uploads\\\/sites\\\/19\\\/2025\\\/01\\\/RELATA-_-vides031.jpg\",\"contentUrl\":\"https:\\\/\\\/eldiariodelaeducacion.com\\\/arteyeducacion\\\/wp-content\\\/uploads\\\/sites\\\/19\\\/2025\\\/01\\\/RELATA-_-vides031.jpg\",\"width\":1024,\"height\":683,\"caption\":\"Proyecto Relata. Foto: PLANEA\"},{\"@type\":\"BreadcrumbList\",\"@id\":\"https:\\\/\\\/eldiariodelaeducacion.com\\\/arteyeducacion\\\/2025\\\/01\\\/16\\\/proyectos-artistico-educativos-para-transformar-del-aula-al-barrio\\\/#breadcrumb\",\"itemListElement\":[{\"@type\":\"ListItem\",\"position\":1,\"name\":\"Portada\",\"item\":\"https:\\\/\\\/eldiariodelaeducacion.com\\\/arteyeducacion\\\/\"},{\"@type\":\"ListItem\",\"position\":2,\"name\":\"Proyectos art\u00edstico-educativos para transformar del aula al barrio\"}]},{\"@type\":\"WebSite\",\"@id\":\"https:\\\/\\\/eldiariodelaeducacion.com\\\/arteyeducacion\\\/#website\",\"url\":\"https:\\\/\\\/eldiariodelaeducacion.com\\\/arteyeducacion\\\/\",\"name\":\"Arte y educaci\u00f3n\",\"description\":\"Un blog de El Diario de la Educaci\u00f3n\",\"potentialAction\":[{\"@type\":\"SearchAction\",\"target\":{\"@type\":\"EntryPoint\",\"urlTemplate\":\"https:\\\/\\\/eldiariodelaeducacion.com\\\/arteyeducacion\\\/?s={search_term_string}\"},\"query-input\":{\"@type\":\"PropertyValueSpecification\",\"valueRequired\":true,\"valueName\":\"search_term_string\"}}],\"inLanguage\":\"es\"},{\"@type\":\"Person\",\"@id\":\"https:\\\/\\\/eldiariodelaeducacion.com\\\/arteyeducacion\\\/#\\\/schema\\\/person\\\/9b8e8b27688ec40c29d25ba4374b85a4\",\"name\":\"Redacci\u00f3n - Diario de la Educaci\u00f3n\",\"image\":{\"@type\":\"ImageObject\",\"inLanguage\":\"es\",\"@id\":\"https:\\\/\\\/eldiariodelaeducacion.com\\\/wp-content\\\/uploads\\\/2024\\\/10\\\/redaccion-diario-de-la-educacion_avatar-96x96.png\",\"url\":\"https:\\\/\\\/eldiariodelaeducacion.com\\\/wp-content\\\/uploads\\\/2024\\\/10\\\/redaccion-diario-de-la-educacion_avatar-96x96.png\",\"contentUrl\":\"https:\\\/\\\/eldiariodelaeducacion.com\\\/wp-content\\\/uploads\\\/2024\\\/10\\\/redaccion-diario-de-la-educacion_avatar-96x96.png\",\"caption\":\"Redacci\u00f3n - Diario de la Educaci\u00f3n\"},\"url\":\"https:\\\/\\\/eldiariodelaeducacion.com\\\/arteyeducacion\\\/author\\\/eleldiariodelaeducacion\\\/\"}]}<\/script>\n<!-- \/ Yoast SEO plugin. -->","yoast_head_json":{"title":"Proyectos art\u00edstico-educativos para transformar del aula al barrio - Arte y educaci\u00f3n","robots":{"index":"index","follow":"follow","max-snippet":"max-snippet:-1","max-image-preview":"max-image-preview:large","max-video-preview":"max-video-preview:-1"},"canonical":"https:\/\/eldiariodelaeducacion.com\/arteyeducacion\/2025\/01\/16\/proyectos-artistico-educativos-para-transformar-del-aula-al-barrio\/","og_locale":"es_ES","og_type":"article","og_title":"Proyectos art\u00edstico-educativos para transformar del aula al barrio - Arte y educaci\u00f3n","og_description":"La escuela puede ser mucho m\u00e1s que un espacio de aprendizaje te\u00f3rico. Con esta premisa, el proyecto \u201cFuturos Transformadores\u201d, creado por la red PLANEA, invita a 45 centros educativos p\u00fablicos de Andaluc\u00eda, Comunidad de Madrid y Comunitat Valenciana a convertirse en agentes de cambio social mediante metodolog\u00edas art\u00edsticas y proyectos de econom\u00eda social y solidaria.","og_url":"https:\/\/eldiariodelaeducacion.com\/arteyeducacion\/2025\/01\/16\/proyectos-artistico-educativos-para-transformar-del-aula-al-barrio\/","og_site_name":"Arte y educaci\u00f3n","article_published_time":"2025-01-16T05:06:00+00:00","article_modified_time":"2025-01-16T09:07:16+00:00","og_image":[{"width":1024,"height":683,"url":"https:\/\/eldiariodelaeducacion.com\/arteyeducacion\/wp-content\/uploads\/sites\/19\/2025\/01\/RELATA-_-vides031.jpg","type":"image\/jpeg"}],"author":"Redacci\u00f3n - Diario de la Educaci\u00f3n","twitter_card":"summary_large_image","twitter_misc":{"Escrito por":"Redacci\u00f3n - Diario de la Educaci\u00f3n","Tiempo de lectura":"3 minutos"},"schema":{"@context":"https:\/\/schema.org","@graph":[{"@type":"Article","@id":"https:\/\/eldiariodelaeducacion.com\/arteyeducacion\/2025\/01\/16\/proyectos-artistico-educativos-para-transformar-del-aula-al-barrio\/#article","isPartOf":{"@id":"https:\/\/eldiariodelaeducacion.com\/arteyeducacion\/2025\/01\/16\/proyectos-artistico-educativos-para-transformar-del-aula-al-barrio\/"},"author":{"name":"Redacci\u00f3n - Diario de la Educaci\u00f3n","@id":"https:\/\/eldiariodelaeducacion.com\/arteyeducacion\/#\/schema\/person\/9b8e8b27688ec40c29d25ba4374b85a4"},"headline":"Proyectos art\u00edstico-educativos para transformar del aula al barrio","datePublished":"2025-01-16T05:06:00+00:00","dateModified":"2025-01-16T09:07:16+00:00","mainEntityOfPage":{"@id":"https:\/\/eldiariodelaeducacion.com\/arteyeducacion\/2025\/01\/16\/proyectos-artistico-educativos-para-transformar-del-aula-al-barrio\/"},"wordCount":532,"commentCount":0,"image":{"@id":"https:\/\/eldiariodelaeducacion.com\/arteyeducacion\/2025\/01\/16\/proyectos-artistico-educativos-para-transformar-del-aula-al-barrio\/#primaryimage"},"thumbnailUrl":"https:\/\/eldiariodelaeducacion.com\/arteyeducacion\/wp-content\/uploads\/sites\/19\/2025\/01\/RELATA-_-vides031.jpg","keywords":["arte","cooperaci\u00f3n","transformaci\u00f3n","valores"],"articleSection":["Arte y educaci\u00f3n"],"inLanguage":"es","potentialAction":[{"@type":"CommentAction","name":"Comment","target":["https:\/\/eldiariodelaeducacion.com\/arteyeducacion\/2025\/01\/16\/proyectos-artistico-educativos-para-transformar-del-aula-al-barrio\/#respond"]}]},{"@type":"WebPage","@id":"https:\/\/eldiariodelaeducacion.com\/arteyeducacion\/2025\/01\/16\/proyectos-artistico-educativos-para-transformar-del-aula-al-barrio\/","url":"https:\/\/eldiariodelaeducacion.com\/arteyeducacion\/2025\/01\/16\/proyectos-artistico-educativos-para-transformar-del-aula-al-barrio\/","name":"Proyectos art\u00edstico-educativos para transformar del aula al barrio - Arte y educaci\u00f3n","isPartOf":{"@id":"https:\/\/eldiariodelaeducacion.com\/arteyeducacion\/#website"},"primaryImageOfPage":{"@id":"https:\/\/eldiariodelaeducacion.com\/arteyeducacion\/2025\/01\/16\/proyectos-artistico-educativos-para-transformar-del-aula-al-barrio\/#primaryimage"},"image":{"@id":"https:\/\/eldiariodelaeducacion.com\/arteyeducacion\/2025\/01\/16\/proyectos-artistico-educativos-para-transformar-del-aula-al-barrio\/#primaryimage"},"thumbnailUrl":"https:\/\/eldiariodelaeducacion.com\/arteyeducacion\/wp-content\/uploads\/sites\/19\/2025\/01\/RELATA-_-vides031.jpg","datePublished":"2025-01-16T05:06:00+00:00","dateModified":"2025-01-16T09:07:16+00:00","author":{"@id":"https:\/\/eldiariodelaeducacion.com\/arteyeducacion\/#\/schema\/person\/9b8e8b27688ec40c29d25ba4374b85a4"},"breadcrumb":{"@id":"https:\/\/eldiariodelaeducacion.com\/arteyeducacion\/2025\/01\/16\/proyectos-artistico-educativos-para-transformar-del-aula-al-barrio\/#breadcrumb"},"inLanguage":"es","potentialAction":[{"@type":"ReadAction","target":["https:\/\/eldiariodelaeducacion.com\/arteyeducacion\/2025\/01\/16\/proyectos-artistico-educativos-para-transformar-del-aula-al-barrio\/"]}]},{"@type":"ImageObject","inLanguage":"es","@id":"https:\/\/eldiariodelaeducacion.com\/arteyeducacion\/2025\/01\/16\/proyectos-artistico-educativos-para-transformar-del-aula-al-barrio\/#primaryimage","url":"https:\/\/eldiariodelaeducacion.com\/arteyeducacion\/wp-content\/uploads\/sites\/19\/2025\/01\/RELATA-_-vides031.jpg","contentUrl":"https:\/\/eldiariodelaeducacion.com\/arteyeducacion\/wp-content\/uploads\/sites\/19\/2025\/01\/RELATA-_-vides031.jpg","width":1024,"height":683,"caption":"Proyecto Relata. Foto: PLANEA"},{"@type":"BreadcrumbList","@id":"https:\/\/eldiariodelaeducacion.com\/arteyeducacion\/2025\/01\/16\/proyectos-artistico-educativos-para-transformar-del-aula-al-barrio\/#breadcrumb","itemListElement":[{"@type":"ListItem","position":1,"name":"Portada","item":"https:\/\/eldiariodelaeducacion.com\/arteyeducacion\/"},{"@type":"ListItem","position":2,"name":"Proyectos art\u00edstico-educativos para transformar del aula al barrio"}]},{"@type":"WebSite","@id":"https:\/\/eldiariodelaeducacion.com\/arteyeducacion\/#website","url":"https:\/\/eldiariodelaeducacion.com\/arteyeducacion\/","name":"Arte y educaci\u00f3n","description":"Un blog de El Diario de la Educaci\u00f3n","potentialAction":[{"@type":"SearchAction","target":{"@type":"EntryPoint","urlTemplate":"https:\/\/eldiariodelaeducacion.com\/arteyeducacion\/?s={search_term_string}"},"query-input":{"@type":"PropertyValueSpecification","valueRequired":true,"valueName":"search_term_string"}}],"inLanguage":"es"},{"@type":"Person","@id":"https:\/\/eldiariodelaeducacion.com\/arteyeducacion\/#\/schema\/person\/9b8e8b27688ec40c29d25ba4374b85a4","name":"Redacci\u00f3n - Diario de la Educaci\u00f3n","image":{"@type":"ImageObject","inLanguage":"es","@id":"https:\/\/eldiariodelaeducacion.com\/wp-content\/uploads\/2024\/10\/redaccion-diario-de-la-educacion_avatar-96x96.png","url":"https:\/\/eldiariodelaeducacion.com\/wp-content\/uploads\/2024\/10\/redaccion-diario-de-la-educacion_avatar-96x96.png","contentUrl":"https:\/\/eldiariodelaeducacion.com\/wp-content\/uploads\/2024\/10\/redaccion-diario-de-la-educacion_avatar-96x96.png","caption":"Redacci\u00f3n - Diario de la Educaci\u00f3n"},"url":"https:\/\/eldiariodelaeducacion.com\/arteyeducacion\/author\/eleldiariodelaeducacion\/"}]}},"_links":{"self":[{"href":"https:\/\/eldiariodelaeducacion.com\/arteyeducacion\/wp-json\/wp\/v2\/posts\/609","targetHints":{"allow":["GET"]}}],"collection":[{"href":"https:\/\/eldiariodelaeducacion.com\/arteyeducacion\/wp-json\/wp\/v2\/posts"}],"about":[{"href":"https:\/\/eldiariodelaeducacion.com\/arteyeducacion\/wp-json\/wp\/v2\/types\/post"}],"author":[{"embeddable":true,"href":"https:\/\/eldiariodelaeducacion.com\/arteyeducacion\/wp-json\/wp\/v2\/users\/2"}],"replies":[{"embeddable":true,"href":"https:\/\/eldiariodelaeducacion.com\/arteyeducacion\/wp-json\/wp\/v2\/comments?post=609"}],"version-history":[{"count":2,"href":"https:\/\/eldiariodelaeducacion.com\/arteyeducacion\/wp-json\/wp\/v2\/posts\/609\/revisions"}],"predecessor-version":[{"id":617,"href":"https:\/\/eldiariodelaeducacion.com\/arteyeducacion\/wp-json\/wp\/v2\/posts\/609\/revisions\/617"}],"wp:featuredmedia":[{"embeddable":true,"href":"https:\/\/eldiariodelaeducacion.com\/arteyeducacion\/wp-json\/wp\/v2\/media\/611"}],"wp:attachment":[{"href":"https:\/\/eldiariodelaeducacion.com\/arteyeducacion\/wp-json\/wp\/v2\/media?parent=609"}],"wp:term":[{"taxonomy":"category","embeddable":true,"href":"https:\/\/eldiariodelaeducacion.com\/arteyeducacion\/wp-json\/wp\/v2\/categories?post=609"},{"taxonomy":"post_tag","embeddable":true,"href":"https:\/\/eldiariodelaeducacion.com\/arteyeducacion\/wp-json\/wp\/v2\/tags?post=609"},{"taxonomy":"tipo","embeddable":true,"href":"https:\/\/eldiariodelaeducacion.com\/arteyeducacion\/wp-json\/wp\/v2\/tipo?post=609"}],"curies":[{"name":"wp","href":"https:\/\/api.w.org\/{rel}","templated":true}]}}