{"id":20,"date":"2022-11-16T06:00:06","date_gmt":"2022-11-16T06:00:06","guid":{"rendered":"https:\/\/eldiariodelaeducacion.com\/bibliotecas-escolares\/?p=20"},"modified":"2024-08-20T18:13:29","modified_gmt":"2024-08-20T16:13:29","slug":"transformando-los-centros-educativos-con-bibliotecas-escolares-utiles","status":"publish","type":"post","link":"https:\/\/eldiariodelaeducacion.com\/bibliotecas-escolares\/2022\/11\/16\/transformando-los-centros-educativos-con-bibliotecas-escolares-utiles\/","title":{"rendered":"Transformando los centros educativos con bibliotecas escolares \u00fatiles"},"content":{"rendered":"<p style=\"padding-left: 160px\">Cuando nuestras escuelas hayan superado sus \u00e9pocas de enclaustramiento y se propongan preparar a muchachos y ni\u00f1as para la vida que deban vivir en un mundo de trabajo diario, la biblioteca de la escuela ser\u00e1 la puerta abierta a la oportunidad del presente. Hall, M. E: 1915<\/p>\n<p>La trayectoria de transformaci\u00f3n de los centros educativos a partir de una biblioteca escolar \u00fatil y congruente con la realidad del s. XXI es heterog\u00e9nea, dada la enorme disparidad de situaciones existentes, pero intensa y aut\u00e9ntica.<\/p>\n<p>Hemos de tener en cuenta que la situaci\u00f3n de nuestras bibliotecas escolares es compleja por muchas razones pasadas y presentes. Podr\u00edamos situarnos en la queja, ya que tenemos innumerables razones para ello, pero preferimos seguir hablando desde el entusiasmo, la profesionalidad, el compromiso y la posibilidad.<\/p>\n<p>La pandemia y especialmente la etapa de marzo 2020 a junio 2022 nos ha hecho tocar tierra. Darnos cuenta de que en muchos centros educativos el espacio f\u00edsico de la biblioteca o bien se cerr\u00f3 o su uso se modific\u00f3 (dej\u00f3 de hacerse el pr\u00e9stamo y pas\u00f3 a emplearse como aula de grupos ordinarios por aquello de la distancia f\u00edsica\u2026) y, <strong>en algunos de ellos, no pas\u00f3 nada<\/strong>. Tal vez porque esas bibliotecas no estaban integradas realmente en las pr\u00e1cticas educativas, ya que no todas las concepciones del curr\u00edculo precisan para su desarrollo de las mismas herramientas, ni van a dar respuesta de la misma manera a las preguntas de qu\u00e9, c\u00f3mo y cu\u00e1ndo ense\u00f1ar y evaluar. (Cast\u00e1n, G.: 2002). Esto no ha hecho m\u00e1s que confirmar algo que ya sab\u00edamos: all\u00e1 donde se mantienen m\u00e9todos tradicionales de ense\u00f1anza, tanto si es en modo virtual o presencial, el modelo obsoleto de biblioteca escolar es perfectamente prescindible.<\/p>\n<p>Pero, la realidad ha sido y es diferente en las bibliotecas escolares de otros muchos centros en los que esta ven\u00eda siendo el eje vertebrador de la pr\u00e1ctica educativa de alumnado, profesorado y familias; constituidas en verdaderos centros de recursos de informaci\u00f3n y lectura, transformadas en \u201cEspacios de aprendizaje inclusivos, creativos, de comunicaci\u00f3n, educaci\u00f3n en medios e informaci\u00f3n y lecturas\u201d integrados en la vida de la instituci\u00f3n escolar, <strong>siendo realmente las aulas de futuro de los centros<\/strong>, en consonancia con el movimiento internacional de BIBLIO.LAB.<\/p>\n<p>Espacios que permiten el encuentro y la construcci\u00f3n de saberes compartidos, y que son una pieza clave de <em>infraestructura social<\/em> (Klineberg, E ). Centros en los que la biblioteca tiene la consideraci\u00f3n de espacio f\u00edsico y digital de aprendizaje de una escuela donde la lectura, la consulta, la investigaci\u00f3n, el pensamiento, la imaginaci\u00f3n y la creatividad son fundamentales para el tr\u00e1nsito de la informaci\u00f3n al conocimiento por parte de los estudiantes, y para su propio crecimiento social y cultural (Directrices IFLA 2015)<\/p>\n<p>En esas escuelas e IES el espacio virtual y digital cobr\u00f3 mucha fuerza y a partir del curso 20\/21, contando con espacios exteriores, con medidas organizativas que contemplaron el respeto a los aforos y sabiendo que el contagio era a\u00e9reo y no por los objetos, no solo se mantuvo la actividad en el espacio f\u00edsico de la biblioteca sino que <strong>sirvi\u00f3 de acicate para continuar transformando los centros<\/strong>, incidiendo a\u00fan m\u00e1s en aspectos innovadores y, sobre todo, siendo \u00fatil al conjunto del profesorado, alumnado y familias.<\/p>\n<p>A menudo se ha logrado siendo una biblioteca distribuida en el espacio, haciendo que todo el centro sea biblioteca, tambi\u00e9n repartida en el tiempo, con sus espacios virtuales y digitales; pero asimismo una biblioteca <em>multimodal<\/em> en los tipos de fondos (libros, \u00e1lbumes, juegos, utensilios variados de su espacio <em>maker<\/em>, rob\u00f3tica, tecnolog\u00eda\u2026) y la manera de acceder a ellos (Miret et al.: 2021). Se trata de un entorno vers\u00e1til supeditado a una amplia diversidad de usos, que parte de la necesaria flexibilidad que nos permite aprender de m\u00faltiples formas y ser el cauce de participaci\u00f3n comunitaria, un <a href=\"https:\/\/www.edu.xunta.gal\/biblioteca\/blog\/files\/Jornada%20t\u00e9cnica.pdf\">espacio de aprendizaje multidimensional<\/a> desde el que se impulsan cambios metodol\u00f3gicos, organizativos y actitudinales que permite ser consciente, a toda la comunidad educativa, de que los centros est\u00e1n cambiando.<\/p>\n<p><img fetchpriority=\"high\" decoding=\"async\" class=\"alignnone wp-image-24\" src=\"https:\/\/eldiariodelaeducacion.com\/bibliotecas-escolares\/wp-content\/uploads\/sites\/82\/2022\/11\/novedades1-300x225.jpg\" alt=\"\" width=\"820\" height=\"615\" srcset=\"https:\/\/eldiariodelaeducacion.com\/bibliotecas-escolares\/wp-content\/uploads\/sites\/20\/2022\/11\/novedades1-300x225.jpg 300w, https:\/\/eldiariodelaeducacion.com\/bibliotecas-escolares\/wp-content\/uploads\/sites\/20\/2022\/11\/novedades1-768x576.jpg 768w, https:\/\/eldiariodelaeducacion.com\/bibliotecas-escolares\/wp-content\/uploads\/sites\/20\/2022\/11\/novedades1-150x113.jpg 150w, https:\/\/eldiariodelaeducacion.com\/bibliotecas-escolares\/wp-content\/uploads\/sites\/20\/2022\/11\/novedades1-450x338.jpg 450w, https:\/\/eldiariodelaeducacion.com\/bibliotecas-escolares\/wp-content\/uploads\/sites\/20\/2022\/11\/novedades1.jpg 1024w\" sizes=\"(max-width: 820px) 100vw, 820px\" \/><\/p>\n<p>Esas escuelas e institutos, con demasiada frecuencia sin el apoyo de sus administraciones educativas, se creyeron que el art. 113 de la LOE, despu\u00e9s de la Lomce y ahora de la Lomloe sobre bibliotecas escolares era y <strong>es de obligado cumplimiento<\/strong>, con el mismo rango que el resto del articulado y por ello se atrevieron a pedir a sus inspectores educativos que, al menos, no solo respetasen sino que impulsasen el denostado inter\u00e9s de esos centros en cumplir la ley educativa vigente.<\/p>\n<p>Puede ser de utilidad emplear el esquema reflexivo de Mary Guinn en el Informe de UNESCO<em> Reimaginar junto nuestros futuros: un nuevo contrato social para la educaci\u00f3n<\/em>, para plantearnos, en este \u00e1mbito de las bibliotecas escolares, las tres preguntas esenciales para transformar la educaci\u00f3n:<\/p>\n<ol>\n<li>\u00bfQu\u00e9 deber\u00edamos seguir haciendo?<\/li>\n<li>\u00bfQu\u00e9 deber\u00edamos dejar de hacer?<\/li>\n<li>\u00bfQu\u00e9 deber\u00eda reinventarse de forma creativa?<\/li>\n<\/ol>\n<h3>\u00bfQu\u00e9 deber\u00edamos seguir haciendo?<\/h3>\n<p>Nos conviene analizar los resultados de la <a href=\"https:\/\/www.educacionyfp.gob.es\/dam\/jcr:7d148641-ae4b-4769-82c2-fb3134578520\/nota19-20.pdf\">\u00faltima estad\u00edstica de Bibliotecas Escolares<\/a> del Ministerio de Educaci\u00f3n para darnos cuenta de que son muchos los aspectos que est\u00e1n funcionando pese a m\u00faltiples inconvenientes, la invisibilidad tenaz y el amplio margen de mejora.<\/p>\n<p>Adem\u00e1s de la lectura, la consulta y los pr\u00e9stamos, son distintas las <strong>actividades que se llevan a cabo<\/strong> en las bibliotecas escolares entre las que destacan las de <strong>ense\u00f1anza y aprendizaje<\/strong> para apoyar el desarrollo del curr\u00edculo (73,9%), las <strong>actividades culturales y encuentros literarios<\/strong> (50,9%), las de <strong>fomento lector<\/strong> (77,6%) y las actividades de <strong>igualdad de g\u00e9neros<\/strong> (46,2%) o actividades con la <strong>participaci\u00f3n de las familias<\/strong> (37,8%).<\/p>\n<p>El 29,8% de las bibliotecas abren m\u00e1s de 10 horas semanales con atenci\u00f3n del equipo de biblioteca, y el 17,8% m\u00e1s de 20 horas semanales. Las bibliotecas de los centros p\u00fablicos de secundaria y FP son las que presentan un porcentaje m\u00e1s alto entre las que abren m\u00e1s de 10 horas, el 36,7%.<\/p>\n<p>El 28,4% de las bibliotecas escolares son atendidas por equipos de m\u00e1s de 5 personas; el 51,9% cuenta con un equipo de 2 a 5 personas y el 18,6% restante por una \u00fanica persona. En el 95,7% de los centros su <strong>profesorado participa en el equipo de la biblioteca<\/strong>. Es llamativo el caso de los centros privados, en los que en el 11,1% de los casos se incorpora personal t\u00e9cnico especializado al equipo de biblioteca pero disminuye significativamente el porcentaje de profesorado en el equipo. En el 53,1% de las bibliotecas su coordinador\/responsable tiene formaci\u00f3n espec\u00edfica en labores de biblioteca y el 44,9% ha recibido formaci\u00f3n en el \u00faltimo a\u00f1o.<\/p>\n<p>Los fondos digitales se van incorporando de forma progresiva a las bibliotecas escolares, pues el 41,4% de estas poseen fondos audiovisuales en soporte digital. Los usuarios pueden conectar sus dispositivos propios a Internet a trav\u00e9s de la conexi\u00f3n inal\u00e1mbrica de la biblioteca en el 58,9% de los centros. El 71,2% de ellas pone a disposici\u00f3n de sus usuarios ordenadores\/terminales inform\u00e1ticos, porcentaje que llega al 85,9% en el caso de los centros p\u00fablicos de secundaria y FP.<\/p>\n<p><img decoding=\"async\" class=\"alignnone wp-image-23\" src=\"https:\/\/eldiariodelaeducacion.com\/bibliotecas-escolares\/wp-content\/uploads\/sites\/82\/2022\/11\/expo-bubisher-11-300x225.jpg\" alt=\"\" width=\"820\" height=\"615\" srcset=\"https:\/\/eldiariodelaeducacion.com\/bibliotecas-escolares\/wp-content\/uploads\/sites\/20\/2022\/11\/expo-bubisher-11-300x225.jpg 300w, https:\/\/eldiariodelaeducacion.com\/bibliotecas-escolares\/wp-content\/uploads\/sites\/20\/2022\/11\/expo-bubisher-11-768x576.jpg 768w, https:\/\/eldiariodelaeducacion.com\/bibliotecas-escolares\/wp-content\/uploads\/sites\/20\/2022\/11\/expo-bubisher-11-150x113.jpg 150w, https:\/\/eldiariodelaeducacion.com\/bibliotecas-escolares\/wp-content\/uploads\/sites\/20\/2022\/11\/expo-bubisher-11-450x338.jpg 450w, https:\/\/eldiariodelaeducacion.com\/bibliotecas-escolares\/wp-content\/uploads\/sites\/20\/2022\/11\/expo-bubisher-11.jpg 1024w\" sizes=\"(max-width: 820px) 100vw, 820px\" \/><\/p>\n<p>En cuanto al n\u00famero de fondos global, el 32,2% de las bibliotecas escolares cuenta con 2.000 o menos documentos, el 32,5% con un n\u00famero comprendido entre 2.001 y 5.000, el 22,1% entre 5.001 y 10.000, y el 13,3% restante disponen de m\u00e1s de 10.000 documentos. En los centros privados el tama\u00f1o de las colecciones es menor: el 53,3% tiene 2.000 o menos documentos y s\u00f3lo el 8,5% m\u00e1s de 10.000.<\/p>\n<p>El 91,1% de las bibliotecas realizan pr\u00e9stamos domiciliarios a los usuarios y en el 39% se realizan m\u00e1s de 500 pr\u00e9stamos.<\/p>\n<p><strong>La biblioteca es un agente de primer orden en relaci\u00f3n\u00a0con la equidad social, la inclusi\u00f3n y la igualdad de oportunidades<\/strong>. El hecho de facilitar el acceso a diversidad de fondos y materiales variados en cuando al formato, ya es en s\u00ed misma una medida para favorecer la equidad.<\/p>\n<p style=\"padding-left: 40px\">Hay un efecto Mateo-Emerson para el bagaje intelectual: aquellos que han le\u00eddo mucho y bien tendr\u00e1n muchos recursos que aplicar a lo que lean; y los que no lo hayan hecho, tendr\u00e1n menos que aportar, lo que, a su vez les dar\u00e1 menos base para la inferencia, la deducci\u00f3n y el pensamiento anal\u00f3gico, haci\u00e9ndoles m\u00e1s propensos a caer presas de informaci\u00f3n no contrastada, ya sean informaciones manipuladas o completamente falsas. Nuestros j\u00f3venes no sabr\u00e1n lo que no saben. Los dem\u00e1s tampoco. (Wolf, M. 2020: 77)<\/p>\n<p>En el Programa para la Orientaci\u00f3n, Avance y Enriquecimiento Educativo PROA+, incluido en el Plan de Recuperaci\u00f3n, Transformaci\u00f3n y Resiliencia se establecen tres Actividades Palanca directamente relacionadas con la biblioteca escolar, en la L\u00ednea Estrat\u00e9gica E.2 Acciones para apoyar al alumnado con dificultades para el aprendizaje, pero es un programa al que no accede el conjunto de los centros del pa\u00eds:<\/p>\n<ul>\n<li>palanca A231 Activamos la biblioteca escolar y la abrimos a la comunidad,<\/li>\n<li>palanca A232 Reforzando la comprensi\u00f3n lectora: biblioteca tutorizada y<\/li>\n<li>palanca A233 Dinamizaci\u00f3n de bibliotecas escolares .<\/li>\n<\/ul>\n<p>Por otra parte, la realidad es muy dispar entre las distintas CCAA que ejercen la cogobernanza con el Ministerio de Educaci\u00f3n, concretamente con la Subdirecci\u00f3n General de Cooperaci\u00f3n Territorial, que se ven\u00eda encargando de bibliotecas escolares. <a href=\"https:\/\/dialnet.unirioja.es\/servlet\/articulo?codigo=8549405\">En este art\u00edculo<\/a> (Castellanos Claramunt, J. 2022) puede verse un breve repaso por las referencias a las bibliotecas escolares en la normativa auton\u00f3mica (p\u00e1ginas 8 a 16).<\/p>\n<p>La <a href=\"https:\/\/www.edu.xunta.gal\/biblioteca\/blog\/\">Asesor\u00eda de bibliotecas escolares de Galicia<\/a> con su Plambe, los <a href=\"https:\/\/www.edu.xunta.gal\/biblioteca\/blog\/?q=node\/1613\">planes LIA<\/a>, los estudios acerca de los clubes de lectura y <a href=\"https:\/\/libraria.xunta.gal\/es\/huellas-de-un-viaje-trayectorias-y-futuros-de-las-bibliotecas-escolares-en-galicia\">los documentos de an\u00e1lisis de 15 a\u00f1os<\/a> del programa de bibliotecas escolares gallegas ; la de <a href=\"http:\/\/bibliotecasescolares.educarex.es\/\">Extremadura<\/a> con el plan LAR y su <a href=\"http:\/\/doe.juntaex.es\/pdfs\/doe\/2022\/1970o\/22050178.pdf\">ORDEN de 6 de octubre de 2022<\/a> por la que se regula la gesti\u00f3n y organizaci\u00f3n de las bibliotecas escolares y desarrollo de los planes de lectura, escritura y acceso a la informaci\u00f3n de los centros educativos p\u00fablicos; as\u00ed como la de <a href=\"https:\/\/www.juntadeandalucia.es\/educacion\/portals\/web\/lecturas-bibliotecas-escolares\">Andaluc\u00eda<\/a>, con su Red de BBEE y las <a href=\"https:\/\/www.juntadeandalucia.es\/educacion\/portals\/web\/libro-abierto\/a-fondo?p_p_auth=OQClVuUk&amp;p_p_id=49&amp;p_p_lifecycle=1&amp;p_p_state=normal&amp;p_p_mode=view&amp;_49_struts_action=%2Fmy_sites%2Fview&amp;_49_groupId=194303&amp;_49_privateLayout=false\">diferentes publicaciones<\/a> de \u00edndole formativa, <strong>llevan a\u00f1os demostrando al resto que su hoja de ruta es imparable<\/strong>.<\/p>\n<p>Adem\u00e1s, algunas facultades de formaci\u00f3n del profesorado, desde la implantaci\u00f3n de Bolonia, han ido introduciendo asignaturas de biblioteca escolar en la <strong>formaci\u00f3n inicial del futuro profesorado<\/strong> desde una perspectiva interdisciplinar y en la consideraci\u00f3n de ser un Centro de Recursos de lectura, informaci\u00f3n y aprendizaje. En el caso de la de Oviedo en 4\u00ba de los grados de Maestro de Infantil y Primaria.<\/p>\n<p>Hemos de seguir avanzando en la consolidaci\u00f3n y constituci\u00f3n de <strong>redes de colaboraci\u00f3n y cooperaci\u00f3n con las bibliotecas p\u00fablicas<\/strong> pues nuestras bibliotecas son el eslab\u00f3n b\u00e1sico y necesario. Existen ejemplos encomiables de buenas pr\u00e1cticas de bibliotecas de doble uso (Parra Valero, P.:2022) de distintas CCAA, que funcionan en poblaciones rurales como elementos de cohesi\u00f3n social al ofrecer un servicio bibliotecario para toda la comunidad, desarrollando los puntos 4 y 5 del Art.113 Lomloe.<\/p>\n<blockquote><p>La biblioteca escolar ha de servir de apoyo a todo el curr\u00edculo, a todas las etapas y a todas las \u00e1reas poniendo el foco en los aprendizajes activos<\/p><\/blockquote>\n<h3>\u00bfQu\u00e9 deber\u00edamos dejar de hacer?<\/h3>\n<p>Mantener las ideas anacr\u00f3nicas que perpet\u00faan la biblioteca escolar en el \u00e1mbito de las \u00e1reas de lengua, dedicadas solo a la animaci\u00f3n a la lectura literaria o de uso exclusivo de los Departamentos de Lengua en el caso de Secundaria.<\/p>\n<p>Pensar que la biblioteca de aula y la biblioteca de centro son excluyentes, favoreciendo el uso de aquella en detrimento de la escolar (Bar\u00f3, M.:2022)<\/p>\n<p>No tener claro que la biblioteca ha de servir de <strong>apoyo a todo el curr\u00edculo<\/strong>, a todas las etapas y a todas las \u00e1reas poniendo el foco en los aprendizajes activos.<\/p>\n<p>No considerar fundamental el desarrollo de la <strong>competencia lectora<\/strong> y la adquisici\u00f3n de competencias en el <strong>uso de la informaci\u00f3n y la educaci\u00f3n medi\u00e1tica<\/strong>. Desde la biblioteca escolar se aprende a leer, se lee para aprender y se disfruta leyendo al contar con buenos fondos literarios y <a href=\"https:\/\/www.metodosdeinformacion.es\/mei\/index.php\/mei\/article\/view\/IIMEI13-N24-067090\/1039\">libros informativos<\/a> (Bar\u00f3, M.:2022) ya que la biblioteca escolar provee de recursos, f\u00edsicos y digitales, \u00fatiles al profesorado, alumnado y familias.<\/p>\n<p>Dedicar un alto porcentaje del tiempo de los coordinadores\/responsables solo a la catalogaci\u00f3n inform\u00e1tica ya que hay herramientas colaborativas que simplifican mucho ese importante cometido previo de gesti\u00f3n del fondo documental.<\/p>\n<p>Aunque pueda sonar extra\u00f1o e incre\u00edble, en algunos centros de secundaria a\u00fan se emplean como espacios de castigo para el alumnado y esa es una pr\u00e1ctica inadmisible.<\/p>\n<p>Desconsiderar la necesaria relaci\u00f3n con el coordinador\/a o <strong>figura TIC<\/strong> de los centros como un<strong> integrante m\u00e1s de los equipos de biblioteca escolar<\/strong>, dadas las importantes aportaciones que la biblioteca escolar hace en la digitalizaci\u00f3n de los centros. En ella se selecciona, adquiere y crea una colecci\u00f3n digital adaptada a las necesidades del alumnado (Rey Casplan, A.: 2022); se apoya la implementaci\u00f3n de medidas de seguridad y protecci\u00f3n de datos y privacidad, en cumplimiento de las regulaciones legales; se contribuye al desarrollo de programas de AMI (alfabetizaci\u00f3n medi\u00e1tica e informacional); se promueve la formaci\u00f3n sobre propiedad intelectual\/derechos de autor, licencias <em>creative commons<\/em>, plagio y citas\/referencias bibliogr\u00e1ficas y se contribuye a la creaci\u00f3n de una pol\u00edtica documental a nivel escolar que oriente la creaci\u00f3n y la utilizaci\u00f3n de contenido digital, definiendo criterios de calidad, uso y garant\u00eda de acceso.<\/p>\n<p><strong>El Plan de digitalizaci\u00f3n<\/strong> habr\u00e1 de contemplar la <strong>brecha de acceso<\/strong>, no solo referida a los dispositivos, sino sobre todo a la<strong> brecha de uso<\/strong>, para lo cual es ineludible poner el acento en las interacciones con la informaci\u00f3n y medios que cuiden la salud digital y el bienestar emocional de nuestro alumnado pero tambi\u00e9n la conciencia cr\u00edtica que nos permita ser resilientes.<\/p>\n<p>Hay que evitar permanecer aislados tanto en el centro como no siendo un espacio abierto a la comunidad educativa. Como contrapunto tenemos algunos ejemplos de Redes de bibliotecas escolares ya existentes (balear, castellano-manchega, andaluza, gallega o extreme\u00f1a) que son una muestra de buen hacer.<\/p>\n<p><img decoding=\"async\" class=\"alignnone wp-image-22\" src=\"https:\/\/eldiariodelaeducacion.com\/bibliotecas-escolares\/wp-content\/uploads\/sites\/82\/2022\/11\/espacio-maker-300x169.jpg\" alt=\"\" width=\"820\" height=\"461\" \/><\/p>\n<p>Olvidar que las bibliotecas escolares son una de las herramientas m\u00e1s eficaces para implementar, desde la escuela, la vivencia y concienciaci\u00f3n en torno a los ODS2030, al respaldar programas de alfabetizaci\u00f3n en medios e informaci\u00f3n (Piqu\u00edn, R.:2022), ofrecer un lugar seguro para el aprendizaje; generar nuevos conocimientos y poner en marcha programas y proyectos de desarrollo sostenible, g\u00e9nero y ciudadan\u00eda global.<\/p>\n<h3>\u00bfQu\u00e9 deber\u00eda reinventarse de forma creativa?<\/h3>\n<p>Lo primordial y principal es que, de una vez por todas, las administraciones educativas coordinadas por el Ministerio de Educaci\u00f3n y Formaci\u00f3n Profesional elaboren <strong>un PLAN de bibliotecas escolares dentro del per\u00edodo de implantaci\u00f3n<\/strong> de la citada Ley (punto 2, art. 113 Lomloe) pues no existe una normativa nacional uniforme de Bibliotecas Escolares.<\/p>\n<p>Desde hace a\u00f1os existe un consenso generalizado de que la biblioteca escolar es cuesti\u00f3n de <strong>equipo<\/strong> por el car\u00e1cter transversal e interdisciplinar de las m\u00faltiples actividades que de ella dimanan, pero no hay tanto consenso respecto a la persona responsable (horario, formaci\u00f3n\u2026).<\/p>\n<p>Puesto que estamos comenzando la implantaci\u00f3n de la Lomloe y hay un movimiento, tanto desde las juntas de rectores y decanos de las facultades de Formaci\u00f3n del Profesorado y Educaci\u00f3n como del conjunto de agentes educativos, para revisar el ingreso, accesos y adquisici\u00f3n de nuevas especialidades docentes similar a lo que se hizo con el R.D276\/2007 de 23 de febrero a partir de la Ley Org\u00e1nica de 2006, quiz\u00e1 sea el momento de <strong>plantear como especialidad docente<\/strong>, similar a las especialidades de Educaci\u00f3n F\u00edsica, M\u00fasica o Lenguas Extranjeras, <strong>la especialidad de Biblioteca Escolar<\/strong>, con requisitos similares a los que se plantean en la letra B del art. 42 del R.D 1594\/2011 de 24 de noviembre, por el que se establecen las especialidades docentes del Cuerpo de Maestros.<\/p>\n<blockquote><p>Tal vez haya llegado la ocasi\u00f3n de que las bibliotecas escolares de todos los centros se constituyan en Red, se visibilicen y cumplan el gran cometido social que les da raz\u00f3n de ser<\/p><\/blockquote>\n<p>En lo que se refiere a los centros de secundaria una propuesta operativa podr\u00eda ser, en primera instancia, que <strong>pudiesen presentarse al Master de Formaci\u00f3n de Profesorado<\/strong> de Educaci\u00f3n Secundaria aquellas personas que se han formado como especialistas de la informaci\u00f3n y documentaci\u00f3n siendo Graduados o Licenciados en Biblioteconom\u00eda, Informaci\u00f3n y Medios, para ir incorpor\u00e1ndose a los equipos interdisciplinares de biblioteca de los distintos centros educativos.<\/p>\n<h3>Entonces \u00bfSer\u00e1 este el momento de plantear las bibliotecas escolares de todo el pa\u00eds como un PERTE?<\/h3>\n<p>El Real Decreto-Ley 36\/2020 introduce una nueva estructura de gobernanza y de m\u00faltiples alianzas; articula una parte relevante de la gesti\u00f3n de los fondos europeos en torno a los denominados Proyectos Estrat\u00e9gicos para la Recuperaci\u00f3n y Transformaci\u00f3n Econ\u00f3mica (<strong>PERTE<\/strong>), una nueva forma de colaboraci\u00f3n p\u00fablico-privada denominada \u201cproyecto estrat\u00e9gico para la recuperaci\u00f3n y transformaci\u00f3n econ\u00f3mica\u201d. Se trata de proyectos tractores con impacto transformador estructural sobre sectores estrat\u00e9gicos o con fases de investigaci\u00f3n e innovaci\u00f3n ambiciosas.<\/p>\n<p>En los cruciales cursos anteriores hemos aprendido mucho, ratific\u00e1ndonos en que la biblioteca escolar es una herramienta sumamente valiosa para transformar la educaci\u00f3n, siguiendo la estela de los <strong>Retos para la Biblioteca Escolar 2020<\/strong> y las directrices internacionales, a trav\u00e9s de:<\/p>\n<ol>\n<li>Dotar de estabilidad a las bibliotecas escolares.<\/li>\n<li>Promover un modelo de biblioteca escolar como espacio educativo a la medida del proyecto de centro.<\/li>\n<li>Concebir la biblioteca escolar como mediadora de las lecturas en el centro y situarla en el centro neur\u00e1lgico de las pol\u00edticas p\u00fablicas centradas en la lectura, en todos los formatos, para todas las finalidades.<\/li>\n<li>Promover una visi\u00f3n de la biblioteca escolar como el contexto privilegiado para el desarrollo de las competencias medi\u00e1ticas e informacionales, la Alfabetizaci\u00f3n Medi\u00e1tica (AMI) y como requisito para la construcci\u00f3n del pensamiento cr\u00edtico.<\/li>\n<\/ol>\n<p>En este planteamiento valiente y comprometido, de <strong>PERTE para las Bibliotecas Escolares<\/strong>, caben m\u00faltiples actores: ministerios de Educaci\u00f3n y de Cultura, CCAA, entidades locales, ONG y empresas del \u00e1mbito de la educaci\u00f3n y la cultura, editoriales, personas del \u00e1mbito de la educaci\u00f3n no formal y, por supuesto, la universidad. Tal vez haya llegado la ocasi\u00f3n de que las bibliotecas escolares de todos los centros se constituyan en Red, se visibilicen y cumplan el gran cometido social que les da raz\u00f3n de ser.<\/p>\n<p>Adem\u00e1s en la actualidad y en el marco del Plan de Recuperaci\u00f3n, Transformaci\u00f3n y Resiliencia algunas Autonom\u00edas han publicado \u00d3rdenes de Subvenciones para la adquisici\u00f3n de fondos bibliogr\u00e1ficos en papel o la dotaci\u00f3n y renovaci\u00f3n de fondos de bibliotecas. Nos preguntamos ya si no podr\u00eda hacerse algo as\u00ed en el resto de CCAA para que podamos cumplir los est\u00e1ndares en cuanto a actualizaci\u00f3n de los fondos que constituyen el acervo de nuestras bibliotecas escolares.<\/p>\n<p>Los clubes de lectura, los cine-f\u00f3rums, los laboratorios ciudadanos, los viveros de proyectos y espacios de creadores, las radios escolares\u2026 y todos aquellos aspectos creativos y comunitarios de aprendizaje no formal , learning commons, tienen cabida en una biblioteca que da sentido a su misi\u00f3n primordial (apoyar y favorecer el desarrollo de TODOS los proyectos del centro al que pertenece, inserta hasta la m\u00e9dula en los procesos de desarrollo curricular),a la par que <strong>ser el espacio de aprendizaje en el que el profesorado y el alumnado est\u00e1n comprometidos con la lectura y la informaci\u00f3n en diversos soportes<\/strong>, con diferentes grados de complejidad, para construir conocimiento real y \u00fatil de los temas curriculares, del mundo y de ellos mismos. (MARCO DE REFERENCIA BBEE. 2011).<\/p>\n<hr \/>\n<h5>Refencias<\/h5>\n<p>Bar\u00f3 LLambias (2022) Los libros informativos, imprescindibles en la biblioteca escolar. En <a href=\"https:\/\/dialnet.unirioja.es\/servlet\/revista?codigo=16161\"><em>M\u00c9I: M\u00e9todos de Informaci\u00f3n<\/em><\/a>, <a href=\"https:\/\/dialnet.unirioja.es\/ejemplar\/609289\">Vol. 13, N\u00ba. 24, 2022<\/a> (Ejemplar dedicado a: Bibliotecas escolares), p\u00e1gs. 67- 90<\/p>\n<p>Bar\u00f3 LLambias (2022) <em>10 maneres de fer imprescindible la biblioteca escolar<\/em>. En Jornades Gesti\u00f2 i Dinamizaci\u00f2 de Biblioteques escolars. Castell\u00f3n.[VIDEO] <a href=\"https:\/\/www.youtube.com\/watch?v=vxDbCB0SPy4\">https:\/\/www.youtube.com\/watch?v=vxDbCB0SPy4<\/a><\/p>\n<p>Cast\u00e1n, G. (2002) <em>Concepciones curriculares y BE: reflexiones para la elaboraci\u00f3n de un modelo<\/em>, Madrid: Actas Seminario Biblioteca Escolar y Calidad de la Educaci\u00f3n. ANELE<\/p>\n<p>Castellanos Claramunt, J (2022) Un enfoque jur\u00eddico de las pol\u00edticas p\u00fablicas en bibliotecas escolares: una pieza m\u00e1s del engranaje democr\u00e1tico. En <span style=\"text-decoration: underline\"><em>M\u00c9I: M\u00e9todos de Informaci\u00f3n<\/em><\/span>, Vol. 13, N\u00ba. 24, 2022 (Ejemplar dedicado a: Bibliotecas escolares), p\u00e1gs. 1-23<\/p>\n<p>JORNADA T\u00c9CNICA: Biblioteca Escolar, cuesti\u00f3n de enfoque (23 de marzo 2019). Santiago de Compostela <a href=\"https:\/\/www.edu.xunta.gal\/biblioteca\/blog\/files\/Jornada%20%C3%A9cnica.pdf\">https:\/\/www.edu.xunta.gal\/biblioteca\/blog\/files\/Jornada%20%C3%A9cnica.pdf<\/a><\/p>\n<p>Marco de referencia para las bibliotecas escolares (2011) Ministerio de Educaci\u00f3n. Recuperado de: <a href=\"https:\/\/www.ccbiblio.es\/wp-content\/uploads\/Marcoreferenciabescolares.pdf\">https:\/\/www.ccbiblio.es\/wp-content\/uploads\/Marcoreferenciabescolares.pdf<\/a><\/p>\n<p>Miret, In\u00e9s; Bar\u00f3, M\u00f2nica; Dussel, In\u00e9s; Ma\u00f1\u00e0, Teresa. (2021) <em>Huellas de un viaje: trayectorias y futuros de las bibliotecas escolares de Galicia<\/em>. Recuperado de: <a href=\"https:\/\/libraria.xunta.gal\/es\/huellas-de-un-viaje-trayectorias-y-futuros-de-las-bibliotecas-escolares-en-galicia\">https:\/\/libraria.xunta.gal\/es\/huellas-de-un-viaje-trayectorias-y-futuros-de-las-bibliotecas-escolares-en-galicia<\/a><\/p>\n<p>Novoa, C (2020) La biblioteca escolar y el cuento del hombre que ten\u00eda mala suerte. En <em>Monogr\u00e0fic BE21<\/em>. Recuperado de: <a href=\"http:\/\/xtec.gencat.cat\/web\/.content\/projectes\/biblioteca\/biblioteca-escolar-en-el-segle-xxi\/documents\/6_novoa.pdf\">http:\/\/xtec.gencat.cat\/web\/.content\/projectes\/biblioteca\/biblioteca-escolar-en-el-segle-xxi\/documents\/6_novoa.pdf<\/a><\/p>\n<p>Piquin, R. (10 de marzo de 2021) Bibliotecas escolares, sustento de ciudadan\u00eda. [BLOG] Recuperado de: <a href=\"https:\/\/www.culturalgijonesa.org\/bibliotecas-escolares-sustento-de-ciudadania\/\">https:\/\/www.culturalgijonesa.org\/bibliotecas-escolares-sustento-de-ciudadania\/<\/a><\/p>\n<p>Parra Valero, P (2022) Bibliotecas integradas o de doble uso, la \u00faltima oportunidad. En <em>M\u00c9I: M\u00e9todos de Informaci\u00f3n<\/em>, Vol. 13, N\u00ba. 24, 2022 (Ejemplar dedicado a: Bibliotecas escolares), p\u00e1gs. 91-108<\/p>\n<p>Klinenberg, E. citado por Aycock, A. (2022) <em>How Libraries Became Refuges for People With Mental Illness<\/em>. Recuperado de: <a href=\"https:\/\/slate.com\/technology\/2022\/09\/libraries-mental-health-support.html\">https:\/\/slate.com\/technology\/2022\/09\/libraries-mental-health-support.html<\/a><\/p>\n<p>UNESCO (2022) Reimaginar juntos nuestros futuros: un nuevo contrato social para la educaci\u00f3n. Recuperado de: https:\/\/unesdoc.unesco.org\/ark:\/48223\/pf0000381560<\/p>\n<p>Wolf, M (2020) Lector vuelve a casa: c\u00f3mo afecta a nuestro cerebro la lectura en pantallas. Barcelona: Ediciones Deusto.<\/p>\n","protected":false},"excerpt":{"rendered":"<p>Cuando nuestras escuelas hayan superado sus \u00e9pocas de enclaustramiento y se propongan preparar a muchachos y ni\u00f1as para la vida que deban vivir en un mundo de trabajo diario, la biblioteca de la escuela ser\u00e1 la puerta abierta a la oportunidad del presente. Hall, M. E: 1915 La trayectoria de transformaci\u00f3n de los centros educativos<\/p>\n","protected":false},"author":255,"featured_media":21,"comment_status":"open","ping_status":"open","sticky":false,"template":"","format":"standard","meta":{"footnotes":""},"categories":[17],"tags":[],"tipo":[28],"class_list":{"0":"post-20","1":"post","2":"type-post","3":"status-publish","4":"format-standard","5":"has-post-thumbnail","7":"category-biblitecas-escolares","8":"tipo-analisisopinion"},"yoast_head":"<!-- This site is optimized with the Yoast SEO plugin v27.5 - https:\/\/yoast.com\/product\/yoast-seo-wordpress\/ -->\n<title>Transformando los centros educativos con bibliotecas escolares \u00fatiles - Bibliotecas escolares<\/title>\n<meta name=\"robots\" content=\"index, follow, max-snippet:-1, max-image-preview:large, max-video-preview:-1\" \/>\n<link rel=\"canonical\" href=\"https:\/\/eldiariodelaeducacion.com\/bibliotecas-escolares\/2022\/11\/16\/transformando-los-centros-educativos-con-bibliotecas-escolares-utiles\/\" \/>\n<meta property=\"og:locale\" content=\"es_ES\" \/>\n<meta property=\"og:type\" content=\"article\" \/>\n<meta property=\"og:title\" content=\"Transformando los centros educativos con bibliotecas escolares \u00fatiles - Bibliotecas escolares\" \/>\n<meta property=\"og:description\" content=\"Cuando nuestras escuelas hayan superado sus \u00e9pocas de enclaustramiento y se propongan preparar a muchachos y ni\u00f1as para la vida que deban vivir en un mundo de trabajo diario, la biblioteca de la escuela ser\u00e1 la puerta abierta a la oportunidad del presente. Hall, M. E: 1915 La trayectoria de transformaci\u00f3n de los centros educativos\" \/>\n<meta property=\"og:url\" content=\"https:\/\/eldiariodelaeducacion.com\/bibliotecas-escolares\/2022\/11\/16\/transformando-los-centros-educativos-con-bibliotecas-escolares-utiles\/\" \/>\n<meta property=\"og:site_name\" content=\"Bibliotecas escolares\" \/>\n<meta property=\"article:published_time\" content=\"2022-11-16T06:00:06+00:00\" \/>\n<meta property=\"article:modified_time\" content=\"2024-08-20T16:13:29+00:00\" \/>\n<meta property=\"og:image\" content=\"https:\/\/eldiariodelaeducacion.com\/bibliotecas-escolares\/wp-content\/uploads\/sites\/20\/2022\/11\/Biblioveneranda-final-scaled-1.jpg\" \/>\n\t<meta property=\"og:image:width\" content=\"2560\" \/>\n\t<meta property=\"og:image:height\" content=\"1440\" \/>\n\t<meta property=\"og:image:type\" content=\"image\/jpeg\" \/>\n<meta name=\"author\" content=\"Rosa Piqu\u00edn\" \/>\n<meta name=\"twitter:card\" content=\"summary_large_image\" \/>\n<meta name=\"twitter:label1\" content=\"Escrito por\" \/>\n\t<meta name=\"twitter:data1\" content=\"Rosa Piqu\u00edn\" \/>\n\t<meta name=\"twitter:label2\" content=\"Tiempo de lectura\" \/>\n\t<meta name=\"twitter:data2\" content=\"19 minutos\" \/>\n<script type=\"application\/ld+json\" class=\"yoast-schema-graph\">{\"@context\":\"https:\\\/\\\/schema.org\",\"@graph\":[{\"@type\":\"Article\",\"@id\":\"https:\\\/\\\/eldiariodelaeducacion.com\\\/bibliotecas-escolares\\\/2022\\\/11\\\/16\\\/transformando-los-centros-educativos-con-bibliotecas-escolares-utiles\\\/#article\",\"isPartOf\":{\"@id\":\"https:\\\/\\\/eldiariodelaeducacion.com\\\/bibliotecas-escolares\\\/2022\\\/11\\\/16\\\/transformando-los-centros-educativos-con-bibliotecas-escolares-utiles\\\/\"},\"author\":{\"name\":\"Rosa Piqu\u00edn\",\"@id\":\"https:\\\/\\\/eldiariodelaeducacion.com\\\/bibliotecas-escolares\\\/#\\\/schema\\\/person\\\/c978e90d1ac0548f3072d96ef4131213\"},\"headline\":\"Transformando los centros educativos con bibliotecas escolares \u00fatiles\",\"datePublished\":\"2022-11-16T06:00:06+00:00\",\"dateModified\":\"2024-08-20T16:13:29+00:00\",\"mainEntityOfPage\":{\"@id\":\"https:\\\/\\\/eldiariodelaeducacion.com\\\/bibliotecas-escolares\\\/2022\\\/11\\\/16\\\/transformando-los-centros-educativos-con-bibliotecas-escolares-utiles\\\/\"},\"wordCount\":3727,\"commentCount\":0,\"image\":{\"@id\":\"https:\\\/\\\/eldiariodelaeducacion.com\\\/bibliotecas-escolares\\\/2022\\\/11\\\/16\\\/transformando-los-centros-educativos-con-bibliotecas-escolares-utiles\\\/#primaryimage\"},\"thumbnailUrl\":\"https:\\\/\\\/eldiariodelaeducacion.com\\\/bibliotecas-escolares\\\/wp-content\\\/uploads\\\/sites\\\/20\\\/2022\\\/11\\\/Biblioveneranda-final-scaled-1.jpg\",\"articleSection\":[\"Biblitecas escolares\"],\"inLanguage\":\"es\",\"potentialAction\":[{\"@type\":\"CommentAction\",\"name\":\"Comment\",\"target\":[\"https:\\\/\\\/eldiariodelaeducacion.com\\\/bibliotecas-escolares\\\/2022\\\/11\\\/16\\\/transformando-los-centros-educativos-con-bibliotecas-escolares-utiles\\\/#respond\"]}]},{\"@type\":\"WebPage\",\"@id\":\"https:\\\/\\\/eldiariodelaeducacion.com\\\/bibliotecas-escolares\\\/2022\\\/11\\\/16\\\/transformando-los-centros-educativos-con-bibliotecas-escolares-utiles\\\/\",\"url\":\"https:\\\/\\\/eldiariodelaeducacion.com\\\/bibliotecas-escolares\\\/2022\\\/11\\\/16\\\/transformando-los-centros-educativos-con-bibliotecas-escolares-utiles\\\/\",\"name\":\"Transformando los centros educativos con bibliotecas escolares \u00fatiles - Bibliotecas escolares\",\"isPartOf\":{\"@id\":\"https:\\\/\\\/eldiariodelaeducacion.com\\\/bibliotecas-escolares\\\/#website\"},\"primaryImageOfPage\":{\"@id\":\"https:\\\/\\\/eldiariodelaeducacion.com\\\/bibliotecas-escolares\\\/2022\\\/11\\\/16\\\/transformando-los-centros-educativos-con-bibliotecas-escolares-utiles\\\/#primaryimage\"},\"image\":{\"@id\":\"https:\\\/\\\/eldiariodelaeducacion.com\\\/bibliotecas-escolares\\\/2022\\\/11\\\/16\\\/transformando-los-centros-educativos-con-bibliotecas-escolares-utiles\\\/#primaryimage\"},\"thumbnailUrl\":\"https:\\\/\\\/eldiariodelaeducacion.com\\\/bibliotecas-escolares\\\/wp-content\\\/uploads\\\/sites\\\/20\\\/2022\\\/11\\\/Biblioveneranda-final-scaled-1.jpg\",\"datePublished\":\"2022-11-16T06:00:06+00:00\",\"dateModified\":\"2024-08-20T16:13:29+00:00\",\"author\":{\"@id\":\"https:\\\/\\\/eldiariodelaeducacion.com\\\/bibliotecas-escolares\\\/#\\\/schema\\\/person\\\/c978e90d1ac0548f3072d96ef4131213\"},\"breadcrumb\":{\"@id\":\"https:\\\/\\\/eldiariodelaeducacion.com\\\/bibliotecas-escolares\\\/2022\\\/11\\\/16\\\/transformando-los-centros-educativos-con-bibliotecas-escolares-utiles\\\/#breadcrumb\"},\"inLanguage\":\"es\",\"potentialAction\":[{\"@type\":\"ReadAction\",\"target\":[\"https:\\\/\\\/eldiariodelaeducacion.com\\\/bibliotecas-escolares\\\/2022\\\/11\\\/16\\\/transformando-los-centros-educativos-con-bibliotecas-escolares-utiles\\\/\"]}]},{\"@type\":\"ImageObject\",\"inLanguage\":\"es\",\"@id\":\"https:\\\/\\\/eldiariodelaeducacion.com\\\/bibliotecas-escolares\\\/2022\\\/11\\\/16\\\/transformando-los-centros-educativos-con-bibliotecas-escolares-utiles\\\/#primaryimage\",\"url\":\"https:\\\/\\\/eldiariodelaeducacion.com\\\/bibliotecas-escolares\\\/wp-content\\\/uploads\\\/sites\\\/20\\\/2022\\\/11\\\/Biblioveneranda-final-scaled-1.jpg\",\"contentUrl\":\"https:\\\/\\\/eldiariodelaeducacion.com\\\/bibliotecas-escolares\\\/wp-content\\\/uploads\\\/sites\\\/20\\\/2022\\\/11\\\/Biblioveneranda-final-scaled-1.jpg\",\"width\":2560,\"height\":1440},{\"@type\":\"BreadcrumbList\",\"@id\":\"https:\\\/\\\/eldiariodelaeducacion.com\\\/bibliotecas-escolares\\\/2022\\\/11\\\/16\\\/transformando-los-centros-educativos-con-bibliotecas-escolares-utiles\\\/#breadcrumb\",\"itemListElement\":[{\"@type\":\"ListItem\",\"position\":1,\"name\":\"Portada\",\"item\":\"https:\\\/\\\/eldiariodelaeducacion.com\\\/bibliotecas-escolares\\\/\"},{\"@type\":\"ListItem\",\"position\":2,\"name\":\"Transformando los centros educativos con bibliotecas escolares \u00fatiles\"}]},{\"@type\":\"WebSite\",\"@id\":\"https:\\\/\\\/eldiariodelaeducacion.com\\\/bibliotecas-escolares\\\/#website\",\"url\":\"https:\\\/\\\/eldiariodelaeducacion.com\\\/bibliotecas-escolares\\\/\",\"name\":\"Bibliotecas escolares\",\"description\":\"Un blog de El Diario de la Educaci\u00f3n\",\"potentialAction\":[{\"@type\":\"SearchAction\",\"target\":{\"@type\":\"EntryPoint\",\"urlTemplate\":\"https:\\\/\\\/eldiariodelaeducacion.com\\\/bibliotecas-escolares\\\/?s={search_term_string}\"},\"query-input\":{\"@type\":\"PropertyValueSpecification\",\"valueRequired\":true,\"valueName\":\"search_term_string\"}}],\"inLanguage\":\"es\"},{\"@type\":\"Person\",\"@id\":\"https:\\\/\\\/eldiariodelaeducacion.com\\\/bibliotecas-escolares\\\/#\\\/schema\\\/person\\\/c978e90d1ac0548f3072d96ef4131213\",\"name\":\"Rosa Piqu\u00edn\",\"image\":{\"@type\":\"ImageObject\",\"inLanguage\":\"es\",\"@id\":\"https:\\\/\\\/secure.gravatar.com\\\/avatar\\\/d3105c4f395050a9b5a75ef5b0be20421ee885d543d1c3f4ed9d9345128edc70?s=96&d=mm&r=g\",\"url\":\"https:\\\/\\\/secure.gravatar.com\\\/avatar\\\/d3105c4f395050a9b5a75ef5b0be20421ee885d543d1c3f4ed9d9345128edc70?s=96&d=mm&r=g\",\"contentUrl\":\"https:\\\/\\\/secure.gravatar.com\\\/avatar\\\/d3105c4f395050a9b5a75ef5b0be20421ee885d543d1c3f4ed9d9345128edc70?s=96&d=mm&r=g\",\"caption\":\"Rosa Piqu\u00edn\"},\"url\":\"https:\\\/\\\/eldiariodelaeducacion.com\\\/bibliotecas-escolares\\\/author\\\/rosapiquin\\\/\"}]}<\/script>\n<!-- \/ Yoast SEO plugin. -->","yoast_head_json":{"title":"Transformando los centros educativos con bibliotecas escolares \u00fatiles - Bibliotecas escolares","robots":{"index":"index","follow":"follow","max-snippet":"max-snippet:-1","max-image-preview":"max-image-preview:large","max-video-preview":"max-video-preview:-1"},"canonical":"https:\/\/eldiariodelaeducacion.com\/bibliotecas-escolares\/2022\/11\/16\/transformando-los-centros-educativos-con-bibliotecas-escolares-utiles\/","og_locale":"es_ES","og_type":"article","og_title":"Transformando los centros educativos con bibliotecas escolares \u00fatiles - Bibliotecas escolares","og_description":"Cuando nuestras escuelas hayan superado sus \u00e9pocas de enclaustramiento y se propongan preparar a muchachos y ni\u00f1as para la vida que deban vivir en un mundo de trabajo diario, la biblioteca de la escuela ser\u00e1 la puerta abierta a la oportunidad del presente. Hall, M. E: 1915 La trayectoria de transformaci\u00f3n de los centros educativos","og_url":"https:\/\/eldiariodelaeducacion.com\/bibliotecas-escolares\/2022\/11\/16\/transformando-los-centros-educativos-con-bibliotecas-escolares-utiles\/","og_site_name":"Bibliotecas escolares","article_published_time":"2022-11-16T06:00:06+00:00","article_modified_time":"2024-08-20T16:13:29+00:00","og_image":[{"width":2560,"height":1440,"url":"https:\/\/eldiariodelaeducacion.com\/bibliotecas-escolares\/wp-content\/uploads\/sites\/20\/2022\/11\/Biblioveneranda-final-scaled-1.jpg","type":"image\/jpeg"}],"author":"Rosa Piqu\u00edn","twitter_card":"summary_large_image","twitter_misc":{"Escrito por":"Rosa Piqu\u00edn","Tiempo de lectura":"19 minutos"},"schema":{"@context":"https:\/\/schema.org","@graph":[{"@type":"Article","@id":"https:\/\/eldiariodelaeducacion.com\/bibliotecas-escolares\/2022\/11\/16\/transformando-los-centros-educativos-con-bibliotecas-escolares-utiles\/#article","isPartOf":{"@id":"https:\/\/eldiariodelaeducacion.com\/bibliotecas-escolares\/2022\/11\/16\/transformando-los-centros-educativos-con-bibliotecas-escolares-utiles\/"},"author":{"name":"Rosa Piqu\u00edn","@id":"https:\/\/eldiariodelaeducacion.com\/bibliotecas-escolares\/#\/schema\/person\/c978e90d1ac0548f3072d96ef4131213"},"headline":"Transformando los centros educativos con bibliotecas escolares \u00fatiles","datePublished":"2022-11-16T06:00:06+00:00","dateModified":"2024-08-20T16:13:29+00:00","mainEntityOfPage":{"@id":"https:\/\/eldiariodelaeducacion.com\/bibliotecas-escolares\/2022\/11\/16\/transformando-los-centros-educativos-con-bibliotecas-escolares-utiles\/"},"wordCount":3727,"commentCount":0,"image":{"@id":"https:\/\/eldiariodelaeducacion.com\/bibliotecas-escolares\/2022\/11\/16\/transformando-los-centros-educativos-con-bibliotecas-escolares-utiles\/#primaryimage"},"thumbnailUrl":"https:\/\/eldiariodelaeducacion.com\/bibliotecas-escolares\/wp-content\/uploads\/sites\/20\/2022\/11\/Biblioveneranda-final-scaled-1.jpg","articleSection":["Biblitecas escolares"],"inLanguage":"es","potentialAction":[{"@type":"CommentAction","name":"Comment","target":["https:\/\/eldiariodelaeducacion.com\/bibliotecas-escolares\/2022\/11\/16\/transformando-los-centros-educativos-con-bibliotecas-escolares-utiles\/#respond"]}]},{"@type":"WebPage","@id":"https:\/\/eldiariodelaeducacion.com\/bibliotecas-escolares\/2022\/11\/16\/transformando-los-centros-educativos-con-bibliotecas-escolares-utiles\/","url":"https:\/\/eldiariodelaeducacion.com\/bibliotecas-escolares\/2022\/11\/16\/transformando-los-centros-educativos-con-bibliotecas-escolares-utiles\/","name":"Transformando los centros educativos con bibliotecas escolares \u00fatiles - Bibliotecas escolares","isPartOf":{"@id":"https:\/\/eldiariodelaeducacion.com\/bibliotecas-escolares\/#website"},"primaryImageOfPage":{"@id":"https:\/\/eldiariodelaeducacion.com\/bibliotecas-escolares\/2022\/11\/16\/transformando-los-centros-educativos-con-bibliotecas-escolares-utiles\/#primaryimage"},"image":{"@id":"https:\/\/eldiariodelaeducacion.com\/bibliotecas-escolares\/2022\/11\/16\/transformando-los-centros-educativos-con-bibliotecas-escolares-utiles\/#primaryimage"},"thumbnailUrl":"https:\/\/eldiariodelaeducacion.com\/bibliotecas-escolares\/wp-content\/uploads\/sites\/20\/2022\/11\/Biblioveneranda-final-scaled-1.jpg","datePublished":"2022-11-16T06:00:06+00:00","dateModified":"2024-08-20T16:13:29+00:00","author":{"@id":"https:\/\/eldiariodelaeducacion.com\/bibliotecas-escolares\/#\/schema\/person\/c978e90d1ac0548f3072d96ef4131213"},"breadcrumb":{"@id":"https:\/\/eldiariodelaeducacion.com\/bibliotecas-escolares\/2022\/11\/16\/transformando-los-centros-educativos-con-bibliotecas-escolares-utiles\/#breadcrumb"},"inLanguage":"es","potentialAction":[{"@type":"ReadAction","target":["https:\/\/eldiariodelaeducacion.com\/bibliotecas-escolares\/2022\/11\/16\/transformando-los-centros-educativos-con-bibliotecas-escolares-utiles\/"]}]},{"@type":"ImageObject","inLanguage":"es","@id":"https:\/\/eldiariodelaeducacion.com\/bibliotecas-escolares\/2022\/11\/16\/transformando-los-centros-educativos-con-bibliotecas-escolares-utiles\/#primaryimage","url":"https:\/\/eldiariodelaeducacion.com\/bibliotecas-escolares\/wp-content\/uploads\/sites\/20\/2022\/11\/Biblioveneranda-final-scaled-1.jpg","contentUrl":"https:\/\/eldiariodelaeducacion.com\/bibliotecas-escolares\/wp-content\/uploads\/sites\/20\/2022\/11\/Biblioveneranda-final-scaled-1.jpg","width":2560,"height":1440},{"@type":"BreadcrumbList","@id":"https:\/\/eldiariodelaeducacion.com\/bibliotecas-escolares\/2022\/11\/16\/transformando-los-centros-educativos-con-bibliotecas-escolares-utiles\/#breadcrumb","itemListElement":[{"@type":"ListItem","position":1,"name":"Portada","item":"https:\/\/eldiariodelaeducacion.com\/bibliotecas-escolares\/"},{"@type":"ListItem","position":2,"name":"Transformando los centros educativos con bibliotecas escolares \u00fatiles"}]},{"@type":"WebSite","@id":"https:\/\/eldiariodelaeducacion.com\/bibliotecas-escolares\/#website","url":"https:\/\/eldiariodelaeducacion.com\/bibliotecas-escolares\/","name":"Bibliotecas escolares","description":"Un blog de El Diario de la Educaci\u00f3n","potentialAction":[{"@type":"SearchAction","target":{"@type":"EntryPoint","urlTemplate":"https:\/\/eldiariodelaeducacion.com\/bibliotecas-escolares\/?s={search_term_string}"},"query-input":{"@type":"PropertyValueSpecification","valueRequired":true,"valueName":"search_term_string"}}],"inLanguage":"es"},{"@type":"Person","@id":"https:\/\/eldiariodelaeducacion.com\/bibliotecas-escolares\/#\/schema\/person\/c978e90d1ac0548f3072d96ef4131213","name":"Rosa Piqu\u00edn","image":{"@type":"ImageObject","inLanguage":"es","@id":"https:\/\/secure.gravatar.com\/avatar\/d3105c4f395050a9b5a75ef5b0be20421ee885d543d1c3f4ed9d9345128edc70?s=96&d=mm&r=g","url":"https:\/\/secure.gravatar.com\/avatar\/d3105c4f395050a9b5a75ef5b0be20421ee885d543d1c3f4ed9d9345128edc70?s=96&d=mm&r=g","contentUrl":"https:\/\/secure.gravatar.com\/avatar\/d3105c4f395050a9b5a75ef5b0be20421ee885d543d1c3f4ed9d9345128edc70?s=96&d=mm&r=g","caption":"Rosa Piqu\u00edn"},"url":"https:\/\/eldiariodelaeducacion.com\/bibliotecas-escolares\/author\/rosapiquin\/"}]}},"_links":{"self":[{"href":"https:\/\/eldiariodelaeducacion.com\/bibliotecas-escolares\/wp-json\/wp\/v2\/posts\/20","targetHints":{"allow":["GET"]}}],"collection":[{"href":"https:\/\/eldiariodelaeducacion.com\/bibliotecas-escolares\/wp-json\/wp\/v2\/posts"}],"about":[{"href":"https:\/\/eldiariodelaeducacion.com\/bibliotecas-escolares\/wp-json\/wp\/v2\/types\/post"}],"author":[{"embeddable":true,"href":"https:\/\/eldiariodelaeducacion.com\/bibliotecas-escolares\/wp-json\/wp\/v2\/users\/255"}],"replies":[{"embeddable":true,"href":"https:\/\/eldiariodelaeducacion.com\/bibliotecas-escolares\/wp-json\/wp\/v2\/comments?post=20"}],"version-history":[{"count":1,"href":"https:\/\/eldiariodelaeducacion.com\/bibliotecas-escolares\/wp-json\/wp\/v2\/posts\/20\/revisions"}],"predecessor-version":[{"id":358,"href":"https:\/\/eldiariodelaeducacion.com\/bibliotecas-escolares\/wp-json\/wp\/v2\/posts\/20\/revisions\/358"}],"wp:featuredmedia":[{"embeddable":true,"href":"https:\/\/eldiariodelaeducacion.com\/bibliotecas-escolares\/wp-json\/wp\/v2\/media\/21"}],"wp:attachment":[{"href":"https:\/\/eldiariodelaeducacion.com\/bibliotecas-escolares\/wp-json\/wp\/v2\/media?parent=20"}],"wp:term":[{"taxonomy":"category","embeddable":true,"href":"https:\/\/eldiariodelaeducacion.com\/bibliotecas-escolares\/wp-json\/wp\/v2\/categories?post=20"},{"taxonomy":"post_tag","embeddable":true,"href":"https:\/\/eldiariodelaeducacion.com\/bibliotecas-escolares\/wp-json\/wp\/v2\/tags?post=20"},{"taxonomy":"tipo","embeddable":true,"href":"https:\/\/eldiariodelaeducacion.com\/bibliotecas-escolares\/wp-json\/wp\/v2\/tipo?post=20"}],"curies":[{"name":"wp","href":"https:\/\/api.w.org\/{rel}","templated":true}]}}