{"id":58,"date":"2023-11-21T06:00:30","date_gmt":"2023-11-21T06:00:30","guid":{"rendered":"https:\/\/eldiariodelaeducacion.com\/bibliotecas-escolares\/?p=58"},"modified":"2024-08-20T18:13:29","modified_gmt":"2024-08-20T16:13:29","slug":"la-segunda-oportunidad-de-las-bibliotecas-escolares-en-catalunya","status":"publish","type":"post","link":"https:\/\/eldiariodelaeducacion.com\/bibliotecas-escolares\/2023\/11\/21\/la-segunda-oportunidad-de-las-bibliotecas-escolares-en-catalunya\/","title":{"rendered":"La segunda oportunidad de las bibliotecas escolares en Catalunya"},"content":{"rendered":"<p>Hace ya unos meses saltaron las alarmas en Catalu\u00f1a. Los niveles de comprensi\u00f3n lectora del alumnado de primaria cayeron hasta quedar a la cola del resto de territorios en Espa\u00f1a. Aunque los datos no fueron buenos para nadie, en el caso de esta comunidad pillaron a mucha gente por sorpresa.<\/p>\n<p>El Departamento de Educaci\u00f3n se puso manos a la obra para intentar darle la vuelta a esta situaci\u00f3n. Entre las muchas iniciativas que han puesto en marcha, destaca un proyecto piloto en 50 centros de las cuatro provincias, en donde quieren relanzar estos espacios. Para ello, han decidido contratar a seis bibliotecarios, uno har\u00e1 las veces de coordinador del grupo, mientras los otros cinco se repartir\u00e1n la tarea de gestionar 10 bibliotecas cada uno.<\/p>\n<p>El sistema de bibliotecas escolares en Catalu\u00f1a tiene algunas peculiaridades importantes si se compara con el resto de Espa\u00f1a. Por una parte, la mitad de los centros, aproximadamente, no cuentan con una biblioteca. A esto se suma que en muchos casos, adem\u00e1s, estos espacios pasaron a descentralizarse y se convirtieron en bibliotecas de aula. Junto a esto, en esta comunidad aut\u00f3noma, se contrata a personal con estudios de biblioteconom\u00eda para que se hagan cargo de la gesti\u00f3n de estos espacios.<\/p>\n<p>Adem\u00e1s de estos 50 centros, el Departamento tambi\u00e9n anunci\u00f3 que apoyar\u00eda a otros 200 centros con sesiones de trabajo, nuevos programas inform\u00e1ticos y con materiales de acompa\u00f1amiento. En su caso, eso s\u00ed, no estar\u00eda presente el personal bibliotecario. Seg\u00fan la nota de prensa publicada en su d\u00eda por Educaci\u00f3n, estos colegios \u00abcarecen de necesidades tan identificables a la hora de potenciar la lectura entre su alumnado\u00bb.<\/p>\n<p>El plan, que durar\u00e1 dos a\u00f1os en este caso, tiene previsto alcanzar a otros 200 centros educativos cada a\u00f1o que pase.<\/p>\n<p>Unos meses despu\u00e9s de presentar este plan, la Fundaci\u00f3 Bofill present\u00f3 su granito de arena en este esfuerzo por mejorar las competencias de chicas y chicos. En su caso, han montado un proyecto piloto con 15 centros educativos, tambi\u00e9n repartidos por las cuatro provincias catalanas, aunque con unos objetivos algo diferentes.<\/p>\n<p>El proyecto de la Bofill, enmarcado en su rama de Equidad Digital, se llama <a href=\"https:\/\/bibliotech.cat\/\">BiblioTech<\/a> y pretende reconvertir las bibliotecas escolares en espacios en los que se trabaje con la lectura, pero con herramientas diferentes y complementarias al libro. Se divide en dos acciones diferentes, explica Marta Alfonsea, su responsable. Una est\u00e1 m\u00e1s centrado en cuestiones relacionadas con la alfabetizaci\u00f3n medi\u00e1tica, y lleva aparejada una inversi\u00f3n m\u00e1s o menos importante en equipamiento para hacer proyectos de radio y v\u00eddeo. La otra rama est\u00e1 enfocada m\u00e1s hacia las competencias STEM, las acciones\u00a0<em>maker<\/em> y en equipamiento para realizar talleres de rob\u00f3tica y programaci\u00f3n.<\/p>\n<blockquote><p>Las bibliotecas de aula a lo mejor han jugado en contra de la biblioteca escolar<\/p><\/blockquote>\n<h3>Origen<\/h3>\n<p>\u00abEste a\u00f1o iniciamos un piloto con 15 centros p\u00fablicos de Catalu\u00f1a. Se trata de acompa\u00f1arlos, en contacto con colaboradores de diferentes \u00e1mbitos; les daremos recursos y materiales para transformar la biblioteca escolar\u00bb, explica Alfonsea.<\/p>\n<p>La directora del proyecto explica que en los \u00faltimos a\u00f1os estos espacios, al menos en Catalu\u00f1a, ha sufrido una importante descentralizaci\u00f3n con la apuesta por las bibliotecas de aula. Para ella, esto, \u00aba lo mejor ha jugado en contra de la biblioteca escolar\u00bb. A esto se ha sumado que con la pandemia, muchas de ellas desaparecieron para convertirse en aulas durante los primeros compases de la vuelta a las aulas. Todav\u00eda algunas no han recuperado su ser.<\/p>\n<p>Esta situaci\u00f3n, as\u00ed como los resultados de PIRLS, que supusieron un importante golpe colectivo, movieron a la Fundaci\u00f3 Bofill a estudiar casos de \u00e9xito en el uso de las bibliotecas. El primero, <a href=\"https:\/\/eldiariodelaeducacion.com\/bibliotecas-escolares\/2022\/11\/08\/cristina-novoa-hay-muchas-crias-y-crios-que-encuentran-en-la-biblioteca-un-espacio-de-acogimiento\/\">Galicia, aut\u00e9ntico referente<\/a> desde hace a\u00f1os para todo el pa\u00eds. Pero tambi\u00e9n visitaron otros en Castilla-La Mancha, en Extremadura, en Andaluc\u00eda&#8230;<\/p>\n<p>Todos los centros que participan en el proyecto tienen, \u00aben teor\u00eda\u00bb, dice Alfonsea, su propia biblioteca \u00abpero el punto de partida no es el mismo para todo el mundo\u00bb, comenta. Las hay que tienen \u00abcat\u00e1logos actualizados y vibrantes y otros que la tienen repartida por el centro\u00bb, en las aulas. Desde la Fundaci\u00f3 no se impusieron condiciones m\u00ednimas para la entrada al proyecto. De hecho, uno de los objetivos es que esa heterogeneidad de los centros participantes ayude a otros centros a comenzar su camino de transformaci\u00f3n al verse identificados.<\/p>\n<p>En cualquier caso, todos los centros son de educaci\u00f3n primaria y est\u00e1n repartidos por toda la geograf\u00eda de la Comunidad, no solo en las capitales de las cuatro provincias.<\/p>\n<h3>Organizaci\u00f3n<\/h3>\n<p>Para poner en marcha el proyecto, financiado por los fondos Next Generation de la UE, la Fundaci\u00f3 contar\u00e1 con varias entidades colaboradoras.<\/p>\n<p>Escola 21 ser\u00e1 una de ellas; en este caso, se encargar\u00e1 de ofrecer la formaci\u00f3n sobre competencia digital en los centros con la vista puesta en la transformaci\u00f3n de la biblioteca. Estos cursos los recibir\u00e1n los miembros del grupo motor que se ha organizado en cada colegio. Se trata de un grupo de entre tres y cinco personas.<\/p>\n<p>Desde la Fundaci\u00f3 creen que la responsabilidad de la biblioteca ha de ser m\u00e1s compartida. En Catalu\u00f1a, la figura de la bibliotecaria es independiente del claustro y esto tiene sus pros y sus contras. Entre los primeros, su alto conocimiento en los temas relacionados con la gesti\u00f3n de este tipo de espacios, as\u00ed como en las actividades que pueden hacerse desde la biblioteca. Entre los segundos, el que la comunicaci\u00f3n con el claustro a veces se complica, a pesar de que hay una coordinadora dentro del claustro para hacer esta conexi\u00f3n.<\/p>\n<p>Por esto, se decidieron por un modelo en el que hubiera un grupo motor de algunas personas del claustro, que todas recibieran la formaci\u00f3n necesaria para poder trabajar estos temas de una manera m\u00e1s colegiada.<\/p>\n<p>La Fundaci\u00f3 har\u00e1 durante el tiempo que dura el proyecto (hasta final de curso) el acompa\u00f1amiento a los centros, con visitas, con la puesta en contacto con otras entidades o redes. Por ejemplo, explica Alfonsea, puede darse el caso de que alg\u00fan centro quiera hacer una reuni\u00f3n con alg\u00fan centro de Galicia para conocer de primera mano el trabajo que se realiza all\u00ed, ellos ser\u00edan los encargados de hacerlo.<\/p>\n<p>Como el proyecto se divide en dos tipos de intervenciones, hay otras dos entidades especializadas en cada una de ellas. Para los materiales relacionados con alfabetizaci\u00f3n medi\u00e1tica e informacional, cuentan con el apoyo de Verificat que, adem\u00e1s, ha elaborado materiales como situaciones de aprendizaje. Por otro lado est\u00e1 Make and Learn, que es la entidad encargada de los proyectos STEM, de rob\u00f3tica y programaci\u00f3n.<\/p>\n<blockquote><p>Los centros contar\u00e1n con una gu\u00eda para la transformaci\u00f3n que ser\u00e1 p\u00fablica para quien quiera consultarla<\/p><\/blockquote>\n<p>Otra de las entidades colaboradoras es la asociaci\u00f3n de docentes, Vull Aprendre (Quiero aprender, en castellano), que ha preparado tambi\u00e9n situaciones de aprendizaje y c\u00e1psulas formativas para el profesorado sobre el \u00e1mbito medi\u00e1tico. Junto a esta asociaci\u00f3n est\u00e1 la cooperativa T\u00e1ndem, formada por personas expertas en literatura infantil y juvenil y cuyo papel ser\u00e1 el de asesorar a las personas encargadas de la biblioteca en su cat\u00e1logo.<\/p>\n<p>Finalmente, para dentro de un mes, aproximadamente, los centros contar\u00e1n con una gu\u00eda con la que puedan conducirse en el proceso de transformaci\u00f3n de sus bibliotecas. Se trata de un material que estar\u00e1 en abierto, para que cualquier centro, m\u00e1s all\u00e1 de los 15 del piloto, tenga acceso.<\/p>\n<h3>Abrir el espacio<\/h3>\n<p>Para Marta Alfonsea, una de las necesidades de las bibliotecas y a la que en algunos puntos intentan responder, tiene que ver con \u00ababrir el imaginario de la biblioteca, como lo han hecho las bibliotecas p\u00fablicas, que ya no son solo con libros\u00bb.<\/p>\n<p>Que no sean solo un espacio de silencio y libros en papel, sino de creaci\u00f3n, de <a href=\"https:\/\/eldiariodelaeducacion.com\/bibliotecas-escolares\/2023\/09\/08\/alfabetizacion-informacional-o-como-hacer-de-tu-biblioteca-escolar-un-motor-de-trabajo\/\">alfabetizaci\u00f3n informacional y medi\u00e1tica<\/a>. Un espacio en el que puedan hacerse actividades diversas \u00abcomo han hecho las bibliotecas p\u00fablicas\u00bb, comenta, en las que entran acciones sociales, estudios de grabaci\u00f3n, con espacio para los videojuegos.<\/p>\n<p>Alfonsea defiende este tipo de acciones para que las bibliotecas se conviertan en \u00abcentro de conocimiento y cultura, y eso significa muchas cosas, m\u00e1s all\u00e1 de libros y lectura, como la alfabetizaciones m\u00faltiples, espacios de creaci\u00f3n, \u00abespacios donde los docentes puedan crear tambi\u00e9n\u00bb.<\/p>\n<p>Abrir tambi\u00e9n significa que la gesti\u00f3n de este espacio no quede solo en manos de una persona que, adem\u00e1s, depende de un presupuesto que es el que paga el salario y las horas de permanencia en la biblioteca. Defiende Alfonsea que esa recaiga en m\u00e1s hombros, de ah\u00ed la puesta en marcha del grupo motor. Entre otras cosas porque no es habitual, siquiera, que la persona del claustro que se encarga de estos espacios tenga horas suficientes de dedicaci\u00f3n para hacerlo.<\/p>\n","protected":false},"excerpt":{"rendered":"<p>Hace ya unos meses saltaron las alarmas en Catalu\u00f1a. Los niveles de comprensi\u00f3n lectora del alumnado de primaria cayeron hasta quedar a la cola del resto de territorios en Espa\u00f1a. Aunque los datos no fueron buenos para nadie, en el caso de esta comunidad pillaron a mucha gente por sorpresa. El Departamento de Educaci\u00f3n se<\/p>\n","protected":false},"author":3,"featured_media":59,"comment_status":"open","ping_status":"open","sticky":false,"template":"","format":"standard","meta":{"footnotes":""},"categories":[17],"tags":[],"tipo":[26],"class_list":{"0":"post-58","1":"post","2":"type-post","3":"status-publish","4":"format-standard","5":"has-post-thumbnail","7":"category-biblitecas-escolares","8":"tipo-reportaje"},"yoast_head":"<!-- This site is optimized with the Yoast SEO plugin v27.5 - https:\/\/yoast.com\/product\/yoast-seo-wordpress\/ -->\n<title>La segunda oportunidad de las bibliotecas escolares en Catalunya - Bibliotecas escolares<\/title>\n<meta name=\"robots\" content=\"index, follow, max-snippet:-1, max-image-preview:large, max-video-preview:-1\" \/>\n<link rel=\"canonical\" href=\"https:\/\/eldiariodelaeducacion.com\/bibliotecas-escolares\/2023\/11\/21\/la-segunda-oportunidad-de-las-bibliotecas-escolares-en-catalunya\/\" \/>\n<meta property=\"og:locale\" content=\"es_ES\" \/>\n<meta property=\"og:type\" content=\"article\" \/>\n<meta property=\"og:title\" content=\"La segunda oportunidad de las bibliotecas escolares en Catalunya - Bibliotecas escolares\" \/>\n<meta property=\"og:description\" content=\"Hace ya unos meses saltaron las alarmas en Catalu\u00f1a. Los niveles de comprensi\u00f3n lectora del alumnado de primaria cayeron hasta quedar a la cola del resto de territorios en Espa\u00f1a. Aunque los datos no fueron buenos para nadie, en el caso de esta comunidad pillaron a mucha gente por sorpresa. El Departamento de Educaci\u00f3n se\" \/>\n<meta property=\"og:url\" content=\"https:\/\/eldiariodelaeducacion.com\/bibliotecas-escolares\/2023\/11\/21\/la-segunda-oportunidad-de-las-bibliotecas-escolares-en-catalunya\/\" \/>\n<meta property=\"og:site_name\" content=\"Bibliotecas escolares\" \/>\n<meta property=\"article:published_time\" content=\"2023-11-21T06:00:30+00:00\" \/>\n<meta property=\"article:modified_time\" content=\"2024-08-20T16:13:29+00:00\" \/>\n<meta property=\"og:image\" content=\"https:\/\/eldiariodelaeducacion.com\/bibliotecas-escolares\/wp-content\/uploads\/sites\/20\/2023\/11\/GettyImages-1463898431.jpg\" \/>\n\t<meta property=\"og:image:width\" content=\"2121\" \/>\n\t<meta property=\"og:image:height\" content=\"1414\" \/>\n\t<meta property=\"og:image:type\" content=\"image\/jpeg\" \/>\n<meta name=\"author\" content=\"Pablo Guti\u00e9rrez de \u00c1lamo\" \/>\n<meta name=\"twitter:card\" content=\"summary_large_image\" \/>\n<meta name=\"twitter:label1\" content=\"Escrito por\" \/>\n\t<meta name=\"twitter:data1\" content=\"Pablo Guti\u00e9rrez de \u00c1lamo\" \/>\n\t<meta name=\"twitter:label2\" content=\"Tiempo de lectura\" \/>\n\t<meta name=\"twitter:data2\" content=\"8 minutos\" \/>\n<script type=\"application\/ld+json\" class=\"yoast-schema-graph\">{\"@context\":\"https:\\\/\\\/schema.org\",\"@graph\":[{\"@type\":\"Article\",\"@id\":\"https:\\\/\\\/eldiariodelaeducacion.com\\\/bibliotecas-escolares\\\/2023\\\/11\\\/21\\\/la-segunda-oportunidad-de-las-bibliotecas-escolares-en-catalunya\\\/#article\",\"isPartOf\":{\"@id\":\"https:\\\/\\\/eldiariodelaeducacion.com\\\/bibliotecas-escolares\\\/2023\\\/11\\\/21\\\/la-segunda-oportunidad-de-las-bibliotecas-escolares-en-catalunya\\\/\"},\"author\":{\"name\":\"Pablo Guti\u00e9rrez de \u00c1lamo\",\"@id\":\"https:\\\/\\\/eldiariodelaeducacion.com\\\/bibliotecas-escolares\\\/#\\\/schema\\\/person\\\/d51df312cce89adbe47c1d05106560bf\"},\"headline\":\"La segunda oportunidad de las bibliotecas escolares en Catalunya\",\"datePublished\":\"2023-11-21T06:00:30+00:00\",\"dateModified\":\"2024-08-20T16:13:29+00:00\",\"mainEntityOfPage\":{\"@id\":\"https:\\\/\\\/eldiariodelaeducacion.com\\\/bibliotecas-escolares\\\/2023\\\/11\\\/21\\\/la-segunda-oportunidad-de-las-bibliotecas-escolares-en-catalunya\\\/\"},\"wordCount\":1540,\"commentCount\":0,\"image\":{\"@id\":\"https:\\\/\\\/eldiariodelaeducacion.com\\\/bibliotecas-escolares\\\/2023\\\/11\\\/21\\\/la-segunda-oportunidad-de-las-bibliotecas-escolares-en-catalunya\\\/#primaryimage\"},\"thumbnailUrl\":\"https:\\\/\\\/eldiariodelaeducacion.com\\\/bibliotecas-escolares\\\/wp-content\\\/uploads\\\/sites\\\/20\\\/2023\\\/11\\\/GettyImages-1463898431.jpg\",\"articleSection\":[\"Biblitecas escolares\"],\"inLanguage\":\"es\",\"potentialAction\":[{\"@type\":\"CommentAction\",\"name\":\"Comment\",\"target\":[\"https:\\\/\\\/eldiariodelaeducacion.com\\\/bibliotecas-escolares\\\/2023\\\/11\\\/21\\\/la-segunda-oportunidad-de-las-bibliotecas-escolares-en-catalunya\\\/#respond\"]}]},{\"@type\":\"WebPage\",\"@id\":\"https:\\\/\\\/eldiariodelaeducacion.com\\\/bibliotecas-escolares\\\/2023\\\/11\\\/21\\\/la-segunda-oportunidad-de-las-bibliotecas-escolares-en-catalunya\\\/\",\"url\":\"https:\\\/\\\/eldiariodelaeducacion.com\\\/bibliotecas-escolares\\\/2023\\\/11\\\/21\\\/la-segunda-oportunidad-de-las-bibliotecas-escolares-en-catalunya\\\/\",\"name\":\"La segunda oportunidad de las bibliotecas escolares en Catalunya - Bibliotecas escolares\",\"isPartOf\":{\"@id\":\"https:\\\/\\\/eldiariodelaeducacion.com\\\/bibliotecas-escolares\\\/#website\"},\"primaryImageOfPage\":{\"@id\":\"https:\\\/\\\/eldiariodelaeducacion.com\\\/bibliotecas-escolares\\\/2023\\\/11\\\/21\\\/la-segunda-oportunidad-de-las-bibliotecas-escolares-en-catalunya\\\/#primaryimage\"},\"image\":{\"@id\":\"https:\\\/\\\/eldiariodelaeducacion.com\\\/bibliotecas-escolares\\\/2023\\\/11\\\/21\\\/la-segunda-oportunidad-de-las-bibliotecas-escolares-en-catalunya\\\/#primaryimage\"},\"thumbnailUrl\":\"https:\\\/\\\/eldiariodelaeducacion.com\\\/bibliotecas-escolares\\\/wp-content\\\/uploads\\\/sites\\\/20\\\/2023\\\/11\\\/GettyImages-1463898431.jpg\",\"datePublished\":\"2023-11-21T06:00:30+00:00\",\"dateModified\":\"2024-08-20T16:13:29+00:00\",\"author\":{\"@id\":\"https:\\\/\\\/eldiariodelaeducacion.com\\\/bibliotecas-escolares\\\/#\\\/schema\\\/person\\\/d51df312cce89adbe47c1d05106560bf\"},\"breadcrumb\":{\"@id\":\"https:\\\/\\\/eldiariodelaeducacion.com\\\/bibliotecas-escolares\\\/2023\\\/11\\\/21\\\/la-segunda-oportunidad-de-las-bibliotecas-escolares-en-catalunya\\\/#breadcrumb\"},\"inLanguage\":\"es\",\"potentialAction\":[{\"@type\":\"ReadAction\",\"target\":[\"https:\\\/\\\/eldiariodelaeducacion.com\\\/bibliotecas-escolares\\\/2023\\\/11\\\/21\\\/la-segunda-oportunidad-de-las-bibliotecas-escolares-en-catalunya\\\/\"]}]},{\"@type\":\"ImageObject\",\"inLanguage\":\"es\",\"@id\":\"https:\\\/\\\/eldiariodelaeducacion.com\\\/bibliotecas-escolares\\\/2023\\\/11\\\/21\\\/la-segunda-oportunidad-de-las-bibliotecas-escolares-en-catalunya\\\/#primaryimage\",\"url\":\"https:\\\/\\\/eldiariodelaeducacion.com\\\/bibliotecas-escolares\\\/wp-content\\\/uploads\\\/sites\\\/20\\\/2023\\\/11\\\/GettyImages-1463898431.jpg\",\"contentUrl\":\"https:\\\/\\\/eldiariodelaeducacion.com\\\/bibliotecas-escolares\\\/wp-content\\\/uploads\\\/sites\\\/20\\\/2023\\\/11\\\/GettyImages-1463898431.jpg\",\"width\":2121,\"height\":1414,\"caption\":\"Gettyimages\"},{\"@type\":\"BreadcrumbList\",\"@id\":\"https:\\\/\\\/eldiariodelaeducacion.com\\\/bibliotecas-escolares\\\/2023\\\/11\\\/21\\\/la-segunda-oportunidad-de-las-bibliotecas-escolares-en-catalunya\\\/#breadcrumb\",\"itemListElement\":[{\"@type\":\"ListItem\",\"position\":1,\"name\":\"Portada\",\"item\":\"https:\\\/\\\/eldiariodelaeducacion.com\\\/bibliotecas-escolares\\\/\"},{\"@type\":\"ListItem\",\"position\":2,\"name\":\"La segunda oportunidad de las bibliotecas escolares en Catalunya\"}]},{\"@type\":\"WebSite\",\"@id\":\"https:\\\/\\\/eldiariodelaeducacion.com\\\/bibliotecas-escolares\\\/#website\",\"url\":\"https:\\\/\\\/eldiariodelaeducacion.com\\\/bibliotecas-escolares\\\/\",\"name\":\"Bibliotecas escolares\",\"description\":\"Un blog de El Diario de la Educaci\u00f3n\",\"potentialAction\":[{\"@type\":\"SearchAction\",\"target\":{\"@type\":\"EntryPoint\",\"urlTemplate\":\"https:\\\/\\\/eldiariodelaeducacion.com\\\/bibliotecas-escolares\\\/?s={search_term_string}\"},\"query-input\":{\"@type\":\"PropertyValueSpecification\",\"valueRequired\":true,\"valueName\":\"search_term_string\"}}],\"inLanguage\":\"es\"},{\"@type\":\"Person\",\"@id\":\"https:\\\/\\\/eldiariodelaeducacion.com\\\/bibliotecas-escolares\\\/#\\\/schema\\\/person\\\/d51df312cce89adbe47c1d05106560bf\",\"name\":\"Pablo Guti\u00e9rrez de \u00c1lamo\",\"image\":{\"@type\":\"ImageObject\",\"inLanguage\":\"es\",\"@id\":\"https:\\\/\\\/eldiariodelaeducacion.com\\\/wp-content\\\/uploads\\\/2024\\\/10\\\/pablo-gutierrez-de-Alamo_avatar_1-96x96.jpg\",\"url\":\"https:\\\/\\\/eldiariodelaeducacion.com\\\/wp-content\\\/uploads\\\/2024\\\/10\\\/pablo-gutierrez-de-Alamo_avatar_1-96x96.jpg\",\"contentUrl\":\"https:\\\/\\\/eldiariodelaeducacion.com\\\/wp-content\\\/uploads\\\/2024\\\/10\\\/pablo-gutierrez-de-Alamo_avatar_1-96x96.jpg\",\"caption\":\"Pablo Guti\u00e9rrez de \u00c1lamo\"},\"description\":\"Periodista especializado en educaci\u00f3n. Director de El Diario de la Educaci\u00f3n. Antes en Peri\u00f3dico Escuela\",\"url\":\"https:\\\/\\\/eldiariodelaeducacion.com\\\/bibliotecas-escolares\\\/author\\\/pgutierrez\\\/\"}]}<\/script>\n<!-- \/ Yoast SEO plugin. -->","yoast_head_json":{"title":"La segunda oportunidad de las bibliotecas escolares en Catalunya - Bibliotecas escolares","robots":{"index":"index","follow":"follow","max-snippet":"max-snippet:-1","max-image-preview":"max-image-preview:large","max-video-preview":"max-video-preview:-1"},"canonical":"https:\/\/eldiariodelaeducacion.com\/bibliotecas-escolares\/2023\/11\/21\/la-segunda-oportunidad-de-las-bibliotecas-escolares-en-catalunya\/","og_locale":"es_ES","og_type":"article","og_title":"La segunda oportunidad de las bibliotecas escolares en Catalunya - Bibliotecas escolares","og_description":"Hace ya unos meses saltaron las alarmas en Catalu\u00f1a. Los niveles de comprensi\u00f3n lectora del alumnado de primaria cayeron hasta quedar a la cola del resto de territorios en Espa\u00f1a. Aunque los datos no fueron buenos para nadie, en el caso de esta comunidad pillaron a mucha gente por sorpresa. El Departamento de Educaci\u00f3n se","og_url":"https:\/\/eldiariodelaeducacion.com\/bibliotecas-escolares\/2023\/11\/21\/la-segunda-oportunidad-de-las-bibliotecas-escolares-en-catalunya\/","og_site_name":"Bibliotecas escolares","article_published_time":"2023-11-21T06:00:30+00:00","article_modified_time":"2024-08-20T16:13:29+00:00","og_image":[{"width":2121,"height":1414,"url":"https:\/\/eldiariodelaeducacion.com\/bibliotecas-escolares\/wp-content\/uploads\/sites\/20\/2023\/11\/GettyImages-1463898431.jpg","type":"image\/jpeg"}],"author":"Pablo Guti\u00e9rrez de \u00c1lamo","twitter_card":"summary_large_image","twitter_misc":{"Escrito por":"Pablo Guti\u00e9rrez de \u00c1lamo","Tiempo de lectura":"8 minutos"},"schema":{"@context":"https:\/\/schema.org","@graph":[{"@type":"Article","@id":"https:\/\/eldiariodelaeducacion.com\/bibliotecas-escolares\/2023\/11\/21\/la-segunda-oportunidad-de-las-bibliotecas-escolares-en-catalunya\/#article","isPartOf":{"@id":"https:\/\/eldiariodelaeducacion.com\/bibliotecas-escolares\/2023\/11\/21\/la-segunda-oportunidad-de-las-bibliotecas-escolares-en-catalunya\/"},"author":{"name":"Pablo Guti\u00e9rrez de \u00c1lamo","@id":"https:\/\/eldiariodelaeducacion.com\/bibliotecas-escolares\/#\/schema\/person\/d51df312cce89adbe47c1d05106560bf"},"headline":"La segunda oportunidad de las bibliotecas escolares en Catalunya","datePublished":"2023-11-21T06:00:30+00:00","dateModified":"2024-08-20T16:13:29+00:00","mainEntityOfPage":{"@id":"https:\/\/eldiariodelaeducacion.com\/bibliotecas-escolares\/2023\/11\/21\/la-segunda-oportunidad-de-las-bibliotecas-escolares-en-catalunya\/"},"wordCount":1540,"commentCount":0,"image":{"@id":"https:\/\/eldiariodelaeducacion.com\/bibliotecas-escolares\/2023\/11\/21\/la-segunda-oportunidad-de-las-bibliotecas-escolares-en-catalunya\/#primaryimage"},"thumbnailUrl":"https:\/\/eldiariodelaeducacion.com\/bibliotecas-escolares\/wp-content\/uploads\/sites\/20\/2023\/11\/GettyImages-1463898431.jpg","articleSection":["Biblitecas escolares"],"inLanguage":"es","potentialAction":[{"@type":"CommentAction","name":"Comment","target":["https:\/\/eldiariodelaeducacion.com\/bibliotecas-escolares\/2023\/11\/21\/la-segunda-oportunidad-de-las-bibliotecas-escolares-en-catalunya\/#respond"]}]},{"@type":"WebPage","@id":"https:\/\/eldiariodelaeducacion.com\/bibliotecas-escolares\/2023\/11\/21\/la-segunda-oportunidad-de-las-bibliotecas-escolares-en-catalunya\/","url":"https:\/\/eldiariodelaeducacion.com\/bibliotecas-escolares\/2023\/11\/21\/la-segunda-oportunidad-de-las-bibliotecas-escolares-en-catalunya\/","name":"La segunda oportunidad de las bibliotecas escolares en Catalunya - Bibliotecas escolares","isPartOf":{"@id":"https:\/\/eldiariodelaeducacion.com\/bibliotecas-escolares\/#website"},"primaryImageOfPage":{"@id":"https:\/\/eldiariodelaeducacion.com\/bibliotecas-escolares\/2023\/11\/21\/la-segunda-oportunidad-de-las-bibliotecas-escolares-en-catalunya\/#primaryimage"},"image":{"@id":"https:\/\/eldiariodelaeducacion.com\/bibliotecas-escolares\/2023\/11\/21\/la-segunda-oportunidad-de-las-bibliotecas-escolares-en-catalunya\/#primaryimage"},"thumbnailUrl":"https:\/\/eldiariodelaeducacion.com\/bibliotecas-escolares\/wp-content\/uploads\/sites\/20\/2023\/11\/GettyImages-1463898431.jpg","datePublished":"2023-11-21T06:00:30+00:00","dateModified":"2024-08-20T16:13:29+00:00","author":{"@id":"https:\/\/eldiariodelaeducacion.com\/bibliotecas-escolares\/#\/schema\/person\/d51df312cce89adbe47c1d05106560bf"},"breadcrumb":{"@id":"https:\/\/eldiariodelaeducacion.com\/bibliotecas-escolares\/2023\/11\/21\/la-segunda-oportunidad-de-las-bibliotecas-escolares-en-catalunya\/#breadcrumb"},"inLanguage":"es","potentialAction":[{"@type":"ReadAction","target":["https:\/\/eldiariodelaeducacion.com\/bibliotecas-escolares\/2023\/11\/21\/la-segunda-oportunidad-de-las-bibliotecas-escolares-en-catalunya\/"]}]},{"@type":"ImageObject","inLanguage":"es","@id":"https:\/\/eldiariodelaeducacion.com\/bibliotecas-escolares\/2023\/11\/21\/la-segunda-oportunidad-de-las-bibliotecas-escolares-en-catalunya\/#primaryimage","url":"https:\/\/eldiariodelaeducacion.com\/bibliotecas-escolares\/wp-content\/uploads\/sites\/20\/2023\/11\/GettyImages-1463898431.jpg","contentUrl":"https:\/\/eldiariodelaeducacion.com\/bibliotecas-escolares\/wp-content\/uploads\/sites\/20\/2023\/11\/GettyImages-1463898431.jpg","width":2121,"height":1414,"caption":"Gettyimages"},{"@type":"BreadcrumbList","@id":"https:\/\/eldiariodelaeducacion.com\/bibliotecas-escolares\/2023\/11\/21\/la-segunda-oportunidad-de-las-bibliotecas-escolares-en-catalunya\/#breadcrumb","itemListElement":[{"@type":"ListItem","position":1,"name":"Portada","item":"https:\/\/eldiariodelaeducacion.com\/bibliotecas-escolares\/"},{"@type":"ListItem","position":2,"name":"La segunda oportunidad de las bibliotecas escolares en Catalunya"}]},{"@type":"WebSite","@id":"https:\/\/eldiariodelaeducacion.com\/bibliotecas-escolares\/#website","url":"https:\/\/eldiariodelaeducacion.com\/bibliotecas-escolares\/","name":"Bibliotecas escolares","description":"Un blog de El Diario de la Educaci\u00f3n","potentialAction":[{"@type":"SearchAction","target":{"@type":"EntryPoint","urlTemplate":"https:\/\/eldiariodelaeducacion.com\/bibliotecas-escolares\/?s={search_term_string}"},"query-input":{"@type":"PropertyValueSpecification","valueRequired":true,"valueName":"search_term_string"}}],"inLanguage":"es"},{"@type":"Person","@id":"https:\/\/eldiariodelaeducacion.com\/bibliotecas-escolares\/#\/schema\/person\/d51df312cce89adbe47c1d05106560bf","name":"Pablo Guti\u00e9rrez de \u00c1lamo","image":{"@type":"ImageObject","inLanguage":"es","@id":"https:\/\/eldiariodelaeducacion.com\/wp-content\/uploads\/2024\/10\/pablo-gutierrez-de-Alamo_avatar_1-96x96.jpg","url":"https:\/\/eldiariodelaeducacion.com\/wp-content\/uploads\/2024\/10\/pablo-gutierrez-de-Alamo_avatar_1-96x96.jpg","contentUrl":"https:\/\/eldiariodelaeducacion.com\/wp-content\/uploads\/2024\/10\/pablo-gutierrez-de-Alamo_avatar_1-96x96.jpg","caption":"Pablo Guti\u00e9rrez de \u00c1lamo"},"description":"Periodista especializado en educaci\u00f3n. Director de El Diario de la Educaci\u00f3n. Antes en Peri\u00f3dico Escuela","url":"https:\/\/eldiariodelaeducacion.com\/bibliotecas-escolares\/author\/pgutierrez\/"}]}},"_links":{"self":[{"href":"https:\/\/eldiariodelaeducacion.com\/bibliotecas-escolares\/wp-json\/wp\/v2\/posts\/58","targetHints":{"allow":["GET"]}}],"collection":[{"href":"https:\/\/eldiariodelaeducacion.com\/bibliotecas-escolares\/wp-json\/wp\/v2\/posts"}],"about":[{"href":"https:\/\/eldiariodelaeducacion.com\/bibliotecas-escolares\/wp-json\/wp\/v2\/types\/post"}],"author":[{"embeddable":true,"href":"https:\/\/eldiariodelaeducacion.com\/bibliotecas-escolares\/wp-json\/wp\/v2\/users\/3"}],"replies":[{"embeddable":true,"href":"https:\/\/eldiariodelaeducacion.com\/bibliotecas-escolares\/wp-json\/wp\/v2\/comments?post=58"}],"version-history":[{"count":1,"href":"https:\/\/eldiariodelaeducacion.com\/bibliotecas-escolares\/wp-json\/wp\/v2\/posts\/58\/revisions"}],"predecessor-version":[{"id":362,"href":"https:\/\/eldiariodelaeducacion.com\/bibliotecas-escolares\/wp-json\/wp\/v2\/posts\/58\/revisions\/362"}],"wp:featuredmedia":[{"embeddable":true,"href":"https:\/\/eldiariodelaeducacion.com\/bibliotecas-escolares\/wp-json\/wp\/v2\/media\/59"}],"wp:attachment":[{"href":"https:\/\/eldiariodelaeducacion.com\/bibliotecas-escolares\/wp-json\/wp\/v2\/media?parent=58"}],"wp:term":[{"taxonomy":"category","embeddable":true,"href":"https:\/\/eldiariodelaeducacion.com\/bibliotecas-escolares\/wp-json\/wp\/v2\/categories?post=58"},{"taxonomy":"post_tag","embeddable":true,"href":"https:\/\/eldiariodelaeducacion.com\/bibliotecas-escolares\/wp-json\/wp\/v2\/tags?post=58"},{"taxonomy":"tipo","embeddable":true,"href":"https:\/\/eldiariodelaeducacion.com\/bibliotecas-escolares\/wp-json\/wp\/v2\/tipo?post=58"}],"curies":[{"name":"wp","href":"https:\/\/api.w.org\/{rel}","templated":true}]}}