{"id":1005,"date":"2023-06-07T15:07:41","date_gmt":"2023-06-07T15:07:41","guid":{"rendered":"https:\/\/eldiariodelaeducacion.com\/convivenciayeducacionenvalores\/?p=1005"},"modified":"2024-08-20T18:02:37","modified_gmt":"2024-08-20T16:02:37","slug":"repetir-un-proyecto-consolida-el-aprendizaje-servicio","status":"publish","type":"post","link":"https:\/\/eldiariodelaeducacion.com\/convivenciayeducacionenvalores\/2023\/06\/07\/repetir-un-proyecto-consolida-el-aprendizaje-servicio\/","title":{"rendered":"Repetir un proyecto consolida el aprendizaje-servicio"},"content":{"rendered":"<p>Hace unos a\u00f1os, frente a una escuela de primaria se instal\u00f3 una residencia para la tercera edad. La profesora de m\u00fasica vio la oportunidad de motivar y mejorar los aprendizajes musicales del alumnado a trav\u00e9s de colaborar con la residencia y anim\u00f3 a los ni\u00f1os y las ni\u00f1as a preparar y llevar a cabo un concierto para las personas mayores pensando y ensayando bien canciones que conocieran o que encajaran con sus gustos, recuerdos o aficiones.<\/p>\n<p>Los ni\u00f1os y las ni\u00f1as se movilizaron con entusiasmo, buscaron y aprendieron canciones antiguas, seleccionaron de las modernas aquellas que creyeron que m\u00e1s gustar\u00edan a los usuarios de la residencia y la funci\u00f3n result\u00f3 un \u00e9xito absoluto.<br \/>\nSin embargo, al curso siguiente la profesora march\u00f3 de la escuela. La nueva profesora de m\u00fasica entendi\u00f3 que hab\u00eda sido un proyecto particular de la anterior profesora y no se plante\u00f3 continuarlo. Prefer\u00eda realizar otro tipo de salidas con el alumnado, a fin de ofrecer otras oportunidades de aprendizaje.<\/p>\n<p>La residencia, por su cuenta, hab\u00eda entendido impl\u00edcitamente que se trataba de una experiencia a consolidar, incluso se hab\u00eda propuesto desarrollar alguna actividad de reciprocidad con los ancianos, los cuales, por supuesto, esperaban repetir la funci\u00f3n y volver a ver a los ni\u00f1os y las ni\u00f1as de la escuela.<\/p>\n<p>La instituci\u00f3n no entendi\u00f3 la negativa de la escuela a repetir la actividad y la escuela, por su parte, prioriz\u00f3 que el alumnado fuera variando de contexto.<\/p>\n<p>En este ejemplo, queda claro que las expectativas de ambas partes (escuela y residencia) eran diferentes. M\u00e1s all\u00e1 de los d\u00e9ficits de comunicaci\u00f3n entre ambas -porque se pod\u00eda haber pactado de buen comienzo si iba a ser un proyecto puntual o no- se trata de una situaci\u00f3n antin\u00f3mica caracter\u00edstica del aprendizaje-servicio, que se da entre los requerimientos del aprendizaje y los requerimientos del servicio: \u00bfes mejor repetir o es mejor ir cambiando?<\/p>\n<p>La antinomia existe porque precisamente el aprendizaje-servicio tiene una doble identidad: educativa y social y, al menos en teor\u00eda, hay que encontrar un equilibrio satisfactorio entre ambos enfoques.<\/p>\n<p>Reconozcamos que <strong>un proyecto no se consolida si no se repite<\/strong>. Pero&#8230; \u00bfes deseable la consolidaci\u00f3n? Atendiendo al impacto social que se persigue, que es una de las razones de ser del aprendizaje-servicio, es mejor consolidar los proyectos, estableciendo v\u00ednculos fuertes con la comunidad y sus entidades sociales, que coleccionar proyectos, llevando a cabo uno diferente cada a\u00f1o.<\/p>\n<p>Esos v\u00ednculos estables con las entidades sociales son los que nos van a permitir precisamente innovar y mejorar el servicio a la comunidad y poco a poco, convertirlo en excelente, algo que no se consigue casi nunca a la primera.<\/p>\n<p>Pero, adem\u00e1s, atendiendo estrictamente a los aprendizajes, cuando se repite un proyecto no s\u00f3lo se profundiza el impacto social sino que tenemos la oportunidad de mejorar \u00abla primera edici\u00f3n\u00bb, proporcionando una estructura sostenible y facilitadora y afinando en el alumnado los conocimientos, habilidades, actitudes y valores.<\/p>\n<p>De hecho, \u00bfcu\u00e1ntas veces necesitamos repetir una canci\u00f3n para aprenderla bien e interpretarla correctamente? \u00bfs\u00f3lo una vez?<\/p>\n<p>De esta manera, cuando el proyecto de aprendizaje-servicio se estabiliza en un centro educativo, pasa a ser un rasgo de identidad pedag\u00f3gica e incluso un cierto rito de transici\u00f3n para los ni\u00f1os y ni\u00f1as, que saben, por ejemplo, que cuando lleguemos a 6\u00ba podremos organizar nosotros mismos el concierto en la residencia.<\/p>\n<h3>Algunas pr\u00e1cticas exitosas de proyectos que se consolidan<\/h3>\n<h5>Un proyecto llevado a escala: la Ruta de la Tapa Saludable;<\/h5>\n<p>El CEIP Atalaya, de Cartagena puso en marcha en el curso 2021\/2022 la <em>I Ruta de la tapa infantil saludable<\/em>. Tras realizar internamente unos talleres <em>minichef<\/em> y un concurso de recetas con productos del huerto, consiguieron la alianza de 7 restaurantes de la ciudad y del Ayuntamiento para impulsar una jornada c\u00edvica en la ciudad de promoci\u00f3n de la alimentaci\u00f3n saludable, el consumo de alimentos de temporada y proximidad, el turismo responsable y la hosteler\u00eda, donando adem\u00e1s el dinero recaudado a una entidad social.<\/p>\n<p>En el curso 2022\/2023 ha tenido lugar la segunda edici\u00f3n del proyecto, al que se han sumado cinco CEIP y cuatro IES m\u00e1s a la iniciativa. El n\u00famero de restaurantes ha pasado de 7 a 14; han colaborado el Conservatorio Superior grabando con el alumnado la canci\u00f3n del proyecto y la Universidad Polit\u00e9cnica de Cartagena con unas gu\u00edas de realidad aumentada y una exposici\u00f3n fotogr\u00e1fica, y se han implicado otras dos asociaciones en tareas diversas.<\/p>\n<p>El aumento del impacto social del proyecto es evidente y tambi\u00e9n del educativo, tanto por el n\u00famero de centros involucrados como por la fuerte implicaci\u00f3n que suscita en el alumnado el participar en una iniciativa con esta evoluci\u00f3n.<\/p>\n<h5>Una l\u00ednea tem\u00e1tica que fructifica en proyectos ApS con matices distintos.<\/h5>\n<p>El colegio Claret Larraona de Pamplona viene trabajando desde el 2017 con alumnado de ESO y Bachillerato en un abanico de proyectos ApS sobre pol\u00edtica y cultura democr\u00e1tica. En ellos el alumnado busca incidir socialmente en valores como la dignificaci\u00f3n del ejercicio de la pol\u00edtica y la consolidaci\u00f3n institucional a todos los niveles, haciendo propuestas de regeneraci\u00f3n o de convivencia pol\u00edtica y social tras el fin de ETA. Actualmente, la fidelidad a una l\u00ednea de trabajo y la trayectoria lograda abren puertas y propician objetivos que ser\u00edan impensables en los inicios de este recorrido.<\/p>\n<h5>El ApS como vertebrador de proyectos transversales de centro.<\/h5>\n<p>El Colegio La Corolla de Gij\u00f3n relata que su experiencia con la repetici\u00f3n de proyectos ApS es estupenda:<\/p>\n<ul>\n<li><em>El Jard\u00edn Animado<\/em> (Educaci\u00f3n Ambiental + Artes+ cuidadan\u00eda+ ODS) se repite anualmente desde hace 8 a\u00f1os.<\/li>\n<li><em>La Mar de Vida<\/em> desde hace 5 (Educaci\u00f3n Ambiental +Ciencia Ciudadana+ Participaci\u00f3n+ ODS 13,14, 15).<\/li>\n<li><em>Guardianes de las palabras<\/em> desde hace 4 (fomento de la lectura +intergeneracional+ \u00abcuidadan\u00eda\u00bb).<\/li>\n<\/ul>\n<p>Los tres proyectos de Infantil y Primaria son proyectos transversales de centro, reconocido as\u00ed en el Plan Anual. En el colegio afirman que este planteamiento funciona porque pese a tener la misma base curricular y una red de colaboradores estable, en todos los casos prima tanto la necesidad del entorno que siempre ha resultado ser poli\u00e9drica, como el perfil del alumnado, la comunidad y sus intereses. Su repetici\u00f3n hace que el impacto del servicio haya crecido, as\u00ed como la red de entidades colaboradoras y el surgimiento de proyectos que involucran diversos centros educativos de la ciudad.<\/p>\n<h3>\u00c1mbitos de servicio espec\u00edficos para cada nivel educativo<\/h3>\n<p>El CEIP Malala de Mairena del Aljarafe (Sevilla) se propone que el alumnado pase por 9 proyectos distintos de aprendizaje-servicio a lo largo de su escolaridad: un proyecto en cada nivel:<\/p>\n<ul>\n<li>A los 3 a\u00f1os trabajan con una asociaci\u00f3n de acogida de animales que busca el sacrificio cero de animales abandonados.<\/li>\n<li>A los 4 a\u00f1os colaboran con la Polic\u00eda Local en proyectos de educaci\u00f3n vial y movilidad sostenible.<\/li>\n<li>A los 5 a\u00f1os colaboran con varios departamentos del Ayuntamiento, el banco de alimentos de la localidad y con una asociaci\u00f3n local de personas con discapacidad intelectual en proyectos que tienen que ver con la alimentaci\u00f3n saludable y la falta de alimentos de familias vulnerables.<\/li>\n<li>En 1\u00ba de primaria colaboran con la ONG Madre Coraje en proyectos para ayudar a poblaciones empobrecidas de Per\u00fa.<\/li>\n<li>En 2\u00ba de primaria colaboran con ACCEM en proyectos para ayudar a personas migrantes y refugiadas.<\/li>\n<li>En 3\u00ba de primaria colaboran con la Casa de Mayores de la localidad en proyectos intergeneracionales.<\/li>\n<li>En 4\u00ba de Primaria colaboran con Greenpeace y otras entidades locales en la lucha contra el cambio clim\u00e1tico.<\/li>\n<li>En 5\u00ba de Primaria trabajan con la Asociaci\u00f3n Colibr\u00ed proyectos sobre diversidad.<\/li>\n<li>En 6\u00ba de primaria colaboran con el Centro de Transfusiones Sangu\u00edneas en campa\u00f1as de donaci\u00f3n de sangre.<\/li>\n<\/ul>\n<p>Los proyectos tienen el mismo \u00e1mbito y agentes externos pero son diferentes cada a\u00f1o.<\/p>\n<h3>Dudas, riesgos y confusiones<\/h3>\n<p>A pesar de los cada vez m\u00e1s numerosos proyectos de aprendizaje-servicio que se consolidan a trav\u00e9s de la repetici\u00f3n y la consecuente mejora continua, el hecho de repetir suscita no pocas dudas entre los educadores, todas ellas cargadas de raz\u00f3n de ser, puesto que hacer cada a\u00f1o el mismo proyecto tambi\u00e9n tiene riesgos:<\/p>\n<p style=\"padding-left: 40px\"><strong>a) El riesgo de caer en la rutina<\/strong><\/p>\n<p>Si repetimos un proyecto, \u00bfno estamos facilitando el caer en la rutina, con todo lo que ello conlleva de p\u00e9rdida de sentido? \u00bfno estaremos quitando al alumnado la oportunidad de conocer otras necesidades sociales, no les estaremos limitando y, por tanto, conduciendo a tener un conocimiento m\u00e1s deficiente de su entorno?<\/p>\n<p>Si bien \u00e9sta es una duda razonable, tal vez vale la pena reflexionar sobre qui\u00e9n repite exactamente cuando un proyecto se consolida en un nivel educativo concreto, pongamos por caso en 2\u00ba de la ESO: \u00bfel profesorado o los chicos y las chicas que ese a\u00f1o llegan a 2\u00ba de la ESO? Porque para \u00e9stos no hay repetici\u00f3n&#8230;<\/p>\n<p style=\"padding-left: 40px\"><strong>b) El riesgo de debilitar el protagonismo e iniciativa de los chicos y las chicas<\/strong><\/p>\n<p>Si repetimos un proyecto, \u00bfno pasa que los chicos y las chicas pierden la creatividad, la energ\u00eda y el nivel de participaci\u00f3n que alcanzaron cuando se pusieron por vez primera?<\/p>\n<p>Por otro lado, \u00bfla participaci\u00f3n intensa s\u00f3lo se trabaja cuando los chicos y chicas deciden cada a\u00f1o qu\u00e9 proyecto quieren hacer?<\/p>\n<p style=\"padding-left: 40px\"><strong>c) El riesgo de no atender a las necesidades y motivaciones de cada grupo-clase<\/strong><\/p>\n<p>Si repetimos un proyecto, \u00bfno estamos dejando de tener en cuenta la situaci\u00f3n particular del alumnado en cada curso, sus necesidades y sus motivaciones?<\/p>\n<p>\u00bfNo estaremos forzando el inter\u00e9s hacia una causa social cuando su abanico de intereses y sensibilidades va para otro lado?<\/p>\n<p>d) El riesgo de no responder a los desaf\u00edos de la actualidad<\/p>\n<p>Si repetimos un proyecto, \u00bfno corremos el riesgo de olvidar situaciones sobrevenidas y retos del momento que demandan una respuesta solidaria? Por ejemplo, una oleada de agresiones xen\u00f3fobas en el barrio, una cat\u00e1strofe humanitaria imprevista, un accidente o un acontecimiento que sacude fuertemente a la comunidad&#8230;<\/p>\n<h3>A modo de conclusiones y consejos<\/h3>\n<p>De entrada, consolidar cualquier proyecto educativo no es f\u00e1cil por muchos factores, entre ellos la rotaci\u00f3n de docentes en el centro educativo y de voluntarios o t\u00e9cnicos en las entidades sociales; la diversidad de motivaciones e intereses dentro del grupo clase de un a\u00f1o para otro; las experiencias fallidas, que las hay y forman parte del proceso de ensayo y error inexcusable&#8230; Por tanto, hay que asumir que no siempre, aunque queramos, va a ser posible consolidar un proyecto.<\/p>\n<p>Aportamos algunas ideas para clarificar la toma de decisi\u00f3n respecto a la conveniencia de consolidar un proyecto:<\/p>\n<ol>\n<li><strong>Repetir un proyecto no tiene que implicar forzosamente repetir los aprendizajes, ni tampoco los servicios concretos a la comunidad<\/strong>. Esto se puede conseguir, por ejemplo, con una estructura donde cada nivel educativo atienda no a una necesidad social, sino a un \u00e1mbito de necesidades sociales: medio ambiente, personas mayores, inmigraci\u00f3n&#8230;<\/li>\n<li><strong>El respeto a las necesidades, motivaciones e iniciativas del alumnado no puede traducirse en una elecci\u00f3n caprichosa<\/strong>. Es m\u00e1s, podr\u00edamos decir que, precisamente en un proyecto de aprendizaje-servicio, las decisiones de los chicos y chicas deben tener en cuenta la voz de las entidades de la comunidad centradas en resolver las necesidades sociales. Y esa escucha y colaboraci\u00f3n puede proporcionar al alumnado una experiencia tan intensa de participaci\u00f3n como una decisi\u00f3n exclusivamente aut\u00f3noma.<\/li>\n<li><strong>Generar y mantener v\u00ednculos con las entidades de la comunidad es b\u00e1sico en el aprendizaje-servicio<\/strong>. El m\u00ednimo ser\u00eda respetar los compromisos adquiridos expresa o impl\u00edcitamente y gestionar las expectativas de las entidades sociales y personas o colectivos que est\u00e9n implicados en el proyecto bien como receptores de la acci\u00f3n de servicio de los chicos y las chicas, bien como agentes colaboradores. Lo que no podemos hacer es decepcionar a la comunidad, dejar colgadas a las entidades sociales con las que nos hemos comprometido, o basar nuestro enfoque de aprendizaje-servicio en un picoteo fr\u00edvolo de proyectos.<\/li>\n<li><strong>Asumir que en casos concretos puede ser mejor aplazar la consolidaci\u00f3n de un proyecto<\/strong>, por ejemplo cuando vemos necesario afrontar retos que aparecen en el horizonte de la actualidad, como pueda ser la erupci\u00f3n del volc\u00e1n de la Palma, la guerra de Ucrania o cualquier circunstancia local que conmueva a la comunidad educativa. Una apuesta es la consolidaci\u00f3n de proyectos ApS estables y otra es la creaci\u00f3n de nuevos proyectos que dan respuesta a situaciones sobrevenidas. Ambas son soluciones igualmente v\u00e1lidas y necesarias.<\/li>\n<\/ol>\n<p>Puesto que los proyectos de aprendizaje-servicio no s\u00f3lo son educativos, sino que tambi\u00e9n son sociales, no es siempre f\u00e1cil encontrar el equilibrio para dar respuesta positiva a ambos enfoques.<\/p>\n<p>La misma b\u00fasqueda de este equilibrio, con una mentalidad abierta y emp\u00e1tica, requiere que la escuela vaya comprendiendo y asumiendo las prioridades de la entidad social y \u00e9sta vaya comprendiendo y asumiendo las prioridades de la escuela.<\/p>\n<p>Lejos de representar una limitaci\u00f3n para ambas, adoptar esta mirada amplia nos permite cargar de sentido los aprendizajes y profundizar el impacto social.<\/p>\n","protected":false},"excerpt":{"rendered":"<p>Hace unos a\u00f1os, frente a una escuela de primaria se instal\u00f3 una residencia para la tercera edad. La profesora de m\u00fasica vio la oportunidad de motivar y mejorar los aprendizajes musicales del alumnado a trav\u00e9s de colaborar con la residencia y anim\u00f3 a los ni\u00f1os y las ni\u00f1as a preparar y llevar a cabo un<\/p>\n","protected":false},"author":152,"featured_media":1013,"comment_status":"open","ping_status":"closed","sticky":false,"template":"","format":"standard","meta":{"footnotes":""},"categories":[43],"tags":[],"tipo":[],"class_list":{"0":"post-1005","1":"post","2":"type-post","3":"status-publish","4":"format-standard","5":"has-post-thumbnail","7":"category-aps-y-educacion-en-valores"},"yoast_head":"<!-- This site is optimized with the Yoast SEO plugin v27.4 - https:\/\/yoast.com\/product\/yoast-seo-wordpress\/ -->\n<title>Repetir un proyecto consolida el aprendizaje-servicio - Convivencia y educaci\u00f3n en valores<\/title>\n<meta name=\"robots\" content=\"index, follow, max-snippet:-1, max-image-preview:large, max-video-preview:-1\" \/>\n<link rel=\"canonical\" href=\"https:\/\/eldiariodelaeducacion.com\/convivenciayeducacionenvalores\/2023\/06\/07\/repetir-un-proyecto-consolida-el-aprendizaje-servicio\/\" \/>\n<meta property=\"og:locale\" content=\"es_ES\" \/>\n<meta property=\"og:type\" content=\"article\" \/>\n<meta property=\"og:title\" content=\"Repetir un proyecto consolida el aprendizaje-servicio - Convivencia y educaci\u00f3n en valores\" \/>\n<meta property=\"og:description\" content=\"Hace unos a\u00f1os, frente a una escuela de primaria se instal\u00f3 una residencia para la tercera edad. La profesora de m\u00fasica vio la oportunidad de motivar y mejorar los aprendizajes musicales del alumnado a trav\u00e9s de colaborar con la residencia y anim\u00f3 a los ni\u00f1os y las ni\u00f1as a preparar y llevar a cabo un\" \/>\n<meta property=\"og:url\" content=\"https:\/\/eldiariodelaeducacion.com\/convivenciayeducacionenvalores\/2023\/06\/07\/repetir-un-proyecto-consolida-el-aprendizaje-servicio\/\" \/>\n<meta property=\"og:site_name\" content=\"Convivencia y educaci\u00f3n en valores\" \/>\n<meta property=\"article:published_time\" content=\"2023-06-07T15:07:41+00:00\" \/>\n<meta property=\"article:modified_time\" content=\"2024-08-20T16:02:37+00:00\" \/>\n<meta property=\"og:image\" content=\"https:\/\/eldiariodelaeducacion.com\/convivenciayeducacionenvalores\/wp-content\/uploads\/sites\/18\/2023\/06\/RUTA-TAPA-INFANTIL-SALUDABLE.jpg\" \/>\n\t<meta property=\"og:image:width\" content=\"1200\" \/>\n\t<meta property=\"og:image:height\" content=\"800\" \/>\n\t<meta property=\"og:image:type\" content=\"image\/jpeg\" \/>\n<meta name=\"author\" content=\"Roser Batlle\" \/>\n<meta name=\"twitter:card\" content=\"summary_large_image\" \/>\n<meta name=\"twitter:label1\" content=\"Escrito por\" \/>\n\t<meta name=\"twitter:data1\" content=\"Roser Batlle\" \/>\n\t<meta name=\"twitter:label2\" content=\"Tiempo de lectura\" \/>\n\t<meta name=\"twitter:data2\" content=\"11 minutos\" \/>\n<script type=\"application\/ld+json\" class=\"yoast-schema-graph\">{\"@context\":\"https:\\\/\\\/schema.org\",\"@graph\":[{\"@type\":\"Article\",\"@id\":\"https:\\\/\\\/eldiariodelaeducacion.com\\\/convivenciayeducacionenvalores\\\/2023\\\/06\\\/07\\\/repetir-un-proyecto-consolida-el-aprendizaje-servicio\\\/#article\",\"isPartOf\":{\"@id\":\"https:\\\/\\\/eldiariodelaeducacion.com\\\/convivenciayeducacionenvalores\\\/2023\\\/06\\\/07\\\/repetir-un-proyecto-consolida-el-aprendizaje-servicio\\\/\"},\"author\":{\"name\":\"Roser Batlle\",\"@id\":\"https:\\\/\\\/eldiariodelaeducacion.com\\\/convivenciayeducacionenvalores\\\/#\\\/schema\\\/person\\\/b2d57468936290059b21fe24957dc294\"},\"headline\":\"Repetir un proyecto consolida el aprendizaje-servicio\",\"datePublished\":\"2023-06-07T15:07:41+00:00\",\"dateModified\":\"2024-08-20T16:02:37+00:00\",\"mainEntityOfPage\":{\"@id\":\"https:\\\/\\\/eldiariodelaeducacion.com\\\/convivenciayeducacionenvalores\\\/2023\\\/06\\\/07\\\/repetir-un-proyecto-consolida-el-aprendizaje-servicio\\\/\"},\"wordCount\":2252,\"commentCount\":0,\"image\":{\"@id\":\"https:\\\/\\\/eldiariodelaeducacion.com\\\/convivenciayeducacionenvalores\\\/2023\\\/06\\\/07\\\/repetir-un-proyecto-consolida-el-aprendizaje-servicio\\\/#primaryimage\"},\"thumbnailUrl\":\"https:\\\/\\\/eldiariodelaeducacion.com\\\/convivenciayeducacionenvalores\\\/wp-content\\\/uploads\\\/sites\\\/18\\\/2023\\\/06\\\/RUTA-TAPA-INFANTIL-SALUDABLE.jpg\",\"articleSection\":[\"ApS y Educaci\u00f3n en valores\"],\"inLanguage\":\"es\",\"potentialAction\":[{\"@type\":\"CommentAction\",\"name\":\"Comment\",\"target\":[\"https:\\\/\\\/eldiariodelaeducacion.com\\\/convivenciayeducacionenvalores\\\/2023\\\/06\\\/07\\\/repetir-un-proyecto-consolida-el-aprendizaje-servicio\\\/#respond\"]}]},{\"@type\":\"WebPage\",\"@id\":\"https:\\\/\\\/eldiariodelaeducacion.com\\\/convivenciayeducacionenvalores\\\/2023\\\/06\\\/07\\\/repetir-un-proyecto-consolida-el-aprendizaje-servicio\\\/\",\"url\":\"https:\\\/\\\/eldiariodelaeducacion.com\\\/convivenciayeducacionenvalores\\\/2023\\\/06\\\/07\\\/repetir-un-proyecto-consolida-el-aprendizaje-servicio\\\/\",\"name\":\"Repetir un proyecto consolida el aprendizaje-servicio - Convivencia y educaci\u00f3n en valores\",\"isPartOf\":{\"@id\":\"https:\\\/\\\/eldiariodelaeducacion.com\\\/convivenciayeducacionenvalores\\\/#website\"},\"primaryImageOfPage\":{\"@id\":\"https:\\\/\\\/eldiariodelaeducacion.com\\\/convivenciayeducacionenvalores\\\/2023\\\/06\\\/07\\\/repetir-un-proyecto-consolida-el-aprendizaje-servicio\\\/#primaryimage\"},\"image\":{\"@id\":\"https:\\\/\\\/eldiariodelaeducacion.com\\\/convivenciayeducacionenvalores\\\/2023\\\/06\\\/07\\\/repetir-un-proyecto-consolida-el-aprendizaje-servicio\\\/#primaryimage\"},\"thumbnailUrl\":\"https:\\\/\\\/eldiariodelaeducacion.com\\\/convivenciayeducacionenvalores\\\/wp-content\\\/uploads\\\/sites\\\/18\\\/2023\\\/06\\\/RUTA-TAPA-INFANTIL-SALUDABLE.jpg\",\"datePublished\":\"2023-06-07T15:07:41+00:00\",\"dateModified\":\"2024-08-20T16:02:37+00:00\",\"author\":{\"@id\":\"https:\\\/\\\/eldiariodelaeducacion.com\\\/convivenciayeducacionenvalores\\\/#\\\/schema\\\/person\\\/b2d57468936290059b21fe24957dc294\"},\"breadcrumb\":{\"@id\":\"https:\\\/\\\/eldiariodelaeducacion.com\\\/convivenciayeducacionenvalores\\\/2023\\\/06\\\/07\\\/repetir-un-proyecto-consolida-el-aprendizaje-servicio\\\/#breadcrumb\"},\"inLanguage\":\"es\",\"potentialAction\":[{\"@type\":\"ReadAction\",\"target\":[\"https:\\\/\\\/eldiariodelaeducacion.com\\\/convivenciayeducacionenvalores\\\/2023\\\/06\\\/07\\\/repetir-un-proyecto-consolida-el-aprendizaje-servicio\\\/\"]}]},{\"@type\":\"ImageObject\",\"inLanguage\":\"es\",\"@id\":\"https:\\\/\\\/eldiariodelaeducacion.com\\\/convivenciayeducacionenvalores\\\/2023\\\/06\\\/07\\\/repetir-un-proyecto-consolida-el-aprendizaje-servicio\\\/#primaryimage\",\"url\":\"https:\\\/\\\/eldiariodelaeducacion.com\\\/convivenciayeducacionenvalores\\\/wp-content\\\/uploads\\\/sites\\\/18\\\/2023\\\/06\\\/RUTA-TAPA-INFANTIL-SALUDABLE.jpg\",\"contentUrl\":\"https:\\\/\\\/eldiariodelaeducacion.com\\\/convivenciayeducacionenvalores\\\/wp-content\\\/uploads\\\/sites\\\/18\\\/2023\\\/06\\\/RUTA-TAPA-INFANTIL-SALUDABLE.jpg\",\"width\":1200,\"height\":800,\"caption\":\"Ruta de la Tapa Infantil Saludable, proyecto que se consolida del CEIP Atalaya de Cartagena.\"},{\"@type\":\"BreadcrumbList\",\"@id\":\"https:\\\/\\\/eldiariodelaeducacion.com\\\/convivenciayeducacionenvalores\\\/2023\\\/06\\\/07\\\/repetir-un-proyecto-consolida-el-aprendizaje-servicio\\\/#breadcrumb\",\"itemListElement\":[{\"@type\":\"ListItem\",\"position\":1,\"name\":\"Portada\",\"item\":\"https:\\\/\\\/eldiariodelaeducacion.com\\\/convivenciayeducacionenvalores\\\/\"},{\"@type\":\"ListItem\",\"position\":2,\"name\":\"Repetir un proyecto consolida el aprendizaje-servicio\"}]},{\"@type\":\"WebSite\",\"@id\":\"https:\\\/\\\/eldiariodelaeducacion.com\\\/convivenciayeducacionenvalores\\\/#website\",\"url\":\"https:\\\/\\\/eldiariodelaeducacion.com\\\/convivenciayeducacionenvalores\\\/\",\"name\":\"Convivencia y educaci\u00f3n en valores\",\"description\":\"Un blog de El Diario de la Educaci\u00f3n\",\"potentialAction\":[{\"@type\":\"SearchAction\",\"target\":{\"@type\":\"EntryPoint\",\"urlTemplate\":\"https:\\\/\\\/eldiariodelaeducacion.com\\\/convivenciayeducacionenvalores\\\/?s={search_term_string}\"},\"query-input\":{\"@type\":\"PropertyValueSpecification\",\"valueRequired\":true,\"valueName\":\"search_term_string\"}}],\"inLanguage\":\"es\"},{\"@type\":\"Person\",\"@id\":\"https:\\\/\\\/eldiariodelaeducacion.com\\\/convivenciayeducacionenvalores\\\/#\\\/schema\\\/person\\\/b2d57468936290059b21fe24957dc294\",\"name\":\"Roser Batlle\",\"image\":{\"@type\":\"ImageObject\",\"inLanguage\":\"es\",\"@id\":\"https:\\\/\\\/secure.gravatar.com\\\/avatar\\\/917cabcdba70bab343adf71df17343ee8a4c801b24dd9788d6d25ae4fa58dfde?s=96&d=mm&r=g\",\"url\":\"https:\\\/\\\/secure.gravatar.com\\\/avatar\\\/917cabcdba70bab343adf71df17343ee8a4c801b24dd9788d6d25ae4fa58dfde?s=96&d=mm&r=g\",\"contentUrl\":\"https:\\\/\\\/secure.gravatar.com\\\/avatar\\\/917cabcdba70bab343adf71df17343ee8a4c801b24dd9788d6d25ae4fa58dfde?s=96&d=mm&r=g\",\"caption\":\"Roser Batlle\"},\"description\":\"Red Espa\u00f1ola de Aprendizaje-Servicio\",\"url\":\"https:\\\/\\\/eldiariodelaeducacion.com\\\/convivenciayeducacionenvalores\\\/author\\\/roser\\\/\"}]}<\/script>\n<!-- \/ Yoast SEO plugin. -->","yoast_head_json":{"title":"Repetir un proyecto consolida el aprendizaje-servicio - Convivencia y educaci\u00f3n en valores","robots":{"index":"index","follow":"follow","max-snippet":"max-snippet:-1","max-image-preview":"max-image-preview:large","max-video-preview":"max-video-preview:-1"},"canonical":"https:\/\/eldiariodelaeducacion.com\/convivenciayeducacionenvalores\/2023\/06\/07\/repetir-un-proyecto-consolida-el-aprendizaje-servicio\/","og_locale":"es_ES","og_type":"article","og_title":"Repetir un proyecto consolida el aprendizaje-servicio - Convivencia y educaci\u00f3n en valores","og_description":"Hace unos a\u00f1os, frente a una escuela de primaria se instal\u00f3 una residencia para la tercera edad. La profesora de m\u00fasica vio la oportunidad de motivar y mejorar los aprendizajes musicales del alumnado a trav\u00e9s de colaborar con la residencia y anim\u00f3 a los ni\u00f1os y las ni\u00f1as a preparar y llevar a cabo un","og_url":"https:\/\/eldiariodelaeducacion.com\/convivenciayeducacionenvalores\/2023\/06\/07\/repetir-un-proyecto-consolida-el-aprendizaje-servicio\/","og_site_name":"Convivencia y educaci\u00f3n en valores","article_published_time":"2023-06-07T15:07:41+00:00","article_modified_time":"2024-08-20T16:02:37+00:00","og_image":[{"width":1200,"height":800,"url":"https:\/\/eldiariodelaeducacion.com\/convivenciayeducacionenvalores\/wp-content\/uploads\/sites\/18\/2023\/06\/RUTA-TAPA-INFANTIL-SALUDABLE.jpg","type":"image\/jpeg"}],"author":"Roser Batlle","twitter_card":"summary_large_image","twitter_misc":{"Escrito por":"Roser Batlle","Tiempo de lectura":"11 minutos"},"schema":{"@context":"https:\/\/schema.org","@graph":[{"@type":"Article","@id":"https:\/\/eldiariodelaeducacion.com\/convivenciayeducacionenvalores\/2023\/06\/07\/repetir-un-proyecto-consolida-el-aprendizaje-servicio\/#article","isPartOf":{"@id":"https:\/\/eldiariodelaeducacion.com\/convivenciayeducacionenvalores\/2023\/06\/07\/repetir-un-proyecto-consolida-el-aprendizaje-servicio\/"},"author":{"name":"Roser Batlle","@id":"https:\/\/eldiariodelaeducacion.com\/convivenciayeducacionenvalores\/#\/schema\/person\/b2d57468936290059b21fe24957dc294"},"headline":"Repetir un proyecto consolida el aprendizaje-servicio","datePublished":"2023-06-07T15:07:41+00:00","dateModified":"2024-08-20T16:02:37+00:00","mainEntityOfPage":{"@id":"https:\/\/eldiariodelaeducacion.com\/convivenciayeducacionenvalores\/2023\/06\/07\/repetir-un-proyecto-consolida-el-aprendizaje-servicio\/"},"wordCount":2252,"commentCount":0,"image":{"@id":"https:\/\/eldiariodelaeducacion.com\/convivenciayeducacionenvalores\/2023\/06\/07\/repetir-un-proyecto-consolida-el-aprendizaje-servicio\/#primaryimage"},"thumbnailUrl":"https:\/\/eldiariodelaeducacion.com\/convivenciayeducacionenvalores\/wp-content\/uploads\/sites\/18\/2023\/06\/RUTA-TAPA-INFANTIL-SALUDABLE.jpg","articleSection":["ApS y Educaci\u00f3n en valores"],"inLanguage":"es","potentialAction":[{"@type":"CommentAction","name":"Comment","target":["https:\/\/eldiariodelaeducacion.com\/convivenciayeducacionenvalores\/2023\/06\/07\/repetir-un-proyecto-consolida-el-aprendizaje-servicio\/#respond"]}]},{"@type":"WebPage","@id":"https:\/\/eldiariodelaeducacion.com\/convivenciayeducacionenvalores\/2023\/06\/07\/repetir-un-proyecto-consolida-el-aprendizaje-servicio\/","url":"https:\/\/eldiariodelaeducacion.com\/convivenciayeducacionenvalores\/2023\/06\/07\/repetir-un-proyecto-consolida-el-aprendizaje-servicio\/","name":"Repetir un proyecto consolida el aprendizaje-servicio - Convivencia y educaci\u00f3n en valores","isPartOf":{"@id":"https:\/\/eldiariodelaeducacion.com\/convivenciayeducacionenvalores\/#website"},"primaryImageOfPage":{"@id":"https:\/\/eldiariodelaeducacion.com\/convivenciayeducacionenvalores\/2023\/06\/07\/repetir-un-proyecto-consolida-el-aprendizaje-servicio\/#primaryimage"},"image":{"@id":"https:\/\/eldiariodelaeducacion.com\/convivenciayeducacionenvalores\/2023\/06\/07\/repetir-un-proyecto-consolida-el-aprendizaje-servicio\/#primaryimage"},"thumbnailUrl":"https:\/\/eldiariodelaeducacion.com\/convivenciayeducacionenvalores\/wp-content\/uploads\/sites\/18\/2023\/06\/RUTA-TAPA-INFANTIL-SALUDABLE.jpg","datePublished":"2023-06-07T15:07:41+00:00","dateModified":"2024-08-20T16:02:37+00:00","author":{"@id":"https:\/\/eldiariodelaeducacion.com\/convivenciayeducacionenvalores\/#\/schema\/person\/b2d57468936290059b21fe24957dc294"},"breadcrumb":{"@id":"https:\/\/eldiariodelaeducacion.com\/convivenciayeducacionenvalores\/2023\/06\/07\/repetir-un-proyecto-consolida-el-aprendizaje-servicio\/#breadcrumb"},"inLanguage":"es","potentialAction":[{"@type":"ReadAction","target":["https:\/\/eldiariodelaeducacion.com\/convivenciayeducacionenvalores\/2023\/06\/07\/repetir-un-proyecto-consolida-el-aprendizaje-servicio\/"]}]},{"@type":"ImageObject","inLanguage":"es","@id":"https:\/\/eldiariodelaeducacion.com\/convivenciayeducacionenvalores\/2023\/06\/07\/repetir-un-proyecto-consolida-el-aprendizaje-servicio\/#primaryimage","url":"https:\/\/eldiariodelaeducacion.com\/convivenciayeducacionenvalores\/wp-content\/uploads\/sites\/18\/2023\/06\/RUTA-TAPA-INFANTIL-SALUDABLE.jpg","contentUrl":"https:\/\/eldiariodelaeducacion.com\/convivenciayeducacionenvalores\/wp-content\/uploads\/sites\/18\/2023\/06\/RUTA-TAPA-INFANTIL-SALUDABLE.jpg","width":1200,"height":800,"caption":"Ruta de la Tapa Infantil Saludable, proyecto que se consolida del CEIP Atalaya de Cartagena."},{"@type":"BreadcrumbList","@id":"https:\/\/eldiariodelaeducacion.com\/convivenciayeducacionenvalores\/2023\/06\/07\/repetir-un-proyecto-consolida-el-aprendizaje-servicio\/#breadcrumb","itemListElement":[{"@type":"ListItem","position":1,"name":"Portada","item":"https:\/\/eldiariodelaeducacion.com\/convivenciayeducacionenvalores\/"},{"@type":"ListItem","position":2,"name":"Repetir un proyecto consolida el aprendizaje-servicio"}]},{"@type":"WebSite","@id":"https:\/\/eldiariodelaeducacion.com\/convivenciayeducacionenvalores\/#website","url":"https:\/\/eldiariodelaeducacion.com\/convivenciayeducacionenvalores\/","name":"Convivencia y educaci\u00f3n en valores","description":"Un blog de El Diario de la Educaci\u00f3n","potentialAction":[{"@type":"SearchAction","target":{"@type":"EntryPoint","urlTemplate":"https:\/\/eldiariodelaeducacion.com\/convivenciayeducacionenvalores\/?s={search_term_string}"},"query-input":{"@type":"PropertyValueSpecification","valueRequired":true,"valueName":"search_term_string"}}],"inLanguage":"es"},{"@type":"Person","@id":"https:\/\/eldiariodelaeducacion.com\/convivenciayeducacionenvalores\/#\/schema\/person\/b2d57468936290059b21fe24957dc294","name":"Roser Batlle","image":{"@type":"ImageObject","inLanguage":"es","@id":"https:\/\/secure.gravatar.com\/avatar\/917cabcdba70bab343adf71df17343ee8a4c801b24dd9788d6d25ae4fa58dfde?s=96&d=mm&r=g","url":"https:\/\/secure.gravatar.com\/avatar\/917cabcdba70bab343adf71df17343ee8a4c801b24dd9788d6d25ae4fa58dfde?s=96&d=mm&r=g","contentUrl":"https:\/\/secure.gravatar.com\/avatar\/917cabcdba70bab343adf71df17343ee8a4c801b24dd9788d6d25ae4fa58dfde?s=96&d=mm&r=g","caption":"Roser Batlle"},"description":"Red Espa\u00f1ola de Aprendizaje-Servicio","url":"https:\/\/eldiariodelaeducacion.com\/convivenciayeducacionenvalores\/author\/roser\/"}]}},"_links":{"self":[{"href":"https:\/\/eldiariodelaeducacion.com\/convivenciayeducacionenvalores\/wp-json\/wp\/v2\/posts\/1005","targetHints":{"allow":["GET"]}}],"collection":[{"href":"https:\/\/eldiariodelaeducacion.com\/convivenciayeducacionenvalores\/wp-json\/wp\/v2\/posts"}],"about":[{"href":"https:\/\/eldiariodelaeducacion.com\/convivenciayeducacionenvalores\/wp-json\/wp\/v2\/types\/post"}],"author":[{"embeddable":true,"href":"https:\/\/eldiariodelaeducacion.com\/convivenciayeducacionenvalores\/wp-json\/wp\/v2\/users\/152"}],"replies":[{"embeddable":true,"href":"https:\/\/eldiariodelaeducacion.com\/convivenciayeducacionenvalores\/wp-json\/wp\/v2\/comments?post=1005"}],"version-history":[{"count":1,"href":"https:\/\/eldiariodelaeducacion.com\/convivenciayeducacionenvalores\/wp-json\/wp\/v2\/posts\/1005\/revisions"}],"predecessor-version":[{"id":1474,"href":"https:\/\/eldiariodelaeducacion.com\/convivenciayeducacionenvalores\/wp-json\/wp\/v2\/posts\/1005\/revisions\/1474"}],"wp:featuredmedia":[{"embeddable":true,"href":"https:\/\/eldiariodelaeducacion.com\/convivenciayeducacionenvalores\/wp-json\/wp\/v2\/media\/1013"}],"wp:attachment":[{"href":"https:\/\/eldiariodelaeducacion.com\/convivenciayeducacionenvalores\/wp-json\/wp\/v2\/media?parent=1005"}],"wp:term":[{"taxonomy":"category","embeddable":true,"href":"https:\/\/eldiariodelaeducacion.com\/convivenciayeducacionenvalores\/wp-json\/wp\/v2\/categories?post=1005"},{"taxonomy":"post_tag","embeddable":true,"href":"https:\/\/eldiariodelaeducacion.com\/convivenciayeducacionenvalores\/wp-json\/wp\/v2\/tags?post=1005"},{"taxonomy":"tipo","embeddable":true,"href":"https:\/\/eldiariodelaeducacion.com\/convivenciayeducacionenvalores\/wp-json\/wp\/v2\/tipo?post=1005"}],"curies":[{"name":"wp","href":"https:\/\/api.w.org\/{rel}","templated":true}]}}