{"id":1345,"date":"2018-06-26T06:00:42","date_gmt":"2018-06-26T06:00:42","guid":{"rendered":"http:\/\/eldiariodelaeducacion.test\/convivenciayeducacionenvalores\/\/?p=256"},"modified":"2024-08-20T18:02:28","modified_gmt":"2024-08-20T16:02:28","slug":"los-ayuntamientos-y-el-trabajo-de-la-convivencia-2","status":"publish","type":"post","link":"https:\/\/eldiariodelaeducacion.com\/convivenciayeducacionenvalores\/2018\/06\/26\/los-ayuntamientos-y-el-trabajo-de-la-convivencia-2\/","title":{"rendered":"Los ayuntamientos y el trabajo de la convivencia (2)"},"content":{"rendered":"<p>Se\u00f1alaba <a href=\"http:\/\/eldiariodelaeducacion.test\/convivenciayeducacionenvalores\/\/2018\/06\/12\/los-ayuntamientos-y-el-trabajo-de-la-convivencia-1\/\">en el art\u00edculo anterior<\/a> la importancia de la labor municipal en el fomento del trabajo de la convivencia en la localidad. Son muchas las cosas que puede hacer un ayuntamiento, a trav\u00e9s de la concejal\u00eda de Educaci\u00f3n y a trav\u00e9s, tambi\u00e9n, de otras concejal\u00edas. El apoyo que puede llevar a cabo se manifiesta de muchas formas, impulsando acciones puntuales, fomentando la formaci\u00f3n de todas las personas, coordinando las acciones que se llevan a cabo para reforzar la sinergia entre ellas, etc.<\/p>\n<p>Ve\u00edamos en el post anterior la experiencia del Ayuntamiento de Arganda del Rey, con la elaboraci\u00f3n, presentaci\u00f3n y puesta en marcha del Plan Estrat\u00e9gico Municipal para la Convivencia Escolar para los pr\u00f3ximos tres a\u00f1os. Hoy me gustar\u00eda centrarme en el trabajo de la Concejal\u00eda de Educaci\u00f3n del Ayuntamiento de M\u00f3stoles, recogiendo la celebraci\u00f3n de final de curso en lo tocante a la convivencia, dentro del programa municipal \u201cDe educaci\u00f3n tambi\u00e9n hablamos\u201d.<\/p>\n<p>En la jornada de cierre del trabajo llevado a cabo a lo largo del curso, cuatro colegios p\u00fablicos presentaron sus experiencias, que hab\u00edan sido financiadas y apoyadas por la propia concejal\u00eda, con el acompa\u00f1amiento tambi\u00e9n de su inspector, Francisco Galv\u00e1n. Pudimos conocer c\u00f3mo hab\u00edan elaborado su propio plan de convivencia para el centro, la aplicaci\u00f3n de la mediaci\u00f3n en infantil y primaria, la participaci\u00f3n de las familias, etc. La concejal\u00eda de Educaci\u00f3n anunci\u00f3 la publicaci\u00f3n en la p\u00e1gina web de estas experiencias, a partir del material usado por sus protagonistas en la presentaci\u00f3n. Ser\u00e1 muy interesante poder repasarlas y recordarlas.<\/p>\n<p>El tema elegido para la jornada de clausura ten\u00eda por t\u00edtulo \u201cSu castigo, nuestro fracaso: pr\u00e1cticas restaurativas y convivencia\u201d. Hubo oportunidad de reflexionar sobre el modelo retributivo presente en muchas sanciones, su forma de aplicaci\u00f3n y sus consecuencias para el propio alumnado y para el centro, en general. La obsesi\u00f3n por el control del alumnado, la insistencia en la imposici\u00f3n de todo un cat\u00e1logo de normas claras a la vez que severas, la aplicaci\u00f3n de sanciones rigurosas a quienes incumplen dichas normas, el refuerzo de la autoridad del profesorado, etc. fueron las caracter\u00edsticas m\u00e1s comentadas por parte de las personas que llenaban el sal\u00f3n de actos del Centro Cultural.<br \/>\nSe puso igualmente de manifiesto la insuficiencia de este planteamiento para dar respuesta adecuada a las situaciones de quiebra de la convivencia existentes. En el modelo retributivo-reactivo se aplica la norma existente, pero no se tienen en cuenta las emociones y necesidades del alumno o alumna, c\u00f3mo lo est\u00e1 viviendo y c\u00f3mo es necesario acompa\u00f1arle en el proceso de identificaci\u00f3n, comprensi\u00f3n y regulaci\u00f3n de estas emociones. Igualmente, se insist\u00eda en c\u00f3mo el castigo dice lo que no se debe hacer, pero no ense\u00f1a la conducta que se debe practicar. De ah\u00ed su insuficiencia para conseguir un cambio de actitudes en el alumnado que lleve, a su vez, a la aparici\u00f3n de otras conductas diferentes.<\/p>\n<p>En el marco de un modelo restaurativo, frente a la pregunta \u201cqui\u00e9n es el culpable\u201d, se plantea ante todo \u201ccu\u00e1l es el da\u00f1o causado y c\u00f3mo se puede reparar y solucionar\u201d. A partir de ah\u00ed, se insisti\u00f3 en la necesidad de implicar a todo el grupo y a toda la comunidad en la b\u00fasqueda de alternativas, caracterizando las principales notas de este modelo. As\u00ed, se insist\u00eda en la asunci\u00f3n de responsabilidades, la necesidad de reparaci\u00f3n del da\u00f1o causado, y, a la vez, en la b\u00fasqueda de la reconciliaci\u00f3n entre las personas, algo clave teniendo en cuenta la duraci\u00f3n de la relaci\u00f3n a lo largo de todo el curso y, probablemente, en cursos sucesivos.<\/p>\n<p>Las caracter\u00edsticas del modelo restaurativo centraron la exposici\u00f3n posterior en dos aspectos clave. El primero es la necesidad de construir y reforzar el grupo de alumnos y alumnas, de revisar el estilo de relaci\u00f3n y acompa\u00f1amiento que, como personas adultas, tenemos con el alumnado y la insistencia de trabajar CON los alumnos y alumnas, no PARA o CONTRA ellos. Es necesario dedicar tiempo a la construcci\u00f3n del grupo, principal recurso para la prevenci\u00f3n de los conflictos, y para la construcci\u00f3n de una buena relaci\u00f3n personal con los alumnos y alumnas. En un grupo cohesionado es m\u00e1s dif\u00edcil que aparezcan conflictos, pero en el caso de darse, el modelo restaurativo trabaja la comprensi\u00f3n mutua, la asunci\u00f3n de responsabilidades y la elaboraci\u00f3n conjunta de la respuesta. Sin esta base relacional, de poco valen las normas y las sanciones, que adquieren su principal sentido desde la relaci\u00f3n, el afecto y los v\u00ednculos construidos dentro del grupo.<\/p>\n<p>Interesante fue tambi\u00e9n la reflexi\u00f3n sobre las preguntas restaurativas y el an\u00e1lisis de las preguntas que solemos hacer al alumnado y a las propias familias. Lejos de insistir en los \u201cpor qu\u00e9\u201d o los \u201cqui\u00e9n ha sido\u201d, son mucho m\u00e1s interesantes las preguntas que buscan aclarar \u201cqu\u00e9 ha pasado\u201d, \u201ca qui\u00e9n le afecta\u201d, \u201cc\u00f3mo se sienten las personas afectadas\u201d, \u201cqu\u00e9 piensas ahora de lo ocurrido\u201d y \u201cqu\u00e9 podr\u00edamos hacer para mejorar la situaci\u00f3n\u201d. Por \u00faltimo, unas reflexiones sobre los c\u00edrculos restaurativos y sus caracter\u00edsticas, as\u00ed como los cambios de actitud y planteamiento necesarios, tanto a nivel de profesorado como del propio centro, sirvieron para cerrar la reflexi\u00f3n, tras m\u00e1s de dos horas de tratamiento del tema.<\/p>\n<p>Quiz\u00e1 lo m\u00e1s importante de esta experiencia fue el poder comprobar el entusiasmo y el deseo de continuar el pr\u00f3ximo curso tanto con las acciones iniciadas y llevadas a cabo este curso como con las nuevas perspectivas mostradas en la jornada, buscando su concreci\u00f3n a trav\u00e9s de grupos de trabajo dispuestos a llevar a la pr\u00e1ctica diaria de los centros estos planteamientos restaurativos. Y todo ello con el apoyo del propio ayuntamiento.<\/p>\n<p>Lo llevado a cabo por el Ayuntamiento de Arganda y por el de M\u00f3stoles pone en primer plano dos experiencias concretas, indicadoras del importante papel que pueden y deben representar los ayuntamientos en el trabajo de desarrollo e implantaci\u00f3n de la convivencia positiva. Es necesario reivindicar su papel y crear cauces para que su acci\u00f3n se generalice.<\/p>\n<p>Son varias las acciones que puede poner en marcha un municipio para el fomento de la convivencia. Sin \u00e1nimo de exhaustividad, puede impulsar el estudio y an\u00e1lisis de la situaci\u00f3n de la convivencia en los centros educativos y en el propio municipio, en general. Puede, asimismo, poner en marcha acciones de formaci\u00f3n dirigidas tanto a las familias como al alumnado, incluyendo aqu\u00ed tambi\u00e9n las dirigidas al propio profesorado. Puede organizar actividades y encuentros para el fomento de la convivencia, impulsar tambi\u00e9n actividades de apertura al entorno a trav\u00e9s de proyectos de aprendizaje-servicio facilitados por el propio ayuntamiento\u2026 Y, sobre todo, puede y debe coordinar y hacer sinergia con todas las actividades que se llevan a cabo, respetando el papel protagonista de los centros.<\/p>\n<p>Suele decirse que, en educaci\u00f3n, es la hora de los municipios, y que es necesario reforzar su papel y funci\u00f3n en ella. Los temas relacionados con la convivencia son un buen ejemplo de ello. Animemos y potenciemos su papel, pues los resultados, sin ninguna duda, van a merecer la pena.<\/p>\n<p><strong>Pedro M\u00aa Uru\u00f1uela N\u00e1jera. Asociaci\u00f3n CONVIVES<\/strong><\/p>\n","protected":false},"excerpt":{"rendered":"<p>Se\u00f1alaba en el art\u00edculo anterior la importancia de la labor municipal en el fomento del trabajo de la convivencia en la localidad. Son muchas las cosas que puede hacer un ayuntamiento, a trav\u00e9s de la concejal\u00eda de Educaci\u00f3n y a trav\u00e9s, tambi\u00e9n, de otras concejal\u00edas. El apoyo que puede llevar a cabo se manifiesta de<\/p>\n","protected":false},"author":144,"featured_media":271,"comment_status":"open","ping_status":"closed","sticky":false,"template":"","format":"standard","meta":{"footnotes":""},"categories":[16],"tags":[],"tipo":[],"class_list":{"0":"post-1345","1":"post","2":"type-post","3":"status-publish","4":"format-standard","5":"has-post-thumbnail","7":"category-convivencia-y-educacion-en-valores-2"},"yoast_head":"<!-- This site is optimized with the Yoast SEO plugin v27.5 - https:\/\/yoast.com\/product\/yoast-seo-wordpress\/ -->\n<title>Los ayuntamientos y el trabajo de la convivencia (2) - Convivencia y educaci\u00f3n en valores<\/title>\n<meta name=\"robots\" content=\"index, follow, max-snippet:-1, max-image-preview:large, max-video-preview:-1\" \/>\n<link rel=\"canonical\" href=\"https:\/\/eldiariodelaeducacion.com\/convivenciayeducacionenvalores\/2018\/06\/26\/los-ayuntamientos-y-el-trabajo-de-la-convivencia-2\/\" \/>\n<meta property=\"og:locale\" content=\"es_ES\" \/>\n<meta property=\"og:type\" content=\"article\" \/>\n<meta property=\"og:title\" content=\"Los ayuntamientos y el trabajo de la convivencia (2) - Convivencia y educaci\u00f3n en valores\" \/>\n<meta property=\"og:description\" content=\"Se\u00f1alaba en el art\u00edculo anterior la importancia de la labor municipal en el fomento del trabajo de la convivencia en la localidad. Son muchas las cosas que puede hacer un ayuntamiento, a trav\u00e9s de la concejal\u00eda de Educaci\u00f3n y a trav\u00e9s, tambi\u00e9n, de otras concejal\u00edas. El apoyo que puede llevar a cabo se manifiesta de\" \/>\n<meta property=\"og:url\" content=\"https:\/\/eldiariodelaeducacion.com\/convivenciayeducacionenvalores\/2018\/06\/26\/los-ayuntamientos-y-el-trabajo-de-la-convivencia-2\/\" \/>\n<meta property=\"og:site_name\" content=\"Convivencia y educaci\u00f3n en valores\" \/>\n<meta property=\"article:published_time\" content=\"2018-06-26T06:00:42+00:00\" \/>\n<meta property=\"article:modified_time\" content=\"2024-08-20T16:02:28+00:00\" \/>\n<meta property=\"og:image\" content=\"https:\/\/eldiariodelaeducacion.com\/convivenciayeducacionenvalores\/wp-content\/uploads\/sites\/18\/2018\/06\/mostoles-educacion.jpg\" \/>\n\t<meta property=\"og:image:width\" content=\"1024\" \/>\n\t<meta property=\"og:image:height\" content=\"665\" \/>\n\t<meta property=\"og:image:type\" content=\"image\/jpeg\" \/>\n<meta name=\"author\" content=\"Pedro Uru\u00f1uela\" \/>\n<meta name=\"twitter:card\" content=\"summary_large_image\" \/>\n<meta name=\"twitter:label1\" content=\"Escrito por\" \/>\n\t<meta name=\"twitter:data1\" content=\"Pedro Uru\u00f1uela\" \/>\n\t<meta name=\"twitter:label2\" content=\"Tiempo de lectura\" \/>\n\t<meta name=\"twitter:data2\" content=\"6 minutos\" \/>\n<script type=\"application\/ld+json\" class=\"yoast-schema-graph\">{\"@context\":\"https:\\\/\\\/schema.org\",\"@graph\":[{\"@type\":\"Article\",\"@id\":\"https:\\\/\\\/eldiariodelaeducacion.com\\\/convivenciayeducacionenvalores\\\/2018\\\/06\\\/26\\\/los-ayuntamientos-y-el-trabajo-de-la-convivencia-2\\\/#article\",\"isPartOf\":{\"@id\":\"https:\\\/\\\/eldiariodelaeducacion.com\\\/convivenciayeducacionenvalores\\\/2018\\\/06\\\/26\\\/los-ayuntamientos-y-el-trabajo-de-la-convivencia-2\\\/\"},\"author\":{\"name\":\"Pedro Uru\u00f1uela\",\"@id\":\"https:\\\/\\\/eldiariodelaeducacion.com\\\/convivenciayeducacionenvalores\\\/#\\\/schema\\\/person\\\/9e0ca6878b1e021f3ed285e81a678a59\"},\"headline\":\"Los ayuntamientos y el trabajo de la convivencia (2)\",\"datePublished\":\"2018-06-26T06:00:42+00:00\",\"dateModified\":\"2024-08-20T16:02:28+00:00\",\"mainEntityOfPage\":{\"@id\":\"https:\\\/\\\/eldiariodelaeducacion.com\\\/convivenciayeducacionenvalores\\\/2018\\\/06\\\/26\\\/los-ayuntamientos-y-el-trabajo-de-la-convivencia-2\\\/\"},\"wordCount\":1293,\"commentCount\":0,\"image\":{\"@id\":\"https:\\\/\\\/eldiariodelaeducacion.com\\\/convivenciayeducacionenvalores\\\/2018\\\/06\\\/26\\\/los-ayuntamientos-y-el-trabajo-de-la-convivencia-2\\\/#primaryimage\"},\"thumbnailUrl\":\"https:\\\/\\\/eldiariodelaeducacion.com\\\/convivenciayeducacionenvalores\\\/wp-content\\\/uploads\\\/sites\\\/18\\\/2018\\\/06\\\/mostoles-educacion.jpg\",\"articleSection\":[\"Convivencia y educaci\u00f3n en valores\"],\"inLanguage\":\"es\",\"potentialAction\":[{\"@type\":\"CommentAction\",\"name\":\"Comment\",\"target\":[\"https:\\\/\\\/eldiariodelaeducacion.com\\\/convivenciayeducacionenvalores\\\/2018\\\/06\\\/26\\\/los-ayuntamientos-y-el-trabajo-de-la-convivencia-2\\\/#respond\"]}]},{\"@type\":\"WebPage\",\"@id\":\"https:\\\/\\\/eldiariodelaeducacion.com\\\/convivenciayeducacionenvalores\\\/2018\\\/06\\\/26\\\/los-ayuntamientos-y-el-trabajo-de-la-convivencia-2\\\/\",\"url\":\"https:\\\/\\\/eldiariodelaeducacion.com\\\/convivenciayeducacionenvalores\\\/2018\\\/06\\\/26\\\/los-ayuntamientos-y-el-trabajo-de-la-convivencia-2\\\/\",\"name\":\"Los ayuntamientos y el trabajo de la convivencia (2) - Convivencia y educaci\u00f3n en valores\",\"isPartOf\":{\"@id\":\"https:\\\/\\\/eldiariodelaeducacion.com\\\/convivenciayeducacionenvalores\\\/#website\"},\"primaryImageOfPage\":{\"@id\":\"https:\\\/\\\/eldiariodelaeducacion.com\\\/convivenciayeducacionenvalores\\\/2018\\\/06\\\/26\\\/los-ayuntamientos-y-el-trabajo-de-la-convivencia-2\\\/#primaryimage\"},\"image\":{\"@id\":\"https:\\\/\\\/eldiariodelaeducacion.com\\\/convivenciayeducacionenvalores\\\/2018\\\/06\\\/26\\\/los-ayuntamientos-y-el-trabajo-de-la-convivencia-2\\\/#primaryimage\"},\"thumbnailUrl\":\"https:\\\/\\\/eldiariodelaeducacion.com\\\/convivenciayeducacionenvalores\\\/wp-content\\\/uploads\\\/sites\\\/18\\\/2018\\\/06\\\/mostoles-educacion.jpg\",\"datePublished\":\"2018-06-26T06:00:42+00:00\",\"dateModified\":\"2024-08-20T16:02:28+00:00\",\"author\":{\"@id\":\"https:\\\/\\\/eldiariodelaeducacion.com\\\/convivenciayeducacionenvalores\\\/#\\\/schema\\\/person\\\/9e0ca6878b1e021f3ed285e81a678a59\"},\"breadcrumb\":{\"@id\":\"https:\\\/\\\/eldiariodelaeducacion.com\\\/convivenciayeducacionenvalores\\\/2018\\\/06\\\/26\\\/los-ayuntamientos-y-el-trabajo-de-la-convivencia-2\\\/#breadcrumb\"},\"inLanguage\":\"es\",\"potentialAction\":[{\"@type\":\"ReadAction\",\"target\":[\"https:\\\/\\\/eldiariodelaeducacion.com\\\/convivenciayeducacionenvalores\\\/2018\\\/06\\\/26\\\/los-ayuntamientos-y-el-trabajo-de-la-convivencia-2\\\/\"]}]},{\"@type\":\"ImageObject\",\"inLanguage\":\"es\",\"@id\":\"https:\\\/\\\/eldiariodelaeducacion.com\\\/convivenciayeducacionenvalores\\\/2018\\\/06\\\/26\\\/los-ayuntamientos-y-el-trabajo-de-la-convivencia-2\\\/#primaryimage\",\"url\":\"https:\\\/\\\/eldiariodelaeducacion.com\\\/convivenciayeducacionenvalores\\\/wp-content\\\/uploads\\\/sites\\\/18\\\/2018\\\/06\\\/mostoles-educacion.jpg\",\"contentUrl\":\"https:\\\/\\\/eldiariodelaeducacion.com\\\/convivenciayeducacionenvalores\\\/wp-content\\\/uploads\\\/sites\\\/18\\\/2018\\\/06\\\/mostoles-educacion.jpg\",\"width\":1024,\"height\":665},{\"@type\":\"BreadcrumbList\",\"@id\":\"https:\\\/\\\/eldiariodelaeducacion.com\\\/convivenciayeducacionenvalores\\\/2018\\\/06\\\/26\\\/los-ayuntamientos-y-el-trabajo-de-la-convivencia-2\\\/#breadcrumb\",\"itemListElement\":[{\"@type\":\"ListItem\",\"position\":1,\"name\":\"Portada\",\"item\":\"https:\\\/\\\/eldiariodelaeducacion.com\\\/convivenciayeducacionenvalores\\\/\"},{\"@type\":\"ListItem\",\"position\":2,\"name\":\"Los ayuntamientos y el trabajo de la convivencia (2)\"}]},{\"@type\":\"WebSite\",\"@id\":\"https:\\\/\\\/eldiariodelaeducacion.com\\\/convivenciayeducacionenvalores\\\/#website\",\"url\":\"https:\\\/\\\/eldiariodelaeducacion.com\\\/convivenciayeducacionenvalores\\\/\",\"name\":\"Convivencia y educaci\u00f3n en valores\",\"description\":\"Un blog de El Diario de la Educaci\u00f3n\",\"potentialAction\":[{\"@type\":\"SearchAction\",\"target\":{\"@type\":\"EntryPoint\",\"urlTemplate\":\"https:\\\/\\\/eldiariodelaeducacion.com\\\/convivenciayeducacionenvalores\\\/?s={search_term_string}\"},\"query-input\":{\"@type\":\"PropertyValueSpecification\",\"valueRequired\":true,\"valueName\":\"search_term_string\"}}],\"inLanguage\":\"es\"},{\"@type\":\"Person\",\"@id\":\"https:\\\/\\\/eldiariodelaeducacion.com\\\/convivenciayeducacionenvalores\\\/#\\\/schema\\\/person\\\/9e0ca6878b1e021f3ed285e81a678a59\",\"name\":\"Pedro Uru\u00f1uela\",\"image\":{\"@type\":\"ImageObject\",\"inLanguage\":\"es\",\"@id\":\"https:\\\/\\\/eldiariodelaeducacion.com\\\/wp-content\\\/uploads\\\/2024\\\/10\\\/pedro-urunuela_avatar-96x96.jpg\",\"url\":\"https:\\\/\\\/eldiariodelaeducacion.com\\\/wp-content\\\/uploads\\\/2024\\\/10\\\/pedro-urunuela_avatar-96x96.jpg\",\"contentUrl\":\"https:\\\/\\\/eldiariodelaeducacion.com\\\/wp-content\\\/uploads\\\/2024\\\/10\\\/pedro-urunuela_avatar-96x96.jpg\",\"caption\":\"Pedro Uru\u00f1uela\"},\"url\":\"https:\\\/\\\/eldiariodelaeducacion.com\\\/convivenciayeducacionenvalores\\\/author\\\/pedrourunuela\\\/\"}]}<\/script>\n<!-- \/ Yoast SEO plugin. -->","yoast_head_json":{"title":"Los ayuntamientos y el trabajo de la convivencia (2) - Convivencia y educaci\u00f3n en valores","robots":{"index":"index","follow":"follow","max-snippet":"max-snippet:-1","max-image-preview":"max-image-preview:large","max-video-preview":"max-video-preview:-1"},"canonical":"https:\/\/eldiariodelaeducacion.com\/convivenciayeducacionenvalores\/2018\/06\/26\/los-ayuntamientos-y-el-trabajo-de-la-convivencia-2\/","og_locale":"es_ES","og_type":"article","og_title":"Los ayuntamientos y el trabajo de la convivencia (2) - Convivencia y educaci\u00f3n en valores","og_description":"Se\u00f1alaba en el art\u00edculo anterior la importancia de la labor municipal en el fomento del trabajo de la convivencia en la localidad. Son muchas las cosas que puede hacer un ayuntamiento, a trav\u00e9s de la concejal\u00eda de Educaci\u00f3n y a trav\u00e9s, tambi\u00e9n, de otras concejal\u00edas. El apoyo que puede llevar a cabo se manifiesta de","og_url":"https:\/\/eldiariodelaeducacion.com\/convivenciayeducacionenvalores\/2018\/06\/26\/los-ayuntamientos-y-el-trabajo-de-la-convivencia-2\/","og_site_name":"Convivencia y educaci\u00f3n en valores","article_published_time":"2018-06-26T06:00:42+00:00","article_modified_time":"2024-08-20T16:02:28+00:00","og_image":[{"width":1024,"height":665,"url":"https:\/\/eldiariodelaeducacion.com\/convivenciayeducacionenvalores\/wp-content\/uploads\/sites\/18\/2018\/06\/mostoles-educacion.jpg","type":"image\/jpeg"}],"author":"Pedro Uru\u00f1uela","twitter_card":"summary_large_image","twitter_misc":{"Escrito por":"Pedro Uru\u00f1uela","Tiempo de lectura":"6 minutos"},"schema":{"@context":"https:\/\/schema.org","@graph":[{"@type":"Article","@id":"https:\/\/eldiariodelaeducacion.com\/convivenciayeducacionenvalores\/2018\/06\/26\/los-ayuntamientos-y-el-trabajo-de-la-convivencia-2\/#article","isPartOf":{"@id":"https:\/\/eldiariodelaeducacion.com\/convivenciayeducacionenvalores\/2018\/06\/26\/los-ayuntamientos-y-el-trabajo-de-la-convivencia-2\/"},"author":{"name":"Pedro Uru\u00f1uela","@id":"https:\/\/eldiariodelaeducacion.com\/convivenciayeducacionenvalores\/#\/schema\/person\/9e0ca6878b1e021f3ed285e81a678a59"},"headline":"Los ayuntamientos y el trabajo de la convivencia (2)","datePublished":"2018-06-26T06:00:42+00:00","dateModified":"2024-08-20T16:02:28+00:00","mainEntityOfPage":{"@id":"https:\/\/eldiariodelaeducacion.com\/convivenciayeducacionenvalores\/2018\/06\/26\/los-ayuntamientos-y-el-trabajo-de-la-convivencia-2\/"},"wordCount":1293,"commentCount":0,"image":{"@id":"https:\/\/eldiariodelaeducacion.com\/convivenciayeducacionenvalores\/2018\/06\/26\/los-ayuntamientos-y-el-trabajo-de-la-convivencia-2\/#primaryimage"},"thumbnailUrl":"https:\/\/eldiariodelaeducacion.com\/convivenciayeducacionenvalores\/wp-content\/uploads\/sites\/18\/2018\/06\/mostoles-educacion.jpg","articleSection":["Convivencia y educaci\u00f3n en valores"],"inLanguage":"es","potentialAction":[{"@type":"CommentAction","name":"Comment","target":["https:\/\/eldiariodelaeducacion.com\/convivenciayeducacionenvalores\/2018\/06\/26\/los-ayuntamientos-y-el-trabajo-de-la-convivencia-2\/#respond"]}]},{"@type":"WebPage","@id":"https:\/\/eldiariodelaeducacion.com\/convivenciayeducacionenvalores\/2018\/06\/26\/los-ayuntamientos-y-el-trabajo-de-la-convivencia-2\/","url":"https:\/\/eldiariodelaeducacion.com\/convivenciayeducacionenvalores\/2018\/06\/26\/los-ayuntamientos-y-el-trabajo-de-la-convivencia-2\/","name":"Los ayuntamientos y el trabajo de la convivencia (2) - Convivencia y educaci\u00f3n en valores","isPartOf":{"@id":"https:\/\/eldiariodelaeducacion.com\/convivenciayeducacionenvalores\/#website"},"primaryImageOfPage":{"@id":"https:\/\/eldiariodelaeducacion.com\/convivenciayeducacionenvalores\/2018\/06\/26\/los-ayuntamientos-y-el-trabajo-de-la-convivencia-2\/#primaryimage"},"image":{"@id":"https:\/\/eldiariodelaeducacion.com\/convivenciayeducacionenvalores\/2018\/06\/26\/los-ayuntamientos-y-el-trabajo-de-la-convivencia-2\/#primaryimage"},"thumbnailUrl":"https:\/\/eldiariodelaeducacion.com\/convivenciayeducacionenvalores\/wp-content\/uploads\/sites\/18\/2018\/06\/mostoles-educacion.jpg","datePublished":"2018-06-26T06:00:42+00:00","dateModified":"2024-08-20T16:02:28+00:00","author":{"@id":"https:\/\/eldiariodelaeducacion.com\/convivenciayeducacionenvalores\/#\/schema\/person\/9e0ca6878b1e021f3ed285e81a678a59"},"breadcrumb":{"@id":"https:\/\/eldiariodelaeducacion.com\/convivenciayeducacionenvalores\/2018\/06\/26\/los-ayuntamientos-y-el-trabajo-de-la-convivencia-2\/#breadcrumb"},"inLanguage":"es","potentialAction":[{"@type":"ReadAction","target":["https:\/\/eldiariodelaeducacion.com\/convivenciayeducacionenvalores\/2018\/06\/26\/los-ayuntamientos-y-el-trabajo-de-la-convivencia-2\/"]}]},{"@type":"ImageObject","inLanguage":"es","@id":"https:\/\/eldiariodelaeducacion.com\/convivenciayeducacionenvalores\/2018\/06\/26\/los-ayuntamientos-y-el-trabajo-de-la-convivencia-2\/#primaryimage","url":"https:\/\/eldiariodelaeducacion.com\/convivenciayeducacionenvalores\/wp-content\/uploads\/sites\/18\/2018\/06\/mostoles-educacion.jpg","contentUrl":"https:\/\/eldiariodelaeducacion.com\/convivenciayeducacionenvalores\/wp-content\/uploads\/sites\/18\/2018\/06\/mostoles-educacion.jpg","width":1024,"height":665},{"@type":"BreadcrumbList","@id":"https:\/\/eldiariodelaeducacion.com\/convivenciayeducacionenvalores\/2018\/06\/26\/los-ayuntamientos-y-el-trabajo-de-la-convivencia-2\/#breadcrumb","itemListElement":[{"@type":"ListItem","position":1,"name":"Portada","item":"https:\/\/eldiariodelaeducacion.com\/convivenciayeducacionenvalores\/"},{"@type":"ListItem","position":2,"name":"Los ayuntamientos y el trabajo de la convivencia (2)"}]},{"@type":"WebSite","@id":"https:\/\/eldiariodelaeducacion.com\/convivenciayeducacionenvalores\/#website","url":"https:\/\/eldiariodelaeducacion.com\/convivenciayeducacionenvalores\/","name":"Convivencia y educaci\u00f3n en valores","description":"Un blog de El Diario de la Educaci\u00f3n","potentialAction":[{"@type":"SearchAction","target":{"@type":"EntryPoint","urlTemplate":"https:\/\/eldiariodelaeducacion.com\/convivenciayeducacionenvalores\/?s={search_term_string}"},"query-input":{"@type":"PropertyValueSpecification","valueRequired":true,"valueName":"search_term_string"}}],"inLanguage":"es"},{"@type":"Person","@id":"https:\/\/eldiariodelaeducacion.com\/convivenciayeducacionenvalores\/#\/schema\/person\/9e0ca6878b1e021f3ed285e81a678a59","name":"Pedro Uru\u00f1uela","image":{"@type":"ImageObject","inLanguage":"es","@id":"https:\/\/eldiariodelaeducacion.com\/wp-content\/uploads\/2024\/10\/pedro-urunuela_avatar-96x96.jpg","url":"https:\/\/eldiariodelaeducacion.com\/wp-content\/uploads\/2024\/10\/pedro-urunuela_avatar-96x96.jpg","contentUrl":"https:\/\/eldiariodelaeducacion.com\/wp-content\/uploads\/2024\/10\/pedro-urunuela_avatar-96x96.jpg","caption":"Pedro Uru\u00f1uela"},"url":"https:\/\/eldiariodelaeducacion.com\/convivenciayeducacionenvalores\/author\/pedrourunuela\/"}]}},"_links":{"self":[{"href":"https:\/\/eldiariodelaeducacion.com\/convivenciayeducacionenvalores\/wp-json\/wp\/v2\/posts\/1345","targetHints":{"allow":["GET"]}}],"collection":[{"href":"https:\/\/eldiariodelaeducacion.com\/convivenciayeducacionenvalores\/wp-json\/wp\/v2\/posts"}],"about":[{"href":"https:\/\/eldiariodelaeducacion.com\/convivenciayeducacionenvalores\/wp-json\/wp\/v2\/types\/post"}],"author":[{"embeddable":true,"href":"https:\/\/eldiariodelaeducacion.com\/convivenciayeducacionenvalores\/wp-json\/wp\/v2\/users\/144"}],"replies":[{"embeddable":true,"href":"https:\/\/eldiariodelaeducacion.com\/convivenciayeducacionenvalores\/wp-json\/wp\/v2\/comments?post=1345"}],"version-history":[{"count":1,"href":"https:\/\/eldiariodelaeducacion.com\/convivenciayeducacionenvalores\/wp-json\/wp\/v2\/posts\/1345\/revisions"}],"predecessor-version":[{"id":1375,"href":"https:\/\/eldiariodelaeducacion.com\/convivenciayeducacionenvalores\/wp-json\/wp\/v2\/posts\/1345\/revisions\/1375"}],"wp:featuredmedia":[{"embeddable":true,"href":"https:\/\/eldiariodelaeducacion.com\/convivenciayeducacionenvalores\/wp-json\/wp\/v2\/media\/271"}],"wp:attachment":[{"href":"https:\/\/eldiariodelaeducacion.com\/convivenciayeducacionenvalores\/wp-json\/wp\/v2\/media?parent=1345"}],"wp:term":[{"taxonomy":"category","embeddable":true,"href":"https:\/\/eldiariodelaeducacion.com\/convivenciayeducacionenvalores\/wp-json\/wp\/v2\/categories?post=1345"},{"taxonomy":"post_tag","embeddable":true,"href":"https:\/\/eldiariodelaeducacion.com\/convivenciayeducacionenvalores\/wp-json\/wp\/v2\/tags?post=1345"},{"taxonomy":"tipo","embeddable":true,"href":"https:\/\/eldiariodelaeducacion.com\/convivenciayeducacionenvalores\/wp-json\/wp\/v2\/tipo?post=1345"}],"curies":[{"name":"wp","href":"https:\/\/api.w.org\/{rel}","templated":true}]}}