{"id":1661,"date":"2025-10-13T12:22:54","date_gmt":"2025-10-13T10:22:54","guid":{"rendered":"https:\/\/eldiariodelaeducacion.com\/convivenciayeducacionenvalores\/?p=1661"},"modified":"2025-10-13T12:22:56","modified_gmt":"2025-10-13T10:22:56","slug":"aprende-participa-y-colabora-con-la-donacion-de-sangre","status":"publish","type":"post","link":"https:\/\/eldiariodelaeducacion.com\/convivenciayeducacionenvalores\/2025\/10\/13\/aprende-participa-y-colabora-con-la-donacion-de-sangre\/","title":{"rendered":"Aprende, participa y colabora con la donaci\u00f3n de sangre"},"content":{"rendered":"\n<p>El <a href=\"https:\/\/www.bancsang.net\/ca\/donacions\/sang\/on\/?utm_source=google&amp;utm_medium=cpc&amp;utm_campaign=Tornada25&amp;gad_source=1&amp;gad_campaignid=22962080635&amp;gbraid=0AAAAAoycMksekBG5SYqSpYC9fCfW4fI85&amp;gclid=CjwKCAjwlt7GBhAvEiwAKal0cpj2bOehzgje9jr5B3ry5t3qW8F88jObBfUZjUyN9QerDKaSPLvGdxoCJX0QAvD_BwE\">Banc de Sang i Teixits<\/a> (BST) es una instituci\u00f3n imprescindible para la salud p\u00fablica de Catalu\u00f1a. Gracias a su labor diaria, cada a\u00f1o miles de pacientes reciben el tratamiento que necesitan. Pero el BST no solo garantiza la disponibilidad de sangre y plasma: tambi\u00e9n ha sabido convertir su misi\u00f3n en una oportunidad educativa de gran valor c\u00edvico. Desde 2006 impulsa el programa <a href=\"https:\/\/www.bancsang.net\/es\/comunidad\/escuelas\/\"><em>Aprende, participa y colabora con la donaci\u00f3n de sangre<\/em><\/a>, que cuenta con el acompa\u00f1amiento del <a href=\"https:\/\/www.gremub.com\/ca\">Grupo de Investigaci\u00f3n en Educaci\u00f3n Moral<\/a> (GREM) de la Universidad de Barcelona. Esta alianza ha dado lugar a un proyecto consolidado, riguroso y con un gran impacto formativo y comunitario.<\/p>\n\n\n\n<p>La gu\u00eda que ahora se presenta y que acompa\u00f1a este programa es mucho m\u00e1s que un manual t\u00e9cnico. Es una herramienta pensada para que centros educativos y de ocio puedan integrarlo con facilidad, adapt\u00e1ndolo a distintos niveles educativos y contextos. Explica con detalle las fases del proceso \u2014formaci\u00f3n, creaci\u00f3n, servicio y valoraci\u00f3n\u2014 y ofrece recursos pr\u00e1cticos y propuestas de difusi\u00f3n que convierten al alumnado en aut\u00e9nticos protagonistas.<\/p>\n\n\n\n<p>Su utilidad se despliega en tres dimensiones clave.<\/p>\n\n\n\n<ul class=\"wp-block-list\">\n<li><strong>Primera, pedag\u00f3gica:<\/strong> ofrece a los centros ideas y materiales adaptados a cada etapa educativa, de modo que el profesorado pueda trabajar de manera flexible y transversal ciencias, comunicaci\u00f3n y valores. El programa se integra f\u00e1cilmente en diferentes asignaturas y, de manera especial, en las actividades de Servicio Comunitario, y permite vincular conocimientos con experiencias reales que dan sentido al aprendizaje.<\/li>\n\n\n\n<li><strong>Segunda, c\u00edvica y comunitaria:<\/strong> los ni\u00f1os, ni\u00f1as y adolescentes, aunque no puedan donar sangre, se convierten en agentes de concienciaci\u00f3n, capaces de movilizar su entorno y generar nuevos donantes. Cada campa\u00f1a no solo contribuye a mantener reservas suficientes de sangre, sino que tambi\u00e9n refuerza los v\u00ednculos entre escuela, familias y comunidad, construyendo red ciudadana y transmitiendo valores de altruismo, responsabilidad y cooperaci\u00f3n.<\/li>\n\n\n\n<li><strong>Tercera, estrat\u00e9gica:<\/strong> la gu\u00eda facilita la planificaci\u00f3n y sostenibilidad del proyecto. Con instrucciones claras, ejemplos de acciones y propuestas de evaluaci\u00f3n, ayuda a los centros a organizar campa\u00f1as exitosas, adaptables a diferentes contextos y necesidades. Adem\u00e1s, recoge experiencias como las grandes maratones de donaci\u00f3n que han tenido impacto en ciudades enteras gracias a la implicaci\u00f3n escolar.<\/li>\n<\/ul>\n\n\n\n<p>El valor a\u00f1adido del BST reside en haber sabido dise\u00f1ar un programa que combina rigor cient\u00edfico, sensibilidad social y excelencia educativa. Ha convertido un reto de salud p\u00fablica \u2014garantizar un flujo sostenido de donaciones\u2014 en un proceso educativo capaz de formar ciudadanos y ciudadanas activos, conscientes y comprometidos. La implicaci\u00f3n de ni\u00f1os, ni\u00f1as y adolescentes es especialmente destacable: se les trata como agentes de cambio, no solo como futuros donantes, sino como influenciadores y creadores de iniciativas con impacto real.<\/p>\n\n\n\n<p>Leer y aplicar esta gu\u00eda significa apostar por una educaci\u00f3n que trasciende las aulas y se convierte en transformaci\u00f3n social. Es una invitaci\u00f3n a construir, de la mano del Banc de Sang i Teixits, una ciudadan\u00eda m\u00e1s solidaria y un futuro m\u00e1s justo y saludable para todos.<\/p>\n\n\n\n<p>\ud83d\udcc4 <a href=\"https:\/\/www.bancsang.net\/media\/upload\/arxius\/empresa\/Guia_APS_ESP_24_int.pdf\"><u>Gu\u00eda en castellano<\/u><\/a><\/p>\n","protected":false},"excerpt":{"rendered":"<p>El Banc de Sang i Teixits, con el apoyo del GREM, transforma desde 2006 la donaci\u00f3n en una experiencia educativa \u00fanica. El programa Aprende, participa y colabora con la donaci\u00f3n de sangre invita a ni\u00f1os, ni\u00f1as y j\u00f3venes a ser agentes de cambio, aprendiendo ciencia y valores mientras contribuyen al bien com\u00fan.<\/p>\n","protected":false},"author":1434,"featured_media":1662,"comment_status":"open","ping_status":"open","sticky":false,"template":"","format":"standard","meta":{"footnotes":""},"categories":[43],"tags":[30,35],"tipo":[46],"class_list":{"0":"post-1661","1":"post","2":"type-post","3":"status-publish","4":"format-standard","5":"has-post-thumbnail","7":"category-aps-y-educacion-en-valores","8":"tag-aprendizaje-servicio","9":"tag-aps","10":"tipo-analisis"},"yoast_head":"<!-- This site is optimized with the Yoast SEO plugin v27.5 - https:\/\/yoast.com\/product\/yoast-seo-wordpress\/ -->\n<title>Aprende, participa y colabora con la donaci\u00f3n de sangre - Convivencia y educaci\u00f3n en valores<\/title>\n<meta name=\"robots\" content=\"index, follow, max-snippet:-1, max-image-preview:large, max-video-preview:-1\" \/>\n<link rel=\"canonical\" href=\"https:\/\/eldiariodelaeducacion.com\/convivenciayeducacionenvalores\/2025\/10\/13\/aprende-participa-y-colabora-con-la-donacion-de-sangre\/\" \/>\n<meta property=\"og:locale\" content=\"es_ES\" \/>\n<meta property=\"og:type\" content=\"article\" \/>\n<meta property=\"og:title\" content=\"Aprende, participa y colabora con la donaci\u00f3n de sangre - Convivencia y educaci\u00f3n en valores\" \/>\n<meta property=\"og:description\" content=\"El Banc de Sang i Teixits, con el apoyo del GREM, transforma desde 2006 la donaci\u00f3n en una experiencia educativa \u00fanica. El programa Aprende, participa y colabora con la donaci\u00f3n de sangre invita a ni\u00f1os, ni\u00f1as y j\u00f3venes a ser agentes de cambio, aprendiendo ciencia y valores mientras contribuyen al bien com\u00fan.\" \/>\n<meta property=\"og:url\" content=\"https:\/\/eldiariodelaeducacion.com\/convivenciayeducacionenvalores\/2025\/10\/13\/aprende-participa-y-colabora-con-la-donacion-de-sangre\/\" \/>\n<meta property=\"og:site_name\" content=\"Convivencia y educaci\u00f3n en valores\" \/>\n<meta property=\"article:published_time\" content=\"2025-10-13T10:22:54+00:00\" \/>\n<meta property=\"article:modified_time\" content=\"2025-10-13T10:22:56+00:00\" \/>\n<meta property=\"og:image\" content=\"https:\/\/eldiariodelaeducacion.com\/convivenciayeducacionenvalores\/wp-content\/uploads\/sites\/18\/2025\/10\/49370215831_30275fbd79_c.jpg\" \/>\n\t<meta property=\"og:image:width\" content=\"799\" \/>\n\t<meta property=\"og:image:height\" content=\"533\" \/>\n\t<meta property=\"og:image:type\" content=\"image\/jpeg\" \/>\n<meta name=\"author\" content=\"Centro Promotor de ApS\" \/>\n<meta name=\"twitter:card\" content=\"summary_large_image\" \/>\n<meta name=\"twitter:label1\" content=\"Escrito por\" \/>\n\t<meta name=\"twitter:data1\" content=\"Centro Promotor de ApS\" \/>\n\t<meta name=\"twitter:label2\" content=\"Tiempo de lectura\" \/>\n\t<meta name=\"twitter:data2\" content=\"3 minutos\" \/>\n<script type=\"application\/ld+json\" class=\"yoast-schema-graph\">{\"@context\":\"https:\\\/\\\/schema.org\",\"@graph\":[{\"@type\":\"Article\",\"@id\":\"https:\\\/\\\/eldiariodelaeducacion.com\\\/convivenciayeducacionenvalores\\\/2025\\\/10\\\/13\\\/aprende-participa-y-colabora-con-la-donacion-de-sangre\\\/#article\",\"isPartOf\":{\"@id\":\"https:\\\/\\\/eldiariodelaeducacion.com\\\/convivenciayeducacionenvalores\\\/2025\\\/10\\\/13\\\/aprende-participa-y-colabora-con-la-donacion-de-sangre\\\/\"},\"author\":{\"name\":\"Centro Promotor de ApS\",\"@id\":\"https:\\\/\\\/eldiariodelaeducacion.com\\\/convivenciayeducacionenvalores\\\/#\\\/schema\\\/person\\\/f5cfa528df059a42927a8923eed05cd4\"},\"headline\":\"Aprende, participa y colabora con la donaci\u00f3n de sangre\",\"datePublished\":\"2025-10-13T10:22:54+00:00\",\"dateModified\":\"2025-10-13T10:22:56+00:00\",\"mainEntityOfPage\":{\"@id\":\"https:\\\/\\\/eldiariodelaeducacion.com\\\/convivenciayeducacionenvalores\\\/2025\\\/10\\\/13\\\/aprende-participa-y-colabora-con-la-donacion-de-sangre\\\/\"},\"wordCount\":556,\"commentCount\":0,\"image\":{\"@id\":\"https:\\\/\\\/eldiariodelaeducacion.com\\\/convivenciayeducacionenvalores\\\/2025\\\/10\\\/13\\\/aprende-participa-y-colabora-con-la-donacion-de-sangre\\\/#primaryimage\"},\"thumbnailUrl\":\"https:\\\/\\\/eldiariodelaeducacion.com\\\/convivenciayeducacionenvalores\\\/wp-content\\\/uploads\\\/sites\\\/18\\\/2025\\\/10\\\/49370215831_30275fbd79_c.jpg\",\"keywords\":[\"aprendizaje-servicio\",\"aps\"],\"articleSection\":[\"ApS y Educaci\u00f3n en valores\"],\"inLanguage\":\"es\",\"potentialAction\":[{\"@type\":\"CommentAction\",\"name\":\"Comment\",\"target\":[\"https:\\\/\\\/eldiariodelaeducacion.com\\\/convivenciayeducacionenvalores\\\/2025\\\/10\\\/13\\\/aprende-participa-y-colabora-con-la-donacion-de-sangre\\\/#respond\"]}]},{\"@type\":\"WebPage\",\"@id\":\"https:\\\/\\\/eldiariodelaeducacion.com\\\/convivenciayeducacionenvalores\\\/2025\\\/10\\\/13\\\/aprende-participa-y-colabora-con-la-donacion-de-sangre\\\/\",\"url\":\"https:\\\/\\\/eldiariodelaeducacion.com\\\/convivenciayeducacionenvalores\\\/2025\\\/10\\\/13\\\/aprende-participa-y-colabora-con-la-donacion-de-sangre\\\/\",\"name\":\"Aprende, participa y colabora con la donaci\u00f3n de sangre - Convivencia y educaci\u00f3n en valores\",\"isPartOf\":{\"@id\":\"https:\\\/\\\/eldiariodelaeducacion.com\\\/convivenciayeducacionenvalores\\\/#website\"},\"primaryImageOfPage\":{\"@id\":\"https:\\\/\\\/eldiariodelaeducacion.com\\\/convivenciayeducacionenvalores\\\/2025\\\/10\\\/13\\\/aprende-participa-y-colabora-con-la-donacion-de-sangre\\\/#primaryimage\"},\"image\":{\"@id\":\"https:\\\/\\\/eldiariodelaeducacion.com\\\/convivenciayeducacionenvalores\\\/2025\\\/10\\\/13\\\/aprende-participa-y-colabora-con-la-donacion-de-sangre\\\/#primaryimage\"},\"thumbnailUrl\":\"https:\\\/\\\/eldiariodelaeducacion.com\\\/convivenciayeducacionenvalores\\\/wp-content\\\/uploads\\\/sites\\\/18\\\/2025\\\/10\\\/49370215831_30275fbd79_c.jpg\",\"datePublished\":\"2025-10-13T10:22:54+00:00\",\"dateModified\":\"2025-10-13T10:22:56+00:00\",\"author\":{\"@id\":\"https:\\\/\\\/eldiariodelaeducacion.com\\\/convivenciayeducacionenvalores\\\/#\\\/schema\\\/person\\\/f5cfa528df059a42927a8923eed05cd4\"},\"breadcrumb\":{\"@id\":\"https:\\\/\\\/eldiariodelaeducacion.com\\\/convivenciayeducacionenvalores\\\/2025\\\/10\\\/13\\\/aprende-participa-y-colabora-con-la-donacion-de-sangre\\\/#breadcrumb\"},\"inLanguage\":\"es\",\"potentialAction\":[{\"@type\":\"ReadAction\",\"target\":[\"https:\\\/\\\/eldiariodelaeducacion.com\\\/convivenciayeducacionenvalores\\\/2025\\\/10\\\/13\\\/aprende-participa-y-colabora-con-la-donacion-de-sangre\\\/\"]}]},{\"@type\":\"ImageObject\",\"inLanguage\":\"es\",\"@id\":\"https:\\\/\\\/eldiariodelaeducacion.com\\\/convivenciayeducacionenvalores\\\/2025\\\/10\\\/13\\\/aprende-participa-y-colabora-con-la-donacion-de-sangre\\\/#primaryimage\",\"url\":\"https:\\\/\\\/eldiariodelaeducacion.com\\\/convivenciayeducacionenvalores\\\/wp-content\\\/uploads\\\/sites\\\/18\\\/2025\\\/10\\\/49370215831_30275fbd79_c.jpg\",\"contentUrl\":\"https:\\\/\\\/eldiariodelaeducacion.com\\\/convivenciayeducacionenvalores\\\/wp-content\\\/uploads\\\/sites\\\/18\\\/2025\\\/10\\\/49370215831_30275fbd79_c.jpg\",\"width\":799,\"height\":533},{\"@type\":\"BreadcrumbList\",\"@id\":\"https:\\\/\\\/eldiariodelaeducacion.com\\\/convivenciayeducacionenvalores\\\/2025\\\/10\\\/13\\\/aprende-participa-y-colabora-con-la-donacion-de-sangre\\\/#breadcrumb\",\"itemListElement\":[{\"@type\":\"ListItem\",\"position\":1,\"name\":\"Portada\",\"item\":\"https:\\\/\\\/eldiariodelaeducacion.com\\\/convivenciayeducacionenvalores\\\/\"},{\"@type\":\"ListItem\",\"position\":2,\"name\":\"Aprende, participa y colabora con la donaci\u00f3n de sangre\"}]},{\"@type\":\"WebSite\",\"@id\":\"https:\\\/\\\/eldiariodelaeducacion.com\\\/convivenciayeducacionenvalores\\\/#website\",\"url\":\"https:\\\/\\\/eldiariodelaeducacion.com\\\/convivenciayeducacionenvalores\\\/\",\"name\":\"Convivencia y educaci\u00f3n en valores\",\"description\":\"Un blog de El Diario de la Educaci\u00f3n\",\"potentialAction\":[{\"@type\":\"SearchAction\",\"target\":{\"@type\":\"EntryPoint\",\"urlTemplate\":\"https:\\\/\\\/eldiariodelaeducacion.com\\\/convivenciayeducacionenvalores\\\/?s={search_term_string}\"},\"query-input\":{\"@type\":\"PropertyValueSpecification\",\"valueRequired\":true,\"valueName\":\"search_term_string\"}}],\"inLanguage\":\"es\"},{\"@type\":\"Person\",\"@id\":\"https:\\\/\\\/eldiariodelaeducacion.com\\\/convivenciayeducacionenvalores\\\/#\\\/schema\\\/person\\\/f5cfa528df059a42927a8923eed05cd4\",\"name\":\"Centro Promotor de ApS\",\"image\":{\"@type\":\"ImageObject\",\"inLanguage\":\"es\",\"@id\":\"https:\\\/\\\/eldiariodelaeducacion.com\\\/convivenciayeducacionenvalores\\\/wp-content\\\/uploads\\\/sites\\\/18\\\/2025\\\/10\\\/centropromotor_avatar-96x96.jpg\",\"url\":\"https:\\\/\\\/eldiariodelaeducacion.com\\\/convivenciayeducacionenvalores\\\/wp-content\\\/uploads\\\/sites\\\/18\\\/2025\\\/10\\\/centropromotor_avatar-96x96.jpg\",\"contentUrl\":\"https:\\\/\\\/eldiariodelaeducacion.com\\\/convivenciayeducacionenvalores\\\/wp-content\\\/uploads\\\/sites\\\/18\\\/2025\\\/10\\\/centropromotor_avatar-96x96.jpg\",\"caption\":\"Centro Promotor de ApS\"},\"url\":\"https:\\\/\\\/eldiariodelaeducacion.com\\\/convivenciayeducacionenvalores\\\/author\\\/centropromotor\\\/\"}]}<\/script>\n<!-- \/ Yoast SEO plugin. -->","yoast_head_json":{"title":"Aprende, participa y colabora con la donaci\u00f3n de sangre - Convivencia y educaci\u00f3n en valores","robots":{"index":"index","follow":"follow","max-snippet":"max-snippet:-1","max-image-preview":"max-image-preview:large","max-video-preview":"max-video-preview:-1"},"canonical":"https:\/\/eldiariodelaeducacion.com\/convivenciayeducacionenvalores\/2025\/10\/13\/aprende-participa-y-colabora-con-la-donacion-de-sangre\/","og_locale":"es_ES","og_type":"article","og_title":"Aprende, participa y colabora con la donaci\u00f3n de sangre - Convivencia y educaci\u00f3n en valores","og_description":"El Banc de Sang i Teixits, con el apoyo del GREM, transforma desde 2006 la donaci\u00f3n en una experiencia educativa \u00fanica. El programa Aprende, participa y colabora con la donaci\u00f3n de sangre invita a ni\u00f1os, ni\u00f1as y j\u00f3venes a ser agentes de cambio, aprendiendo ciencia y valores mientras contribuyen al bien com\u00fan.","og_url":"https:\/\/eldiariodelaeducacion.com\/convivenciayeducacionenvalores\/2025\/10\/13\/aprende-participa-y-colabora-con-la-donacion-de-sangre\/","og_site_name":"Convivencia y educaci\u00f3n en valores","article_published_time":"2025-10-13T10:22:54+00:00","article_modified_time":"2025-10-13T10:22:56+00:00","og_image":[{"width":799,"height":533,"url":"https:\/\/eldiariodelaeducacion.com\/convivenciayeducacionenvalores\/wp-content\/uploads\/sites\/18\/2025\/10\/49370215831_30275fbd79_c.jpg","type":"image\/jpeg"}],"author":"Centro Promotor de ApS","twitter_card":"summary_large_image","twitter_misc":{"Escrito por":"Centro Promotor de ApS","Tiempo de lectura":"3 minutos"},"schema":{"@context":"https:\/\/schema.org","@graph":[{"@type":"Article","@id":"https:\/\/eldiariodelaeducacion.com\/convivenciayeducacionenvalores\/2025\/10\/13\/aprende-participa-y-colabora-con-la-donacion-de-sangre\/#article","isPartOf":{"@id":"https:\/\/eldiariodelaeducacion.com\/convivenciayeducacionenvalores\/2025\/10\/13\/aprende-participa-y-colabora-con-la-donacion-de-sangre\/"},"author":{"name":"Centro Promotor de ApS","@id":"https:\/\/eldiariodelaeducacion.com\/convivenciayeducacionenvalores\/#\/schema\/person\/f5cfa528df059a42927a8923eed05cd4"},"headline":"Aprende, participa y colabora con la donaci\u00f3n de sangre","datePublished":"2025-10-13T10:22:54+00:00","dateModified":"2025-10-13T10:22:56+00:00","mainEntityOfPage":{"@id":"https:\/\/eldiariodelaeducacion.com\/convivenciayeducacionenvalores\/2025\/10\/13\/aprende-participa-y-colabora-con-la-donacion-de-sangre\/"},"wordCount":556,"commentCount":0,"image":{"@id":"https:\/\/eldiariodelaeducacion.com\/convivenciayeducacionenvalores\/2025\/10\/13\/aprende-participa-y-colabora-con-la-donacion-de-sangre\/#primaryimage"},"thumbnailUrl":"https:\/\/eldiariodelaeducacion.com\/convivenciayeducacionenvalores\/wp-content\/uploads\/sites\/18\/2025\/10\/49370215831_30275fbd79_c.jpg","keywords":["aprendizaje-servicio","aps"],"articleSection":["ApS y Educaci\u00f3n en valores"],"inLanguage":"es","potentialAction":[{"@type":"CommentAction","name":"Comment","target":["https:\/\/eldiariodelaeducacion.com\/convivenciayeducacionenvalores\/2025\/10\/13\/aprende-participa-y-colabora-con-la-donacion-de-sangre\/#respond"]}]},{"@type":"WebPage","@id":"https:\/\/eldiariodelaeducacion.com\/convivenciayeducacionenvalores\/2025\/10\/13\/aprende-participa-y-colabora-con-la-donacion-de-sangre\/","url":"https:\/\/eldiariodelaeducacion.com\/convivenciayeducacionenvalores\/2025\/10\/13\/aprende-participa-y-colabora-con-la-donacion-de-sangre\/","name":"Aprende, participa y colabora con la donaci\u00f3n de sangre - Convivencia y educaci\u00f3n en valores","isPartOf":{"@id":"https:\/\/eldiariodelaeducacion.com\/convivenciayeducacionenvalores\/#website"},"primaryImageOfPage":{"@id":"https:\/\/eldiariodelaeducacion.com\/convivenciayeducacionenvalores\/2025\/10\/13\/aprende-participa-y-colabora-con-la-donacion-de-sangre\/#primaryimage"},"image":{"@id":"https:\/\/eldiariodelaeducacion.com\/convivenciayeducacionenvalores\/2025\/10\/13\/aprende-participa-y-colabora-con-la-donacion-de-sangre\/#primaryimage"},"thumbnailUrl":"https:\/\/eldiariodelaeducacion.com\/convivenciayeducacionenvalores\/wp-content\/uploads\/sites\/18\/2025\/10\/49370215831_30275fbd79_c.jpg","datePublished":"2025-10-13T10:22:54+00:00","dateModified":"2025-10-13T10:22:56+00:00","author":{"@id":"https:\/\/eldiariodelaeducacion.com\/convivenciayeducacionenvalores\/#\/schema\/person\/f5cfa528df059a42927a8923eed05cd4"},"breadcrumb":{"@id":"https:\/\/eldiariodelaeducacion.com\/convivenciayeducacionenvalores\/2025\/10\/13\/aprende-participa-y-colabora-con-la-donacion-de-sangre\/#breadcrumb"},"inLanguage":"es","potentialAction":[{"@type":"ReadAction","target":["https:\/\/eldiariodelaeducacion.com\/convivenciayeducacionenvalores\/2025\/10\/13\/aprende-participa-y-colabora-con-la-donacion-de-sangre\/"]}]},{"@type":"ImageObject","inLanguage":"es","@id":"https:\/\/eldiariodelaeducacion.com\/convivenciayeducacionenvalores\/2025\/10\/13\/aprende-participa-y-colabora-con-la-donacion-de-sangre\/#primaryimage","url":"https:\/\/eldiariodelaeducacion.com\/convivenciayeducacionenvalores\/wp-content\/uploads\/sites\/18\/2025\/10\/49370215831_30275fbd79_c.jpg","contentUrl":"https:\/\/eldiariodelaeducacion.com\/convivenciayeducacionenvalores\/wp-content\/uploads\/sites\/18\/2025\/10\/49370215831_30275fbd79_c.jpg","width":799,"height":533},{"@type":"BreadcrumbList","@id":"https:\/\/eldiariodelaeducacion.com\/convivenciayeducacionenvalores\/2025\/10\/13\/aprende-participa-y-colabora-con-la-donacion-de-sangre\/#breadcrumb","itemListElement":[{"@type":"ListItem","position":1,"name":"Portada","item":"https:\/\/eldiariodelaeducacion.com\/convivenciayeducacionenvalores\/"},{"@type":"ListItem","position":2,"name":"Aprende, participa y colabora con la donaci\u00f3n de sangre"}]},{"@type":"WebSite","@id":"https:\/\/eldiariodelaeducacion.com\/convivenciayeducacionenvalores\/#website","url":"https:\/\/eldiariodelaeducacion.com\/convivenciayeducacionenvalores\/","name":"Convivencia y educaci\u00f3n en valores","description":"Un blog de El Diario de la Educaci\u00f3n","potentialAction":[{"@type":"SearchAction","target":{"@type":"EntryPoint","urlTemplate":"https:\/\/eldiariodelaeducacion.com\/convivenciayeducacionenvalores\/?s={search_term_string}"},"query-input":{"@type":"PropertyValueSpecification","valueRequired":true,"valueName":"search_term_string"}}],"inLanguage":"es"},{"@type":"Person","@id":"https:\/\/eldiariodelaeducacion.com\/convivenciayeducacionenvalores\/#\/schema\/person\/f5cfa528df059a42927a8923eed05cd4","name":"Centro Promotor de ApS","image":{"@type":"ImageObject","inLanguage":"es","@id":"https:\/\/eldiariodelaeducacion.com\/convivenciayeducacionenvalores\/wp-content\/uploads\/sites\/18\/2025\/10\/centropromotor_avatar-96x96.jpg","url":"https:\/\/eldiariodelaeducacion.com\/convivenciayeducacionenvalores\/wp-content\/uploads\/sites\/18\/2025\/10\/centropromotor_avatar-96x96.jpg","contentUrl":"https:\/\/eldiariodelaeducacion.com\/convivenciayeducacionenvalores\/wp-content\/uploads\/sites\/18\/2025\/10\/centropromotor_avatar-96x96.jpg","caption":"Centro Promotor de ApS"},"url":"https:\/\/eldiariodelaeducacion.com\/convivenciayeducacionenvalores\/author\/centropromotor\/"}]}},"_links":{"self":[{"href":"https:\/\/eldiariodelaeducacion.com\/convivenciayeducacionenvalores\/wp-json\/wp\/v2\/posts\/1661","targetHints":{"allow":["GET"]}}],"collection":[{"href":"https:\/\/eldiariodelaeducacion.com\/convivenciayeducacionenvalores\/wp-json\/wp\/v2\/posts"}],"about":[{"href":"https:\/\/eldiariodelaeducacion.com\/convivenciayeducacionenvalores\/wp-json\/wp\/v2\/types\/post"}],"author":[{"embeddable":true,"href":"https:\/\/eldiariodelaeducacion.com\/convivenciayeducacionenvalores\/wp-json\/wp\/v2\/users\/1434"}],"replies":[{"embeddable":true,"href":"https:\/\/eldiariodelaeducacion.com\/convivenciayeducacionenvalores\/wp-json\/wp\/v2\/comments?post=1661"}],"version-history":[{"count":1,"href":"https:\/\/eldiariodelaeducacion.com\/convivenciayeducacionenvalores\/wp-json\/wp\/v2\/posts\/1661\/revisions"}],"predecessor-version":[{"id":1663,"href":"https:\/\/eldiariodelaeducacion.com\/convivenciayeducacionenvalores\/wp-json\/wp\/v2\/posts\/1661\/revisions\/1663"}],"wp:featuredmedia":[{"embeddable":true,"href":"https:\/\/eldiariodelaeducacion.com\/convivenciayeducacionenvalores\/wp-json\/wp\/v2\/media\/1662"}],"wp:attachment":[{"href":"https:\/\/eldiariodelaeducacion.com\/convivenciayeducacionenvalores\/wp-json\/wp\/v2\/media?parent=1661"}],"wp:term":[{"taxonomy":"category","embeddable":true,"href":"https:\/\/eldiariodelaeducacion.com\/convivenciayeducacionenvalores\/wp-json\/wp\/v2\/categories?post=1661"},{"taxonomy":"post_tag","embeddable":true,"href":"https:\/\/eldiariodelaeducacion.com\/convivenciayeducacionenvalores\/wp-json\/wp\/v2\/tags?post=1661"},{"taxonomy":"tipo","embeddable":true,"href":"https:\/\/eldiariodelaeducacion.com\/convivenciayeducacionenvalores\/wp-json\/wp\/v2\/tipo?post=1661"}],"curies":[{"name":"wp","href":"https:\/\/api.w.org\/{rel}","templated":true}]}}