{"id":1664,"date":"2025-10-21T04:00:00","date_gmt":"2025-10-21T02:00:00","guid":{"rendered":"https:\/\/eldiariodelaeducacion.com\/convivenciayeducacionenvalores\/?p=1664"},"modified":"2025-10-17T15:43:03","modified_gmt":"2025-10-17T13:43:03","slug":"cuando-la-innovacion-universitaria-tiene-alma","status":"publish","type":"post","link":"https:\/\/eldiariodelaeducacion.com\/convivenciayeducacionenvalores\/2025\/10\/21\/cuando-la-innovacion-universitaria-tiene-alma\/","title":{"rendered":"Cuando la innovaci\u00f3n universitaria tiene alma"},"content":{"rendered":"\n<p>Las Distinciones Jaume Vicens Vives reconocen la excelencia y la innovaci\u00f3n docente en las universidades catalanas. La Universidad de Barcelona ha recibido este galard\u00f3n en dos ocasiones: en 2012, por la Facultad de Pedagog\u00eda, y en 2025, por el Grupo ApS UB. Dos hitos que marcan la evoluci\u00f3n del aprendizaje-servicio como modelo universitario de compromiso y transformaci\u00f3n social.<\/p>\n\n\n\n<h2 class=\"wp-block-heading\"><strong>Las distinciones Jaume Vicens Vives<\/strong><\/h2>\n\n\n\n<p>Las Distinciones Jaume Vicens Vives a la calidad docente universitaria son un reconocimiento instituido por la Generalitat de Catalunya en 1996 con el objetivo de poner en valor la excelencia y la innovaci\u00f3n docente dentro de las universidades catalanas. Este galard\u00f3n lleva el nombre del historiador Jaume Vicens Vives (1910-1960), una de las figuras m\u00e1s relevantes de la renovaci\u00f3n pedag\u00f3gica e intelectual de la Catalu\u00f1a contempor\u00e1nea.<\/p>\n\n\n\n<p>Las distinciones pretenden destacar la labor del profesorado y de los equipos universitarios que, desde su actividad docente, contribuyen a mejorar la calidad de la ense\u00f1anza superior, promover la reflexi\u00f3n pedag\u00f3gica y vincular la universidad con la sociedad. Tienen dos modalidades: la individual, dirigida al profesorado que sobresale por sus pr\u00e1cticas innovadoras, impacto educativo y capacidad de transformaci\u00f3n, y la colectiva, dirigida a equipos, proyectos o centros que han demostrado una contribuci\u00f3n significativa y sostenida a la renovaci\u00f3n de la docencia universitaria.<\/p>\n\n\n\n<p>El proceso de candidatura se canaliza a trav\u00e9s de los consejos sociales de las universidades -o de los \u00f3rganos equivalentes en el caso de las universidades privadas-, y las propuestas son valoradas por el Consell Interuniversitari de Catalunya. Los galardones se entregan en el acto solemne de inauguraci\u00f3n del curso universitario, y suponen no solo un reconocimiento institucional, sino tambi\u00e9n un compromiso con la mejora continua.<\/p>\n\n\n\n<h2 class=\"wp-block-heading\"><strong>La distinci\u00f3n de 2012 a la Facultad de Pedagog\u00eda<\/strong><\/h2>\n\n\n\n<p>En 2012, la Facultad de Pedagog\u00eda de la Universidad de Barcelona recibi\u00f3 la Distinci\u00f3n Jaume Vicens Vives en la modalidad colectiva por el proyecto <em>Responsabilidad social y aprendizaje en la universidad<\/em>. Esta propuesta reconoc\u00eda la labor innovadora de la Facultad al introducir el aprendizaje-servicio como eje articulador de su actividad docente y de su relaci\u00f3n con el entorno.<\/p>\n\n\n\n<p>El proyecto defend\u00eda que una de las misiones esenciales de la universidad contempor\u00e1nea es responder a las necesidades de su entorno social, estableciendo v\u00ednculos con la comunidad e impulsando procesos de transformaci\u00f3n educativa y ciudadana. El aprendizaje-servicio se presentaba como la metodolog\u00eda ideal para lograr este prop\u00f3sito: combinar el aprendizaje acad\u00e9mico con una acci\u00f3n real de servicio a la comunidad, de modo que el alumnado desarrolle al mismo tiempo competencias profesionales, \u00e9ticas y c\u00edvicas.<\/p>\n\n\n\n<p>La distinci\u00f3n de 2012 supuso mucho m\u00e1s que un reconocimiento puntual: represent\u00f3 el inicio de un proceso de extensi\u00f3n del aprendizaje-servicio dentro de la Universidad de Barcelona. Aquel premio otorg\u00f3 visibilidad y legitimidad a una manera de hacer docencia que romp\u00eda las fronteras tradicionales entre teor\u00eda y pr\u00e1ctica, entre aula y comunidad. A partir de ese momento, diversas facultades de la Universidad de Barcelona comenzaron a incorporar proyectos de aprendizaje-servicio en sus planes de estudio, generando una cultura universitaria cada vez m\u00e1s comprometida con el territorio.<\/p>\n\n\n\n<h2 class=\"wp-block-heading\"><strong>La distinci\u00f3n de 2025 al Grupo ApS UB<\/strong><\/h2>\n\n\n\n<p>Trece a\u00f1os m\u00e1s tarde, en 2025, la Generalitat ha reconocido con la Distinci\u00f3n Colectiva Jaume Vicens Vives el trabajo del Grupo ApS UB, un equipo transversal de innovaci\u00f3n docente formado por profesorado de 13 facultades de la Universidad de Barcelona. El galard\u00f3n reconoce la trayectoria, la investigaci\u00f3n y el impacto de este grupo, que ha convertido el aprendizaje-servicio en una estrategia de innovaci\u00f3n docente y de compromiso social en el conjunto de la universidad.<\/p>\n\n\n\n<p>El Grupo ApS UB ha contribuido a institucionalizar el aprendizaje-servicio como una herramienta educativa clave, ofreciendo formaci\u00f3n al profesorado, apoyo a la creaci\u00f3n de proyectos, evaluaci\u00f3n de impacto social y vinculaci\u00f3n con entidades del tercer sector. El premio reconoce, por tanto, no una experiencia concreta, sino una propuesta integral y transversal que conecta la universidad con la comunidad a trav\u00e9s de la docencia, la investigaci\u00f3n y la transferencia social.<\/p>\n\n\n\n<p>Esta distinci\u00f3n supone un salto cualitativo respecto a 2012: si entonces se premiaba una iniciativa innovadora surgida de una facultad, ahora se reconoce una estructura consolidada de trabajo interfacultativo que ha logrado hacer del aprendizaje-servicio un modelo de referencia dentro de la Universidad de Barcelona. El galard\u00f3n es tambi\u00e9n un est\u00edmulo para seguir avanzando hacia una universidad que aprende sirviendo y que sirve aprendiendo, capaz de vincular conocimiento, acci\u00f3n y transformaci\u00f3n social.<\/p>\n\n\n\n<h2 class=\"wp-block-heading\"><strong>Las dos distinciones<\/strong><\/h2>\n\n\n\n<p>Las dos distinciones -la de 2012 y la de 2025- representan dos etapas de una misma trayectoria: la evoluci\u00f3n del aprendizaje-servicio desde una propuesta emergente y pionera hasta una pr\u00e1ctica institucionalizada y reconocida como elemento identitario de la Universidad de Barcelona.<\/p>\n\n\n\n<p>El reconocimiento oficial por parte de la Generalitat no solo act\u00faa como un premio, sino tambi\u00e9n como una validaci\u00f3n p\u00fablica del valor pedag\u00f3gico y social del aprendizaje-servicio. Permite situar a la Universidad de Barcelona como una instituci\u00f3n de referencia en la formaci\u00f3n de profesionales cr\u00edticos, responsables y comprometidos con su entorno.<\/p>\n\n\n\n<p>En conjunto, estas distinciones reflejan una cultura universitaria donde la innovaci\u00f3n docente se pone al servicio del bien com\u00fan y donde el conocimiento se entiende como una herramienta de corresponsabilidad social. La Facultad de Pedagog\u00eda abri\u00f3 el camino, y el Grupo ApS UB consolida ahora un modelo de trabajo colectivo que hace visible que la mejor universidad es la que aprende con su comunidad y para su comunidad.<\/p>\n\n\n\n<h4 class=\"wp-block-heading\"><strong>Para saber m\u00e1s<\/strong><\/h4>\n\n\n\n<figure class=\"wp-block-embed is-type-wp-embed is-provider-aps wp-block-embed-aps\"><div class=\"wp-block-embed__wrapper\">\n<blockquote class=\"wp-embedded-content\" data-secret=\"V84MEiMzHW\"><a href=\"https:\/\/www.ub.edu\/grupapsub\/\">Qu\u00e8 \u00e9s l&#8217;ApS?<\/a><\/blockquote><iframe class=\"wp-embedded-content\" sandbox=\"allow-scripts\" security=\"restricted\" style=\"position: absolute; visibility: hidden;\" title=\"&#8220;Qu\u00e8 \u00e9s l&#8217;ApS?&#8221; &#8212; ApS\" src=\"https:\/\/www.ub.edu\/grupapsub\/embed\/#?secret=LfcHRBMPjl#?secret=V84MEiMzHW\" data-secret=\"V84MEiMzHW\" width=\"600\" height=\"338\" frameborder=\"0\" marginwidth=\"0\" marginheight=\"0\" scrolling=\"no\"><\/iframe>\n<\/div><\/figure>\n","protected":false},"excerpt":{"rendered":"<p>Las Distinciones Jaume Vicens Vives reconocen la excelencia y la innovaci\u00f3n docente en las universidades catalanas. La Universidad de Barcelona ha recibido este galard\u00f3n en dos ocasiones: en 2012, por la Facultad de Pedagog\u00eda, y en 2025, por el Grupo ApS UB. Dos hitos que marcan la evoluci\u00f3n del aprendizaje-servicio como modelo universitario de compromiso<\/p>\n","protected":false},"author":158,"featured_media":1667,"comment_status":"open","ping_status":"open","sticky":false,"template":"","format":"standard","meta":{"footnotes":""},"categories":[43],"tags":[30,60],"tipo":[48],"class_list":{"0":"post-1664","1":"post","2":"type-post","3":"status-publish","4":"format-standard","5":"has-post-thumbnail","7":"category-aps-y-educacion-en-valores","8":"tag-aprendizaje-servicio","9":"tag-universidad","10":"tipo-actualidad"},"yoast_head":"<!-- This site is optimized with the Yoast SEO plugin v27.5 - https:\/\/yoast.com\/product\/yoast-seo-wordpress\/ -->\n<title>Cuando la innovaci\u00f3n universitaria tiene alma - Convivencia y educaci\u00f3n en valores<\/title>\n<meta name=\"robots\" content=\"index, follow, max-snippet:-1, max-image-preview:large, max-video-preview:-1\" \/>\n<link rel=\"canonical\" href=\"https:\/\/eldiariodelaeducacion.com\/convivenciayeducacionenvalores\/2025\/10\/21\/cuando-la-innovacion-universitaria-tiene-alma\/\" \/>\n<meta property=\"og:locale\" content=\"es_ES\" \/>\n<meta property=\"og:type\" content=\"article\" \/>\n<meta property=\"og:title\" content=\"Cuando la innovaci\u00f3n universitaria tiene alma - Convivencia y educaci\u00f3n en valores\" \/>\n<meta property=\"og:description\" content=\"Las Distinciones Jaume Vicens Vives reconocen la excelencia y la innovaci\u00f3n docente en las universidades catalanas. La Universidad de Barcelona ha recibido este galard\u00f3n en dos ocasiones: en 2012, por la Facultad de Pedagog\u00eda, y en 2025, por el Grupo ApS UB. Dos hitos que marcan la evoluci\u00f3n del aprendizaje-servicio como modelo universitario de compromiso\" \/>\n<meta property=\"og:url\" content=\"https:\/\/eldiariodelaeducacion.com\/convivenciayeducacionenvalores\/2025\/10\/21\/cuando-la-innovacion-universitaria-tiene-alma\/\" \/>\n<meta property=\"og:site_name\" content=\"Convivencia y educaci\u00f3n en valores\" \/>\n<meta property=\"article:published_time\" content=\"2025-10-21T02:00:00+00:00\" \/>\n<meta property=\"og:image\" content=\"https:\/\/eldiariodelaeducacion.com\/convivenciayeducacionenvalores\/wp-content\/uploads\/sites\/18\/2025\/10\/16750403149_bb9bd61378_b1.jpg\" \/>\n\t<meta property=\"og:image:width\" content=\"1023\" \/>\n\t<meta property=\"og:image:height\" content=\"682\" \/>\n\t<meta property=\"og:image:type\" content=\"image\/jpeg\" \/>\n<meta name=\"author\" content=\"Anna Escofet\" \/>\n<meta name=\"twitter:card\" content=\"summary_large_image\" \/>\n<meta name=\"twitter:label1\" content=\"Escrito por\" \/>\n\t<meta name=\"twitter:data1\" content=\"Anna Escofet\" \/>\n\t<meta name=\"twitter:label2\" content=\"Tiempo de lectura\" \/>\n\t<meta name=\"twitter:data2\" content=\"5 minutos\" \/>\n<script type=\"application\/ld+json\" class=\"yoast-schema-graph\">{\"@context\":\"https:\\\/\\\/schema.org\",\"@graph\":[{\"@type\":\"Article\",\"@id\":\"https:\\\/\\\/eldiariodelaeducacion.com\\\/convivenciayeducacionenvalores\\\/2025\\\/10\\\/21\\\/cuando-la-innovacion-universitaria-tiene-alma\\\/#article\",\"isPartOf\":{\"@id\":\"https:\\\/\\\/eldiariodelaeducacion.com\\\/convivenciayeducacionenvalores\\\/2025\\\/10\\\/21\\\/cuando-la-innovacion-universitaria-tiene-alma\\\/\"},\"author\":{\"name\":\"Anna Escofet\",\"@id\":\"https:\\\/\\\/eldiariodelaeducacion.com\\\/convivenciayeducacionenvalores\\\/#\\\/schema\\\/person\\\/6c81ba9e7bd1460f2b410beb69b0dd8b\"},\"headline\":\"Cuando la innovaci\u00f3n universitaria tiene alma\",\"datePublished\":\"2025-10-21T02:00:00+00:00\",\"mainEntityOfPage\":{\"@id\":\"https:\\\/\\\/eldiariodelaeducacion.com\\\/convivenciayeducacionenvalores\\\/2025\\\/10\\\/21\\\/cuando-la-innovacion-universitaria-tiene-alma\\\/\"},\"wordCount\":972,\"commentCount\":0,\"image\":{\"@id\":\"https:\\\/\\\/eldiariodelaeducacion.com\\\/convivenciayeducacionenvalores\\\/2025\\\/10\\\/21\\\/cuando-la-innovacion-universitaria-tiene-alma\\\/#primaryimage\"},\"thumbnailUrl\":\"https:\\\/\\\/eldiariodelaeducacion.com\\\/convivenciayeducacionenvalores\\\/wp-content\\\/uploads\\\/sites\\\/18\\\/2025\\\/10\\\/16750403149_bb9bd61378_b1.jpg\",\"keywords\":[\"aprendizaje-servicio\",\"universidad\"],\"articleSection\":[\"ApS y Educaci\u00f3n en valores\"],\"inLanguage\":\"es\",\"potentialAction\":[{\"@type\":\"CommentAction\",\"name\":\"Comment\",\"target\":[\"https:\\\/\\\/eldiariodelaeducacion.com\\\/convivenciayeducacionenvalores\\\/2025\\\/10\\\/21\\\/cuando-la-innovacion-universitaria-tiene-alma\\\/#respond\"]}]},{\"@type\":\"WebPage\",\"@id\":\"https:\\\/\\\/eldiariodelaeducacion.com\\\/convivenciayeducacionenvalores\\\/2025\\\/10\\\/21\\\/cuando-la-innovacion-universitaria-tiene-alma\\\/\",\"url\":\"https:\\\/\\\/eldiariodelaeducacion.com\\\/convivenciayeducacionenvalores\\\/2025\\\/10\\\/21\\\/cuando-la-innovacion-universitaria-tiene-alma\\\/\",\"name\":\"Cuando la innovaci\u00f3n universitaria tiene alma - Convivencia y educaci\u00f3n en valores\",\"isPartOf\":{\"@id\":\"https:\\\/\\\/eldiariodelaeducacion.com\\\/convivenciayeducacionenvalores\\\/#website\"},\"primaryImageOfPage\":{\"@id\":\"https:\\\/\\\/eldiariodelaeducacion.com\\\/convivenciayeducacionenvalores\\\/2025\\\/10\\\/21\\\/cuando-la-innovacion-universitaria-tiene-alma\\\/#primaryimage\"},\"image\":{\"@id\":\"https:\\\/\\\/eldiariodelaeducacion.com\\\/convivenciayeducacionenvalores\\\/2025\\\/10\\\/21\\\/cuando-la-innovacion-universitaria-tiene-alma\\\/#primaryimage\"},\"thumbnailUrl\":\"https:\\\/\\\/eldiariodelaeducacion.com\\\/convivenciayeducacionenvalores\\\/wp-content\\\/uploads\\\/sites\\\/18\\\/2025\\\/10\\\/16750403149_bb9bd61378_b1.jpg\",\"datePublished\":\"2025-10-21T02:00:00+00:00\",\"author\":{\"@id\":\"https:\\\/\\\/eldiariodelaeducacion.com\\\/convivenciayeducacionenvalores\\\/#\\\/schema\\\/person\\\/6c81ba9e7bd1460f2b410beb69b0dd8b\"},\"breadcrumb\":{\"@id\":\"https:\\\/\\\/eldiariodelaeducacion.com\\\/convivenciayeducacionenvalores\\\/2025\\\/10\\\/21\\\/cuando-la-innovacion-universitaria-tiene-alma\\\/#breadcrumb\"},\"inLanguage\":\"es\",\"potentialAction\":[{\"@type\":\"ReadAction\",\"target\":[\"https:\\\/\\\/eldiariodelaeducacion.com\\\/convivenciayeducacionenvalores\\\/2025\\\/10\\\/21\\\/cuando-la-innovacion-universitaria-tiene-alma\\\/\"]}]},{\"@type\":\"ImageObject\",\"inLanguage\":\"es\",\"@id\":\"https:\\\/\\\/eldiariodelaeducacion.com\\\/convivenciayeducacionenvalores\\\/2025\\\/10\\\/21\\\/cuando-la-innovacion-universitaria-tiene-alma\\\/#primaryimage\",\"url\":\"https:\\\/\\\/eldiariodelaeducacion.com\\\/convivenciayeducacionenvalores\\\/wp-content\\\/uploads\\\/sites\\\/18\\\/2025\\\/10\\\/16750403149_bb9bd61378_b1.jpg\",\"contentUrl\":\"https:\\\/\\\/eldiariodelaeducacion.com\\\/convivenciayeducacionenvalores\\\/wp-content\\\/uploads\\\/sites\\\/18\\\/2025\\\/10\\\/16750403149_bb9bd61378_b1.jpg\",\"width\":1023,\"height\":682,\"caption\":\"Paraninfo de la UB. Foto: Universidad de Barcelona.\"},{\"@type\":\"BreadcrumbList\",\"@id\":\"https:\\\/\\\/eldiariodelaeducacion.com\\\/convivenciayeducacionenvalores\\\/2025\\\/10\\\/21\\\/cuando-la-innovacion-universitaria-tiene-alma\\\/#breadcrumb\",\"itemListElement\":[{\"@type\":\"ListItem\",\"position\":1,\"name\":\"Portada\",\"item\":\"https:\\\/\\\/eldiariodelaeducacion.com\\\/convivenciayeducacionenvalores\\\/\"},{\"@type\":\"ListItem\",\"position\":2,\"name\":\"Cuando la innovaci\u00f3n universitaria tiene alma\"}]},{\"@type\":\"WebSite\",\"@id\":\"https:\\\/\\\/eldiariodelaeducacion.com\\\/convivenciayeducacionenvalores\\\/#website\",\"url\":\"https:\\\/\\\/eldiariodelaeducacion.com\\\/convivenciayeducacionenvalores\\\/\",\"name\":\"Convivencia y educaci\u00f3n en valores\",\"description\":\"Un blog de El Diario de la Educaci\u00f3n\",\"potentialAction\":[{\"@type\":\"SearchAction\",\"target\":{\"@type\":\"EntryPoint\",\"urlTemplate\":\"https:\\\/\\\/eldiariodelaeducacion.com\\\/convivenciayeducacionenvalores\\\/?s={search_term_string}\"},\"query-input\":{\"@type\":\"PropertyValueSpecification\",\"valueRequired\":true,\"valueName\":\"search_term_string\"}}],\"inLanguage\":\"es\"},{\"@type\":\"Person\",\"@id\":\"https:\\\/\\\/eldiariodelaeducacion.com\\\/convivenciayeducacionenvalores\\\/#\\\/schema\\\/person\\\/6c81ba9e7bd1460f2b410beb69b0dd8b\",\"name\":\"Anna Escofet\",\"image\":{\"@type\":\"ImageObject\",\"inLanguage\":\"es\",\"@id\":\"https:\\\/\\\/secure.gravatar.com\\\/avatar\\\/0c810cbdf79fe56cca5cca71a6c74f28ae3ec1fad22eb5212c82a08edfd6ba81?s=96&d=mm&r=g\",\"url\":\"https:\\\/\\\/secure.gravatar.com\\\/avatar\\\/0c810cbdf79fe56cca5cca71a6c74f28ae3ec1fad22eb5212c82a08edfd6ba81?s=96&d=mm&r=g\",\"contentUrl\":\"https:\\\/\\\/secure.gravatar.com\\\/avatar\\\/0c810cbdf79fe56cca5cca71a6c74f28ae3ec1fad22eb5212c82a08edfd6ba81?s=96&d=mm&r=g\",\"caption\":\"Anna Escofet\"},\"url\":\"https:\\\/\\\/eldiariodelaeducacion.com\\\/convivenciayeducacionenvalores\\\/author\\\/escofet\\\/\"}]}<\/script>\n<!-- \/ Yoast SEO plugin. -->","yoast_head_json":{"title":"Cuando la innovaci\u00f3n universitaria tiene alma - Convivencia y educaci\u00f3n en valores","robots":{"index":"index","follow":"follow","max-snippet":"max-snippet:-1","max-image-preview":"max-image-preview:large","max-video-preview":"max-video-preview:-1"},"canonical":"https:\/\/eldiariodelaeducacion.com\/convivenciayeducacionenvalores\/2025\/10\/21\/cuando-la-innovacion-universitaria-tiene-alma\/","og_locale":"es_ES","og_type":"article","og_title":"Cuando la innovaci\u00f3n universitaria tiene alma - Convivencia y educaci\u00f3n en valores","og_description":"Las Distinciones Jaume Vicens Vives reconocen la excelencia y la innovaci\u00f3n docente en las universidades catalanas. La Universidad de Barcelona ha recibido este galard\u00f3n en dos ocasiones: en 2012, por la Facultad de Pedagog\u00eda, y en 2025, por el Grupo ApS UB. Dos hitos que marcan la evoluci\u00f3n del aprendizaje-servicio como modelo universitario de compromiso","og_url":"https:\/\/eldiariodelaeducacion.com\/convivenciayeducacionenvalores\/2025\/10\/21\/cuando-la-innovacion-universitaria-tiene-alma\/","og_site_name":"Convivencia y educaci\u00f3n en valores","article_published_time":"2025-10-21T02:00:00+00:00","og_image":[{"width":1023,"height":682,"url":"https:\/\/eldiariodelaeducacion.com\/convivenciayeducacionenvalores\/wp-content\/uploads\/sites\/18\/2025\/10\/16750403149_bb9bd61378_b1.jpg","type":"image\/jpeg"}],"author":"Anna Escofet","twitter_card":"summary_large_image","twitter_misc":{"Escrito por":"Anna Escofet","Tiempo de lectura":"5 minutos"},"schema":{"@context":"https:\/\/schema.org","@graph":[{"@type":"Article","@id":"https:\/\/eldiariodelaeducacion.com\/convivenciayeducacionenvalores\/2025\/10\/21\/cuando-la-innovacion-universitaria-tiene-alma\/#article","isPartOf":{"@id":"https:\/\/eldiariodelaeducacion.com\/convivenciayeducacionenvalores\/2025\/10\/21\/cuando-la-innovacion-universitaria-tiene-alma\/"},"author":{"name":"Anna Escofet","@id":"https:\/\/eldiariodelaeducacion.com\/convivenciayeducacionenvalores\/#\/schema\/person\/6c81ba9e7bd1460f2b410beb69b0dd8b"},"headline":"Cuando la innovaci\u00f3n universitaria tiene alma","datePublished":"2025-10-21T02:00:00+00:00","mainEntityOfPage":{"@id":"https:\/\/eldiariodelaeducacion.com\/convivenciayeducacionenvalores\/2025\/10\/21\/cuando-la-innovacion-universitaria-tiene-alma\/"},"wordCount":972,"commentCount":0,"image":{"@id":"https:\/\/eldiariodelaeducacion.com\/convivenciayeducacionenvalores\/2025\/10\/21\/cuando-la-innovacion-universitaria-tiene-alma\/#primaryimage"},"thumbnailUrl":"https:\/\/eldiariodelaeducacion.com\/convivenciayeducacionenvalores\/wp-content\/uploads\/sites\/18\/2025\/10\/16750403149_bb9bd61378_b1.jpg","keywords":["aprendizaje-servicio","universidad"],"articleSection":["ApS y Educaci\u00f3n en valores"],"inLanguage":"es","potentialAction":[{"@type":"CommentAction","name":"Comment","target":["https:\/\/eldiariodelaeducacion.com\/convivenciayeducacionenvalores\/2025\/10\/21\/cuando-la-innovacion-universitaria-tiene-alma\/#respond"]}]},{"@type":"WebPage","@id":"https:\/\/eldiariodelaeducacion.com\/convivenciayeducacionenvalores\/2025\/10\/21\/cuando-la-innovacion-universitaria-tiene-alma\/","url":"https:\/\/eldiariodelaeducacion.com\/convivenciayeducacionenvalores\/2025\/10\/21\/cuando-la-innovacion-universitaria-tiene-alma\/","name":"Cuando la innovaci\u00f3n universitaria tiene alma - Convivencia y educaci\u00f3n en valores","isPartOf":{"@id":"https:\/\/eldiariodelaeducacion.com\/convivenciayeducacionenvalores\/#website"},"primaryImageOfPage":{"@id":"https:\/\/eldiariodelaeducacion.com\/convivenciayeducacionenvalores\/2025\/10\/21\/cuando-la-innovacion-universitaria-tiene-alma\/#primaryimage"},"image":{"@id":"https:\/\/eldiariodelaeducacion.com\/convivenciayeducacionenvalores\/2025\/10\/21\/cuando-la-innovacion-universitaria-tiene-alma\/#primaryimage"},"thumbnailUrl":"https:\/\/eldiariodelaeducacion.com\/convivenciayeducacionenvalores\/wp-content\/uploads\/sites\/18\/2025\/10\/16750403149_bb9bd61378_b1.jpg","datePublished":"2025-10-21T02:00:00+00:00","author":{"@id":"https:\/\/eldiariodelaeducacion.com\/convivenciayeducacionenvalores\/#\/schema\/person\/6c81ba9e7bd1460f2b410beb69b0dd8b"},"breadcrumb":{"@id":"https:\/\/eldiariodelaeducacion.com\/convivenciayeducacionenvalores\/2025\/10\/21\/cuando-la-innovacion-universitaria-tiene-alma\/#breadcrumb"},"inLanguage":"es","potentialAction":[{"@type":"ReadAction","target":["https:\/\/eldiariodelaeducacion.com\/convivenciayeducacionenvalores\/2025\/10\/21\/cuando-la-innovacion-universitaria-tiene-alma\/"]}]},{"@type":"ImageObject","inLanguage":"es","@id":"https:\/\/eldiariodelaeducacion.com\/convivenciayeducacionenvalores\/2025\/10\/21\/cuando-la-innovacion-universitaria-tiene-alma\/#primaryimage","url":"https:\/\/eldiariodelaeducacion.com\/convivenciayeducacionenvalores\/wp-content\/uploads\/sites\/18\/2025\/10\/16750403149_bb9bd61378_b1.jpg","contentUrl":"https:\/\/eldiariodelaeducacion.com\/convivenciayeducacionenvalores\/wp-content\/uploads\/sites\/18\/2025\/10\/16750403149_bb9bd61378_b1.jpg","width":1023,"height":682,"caption":"Paraninfo de la UB. Foto: Universidad de Barcelona."},{"@type":"BreadcrumbList","@id":"https:\/\/eldiariodelaeducacion.com\/convivenciayeducacionenvalores\/2025\/10\/21\/cuando-la-innovacion-universitaria-tiene-alma\/#breadcrumb","itemListElement":[{"@type":"ListItem","position":1,"name":"Portada","item":"https:\/\/eldiariodelaeducacion.com\/convivenciayeducacionenvalores\/"},{"@type":"ListItem","position":2,"name":"Cuando la innovaci\u00f3n universitaria tiene alma"}]},{"@type":"WebSite","@id":"https:\/\/eldiariodelaeducacion.com\/convivenciayeducacionenvalores\/#website","url":"https:\/\/eldiariodelaeducacion.com\/convivenciayeducacionenvalores\/","name":"Convivencia y educaci\u00f3n en valores","description":"Un blog de El Diario de la Educaci\u00f3n","potentialAction":[{"@type":"SearchAction","target":{"@type":"EntryPoint","urlTemplate":"https:\/\/eldiariodelaeducacion.com\/convivenciayeducacionenvalores\/?s={search_term_string}"},"query-input":{"@type":"PropertyValueSpecification","valueRequired":true,"valueName":"search_term_string"}}],"inLanguage":"es"},{"@type":"Person","@id":"https:\/\/eldiariodelaeducacion.com\/convivenciayeducacionenvalores\/#\/schema\/person\/6c81ba9e7bd1460f2b410beb69b0dd8b","name":"Anna Escofet","image":{"@type":"ImageObject","inLanguage":"es","@id":"https:\/\/secure.gravatar.com\/avatar\/0c810cbdf79fe56cca5cca71a6c74f28ae3ec1fad22eb5212c82a08edfd6ba81?s=96&d=mm&r=g","url":"https:\/\/secure.gravatar.com\/avatar\/0c810cbdf79fe56cca5cca71a6c74f28ae3ec1fad22eb5212c82a08edfd6ba81?s=96&d=mm&r=g","contentUrl":"https:\/\/secure.gravatar.com\/avatar\/0c810cbdf79fe56cca5cca71a6c74f28ae3ec1fad22eb5212c82a08edfd6ba81?s=96&d=mm&r=g","caption":"Anna Escofet"},"url":"https:\/\/eldiariodelaeducacion.com\/convivenciayeducacionenvalores\/author\/escofet\/"}]}},"_links":{"self":[{"href":"https:\/\/eldiariodelaeducacion.com\/convivenciayeducacionenvalores\/wp-json\/wp\/v2\/posts\/1664","targetHints":{"allow":["GET"]}}],"collection":[{"href":"https:\/\/eldiariodelaeducacion.com\/convivenciayeducacionenvalores\/wp-json\/wp\/v2\/posts"}],"about":[{"href":"https:\/\/eldiariodelaeducacion.com\/convivenciayeducacionenvalores\/wp-json\/wp\/v2\/types\/post"}],"author":[{"embeddable":true,"href":"https:\/\/eldiariodelaeducacion.com\/convivenciayeducacionenvalores\/wp-json\/wp\/v2\/users\/158"}],"replies":[{"embeddable":true,"href":"https:\/\/eldiariodelaeducacion.com\/convivenciayeducacionenvalores\/wp-json\/wp\/v2\/comments?post=1664"}],"version-history":[{"count":2,"href":"https:\/\/eldiariodelaeducacion.com\/convivenciayeducacionenvalores\/wp-json\/wp\/v2\/posts\/1664\/revisions"}],"predecessor-version":[{"id":1669,"href":"https:\/\/eldiariodelaeducacion.com\/convivenciayeducacionenvalores\/wp-json\/wp\/v2\/posts\/1664\/revisions\/1669"}],"wp:featuredmedia":[{"embeddable":true,"href":"https:\/\/eldiariodelaeducacion.com\/convivenciayeducacionenvalores\/wp-json\/wp\/v2\/media\/1667"}],"wp:attachment":[{"href":"https:\/\/eldiariodelaeducacion.com\/convivenciayeducacionenvalores\/wp-json\/wp\/v2\/media?parent=1664"}],"wp:term":[{"taxonomy":"category","embeddable":true,"href":"https:\/\/eldiariodelaeducacion.com\/convivenciayeducacionenvalores\/wp-json\/wp\/v2\/categories?post=1664"},{"taxonomy":"post_tag","embeddable":true,"href":"https:\/\/eldiariodelaeducacion.com\/convivenciayeducacionenvalores\/wp-json\/wp\/v2\/tags?post=1664"},{"taxonomy":"tipo","embeddable":true,"href":"https:\/\/eldiariodelaeducacion.com\/convivenciayeducacionenvalores\/wp-json\/wp\/v2\/tipo?post=1664"}],"curies":[{"name":"wp","href":"https:\/\/api.w.org\/{rel}","templated":true}]}}