{"id":1733,"date":"2026-04-28T06:00:00","date_gmt":"2026-04-28T04:00:00","guid":{"rendered":"https:\/\/eldiariodelaeducacion.com\/convivenciayeducacionenvalores\/?p=1733"},"modified":"2026-04-27T10:46:11","modified_gmt":"2026-04-27T08:46:11","slug":"educacion-buen-vivir-alternativa-educativa-crisis-global","status":"publish","type":"post","link":"https:\/\/eldiariodelaeducacion.com\/convivenciayeducacionenvalores\/2026\/04\/28\/educacion-buen-vivir-alternativa-educativa-crisis-global\/","title":{"rendered":"El buen vivir: una educaci\u00f3n para toda la vida"},"content":{"rendered":"\n<p>Con demasiada frecuencia hemos visto c\u00f3mo los relatos educativos quedan encerrados en s\u00ed mismos, como en un bucle repetitivo. Sabemos que l<strong>a educaci\u00f3n es sist\u00e9mica<\/strong>. No podemos hablar de <strong>educaci\u00f3n <\/strong>sin hablar de <strong>econom\u00eda<\/strong>, de los <strong>problemas medioambientales,<\/strong> de las <strong>migraciones<\/strong>, de c\u00f3mo se est\u00e1 organizando esta <strong>nueva sociedad neofeudal<\/strong>, de qu\u00e9 alternativas est\u00e1n apareciendo y de qu\u00e9 respuesta educativa damos.<\/p>\n\n\n\n<p>En momentos de crisis como los que estamos viviendo, vale la pena ver qu\u00e9 pueden aportarnos formas de pensar diferentes, salir de nuestro discurso y ampliar la mirada. Una de estas propuestas es la que hace unos a\u00f1os nos lleg\u00f3 desde los pueblos andinos y amaz\u00f3nicos y que se consolida como una de las alternativas de vida a este sistema actual. Hablamos del Buen Vivir, una manera de entender el mundo y las relaciones humanas que nos abre interesantes espacios de reflexi\u00f3n y de acci\u00f3n educativa.<\/p>\n\n\n\n<p>\u00bfQu\u00e9 define el Buen Vivir? Frente al consumismo, el Buen Vivir plantea la austeridad como un aspecto importante para vivir bien. Una austeridad que, al mismo tiempo que cubra las necesidades b\u00e1sicas de todas las personas, posibilite las diferentes formas de vida del planeta. As\u00ed, para vivir bien no debemos entrar en una carrera consumista, sino educar en un sentido cr\u00edtico de los usos que hacemos de la energ\u00eda, de los recursos naturales, de la alimentaci\u00f3n o de c\u00f3mo cuidamos la tierra. Uno de los ejemplos es c\u00f3mo, frente a la agricultura industrial dominante, el Buen Vivir nos presenta una agricultura que, siguiendo los ritmos de la tierra, sea capaz de alimentar de manera sana, variada y saludable a la poblaci\u00f3n. Es el primer paso para una buena salud y habr\u00eda que reclamar a los gobiernos una Seguridad Social que garantice que una alimentaci\u00f3n sana y de proximidad llegue a todas las personas.<\/p>\n\n\n\n<p>Otro pilar fundamental del Buen Vivir es la vida comunitaria: una persona no puede vivir bien si la comunidad no vive bien. La importancia de una vida comunitaria, de una \u00e9tica social y de lo com\u00fan tiene una gran relevancia y constituye una opci\u00f3n seria para salir de la crisis civilizatoria actual. Conjugar este sentido comunitario y el v\u00ednculo con la naturaleza, con sus l\u00edmites y con c\u00f3mo se reparten los recursos es lo que debe configurar pol\u00edticas p\u00fablicas de educaci\u00f3n, de salud, de alimentaci\u00f3n, de cultura, de vivienda y, al mismo tiempo, generar espacios de intercambio, de encuentro con los dem\u00e1s, de cuidado mutuo\u2026 y, en armon\u00eda con la naturaleza, es lo que puede conducirnos a una vida de bienestar.<\/p>\n\n\n\n<p>Lo com\u00fan no debe entenderse como una imposici\u00f3n moral desde el poder, sino a partir de la necesidad de desarrollo mutuo entre las personas y los dem\u00e1s seres. Tal como muestran muchos de los estudios m\u00e1s avanzados, las especies han superado crisis importantes cuando han colaborado entre ellas, no cuando han luchado por ver qui\u00e9n las domina, lo que las ha llevado a la autodestrucci\u00f3n.<\/p>\n\n\n\n<p>Esta vivencia de lo com\u00fan se extiende tambi\u00e9n a las relaciones que debemos tener con nuestra casa com\u00fan, el planeta Tierra. Desarrollar valores para una \u00e9tica c\u00f3smica y de justicia ecol\u00f3gica tambi\u00e9n forma parte del Buen Vivir, entendiendo que no estamos solos en el mundo: somos ecodependientes y formamos parte del planeta y del cosmos y, al mismo tiempo, somos interdependientes; nos necesitamos unos a otros y nuestras acciones tienen repercusiones no solo en el presente, sino tambi\u00e9n en el futuro, como bien nos describe la \u00e9tica de las siete generaciones: cuando realices una acci\u00f3n en tu vida, piensa en las repercusiones que puede tener hasta siete generaciones futuras, principio que la UNESCO recogi\u00f3 en 1997 en la Declaraci\u00f3n sobre la \u00e9tica de las generaciones.<\/p>\n\n\n\n<p>Todos estos principios nos abren importantes espacios de reflexi\u00f3n y de debate a la hora de plantearnos la educaci\u00f3n en el momento actual. C\u00f3mo educamos para una vida comunitaria fomentando la democracia, la aceptaci\u00f3n de la diversidad cultural, el di\u00e1logo, los liderazgos \u2014tambi\u00e9n los horizontales\u2014, el encuentro; c\u00f3mo establecemos las relaciones emocionales y afectivas con la importancia que tienen los cuidados para la vida, o c\u00f3mo cambiamos los patrones de consumo hacia una austeridad que asegure los recursos para todas las personas, tambi\u00e9n para las futuras generaciones, son algunos de los mensajes educativos que nos aporta el Buen Vivir. Una apuesta que no debe entenderse como una suma de actividades o valores independientes, sino como un todo. No pueden entenderse unos al margen de los otros: no podemos hablar de educaci\u00f3n democr\u00e1tica si no hablamos de justicia ecol\u00f3gica, ni podemos hablar de una vida austera sin hablar de c\u00f3mo se reparten los recursos disponibles.<\/p>\n\n\n\n<p>Educar para el Buen Vivir no se agota en los tiempos y espacios escolares, sino que es un proceso de educaci\u00f3n a lo largo de toda la vida. Se apuesta por reconocer que todas las personas son v\u00e1lidas y necesarias en cualquier momento, desde la infancia hasta la muerte, y cada una, con una actitud de asombro permanente ante la vida, debe ir buscando en las distintas etapas cu\u00e1l es su respuesta vital y armoniosa consigo misma, con la comunidad y con la naturaleza.<\/p>\n\n\n\n<p>Y, de este modo, tal como nos ense\u00f1a el Buen Vivir, ir construyendo una vida individual y colectiva como si fuera la creaci\u00f3n de una obra de arte.<\/p>\n","protected":false},"excerpt":{"rendered":"<p>El Buen Vivir nos invita a repensar la educaci\u00f3n m\u00e1s all\u00e1 de la escuela y del consumismo. Desde una mirada comunitaria, ecol\u00f3gica e interdependiente, plantea una vida austera pero plena, arraigada en el cuidado, la justicia y el bien com\u00fan. En tiempos de crisis, esta propuesta abre nuevos horizontes para educar personas capaces de vivir en armon\u00eda con los dem\u00e1s, con la naturaleza y con el futuro.<\/p>\n","protected":false},"author":157,"featured_media":1734,"comment_status":"open","ping_status":"open","sticky":false,"template":"","format":"standard","meta":{"footnotes":""},"categories":[43],"tags":[68,19],"tipo":[45],"class_list":{"0":"post-1733","1":"post","2":"type-post","3":"status-publish","4":"format-standard","5":"has-post-thumbnail","7":"category-aps-y-educacion-en-valores","8":"tag-buen-vivir","9":"tag-convivencia","10":"tipo-opinion"},"yoast_head":"<!-- This site is optimized with the Yoast SEO plugin v27.5 - https:\/\/yoast.com\/product\/yoast-seo-wordpress\/ -->\n<title>El buen vivir: una educaci\u00f3n para toda la vida - Convivencia y educaci\u00f3n en valores<\/title>\n<meta name=\"description\" content=\"El Buen Vivir propone una educaci\u00f3n basada en la comunidad, la sostenibilidad y la justicia ecol\u00f3gica como alternativa a la crisis global y al modelo consumista actual.\" \/>\n<meta name=\"robots\" content=\"index, follow, max-snippet:-1, max-image-preview:large, max-video-preview:-1\" \/>\n<link rel=\"canonical\" href=\"https:\/\/eldiariodelaeducacion.com\/convivenciayeducacionenvalores\/2026\/04\/28\/educacion-buen-vivir-alternativa-educativa-crisis-global\/\" \/>\n<meta property=\"og:locale\" content=\"es_ES\" \/>\n<meta property=\"og:type\" content=\"article\" \/>\n<meta property=\"og:title\" content=\"El buen vivir: una educaci\u00f3n para toda la vida - Convivencia y educaci\u00f3n en valores\" \/>\n<meta property=\"og:description\" content=\"El Buen Vivir propone una educaci\u00f3n basada en la comunidad, la sostenibilidad y la justicia ecol\u00f3gica como alternativa a la crisis global y al modelo consumista actual.\" \/>\n<meta property=\"og:url\" content=\"https:\/\/eldiariodelaeducacion.com\/convivenciayeducacionenvalores\/2026\/04\/28\/educacion-buen-vivir-alternativa-educativa-crisis-global\/\" \/>\n<meta property=\"og:site_name\" content=\"Convivencia y educaci\u00f3n en valores\" \/>\n<meta property=\"article:published_time\" content=\"2026-04-28T04:00:00+00:00\" \/>\n<meta property=\"og:image\" content=\"https:\/\/eldiariodelaeducacion.com\/convivenciayeducacionenvalores\/wp-content\/uploads\/sites\/18\/2026\/04\/people-planting-tree-countryside.jpg\" \/>\n\t<meta property=\"og:image:width\" content=\"1000\" \/>\n\t<meta property=\"og:image:height\" content=\"667\" \/>\n\t<meta property=\"og:image:type\" content=\"image\/jpeg\" \/>\n<meta name=\"author\" content=\"Agust\u00ed Corominas\" \/>\n<meta name=\"twitter:card\" content=\"summary_large_image\" \/>\n<meta name=\"twitter:label1\" content=\"Escrito por\" \/>\n\t<meta name=\"twitter:data1\" content=\"Agust\u00ed Corominas\" \/>\n\t<meta name=\"twitter:label2\" content=\"Tiempo de lectura\" \/>\n\t<meta name=\"twitter:data2\" content=\"5 minutos\" \/>\n<script type=\"application\/ld+json\" class=\"yoast-schema-graph\">{\"@context\":\"https:\\\/\\\/schema.org\",\"@graph\":[{\"@type\":\"Article\",\"@id\":\"https:\\\/\\\/eldiariodelaeducacion.com\\\/convivenciayeducacionenvalores\\\/2026\\\/04\\\/28\\\/educacion-buen-vivir-alternativa-educativa-crisis-global\\\/#article\",\"isPartOf\":{\"@id\":\"https:\\\/\\\/eldiariodelaeducacion.com\\\/convivenciayeducacionenvalores\\\/2026\\\/04\\\/28\\\/educacion-buen-vivir-alternativa-educativa-crisis-global\\\/\"},\"author\":{\"name\":\"Agust\u00ed Corominas\",\"@id\":\"https:\\\/\\\/eldiariodelaeducacion.com\\\/convivenciayeducacionenvalores\\\/#\\\/schema\\\/person\\\/1f92cb04b6b796882729ce9090bda116\"},\"headline\":\"El buen vivir: una educaci\u00f3n para toda la vida\",\"datePublished\":\"2026-04-28T04:00:00+00:00\",\"mainEntityOfPage\":{\"@id\":\"https:\\\/\\\/eldiariodelaeducacion.com\\\/convivenciayeducacionenvalores\\\/2026\\\/04\\\/28\\\/educacion-buen-vivir-alternativa-educativa-crisis-global\\\/\"},\"wordCount\":950,\"commentCount\":0,\"image\":{\"@id\":\"https:\\\/\\\/eldiariodelaeducacion.com\\\/convivenciayeducacionenvalores\\\/2026\\\/04\\\/28\\\/educacion-buen-vivir-alternativa-educativa-crisis-global\\\/#primaryimage\"},\"thumbnailUrl\":\"https:\\\/\\\/eldiariodelaeducacion.com\\\/convivenciayeducacionenvalores\\\/wp-content\\\/uploads\\\/sites\\\/18\\\/2026\\\/04\\\/people-planting-tree-countryside.jpg\",\"keywords\":[\"buen vivir\",\"convivencia\"],\"articleSection\":[\"ApS y Educaci\u00f3n en valores\"],\"inLanguage\":\"es\",\"potentialAction\":[{\"@type\":\"CommentAction\",\"name\":\"Comment\",\"target\":[\"https:\\\/\\\/eldiariodelaeducacion.com\\\/convivenciayeducacionenvalores\\\/2026\\\/04\\\/28\\\/educacion-buen-vivir-alternativa-educativa-crisis-global\\\/#respond\"]}]},{\"@type\":\"WebPage\",\"@id\":\"https:\\\/\\\/eldiariodelaeducacion.com\\\/convivenciayeducacionenvalores\\\/2026\\\/04\\\/28\\\/educacion-buen-vivir-alternativa-educativa-crisis-global\\\/\",\"url\":\"https:\\\/\\\/eldiariodelaeducacion.com\\\/convivenciayeducacionenvalores\\\/2026\\\/04\\\/28\\\/educacion-buen-vivir-alternativa-educativa-crisis-global\\\/\",\"name\":\"El buen vivir: una educaci\u00f3n para toda la vida - Convivencia y educaci\u00f3n en valores\",\"isPartOf\":{\"@id\":\"https:\\\/\\\/eldiariodelaeducacion.com\\\/convivenciayeducacionenvalores\\\/#website\"},\"primaryImageOfPage\":{\"@id\":\"https:\\\/\\\/eldiariodelaeducacion.com\\\/convivenciayeducacionenvalores\\\/2026\\\/04\\\/28\\\/educacion-buen-vivir-alternativa-educativa-crisis-global\\\/#primaryimage\"},\"image\":{\"@id\":\"https:\\\/\\\/eldiariodelaeducacion.com\\\/convivenciayeducacionenvalores\\\/2026\\\/04\\\/28\\\/educacion-buen-vivir-alternativa-educativa-crisis-global\\\/#primaryimage\"},\"thumbnailUrl\":\"https:\\\/\\\/eldiariodelaeducacion.com\\\/convivenciayeducacionenvalores\\\/wp-content\\\/uploads\\\/sites\\\/18\\\/2026\\\/04\\\/people-planting-tree-countryside.jpg\",\"datePublished\":\"2026-04-28T04:00:00+00:00\",\"author\":{\"@id\":\"https:\\\/\\\/eldiariodelaeducacion.com\\\/convivenciayeducacionenvalores\\\/#\\\/schema\\\/person\\\/1f92cb04b6b796882729ce9090bda116\"},\"description\":\"El Buen Vivir propone una educaci\u00f3n basada en la comunidad, la sostenibilidad y la justicia ecol\u00f3gica como alternativa a la crisis global y al modelo consumista actual.\",\"breadcrumb\":{\"@id\":\"https:\\\/\\\/eldiariodelaeducacion.com\\\/convivenciayeducacionenvalores\\\/2026\\\/04\\\/28\\\/educacion-buen-vivir-alternativa-educativa-crisis-global\\\/#breadcrumb\"},\"inLanguage\":\"es\",\"potentialAction\":[{\"@type\":\"ReadAction\",\"target\":[\"https:\\\/\\\/eldiariodelaeducacion.com\\\/convivenciayeducacionenvalores\\\/2026\\\/04\\\/28\\\/educacion-buen-vivir-alternativa-educativa-crisis-global\\\/\"]}]},{\"@type\":\"ImageObject\",\"inLanguage\":\"es\",\"@id\":\"https:\\\/\\\/eldiariodelaeducacion.com\\\/convivenciayeducacionenvalores\\\/2026\\\/04\\\/28\\\/educacion-buen-vivir-alternativa-educativa-crisis-global\\\/#primaryimage\",\"url\":\"https:\\\/\\\/eldiariodelaeducacion.com\\\/convivenciayeducacionenvalores\\\/wp-content\\\/uploads\\\/sites\\\/18\\\/2026\\\/04\\\/people-planting-tree-countryside.jpg\",\"contentUrl\":\"https:\\\/\\\/eldiariodelaeducacion.com\\\/convivenciayeducacionenvalores\\\/wp-content\\\/uploads\\\/sites\\\/18\\\/2026\\\/04\\\/people-planting-tree-countryside.jpg\",\"width\":1000,\"height\":667,\"caption\":\"Freepik\"},{\"@type\":\"BreadcrumbList\",\"@id\":\"https:\\\/\\\/eldiariodelaeducacion.com\\\/convivenciayeducacionenvalores\\\/2026\\\/04\\\/28\\\/educacion-buen-vivir-alternativa-educativa-crisis-global\\\/#breadcrumb\",\"itemListElement\":[{\"@type\":\"ListItem\",\"position\":1,\"name\":\"Portada\",\"item\":\"https:\\\/\\\/eldiariodelaeducacion.com\\\/convivenciayeducacionenvalores\\\/\"},{\"@type\":\"ListItem\",\"position\":2,\"name\":\"El buen vivir: una educaci\u00f3n para toda la vida\"}]},{\"@type\":\"WebSite\",\"@id\":\"https:\\\/\\\/eldiariodelaeducacion.com\\\/convivenciayeducacionenvalores\\\/#website\",\"url\":\"https:\\\/\\\/eldiariodelaeducacion.com\\\/convivenciayeducacionenvalores\\\/\",\"name\":\"Convivencia y educaci\u00f3n en valores\",\"description\":\"Un blog de El Diario de la Educaci\u00f3n\",\"potentialAction\":[{\"@type\":\"SearchAction\",\"target\":{\"@type\":\"EntryPoint\",\"urlTemplate\":\"https:\\\/\\\/eldiariodelaeducacion.com\\\/convivenciayeducacionenvalores\\\/?s={search_term_string}\"},\"query-input\":{\"@type\":\"PropertyValueSpecification\",\"valueRequired\":true,\"valueName\":\"search_term_string\"}}],\"inLanguage\":\"es\"},{\"@type\":\"Person\",\"@id\":\"https:\\\/\\\/eldiariodelaeducacion.com\\\/convivenciayeducacionenvalores\\\/#\\\/schema\\\/person\\\/1f92cb04b6b796882729ce9090bda116\",\"name\":\"Agust\u00ed Corominas\",\"image\":{\"@type\":\"ImageObject\",\"inLanguage\":\"es\",\"@id\":\"https:\\\/\\\/secure.gravatar.com\\\/avatar\\\/7639ca1617f4a338e64fd0344356ae39033dd41460a4c32dbaba5d103ca2e75a?s=96&d=mm&r=g\",\"url\":\"https:\\\/\\\/secure.gravatar.com\\\/avatar\\\/7639ca1617f4a338e64fd0344356ae39033dd41460a4c32dbaba5d103ca2e75a?s=96&d=mm&r=g\",\"contentUrl\":\"https:\\\/\\\/secure.gravatar.com\\\/avatar\\\/7639ca1617f4a338e64fd0344356ae39033dd41460a4c32dbaba5d103ca2e75a?s=96&d=mm&r=g\",\"caption\":\"Agust\u00ed Corominas\"},\"url\":\"https:\\\/\\\/eldiariodelaeducacion.com\\\/convivenciayeducacionenvalores\\\/author\\\/agustincorominas\\\/\"}]}<\/script>\n<!-- \/ Yoast SEO plugin. -->","yoast_head_json":{"title":"El buen vivir: una educaci\u00f3n para toda la vida - Convivencia y educaci\u00f3n en valores","description":"El Buen Vivir propone una educaci\u00f3n basada en la comunidad, la sostenibilidad y la justicia ecol\u00f3gica como alternativa a la crisis global y al modelo consumista actual.","robots":{"index":"index","follow":"follow","max-snippet":"max-snippet:-1","max-image-preview":"max-image-preview:large","max-video-preview":"max-video-preview:-1"},"canonical":"https:\/\/eldiariodelaeducacion.com\/convivenciayeducacionenvalores\/2026\/04\/28\/educacion-buen-vivir-alternativa-educativa-crisis-global\/","og_locale":"es_ES","og_type":"article","og_title":"El buen vivir: una educaci\u00f3n para toda la vida - Convivencia y educaci\u00f3n en valores","og_description":"El Buen Vivir propone una educaci\u00f3n basada en la comunidad, la sostenibilidad y la justicia ecol\u00f3gica como alternativa a la crisis global y al modelo consumista actual.","og_url":"https:\/\/eldiariodelaeducacion.com\/convivenciayeducacionenvalores\/2026\/04\/28\/educacion-buen-vivir-alternativa-educativa-crisis-global\/","og_site_name":"Convivencia y educaci\u00f3n en valores","article_published_time":"2026-04-28T04:00:00+00:00","og_image":[{"width":1000,"height":667,"url":"https:\/\/eldiariodelaeducacion.com\/convivenciayeducacionenvalores\/wp-content\/uploads\/sites\/18\/2026\/04\/people-planting-tree-countryside.jpg","type":"image\/jpeg"}],"author":"Agust\u00ed Corominas","twitter_card":"summary_large_image","twitter_misc":{"Escrito por":"Agust\u00ed Corominas","Tiempo de lectura":"5 minutos"},"schema":{"@context":"https:\/\/schema.org","@graph":[{"@type":"Article","@id":"https:\/\/eldiariodelaeducacion.com\/convivenciayeducacionenvalores\/2026\/04\/28\/educacion-buen-vivir-alternativa-educativa-crisis-global\/#article","isPartOf":{"@id":"https:\/\/eldiariodelaeducacion.com\/convivenciayeducacionenvalores\/2026\/04\/28\/educacion-buen-vivir-alternativa-educativa-crisis-global\/"},"author":{"name":"Agust\u00ed Corominas","@id":"https:\/\/eldiariodelaeducacion.com\/convivenciayeducacionenvalores\/#\/schema\/person\/1f92cb04b6b796882729ce9090bda116"},"headline":"El buen vivir: una educaci\u00f3n para toda la vida","datePublished":"2026-04-28T04:00:00+00:00","mainEntityOfPage":{"@id":"https:\/\/eldiariodelaeducacion.com\/convivenciayeducacionenvalores\/2026\/04\/28\/educacion-buen-vivir-alternativa-educativa-crisis-global\/"},"wordCount":950,"commentCount":0,"image":{"@id":"https:\/\/eldiariodelaeducacion.com\/convivenciayeducacionenvalores\/2026\/04\/28\/educacion-buen-vivir-alternativa-educativa-crisis-global\/#primaryimage"},"thumbnailUrl":"https:\/\/eldiariodelaeducacion.com\/convivenciayeducacionenvalores\/wp-content\/uploads\/sites\/18\/2026\/04\/people-planting-tree-countryside.jpg","keywords":["buen vivir","convivencia"],"articleSection":["ApS y Educaci\u00f3n en valores"],"inLanguage":"es","potentialAction":[{"@type":"CommentAction","name":"Comment","target":["https:\/\/eldiariodelaeducacion.com\/convivenciayeducacionenvalores\/2026\/04\/28\/educacion-buen-vivir-alternativa-educativa-crisis-global\/#respond"]}]},{"@type":"WebPage","@id":"https:\/\/eldiariodelaeducacion.com\/convivenciayeducacionenvalores\/2026\/04\/28\/educacion-buen-vivir-alternativa-educativa-crisis-global\/","url":"https:\/\/eldiariodelaeducacion.com\/convivenciayeducacionenvalores\/2026\/04\/28\/educacion-buen-vivir-alternativa-educativa-crisis-global\/","name":"El buen vivir: una educaci\u00f3n para toda la vida - Convivencia y educaci\u00f3n en valores","isPartOf":{"@id":"https:\/\/eldiariodelaeducacion.com\/convivenciayeducacionenvalores\/#website"},"primaryImageOfPage":{"@id":"https:\/\/eldiariodelaeducacion.com\/convivenciayeducacionenvalores\/2026\/04\/28\/educacion-buen-vivir-alternativa-educativa-crisis-global\/#primaryimage"},"image":{"@id":"https:\/\/eldiariodelaeducacion.com\/convivenciayeducacionenvalores\/2026\/04\/28\/educacion-buen-vivir-alternativa-educativa-crisis-global\/#primaryimage"},"thumbnailUrl":"https:\/\/eldiariodelaeducacion.com\/convivenciayeducacionenvalores\/wp-content\/uploads\/sites\/18\/2026\/04\/people-planting-tree-countryside.jpg","datePublished":"2026-04-28T04:00:00+00:00","author":{"@id":"https:\/\/eldiariodelaeducacion.com\/convivenciayeducacionenvalores\/#\/schema\/person\/1f92cb04b6b796882729ce9090bda116"},"description":"El Buen Vivir propone una educaci\u00f3n basada en la comunidad, la sostenibilidad y la justicia ecol\u00f3gica como alternativa a la crisis global y al modelo consumista actual.","breadcrumb":{"@id":"https:\/\/eldiariodelaeducacion.com\/convivenciayeducacionenvalores\/2026\/04\/28\/educacion-buen-vivir-alternativa-educativa-crisis-global\/#breadcrumb"},"inLanguage":"es","potentialAction":[{"@type":"ReadAction","target":["https:\/\/eldiariodelaeducacion.com\/convivenciayeducacionenvalores\/2026\/04\/28\/educacion-buen-vivir-alternativa-educativa-crisis-global\/"]}]},{"@type":"ImageObject","inLanguage":"es","@id":"https:\/\/eldiariodelaeducacion.com\/convivenciayeducacionenvalores\/2026\/04\/28\/educacion-buen-vivir-alternativa-educativa-crisis-global\/#primaryimage","url":"https:\/\/eldiariodelaeducacion.com\/convivenciayeducacionenvalores\/wp-content\/uploads\/sites\/18\/2026\/04\/people-planting-tree-countryside.jpg","contentUrl":"https:\/\/eldiariodelaeducacion.com\/convivenciayeducacionenvalores\/wp-content\/uploads\/sites\/18\/2026\/04\/people-planting-tree-countryside.jpg","width":1000,"height":667,"caption":"Freepik"},{"@type":"BreadcrumbList","@id":"https:\/\/eldiariodelaeducacion.com\/convivenciayeducacionenvalores\/2026\/04\/28\/educacion-buen-vivir-alternativa-educativa-crisis-global\/#breadcrumb","itemListElement":[{"@type":"ListItem","position":1,"name":"Portada","item":"https:\/\/eldiariodelaeducacion.com\/convivenciayeducacionenvalores\/"},{"@type":"ListItem","position":2,"name":"El buen vivir: una educaci\u00f3n para toda la vida"}]},{"@type":"WebSite","@id":"https:\/\/eldiariodelaeducacion.com\/convivenciayeducacionenvalores\/#website","url":"https:\/\/eldiariodelaeducacion.com\/convivenciayeducacionenvalores\/","name":"Convivencia y educaci\u00f3n en valores","description":"Un blog de El Diario de la Educaci\u00f3n","potentialAction":[{"@type":"SearchAction","target":{"@type":"EntryPoint","urlTemplate":"https:\/\/eldiariodelaeducacion.com\/convivenciayeducacionenvalores\/?s={search_term_string}"},"query-input":{"@type":"PropertyValueSpecification","valueRequired":true,"valueName":"search_term_string"}}],"inLanguage":"es"},{"@type":"Person","@id":"https:\/\/eldiariodelaeducacion.com\/convivenciayeducacionenvalores\/#\/schema\/person\/1f92cb04b6b796882729ce9090bda116","name":"Agust\u00ed Corominas","image":{"@type":"ImageObject","inLanguage":"es","@id":"https:\/\/secure.gravatar.com\/avatar\/7639ca1617f4a338e64fd0344356ae39033dd41460a4c32dbaba5d103ca2e75a?s=96&d=mm&r=g","url":"https:\/\/secure.gravatar.com\/avatar\/7639ca1617f4a338e64fd0344356ae39033dd41460a4c32dbaba5d103ca2e75a?s=96&d=mm&r=g","contentUrl":"https:\/\/secure.gravatar.com\/avatar\/7639ca1617f4a338e64fd0344356ae39033dd41460a4c32dbaba5d103ca2e75a?s=96&d=mm&r=g","caption":"Agust\u00ed Corominas"},"url":"https:\/\/eldiariodelaeducacion.com\/convivenciayeducacionenvalores\/author\/agustincorominas\/"}]}},"_links":{"self":[{"href":"https:\/\/eldiariodelaeducacion.com\/convivenciayeducacionenvalores\/wp-json\/wp\/v2\/posts\/1733","targetHints":{"allow":["GET"]}}],"collection":[{"href":"https:\/\/eldiariodelaeducacion.com\/convivenciayeducacionenvalores\/wp-json\/wp\/v2\/posts"}],"about":[{"href":"https:\/\/eldiariodelaeducacion.com\/convivenciayeducacionenvalores\/wp-json\/wp\/v2\/types\/post"}],"author":[{"embeddable":true,"href":"https:\/\/eldiariodelaeducacion.com\/convivenciayeducacionenvalores\/wp-json\/wp\/v2\/users\/157"}],"replies":[{"embeddable":true,"href":"https:\/\/eldiariodelaeducacion.com\/convivenciayeducacionenvalores\/wp-json\/wp\/v2\/comments?post=1733"}],"version-history":[{"count":1,"href":"https:\/\/eldiariodelaeducacion.com\/convivenciayeducacionenvalores\/wp-json\/wp\/v2\/posts\/1733\/revisions"}],"predecessor-version":[{"id":1735,"href":"https:\/\/eldiariodelaeducacion.com\/convivenciayeducacionenvalores\/wp-json\/wp\/v2\/posts\/1733\/revisions\/1735"}],"wp:featuredmedia":[{"embeddable":true,"href":"https:\/\/eldiariodelaeducacion.com\/convivenciayeducacionenvalores\/wp-json\/wp\/v2\/media\/1734"}],"wp:attachment":[{"href":"https:\/\/eldiariodelaeducacion.com\/convivenciayeducacionenvalores\/wp-json\/wp\/v2\/media?parent=1733"}],"wp:term":[{"taxonomy":"category","embeddable":true,"href":"https:\/\/eldiariodelaeducacion.com\/convivenciayeducacionenvalores\/wp-json\/wp\/v2\/categories?post=1733"},{"taxonomy":"post_tag","embeddable":true,"href":"https:\/\/eldiariodelaeducacion.com\/convivenciayeducacionenvalores\/wp-json\/wp\/v2\/tags?post=1733"},{"taxonomy":"tipo","embeddable":true,"href":"https:\/\/eldiariodelaeducacion.com\/convivenciayeducacionenvalores\/wp-json\/wp\/v2\/tipo?post=1733"}],"curies":[{"name":"wp","href":"https:\/\/api.w.org\/{rel}","templated":true}]}}