{"id":199,"date":"2018-04-24T07:50:38","date_gmt":"2018-04-24T07:50:38","guid":{"rendered":"http:\/\/eldiariodelaeducacion.test\/convivenciayeducacionenvalores\/\/?p=199"},"modified":"2024-08-20T18:02:26","modified_gmt":"2024-08-20T16:02:26","slug":"calcetines-y-valores-en-la-escuela-infantil","status":"publish","type":"post","link":"https:\/\/eldiariodelaeducacion.com\/convivenciayeducacionenvalores\/2018\/04\/24\/calcetines-y-valores-en-la-escuela-infantil\/","title":{"rendered":"Calcetines y valores en la escuela infantil"},"content":{"rendered":"<p>Los ni\u00f1os y ni\u00f1as de entre dos y tres a\u00f1os tienen un problema con los calcetines y tambi\u00e9n con los zapatos: a muchos les cuesta ponerse tanto una cosa como la otra. Pero de los problemas siempre se puede sacar algo positivo y, en nuestro caso, resulta que los calcetines y los zapatos -vaya, pon\u00e9rselos- son una magn\u00edfica oportunidad de manifestar valores y de ir convirti\u00e9ndolos en h\u00e1bitos arraigados. Os explicamos una escena que seguro que ya hab\u00e9is visto, pero que nos parece reveladora.<\/p>\n<p>Juan est\u00e1 despertando de la siesta, se mueve despacio, se frota los ojos, bosteza y se sienta sobre el colch\u00f3n. Como un aut\u00f3mata, estira el brazo, coge los zapatos, se los acerca y se mira los pies. Un calcet\u00edn lo tiene casi fuera del pie y el otro arrugado y desplazado de su sitio. Hoy tiene suerte: estira el izquierdo hacia arriba y a la primera le queda bastante bien puesto. Por aproximaciones va encajando el tal\u00f3n del derecho con el pie y tambi\u00e9n lo consigue. Ahora los zapatos. Coge uno y trata de pon\u00e9rselo con poco \u00e9xito, prueba repetidamente, pero acaba por levantar la cabeza y buscar la mirada de la maestra para pedirle ayuda con una sonrisa. La maestra le mira con complicidad, se le acerca y cambia los zapatos de posici\u00f3n, cada uno al pie que le corresponde. Lo hace explic\u00e1ndole que cada zapato es de un pie y no va bien en el otro.<\/p>\n<p>La maestra se detiene aqu\u00ed para dejar que resuelva este problema de manipulaci\u00f3n con la m\u00e1xima autonom\u00eda. Con nuevas energ\u00edas, Joan vuelve a intentar ponerse los zapatos, pero no lo consigue, no consigue encajar el pie dentro del zapato. La situaci\u00f3n se prolonga unos segundos antes de que entre en escena Ana, una compa\u00f1era, que lo ve de lejos. Se le queda mirando unos instantes y, de repente, interrumpe la meditaci\u00f3n y se le acerca. Sin decir nada se sienta delante, coge un zapato y lo coloca en el pie correspondiente, y hace lo mismo con el otro. Joan, con dos dedos, empuja el zapato mientras Ana le da golpecitos en la planta para facilitar el trabajo. Entre los dos consiguen poner los zapatos correctamente, este modelo no lleva cordones. Ana mira en Joan, sonr\u00ede, lo anima dici\u00e9ndole: \u00abMuy bien, muy bien\u00bb y le da un abrazo. Antes de que se vaya, la maestra felicita efusivamente a Ana, que acepta con satisfacci\u00f3n el refuerzo positivo.<\/p>\n<p>Un problema de calcetines y zapatos ha permitido a Ana manifestar una conducta valiosa: cuidar y ayudar a los iguales. Hasta aqu\u00ed ninguna duda, echar una mano a los compa\u00f1eros cuando est\u00e1n ante una dificultad expresa un valor fundamental en las relaciones interpersonales. Es un tipo de conducta que a menudo manifiestan los ni\u00f1os y ni\u00f1as de entre dos y tres a\u00f1os, y que las educadoras refuerzan y alientan tanto como pueden. Una buena manera de ir arraigando h\u00e1bitos de valor.<\/p>\n<p>Nos podr\u00edamos quedar aqu\u00ed, pero la escena creemos que justifica plantearse un interrogante sobre el origen de este tipo de conductas de ayuda a los dem\u00e1s. Podemos suponer que Ana ha actuado de manera mim\u00e9tica, ha imitado conductas similares que su madre, la maestra u otros adultos han mostrado hacia ella misma o de otras personas cercanas. En la medida en que la ni\u00f1a se identifica con el adulto que aprecia, repite las conductas que este realiza y las va incorporando a su bagaje cultural. Una explicaci\u00f3n plausible sobre c\u00f3mo se transmiten numerosas pautas de conducta.<\/p>\n<p>Pero tambi\u00e9n podemos pensar que Ana ha activado una inclinaci\u00f3n natural a ayudar a los iguales que se manifiesta cuando lo necesitan. Una tendencia que obviamente se concreta en conductas culturales tan sofisticadas como poner unos calcetines y unos zapatos, pero que expresan un fondo que no depende de la cultura. Aqu\u00ed la acci\u00f3n de ayudar no es una conducta adquirida, sino la manifestaci\u00f3n de una disposici\u00f3n anterior propia de la especie. Todav\u00eda nos queda, sin embargo, una postura ecl\u00e9ctica que aceptar\u00e1 que estamos ante una inclinaci\u00f3n natural que toma forma concreta por imitaci\u00f3n cultural. Ana y Joan centran ambos la atenci\u00f3n en el problema de los calcetines y los zapatos. Como Anna ha vivido en propia carne este tipo de inconvenientes, entiende que Joan lo est\u00e1 pasando mal y suelta su inclinaci\u00f3n a ayudar a un igual que lo necesita -un miembro de su especie-, aunque lo hace de acuerdo con las formas culturales en las que est\u00e1n inmersos y est\u00e1n aprendiendo. Sea como sea, es un debate antiguo y al mismo tiempo actual, y siempre apasionante.<\/p>\n<p>De todas formas, y mientras seguimos debatiendo, las escuelas infantiles hacen bien al continuar proporcionando mil ocasiones para que los ni\u00f1os y ni\u00f1as aprendan a relacionarse de acuerdo con los valores; hacen bien de alentar la autonom\u00eda de los ni\u00f1os ante las dificultades; hacen bien dando indicaciones en aquellos aspectos que los peque\u00f1os a\u00fan no pueden lograr solos; hacen bien alentando que ni\u00f1os y ni\u00f1as se ayuden mutuamente; hacen bien al ayudarles y convertirse en un modelo para sus alumnos; hacen bien al reforzar positivamente las conductas de ayuda mutua, y hacen bien al dar nombre a estas conductas y explicar otras situaciones en que tambi\u00e9n las han manifestado o pueden llegar a manifestar. Un pu\u00f1ado de acciones educativas que no se pueden olvidar cualquiera que sea la posici\u00f3n en el debate sobre el origen de las conductas morales.<\/p>\n","protected":false},"excerpt":{"rendered":"<p>Los ni\u00f1os y ni\u00f1as de entre dos y tres a\u00f1os tienen un problema con los calcetines y tambi\u00e9n con los zapatos: a muchos les cuesta ponerse tanto una cosa como la otra. Pero de los problemas siempre se puede sacar algo positivo y, en nuestro caso, resulta que los calcetines y los zapatos -vaya, pon\u00e9rselos-<\/p>\n","protected":false},"author":149,"featured_media":263,"comment_status":"open","ping_status":"closed","sticky":false,"template":"","format":"standard","meta":{"footnotes":""},"categories":[16],"tags":[],"tipo":[],"class_list":{"0":"post-199","1":"post","2":"type-post","3":"status-publish","4":"format-standard","5":"has-post-thumbnail","7":"category-convivencia-y-educacion-en-valores-2"},"yoast_head":"<!-- This site is optimized with the Yoast SEO plugin v27.5 - https:\/\/yoast.com\/product\/yoast-seo-wordpress\/ -->\n<title>Calcetines y valores en la escuela infantil - Convivencia y educaci\u00f3n en valores<\/title>\n<meta name=\"robots\" content=\"index, follow, max-snippet:-1, max-image-preview:large, max-video-preview:-1\" \/>\n<link rel=\"canonical\" href=\"https:\/\/eldiariodelaeducacion.com\/convivenciayeducacionenvalores\/2018\/04\/24\/calcetines-y-valores-en-la-escuela-infantil\/\" \/>\n<meta property=\"og:locale\" content=\"es_ES\" \/>\n<meta property=\"og:type\" content=\"article\" \/>\n<meta property=\"og:title\" content=\"Calcetines y valores en la escuela infantil - Convivencia y educaci\u00f3n en valores\" \/>\n<meta property=\"og:description\" content=\"Los ni\u00f1os y ni\u00f1as de entre dos y tres a\u00f1os tienen un problema con los calcetines y tambi\u00e9n con los zapatos: a muchos les cuesta ponerse tanto una cosa como la otra. Pero de los problemas siempre se puede sacar algo positivo y, en nuestro caso, resulta que los calcetines y los zapatos -vaya, pon\u00e9rselos-\" \/>\n<meta property=\"og:url\" content=\"https:\/\/eldiariodelaeducacion.com\/convivenciayeducacionenvalores\/2018\/04\/24\/calcetines-y-valores-en-la-escuela-infantil\/\" \/>\n<meta property=\"og:site_name\" content=\"Convivencia y educaci\u00f3n en valores\" \/>\n<meta property=\"article:published_time\" content=\"2018-04-24T07:50:38+00:00\" \/>\n<meta property=\"article:modified_time\" content=\"2024-08-20T16:02:26+00:00\" \/>\n<meta property=\"og:image\" content=\"https:\/\/eldiariodelaeducacion.com\/convivenciayeducacionenvalores\/wp-content\/uploads\/sites\/18\/2018\/04\/nina-zapato.jpg\" \/>\n\t<meta property=\"og:image:width\" content=\"1280\" \/>\n\t<meta property=\"og:image:height\" content=\"853\" \/>\n\t<meta property=\"og:image:type\" content=\"image\/jpeg\" \/>\n<meta name=\"author\" content=\"F\u00e1tima Avil\u00e9s\" \/>\n<meta name=\"twitter:card\" content=\"summary_large_image\" \/>\n<meta name=\"twitter:label1\" content=\"Escrito por\" \/>\n\t<meta name=\"twitter:data1\" content=\"F\u00e1tima Avil\u00e9s\" \/>\n\t<meta name=\"twitter:label2\" content=\"Tiempo de lectura\" \/>\n\t<meta name=\"twitter:data2\" content=\"5 minutos\" \/>\n<script type=\"application\/ld+json\" class=\"yoast-schema-graph\">{\"@context\":\"https:\\\/\\\/schema.org\",\"@graph\":[{\"@type\":\"Article\",\"@id\":\"https:\\\/\\\/eldiariodelaeducacion.com\\\/convivenciayeducacionenvalores\\\/2018\\\/04\\\/24\\\/calcetines-y-valores-en-la-escuela-infantil\\\/#article\",\"isPartOf\":{\"@id\":\"https:\\\/\\\/eldiariodelaeducacion.com\\\/convivenciayeducacionenvalores\\\/2018\\\/04\\\/24\\\/calcetines-y-valores-en-la-escuela-infantil\\\/\"},\"author\":{\"name\":\"F\u00e1tima Avil\u00e9s\",\"@id\":\"https:\\\/\\\/eldiariodelaeducacion.com\\\/convivenciayeducacionenvalores\\\/#\\\/schema\\\/person\\\/6b23a497fd0725648d888bc577fe84c6\"},\"headline\":\"Calcetines y valores en la escuela infantil\",\"datePublished\":\"2018-04-24T07:50:38+00:00\",\"dateModified\":\"2024-08-20T16:02:26+00:00\",\"mainEntityOfPage\":{\"@id\":\"https:\\\/\\\/eldiariodelaeducacion.com\\\/convivenciayeducacionenvalores\\\/2018\\\/04\\\/24\\\/calcetines-y-valores-en-la-escuela-infantil\\\/\"},\"wordCount\":971,\"commentCount\":0,\"image\":{\"@id\":\"https:\\\/\\\/eldiariodelaeducacion.com\\\/convivenciayeducacionenvalores\\\/2018\\\/04\\\/24\\\/calcetines-y-valores-en-la-escuela-infantil\\\/#primaryimage\"},\"thumbnailUrl\":\"https:\\\/\\\/eldiariodelaeducacion.com\\\/convivenciayeducacionenvalores\\\/wp-content\\\/uploads\\\/sites\\\/18\\\/2018\\\/04\\\/nina-zapato.jpg\",\"articleSection\":[\"Convivencia y educaci\u00f3n en valores\"],\"inLanguage\":\"es\",\"potentialAction\":[{\"@type\":\"CommentAction\",\"name\":\"Comment\",\"target\":[\"https:\\\/\\\/eldiariodelaeducacion.com\\\/convivenciayeducacionenvalores\\\/2018\\\/04\\\/24\\\/calcetines-y-valores-en-la-escuela-infantil\\\/#respond\"]}]},{\"@type\":\"WebPage\",\"@id\":\"https:\\\/\\\/eldiariodelaeducacion.com\\\/convivenciayeducacionenvalores\\\/2018\\\/04\\\/24\\\/calcetines-y-valores-en-la-escuela-infantil\\\/\",\"url\":\"https:\\\/\\\/eldiariodelaeducacion.com\\\/convivenciayeducacionenvalores\\\/2018\\\/04\\\/24\\\/calcetines-y-valores-en-la-escuela-infantil\\\/\",\"name\":\"Calcetines y valores en la escuela infantil - Convivencia y educaci\u00f3n en valores\",\"isPartOf\":{\"@id\":\"https:\\\/\\\/eldiariodelaeducacion.com\\\/convivenciayeducacionenvalores\\\/#website\"},\"primaryImageOfPage\":{\"@id\":\"https:\\\/\\\/eldiariodelaeducacion.com\\\/convivenciayeducacionenvalores\\\/2018\\\/04\\\/24\\\/calcetines-y-valores-en-la-escuela-infantil\\\/#primaryimage\"},\"image\":{\"@id\":\"https:\\\/\\\/eldiariodelaeducacion.com\\\/convivenciayeducacionenvalores\\\/2018\\\/04\\\/24\\\/calcetines-y-valores-en-la-escuela-infantil\\\/#primaryimage\"},\"thumbnailUrl\":\"https:\\\/\\\/eldiariodelaeducacion.com\\\/convivenciayeducacionenvalores\\\/wp-content\\\/uploads\\\/sites\\\/18\\\/2018\\\/04\\\/nina-zapato.jpg\",\"datePublished\":\"2018-04-24T07:50:38+00:00\",\"dateModified\":\"2024-08-20T16:02:26+00:00\",\"author\":{\"@id\":\"https:\\\/\\\/eldiariodelaeducacion.com\\\/convivenciayeducacionenvalores\\\/#\\\/schema\\\/person\\\/6b23a497fd0725648d888bc577fe84c6\"},\"breadcrumb\":{\"@id\":\"https:\\\/\\\/eldiariodelaeducacion.com\\\/convivenciayeducacionenvalores\\\/2018\\\/04\\\/24\\\/calcetines-y-valores-en-la-escuela-infantil\\\/#breadcrumb\"},\"inLanguage\":\"es\",\"potentialAction\":[{\"@type\":\"ReadAction\",\"target\":[\"https:\\\/\\\/eldiariodelaeducacion.com\\\/convivenciayeducacionenvalores\\\/2018\\\/04\\\/24\\\/calcetines-y-valores-en-la-escuela-infantil\\\/\"]}]},{\"@type\":\"ImageObject\",\"inLanguage\":\"es\",\"@id\":\"https:\\\/\\\/eldiariodelaeducacion.com\\\/convivenciayeducacionenvalores\\\/2018\\\/04\\\/24\\\/calcetines-y-valores-en-la-escuela-infantil\\\/#primaryimage\",\"url\":\"https:\\\/\\\/eldiariodelaeducacion.com\\\/convivenciayeducacionenvalores\\\/wp-content\\\/uploads\\\/sites\\\/18\\\/2018\\\/04\\\/nina-zapato.jpg\",\"contentUrl\":\"https:\\\/\\\/eldiariodelaeducacion.com\\\/convivenciayeducacionenvalores\\\/wp-content\\\/uploads\\\/sites\\\/18\\\/2018\\\/04\\\/nina-zapato.jpg\",\"width\":1280,\"height\":853},{\"@type\":\"BreadcrumbList\",\"@id\":\"https:\\\/\\\/eldiariodelaeducacion.com\\\/convivenciayeducacionenvalores\\\/2018\\\/04\\\/24\\\/calcetines-y-valores-en-la-escuela-infantil\\\/#breadcrumb\",\"itemListElement\":[{\"@type\":\"ListItem\",\"position\":1,\"name\":\"Portada\",\"item\":\"https:\\\/\\\/eldiariodelaeducacion.com\\\/convivenciayeducacionenvalores\\\/\"},{\"@type\":\"ListItem\",\"position\":2,\"name\":\"Calcetines y valores en la escuela infantil\"}]},{\"@type\":\"WebSite\",\"@id\":\"https:\\\/\\\/eldiariodelaeducacion.com\\\/convivenciayeducacionenvalores\\\/#website\",\"url\":\"https:\\\/\\\/eldiariodelaeducacion.com\\\/convivenciayeducacionenvalores\\\/\",\"name\":\"Convivencia y educaci\u00f3n en valores\",\"description\":\"Un blog de El Diario de la Educaci\u00f3n\",\"potentialAction\":[{\"@type\":\"SearchAction\",\"target\":{\"@type\":\"EntryPoint\",\"urlTemplate\":\"https:\\\/\\\/eldiariodelaeducacion.com\\\/convivenciayeducacionenvalores\\\/?s={search_term_string}\"},\"query-input\":{\"@type\":\"PropertyValueSpecification\",\"valueRequired\":true,\"valueName\":\"search_term_string\"}}],\"inLanguage\":\"es\"},{\"@type\":\"Person\",\"@id\":\"https:\\\/\\\/eldiariodelaeducacion.com\\\/convivenciayeducacionenvalores\\\/#\\\/schema\\\/person\\\/6b23a497fd0725648d888bc577fe84c6\",\"name\":\"F\u00e1tima Avil\u00e9s\",\"image\":{\"@type\":\"ImageObject\",\"inLanguage\":\"es\",\"@id\":\"https:\\\/\\\/secure.gravatar.com\\\/avatar\\\/ab8311e05f1048d273dc3771e295ca2b26939d635b881e35aef940d08b516a17?s=96&d=mm&r=g\",\"url\":\"https:\\\/\\\/secure.gravatar.com\\\/avatar\\\/ab8311e05f1048d273dc3771e295ca2b26939d635b881e35aef940d08b516a17?s=96&d=mm&r=g\",\"contentUrl\":\"https:\\\/\\\/secure.gravatar.com\\\/avatar\\\/ab8311e05f1048d273dc3771e295ca2b26939d635b881e35aef940d08b516a17?s=96&d=mm&r=g\",\"caption\":\"F\u00e1tima Avil\u00e9s\"},\"url\":\"https:\\\/\\\/eldiariodelaeducacion.com\\\/convivenciayeducacionenvalores\\\/author\\\/fatima\\\/\"}]}<\/script>\n<!-- \/ Yoast SEO plugin. -->","yoast_head_json":{"title":"Calcetines y valores en la escuela infantil - Convivencia y educaci\u00f3n en valores","robots":{"index":"index","follow":"follow","max-snippet":"max-snippet:-1","max-image-preview":"max-image-preview:large","max-video-preview":"max-video-preview:-1"},"canonical":"https:\/\/eldiariodelaeducacion.com\/convivenciayeducacionenvalores\/2018\/04\/24\/calcetines-y-valores-en-la-escuela-infantil\/","og_locale":"es_ES","og_type":"article","og_title":"Calcetines y valores en la escuela infantil - Convivencia y educaci\u00f3n en valores","og_description":"Los ni\u00f1os y ni\u00f1as de entre dos y tres a\u00f1os tienen un problema con los calcetines y tambi\u00e9n con los zapatos: a muchos les cuesta ponerse tanto una cosa como la otra. Pero de los problemas siempre se puede sacar algo positivo y, en nuestro caso, resulta que los calcetines y los zapatos -vaya, pon\u00e9rselos-","og_url":"https:\/\/eldiariodelaeducacion.com\/convivenciayeducacionenvalores\/2018\/04\/24\/calcetines-y-valores-en-la-escuela-infantil\/","og_site_name":"Convivencia y educaci\u00f3n en valores","article_published_time":"2018-04-24T07:50:38+00:00","article_modified_time":"2024-08-20T16:02:26+00:00","og_image":[{"width":1280,"height":853,"url":"https:\/\/eldiariodelaeducacion.com\/convivenciayeducacionenvalores\/wp-content\/uploads\/sites\/18\/2018\/04\/nina-zapato.jpg","type":"image\/jpeg"}],"author":"F\u00e1tima Avil\u00e9s","twitter_card":"summary_large_image","twitter_misc":{"Escrito por":"F\u00e1tima Avil\u00e9s","Tiempo de lectura":"5 minutos"},"schema":{"@context":"https:\/\/schema.org","@graph":[{"@type":"Article","@id":"https:\/\/eldiariodelaeducacion.com\/convivenciayeducacionenvalores\/2018\/04\/24\/calcetines-y-valores-en-la-escuela-infantil\/#article","isPartOf":{"@id":"https:\/\/eldiariodelaeducacion.com\/convivenciayeducacionenvalores\/2018\/04\/24\/calcetines-y-valores-en-la-escuela-infantil\/"},"author":{"name":"F\u00e1tima Avil\u00e9s","@id":"https:\/\/eldiariodelaeducacion.com\/convivenciayeducacionenvalores\/#\/schema\/person\/6b23a497fd0725648d888bc577fe84c6"},"headline":"Calcetines y valores en la escuela infantil","datePublished":"2018-04-24T07:50:38+00:00","dateModified":"2024-08-20T16:02:26+00:00","mainEntityOfPage":{"@id":"https:\/\/eldiariodelaeducacion.com\/convivenciayeducacionenvalores\/2018\/04\/24\/calcetines-y-valores-en-la-escuela-infantil\/"},"wordCount":971,"commentCount":0,"image":{"@id":"https:\/\/eldiariodelaeducacion.com\/convivenciayeducacionenvalores\/2018\/04\/24\/calcetines-y-valores-en-la-escuela-infantil\/#primaryimage"},"thumbnailUrl":"https:\/\/eldiariodelaeducacion.com\/convivenciayeducacionenvalores\/wp-content\/uploads\/sites\/18\/2018\/04\/nina-zapato.jpg","articleSection":["Convivencia y educaci\u00f3n en valores"],"inLanguage":"es","potentialAction":[{"@type":"CommentAction","name":"Comment","target":["https:\/\/eldiariodelaeducacion.com\/convivenciayeducacionenvalores\/2018\/04\/24\/calcetines-y-valores-en-la-escuela-infantil\/#respond"]}]},{"@type":"WebPage","@id":"https:\/\/eldiariodelaeducacion.com\/convivenciayeducacionenvalores\/2018\/04\/24\/calcetines-y-valores-en-la-escuela-infantil\/","url":"https:\/\/eldiariodelaeducacion.com\/convivenciayeducacionenvalores\/2018\/04\/24\/calcetines-y-valores-en-la-escuela-infantil\/","name":"Calcetines y valores en la escuela infantil - Convivencia y educaci\u00f3n en valores","isPartOf":{"@id":"https:\/\/eldiariodelaeducacion.com\/convivenciayeducacionenvalores\/#website"},"primaryImageOfPage":{"@id":"https:\/\/eldiariodelaeducacion.com\/convivenciayeducacionenvalores\/2018\/04\/24\/calcetines-y-valores-en-la-escuela-infantil\/#primaryimage"},"image":{"@id":"https:\/\/eldiariodelaeducacion.com\/convivenciayeducacionenvalores\/2018\/04\/24\/calcetines-y-valores-en-la-escuela-infantil\/#primaryimage"},"thumbnailUrl":"https:\/\/eldiariodelaeducacion.com\/convivenciayeducacionenvalores\/wp-content\/uploads\/sites\/18\/2018\/04\/nina-zapato.jpg","datePublished":"2018-04-24T07:50:38+00:00","dateModified":"2024-08-20T16:02:26+00:00","author":{"@id":"https:\/\/eldiariodelaeducacion.com\/convivenciayeducacionenvalores\/#\/schema\/person\/6b23a497fd0725648d888bc577fe84c6"},"breadcrumb":{"@id":"https:\/\/eldiariodelaeducacion.com\/convivenciayeducacionenvalores\/2018\/04\/24\/calcetines-y-valores-en-la-escuela-infantil\/#breadcrumb"},"inLanguage":"es","potentialAction":[{"@type":"ReadAction","target":["https:\/\/eldiariodelaeducacion.com\/convivenciayeducacionenvalores\/2018\/04\/24\/calcetines-y-valores-en-la-escuela-infantil\/"]}]},{"@type":"ImageObject","inLanguage":"es","@id":"https:\/\/eldiariodelaeducacion.com\/convivenciayeducacionenvalores\/2018\/04\/24\/calcetines-y-valores-en-la-escuela-infantil\/#primaryimage","url":"https:\/\/eldiariodelaeducacion.com\/convivenciayeducacionenvalores\/wp-content\/uploads\/sites\/18\/2018\/04\/nina-zapato.jpg","contentUrl":"https:\/\/eldiariodelaeducacion.com\/convivenciayeducacionenvalores\/wp-content\/uploads\/sites\/18\/2018\/04\/nina-zapato.jpg","width":1280,"height":853},{"@type":"BreadcrumbList","@id":"https:\/\/eldiariodelaeducacion.com\/convivenciayeducacionenvalores\/2018\/04\/24\/calcetines-y-valores-en-la-escuela-infantil\/#breadcrumb","itemListElement":[{"@type":"ListItem","position":1,"name":"Portada","item":"https:\/\/eldiariodelaeducacion.com\/convivenciayeducacionenvalores\/"},{"@type":"ListItem","position":2,"name":"Calcetines y valores en la escuela infantil"}]},{"@type":"WebSite","@id":"https:\/\/eldiariodelaeducacion.com\/convivenciayeducacionenvalores\/#website","url":"https:\/\/eldiariodelaeducacion.com\/convivenciayeducacionenvalores\/","name":"Convivencia y educaci\u00f3n en valores","description":"Un blog de El Diario de la Educaci\u00f3n","potentialAction":[{"@type":"SearchAction","target":{"@type":"EntryPoint","urlTemplate":"https:\/\/eldiariodelaeducacion.com\/convivenciayeducacionenvalores\/?s={search_term_string}"},"query-input":{"@type":"PropertyValueSpecification","valueRequired":true,"valueName":"search_term_string"}}],"inLanguage":"es"},{"@type":"Person","@id":"https:\/\/eldiariodelaeducacion.com\/convivenciayeducacionenvalores\/#\/schema\/person\/6b23a497fd0725648d888bc577fe84c6","name":"F\u00e1tima Avil\u00e9s","image":{"@type":"ImageObject","inLanguage":"es","@id":"https:\/\/secure.gravatar.com\/avatar\/ab8311e05f1048d273dc3771e295ca2b26939d635b881e35aef940d08b516a17?s=96&d=mm&r=g","url":"https:\/\/secure.gravatar.com\/avatar\/ab8311e05f1048d273dc3771e295ca2b26939d635b881e35aef940d08b516a17?s=96&d=mm&r=g","contentUrl":"https:\/\/secure.gravatar.com\/avatar\/ab8311e05f1048d273dc3771e295ca2b26939d635b881e35aef940d08b516a17?s=96&d=mm&r=g","caption":"F\u00e1tima Avil\u00e9s"},"url":"https:\/\/eldiariodelaeducacion.com\/convivenciayeducacionenvalores\/author\/fatima\/"}]}},"_links":{"self":[{"href":"https:\/\/eldiariodelaeducacion.com\/convivenciayeducacionenvalores\/wp-json\/wp\/v2\/posts\/199","targetHints":{"allow":["GET"]}}],"collection":[{"href":"https:\/\/eldiariodelaeducacion.com\/convivenciayeducacionenvalores\/wp-json\/wp\/v2\/posts"}],"about":[{"href":"https:\/\/eldiariodelaeducacion.com\/convivenciayeducacionenvalores\/wp-json\/wp\/v2\/types\/post"}],"author":[{"embeddable":true,"href":"https:\/\/eldiariodelaeducacion.com\/convivenciayeducacionenvalores\/wp-json\/wp\/v2\/users\/149"}],"replies":[{"embeddable":true,"href":"https:\/\/eldiariodelaeducacion.com\/convivenciayeducacionenvalores\/wp-json\/wp\/v2\/comments?post=199"}],"version-history":[{"count":1,"href":"https:\/\/eldiariodelaeducacion.com\/convivenciayeducacionenvalores\/wp-json\/wp\/v2\/posts\/199\/revisions"}],"predecessor-version":[{"id":1366,"href":"https:\/\/eldiariodelaeducacion.com\/convivenciayeducacionenvalores\/wp-json\/wp\/v2\/posts\/199\/revisions\/1366"}],"wp:featuredmedia":[{"embeddable":true,"href":"https:\/\/eldiariodelaeducacion.com\/convivenciayeducacionenvalores\/wp-json\/wp\/v2\/media\/263"}],"wp:attachment":[{"href":"https:\/\/eldiariodelaeducacion.com\/convivenciayeducacionenvalores\/wp-json\/wp\/v2\/media?parent=199"}],"wp:term":[{"taxonomy":"category","embeddable":true,"href":"https:\/\/eldiariodelaeducacion.com\/convivenciayeducacionenvalores\/wp-json\/wp\/v2\/categories?post=199"},{"taxonomy":"post_tag","embeddable":true,"href":"https:\/\/eldiariodelaeducacion.com\/convivenciayeducacionenvalores\/wp-json\/wp\/v2\/tags?post=199"},{"taxonomy":"tipo","embeddable":true,"href":"https:\/\/eldiariodelaeducacion.com\/convivenciayeducacionenvalores\/wp-json\/wp\/v2\/tipo?post=199"}],"curies":[{"name":"wp","href":"https:\/\/api.w.org\/{rel}","templated":true}]}}