{"id":234,"date":"2018-06-05T08:19:50","date_gmt":"2018-06-05T08:19:50","guid":{"rendered":"http:\/\/eldiariodelaeducacion.test\/convivenciayeducacionenvalores\/\/?p=234"},"modified":"2024-08-20T18:02:27","modified_gmt":"2024-08-20T16:02:27","slug":"ciencia-ciudadana-y-aprendizaje-servicio","status":"publish","type":"post","link":"https:\/\/eldiariodelaeducacion.com\/convivenciayeducacionenvalores\/2018\/06\/05\/ciencia-ciudadana-y-aprendizaje-servicio\/","title":{"rendered":"Ciencia ciudadana y aprendizaje-servicio"},"content":{"rendered":"<p>No hace mucho, la Fundaci\u00f3n Catalana del Esplai organiz\u00f3 una jornada para presentar diferentes proyectos de ciencia ciudadana y para relacionar estas experiencias con el aprendizaje-servicio. Creo que fue una iniciativa acercada, con un gran futuro para todas las partes y con posibilidades claras de sumar esfuerzos en beneficio de los j\u00f3venes, la ciencia, la educacion y, naturalmente, el entorno y de la comunidad. Vamos, pero paso a paso. Antes de preguntarnos por los motivos para vincular la ciencia ciudadana y el aprendizaje-servicio, dos palabras sobre aquellas dos tradiciones de trabajo participativo.<\/p>\n<p>La ciencia ciudadana tiene como objetivo incorporar ciudadanos a la realizaci\u00f3n de tareas propias de la investigaci\u00f3n cient\u00edfica. Animados por las enormes posibilidades que ofrece esta iniciativa, se han multiplicado los proyectos, y m\u00e1s que surgir\u00e1n en el fututo. Tres ejemplos cas al azar: el <em>Proyecto Golondrinas<\/em> que estudia los p\u00e1jaros en el medio urbamo y pide colaboraci\u00f3n para hacer un censo de los nidos de golondrina cuablanca que permita conocer la poblaci\u00f3n de estas aves, sus necesidades ecol\u00f3gia y tambi\u00e9n prevenir las medidas de protecci\u00f3n que necesita la especie; el <em>Proyecto Pl\u00e1stico 0<\/em> parte de la constataci\u00f3n de que buena parte de los residuos que producimos los humanos son pl\u00e1sticos y pretende, entre otras iniciativas, promover su localizaci\u00f3n y clasificaci\u00f3n y tambi\u00e9n la detecci\u00f3n de los micropl\u00e1sticos en la arena del mar para alcanzar en los dos casos un diagn\u00f3stico y buscar soluciones; el <em>Poryecto Alerta Forestal<\/em> est\u00e1 pensado para analizar el estado de salud de los bosques, y su propuesta es recoger datos sobre diferentes amenazas que pueden partir de los bosques con la intenci\u00f3n de confeccionar mapas que nos den una idea de la situaci\u00f3n actual, dle futuro previsible y de lo que cabr\u00eda hacer para prevenir algunos problemas.<\/p>\n<p>En estos, como en otros muchos ejemplos, estamos ante un proceso de creaci\u00f3n del conocimiento gracias a la participaci\u00f3n de la ciudadan\u00eda en tareas de investigaci\u00f3n. La suma de m\u00faltiples colaboraciones realizadas por ciudadanos con una variada formaci\u00f3n cient\u00edfica permite completar tareas imposibles de abarcar de otra manera y alcanzar as\u00ed resultados relevantes. El di\u00e1logo entre cient\u00edficos y ciudadanos ayuda a detectar temas socialmente relevantes, a hacerlo con un mayor control de la ciencia por parte de la ciudadan\u00eda y tambi\u00e9n a aumentar el eco social y la implicaci\u00f3n del conjunto de la sociedad en los cambios que inevitablemente han de emprenderse en muchos \u00f3rdenes de nuestra forma de vida.<\/p>\n<p>En s\u00edntesis, la ciencia ciudadana es una magn\u00edfica herramienta de compromiso social y de democraticaci\u00f3n del trabajo cient\u00edfico. Pero a m\u00e1s, permite a los ciudadanos implicados aprender sobre la tem\u00e1tica investigada y realizar una contrubuci\u00f3n c\u00edvica positiva. En este sentido es importante se\u00f1alar que para aportar datos, interpretarlos o ayudar en el dise\u00f1o de las investigaciones, quienes participan pueden contribuir a crear una opini\u00f3n sobre los problemas abordados y a promover acciones de transformaci\u00f3n.<\/p>\n<p>Si ahora miramos la tradici\u00f3n del aprendizaje-servicio, nos encontramos con una gran variedad de proyectos. Tambi\u00e9n tres al azar: ni\u00f1as y ni\u00f1os que participan en una actividad de recuperaci\u00f3n de la memoria hist\u00f3rica grabando personas mayores que explican aspectos significativos de su vida y despu\u00e9s difunden los resultados; futuros maestros de primaria que haven un recuerzo escolar con ni\u00f1os y ni\u00f1as que tienen dificultades de aprendizaje; un grupo clase que colabora con el Banco de Sangre y organiza en su barrio una campa\u00f1a de promoci\u00f3n de la donaci\u00f3n de sangre. Son algunos de los muchos ejemplos de una metodolog\u00eda que combina el aprendizaje curricular y el servicio a la comunidad.<\/p>\n<p>Puede ser que ahora estemos en mejores condiciones de hacernos una pregunta que sobrevuela desde el inicia: \u00bfPara qu\u00e9 vincular la ciencia ciudadana y el aprendizaje-servicio? El motivo es muy claro: compartimos un n\u00facleo com\u00fan. En los dos casos los participantes aprenden (haciendo observaciones, actividades de investigaci\u00f3n o simplemente estudian), en los dos se presta un servicio altruista a la comunidad (se ayuda a hacer investigaci\u00f3n y a difundir los resultados, se ayuda a alguna entidad social), y todo ello se hace para alcanzar un reto real y, a veces, urgente que motiva el proyecto (paliar una necesidad de una persona o de un grupo, o bien responder a una pregunta cient\u00edfica con relieve social). Como decimos, ciencia ciudadana y aprendizaje-servicio tienen un mismo esqueleto conceptual: enfrentarse a problemas de mejora de la vida de la comunidad. Por tanto, podemos decir que la ciencia ciudadana es tambi\u00e9n aprendizaje-servicio, o bien que una de las modalidades del aprendizaje-servicio es la ciencia ciudadana. Naturlamente, los dos \u00e1mbitos tienen su propia especificidad, pero pueden establecer potentes sinergias en beneficio de la ciencia democr\u00e1tica y la educaci\u00f3n comprometida.<\/p>\n<p>Lo que imaginamos, en alguna medida, ya se est\u00e1 haciendo. La participaci\u00f3n de las escuelas en proyectos de ciencia ciudadana no es novedad. De hecho, cuando se trabaja con escolares la metodolog\u00eda del aprendizaje-servicio a menudo ya est\u00e1 incorporada en los proyectos de ciencia ciudadana. Y tampoco es nuevo ver proyectos catalogados de aprendizaje-servicio que son buenos ejemplos de ciencia ciudadana. Est\u00e1 claro que los nombres y las tradiciones no merecen m\u00e1s tiempo. Creo que la cuesti\u00f3n es probar formas de colaborar que permitan al mundo de la ciencia y al de la educaci\u00f3n introducir la ciencia ciudadana en el curr\u00edculo de todos los escolares, y hacerlo con los requerimientos de la metodolog\u00eda del aprendizaje-servicio. Ser\u00eda una contribuci\u00f3n al conocimiento cient\u00edfico, a la democratitzaci\u00f3n de la ciencia, a la formaci\u00f3n cient\u00edfica de los j\u00f3venes y, quiz\u00e1 por encima de todo, a s formaci\u00f3n como ciudadanos con criterio cient\u00edfico, capacidad cr\u00edtica y voluntad de intervenir en la transformaci\u00f3n de las formas de vida que hoy van contra la vida.<\/p>\n","protected":false},"excerpt":{"rendered":"<p>No hace mucho, la Fundaci\u00f3n Catalana del Esplai organiz\u00f3 una jornada para presentar diferentes proyectos de ciencia ciudadana y para relacionar estas experiencias con el aprendizaje-servicio. Creo que fue una iniciativa acercada, con un gran futuro para todas las partes y con posibilidades claras de sumar esfuerzos en beneficio de los j\u00f3venes, la ciencia, la<\/p>\n","protected":false},"author":142,"featured_media":270,"comment_status":"open","ping_status":"closed","sticky":false,"template":"","format":"standard","meta":{"footnotes":""},"categories":[16],"tags":[30],"tipo":[],"class_list":{"0":"post-234","1":"post","2":"type-post","3":"status-publish","4":"format-standard","5":"has-post-thumbnail","7":"category-convivencia-y-educacion-en-valores-2","8":"tag-aprendizaje-servicio"},"yoast_head":"<!-- This site is optimized with the Yoast SEO plugin v27.5 - https:\/\/yoast.com\/product\/yoast-seo-wordpress\/ -->\n<title>Ciencia ciudadana y aprendizaje-servicio - Convivencia y educaci\u00f3n en valores<\/title>\n<meta name=\"robots\" content=\"index, follow, max-snippet:-1, max-image-preview:large, max-video-preview:-1\" \/>\n<link rel=\"canonical\" href=\"https:\/\/eldiariodelaeducacion.com\/convivenciayeducacionenvalores\/2018\/06\/05\/ciencia-ciudadana-y-aprendizaje-servicio\/\" \/>\n<meta property=\"og:locale\" content=\"es_ES\" \/>\n<meta property=\"og:type\" content=\"article\" \/>\n<meta property=\"og:title\" content=\"Ciencia ciudadana y aprendizaje-servicio - Convivencia y educaci\u00f3n en valores\" \/>\n<meta property=\"og:description\" content=\"No hace mucho, la Fundaci\u00f3n Catalana del Esplai organiz\u00f3 una jornada para presentar diferentes proyectos de ciencia ciudadana y para relacionar estas experiencias con el aprendizaje-servicio. Creo que fue una iniciativa acercada, con un gran futuro para todas las partes y con posibilidades claras de sumar esfuerzos en beneficio de los j\u00f3venes, la ciencia, la\" \/>\n<meta property=\"og:url\" content=\"https:\/\/eldiariodelaeducacion.com\/convivenciayeducacionenvalores\/2018\/06\/05\/ciencia-ciudadana-y-aprendizaje-servicio\/\" \/>\n<meta property=\"og:site_name\" content=\"Convivencia y educaci\u00f3n en valores\" \/>\n<meta property=\"article:published_time\" content=\"2018-06-05T08:19:50+00:00\" \/>\n<meta property=\"article:modified_time\" content=\"2024-08-20T16:02:27+00:00\" \/>\n<meta property=\"og:image\" content=\"https:\/\/eldiariodelaeducacion.com\/convivenciayeducacionenvalores\/wp-content\/uploads\/sites\/18\/2018\/06\/laboratorio_converted.jpg\" \/>\n\t<meta property=\"og:image:width\" content=\"1520\" \/>\n\t<meta property=\"og:image:height\" content=\"1013\" \/>\n\t<meta property=\"og:image:type\" content=\"image\/jpeg\" \/>\n<meta name=\"author\" content=\"Josep M\u00aa Puig\" \/>\n<meta name=\"twitter:card\" content=\"summary_large_image\" \/>\n<meta name=\"twitter:label1\" content=\"Escrito por\" \/>\n\t<meta name=\"twitter:data1\" content=\"Josep M\u00aa Puig\" \/>\n\t<meta name=\"twitter:label2\" content=\"Tiempo de lectura\" \/>\n\t<meta name=\"twitter:data2\" content=\"5 minutos\" \/>\n<script type=\"application\/ld+json\" class=\"yoast-schema-graph\">{\"@context\":\"https:\\\/\\\/schema.org\",\"@graph\":[{\"@type\":\"Article\",\"@id\":\"https:\\\/\\\/eldiariodelaeducacion.com\\\/convivenciayeducacionenvalores\\\/2018\\\/06\\\/05\\\/ciencia-ciudadana-y-aprendizaje-servicio\\\/#article\",\"isPartOf\":{\"@id\":\"https:\\\/\\\/eldiariodelaeducacion.com\\\/convivenciayeducacionenvalores\\\/2018\\\/06\\\/05\\\/ciencia-ciudadana-y-aprendizaje-servicio\\\/\"},\"author\":{\"name\":\"Josep M\u00aa Puig\",\"@id\":\"https:\\\/\\\/eldiariodelaeducacion.com\\\/convivenciayeducacionenvalores\\\/#\\\/schema\\\/person\\\/9c7cce022eeabd171ac80695937d4f77\"},\"headline\":\"Ciencia ciudadana y aprendizaje-servicio\",\"datePublished\":\"2018-06-05T08:19:50+00:00\",\"dateModified\":\"2024-08-20T16:02:27+00:00\",\"mainEntityOfPage\":{\"@id\":\"https:\\\/\\\/eldiariodelaeducacion.com\\\/convivenciayeducacionenvalores\\\/2018\\\/06\\\/05\\\/ciencia-ciudadana-y-aprendizaje-servicio\\\/\"},\"wordCount\":1031,\"commentCount\":0,\"image\":{\"@id\":\"https:\\\/\\\/eldiariodelaeducacion.com\\\/convivenciayeducacionenvalores\\\/2018\\\/06\\\/05\\\/ciencia-ciudadana-y-aprendizaje-servicio\\\/#primaryimage\"},\"thumbnailUrl\":\"https:\\\/\\\/eldiariodelaeducacion.com\\\/convivenciayeducacionenvalores\\\/wp-content\\\/uploads\\\/sites\\\/18\\\/2018\\\/06\\\/laboratorio_converted.jpg\",\"keywords\":[\"aprendizaje-servicio\"],\"articleSection\":[\"Convivencia y educaci\u00f3n en valores\"],\"inLanguage\":\"es\",\"potentialAction\":[{\"@type\":\"CommentAction\",\"name\":\"Comment\",\"target\":[\"https:\\\/\\\/eldiariodelaeducacion.com\\\/convivenciayeducacionenvalores\\\/2018\\\/06\\\/05\\\/ciencia-ciudadana-y-aprendizaje-servicio\\\/#respond\"]}]},{\"@type\":\"WebPage\",\"@id\":\"https:\\\/\\\/eldiariodelaeducacion.com\\\/convivenciayeducacionenvalores\\\/2018\\\/06\\\/05\\\/ciencia-ciudadana-y-aprendizaje-servicio\\\/\",\"url\":\"https:\\\/\\\/eldiariodelaeducacion.com\\\/convivenciayeducacionenvalores\\\/2018\\\/06\\\/05\\\/ciencia-ciudadana-y-aprendizaje-servicio\\\/\",\"name\":\"Ciencia ciudadana y aprendizaje-servicio - Convivencia y educaci\u00f3n en valores\",\"isPartOf\":{\"@id\":\"https:\\\/\\\/eldiariodelaeducacion.com\\\/convivenciayeducacionenvalores\\\/#website\"},\"primaryImageOfPage\":{\"@id\":\"https:\\\/\\\/eldiariodelaeducacion.com\\\/convivenciayeducacionenvalores\\\/2018\\\/06\\\/05\\\/ciencia-ciudadana-y-aprendizaje-servicio\\\/#primaryimage\"},\"image\":{\"@id\":\"https:\\\/\\\/eldiariodelaeducacion.com\\\/convivenciayeducacionenvalores\\\/2018\\\/06\\\/05\\\/ciencia-ciudadana-y-aprendizaje-servicio\\\/#primaryimage\"},\"thumbnailUrl\":\"https:\\\/\\\/eldiariodelaeducacion.com\\\/convivenciayeducacionenvalores\\\/wp-content\\\/uploads\\\/sites\\\/18\\\/2018\\\/06\\\/laboratorio_converted.jpg\",\"datePublished\":\"2018-06-05T08:19:50+00:00\",\"dateModified\":\"2024-08-20T16:02:27+00:00\",\"author\":{\"@id\":\"https:\\\/\\\/eldiariodelaeducacion.com\\\/convivenciayeducacionenvalores\\\/#\\\/schema\\\/person\\\/9c7cce022eeabd171ac80695937d4f77\"},\"breadcrumb\":{\"@id\":\"https:\\\/\\\/eldiariodelaeducacion.com\\\/convivenciayeducacionenvalores\\\/2018\\\/06\\\/05\\\/ciencia-ciudadana-y-aprendizaje-servicio\\\/#breadcrumb\"},\"inLanguage\":\"es\",\"potentialAction\":[{\"@type\":\"ReadAction\",\"target\":[\"https:\\\/\\\/eldiariodelaeducacion.com\\\/convivenciayeducacionenvalores\\\/2018\\\/06\\\/05\\\/ciencia-ciudadana-y-aprendizaje-servicio\\\/\"]}]},{\"@type\":\"ImageObject\",\"inLanguage\":\"es\",\"@id\":\"https:\\\/\\\/eldiariodelaeducacion.com\\\/convivenciayeducacionenvalores\\\/2018\\\/06\\\/05\\\/ciencia-ciudadana-y-aprendizaje-servicio\\\/#primaryimage\",\"url\":\"https:\\\/\\\/eldiariodelaeducacion.com\\\/convivenciayeducacionenvalores\\\/wp-content\\\/uploads\\\/sites\\\/18\\\/2018\\\/06\\\/laboratorio_converted.jpg\",\"contentUrl\":\"https:\\\/\\\/eldiariodelaeducacion.com\\\/convivenciayeducacionenvalores\\\/wp-content\\\/uploads\\\/sites\\\/18\\\/2018\\\/06\\\/laboratorio_converted.jpg\",\"width\":1520,\"height\":1013},{\"@type\":\"BreadcrumbList\",\"@id\":\"https:\\\/\\\/eldiariodelaeducacion.com\\\/convivenciayeducacionenvalores\\\/2018\\\/06\\\/05\\\/ciencia-ciudadana-y-aprendizaje-servicio\\\/#breadcrumb\",\"itemListElement\":[{\"@type\":\"ListItem\",\"position\":1,\"name\":\"Portada\",\"item\":\"https:\\\/\\\/eldiariodelaeducacion.com\\\/convivenciayeducacionenvalores\\\/\"},{\"@type\":\"ListItem\",\"position\":2,\"name\":\"Ciencia ciudadana y aprendizaje-servicio\"}]},{\"@type\":\"WebSite\",\"@id\":\"https:\\\/\\\/eldiariodelaeducacion.com\\\/convivenciayeducacionenvalores\\\/#website\",\"url\":\"https:\\\/\\\/eldiariodelaeducacion.com\\\/convivenciayeducacionenvalores\\\/\",\"name\":\"Convivencia y educaci\u00f3n en valores\",\"description\":\"Un blog de El Diario de la Educaci\u00f3n\",\"potentialAction\":[{\"@type\":\"SearchAction\",\"target\":{\"@type\":\"EntryPoint\",\"urlTemplate\":\"https:\\\/\\\/eldiariodelaeducacion.com\\\/convivenciayeducacionenvalores\\\/?s={search_term_string}\"},\"query-input\":{\"@type\":\"PropertyValueSpecification\",\"valueRequired\":true,\"valueName\":\"search_term_string\"}}],\"inLanguage\":\"es\"},{\"@type\":\"Person\",\"@id\":\"https:\\\/\\\/eldiariodelaeducacion.com\\\/convivenciayeducacionenvalores\\\/#\\\/schema\\\/person\\\/9c7cce022eeabd171ac80695937d4f77\",\"name\":\"Josep M\u00aa Puig\",\"image\":{\"@type\":\"ImageObject\",\"inLanguage\":\"es\",\"@id\":\"https:\\\/\\\/eldiariodelaeducacion.com\\\/wp-content\\\/uploads\\\/2024\\\/10\\\/josep-ma-puig_avatar-96x96.jpg\",\"url\":\"https:\\\/\\\/eldiariodelaeducacion.com\\\/wp-content\\\/uploads\\\/2024\\\/10\\\/josep-ma-puig_avatar-96x96.jpg\",\"contentUrl\":\"https:\\\/\\\/eldiariodelaeducacion.com\\\/wp-content\\\/uploads\\\/2024\\\/10\\\/josep-ma-puig_avatar-96x96.jpg\",\"caption\":\"Josep M\u00aa Puig\"},\"url\":\"https:\\\/\\\/eldiariodelaeducacion.com\\\/convivenciayeducacionenvalores\\\/author\\\/joseppuig\\\/\"}]}<\/script>\n<!-- \/ Yoast SEO plugin. -->","yoast_head_json":{"title":"Ciencia ciudadana y aprendizaje-servicio - Convivencia y educaci\u00f3n en valores","robots":{"index":"index","follow":"follow","max-snippet":"max-snippet:-1","max-image-preview":"max-image-preview:large","max-video-preview":"max-video-preview:-1"},"canonical":"https:\/\/eldiariodelaeducacion.com\/convivenciayeducacionenvalores\/2018\/06\/05\/ciencia-ciudadana-y-aprendizaje-servicio\/","og_locale":"es_ES","og_type":"article","og_title":"Ciencia ciudadana y aprendizaje-servicio - Convivencia y educaci\u00f3n en valores","og_description":"No hace mucho, la Fundaci\u00f3n Catalana del Esplai organiz\u00f3 una jornada para presentar diferentes proyectos de ciencia ciudadana y para relacionar estas experiencias con el aprendizaje-servicio. Creo que fue una iniciativa acercada, con un gran futuro para todas las partes y con posibilidades claras de sumar esfuerzos en beneficio de los j\u00f3venes, la ciencia, la","og_url":"https:\/\/eldiariodelaeducacion.com\/convivenciayeducacionenvalores\/2018\/06\/05\/ciencia-ciudadana-y-aprendizaje-servicio\/","og_site_name":"Convivencia y educaci\u00f3n en valores","article_published_time":"2018-06-05T08:19:50+00:00","article_modified_time":"2024-08-20T16:02:27+00:00","og_image":[{"width":1520,"height":1013,"url":"https:\/\/eldiariodelaeducacion.com\/convivenciayeducacionenvalores\/wp-content\/uploads\/sites\/18\/2018\/06\/laboratorio_converted.jpg","type":"image\/jpeg"}],"author":"Josep M\u00aa Puig","twitter_card":"summary_large_image","twitter_misc":{"Escrito por":"Josep M\u00aa Puig","Tiempo de lectura":"5 minutos"},"schema":{"@context":"https:\/\/schema.org","@graph":[{"@type":"Article","@id":"https:\/\/eldiariodelaeducacion.com\/convivenciayeducacionenvalores\/2018\/06\/05\/ciencia-ciudadana-y-aprendizaje-servicio\/#article","isPartOf":{"@id":"https:\/\/eldiariodelaeducacion.com\/convivenciayeducacionenvalores\/2018\/06\/05\/ciencia-ciudadana-y-aprendizaje-servicio\/"},"author":{"name":"Josep M\u00aa Puig","@id":"https:\/\/eldiariodelaeducacion.com\/convivenciayeducacionenvalores\/#\/schema\/person\/9c7cce022eeabd171ac80695937d4f77"},"headline":"Ciencia ciudadana y aprendizaje-servicio","datePublished":"2018-06-05T08:19:50+00:00","dateModified":"2024-08-20T16:02:27+00:00","mainEntityOfPage":{"@id":"https:\/\/eldiariodelaeducacion.com\/convivenciayeducacionenvalores\/2018\/06\/05\/ciencia-ciudadana-y-aprendizaje-servicio\/"},"wordCount":1031,"commentCount":0,"image":{"@id":"https:\/\/eldiariodelaeducacion.com\/convivenciayeducacionenvalores\/2018\/06\/05\/ciencia-ciudadana-y-aprendizaje-servicio\/#primaryimage"},"thumbnailUrl":"https:\/\/eldiariodelaeducacion.com\/convivenciayeducacionenvalores\/wp-content\/uploads\/sites\/18\/2018\/06\/laboratorio_converted.jpg","keywords":["aprendizaje-servicio"],"articleSection":["Convivencia y educaci\u00f3n en valores"],"inLanguage":"es","potentialAction":[{"@type":"CommentAction","name":"Comment","target":["https:\/\/eldiariodelaeducacion.com\/convivenciayeducacionenvalores\/2018\/06\/05\/ciencia-ciudadana-y-aprendizaje-servicio\/#respond"]}]},{"@type":"WebPage","@id":"https:\/\/eldiariodelaeducacion.com\/convivenciayeducacionenvalores\/2018\/06\/05\/ciencia-ciudadana-y-aprendizaje-servicio\/","url":"https:\/\/eldiariodelaeducacion.com\/convivenciayeducacionenvalores\/2018\/06\/05\/ciencia-ciudadana-y-aprendizaje-servicio\/","name":"Ciencia ciudadana y aprendizaje-servicio - Convivencia y educaci\u00f3n en valores","isPartOf":{"@id":"https:\/\/eldiariodelaeducacion.com\/convivenciayeducacionenvalores\/#website"},"primaryImageOfPage":{"@id":"https:\/\/eldiariodelaeducacion.com\/convivenciayeducacionenvalores\/2018\/06\/05\/ciencia-ciudadana-y-aprendizaje-servicio\/#primaryimage"},"image":{"@id":"https:\/\/eldiariodelaeducacion.com\/convivenciayeducacionenvalores\/2018\/06\/05\/ciencia-ciudadana-y-aprendizaje-servicio\/#primaryimage"},"thumbnailUrl":"https:\/\/eldiariodelaeducacion.com\/convivenciayeducacionenvalores\/wp-content\/uploads\/sites\/18\/2018\/06\/laboratorio_converted.jpg","datePublished":"2018-06-05T08:19:50+00:00","dateModified":"2024-08-20T16:02:27+00:00","author":{"@id":"https:\/\/eldiariodelaeducacion.com\/convivenciayeducacionenvalores\/#\/schema\/person\/9c7cce022eeabd171ac80695937d4f77"},"breadcrumb":{"@id":"https:\/\/eldiariodelaeducacion.com\/convivenciayeducacionenvalores\/2018\/06\/05\/ciencia-ciudadana-y-aprendizaje-servicio\/#breadcrumb"},"inLanguage":"es","potentialAction":[{"@type":"ReadAction","target":["https:\/\/eldiariodelaeducacion.com\/convivenciayeducacionenvalores\/2018\/06\/05\/ciencia-ciudadana-y-aprendizaje-servicio\/"]}]},{"@type":"ImageObject","inLanguage":"es","@id":"https:\/\/eldiariodelaeducacion.com\/convivenciayeducacionenvalores\/2018\/06\/05\/ciencia-ciudadana-y-aprendizaje-servicio\/#primaryimage","url":"https:\/\/eldiariodelaeducacion.com\/convivenciayeducacionenvalores\/wp-content\/uploads\/sites\/18\/2018\/06\/laboratorio_converted.jpg","contentUrl":"https:\/\/eldiariodelaeducacion.com\/convivenciayeducacionenvalores\/wp-content\/uploads\/sites\/18\/2018\/06\/laboratorio_converted.jpg","width":1520,"height":1013},{"@type":"BreadcrumbList","@id":"https:\/\/eldiariodelaeducacion.com\/convivenciayeducacionenvalores\/2018\/06\/05\/ciencia-ciudadana-y-aprendizaje-servicio\/#breadcrumb","itemListElement":[{"@type":"ListItem","position":1,"name":"Portada","item":"https:\/\/eldiariodelaeducacion.com\/convivenciayeducacionenvalores\/"},{"@type":"ListItem","position":2,"name":"Ciencia ciudadana y aprendizaje-servicio"}]},{"@type":"WebSite","@id":"https:\/\/eldiariodelaeducacion.com\/convivenciayeducacionenvalores\/#website","url":"https:\/\/eldiariodelaeducacion.com\/convivenciayeducacionenvalores\/","name":"Convivencia y educaci\u00f3n en valores","description":"Un blog de El Diario de la Educaci\u00f3n","potentialAction":[{"@type":"SearchAction","target":{"@type":"EntryPoint","urlTemplate":"https:\/\/eldiariodelaeducacion.com\/convivenciayeducacionenvalores\/?s={search_term_string}"},"query-input":{"@type":"PropertyValueSpecification","valueRequired":true,"valueName":"search_term_string"}}],"inLanguage":"es"},{"@type":"Person","@id":"https:\/\/eldiariodelaeducacion.com\/convivenciayeducacionenvalores\/#\/schema\/person\/9c7cce022eeabd171ac80695937d4f77","name":"Josep M\u00aa Puig","image":{"@type":"ImageObject","inLanguage":"es","@id":"https:\/\/eldiariodelaeducacion.com\/wp-content\/uploads\/2024\/10\/josep-ma-puig_avatar-96x96.jpg","url":"https:\/\/eldiariodelaeducacion.com\/wp-content\/uploads\/2024\/10\/josep-ma-puig_avatar-96x96.jpg","contentUrl":"https:\/\/eldiariodelaeducacion.com\/wp-content\/uploads\/2024\/10\/josep-ma-puig_avatar-96x96.jpg","caption":"Josep M\u00aa Puig"},"url":"https:\/\/eldiariodelaeducacion.com\/convivenciayeducacionenvalores\/author\/joseppuig\/"}]}},"_links":{"self":[{"href":"https:\/\/eldiariodelaeducacion.com\/convivenciayeducacionenvalores\/wp-json\/wp\/v2\/posts\/234","targetHints":{"allow":["GET"]}}],"collection":[{"href":"https:\/\/eldiariodelaeducacion.com\/convivenciayeducacionenvalores\/wp-json\/wp\/v2\/posts"}],"about":[{"href":"https:\/\/eldiariodelaeducacion.com\/convivenciayeducacionenvalores\/wp-json\/wp\/v2\/types\/post"}],"author":[{"embeddable":true,"href":"https:\/\/eldiariodelaeducacion.com\/convivenciayeducacionenvalores\/wp-json\/wp\/v2\/users\/142"}],"replies":[{"embeddable":true,"href":"https:\/\/eldiariodelaeducacion.com\/convivenciayeducacionenvalores\/wp-json\/wp\/v2\/comments?post=234"}],"version-history":[{"count":1,"href":"https:\/\/eldiariodelaeducacion.com\/convivenciayeducacionenvalores\/wp-json\/wp\/v2\/posts\/234\/revisions"}],"predecessor-version":[{"id":1372,"href":"https:\/\/eldiariodelaeducacion.com\/convivenciayeducacionenvalores\/wp-json\/wp\/v2\/posts\/234\/revisions\/1372"}],"wp:featuredmedia":[{"embeddable":true,"href":"https:\/\/eldiariodelaeducacion.com\/convivenciayeducacionenvalores\/wp-json\/wp\/v2\/media\/270"}],"wp:attachment":[{"href":"https:\/\/eldiariodelaeducacion.com\/convivenciayeducacionenvalores\/wp-json\/wp\/v2\/media?parent=234"}],"wp:term":[{"taxonomy":"category","embeddable":true,"href":"https:\/\/eldiariodelaeducacion.com\/convivenciayeducacionenvalores\/wp-json\/wp\/v2\/categories?post=234"},{"taxonomy":"post_tag","embeddable":true,"href":"https:\/\/eldiariodelaeducacion.com\/convivenciayeducacionenvalores\/wp-json\/wp\/v2\/tags?post=234"},{"taxonomy":"tipo","embeddable":true,"href":"https:\/\/eldiariodelaeducacion.com\/convivenciayeducacionenvalores\/wp-json\/wp\/v2\/tipo?post=234"}],"curies":[{"name":"wp","href":"https:\/\/api.w.org\/{rel}","templated":true}]}}