{"id":320,"date":"2018-09-20T06:00:40","date_gmt":"2018-09-20T06:00:40","guid":{"rendered":"http:\/\/eldiariodelaeducacion.test\/convivenciayeducacionenvalores\/\/?p=320"},"modified":"2024-08-20T18:02:28","modified_gmt":"2024-08-20T16:02:28","slug":"el-tema-de-la-inmigracion-en-la-escuela","status":"publish","type":"post","link":"https:\/\/eldiariodelaeducacion.com\/convivenciayeducacionenvalores\/2018\/09\/20\/el-tema-de-la-inmigracion-en-la-escuela\/","title":{"rendered":"El tema de la inmigraci\u00f3n en la escuela"},"content":{"rendered":"<p>La llegada de personas migrantes a nuestro pa\u00eds y a Europa ha sido noticia destacada a lo largo de todo el verano. Desde la llegada al puerto de Valencia del barco Aquarius y la acogida a todos los migrantes durante un tiempo determinado hasta el cierre de los puertos de determinados pa\u00edses, como Italia y Malta. Todo ello sin olvidar a los migrantes que han perecido ahogados en el Mediterr\u00e1neo, m\u00e1s de 700, y las largas esperas que han padecido hasta verse acogidos por alg\u00fan pa\u00eds, aunque fuera de manera provisional. Todo ello recordando tambi\u00e9n lo ocurrido en Ceuta y Melilla, con los sucesivos saltos de la valla y las devoluciones en caliente.<\/p>\n<p>Sin embargo, lo m\u00e1s preocupante de todo lo sucedido ha sido la reacci\u00f3n de determinadas personas e instituciones que, lejos de buscar una alternativa digna y respetuosa con los derechos de estas personas, han contribuido a fomentar actitudes de cierre y rechazo de estas personas y de reclamaci\u00f3n de medidas dr\u00e1sticas que impidan su acogida en nuestro pa\u00eds o en otro pa\u00eds europeo.<\/p>\n<p>\u00bfQu\u00e9 pensar de todo lo sucedido en estos meses veraniegos desde el punto de vista de la educaci\u00f3n de valores y el desarrollo de la convivencia positiva? \u00bfDesde qu\u00e9 valores y actitudes debemos tratar este tema con nuestros alumnos y alumnas, en este nuevo curso que va a empezar? \u00bfDebe considerarse un tema importante e inevitable en la educaci\u00f3n de nuestro alumnado? Para responder adecuadamente a estas preguntas, es necesario partir de un an\u00e1lisis previo de lo sucedido, identificando los aspectos m\u00e1s significativos de estos hechos.<\/p>\n<p>Se trata de un fen\u00f3meno complejo, en el que se entremezclan situaciones muy diferentes, desde las personas que llegan huyendo de la guerra en su pa\u00eds y que vienen demandando asilo, hasta los inmigrantes llamados \u201cecon\u00f3micos\u201d, que vienen buscando trabajo y una mejora en sus condiciones de vida, pasando por otras situaciones como las de los menores que viajan solos o las de las mujeres embarazadas. Sin embargo, todo se mezcla, nada se distingue, y una sola actitud se pone de manifiesto ante estos casos tan variados: el rechazo, el NO, la devoluci\u00f3n a sus pa\u00eds, etc.<\/p>\n<p>Todos los datos apuntan a que el n\u00famero de personas migrantes est\u00e1 disminuyendo y que, de hecho, estamos ante una ca\u00edda del n\u00famero de llegadas a nuestro pa\u00eds, enmascarado, tal vez, por la concentraci\u00f3n en determinadas fechas y lugares de la llegada de personas, debido al buen tiempo y al buen estado de la mar. Pero la informaci\u00f3n que prevalece y la que se transmite a la poblaci\u00f3n es la contraria: hay una \u201cinvasi\u00f3n\u201d, cantidad de personas est\u00e1n esperando para pasar, hay un \u201cefecto llamada\u201d, y otras cosas por el estilo.<\/p>\n<p>A la vez, junto con esta desinformaci\u00f3n intencional, llama tambi\u00e9n la atenci\u00f3n el manejo y manipulaci\u00f3n de las emociones bajo la apariencia de un razonamiento que pretende hacer pensar. Se proporcionan argumentos que no est\u00e1n basados en ideas o razones, sino que est\u00e1n dirigidos a la emoci\u00f3n, a despertar determinados sentimientos bajo la apariencia de un razonamiento impecable. Basta con ver en la prensa y la televisi\u00f3n los comentarios acerca de la amenaza yihadista, el \u2018grave da\u00f1o\u2019 que causan a la econom\u00eda los manteros o el uso abusivo que, supuestamente por parte de las personas migrantes, hacen de los servicios educativos, sanitarios, sociales o de vivienda. Todo ello para llegar a una conclusi\u00f3n muy escuchada en estos meses y dicha de muchas formas distintas: \u201cLos espa\u00f1oles, primero\u201d.<\/p>\n<p>Tocar las emociones, apelar a los sentimientos resulta tan peligroso como eficaz. El miedo a quien es diferente, y a quienes presentamos como un peligro para nuestra vida diaria, para nuestro grado de bienestar o para nuestras ideas b\u00e1sicas de lo que debe ser la sociedad, es un sentimiento que penetra muy a fondo en las personas, y que les lleva a cerrarse a otro tipo de argumentos. La consecuencia natural es el rechazo de cualquier tipo de acogida de estas personas y de su integraci\u00f3n, el pedir medidas dr\u00e1sticas contra ellas porque son una amenaza para nuestra sociedad y nuestro bienestar.<\/p>\n<p>He podido comprobar estos meses, no sin cierto estupor, c\u00f3mo personas abiertas de mente en muchos otros temas se ven\u00edan abajo a la hora de hablar de las personas migrantes, resultando imposible razonar con ellas. Y, m\u00e1s que probablemente, la insensata campa\u00f1a puesta en marcha por determinados pol\u00edticos en busca de un voto perdido ha contribuido a la cerraz\u00f3n ante estas situaciones. Es necesario recordar a estos pol\u00edticos las consecuencias de su discurso y actitud, el fomento de actitudes que, en menor o mayor grado, llevan al odio y rechazo. Y exigirles lo que se debe exigir como primera tarea a cualquier pol\u00edtico: la construcci\u00f3n de la convivencia entre la ciudadan\u00eda, la b\u00fasqueda del acuerdo y el fomento del respeto hacia las personas que son diferentes de nosotros y de nuestra sociedad.<\/p>\n<p>Y es que este es otro elemento importante que llama la atenci\u00f3n en el tema de las personas migrantes, el olvido de que son personas y que, como tales, tienen unos derechos que en ning\u00fan momento se pueden dejar de respetar. Se nos olvida que son personas cuando nos limitamos a ver o dar fr\u00edamente la cifra de quienes han perecido en el mar, cuando no tenemos en cuenta su historia personal y los padecimientos sufridos desde que salieron de su pueblo, cuando no queremos saber nada de las mafias que los controlan y manipulan, empuj\u00e1ndoles muchas veces a una muerte segura. Y mucho m\u00e1s, cuando nos olvidamos que el derecho al asilo es uno de los derechos humanos que todos debemos respetar, buscando y encontrando las disculpas que sean necesarias para neg\u00e1rselo.<\/p>\n<p>Lo primero que hay que poner de manifiesto es la falta de objetividad y el manejo de la informaci\u00f3n con fines de amedrentar y crear un clima de preocupaci\u00f3n y de miedo ante lo que se nos viene encima. Para ello, se manipulan los datos, se selecciona lo que les interesa\u2026 y ya est\u00e1. Pero, cuando trabajamos las competencias para la convivencia positiva, una de las cosas que desarrollamos es el aprender a pensar y, para ello, el primer paso es aprender a recoger la informaci\u00f3n de manera exhaustiva y real, sin manipulaciones ni juicios de valor, nos guste o no. Es la base desde la que se podr\u00e1n desarrollar otros tipos de pensamiento (alternativo, consecuencial, de empat\u00eda, etc.), y es una de las capacidades de las que suelen carecer nuestros alumnos y alumnas, que no han sido formados en el desarrollo de este tipo de pensamiento diagn\u00f3stico, de ver qu\u00e9 es lo que sucede.<\/p>\n<p>Por eso resulta imprescindible analizar con nuestro alumnado lo que est\u00e1 pasando, ver qu\u00e9 es verdad y qu\u00e9 no, ver las evidencias en las que se apoyan muchas de estas afirmaciones, distinguiendo los datos de lo que es una opini\u00f3n o una valoraci\u00f3n de la persona que nos lo cuenta. S\u00f3lo desde este punto de partida es posible la convivencia, dejando de lado la falsedad y la manipulaci\u00f3n.<\/p>\n<p>Adela Cortina ha se\u00f1alado, con gran acierto, la distinci\u00f3n que hacemos normalmente de las personas migrantes en funci\u00f3n de su situaci\u00f3n econ\u00f3mica. No nos preocupa ni rechazamos a quienes traen dinero y recursos, rechazamos a quienes no nos aportan nada y piden nuestra ayuda. Es la \u201caporofobia\u201d, el odio-miedo-rechazo del pobre, que b\u00e1sicamente niega su dignidad y su condici\u00f3n de persona humana.<\/p>\n<p>Esta \u00faltima cuesti\u00f3n nos pone delante la necesaria educaci\u00f3n en valores en nuestra tarea educativa, como la solidaridad, la aceptaci\u00f3n del diferente, el respeto. Y nos plantea un reto importante a los educadores y educadoras, de cara a nuestro trabajo profesional. Un reto que contempla ense\u00f1ar a nuestros alumnos y alumnas a pensar, a identificar y gestionar determinadas emociones muy negativas para la convivencia, y desarrollar los valores \u00e9ticos de solidaridad, respeto y aceptaci\u00f3n de todas las personas. Retos que debemos plantearnos e incorporar a nuestra pr\u00e1ctica docente habitual.<\/p>\n<p>El tema de las personas migrantes debe estar necesariamente presente en nuestra labor educativa en este curso que comienza. Son muchas las formas posibles de abordarlo, pero lo importante es que no se quede en el olvido, que ellas, las personas, no queden en el olvido.<\/p>\n<p><strong>Pedro M\u00aa Uru\u00f1uela N\u00e1jera. Asociaci\u00f3n CONVIVES<\/strong><\/p>\n","protected":false},"excerpt":{"rendered":"<p>La llegada de personas migrantes a nuestro pa\u00eds y a Europa ha sido noticia destacada a lo largo de todo el verano. Desde la llegada al puerto de Valencia del barco Aquarius y la acogida a todos los migrantes durante un tiempo determinado hasta el cierre de los puertos de determinados pa\u00edses, como Italia y<\/p>\n","protected":false},"author":144,"featured_media":324,"comment_status":"open","ping_status":"closed","sticky":false,"template":"","format":"standard","meta":{"footnotes":""},"categories":[16],"tags":[],"tipo":[],"class_list":{"0":"post-320","1":"post","2":"type-post","3":"status-publish","4":"format-standard","5":"has-post-thumbnail","7":"category-convivencia-y-educacion-en-valores-2"},"yoast_head":"<!-- This site is optimized with the Yoast SEO plugin v27.5 - https:\/\/yoast.com\/product\/yoast-seo-wordpress\/ -->\n<title>El tema de la inmigraci\u00f3n en la escuela - Convivencia y educaci\u00f3n en valores<\/title>\n<meta name=\"robots\" content=\"index, follow, max-snippet:-1, max-image-preview:large, max-video-preview:-1\" \/>\n<link rel=\"canonical\" href=\"https:\/\/eldiariodelaeducacion.com\/convivenciayeducacionenvalores\/2018\/09\/20\/el-tema-de-la-inmigracion-en-la-escuela\/\" \/>\n<meta property=\"og:locale\" content=\"es_ES\" \/>\n<meta property=\"og:type\" content=\"article\" \/>\n<meta property=\"og:title\" content=\"El tema de la inmigraci\u00f3n en la escuela - Convivencia y educaci\u00f3n en valores\" \/>\n<meta property=\"og:description\" content=\"La llegada de personas migrantes a nuestro pa\u00eds y a Europa ha sido noticia destacada a lo largo de todo el verano. Desde la llegada al puerto de Valencia del barco Aquarius y la acogida a todos los migrantes durante un tiempo determinado hasta el cierre de los puertos de determinados pa\u00edses, como Italia y\" \/>\n<meta property=\"og:url\" content=\"https:\/\/eldiariodelaeducacion.com\/convivenciayeducacionenvalores\/2018\/09\/20\/el-tema-de-la-inmigracion-en-la-escuela\/\" \/>\n<meta property=\"og:site_name\" content=\"Convivencia y educaci\u00f3n en valores\" \/>\n<meta property=\"article:published_time\" content=\"2018-09-20T06:00:40+00:00\" \/>\n<meta property=\"article:modified_time\" content=\"2024-08-20T16:02:28+00:00\" \/>\n<meta property=\"og:image\" content=\"https:\/\/eldiariodelaeducacion.com\/convivenciayeducacionenvalores\/wp-content\/uploads\/sites\/18\/2018\/09\/rescue-667664_1280.jpg\" \/>\n\t<meta property=\"og:image:width\" content=\"1280\" \/>\n\t<meta property=\"og:image:height\" content=\"960\" \/>\n\t<meta property=\"og:image:type\" content=\"image\/jpeg\" \/>\n<meta name=\"author\" content=\"Pedro Uru\u00f1uela\" \/>\n<meta name=\"twitter:card\" content=\"summary_large_image\" \/>\n<meta name=\"twitter:label1\" content=\"Escrito por\" \/>\n\t<meta name=\"twitter:data1\" content=\"Pedro Uru\u00f1uela\" \/>\n\t<meta name=\"twitter:label2\" content=\"Tiempo de lectura\" \/>\n\t<meta name=\"twitter:data2\" content=\"7 minutos\" \/>\n<script type=\"application\/ld+json\" class=\"yoast-schema-graph\">{\"@context\":\"https:\\\/\\\/schema.org\",\"@graph\":[{\"@type\":\"Article\",\"@id\":\"https:\\\/\\\/eldiariodelaeducacion.com\\\/convivenciayeducacionenvalores\\\/2018\\\/09\\\/20\\\/el-tema-de-la-inmigracion-en-la-escuela\\\/#article\",\"isPartOf\":{\"@id\":\"https:\\\/\\\/eldiariodelaeducacion.com\\\/convivenciayeducacionenvalores\\\/2018\\\/09\\\/20\\\/el-tema-de-la-inmigracion-en-la-escuela\\\/\"},\"author\":{\"name\":\"Pedro Uru\u00f1uela\",\"@id\":\"https:\\\/\\\/eldiariodelaeducacion.com\\\/convivenciayeducacionenvalores\\\/#\\\/schema\\\/person\\\/9e0ca6878b1e021f3ed285e81a678a59\"},\"headline\":\"El tema de la inmigraci\u00f3n en la escuela\",\"datePublished\":\"2018-09-20T06:00:40+00:00\",\"dateModified\":\"2024-08-20T16:02:28+00:00\",\"mainEntityOfPage\":{\"@id\":\"https:\\\/\\\/eldiariodelaeducacion.com\\\/convivenciayeducacionenvalores\\\/2018\\\/09\\\/20\\\/el-tema-de-la-inmigracion-en-la-escuela\\\/\"},\"wordCount\":1467,\"commentCount\":0,\"image\":{\"@id\":\"https:\\\/\\\/eldiariodelaeducacion.com\\\/convivenciayeducacionenvalores\\\/2018\\\/09\\\/20\\\/el-tema-de-la-inmigracion-en-la-escuela\\\/#primaryimage\"},\"thumbnailUrl\":\"https:\\\/\\\/eldiariodelaeducacion.com\\\/convivenciayeducacionenvalores\\\/wp-content\\\/uploads\\\/sites\\\/18\\\/2018\\\/09\\\/rescue-667664_1280.jpg\",\"articleSection\":[\"Convivencia y educaci\u00f3n en valores\"],\"inLanguage\":\"es\",\"potentialAction\":[{\"@type\":\"CommentAction\",\"name\":\"Comment\",\"target\":[\"https:\\\/\\\/eldiariodelaeducacion.com\\\/convivenciayeducacionenvalores\\\/2018\\\/09\\\/20\\\/el-tema-de-la-inmigracion-en-la-escuela\\\/#respond\"]}]},{\"@type\":\"WebPage\",\"@id\":\"https:\\\/\\\/eldiariodelaeducacion.com\\\/convivenciayeducacionenvalores\\\/2018\\\/09\\\/20\\\/el-tema-de-la-inmigracion-en-la-escuela\\\/\",\"url\":\"https:\\\/\\\/eldiariodelaeducacion.com\\\/convivenciayeducacionenvalores\\\/2018\\\/09\\\/20\\\/el-tema-de-la-inmigracion-en-la-escuela\\\/\",\"name\":\"El tema de la inmigraci\u00f3n en la escuela - Convivencia y educaci\u00f3n en valores\",\"isPartOf\":{\"@id\":\"https:\\\/\\\/eldiariodelaeducacion.com\\\/convivenciayeducacionenvalores\\\/#website\"},\"primaryImageOfPage\":{\"@id\":\"https:\\\/\\\/eldiariodelaeducacion.com\\\/convivenciayeducacionenvalores\\\/2018\\\/09\\\/20\\\/el-tema-de-la-inmigracion-en-la-escuela\\\/#primaryimage\"},\"image\":{\"@id\":\"https:\\\/\\\/eldiariodelaeducacion.com\\\/convivenciayeducacionenvalores\\\/2018\\\/09\\\/20\\\/el-tema-de-la-inmigracion-en-la-escuela\\\/#primaryimage\"},\"thumbnailUrl\":\"https:\\\/\\\/eldiariodelaeducacion.com\\\/convivenciayeducacionenvalores\\\/wp-content\\\/uploads\\\/sites\\\/18\\\/2018\\\/09\\\/rescue-667664_1280.jpg\",\"datePublished\":\"2018-09-20T06:00:40+00:00\",\"dateModified\":\"2024-08-20T16:02:28+00:00\",\"author\":{\"@id\":\"https:\\\/\\\/eldiariodelaeducacion.com\\\/convivenciayeducacionenvalores\\\/#\\\/schema\\\/person\\\/9e0ca6878b1e021f3ed285e81a678a59\"},\"breadcrumb\":{\"@id\":\"https:\\\/\\\/eldiariodelaeducacion.com\\\/convivenciayeducacionenvalores\\\/2018\\\/09\\\/20\\\/el-tema-de-la-inmigracion-en-la-escuela\\\/#breadcrumb\"},\"inLanguage\":\"es\",\"potentialAction\":[{\"@type\":\"ReadAction\",\"target\":[\"https:\\\/\\\/eldiariodelaeducacion.com\\\/convivenciayeducacionenvalores\\\/2018\\\/09\\\/20\\\/el-tema-de-la-inmigracion-en-la-escuela\\\/\"]}]},{\"@type\":\"ImageObject\",\"inLanguage\":\"es\",\"@id\":\"https:\\\/\\\/eldiariodelaeducacion.com\\\/convivenciayeducacionenvalores\\\/2018\\\/09\\\/20\\\/el-tema-de-la-inmigracion-en-la-escuela\\\/#primaryimage\",\"url\":\"https:\\\/\\\/eldiariodelaeducacion.com\\\/convivenciayeducacionenvalores\\\/wp-content\\\/uploads\\\/sites\\\/18\\\/2018\\\/09\\\/rescue-667664_1280.jpg\",\"contentUrl\":\"https:\\\/\\\/eldiariodelaeducacion.com\\\/convivenciayeducacionenvalores\\\/wp-content\\\/uploads\\\/sites\\\/18\\\/2018\\\/09\\\/rescue-667664_1280.jpg\",\"width\":1280,\"height\":960,\"caption\":\"Fotograf\u00eda: Pixabay\"},{\"@type\":\"BreadcrumbList\",\"@id\":\"https:\\\/\\\/eldiariodelaeducacion.com\\\/convivenciayeducacionenvalores\\\/2018\\\/09\\\/20\\\/el-tema-de-la-inmigracion-en-la-escuela\\\/#breadcrumb\",\"itemListElement\":[{\"@type\":\"ListItem\",\"position\":1,\"name\":\"Portada\",\"item\":\"https:\\\/\\\/eldiariodelaeducacion.com\\\/convivenciayeducacionenvalores\\\/\"},{\"@type\":\"ListItem\",\"position\":2,\"name\":\"El tema de la inmigraci\u00f3n en la escuela\"}]},{\"@type\":\"WebSite\",\"@id\":\"https:\\\/\\\/eldiariodelaeducacion.com\\\/convivenciayeducacionenvalores\\\/#website\",\"url\":\"https:\\\/\\\/eldiariodelaeducacion.com\\\/convivenciayeducacionenvalores\\\/\",\"name\":\"Convivencia y educaci\u00f3n en valores\",\"description\":\"Un blog de El Diario de la Educaci\u00f3n\",\"potentialAction\":[{\"@type\":\"SearchAction\",\"target\":{\"@type\":\"EntryPoint\",\"urlTemplate\":\"https:\\\/\\\/eldiariodelaeducacion.com\\\/convivenciayeducacionenvalores\\\/?s={search_term_string}\"},\"query-input\":{\"@type\":\"PropertyValueSpecification\",\"valueRequired\":true,\"valueName\":\"search_term_string\"}}],\"inLanguage\":\"es\"},{\"@type\":\"Person\",\"@id\":\"https:\\\/\\\/eldiariodelaeducacion.com\\\/convivenciayeducacionenvalores\\\/#\\\/schema\\\/person\\\/9e0ca6878b1e021f3ed285e81a678a59\",\"name\":\"Pedro Uru\u00f1uela\",\"image\":{\"@type\":\"ImageObject\",\"inLanguage\":\"es\",\"@id\":\"https:\\\/\\\/eldiariodelaeducacion.com\\\/wp-content\\\/uploads\\\/2024\\\/10\\\/pedro-urunuela_avatar-96x96.jpg\",\"url\":\"https:\\\/\\\/eldiariodelaeducacion.com\\\/wp-content\\\/uploads\\\/2024\\\/10\\\/pedro-urunuela_avatar-96x96.jpg\",\"contentUrl\":\"https:\\\/\\\/eldiariodelaeducacion.com\\\/wp-content\\\/uploads\\\/2024\\\/10\\\/pedro-urunuela_avatar-96x96.jpg\",\"caption\":\"Pedro Uru\u00f1uela\"},\"url\":\"https:\\\/\\\/eldiariodelaeducacion.com\\\/convivenciayeducacionenvalores\\\/author\\\/pedrourunuela\\\/\"}]}<\/script>\n<!-- \/ Yoast SEO plugin. -->","yoast_head_json":{"title":"El tema de la inmigraci\u00f3n en la escuela - Convivencia y educaci\u00f3n en valores","robots":{"index":"index","follow":"follow","max-snippet":"max-snippet:-1","max-image-preview":"max-image-preview:large","max-video-preview":"max-video-preview:-1"},"canonical":"https:\/\/eldiariodelaeducacion.com\/convivenciayeducacionenvalores\/2018\/09\/20\/el-tema-de-la-inmigracion-en-la-escuela\/","og_locale":"es_ES","og_type":"article","og_title":"El tema de la inmigraci\u00f3n en la escuela - Convivencia y educaci\u00f3n en valores","og_description":"La llegada de personas migrantes a nuestro pa\u00eds y a Europa ha sido noticia destacada a lo largo de todo el verano. Desde la llegada al puerto de Valencia del barco Aquarius y la acogida a todos los migrantes durante un tiempo determinado hasta el cierre de los puertos de determinados pa\u00edses, como Italia y","og_url":"https:\/\/eldiariodelaeducacion.com\/convivenciayeducacionenvalores\/2018\/09\/20\/el-tema-de-la-inmigracion-en-la-escuela\/","og_site_name":"Convivencia y educaci\u00f3n en valores","article_published_time":"2018-09-20T06:00:40+00:00","article_modified_time":"2024-08-20T16:02:28+00:00","og_image":[{"width":1280,"height":960,"url":"https:\/\/eldiariodelaeducacion.com\/convivenciayeducacionenvalores\/wp-content\/uploads\/sites\/18\/2018\/09\/rescue-667664_1280.jpg","type":"image\/jpeg"}],"author":"Pedro Uru\u00f1uela","twitter_card":"summary_large_image","twitter_misc":{"Escrito por":"Pedro Uru\u00f1uela","Tiempo de lectura":"7 minutos"},"schema":{"@context":"https:\/\/schema.org","@graph":[{"@type":"Article","@id":"https:\/\/eldiariodelaeducacion.com\/convivenciayeducacionenvalores\/2018\/09\/20\/el-tema-de-la-inmigracion-en-la-escuela\/#article","isPartOf":{"@id":"https:\/\/eldiariodelaeducacion.com\/convivenciayeducacionenvalores\/2018\/09\/20\/el-tema-de-la-inmigracion-en-la-escuela\/"},"author":{"name":"Pedro Uru\u00f1uela","@id":"https:\/\/eldiariodelaeducacion.com\/convivenciayeducacionenvalores\/#\/schema\/person\/9e0ca6878b1e021f3ed285e81a678a59"},"headline":"El tema de la inmigraci\u00f3n en la escuela","datePublished":"2018-09-20T06:00:40+00:00","dateModified":"2024-08-20T16:02:28+00:00","mainEntityOfPage":{"@id":"https:\/\/eldiariodelaeducacion.com\/convivenciayeducacionenvalores\/2018\/09\/20\/el-tema-de-la-inmigracion-en-la-escuela\/"},"wordCount":1467,"commentCount":0,"image":{"@id":"https:\/\/eldiariodelaeducacion.com\/convivenciayeducacionenvalores\/2018\/09\/20\/el-tema-de-la-inmigracion-en-la-escuela\/#primaryimage"},"thumbnailUrl":"https:\/\/eldiariodelaeducacion.com\/convivenciayeducacionenvalores\/wp-content\/uploads\/sites\/18\/2018\/09\/rescue-667664_1280.jpg","articleSection":["Convivencia y educaci\u00f3n en valores"],"inLanguage":"es","potentialAction":[{"@type":"CommentAction","name":"Comment","target":["https:\/\/eldiariodelaeducacion.com\/convivenciayeducacionenvalores\/2018\/09\/20\/el-tema-de-la-inmigracion-en-la-escuela\/#respond"]}]},{"@type":"WebPage","@id":"https:\/\/eldiariodelaeducacion.com\/convivenciayeducacionenvalores\/2018\/09\/20\/el-tema-de-la-inmigracion-en-la-escuela\/","url":"https:\/\/eldiariodelaeducacion.com\/convivenciayeducacionenvalores\/2018\/09\/20\/el-tema-de-la-inmigracion-en-la-escuela\/","name":"El tema de la inmigraci\u00f3n en la escuela - Convivencia y educaci\u00f3n en valores","isPartOf":{"@id":"https:\/\/eldiariodelaeducacion.com\/convivenciayeducacionenvalores\/#website"},"primaryImageOfPage":{"@id":"https:\/\/eldiariodelaeducacion.com\/convivenciayeducacionenvalores\/2018\/09\/20\/el-tema-de-la-inmigracion-en-la-escuela\/#primaryimage"},"image":{"@id":"https:\/\/eldiariodelaeducacion.com\/convivenciayeducacionenvalores\/2018\/09\/20\/el-tema-de-la-inmigracion-en-la-escuela\/#primaryimage"},"thumbnailUrl":"https:\/\/eldiariodelaeducacion.com\/convivenciayeducacionenvalores\/wp-content\/uploads\/sites\/18\/2018\/09\/rescue-667664_1280.jpg","datePublished":"2018-09-20T06:00:40+00:00","dateModified":"2024-08-20T16:02:28+00:00","author":{"@id":"https:\/\/eldiariodelaeducacion.com\/convivenciayeducacionenvalores\/#\/schema\/person\/9e0ca6878b1e021f3ed285e81a678a59"},"breadcrumb":{"@id":"https:\/\/eldiariodelaeducacion.com\/convivenciayeducacionenvalores\/2018\/09\/20\/el-tema-de-la-inmigracion-en-la-escuela\/#breadcrumb"},"inLanguage":"es","potentialAction":[{"@type":"ReadAction","target":["https:\/\/eldiariodelaeducacion.com\/convivenciayeducacionenvalores\/2018\/09\/20\/el-tema-de-la-inmigracion-en-la-escuela\/"]}]},{"@type":"ImageObject","inLanguage":"es","@id":"https:\/\/eldiariodelaeducacion.com\/convivenciayeducacionenvalores\/2018\/09\/20\/el-tema-de-la-inmigracion-en-la-escuela\/#primaryimage","url":"https:\/\/eldiariodelaeducacion.com\/convivenciayeducacionenvalores\/wp-content\/uploads\/sites\/18\/2018\/09\/rescue-667664_1280.jpg","contentUrl":"https:\/\/eldiariodelaeducacion.com\/convivenciayeducacionenvalores\/wp-content\/uploads\/sites\/18\/2018\/09\/rescue-667664_1280.jpg","width":1280,"height":960,"caption":"Fotograf\u00eda: Pixabay"},{"@type":"BreadcrumbList","@id":"https:\/\/eldiariodelaeducacion.com\/convivenciayeducacionenvalores\/2018\/09\/20\/el-tema-de-la-inmigracion-en-la-escuela\/#breadcrumb","itemListElement":[{"@type":"ListItem","position":1,"name":"Portada","item":"https:\/\/eldiariodelaeducacion.com\/convivenciayeducacionenvalores\/"},{"@type":"ListItem","position":2,"name":"El tema de la inmigraci\u00f3n en la escuela"}]},{"@type":"WebSite","@id":"https:\/\/eldiariodelaeducacion.com\/convivenciayeducacionenvalores\/#website","url":"https:\/\/eldiariodelaeducacion.com\/convivenciayeducacionenvalores\/","name":"Convivencia y educaci\u00f3n en valores","description":"Un blog de El Diario de la Educaci\u00f3n","potentialAction":[{"@type":"SearchAction","target":{"@type":"EntryPoint","urlTemplate":"https:\/\/eldiariodelaeducacion.com\/convivenciayeducacionenvalores\/?s={search_term_string}"},"query-input":{"@type":"PropertyValueSpecification","valueRequired":true,"valueName":"search_term_string"}}],"inLanguage":"es"},{"@type":"Person","@id":"https:\/\/eldiariodelaeducacion.com\/convivenciayeducacionenvalores\/#\/schema\/person\/9e0ca6878b1e021f3ed285e81a678a59","name":"Pedro Uru\u00f1uela","image":{"@type":"ImageObject","inLanguage":"es","@id":"https:\/\/eldiariodelaeducacion.com\/wp-content\/uploads\/2024\/10\/pedro-urunuela_avatar-96x96.jpg","url":"https:\/\/eldiariodelaeducacion.com\/wp-content\/uploads\/2024\/10\/pedro-urunuela_avatar-96x96.jpg","contentUrl":"https:\/\/eldiariodelaeducacion.com\/wp-content\/uploads\/2024\/10\/pedro-urunuela_avatar-96x96.jpg","caption":"Pedro Uru\u00f1uela"},"url":"https:\/\/eldiariodelaeducacion.com\/convivenciayeducacionenvalores\/author\/pedrourunuela\/"}]}},"_links":{"self":[{"href":"https:\/\/eldiariodelaeducacion.com\/convivenciayeducacionenvalores\/wp-json\/wp\/v2\/posts\/320","targetHints":{"allow":["GET"]}}],"collection":[{"href":"https:\/\/eldiariodelaeducacion.com\/convivenciayeducacionenvalores\/wp-json\/wp\/v2\/posts"}],"about":[{"href":"https:\/\/eldiariodelaeducacion.com\/convivenciayeducacionenvalores\/wp-json\/wp\/v2\/types\/post"}],"author":[{"embeddable":true,"href":"https:\/\/eldiariodelaeducacion.com\/convivenciayeducacionenvalores\/wp-json\/wp\/v2\/users\/144"}],"replies":[{"embeddable":true,"href":"https:\/\/eldiariodelaeducacion.com\/convivenciayeducacionenvalores\/wp-json\/wp\/v2\/comments?post=320"}],"version-history":[{"count":1,"href":"https:\/\/eldiariodelaeducacion.com\/convivenciayeducacionenvalores\/wp-json\/wp\/v2\/posts\/320\/revisions"}],"predecessor-version":[{"id":1378,"href":"https:\/\/eldiariodelaeducacion.com\/convivenciayeducacionenvalores\/wp-json\/wp\/v2\/posts\/320\/revisions\/1378"}],"wp:featuredmedia":[{"embeddable":true,"href":"https:\/\/eldiariodelaeducacion.com\/convivenciayeducacionenvalores\/wp-json\/wp\/v2\/media\/324"}],"wp:attachment":[{"href":"https:\/\/eldiariodelaeducacion.com\/convivenciayeducacionenvalores\/wp-json\/wp\/v2\/media?parent=320"}],"wp:term":[{"taxonomy":"category","embeddable":true,"href":"https:\/\/eldiariodelaeducacion.com\/convivenciayeducacionenvalores\/wp-json\/wp\/v2\/categories?post=320"},{"taxonomy":"post_tag","embeddable":true,"href":"https:\/\/eldiariodelaeducacion.com\/convivenciayeducacionenvalores\/wp-json\/wp\/v2\/tags?post=320"},{"taxonomy":"tipo","embeddable":true,"href":"https:\/\/eldiariodelaeducacion.com\/convivenciayeducacionenvalores\/wp-json\/wp\/v2\/tipo?post=320"}],"curies":[{"name":"wp","href":"https:\/\/api.w.org\/{rel}","templated":true}]}}