{"id":327,"date":"2018-10-02T06:00:49","date_gmt":"2018-10-02T06:00:49","guid":{"rendered":"http:\/\/eldiariodelaeducacion.test\/convivenciayeducacionenvalores\/\/?p=327"},"modified":"2024-08-20T18:02:28","modified_gmt":"2024-08-20T16:02:28","slug":"el-curriculum-oculto-y-las-minorias-en-la-escuela","status":"publish","type":"post","link":"https:\/\/eldiariodelaeducacion.com\/convivenciayeducacionenvalores\/2018\/10\/02\/el-curriculum-oculto-y-las-minorias-en-la-escuela\/","title":{"rendered":"El curriculum oculto y las minor\u00edas en la escuela"},"content":{"rendered":"<p>Los expertos definen el curr\u00edculo como \u00abel conjunto de experiencias, impl\u00edcitas y expl\u00edcitas, que constituyen las vivencias de los alumnos en los centros\u00bb. La escuela es un cruce en la que se encuentran culturas diversas y en la que el conocimiento es \u00abmediador entre la cultura escolar y la experiencia de los alumnos\u00bb (Xavier Lluch).<\/p>\n<p>Los aprendizajes se realizan a partir de referentes culturales y se proyectan en contextos culturales diversos. La diversidad cultural, presente en la escuela, puede facilitar el aprendizaje social de todo el alumnado si es vivida como un hecho natural. Sin embargo, es aceptar la complejidad que conlleva y estar dispuestos a hacer procesos colectivos de adaptaci\u00f3n mutua y de cambio, a veces nada f\u00e1ciles.<\/p>\n<p>Ser \u00abdiferente\u00bb no tiene por qu\u00e9 significar a\u00f1adir nuevas dificultades a las que ya tiene el alumnado de minor\u00edas \u00e9tnicas en la escuela. La escuela no es una instituci\u00f3n para \u00abasimilar\u00bb a las minor\u00edas culturales sino para acoger a todo el mundo en condiciones de igualdad, para facilitar aprendizajes significativos, relevantes y personalizados, desde la pr\u00e1ctica real en las aulas, sin voluntad de uniformizar a quienes son diferentes, estimulando la autonom\u00eda personal del alumnado y educando para vivir en sociedades plurales, diversas y multiculturales.<\/p>\n<p>Sin embargo, la escuela ha tendido a menudo a homogeneizar culturalmente al alumnado, ha escondido o dejado de promocionar las diferencias culturales: las de las nacionalidades hist\u00f3ricas en los estados compuestos o plurinacionales, las de las minor\u00edas \u00e9tnicas, las de las lenguas habladas en territorios compartidos, en aras de un nacionalismo dominante y en detrimento de las leyes y las culturas dominadas. En estos contextos, la vida y la cultura de las minor\u00edas suele quedar silenciada y oculta. Algunos autores hablan de un curr\u00edculum oculto, que no transmite informaci\u00f3n sobre las caracter\u00edsticas \u00e9tnicas y culturales en las aulas, ni las contempla, de hecho, en la formaci\u00f3n del profesorado. Es como si estuvieran estigmatizadas: culturas negadas, voces silenciadas, historias y minor\u00edas ausentes, muy a menudo, de los libros de texto y los materiales did\u00e1cticos (Jurjo Torres). Al final, se acaban perdiendo por la educaci\u00f3n de saberes proveedores de interpretaciones sobre la vida y la comprensi\u00f3n del sentido y la significaci\u00f3n de lo cotidiano (del \u00abmundo de la vida real\u00bb).<\/p>\n<p>La idea de la escuela inclusiva afirma el derecho a la diferencia, a ser educado sin diferencias, el reconocimiento del derecho a una educaci\u00f3n igual para todos, tambi\u00e9n para las personas con discapacidad y las \u00abdiferentes\u00bb. La pregunta es c\u00f3mo debe ser un curriculum inclusivo, un curr\u00edculum que no excluya a las minor\u00edas ni a los \u00abotros\u00bb y que no trivialice la riqueza de la diversidad cultural presente en los centros. Sin duda ser\u00eda, un curr\u00edculo abierto y flexible, que fuera m\u00e1s all\u00e1 de la incorporaci\u00f3n \u00abde unidades did\u00e1cticas\u00bb en temas y trabajos de asignaturas; de \u00absemanas culturales\u00bb y celebraciones de \u00abD\u00edas Internacionales de &#8230;\u00bb; que llegase a transformar el curr\u00edculo, diversificando contenidos y trat\u00e1ndolos de manera interdisciplinaria, yendo m\u00e1s all\u00e1 de los marcos de las asignaturas tradicionales, por ejemplo, mediante proyectos.<\/p>\n<p>La tarea fundamental es la creaci\u00f3n de buenas relaciones interpersonales en el aula, entre el alumnado y con el profesorado; crear climas de respeto, de aceptaci\u00f3n mutua y de confianza; potenciando la consecuci\u00f3n de las competencias comunicativas y sociales. Tambi\u00e9n diversificando la organizaci\u00f3n del tiempo y el espacio del aula; programando actividades evaluables con la participaci\u00f3n de los diversos agentes que intervengan. En definitiva, hay que crear marcos id\u00f3neos de acci\u00f3n que hagan posibles \u00abprocesos nuevos de an\u00e1lisis y reconstrucci\u00f3n del conocimiento\u00bb, en expresi\u00f3n de Xavier Lluch.<\/p>\n<p>Se impone superar visiones academicistas, centradas en la instrucci\u00f3n, la disciplina y el esfuerzo sin motivaci\u00f3n ni entusiasmo, de corte tan conservador. Tenemos que ir hacia visiones m\u00e1s cr\u00edticas, m\u00e1s centradas en la pr\u00e1ctica en el aula, a partir del alumnado, dirigidas sobre todo a la \u00abformaci\u00f3n del car\u00e1cter\u00bb, en la construcci\u00f3n de proyectos personales de vida, y a la educaci\u00f3n de los ni\u00f1os y j\u00f3venes desde la perspectiva de una ciudadan\u00eda activa y comprometida. Se trata de formar personas respetuosas, democr\u00e1ticas y solidarias, capaces de convivir y trabajar con todo tipo de conciudadanos.<\/p>\n","protected":false},"excerpt":{"rendered":"<p>Los expertos definen el curr\u00edculo como \u00abel conjunto de experiencias, impl\u00edcitas y expl\u00edcitas, que constituyen las vivencias de los alumnos en los centros\u00bb. La escuela es un cruce en la que se encuentran culturas diversas y en la que el conocimiento es \u00abmediador entre la cultura escolar y la experiencia de los alumnos\u00bb (Xavier Lluch).<\/p>\n","protected":false},"author":143,"featured_media":328,"comment_status":"open","ping_status":"closed","sticky":false,"template":"","format":"standard","meta":{"footnotes":""},"categories":[16],"tags":[],"tipo":[],"class_list":{"0":"post-327","1":"post","2":"type-post","3":"status-publish","4":"format-standard","5":"has-post-thumbnail","7":"category-convivencia-y-educacion-en-valores-2"},"yoast_head":"<!-- This site is optimized with the Yoast SEO plugin v27.5 - https:\/\/yoast.com\/product\/yoast-seo-wordpress\/ -->\n<title>El curriculum oculto y las minor\u00edas en la escuela - Convivencia y educaci\u00f3n en valores<\/title>\n<meta name=\"robots\" content=\"index, follow, max-snippet:-1, max-image-preview:large, max-video-preview:-1\" \/>\n<link rel=\"canonical\" href=\"https:\/\/eldiariodelaeducacion.com\/convivenciayeducacionenvalores\/2018\/10\/02\/el-curriculum-oculto-y-las-minorias-en-la-escuela\/\" \/>\n<meta property=\"og:locale\" content=\"es_ES\" \/>\n<meta property=\"og:type\" content=\"article\" \/>\n<meta property=\"og:title\" content=\"El curriculum oculto y las minor\u00edas en la escuela - Convivencia y educaci\u00f3n en valores\" \/>\n<meta property=\"og:description\" content=\"Los expertos definen el curr\u00edculo como \u00abel conjunto de experiencias, impl\u00edcitas y expl\u00edcitas, que constituyen las vivencias de los alumnos en los centros\u00bb. La escuela es un cruce en la que se encuentran culturas diversas y en la que el conocimiento es \u00abmediador entre la cultura escolar y la experiencia de los alumnos\u00bb (Xavier Lluch).\" \/>\n<meta property=\"og:url\" content=\"https:\/\/eldiariodelaeducacion.com\/convivenciayeducacionenvalores\/2018\/10\/02\/el-curriculum-oculto-y-las-minorias-en-la-escuela\/\" \/>\n<meta property=\"og:site_name\" content=\"Convivencia y educaci\u00f3n en valores\" \/>\n<meta property=\"article:published_time\" content=\"2018-10-02T06:00:49+00:00\" \/>\n<meta property=\"article:modified_time\" content=\"2024-08-20T16:02:28+00:00\" \/>\n<meta property=\"og:image\" content=\"https:\/\/eldiariodelaeducacion.com\/convivenciayeducacionenvalores\/wp-content\/uploads\/sites\/18\/2018\/10\/ninos-trabajo-en-clase-Natalia-Quintana-Pixabay.jpg\" \/>\n\t<meta property=\"og:image:width\" content=\"1280\" \/>\n\t<meta property=\"og:image:height\" content=\"853\" \/>\n\t<meta property=\"og:image:type\" content=\"image\/jpeg\" \/>\n<meta name=\"author\" content=\"Salvador Carrasco Calvo\" \/>\n<meta name=\"twitter:card\" content=\"summary_large_image\" \/>\n<meta name=\"twitter:label1\" content=\"Escrito por\" \/>\n\t<meta name=\"twitter:data1\" content=\"Salvador Carrasco Calvo\" \/>\n\t<meta name=\"twitter:label2\" content=\"Tiempo de lectura\" \/>\n\t<meta name=\"twitter:data2\" content=\"4 minutos\" \/>\n<script type=\"application\/ld+json\" class=\"yoast-schema-graph\">{\"@context\":\"https:\\\/\\\/schema.org\",\"@graph\":[{\"@type\":\"Article\",\"@id\":\"https:\\\/\\\/eldiariodelaeducacion.com\\\/convivenciayeducacionenvalores\\\/2018\\\/10\\\/02\\\/el-curriculum-oculto-y-las-minorias-en-la-escuela\\\/#article\",\"isPartOf\":{\"@id\":\"https:\\\/\\\/eldiariodelaeducacion.com\\\/convivenciayeducacionenvalores\\\/2018\\\/10\\\/02\\\/el-curriculum-oculto-y-las-minorias-en-la-escuela\\\/\"},\"author\":{\"name\":\"Salvador Carrasco Calvo\",\"@id\":\"https:\\\/\\\/eldiariodelaeducacion.com\\\/convivenciayeducacionenvalores\\\/#\\\/schema\\\/person\\\/ae847fc4c76ab1b187620349eef1cf13\"},\"headline\":\"El curriculum oculto y las minor\u00edas en la escuela\",\"datePublished\":\"2018-10-02T06:00:49+00:00\",\"dateModified\":\"2024-08-20T16:02:28+00:00\",\"mainEntityOfPage\":{\"@id\":\"https:\\\/\\\/eldiariodelaeducacion.com\\\/convivenciayeducacionenvalores\\\/2018\\\/10\\\/02\\\/el-curriculum-oculto-y-las-minorias-en-la-escuela\\\/\"},\"wordCount\":755,\"commentCount\":0,\"image\":{\"@id\":\"https:\\\/\\\/eldiariodelaeducacion.com\\\/convivenciayeducacionenvalores\\\/2018\\\/10\\\/02\\\/el-curriculum-oculto-y-las-minorias-en-la-escuela\\\/#primaryimage\"},\"thumbnailUrl\":\"https:\\\/\\\/eldiariodelaeducacion.com\\\/convivenciayeducacionenvalores\\\/wp-content\\\/uploads\\\/sites\\\/18\\\/2018\\\/10\\\/ninos-trabajo-en-clase-Natalia-Quintana-Pixabay.jpg\",\"articleSection\":[\"Convivencia y educaci\u00f3n en valores\"],\"inLanguage\":\"es\",\"potentialAction\":[{\"@type\":\"CommentAction\",\"name\":\"Comment\",\"target\":[\"https:\\\/\\\/eldiariodelaeducacion.com\\\/convivenciayeducacionenvalores\\\/2018\\\/10\\\/02\\\/el-curriculum-oculto-y-las-minorias-en-la-escuela\\\/#respond\"]}]},{\"@type\":\"WebPage\",\"@id\":\"https:\\\/\\\/eldiariodelaeducacion.com\\\/convivenciayeducacionenvalores\\\/2018\\\/10\\\/02\\\/el-curriculum-oculto-y-las-minorias-en-la-escuela\\\/\",\"url\":\"https:\\\/\\\/eldiariodelaeducacion.com\\\/convivenciayeducacionenvalores\\\/2018\\\/10\\\/02\\\/el-curriculum-oculto-y-las-minorias-en-la-escuela\\\/\",\"name\":\"El curriculum oculto y las minor\u00edas en la escuela - Convivencia y educaci\u00f3n en valores\",\"isPartOf\":{\"@id\":\"https:\\\/\\\/eldiariodelaeducacion.com\\\/convivenciayeducacionenvalores\\\/#website\"},\"primaryImageOfPage\":{\"@id\":\"https:\\\/\\\/eldiariodelaeducacion.com\\\/convivenciayeducacionenvalores\\\/2018\\\/10\\\/02\\\/el-curriculum-oculto-y-las-minorias-en-la-escuela\\\/#primaryimage\"},\"image\":{\"@id\":\"https:\\\/\\\/eldiariodelaeducacion.com\\\/convivenciayeducacionenvalores\\\/2018\\\/10\\\/02\\\/el-curriculum-oculto-y-las-minorias-en-la-escuela\\\/#primaryimage\"},\"thumbnailUrl\":\"https:\\\/\\\/eldiariodelaeducacion.com\\\/convivenciayeducacionenvalores\\\/wp-content\\\/uploads\\\/sites\\\/18\\\/2018\\\/10\\\/ninos-trabajo-en-clase-Natalia-Quintana-Pixabay.jpg\",\"datePublished\":\"2018-10-02T06:00:49+00:00\",\"dateModified\":\"2024-08-20T16:02:28+00:00\",\"author\":{\"@id\":\"https:\\\/\\\/eldiariodelaeducacion.com\\\/convivenciayeducacionenvalores\\\/#\\\/schema\\\/person\\\/ae847fc4c76ab1b187620349eef1cf13\"},\"breadcrumb\":{\"@id\":\"https:\\\/\\\/eldiariodelaeducacion.com\\\/convivenciayeducacionenvalores\\\/2018\\\/10\\\/02\\\/el-curriculum-oculto-y-las-minorias-en-la-escuela\\\/#breadcrumb\"},\"inLanguage\":\"es\",\"potentialAction\":[{\"@type\":\"ReadAction\",\"target\":[\"https:\\\/\\\/eldiariodelaeducacion.com\\\/convivenciayeducacionenvalores\\\/2018\\\/10\\\/02\\\/el-curriculum-oculto-y-las-minorias-en-la-escuela\\\/\"]}]},{\"@type\":\"ImageObject\",\"inLanguage\":\"es\",\"@id\":\"https:\\\/\\\/eldiariodelaeducacion.com\\\/convivenciayeducacionenvalores\\\/2018\\\/10\\\/02\\\/el-curriculum-oculto-y-las-minorias-en-la-escuela\\\/#primaryimage\",\"url\":\"https:\\\/\\\/eldiariodelaeducacion.com\\\/convivenciayeducacionenvalores\\\/wp-content\\\/uploads\\\/sites\\\/18\\\/2018\\\/10\\\/ninos-trabajo-en-clase-Natalia-Quintana-Pixabay.jpg\",\"contentUrl\":\"https:\\\/\\\/eldiariodelaeducacion.com\\\/convivenciayeducacionenvalores\\\/wp-content\\\/uploads\\\/sites\\\/18\\\/2018\\\/10\\\/ninos-trabajo-en-clase-Natalia-Quintana-Pixabay.jpg\",\"width\":1280,\"height\":853},{\"@type\":\"BreadcrumbList\",\"@id\":\"https:\\\/\\\/eldiariodelaeducacion.com\\\/convivenciayeducacionenvalores\\\/2018\\\/10\\\/02\\\/el-curriculum-oculto-y-las-minorias-en-la-escuela\\\/#breadcrumb\",\"itemListElement\":[{\"@type\":\"ListItem\",\"position\":1,\"name\":\"Portada\",\"item\":\"https:\\\/\\\/eldiariodelaeducacion.com\\\/convivenciayeducacionenvalores\\\/\"},{\"@type\":\"ListItem\",\"position\":2,\"name\":\"El curriculum oculto y las minor\u00edas en la escuela\"}]},{\"@type\":\"WebSite\",\"@id\":\"https:\\\/\\\/eldiariodelaeducacion.com\\\/convivenciayeducacionenvalores\\\/#website\",\"url\":\"https:\\\/\\\/eldiariodelaeducacion.com\\\/convivenciayeducacionenvalores\\\/\",\"name\":\"Convivencia y educaci\u00f3n en valores\",\"description\":\"Un blog de El Diario de la Educaci\u00f3n\",\"potentialAction\":[{\"@type\":\"SearchAction\",\"target\":{\"@type\":\"EntryPoint\",\"urlTemplate\":\"https:\\\/\\\/eldiariodelaeducacion.com\\\/convivenciayeducacionenvalores\\\/?s={search_term_string}\"},\"query-input\":{\"@type\":\"PropertyValueSpecification\",\"valueRequired\":true,\"valueName\":\"search_term_string\"}}],\"inLanguage\":\"es\"},{\"@type\":\"Person\",\"@id\":\"https:\\\/\\\/eldiariodelaeducacion.com\\\/convivenciayeducacionenvalores\\\/#\\\/schema\\\/person\\\/ae847fc4c76ab1b187620349eef1cf13\",\"name\":\"Salvador Carrasco Calvo\",\"image\":{\"@type\":\"ImageObject\",\"inLanguage\":\"es\",\"@id\":\"https:\\\/\\\/secure.gravatar.com\\\/avatar\\\/283276096567ea0344e6e7ae9eb028f47665331820c11f4c3ef044486a3044d2?s=96&d=mm&r=g\",\"url\":\"https:\\\/\\\/secure.gravatar.com\\\/avatar\\\/283276096567ea0344e6e7ae9eb028f47665331820c11f4c3ef044486a3044d2?s=96&d=mm&r=g\",\"contentUrl\":\"https:\\\/\\\/secure.gravatar.com\\\/avatar\\\/283276096567ea0344e6e7ae9eb028f47665331820c11f4c3ef044486a3044d2?s=96&d=mm&r=g\",\"caption\":\"Salvador Carrasco Calvo\"},\"url\":\"https:\\\/\\\/eldiariodelaeducacion.com\\\/convivenciayeducacionenvalores\\\/author\\\/salvador\\\/\"}]}<\/script>\n<!-- \/ Yoast SEO plugin. -->","yoast_head_json":{"title":"El curriculum oculto y las minor\u00edas en la escuela - Convivencia y educaci\u00f3n en valores","robots":{"index":"index","follow":"follow","max-snippet":"max-snippet:-1","max-image-preview":"max-image-preview:large","max-video-preview":"max-video-preview:-1"},"canonical":"https:\/\/eldiariodelaeducacion.com\/convivenciayeducacionenvalores\/2018\/10\/02\/el-curriculum-oculto-y-las-minorias-en-la-escuela\/","og_locale":"es_ES","og_type":"article","og_title":"El curriculum oculto y las minor\u00edas en la escuela - Convivencia y educaci\u00f3n en valores","og_description":"Los expertos definen el curr\u00edculo como \u00abel conjunto de experiencias, impl\u00edcitas y expl\u00edcitas, que constituyen las vivencias de los alumnos en los centros\u00bb. La escuela es un cruce en la que se encuentran culturas diversas y en la que el conocimiento es \u00abmediador entre la cultura escolar y la experiencia de los alumnos\u00bb (Xavier Lluch).","og_url":"https:\/\/eldiariodelaeducacion.com\/convivenciayeducacionenvalores\/2018\/10\/02\/el-curriculum-oculto-y-las-minorias-en-la-escuela\/","og_site_name":"Convivencia y educaci\u00f3n en valores","article_published_time":"2018-10-02T06:00:49+00:00","article_modified_time":"2024-08-20T16:02:28+00:00","og_image":[{"width":1280,"height":853,"url":"https:\/\/eldiariodelaeducacion.com\/convivenciayeducacionenvalores\/wp-content\/uploads\/sites\/18\/2018\/10\/ninos-trabajo-en-clase-Natalia-Quintana-Pixabay.jpg","type":"image\/jpeg"}],"author":"Salvador Carrasco Calvo","twitter_card":"summary_large_image","twitter_misc":{"Escrito por":"Salvador Carrasco Calvo","Tiempo de lectura":"4 minutos"},"schema":{"@context":"https:\/\/schema.org","@graph":[{"@type":"Article","@id":"https:\/\/eldiariodelaeducacion.com\/convivenciayeducacionenvalores\/2018\/10\/02\/el-curriculum-oculto-y-las-minorias-en-la-escuela\/#article","isPartOf":{"@id":"https:\/\/eldiariodelaeducacion.com\/convivenciayeducacionenvalores\/2018\/10\/02\/el-curriculum-oculto-y-las-minorias-en-la-escuela\/"},"author":{"name":"Salvador Carrasco Calvo","@id":"https:\/\/eldiariodelaeducacion.com\/convivenciayeducacionenvalores\/#\/schema\/person\/ae847fc4c76ab1b187620349eef1cf13"},"headline":"El curriculum oculto y las minor\u00edas en la escuela","datePublished":"2018-10-02T06:00:49+00:00","dateModified":"2024-08-20T16:02:28+00:00","mainEntityOfPage":{"@id":"https:\/\/eldiariodelaeducacion.com\/convivenciayeducacionenvalores\/2018\/10\/02\/el-curriculum-oculto-y-las-minorias-en-la-escuela\/"},"wordCount":755,"commentCount":0,"image":{"@id":"https:\/\/eldiariodelaeducacion.com\/convivenciayeducacionenvalores\/2018\/10\/02\/el-curriculum-oculto-y-las-minorias-en-la-escuela\/#primaryimage"},"thumbnailUrl":"https:\/\/eldiariodelaeducacion.com\/convivenciayeducacionenvalores\/wp-content\/uploads\/sites\/18\/2018\/10\/ninos-trabajo-en-clase-Natalia-Quintana-Pixabay.jpg","articleSection":["Convivencia y educaci\u00f3n en valores"],"inLanguage":"es","potentialAction":[{"@type":"CommentAction","name":"Comment","target":["https:\/\/eldiariodelaeducacion.com\/convivenciayeducacionenvalores\/2018\/10\/02\/el-curriculum-oculto-y-las-minorias-en-la-escuela\/#respond"]}]},{"@type":"WebPage","@id":"https:\/\/eldiariodelaeducacion.com\/convivenciayeducacionenvalores\/2018\/10\/02\/el-curriculum-oculto-y-las-minorias-en-la-escuela\/","url":"https:\/\/eldiariodelaeducacion.com\/convivenciayeducacionenvalores\/2018\/10\/02\/el-curriculum-oculto-y-las-minorias-en-la-escuela\/","name":"El curriculum oculto y las minor\u00edas en la escuela - Convivencia y educaci\u00f3n en valores","isPartOf":{"@id":"https:\/\/eldiariodelaeducacion.com\/convivenciayeducacionenvalores\/#website"},"primaryImageOfPage":{"@id":"https:\/\/eldiariodelaeducacion.com\/convivenciayeducacionenvalores\/2018\/10\/02\/el-curriculum-oculto-y-las-minorias-en-la-escuela\/#primaryimage"},"image":{"@id":"https:\/\/eldiariodelaeducacion.com\/convivenciayeducacionenvalores\/2018\/10\/02\/el-curriculum-oculto-y-las-minorias-en-la-escuela\/#primaryimage"},"thumbnailUrl":"https:\/\/eldiariodelaeducacion.com\/convivenciayeducacionenvalores\/wp-content\/uploads\/sites\/18\/2018\/10\/ninos-trabajo-en-clase-Natalia-Quintana-Pixabay.jpg","datePublished":"2018-10-02T06:00:49+00:00","dateModified":"2024-08-20T16:02:28+00:00","author":{"@id":"https:\/\/eldiariodelaeducacion.com\/convivenciayeducacionenvalores\/#\/schema\/person\/ae847fc4c76ab1b187620349eef1cf13"},"breadcrumb":{"@id":"https:\/\/eldiariodelaeducacion.com\/convivenciayeducacionenvalores\/2018\/10\/02\/el-curriculum-oculto-y-las-minorias-en-la-escuela\/#breadcrumb"},"inLanguage":"es","potentialAction":[{"@type":"ReadAction","target":["https:\/\/eldiariodelaeducacion.com\/convivenciayeducacionenvalores\/2018\/10\/02\/el-curriculum-oculto-y-las-minorias-en-la-escuela\/"]}]},{"@type":"ImageObject","inLanguage":"es","@id":"https:\/\/eldiariodelaeducacion.com\/convivenciayeducacionenvalores\/2018\/10\/02\/el-curriculum-oculto-y-las-minorias-en-la-escuela\/#primaryimage","url":"https:\/\/eldiariodelaeducacion.com\/convivenciayeducacionenvalores\/wp-content\/uploads\/sites\/18\/2018\/10\/ninos-trabajo-en-clase-Natalia-Quintana-Pixabay.jpg","contentUrl":"https:\/\/eldiariodelaeducacion.com\/convivenciayeducacionenvalores\/wp-content\/uploads\/sites\/18\/2018\/10\/ninos-trabajo-en-clase-Natalia-Quintana-Pixabay.jpg","width":1280,"height":853},{"@type":"BreadcrumbList","@id":"https:\/\/eldiariodelaeducacion.com\/convivenciayeducacionenvalores\/2018\/10\/02\/el-curriculum-oculto-y-las-minorias-en-la-escuela\/#breadcrumb","itemListElement":[{"@type":"ListItem","position":1,"name":"Portada","item":"https:\/\/eldiariodelaeducacion.com\/convivenciayeducacionenvalores\/"},{"@type":"ListItem","position":2,"name":"El curriculum oculto y las minor\u00edas en la escuela"}]},{"@type":"WebSite","@id":"https:\/\/eldiariodelaeducacion.com\/convivenciayeducacionenvalores\/#website","url":"https:\/\/eldiariodelaeducacion.com\/convivenciayeducacionenvalores\/","name":"Convivencia y educaci\u00f3n en valores","description":"Un blog de El Diario de la Educaci\u00f3n","potentialAction":[{"@type":"SearchAction","target":{"@type":"EntryPoint","urlTemplate":"https:\/\/eldiariodelaeducacion.com\/convivenciayeducacionenvalores\/?s={search_term_string}"},"query-input":{"@type":"PropertyValueSpecification","valueRequired":true,"valueName":"search_term_string"}}],"inLanguage":"es"},{"@type":"Person","@id":"https:\/\/eldiariodelaeducacion.com\/convivenciayeducacionenvalores\/#\/schema\/person\/ae847fc4c76ab1b187620349eef1cf13","name":"Salvador Carrasco Calvo","image":{"@type":"ImageObject","inLanguage":"es","@id":"https:\/\/secure.gravatar.com\/avatar\/283276096567ea0344e6e7ae9eb028f47665331820c11f4c3ef044486a3044d2?s=96&d=mm&r=g","url":"https:\/\/secure.gravatar.com\/avatar\/283276096567ea0344e6e7ae9eb028f47665331820c11f4c3ef044486a3044d2?s=96&d=mm&r=g","contentUrl":"https:\/\/secure.gravatar.com\/avatar\/283276096567ea0344e6e7ae9eb028f47665331820c11f4c3ef044486a3044d2?s=96&d=mm&r=g","caption":"Salvador Carrasco Calvo"},"url":"https:\/\/eldiariodelaeducacion.com\/convivenciayeducacionenvalores\/author\/salvador\/"}]}},"_links":{"self":[{"href":"https:\/\/eldiariodelaeducacion.com\/convivenciayeducacionenvalores\/wp-json\/wp\/v2\/posts\/327","targetHints":{"allow":["GET"]}}],"collection":[{"href":"https:\/\/eldiariodelaeducacion.com\/convivenciayeducacionenvalores\/wp-json\/wp\/v2\/posts"}],"about":[{"href":"https:\/\/eldiariodelaeducacion.com\/convivenciayeducacionenvalores\/wp-json\/wp\/v2\/types\/post"}],"author":[{"embeddable":true,"href":"https:\/\/eldiariodelaeducacion.com\/convivenciayeducacionenvalores\/wp-json\/wp\/v2\/users\/143"}],"replies":[{"embeddable":true,"href":"https:\/\/eldiariodelaeducacion.com\/convivenciayeducacionenvalores\/wp-json\/wp\/v2\/comments?post=327"}],"version-history":[{"count":1,"href":"https:\/\/eldiariodelaeducacion.com\/convivenciayeducacionenvalores\/wp-json\/wp\/v2\/posts\/327\/revisions"}],"predecessor-version":[{"id":1379,"href":"https:\/\/eldiariodelaeducacion.com\/convivenciayeducacionenvalores\/wp-json\/wp\/v2\/posts\/327\/revisions\/1379"}],"wp:featuredmedia":[{"embeddable":true,"href":"https:\/\/eldiariodelaeducacion.com\/convivenciayeducacionenvalores\/wp-json\/wp\/v2\/media\/328"}],"wp:attachment":[{"href":"https:\/\/eldiariodelaeducacion.com\/convivenciayeducacionenvalores\/wp-json\/wp\/v2\/media?parent=327"}],"wp:term":[{"taxonomy":"category","embeddable":true,"href":"https:\/\/eldiariodelaeducacion.com\/convivenciayeducacionenvalores\/wp-json\/wp\/v2\/categories?post=327"},{"taxonomy":"post_tag","embeddable":true,"href":"https:\/\/eldiariodelaeducacion.com\/convivenciayeducacionenvalores\/wp-json\/wp\/v2\/tags?post=327"},{"taxonomy":"tipo","embeddable":true,"href":"https:\/\/eldiariodelaeducacion.com\/convivenciayeducacionenvalores\/wp-json\/wp\/v2\/tipo?post=327"}],"curies":[{"name":"wp","href":"https:\/\/api.w.org\/{rel}","templated":true}]}}