{"id":555,"date":"2019-06-04T07:48:55","date_gmt":"2019-06-04T07:48:55","guid":{"rendered":"https:\/\/eldiariodelaeducacion.test\/convivenciayeducacionenvalores\/\/?p=555"},"modified":"2024-08-20T18:02:30","modified_gmt":"2024-08-20T16:02:30","slug":"la-gestion-del-aula-es-necesario-cambiar-de-enfoque","status":"publish","type":"post","link":"https:\/\/eldiariodelaeducacion.com\/convivenciayeducacionenvalores\/2019\/06\/04\/la-gestion-del-aula-es-necesario-cambiar-de-enfoque\/","title":{"rendered":"La gesti\u00f3n del aula: es necesario cambiar de enfoque"},"content":{"rendered":"<p>La mejora de la gesti\u00f3n del aula sigue siendo una de las preocupaciones fundamentales del profesorado, sea de la etapa que sea. As\u00ed lo he podido comprobar reiteradamente pero, sobre todo, desde la publicaci\u00f3n de mi \u00faltimo libro dedicado precisamente a la gesti\u00f3n del aula.<\/p>\n<p>Siguen preocupando entre el profesorado las conductas disruptivas, los comportamientos de determinados alumnos y alumnas que les impiden llevar a cabo su trabajo y que se concretan en diversas conductas. Preocupa la pasividad de determinado alumnado, que no hacen nada y no traen el material necesario; o las conductas agrupadas bajo la denominaci\u00f3n de \u201cmolestar en clase\u201d: desde hablar continuamente, levantarse sin permiso, ponerse a cantar, hacer ruido y otras acciones mucho m\u00e1s llamativas; o los retrasos, faltas de asistencia a determinadas horas o clases, ausencias prolongadas, etc. Tambi\u00e9n preocupan las faltas de respeto hacia el profesorado, al quien consideran como \u201ciguales\u201d o \u201ccolegas\u201d, junto con los conflictos de poder en los que se busca qui\u00e9n queda por encima en el conflicto o discusi\u00f3n, o las situaciones concretas de violencia que, aunque no tienen continuidad, rompen la convivencia y la buena relaci\u00f3n necesaria en las aulas.<\/p>\n<p>Estas conductas pueden encontrarse en todos los niveles educativos pero son especialmente importantes por su frecuencia en los dos \u00faltimos cursos de primaria y en los tres primeros de Ssecundaria. Se han incrementado de forma importante en los cursos de FP B\u00e1sica y hasta en las ense\u00f1anzas de Educaci\u00f3n de Personas Adultas, cuando en un grupo concreto predominan alumnos y alumnas j\u00f3venes, que han agotado su permanencia en el instituto y acuden a la EPA con actitudes y comportamientos similares a los que manten\u00edan en su centro y encuentran, a su vez, formas de trabajo muy parecidas a las de los centros en los que han fracasado. Se trata de conductas que preocupan mucho al profesorado y que est\u00e1n teniendo una alta incidencia en la salud personal y profesional de este colectivo.<\/p>\n<p>No cabe duda de que todo profesor o profesora quiere llevar a cabo su tarea en condiciones adecuadas, de ah\u00ed su protesta y queja sobre la situaci\u00f3n que les toca vivir. Sin embargo, hablando con el profesorado preocupado por estas situaciones, es f\u00e1cil detectar una idea acerca del papel que jugamos como profesores y profesoras y la responsabilidad que le corresponde, en general, al alumnado disruptivo. Suele pensarse que es este quien debe cambiar, ya que son ellos y ellas quienes crean dichos problemas con su actitud y conducta. De ah\u00ed que exijamos b\u00e1sicamente al alumnado los cambios necesarios para crear un buen clima de aula, pensando que son, con su actitud, los responsables de lo que sucede en el aula.<\/p>\n<p>Pero hay una pregunta que muy pocas veces se plantea entre el profesorado, y es la relativa a la atribuci\u00f3n causal de lo que sucede en el aula: \u00bfa qu\u00e9 o a qui\u00e9nes atribuimos la responsabilidad de lo que pasa dentro de la clase? Se trata de una pregunta fundamental y b\u00e1sica para dar una respuesta adecuada a lo que pasa, ausente de manera expl\u00edcita entre el profesorado. Cuando reflexionamos sobre ella, es f\u00e1cil encontrar un predominio de la atribuci\u00f3n externa, de la responsabilizaci\u00f3n de personas, grupos u otros factores ajenas al aula y, sobre todo, muy alejadas de lo que hacemos el profesorado en las clases.<\/p>\n<p>Es f\u00e1cil se\u00f1alar al alumnado, a determinadas caracter\u00edsticas de su personalidad, de su car\u00e1cter, contribuyendo as\u00ed a un cierto etiquetado de los alumnos y alumnas. O se se\u00f1ala a la familia, que no se interesa o apenas se implica en la tarea educativa; tambi\u00e9n a la sociedad en la que vive, orientada hacia metas muy alejadas de las que se plantean en los centros educativos; o a la influencia de la televisi\u00f3n y de otros medios de comunicaci\u00f3n, a las redes sociales y sus mensajes\u2026 En definitiva, a medios o factores ajemos al propio centro y a la tarea educativa.<\/p>\n<p>La conclusi\u00f3n es f\u00e1cil y sencilla: si el responsable es el alumno\/a, u otras instancias, son estas quienes deben cambiar, quienes deben modificar su actitud y su manera de comportarse. Nosotros, profesores y profesoras, hacemos las cosas bien, por eso no las sometemos a revisi\u00f3n, sabemos qu\u00e9 es lo mejor y lo llevamos a la pr\u00e1ctica. \u00a1L\u00e1stima que no encontremos la respuesta adecuada y proporcional a nuestro planteamiento! Y as\u00ed se lo transmitimos al propio alumnado (ten\u00e9is que esforzaros m\u00e1s, que estudiar m\u00e1s\u2026), a las familias (no debe consentir determinadas actitudes o comportamientos) y a la sociedad.<\/p>\n<p>Sin embargo, este enfoque no solamente no sirve para solucionar los problemas, sino que contribuye a agrandarlos y perpetuarlos. Las conductas disruptivas se convierten en reiterativas, las sanciones no sirven para cambiar los comportamientos, ya no sabemos qu\u00e9 hacer y c\u00f3mo abordar estas situaciones de indisciplina o desinter\u00e9s por parte de nuestro alumnado.<\/p>\n<p>Por eso es necesario un cambio en el enfoque, un \u201cgiro copernicano\u201d en el enfoque de las conductas disruptivas, cambiando la manera de analizar y plantear nuestra acci\u00f3n educativa. No podemos pensar que es el alumnado quien debe cambiar, o su familia o la Administraci\u00f3n. Debemos cambiar nuestra manera de abordarla y dar cabida a un enfoque sist\u00e9mico-ecol\u00f3gico de lo que sucede en las aulas. Lejos de buscar d\u00f3nde est\u00e1 el problema o qui\u00e9nes son los culpables, debemos plantearnos ante todo qu\u00e9 necesidad educativa est\u00e1n poniendo de manifiesto estas conductas y c\u00f3mo le vamos a dar respuesta.<\/p>\n<p>Desde el enfoque sist\u00e9mico-ecol\u00f3gico sabemos que en el aula todo est\u00e1 relacionado con todo, que la conducta del alumnado depende de c\u00f3mo planteemos nuestra actividad docente, que tiene un gran peso la relaci\u00f3n que mantenemos con \u00e9l, que su mayor o menor actividad resulta fundamental en su comportamiento y que, en definitiva, la selecci\u00f3n de contenidos, la metodolog\u00eda y forma de evaluaci\u00f3n que pongamos en pr\u00e1ctica, as\u00ed como la forma de organizar el aula son factores fundamentales para explicar y comprender lo que sucede dentro de la clase y los comportamientos de nuestros alumnos y alumnas. Es el medio el que regula las conductas, y estas pueden ser causa y efecto, todo est\u00e1 relacionado con todo.<\/p>\n<p>De ah\u00ed la necesidad del cambio de enfoque en lo que hacemos en clase. Un profesor o profesora, como bien se\u00f1ala Juan Vaello, no es s\u00f3lo un transmisor de contenidos, es ante todo un creador de condiciones para el aprendizaje. Este solo es posible si se dan las condiciones adecuadas y le corresponde al docente crearlas para que sea posible el aprendizaje. De forma continua se est\u00e1n creando condiciones favorables o desfavorables: se consigue una mayor atenci\u00f3n, se evitan distracciones, se prev\u00e9n comportamientos disruptivos, etc., siempre relacionadas con lo que el profesor o profesora est\u00e9 haciendo dentro del aula.<\/p>\n<p>Sin embargo, gran parte del profesorado no es consciente de este planteamiento. Lejos de analizar y plantearse qu\u00e9 condiciones de aprendizaje est\u00e1 creando en su aula con sus propuestas did\u00e1cticas, sigue exigiendo a su alumnado que cambie su actitud y su comportamiento, sin tocar apenas otros elementos que tienen una incidencia importante en el clima de la clase. Nos olvidamos de que, si seguimos haciendo las cosas de la misma manera, necesariamente los resultados van a ser los mismos.<\/p>\n<p>Hace poco, en una visita de formaci\u00f3n a un centro, encontr\u00e9 una frase que me hizo reflexionar: \u201cCuando una flor no florece, arreglas el entorno en el que va a crecer, no arreglas la flor\u201d. En demasiadas ocasiones, ante los problemas que nos encontramos en nuestras aulas, seguimos pidiendo cambios a nuestro alumnado, \u201ccambios a la flor\u201d. No nos planteamos c\u00f3mo es el entorno en el que crece, qu\u00e9 cambios debemos hacer, qu\u00e9 cosas debemos modificar para dar respuesta a los problemas existentes.<\/p>\n<p>Es necesario un giro en nuestro enfoque, dejar de exigir cambios solamente a nuestro alumnado y empezar a pensar en las cosas que podemos y debemos hacer de manera muy distinta. Cambios para conseguir mejores relaciones interpersonales con nuestro alumnado (clima de aula, creaci\u00f3n de grupo, comunicaci\u00f3n, gesti\u00f3n de conflictos, protagonismo del alumnado), acciones sobre los elementos \u201cmotores\u201d del alumnado (emociones y sentimientos, motivaci\u00f3n) y cambios sobre los elementos internos del aula (contenidos, metodolog\u00eda, evaluaci\u00f3n, organizaci\u00f3n interna, normas y sanciones, etc.). Pero de esto hablaremos en un pr\u00f3ximo art\u00edculo.<\/p>\n<p><strong>Pedro M\u00aa Uru\u00f1uela N\u00e1jera. \u2013 Asociaci\u00f3n CONVIVES<\/strong><\/p>\n","protected":false},"excerpt":{"rendered":"<p>La mejora de la gesti\u00f3n del aula sigue siendo una de las preocupaciones fundamentales del profesorado, sea de la etapa que sea. As\u00ed lo he podido comprobar reiteradamente pero, sobre todo, desde la publicaci\u00f3n de mi \u00faltimo libro dedicado precisamente a la gesti\u00f3n del aula. Siguen preocupando entre el profesorado las conductas disruptivas, los comportamientos<\/p>\n","protected":false},"author":144,"featured_media":379,"comment_status":"open","ping_status":"closed","sticky":false,"template":"","format":"standard","meta":{"footnotes":""},"categories":[16],"tags":[],"tipo":[],"class_list":{"0":"post-555","1":"post","2":"type-post","3":"status-publish","4":"format-standard","5":"has-post-thumbnail","7":"category-convivencia-y-educacion-en-valores-2"},"yoast_head":"<!-- This site is optimized with the Yoast SEO plugin v27.4 - https:\/\/yoast.com\/product\/yoast-seo-wordpress\/ -->\n<title>La gesti\u00f3n del aula: es necesario cambiar de enfoque - Convivencia y educaci\u00f3n en valores<\/title>\n<meta name=\"robots\" content=\"index, follow, max-snippet:-1, max-image-preview:large, max-video-preview:-1\" \/>\n<link rel=\"canonical\" href=\"https:\/\/eldiariodelaeducacion.com\/convivenciayeducacionenvalores\/2019\/06\/04\/la-gestion-del-aula-es-necesario-cambiar-de-enfoque\/\" \/>\n<meta property=\"og:locale\" content=\"es_ES\" \/>\n<meta property=\"og:type\" content=\"article\" \/>\n<meta property=\"og:title\" content=\"La gesti\u00f3n del aula: es necesario cambiar de enfoque - Convivencia y educaci\u00f3n en valores\" \/>\n<meta property=\"og:description\" content=\"La mejora de la gesti\u00f3n del aula sigue siendo una de las preocupaciones fundamentales del profesorado, sea de la etapa que sea. As\u00ed lo he podido comprobar reiteradamente pero, sobre todo, desde la publicaci\u00f3n de mi \u00faltimo libro dedicado precisamente a la gesti\u00f3n del aula. Siguen preocupando entre el profesorado las conductas disruptivas, los comportamientos\" \/>\n<meta property=\"og:url\" content=\"https:\/\/eldiariodelaeducacion.com\/convivenciayeducacionenvalores\/2019\/06\/04\/la-gestion-del-aula-es-necesario-cambiar-de-enfoque\/\" \/>\n<meta property=\"og:site_name\" content=\"Convivencia y educaci\u00f3n en valores\" \/>\n<meta property=\"article:published_time\" content=\"2019-06-04T07:48:55+00:00\" \/>\n<meta property=\"article:modified_time\" content=\"2024-08-20T16:02:30+00:00\" \/>\n<meta property=\"og:image\" content=\"https:\/\/eldiariodelaeducacion.com\/convivenciayeducacionenvalores\/wp-content\/uploads\/sites\/18\/2018\/11\/aula-2-ENRIC-CATALA-18_20.jpg\" \/>\n\t<meta property=\"og:image:width\" content=\"1200\" \/>\n\t<meta property=\"og:image:height\" content=\"800\" \/>\n\t<meta property=\"og:image:type\" content=\"image\/jpeg\" \/>\n<meta name=\"author\" content=\"Pedro Uru\u00f1uela\" \/>\n<meta name=\"twitter:card\" content=\"summary_large_image\" \/>\n<meta name=\"twitter:label1\" content=\"Escrito por\" \/>\n\t<meta name=\"twitter:data1\" content=\"Pedro Uru\u00f1uela\" \/>\n\t<meta name=\"twitter:label2\" content=\"Tiempo de lectura\" \/>\n\t<meta name=\"twitter:data2\" content=\"7 minutos\" \/>\n<script type=\"application\/ld+json\" class=\"yoast-schema-graph\">{\"@context\":\"https:\\\/\\\/schema.org\",\"@graph\":[{\"@type\":\"Article\",\"@id\":\"https:\\\/\\\/eldiariodelaeducacion.com\\\/convivenciayeducacionenvalores\\\/2019\\\/06\\\/04\\\/la-gestion-del-aula-es-necesario-cambiar-de-enfoque\\\/#article\",\"isPartOf\":{\"@id\":\"https:\\\/\\\/eldiariodelaeducacion.com\\\/convivenciayeducacionenvalores\\\/2019\\\/06\\\/04\\\/la-gestion-del-aula-es-necesario-cambiar-de-enfoque\\\/\"},\"author\":{\"name\":\"Pedro Uru\u00f1uela\",\"@id\":\"https:\\\/\\\/eldiariodelaeducacion.com\\\/convivenciayeducacionenvalores\\\/#\\\/schema\\\/person\\\/9e0ca6878b1e021f3ed285e81a678a59\"},\"headline\":\"La gesti\u00f3n del aula: es necesario cambiar de enfoque\",\"datePublished\":\"2019-06-04T07:48:55+00:00\",\"dateModified\":\"2024-08-20T16:02:30+00:00\",\"mainEntityOfPage\":{\"@id\":\"https:\\\/\\\/eldiariodelaeducacion.com\\\/convivenciayeducacionenvalores\\\/2019\\\/06\\\/04\\\/la-gestion-del-aula-es-necesario-cambiar-de-enfoque\\\/\"},\"wordCount\":1460,\"commentCount\":0,\"image\":{\"@id\":\"https:\\\/\\\/eldiariodelaeducacion.com\\\/convivenciayeducacionenvalores\\\/2019\\\/06\\\/04\\\/la-gestion-del-aula-es-necesario-cambiar-de-enfoque\\\/#primaryimage\"},\"thumbnailUrl\":\"https:\\\/\\\/eldiariodelaeducacion.com\\\/convivenciayeducacionenvalores\\\/wp-content\\\/uploads\\\/sites\\\/18\\\/2018\\\/11\\\/aula-2-ENRIC-CATALA-18_20.jpg\",\"articleSection\":[\"Convivencia y educaci\u00f3n en valores\"],\"inLanguage\":\"es\",\"potentialAction\":[{\"@type\":\"CommentAction\",\"name\":\"Comment\",\"target\":[\"https:\\\/\\\/eldiariodelaeducacion.com\\\/convivenciayeducacionenvalores\\\/2019\\\/06\\\/04\\\/la-gestion-del-aula-es-necesario-cambiar-de-enfoque\\\/#respond\"]}]},{\"@type\":\"WebPage\",\"@id\":\"https:\\\/\\\/eldiariodelaeducacion.com\\\/convivenciayeducacionenvalores\\\/2019\\\/06\\\/04\\\/la-gestion-del-aula-es-necesario-cambiar-de-enfoque\\\/\",\"url\":\"https:\\\/\\\/eldiariodelaeducacion.com\\\/convivenciayeducacionenvalores\\\/2019\\\/06\\\/04\\\/la-gestion-del-aula-es-necesario-cambiar-de-enfoque\\\/\",\"name\":\"La gesti\u00f3n del aula: es necesario cambiar de enfoque - Convivencia y educaci\u00f3n en valores\",\"isPartOf\":{\"@id\":\"https:\\\/\\\/eldiariodelaeducacion.com\\\/convivenciayeducacionenvalores\\\/#website\"},\"primaryImageOfPage\":{\"@id\":\"https:\\\/\\\/eldiariodelaeducacion.com\\\/convivenciayeducacionenvalores\\\/2019\\\/06\\\/04\\\/la-gestion-del-aula-es-necesario-cambiar-de-enfoque\\\/#primaryimage\"},\"image\":{\"@id\":\"https:\\\/\\\/eldiariodelaeducacion.com\\\/convivenciayeducacionenvalores\\\/2019\\\/06\\\/04\\\/la-gestion-del-aula-es-necesario-cambiar-de-enfoque\\\/#primaryimage\"},\"thumbnailUrl\":\"https:\\\/\\\/eldiariodelaeducacion.com\\\/convivenciayeducacionenvalores\\\/wp-content\\\/uploads\\\/sites\\\/18\\\/2018\\\/11\\\/aula-2-ENRIC-CATALA-18_20.jpg\",\"datePublished\":\"2019-06-04T07:48:55+00:00\",\"dateModified\":\"2024-08-20T16:02:30+00:00\",\"author\":{\"@id\":\"https:\\\/\\\/eldiariodelaeducacion.com\\\/convivenciayeducacionenvalores\\\/#\\\/schema\\\/person\\\/9e0ca6878b1e021f3ed285e81a678a59\"},\"breadcrumb\":{\"@id\":\"https:\\\/\\\/eldiariodelaeducacion.com\\\/convivenciayeducacionenvalores\\\/2019\\\/06\\\/04\\\/la-gestion-del-aula-es-necesario-cambiar-de-enfoque\\\/#breadcrumb\"},\"inLanguage\":\"es\",\"potentialAction\":[{\"@type\":\"ReadAction\",\"target\":[\"https:\\\/\\\/eldiariodelaeducacion.com\\\/convivenciayeducacionenvalores\\\/2019\\\/06\\\/04\\\/la-gestion-del-aula-es-necesario-cambiar-de-enfoque\\\/\"]}]},{\"@type\":\"ImageObject\",\"inLanguage\":\"es\",\"@id\":\"https:\\\/\\\/eldiariodelaeducacion.com\\\/convivenciayeducacionenvalores\\\/2019\\\/06\\\/04\\\/la-gestion-del-aula-es-necesario-cambiar-de-enfoque\\\/#primaryimage\",\"url\":\"https:\\\/\\\/eldiariodelaeducacion.com\\\/convivenciayeducacionenvalores\\\/wp-content\\\/uploads\\\/sites\\\/18\\\/2018\\\/11\\\/aula-2-ENRIC-CATALA-18_20.jpg\",\"contentUrl\":\"https:\\\/\\\/eldiariodelaeducacion.com\\\/convivenciayeducacionenvalores\\\/wp-content\\\/uploads\\\/sites\\\/18\\\/2018\\\/11\\\/aula-2-ENRIC-CATALA-18_20.jpg\",\"width\":1200,\"height\":800,\"caption\":\"Fotograf\u00eda: Enric Catal\u00e1\"},{\"@type\":\"BreadcrumbList\",\"@id\":\"https:\\\/\\\/eldiariodelaeducacion.com\\\/convivenciayeducacionenvalores\\\/2019\\\/06\\\/04\\\/la-gestion-del-aula-es-necesario-cambiar-de-enfoque\\\/#breadcrumb\",\"itemListElement\":[{\"@type\":\"ListItem\",\"position\":1,\"name\":\"Portada\",\"item\":\"https:\\\/\\\/eldiariodelaeducacion.com\\\/convivenciayeducacionenvalores\\\/\"},{\"@type\":\"ListItem\",\"position\":2,\"name\":\"La gesti\u00f3n del aula: es necesario cambiar de enfoque\"}]},{\"@type\":\"WebSite\",\"@id\":\"https:\\\/\\\/eldiariodelaeducacion.com\\\/convivenciayeducacionenvalores\\\/#website\",\"url\":\"https:\\\/\\\/eldiariodelaeducacion.com\\\/convivenciayeducacionenvalores\\\/\",\"name\":\"Convivencia y educaci\u00f3n en valores\",\"description\":\"Un blog de El Diario de la Educaci\u00f3n\",\"potentialAction\":[{\"@type\":\"SearchAction\",\"target\":{\"@type\":\"EntryPoint\",\"urlTemplate\":\"https:\\\/\\\/eldiariodelaeducacion.com\\\/convivenciayeducacionenvalores\\\/?s={search_term_string}\"},\"query-input\":{\"@type\":\"PropertyValueSpecification\",\"valueRequired\":true,\"valueName\":\"search_term_string\"}}],\"inLanguage\":\"es\"},{\"@type\":\"Person\",\"@id\":\"https:\\\/\\\/eldiariodelaeducacion.com\\\/convivenciayeducacionenvalores\\\/#\\\/schema\\\/person\\\/9e0ca6878b1e021f3ed285e81a678a59\",\"name\":\"Pedro Uru\u00f1uela\",\"image\":{\"@type\":\"ImageObject\",\"inLanguage\":\"es\",\"@id\":\"https:\\\/\\\/eldiariodelaeducacion.com\\\/wp-content\\\/uploads\\\/2024\\\/10\\\/pedro-urunuela_avatar-96x96.jpg\",\"url\":\"https:\\\/\\\/eldiariodelaeducacion.com\\\/wp-content\\\/uploads\\\/2024\\\/10\\\/pedro-urunuela_avatar-96x96.jpg\",\"contentUrl\":\"https:\\\/\\\/eldiariodelaeducacion.com\\\/wp-content\\\/uploads\\\/2024\\\/10\\\/pedro-urunuela_avatar-96x96.jpg\",\"caption\":\"Pedro Uru\u00f1uela\"},\"url\":\"https:\\\/\\\/eldiariodelaeducacion.com\\\/convivenciayeducacionenvalores\\\/author\\\/pedrourunuela\\\/\"}]}<\/script>\n<!-- \/ Yoast SEO plugin. -->","yoast_head_json":{"title":"La gesti\u00f3n del aula: es necesario cambiar de enfoque - Convivencia y educaci\u00f3n en valores","robots":{"index":"index","follow":"follow","max-snippet":"max-snippet:-1","max-image-preview":"max-image-preview:large","max-video-preview":"max-video-preview:-1"},"canonical":"https:\/\/eldiariodelaeducacion.com\/convivenciayeducacionenvalores\/2019\/06\/04\/la-gestion-del-aula-es-necesario-cambiar-de-enfoque\/","og_locale":"es_ES","og_type":"article","og_title":"La gesti\u00f3n del aula: es necesario cambiar de enfoque - Convivencia y educaci\u00f3n en valores","og_description":"La mejora de la gesti\u00f3n del aula sigue siendo una de las preocupaciones fundamentales del profesorado, sea de la etapa que sea. As\u00ed lo he podido comprobar reiteradamente pero, sobre todo, desde la publicaci\u00f3n de mi \u00faltimo libro dedicado precisamente a la gesti\u00f3n del aula. Siguen preocupando entre el profesorado las conductas disruptivas, los comportamientos","og_url":"https:\/\/eldiariodelaeducacion.com\/convivenciayeducacionenvalores\/2019\/06\/04\/la-gestion-del-aula-es-necesario-cambiar-de-enfoque\/","og_site_name":"Convivencia y educaci\u00f3n en valores","article_published_time":"2019-06-04T07:48:55+00:00","article_modified_time":"2024-08-20T16:02:30+00:00","og_image":[{"width":1200,"height":800,"url":"https:\/\/eldiariodelaeducacion.com\/convivenciayeducacionenvalores\/wp-content\/uploads\/sites\/18\/2018\/11\/aula-2-ENRIC-CATALA-18_20.jpg","type":"image\/jpeg"}],"author":"Pedro Uru\u00f1uela","twitter_card":"summary_large_image","twitter_misc":{"Escrito por":"Pedro Uru\u00f1uela","Tiempo de lectura":"7 minutos"},"schema":{"@context":"https:\/\/schema.org","@graph":[{"@type":"Article","@id":"https:\/\/eldiariodelaeducacion.com\/convivenciayeducacionenvalores\/2019\/06\/04\/la-gestion-del-aula-es-necesario-cambiar-de-enfoque\/#article","isPartOf":{"@id":"https:\/\/eldiariodelaeducacion.com\/convivenciayeducacionenvalores\/2019\/06\/04\/la-gestion-del-aula-es-necesario-cambiar-de-enfoque\/"},"author":{"name":"Pedro Uru\u00f1uela","@id":"https:\/\/eldiariodelaeducacion.com\/convivenciayeducacionenvalores\/#\/schema\/person\/9e0ca6878b1e021f3ed285e81a678a59"},"headline":"La gesti\u00f3n del aula: es necesario cambiar de enfoque","datePublished":"2019-06-04T07:48:55+00:00","dateModified":"2024-08-20T16:02:30+00:00","mainEntityOfPage":{"@id":"https:\/\/eldiariodelaeducacion.com\/convivenciayeducacionenvalores\/2019\/06\/04\/la-gestion-del-aula-es-necesario-cambiar-de-enfoque\/"},"wordCount":1460,"commentCount":0,"image":{"@id":"https:\/\/eldiariodelaeducacion.com\/convivenciayeducacionenvalores\/2019\/06\/04\/la-gestion-del-aula-es-necesario-cambiar-de-enfoque\/#primaryimage"},"thumbnailUrl":"https:\/\/eldiariodelaeducacion.com\/convivenciayeducacionenvalores\/wp-content\/uploads\/sites\/18\/2018\/11\/aula-2-ENRIC-CATALA-18_20.jpg","articleSection":["Convivencia y educaci\u00f3n en valores"],"inLanguage":"es","potentialAction":[{"@type":"CommentAction","name":"Comment","target":["https:\/\/eldiariodelaeducacion.com\/convivenciayeducacionenvalores\/2019\/06\/04\/la-gestion-del-aula-es-necesario-cambiar-de-enfoque\/#respond"]}]},{"@type":"WebPage","@id":"https:\/\/eldiariodelaeducacion.com\/convivenciayeducacionenvalores\/2019\/06\/04\/la-gestion-del-aula-es-necesario-cambiar-de-enfoque\/","url":"https:\/\/eldiariodelaeducacion.com\/convivenciayeducacionenvalores\/2019\/06\/04\/la-gestion-del-aula-es-necesario-cambiar-de-enfoque\/","name":"La gesti\u00f3n del aula: es necesario cambiar de enfoque - Convivencia y educaci\u00f3n en valores","isPartOf":{"@id":"https:\/\/eldiariodelaeducacion.com\/convivenciayeducacionenvalores\/#website"},"primaryImageOfPage":{"@id":"https:\/\/eldiariodelaeducacion.com\/convivenciayeducacionenvalores\/2019\/06\/04\/la-gestion-del-aula-es-necesario-cambiar-de-enfoque\/#primaryimage"},"image":{"@id":"https:\/\/eldiariodelaeducacion.com\/convivenciayeducacionenvalores\/2019\/06\/04\/la-gestion-del-aula-es-necesario-cambiar-de-enfoque\/#primaryimage"},"thumbnailUrl":"https:\/\/eldiariodelaeducacion.com\/convivenciayeducacionenvalores\/wp-content\/uploads\/sites\/18\/2018\/11\/aula-2-ENRIC-CATALA-18_20.jpg","datePublished":"2019-06-04T07:48:55+00:00","dateModified":"2024-08-20T16:02:30+00:00","author":{"@id":"https:\/\/eldiariodelaeducacion.com\/convivenciayeducacionenvalores\/#\/schema\/person\/9e0ca6878b1e021f3ed285e81a678a59"},"breadcrumb":{"@id":"https:\/\/eldiariodelaeducacion.com\/convivenciayeducacionenvalores\/2019\/06\/04\/la-gestion-del-aula-es-necesario-cambiar-de-enfoque\/#breadcrumb"},"inLanguage":"es","potentialAction":[{"@type":"ReadAction","target":["https:\/\/eldiariodelaeducacion.com\/convivenciayeducacionenvalores\/2019\/06\/04\/la-gestion-del-aula-es-necesario-cambiar-de-enfoque\/"]}]},{"@type":"ImageObject","inLanguage":"es","@id":"https:\/\/eldiariodelaeducacion.com\/convivenciayeducacionenvalores\/2019\/06\/04\/la-gestion-del-aula-es-necesario-cambiar-de-enfoque\/#primaryimage","url":"https:\/\/eldiariodelaeducacion.com\/convivenciayeducacionenvalores\/wp-content\/uploads\/sites\/18\/2018\/11\/aula-2-ENRIC-CATALA-18_20.jpg","contentUrl":"https:\/\/eldiariodelaeducacion.com\/convivenciayeducacionenvalores\/wp-content\/uploads\/sites\/18\/2018\/11\/aula-2-ENRIC-CATALA-18_20.jpg","width":1200,"height":800,"caption":"Fotograf\u00eda: Enric Catal\u00e1"},{"@type":"BreadcrumbList","@id":"https:\/\/eldiariodelaeducacion.com\/convivenciayeducacionenvalores\/2019\/06\/04\/la-gestion-del-aula-es-necesario-cambiar-de-enfoque\/#breadcrumb","itemListElement":[{"@type":"ListItem","position":1,"name":"Portada","item":"https:\/\/eldiariodelaeducacion.com\/convivenciayeducacionenvalores\/"},{"@type":"ListItem","position":2,"name":"La gesti\u00f3n del aula: es necesario cambiar de enfoque"}]},{"@type":"WebSite","@id":"https:\/\/eldiariodelaeducacion.com\/convivenciayeducacionenvalores\/#website","url":"https:\/\/eldiariodelaeducacion.com\/convivenciayeducacionenvalores\/","name":"Convivencia y educaci\u00f3n en valores","description":"Un blog de El Diario de la Educaci\u00f3n","potentialAction":[{"@type":"SearchAction","target":{"@type":"EntryPoint","urlTemplate":"https:\/\/eldiariodelaeducacion.com\/convivenciayeducacionenvalores\/?s={search_term_string}"},"query-input":{"@type":"PropertyValueSpecification","valueRequired":true,"valueName":"search_term_string"}}],"inLanguage":"es"},{"@type":"Person","@id":"https:\/\/eldiariodelaeducacion.com\/convivenciayeducacionenvalores\/#\/schema\/person\/9e0ca6878b1e021f3ed285e81a678a59","name":"Pedro Uru\u00f1uela","image":{"@type":"ImageObject","inLanguage":"es","@id":"https:\/\/eldiariodelaeducacion.com\/wp-content\/uploads\/2024\/10\/pedro-urunuela_avatar-96x96.jpg","url":"https:\/\/eldiariodelaeducacion.com\/wp-content\/uploads\/2024\/10\/pedro-urunuela_avatar-96x96.jpg","contentUrl":"https:\/\/eldiariodelaeducacion.com\/wp-content\/uploads\/2024\/10\/pedro-urunuela_avatar-96x96.jpg","caption":"Pedro Uru\u00f1uela"},"url":"https:\/\/eldiariodelaeducacion.com\/convivenciayeducacionenvalores\/author\/pedrourunuela\/"}]}},"_links":{"self":[{"href":"https:\/\/eldiariodelaeducacion.com\/convivenciayeducacionenvalores\/wp-json\/wp\/v2\/posts\/555","targetHints":{"allow":["GET"]}}],"collection":[{"href":"https:\/\/eldiariodelaeducacion.com\/convivenciayeducacionenvalores\/wp-json\/wp\/v2\/posts"}],"about":[{"href":"https:\/\/eldiariodelaeducacion.com\/convivenciayeducacionenvalores\/wp-json\/wp\/v2\/types\/post"}],"author":[{"embeddable":true,"href":"https:\/\/eldiariodelaeducacion.com\/convivenciayeducacionenvalores\/wp-json\/wp\/v2\/users\/144"}],"replies":[{"embeddable":true,"href":"https:\/\/eldiariodelaeducacion.com\/convivenciayeducacionenvalores\/wp-json\/wp\/v2\/comments?post=555"}],"version-history":[{"count":1,"href":"https:\/\/eldiariodelaeducacion.com\/convivenciayeducacionenvalores\/wp-json\/wp\/v2\/posts\/555\/revisions"}],"predecessor-version":[{"id":1409,"href":"https:\/\/eldiariodelaeducacion.com\/convivenciayeducacionenvalores\/wp-json\/wp\/v2\/posts\/555\/revisions\/1409"}],"wp:featuredmedia":[{"embeddable":true,"href":"https:\/\/eldiariodelaeducacion.com\/convivenciayeducacionenvalores\/wp-json\/wp\/v2\/media\/379"}],"wp:attachment":[{"href":"https:\/\/eldiariodelaeducacion.com\/convivenciayeducacionenvalores\/wp-json\/wp\/v2\/media?parent=555"}],"wp:term":[{"taxonomy":"category","embeddable":true,"href":"https:\/\/eldiariodelaeducacion.com\/convivenciayeducacionenvalores\/wp-json\/wp\/v2\/categories?post=555"},{"taxonomy":"post_tag","embeddable":true,"href":"https:\/\/eldiariodelaeducacion.com\/convivenciayeducacionenvalores\/wp-json\/wp\/v2\/tags?post=555"},{"taxonomy":"tipo","embeddable":true,"href":"https:\/\/eldiariodelaeducacion.com\/convivenciayeducacionenvalores\/wp-json\/wp\/v2\/tipo?post=555"}],"curies":[{"name":"wp","href":"https:\/\/api.w.org\/{rel}","templated":true}]}}