{"id":607,"date":"2019-11-26T09:46:30","date_gmt":"2019-11-26T09:46:30","guid":{"rendered":"https:\/\/eldiariodelaeducacion.test\/convivenciayeducacionenvalores\/\/?p=607"},"modified":"2024-08-20T18:02:32","modified_gmt":"2024-08-20T16:02:32","slug":"es-real","status":"publish","type":"post","link":"https:\/\/eldiariodelaeducacion.com\/convivenciayeducacionenvalores\/2019\/11\/26\/es-real\/","title":{"rendered":"\u00a1Es real!"},"content":{"rendered":"<p>Cada vez es m\u00e1s frecuente que los protagonistas de algunas experiencias educativas hablen de ellas usando expresiones como la del t\u00edtulo: es real, es aut\u00e9ntica, es de verdad, nos habla de la actualidad, trata temas que nos preocupan, u otras similares. Esta manera de calificar las actividades docentes se apoya en una idea pedag\u00f3gica relevante: la formaci\u00f3n de los j\u00f3venes requiere que participen en la soluci\u00f3n de los problemas urgentes que tiene planteados la sociedad y el conjunto de la humanidad.<\/p>\n<p>Recuerdo haber o\u00eddo esta expresi\u00f3n en una visita guiada a una exposici\u00f3n que mostraba los trabajos art\u00edsticos realizados por grupos de alumnos que hab\u00edan participado en la experiencia \u201cCreadors en resid\u00e8ncia\u201d promovida por el Consorci d\u2019Educaci\u00f3 de Barcelona y el ICUB. Un artista reconocido trabaja durante todo un a\u00f1o con un grupo de chicos y chicas con el encargo de crear una obra. Para conseguirlo se deben plantear a fondo qu\u00e9 quieren expresar \u2013un verdadero trabajo de cr\u00edtica social y de educaci\u00f3n en valores\u2013, pero tambi\u00e9n tienen que aprender del artista, ver c\u00f3mo alcanzar un acuerdo con los compa\u00f1eros y compa\u00f1eras y, finalmente, adquirir las destrezas pr\u00e1cticas y la capacidad de cooperaci\u00f3n para realizar juntos la obra. Un trabajo que luego puede ser expuesto y debatido en diferentes contextos. Pues bien, algunos de los que asist\u00edamos a la visita coincidimos en que se trataba de una experiencia aut\u00e9ntica, del todo real.<\/p>\n<p>La expresi\u00f3n \u00ab\u00a1es real!\u00bb se repiti\u00f3 con frecuencia durante una sesi\u00f3n que el Centre Promotor d\u2019Aprenentatge Servei y l\u2019Oficina de Ci\u00e8ncia Ciutadana de Barcelona organizaron conjuntamente para analizar las semejanzas entre el aprendizaje servicio y la ciencia ciudadana. Se present\u00f3 el proyecto RiuNet que pide a los chicos y chicas que estudien y cuiden un tramo de un r\u00edo cercano al centro, el Beepath que les propone estudiar problemas de movilidad en su entorno y proponer mejoras, el MosquitoAlert para detectar la presencia de plagas y tomar precauciones y los Observadores del Mar orientado a tomar muestras de las playas para hacer un diagn\u00f3stico de la contaminaci\u00f3n por pl\u00e1sticos. En todos los ejemplos se coincid\u00eda en se\u00f1alar como una de las principales cualidades, junto al trabajo cient\u00edfico, que siempre se actuaba sobre un problema del entorno de los chicos y chicas; por tanto, se les acercaba a retos reales.<\/p>\n<p>Un tercer grupo de experiencias est\u00e1 formado por la amplia gama de propuestas del aprendizaje servicio. En todas ellas se aborda una necesidad de su entorno y se lleva acabo estudiando el tema para realizar un servicio a la comunidad; una intervenci\u00f3n destinada a dar respuesta a la necesidad detectada al principio. De nuevo encontramos el dinamismo pedag\u00f3gico que nos ocupa: aprender haciendo algo real; implicarse de verdad en el entorno social en el que se vive.<\/p>\n<p>En estos tres casos, encontramos un punto com\u00fan: se trata de experiencias formativas reales. \u00bfQu\u00e9 queremos decir? Son propuestas que implican a chicas y chicos en una actividad en la que los aprendizajes se consiguen al intervenir sobre alg\u00fan reto que tiene plantado la sociedad. Estos no se convierten en ejercicios de papel y l\u00e1piz, no se escolarizan, ni tampoco se transforman en trabajos que simulan la realidad dentro del aula. Al contrario: se observa, se estudia y se interviene en la misma realidad con la voluntad de transformar alg\u00fan aspecto mejorable. No se trata \u00fanicamente de aprender haciendo, sino de aprender haciendo en el mundo real; aprender en contacto con los problemas tal cual se presentan en la vida de cada d\u00eda. Por lo tanto, estas propuestas educativas no son una preparaci\u00f3n para la vida, sino una acci\u00f3n en la vida misma. Una acci\u00f3n con efectos inmediatos sobre los retos que se trabajan, pero que tambi\u00e9n prepara para hacer mejor las cosas en el futuro.<\/p>\n<p>Con estas u otras palabras, la tradici\u00f3n educativa ya se plante\u00f3 la importancia de este dinamismo formativo, aunque su implantaci\u00f3n escolar todav\u00eda no se ha logrado. Dewey hablaba de la acci\u00f3n asociada con proyecci\u00f3n social para defender la cooperaci\u00f3n de los j\u00f3venes con la voluntad de aportar algo a la sociedad. La pedagog\u00eda marxista entend\u00eda el trabajo como el dinamismo b\u00e1sico de construcci\u00f3n de la sociedad y de la individualidad. Por lo tanto, pensaba que la participaci\u00f3n de los escolares en formas de trabajo socialmente necesario era imprescindible para alcanzar una \u00f3ptima formaci\u00f3n y contribuir al bien de la comunidad. Finalmente, Baden Powell animaba a los <em>scouts<\/em> a mantenerse atentos a las necesidades de los dem\u00e1s y listos para movilizarse y paliarlas de manera eficaz y a la vez formativa.<\/p>\n<p>Tres precursores que desde tradiciones diferentes coinciden en defender la necesidad de ir m\u00e1s all\u00e1 de la pedagog\u00eda activa; de la pedagog\u00eda entendida como defensa del aprender haciendo, del aprender manipulando, pensando, dialogando o experimentando. Se trata de que todo esto se siga haciendo, sin ninguna duda, pero que se haga tratando problemas reales e importantes, problemas percibidos por el alumnado, asuntos que permitan una aproximaci\u00f3n vivencial. Y, adem\u00e1s, que el estudio de los problemas se prolongue con una intervenci\u00f3n directa para transformar, aunque sea a peque\u00f1a escala, la realidad que han estudiado. Una intervenci\u00f3n que debe tener efectos tangibles y que naturalmente admitir\u00e1 \u00e9xitos, pero tambi\u00e9n errores. Una intervenci\u00f3n real y al mismo tiempo formativa pensada para mejorar el mundo. Eso es hoy la educaci\u00f3n.<\/p>\n","protected":false},"excerpt":{"rendered":"<p>Cada vez es m\u00e1s frecuente que los protagonistas de algunas experiencias educativas hablen de ellas usando expresiones como la del t\u00edtulo: es real, es aut\u00e9ntica, es de verdad, nos habla de la actualidad, trata temas que nos preocupan, u otras similares. Esta manera de calificar las actividades docentes se apoya en una idea pedag\u00f3gica relevante:<\/p>\n","protected":false},"author":142,"featured_media":243,"comment_status":"open","ping_status":"closed","sticky":false,"template":"","format":"standard","meta":{"footnotes":""},"categories":[16],"tags":[],"tipo":[],"class_list":{"0":"post-607","1":"post","2":"type-post","3":"status-publish","4":"format-standard","5":"has-post-thumbnail","7":"category-convivencia-y-educacion-en-valores-2"},"yoast_head":"<!-- This site is optimized with the Yoast SEO plugin v27.5 - https:\/\/yoast.com\/product\/yoast-seo-wordpress\/ -->\n<title>\u00a1Es real! - Convivencia y educaci\u00f3n en valores<\/title>\n<meta name=\"robots\" content=\"index, follow, max-snippet:-1, max-image-preview:large, max-video-preview:-1\" \/>\n<link rel=\"canonical\" href=\"https:\/\/eldiariodelaeducacion.com\/convivenciayeducacionenvalores\/2019\/11\/26\/es-real\/\" \/>\n<meta property=\"og:locale\" content=\"es_ES\" \/>\n<meta property=\"og:type\" content=\"article\" \/>\n<meta property=\"og:title\" content=\"\u00a1Es real! - Convivencia y educaci\u00f3n en valores\" \/>\n<meta property=\"og:description\" content=\"Cada vez es m\u00e1s frecuente que los protagonistas de algunas experiencias educativas hablen de ellas usando expresiones como la del t\u00edtulo: es real, es aut\u00e9ntica, es de verdad, nos habla de la actualidad, trata temas que nos preocupan, u otras similares. Esta manera de calificar las actividades docentes se apoya en una idea pedag\u00f3gica relevante:\" \/>\n<meta property=\"og:url\" content=\"https:\/\/eldiariodelaeducacion.com\/convivenciayeducacionenvalores\/2019\/11\/26\/es-real\/\" \/>\n<meta property=\"og:site_name\" content=\"Convivencia y educaci\u00f3n en valores\" \/>\n<meta property=\"article:published_time\" content=\"2019-11-26T09:46:30+00:00\" \/>\n<meta property=\"article:modified_time\" content=\"2024-08-20T16:02:32+00:00\" \/>\n<meta property=\"og:image\" content=\"https:\/\/eldiariodelaeducacion.com\/convivenciayeducacionenvalores\/wp-content\/uploads\/sites\/18\/2018\/06\/IMG_20150610_105643.jpg\" \/>\n\t<meta property=\"og:image:width\" content=\"1024\" \/>\n\t<meta property=\"og:image:height\" content=\"768\" \/>\n\t<meta property=\"og:image:type\" content=\"image\/jpeg\" \/>\n<meta name=\"author\" content=\"Josep M\u00aa Puig\" \/>\n<meta name=\"twitter:card\" content=\"summary_large_image\" \/>\n<meta name=\"twitter:label1\" content=\"Escrito por\" \/>\n\t<meta name=\"twitter:data1\" content=\"Josep M\u00aa Puig\" \/>\n\t<meta name=\"twitter:label2\" content=\"Tiempo de lectura\" \/>\n\t<meta name=\"twitter:data2\" content=\"5 minutos\" \/>\n<script type=\"application\/ld+json\" class=\"yoast-schema-graph\">{\"@context\":\"https:\\\/\\\/schema.org\",\"@graph\":[{\"@type\":\"Article\",\"@id\":\"https:\\\/\\\/eldiariodelaeducacion.com\\\/convivenciayeducacionenvalores\\\/2019\\\/11\\\/26\\\/es-real\\\/#article\",\"isPartOf\":{\"@id\":\"https:\\\/\\\/eldiariodelaeducacion.com\\\/convivenciayeducacionenvalores\\\/2019\\\/11\\\/26\\\/es-real\\\/\"},\"author\":{\"name\":\"Josep M\u00aa Puig\",\"@id\":\"https:\\\/\\\/eldiariodelaeducacion.com\\\/convivenciayeducacionenvalores\\\/#\\\/schema\\\/person\\\/9c7cce022eeabd171ac80695937d4f77\"},\"headline\":\"\u00a1Es real!\",\"datePublished\":\"2019-11-26T09:46:30+00:00\",\"dateModified\":\"2024-08-20T16:02:32+00:00\",\"mainEntityOfPage\":{\"@id\":\"https:\\\/\\\/eldiariodelaeducacion.com\\\/convivenciayeducacionenvalores\\\/2019\\\/11\\\/26\\\/es-real\\\/\"},\"wordCount\":955,\"commentCount\":0,\"image\":{\"@id\":\"https:\\\/\\\/eldiariodelaeducacion.com\\\/convivenciayeducacionenvalores\\\/2019\\\/11\\\/26\\\/es-real\\\/#primaryimage\"},\"thumbnailUrl\":\"https:\\\/\\\/eldiariodelaeducacion.com\\\/convivenciayeducacionenvalores\\\/wp-content\\\/uploads\\\/sites\\\/18\\\/2018\\\/06\\\/IMG_20150610_105643.jpg\",\"articleSection\":[\"Convivencia y educaci\u00f3n en valores\"],\"inLanguage\":\"es\",\"potentialAction\":[{\"@type\":\"CommentAction\",\"name\":\"Comment\",\"target\":[\"https:\\\/\\\/eldiariodelaeducacion.com\\\/convivenciayeducacionenvalores\\\/2019\\\/11\\\/26\\\/es-real\\\/#respond\"]}]},{\"@type\":\"WebPage\",\"@id\":\"https:\\\/\\\/eldiariodelaeducacion.com\\\/convivenciayeducacionenvalores\\\/2019\\\/11\\\/26\\\/es-real\\\/\",\"url\":\"https:\\\/\\\/eldiariodelaeducacion.com\\\/convivenciayeducacionenvalores\\\/2019\\\/11\\\/26\\\/es-real\\\/\",\"name\":\"\u00a1Es real! - Convivencia y educaci\u00f3n en valores\",\"isPartOf\":{\"@id\":\"https:\\\/\\\/eldiariodelaeducacion.com\\\/convivenciayeducacionenvalores\\\/#website\"},\"primaryImageOfPage\":{\"@id\":\"https:\\\/\\\/eldiariodelaeducacion.com\\\/convivenciayeducacionenvalores\\\/2019\\\/11\\\/26\\\/es-real\\\/#primaryimage\"},\"image\":{\"@id\":\"https:\\\/\\\/eldiariodelaeducacion.com\\\/convivenciayeducacionenvalores\\\/2019\\\/11\\\/26\\\/es-real\\\/#primaryimage\"},\"thumbnailUrl\":\"https:\\\/\\\/eldiariodelaeducacion.com\\\/convivenciayeducacionenvalores\\\/wp-content\\\/uploads\\\/sites\\\/18\\\/2018\\\/06\\\/IMG_20150610_105643.jpg\",\"datePublished\":\"2019-11-26T09:46:30+00:00\",\"dateModified\":\"2024-08-20T16:02:32+00:00\",\"author\":{\"@id\":\"https:\\\/\\\/eldiariodelaeducacion.com\\\/convivenciayeducacionenvalores\\\/#\\\/schema\\\/person\\\/9c7cce022eeabd171ac80695937d4f77\"},\"breadcrumb\":{\"@id\":\"https:\\\/\\\/eldiariodelaeducacion.com\\\/convivenciayeducacionenvalores\\\/2019\\\/11\\\/26\\\/es-real\\\/#breadcrumb\"},\"inLanguage\":\"es\",\"potentialAction\":[{\"@type\":\"ReadAction\",\"target\":[\"https:\\\/\\\/eldiariodelaeducacion.com\\\/convivenciayeducacionenvalores\\\/2019\\\/11\\\/26\\\/es-real\\\/\"]}]},{\"@type\":\"ImageObject\",\"inLanguage\":\"es\",\"@id\":\"https:\\\/\\\/eldiariodelaeducacion.com\\\/convivenciayeducacionenvalores\\\/2019\\\/11\\\/26\\\/es-real\\\/#primaryimage\",\"url\":\"https:\\\/\\\/eldiariodelaeducacion.com\\\/convivenciayeducacionenvalores\\\/wp-content\\\/uploads\\\/sites\\\/18\\\/2018\\\/06\\\/IMG_20150610_105643.jpg\",\"contentUrl\":\"https:\\\/\\\/eldiariodelaeducacion.com\\\/convivenciayeducacionenvalores\\\/wp-content\\\/uploads\\\/sites\\\/18\\\/2018\\\/06\\\/IMG_20150610_105643.jpg\",\"width\":1024,\"height\":768,\"caption\":\"Fotograf\u00eda: Proyecto Haciendo hacenderas.\"},{\"@type\":\"BreadcrumbList\",\"@id\":\"https:\\\/\\\/eldiariodelaeducacion.com\\\/convivenciayeducacionenvalores\\\/2019\\\/11\\\/26\\\/es-real\\\/#breadcrumb\",\"itemListElement\":[{\"@type\":\"ListItem\",\"position\":1,\"name\":\"Portada\",\"item\":\"https:\\\/\\\/eldiariodelaeducacion.com\\\/convivenciayeducacionenvalores\\\/\"},{\"@type\":\"ListItem\",\"position\":2,\"name\":\"\u00a1Es real!\"}]},{\"@type\":\"WebSite\",\"@id\":\"https:\\\/\\\/eldiariodelaeducacion.com\\\/convivenciayeducacionenvalores\\\/#website\",\"url\":\"https:\\\/\\\/eldiariodelaeducacion.com\\\/convivenciayeducacionenvalores\\\/\",\"name\":\"Convivencia y educaci\u00f3n en valores\",\"description\":\"Un blog de El Diario de la Educaci\u00f3n\",\"potentialAction\":[{\"@type\":\"SearchAction\",\"target\":{\"@type\":\"EntryPoint\",\"urlTemplate\":\"https:\\\/\\\/eldiariodelaeducacion.com\\\/convivenciayeducacionenvalores\\\/?s={search_term_string}\"},\"query-input\":{\"@type\":\"PropertyValueSpecification\",\"valueRequired\":true,\"valueName\":\"search_term_string\"}}],\"inLanguage\":\"es\"},{\"@type\":\"Person\",\"@id\":\"https:\\\/\\\/eldiariodelaeducacion.com\\\/convivenciayeducacionenvalores\\\/#\\\/schema\\\/person\\\/9c7cce022eeabd171ac80695937d4f77\",\"name\":\"Josep M\u00aa Puig\",\"image\":{\"@type\":\"ImageObject\",\"inLanguage\":\"es\",\"@id\":\"https:\\\/\\\/eldiariodelaeducacion.com\\\/wp-content\\\/uploads\\\/2024\\\/10\\\/josep-ma-puig_avatar-96x96.jpg\",\"url\":\"https:\\\/\\\/eldiariodelaeducacion.com\\\/wp-content\\\/uploads\\\/2024\\\/10\\\/josep-ma-puig_avatar-96x96.jpg\",\"contentUrl\":\"https:\\\/\\\/eldiariodelaeducacion.com\\\/wp-content\\\/uploads\\\/2024\\\/10\\\/josep-ma-puig_avatar-96x96.jpg\",\"caption\":\"Josep M\u00aa Puig\"},\"url\":\"https:\\\/\\\/eldiariodelaeducacion.com\\\/convivenciayeducacionenvalores\\\/author\\\/joseppuig\\\/\"}]}<\/script>\n<!-- \/ Yoast SEO plugin. -->","yoast_head_json":{"title":"\u00a1Es real! - Convivencia y educaci\u00f3n en valores","robots":{"index":"index","follow":"follow","max-snippet":"max-snippet:-1","max-image-preview":"max-image-preview:large","max-video-preview":"max-video-preview:-1"},"canonical":"https:\/\/eldiariodelaeducacion.com\/convivenciayeducacionenvalores\/2019\/11\/26\/es-real\/","og_locale":"es_ES","og_type":"article","og_title":"\u00a1Es real! - Convivencia y educaci\u00f3n en valores","og_description":"Cada vez es m\u00e1s frecuente que los protagonistas de algunas experiencias educativas hablen de ellas usando expresiones como la del t\u00edtulo: es real, es aut\u00e9ntica, es de verdad, nos habla de la actualidad, trata temas que nos preocupan, u otras similares. Esta manera de calificar las actividades docentes se apoya en una idea pedag\u00f3gica relevante:","og_url":"https:\/\/eldiariodelaeducacion.com\/convivenciayeducacionenvalores\/2019\/11\/26\/es-real\/","og_site_name":"Convivencia y educaci\u00f3n en valores","article_published_time":"2019-11-26T09:46:30+00:00","article_modified_time":"2024-08-20T16:02:32+00:00","og_image":[{"width":1024,"height":768,"url":"https:\/\/eldiariodelaeducacion.com\/convivenciayeducacionenvalores\/wp-content\/uploads\/sites\/18\/2018\/06\/IMG_20150610_105643.jpg","type":"image\/jpeg"}],"author":"Josep M\u00aa Puig","twitter_card":"summary_large_image","twitter_misc":{"Escrito por":"Josep M\u00aa Puig","Tiempo de lectura":"5 minutos"},"schema":{"@context":"https:\/\/schema.org","@graph":[{"@type":"Article","@id":"https:\/\/eldiariodelaeducacion.com\/convivenciayeducacionenvalores\/2019\/11\/26\/es-real\/#article","isPartOf":{"@id":"https:\/\/eldiariodelaeducacion.com\/convivenciayeducacionenvalores\/2019\/11\/26\/es-real\/"},"author":{"name":"Josep M\u00aa Puig","@id":"https:\/\/eldiariodelaeducacion.com\/convivenciayeducacionenvalores\/#\/schema\/person\/9c7cce022eeabd171ac80695937d4f77"},"headline":"\u00a1Es real!","datePublished":"2019-11-26T09:46:30+00:00","dateModified":"2024-08-20T16:02:32+00:00","mainEntityOfPage":{"@id":"https:\/\/eldiariodelaeducacion.com\/convivenciayeducacionenvalores\/2019\/11\/26\/es-real\/"},"wordCount":955,"commentCount":0,"image":{"@id":"https:\/\/eldiariodelaeducacion.com\/convivenciayeducacionenvalores\/2019\/11\/26\/es-real\/#primaryimage"},"thumbnailUrl":"https:\/\/eldiariodelaeducacion.com\/convivenciayeducacionenvalores\/wp-content\/uploads\/sites\/18\/2018\/06\/IMG_20150610_105643.jpg","articleSection":["Convivencia y educaci\u00f3n en valores"],"inLanguage":"es","potentialAction":[{"@type":"CommentAction","name":"Comment","target":["https:\/\/eldiariodelaeducacion.com\/convivenciayeducacionenvalores\/2019\/11\/26\/es-real\/#respond"]}]},{"@type":"WebPage","@id":"https:\/\/eldiariodelaeducacion.com\/convivenciayeducacionenvalores\/2019\/11\/26\/es-real\/","url":"https:\/\/eldiariodelaeducacion.com\/convivenciayeducacionenvalores\/2019\/11\/26\/es-real\/","name":"\u00a1Es real! - Convivencia y educaci\u00f3n en valores","isPartOf":{"@id":"https:\/\/eldiariodelaeducacion.com\/convivenciayeducacionenvalores\/#website"},"primaryImageOfPage":{"@id":"https:\/\/eldiariodelaeducacion.com\/convivenciayeducacionenvalores\/2019\/11\/26\/es-real\/#primaryimage"},"image":{"@id":"https:\/\/eldiariodelaeducacion.com\/convivenciayeducacionenvalores\/2019\/11\/26\/es-real\/#primaryimage"},"thumbnailUrl":"https:\/\/eldiariodelaeducacion.com\/convivenciayeducacionenvalores\/wp-content\/uploads\/sites\/18\/2018\/06\/IMG_20150610_105643.jpg","datePublished":"2019-11-26T09:46:30+00:00","dateModified":"2024-08-20T16:02:32+00:00","author":{"@id":"https:\/\/eldiariodelaeducacion.com\/convivenciayeducacionenvalores\/#\/schema\/person\/9c7cce022eeabd171ac80695937d4f77"},"breadcrumb":{"@id":"https:\/\/eldiariodelaeducacion.com\/convivenciayeducacionenvalores\/2019\/11\/26\/es-real\/#breadcrumb"},"inLanguage":"es","potentialAction":[{"@type":"ReadAction","target":["https:\/\/eldiariodelaeducacion.com\/convivenciayeducacionenvalores\/2019\/11\/26\/es-real\/"]}]},{"@type":"ImageObject","inLanguage":"es","@id":"https:\/\/eldiariodelaeducacion.com\/convivenciayeducacionenvalores\/2019\/11\/26\/es-real\/#primaryimage","url":"https:\/\/eldiariodelaeducacion.com\/convivenciayeducacionenvalores\/wp-content\/uploads\/sites\/18\/2018\/06\/IMG_20150610_105643.jpg","contentUrl":"https:\/\/eldiariodelaeducacion.com\/convivenciayeducacionenvalores\/wp-content\/uploads\/sites\/18\/2018\/06\/IMG_20150610_105643.jpg","width":1024,"height":768,"caption":"Fotograf\u00eda: Proyecto Haciendo hacenderas."},{"@type":"BreadcrumbList","@id":"https:\/\/eldiariodelaeducacion.com\/convivenciayeducacionenvalores\/2019\/11\/26\/es-real\/#breadcrumb","itemListElement":[{"@type":"ListItem","position":1,"name":"Portada","item":"https:\/\/eldiariodelaeducacion.com\/convivenciayeducacionenvalores\/"},{"@type":"ListItem","position":2,"name":"\u00a1Es real!"}]},{"@type":"WebSite","@id":"https:\/\/eldiariodelaeducacion.com\/convivenciayeducacionenvalores\/#website","url":"https:\/\/eldiariodelaeducacion.com\/convivenciayeducacionenvalores\/","name":"Convivencia y educaci\u00f3n en valores","description":"Un blog de El Diario de la Educaci\u00f3n","potentialAction":[{"@type":"SearchAction","target":{"@type":"EntryPoint","urlTemplate":"https:\/\/eldiariodelaeducacion.com\/convivenciayeducacionenvalores\/?s={search_term_string}"},"query-input":{"@type":"PropertyValueSpecification","valueRequired":true,"valueName":"search_term_string"}}],"inLanguage":"es"},{"@type":"Person","@id":"https:\/\/eldiariodelaeducacion.com\/convivenciayeducacionenvalores\/#\/schema\/person\/9c7cce022eeabd171ac80695937d4f77","name":"Josep M\u00aa Puig","image":{"@type":"ImageObject","inLanguage":"es","@id":"https:\/\/eldiariodelaeducacion.com\/wp-content\/uploads\/2024\/10\/josep-ma-puig_avatar-96x96.jpg","url":"https:\/\/eldiariodelaeducacion.com\/wp-content\/uploads\/2024\/10\/josep-ma-puig_avatar-96x96.jpg","contentUrl":"https:\/\/eldiariodelaeducacion.com\/wp-content\/uploads\/2024\/10\/josep-ma-puig_avatar-96x96.jpg","caption":"Josep M\u00aa Puig"},"url":"https:\/\/eldiariodelaeducacion.com\/convivenciayeducacionenvalores\/author\/joseppuig\/"}]}},"_links":{"self":[{"href":"https:\/\/eldiariodelaeducacion.com\/convivenciayeducacionenvalores\/wp-json\/wp\/v2\/posts\/607","targetHints":{"allow":["GET"]}}],"collection":[{"href":"https:\/\/eldiariodelaeducacion.com\/convivenciayeducacionenvalores\/wp-json\/wp\/v2\/posts"}],"about":[{"href":"https:\/\/eldiariodelaeducacion.com\/convivenciayeducacionenvalores\/wp-json\/wp\/v2\/types\/post"}],"author":[{"embeddable":true,"href":"https:\/\/eldiariodelaeducacion.com\/convivenciayeducacionenvalores\/wp-json\/wp\/v2\/users\/142"}],"replies":[{"embeddable":true,"href":"https:\/\/eldiariodelaeducacion.com\/convivenciayeducacionenvalores\/wp-json\/wp\/v2\/comments?post=607"}],"version-history":[{"count":1,"href":"https:\/\/eldiariodelaeducacion.com\/convivenciayeducacionenvalores\/wp-json\/wp\/v2\/posts\/607\/revisions"}],"predecessor-version":[{"id":1416,"href":"https:\/\/eldiariodelaeducacion.com\/convivenciayeducacionenvalores\/wp-json\/wp\/v2\/posts\/607\/revisions\/1416"}],"wp:featuredmedia":[{"embeddable":true,"href":"https:\/\/eldiariodelaeducacion.com\/convivenciayeducacionenvalores\/wp-json\/wp\/v2\/media\/243"}],"wp:attachment":[{"href":"https:\/\/eldiariodelaeducacion.com\/convivenciayeducacionenvalores\/wp-json\/wp\/v2\/media?parent=607"}],"wp:term":[{"taxonomy":"category","embeddable":true,"href":"https:\/\/eldiariodelaeducacion.com\/convivenciayeducacionenvalores\/wp-json\/wp\/v2\/categories?post=607"},{"taxonomy":"post_tag","embeddable":true,"href":"https:\/\/eldiariodelaeducacion.com\/convivenciayeducacionenvalores\/wp-json\/wp\/v2\/tags?post=607"},{"taxonomy":"tipo","embeddable":true,"href":"https:\/\/eldiariodelaeducacion.com\/convivenciayeducacionenvalores\/wp-json\/wp\/v2\/tipo?post=607"}],"curies":[{"name":"wp","href":"https:\/\/api.w.org\/{rel}","templated":true}]}}