{"id":629,"date":"2020-03-03T08:00:39","date_gmt":"2020-03-03T08:00:39","guid":{"rendered":"https:\/\/eldiariodelaeducacion.com\/convivenciayeducacionenvalores\/?p=629"},"modified":"2024-08-20T18:02:32","modified_gmt":"2024-08-20T16:02:32","slug":"por-que-el-aps-mejora-la-convivencia","status":"publish","type":"post","link":"https:\/\/eldiariodelaeducacion.com\/convivenciayeducacionenvalores\/2020\/03\/03\/por-que-el-aps-mejora-la-convivencia\/","title":{"rendered":"\u00bfPor qu\u00e9 el ApS mejora la convivencia?"},"content":{"rendered":"<p>Partimos de una afirmaci\u00f3n aceptada: las experiencias pedag\u00f3gicas que aplican la metodolog\u00eda del aprendizaje servicio contribuyen a mejorar la convivencia del alumnado. Dicho de otra manera, el aprendizaje servicio disminuye los conflictos y el malestar en el interior de los grupos clase que participan en una o en varias acciones. Es un buen ant\u00eddoto contra el <em>bullying,<\/em> el absentismo y la confrontaci\u00f3n con el profesorado. No estamos diciendo que sirva para solucionar todas las situaciones conflictivas, naturalmente, pero ayuda, y a veces mucho.<\/p>\n<p>En realidad quien tenga experiencia pedag\u00f3gica sabe que participar en un proyecto colaborativo es un b\u00e1lsamo para cualquier grupo clase dif\u00edcil. Por ejemplo, que un grupo de chicos y chicas realicen un v\u00eddeo sobre su trayecto vital y sus sue\u00f1os, y despu\u00e9s lo proyecten en sesiones con adultos y en clases de diferentes institutos, es una experiencia que contribuye a limar enfrentamientos y a construir un grupo cohesionado. La lista de acciones similares con sus efectos beneficiosos sobre el clima de convivencia de los grupos protagonistas podr\u00eda ser larga.<\/p>\n<p>Probablemente esto es lo que detecta la \u00faltima evaluaci\u00f3n del impacto del Servicio Comunitario en Catalu\u00f1a cuando afirma que <a href=\"http:\/\/ensenyament.gencat.cat\/ca\/arees-actuacio\/centres-serveis-educatius\/altres-programes-educatius\/servei-comunitari\/\">el 78% de los centros piensan que ha sido una aportaci\u00f3n valiosa<\/a> para la mejora de la convivencia. O lo que se afirma en la narraci\u00f3n de la experiencia de la <a href=\"https:\/\/aprenentatgeservei.cat\/wp-content\/uploads\/quaderns_aps\/Quadern-APS_Trencant-prejucidis_Fontsere.pdf\">implantaci\u00f3n del aprendizaje servicio en el IES Eduard Fontser\u00e8<\/a> cuando muestra que el nivel de expedientes por problemas de disciplina y convivencia pas\u00f3 de unos cuarenta por a\u00f1o a dos o tres. Tambi\u00e9n el absentismo, que hab\u00eda llegado al 16%, qued\u00f3 estabilizado en un 2%. Adem\u00e1s, tanto alumnos como profesores valoran la mejora en las relaciones interpersonales y en el clima del centro.<\/p>\n<p>Podemos afirmar que estamos ante unos hechos \u2013la mejora de la convivencia gracias al aprendizaje servicio\u2013 casi probados. Pero con esto no es suficiente. Ahora queremos preguntamos por qu\u00e9 se produce esta mejora en la convivencia, qu\u00e9 factores la provocan, c\u00f3mo podr\u00edamos optimizar el clima de grupo de manera m\u00e1s efectiva. Una explicaci\u00f3n ya cl\u00e1sica en psicolog\u00eda social sobre la causa de los conflictos entre grupos y el modo de reducirlos nos la dieron Muzafer Sherif y Caroline Sherif con su trabajo The Robber Cave Experiment (<a href=\"http:\/\/www.dominiopublico.gov.br\/download\/texto\/ps000162.pdf\">El experimento de la cueva de ladrones<\/a>).<\/p>\n<p>Entre los a\u00f1os 1949 y 1954, los experimentadores organizaron y estudiaron unos campamentos de verano. En el campamento m\u00e1s completo participaron 22 chicos que se dividieron en dos grupos de 11 miembros; entre ellos no se conoc\u00edan y acamparon a una distancia que al principio les permiti\u00f3 ignorarse. La experiencia pas\u00f3 por tres etapas.<\/p>\n<p>En la primera se trataba de conseguir que los chicos formaran un grupo, y para ello se les propon\u00edan actividades cooperativas que, poco a poco, crearon una cierta estructura de grupo, con cohesi\u00f3n, liderazgo, funciones y sentido de pertenencia.<\/p>\n<p>Durante la segunda etapa, los experimentadores quer\u00edan provocar conflicto entre los dos grupos \u2013un hecho que probablemente hoy impedir\u00eda la realizaci\u00f3n del experimento por razones \u00e9ticas\u2013, y lo hicieron proponiendo actividades competitivas, tales como juegos deportivos en los que el equipo ganador recib\u00eda un premio y el\u00a0 perdedor no obten\u00eda ninguna compensaci\u00f3n. Se trataba de crear una situaci\u00f3n con finalidades incompatibles: si un grupo logra el premio, el otro no conseguir\u00e1 nada, no es posible que los dos ganen. De inmediato se produjeron dos consecuencias: en primer lugar, las relaciones con los miembros del equipo contrario se deterioraron y se produjeron insultos, peleas y otras agresiones y, en segundo lugar, aument\u00f3 la solidaridad y la cohesi\u00f3n en el interior de cada grupo.<\/p>\n<p>En la tercera etapa los investigadores quer\u00edan reducir el conflicto entre los dos grupos enfrentados. Para conseguirlo, no sirvi\u00f3 de nada explicar a los grupos las virtudes y los valores del oponente, y tampoco result\u00f3 \u00fatil tratar de influir en los l\u00edderes de cada grupo, ni juntarlos para compartir una merienda o una fiesta. Finalmente, se dieron cuenta de que la \u00fanica acci\u00f3n efectiva era crear una situaci\u00f3n en la que ambos se enfrentaran a un reto relevante para todos y que ninguno de los dos pudiera resolverlo solo. Necesitaban cooperar y trabajar conjuntamente para alcanzar una meta extraordinaria. Poner a los chicos ante hechos como resolver una fuga de agua, reunir dinero para alquilar una pel\u00edcula o desembarrancar un cami\u00f3n que llevaba la comida de todos fueron acciones suficientes para rebajar la hostilidad, crear amistades intergrupales y, finalmente, desear volver a casa en el mismo autob\u00fas. La posibilidad de cooperar para alcanzar un reto significativo para los dos grupos y a la vez imposible de conseguir por uno solo es clave para mejorar cualquier situaci\u00f3n de conflicto.<\/p>\n<p>Este experimento nos da una explicaci\u00f3n de por qu\u00e9 el aprendizaje servicio contribuye a paliar los conflictos y mejorar la convivencia. Las experiencias de aprendizaje servicio proponen a los grupos un reto relevante para el conjunto y, al mismo tiempo, imposible de alcanzar sin la colaboraci\u00f3n de todos.<\/p>\n<p>Adem\u00e1s, en la medida que logramos crear en los chicos y chicas la convicci\u00f3n de que trabajar en favor de cualquiera de los Objetivos de Desarrollo Sostenible es un reto que nos implica a todos y todas, estamos sumando a la mejora de la convivencia el compromiso como ciudadanos del mundo. Es por ello que el aprendizaje servicio es un pr\u00e1ctica para la resoluci\u00f3n de conflictos y mejora de la convivencia y, al mismo tiempo, una pr\u00e1ctica de ciudadan\u00eda que contribuye a crear un mundo m\u00e1s justo y sostenible.<\/p>\n","protected":false},"excerpt":{"rendered":"<p>Partimos de una afirmaci\u00f3n aceptada: las experiencias pedag\u00f3gicas que aplican la metodolog\u00eda del aprendizaje servicio contribuyen a mejorar la convivencia del alumnado. Dicho de otra manera, el aprendizaje servicio disminuye los conflictos y el malestar en el interior de los grupos clase que participan en una o en varias acciones. Es un buen ant\u00eddoto contra<\/p>\n","protected":false},"author":142,"featured_media":357,"comment_status":"open","ping_status":"closed","sticky":false,"template":"","format":"standard","meta":{"footnotes":""},"categories":[16],"tags":[],"tipo":[45],"class_list":{"0":"post-629","1":"post","2":"type-post","3":"status-publish","4":"format-standard","5":"has-post-thumbnail","7":"category-convivencia-y-educacion-en-valores-2","8":"tipo-opinion"},"yoast_head":"<!-- This site is optimized with the Yoast SEO plugin v27.5 - https:\/\/yoast.com\/product\/yoast-seo-wordpress\/ -->\n<title>\u00bfPor qu\u00e9 el ApS mejora la convivencia? - Convivencia y educaci\u00f3n en valores<\/title>\n<meta name=\"robots\" content=\"index, follow, max-snippet:-1, max-image-preview:large, max-video-preview:-1\" \/>\n<link rel=\"canonical\" href=\"https:\/\/eldiariodelaeducacion.com\/convivenciayeducacionenvalores\/2020\/03\/03\/por-que-el-aps-mejora-la-convivencia\/\" \/>\n<meta property=\"og:locale\" content=\"es_ES\" \/>\n<meta property=\"og:type\" content=\"article\" \/>\n<meta property=\"og:title\" content=\"\u00bfPor qu\u00e9 el ApS mejora la convivencia? - Convivencia y educaci\u00f3n en valores\" \/>\n<meta property=\"og:description\" content=\"Partimos de una afirmaci\u00f3n aceptada: las experiencias pedag\u00f3gicas que aplican la metodolog\u00eda del aprendizaje servicio contribuyen a mejorar la convivencia del alumnado. Dicho de otra manera, el aprendizaje servicio disminuye los conflictos y el malestar en el interior de los grupos clase que participan en una o en varias acciones. Es un buen ant\u00eddoto contra\" \/>\n<meta property=\"og:url\" content=\"https:\/\/eldiariodelaeducacion.com\/convivenciayeducacionenvalores\/2020\/03\/03\/por-que-el-aps-mejora-la-convivencia\/\" \/>\n<meta property=\"og:site_name\" content=\"Convivencia y educaci\u00f3n en valores\" \/>\n<meta property=\"article:published_time\" content=\"2020-03-03T08:00:39+00:00\" \/>\n<meta property=\"article:modified_time\" content=\"2024-08-20T16:02:32+00:00\" \/>\n<meta property=\"og:image\" content=\"https:\/\/eldiariodelaeducacion.com\/convivenciayeducacionenvalores\/wp-content\/uploads\/sites\/18\/2018\/10\/cuidate_3_converted.jpg\" \/>\n\t<meta property=\"og:image:width\" content=\"1520\" \/>\n\t<meta property=\"og:image:height\" content=\"1127\" \/>\n\t<meta property=\"og:image:type\" content=\"image\/jpeg\" \/>\n<meta name=\"author\" content=\"Josep M\u00aa Puig\" \/>\n<meta name=\"twitter:card\" content=\"summary_large_image\" \/>\n<meta name=\"twitter:label1\" content=\"Escrito por\" \/>\n\t<meta name=\"twitter:data1\" content=\"Josep M\u00aa Puig\" \/>\n\t<meta name=\"twitter:label2\" content=\"Tiempo de lectura\" \/>\n\t<meta name=\"twitter:data2\" content=\"5 minutos\" \/>\n<script type=\"application\/ld+json\" class=\"yoast-schema-graph\">{\"@context\":\"https:\\\/\\\/schema.org\",\"@graph\":[{\"@type\":\"Article\",\"@id\":\"https:\\\/\\\/eldiariodelaeducacion.com\\\/convivenciayeducacionenvalores\\\/2020\\\/03\\\/03\\\/por-que-el-aps-mejora-la-convivencia\\\/#article\",\"isPartOf\":{\"@id\":\"https:\\\/\\\/eldiariodelaeducacion.com\\\/convivenciayeducacionenvalores\\\/2020\\\/03\\\/03\\\/por-que-el-aps-mejora-la-convivencia\\\/\"},\"author\":{\"name\":\"Josep M\u00aa Puig\",\"@id\":\"https:\\\/\\\/eldiariodelaeducacion.com\\\/convivenciayeducacionenvalores\\\/#\\\/schema\\\/person\\\/9c7cce022eeabd171ac80695937d4f77\"},\"headline\":\"\u00bfPor qu\u00e9 el ApS mejora la convivencia?\",\"datePublished\":\"2020-03-03T08:00:39+00:00\",\"dateModified\":\"2024-08-20T16:02:32+00:00\",\"mainEntityOfPage\":{\"@id\":\"https:\\\/\\\/eldiariodelaeducacion.com\\\/convivenciayeducacionenvalores\\\/2020\\\/03\\\/03\\\/por-que-el-aps-mejora-la-convivencia\\\/\"},\"wordCount\":965,\"commentCount\":0,\"image\":{\"@id\":\"https:\\\/\\\/eldiariodelaeducacion.com\\\/convivenciayeducacionenvalores\\\/2020\\\/03\\\/03\\\/por-que-el-aps-mejora-la-convivencia\\\/#primaryimage\"},\"thumbnailUrl\":\"https:\\\/\\\/eldiariodelaeducacion.com\\\/convivenciayeducacionenvalores\\\/wp-content\\\/uploads\\\/sites\\\/18\\\/2018\\\/10\\\/cuidate_3_converted.jpg\",\"articleSection\":[\"Convivencia y educaci\u00f3n en valores\"],\"inLanguage\":\"es\",\"potentialAction\":[{\"@type\":\"CommentAction\",\"name\":\"Comment\",\"target\":[\"https:\\\/\\\/eldiariodelaeducacion.com\\\/convivenciayeducacionenvalores\\\/2020\\\/03\\\/03\\\/por-que-el-aps-mejora-la-convivencia\\\/#respond\"]}]},{\"@type\":\"WebPage\",\"@id\":\"https:\\\/\\\/eldiariodelaeducacion.com\\\/convivenciayeducacionenvalores\\\/2020\\\/03\\\/03\\\/por-que-el-aps-mejora-la-convivencia\\\/\",\"url\":\"https:\\\/\\\/eldiariodelaeducacion.com\\\/convivenciayeducacionenvalores\\\/2020\\\/03\\\/03\\\/por-que-el-aps-mejora-la-convivencia\\\/\",\"name\":\"\u00bfPor qu\u00e9 el ApS mejora la convivencia? - Convivencia y educaci\u00f3n en valores\",\"isPartOf\":{\"@id\":\"https:\\\/\\\/eldiariodelaeducacion.com\\\/convivenciayeducacionenvalores\\\/#website\"},\"primaryImageOfPage\":{\"@id\":\"https:\\\/\\\/eldiariodelaeducacion.com\\\/convivenciayeducacionenvalores\\\/2020\\\/03\\\/03\\\/por-que-el-aps-mejora-la-convivencia\\\/#primaryimage\"},\"image\":{\"@id\":\"https:\\\/\\\/eldiariodelaeducacion.com\\\/convivenciayeducacionenvalores\\\/2020\\\/03\\\/03\\\/por-que-el-aps-mejora-la-convivencia\\\/#primaryimage\"},\"thumbnailUrl\":\"https:\\\/\\\/eldiariodelaeducacion.com\\\/convivenciayeducacionenvalores\\\/wp-content\\\/uploads\\\/sites\\\/18\\\/2018\\\/10\\\/cuidate_3_converted.jpg\",\"datePublished\":\"2020-03-03T08:00:39+00:00\",\"dateModified\":\"2024-08-20T16:02:32+00:00\",\"author\":{\"@id\":\"https:\\\/\\\/eldiariodelaeducacion.com\\\/convivenciayeducacionenvalores\\\/#\\\/schema\\\/person\\\/9c7cce022eeabd171ac80695937d4f77\"},\"breadcrumb\":{\"@id\":\"https:\\\/\\\/eldiariodelaeducacion.com\\\/convivenciayeducacionenvalores\\\/2020\\\/03\\\/03\\\/por-que-el-aps-mejora-la-convivencia\\\/#breadcrumb\"},\"inLanguage\":\"es\",\"potentialAction\":[{\"@type\":\"ReadAction\",\"target\":[\"https:\\\/\\\/eldiariodelaeducacion.com\\\/convivenciayeducacionenvalores\\\/2020\\\/03\\\/03\\\/por-que-el-aps-mejora-la-convivencia\\\/\"]}]},{\"@type\":\"ImageObject\",\"inLanguage\":\"es\",\"@id\":\"https:\\\/\\\/eldiariodelaeducacion.com\\\/convivenciayeducacionenvalores\\\/2020\\\/03\\\/03\\\/por-que-el-aps-mejora-la-convivencia\\\/#primaryimage\",\"url\":\"https:\\\/\\\/eldiariodelaeducacion.com\\\/convivenciayeducacionenvalores\\\/wp-content\\\/uploads\\\/sites\\\/18\\\/2018\\\/10\\\/cuidate_3_converted.jpg\",\"contentUrl\":\"https:\\\/\\\/eldiariodelaeducacion.com\\\/convivenciayeducacionenvalores\\\/wp-content\\\/uploads\\\/sites\\\/18\\\/2018\\\/10\\\/cuidate_3_converted.jpg\",\"width\":1520,\"height\":1127,\"caption\":\"Fotograf\u00eda: Cedida por el CEPR San Pascual Bail\u00f3n\"},{\"@type\":\"BreadcrumbList\",\"@id\":\"https:\\\/\\\/eldiariodelaeducacion.com\\\/convivenciayeducacionenvalores\\\/2020\\\/03\\\/03\\\/por-que-el-aps-mejora-la-convivencia\\\/#breadcrumb\",\"itemListElement\":[{\"@type\":\"ListItem\",\"position\":1,\"name\":\"Portada\",\"item\":\"https:\\\/\\\/eldiariodelaeducacion.com\\\/convivenciayeducacionenvalores\\\/\"},{\"@type\":\"ListItem\",\"position\":2,\"name\":\"\u00bfPor qu\u00e9 el ApS mejora la convivencia?\"}]},{\"@type\":\"WebSite\",\"@id\":\"https:\\\/\\\/eldiariodelaeducacion.com\\\/convivenciayeducacionenvalores\\\/#website\",\"url\":\"https:\\\/\\\/eldiariodelaeducacion.com\\\/convivenciayeducacionenvalores\\\/\",\"name\":\"Convivencia y educaci\u00f3n en valores\",\"description\":\"Un blog de El Diario de la Educaci\u00f3n\",\"potentialAction\":[{\"@type\":\"SearchAction\",\"target\":{\"@type\":\"EntryPoint\",\"urlTemplate\":\"https:\\\/\\\/eldiariodelaeducacion.com\\\/convivenciayeducacionenvalores\\\/?s={search_term_string}\"},\"query-input\":{\"@type\":\"PropertyValueSpecification\",\"valueRequired\":true,\"valueName\":\"search_term_string\"}}],\"inLanguage\":\"es\"},{\"@type\":\"Person\",\"@id\":\"https:\\\/\\\/eldiariodelaeducacion.com\\\/convivenciayeducacionenvalores\\\/#\\\/schema\\\/person\\\/9c7cce022eeabd171ac80695937d4f77\",\"name\":\"Josep M\u00aa Puig\",\"image\":{\"@type\":\"ImageObject\",\"inLanguage\":\"es\",\"@id\":\"https:\\\/\\\/eldiariodelaeducacion.com\\\/wp-content\\\/uploads\\\/2024\\\/10\\\/josep-ma-puig_avatar-96x96.jpg\",\"url\":\"https:\\\/\\\/eldiariodelaeducacion.com\\\/wp-content\\\/uploads\\\/2024\\\/10\\\/josep-ma-puig_avatar-96x96.jpg\",\"contentUrl\":\"https:\\\/\\\/eldiariodelaeducacion.com\\\/wp-content\\\/uploads\\\/2024\\\/10\\\/josep-ma-puig_avatar-96x96.jpg\",\"caption\":\"Josep M\u00aa Puig\"},\"url\":\"https:\\\/\\\/eldiariodelaeducacion.com\\\/convivenciayeducacionenvalores\\\/author\\\/joseppuig\\\/\"}]}<\/script>\n<!-- \/ Yoast SEO plugin. -->","yoast_head_json":{"title":"\u00bfPor qu\u00e9 el ApS mejora la convivencia? - Convivencia y educaci\u00f3n en valores","robots":{"index":"index","follow":"follow","max-snippet":"max-snippet:-1","max-image-preview":"max-image-preview:large","max-video-preview":"max-video-preview:-1"},"canonical":"https:\/\/eldiariodelaeducacion.com\/convivenciayeducacionenvalores\/2020\/03\/03\/por-que-el-aps-mejora-la-convivencia\/","og_locale":"es_ES","og_type":"article","og_title":"\u00bfPor qu\u00e9 el ApS mejora la convivencia? - Convivencia y educaci\u00f3n en valores","og_description":"Partimos de una afirmaci\u00f3n aceptada: las experiencias pedag\u00f3gicas que aplican la metodolog\u00eda del aprendizaje servicio contribuyen a mejorar la convivencia del alumnado. Dicho de otra manera, el aprendizaje servicio disminuye los conflictos y el malestar en el interior de los grupos clase que participan en una o en varias acciones. Es un buen ant\u00eddoto contra","og_url":"https:\/\/eldiariodelaeducacion.com\/convivenciayeducacionenvalores\/2020\/03\/03\/por-que-el-aps-mejora-la-convivencia\/","og_site_name":"Convivencia y educaci\u00f3n en valores","article_published_time":"2020-03-03T08:00:39+00:00","article_modified_time":"2024-08-20T16:02:32+00:00","og_image":[{"width":1520,"height":1127,"url":"https:\/\/eldiariodelaeducacion.com\/convivenciayeducacionenvalores\/wp-content\/uploads\/sites\/18\/2018\/10\/cuidate_3_converted.jpg","type":"image\/jpeg"}],"author":"Josep M\u00aa Puig","twitter_card":"summary_large_image","twitter_misc":{"Escrito por":"Josep M\u00aa Puig","Tiempo de lectura":"5 minutos"},"schema":{"@context":"https:\/\/schema.org","@graph":[{"@type":"Article","@id":"https:\/\/eldiariodelaeducacion.com\/convivenciayeducacionenvalores\/2020\/03\/03\/por-que-el-aps-mejora-la-convivencia\/#article","isPartOf":{"@id":"https:\/\/eldiariodelaeducacion.com\/convivenciayeducacionenvalores\/2020\/03\/03\/por-que-el-aps-mejora-la-convivencia\/"},"author":{"name":"Josep M\u00aa Puig","@id":"https:\/\/eldiariodelaeducacion.com\/convivenciayeducacionenvalores\/#\/schema\/person\/9c7cce022eeabd171ac80695937d4f77"},"headline":"\u00bfPor qu\u00e9 el ApS mejora la convivencia?","datePublished":"2020-03-03T08:00:39+00:00","dateModified":"2024-08-20T16:02:32+00:00","mainEntityOfPage":{"@id":"https:\/\/eldiariodelaeducacion.com\/convivenciayeducacionenvalores\/2020\/03\/03\/por-que-el-aps-mejora-la-convivencia\/"},"wordCount":965,"commentCount":0,"image":{"@id":"https:\/\/eldiariodelaeducacion.com\/convivenciayeducacionenvalores\/2020\/03\/03\/por-que-el-aps-mejora-la-convivencia\/#primaryimage"},"thumbnailUrl":"https:\/\/eldiariodelaeducacion.com\/convivenciayeducacionenvalores\/wp-content\/uploads\/sites\/18\/2018\/10\/cuidate_3_converted.jpg","articleSection":["Convivencia y educaci\u00f3n en valores"],"inLanguage":"es","potentialAction":[{"@type":"CommentAction","name":"Comment","target":["https:\/\/eldiariodelaeducacion.com\/convivenciayeducacionenvalores\/2020\/03\/03\/por-que-el-aps-mejora-la-convivencia\/#respond"]}]},{"@type":"WebPage","@id":"https:\/\/eldiariodelaeducacion.com\/convivenciayeducacionenvalores\/2020\/03\/03\/por-que-el-aps-mejora-la-convivencia\/","url":"https:\/\/eldiariodelaeducacion.com\/convivenciayeducacionenvalores\/2020\/03\/03\/por-que-el-aps-mejora-la-convivencia\/","name":"\u00bfPor qu\u00e9 el ApS mejora la convivencia? - Convivencia y educaci\u00f3n en valores","isPartOf":{"@id":"https:\/\/eldiariodelaeducacion.com\/convivenciayeducacionenvalores\/#website"},"primaryImageOfPage":{"@id":"https:\/\/eldiariodelaeducacion.com\/convivenciayeducacionenvalores\/2020\/03\/03\/por-que-el-aps-mejora-la-convivencia\/#primaryimage"},"image":{"@id":"https:\/\/eldiariodelaeducacion.com\/convivenciayeducacionenvalores\/2020\/03\/03\/por-que-el-aps-mejora-la-convivencia\/#primaryimage"},"thumbnailUrl":"https:\/\/eldiariodelaeducacion.com\/convivenciayeducacionenvalores\/wp-content\/uploads\/sites\/18\/2018\/10\/cuidate_3_converted.jpg","datePublished":"2020-03-03T08:00:39+00:00","dateModified":"2024-08-20T16:02:32+00:00","author":{"@id":"https:\/\/eldiariodelaeducacion.com\/convivenciayeducacionenvalores\/#\/schema\/person\/9c7cce022eeabd171ac80695937d4f77"},"breadcrumb":{"@id":"https:\/\/eldiariodelaeducacion.com\/convivenciayeducacionenvalores\/2020\/03\/03\/por-que-el-aps-mejora-la-convivencia\/#breadcrumb"},"inLanguage":"es","potentialAction":[{"@type":"ReadAction","target":["https:\/\/eldiariodelaeducacion.com\/convivenciayeducacionenvalores\/2020\/03\/03\/por-que-el-aps-mejora-la-convivencia\/"]}]},{"@type":"ImageObject","inLanguage":"es","@id":"https:\/\/eldiariodelaeducacion.com\/convivenciayeducacionenvalores\/2020\/03\/03\/por-que-el-aps-mejora-la-convivencia\/#primaryimage","url":"https:\/\/eldiariodelaeducacion.com\/convivenciayeducacionenvalores\/wp-content\/uploads\/sites\/18\/2018\/10\/cuidate_3_converted.jpg","contentUrl":"https:\/\/eldiariodelaeducacion.com\/convivenciayeducacionenvalores\/wp-content\/uploads\/sites\/18\/2018\/10\/cuidate_3_converted.jpg","width":1520,"height":1127,"caption":"Fotograf\u00eda: Cedida por el CEPR San Pascual Bail\u00f3n"},{"@type":"BreadcrumbList","@id":"https:\/\/eldiariodelaeducacion.com\/convivenciayeducacionenvalores\/2020\/03\/03\/por-que-el-aps-mejora-la-convivencia\/#breadcrumb","itemListElement":[{"@type":"ListItem","position":1,"name":"Portada","item":"https:\/\/eldiariodelaeducacion.com\/convivenciayeducacionenvalores\/"},{"@type":"ListItem","position":2,"name":"\u00bfPor qu\u00e9 el ApS mejora la convivencia?"}]},{"@type":"WebSite","@id":"https:\/\/eldiariodelaeducacion.com\/convivenciayeducacionenvalores\/#website","url":"https:\/\/eldiariodelaeducacion.com\/convivenciayeducacionenvalores\/","name":"Convivencia y educaci\u00f3n en valores","description":"Un blog de El Diario de la Educaci\u00f3n","potentialAction":[{"@type":"SearchAction","target":{"@type":"EntryPoint","urlTemplate":"https:\/\/eldiariodelaeducacion.com\/convivenciayeducacionenvalores\/?s={search_term_string}"},"query-input":{"@type":"PropertyValueSpecification","valueRequired":true,"valueName":"search_term_string"}}],"inLanguage":"es"},{"@type":"Person","@id":"https:\/\/eldiariodelaeducacion.com\/convivenciayeducacionenvalores\/#\/schema\/person\/9c7cce022eeabd171ac80695937d4f77","name":"Josep M\u00aa Puig","image":{"@type":"ImageObject","inLanguage":"es","@id":"https:\/\/eldiariodelaeducacion.com\/wp-content\/uploads\/2024\/10\/josep-ma-puig_avatar-96x96.jpg","url":"https:\/\/eldiariodelaeducacion.com\/wp-content\/uploads\/2024\/10\/josep-ma-puig_avatar-96x96.jpg","contentUrl":"https:\/\/eldiariodelaeducacion.com\/wp-content\/uploads\/2024\/10\/josep-ma-puig_avatar-96x96.jpg","caption":"Josep M\u00aa Puig"},"url":"https:\/\/eldiariodelaeducacion.com\/convivenciayeducacionenvalores\/author\/joseppuig\/"}]}},"_links":{"self":[{"href":"https:\/\/eldiariodelaeducacion.com\/convivenciayeducacionenvalores\/wp-json\/wp\/v2\/posts\/629","targetHints":{"allow":["GET"]}}],"collection":[{"href":"https:\/\/eldiariodelaeducacion.com\/convivenciayeducacionenvalores\/wp-json\/wp\/v2\/posts"}],"about":[{"href":"https:\/\/eldiariodelaeducacion.com\/convivenciayeducacionenvalores\/wp-json\/wp\/v2\/types\/post"}],"author":[{"embeddable":true,"href":"https:\/\/eldiariodelaeducacion.com\/convivenciayeducacionenvalores\/wp-json\/wp\/v2\/users\/142"}],"replies":[{"embeddable":true,"href":"https:\/\/eldiariodelaeducacion.com\/convivenciayeducacionenvalores\/wp-json\/wp\/v2\/comments?post=629"}],"version-history":[{"count":1,"href":"https:\/\/eldiariodelaeducacion.com\/convivenciayeducacionenvalores\/wp-json\/wp\/v2\/posts\/629\/revisions"}],"predecessor-version":[{"id":1420,"href":"https:\/\/eldiariodelaeducacion.com\/convivenciayeducacionenvalores\/wp-json\/wp\/v2\/posts\/629\/revisions\/1420"}],"wp:featuredmedia":[{"embeddable":true,"href":"https:\/\/eldiariodelaeducacion.com\/convivenciayeducacionenvalores\/wp-json\/wp\/v2\/media\/357"}],"wp:attachment":[{"href":"https:\/\/eldiariodelaeducacion.com\/convivenciayeducacionenvalores\/wp-json\/wp\/v2\/media?parent=629"}],"wp:term":[{"taxonomy":"category","embeddable":true,"href":"https:\/\/eldiariodelaeducacion.com\/convivenciayeducacionenvalores\/wp-json\/wp\/v2\/categories?post=629"},{"taxonomy":"post_tag","embeddable":true,"href":"https:\/\/eldiariodelaeducacion.com\/convivenciayeducacionenvalores\/wp-json\/wp\/v2\/tags?post=629"},{"taxonomy":"tipo","embeddable":true,"href":"https:\/\/eldiariodelaeducacion.com\/convivenciayeducacionenvalores\/wp-json\/wp\/v2\/tipo?post=629"}],"curies":[{"name":"wp","href":"https:\/\/api.w.org\/{rel}","templated":true}]}}