{"id":684,"date":"2020-10-07T07:30:23","date_gmt":"2020-10-07T07:30:23","guid":{"rendered":"https:\/\/eldiariodelaeducacion.com\/convivenciayeducacionenvalores\/?p=684"},"modified":"2024-08-20T18:02:32","modified_gmt":"2024-08-20T16:02:32","slug":"aprender-para-transformar","status":"publish","type":"post","link":"https:\/\/eldiariodelaeducacion.com\/convivenciayeducacionenvalores\/2020\/10\/07\/aprender-para-transformar\/","title":{"rendered":"Aprender para transformar"},"content":{"rendered":"<p>Chicas y chicos llegan con las mochilas llenas (que no vac\u00edas) de experiencias, relaciones, actividades, emociones, y conocimientos, pero tambi\u00e9n de sustos y ausencias que han ido elaborando durante una traves\u00eda que se les ha hecho larga y pesada y que, para colmo, no siempre han entendido. S\u00f3lo algunos de estos conocimientos, pocos, est\u00e1n directamente vinculados con los aprendizajes escolares.<\/p>\n<p>Psic\u00f3logos infantiles ya nos han advertido del gasto emocional que la Covid ha tenido en los menores y de la necesidad de que desde las escuelas se tenga cuidado de su bienestar, y se d\u00e9 tiempo para que quien quiera pueda expresar y compartir su experiencia.<\/p>\n<p>Maestros y educadores de todos los ciclos se afanan en crear espacios reparadores que desde la cotidianidad ayuden a los ni\u00f1os y adolescentes a digerir lo vivido, pero tambi\u00e9n a encontrar las herramientas que les permitan afrontar con prudencia, pero sin miedo, la vida. Espacios donde la cooperaci\u00f3n, la ayuda entre iguales, la calidez en las relaciones, el reconocimiento de cada uno de los miembros del grupo, o el respeto a los diferentes ritmos tienen m\u00e1s sentido que nunca. Tambi\u00e9n es el momento de decidir cu\u00e1les deben ser los aprendizajes claves, y c\u00f3mo se trabajar\u00e1n a lo largo del curso.<\/p>\n<p>En un momento en que la sociedad se enfrenta a un problema sanitario sin precedentes, pero tambi\u00e9n social, la escuela no puede mirar hacia otro lado, o funcionar como si nada hubiera pasado o empe\u00f1arse en recuperar lo que el a\u00f1o pasado \u201ctocaba\u201d y no se hizo.<\/p>\n<p>Es en esta situaci\u00f3n convulsa e incierta donde la investigaci\u00f3n cooperativa orientada al bien com\u00fan que defend\u00eda John Dewey nos parece m\u00e1s oportuna que nunca. Una vieja (y bella) propuesta que nos puede ayudar a abordar con \u00e9xito una de las funciones de la instituci\u00f3n escolar: transmitir a las nuevas generaciones los conocimientos que la sociedad considera necesarios para la vida en com\u00fan.<\/p>\n<p>Los proyectos integrados, los proyectos de trabajo, la ciencia ciudadana y otras propuestas metodol\u00f3gicas recogen, en parte, el esp\u00edritu de la investigaci\u00f3n cooperativa, si bien no todas ni siempre apuntan al bien com\u00fan. Y es precisamente la orientaci\u00f3n social la que modifica radicalmente un proyecto y la que, en estos momentos, puede ayudar a los chicos y chicas a entender, asumir y prepararse para hacer frente a la situaci\u00f3n actual marcada por la pandemia.<\/p>\n<p>Defendemos los proyectos de trabajo (y propuestas afines) como metodolog\u00eda especialmente eficaz para lograr una formaci\u00f3n humana e intelectual de calidad. Y lo hacemos apelando a su compromiso con tres derechos que consideramos b\u00e1sicos en la infancia y la adolescencia: el derecho a aprender, el derecho a (poder) confiar en los dem\u00e1s y el derecho a sentirse \u00fatil a la comunidad.<\/p>\n<h3>Derecho a aprender<\/h3>\n<p>La actividad de investigaci\u00f3n, propia de los proyectos de trabajo, favorece los aprendizajes en la medida que estimula la funci\u00f3n activa del pensamiento. Mientras investigan, los ni\u00f1os se plantean interrogantes, formulan hip\u00f3tesis, se comprometen con la b\u00fasqueda de respuestas, recopilan informaci\u00f3n, la contrastan, organizan, observan, experimentan y llevan a cabo otros procedimientos que exigen una intensa actividad intelectual. La interdependencia positiva entre los diferentes miembros del grupo favorece la implicaci\u00f3n de cada uno de ellos en la investigaci\u00f3n.<\/p>\n<p>A nivel did\u00e1ctico los proyectos permiten asumir problemas de manera globalizada huyendo de la fragmentaci\u00f3n de saberes y de la compartimentaci\u00f3n de los conocimientos propia de las asignaturas. Cuando los proyectos incorporan la proyecci\u00f3n social los aprendizajes se intensifican en la medida que son imprescindibles para mejorar una situaci\u00f3n determinada.<\/p>\n<h3>Derecho a confiar en los otros<\/h3>\n<p>Establecer relaciones basadas en el respeto y la confianza es clave para un buen desarrollo de la personalidad. Relaciones con los adultos, pero tambi\u00e9n con los iguales.<\/p>\n<p>Los proyectos de trabajo generan interacciones continuas con los compa\u00f1eros, favorecen vivencias positivas de reconocimiento individual y facilitan muestras de afecto y de compa\u00f1erismo. Tambi\u00e9n situaciones de desacuerdo y malentendidos que los chicos y chicas tienen que aprender a gestionar. La confianza en cada miembro del grupo, la responsabilidad ante los iguales y el sentimiento de colectividad se construyen a medida que avanza el proyecto.<\/p>\n<p>El hecho de que la investigaci\u00f3n se oriente al beneficio de la comunidad ensancha el c\u00edrculo de relaciones, incorporando otras personas con las que los chicos y chicas establecen v\u00ednculos afectivos. Si bien la proximidad f\u00edsica lo facilita, durante el confinamiento muchas escuelas nos han mostrado que no es imprescindible. El proyecto \u00abcuentos para personas mayores\u00bb, que incorpora la lectura de cuentos por tel\u00e9fono a ancianos que viven solos, es un buen ejemplo.<\/p>\n<h3>Derecho a sentirse \u00fatil a la comunidad<\/h3>\n<p>La construcci\u00f3n de un autoconcepto positivo depende de muchos factores. Probablemente uno de los m\u00e1s importantes sea la experiencia de \u00abser capaz de\u00bb. A menudo en educaci\u00f3n se ha primado el apoyo a los ni\u00f1os y se ha menospreciado el impacto que tienen en su formaci\u00f3n las situaciones en las que son ellos quienes ayudan a los dem\u00e1s.<\/p>\n<p>Los proyectos con servicio a la comunidad proporcionan a ni\u00f1os y adolescentes la experiencia de ser \u00fatiles y tener algo de valor que ofrecer a la sociedad. Les permiten contribuir en la realidad de la que participan, y desarrollar el compromiso social y la responsabilidad ante los acontecimientos y problemas que los rodean. Son tambi\u00e9n fuente de satisfacci\u00f3n y generadoras de autoestima en la medida que toman conciencia de que con esfuerzo y generosidad pueden mejorar el bienestar de otras personas y optimizar el entorno.<\/p>\n<p>Y, adem\u00e1s, los participantes en un proyecto de trabajo con proyecci\u00f3n social descubren que la investigaci\u00f3n y los aprendizajes tienen una dimensi\u00f3n \u00e9tica que los dota de sentido y que nunca deber\u00eda obviarse.<\/p>\n<p>Somos conscientes de que las medidas de seguridad necesarias para combatir la pandemia hacen dif\u00edcil el contacto directo del alumnado con las entidades del entorno, pero tambi\u00e9n que este contacto cercano no es requisito imprescindible para implicarse en proyectos de investigaci\u00f3n con servicio a la comunidad.<\/p>\n<p>A modo de ejemplo (o de inspiraci\u00f3n) <a href=\"https:\/\/roserbatlle.net\/aps-y-coronavirus\/\">aqu\u00ed puede encontrar numerosas experiencias de aprendizaje servicio<\/a> protagonizadas por alumnos de diferentes edades, durante las semanas de confinamiento vividas el curso anterior.<\/p>\n","protected":false},"excerpt":{"rendered":"<p>Chicas y chicos llegan con las mochilas llenas (que no vac\u00edas) de experiencias, relaciones, actividades, emociones, y conocimientos, pero tambi\u00e9n de sustos y ausencias que han ido elaborando durante una traves\u00eda que se les ha hecho larga y pesada y que, para colmo, no siempre han entendido. S\u00f3lo algunos de estos conocimientos, pocos, est\u00e1n directamente<\/p>\n","protected":false},"author":146,"featured_media":686,"comment_status":"open","ping_status":"closed","sticky":false,"template":"","format":"standard","meta":{"footnotes":""},"categories":[16],"tags":[30,35],"tipo":[46],"class_list":{"0":"post-684","1":"post","2":"type-post","3":"status-publish","4":"format-standard","5":"has-post-thumbnail","7":"category-convivencia-y-educacion-en-valores-2","8":"tag-aprendizaje-servicio","9":"tag-aps","10":"tipo-analisis"},"yoast_head":"<!-- This site is optimized with the Yoast SEO plugin v27.5 - https:\/\/yoast.com\/product\/yoast-seo-wordpress\/ -->\n<title>Aprender para transformar - Convivencia y educaci\u00f3n en valores<\/title>\n<meta name=\"robots\" content=\"index, follow, max-snippet:-1, max-image-preview:large, max-video-preview:-1\" \/>\n<link rel=\"canonical\" href=\"https:\/\/eldiariodelaeducacion.com\/convivenciayeducacionenvalores\/2020\/10\/07\/aprender-para-transformar\/\" \/>\n<meta property=\"og:locale\" content=\"es_ES\" \/>\n<meta property=\"og:type\" content=\"article\" \/>\n<meta property=\"og:title\" content=\"Aprender para transformar - Convivencia y educaci\u00f3n en valores\" \/>\n<meta property=\"og:description\" content=\"Chicas y chicos llegan con las mochilas llenas (que no vac\u00edas) de experiencias, relaciones, actividades, emociones, y conocimientos, pero tambi\u00e9n de sustos y ausencias que han ido elaborando durante una traves\u00eda que se les ha hecho larga y pesada y que, para colmo, no siempre han entendido. S\u00f3lo algunos de estos conocimientos, pocos, est\u00e1n directamente\" \/>\n<meta property=\"og:url\" content=\"https:\/\/eldiariodelaeducacion.com\/convivenciayeducacionenvalores\/2020\/10\/07\/aprender-para-transformar\/\" \/>\n<meta property=\"og:site_name\" content=\"Convivencia y educaci\u00f3n en valores\" \/>\n<meta property=\"article:published_time\" content=\"2020-10-07T07:30:23+00:00\" \/>\n<meta property=\"article:modified_time\" content=\"2024-08-20T16:02:32+00:00\" \/>\n<meta property=\"og:image\" content=\"https:\/\/eldiariodelaeducacion.com\/convivenciayeducacionenvalores\/wp-content\/uploads\/sites\/18\/2020\/10\/iStock-1275847603.jpg\" \/>\n\t<meta property=\"og:image:width\" content=\"1254\" \/>\n\t<meta property=\"og:image:height\" content=\"836\" \/>\n\t<meta property=\"og:image:type\" content=\"image\/jpeg\" \/>\n<meta name=\"author\" content=\"Xus Mart\u00edn\" \/>\n<meta name=\"twitter:card\" content=\"summary_large_image\" \/>\n<meta name=\"twitter:label1\" content=\"Escrito por\" \/>\n\t<meta name=\"twitter:data1\" content=\"Xus Mart\u00edn\" \/>\n\t<meta name=\"twitter:label2\" content=\"Tiempo de lectura\" \/>\n\t<meta name=\"twitter:data2\" content=\"5 minutos\" \/>\n<script type=\"application\/ld+json\" class=\"yoast-schema-graph\">{\"@context\":\"https:\\\/\\\/schema.org\",\"@graph\":[{\"@type\":\"Article\",\"@id\":\"https:\\\/\\\/eldiariodelaeducacion.com\\\/convivenciayeducacionenvalores\\\/2020\\\/10\\\/07\\\/aprender-para-transformar\\\/#article\",\"isPartOf\":{\"@id\":\"https:\\\/\\\/eldiariodelaeducacion.com\\\/convivenciayeducacionenvalores\\\/2020\\\/10\\\/07\\\/aprender-para-transformar\\\/\"},\"author\":{\"name\":\"Xus Mart\u00edn\",\"@id\":\"https:\\\/\\\/eldiariodelaeducacion.com\\\/convivenciayeducacionenvalores\\\/#\\\/schema\\\/person\\\/441f3f21b90d3626734079c1894e38f9\"},\"headline\":\"Aprender para transformar\",\"datePublished\":\"2020-10-07T07:30:23+00:00\",\"dateModified\":\"2024-08-20T16:02:32+00:00\",\"mainEntityOfPage\":{\"@id\":\"https:\\\/\\\/eldiariodelaeducacion.com\\\/convivenciayeducacionenvalores\\\/2020\\\/10\\\/07\\\/aprender-para-transformar\\\/\"},\"wordCount\":1089,\"commentCount\":0,\"image\":{\"@id\":\"https:\\\/\\\/eldiariodelaeducacion.com\\\/convivenciayeducacionenvalores\\\/2020\\\/10\\\/07\\\/aprender-para-transformar\\\/#primaryimage\"},\"thumbnailUrl\":\"https:\\\/\\\/eldiariodelaeducacion.com\\\/convivenciayeducacionenvalores\\\/wp-content\\\/uploads\\\/sites\\\/18\\\/2020\\\/10\\\/iStock-1275847603.jpg\",\"keywords\":[\"aprendizaje-servicio\",\"aps\"],\"articleSection\":[\"Convivencia y educaci\u00f3n en valores\"],\"inLanguage\":\"es\",\"potentialAction\":[{\"@type\":\"CommentAction\",\"name\":\"Comment\",\"target\":[\"https:\\\/\\\/eldiariodelaeducacion.com\\\/convivenciayeducacionenvalores\\\/2020\\\/10\\\/07\\\/aprender-para-transformar\\\/#respond\"]}]},{\"@type\":\"WebPage\",\"@id\":\"https:\\\/\\\/eldiariodelaeducacion.com\\\/convivenciayeducacionenvalores\\\/2020\\\/10\\\/07\\\/aprender-para-transformar\\\/\",\"url\":\"https:\\\/\\\/eldiariodelaeducacion.com\\\/convivenciayeducacionenvalores\\\/2020\\\/10\\\/07\\\/aprender-para-transformar\\\/\",\"name\":\"Aprender para transformar - Convivencia y educaci\u00f3n en valores\",\"isPartOf\":{\"@id\":\"https:\\\/\\\/eldiariodelaeducacion.com\\\/convivenciayeducacionenvalores\\\/#website\"},\"primaryImageOfPage\":{\"@id\":\"https:\\\/\\\/eldiariodelaeducacion.com\\\/convivenciayeducacionenvalores\\\/2020\\\/10\\\/07\\\/aprender-para-transformar\\\/#primaryimage\"},\"image\":{\"@id\":\"https:\\\/\\\/eldiariodelaeducacion.com\\\/convivenciayeducacionenvalores\\\/2020\\\/10\\\/07\\\/aprender-para-transformar\\\/#primaryimage\"},\"thumbnailUrl\":\"https:\\\/\\\/eldiariodelaeducacion.com\\\/convivenciayeducacionenvalores\\\/wp-content\\\/uploads\\\/sites\\\/18\\\/2020\\\/10\\\/iStock-1275847603.jpg\",\"datePublished\":\"2020-10-07T07:30:23+00:00\",\"dateModified\":\"2024-08-20T16:02:32+00:00\",\"author\":{\"@id\":\"https:\\\/\\\/eldiariodelaeducacion.com\\\/convivenciayeducacionenvalores\\\/#\\\/schema\\\/person\\\/441f3f21b90d3626734079c1894e38f9\"},\"breadcrumb\":{\"@id\":\"https:\\\/\\\/eldiariodelaeducacion.com\\\/convivenciayeducacionenvalores\\\/2020\\\/10\\\/07\\\/aprender-para-transformar\\\/#breadcrumb\"},\"inLanguage\":\"es\",\"potentialAction\":[{\"@type\":\"ReadAction\",\"target\":[\"https:\\\/\\\/eldiariodelaeducacion.com\\\/convivenciayeducacionenvalores\\\/2020\\\/10\\\/07\\\/aprender-para-transformar\\\/\"]}]},{\"@type\":\"ImageObject\",\"inLanguage\":\"es\",\"@id\":\"https:\\\/\\\/eldiariodelaeducacion.com\\\/convivenciayeducacionenvalores\\\/2020\\\/10\\\/07\\\/aprender-para-transformar\\\/#primaryimage\",\"url\":\"https:\\\/\\\/eldiariodelaeducacion.com\\\/convivenciayeducacionenvalores\\\/wp-content\\\/uploads\\\/sites\\\/18\\\/2020\\\/10\\\/iStock-1275847603.jpg\",\"contentUrl\":\"https:\\\/\\\/eldiariodelaeducacion.com\\\/convivenciayeducacionenvalores\\\/wp-content\\\/uploads\\\/sites\\\/18\\\/2020\\\/10\\\/iStock-1275847603.jpg\",\"width\":1254,\"height\":836,\"caption\":\"iStock\"},{\"@type\":\"BreadcrumbList\",\"@id\":\"https:\\\/\\\/eldiariodelaeducacion.com\\\/convivenciayeducacionenvalores\\\/2020\\\/10\\\/07\\\/aprender-para-transformar\\\/#breadcrumb\",\"itemListElement\":[{\"@type\":\"ListItem\",\"position\":1,\"name\":\"Portada\",\"item\":\"https:\\\/\\\/eldiariodelaeducacion.com\\\/convivenciayeducacionenvalores\\\/\"},{\"@type\":\"ListItem\",\"position\":2,\"name\":\"Aprender para transformar\"}]},{\"@type\":\"WebSite\",\"@id\":\"https:\\\/\\\/eldiariodelaeducacion.com\\\/convivenciayeducacionenvalores\\\/#website\",\"url\":\"https:\\\/\\\/eldiariodelaeducacion.com\\\/convivenciayeducacionenvalores\\\/\",\"name\":\"Convivencia y educaci\u00f3n en valores\",\"description\":\"Un blog de El Diario de la Educaci\u00f3n\",\"potentialAction\":[{\"@type\":\"SearchAction\",\"target\":{\"@type\":\"EntryPoint\",\"urlTemplate\":\"https:\\\/\\\/eldiariodelaeducacion.com\\\/convivenciayeducacionenvalores\\\/?s={search_term_string}\"},\"query-input\":{\"@type\":\"PropertyValueSpecification\",\"valueRequired\":true,\"valueName\":\"search_term_string\"}}],\"inLanguage\":\"es\"},{\"@type\":\"Person\",\"@id\":\"https:\\\/\\\/eldiariodelaeducacion.com\\\/convivenciayeducacionenvalores\\\/#\\\/schema\\\/person\\\/441f3f21b90d3626734079c1894e38f9\",\"name\":\"Xus Mart\u00edn\",\"image\":{\"@type\":\"ImageObject\",\"inLanguage\":\"es\",\"@id\":\"https:\\\/\\\/eldiariodelaeducacion.com\\\/convivenciayeducacionenvalores\\\/wp-content\\\/uploads\\\/sites\\\/18\\\/2025\\\/06\\\/xus-martin_avatar-96x96.jpg\",\"url\":\"https:\\\/\\\/eldiariodelaeducacion.com\\\/convivenciayeducacionenvalores\\\/wp-content\\\/uploads\\\/sites\\\/18\\\/2025\\\/06\\\/xus-martin_avatar-96x96.jpg\",\"contentUrl\":\"https:\\\/\\\/eldiariodelaeducacion.com\\\/convivenciayeducacionenvalores\\\/wp-content\\\/uploads\\\/sites\\\/18\\\/2025\\\/06\\\/xus-martin_avatar-96x96.jpg\",\"caption\":\"Xus Mart\u00edn\"},\"description\":\"Profesora titular de la Facultad de Pedagog\u00eda de la UB y coordinadora del m\u00e1ster \u201cEducaci\u00f3n en valores y ciudadan\u00eda\u201d\",\"url\":\"https:\\\/\\\/eldiariodelaeducacion.com\\\/convivenciayeducacionenvalores\\\/author\\\/xusmartin\\\/\"}]}<\/script>\n<!-- \/ Yoast SEO plugin. -->","yoast_head_json":{"title":"Aprender para transformar - Convivencia y educaci\u00f3n en valores","robots":{"index":"index","follow":"follow","max-snippet":"max-snippet:-1","max-image-preview":"max-image-preview:large","max-video-preview":"max-video-preview:-1"},"canonical":"https:\/\/eldiariodelaeducacion.com\/convivenciayeducacionenvalores\/2020\/10\/07\/aprender-para-transformar\/","og_locale":"es_ES","og_type":"article","og_title":"Aprender para transformar - Convivencia y educaci\u00f3n en valores","og_description":"Chicas y chicos llegan con las mochilas llenas (que no vac\u00edas) de experiencias, relaciones, actividades, emociones, y conocimientos, pero tambi\u00e9n de sustos y ausencias que han ido elaborando durante una traves\u00eda que se les ha hecho larga y pesada y que, para colmo, no siempre han entendido. S\u00f3lo algunos de estos conocimientos, pocos, est\u00e1n directamente","og_url":"https:\/\/eldiariodelaeducacion.com\/convivenciayeducacionenvalores\/2020\/10\/07\/aprender-para-transformar\/","og_site_name":"Convivencia y educaci\u00f3n en valores","article_published_time":"2020-10-07T07:30:23+00:00","article_modified_time":"2024-08-20T16:02:32+00:00","og_image":[{"width":1254,"height":836,"url":"https:\/\/eldiariodelaeducacion.com\/convivenciayeducacionenvalores\/wp-content\/uploads\/sites\/18\/2020\/10\/iStock-1275847603.jpg","type":"image\/jpeg"}],"author":"Xus Mart\u00edn","twitter_card":"summary_large_image","twitter_misc":{"Escrito por":"Xus Mart\u00edn","Tiempo de lectura":"5 minutos"},"schema":{"@context":"https:\/\/schema.org","@graph":[{"@type":"Article","@id":"https:\/\/eldiariodelaeducacion.com\/convivenciayeducacionenvalores\/2020\/10\/07\/aprender-para-transformar\/#article","isPartOf":{"@id":"https:\/\/eldiariodelaeducacion.com\/convivenciayeducacionenvalores\/2020\/10\/07\/aprender-para-transformar\/"},"author":{"name":"Xus Mart\u00edn","@id":"https:\/\/eldiariodelaeducacion.com\/convivenciayeducacionenvalores\/#\/schema\/person\/441f3f21b90d3626734079c1894e38f9"},"headline":"Aprender para transformar","datePublished":"2020-10-07T07:30:23+00:00","dateModified":"2024-08-20T16:02:32+00:00","mainEntityOfPage":{"@id":"https:\/\/eldiariodelaeducacion.com\/convivenciayeducacionenvalores\/2020\/10\/07\/aprender-para-transformar\/"},"wordCount":1089,"commentCount":0,"image":{"@id":"https:\/\/eldiariodelaeducacion.com\/convivenciayeducacionenvalores\/2020\/10\/07\/aprender-para-transformar\/#primaryimage"},"thumbnailUrl":"https:\/\/eldiariodelaeducacion.com\/convivenciayeducacionenvalores\/wp-content\/uploads\/sites\/18\/2020\/10\/iStock-1275847603.jpg","keywords":["aprendizaje-servicio","aps"],"articleSection":["Convivencia y educaci\u00f3n en valores"],"inLanguage":"es","potentialAction":[{"@type":"CommentAction","name":"Comment","target":["https:\/\/eldiariodelaeducacion.com\/convivenciayeducacionenvalores\/2020\/10\/07\/aprender-para-transformar\/#respond"]}]},{"@type":"WebPage","@id":"https:\/\/eldiariodelaeducacion.com\/convivenciayeducacionenvalores\/2020\/10\/07\/aprender-para-transformar\/","url":"https:\/\/eldiariodelaeducacion.com\/convivenciayeducacionenvalores\/2020\/10\/07\/aprender-para-transformar\/","name":"Aprender para transformar - Convivencia y educaci\u00f3n en valores","isPartOf":{"@id":"https:\/\/eldiariodelaeducacion.com\/convivenciayeducacionenvalores\/#website"},"primaryImageOfPage":{"@id":"https:\/\/eldiariodelaeducacion.com\/convivenciayeducacionenvalores\/2020\/10\/07\/aprender-para-transformar\/#primaryimage"},"image":{"@id":"https:\/\/eldiariodelaeducacion.com\/convivenciayeducacionenvalores\/2020\/10\/07\/aprender-para-transformar\/#primaryimage"},"thumbnailUrl":"https:\/\/eldiariodelaeducacion.com\/convivenciayeducacionenvalores\/wp-content\/uploads\/sites\/18\/2020\/10\/iStock-1275847603.jpg","datePublished":"2020-10-07T07:30:23+00:00","dateModified":"2024-08-20T16:02:32+00:00","author":{"@id":"https:\/\/eldiariodelaeducacion.com\/convivenciayeducacionenvalores\/#\/schema\/person\/441f3f21b90d3626734079c1894e38f9"},"breadcrumb":{"@id":"https:\/\/eldiariodelaeducacion.com\/convivenciayeducacionenvalores\/2020\/10\/07\/aprender-para-transformar\/#breadcrumb"},"inLanguage":"es","potentialAction":[{"@type":"ReadAction","target":["https:\/\/eldiariodelaeducacion.com\/convivenciayeducacionenvalores\/2020\/10\/07\/aprender-para-transformar\/"]}]},{"@type":"ImageObject","inLanguage":"es","@id":"https:\/\/eldiariodelaeducacion.com\/convivenciayeducacionenvalores\/2020\/10\/07\/aprender-para-transformar\/#primaryimage","url":"https:\/\/eldiariodelaeducacion.com\/convivenciayeducacionenvalores\/wp-content\/uploads\/sites\/18\/2020\/10\/iStock-1275847603.jpg","contentUrl":"https:\/\/eldiariodelaeducacion.com\/convivenciayeducacionenvalores\/wp-content\/uploads\/sites\/18\/2020\/10\/iStock-1275847603.jpg","width":1254,"height":836,"caption":"iStock"},{"@type":"BreadcrumbList","@id":"https:\/\/eldiariodelaeducacion.com\/convivenciayeducacionenvalores\/2020\/10\/07\/aprender-para-transformar\/#breadcrumb","itemListElement":[{"@type":"ListItem","position":1,"name":"Portada","item":"https:\/\/eldiariodelaeducacion.com\/convivenciayeducacionenvalores\/"},{"@type":"ListItem","position":2,"name":"Aprender para transformar"}]},{"@type":"WebSite","@id":"https:\/\/eldiariodelaeducacion.com\/convivenciayeducacionenvalores\/#website","url":"https:\/\/eldiariodelaeducacion.com\/convivenciayeducacionenvalores\/","name":"Convivencia y educaci\u00f3n en valores","description":"Un blog de El Diario de la Educaci\u00f3n","potentialAction":[{"@type":"SearchAction","target":{"@type":"EntryPoint","urlTemplate":"https:\/\/eldiariodelaeducacion.com\/convivenciayeducacionenvalores\/?s={search_term_string}"},"query-input":{"@type":"PropertyValueSpecification","valueRequired":true,"valueName":"search_term_string"}}],"inLanguage":"es"},{"@type":"Person","@id":"https:\/\/eldiariodelaeducacion.com\/convivenciayeducacionenvalores\/#\/schema\/person\/441f3f21b90d3626734079c1894e38f9","name":"Xus Mart\u00edn","image":{"@type":"ImageObject","inLanguage":"es","@id":"https:\/\/eldiariodelaeducacion.com\/convivenciayeducacionenvalores\/wp-content\/uploads\/sites\/18\/2025\/06\/xus-martin_avatar-96x96.jpg","url":"https:\/\/eldiariodelaeducacion.com\/convivenciayeducacionenvalores\/wp-content\/uploads\/sites\/18\/2025\/06\/xus-martin_avatar-96x96.jpg","contentUrl":"https:\/\/eldiariodelaeducacion.com\/convivenciayeducacionenvalores\/wp-content\/uploads\/sites\/18\/2025\/06\/xus-martin_avatar-96x96.jpg","caption":"Xus Mart\u00edn"},"description":"Profesora titular de la Facultad de Pedagog\u00eda de la UB y coordinadora del m\u00e1ster \u201cEducaci\u00f3n en valores y ciudadan\u00eda\u201d","url":"https:\/\/eldiariodelaeducacion.com\/convivenciayeducacionenvalores\/author\/xusmartin\/"}]}},"_links":{"self":[{"href":"https:\/\/eldiariodelaeducacion.com\/convivenciayeducacionenvalores\/wp-json\/wp\/v2\/posts\/684","targetHints":{"allow":["GET"]}}],"collection":[{"href":"https:\/\/eldiariodelaeducacion.com\/convivenciayeducacionenvalores\/wp-json\/wp\/v2\/posts"}],"about":[{"href":"https:\/\/eldiariodelaeducacion.com\/convivenciayeducacionenvalores\/wp-json\/wp\/v2\/types\/post"}],"author":[{"embeddable":true,"href":"https:\/\/eldiariodelaeducacion.com\/convivenciayeducacionenvalores\/wp-json\/wp\/v2\/users\/146"}],"replies":[{"embeddable":true,"href":"https:\/\/eldiariodelaeducacion.com\/convivenciayeducacionenvalores\/wp-json\/wp\/v2\/comments?post=684"}],"version-history":[{"count":1,"href":"https:\/\/eldiariodelaeducacion.com\/convivenciayeducacionenvalores\/wp-json\/wp\/v2\/posts\/684\/revisions"}],"predecessor-version":[{"id":1429,"href":"https:\/\/eldiariodelaeducacion.com\/convivenciayeducacionenvalores\/wp-json\/wp\/v2\/posts\/684\/revisions\/1429"}],"wp:featuredmedia":[{"embeddable":true,"href":"https:\/\/eldiariodelaeducacion.com\/convivenciayeducacionenvalores\/wp-json\/wp\/v2\/media\/686"}],"wp:attachment":[{"href":"https:\/\/eldiariodelaeducacion.com\/convivenciayeducacionenvalores\/wp-json\/wp\/v2\/media?parent=684"}],"wp:term":[{"taxonomy":"category","embeddable":true,"href":"https:\/\/eldiariodelaeducacion.com\/convivenciayeducacionenvalores\/wp-json\/wp\/v2\/categories?post=684"},{"taxonomy":"post_tag","embeddable":true,"href":"https:\/\/eldiariodelaeducacion.com\/convivenciayeducacionenvalores\/wp-json\/wp\/v2\/tags?post=684"},{"taxonomy":"tipo","embeddable":true,"href":"https:\/\/eldiariodelaeducacion.com\/convivenciayeducacionenvalores\/wp-json\/wp\/v2\/tipo?post=684"}],"curies":[{"name":"wp","href":"https:\/\/api.w.org\/{rel}","templated":true}]}}