{"id":738,"date":"2021-04-12T22:58:13","date_gmt":"2021-04-12T22:58:13","guid":{"rendered":"https:\/\/eldiariodelaeducacion.com\/convivenciayeducacionenvalores\/?p=738"},"modified":"2024-08-20T18:02:33","modified_gmt":"2024-08-20T16:02:33","slug":"la-entidad-social-como-motor-de-los-proyectos-de-aprendizaje-servicio","status":"publish","type":"post","link":"https:\/\/eldiariodelaeducacion.com\/convivenciayeducacionenvalores\/2021\/04\/12\/la-entidad-social-como-motor-de-los-proyectos-de-aprendizaje-servicio\/","title":{"rendered":"La entidad social como motor de los proyectos de aprendizaje-servicio"},"content":{"rendered":"<p>En general, los centros educativos (escuelas de primaria y secundaria, universidades&#8230;) no pueden emprender proyectos de aprendizaje-servicio sin contar con las asociaciones y organizaciones que ya est\u00e1n atendiendo a las necesidades sociales del territorio.<\/p>\n<p>Los centros educativos \u00abnecesitan\u00bb a las entidades sociales. El papel, pues, de las entidades u organizaciones sociales en estos proyectos colaborativos es fundamental.<\/p>\n<p>Pero&#8230; el aprendizaje-servicio no es s\u00f3lo una metodolog\u00eda educativa donde las entidades sociales pueden ayudar a las escuelas. Al mismo tiempo, es <strong>una estrategia de desarrollo comunitario<\/strong>. Por ello, aunque el ApS es motivador para los centros educativos, tambi\u00e9n se interesan por \u00e9l las entidades sociales, los movimientos populares y los gobiernos locales; es decir, otros actores enfocados hacia el bien com\u00fan y la mejora de la calidad de vida de las personas.<\/p>\n<p>El trabajo en red que conlleva el aprendizaje-servicio no s\u00f3lo mejora la efectividad de cada parte implicada, sino que fortalece el <strong>capital social<\/strong> de la poblaci\u00f3n. Como dice Jos\u00e9 Antonio Marina, <em>se entiende por capital social de una comunidad el conjunto de valores compartidos, la manera de resolver los conflictos, de relacionarse, de convivir, el nivel de participaci\u00f3n ciudadana en organizaciones, la forma de cuidar los bienes comunes. Es importante recordar que los principales estudios sobre este tema -los de Coleman, Putnam o Fukuyama- han mostrado que el capital social es un factor decisivo en la eficacia de los sistemas educativos de una comunidad. Dado que el aprendizaje-servicio eleva el capital social, influye en la calidad de la educaci\u00f3n para una doble v\u00eda: por el efecto directo sobre los alumnos, y por el efecto indirecto, a trav\u00e9s de la mejora del capital social<\/em>.<\/p>\n<p>Una poblaci\u00f3n rica en capital social es la que cuenta con un espeso tejido asociativo y est\u00e1 acostumbrada a trabajar en red; los habitantes comparten valores expl\u00edcitos; y se respira un clima de confianza en la capacidad de resolver los problemas que se presentan.<\/p>\n<p>Desde este punto de vista, el aprendizaje-servicio alimenta el capital social generando alianzas en el territorio en torno a una causa com\u00fan \u00abdoble\u00bb: el servicio a la comunidad y la educaci\u00f3n de los chicos y chicas.<\/p>\n<p>Por ello, si bien los educadores pueden apreciar el ApS por sus ventajas educativas, las entidades sociales le encontrar\u00e1n beneficios adicionales, lo que explica que cada vez m\u00e1s proyectos de aprendizaje-servicio tienen como motor inicial a las entidades sociales. Veamos un ejemplo espectacular. Veamos un ejemplo.<\/p>\n<h3>Dise\u00f1ando para Hilvana<\/h3>\n<p><strong>Ayuda en Acci\u00f3n<\/strong> impulsa desde hace a\u00f1os el programa <em>Mujeres en Acci\u00f3n<\/em>, destinado a fomentar la integraci\u00f3n, el empoderamiento y la empleabilidad de mujeres que se encuentran sin trabajo o con trabajos precarios.<\/p>\n<p>Lo hace a trav\u00e9s de proyectos donde reciben formaci\u00f3n competencial, acompa\u00f1amiento psico-social y orientaci\u00f3n socio-laboral para favorecer su desarrollo personal y mejorar su situaci\u00f3n laboral. As\u00ed, trabajan con ellas aspectos como el refuerzo de la autoestima y la motivaci\u00f3n, y las apoyan para que hagan frente al aislamiento social que muchas sufren, ofreciendo un espacio donde pueden crear sus propias redes de apoyo mutuo y relacionarse con otras mujeres.<\/p>\n<p>La delegaci\u00f3n de esta entidad social en Zaragoza trabaja desde el a\u00f1o 2013 en estrecha colaboraci\u00f3n con el CEIP Ramiro Sol\u00e1ns del Barrio Oliver y atiende a madres de esta escuela que se encuentran en riesgo de exclusi\u00f3n.<\/p>\n<p>Al principio, <strong>Ayuda en Acci\u00f3n<\/strong> dinamizaba con estas madres un taller de costura enfocado a satisfacer las necesidades familiares. Pero a partir de 2015 se transforma esta iniciativa de ahorro dom\u00e9stico en el proyecto de emprendimiento femenino textil <em>Hilvanando culturas, confeccionando el futuro<\/em>.<\/p>\n<p>El nuevo enfoque requiri\u00f3 un apoyo t\u00e9cnico y art\u00edstico, que encuentran en la Escuela Superior de Dise\u00f1o de Arag\u00f3n (ESDA), y a partir del curso 2017-2018 iniciaron una colaboraci\u00f3n con metodolog\u00eda ApS que se integr\u00f3 como proyecto de centro: <em><a href=\"https:\/\/www.aprendizajeservicio.net\/premio-a-la-equidad-de-genero\/\">Dise\u00f1ando para Hilvana<\/a><\/em>.<\/p>\n<p>En este proyecto, 235 estudiantes de 20 asignaturas de tres grados de la ESDA apoyan a 30 mujeres vinculadas al CEIP Ramiro Sol\u00e1ns, aplicando el dise\u00f1o social a la emprendedur\u00eda femenina, fomentando su progreso personal y profesional con acciones formativas, de dise\u00f1o de productos y de desarrollo de la marca textil <em>Hilvana<\/em> para favorecer la generaci\u00f3n de recursos y la inclusi\u00f3n social.<\/p>\n<p>Estas mujeres tienen una media de edad de 40 a\u00f1os. Son mujeres inmigrantes y de etnia gitana en situaci\u00f3n de desempleo o con empleos informales. Tienen especial dificultad para su inserci\u00f3n laboral por falta de competencias y formaci\u00f3n, adem\u00e1s de problemas severos de conciliaci\u00f3n (jefaturas de hogar femeninas o familias extensas) y una elevada carga del trabajo de cuidados. Estos factores las llevan a padecer situaciones discrimitarorias que determinan su situaci\u00f3n de extrema vulnerabilidad y dificultan su inserci\u00f3n sociolaboral.<\/p>\n<p>Adem\u00e1s de la ESDA y del CEIP Ramiro Sol\u00e1ns, <strong>Ayuda en Acci\u00f3n<\/strong> ha implicado tambi\u00e9n en este proyecto a otras instituciones y organizaciones: la Fundaci\u00f3n San Ezequiel Moreno; el Centro Aragon\u00e9s de Dise\u00f1o Industrial y la Consejer\u00eda de Educaci\u00f3n, Cultura y Deporte, del Gobierno de Arag\u00f3n; tambi\u00e9n a Zaragoza Activa, el Plan Integral del Barrio Oliver y la Mesa de Agentes del Barrio Oliver del Ayuntamiento de Zaragoza.<\/p>\n<p><em>Dise\u00f1ando para Hilvana<\/em> mereci\u00f3 el Premio Equidad de G\u00e9nero, otorgado por la Fundaci\u00f3n Ana Bella y la empresa Mullor S.S. en los <strong>Premios Aprendizaje-Servicio 2020<\/strong>, una iniciativa impulsada por la Red Espa\u00f1ola de Aprendizaje-Servicio, la Editorial Edeb\u00e9 y el Ministerio de Educaci\u00f3n y Formaci\u00f3n Profesional.<\/p>\n<p>Finalmente, cabe a\u00f1adir que ha comenzado a extenderse a otros territorios, empezando por Alicante.<\/p>\n<p>Por todo ello, <em>Ayuda en Acci\u00f3n<\/em> es un buen ejemplo de entidad social que act\u00faa como motor principal de un proyecto de aprendizaje-servicio, el cual, m\u00e1s all\u00e1 de los beneficios pedag\u00f3gicos cara a los estudiantes implicados, contribuye a su causa social.<\/p>\n<h3>7 razones por las que una entidad social podr\u00eda interesarse en impulsar ApS<\/h3>\n<p>Una entidad social, asociaci\u00f3n o ONG no s\u00f3lo le est\u00e1 haciendo un favor a la escuela -\u00a1que tambi\u00e9n!- al compartir con ella proyectos de aprendizaje-servicio. Adem\u00e1s, puede reconocer en estos proyectos un abanico de razones para impulsarlos, algunas m\u00e1s filos\u00f3ficas y otras bastante concretas:<\/p>\n<ol>\n<li>Porque realmente los chicos y chicas ya son capaces de hacer <strong>un servicio valioso<\/strong> a la causa de la organizaci\u00f3n.<\/li>\n<li>Porque <strong>formar<\/strong> chicos y chicas en los valores y la causa de la entidad tambi\u00e9n puede ser pora \u00e9sta un fin en s\u00ed mismo.<\/li>\n<li>Porque favorece que los chicos y chicas se comprometan como <strong>voluntarios<\/strong> de la organizaci\u00f3n en el futuro.<\/li>\n<li>Porque un proyecto ApS puede aportar m\u00e1s <strong>visibilidad <\/strong>social a la causa de la entidad.<\/li>\n<li>Para tejer <strong>v\u00ednculos<\/strong> con escuelas, otras entidades e instituciones fortalece la propia organizaci\u00f3n en la poblaci\u00f3n.<\/li>\n<li>Porque el ApS aumenta el <strong>liderazgo<\/strong> de los dirigentes asociativos en su entorno, extendiendo los valores de la organizaci\u00f3n social.<\/li>\n<li>Porque el ApS es una herramienta de <strong>inclusi\u00f3n social<\/strong> coherente con la raz\u00f3n de ser de las organizaciones sociales, ya que estimula en las personas el protagonismo y la participaci\u00f3n en la comunidad.<\/li>\n<\/ol>\n<h3>Fortalezas y debilidades de las entidades ante el aprendizaje-servicio<\/h3>\n<p>Ciertamente, las entidades sociales gozan de una buena posici\u00f3n para acometer proyectos de aprendizaje-servicio: conocen el territorio y sus necesidades. Sin embargo, tambi\u00e9n encuentran algunas dificultades espec\u00edficas. Vamos a repasar los dos factores, los que facilitan (fortalezas internas y oportunidades en el entorno) y los que obstaculizan (debilidades internas y amenazas en el entorno).<\/p>\n<h4>Fortalezas y oportunidades:<\/h4>\n<p>Algunos de los principales factores internos y de las circunstancias externas que facilitan el desarrollo del aprendizaje-servicio en las entidades son:<\/p>\n<ul>\n<li>El hecho de aportar algo a la comunidad &#8211; caracter\u00edstica propia del ApS- es una finalidad institucional inexcusable en las entidades sociales, fuertemente identificadas con un territorio y comprometidas en la b\u00fasqueda de soluciones a sus necesidades.<\/li>\n<li>La consideraci\u00f3n p\u00fablica positiva hacia estas entidades puede reforzar la confianza hacia ellas y la aceptaci\u00f3n social de sus actuaciones.<\/li>\n<li>La flexibilidad y diversificaci\u00f3n de las modalidades de intervenci\u00f3n de las entidades sociales son aspectos que multiplican las posibilidades de actuaci\u00f3n.<\/li>\n<li>La escasa burocratizaci\u00f3n de estas organizaciones facilita la toma de decisiones y la actuaci\u00f3n en medio abierto, algo mucho m\u00e1s complicada por parte de la escuela.<\/li>\n<li>En el caso de las entidades sociales educativas (grupos scouts, centros de tiempo libre&#8230;), su talante cercano a la pedagog\u00eda del proyecto las acerca significativamente al aprendizaje servicio.<\/li>\n<li>En el caso de las entidades sociales que tienen extensi\u00f3n reticular en el territorio, su capacidad de multiplicar los proyectos resulta una ventaja innegable a la hora de consolidarlos e ir avanzando en su calidad.<\/li>\n<\/ul>\n<h4>Debilidades y amenazas:<\/h4>\n<p>Entre los factores internos y las circunstancias externas que obstaculizan el desarrollo del aprendizaje-servicio en las entidades sociales, destacar\u00edamos:<\/p>\n<ul>\n<li>La relativa inestabilidad de los equipos, que compromete la continuidad de los compromisos con los centros educativos.<\/li>\n<li>La precariedad econ\u00f3mica de las entidades sociales, que puede amenazar la continuidad de los proyectos, as\u00ed como su calidad.<\/li>\n<li>La necesidad creciente de formaci\u00f3n de los responsables asociativos, que a veces no se puede abarcar con los medios limitados de que se dispone.<\/li>\n<li>Las dificultades -internas y externas- en el necesario trabajo en red con otras entidades, centros educativos o administraciones p\u00fablicas.<\/li>\n<li>La ausencia de estudios de impacto social de los proyectos de aprendizaje servicio. No basta con indicios y percepciones limitadas, hacen falta evidencias contrastadas sobre los cambios positivos provocados por los chicos y chicas en el entorno.<\/li>\n<\/ul>\n<h3>Algunas conclusiones<\/h3>\n<p>El aprendizaje-servicio no es s\u00f3lo un asunto pedag\u00f3gico. Es tambi\u00e9n <strong>una estrategia de desarrollo comunitario<\/strong> porque aumenta el capital social de la poblaci\u00f3n.<\/p>\n<p>Las entidades sociales son los socios preferentes de los centros educativos a la hora de impulsar proyectos de aprendizaje servicio, pero tambi\u00e9n pueden asumir un papel protagonista y convertirse en <strong>motores de los proyectos de aprendizaje-servicio<\/strong>, involucrando no s\u00f3lo a los centros educativos, sino tambi\u00e9n a otros actores del territorio.<\/p>\n<p>Contar con estudios de <strong>impacto social<\/strong> de los proyectos de aprendizaje servicio ayudar\u00eda a hacer evidente su doble dimensi\u00f3n educativa y social y atraer m\u00e1s entidades sociales a esta pr\u00e1ctica de trabajo en red en la que tanto pueden aportar.<\/p>\n","protected":false},"excerpt":{"rendered":"<p>En general, los centros educativos (escuelas de primaria y secundaria, universidades&#8230;) no pueden emprender proyectos de aprendizaje-servicio sin contar con las asociaciones y organizaciones que ya est\u00e1n atendiendo a las necesidades sociales del territorio. Los centros educativos \u00abnecesitan\u00bb a las entidades sociales. El papel, pues, de las entidades u organizaciones sociales en estos proyectos colaborativos<\/p>\n","protected":false},"author":152,"featured_media":739,"comment_status":"open","ping_status":"closed","sticky":false,"template":"","format":"standard","meta":{"footnotes":""},"categories":[16],"tags":[30],"tipo":[46],"class_list":{"0":"post-738","1":"post","2":"type-post","3":"status-publish","4":"format-standard","5":"has-post-thumbnail","7":"category-convivencia-y-educacion-en-valores-2","8":"tag-aprendizaje-servicio","9":"tipo-analisis"},"yoast_head":"<!-- This site is optimized with the Yoast SEO plugin v27.5 - https:\/\/yoast.com\/product\/yoast-seo-wordpress\/ -->\n<title>La entidad social como motor de los proyectos de aprendizaje-servicio - Convivencia y educaci\u00f3n en valores<\/title>\n<meta name=\"robots\" content=\"index, follow, max-snippet:-1, max-image-preview:large, max-video-preview:-1\" \/>\n<link rel=\"canonical\" href=\"https:\/\/eldiariodelaeducacion.com\/convivenciayeducacionenvalores\/2021\/04\/12\/la-entidad-social-como-motor-de-los-proyectos-de-aprendizaje-servicio\/\" \/>\n<meta property=\"og:locale\" content=\"es_ES\" \/>\n<meta property=\"og:type\" content=\"article\" \/>\n<meta property=\"og:title\" content=\"La entidad social como motor de los proyectos de aprendizaje-servicio - Convivencia y educaci\u00f3n en valores\" \/>\n<meta property=\"og:description\" content=\"En general, los centros educativos (escuelas de primaria y secundaria, universidades&#8230;) no pueden emprender proyectos de aprendizaje-servicio sin contar con las asociaciones y organizaciones que ya est\u00e1n atendiendo a las necesidades sociales del territorio. Los centros educativos \u00abnecesitan\u00bb a las entidades sociales. El papel, pues, de las entidades u organizaciones sociales en estos proyectos colaborativos\" \/>\n<meta property=\"og:url\" content=\"https:\/\/eldiariodelaeducacion.com\/convivenciayeducacionenvalores\/2021\/04\/12\/la-entidad-social-como-motor-de-los-proyectos-de-aprendizaje-servicio\/\" \/>\n<meta property=\"og:site_name\" content=\"Convivencia y educaci\u00f3n en valores\" \/>\n<meta property=\"article:published_time\" content=\"2021-04-12T22:58:13+00:00\" \/>\n<meta property=\"article:modified_time\" content=\"2024-08-20T16:02:33+00:00\" \/>\n<meta property=\"og:image\" content=\"https:\/\/eldiariodelaeducacion.com\/convivenciayeducacionenvalores\/wp-content\/uploads\/sites\/18\/2021\/04\/hilvanando-1.jpg\" \/>\n\t<meta property=\"og:image:width\" content=\"768\" \/>\n\t<meta property=\"og:image:height\" content=\"512\" \/>\n\t<meta property=\"og:image:type\" content=\"image\/jpeg\" \/>\n<meta name=\"author\" content=\"Roser Batlle\" \/>\n<meta name=\"twitter:card\" content=\"summary_large_image\" \/>\n<meta name=\"twitter:label1\" content=\"Escrito por\" \/>\n\t<meta name=\"twitter:data1\" content=\"Roser Batlle\" \/>\n\t<meta name=\"twitter:label2\" content=\"Tiempo de lectura\" \/>\n\t<meta name=\"twitter:data2\" content=\"9 minutos\" \/>\n<script type=\"application\/ld+json\" class=\"yoast-schema-graph\">{\"@context\":\"https:\\\/\\\/schema.org\",\"@graph\":[{\"@type\":\"Article\",\"@id\":\"https:\\\/\\\/eldiariodelaeducacion.com\\\/convivenciayeducacionenvalores\\\/2021\\\/04\\\/12\\\/la-entidad-social-como-motor-de-los-proyectos-de-aprendizaje-servicio\\\/#article\",\"isPartOf\":{\"@id\":\"https:\\\/\\\/eldiariodelaeducacion.com\\\/convivenciayeducacionenvalores\\\/2021\\\/04\\\/12\\\/la-entidad-social-como-motor-de-los-proyectos-de-aprendizaje-servicio\\\/\"},\"author\":{\"name\":\"Roser Batlle\",\"@id\":\"https:\\\/\\\/eldiariodelaeducacion.com\\\/convivenciayeducacionenvalores\\\/#\\\/schema\\\/person\\\/b2d57468936290059b21fe24957dc294\"},\"headline\":\"La entidad social como motor de los proyectos de aprendizaje-servicio\",\"datePublished\":\"2021-04-12T22:58:13+00:00\",\"dateModified\":\"2024-08-20T16:02:33+00:00\",\"mainEntityOfPage\":{\"@id\":\"https:\\\/\\\/eldiariodelaeducacion.com\\\/convivenciayeducacionenvalores\\\/2021\\\/04\\\/12\\\/la-entidad-social-como-motor-de-los-proyectos-de-aprendizaje-servicio\\\/\"},\"wordCount\":1777,\"commentCount\":0,\"image\":{\"@id\":\"https:\\\/\\\/eldiariodelaeducacion.com\\\/convivenciayeducacionenvalores\\\/2021\\\/04\\\/12\\\/la-entidad-social-como-motor-de-los-proyectos-de-aprendizaje-servicio\\\/#primaryimage\"},\"thumbnailUrl\":\"https:\\\/\\\/eldiariodelaeducacion.com\\\/convivenciayeducacionenvalores\\\/wp-content\\\/uploads\\\/sites\\\/18\\\/2021\\\/04\\\/hilvanando-1.jpg\",\"keywords\":[\"aprendizaje-servicio\"],\"articleSection\":[\"Convivencia y educaci\u00f3n en valores\"],\"inLanguage\":\"es\",\"potentialAction\":[{\"@type\":\"CommentAction\",\"name\":\"Comment\",\"target\":[\"https:\\\/\\\/eldiariodelaeducacion.com\\\/convivenciayeducacionenvalores\\\/2021\\\/04\\\/12\\\/la-entidad-social-como-motor-de-los-proyectos-de-aprendizaje-servicio\\\/#respond\"]}]},{\"@type\":\"WebPage\",\"@id\":\"https:\\\/\\\/eldiariodelaeducacion.com\\\/convivenciayeducacionenvalores\\\/2021\\\/04\\\/12\\\/la-entidad-social-como-motor-de-los-proyectos-de-aprendizaje-servicio\\\/\",\"url\":\"https:\\\/\\\/eldiariodelaeducacion.com\\\/convivenciayeducacionenvalores\\\/2021\\\/04\\\/12\\\/la-entidad-social-como-motor-de-los-proyectos-de-aprendizaje-servicio\\\/\",\"name\":\"La entidad social como motor de los proyectos de aprendizaje-servicio - Convivencia y educaci\u00f3n en valores\",\"isPartOf\":{\"@id\":\"https:\\\/\\\/eldiariodelaeducacion.com\\\/convivenciayeducacionenvalores\\\/#website\"},\"primaryImageOfPage\":{\"@id\":\"https:\\\/\\\/eldiariodelaeducacion.com\\\/convivenciayeducacionenvalores\\\/2021\\\/04\\\/12\\\/la-entidad-social-como-motor-de-los-proyectos-de-aprendizaje-servicio\\\/#primaryimage\"},\"image\":{\"@id\":\"https:\\\/\\\/eldiariodelaeducacion.com\\\/convivenciayeducacionenvalores\\\/2021\\\/04\\\/12\\\/la-entidad-social-como-motor-de-los-proyectos-de-aprendizaje-servicio\\\/#primaryimage\"},\"thumbnailUrl\":\"https:\\\/\\\/eldiariodelaeducacion.com\\\/convivenciayeducacionenvalores\\\/wp-content\\\/uploads\\\/sites\\\/18\\\/2021\\\/04\\\/hilvanando-1.jpg\",\"datePublished\":\"2021-04-12T22:58:13+00:00\",\"dateModified\":\"2024-08-20T16:02:33+00:00\",\"author\":{\"@id\":\"https:\\\/\\\/eldiariodelaeducacion.com\\\/convivenciayeducacionenvalores\\\/#\\\/schema\\\/person\\\/b2d57468936290059b21fe24957dc294\"},\"breadcrumb\":{\"@id\":\"https:\\\/\\\/eldiariodelaeducacion.com\\\/convivenciayeducacionenvalores\\\/2021\\\/04\\\/12\\\/la-entidad-social-como-motor-de-los-proyectos-de-aprendizaje-servicio\\\/#breadcrumb\"},\"inLanguage\":\"es\",\"potentialAction\":[{\"@type\":\"ReadAction\",\"target\":[\"https:\\\/\\\/eldiariodelaeducacion.com\\\/convivenciayeducacionenvalores\\\/2021\\\/04\\\/12\\\/la-entidad-social-como-motor-de-los-proyectos-de-aprendizaje-servicio\\\/\"]}]},{\"@type\":\"ImageObject\",\"inLanguage\":\"es\",\"@id\":\"https:\\\/\\\/eldiariodelaeducacion.com\\\/convivenciayeducacionenvalores\\\/2021\\\/04\\\/12\\\/la-entidad-social-como-motor-de-los-proyectos-de-aprendizaje-servicio\\\/#primaryimage\",\"url\":\"https:\\\/\\\/eldiariodelaeducacion.com\\\/convivenciayeducacionenvalores\\\/wp-content\\\/uploads\\\/sites\\\/18\\\/2021\\\/04\\\/hilvanando-1.jpg\",\"contentUrl\":\"https:\\\/\\\/eldiariodelaeducacion.com\\\/convivenciayeducacionenvalores\\\/wp-content\\\/uploads\\\/sites\\\/18\\\/2021\\\/04\\\/hilvanando-1.jpg\",\"width\":768,\"height\":512,\"caption\":\"Proyecto Hilvanando culturas, confeccionando el futuro. Foto: Ayuda en Acci\u00f3n\"},{\"@type\":\"BreadcrumbList\",\"@id\":\"https:\\\/\\\/eldiariodelaeducacion.com\\\/convivenciayeducacionenvalores\\\/2021\\\/04\\\/12\\\/la-entidad-social-como-motor-de-los-proyectos-de-aprendizaje-servicio\\\/#breadcrumb\",\"itemListElement\":[{\"@type\":\"ListItem\",\"position\":1,\"name\":\"Portada\",\"item\":\"https:\\\/\\\/eldiariodelaeducacion.com\\\/convivenciayeducacionenvalores\\\/\"},{\"@type\":\"ListItem\",\"position\":2,\"name\":\"La entidad social como motor de los proyectos de aprendizaje-servicio\"}]},{\"@type\":\"WebSite\",\"@id\":\"https:\\\/\\\/eldiariodelaeducacion.com\\\/convivenciayeducacionenvalores\\\/#website\",\"url\":\"https:\\\/\\\/eldiariodelaeducacion.com\\\/convivenciayeducacionenvalores\\\/\",\"name\":\"Convivencia y educaci\u00f3n en valores\",\"description\":\"Un blog de El Diario de la Educaci\u00f3n\",\"potentialAction\":[{\"@type\":\"SearchAction\",\"target\":{\"@type\":\"EntryPoint\",\"urlTemplate\":\"https:\\\/\\\/eldiariodelaeducacion.com\\\/convivenciayeducacionenvalores\\\/?s={search_term_string}\"},\"query-input\":{\"@type\":\"PropertyValueSpecification\",\"valueRequired\":true,\"valueName\":\"search_term_string\"}}],\"inLanguage\":\"es\"},{\"@type\":\"Person\",\"@id\":\"https:\\\/\\\/eldiariodelaeducacion.com\\\/convivenciayeducacionenvalores\\\/#\\\/schema\\\/person\\\/b2d57468936290059b21fe24957dc294\",\"name\":\"Roser Batlle\",\"image\":{\"@type\":\"ImageObject\",\"inLanguage\":\"es\",\"@id\":\"https:\\\/\\\/secure.gravatar.com\\\/avatar\\\/917cabcdba70bab343adf71df17343ee8a4c801b24dd9788d6d25ae4fa58dfde?s=96&d=mm&r=g\",\"url\":\"https:\\\/\\\/secure.gravatar.com\\\/avatar\\\/917cabcdba70bab343adf71df17343ee8a4c801b24dd9788d6d25ae4fa58dfde?s=96&d=mm&r=g\",\"contentUrl\":\"https:\\\/\\\/secure.gravatar.com\\\/avatar\\\/917cabcdba70bab343adf71df17343ee8a4c801b24dd9788d6d25ae4fa58dfde?s=96&d=mm&r=g\",\"caption\":\"Roser Batlle\"},\"description\":\"Red Espa\u00f1ola de Aprendizaje-Servicio\",\"url\":\"https:\\\/\\\/eldiariodelaeducacion.com\\\/convivenciayeducacionenvalores\\\/author\\\/roser\\\/\"}]}<\/script>\n<!-- \/ Yoast SEO plugin. -->","yoast_head_json":{"title":"La entidad social como motor de los proyectos de aprendizaje-servicio - Convivencia y educaci\u00f3n en valores","robots":{"index":"index","follow":"follow","max-snippet":"max-snippet:-1","max-image-preview":"max-image-preview:large","max-video-preview":"max-video-preview:-1"},"canonical":"https:\/\/eldiariodelaeducacion.com\/convivenciayeducacionenvalores\/2021\/04\/12\/la-entidad-social-como-motor-de-los-proyectos-de-aprendizaje-servicio\/","og_locale":"es_ES","og_type":"article","og_title":"La entidad social como motor de los proyectos de aprendizaje-servicio - Convivencia y educaci\u00f3n en valores","og_description":"En general, los centros educativos (escuelas de primaria y secundaria, universidades&#8230;) no pueden emprender proyectos de aprendizaje-servicio sin contar con las asociaciones y organizaciones que ya est\u00e1n atendiendo a las necesidades sociales del territorio. Los centros educativos \u00abnecesitan\u00bb a las entidades sociales. El papel, pues, de las entidades u organizaciones sociales en estos proyectos colaborativos","og_url":"https:\/\/eldiariodelaeducacion.com\/convivenciayeducacionenvalores\/2021\/04\/12\/la-entidad-social-como-motor-de-los-proyectos-de-aprendizaje-servicio\/","og_site_name":"Convivencia y educaci\u00f3n en valores","article_published_time":"2021-04-12T22:58:13+00:00","article_modified_time":"2024-08-20T16:02:33+00:00","og_image":[{"width":768,"height":512,"url":"https:\/\/eldiariodelaeducacion.com\/convivenciayeducacionenvalores\/wp-content\/uploads\/sites\/18\/2021\/04\/hilvanando-1.jpg","type":"image\/jpeg"}],"author":"Roser Batlle","twitter_card":"summary_large_image","twitter_misc":{"Escrito por":"Roser Batlle","Tiempo de lectura":"9 minutos"},"schema":{"@context":"https:\/\/schema.org","@graph":[{"@type":"Article","@id":"https:\/\/eldiariodelaeducacion.com\/convivenciayeducacionenvalores\/2021\/04\/12\/la-entidad-social-como-motor-de-los-proyectos-de-aprendizaje-servicio\/#article","isPartOf":{"@id":"https:\/\/eldiariodelaeducacion.com\/convivenciayeducacionenvalores\/2021\/04\/12\/la-entidad-social-como-motor-de-los-proyectos-de-aprendizaje-servicio\/"},"author":{"name":"Roser Batlle","@id":"https:\/\/eldiariodelaeducacion.com\/convivenciayeducacionenvalores\/#\/schema\/person\/b2d57468936290059b21fe24957dc294"},"headline":"La entidad social como motor de los proyectos de aprendizaje-servicio","datePublished":"2021-04-12T22:58:13+00:00","dateModified":"2024-08-20T16:02:33+00:00","mainEntityOfPage":{"@id":"https:\/\/eldiariodelaeducacion.com\/convivenciayeducacionenvalores\/2021\/04\/12\/la-entidad-social-como-motor-de-los-proyectos-de-aprendizaje-servicio\/"},"wordCount":1777,"commentCount":0,"image":{"@id":"https:\/\/eldiariodelaeducacion.com\/convivenciayeducacionenvalores\/2021\/04\/12\/la-entidad-social-como-motor-de-los-proyectos-de-aprendizaje-servicio\/#primaryimage"},"thumbnailUrl":"https:\/\/eldiariodelaeducacion.com\/convivenciayeducacionenvalores\/wp-content\/uploads\/sites\/18\/2021\/04\/hilvanando-1.jpg","keywords":["aprendizaje-servicio"],"articleSection":["Convivencia y educaci\u00f3n en valores"],"inLanguage":"es","potentialAction":[{"@type":"CommentAction","name":"Comment","target":["https:\/\/eldiariodelaeducacion.com\/convivenciayeducacionenvalores\/2021\/04\/12\/la-entidad-social-como-motor-de-los-proyectos-de-aprendizaje-servicio\/#respond"]}]},{"@type":"WebPage","@id":"https:\/\/eldiariodelaeducacion.com\/convivenciayeducacionenvalores\/2021\/04\/12\/la-entidad-social-como-motor-de-los-proyectos-de-aprendizaje-servicio\/","url":"https:\/\/eldiariodelaeducacion.com\/convivenciayeducacionenvalores\/2021\/04\/12\/la-entidad-social-como-motor-de-los-proyectos-de-aprendizaje-servicio\/","name":"La entidad social como motor de los proyectos de aprendizaje-servicio - Convivencia y educaci\u00f3n en valores","isPartOf":{"@id":"https:\/\/eldiariodelaeducacion.com\/convivenciayeducacionenvalores\/#website"},"primaryImageOfPage":{"@id":"https:\/\/eldiariodelaeducacion.com\/convivenciayeducacionenvalores\/2021\/04\/12\/la-entidad-social-como-motor-de-los-proyectos-de-aprendizaje-servicio\/#primaryimage"},"image":{"@id":"https:\/\/eldiariodelaeducacion.com\/convivenciayeducacionenvalores\/2021\/04\/12\/la-entidad-social-como-motor-de-los-proyectos-de-aprendizaje-servicio\/#primaryimage"},"thumbnailUrl":"https:\/\/eldiariodelaeducacion.com\/convivenciayeducacionenvalores\/wp-content\/uploads\/sites\/18\/2021\/04\/hilvanando-1.jpg","datePublished":"2021-04-12T22:58:13+00:00","dateModified":"2024-08-20T16:02:33+00:00","author":{"@id":"https:\/\/eldiariodelaeducacion.com\/convivenciayeducacionenvalores\/#\/schema\/person\/b2d57468936290059b21fe24957dc294"},"breadcrumb":{"@id":"https:\/\/eldiariodelaeducacion.com\/convivenciayeducacionenvalores\/2021\/04\/12\/la-entidad-social-como-motor-de-los-proyectos-de-aprendizaje-servicio\/#breadcrumb"},"inLanguage":"es","potentialAction":[{"@type":"ReadAction","target":["https:\/\/eldiariodelaeducacion.com\/convivenciayeducacionenvalores\/2021\/04\/12\/la-entidad-social-como-motor-de-los-proyectos-de-aprendizaje-servicio\/"]}]},{"@type":"ImageObject","inLanguage":"es","@id":"https:\/\/eldiariodelaeducacion.com\/convivenciayeducacionenvalores\/2021\/04\/12\/la-entidad-social-como-motor-de-los-proyectos-de-aprendizaje-servicio\/#primaryimage","url":"https:\/\/eldiariodelaeducacion.com\/convivenciayeducacionenvalores\/wp-content\/uploads\/sites\/18\/2021\/04\/hilvanando-1.jpg","contentUrl":"https:\/\/eldiariodelaeducacion.com\/convivenciayeducacionenvalores\/wp-content\/uploads\/sites\/18\/2021\/04\/hilvanando-1.jpg","width":768,"height":512,"caption":"Proyecto Hilvanando culturas, confeccionando el futuro. Foto: Ayuda en Acci\u00f3n"},{"@type":"BreadcrumbList","@id":"https:\/\/eldiariodelaeducacion.com\/convivenciayeducacionenvalores\/2021\/04\/12\/la-entidad-social-como-motor-de-los-proyectos-de-aprendizaje-servicio\/#breadcrumb","itemListElement":[{"@type":"ListItem","position":1,"name":"Portada","item":"https:\/\/eldiariodelaeducacion.com\/convivenciayeducacionenvalores\/"},{"@type":"ListItem","position":2,"name":"La entidad social como motor de los proyectos de aprendizaje-servicio"}]},{"@type":"WebSite","@id":"https:\/\/eldiariodelaeducacion.com\/convivenciayeducacionenvalores\/#website","url":"https:\/\/eldiariodelaeducacion.com\/convivenciayeducacionenvalores\/","name":"Convivencia y educaci\u00f3n en valores","description":"Un blog de El Diario de la Educaci\u00f3n","potentialAction":[{"@type":"SearchAction","target":{"@type":"EntryPoint","urlTemplate":"https:\/\/eldiariodelaeducacion.com\/convivenciayeducacionenvalores\/?s={search_term_string}"},"query-input":{"@type":"PropertyValueSpecification","valueRequired":true,"valueName":"search_term_string"}}],"inLanguage":"es"},{"@type":"Person","@id":"https:\/\/eldiariodelaeducacion.com\/convivenciayeducacionenvalores\/#\/schema\/person\/b2d57468936290059b21fe24957dc294","name":"Roser Batlle","image":{"@type":"ImageObject","inLanguage":"es","@id":"https:\/\/secure.gravatar.com\/avatar\/917cabcdba70bab343adf71df17343ee8a4c801b24dd9788d6d25ae4fa58dfde?s=96&d=mm&r=g","url":"https:\/\/secure.gravatar.com\/avatar\/917cabcdba70bab343adf71df17343ee8a4c801b24dd9788d6d25ae4fa58dfde?s=96&d=mm&r=g","contentUrl":"https:\/\/secure.gravatar.com\/avatar\/917cabcdba70bab343adf71df17343ee8a4c801b24dd9788d6d25ae4fa58dfde?s=96&d=mm&r=g","caption":"Roser Batlle"},"description":"Red Espa\u00f1ola de Aprendizaje-Servicio","url":"https:\/\/eldiariodelaeducacion.com\/convivenciayeducacionenvalores\/author\/roser\/"}]}},"_links":{"self":[{"href":"https:\/\/eldiariodelaeducacion.com\/convivenciayeducacionenvalores\/wp-json\/wp\/v2\/posts\/738","targetHints":{"allow":["GET"]}}],"collection":[{"href":"https:\/\/eldiariodelaeducacion.com\/convivenciayeducacionenvalores\/wp-json\/wp\/v2\/posts"}],"about":[{"href":"https:\/\/eldiariodelaeducacion.com\/convivenciayeducacionenvalores\/wp-json\/wp\/v2\/types\/post"}],"author":[{"embeddable":true,"href":"https:\/\/eldiariodelaeducacion.com\/convivenciayeducacionenvalores\/wp-json\/wp\/v2\/users\/152"}],"replies":[{"embeddable":true,"href":"https:\/\/eldiariodelaeducacion.com\/convivenciayeducacionenvalores\/wp-json\/wp\/v2\/comments?post=738"}],"version-history":[{"count":1,"href":"https:\/\/eldiariodelaeducacion.com\/convivenciayeducacionenvalores\/wp-json\/wp\/v2\/posts\/738\/revisions"}],"predecessor-version":[{"id":1439,"href":"https:\/\/eldiariodelaeducacion.com\/convivenciayeducacionenvalores\/wp-json\/wp\/v2\/posts\/738\/revisions\/1439"}],"wp:featuredmedia":[{"embeddable":true,"href":"https:\/\/eldiariodelaeducacion.com\/convivenciayeducacionenvalores\/wp-json\/wp\/v2\/media\/739"}],"wp:attachment":[{"href":"https:\/\/eldiariodelaeducacion.com\/convivenciayeducacionenvalores\/wp-json\/wp\/v2\/media?parent=738"}],"wp:term":[{"taxonomy":"category","embeddable":true,"href":"https:\/\/eldiariodelaeducacion.com\/convivenciayeducacionenvalores\/wp-json\/wp\/v2\/categories?post=738"},{"taxonomy":"post_tag","embeddable":true,"href":"https:\/\/eldiariodelaeducacion.com\/convivenciayeducacionenvalores\/wp-json\/wp\/v2\/tags?post=738"},{"taxonomy":"tipo","embeddable":true,"href":"https:\/\/eldiariodelaeducacion.com\/convivenciayeducacionenvalores\/wp-json\/wp\/v2\/tipo?post=738"}],"curies":[{"name":"wp","href":"https:\/\/api.w.org\/{rel}","templated":true}]}}