{"id":760,"date":"2021-06-30T07:32:23","date_gmt":"2021-06-30T07:32:23","guid":{"rendered":"https:\/\/eldiariodelaeducacion.com\/convivenciayeducacionenvalores\/?p=760"},"modified":"2024-08-20T18:02:34","modified_gmt":"2024-08-20T16:02:34","slug":"proyectos-veteranos-de-aprendizaje-servicio","status":"publish","type":"post","link":"https:\/\/eldiariodelaeducacion.com\/convivenciayeducacionenvalores\/2021\/06\/30\/proyectos-veteranos-de-aprendizaje-servicio\/","title":{"rendered":"Proyectos veteranos de aprendizaje-servicio"},"content":{"rendered":"<h3>\u00a1La veteran\u00eda es un grado!<\/h3>\n<h4>La novedad no siempre es la mejor opci\u00f3n<\/h4>\n<p>\u00bfCu\u00e1ntas veces tenemos que ensayar una canci\u00f3n hasta que nos sale bien? \u00bfCu\u00e1ntas veces jugamos al mismo juego que nos gusta y divierte tanto? \u00bfCu\u00e1ntas veces vamos de excursi\u00f3n a Montserrat? \u00bfS\u00f3lo una vez y se acab\u00f3?<br \/>\nLas cosas que valen la pena no se hacen s\u00f3lo una vez. \u00a1Siempre encontramos motivos para repetir!<br \/>\nCon los proyectos de aprendizaje servicio nos puede pasar lo mismo. Cuando un proyecto ha sido un \u00e9xito, los chicos y las chicas han aprendido mucho, el servicio ha sido de alta calidad, la entidad social y las personas destinatarias nos han manifestado su satisfacci\u00f3n&#8230; \u00bfhabr\u00eda alguna raz\u00f3n para cambiar de proyecto y no volverlo a hacer?<\/p>\n<p>Pues s\u00ed, habr\u00eda una: que la necesidad social a la que hac\u00eda frente el servicio hubiera quedado resuelta. Esta ser\u00eda la \u00fanica explicaci\u00f3n objetiva que justificar\u00eda abandonar el proyecto, una raz\u00f3n en la pr\u00e1ctica poco frecuente.<\/p>\n<p>\u00bfPor qu\u00e9 no mantenerlo, desplegarlo, consolidarlo &#8230; o incluso ensanchar el impacto o mejorar a\u00fan m\u00e1s la calidad?<\/p>\n<p>No siempre cambiar de proyecto ser\u00e1 la mejor opci\u00f3n.<\/p>\n<h4>La creatividad y la participaci\u00f3n en los proyectos veteranos<\/h4>\n<p>Sin embargo, a veces parece que repetir los proyectos sea una muestra de falta de imaginaci\u00f3n, de acomodo a la rutina. B\u00e1sicamente los argumentos que se ofrecen para cambiar continuamente de proyecto hacen referencia a dos aspectos educativamente relevantes: la creatividad y la participaci\u00f3n de chicos y chicas.<\/p>\n<p><strong>\u00bfEn los proyectos veteranos no se desarrolla la creatividad?<\/strong><\/p>\n<p>Esta sospecha tiene que ver con la mala prensa que tiene la rutina y la repetici\u00f3n: Cuando un proyecto es nuevo, chicos y chicas pueden desplegar m\u00e1s creatividad que si el proyecto es \u00abheredado\u00bb del alumnado del curso anterior o si vuelven a repetir el mismo proyecto del a\u00f1o pasado.<\/p>\n<p>Es claro que esto puede pasar, pero no necesariamente. Precisamente un proyecto que ya ha cuajado en el centro educativo puede ofrecer el marco id\u00f3neo para desarrollar la creatividad porque se cuenta con la base firme de la experiencia, se ha ensayado previamente, se conocen los obst\u00e1culos que se pueden encontrar y las relaciones con la entidad social est\u00e1n consolidadas. Cuando esto funciona, nos sentimos m\u00e1s libres para ser creativos que cuando tenemos que poner atenci\u00f3n a que la tramoya aguante.<\/p>\n<p>Si, adem\u00e1s, es un proyecto identificado con un nivel educativo, se produce el efecto motivador del ritual de transici\u00f3n: los ni\u00f1os y ni\u00f1as de 3\u00ba esperan pasar a 4\u00ba para hacer el mismo proyecto que han visto hacer a sus compa\u00f1eros y compa\u00f1eras mayores&#8230; \u00a1y piensan mejorarlo!<\/p>\n<p><strong>\u00bfEn los proyectos veteranos no se desarrolla la participaci\u00f3n?<\/strong><\/p>\n<p>Esta segunda objeci\u00f3n presupone que es mejor que los ni\u00f1os y las ni\u00f1as se inventen el proyecto de arriba abajo, para que as\u00ed la participaci\u00f3n sea m\u00e1s intensa. Por supuesto, seguir este criterio a rajatabla implica que no se puede repetir ning\u00fan proyecto. Cada a\u00f1o, si o si, se debe hacer una acci\u00f3n solidaria diferente&#8230; \u00a1no sea que los ni\u00f1os y ni\u00f1as no participen lo suficiente! De este modo, el centro educativo no llegar\u00eda a contar nunca con proyectos veteranos.<\/p>\n<p>Pero, en la pr\u00e1ctica, aunque los ni\u00f1os y las ni\u00f1as \u00abno elijan\u00bb sobre qu\u00e9 problema quieren actuar (por ejemplo, porque es una entidad ecologista quien les plantea un problema lacerante a investigar y actuar solidariamente) su participaci\u00f3n en el proyecto puede ser muy intensa, como resultado del compromiso contra\u00eddo a terceros y el hecho de tener que rendir cuentas.<\/p>\n<p>Los tres proyectos que a continuaci\u00f3n se describen poseen una larga trayectoria en Catalu\u00f1a y evidencian el valor de los proyectos veteranos:<\/p>\n<ul>\n<li>El proyecto <strong>Grans Hist\u00f2ries<\/strong> (Grandes Historias) del Colegio Mare de D\u00e9u de la Salut de Badalona y la Residencia Roca i Pi (14 a\u00f1os)<\/li>\n<li>El proyecto <strong>Apr\u00e8n, participa i dona<\/strong> (Aprende, participa y dona) del Banco de Sangre y Tejidos de Catalu\u00f1a (15 a\u00f1os).<\/li>\n<li>El proyecto <strong>Cuidem els nostres avis<\/strong> (Cuidemos a nuestros abuelos), de la Escola Solc Nou de Barcelona (16 a\u00f1os).<\/li>\n<\/ul>\n<h3>Grans Hist\u00f2ries (Grandes Historias)<\/h3>\n<p style=\"padding-left: 40px;text-align: right\">David Garc\u00eda Gimeno. Jefe de Estudios del Colegio Mare de D\u00e9u de la Salut. Fundaci\u00f3 d\u2019Escoles Parroquials.<\/p>\n<p><strong>Grans Hist\u00f2ries<\/strong> es, a d\u00eda de hoy, un gran proyecto de aprendizaje-servicio intergeneracional del Colegio Mere de D\u00e9u de la Salut y la Residencia Roca i Pi, que re\u00fane tres proyectos con acentos diferentes (cuentos, m\u00fasica, talleres) y pone en relaci\u00f3n a ni\u00f1os y ni\u00f1as desde P5 a 6\u00ba de Primaria con las personas mayores atendidas.<\/p>\n<h4>\u00bfC\u00f3mo naci\u00f3?<\/h4>\n<p>El proyecto de aprendizaje-servicio Grans Hist\u00f2ries naci\u00f3 en 2008, tiene, pues, 14 a\u00f1os de historia. El punto de partida fueron las salidas a las 17 h: al bajar de la clase a los alumnos a las 5 de la tarde, ve\u00edamos como muchos de ellos tiraban las mochilas a los abuelos, a sus \u00ababuelos canguros\u00bb y sin saludar, ni un beso, ni un abrazo, muchos ni\u00f1os iban directos a jugar con los otros amigos en el patio&#8230; Las caras, las im\u00e1genes de los abuelos quedaron muy marcadas en las cabezas y los corazones de los maestros. Entre todos detectamos la necesidad de potenciar la figura de los abuelos y de fomentar el respeto hacia las personas mayores.<\/p>\n<p>El abuelo, el abuelo canguro es, sin duda, una persona muy importante para toda la familia; brinda un inmensurable apoyo en el cuidado y la crianza de sus nietos. Sobre todo en estos tiempos en que ambos padres trabajan. Hoy en d\u00eda, es muy com\u00fan ver a los abuelos y las abuelas involucrados con las tareas de crianza de sus nietos pero el rol que asumen no es el mismo que el de un padre o una madre. Hab\u00eda que potenciar y mejorar este rol.<\/p>\n<p>A partir de aqu\u00ed, contactamos con la Residencia m\u00e1s cerca de la escuela para hablar del tema, la Residencia Roca i Pi e iniciamos un proyecto de Cuentos compartidos entre los alumnos y los abuelos residentes. Una vez al mes los abuelos vienen a la escuela a contar cuentos y al mes siguiente nosotros vamos a la Residencia.<\/p>\n<p>El Colegio y la Residencia se han convertido en dos puntos de encuentro, dos espacios de v\u00ednculo entre las dos generaciones. Estos puntos de encuentro son:<\/p>\n<p>El <strong>Colegio Mare de D\u00e9u de la Salut<\/strong>, situado en el coraz\u00f3n de Badalona, \u200b\u200ben el barrio de la Salut, justo en el paseo de la Salut, donde est\u00e1 el eje comercial, es una escuela familiar, muy vinculada a la parroquia, pr\u00f3xima a la gente, a las familias, muy arraigada en el barrio de la Salut, una escuela que ofrece servicio y ayuda a las familias y a los alumnos. La escuela pertenece a la Fundaci\u00f3n de Escuelas Parroquiales, actualmente formada por 18 escuelas. El Colegio Mare de D\u00e9u de la Salut es un punto de encuentro donde suceden grandes historias.<\/p>\n<p>El otro punto de encuentro de esta \u00abgran historia\u00bb es la Residencia de ancianos de la <strong>Fundaci\u00f3n Roca y Pi de Badalona<\/strong>, \u200b\u200buna entidad de larga trayectoria. Atiende desde hace m\u00e1s de 100 a\u00f1os a personas vulnerables que necesitan atenci\u00f3n, compa\u00f1\u00eda y apoyo. El objetivo de la Residencia es proporcionar bienestar y calidad de vida en las personas mayores, siempre dando respuesta a las necesidades de cada usuario. La Residencia Roca y Pi, un punto de encuentro donde suceden grandes historias.<\/p>\n<h4>\u00bfPor qu\u00e9 lo repet\u00eds?<\/h4>\n<p>Desde el 2008, a\u00f1o en que iniciamos los Cuentos compartidos, hemos ido repitiendo el proyecto y introduciendo nuevos enfoques en diferentes cursos y ciclos, replicando y mejorando los que funcionaban y dando una forma de proyecto global de aprendizaje-servicio en la escuela.<\/p>\n<p>Ahora mismo, durante el curso 2020-2021, en el colegio realizamos tres grandes proyectos dentro del proyecto global Grans Hist\u00f2ries:<\/p>\n<ul>\n<li>Educaci\u00f3n Infantil: En P5, Cuentos compartidos de ayer y de hoy con los abuelos de la Residencia Roca y Pi. Empezamos en el 2008.<\/li>\n<li>Educaci\u00f3n Primaria: En 4\u00ba de Primaria, Musical de ayer y de hoy. Empezamos en el 2010.<\/li>\n<li>Educaci\u00f3n Primaria: En 5\u00ba y 6\u00ba de Primaria, Talleres compartidos de ayer y de hoy en la Residencia (huerto, costura, radio y cocina). Empezamos en el 2016.<\/li>\n<\/ul>\n<p>El hecho de repetir el proyecto se debe al \u00e9xito que hemos visto en ambas partes, tanto en los abuelos de la Residencia como en los alumnos.<\/p>\n<p>A los alumnos, adem\u00e1s de aportar nuevos conocimientos, fomenta el desarrollo de nuevos valores, h\u00e1bitos y actitudes para que ambas generaciones se miren a los ojos, se den la mano y caminen juntas.<\/p>\n<p>Por otra parte las personas mayores, por sus vivencias, sus experiencias, aportan mucho a las nuevas generaciones. La comunidad educativa puede aprender y colaborar con ellas, a fin de satisfacer algunas de sus necesidades, ya sean sociales o afectivas. Darles un rol social y hacerlos part\u00edcipes de un proyecto comunitario mejora su autoestima y salud psicol\u00f3gica.<\/p>\n<p>Ahora que llevamos varios a\u00f1os realizando el proyecto Grans Hist\u00f2ries vemos como el c\u00edrculo se cierra, y como ex-alumnos nuestros trabajan en Residencias de ancianos, incluso en la misma Residencia donde hicieron el proyecto cuando eran peque\u00f1os.<\/p>\n<h3>\u00bfC\u00f3mo funciona la creatividad y la participaci\u00f3n de los ni\u00f1os y ni\u00f1as?<\/h3>\n<p>En este proyecto la participaci\u00f3n de los alumnos y de los ancianos es fundamental. En la escuela se ha creado un c\u00edrculo virtuoso y muchos de ellos desean llegar a cuarto de primaria para hacer el musical con los abuelos de Roca i Pi.<\/p>\n<p>La participaci\u00f3n de los ni\u00f1os como de las familias es muy positiva y enriquecedora. Dentro del proyecto hacemos part\u00edcipes a todas las partes:<\/p>\n<ul>\n<li>La escuela, con los ni\u00f1os y ni\u00f1as muy motivados, que dejan volar su imaginaci\u00f3n en todos los proyectos.<\/li>\n<li>Las familias, que participan y se involucran en el proyecto, por ejemplo en el vestuario de la obra de teatro.<\/li>\n<li>La residencia, con los residentes deseando que los alumnos vayan a hacer los talleres con ellos o participar en la obra de teatro.<\/li>\n<\/ul>\n<p>\u00a1Todas las partes ganan, escuela, familia y residencia!.<\/p>\n<p>El proyecto Grans Hist\u00f2ries se ha convertido en un eje fundamental del modelo educativo del centro. Es un proyecto que cumple los objetivos de la escuela cuanto a promover una educaci\u00f3n integral, de acuerdo con una concepci\u00f3n cristiana del hombre, de la vida y del mundo, y prepara al alumnado a participar activamente en la mejora de la sociedad.<\/p>\n<p>El claustro de profesores tambi\u00e9n est\u00e1 muy implicado en el desarrollo de los diferentes proyectos dentro de la escuela.<\/p>\n<h3>\u00bfQu\u00e9 futuro le veis al proyecto?<\/h3>\n<p>El proyecto Grans Hist\u00f2ries lo valoramos cada curso muy positivamente tanto desde el colegio, por parte del claustro de profesores, alumnos y familias, como desde la Residencia Roca i Pi, trabajadores y residentes.<\/p>\n<p>Cada curso las dos entidades valoramos conjuntamente todos los proyectos y proponemos aspectos de mejora y nuevos proyectos por hacer. Grans Hist\u00f2ries tiene muchos puntos positivos que hacen que se pueda mantenerse vivo por muchos a\u00f1os<\/p>\n<p>Y como dice Jose Saramago:<\/p>\n<p style=\"padding-left: 80px\">El viaje no termina nunca. Solo los viajeros se acaban.. E incluso ellos pueden perdurar en forma de memoria, de recuerdo, de relato, de grandes historias.<\/p>\n<p style=\"padding-left: 80px\">Cuando el viajero se ha sentado en la arena de la playa y ha dicho: No hay nada m\u00e1s que ver, sab\u00eda que no era as\u00ed. El final de un viaje no es m\u00e1s que el comienzo de otro.<\/p>\n<p style=\"padding-left: 80px\">Hay que ver lo que no se ha visto, ver otra vez lo que ya se vio, ver en primavera lo que se hab\u00eda visto en verano, ver de d\u00eda lo que se vio de noche, con sol en el lugar donde la otra vez llov\u00eda, ver el campo de trigo tierno, el fruto granate, la piedra que ha cambiado de lugar, la sombra que no estaba.<\/p>\n<p>Ver de nuevo unas Grans Hist\u00f2ries!<\/p>\n<p><img fetchpriority=\"high\" decoding=\"async\" class=\"alignnone wp-image-771\" src=\"https:\/\/eldiariodelaeducacion.com\/convivenciayeducacionenvalores\/wp-content\/uploads\/sites\/19\/2021\/06\/aps-1-300x225.jpg\" alt=\"\" width=\"820\" height=\"615\" srcset=\"https:\/\/eldiariodelaeducacion.com\/convivenciayeducacionenvalores\/wp-content\/uploads\/sites\/18\/2021\/06\/aps-1-300x225.jpg 300w, https:\/\/eldiariodelaeducacion.com\/convivenciayeducacionenvalores\/wp-content\/uploads\/sites\/18\/2021\/06\/aps-1-768x576.jpg 768w, https:\/\/eldiariodelaeducacion.com\/convivenciayeducacionenvalores\/wp-content\/uploads\/sites\/18\/2021\/06\/aps-1-150x113.jpg 150w, https:\/\/eldiariodelaeducacion.com\/convivenciayeducacionenvalores\/wp-content\/uploads\/sites\/18\/2021\/06\/aps-1-450x338.jpg 450w, https:\/\/eldiariodelaeducacion.com\/convivenciayeducacionenvalores\/wp-content\/uploads\/sites\/18\/2021\/06\/aps-1.jpg 960w\" sizes=\"(max-width: 820px) 100vw, 820px\" \/><\/p>\n<p>&nbsp;<\/p>\n<h3>Apr\u00e8n, participa i d\u00f3na (Aprende, participa y dona)<\/h3>\n<p style=\"text-align: right\">Mariona Graell. Universitat Internacional de Catalunya. Iniciadora del Proyecto Apr\u00e8n, participa i d\u00f3na<\/p>\n<p><strong>Apr\u00e8n, participa i d\u00f3na<\/strong> es un proyecto impulsado por el Banc de Sang i de Teixits, empresa p\u00fablica del Departamento de Salud de la Generalitat de Catalunya,\u00a0que se dirige a ni\u00f1os y j\u00f3venes de 6 a 18 a\u00f1os, a infants i joves de 6 a 18 anys, a quienes se invita a implicarse en una campa\u00f1a de donaci\u00f3n de sangre en su territorio.<\/p>\n<h4>\u00bfC\u00f3mo naci\u00f3?<\/h4>\n<p>El proyecto naci\u00f3 con la voluntad de dar respuesta a la necesidad de la donaci\u00f3n de sangre y de hacer visible el Banc de Sang y Teixits (BST).<\/p>\n<p>Para generarlo, se parti\u00f3 de conocimientos cient\u00edficos y sanitarios as\u00ed como de conocimientos de marketing que ten\u00eda la propia entidad y de que la donaci\u00f3n de sangre es por s\u00ed mismo un acto voluntario, gratuito y altruista.<br \/>\nEl objetivo era que los ni\u00f1os y j\u00f3venes -no donantes de sangre- trabajaran los conceptos necesarios para realizar una campa\u00f1a de promoci\u00f3n para la donaci\u00f3n de sangre en su territorio.<\/p>\n<h4>\u00bfPor qu\u00e9 se adhieren las escuelas?<\/h4>\n<p>El proyecto se dise\u00f1\u00f3 para que se adaptara a todo tipo de instituciones educativas -formales y no formales- y fuera replicable. Tiene una estructura flexible, adaptable, \u00e1gil, que permite diferentes niveles de compromiso, tanto en los aprendizajes como en las acciones de servicio.<\/p>\n<p><img decoding=\"async\" class=\"alignleft wp-image-772\" src=\"https:\/\/eldiariodelaeducacion.com\/convivenciayeducacionenvalores\/wp-content\/uploads\/sites\/19\/2021\/06\/aps-2-211x300.png\" alt=\"\" width=\"289\" height=\"410\" srcset=\"https:\/\/eldiariodelaeducacion.com\/convivenciayeducacionenvalores\/wp-content\/uploads\/sites\/18\/2021\/06\/aps-2-211x300.png 211w, https:\/\/eldiariodelaeducacion.com\/convivenciayeducacionenvalores\/wp-content\/uploads\/sites\/18\/2021\/06\/aps-2-150x213.png 150w, https:\/\/eldiariodelaeducacion.com\/convivenciayeducacionenvalores\/wp-content\/uploads\/sites\/18\/2021\/06\/aps-2.png 445w\" sizes=\"(max-width: 289px) 100vw, 289px\" \/><\/p>\n<p>Para ello se ayuda de una estructura que se ajusta r\u00e1pidamente a la realidad de los centros. Los contenidos que se pueden trabajar en el proyecto encajan muy bien con el curr\u00edculum escolar y cada centro educativo puede decidir donde pone el acento, seg\u00fan las edades de los ni\u00f1os y ni\u00f1as y el tipo de campa\u00f1a que se escoge.<\/p>\n<p>Adem\u00e1s, el impacto de las acciones de los protagonistas se puede contabilizar: n\u00famero de bolsas de sangre, n\u00famero de donantes que lo hacen por primera vez, n\u00famero de personas que se ofrecen&#8230; y esto hace que se puedan medir los resultados del esfuerzo de todos los implicados.<\/p>\n<p>El proyecto ha generado la gu\u00eda did\u00e1ctica Apr\u00e8n, participa i d\u00f3na, que ha sido traducida al castellano y que ha favorecido la difusi\u00f3n de este proyecto en el resto de Espa\u00f1a.<\/p>\n<p>Actualmente se puede decir que es uno de los proyectos de aprendizaje servicio m\u00e1s extendidos y repetidos.<\/p>\n<h4>\u00bfC\u00f3mo funciona la creatividad y la participaci\u00f3n de los ni\u00f1os y las ni\u00f1as?<\/h4>\n<p>La implicaci\u00f3n de los ni\u00f1os y j\u00f3venes es clave; tienen en sus manos la responsabilidad de dise\u00f1ar e implantar una campa\u00f1a de promoci\u00f3n de la donaci\u00f3n de sangre.<\/p>\n<p>La versatilidad del proyecto est\u00e1 permitiendo que se pueda aplicar en materias muy diversas: ciencias, lengua, ciudadan\u00eda, religi\u00f3n &#8230;<\/p>\n<p>Es por ello que deben ingeni\u00e1rselas para alcanzar el m\u00e1ximo de donaciones, partiendo de ideas originales, diferentes, genuinas, aut\u00e9nticas y realistas. Y, adem\u00e1s, seguir garantizando que la acci\u00f3n de la donaci\u00f3n sea siendo voluntaria y gratuita.<\/p>\n<p>Todo ello hace que encontremos una alt\u00edsima cantidad de creaciones: campa\u00f1as tradicionales con p\u00f3sters y d\u00edpticos, v\u00eddeos publicitarios, lipdubs, espect\u00e1culos, cuentos, creaci\u00f3n de esl\u00f3ganes, logos, peque\u00f1as obras de teatro, acciones reivindicativas &#8230;<\/p>\n<h4>\u00bfQu\u00e9 futuro le veis al proyecto?<\/h4>\n<p>A corto plazo se prev\u00e9 que el proyecto contin\u00fae, siempre y cuando haya voluntad por parte de las dos entidades implicadas.<\/p>\n<p>Idealmente, a largo plazo se espera que desaparezca, es decir, que la sociedad integre la donaci\u00f3n de sangre como una actividad m\u00e1s que hacemos trimestralmente. Esto significa que su impacto a largo plazo habr\u00e1 alcanzado; que los ni\u00f1os y j\u00f3venes que pasan por la experiencia, al convertirse en adultos, se conviertan en donantes habituales.<\/p>\n<p>La donaci\u00f3n de sangre debe pasar de ser una acci\u00f3n extraordinaria a una acci\u00f3n ordinaria, incorporada a la vida cotidiana de la ciudadan\u00eda.<\/p>\n<p><img decoding=\"async\" class=\"alignnone wp-image-774\" src=\"https:\/\/eldiariodelaeducacion.com\/convivenciayeducacionenvalores\/wp-content\/uploads\/sites\/19\/2021\/06\/aps-3-300x175.jpg\" alt=\"\" width=\"820\" height=\"478\" srcset=\"https:\/\/eldiariodelaeducacion.com\/convivenciayeducacionenvalores\/wp-content\/uploads\/sites\/18\/2021\/06\/aps-3-300x175.jpg 300w, https:\/\/eldiariodelaeducacion.com\/convivenciayeducacionenvalores\/wp-content\/uploads\/sites\/18\/2021\/06\/aps-3-768x447.jpg 768w, https:\/\/eldiariodelaeducacion.com\/convivenciayeducacionenvalores\/wp-content\/uploads\/sites\/18\/2021\/06\/aps-3-150x87.jpg 150w, https:\/\/eldiariodelaeducacion.com\/convivenciayeducacionenvalores\/wp-content\/uploads\/sites\/18\/2021\/06\/aps-3-450x262.jpg 450w, https:\/\/eldiariodelaeducacion.com\/convivenciayeducacionenvalores\/wp-content\/uploads\/sites\/18\/2021\/06\/aps-3.jpg 968w\" sizes=\"(max-width: 820px) 100vw, 820px\" \/><\/p>\n<p>&nbsp;<\/p>\n<h3>Cuidem els nostres avis (Cuidemos a nuestros abuelos)<\/h3>\n<p style=\"text-align: right\">Anna Carmona. Directora de la Escola Solc Nou y formadora en Aprendizaje-Servicio. Fundaci\u00f3n Escuela Vicenciana<\/p>\n<p><strong>Cuidem els nostres avis<\/strong> es un proyecto impulsado por la Escola Solc Nou donde el alumnado del Ciclo Formativo de Grado Medio Cuidados Auxiliares de Enfermer\u00eda prepara e imparte a personas reci\u00e9n llegadas unos talleres te\u00f3rico-pr\u00e1cticos sobre cuidados domiciliarios a la persona anciana dependiente y sobre primeros auxilios.<\/p>\n<p style=\"text-align: right\"><em>Me encanta lo nuevo y me enamora lo viejo<\/em><br \/>\nJ. V. Foix<\/p>\n<h3>\u00bfC\u00f3mo naci\u00f3?<\/h3>\n<p>El proyecto ApS Cuidem els nostres avis tiene ya 16 a\u00f1os de historia y se inici\u00f3 en un momento en que detect\u00e1bamos dos necesidades presentes en el entorno m\u00e1s cercano a la escuela:<\/p>\n<p>Por un lado, cada vez llegaban a la ciudad de Barcelona m\u00e1s personas inmigrantes sin documentaci\u00f3n, lo que les dificultaba el acceso a un primer puesto de trabajo.<\/p>\n<p>Y, por otra parte, en la escuela quer\u00edamos reforzar los conocimientos t\u00e9cnicos y profesionales de manera pr\u00e1ctica y m\u00e1s activa, pero sobre todo, quer\u00edamos potenciar en el alumnado algunos valores esenciales para la profesi\u00f3n sanitaria.<\/p>\n<p>As\u00ed naci\u00f3 la idea de un proyecto donde el alumnado del CFGM de Cuidados Auxiliares de Enfermer\u00eda prepara e imparte unos talleres te\u00f3rico-pr\u00e1cticos relacionados con los cuidados domiciliarios a la persona anciana dependiente y los primeros auxilios,<\/p>\n<p>Los asistentes a estos talleres son personas reci\u00e9n llegadas en situaci\u00f3n de vulnerabilidad social, que buscan trabajo y formaci\u00f3n b\u00e1sica para su inserci\u00f3n sociolaboral. Inicialmente, se colaboraba con C\u00e1ritas y cuando el proyecto se fue consolidando, se abri\u00f3 a otras entidades como el SOAP (Servicio de Orientaci\u00f3n y Acogida a la Persona Inmigrante del Ayuntamiento de Barcelona).<\/p>\n<h4>\u00bfPor qu\u00e9 lo repetimos?<\/h4>\n<p>Desde su inicio, el proyecto se repite a\u00f1o tras a\u00f1o por el \u00e9xito que conlleva a diferentes niveles:<\/p>\n<ul>\n<li>Por un lado, nuestros alumnos aprenden los contenidos curriculares trabajando de manera competencial, a la vez que conocen y entienden de primera mano la realidad de estas personas reci\u00e9n llegadas.<\/li>\n<li>Por otra parte, las personas destinatarias, asistentes a los talleres, encuentran una oportunidad de ampliar su formaci\u00f3n, adem\u00e1s de poder ofrecer un cuidado m\u00e1s humanizada y de calidad, con todas las t\u00e9cnicas y consejos que les ense\u00f1a el alumnado desde Solc Nou.<\/li>\n<\/ul>\n<p>No es la primera vez, que alguna de las personas destinatarias encuentran en los talleres una motivaci\u00f3n para plantearse entrar en el sistema educativo formal mediante la Formaci\u00f3n Profesional y as\u00ed buscar posteriormente un trabajo dentro del \u00e1mbito sanitario.<\/p>\n<h4>\u00bfC\u00f3mo funciona la creatividad y la participaci\u00f3n de los chicos y las chicas?<\/h4>\n<p>En estos proyectos son los alumnos los encargados de llevar a cabo toda la ejecuci\u00f3n del d\u00eda del servicio, desde la acogida, hasta la distribuci\u00f3n y organizaci\u00f3n de los talleres. Todos los aprendizajes adquiridos se ponen al servicio de la acci\u00f3n social que desarrollan y, lo m\u00e1s importante de todo, es que los alumnos son conscientes de ello y se convierten en los verdaderos protagonistas del proyecto, junto con las personas destinatarias de cada uno de los talleres que llevan a cabo.<\/p>\n<p>El alumnado deja volar su imaginaci\u00f3n y creatividad para ofrecer propuestas motivadoras a las personas que vendr\u00e1n a formarse con ellos. Se adaptan a sus necesidades, a su nivel de comprensi\u00f3n de la lengua, desarrollan din\u00e1micas y facilitan la interacci\u00f3n con una fluidez que les llega a sorprender incluso a ellos mismos.<\/p>\n<p>Son conscientes de su propio proceso de aprendizaje y refuerzan los v\u00ednculos con los compa\u00f1eros y compa\u00f1eras de aula, adem\u00e1s de potenciar mucho sus capacidades personales, profesionales y sociales. En este proyecto hay un doble empoderamiento: el del alumnado y el de las personas destinatarias. Esto nos parece maravilloso, por la sinergia que conlleva: \u00a1Todos ganamos!<\/p>\n<p>Cabe decir que el proyecto Cuidem els nostres avis fue la semilla de todos los proyectos ApS que se llevan a cabo en el centro actualmente. El ApS se ha convertido en Solc Nou en una l\u00ednea de escuela, un eje vertebrador del aprendizaje y el desarrollo personal y humano de nuestro alumnado y del equipo educativo que formamos parte.<br \/>\nTodos los alumnos de los diferentes ciclos formativos participan activamente en alg\u00fan proyecto de estas caracter\u00edsticas, vinculado con su \u00e1mbito profesional. El profesorado est\u00e1 plenamente implicado en su desarrollo, porque entienden los proyectos como parte esencial y necesaria para la formaci\u00f3n integral del alumnado.<\/p>\n<h4>\u00bfQu\u00e9 futuro le vemos al proyecto?<\/h4>\n<p>El proyecto Cuidem els nostres avis se valora cada a\u00f1o muy positivamente, tanto por el alumnado como por parte del profesorado y las entidades vinculadas.<\/p>\n<p><img loading=\"lazy\" decoding=\"async\" class=\"alignnone wp-image-773\" src=\"https:\/\/eldiariodelaeducacion.com\/convivenciayeducacionenvalores\/wp-content\/uploads\/sites\/19\/2021\/06\/aps-4-300x225.jpg\" alt=\"\" width=\"820\" height=\"616\" srcset=\"https:\/\/eldiariodelaeducacion.com\/convivenciayeducacionenvalores\/wp-content\/uploads\/sites\/18\/2021\/06\/aps-4-300x225.jpg 300w, https:\/\/eldiariodelaeducacion.com\/convivenciayeducacionenvalores\/wp-content\/uploads\/sites\/18\/2021\/06\/aps-4-768x577.jpg 768w, https:\/\/eldiariodelaeducacion.com\/convivenciayeducacionenvalores\/wp-content\/uploads\/sites\/18\/2021\/06\/aps-4-150x113.jpg 150w, https:\/\/eldiariodelaeducacion.com\/convivenciayeducacionenvalores\/wp-content\/uploads\/sites\/18\/2021\/06\/aps-4-450x338.jpg 450w, https:\/\/eldiariodelaeducacion.com\/convivenciayeducacionenvalores\/wp-content\/uploads\/sites\/18\/2021\/06\/aps-4.jpg 807w\" sizes=\"(max-width: 820px) 100vw, 820px\" \/><\/p>\n<p>No se entiende el ciclo Cuidados Auxiliares en Enfermer\u00eda sin este proyecto. Ya es parte de su ADN profesional y tiene muchos puntos a su favor para mantenerse vivo durante muchos a\u00f1os m\u00e1s, porque en Solc Nou, apostamos por innovar y hacer nacer nuevos proyectos, pero tambi\u00e9n para mantener los proyectos veteranos que tan buenas experiencias nos aportan cada curso.<\/p>\n<p>Como dec\u00eda el poeta: nos encanta lo nuevo, pero nos enamora el viejo. Hay proyectos que nacen y son j\u00f3venes y frescos y hay proyectos veteranos que son tambi\u00e9n absolutamente maravillosos y llenos de sentido. A veces estos viejos han permitido que nazcan los nuevos, son como los \u00ababuelos\u00bb que ayudan a crecer a los nietos.<\/p>\n<h3>El valor de los proyectos veteranos<\/h3>\n<p>Los ejemplos que hemos visto son una muestra clara del valor indudable de los proyectos veteranos. Vamos a repasar las ventajas que tiene, para un centro educativo, repetir los proyectos de aprendizaje-servicio:<\/p>\n<ol>\n<li>Se fortalecen los <strong>v\u00ednculos<\/strong> entre centro educativo y entidad social. Este maridaje ofrece tanto la posibilidad de mejorar el proyecto como de generar otros nuevos, como de compartirlo con otros centros o entidades.<\/li>\n<li>Se consolida el <strong>impacto social<\/strong>, porque la repetici\u00f3n permite afinar las acciones y mejorar los resultados. Por ejemplo, en los proyectos de Donaci\u00f3n de Sangre cada a\u00f1o los chicos y las chicas se pueden plantear superar el n\u00famero de donaciones del a\u00f1o anterior.<\/li>\n<li>Se generan <strong>expectativas<\/strong> entre los chicos y chicas, al transformarse en un ritual de transici\u00f3n: el alumnado sabe que cuando llega a un determinado nivel educativo podr\u00e1 hacer el proyecto que han protagonizado sus compa\u00f1eros mayores.<\/li>\n<li>Los proyectos se vuelven <strong>m\u00e1s f\u00e1ciles<\/strong> de llevar a cabo: la repetici\u00f3n entrena tanto en el centro educativo como la entidad social. Se aprende a simplificar los procesos, se sabe donde se pueden encontrar dificultades y las soluciones disponibles.<\/li>\n<li>La creatividad y la participaci\u00f3n se <strong>despliega<\/strong> al servicio de la acci\u00f3n social. El hecho de partir de las pautas marcadas por el proyecto veterano no inhibe el protagonismo ni la imaginaci\u00f3n de los chicos y chicas sino que los estimula a apropiarse del proyecto y hacerlo suyo, hacerlo a su manera. La experiencia de los compa\u00f1eros que lo desarrollaron anteriormente act\u00faa como est\u00edmulo.<\/li>\n<\/ol>\n<p>Por todo ello, sin desmerecer el valor de explorar nuevos caminos en el desarrollo de proyectos ApS, vale la pena considerar los proyectos veteranos como patrimonio pedag\u00f3gico y social de los centros educativos y las entidades sociales.<\/p>\n<h4>Bibliografia<\/h4>\n<h5>General<\/h5>\n<p>Batlle, R.; <em>Aprendizaje-servicio. Compromiso social en acci\u00f3n<\/em>. Santillana, 2020.<\/p>\n<p>Batlle, R.; Carmona, A.; Fabr\u00f3, J.; Farr\u00e9s, P.; Ib\u00e1\u00f1ez, J.; Marc\u00e9, J.A.; Ruiz, L.; Sabater, D.; <em>Avaluaci\u00f3 dels aprenentatges en els projectes d\u2019Aprenentatge Servei<\/em>. Fundaci\u00f3 Jaume Bofill. Disponible en: <a href=\"https:\/\/aprenentatgeservei.cat\/wp-content\/uploads\/guies\/aps_avaluacio_aprenentatge-amb-annex.pdf\">https:\/\/aprenentatgeservei.cat\/wp-content\/uploads\/guies\/aps_avaluacio_aprenentatge-amb-annex.pdf<\/a><\/p>\n<p>Batlle, R.; Escoda, E.; Cu\u00f1ado, M\u00aaJ.; Garc\u00eda Laso A.; Domingo A, Mart\u00edn; Prats, D.; <em>100 buenas pr\u00e1cticas de aprendizaje servicio<\/em>. Red Espa\u00f1ola de Aprendizaje Servicio. Santillana. 2019. Disponible en: <a href=\"https:\/\/aprendizajeservicio.net\/wp-content\/uploads\/2019\/12\/100-buenas-prc3a1cticas-de-aprendizaje-servicio-102342.pdf\">https:\/\/aprendizajeservicio.net\/wp-content\/uploads\/2019\/12\/100-buenas-prc3a1cticas-de-aprendizaje-servicio-102342.pdf<\/a><\/p>\n<p>Mart\u00edn, X.;\u00a0<em>Proyectos con alma. Trabajo por proyectos con servicio a la comunidad<\/em>. Barcelona, Gra\u00f3, 2016.<\/p>\n<p>Puig, J.; Batlle, R.; Bosch, C.; De La Cerda, M.; Climent, T.; Gij\u00f3n, M.; Graell, M.; Mart\u00edn, X.; Mu\u00f1oz, A.; Palos, J.; Rubio, L.; Y Trilla, J.: <em>Aprendizaje Servicio (Aps). Educaci\u00f3n y compromiso c\u00edvico<\/em>. Barcelona. Gra\u00f3, 2009.<\/p>\n<h5>Sobre las experiencias relatadas:<\/h5>\n<p><em>Aprende, participa y dona<\/em>. Banc de Sang i de Teixits. 2016. Disponible en:<br \/>\n<a href=\"https:\/\/redaps.files.wordpress.com\/2016\/11\/guia-aps_cast.pdf\">https:\/\/redaps.files.wordpress.com\/2016\/11\/guia-aps_cast.pdf<\/a><\/p>\n<p>Carmona, A.; Puig, J. M.; B\u00e4r, B.; <em>Educar con Sentido<\/em>. Edeb\u00e9. Disponible en: <a href=\"http:\/\/solcnou.es\/sites\/solcnou.es\/files\/pagina\/2016\/10\/educar-con-sentido.pdf\">http:\/\/solcnou.es\/sites\/solcnou.es\/files\/pagina\/2016\/10\/educar-con-sentido.pdf<\/a><\/p>\n<p><em>Documental Grans Hist\u00f2ries<\/em> (2018). Disponible en: <a href=\"https:\/\/www.youtube.com\/watch?v=zT2zyaxdX6g\">https:\/\/www.youtube.com\/watch?v=zT2zyaxdX6g<\/a><\/p>\n<p><em>Experi\u00e8ncia ApS. Donaci\u00f3 de Sang i educaci\u00f3 per a la ciutadania<\/em>. Fundaci\u00f3 Jaume Bofill. 2015. Disponible rn: <a href=\"https:\/\/www.youtube.com\/watch?v=eIYVPq-OKkw\">https:\/\/www.youtube.com\/watch?v=eIYVPq-OKkw<\/a><\/p>\n<p><em>Experi\u00e8ncia ApS. Cuidem els nostres avis<\/em>. Fundaci\u00f3 Jaume Bofill. 2012. Disponible en: <a href=\"https:\/\/www.youtube.com\/watch?v=nfA3iIpeBx4\">https:\/\/www.youtube.com\/watch?v=nfA3iIpeBx4<\/a><\/p>\n<p>Garcia, D.; Rovira, R.; <em>Grans Hist\u00f2ries. 15 Contes d&#8217;avis i \u00e0vies de veritat<\/em>. Claret, 2021.<\/p>\n<p>Graell, M. \u00abConsolidaci\u00f3n del proyecto del Banco de Sangre y Tejidos como entidad educativa a trav\u00e9s de la necesidad de la donaci\u00f3n de sangre\u00bb. <em>RIDAS. Revista iberoamericana de aprendizaje servicio: Solidaridad, ciudadan\u00eda y educaci\u00f3n<\/em>, 2018. Disponible en: <a href=\"https:\/\/revistes.ub.edu\/index.php\/RIDAS\/article\/view\/RIDAS2018.6.13\/28298\">https:\/\/revistes.ub.edu\/index.php\/RIDAS\/article\/view\/RIDAS2018.6.13\/28298<\/a><\/p>\n<p>Graell Mart\u00edn, M. (2014). \u00abAplicaci\u00f3n del aprendizaje servicio en el Banco de Sangre y Tejidos\u00bb. <em>Revista Iberoamericana de Educaci\u00f3n<\/em> (OEI), 2014, vol. 65, num. 1.<\/p>\n<p>Graell, M. (2011). \u00abDonaci\u00f3 de sang i educaci\u00f3 per a la ciutadania: un projecte pedag\u00f2gic\u00bb. <em>Temps d&#8217;Educaci\u00f3<\/em>, 69-80.<\/p>\n<p>Graell, M. (2010).\u00a0<em>Donaci\u00f3 de sang i educaci\u00f3 per a la ciutadania: una experi\u00e8ncia d&#8217;aprenentatge servei<\/em>. Tesi doctoral. Universitat de Barcelona.<\/p>\n<p>Pleguezuelos, V., <em>Donaci\u00f3 de Sang i educaci\u00f3 per a la ciutadania. Banc de Sang i de Teixits<\/em>. 2013. Disponible en: <a href=\"http:\/\/www.donarsang.gencat.cat\/media\/upload\/arxius\/APS\/APS.pdf\">http:\/\/www.donarsang.gencat.cat\/media\/upload\/arxius\/APS\/APS.pdf<\/a><\/p>\n<p>Puig Rovira, J.M.; Graell Mart\u00edn, M., Cortel Ma\u00f1\u00e9, G. \u00abDonaci\u00f3n de sangre y educaci\u00f3n para la ciudadan\u00eda: una aproximaci\u00f3n desde el aprendizaje servicio y la teor\u00eda del don\u00bb. <em>Revista Interuniversitaria Teor\u00eda de la Educaci\u00f3n<\/em>. Ediciones Universidad de Salamanca, 2014. Disponible en: <a href=\"https:\/\/revistas.usal.es\/index.php\/1130-3743\/article\/view\/teoredu2014261141162\/12718\">https:\/\/revistas.usal.es\/index.php\/1130-3743\/article\/view\/teoredu2014261141162\/12718<\/a><\/p>\n","protected":false},"excerpt":{"rendered":"<p>\u00a1La veteran\u00eda es un grado! La novedad no siempre es la mejor opci\u00f3n \u00bfCu\u00e1ntas veces tenemos que ensayar una canci\u00f3n hasta que nos sale bien? \u00bfCu\u00e1ntas veces jugamos al mismo juego que nos gusta y divierte tanto? \u00bfCu\u00e1ntas veces vamos de excursi\u00f3n a Montserrat? \u00bfS\u00f3lo una vez y se acab\u00f3? Las cosas que valen la<\/p>\n","protected":false},"author":152,"featured_media":778,"comment_status":"open","ping_status":"closed","sticky":false,"template":"","format":"standard","meta":{"footnotes":""},"categories":[16],"tags":[],"tipo":[47],"class_list":{"0":"post-760","1":"post","2":"type-post","3":"status-publish","4":"format-standard","5":"has-post-thumbnail","7":"category-convivencia-y-educacion-en-valores-2","8":"tipo-reportaje"},"yoast_head":"<!-- This site is optimized with the Yoast SEO plugin v27.4 - https:\/\/yoast.com\/product\/yoast-seo-wordpress\/ -->\n<title>Proyectos veteranos de aprendizaje-servicio - Convivencia y educaci\u00f3n en valores<\/title>\n<meta name=\"robots\" content=\"index, follow, max-snippet:-1, max-image-preview:large, max-video-preview:-1\" \/>\n<link rel=\"canonical\" href=\"https:\/\/eldiariodelaeducacion.com\/convivenciayeducacionenvalores\/2021\/06\/30\/proyectos-veteranos-de-aprendizaje-servicio\/\" \/>\n<meta property=\"og:locale\" content=\"es_ES\" \/>\n<meta property=\"og:type\" content=\"article\" \/>\n<meta property=\"og:title\" content=\"Proyectos veteranos de aprendizaje-servicio - Convivencia y educaci\u00f3n en valores\" \/>\n<meta property=\"og:description\" content=\"\u00a1La veteran\u00eda es un grado! La novedad no siempre es la mejor opci\u00f3n \u00bfCu\u00e1ntas veces tenemos que ensayar una canci\u00f3n hasta que nos sale bien? \u00bfCu\u00e1ntas veces jugamos al mismo juego que nos gusta y divierte tanto? \u00bfCu\u00e1ntas veces vamos de excursi\u00f3n a Montserrat? \u00bfS\u00f3lo una vez y se acab\u00f3? Las cosas que valen la\" \/>\n<meta property=\"og:url\" content=\"https:\/\/eldiariodelaeducacion.com\/convivenciayeducacionenvalores\/2021\/06\/30\/proyectos-veteranos-de-aprendizaje-servicio\/\" \/>\n<meta property=\"og:site_name\" content=\"Convivencia y educaci\u00f3n en valores\" \/>\n<meta property=\"article:published_time\" content=\"2021-06-30T07:32:23+00:00\" \/>\n<meta property=\"article:modified_time\" content=\"2024-08-20T16:02:34+00:00\" \/>\n<meta property=\"og:image\" content=\"https:\/\/eldiariodelaeducacion.com\/convivenciayeducacionenvalores\/wp-content\/uploads\/sites\/18\/2021\/06\/Cartells-Donacio-Sang.png\" \/>\n\t<meta property=\"og:image:width\" content=\"1139\" \/>\n\t<meta property=\"og:image:height\" content=\"767\" \/>\n\t<meta property=\"og:image:type\" content=\"image\/png\" \/>\n<meta name=\"author\" content=\"Roser Batlle\" \/>\n<meta name=\"twitter:card\" content=\"summary_large_image\" \/>\n<meta name=\"twitter:label1\" content=\"Escrito por\" \/>\n\t<meta name=\"twitter:data1\" content=\"Roser Batlle\" \/>\n\t<meta name=\"twitter:label2\" content=\"Tiempo de lectura\" \/>\n\t<meta name=\"twitter:data2\" content=\"22 minutos\" \/>\n<script type=\"application\/ld+json\" class=\"yoast-schema-graph\">{\"@context\":\"https:\\\/\\\/schema.org\",\"@graph\":[{\"@type\":\"Article\",\"@id\":\"https:\\\/\\\/eldiariodelaeducacion.com\\\/convivenciayeducacionenvalores\\\/2021\\\/06\\\/30\\\/proyectos-veteranos-de-aprendizaje-servicio\\\/#article\",\"isPartOf\":{\"@id\":\"https:\\\/\\\/eldiariodelaeducacion.com\\\/convivenciayeducacionenvalores\\\/2021\\\/06\\\/30\\\/proyectos-veteranos-de-aprendizaje-servicio\\\/\"},\"author\":{\"name\":\"Roser Batlle\",\"@id\":\"https:\\\/\\\/eldiariodelaeducacion.com\\\/convivenciayeducacionenvalores\\\/#\\\/schema\\\/person\\\/b2d57468936290059b21fe24957dc294\"},\"headline\":\"Proyectos veteranos de aprendizaje-servicio\",\"datePublished\":\"2021-06-30T07:32:23+00:00\",\"dateModified\":\"2024-08-20T16:02:34+00:00\",\"mainEntityOfPage\":{\"@id\":\"https:\\\/\\\/eldiariodelaeducacion.com\\\/convivenciayeducacionenvalores\\\/2021\\\/06\\\/30\\\/proyectos-veteranos-de-aprendizaje-servicio\\\/\"},\"wordCount\":4467,\"commentCount\":0,\"image\":{\"@id\":\"https:\\\/\\\/eldiariodelaeducacion.com\\\/convivenciayeducacionenvalores\\\/2021\\\/06\\\/30\\\/proyectos-veteranos-de-aprendizaje-servicio\\\/#primaryimage\"},\"thumbnailUrl\":\"https:\\\/\\\/eldiariodelaeducacion.com\\\/convivenciayeducacionenvalores\\\/wp-content\\\/uploads\\\/sites\\\/18\\\/2021\\\/06\\\/Cartells-Donacio-Sang.png\",\"articleSection\":[\"Convivencia y educaci\u00f3n en valores\"],\"inLanguage\":\"es\",\"potentialAction\":[{\"@type\":\"CommentAction\",\"name\":\"Comment\",\"target\":[\"https:\\\/\\\/eldiariodelaeducacion.com\\\/convivenciayeducacionenvalores\\\/2021\\\/06\\\/30\\\/proyectos-veteranos-de-aprendizaje-servicio\\\/#respond\"]}]},{\"@type\":\"WebPage\",\"@id\":\"https:\\\/\\\/eldiariodelaeducacion.com\\\/convivenciayeducacionenvalores\\\/2021\\\/06\\\/30\\\/proyectos-veteranos-de-aprendizaje-servicio\\\/\",\"url\":\"https:\\\/\\\/eldiariodelaeducacion.com\\\/convivenciayeducacionenvalores\\\/2021\\\/06\\\/30\\\/proyectos-veteranos-de-aprendizaje-servicio\\\/\",\"name\":\"Proyectos veteranos de aprendizaje-servicio - Convivencia y educaci\u00f3n en valores\",\"isPartOf\":{\"@id\":\"https:\\\/\\\/eldiariodelaeducacion.com\\\/convivenciayeducacionenvalores\\\/#website\"},\"primaryImageOfPage\":{\"@id\":\"https:\\\/\\\/eldiariodelaeducacion.com\\\/convivenciayeducacionenvalores\\\/2021\\\/06\\\/30\\\/proyectos-veteranos-de-aprendizaje-servicio\\\/#primaryimage\"},\"image\":{\"@id\":\"https:\\\/\\\/eldiariodelaeducacion.com\\\/convivenciayeducacionenvalores\\\/2021\\\/06\\\/30\\\/proyectos-veteranos-de-aprendizaje-servicio\\\/#primaryimage\"},\"thumbnailUrl\":\"https:\\\/\\\/eldiariodelaeducacion.com\\\/convivenciayeducacionenvalores\\\/wp-content\\\/uploads\\\/sites\\\/18\\\/2021\\\/06\\\/Cartells-Donacio-Sang.png\",\"datePublished\":\"2021-06-30T07:32:23+00:00\",\"dateModified\":\"2024-08-20T16:02:34+00:00\",\"author\":{\"@id\":\"https:\\\/\\\/eldiariodelaeducacion.com\\\/convivenciayeducacionenvalores\\\/#\\\/schema\\\/person\\\/b2d57468936290059b21fe24957dc294\"},\"breadcrumb\":{\"@id\":\"https:\\\/\\\/eldiariodelaeducacion.com\\\/convivenciayeducacionenvalores\\\/2021\\\/06\\\/30\\\/proyectos-veteranos-de-aprendizaje-servicio\\\/#breadcrumb\"},\"inLanguage\":\"es\",\"potentialAction\":[{\"@type\":\"ReadAction\",\"target\":[\"https:\\\/\\\/eldiariodelaeducacion.com\\\/convivenciayeducacionenvalores\\\/2021\\\/06\\\/30\\\/proyectos-veteranos-de-aprendizaje-servicio\\\/\"]}]},{\"@type\":\"ImageObject\",\"inLanguage\":\"es\",\"@id\":\"https:\\\/\\\/eldiariodelaeducacion.com\\\/convivenciayeducacionenvalores\\\/2021\\\/06\\\/30\\\/proyectos-veteranos-de-aprendizaje-servicio\\\/#primaryimage\",\"url\":\"https:\\\/\\\/eldiariodelaeducacion.com\\\/convivenciayeducacionenvalores\\\/wp-content\\\/uploads\\\/sites\\\/18\\\/2021\\\/06\\\/Cartells-Donacio-Sang.png\",\"contentUrl\":\"https:\\\/\\\/eldiariodelaeducacion.com\\\/convivenciayeducacionenvalores\\\/wp-content\\\/uploads\\\/sites\\\/18\\\/2021\\\/06\\\/Cartells-Donacio-Sang.png\",\"width\":1139,\"height\":767},{\"@type\":\"BreadcrumbList\",\"@id\":\"https:\\\/\\\/eldiariodelaeducacion.com\\\/convivenciayeducacionenvalores\\\/2021\\\/06\\\/30\\\/proyectos-veteranos-de-aprendizaje-servicio\\\/#breadcrumb\",\"itemListElement\":[{\"@type\":\"ListItem\",\"position\":1,\"name\":\"Portada\",\"item\":\"https:\\\/\\\/eldiariodelaeducacion.com\\\/convivenciayeducacionenvalores\\\/\"},{\"@type\":\"ListItem\",\"position\":2,\"name\":\"Proyectos veteranos de aprendizaje-servicio\"}]},{\"@type\":\"WebSite\",\"@id\":\"https:\\\/\\\/eldiariodelaeducacion.com\\\/convivenciayeducacionenvalores\\\/#website\",\"url\":\"https:\\\/\\\/eldiariodelaeducacion.com\\\/convivenciayeducacionenvalores\\\/\",\"name\":\"Convivencia y educaci\u00f3n en valores\",\"description\":\"Un blog de El Diario de la Educaci\u00f3n\",\"potentialAction\":[{\"@type\":\"SearchAction\",\"target\":{\"@type\":\"EntryPoint\",\"urlTemplate\":\"https:\\\/\\\/eldiariodelaeducacion.com\\\/convivenciayeducacionenvalores\\\/?s={search_term_string}\"},\"query-input\":{\"@type\":\"PropertyValueSpecification\",\"valueRequired\":true,\"valueName\":\"search_term_string\"}}],\"inLanguage\":\"es\"},{\"@type\":\"Person\",\"@id\":\"https:\\\/\\\/eldiariodelaeducacion.com\\\/convivenciayeducacionenvalores\\\/#\\\/schema\\\/person\\\/b2d57468936290059b21fe24957dc294\",\"name\":\"Roser Batlle\",\"image\":{\"@type\":\"ImageObject\",\"inLanguage\":\"es\",\"@id\":\"https:\\\/\\\/secure.gravatar.com\\\/avatar\\\/917cabcdba70bab343adf71df17343ee8a4c801b24dd9788d6d25ae4fa58dfde?s=96&d=mm&r=g\",\"url\":\"https:\\\/\\\/secure.gravatar.com\\\/avatar\\\/917cabcdba70bab343adf71df17343ee8a4c801b24dd9788d6d25ae4fa58dfde?s=96&d=mm&r=g\",\"contentUrl\":\"https:\\\/\\\/secure.gravatar.com\\\/avatar\\\/917cabcdba70bab343adf71df17343ee8a4c801b24dd9788d6d25ae4fa58dfde?s=96&d=mm&r=g\",\"caption\":\"Roser Batlle\"},\"description\":\"Red Espa\u00f1ola de Aprendizaje-Servicio\",\"url\":\"https:\\\/\\\/eldiariodelaeducacion.com\\\/convivenciayeducacionenvalores\\\/author\\\/roser\\\/\"}]}<\/script>\n<!-- \/ Yoast SEO plugin. -->","yoast_head_json":{"title":"Proyectos veteranos de aprendizaje-servicio - Convivencia y educaci\u00f3n en valores","robots":{"index":"index","follow":"follow","max-snippet":"max-snippet:-1","max-image-preview":"max-image-preview:large","max-video-preview":"max-video-preview:-1"},"canonical":"https:\/\/eldiariodelaeducacion.com\/convivenciayeducacionenvalores\/2021\/06\/30\/proyectos-veteranos-de-aprendizaje-servicio\/","og_locale":"es_ES","og_type":"article","og_title":"Proyectos veteranos de aprendizaje-servicio - Convivencia y educaci\u00f3n en valores","og_description":"\u00a1La veteran\u00eda es un grado! La novedad no siempre es la mejor opci\u00f3n \u00bfCu\u00e1ntas veces tenemos que ensayar una canci\u00f3n hasta que nos sale bien? \u00bfCu\u00e1ntas veces jugamos al mismo juego que nos gusta y divierte tanto? \u00bfCu\u00e1ntas veces vamos de excursi\u00f3n a Montserrat? \u00bfS\u00f3lo una vez y se acab\u00f3? Las cosas que valen la","og_url":"https:\/\/eldiariodelaeducacion.com\/convivenciayeducacionenvalores\/2021\/06\/30\/proyectos-veteranos-de-aprendizaje-servicio\/","og_site_name":"Convivencia y educaci\u00f3n en valores","article_published_time":"2021-06-30T07:32:23+00:00","article_modified_time":"2024-08-20T16:02:34+00:00","og_image":[{"width":1139,"height":767,"url":"https:\/\/eldiariodelaeducacion.com\/convivenciayeducacionenvalores\/wp-content\/uploads\/sites\/18\/2021\/06\/Cartells-Donacio-Sang.png","type":"image\/png"}],"author":"Roser Batlle","twitter_card":"summary_large_image","twitter_misc":{"Escrito por":"Roser Batlle","Tiempo de lectura":"22 minutos"},"schema":{"@context":"https:\/\/schema.org","@graph":[{"@type":"Article","@id":"https:\/\/eldiariodelaeducacion.com\/convivenciayeducacionenvalores\/2021\/06\/30\/proyectos-veteranos-de-aprendizaje-servicio\/#article","isPartOf":{"@id":"https:\/\/eldiariodelaeducacion.com\/convivenciayeducacionenvalores\/2021\/06\/30\/proyectos-veteranos-de-aprendizaje-servicio\/"},"author":{"name":"Roser Batlle","@id":"https:\/\/eldiariodelaeducacion.com\/convivenciayeducacionenvalores\/#\/schema\/person\/b2d57468936290059b21fe24957dc294"},"headline":"Proyectos veteranos de aprendizaje-servicio","datePublished":"2021-06-30T07:32:23+00:00","dateModified":"2024-08-20T16:02:34+00:00","mainEntityOfPage":{"@id":"https:\/\/eldiariodelaeducacion.com\/convivenciayeducacionenvalores\/2021\/06\/30\/proyectos-veteranos-de-aprendizaje-servicio\/"},"wordCount":4467,"commentCount":0,"image":{"@id":"https:\/\/eldiariodelaeducacion.com\/convivenciayeducacionenvalores\/2021\/06\/30\/proyectos-veteranos-de-aprendizaje-servicio\/#primaryimage"},"thumbnailUrl":"https:\/\/eldiariodelaeducacion.com\/convivenciayeducacionenvalores\/wp-content\/uploads\/sites\/18\/2021\/06\/Cartells-Donacio-Sang.png","articleSection":["Convivencia y educaci\u00f3n en valores"],"inLanguage":"es","potentialAction":[{"@type":"CommentAction","name":"Comment","target":["https:\/\/eldiariodelaeducacion.com\/convivenciayeducacionenvalores\/2021\/06\/30\/proyectos-veteranos-de-aprendizaje-servicio\/#respond"]}]},{"@type":"WebPage","@id":"https:\/\/eldiariodelaeducacion.com\/convivenciayeducacionenvalores\/2021\/06\/30\/proyectos-veteranos-de-aprendizaje-servicio\/","url":"https:\/\/eldiariodelaeducacion.com\/convivenciayeducacionenvalores\/2021\/06\/30\/proyectos-veteranos-de-aprendizaje-servicio\/","name":"Proyectos veteranos de aprendizaje-servicio - Convivencia y educaci\u00f3n en valores","isPartOf":{"@id":"https:\/\/eldiariodelaeducacion.com\/convivenciayeducacionenvalores\/#website"},"primaryImageOfPage":{"@id":"https:\/\/eldiariodelaeducacion.com\/convivenciayeducacionenvalores\/2021\/06\/30\/proyectos-veteranos-de-aprendizaje-servicio\/#primaryimage"},"image":{"@id":"https:\/\/eldiariodelaeducacion.com\/convivenciayeducacionenvalores\/2021\/06\/30\/proyectos-veteranos-de-aprendizaje-servicio\/#primaryimage"},"thumbnailUrl":"https:\/\/eldiariodelaeducacion.com\/convivenciayeducacionenvalores\/wp-content\/uploads\/sites\/18\/2021\/06\/Cartells-Donacio-Sang.png","datePublished":"2021-06-30T07:32:23+00:00","dateModified":"2024-08-20T16:02:34+00:00","author":{"@id":"https:\/\/eldiariodelaeducacion.com\/convivenciayeducacionenvalores\/#\/schema\/person\/b2d57468936290059b21fe24957dc294"},"breadcrumb":{"@id":"https:\/\/eldiariodelaeducacion.com\/convivenciayeducacionenvalores\/2021\/06\/30\/proyectos-veteranos-de-aprendizaje-servicio\/#breadcrumb"},"inLanguage":"es","potentialAction":[{"@type":"ReadAction","target":["https:\/\/eldiariodelaeducacion.com\/convivenciayeducacionenvalores\/2021\/06\/30\/proyectos-veteranos-de-aprendizaje-servicio\/"]}]},{"@type":"ImageObject","inLanguage":"es","@id":"https:\/\/eldiariodelaeducacion.com\/convivenciayeducacionenvalores\/2021\/06\/30\/proyectos-veteranos-de-aprendizaje-servicio\/#primaryimage","url":"https:\/\/eldiariodelaeducacion.com\/convivenciayeducacionenvalores\/wp-content\/uploads\/sites\/18\/2021\/06\/Cartells-Donacio-Sang.png","contentUrl":"https:\/\/eldiariodelaeducacion.com\/convivenciayeducacionenvalores\/wp-content\/uploads\/sites\/18\/2021\/06\/Cartells-Donacio-Sang.png","width":1139,"height":767},{"@type":"BreadcrumbList","@id":"https:\/\/eldiariodelaeducacion.com\/convivenciayeducacionenvalores\/2021\/06\/30\/proyectos-veteranos-de-aprendizaje-servicio\/#breadcrumb","itemListElement":[{"@type":"ListItem","position":1,"name":"Portada","item":"https:\/\/eldiariodelaeducacion.com\/convivenciayeducacionenvalores\/"},{"@type":"ListItem","position":2,"name":"Proyectos veteranos de aprendizaje-servicio"}]},{"@type":"WebSite","@id":"https:\/\/eldiariodelaeducacion.com\/convivenciayeducacionenvalores\/#website","url":"https:\/\/eldiariodelaeducacion.com\/convivenciayeducacionenvalores\/","name":"Convivencia y educaci\u00f3n en valores","description":"Un blog de El Diario de la Educaci\u00f3n","potentialAction":[{"@type":"SearchAction","target":{"@type":"EntryPoint","urlTemplate":"https:\/\/eldiariodelaeducacion.com\/convivenciayeducacionenvalores\/?s={search_term_string}"},"query-input":{"@type":"PropertyValueSpecification","valueRequired":true,"valueName":"search_term_string"}}],"inLanguage":"es"},{"@type":"Person","@id":"https:\/\/eldiariodelaeducacion.com\/convivenciayeducacionenvalores\/#\/schema\/person\/b2d57468936290059b21fe24957dc294","name":"Roser Batlle","image":{"@type":"ImageObject","inLanguage":"es","@id":"https:\/\/secure.gravatar.com\/avatar\/917cabcdba70bab343adf71df17343ee8a4c801b24dd9788d6d25ae4fa58dfde?s=96&d=mm&r=g","url":"https:\/\/secure.gravatar.com\/avatar\/917cabcdba70bab343adf71df17343ee8a4c801b24dd9788d6d25ae4fa58dfde?s=96&d=mm&r=g","contentUrl":"https:\/\/secure.gravatar.com\/avatar\/917cabcdba70bab343adf71df17343ee8a4c801b24dd9788d6d25ae4fa58dfde?s=96&d=mm&r=g","caption":"Roser Batlle"},"description":"Red Espa\u00f1ola de Aprendizaje-Servicio","url":"https:\/\/eldiariodelaeducacion.com\/convivenciayeducacionenvalores\/author\/roser\/"}]}},"_links":{"self":[{"href":"https:\/\/eldiariodelaeducacion.com\/convivenciayeducacionenvalores\/wp-json\/wp\/v2\/posts\/760","targetHints":{"allow":["GET"]}}],"collection":[{"href":"https:\/\/eldiariodelaeducacion.com\/convivenciayeducacionenvalores\/wp-json\/wp\/v2\/posts"}],"about":[{"href":"https:\/\/eldiariodelaeducacion.com\/convivenciayeducacionenvalores\/wp-json\/wp\/v2\/types\/post"}],"author":[{"embeddable":true,"href":"https:\/\/eldiariodelaeducacion.com\/convivenciayeducacionenvalores\/wp-json\/wp\/v2\/users\/152"}],"replies":[{"embeddable":true,"href":"https:\/\/eldiariodelaeducacion.com\/convivenciayeducacionenvalores\/wp-json\/wp\/v2\/comments?post=760"}],"version-history":[{"count":1,"href":"https:\/\/eldiariodelaeducacion.com\/convivenciayeducacionenvalores\/wp-json\/wp\/v2\/posts\/760\/revisions"}],"predecessor-version":[{"id":1443,"href":"https:\/\/eldiariodelaeducacion.com\/convivenciayeducacionenvalores\/wp-json\/wp\/v2\/posts\/760\/revisions\/1443"}],"wp:featuredmedia":[{"embeddable":true,"href":"https:\/\/eldiariodelaeducacion.com\/convivenciayeducacionenvalores\/wp-json\/wp\/v2\/media\/778"}],"wp:attachment":[{"href":"https:\/\/eldiariodelaeducacion.com\/convivenciayeducacionenvalores\/wp-json\/wp\/v2\/media?parent=760"}],"wp:term":[{"taxonomy":"category","embeddable":true,"href":"https:\/\/eldiariodelaeducacion.com\/convivenciayeducacionenvalores\/wp-json\/wp\/v2\/categories?post=760"},{"taxonomy":"post_tag","embeddable":true,"href":"https:\/\/eldiariodelaeducacion.com\/convivenciayeducacionenvalores\/wp-json\/wp\/v2\/tags?post=760"},{"taxonomy":"tipo","embeddable":true,"href":"https:\/\/eldiariodelaeducacion.com\/convivenciayeducacionenvalores\/wp-json\/wp\/v2\/tipo?post=760"}],"curies":[{"name":"wp","href":"https:\/\/api.w.org\/{rel}","templated":true}]}}