{"id":833,"date":"2022-01-26T17:58:01","date_gmt":"2022-01-26T17:58:01","guid":{"rendered":"https:\/\/eldiariodelaeducacion.com\/convivenciayeducacionenvalores\/?p=833"},"modified":"2024-08-20T18:02:35","modified_gmt":"2024-08-20T16:02:35","slug":"liderazgo-para-el-aprendizaje-etico","status":"publish","type":"post","link":"https:\/\/eldiariodelaeducacion.com\/convivenciayeducacionenvalores\/2022\/01\/26\/liderazgo-para-el-aprendizaje-etico\/","title":{"rendered":"Liderazgo para el aprendizaje \u00e9tico"},"content":{"rendered":"<p>El liderazgo para el aprendizaje se est\u00e1 imponiendo como una buena manera de generar equipo, transformar la cultura de centro, contribuir a que la escuela sea una organizaci\u00f3n que aprende y mejorar los resultados de aprendizaje del alumnado. Disponemos de estudios e investigaciones internacionales y tambi\u00e9n en Espa\u00f1a que fundamentan te\u00f3ricamente, muestran a trav\u00e9s de evidencias y aportan pr\u00e1cticas de referencia en la formaci\u00f3n de directivos de centros educativos contrastadas y exitosas desde la perspectiva del liderazgo distribuido.<\/p>\n<p>Ahora bien, la gran mayor\u00eda de propuestas de mejora abordadas desde el liderazgo para el aprendizaje, cuando se refieren a resultados de aprendizaje del alumnado, se centran en los aprendizajes cl\u00e1sicamente acad\u00e9micos y con mayor consideraci\u00f3n social. Conviene aprovechar esta mirada y centrarla tambi\u00e9n en el aprendizaje principal que debe cultivar la escuela: formar personas con criterio propio que procuren el bien com\u00fan y sean capaces de contribuir a una ciudadan\u00eda m\u00e1s democr\u00e1tica e inclusiva que la actual. Estos aprendizajes \u00e9ticos y morales no siempre se han considerado fundamentales en la pr\u00e1ctica a pesar de que se declaren como principales.<\/p>\n<blockquote><p>Es necesario un buen liderazgo pedag\u00f3gico que incluya entre sus objetivos la formaci\u00f3n integral y democr\u00e1tica de su alumnado en valores<\/p><\/blockquote>\n<p>Por eso conviene destacarlos. Porque otorgan sentido y conforman el aut\u00e9ntico prop\u00f3sito de la educaci\u00f3n y el sentido de la escuela. Y adem\u00e1s, porque nuestro mundo nos plantea con crudeza retos como los que nos ha evidenciado la pandemia, problemas de bienestar emocional y salud mental, o como la emergencia clim\u00e1tica, los totalitarismos de siempre y los nuevos, las desigualdades cada vez m\u00e1s graves y pr\u00f3ximas a nuestras casas\u2026 que reclaman una educaci\u00f3n y una escuela al servicio del bien com\u00fan y la formaci\u00f3n de un determinado perfil de persona y ciudadano. Es necesario un buen liderazgo pedag\u00f3gico para el aprendizaje en las escuelas que incluya entre sus objetivos de mejora y calidad la formaci\u00f3n integral y democr\u00e1tica de su alumnado en valores.<\/p>\n<p>Un liderazgo de los directivos y equipos directivos que ser\u00e1 eficiente y eficaz si mejora, en primer lugar, la capacidad de liderazgo del profesorado en la conformaci\u00f3n de relaciones de reciprocidad y confianza que conforman la trama moral de la escuela ;y en segundo lugar, si mejora la capacidad de liderazgo del alumnado en la construcci\u00f3n de su personalidad moral.<\/p>\n<p>Y como en todo proceso de transformaci\u00f3n que quiera influir en el alumnado y repensar la escuela, ser\u00e1 necesario dedicar tiempo y espacio para la reflexi\u00f3n, aprovechar y buscar recursos y tener confianza activa en el logro de acuerdos que orienten la mejora.<\/p>\n<p>Tiempo y reflexi\u00f3n para identificar cu\u00e1les son los valores emergentes en nuestra sociedad y los que tienen nuestros j\u00f3venes hoy y qu\u00e9 modelo de sociedad queremos; espacios de reflexi\u00f3n \u00e9tica, recursos y confianza entre el equipo educativo para establecer itinerarios compartidos para transitar desde donde estamos a donde queremos ir: consolidando proactivamente determinados valores, resistiendo ante contravalores , conservando pr\u00e1cticas exitosas de educaci\u00f3n en valores, innovando con nuevas pr\u00e1cticas y entornos\u2026 Y siempre aterrizando en el contexto real de la escuela por ejemplo: analizando lo que hacemos en las aulas, en el curr\u00edculo, en los espacios no formales de la escuela en relaci\u00f3n al mundo de los valores, o c\u00f3mo enfocamos y regulamos el vinculo educativo con el alumnado y las relaciones entre iguales.<\/p>\n<p>Este tipo de cuestiones -de car\u00e1cter \u00e9tico y moral- son con frecuencia controvertidas y generan diferentes reacciones iniciales en el profesorado. Es necesario escuchar con atenci\u00f3n y comprender los diferentes valores y posiciones de los miembros del equipo docente sin que necesariamente suponga aceptaci\u00f3n y acuerdo en todo. Conviene identificar \u201dlas l\u00edneas rojas\u201d para poder establecer puentes, identificar consensos y disensos en relaci\u00f3n a los valores y las cuestiones controvertidas para compartir el m\u00ednimo de valores propios de una sociedad pluralista que la consoliden como sociedad democr\u00e1tica e inclusiva. Y tambi\u00e9n convendr\u00e1 establecer pautas compartidas para la acci\u00f3n pedag\u00f3gica en el centro as\u00ed como para implicar y compartir con las familias.<\/p>\n<p>Y como siempre y para influir efectivamente en el aprendizaje del alumnado- en esta ocasi\u00f3n, \u00e9tico y ciudadano- tambi\u00e9n convendr\u00e1 que el profesorado incorpore nuevos aprendizajes que les permita el uso de nuevos conocimientos y habilidades en este \u00e1mbito de su tarea educadora y que el centro facilite el apoyo organizativo para el cambio.<\/p>\n<p>En definitiva, se trata de entender la perspectiva del liderazgo distribuido para el aprendizaje en sentido amplio: en pro de un concepto integral del aprendizaje escolar que integre aprendizaje \u00e9tico y ciudadano y conocimientos, competencias y virtudes para profundizar y vivir en los valores de la democracia.<\/p>\n","protected":false},"excerpt":{"rendered":"<p>El liderazgo para el aprendizaje se est\u00e1 imponiendo como una buena manera de generar equipo, transformar la cultura de centro, contribuir a que la escuela sea una organizaci\u00f3n que aprende y mejorar los resultados de aprendizaje del alumnado. Disponemos de estudios e investigaciones internacionales y tambi\u00e9n en Espa\u00f1a que fundamentan te\u00f3ricamente, muestran a trav\u00e9s de<\/p>\n","protected":false},"author":850,"featured_media":834,"comment_status":"open","ping_status":"closed","sticky":false,"template":"","format":"standard","meta":{"footnotes":""},"categories":[16],"tags":[],"tipo":[46],"class_list":{"0":"post-833","1":"post","2":"type-post","3":"status-publish","4":"format-standard","5":"has-post-thumbnail","7":"category-convivencia-y-educacion-en-valores-2","8":"tipo-analisis"},"yoast_head":"<!-- This site is optimized with the Yoast SEO plugin v27.5 - https:\/\/yoast.com\/product\/yoast-seo-wordpress\/ -->\n<title>Liderazgo para el aprendizaje \u00e9tico - Convivencia y educaci\u00f3n en valores<\/title>\n<meta name=\"robots\" content=\"index, follow, max-snippet:-1, max-image-preview:large, max-video-preview:-1\" \/>\n<link rel=\"canonical\" href=\"https:\/\/eldiariodelaeducacion.com\/convivenciayeducacionenvalores\/2022\/01\/26\/liderazgo-para-el-aprendizaje-etico\/\" \/>\n<meta property=\"og:locale\" content=\"es_ES\" \/>\n<meta property=\"og:type\" content=\"article\" \/>\n<meta property=\"og:title\" content=\"Liderazgo para el aprendizaje \u00e9tico - Convivencia y educaci\u00f3n en valores\" \/>\n<meta property=\"og:description\" content=\"El liderazgo para el aprendizaje se est\u00e1 imponiendo como una buena manera de generar equipo, transformar la cultura de centro, contribuir a que la escuela sea una organizaci\u00f3n que aprende y mejorar los resultados de aprendizaje del alumnado. Disponemos de estudios e investigaciones internacionales y tambi\u00e9n en Espa\u00f1a que fundamentan te\u00f3ricamente, muestran a trav\u00e9s de\" \/>\n<meta property=\"og:url\" content=\"https:\/\/eldiariodelaeducacion.com\/convivenciayeducacionenvalores\/2022\/01\/26\/liderazgo-para-el-aprendizaje-etico\/\" \/>\n<meta property=\"og:site_name\" content=\"Convivencia y educaci\u00f3n en valores\" \/>\n<meta property=\"article:published_time\" content=\"2022-01-26T17:58:01+00:00\" \/>\n<meta property=\"article:modified_time\" content=\"2024-08-20T16:02:35+00:00\" \/>\n<meta property=\"og:image\" content=\"https:\/\/eldiariodelaeducacion.com\/convivenciayeducacionenvalores\/wp-content\/uploads\/sites\/18\/2022\/01\/iStock-1286549356.jpg\" \/>\n\t<meta property=\"og:image:width\" content=\"1254\" \/>\n\t<meta property=\"og:image:height\" content=\"836\" \/>\n\t<meta property=\"og:image:type\" content=\"image\/jpeg\" \/>\n<meta name=\"author\" content=\"Miquel Mart\u00ednez Martin\" \/>\n<meta name=\"twitter:card\" content=\"summary_large_image\" \/>\n<meta name=\"twitter:label1\" content=\"Escrito por\" \/>\n\t<meta name=\"twitter:data1\" content=\"Miquel Mart\u00ednez Martin\" \/>\n\t<meta name=\"twitter:label2\" content=\"Tiempo de lectura\" \/>\n\t<meta name=\"twitter:data2\" content=\"4 minutos\" \/>\n<script type=\"application\/ld+json\" class=\"yoast-schema-graph\">{\"@context\":\"https:\\\/\\\/schema.org\",\"@graph\":[{\"@type\":\"Article\",\"@id\":\"https:\\\/\\\/eldiariodelaeducacion.com\\\/convivenciayeducacionenvalores\\\/2022\\\/01\\\/26\\\/liderazgo-para-el-aprendizaje-etico\\\/#article\",\"isPartOf\":{\"@id\":\"https:\\\/\\\/eldiariodelaeducacion.com\\\/convivenciayeducacionenvalores\\\/2022\\\/01\\\/26\\\/liderazgo-para-el-aprendizaje-etico\\\/\"},\"author\":{\"name\":\"Miquel Mart\u00ednez Martin\",\"@id\":\"https:\\\/\\\/eldiariodelaeducacion.com\\\/convivenciayeducacionenvalores\\\/#\\\/schema\\\/person\\\/5239c12c4b5a63a0da1fb1cb6b9dc2f5\"},\"headline\":\"Liderazgo para el aprendizaje \u00e9tico\",\"datePublished\":\"2022-01-26T17:58:01+00:00\",\"dateModified\":\"2024-08-20T16:02:35+00:00\",\"mainEntityOfPage\":{\"@id\":\"https:\\\/\\\/eldiariodelaeducacion.com\\\/convivenciayeducacionenvalores\\\/2022\\\/01\\\/26\\\/liderazgo-para-el-aprendizaje-etico\\\/\"},\"wordCount\":824,\"commentCount\":0,\"image\":{\"@id\":\"https:\\\/\\\/eldiariodelaeducacion.com\\\/convivenciayeducacionenvalores\\\/2022\\\/01\\\/26\\\/liderazgo-para-el-aprendizaje-etico\\\/#primaryimage\"},\"thumbnailUrl\":\"https:\\\/\\\/eldiariodelaeducacion.com\\\/convivenciayeducacionenvalores\\\/wp-content\\\/uploads\\\/sites\\\/18\\\/2022\\\/01\\\/iStock-1286549356.jpg\",\"articleSection\":[\"Convivencia y educaci\u00f3n en valores\"],\"inLanguage\":\"es\",\"potentialAction\":[{\"@type\":\"CommentAction\",\"name\":\"Comment\",\"target\":[\"https:\\\/\\\/eldiariodelaeducacion.com\\\/convivenciayeducacionenvalores\\\/2022\\\/01\\\/26\\\/liderazgo-para-el-aprendizaje-etico\\\/#respond\"]}]},{\"@type\":\"WebPage\",\"@id\":\"https:\\\/\\\/eldiariodelaeducacion.com\\\/convivenciayeducacionenvalores\\\/2022\\\/01\\\/26\\\/liderazgo-para-el-aprendizaje-etico\\\/\",\"url\":\"https:\\\/\\\/eldiariodelaeducacion.com\\\/convivenciayeducacionenvalores\\\/2022\\\/01\\\/26\\\/liderazgo-para-el-aprendizaje-etico\\\/\",\"name\":\"Liderazgo para el aprendizaje \u00e9tico - Convivencia y educaci\u00f3n en valores\",\"isPartOf\":{\"@id\":\"https:\\\/\\\/eldiariodelaeducacion.com\\\/convivenciayeducacionenvalores\\\/#website\"},\"primaryImageOfPage\":{\"@id\":\"https:\\\/\\\/eldiariodelaeducacion.com\\\/convivenciayeducacionenvalores\\\/2022\\\/01\\\/26\\\/liderazgo-para-el-aprendizaje-etico\\\/#primaryimage\"},\"image\":{\"@id\":\"https:\\\/\\\/eldiariodelaeducacion.com\\\/convivenciayeducacionenvalores\\\/2022\\\/01\\\/26\\\/liderazgo-para-el-aprendizaje-etico\\\/#primaryimage\"},\"thumbnailUrl\":\"https:\\\/\\\/eldiariodelaeducacion.com\\\/convivenciayeducacionenvalores\\\/wp-content\\\/uploads\\\/sites\\\/18\\\/2022\\\/01\\\/iStock-1286549356.jpg\",\"datePublished\":\"2022-01-26T17:58:01+00:00\",\"dateModified\":\"2024-08-20T16:02:35+00:00\",\"author\":{\"@id\":\"https:\\\/\\\/eldiariodelaeducacion.com\\\/convivenciayeducacionenvalores\\\/#\\\/schema\\\/person\\\/5239c12c4b5a63a0da1fb1cb6b9dc2f5\"},\"breadcrumb\":{\"@id\":\"https:\\\/\\\/eldiariodelaeducacion.com\\\/convivenciayeducacionenvalores\\\/2022\\\/01\\\/26\\\/liderazgo-para-el-aprendizaje-etico\\\/#breadcrumb\"},\"inLanguage\":\"es\",\"potentialAction\":[{\"@type\":\"ReadAction\",\"target\":[\"https:\\\/\\\/eldiariodelaeducacion.com\\\/convivenciayeducacionenvalores\\\/2022\\\/01\\\/26\\\/liderazgo-para-el-aprendizaje-etico\\\/\"]}]},{\"@type\":\"ImageObject\",\"inLanguage\":\"es\",\"@id\":\"https:\\\/\\\/eldiariodelaeducacion.com\\\/convivenciayeducacionenvalores\\\/2022\\\/01\\\/26\\\/liderazgo-para-el-aprendizaje-etico\\\/#primaryimage\",\"url\":\"https:\\\/\\\/eldiariodelaeducacion.com\\\/convivenciayeducacionenvalores\\\/wp-content\\\/uploads\\\/sites\\\/18\\\/2022\\\/01\\\/iStock-1286549356.jpg\",\"contentUrl\":\"https:\\\/\\\/eldiariodelaeducacion.com\\\/convivenciayeducacionenvalores\\\/wp-content\\\/uploads\\\/sites\\\/18\\\/2022\\\/01\\\/iStock-1286549356.jpg\",\"width\":1254,\"height\":836,\"caption\":\"iStock\"},{\"@type\":\"BreadcrumbList\",\"@id\":\"https:\\\/\\\/eldiariodelaeducacion.com\\\/convivenciayeducacionenvalores\\\/2022\\\/01\\\/26\\\/liderazgo-para-el-aprendizaje-etico\\\/#breadcrumb\",\"itemListElement\":[{\"@type\":\"ListItem\",\"position\":1,\"name\":\"Portada\",\"item\":\"https:\\\/\\\/eldiariodelaeducacion.com\\\/convivenciayeducacionenvalores\\\/\"},{\"@type\":\"ListItem\",\"position\":2,\"name\":\"Liderazgo para el aprendizaje \u00e9tico\"}]},{\"@type\":\"WebSite\",\"@id\":\"https:\\\/\\\/eldiariodelaeducacion.com\\\/convivenciayeducacionenvalores\\\/#website\",\"url\":\"https:\\\/\\\/eldiariodelaeducacion.com\\\/convivenciayeducacionenvalores\\\/\",\"name\":\"Convivencia y educaci\u00f3n en valores\",\"description\":\"Un blog de El Diario de la Educaci\u00f3n\",\"potentialAction\":[{\"@type\":\"SearchAction\",\"target\":{\"@type\":\"EntryPoint\",\"urlTemplate\":\"https:\\\/\\\/eldiariodelaeducacion.com\\\/convivenciayeducacionenvalores\\\/?s={search_term_string}\"},\"query-input\":{\"@type\":\"PropertyValueSpecification\",\"valueRequired\":true,\"valueName\":\"search_term_string\"}}],\"inLanguage\":\"es\"},{\"@type\":\"Person\",\"@id\":\"https:\\\/\\\/eldiariodelaeducacion.com\\\/convivenciayeducacionenvalores\\\/#\\\/schema\\\/person\\\/5239c12c4b5a63a0da1fb1cb6b9dc2f5\",\"name\":\"Miquel Mart\u00ednez Martin\",\"image\":{\"@type\":\"ImageObject\",\"inLanguage\":\"es\",\"@id\":\"https:\\\/\\\/secure.gravatar.com\\\/avatar\\\/33b561312af7a0a3fccaf9a1538e35f44ac9851286fdbb78f3eeb2b1b46117bc?s=96&d=mm&r=g\",\"url\":\"https:\\\/\\\/secure.gravatar.com\\\/avatar\\\/33b561312af7a0a3fccaf9a1538e35f44ac9851286fdbb78f3eeb2b1b46117bc?s=96&d=mm&r=g\",\"contentUrl\":\"https:\\\/\\\/secure.gravatar.com\\\/avatar\\\/33b561312af7a0a3fccaf9a1538e35f44ac9851286fdbb78f3eeb2b1b46117bc?s=96&d=mm&r=g\",\"caption\":\"Miquel Mart\u00ednez Martin\"},\"url\":\"https:\\\/\\\/eldiariodelaeducacion.com\\\/convivenciayeducacionenvalores\\\/author\\\/miquel-martinez\\\/\"}]}<\/script>\n<!-- \/ Yoast SEO plugin. -->","yoast_head_json":{"title":"Liderazgo para el aprendizaje \u00e9tico - Convivencia y educaci\u00f3n en valores","robots":{"index":"index","follow":"follow","max-snippet":"max-snippet:-1","max-image-preview":"max-image-preview:large","max-video-preview":"max-video-preview:-1"},"canonical":"https:\/\/eldiariodelaeducacion.com\/convivenciayeducacionenvalores\/2022\/01\/26\/liderazgo-para-el-aprendizaje-etico\/","og_locale":"es_ES","og_type":"article","og_title":"Liderazgo para el aprendizaje \u00e9tico - Convivencia y educaci\u00f3n en valores","og_description":"El liderazgo para el aprendizaje se est\u00e1 imponiendo como una buena manera de generar equipo, transformar la cultura de centro, contribuir a que la escuela sea una organizaci\u00f3n que aprende y mejorar los resultados de aprendizaje del alumnado. Disponemos de estudios e investigaciones internacionales y tambi\u00e9n en Espa\u00f1a que fundamentan te\u00f3ricamente, muestran a trav\u00e9s de","og_url":"https:\/\/eldiariodelaeducacion.com\/convivenciayeducacionenvalores\/2022\/01\/26\/liderazgo-para-el-aprendizaje-etico\/","og_site_name":"Convivencia y educaci\u00f3n en valores","article_published_time":"2022-01-26T17:58:01+00:00","article_modified_time":"2024-08-20T16:02:35+00:00","og_image":[{"width":1254,"height":836,"url":"https:\/\/eldiariodelaeducacion.com\/convivenciayeducacionenvalores\/wp-content\/uploads\/sites\/18\/2022\/01\/iStock-1286549356.jpg","type":"image\/jpeg"}],"author":"Miquel Mart\u00ednez Martin","twitter_card":"summary_large_image","twitter_misc":{"Escrito por":"Miquel Mart\u00ednez Martin","Tiempo de lectura":"4 minutos"},"schema":{"@context":"https:\/\/schema.org","@graph":[{"@type":"Article","@id":"https:\/\/eldiariodelaeducacion.com\/convivenciayeducacionenvalores\/2022\/01\/26\/liderazgo-para-el-aprendizaje-etico\/#article","isPartOf":{"@id":"https:\/\/eldiariodelaeducacion.com\/convivenciayeducacionenvalores\/2022\/01\/26\/liderazgo-para-el-aprendizaje-etico\/"},"author":{"name":"Miquel Mart\u00ednez Martin","@id":"https:\/\/eldiariodelaeducacion.com\/convivenciayeducacionenvalores\/#\/schema\/person\/5239c12c4b5a63a0da1fb1cb6b9dc2f5"},"headline":"Liderazgo para el aprendizaje \u00e9tico","datePublished":"2022-01-26T17:58:01+00:00","dateModified":"2024-08-20T16:02:35+00:00","mainEntityOfPage":{"@id":"https:\/\/eldiariodelaeducacion.com\/convivenciayeducacionenvalores\/2022\/01\/26\/liderazgo-para-el-aprendizaje-etico\/"},"wordCount":824,"commentCount":0,"image":{"@id":"https:\/\/eldiariodelaeducacion.com\/convivenciayeducacionenvalores\/2022\/01\/26\/liderazgo-para-el-aprendizaje-etico\/#primaryimage"},"thumbnailUrl":"https:\/\/eldiariodelaeducacion.com\/convivenciayeducacionenvalores\/wp-content\/uploads\/sites\/18\/2022\/01\/iStock-1286549356.jpg","articleSection":["Convivencia y educaci\u00f3n en valores"],"inLanguage":"es","potentialAction":[{"@type":"CommentAction","name":"Comment","target":["https:\/\/eldiariodelaeducacion.com\/convivenciayeducacionenvalores\/2022\/01\/26\/liderazgo-para-el-aprendizaje-etico\/#respond"]}]},{"@type":"WebPage","@id":"https:\/\/eldiariodelaeducacion.com\/convivenciayeducacionenvalores\/2022\/01\/26\/liderazgo-para-el-aprendizaje-etico\/","url":"https:\/\/eldiariodelaeducacion.com\/convivenciayeducacionenvalores\/2022\/01\/26\/liderazgo-para-el-aprendizaje-etico\/","name":"Liderazgo para el aprendizaje \u00e9tico - Convivencia y educaci\u00f3n en valores","isPartOf":{"@id":"https:\/\/eldiariodelaeducacion.com\/convivenciayeducacionenvalores\/#website"},"primaryImageOfPage":{"@id":"https:\/\/eldiariodelaeducacion.com\/convivenciayeducacionenvalores\/2022\/01\/26\/liderazgo-para-el-aprendizaje-etico\/#primaryimage"},"image":{"@id":"https:\/\/eldiariodelaeducacion.com\/convivenciayeducacionenvalores\/2022\/01\/26\/liderazgo-para-el-aprendizaje-etico\/#primaryimage"},"thumbnailUrl":"https:\/\/eldiariodelaeducacion.com\/convivenciayeducacionenvalores\/wp-content\/uploads\/sites\/18\/2022\/01\/iStock-1286549356.jpg","datePublished":"2022-01-26T17:58:01+00:00","dateModified":"2024-08-20T16:02:35+00:00","author":{"@id":"https:\/\/eldiariodelaeducacion.com\/convivenciayeducacionenvalores\/#\/schema\/person\/5239c12c4b5a63a0da1fb1cb6b9dc2f5"},"breadcrumb":{"@id":"https:\/\/eldiariodelaeducacion.com\/convivenciayeducacionenvalores\/2022\/01\/26\/liderazgo-para-el-aprendizaje-etico\/#breadcrumb"},"inLanguage":"es","potentialAction":[{"@type":"ReadAction","target":["https:\/\/eldiariodelaeducacion.com\/convivenciayeducacionenvalores\/2022\/01\/26\/liderazgo-para-el-aprendizaje-etico\/"]}]},{"@type":"ImageObject","inLanguage":"es","@id":"https:\/\/eldiariodelaeducacion.com\/convivenciayeducacionenvalores\/2022\/01\/26\/liderazgo-para-el-aprendizaje-etico\/#primaryimage","url":"https:\/\/eldiariodelaeducacion.com\/convivenciayeducacionenvalores\/wp-content\/uploads\/sites\/18\/2022\/01\/iStock-1286549356.jpg","contentUrl":"https:\/\/eldiariodelaeducacion.com\/convivenciayeducacionenvalores\/wp-content\/uploads\/sites\/18\/2022\/01\/iStock-1286549356.jpg","width":1254,"height":836,"caption":"iStock"},{"@type":"BreadcrumbList","@id":"https:\/\/eldiariodelaeducacion.com\/convivenciayeducacionenvalores\/2022\/01\/26\/liderazgo-para-el-aprendizaje-etico\/#breadcrumb","itemListElement":[{"@type":"ListItem","position":1,"name":"Portada","item":"https:\/\/eldiariodelaeducacion.com\/convivenciayeducacionenvalores\/"},{"@type":"ListItem","position":2,"name":"Liderazgo para el aprendizaje \u00e9tico"}]},{"@type":"WebSite","@id":"https:\/\/eldiariodelaeducacion.com\/convivenciayeducacionenvalores\/#website","url":"https:\/\/eldiariodelaeducacion.com\/convivenciayeducacionenvalores\/","name":"Convivencia y educaci\u00f3n en valores","description":"Un blog de El Diario de la Educaci\u00f3n","potentialAction":[{"@type":"SearchAction","target":{"@type":"EntryPoint","urlTemplate":"https:\/\/eldiariodelaeducacion.com\/convivenciayeducacionenvalores\/?s={search_term_string}"},"query-input":{"@type":"PropertyValueSpecification","valueRequired":true,"valueName":"search_term_string"}}],"inLanguage":"es"},{"@type":"Person","@id":"https:\/\/eldiariodelaeducacion.com\/convivenciayeducacionenvalores\/#\/schema\/person\/5239c12c4b5a63a0da1fb1cb6b9dc2f5","name":"Miquel Mart\u00ednez Martin","image":{"@type":"ImageObject","inLanguage":"es","@id":"https:\/\/secure.gravatar.com\/avatar\/33b561312af7a0a3fccaf9a1538e35f44ac9851286fdbb78f3eeb2b1b46117bc?s=96&d=mm&r=g","url":"https:\/\/secure.gravatar.com\/avatar\/33b561312af7a0a3fccaf9a1538e35f44ac9851286fdbb78f3eeb2b1b46117bc?s=96&d=mm&r=g","contentUrl":"https:\/\/secure.gravatar.com\/avatar\/33b561312af7a0a3fccaf9a1538e35f44ac9851286fdbb78f3eeb2b1b46117bc?s=96&d=mm&r=g","caption":"Miquel Mart\u00ednez Martin"},"url":"https:\/\/eldiariodelaeducacion.com\/convivenciayeducacionenvalores\/author\/miquel-martinez\/"}]}},"_links":{"self":[{"href":"https:\/\/eldiariodelaeducacion.com\/convivenciayeducacionenvalores\/wp-json\/wp\/v2\/posts\/833","targetHints":{"allow":["GET"]}}],"collection":[{"href":"https:\/\/eldiariodelaeducacion.com\/convivenciayeducacionenvalores\/wp-json\/wp\/v2\/posts"}],"about":[{"href":"https:\/\/eldiariodelaeducacion.com\/convivenciayeducacionenvalores\/wp-json\/wp\/v2\/types\/post"}],"author":[{"embeddable":true,"href":"https:\/\/eldiariodelaeducacion.com\/convivenciayeducacionenvalores\/wp-json\/wp\/v2\/users\/850"}],"replies":[{"embeddable":true,"href":"https:\/\/eldiariodelaeducacion.com\/convivenciayeducacionenvalores\/wp-json\/wp\/v2\/comments?post=833"}],"version-history":[{"count":1,"href":"https:\/\/eldiariodelaeducacion.com\/convivenciayeducacionenvalores\/wp-json\/wp\/v2\/posts\/833\/revisions"}],"predecessor-version":[{"id":1349,"href":"https:\/\/eldiariodelaeducacion.com\/convivenciayeducacionenvalores\/wp-json\/wp\/v2\/posts\/833\/revisions\/1349"}],"wp:featuredmedia":[{"embeddable":true,"href":"https:\/\/eldiariodelaeducacion.com\/convivenciayeducacionenvalores\/wp-json\/wp\/v2\/media\/834"}],"wp:attachment":[{"href":"https:\/\/eldiariodelaeducacion.com\/convivenciayeducacionenvalores\/wp-json\/wp\/v2\/media?parent=833"}],"wp:term":[{"taxonomy":"category","embeddable":true,"href":"https:\/\/eldiariodelaeducacion.com\/convivenciayeducacionenvalores\/wp-json\/wp\/v2\/categories?post=833"},{"taxonomy":"post_tag","embeddable":true,"href":"https:\/\/eldiariodelaeducacion.com\/convivenciayeducacionenvalores\/wp-json\/wp\/v2\/tags?post=833"},{"taxonomy":"tipo","embeddable":true,"href":"https:\/\/eldiariodelaeducacion.com\/convivenciayeducacionenvalores\/wp-json\/wp\/v2\/tipo?post=833"}],"curies":[{"name":"wp","href":"https:\/\/api.w.org\/{rel}","templated":true}]}}