{"id":843,"date":"2022-02-23T07:37:04","date_gmt":"2022-02-23T07:37:04","guid":{"rendered":"https:\/\/eldiariodelaeducacion.com\/convivenciayeducacionenvalores\/?p=843"},"modified":"2024-08-20T18:02:35","modified_gmt":"2024-08-20T16:02:35","slug":"renovar-la-esperanza","status":"publish","type":"post","link":"https:\/\/eldiariodelaeducacion.com\/convivenciayeducacionenvalores\/2022\/02\/23\/renovar-la-esperanza\/","title":{"rendered":"Renovar la esperanza"},"content":{"rendered":"<p>A\u00f1o nuevo, pues conflicto internacional en Ucrania, continua el golpe militar en Birmania, la versi\u00f3n del virus \u00d3micron incrementa los contagios, bancos y cajas obtienen miles de millones de beneficios, pero los clientes hacemos colas para que nos atiendan, la Iglesia se sigue apropiando de lo que quiere, se desalojan a familias sin recursos, los precios de la electricidad por las nubes\u2026 pues problemas viejos. \u00bfHabr\u00e1 que renovar esperanzas una vez m\u00e1s?<\/p>\n<p>Se continua demostrando que para conseguir entornos m\u00e1s igualitarios y socialmente justos se necesita la intervenci\u00f3n del Estado, la acci\u00f3n de los movimientos sociales, la recuperaci\u00f3n de la confianza y de la participaci\u00f3n ciudadana y, por supuesto, de la educaci\u00f3n como forjadora de esta conciencia.<\/p>\n<p>La larga crisis econ\u00f3mica y la sanitaria han puesto de relieve el incremento de la fragilidad de grupos sociales por motivos laborales, de formaci\u00f3n, de etnia o situaci\u00f3n legal, de g\u00e9nero, sociosanitarios, de vivienda o de recursos econ\u00f3micos y esto contin\u00faa exigiendo una intervenci\u00f3n definida y decidida del Estado y de los gobiernos correspondientes. Las organizaciones no gubernamentales y las actividades de voluntariado, aunque necesarias e imprescindibles, no son suficientes y tampoco es su cometido sustituir al Estado en sus funciones y en sus responsabilidades con la ciudadan\u00eda.<\/p>\n<p>Los esfuerzos para solucionar los problemas que el mismo sistema genera como, por ejemplo, la necesidad de controlar el cambio clim\u00e1tico, despu\u00e9s de mucha ret\u00f3rica, al final se acaban pidiendo que los haga la ciudadan\u00eda. Y es cierto que las peque\u00f1as actuaciones cotidianas ayudan mucho, pero el cambio ecol\u00f3gico real y sostenido y la transformaci\u00f3n hacia un modelo de desarrollo diferente est\u00e1 en manos de los grandes agentes econ\u00f3micos, en la presi\u00f3n de los gobiernos ideol\u00f3gicamente afines y de los movimientos sociales.<\/p>\n<p>En la \u00faltima cumbre del clima COP-26 celebrada el noviembre pasado en Glasgow, a pesar del acuerdo general de que estamos en una situaci\u00f3n clim\u00e1tica de extrema urgencia, se han repetido los mismos compromisos, insuficientes y ret\u00f3ricos, para frenar la crisis clim\u00e1tica que contin\u00faa incrementando las desigualdades sociales y la pobreza.<\/p>\n<p>Ante esta situaci\u00f3n de crisis y tambi\u00e9n de cambio econ\u00f3mico y tecnol\u00f3gico, los poderes econ\u00f3micos, las multinacionales y grandes empresas, que no renuncian a su poder de control y decisi\u00f3n (bloqueo de patentes y enriquecimiento de laboratorios, control de energ\u00edas verdes, destrucci\u00f3n de masas forestales, globalizaci\u00f3n de la producci\u00f3n y del mercado, uso b\u00e9lico de la IA, y muchas m\u00e1s) deber\u00edan tener una responsabilidad social y un compromiso con unos principios \u00e9ticos b\u00e1sicos para el mantenimiento de un sistema econ\u00f3mico y social m\u00e1s justo y sostenible. Que formen parte de la soluci\u00f3n y no solo sean el problema en que se han convertido al priorizar como objetivo irrenunciable la obtenci\u00f3n del m\u00e1ximo beneficio.<\/p>\n<p>Puede parecer una exigencia inocente o caritativa, no es la abolici\u00f3n de la propiedad privada, pero s\u00ed una necesaria reorientaci\u00f3n del sistema hacia un modelo m\u00e1s justo y equitativo que mejore las condiciones de vida de muchos millones, que asegure un desarrollo sostenible y un planeta habitable para las futuras generaciones. Es necesario forzar las tendencias econ\u00f3micas y pol\u00edticas hacia una mayor justicia social. El libre mercado y la inteligencia artificial con sus algoritmos y tecnolog\u00edas, las aclamadas salvadoras del sistema, no act\u00faan en este sentido por mucho que nos lo adornen. Ya sabemos que suena todo esto a manido, pero cada dia cuando vemos o leemos las noticias la indignaci\u00f3n y sensaci\u00f3n de impotencia es suprema y nos obliga a los ciudadanos de a pie, siendo positivos, a realimentar y no perder las esperanzas.<\/p>\n<p>Va a ser dif\u00edcil que el poder econ\u00f3mico asuma que es urgente ir hacia un modelo de desarrollo sostenible pues para ello se deben reducir desigualdades a peque\u00f1a y gran escala. Y esto implica aceptar que se ha de renunciar a la idea de un desarrollo tecnol\u00f3gico exponencial y reparador de todos los problemas que genera el actual modelo, se ha de renunciar a un consumo desenfrenado en todos los \u00e1mbitos como motor del crecimiento y se ha de renunciar al objetivo de m\u00e1ximo beneficio y acumulaci\u00f3n de capital. Por supuesto tambi\u00e9n ser\u00e1 necesario un cambio o adaptaci\u00f3n en las necesidades y h\u00e1bitos de la ciudadan\u00eda. Y aqu\u00ed hemos de retomar el papel de la educaci\u00f3n. Una educaci\u00f3n que, viendo el mapa de problemas socialmente relevantes y antiguos, deber\u00eda no olvidar y asegurar la impregnaci\u00f3n o presencia en los curr\u00edculums de aquellas mal llamadas otras educaciones, educaci\u00f3n para el desarrollo y medio ambiente, para la paz, la salud, el consumo, genero, sexualidad, etc.., como puntales para construir esta sociedad m\u00e1s justa en la que renovamos las esperanzas.<\/p>\n<p>Son imprescindibles los compromisos de gobiernos implicados con pol\u00edticas p\u00fablicas en construir una mayor justicia social y ambiental. Que se enfrenten a las grandes empresas y sectores econ\u00f3micos que, en defensa de sus intereses y disfrazados de fil\u00e1ntropos y benefactores territoriales, se resisten a actuar con responsabilidad social. Gobiernos que no claudiquen y se olviden de sus principios a la m\u00ednima presi\u00f3n o conflicto con el poder econ\u00f3mico. Y por supuesto que consigan el apoyo y control por parte de la ciudadan\u00eda, a la que se deben, para que estas tendencias ideol\u00f3gicas puedan gobernar<\/p>\n<p>Renovar la esperanza pues no queda otra, pero tambi\u00e9n mantener la actitud cr\u00edtica y el compromiso con la comunidad. Buscar la justicia social es una obligaci\u00f3n moral ciudadana y pol\u00edtica. Para ello hay que recuperar la confianza en el poder individual y colectivo, delegado, olvidado o sustituido por el consumo, para hacer nuestro mundo algo mejor.<\/p>\n","protected":false},"excerpt":{"rendered":"<p>A\u00f1o nuevo, pues conflicto internacional en Ucrania, continua el golpe militar en Birmania, la versi\u00f3n del virus \u00d3micron incrementa los contagios, bancos y cajas obtienen miles de millones de beneficios, pero los clientes hacemos colas para que nos atiendan, la Iglesia se sigue apropiando de lo que quiere, se desalojan a familias sin recursos, los<\/p>\n","protected":false},"author":148,"featured_media":845,"comment_status":"open","ping_status":"closed","sticky":false,"template":"","format":"standard","meta":{"footnotes":""},"categories":[16],"tags":[],"tipo":[48],"class_list":{"0":"post-843","1":"post","2":"type-post","3":"status-publish","4":"format-standard","5":"has-post-thumbnail","7":"category-convivencia-y-educacion-en-valores-2","8":"tipo-actualidad"},"yoast_head":"<!-- This site is optimized with the Yoast SEO plugin v27.5 - https:\/\/yoast.com\/product\/yoast-seo-wordpress\/ -->\n<title>Renovar la esperanza - Convivencia y educaci\u00f3n en valores<\/title>\n<meta name=\"robots\" content=\"index, follow, max-snippet:-1, max-image-preview:large, max-video-preview:-1\" \/>\n<link rel=\"canonical\" href=\"https:\/\/eldiariodelaeducacion.com\/convivenciayeducacionenvalores\/2022\/02\/23\/renovar-la-esperanza\/\" \/>\n<meta property=\"og:locale\" content=\"es_ES\" \/>\n<meta property=\"og:type\" content=\"article\" \/>\n<meta property=\"og:title\" content=\"Renovar la esperanza - Convivencia y educaci\u00f3n en valores\" \/>\n<meta property=\"og:description\" content=\"A\u00f1o nuevo, pues conflicto internacional en Ucrania, continua el golpe militar en Birmania, la versi\u00f3n del virus \u00d3micron incrementa los contagios, bancos y cajas obtienen miles de millones de beneficios, pero los clientes hacemos colas para que nos atiendan, la Iglesia se sigue apropiando de lo que quiere, se desalojan a familias sin recursos, los\" \/>\n<meta property=\"og:url\" content=\"https:\/\/eldiariodelaeducacion.com\/convivenciayeducacionenvalores\/2022\/02\/23\/renovar-la-esperanza\/\" \/>\n<meta property=\"og:site_name\" content=\"Convivencia y educaci\u00f3n en valores\" \/>\n<meta property=\"article:published_time\" content=\"2022-02-23T07:37:04+00:00\" \/>\n<meta property=\"article:modified_time\" content=\"2024-08-20T16:02:35+00:00\" \/>\n<meta property=\"og:image\" content=\"https:\/\/eldiariodelaeducacion.com\/convivenciayeducacionenvalores\/wp-content\/uploads\/sites\/18\/2022\/02\/iStock-1314486395.jpg\" \/>\n\t<meta property=\"og:image:width\" content=\"1254\" \/>\n\t<meta property=\"og:image:height\" content=\"836\" \/>\n\t<meta property=\"og:image:type\" content=\"image\/jpeg\" \/>\n<meta name=\"author\" content=\"Jos\u00e9 Palos\" \/>\n<meta name=\"twitter:card\" content=\"summary_large_image\" \/>\n<meta name=\"twitter:label1\" content=\"Escrito por\" \/>\n\t<meta name=\"twitter:data1\" content=\"Jos\u00e9 Palos\" \/>\n\t<meta name=\"twitter:label2\" content=\"Tiempo de lectura\" \/>\n\t<meta name=\"twitter:data2\" content=\"5 minutos\" \/>\n<script type=\"application\/ld+json\" class=\"yoast-schema-graph\">{\"@context\":\"https:\\\/\\\/schema.org\",\"@graph\":[{\"@type\":\"Article\",\"@id\":\"https:\\\/\\\/eldiariodelaeducacion.com\\\/convivenciayeducacionenvalores\\\/2022\\\/02\\\/23\\\/renovar-la-esperanza\\\/#article\",\"isPartOf\":{\"@id\":\"https:\\\/\\\/eldiariodelaeducacion.com\\\/convivenciayeducacionenvalores\\\/2022\\\/02\\\/23\\\/renovar-la-esperanza\\\/\"},\"author\":{\"name\":\"Jos\u00e9 Palos\",\"@id\":\"https:\\\/\\\/eldiariodelaeducacion.com\\\/convivenciayeducacionenvalores\\\/#\\\/schema\\\/person\\\/dbcfbe35a59f107320b8a102baa68a29\"},\"headline\":\"Renovar la esperanza\",\"datePublished\":\"2022-02-23T07:37:04+00:00\",\"dateModified\":\"2024-08-20T16:02:35+00:00\",\"mainEntityOfPage\":{\"@id\":\"https:\\\/\\\/eldiariodelaeducacion.com\\\/convivenciayeducacionenvalores\\\/2022\\\/02\\\/23\\\/renovar-la-esperanza\\\/\"},\"wordCount\":1006,\"commentCount\":0,\"image\":{\"@id\":\"https:\\\/\\\/eldiariodelaeducacion.com\\\/convivenciayeducacionenvalores\\\/2022\\\/02\\\/23\\\/renovar-la-esperanza\\\/#primaryimage\"},\"thumbnailUrl\":\"https:\\\/\\\/eldiariodelaeducacion.com\\\/convivenciayeducacionenvalores\\\/wp-content\\\/uploads\\\/sites\\\/18\\\/2022\\\/02\\\/iStock-1314486395.jpg\",\"articleSection\":[\"Convivencia y educaci\u00f3n en valores\"],\"inLanguage\":\"es\",\"potentialAction\":[{\"@type\":\"CommentAction\",\"name\":\"Comment\",\"target\":[\"https:\\\/\\\/eldiariodelaeducacion.com\\\/convivenciayeducacionenvalores\\\/2022\\\/02\\\/23\\\/renovar-la-esperanza\\\/#respond\"]}]},{\"@type\":\"WebPage\",\"@id\":\"https:\\\/\\\/eldiariodelaeducacion.com\\\/convivenciayeducacionenvalores\\\/2022\\\/02\\\/23\\\/renovar-la-esperanza\\\/\",\"url\":\"https:\\\/\\\/eldiariodelaeducacion.com\\\/convivenciayeducacionenvalores\\\/2022\\\/02\\\/23\\\/renovar-la-esperanza\\\/\",\"name\":\"Renovar la esperanza - Convivencia y educaci\u00f3n en valores\",\"isPartOf\":{\"@id\":\"https:\\\/\\\/eldiariodelaeducacion.com\\\/convivenciayeducacionenvalores\\\/#website\"},\"primaryImageOfPage\":{\"@id\":\"https:\\\/\\\/eldiariodelaeducacion.com\\\/convivenciayeducacionenvalores\\\/2022\\\/02\\\/23\\\/renovar-la-esperanza\\\/#primaryimage\"},\"image\":{\"@id\":\"https:\\\/\\\/eldiariodelaeducacion.com\\\/convivenciayeducacionenvalores\\\/2022\\\/02\\\/23\\\/renovar-la-esperanza\\\/#primaryimage\"},\"thumbnailUrl\":\"https:\\\/\\\/eldiariodelaeducacion.com\\\/convivenciayeducacionenvalores\\\/wp-content\\\/uploads\\\/sites\\\/18\\\/2022\\\/02\\\/iStock-1314486395.jpg\",\"datePublished\":\"2022-02-23T07:37:04+00:00\",\"dateModified\":\"2024-08-20T16:02:35+00:00\",\"author\":{\"@id\":\"https:\\\/\\\/eldiariodelaeducacion.com\\\/convivenciayeducacionenvalores\\\/#\\\/schema\\\/person\\\/dbcfbe35a59f107320b8a102baa68a29\"},\"breadcrumb\":{\"@id\":\"https:\\\/\\\/eldiariodelaeducacion.com\\\/convivenciayeducacionenvalores\\\/2022\\\/02\\\/23\\\/renovar-la-esperanza\\\/#breadcrumb\"},\"inLanguage\":\"es\",\"potentialAction\":[{\"@type\":\"ReadAction\",\"target\":[\"https:\\\/\\\/eldiariodelaeducacion.com\\\/convivenciayeducacionenvalores\\\/2022\\\/02\\\/23\\\/renovar-la-esperanza\\\/\"]}]},{\"@type\":\"ImageObject\",\"inLanguage\":\"es\",\"@id\":\"https:\\\/\\\/eldiariodelaeducacion.com\\\/convivenciayeducacionenvalores\\\/2022\\\/02\\\/23\\\/renovar-la-esperanza\\\/#primaryimage\",\"url\":\"https:\\\/\\\/eldiariodelaeducacion.com\\\/convivenciayeducacionenvalores\\\/wp-content\\\/uploads\\\/sites\\\/18\\\/2022\\\/02\\\/iStock-1314486395.jpg\",\"contentUrl\":\"https:\\\/\\\/eldiariodelaeducacion.com\\\/convivenciayeducacionenvalores\\\/wp-content\\\/uploads\\\/sites\\\/18\\\/2022\\\/02\\\/iStock-1314486395.jpg\",\"width\":1254,\"height\":836,\"caption\":\"iStock\"},{\"@type\":\"BreadcrumbList\",\"@id\":\"https:\\\/\\\/eldiariodelaeducacion.com\\\/convivenciayeducacionenvalores\\\/2022\\\/02\\\/23\\\/renovar-la-esperanza\\\/#breadcrumb\",\"itemListElement\":[{\"@type\":\"ListItem\",\"position\":1,\"name\":\"Portada\",\"item\":\"https:\\\/\\\/eldiariodelaeducacion.com\\\/convivenciayeducacionenvalores\\\/\"},{\"@type\":\"ListItem\",\"position\":2,\"name\":\"Renovar la esperanza\"}]},{\"@type\":\"WebSite\",\"@id\":\"https:\\\/\\\/eldiariodelaeducacion.com\\\/convivenciayeducacionenvalores\\\/#website\",\"url\":\"https:\\\/\\\/eldiariodelaeducacion.com\\\/convivenciayeducacionenvalores\\\/\",\"name\":\"Convivencia y educaci\u00f3n en valores\",\"description\":\"Un blog de El Diario de la Educaci\u00f3n\",\"potentialAction\":[{\"@type\":\"SearchAction\",\"target\":{\"@type\":\"EntryPoint\",\"urlTemplate\":\"https:\\\/\\\/eldiariodelaeducacion.com\\\/convivenciayeducacionenvalores\\\/?s={search_term_string}\"},\"query-input\":{\"@type\":\"PropertyValueSpecification\",\"valueRequired\":true,\"valueName\":\"search_term_string\"}}],\"inLanguage\":\"es\"},{\"@type\":\"Person\",\"@id\":\"https:\\\/\\\/eldiariodelaeducacion.com\\\/convivenciayeducacionenvalores\\\/#\\\/schema\\\/person\\\/dbcfbe35a59f107320b8a102baa68a29\",\"name\":\"Jos\u00e9 Palos\",\"image\":{\"@type\":\"ImageObject\",\"inLanguage\":\"es\",\"@id\":\"https:\\\/\\\/secure.gravatar.com\\\/avatar\\\/a26289ba0013ac472422a20dfbf394347a0bde70c497f8e33b00f347b60a0641?s=96&d=mm&r=g\",\"url\":\"https:\\\/\\\/secure.gravatar.com\\\/avatar\\\/a26289ba0013ac472422a20dfbf394347a0bde70c497f8e33b00f347b60a0641?s=96&d=mm&r=g\",\"contentUrl\":\"https:\\\/\\\/secure.gravatar.com\\\/avatar\\\/a26289ba0013ac472422a20dfbf394347a0bde70c497f8e33b00f347b60a0641?s=96&d=mm&r=g\",\"caption\":\"Jos\u00e9 Palos\"},\"description\":\"Professor del Departament de Did\u00e0ctica de les Ci\u00e8ncies Socials de la UB\",\"url\":\"https:\\\/\\\/eldiariodelaeducacion.com\\\/convivenciayeducacionenvalores\\\/author\\\/josepalos\\\/\"}]}<\/script>\n<!-- \/ Yoast SEO plugin. -->","yoast_head_json":{"title":"Renovar la esperanza - Convivencia y educaci\u00f3n en valores","robots":{"index":"index","follow":"follow","max-snippet":"max-snippet:-1","max-image-preview":"max-image-preview:large","max-video-preview":"max-video-preview:-1"},"canonical":"https:\/\/eldiariodelaeducacion.com\/convivenciayeducacionenvalores\/2022\/02\/23\/renovar-la-esperanza\/","og_locale":"es_ES","og_type":"article","og_title":"Renovar la esperanza - Convivencia y educaci\u00f3n en valores","og_description":"A\u00f1o nuevo, pues conflicto internacional en Ucrania, continua el golpe militar en Birmania, la versi\u00f3n del virus \u00d3micron incrementa los contagios, bancos y cajas obtienen miles de millones de beneficios, pero los clientes hacemos colas para que nos atiendan, la Iglesia se sigue apropiando de lo que quiere, se desalojan a familias sin recursos, los","og_url":"https:\/\/eldiariodelaeducacion.com\/convivenciayeducacionenvalores\/2022\/02\/23\/renovar-la-esperanza\/","og_site_name":"Convivencia y educaci\u00f3n en valores","article_published_time":"2022-02-23T07:37:04+00:00","article_modified_time":"2024-08-20T16:02:35+00:00","og_image":[{"width":1254,"height":836,"url":"https:\/\/eldiariodelaeducacion.com\/convivenciayeducacionenvalores\/wp-content\/uploads\/sites\/18\/2022\/02\/iStock-1314486395.jpg","type":"image\/jpeg"}],"author":"Jos\u00e9 Palos","twitter_card":"summary_large_image","twitter_misc":{"Escrito por":"Jos\u00e9 Palos","Tiempo de lectura":"5 minutos"},"schema":{"@context":"https:\/\/schema.org","@graph":[{"@type":"Article","@id":"https:\/\/eldiariodelaeducacion.com\/convivenciayeducacionenvalores\/2022\/02\/23\/renovar-la-esperanza\/#article","isPartOf":{"@id":"https:\/\/eldiariodelaeducacion.com\/convivenciayeducacionenvalores\/2022\/02\/23\/renovar-la-esperanza\/"},"author":{"name":"Jos\u00e9 Palos","@id":"https:\/\/eldiariodelaeducacion.com\/convivenciayeducacionenvalores\/#\/schema\/person\/dbcfbe35a59f107320b8a102baa68a29"},"headline":"Renovar la esperanza","datePublished":"2022-02-23T07:37:04+00:00","dateModified":"2024-08-20T16:02:35+00:00","mainEntityOfPage":{"@id":"https:\/\/eldiariodelaeducacion.com\/convivenciayeducacionenvalores\/2022\/02\/23\/renovar-la-esperanza\/"},"wordCount":1006,"commentCount":0,"image":{"@id":"https:\/\/eldiariodelaeducacion.com\/convivenciayeducacionenvalores\/2022\/02\/23\/renovar-la-esperanza\/#primaryimage"},"thumbnailUrl":"https:\/\/eldiariodelaeducacion.com\/convivenciayeducacionenvalores\/wp-content\/uploads\/sites\/18\/2022\/02\/iStock-1314486395.jpg","articleSection":["Convivencia y educaci\u00f3n en valores"],"inLanguage":"es","potentialAction":[{"@type":"CommentAction","name":"Comment","target":["https:\/\/eldiariodelaeducacion.com\/convivenciayeducacionenvalores\/2022\/02\/23\/renovar-la-esperanza\/#respond"]}]},{"@type":"WebPage","@id":"https:\/\/eldiariodelaeducacion.com\/convivenciayeducacionenvalores\/2022\/02\/23\/renovar-la-esperanza\/","url":"https:\/\/eldiariodelaeducacion.com\/convivenciayeducacionenvalores\/2022\/02\/23\/renovar-la-esperanza\/","name":"Renovar la esperanza - Convivencia y educaci\u00f3n en valores","isPartOf":{"@id":"https:\/\/eldiariodelaeducacion.com\/convivenciayeducacionenvalores\/#website"},"primaryImageOfPage":{"@id":"https:\/\/eldiariodelaeducacion.com\/convivenciayeducacionenvalores\/2022\/02\/23\/renovar-la-esperanza\/#primaryimage"},"image":{"@id":"https:\/\/eldiariodelaeducacion.com\/convivenciayeducacionenvalores\/2022\/02\/23\/renovar-la-esperanza\/#primaryimage"},"thumbnailUrl":"https:\/\/eldiariodelaeducacion.com\/convivenciayeducacionenvalores\/wp-content\/uploads\/sites\/18\/2022\/02\/iStock-1314486395.jpg","datePublished":"2022-02-23T07:37:04+00:00","dateModified":"2024-08-20T16:02:35+00:00","author":{"@id":"https:\/\/eldiariodelaeducacion.com\/convivenciayeducacionenvalores\/#\/schema\/person\/dbcfbe35a59f107320b8a102baa68a29"},"breadcrumb":{"@id":"https:\/\/eldiariodelaeducacion.com\/convivenciayeducacionenvalores\/2022\/02\/23\/renovar-la-esperanza\/#breadcrumb"},"inLanguage":"es","potentialAction":[{"@type":"ReadAction","target":["https:\/\/eldiariodelaeducacion.com\/convivenciayeducacionenvalores\/2022\/02\/23\/renovar-la-esperanza\/"]}]},{"@type":"ImageObject","inLanguage":"es","@id":"https:\/\/eldiariodelaeducacion.com\/convivenciayeducacionenvalores\/2022\/02\/23\/renovar-la-esperanza\/#primaryimage","url":"https:\/\/eldiariodelaeducacion.com\/convivenciayeducacionenvalores\/wp-content\/uploads\/sites\/18\/2022\/02\/iStock-1314486395.jpg","contentUrl":"https:\/\/eldiariodelaeducacion.com\/convivenciayeducacionenvalores\/wp-content\/uploads\/sites\/18\/2022\/02\/iStock-1314486395.jpg","width":1254,"height":836,"caption":"iStock"},{"@type":"BreadcrumbList","@id":"https:\/\/eldiariodelaeducacion.com\/convivenciayeducacionenvalores\/2022\/02\/23\/renovar-la-esperanza\/#breadcrumb","itemListElement":[{"@type":"ListItem","position":1,"name":"Portada","item":"https:\/\/eldiariodelaeducacion.com\/convivenciayeducacionenvalores\/"},{"@type":"ListItem","position":2,"name":"Renovar la esperanza"}]},{"@type":"WebSite","@id":"https:\/\/eldiariodelaeducacion.com\/convivenciayeducacionenvalores\/#website","url":"https:\/\/eldiariodelaeducacion.com\/convivenciayeducacionenvalores\/","name":"Convivencia y educaci\u00f3n en valores","description":"Un blog de El Diario de la Educaci\u00f3n","potentialAction":[{"@type":"SearchAction","target":{"@type":"EntryPoint","urlTemplate":"https:\/\/eldiariodelaeducacion.com\/convivenciayeducacionenvalores\/?s={search_term_string}"},"query-input":{"@type":"PropertyValueSpecification","valueRequired":true,"valueName":"search_term_string"}}],"inLanguage":"es"},{"@type":"Person","@id":"https:\/\/eldiariodelaeducacion.com\/convivenciayeducacionenvalores\/#\/schema\/person\/dbcfbe35a59f107320b8a102baa68a29","name":"Jos\u00e9 Palos","image":{"@type":"ImageObject","inLanguage":"es","@id":"https:\/\/secure.gravatar.com\/avatar\/a26289ba0013ac472422a20dfbf394347a0bde70c497f8e33b00f347b60a0641?s=96&d=mm&r=g","url":"https:\/\/secure.gravatar.com\/avatar\/a26289ba0013ac472422a20dfbf394347a0bde70c497f8e33b00f347b60a0641?s=96&d=mm&r=g","contentUrl":"https:\/\/secure.gravatar.com\/avatar\/a26289ba0013ac472422a20dfbf394347a0bde70c497f8e33b00f347b60a0641?s=96&d=mm&r=g","caption":"Jos\u00e9 Palos"},"description":"Professor del Departament de Did\u00e0ctica de les Ci\u00e8ncies Socials de la UB","url":"https:\/\/eldiariodelaeducacion.com\/convivenciayeducacionenvalores\/author\/josepalos\/"}]}},"_links":{"self":[{"href":"https:\/\/eldiariodelaeducacion.com\/convivenciayeducacionenvalores\/wp-json\/wp\/v2\/posts\/843","targetHints":{"allow":["GET"]}}],"collection":[{"href":"https:\/\/eldiariodelaeducacion.com\/convivenciayeducacionenvalores\/wp-json\/wp\/v2\/posts"}],"about":[{"href":"https:\/\/eldiariodelaeducacion.com\/convivenciayeducacionenvalores\/wp-json\/wp\/v2\/types\/post"}],"author":[{"embeddable":true,"href":"https:\/\/eldiariodelaeducacion.com\/convivenciayeducacionenvalores\/wp-json\/wp\/v2\/users\/148"}],"replies":[{"embeddable":true,"href":"https:\/\/eldiariodelaeducacion.com\/convivenciayeducacionenvalores\/wp-json\/wp\/v2\/comments?post=843"}],"version-history":[{"count":1,"href":"https:\/\/eldiariodelaeducacion.com\/convivenciayeducacionenvalores\/wp-json\/wp\/v2\/posts\/843\/revisions"}],"predecessor-version":[{"id":1454,"href":"https:\/\/eldiariodelaeducacion.com\/convivenciayeducacionenvalores\/wp-json\/wp\/v2\/posts\/843\/revisions\/1454"}],"wp:featuredmedia":[{"embeddable":true,"href":"https:\/\/eldiariodelaeducacion.com\/convivenciayeducacionenvalores\/wp-json\/wp\/v2\/media\/845"}],"wp:attachment":[{"href":"https:\/\/eldiariodelaeducacion.com\/convivenciayeducacionenvalores\/wp-json\/wp\/v2\/media?parent=843"}],"wp:term":[{"taxonomy":"category","embeddable":true,"href":"https:\/\/eldiariodelaeducacion.com\/convivenciayeducacionenvalores\/wp-json\/wp\/v2\/categories?post=843"},{"taxonomy":"post_tag","embeddable":true,"href":"https:\/\/eldiariodelaeducacion.com\/convivenciayeducacionenvalores\/wp-json\/wp\/v2\/tags?post=843"},{"taxonomy":"tipo","embeddable":true,"href":"https:\/\/eldiariodelaeducacion.com\/convivenciayeducacionenvalores\/wp-json\/wp\/v2\/tipo?post=843"}],"curies":[{"name":"wp","href":"https:\/\/api.w.org\/{rel}","templated":true}]}}