{"id":874,"date":"2022-04-07T07:00:29","date_gmt":"2022-04-07T07:00:29","guid":{"rendered":"https:\/\/eldiariodelaeducacion.com\/convivenciayeducacionenvalores\/?p=874"},"modified":"2024-08-20T18:02:35","modified_gmt":"2024-08-20T16:02:35","slug":"paisajes-cotidiano","status":"publish","type":"post","link":"https:\/\/eldiariodelaeducacion.com\/convivenciayeducacionenvalores\/2022\/04\/07\/paisajes-cotidiano\/","title":{"rendered":"Paisajes cotidianos"},"content":{"rendered":"<p>Si cierro los ojos y pienso en los paisajes que me han quedado en la memoria desde que era peque\u00f1o aparecen un patio de chabolas con una riera al lado, una calle sin asfaltar que acaba en un campo de algarrobos y luego el cementerio, un barrio de bloques con muchos cientos de viviendas, campos de cultivo y autopistas con coches, y algunos m\u00e1s que est\u00e1n relacionados con mis lugares habitados. No son puestas de sol espectaculares, paisajes de desierto, bosques tropicales u otros que por sus caracter\u00edsticas o momento resultan impactantes y que si rebusco en mi memoria tambi\u00e9n aparecen, pero m\u00e1s fugaces y con una carga experiencial menor. Pero son estos segundos a los que damos m\u00e1s valor cuando nos referimos a un paisaje con valor. La diferencia entre unos y otros se podr\u00eda ejemplificar con la importancia o impacto del paisaje de un volc\u00e1n en erupci\u00f3n para el isle\u00f1o residente o para el turista que va a ver el espect\u00e1culo de la naturaleza. La diferencia est\u00e1 entre un paisaje vivido o un paisaje visitado.<\/p>\n<p>No quiero con ello menospreciar los paisajes espectaculares, que me encanta visitar y que animo a hacerlo, sino que quisiera poner en valor los paisajes cotidianos con todo su contenido experiencial, evocador y significativo. Paisajes que han sido los constructores del proceso de nuestra vida y que, por cotidianos, los obviamos y cuyo potencial no utilizamos como elemento de reflexi\u00f3n y de an\u00e1lisis.<\/p>\n<p>Definiciones de paisaje tenemos muchas, pero no es el momento para entrar en ellas. El Convenio Europeo del Paisaje (2000) se refiere a \u00e9l como cualquier parte de un territorio, tal como lo percibe la poblaci\u00f3n y que es resultado de la acci\u00f3n e interacci\u00f3n de factores naturales y humanos. Es una realidad f\u00edsica, una realidad percibida y un recurso que como producto social y cultural sintetiza historia, experiencias y nos muestra simbolog\u00edas que expresan ideas y concepciones de la sociedad. Creo que era Milton Santos quien dec\u00eda que un paisaje es m\u00e1s que un espacio f\u00edsico, m\u00e1s que un espacio social, y m\u00e1s que un espacio econ\u00f3mico pues el paisaje, como producto social, adem\u00e1s contiene materialidad, contiene vida, acci\u00f3n, interacci\u00f3n, subjetividad y existencialidad.<\/p>\n<p>As\u00ed, el contenido de un paisaje no es solo lo que vemos y acabamos clasificando como paisaje rural, urbano, industrial, marinero, de autoconstrucci\u00f3n, de segunda residencia, de negocios, comercial, cultural o de ocio. Tambi\u00e9n es paisaje el olor a mar y el olor del humo de una fundici\u00f3n, el tacto de la arena de la playa y el del tronco de un \u00e1rbol solitario, o el zumbido permanente de una autopista, el buc\u00f3lico pitido de un tren de cercan\u00edas, o el ladrido del perro del vecino, o el quiosco, la escuela o el barrio que ya no est\u00e1n por una bomba.<\/p>\n<p>Los paisajes cotidianos, adem\u00e1s de lo que vemos, son paisajes de nostalgia, de recuerdos, de olores y sabores, de colores y formas, de miedos, de poder, de exclusiones, de deseos y expectativas. Son paisajes que inciden m\u00e1s all\u00e1 de la imagen visual, que acogen vida y construyen valores por lo que es importante saber leer su contenido en y con todos los sentidos, as\u00ed como identificar los actores y valores que han orientado su construcci\u00f3n o destrucci\u00f3n como producto social. En los \u00faltimos d\u00edas la guerra contra Ucrania, en pocos d\u00edas, nos ha mostrado c\u00f3mo un paisaje de vida cotidiana lo han transformado en un paisaje de guerra y destrucci\u00f3n.<\/p>\n<p>Todos vivimos inmersos en paisajes cotidianos en los que confluyen tiempo, espacio y existencia y por tanto est\u00e1n sujetos a din\u00e1micas sociales, culturales, econ\u00f3micas y pol\u00edticas que lo van transformando y tejiendo de forma permanente. Esto les otorga una gran complejidad y los convierte en un recurso y fuente inestimable de conocimiento y aprendizaje. Descubrir los hilos, a veces invisibles, que van tejiendo nuestro paisaje cotidiano es un reto nada f\u00e1cil pero necesario pues nos ayuda a entender lo que vemos, lo que percibimos y c\u00f3mo ha incidido en nosotros como ciudadanos. Desde la conciencia de que somos parte intr\u00ednseca de \u00e9l y de que nuestros comportamientos tambi\u00e9n conforman su estructura y contenido.<\/p>\n<p>La observaci\u00f3n y la interpretaci\u00f3n de los paisajes cotidianos es una acci\u00f3n pedag\u00f3gica cr\u00edtica, necesaria para la ciudadan\u00eda en general por generar conocimiento del entorno y para incrementar la sensibilizaci\u00f3n y valoraci\u00f3n medioambiental. La infinidad de contenidos relacionados con la naturaleza, el urbanismo, el patrimonio, la historia, la econom\u00eda, la pol\u00edtica, la cultura; las continuidades o cambios y sus plasmaciones en el espacio-tiempo, junto a los est\u00edmulos relacionados con la est\u00e9tica, psicolog\u00eda o axiolog\u00eda, permiten la interrelaci\u00f3n de diferentes disciplinas o \u00e1mbitos de conocimiento y an\u00e1lisis. Por otro lado, nos puede inducir a identificar problemas, \u00e1mbitos de actuaci\u00f3n y fomentar acciones para su mejora desde una actitud reflexiva, respetuosa y cr\u00edtica.<\/p>\n<p>Siempre vivimos en un paisaje, formamos parte de \u00e9l. Nos hace de escenario, lo ignoramos o solemos verlo tan s\u00f3lo como una fotograf\u00eda. Pero el paisaje es mucho m\u00e1s, especialmente en los paisajes cotidianos donde se funde todo con mayor intensidad y complejidad. Interpretarlos y valorarlos nos ayudar\u00e1 a conocerlos, respetarlos y a conocernos un poco mejor nosotros mismos.<\/p>\n","protected":false},"excerpt":{"rendered":"<p>Si cierro los ojos y pienso en los paisajes que me han quedado en la memoria desde que era peque\u00f1o aparecen un patio de chabolas con una riera al lado, una calle sin asfaltar que acaba en un campo de algarrobos y luego el cementerio, un barrio de bloques con muchos cientos de viviendas, campos<\/p>\n","protected":false},"author":148,"featured_media":875,"comment_status":"open","ping_status":"closed","sticky":false,"template":"","format":"standard","meta":{"footnotes":""},"categories":[16],"tags":[],"tipo":[46],"class_list":{"0":"post-874","1":"post","2":"type-post","3":"status-publish","4":"format-standard","5":"has-post-thumbnail","7":"category-convivencia-y-educacion-en-valores-2","8":"tipo-analisis"},"yoast_head":"<!-- This site is optimized with the Yoast SEO plugin v27.5 - https:\/\/yoast.com\/product\/yoast-seo-wordpress\/ -->\n<title>Paisajes cotidianos - Convivencia y educaci\u00f3n en valores<\/title>\n<meta name=\"robots\" content=\"index, follow, max-snippet:-1, max-image-preview:large, max-video-preview:-1\" \/>\n<link rel=\"canonical\" href=\"https:\/\/eldiariodelaeducacion.com\/convivenciayeducacionenvalores\/2022\/04\/07\/paisajes-cotidiano\/\" \/>\n<meta property=\"og:locale\" content=\"es_ES\" \/>\n<meta property=\"og:type\" content=\"article\" \/>\n<meta property=\"og:title\" content=\"Paisajes cotidianos - Convivencia y educaci\u00f3n en valores\" \/>\n<meta property=\"og:description\" content=\"Si cierro los ojos y pienso en los paisajes que me han quedado en la memoria desde que era peque\u00f1o aparecen un patio de chabolas con una riera al lado, una calle sin asfaltar que acaba en un campo de algarrobos y luego el cementerio, un barrio de bloques con muchos cientos de viviendas, campos\" \/>\n<meta property=\"og:url\" content=\"https:\/\/eldiariodelaeducacion.com\/convivenciayeducacionenvalores\/2022\/04\/07\/paisajes-cotidiano\/\" \/>\n<meta property=\"og:site_name\" content=\"Convivencia y educaci\u00f3n en valores\" \/>\n<meta property=\"article:published_time\" content=\"2022-04-07T07:00:29+00:00\" \/>\n<meta property=\"article:modified_time\" content=\"2024-08-20T16:02:35+00:00\" \/>\n<meta property=\"og:image\" content=\"https:\/\/eldiariodelaeducacion.com\/convivenciayeducacionenvalores\/wp-content\/uploads\/sites\/18\/2022\/04\/IMG_20181121_1206231.jpg\" \/>\n\t<meta property=\"og:image:width\" content=\"1024\" \/>\n\t<meta property=\"og:image:height\" content=\"768\" \/>\n\t<meta property=\"og:image:type\" content=\"image\/jpeg\" \/>\n<meta name=\"author\" content=\"Jos\u00e9 Palos\" \/>\n<meta name=\"twitter:card\" content=\"summary_large_image\" \/>\n<meta name=\"twitter:label1\" content=\"Escrito por\" \/>\n\t<meta name=\"twitter:data1\" content=\"Jos\u00e9 Palos\" \/>\n\t<meta name=\"twitter:label2\" content=\"Tiempo de lectura\" \/>\n\t<meta name=\"twitter:data2\" content=\"5 minutos\" \/>\n<script type=\"application\/ld+json\" class=\"yoast-schema-graph\">{\"@context\":\"https:\\\/\\\/schema.org\",\"@graph\":[{\"@type\":\"Article\",\"@id\":\"https:\\\/\\\/eldiariodelaeducacion.com\\\/convivenciayeducacionenvalores\\\/2022\\\/04\\\/07\\\/paisajes-cotidiano\\\/#article\",\"isPartOf\":{\"@id\":\"https:\\\/\\\/eldiariodelaeducacion.com\\\/convivenciayeducacionenvalores\\\/2022\\\/04\\\/07\\\/paisajes-cotidiano\\\/\"},\"author\":{\"name\":\"Jos\u00e9 Palos\",\"@id\":\"https:\\\/\\\/eldiariodelaeducacion.com\\\/convivenciayeducacionenvalores\\\/#\\\/schema\\\/person\\\/dbcfbe35a59f107320b8a102baa68a29\"},\"headline\":\"Paisajes cotidianos\",\"datePublished\":\"2022-04-07T07:00:29+00:00\",\"dateModified\":\"2024-08-20T16:02:35+00:00\",\"mainEntityOfPage\":{\"@id\":\"https:\\\/\\\/eldiariodelaeducacion.com\\\/convivenciayeducacionenvalores\\\/2022\\\/04\\\/07\\\/paisajes-cotidiano\\\/\"},\"wordCount\":930,\"commentCount\":0,\"image\":{\"@id\":\"https:\\\/\\\/eldiariodelaeducacion.com\\\/convivenciayeducacionenvalores\\\/2022\\\/04\\\/07\\\/paisajes-cotidiano\\\/#primaryimage\"},\"thumbnailUrl\":\"https:\\\/\\\/eldiariodelaeducacion.com\\\/convivenciayeducacionenvalores\\\/wp-content\\\/uploads\\\/sites\\\/18\\\/2022\\\/04\\\/IMG_20181121_1206231.jpg\",\"articleSection\":[\"Convivencia y educaci\u00f3n en valores\"],\"inLanguage\":\"es\",\"potentialAction\":[{\"@type\":\"CommentAction\",\"name\":\"Comment\",\"target\":[\"https:\\\/\\\/eldiariodelaeducacion.com\\\/convivenciayeducacionenvalores\\\/2022\\\/04\\\/07\\\/paisajes-cotidiano\\\/#respond\"]}]},{\"@type\":\"WebPage\",\"@id\":\"https:\\\/\\\/eldiariodelaeducacion.com\\\/convivenciayeducacionenvalores\\\/2022\\\/04\\\/07\\\/paisajes-cotidiano\\\/\",\"url\":\"https:\\\/\\\/eldiariodelaeducacion.com\\\/convivenciayeducacionenvalores\\\/2022\\\/04\\\/07\\\/paisajes-cotidiano\\\/\",\"name\":\"Paisajes cotidianos - Convivencia y educaci\u00f3n en valores\",\"isPartOf\":{\"@id\":\"https:\\\/\\\/eldiariodelaeducacion.com\\\/convivenciayeducacionenvalores\\\/#website\"},\"primaryImageOfPage\":{\"@id\":\"https:\\\/\\\/eldiariodelaeducacion.com\\\/convivenciayeducacionenvalores\\\/2022\\\/04\\\/07\\\/paisajes-cotidiano\\\/#primaryimage\"},\"image\":{\"@id\":\"https:\\\/\\\/eldiariodelaeducacion.com\\\/convivenciayeducacionenvalores\\\/2022\\\/04\\\/07\\\/paisajes-cotidiano\\\/#primaryimage\"},\"thumbnailUrl\":\"https:\\\/\\\/eldiariodelaeducacion.com\\\/convivenciayeducacionenvalores\\\/wp-content\\\/uploads\\\/sites\\\/18\\\/2022\\\/04\\\/IMG_20181121_1206231.jpg\",\"datePublished\":\"2022-04-07T07:00:29+00:00\",\"dateModified\":\"2024-08-20T16:02:35+00:00\",\"author\":{\"@id\":\"https:\\\/\\\/eldiariodelaeducacion.com\\\/convivenciayeducacionenvalores\\\/#\\\/schema\\\/person\\\/dbcfbe35a59f107320b8a102baa68a29\"},\"breadcrumb\":{\"@id\":\"https:\\\/\\\/eldiariodelaeducacion.com\\\/convivenciayeducacionenvalores\\\/2022\\\/04\\\/07\\\/paisajes-cotidiano\\\/#breadcrumb\"},\"inLanguage\":\"es\",\"potentialAction\":[{\"@type\":\"ReadAction\",\"target\":[\"https:\\\/\\\/eldiariodelaeducacion.com\\\/convivenciayeducacionenvalores\\\/2022\\\/04\\\/07\\\/paisajes-cotidiano\\\/\"]}]},{\"@type\":\"ImageObject\",\"inLanguage\":\"es\",\"@id\":\"https:\\\/\\\/eldiariodelaeducacion.com\\\/convivenciayeducacionenvalores\\\/2022\\\/04\\\/07\\\/paisajes-cotidiano\\\/#primaryimage\",\"url\":\"https:\\\/\\\/eldiariodelaeducacion.com\\\/convivenciayeducacionenvalores\\\/wp-content\\\/uploads\\\/sites\\\/18\\\/2022\\\/04\\\/IMG_20181121_1206231.jpg\",\"contentUrl\":\"https:\\\/\\\/eldiariodelaeducacion.com\\\/convivenciayeducacionenvalores\\\/wp-content\\\/uploads\\\/sites\\\/18\\\/2022\\\/04\\\/IMG_20181121_1206231.jpg\",\"width\":1024,\"height\":768,\"caption\":\"Imagen cedida\"},{\"@type\":\"BreadcrumbList\",\"@id\":\"https:\\\/\\\/eldiariodelaeducacion.com\\\/convivenciayeducacionenvalores\\\/2022\\\/04\\\/07\\\/paisajes-cotidiano\\\/#breadcrumb\",\"itemListElement\":[{\"@type\":\"ListItem\",\"position\":1,\"name\":\"Portada\",\"item\":\"https:\\\/\\\/eldiariodelaeducacion.com\\\/convivenciayeducacionenvalores\\\/\"},{\"@type\":\"ListItem\",\"position\":2,\"name\":\"Paisajes cotidianos\"}]},{\"@type\":\"WebSite\",\"@id\":\"https:\\\/\\\/eldiariodelaeducacion.com\\\/convivenciayeducacionenvalores\\\/#website\",\"url\":\"https:\\\/\\\/eldiariodelaeducacion.com\\\/convivenciayeducacionenvalores\\\/\",\"name\":\"Convivencia y educaci\u00f3n en valores\",\"description\":\"Un blog de El Diario de la Educaci\u00f3n\",\"potentialAction\":[{\"@type\":\"SearchAction\",\"target\":{\"@type\":\"EntryPoint\",\"urlTemplate\":\"https:\\\/\\\/eldiariodelaeducacion.com\\\/convivenciayeducacionenvalores\\\/?s={search_term_string}\"},\"query-input\":{\"@type\":\"PropertyValueSpecification\",\"valueRequired\":true,\"valueName\":\"search_term_string\"}}],\"inLanguage\":\"es\"},{\"@type\":\"Person\",\"@id\":\"https:\\\/\\\/eldiariodelaeducacion.com\\\/convivenciayeducacionenvalores\\\/#\\\/schema\\\/person\\\/dbcfbe35a59f107320b8a102baa68a29\",\"name\":\"Jos\u00e9 Palos\",\"image\":{\"@type\":\"ImageObject\",\"inLanguage\":\"es\",\"@id\":\"https:\\\/\\\/secure.gravatar.com\\\/avatar\\\/a26289ba0013ac472422a20dfbf394347a0bde70c497f8e33b00f347b60a0641?s=96&d=mm&r=g\",\"url\":\"https:\\\/\\\/secure.gravatar.com\\\/avatar\\\/a26289ba0013ac472422a20dfbf394347a0bde70c497f8e33b00f347b60a0641?s=96&d=mm&r=g\",\"contentUrl\":\"https:\\\/\\\/secure.gravatar.com\\\/avatar\\\/a26289ba0013ac472422a20dfbf394347a0bde70c497f8e33b00f347b60a0641?s=96&d=mm&r=g\",\"caption\":\"Jos\u00e9 Palos\"},\"description\":\"Professor del Departament de Did\u00e0ctica de les Ci\u00e8ncies Socials de la UB\",\"url\":\"https:\\\/\\\/eldiariodelaeducacion.com\\\/convivenciayeducacionenvalores\\\/author\\\/josepalos\\\/\"}]}<\/script>\n<!-- \/ Yoast SEO plugin. -->","yoast_head_json":{"title":"Paisajes cotidianos - Convivencia y educaci\u00f3n en valores","robots":{"index":"index","follow":"follow","max-snippet":"max-snippet:-1","max-image-preview":"max-image-preview:large","max-video-preview":"max-video-preview:-1"},"canonical":"https:\/\/eldiariodelaeducacion.com\/convivenciayeducacionenvalores\/2022\/04\/07\/paisajes-cotidiano\/","og_locale":"es_ES","og_type":"article","og_title":"Paisajes cotidianos - Convivencia y educaci\u00f3n en valores","og_description":"Si cierro los ojos y pienso en los paisajes que me han quedado en la memoria desde que era peque\u00f1o aparecen un patio de chabolas con una riera al lado, una calle sin asfaltar que acaba en un campo de algarrobos y luego el cementerio, un barrio de bloques con muchos cientos de viviendas, campos","og_url":"https:\/\/eldiariodelaeducacion.com\/convivenciayeducacionenvalores\/2022\/04\/07\/paisajes-cotidiano\/","og_site_name":"Convivencia y educaci\u00f3n en valores","article_published_time":"2022-04-07T07:00:29+00:00","article_modified_time":"2024-08-20T16:02:35+00:00","og_image":[{"width":1024,"height":768,"url":"https:\/\/eldiariodelaeducacion.com\/convivenciayeducacionenvalores\/wp-content\/uploads\/sites\/18\/2022\/04\/IMG_20181121_1206231.jpg","type":"image\/jpeg"}],"author":"Jos\u00e9 Palos","twitter_card":"summary_large_image","twitter_misc":{"Escrito por":"Jos\u00e9 Palos","Tiempo de lectura":"5 minutos"},"schema":{"@context":"https:\/\/schema.org","@graph":[{"@type":"Article","@id":"https:\/\/eldiariodelaeducacion.com\/convivenciayeducacionenvalores\/2022\/04\/07\/paisajes-cotidiano\/#article","isPartOf":{"@id":"https:\/\/eldiariodelaeducacion.com\/convivenciayeducacionenvalores\/2022\/04\/07\/paisajes-cotidiano\/"},"author":{"name":"Jos\u00e9 Palos","@id":"https:\/\/eldiariodelaeducacion.com\/convivenciayeducacionenvalores\/#\/schema\/person\/dbcfbe35a59f107320b8a102baa68a29"},"headline":"Paisajes cotidianos","datePublished":"2022-04-07T07:00:29+00:00","dateModified":"2024-08-20T16:02:35+00:00","mainEntityOfPage":{"@id":"https:\/\/eldiariodelaeducacion.com\/convivenciayeducacionenvalores\/2022\/04\/07\/paisajes-cotidiano\/"},"wordCount":930,"commentCount":0,"image":{"@id":"https:\/\/eldiariodelaeducacion.com\/convivenciayeducacionenvalores\/2022\/04\/07\/paisajes-cotidiano\/#primaryimage"},"thumbnailUrl":"https:\/\/eldiariodelaeducacion.com\/convivenciayeducacionenvalores\/wp-content\/uploads\/sites\/18\/2022\/04\/IMG_20181121_1206231.jpg","articleSection":["Convivencia y educaci\u00f3n en valores"],"inLanguage":"es","potentialAction":[{"@type":"CommentAction","name":"Comment","target":["https:\/\/eldiariodelaeducacion.com\/convivenciayeducacionenvalores\/2022\/04\/07\/paisajes-cotidiano\/#respond"]}]},{"@type":"WebPage","@id":"https:\/\/eldiariodelaeducacion.com\/convivenciayeducacionenvalores\/2022\/04\/07\/paisajes-cotidiano\/","url":"https:\/\/eldiariodelaeducacion.com\/convivenciayeducacionenvalores\/2022\/04\/07\/paisajes-cotidiano\/","name":"Paisajes cotidianos - Convivencia y educaci\u00f3n en valores","isPartOf":{"@id":"https:\/\/eldiariodelaeducacion.com\/convivenciayeducacionenvalores\/#website"},"primaryImageOfPage":{"@id":"https:\/\/eldiariodelaeducacion.com\/convivenciayeducacionenvalores\/2022\/04\/07\/paisajes-cotidiano\/#primaryimage"},"image":{"@id":"https:\/\/eldiariodelaeducacion.com\/convivenciayeducacionenvalores\/2022\/04\/07\/paisajes-cotidiano\/#primaryimage"},"thumbnailUrl":"https:\/\/eldiariodelaeducacion.com\/convivenciayeducacionenvalores\/wp-content\/uploads\/sites\/18\/2022\/04\/IMG_20181121_1206231.jpg","datePublished":"2022-04-07T07:00:29+00:00","dateModified":"2024-08-20T16:02:35+00:00","author":{"@id":"https:\/\/eldiariodelaeducacion.com\/convivenciayeducacionenvalores\/#\/schema\/person\/dbcfbe35a59f107320b8a102baa68a29"},"breadcrumb":{"@id":"https:\/\/eldiariodelaeducacion.com\/convivenciayeducacionenvalores\/2022\/04\/07\/paisajes-cotidiano\/#breadcrumb"},"inLanguage":"es","potentialAction":[{"@type":"ReadAction","target":["https:\/\/eldiariodelaeducacion.com\/convivenciayeducacionenvalores\/2022\/04\/07\/paisajes-cotidiano\/"]}]},{"@type":"ImageObject","inLanguage":"es","@id":"https:\/\/eldiariodelaeducacion.com\/convivenciayeducacionenvalores\/2022\/04\/07\/paisajes-cotidiano\/#primaryimage","url":"https:\/\/eldiariodelaeducacion.com\/convivenciayeducacionenvalores\/wp-content\/uploads\/sites\/18\/2022\/04\/IMG_20181121_1206231.jpg","contentUrl":"https:\/\/eldiariodelaeducacion.com\/convivenciayeducacionenvalores\/wp-content\/uploads\/sites\/18\/2022\/04\/IMG_20181121_1206231.jpg","width":1024,"height":768,"caption":"Imagen cedida"},{"@type":"BreadcrumbList","@id":"https:\/\/eldiariodelaeducacion.com\/convivenciayeducacionenvalores\/2022\/04\/07\/paisajes-cotidiano\/#breadcrumb","itemListElement":[{"@type":"ListItem","position":1,"name":"Portada","item":"https:\/\/eldiariodelaeducacion.com\/convivenciayeducacionenvalores\/"},{"@type":"ListItem","position":2,"name":"Paisajes cotidianos"}]},{"@type":"WebSite","@id":"https:\/\/eldiariodelaeducacion.com\/convivenciayeducacionenvalores\/#website","url":"https:\/\/eldiariodelaeducacion.com\/convivenciayeducacionenvalores\/","name":"Convivencia y educaci\u00f3n en valores","description":"Un blog de El Diario de la Educaci\u00f3n","potentialAction":[{"@type":"SearchAction","target":{"@type":"EntryPoint","urlTemplate":"https:\/\/eldiariodelaeducacion.com\/convivenciayeducacionenvalores\/?s={search_term_string}"},"query-input":{"@type":"PropertyValueSpecification","valueRequired":true,"valueName":"search_term_string"}}],"inLanguage":"es"},{"@type":"Person","@id":"https:\/\/eldiariodelaeducacion.com\/convivenciayeducacionenvalores\/#\/schema\/person\/dbcfbe35a59f107320b8a102baa68a29","name":"Jos\u00e9 Palos","image":{"@type":"ImageObject","inLanguage":"es","@id":"https:\/\/secure.gravatar.com\/avatar\/a26289ba0013ac472422a20dfbf394347a0bde70c497f8e33b00f347b60a0641?s=96&d=mm&r=g","url":"https:\/\/secure.gravatar.com\/avatar\/a26289ba0013ac472422a20dfbf394347a0bde70c497f8e33b00f347b60a0641?s=96&d=mm&r=g","contentUrl":"https:\/\/secure.gravatar.com\/avatar\/a26289ba0013ac472422a20dfbf394347a0bde70c497f8e33b00f347b60a0641?s=96&d=mm&r=g","caption":"Jos\u00e9 Palos"},"description":"Professor del Departament de Did\u00e0ctica de les Ci\u00e8ncies Socials de la UB","url":"https:\/\/eldiariodelaeducacion.com\/convivenciayeducacionenvalores\/author\/josepalos\/"}]}},"_links":{"self":[{"href":"https:\/\/eldiariodelaeducacion.com\/convivenciayeducacionenvalores\/wp-json\/wp\/v2\/posts\/874","targetHints":{"allow":["GET"]}}],"collection":[{"href":"https:\/\/eldiariodelaeducacion.com\/convivenciayeducacionenvalores\/wp-json\/wp\/v2\/posts"}],"about":[{"href":"https:\/\/eldiariodelaeducacion.com\/convivenciayeducacionenvalores\/wp-json\/wp\/v2\/types\/post"}],"author":[{"embeddable":true,"href":"https:\/\/eldiariodelaeducacion.com\/convivenciayeducacionenvalores\/wp-json\/wp\/v2\/users\/148"}],"replies":[{"embeddable":true,"href":"https:\/\/eldiariodelaeducacion.com\/convivenciayeducacionenvalores\/wp-json\/wp\/v2\/comments?post=874"}],"version-history":[{"count":1,"href":"https:\/\/eldiariodelaeducacion.com\/convivenciayeducacionenvalores\/wp-json\/wp\/v2\/posts\/874\/revisions"}],"predecessor-version":[{"id":1456,"href":"https:\/\/eldiariodelaeducacion.com\/convivenciayeducacionenvalores\/wp-json\/wp\/v2\/posts\/874\/revisions\/1456"}],"wp:featuredmedia":[{"embeddable":true,"href":"https:\/\/eldiariodelaeducacion.com\/convivenciayeducacionenvalores\/wp-json\/wp\/v2\/media\/875"}],"wp:attachment":[{"href":"https:\/\/eldiariodelaeducacion.com\/convivenciayeducacionenvalores\/wp-json\/wp\/v2\/media?parent=874"}],"wp:term":[{"taxonomy":"category","embeddable":true,"href":"https:\/\/eldiariodelaeducacion.com\/convivenciayeducacionenvalores\/wp-json\/wp\/v2\/categories?post=874"},{"taxonomy":"post_tag","embeddable":true,"href":"https:\/\/eldiariodelaeducacion.com\/convivenciayeducacionenvalores\/wp-json\/wp\/v2\/tags?post=874"},{"taxonomy":"tipo","embeddable":true,"href":"https:\/\/eldiariodelaeducacion.com\/convivenciayeducacionenvalores\/wp-json\/wp\/v2\/tipo?post=874"}],"curies":[{"name":"wp","href":"https:\/\/api.w.org\/{rel}","templated":true}]}}