{"id":929,"date":"2022-11-10T06:00:30","date_gmt":"2022-11-10T06:00:30","guid":{"rendered":"https:\/\/eldiariodelaeducacion.com\/convivenciayeducacionenvalores\/?p=929"},"modified":"2024-08-20T18:02:36","modified_gmt":"2024-08-20T16:02:36","slug":"la-melodia-minima","status":"publish","type":"post","link":"https:\/\/eldiariodelaeducacion.com\/convivenciayeducacionenvalores\/2022\/11\/10\/la-melodia-minima\/","title":{"rendered":"La melod\u00eda m\u00ednima"},"content":{"rendered":"<p>No hace mucho nos encontramos a una docena de personas en la mas\u00eda de unos amigos que hace muchos a\u00f1os decidieron abandonar la ciudad e ir a vivir al campo.<\/p>\n<p>En un ambiente distendido empezamos a enlazar recuerdos de la infancia. Miquel, que es quien puede parecer -con justicia- el m\u00e1s \u00abalternativo\u00bb y \u00abhippy\u00bb de todos, nos sorprendi\u00f3 afirmando que uno de los profesores que recuerda con m\u00e1s cari\u00f1o de su etapa adolescente era aquel que podr\u00edamos llamar -tambi\u00e9n con justicia- como tradicional y bastante severo.<\/p>\n<p>&#8211; Era un aut\u00e9ntico cabronazo, nos rega\u00f1aba, nos pon\u00eda un mont\u00f3n de deberes y nos hac\u00eda sufrir, pero aprendimos much\u00edsimo con \u00e9l, \u00a1era un crack!- explicaba Miquel, totalmente convencido y con un tono muy cari\u00f1oso.<\/p>\n<p>Pienso a menudo en este comentario cuando leo algunos tuits que hablan del profesorado con mucha inflexibilidad, casi dir\u00eda que de dogmatismo.<\/p>\n<p>Yo tambi\u00e9n tengo buenos recuerdos de profesores y profesoras que hoy ser\u00edan clasificados, en el mejor de los casos, como conservadores y pasados \u200b\u200bde moda, como el <a href=\"https:\/\/www.espinof.com\/criticas\/profesor-lazhar-cine-vida-y-educacion\">Profesor Lazhar<\/a>. Y tambi\u00e9n tengo buenos recuerdos de otros que romp\u00edan moldes, al estilo de <a href=\"https:\/\/www.culturagenial.com\/es\/pelicula-la-sociedad-de-los-poetas-muertos\/\">John Keating<\/a>, el exc\u00e9ntrico profesor de <em>El Club de los poetas muertos<\/em>.<\/p>\n<p>En cualquier caso, a d\u00eda de hoy me resulta mucho m\u00e1s atractivo un equipo de educadores policromo, heterog\u00e9neo, donde pueda existir un amplio margen de divergencia. Creo que esto favorece el aprender a aprovechar la riqueza de la diversidad, no s\u00f3lo en las materias y especialidades de los profesionales, sino tambi\u00e9n en los m\u00e9todos, los estilos, las formas de hacer, incluso en las sensibilidades.<\/p>\n<p>De hecho, en la \u00e9poca en que fui monitora de tiempo libre, campamentos y colonias, los equipos estaban formados por personas muy diferentes que sin embargo -o quiz\u00e1s gracias a esta diversidad- \u00e9ramos capaces de llevar a cabo conjuntamente iniciativas relativamente atrevidas y complejas.<\/p>\n<p>Si cuando nuestros ni\u00f1os y adolescentes crezcan sabemos que se encontrar\u00e1n en entornos plurales, con personas, trabajadores, jefes, compa\u00f1eros, vecinos&#8230; diferentes. \u00bfPor qu\u00e9 en la escuela ser\u00eda mejor opci\u00f3n que todo el profesorado fuera Keating o todo el profesorado fuera Lazhar?<\/p>\n<p>La respuesta l\u00f3gica, y hasta cierto punto cargada de razones, es que es necesario asegurar una m\u00ednima coherencia con el proyecto educativo del centro cuando se trata de ni\u00f1os y adolescentes. Estoy de acuerdo, esto es importante.<\/p>\n<p>Lo que hay que aclarar es qu\u00e9 nivel de pluralidad podemos permitirnos, que no nos haga excesivamente homog\u00e9neos ni tampoco excesivamente dispersos e inconexas.<\/p>\n<p>Entiendo que los equipos de educadores son como orquestas en las que cada profesor o profesora toca un instrumento diferente. \u00a1Una orquesta con muchos instrumentos diferentes parece a priori m\u00e1s rica que una orquesta s\u00f3lo de trompetas! Pero las orquestas deben poder interpretar conjuntamente una melod\u00eda m\u00ednima, sin que esto no ahorre momentos de dominio de la flauta o momentos solo de instrumentos de cuerda.<\/p>\n<p>\u00bfPodr\u00eda la pluralidad mostrarse sobre todo en las metodolog\u00edas y, en cambio, la uniformidad m\u00e1s bien en los contenidos? No lo tengo del todo claro. Creo que el m\u00ednimo que compartir radica en la intencionalidad en transmitir conocimientos, en estirar el capital cultural de todo el alumnado, evitando que nadie se quede atr\u00e1s, en promover la curiosidad y el gusto por aprender, en la adhesi\u00f3n a la verdad, la belleza y la bondad, en fortalecer los h\u00e1bitos, actitudes, valores y virtudes que har\u00e1n de los chicos y chicas ciudadanos activos y comprometidos&#8230;<\/p>\n<p>No es poco, pero la melod\u00eda deber\u00eda tener la suficiente cintura como para acoger varias formas de trabajarla e interpretarla.<\/p>\n<p>Confieso que del <a href=\"https:\/\/harrypotter.fandom.com\/es\/wiki\/Profesores_de_Hogwarts\">equipo de profesores<\/a> de Hogwarts, yo me identificar\u00eda con <a href=\"https:\/\/harrypotter.fandom.com\/es\/wiki\/Rolanda_Hooch\">Rolanda Hooch<\/a>, la profesora de Quidditch, que no est\u00e1 para muchos romances, hasta el punto de amenazar: \u00abAl primero que vea en el aire ser\u00e1 expulsado de Hogwarts antes de que pueda decir Quidditch\u00bb. Nunca lleg\u00f3 a hacerlo.<\/p>\n<p>Si Miguel la hubiera tenido de profesora de Educaci\u00f3n F\u00edsica, \u00a1seguro que le quedar\u00eda tambi\u00e9n un bell\u00edsimo recuerdo!<\/p>\n","protected":false},"excerpt":{"rendered":"<p>No hace mucho nos encontramos a una docena de personas en la mas\u00eda de unos amigos que hace muchos a\u00f1os decidieron abandonar la ciudad e ir a vivir al campo. En un ambiente distendido empezamos a enlazar recuerdos de la infancia. Miquel, que es quien puede parecer -con justicia- el m\u00e1s \u00abalternativo\u00bb y \u00abhippy\u00bb de<\/p>\n","protected":false},"author":152,"featured_media":931,"comment_status":"open","ping_status":"closed","sticky":false,"template":"","format":"standard","meta":{"footnotes":""},"categories":[43],"tags":[],"tipo":[48],"class_list":{"0":"post-929","1":"post","2":"type-post","3":"status-publish","4":"format-standard","5":"has-post-thumbnail","7":"category-aps-y-educacion-en-valores","8":"tipo-actualidad"},"yoast_head":"<!-- This site is optimized with the Yoast SEO plugin v27.5 - https:\/\/yoast.com\/product\/yoast-seo-wordpress\/ -->\n<title>La melod\u00eda m\u00ednima - Convivencia y educaci\u00f3n en valores<\/title>\n<meta name=\"robots\" content=\"index, follow, max-snippet:-1, max-image-preview:large, max-video-preview:-1\" \/>\n<link rel=\"canonical\" href=\"https:\/\/eldiariodelaeducacion.com\/convivenciayeducacionenvalores\/2022\/11\/10\/la-melodia-minima\/\" \/>\n<meta property=\"og:locale\" content=\"es_ES\" \/>\n<meta property=\"og:type\" content=\"article\" \/>\n<meta property=\"og:title\" content=\"La melod\u00eda m\u00ednima - Convivencia y educaci\u00f3n en valores\" \/>\n<meta property=\"og:description\" content=\"No hace mucho nos encontramos a una docena de personas en la mas\u00eda de unos amigos que hace muchos a\u00f1os decidieron abandonar la ciudad e ir a vivir al campo. En un ambiente distendido empezamos a enlazar recuerdos de la infancia. Miquel, que es quien puede parecer -con justicia- el m\u00e1s \u00abalternativo\u00bb y \u00abhippy\u00bb de\" \/>\n<meta property=\"og:url\" content=\"https:\/\/eldiariodelaeducacion.com\/convivenciayeducacionenvalores\/2022\/11\/10\/la-melodia-minima\/\" \/>\n<meta property=\"og:site_name\" content=\"Convivencia y educaci\u00f3n en valores\" \/>\n<meta property=\"article:published_time\" content=\"2022-11-10T06:00:30+00:00\" \/>\n<meta property=\"article:modified_time\" content=\"2024-08-20T16:02:36+00:00\" \/>\n<meta property=\"og:image\" content=\"https:\/\/eldiariodelaeducacion.com\/convivenciayeducacionenvalores\/wp-content\/uploads\/sites\/18\/2022\/11\/GettyImages-529129990-scaled-1.jpg\" \/>\n\t<meta property=\"og:image:width\" content=\"2560\" \/>\n\t<meta property=\"og:image:height\" content=\"1098\" \/>\n\t<meta property=\"og:image:type\" content=\"image\/jpeg\" \/>\n<meta name=\"author\" content=\"Roser Batlle\" \/>\n<meta name=\"twitter:card\" content=\"summary_large_image\" \/>\n<meta name=\"twitter:label1\" content=\"Escrito por\" \/>\n\t<meta name=\"twitter:data1\" content=\"Roser Batlle\" \/>\n\t<meta name=\"twitter:label2\" content=\"Tiempo de lectura\" \/>\n\t<meta name=\"twitter:data2\" content=\"4 minutos\" \/>\n<script type=\"application\/ld+json\" class=\"yoast-schema-graph\">{\"@context\":\"https:\\\/\\\/schema.org\",\"@graph\":[{\"@type\":\"Article\",\"@id\":\"https:\\\/\\\/eldiariodelaeducacion.com\\\/convivenciayeducacionenvalores\\\/2022\\\/11\\\/10\\\/la-melodia-minima\\\/#article\",\"isPartOf\":{\"@id\":\"https:\\\/\\\/eldiariodelaeducacion.com\\\/convivenciayeducacionenvalores\\\/2022\\\/11\\\/10\\\/la-melodia-minima\\\/\"},\"author\":{\"name\":\"Roser Batlle\",\"@id\":\"https:\\\/\\\/eldiariodelaeducacion.com\\\/convivenciayeducacionenvalores\\\/#\\\/schema\\\/person\\\/b2d57468936290059b21fe24957dc294\"},\"headline\":\"La melod\u00eda m\u00ednima\",\"datePublished\":\"2022-11-10T06:00:30+00:00\",\"dateModified\":\"2024-08-20T16:02:36+00:00\",\"mainEntityOfPage\":{\"@id\":\"https:\\\/\\\/eldiariodelaeducacion.com\\\/convivenciayeducacionenvalores\\\/2022\\\/11\\\/10\\\/la-melodia-minima\\\/\"},\"wordCount\":714,\"commentCount\":0,\"image\":{\"@id\":\"https:\\\/\\\/eldiariodelaeducacion.com\\\/convivenciayeducacionenvalores\\\/2022\\\/11\\\/10\\\/la-melodia-minima\\\/#primaryimage\"},\"thumbnailUrl\":\"https:\\\/\\\/eldiariodelaeducacion.com\\\/convivenciayeducacionenvalores\\\/wp-content\\\/uploads\\\/sites\\\/18\\\/2022\\\/11\\\/GettyImages-529129990-scaled-1.jpg\",\"articleSection\":[\"ApS y Educaci\u00f3n en valores\"],\"inLanguage\":\"es\",\"potentialAction\":[{\"@type\":\"CommentAction\",\"name\":\"Comment\",\"target\":[\"https:\\\/\\\/eldiariodelaeducacion.com\\\/convivenciayeducacionenvalores\\\/2022\\\/11\\\/10\\\/la-melodia-minima\\\/#respond\"]}]},{\"@type\":\"WebPage\",\"@id\":\"https:\\\/\\\/eldiariodelaeducacion.com\\\/convivenciayeducacionenvalores\\\/2022\\\/11\\\/10\\\/la-melodia-minima\\\/\",\"url\":\"https:\\\/\\\/eldiariodelaeducacion.com\\\/convivenciayeducacionenvalores\\\/2022\\\/11\\\/10\\\/la-melodia-minima\\\/\",\"name\":\"La melod\u00eda m\u00ednima - Convivencia y educaci\u00f3n en valores\",\"isPartOf\":{\"@id\":\"https:\\\/\\\/eldiariodelaeducacion.com\\\/convivenciayeducacionenvalores\\\/#website\"},\"primaryImageOfPage\":{\"@id\":\"https:\\\/\\\/eldiariodelaeducacion.com\\\/convivenciayeducacionenvalores\\\/2022\\\/11\\\/10\\\/la-melodia-minima\\\/#primaryimage\"},\"image\":{\"@id\":\"https:\\\/\\\/eldiariodelaeducacion.com\\\/convivenciayeducacionenvalores\\\/2022\\\/11\\\/10\\\/la-melodia-minima\\\/#primaryimage\"},\"thumbnailUrl\":\"https:\\\/\\\/eldiariodelaeducacion.com\\\/convivenciayeducacionenvalores\\\/wp-content\\\/uploads\\\/sites\\\/18\\\/2022\\\/11\\\/GettyImages-529129990-scaled-1.jpg\",\"datePublished\":\"2022-11-10T06:00:30+00:00\",\"dateModified\":\"2024-08-20T16:02:36+00:00\",\"author\":{\"@id\":\"https:\\\/\\\/eldiariodelaeducacion.com\\\/convivenciayeducacionenvalores\\\/#\\\/schema\\\/person\\\/b2d57468936290059b21fe24957dc294\"},\"breadcrumb\":{\"@id\":\"https:\\\/\\\/eldiariodelaeducacion.com\\\/convivenciayeducacionenvalores\\\/2022\\\/11\\\/10\\\/la-melodia-minima\\\/#breadcrumb\"},\"inLanguage\":\"es\",\"potentialAction\":[{\"@type\":\"ReadAction\",\"target\":[\"https:\\\/\\\/eldiariodelaeducacion.com\\\/convivenciayeducacionenvalores\\\/2022\\\/11\\\/10\\\/la-melodia-minima\\\/\"]}]},{\"@type\":\"ImageObject\",\"inLanguage\":\"es\",\"@id\":\"https:\\\/\\\/eldiariodelaeducacion.com\\\/convivenciayeducacionenvalores\\\/2022\\\/11\\\/10\\\/la-melodia-minima\\\/#primaryimage\",\"url\":\"https:\\\/\\\/eldiariodelaeducacion.com\\\/convivenciayeducacionenvalores\\\/wp-content\\\/uploads\\\/sites\\\/18\\\/2022\\\/11\\\/GettyImages-529129990-scaled-1.jpg\",\"contentUrl\":\"https:\\\/\\\/eldiariodelaeducacion.com\\\/convivenciayeducacionenvalores\\\/wp-content\\\/uploads\\\/sites\\\/18\\\/2022\\\/11\\\/GettyImages-529129990-scaled-1.jpg\",\"width\":2560,\"height\":1098,\"caption\":\"Gettyimages\"},{\"@type\":\"BreadcrumbList\",\"@id\":\"https:\\\/\\\/eldiariodelaeducacion.com\\\/convivenciayeducacionenvalores\\\/2022\\\/11\\\/10\\\/la-melodia-minima\\\/#breadcrumb\",\"itemListElement\":[{\"@type\":\"ListItem\",\"position\":1,\"name\":\"Portada\",\"item\":\"https:\\\/\\\/eldiariodelaeducacion.com\\\/convivenciayeducacionenvalores\\\/\"},{\"@type\":\"ListItem\",\"position\":2,\"name\":\"La melod\u00eda m\u00ednima\"}]},{\"@type\":\"WebSite\",\"@id\":\"https:\\\/\\\/eldiariodelaeducacion.com\\\/convivenciayeducacionenvalores\\\/#website\",\"url\":\"https:\\\/\\\/eldiariodelaeducacion.com\\\/convivenciayeducacionenvalores\\\/\",\"name\":\"Convivencia y educaci\u00f3n en valores\",\"description\":\"Un blog de El Diario de la Educaci\u00f3n\",\"potentialAction\":[{\"@type\":\"SearchAction\",\"target\":{\"@type\":\"EntryPoint\",\"urlTemplate\":\"https:\\\/\\\/eldiariodelaeducacion.com\\\/convivenciayeducacionenvalores\\\/?s={search_term_string}\"},\"query-input\":{\"@type\":\"PropertyValueSpecification\",\"valueRequired\":true,\"valueName\":\"search_term_string\"}}],\"inLanguage\":\"es\"},{\"@type\":\"Person\",\"@id\":\"https:\\\/\\\/eldiariodelaeducacion.com\\\/convivenciayeducacionenvalores\\\/#\\\/schema\\\/person\\\/b2d57468936290059b21fe24957dc294\",\"name\":\"Roser Batlle\",\"image\":{\"@type\":\"ImageObject\",\"inLanguage\":\"es\",\"@id\":\"https:\\\/\\\/secure.gravatar.com\\\/avatar\\\/917cabcdba70bab343adf71df17343ee8a4c801b24dd9788d6d25ae4fa58dfde?s=96&d=mm&r=g\",\"url\":\"https:\\\/\\\/secure.gravatar.com\\\/avatar\\\/917cabcdba70bab343adf71df17343ee8a4c801b24dd9788d6d25ae4fa58dfde?s=96&d=mm&r=g\",\"contentUrl\":\"https:\\\/\\\/secure.gravatar.com\\\/avatar\\\/917cabcdba70bab343adf71df17343ee8a4c801b24dd9788d6d25ae4fa58dfde?s=96&d=mm&r=g\",\"caption\":\"Roser Batlle\"},\"description\":\"Red Espa\u00f1ola de Aprendizaje-Servicio\",\"url\":\"https:\\\/\\\/eldiariodelaeducacion.com\\\/convivenciayeducacionenvalores\\\/author\\\/roser\\\/\"}]}<\/script>\n<!-- \/ Yoast SEO plugin. -->","yoast_head_json":{"title":"La melod\u00eda m\u00ednima - Convivencia y educaci\u00f3n en valores","robots":{"index":"index","follow":"follow","max-snippet":"max-snippet:-1","max-image-preview":"max-image-preview:large","max-video-preview":"max-video-preview:-1"},"canonical":"https:\/\/eldiariodelaeducacion.com\/convivenciayeducacionenvalores\/2022\/11\/10\/la-melodia-minima\/","og_locale":"es_ES","og_type":"article","og_title":"La melod\u00eda m\u00ednima - Convivencia y educaci\u00f3n en valores","og_description":"No hace mucho nos encontramos a una docena de personas en la mas\u00eda de unos amigos que hace muchos a\u00f1os decidieron abandonar la ciudad e ir a vivir al campo. En un ambiente distendido empezamos a enlazar recuerdos de la infancia. Miquel, que es quien puede parecer -con justicia- el m\u00e1s \u00abalternativo\u00bb y \u00abhippy\u00bb de","og_url":"https:\/\/eldiariodelaeducacion.com\/convivenciayeducacionenvalores\/2022\/11\/10\/la-melodia-minima\/","og_site_name":"Convivencia y educaci\u00f3n en valores","article_published_time":"2022-11-10T06:00:30+00:00","article_modified_time":"2024-08-20T16:02:36+00:00","og_image":[{"width":2560,"height":1098,"url":"https:\/\/eldiariodelaeducacion.com\/convivenciayeducacionenvalores\/wp-content\/uploads\/sites\/18\/2022\/11\/GettyImages-529129990-scaled-1.jpg","type":"image\/jpeg"}],"author":"Roser Batlle","twitter_card":"summary_large_image","twitter_misc":{"Escrito por":"Roser Batlle","Tiempo de lectura":"4 minutos"},"schema":{"@context":"https:\/\/schema.org","@graph":[{"@type":"Article","@id":"https:\/\/eldiariodelaeducacion.com\/convivenciayeducacionenvalores\/2022\/11\/10\/la-melodia-minima\/#article","isPartOf":{"@id":"https:\/\/eldiariodelaeducacion.com\/convivenciayeducacionenvalores\/2022\/11\/10\/la-melodia-minima\/"},"author":{"name":"Roser Batlle","@id":"https:\/\/eldiariodelaeducacion.com\/convivenciayeducacionenvalores\/#\/schema\/person\/b2d57468936290059b21fe24957dc294"},"headline":"La melod\u00eda m\u00ednima","datePublished":"2022-11-10T06:00:30+00:00","dateModified":"2024-08-20T16:02:36+00:00","mainEntityOfPage":{"@id":"https:\/\/eldiariodelaeducacion.com\/convivenciayeducacionenvalores\/2022\/11\/10\/la-melodia-minima\/"},"wordCount":714,"commentCount":0,"image":{"@id":"https:\/\/eldiariodelaeducacion.com\/convivenciayeducacionenvalores\/2022\/11\/10\/la-melodia-minima\/#primaryimage"},"thumbnailUrl":"https:\/\/eldiariodelaeducacion.com\/convivenciayeducacionenvalores\/wp-content\/uploads\/sites\/18\/2022\/11\/GettyImages-529129990-scaled-1.jpg","articleSection":["ApS y Educaci\u00f3n en valores"],"inLanguage":"es","potentialAction":[{"@type":"CommentAction","name":"Comment","target":["https:\/\/eldiariodelaeducacion.com\/convivenciayeducacionenvalores\/2022\/11\/10\/la-melodia-minima\/#respond"]}]},{"@type":"WebPage","@id":"https:\/\/eldiariodelaeducacion.com\/convivenciayeducacionenvalores\/2022\/11\/10\/la-melodia-minima\/","url":"https:\/\/eldiariodelaeducacion.com\/convivenciayeducacionenvalores\/2022\/11\/10\/la-melodia-minima\/","name":"La melod\u00eda m\u00ednima - Convivencia y educaci\u00f3n en valores","isPartOf":{"@id":"https:\/\/eldiariodelaeducacion.com\/convivenciayeducacionenvalores\/#website"},"primaryImageOfPage":{"@id":"https:\/\/eldiariodelaeducacion.com\/convivenciayeducacionenvalores\/2022\/11\/10\/la-melodia-minima\/#primaryimage"},"image":{"@id":"https:\/\/eldiariodelaeducacion.com\/convivenciayeducacionenvalores\/2022\/11\/10\/la-melodia-minima\/#primaryimage"},"thumbnailUrl":"https:\/\/eldiariodelaeducacion.com\/convivenciayeducacionenvalores\/wp-content\/uploads\/sites\/18\/2022\/11\/GettyImages-529129990-scaled-1.jpg","datePublished":"2022-11-10T06:00:30+00:00","dateModified":"2024-08-20T16:02:36+00:00","author":{"@id":"https:\/\/eldiariodelaeducacion.com\/convivenciayeducacionenvalores\/#\/schema\/person\/b2d57468936290059b21fe24957dc294"},"breadcrumb":{"@id":"https:\/\/eldiariodelaeducacion.com\/convivenciayeducacionenvalores\/2022\/11\/10\/la-melodia-minima\/#breadcrumb"},"inLanguage":"es","potentialAction":[{"@type":"ReadAction","target":["https:\/\/eldiariodelaeducacion.com\/convivenciayeducacionenvalores\/2022\/11\/10\/la-melodia-minima\/"]}]},{"@type":"ImageObject","inLanguage":"es","@id":"https:\/\/eldiariodelaeducacion.com\/convivenciayeducacionenvalores\/2022\/11\/10\/la-melodia-minima\/#primaryimage","url":"https:\/\/eldiariodelaeducacion.com\/convivenciayeducacionenvalores\/wp-content\/uploads\/sites\/18\/2022\/11\/GettyImages-529129990-scaled-1.jpg","contentUrl":"https:\/\/eldiariodelaeducacion.com\/convivenciayeducacionenvalores\/wp-content\/uploads\/sites\/18\/2022\/11\/GettyImages-529129990-scaled-1.jpg","width":2560,"height":1098,"caption":"Gettyimages"},{"@type":"BreadcrumbList","@id":"https:\/\/eldiariodelaeducacion.com\/convivenciayeducacionenvalores\/2022\/11\/10\/la-melodia-minima\/#breadcrumb","itemListElement":[{"@type":"ListItem","position":1,"name":"Portada","item":"https:\/\/eldiariodelaeducacion.com\/convivenciayeducacionenvalores\/"},{"@type":"ListItem","position":2,"name":"La melod\u00eda m\u00ednima"}]},{"@type":"WebSite","@id":"https:\/\/eldiariodelaeducacion.com\/convivenciayeducacionenvalores\/#website","url":"https:\/\/eldiariodelaeducacion.com\/convivenciayeducacionenvalores\/","name":"Convivencia y educaci\u00f3n en valores","description":"Un blog de El Diario de la Educaci\u00f3n","potentialAction":[{"@type":"SearchAction","target":{"@type":"EntryPoint","urlTemplate":"https:\/\/eldiariodelaeducacion.com\/convivenciayeducacionenvalores\/?s={search_term_string}"},"query-input":{"@type":"PropertyValueSpecification","valueRequired":true,"valueName":"search_term_string"}}],"inLanguage":"es"},{"@type":"Person","@id":"https:\/\/eldiariodelaeducacion.com\/convivenciayeducacionenvalores\/#\/schema\/person\/b2d57468936290059b21fe24957dc294","name":"Roser Batlle","image":{"@type":"ImageObject","inLanguage":"es","@id":"https:\/\/secure.gravatar.com\/avatar\/917cabcdba70bab343adf71df17343ee8a4c801b24dd9788d6d25ae4fa58dfde?s=96&d=mm&r=g","url":"https:\/\/secure.gravatar.com\/avatar\/917cabcdba70bab343adf71df17343ee8a4c801b24dd9788d6d25ae4fa58dfde?s=96&d=mm&r=g","contentUrl":"https:\/\/secure.gravatar.com\/avatar\/917cabcdba70bab343adf71df17343ee8a4c801b24dd9788d6d25ae4fa58dfde?s=96&d=mm&r=g","caption":"Roser Batlle"},"description":"Red Espa\u00f1ola de Aprendizaje-Servicio","url":"https:\/\/eldiariodelaeducacion.com\/convivenciayeducacionenvalores\/author\/roser\/"}]}},"_links":{"self":[{"href":"https:\/\/eldiariodelaeducacion.com\/convivenciayeducacionenvalores\/wp-json\/wp\/v2\/posts\/929","targetHints":{"allow":["GET"]}}],"collection":[{"href":"https:\/\/eldiariodelaeducacion.com\/convivenciayeducacionenvalores\/wp-json\/wp\/v2\/posts"}],"about":[{"href":"https:\/\/eldiariodelaeducacion.com\/convivenciayeducacionenvalores\/wp-json\/wp\/v2\/types\/post"}],"author":[{"embeddable":true,"href":"https:\/\/eldiariodelaeducacion.com\/convivenciayeducacionenvalores\/wp-json\/wp\/v2\/users\/152"}],"replies":[{"embeddable":true,"href":"https:\/\/eldiariodelaeducacion.com\/convivenciayeducacionenvalores\/wp-json\/wp\/v2\/comments?post=929"}],"version-history":[{"count":1,"href":"https:\/\/eldiariodelaeducacion.com\/convivenciayeducacionenvalores\/wp-json\/wp\/v2\/posts\/929\/revisions"}],"predecessor-version":[{"id":1463,"href":"https:\/\/eldiariodelaeducacion.com\/convivenciayeducacionenvalores\/wp-json\/wp\/v2\/posts\/929\/revisions\/1463"}],"wp:featuredmedia":[{"embeddable":true,"href":"https:\/\/eldiariodelaeducacion.com\/convivenciayeducacionenvalores\/wp-json\/wp\/v2\/media\/931"}],"wp:attachment":[{"href":"https:\/\/eldiariodelaeducacion.com\/convivenciayeducacionenvalores\/wp-json\/wp\/v2\/media?parent=929"}],"wp:term":[{"taxonomy":"category","embeddable":true,"href":"https:\/\/eldiariodelaeducacion.com\/convivenciayeducacionenvalores\/wp-json\/wp\/v2\/categories?post=929"},{"taxonomy":"post_tag","embeddable":true,"href":"https:\/\/eldiariodelaeducacion.com\/convivenciayeducacionenvalores\/wp-json\/wp\/v2\/tags?post=929"},{"taxonomy":"tipo","embeddable":true,"href":"https:\/\/eldiariodelaeducacion.com\/convivenciayeducacionenvalores\/wp-json\/wp\/v2\/tipo?post=929"}],"curies":[{"name":"wp","href":"https:\/\/api.w.org\/{rel}","templated":true}]}}