{"id":937,"date":"2022-12-14T11:45:39","date_gmt":"2022-12-14T11:45:39","guid":{"rendered":"https:\/\/eldiariodelaeducacion.com\/convivenciayeducacionenvalores\/?p=937"},"modified":"2024-08-20T18:02:36","modified_gmt":"2024-08-20T16:02:36","slug":"derecho-a-la-tribu","status":"publish","type":"post","link":"https:\/\/eldiariodelaeducacion.com\/convivenciayeducacionenvalores\/2022\/12\/14\/derecho-a-la-tribu\/","title":{"rendered":"Derecho a la tribu"},"content":{"rendered":"<p>En el \u00e1mbito educativo la tribu se considera un elemento que enriquece la crianza y el proceso de crecimiento de los ni\u00f1os. Cuando se evoca el proverbio africano \u00abpara educar a un ni\u00f1o se necesita la tribu entera\u00bb se hace para destacar el valor de aquellas contribuciones que llegan de personas y colectivos que a priori no tienen asignado el rol de educar (como s\u00ed tienen maestros y progenitores) pero que son esenciales para garantizar un buen desarrollo de los m\u00e1s j\u00f3venes en la comunidad. Contribuciones que aparecen en formas diversas como experiencias, tareas de cuidado, relaciones cercanas, acompa\u00f1amiento, o transmisi\u00f3n informal de conocimientos, entre otros.<\/p>\n<p>La tribu, algo que en sociedades antiguas se creaba de manera natural y espont\u00e1nea, resulta algo excepcional a partir de la revoluci\u00f3n industrial, momento en el que los v\u00ednculos sociales se debilitan y las redes de ayuda mutua y de cooperaci\u00f3n que anteriormente formaban parte de la vida cotidiana de las personas comienzan a ser una excepci\u00f3n. Tambi\u00e9n la cultura neoliberal que ha colonizado las sociedades modernas ha ido poniendo trabas en las relaciones personales, priorizando el inter\u00e9s individual sobre el colectivo, favoreciendo la competici\u00f3n desatada por encima de la colaboraci\u00f3n, disminuyendo progresivamente las pr\u00e1cticas de cuidado entre los miembros de una comunidad, obstaculizando el intercambio gratuito y reduciendo la participaci\u00f3n en lo com\u00fan.<\/p>\n<p>A pesar de estas dificultades, psic\u00f3logos y terapeutas de todas partes ponen el \u00e9nfasis una y otra vez en la importancia que la comunidad, la tribu, tiene en el bienestar de las personas y manifiestan que la existencia de una constelaci\u00f3n de v\u00ednculos es un factor de protecci\u00f3n, especialmente de la infancia, e insisten en que vivir en sociedad no garantiza necesariamente tener cubiertas las necesidades a las que s\u00ed da respuesta \u00abla tribu\u00bb. Afirman que, si bien la soledad puede ser un desencadenante de situaciones de depresi\u00f3n, angustia o ansiedad, el sentimiento de pertenecer a un colectivo es un ant\u00eddoto de algunas enfermedades mentales.<\/p>\n<p>Los v\u00ednculos fuertes y el sentimiento de pertenencia aportan experiencias de seguridad y protecci\u00f3n necesarias para vivir una vida feliz, algo que ha quedado evidenciado en los meses de confinamiento vividos recientemente a ra\u00edz de la pandemia que hemos sufrido a nivel planetario. As\u00ed, si la comunidad y las relaciones sociales son imprescindibles para la salud y el bienestar de las personas, podemos considerar que formar parte de una tribu no es s\u00f3lo un deseo o recomendaci\u00f3n, sino que es, sobre todo, un derecho.<\/p>\n<p>Pero como otros muchos derechos, la tribu tampoco surge de la nada, ni es ning\u00fan punto de partida de la convivencia. \u00a1Ya nos gustar\u00eda! La tribu se construye con la participaci\u00f3n de todos sus miembros y de todas las instituciones. Se hace s\u00f3lida en la medida en que se multiplican las redes de relaci\u00f3n y se hacen m\u00e1s densas las interacciones entre las personas y los colectivos que la conforman. La tribu es a la vez \u00abproceso y resultado de\u00bb. La tribu se hace. La tribu la hacemos.<\/p>\n<p>A pesar de no haber encontrado un verbo que recoja la acci\u00f3n de hacer tribu, no se puede entender la tribu sin actitudes proactivas y conductas comprometidas de las personas que deben formar parte de ella.<\/p>\n<p>Y con la voluntad de ejemplificar acciones y pr\u00e1cticas que caminan en esta direcci\u00f3n presentamos dos experiencias que ayudan a hacer tribu. La primera, <em>Grupo de Ayuda Mutua<\/em> (GAM) con j\u00f3venes en riesgo de exclusi\u00f3n, es una iniciativa que surge en el \u00e1mbito educativo. La segunda, Desayuno semanal con amigas, es una pr\u00e1ctica que de forma espont\u00e1nea se inicia despu\u00e9s de los meses de confinamiento estricto por el COVID-19.<\/p>\n<p>El Grupo de Ayuda Mutua (GAM) con j\u00f3venes en riesgo de exclusi\u00f3n re\u00fane a ocho j\u00f3venes que se comprometen a juntarse una tarde a la semana para compartir sus vidas. Unidos por una profunda sensaci\u00f3n de soledad y unas ganas inmensas de salir adelante a pesar de la situaci\u00f3n vulnerable que sufren tanto a nivel personal como familiar, semana tras semana los chicos crean y fortalecen v\u00ednculos entre ellos.<\/p>\n<p>Las ayudas que dan y reciben en el grupo adoptan formas diversas: desde pedir informaci\u00f3n para renovar el DNI o para matricularse en un ciclo formativo hasta contar con los dem\u00e1s para superar una situaci\u00f3n de ansiedad, para poner nombre a miedos que no se han verbalizado, para compartir el dolor y las l\u00e1grimas por un trauma infantil, para imaginar futuros deseados, para reconocer conductas pasadas que generan verg\u00fcenza y que cuesta admitir, y otras. La realidad es que cada vez que un miembro del grupo llega roto al encuentro, el resto de los compa\u00f1eros le acoge, le escucha, no le juzga y, en la medida que puede, le ayuda.<\/p>\n<p>En diferentes momentos los j\u00f3venes expresan lo importante que es el GAM en sus vidas y valoran poder mostrarse tal y como son, sin tener que fingir sentimientos y estados de \u00e1nimo que no tienen.<\/p>\n<p>Desayuno semanal con amigas. Un grupo de mujeres que comparten su inter\u00e9s por la actividad f\u00edsica y la naturaleza se encuentra un d\u00eda a la semana para desayunar y disfrutar unas de otras durante los meses de restricciones. Cuando el confinamiento termina, el grupo de amigas se da cuenta del impacto positivo que ha tenido en sus vidas \u201cel desayuno del viernes\u201d y decide mantenerlo.<\/p>\n<p>Durante poco m\u00e1s de una hora se comparten t\u00edtulos de libros, guiones de pel\u00edculas, opiniones sobre la actualidad, celebraciones, confidencias, proyectos, programaciones de nuevas actividades, y risas, muchas risas. Los desayunos generan encuentros m\u00e1s reducidos: ya sea para ir a correr, o a andar, para disfrutar de juegos de mesa&#8230; Y cada mes se organiza una salida a la monta\u00f1a a la que se a\u00f1aden parejas y amigos.<\/p>\n<p>Desayuno juntas, una pr\u00e1ctica sencilla cargada de valores. El sitio de encuentro: la terraza interior de un bar del barrio. Va quien quiere cuando quiere o cuando puede. Normalmente se juntan entre diez y doce mujeres. Es un grupo con m\u00ednimos de exigencia. Formalmente nadie se ha comprometido a nada. A medida que pasa el tiempo, los v\u00ednculos que se van tejiendo poco a poco se traducen en conductas de cuidado y cari\u00f1o, de estar pendientes unas de otras.<\/p>\n<p>El ambiente sanador y la funci\u00f3n de sost\u00e9n del grupo en momentos personales delicados ha sido destacado por muchas de ellas.<\/p>\n<p>Para cerrar nuestra reflexi\u00f3n queremos subrayar que las personas que forman parte de ambos grupos se sienten a la vez protectoras y protegidas por los miembros de \u201csu tribu\u201d. Saben que se encuentran en espacios seguros marcados por el respeto, la confianza y un cierto nivel de confidencialidad; espacios en los que nadie va a salir lastimado. Unos y otras han experimentado que los fuertes v\u00ednculos con los compa\u00f1eros de GAM y con las amigas ponen freno a la vulnerabilidad de cada uno de ellos, de cada una de ellas.<\/p>\n<p>&nbsp;<\/p>\n","protected":false},"excerpt":{"rendered":"<p>En el \u00e1mbito educativo la tribu se considera un elemento que enriquece la crianza y el proceso de crecimiento de los ni\u00f1os. Cuando se evoca el proverbio africano \u00abpara educar a un ni\u00f1o se necesita la tribu entera\u00bb se hace para destacar el valor de aquellas contribuciones que llegan de personas y colectivos que a<\/p>\n","protected":false},"author":146,"featured_media":938,"comment_status":"open","ping_status":"closed","sticky":false,"template":"","format":"standard","meta":{"footnotes":""},"categories":[1],"tags":[],"tipo":[48],"class_list":{"0":"post-937","1":"post","2":"type-post","3":"status-publish","4":"format-standard","5":"has-post-thumbnail","7":"category-sin-categoria","8":"tipo-actualidad"},"yoast_head":"<!-- This site is optimized with the Yoast SEO plugin v27.5 - https:\/\/yoast.com\/product\/yoast-seo-wordpress\/ -->\n<title>Derecho a la tribu - Convivencia y educaci\u00f3n en valores<\/title>\n<meta name=\"robots\" content=\"index, follow, max-snippet:-1, max-image-preview:large, max-video-preview:-1\" \/>\n<link rel=\"canonical\" href=\"https:\/\/eldiariodelaeducacion.com\/convivenciayeducacionenvalores\/2022\/12\/14\/derecho-a-la-tribu\/\" \/>\n<meta property=\"og:locale\" content=\"es_ES\" \/>\n<meta property=\"og:type\" content=\"article\" \/>\n<meta property=\"og:title\" content=\"Derecho a la tribu - Convivencia y educaci\u00f3n en valores\" \/>\n<meta property=\"og:description\" content=\"En el \u00e1mbito educativo la tribu se considera un elemento que enriquece la crianza y el proceso de crecimiento de los ni\u00f1os. Cuando se evoca el proverbio africano \u00abpara educar a un ni\u00f1o se necesita la tribu entera\u00bb se hace para destacar el valor de aquellas contribuciones que llegan de personas y colectivos que a\" \/>\n<meta property=\"og:url\" content=\"https:\/\/eldiariodelaeducacion.com\/convivenciayeducacionenvalores\/2022\/12\/14\/derecho-a-la-tribu\/\" \/>\n<meta property=\"og:site_name\" content=\"Convivencia y educaci\u00f3n en valores\" \/>\n<meta property=\"article:published_time\" content=\"2022-12-14T11:45:39+00:00\" \/>\n<meta property=\"article:modified_time\" content=\"2024-08-20T16:02:36+00:00\" \/>\n<meta property=\"og:image\" content=\"https:\/\/eldiariodelaeducacion.com\/convivenciayeducacionenvalores\/wp-content\/uploads\/sites\/18\/2022\/12\/GettyImages-6712603421.jpg\" \/>\n\t<meta property=\"og:image:width\" content=\"1024\" \/>\n\t<meta property=\"og:image:height\" content=\"587\" \/>\n\t<meta property=\"og:image:type\" content=\"image\/jpeg\" \/>\n<meta name=\"author\" content=\"Xus Mart\u00edn\" \/>\n<meta name=\"twitter:card\" content=\"summary_large_image\" \/>\n<meta name=\"twitter:label1\" content=\"Escrito por\" \/>\n\t<meta name=\"twitter:data1\" content=\"Xus Mart\u00edn\" \/>\n\t<meta name=\"twitter:label2\" content=\"Tiempo de lectura\" \/>\n\t<meta name=\"twitter:data2\" content=\"6 minutos\" \/>\n<script type=\"application\/ld+json\" class=\"yoast-schema-graph\">{\"@context\":\"https:\\\/\\\/schema.org\",\"@graph\":[{\"@type\":\"Article\",\"@id\":\"https:\\\/\\\/eldiariodelaeducacion.com\\\/convivenciayeducacionenvalores\\\/2022\\\/12\\\/14\\\/derecho-a-la-tribu\\\/#article\",\"isPartOf\":{\"@id\":\"https:\\\/\\\/eldiariodelaeducacion.com\\\/convivenciayeducacionenvalores\\\/2022\\\/12\\\/14\\\/derecho-a-la-tribu\\\/\"},\"author\":{\"name\":\"Xus Mart\u00edn\",\"@id\":\"https:\\\/\\\/eldiariodelaeducacion.com\\\/convivenciayeducacionenvalores\\\/#\\\/schema\\\/person\\\/441f3f21b90d3626734079c1894e38f9\"},\"headline\":\"Derecho a la tribu\",\"datePublished\":\"2022-12-14T11:45:39+00:00\",\"dateModified\":\"2024-08-20T16:02:36+00:00\",\"mainEntityOfPage\":{\"@id\":\"https:\\\/\\\/eldiariodelaeducacion.com\\\/convivenciayeducacionenvalores\\\/2022\\\/12\\\/14\\\/derecho-a-la-tribu\\\/\"},\"wordCount\":1219,\"commentCount\":0,\"image\":{\"@id\":\"https:\\\/\\\/eldiariodelaeducacion.com\\\/convivenciayeducacionenvalores\\\/2022\\\/12\\\/14\\\/derecho-a-la-tribu\\\/#primaryimage\"},\"thumbnailUrl\":\"https:\\\/\\\/eldiariodelaeducacion.com\\\/convivenciayeducacionenvalores\\\/wp-content\\\/uploads\\\/sites\\\/18\\\/2022\\\/12\\\/GettyImages-6712603421.jpg\",\"inLanguage\":\"es\",\"potentialAction\":[{\"@type\":\"CommentAction\",\"name\":\"Comment\",\"target\":[\"https:\\\/\\\/eldiariodelaeducacion.com\\\/convivenciayeducacionenvalores\\\/2022\\\/12\\\/14\\\/derecho-a-la-tribu\\\/#respond\"]}]},{\"@type\":\"WebPage\",\"@id\":\"https:\\\/\\\/eldiariodelaeducacion.com\\\/convivenciayeducacionenvalores\\\/2022\\\/12\\\/14\\\/derecho-a-la-tribu\\\/\",\"url\":\"https:\\\/\\\/eldiariodelaeducacion.com\\\/convivenciayeducacionenvalores\\\/2022\\\/12\\\/14\\\/derecho-a-la-tribu\\\/\",\"name\":\"Derecho a la tribu - Convivencia y educaci\u00f3n en valores\",\"isPartOf\":{\"@id\":\"https:\\\/\\\/eldiariodelaeducacion.com\\\/convivenciayeducacionenvalores\\\/#website\"},\"primaryImageOfPage\":{\"@id\":\"https:\\\/\\\/eldiariodelaeducacion.com\\\/convivenciayeducacionenvalores\\\/2022\\\/12\\\/14\\\/derecho-a-la-tribu\\\/#primaryimage\"},\"image\":{\"@id\":\"https:\\\/\\\/eldiariodelaeducacion.com\\\/convivenciayeducacionenvalores\\\/2022\\\/12\\\/14\\\/derecho-a-la-tribu\\\/#primaryimage\"},\"thumbnailUrl\":\"https:\\\/\\\/eldiariodelaeducacion.com\\\/convivenciayeducacionenvalores\\\/wp-content\\\/uploads\\\/sites\\\/18\\\/2022\\\/12\\\/GettyImages-6712603421.jpg\",\"datePublished\":\"2022-12-14T11:45:39+00:00\",\"dateModified\":\"2024-08-20T16:02:36+00:00\",\"author\":{\"@id\":\"https:\\\/\\\/eldiariodelaeducacion.com\\\/convivenciayeducacionenvalores\\\/#\\\/schema\\\/person\\\/441f3f21b90d3626734079c1894e38f9\"},\"breadcrumb\":{\"@id\":\"https:\\\/\\\/eldiariodelaeducacion.com\\\/convivenciayeducacionenvalores\\\/2022\\\/12\\\/14\\\/derecho-a-la-tribu\\\/#breadcrumb\"},\"inLanguage\":\"es\",\"potentialAction\":[{\"@type\":\"ReadAction\",\"target\":[\"https:\\\/\\\/eldiariodelaeducacion.com\\\/convivenciayeducacionenvalores\\\/2022\\\/12\\\/14\\\/derecho-a-la-tribu\\\/\"]}]},{\"@type\":\"ImageObject\",\"inLanguage\":\"es\",\"@id\":\"https:\\\/\\\/eldiariodelaeducacion.com\\\/convivenciayeducacionenvalores\\\/2022\\\/12\\\/14\\\/derecho-a-la-tribu\\\/#primaryimage\",\"url\":\"https:\\\/\\\/eldiariodelaeducacion.com\\\/convivenciayeducacionenvalores\\\/wp-content\\\/uploads\\\/sites\\\/18\\\/2022\\\/12\\\/GettyImages-6712603421.jpg\",\"contentUrl\":\"https:\\\/\\\/eldiariodelaeducacion.com\\\/convivenciayeducacionenvalores\\\/wp-content\\\/uploads\\\/sites\\\/18\\\/2022\\\/12\\\/GettyImages-6712603421.jpg\",\"width\":1024,\"height\":587,\"caption\":\"Gettyimages\"},{\"@type\":\"BreadcrumbList\",\"@id\":\"https:\\\/\\\/eldiariodelaeducacion.com\\\/convivenciayeducacionenvalores\\\/2022\\\/12\\\/14\\\/derecho-a-la-tribu\\\/#breadcrumb\",\"itemListElement\":[{\"@type\":\"ListItem\",\"position\":1,\"name\":\"Portada\",\"item\":\"https:\\\/\\\/eldiariodelaeducacion.com\\\/convivenciayeducacionenvalores\\\/\"},{\"@type\":\"ListItem\",\"position\":2,\"name\":\"Derecho a la tribu\"}]},{\"@type\":\"WebSite\",\"@id\":\"https:\\\/\\\/eldiariodelaeducacion.com\\\/convivenciayeducacionenvalores\\\/#website\",\"url\":\"https:\\\/\\\/eldiariodelaeducacion.com\\\/convivenciayeducacionenvalores\\\/\",\"name\":\"Convivencia y educaci\u00f3n en valores\",\"description\":\"Un blog de El Diario de la Educaci\u00f3n\",\"potentialAction\":[{\"@type\":\"SearchAction\",\"target\":{\"@type\":\"EntryPoint\",\"urlTemplate\":\"https:\\\/\\\/eldiariodelaeducacion.com\\\/convivenciayeducacionenvalores\\\/?s={search_term_string}\"},\"query-input\":{\"@type\":\"PropertyValueSpecification\",\"valueRequired\":true,\"valueName\":\"search_term_string\"}}],\"inLanguage\":\"es\"},{\"@type\":\"Person\",\"@id\":\"https:\\\/\\\/eldiariodelaeducacion.com\\\/convivenciayeducacionenvalores\\\/#\\\/schema\\\/person\\\/441f3f21b90d3626734079c1894e38f9\",\"name\":\"Xus Mart\u00edn\",\"image\":{\"@type\":\"ImageObject\",\"inLanguage\":\"es\",\"@id\":\"https:\\\/\\\/eldiariodelaeducacion.com\\\/convivenciayeducacionenvalores\\\/wp-content\\\/uploads\\\/sites\\\/18\\\/2025\\\/06\\\/xus-martin_avatar-96x96.jpg\",\"url\":\"https:\\\/\\\/eldiariodelaeducacion.com\\\/convivenciayeducacionenvalores\\\/wp-content\\\/uploads\\\/sites\\\/18\\\/2025\\\/06\\\/xus-martin_avatar-96x96.jpg\",\"contentUrl\":\"https:\\\/\\\/eldiariodelaeducacion.com\\\/convivenciayeducacionenvalores\\\/wp-content\\\/uploads\\\/sites\\\/18\\\/2025\\\/06\\\/xus-martin_avatar-96x96.jpg\",\"caption\":\"Xus Mart\u00edn\"},\"description\":\"Profesora titular de la Facultad de Pedagog\u00eda de la UB y coordinadora del m\u00e1ster \u201cEducaci\u00f3n en valores y ciudadan\u00eda\u201d\",\"url\":\"https:\\\/\\\/eldiariodelaeducacion.com\\\/convivenciayeducacionenvalores\\\/author\\\/xusmartin\\\/\"}]}<\/script>\n<!-- \/ Yoast SEO plugin. -->","yoast_head_json":{"title":"Derecho a la tribu - Convivencia y educaci\u00f3n en valores","robots":{"index":"index","follow":"follow","max-snippet":"max-snippet:-1","max-image-preview":"max-image-preview:large","max-video-preview":"max-video-preview:-1"},"canonical":"https:\/\/eldiariodelaeducacion.com\/convivenciayeducacionenvalores\/2022\/12\/14\/derecho-a-la-tribu\/","og_locale":"es_ES","og_type":"article","og_title":"Derecho a la tribu - Convivencia y educaci\u00f3n en valores","og_description":"En el \u00e1mbito educativo la tribu se considera un elemento que enriquece la crianza y el proceso de crecimiento de los ni\u00f1os. Cuando se evoca el proverbio africano \u00abpara educar a un ni\u00f1o se necesita la tribu entera\u00bb se hace para destacar el valor de aquellas contribuciones que llegan de personas y colectivos que a","og_url":"https:\/\/eldiariodelaeducacion.com\/convivenciayeducacionenvalores\/2022\/12\/14\/derecho-a-la-tribu\/","og_site_name":"Convivencia y educaci\u00f3n en valores","article_published_time":"2022-12-14T11:45:39+00:00","article_modified_time":"2024-08-20T16:02:36+00:00","og_image":[{"width":1024,"height":587,"url":"https:\/\/eldiariodelaeducacion.com\/convivenciayeducacionenvalores\/wp-content\/uploads\/sites\/18\/2022\/12\/GettyImages-6712603421.jpg","type":"image\/jpeg"}],"author":"Xus Mart\u00edn","twitter_card":"summary_large_image","twitter_misc":{"Escrito por":"Xus Mart\u00edn","Tiempo de lectura":"6 minutos"},"schema":{"@context":"https:\/\/schema.org","@graph":[{"@type":"Article","@id":"https:\/\/eldiariodelaeducacion.com\/convivenciayeducacionenvalores\/2022\/12\/14\/derecho-a-la-tribu\/#article","isPartOf":{"@id":"https:\/\/eldiariodelaeducacion.com\/convivenciayeducacionenvalores\/2022\/12\/14\/derecho-a-la-tribu\/"},"author":{"name":"Xus Mart\u00edn","@id":"https:\/\/eldiariodelaeducacion.com\/convivenciayeducacionenvalores\/#\/schema\/person\/441f3f21b90d3626734079c1894e38f9"},"headline":"Derecho a la tribu","datePublished":"2022-12-14T11:45:39+00:00","dateModified":"2024-08-20T16:02:36+00:00","mainEntityOfPage":{"@id":"https:\/\/eldiariodelaeducacion.com\/convivenciayeducacionenvalores\/2022\/12\/14\/derecho-a-la-tribu\/"},"wordCount":1219,"commentCount":0,"image":{"@id":"https:\/\/eldiariodelaeducacion.com\/convivenciayeducacionenvalores\/2022\/12\/14\/derecho-a-la-tribu\/#primaryimage"},"thumbnailUrl":"https:\/\/eldiariodelaeducacion.com\/convivenciayeducacionenvalores\/wp-content\/uploads\/sites\/18\/2022\/12\/GettyImages-6712603421.jpg","inLanguage":"es","potentialAction":[{"@type":"CommentAction","name":"Comment","target":["https:\/\/eldiariodelaeducacion.com\/convivenciayeducacionenvalores\/2022\/12\/14\/derecho-a-la-tribu\/#respond"]}]},{"@type":"WebPage","@id":"https:\/\/eldiariodelaeducacion.com\/convivenciayeducacionenvalores\/2022\/12\/14\/derecho-a-la-tribu\/","url":"https:\/\/eldiariodelaeducacion.com\/convivenciayeducacionenvalores\/2022\/12\/14\/derecho-a-la-tribu\/","name":"Derecho a la tribu - Convivencia y educaci\u00f3n en valores","isPartOf":{"@id":"https:\/\/eldiariodelaeducacion.com\/convivenciayeducacionenvalores\/#website"},"primaryImageOfPage":{"@id":"https:\/\/eldiariodelaeducacion.com\/convivenciayeducacionenvalores\/2022\/12\/14\/derecho-a-la-tribu\/#primaryimage"},"image":{"@id":"https:\/\/eldiariodelaeducacion.com\/convivenciayeducacionenvalores\/2022\/12\/14\/derecho-a-la-tribu\/#primaryimage"},"thumbnailUrl":"https:\/\/eldiariodelaeducacion.com\/convivenciayeducacionenvalores\/wp-content\/uploads\/sites\/18\/2022\/12\/GettyImages-6712603421.jpg","datePublished":"2022-12-14T11:45:39+00:00","dateModified":"2024-08-20T16:02:36+00:00","author":{"@id":"https:\/\/eldiariodelaeducacion.com\/convivenciayeducacionenvalores\/#\/schema\/person\/441f3f21b90d3626734079c1894e38f9"},"breadcrumb":{"@id":"https:\/\/eldiariodelaeducacion.com\/convivenciayeducacionenvalores\/2022\/12\/14\/derecho-a-la-tribu\/#breadcrumb"},"inLanguage":"es","potentialAction":[{"@type":"ReadAction","target":["https:\/\/eldiariodelaeducacion.com\/convivenciayeducacionenvalores\/2022\/12\/14\/derecho-a-la-tribu\/"]}]},{"@type":"ImageObject","inLanguage":"es","@id":"https:\/\/eldiariodelaeducacion.com\/convivenciayeducacionenvalores\/2022\/12\/14\/derecho-a-la-tribu\/#primaryimage","url":"https:\/\/eldiariodelaeducacion.com\/convivenciayeducacionenvalores\/wp-content\/uploads\/sites\/18\/2022\/12\/GettyImages-6712603421.jpg","contentUrl":"https:\/\/eldiariodelaeducacion.com\/convivenciayeducacionenvalores\/wp-content\/uploads\/sites\/18\/2022\/12\/GettyImages-6712603421.jpg","width":1024,"height":587,"caption":"Gettyimages"},{"@type":"BreadcrumbList","@id":"https:\/\/eldiariodelaeducacion.com\/convivenciayeducacionenvalores\/2022\/12\/14\/derecho-a-la-tribu\/#breadcrumb","itemListElement":[{"@type":"ListItem","position":1,"name":"Portada","item":"https:\/\/eldiariodelaeducacion.com\/convivenciayeducacionenvalores\/"},{"@type":"ListItem","position":2,"name":"Derecho a la tribu"}]},{"@type":"WebSite","@id":"https:\/\/eldiariodelaeducacion.com\/convivenciayeducacionenvalores\/#website","url":"https:\/\/eldiariodelaeducacion.com\/convivenciayeducacionenvalores\/","name":"Convivencia y educaci\u00f3n en valores","description":"Un blog de El Diario de la Educaci\u00f3n","potentialAction":[{"@type":"SearchAction","target":{"@type":"EntryPoint","urlTemplate":"https:\/\/eldiariodelaeducacion.com\/convivenciayeducacionenvalores\/?s={search_term_string}"},"query-input":{"@type":"PropertyValueSpecification","valueRequired":true,"valueName":"search_term_string"}}],"inLanguage":"es"},{"@type":"Person","@id":"https:\/\/eldiariodelaeducacion.com\/convivenciayeducacionenvalores\/#\/schema\/person\/441f3f21b90d3626734079c1894e38f9","name":"Xus Mart\u00edn","image":{"@type":"ImageObject","inLanguage":"es","@id":"https:\/\/eldiariodelaeducacion.com\/convivenciayeducacionenvalores\/wp-content\/uploads\/sites\/18\/2025\/06\/xus-martin_avatar-96x96.jpg","url":"https:\/\/eldiariodelaeducacion.com\/convivenciayeducacionenvalores\/wp-content\/uploads\/sites\/18\/2025\/06\/xus-martin_avatar-96x96.jpg","contentUrl":"https:\/\/eldiariodelaeducacion.com\/convivenciayeducacionenvalores\/wp-content\/uploads\/sites\/18\/2025\/06\/xus-martin_avatar-96x96.jpg","caption":"Xus Mart\u00edn"},"description":"Profesora titular de la Facultad de Pedagog\u00eda de la UB y coordinadora del m\u00e1ster \u201cEducaci\u00f3n en valores y ciudadan\u00eda\u201d","url":"https:\/\/eldiariodelaeducacion.com\/convivenciayeducacionenvalores\/author\/xusmartin\/"}]}},"_links":{"self":[{"href":"https:\/\/eldiariodelaeducacion.com\/convivenciayeducacionenvalores\/wp-json\/wp\/v2\/posts\/937","targetHints":{"allow":["GET"]}}],"collection":[{"href":"https:\/\/eldiariodelaeducacion.com\/convivenciayeducacionenvalores\/wp-json\/wp\/v2\/posts"}],"about":[{"href":"https:\/\/eldiariodelaeducacion.com\/convivenciayeducacionenvalores\/wp-json\/wp\/v2\/types\/post"}],"author":[{"embeddable":true,"href":"https:\/\/eldiariodelaeducacion.com\/convivenciayeducacionenvalores\/wp-json\/wp\/v2\/users\/146"}],"replies":[{"embeddable":true,"href":"https:\/\/eldiariodelaeducacion.com\/convivenciayeducacionenvalores\/wp-json\/wp\/v2\/comments?post=937"}],"version-history":[{"count":1,"href":"https:\/\/eldiariodelaeducacion.com\/convivenciayeducacionenvalores\/wp-json\/wp\/v2\/posts\/937\/revisions"}],"predecessor-version":[{"id":1465,"href":"https:\/\/eldiariodelaeducacion.com\/convivenciayeducacionenvalores\/wp-json\/wp\/v2\/posts\/937\/revisions\/1465"}],"wp:featuredmedia":[{"embeddable":true,"href":"https:\/\/eldiariodelaeducacion.com\/convivenciayeducacionenvalores\/wp-json\/wp\/v2\/media\/938"}],"wp:attachment":[{"href":"https:\/\/eldiariodelaeducacion.com\/convivenciayeducacionenvalores\/wp-json\/wp\/v2\/media?parent=937"}],"wp:term":[{"taxonomy":"category","embeddable":true,"href":"https:\/\/eldiariodelaeducacion.com\/convivenciayeducacionenvalores\/wp-json\/wp\/v2\/categories?post=937"},{"taxonomy":"post_tag","embeddable":true,"href":"https:\/\/eldiariodelaeducacion.com\/convivenciayeducacionenvalores\/wp-json\/wp\/v2\/tags?post=937"},{"taxonomy":"tipo","embeddable":true,"href":"https:\/\/eldiariodelaeducacion.com\/convivenciayeducacionenvalores\/wp-json\/wp\/v2\/tipo?post=937"}],"curies":[{"name":"wp","href":"https:\/\/api.w.org\/{rel}","templated":true}]}}