{"id":998,"date":"2023-05-24T06:00:16","date_gmt":"2023-05-24T06:00:16","guid":{"rendered":"https:\/\/eldiariodelaeducacion.com\/convivenciayeducacionenvalores\/?p=998"},"modified":"2024-08-20T18:02:37","modified_gmt":"2024-08-20T16:02:37","slug":"pantallas-preguntas-erroneas-preguntas-con-sentido","status":"publish","type":"post","link":"https:\/\/eldiariodelaeducacion.com\/convivenciayeducacionenvalores\/2023\/05\/24\/pantallas-preguntas-erroneas-preguntas-con-sentido\/","title":{"rendered":"Pantallas: preguntas err\u00f3neas | preguntas con sentido"},"content":{"rendered":"<p>A menudo, cuando nos acercamos a un tema que nos preocupa, no nos atrevemos a afrontarlo directamente y lo bordeamos, tratando de encontrar el punto m\u00e1s f\u00e1cil para abordarlo. Esto es lo que ocurre ahora con frecuencia con el tema del acceso, el uso y el abuso de pantallas (o dispositivos digitales) durante la infancia. Es por eso que la mayor\u00eda de familias y docentes que muestran cierta inquietud o inter\u00e9s por el tema de las pantallas durante la infancia suelen formular dos preguntas a los especialistas:<\/p>\n<p>&#8211; \u00bfCu\u00e1nto tiempo es el adecuado?<\/p>\n<p>&#8211; \u00bfA partir de qu\u00e9 edad podemos dejar&#8230;?<\/p>\n<p>No se puede responder directamente a estas preguntas, porque en el tema de uso de dispositivos digitales por parte de los ni\u00f1os, casi nada se puede reducir a una cifra: 10 minutos, 1 hora, 12 a\u00f1os&#8230; Preguntar por el tiempo adecuado de juego de un ni\u00f1o de nueve a\u00f1os en la videoconsola, por la edad en la que se puede abrir una cuenta de Instagram o por tener un m\u00f3vil propio (\u00a1con conexi\u00f3n a internet!) es querer saltarse u obviar el proceso y el entorno, que es lo m\u00e1s valioso educativamente hablando.<\/p>\n<p>Hacerse las preguntas correctas es lo m\u00e1s importante. Lo cuento con una analog\u00eda.<\/p>\n<p>Imagin\u00e9monos que, en nuestros tiempos, los ni\u00f1os, ni\u00f1as y adolescentes fueran continuamente invitados a ir a la piscina (deportes en equipo, nataci\u00f3n individual, juegos de agua, actividades educativas, carreras, actividades libres, organizadas&#8230;) y la mayor\u00eda de ellos estuvieran m\u00e1s y m\u00e1s horas de su vida dentro de piscinas, y cada vez desde m\u00e1s peque\u00f1os. La pregunta m\u00e1s absurda ser\u00eda: \u00ab\u00bfPero las piscinas son buenas o malas?\u00bb. Tampoco servir\u00eda de mucho, con la gran diversidad de actividades posibles, preguntarse por cu\u00e1nto rato o a partir de qu\u00e9 edad es adecuado estar en la piscina.<\/p>\n<p>Las respuestas m\u00e1s orientadoras son las que afinan, las que aportan informaci\u00f3n de los elementos que se pueden encontrar dentro de la piscina, las actividades que se pueden realizar, y la adecuaci\u00f3n al desarrollo de cada ni\u00f1o. Los posibles efectos secundarios que pueden tener los componentes del agua de piscina en los \u00f3rganos del cuerpo. Sobre la conveniencia de conocer y acompa\u00f1ar ciertas actividades de los hijos o de los alumnos por parte de la familia o de los docentes, o de convertirla en una de las actividades prioritarias para el disfrute o aprendizaje en familia o del sentido que tiene hacerlo obligatorio a nivel escolar.<\/p>\n<p>Tambi\u00e9n estar\u00eda bien buscar qu\u00e9 investigaciones cient\u00edficas hay en torno al aprendizaje de la nataci\u00f3n y de los deportes de agua, si es mejor hacerlas en familia, solo, por descubrimiento, o mediante una gu\u00eda, en grupo o individualmente&#8230;<\/p>\n<p>Las pantallas y los dispositivos digitales no son buenos ni malos para ni\u00f1os y adolescentes. Pero no ayuda en nada a las familias quedarnos en las respuestas ret\u00f3ricas de \u201ctodo depende del uso que se hace\u201d o \u201clas pantallas han venido para quedarse\u201d o \u201clos ni\u00f1os de hoy son nativos digitales\u201d.<\/p>\n<blockquote><p>Es m\u00e1s \u00fatil preguntarnos qu\u00e9 utilizaci\u00f3n debemos hacer los adultos en presencia del ni\u00f1o, para convertirnos en un modelo correcto<\/p><\/blockquote>\n<p>De nada sirve preguntarnos cu\u00e1ndo es adecuado introducir los dispositivos digitales en la vida de un ni\u00f1o, porque, si sus padres y entorno cercano no son gente muy especial, seguro que los utilizan desde el primer momento en que un beb\u00e9 llega a casa. Por tanto, ya est\u00e1n en su vida, y los utilizamos en su presencia, que muy pronto (a los 3 meses) se da cuenta del gran poder de atracci\u00f3n que tienen las pantallas. En cualquier caso, es m\u00e1s \u00fatil preguntarnos qu\u00e9 utilizaci\u00f3n debemos hacer los adultos en presencia del ni\u00f1o, para convertirnos en un modelo correcto, desde el mismo d\u00eda que llega a casa, porque necesitaremos un tiempo para ajustarnos a las renuncias que probablemente deberemos hacer.<\/p>\n<p>Situados ya en familia, con criaturas en casa, mayores y m\u00e1s peque\u00f1os, que conviven con varios dispositivos que pueden ser objetos para el ocio, para la comunicaci\u00f3n, para el trabajo y para la gesti\u00f3n dom\u00e9stica&#8230; debemos tomar conciencia de cu\u00e1ntas horas les dedicamos los adultos. Y preguntarnos sobre las prioridades familiares, la convivencia, la confianza, el di\u00e1logo&#8230; en relaci\u00f3n con el uso de los dispositivos. Para poder dar respuestas ajustadas a cada realidad.<\/p>\n<p>Sin embargo, actualmente ya sabemos que:<\/p>\n<ul>\n<li>Las redes sociales y los videojuegos pueden ser f\u00e1cilmente adictivos.<\/li>\n<li>El uso de pantallas antes de los 3 a\u00f1os est\u00e1 firmemente desaconsejado.<\/li>\n<li>Un ni\u00f1o quieto delante de una pantalla no es un ni\u00f1o tranquilo, es un ni\u00f1o solo.<\/li>\n<li>Las pantallas en manos de los adultos nos distraen de mirar a nuestras criaturas.<\/li>\n<li>La creatividad no se estimula jugando con pantallas.<\/li>\n<li>No hay adolescentes adictos a Word ni a Excel ni a las <em>apps<\/em> escolares.<\/li>\n<li>&#8230;<\/li>\n<\/ul>\n<p>Pero como cada vez sabemos m\u00e1s, quiz\u00e1s podemos cambiar las preguntas que nos hacemos, no por estar m\u00e1s preocupados por las pantallas, sino por ser valientes y que las respuestas nos permitan seguir educando, integrando los dispositivos digitales en la vida saludable y en las relaciones humanizadoras.<\/p>\n<p>Se trata de no hablar tanto de las pantallas, de los dispositivos digitales ni de las redes sociales, y m\u00e1s de las relaciones entre las personas, del v\u00ednculo sano que permite crecer, de las conversaciones, los di\u00e1logos y los contactos humanos que nos permiten estar juntos y del apoyo y la presencia que nos ayudan a vivir bien a pesar de ser tan vulnerables!<\/p>\n","protected":false},"excerpt":{"rendered":"<p>A menudo, cuando nos acercamos a un tema que nos preocupa, no nos atrevemos a afrontarlo directamente y lo bordeamos, tratando de encontrar el punto m\u00e1s f\u00e1cil para abordarlo. Esto es lo que ocurre ahora con frecuencia con el tema del acceso, el uso y el abuso de pantallas (o dispositivos digitales) durante la infancia.<\/p>\n","protected":false},"author":159,"featured_media":1003,"comment_status":"open","ping_status":"closed","sticky":false,"template":"","format":"standard","meta":{"footnotes":""},"categories":[43],"tags":[],"tipo":[45],"class_list":{"0":"post-998","1":"post","2":"type-post","3":"status-publish","4":"format-standard","5":"has-post-thumbnail","7":"category-aps-y-educacion-en-valores","8":"tipo-opinion"},"yoast_head":"<!-- This site is optimized with the Yoast SEO plugin v27.4 - https:\/\/yoast.com\/product\/yoast-seo-wordpress\/ -->\n<title>Pantallas: preguntas err\u00f3neas | preguntas con sentido - Convivencia y educaci\u00f3n en valores<\/title>\n<meta name=\"robots\" content=\"index, follow, max-snippet:-1, max-image-preview:large, max-video-preview:-1\" \/>\n<link rel=\"canonical\" href=\"https:\/\/eldiariodelaeducacion.com\/convivenciayeducacionenvalores\/2023\/05\/24\/pantallas-preguntas-erroneas-preguntas-con-sentido\/\" \/>\n<meta property=\"og:locale\" content=\"es_ES\" \/>\n<meta property=\"og:type\" content=\"article\" \/>\n<meta property=\"og:title\" content=\"Pantallas: preguntas err\u00f3neas | preguntas con sentido - Convivencia y educaci\u00f3n en valores\" \/>\n<meta property=\"og:description\" content=\"A menudo, cuando nos acercamos a un tema que nos preocupa, no nos atrevemos a afrontarlo directamente y lo bordeamos, tratando de encontrar el punto m\u00e1s f\u00e1cil para abordarlo. Esto es lo que ocurre ahora con frecuencia con el tema del acceso, el uso y el abuso de pantallas (o dispositivos digitales) durante la infancia.\" \/>\n<meta property=\"og:url\" content=\"https:\/\/eldiariodelaeducacion.com\/convivenciayeducacionenvalores\/2023\/05\/24\/pantallas-preguntas-erroneas-preguntas-con-sentido\/\" \/>\n<meta property=\"og:site_name\" content=\"Convivencia y educaci\u00f3n en valores\" \/>\n<meta property=\"article:published_time\" content=\"2023-05-24T06:00:16+00:00\" \/>\n<meta property=\"article:modified_time\" content=\"2024-08-20T16:02:37+00:00\" \/>\n<meta property=\"og:image\" content=\"https:\/\/eldiariodelaeducacion.com\/convivenciayeducacionenvalores\/wp-content\/uploads\/sites\/18\/2023\/05\/primer-plano-padre-jugando-su-hijo.jpg\" \/>\n\t<meta property=\"og:image:width\" content=\"1000\" \/>\n\t<meta property=\"og:image:height\" content=\"668\" \/>\n\t<meta property=\"og:image:type\" content=\"image\/jpeg\" \/>\n<meta name=\"author\" content=\"Anna Ramis\" \/>\n<meta name=\"twitter:card\" content=\"summary_large_image\" \/>\n<meta name=\"twitter:label1\" content=\"Escrito por\" \/>\n\t<meta name=\"twitter:data1\" content=\"Anna Ramis\" \/>\n\t<meta name=\"twitter:label2\" content=\"Tiempo de lectura\" \/>\n\t<meta name=\"twitter:data2\" content=\"5 minutos\" \/>\n<script type=\"application\/ld+json\" class=\"yoast-schema-graph\">{\"@context\":\"https:\\\/\\\/schema.org\",\"@graph\":[{\"@type\":\"Article\",\"@id\":\"https:\\\/\\\/eldiariodelaeducacion.com\\\/convivenciayeducacionenvalores\\\/2023\\\/05\\\/24\\\/pantallas-preguntas-erroneas-preguntas-con-sentido\\\/#article\",\"isPartOf\":{\"@id\":\"https:\\\/\\\/eldiariodelaeducacion.com\\\/convivenciayeducacionenvalores\\\/2023\\\/05\\\/24\\\/pantallas-preguntas-erroneas-preguntas-con-sentido\\\/\"},\"author\":{\"name\":\"Anna Ramis\",\"@id\":\"https:\\\/\\\/eldiariodelaeducacion.com\\\/convivenciayeducacionenvalores\\\/#\\\/schema\\\/person\\\/260eaf2c191027bf293c7e7a8de40230\"},\"headline\":\"Pantallas: preguntas err\u00f3neas | preguntas con sentido\",\"datePublished\":\"2023-05-24T06:00:16+00:00\",\"dateModified\":\"2024-08-20T16:02:37+00:00\",\"mainEntityOfPage\":{\"@id\":\"https:\\\/\\\/eldiariodelaeducacion.com\\\/convivenciayeducacionenvalores\\\/2023\\\/05\\\/24\\\/pantallas-preguntas-erroneas-preguntas-con-sentido\\\/\"},\"wordCount\":970,\"commentCount\":0,\"image\":{\"@id\":\"https:\\\/\\\/eldiariodelaeducacion.com\\\/convivenciayeducacionenvalores\\\/2023\\\/05\\\/24\\\/pantallas-preguntas-erroneas-preguntas-con-sentido\\\/#primaryimage\"},\"thumbnailUrl\":\"https:\\\/\\\/eldiariodelaeducacion.com\\\/convivenciayeducacionenvalores\\\/wp-content\\\/uploads\\\/sites\\\/18\\\/2023\\\/05\\\/primer-plano-padre-jugando-su-hijo.jpg\",\"articleSection\":[\"ApS y Educaci\u00f3n en valores\"],\"inLanguage\":\"es\",\"potentialAction\":[{\"@type\":\"CommentAction\",\"name\":\"Comment\",\"target\":[\"https:\\\/\\\/eldiariodelaeducacion.com\\\/convivenciayeducacionenvalores\\\/2023\\\/05\\\/24\\\/pantallas-preguntas-erroneas-preguntas-con-sentido\\\/#respond\"]}]},{\"@type\":\"WebPage\",\"@id\":\"https:\\\/\\\/eldiariodelaeducacion.com\\\/convivenciayeducacionenvalores\\\/2023\\\/05\\\/24\\\/pantallas-preguntas-erroneas-preguntas-con-sentido\\\/\",\"url\":\"https:\\\/\\\/eldiariodelaeducacion.com\\\/convivenciayeducacionenvalores\\\/2023\\\/05\\\/24\\\/pantallas-preguntas-erroneas-preguntas-con-sentido\\\/\",\"name\":\"Pantallas: preguntas err\u00f3neas | preguntas con sentido - Convivencia y educaci\u00f3n en valores\",\"isPartOf\":{\"@id\":\"https:\\\/\\\/eldiariodelaeducacion.com\\\/convivenciayeducacionenvalores\\\/#website\"},\"primaryImageOfPage\":{\"@id\":\"https:\\\/\\\/eldiariodelaeducacion.com\\\/convivenciayeducacionenvalores\\\/2023\\\/05\\\/24\\\/pantallas-preguntas-erroneas-preguntas-con-sentido\\\/#primaryimage\"},\"image\":{\"@id\":\"https:\\\/\\\/eldiariodelaeducacion.com\\\/convivenciayeducacionenvalores\\\/2023\\\/05\\\/24\\\/pantallas-preguntas-erroneas-preguntas-con-sentido\\\/#primaryimage\"},\"thumbnailUrl\":\"https:\\\/\\\/eldiariodelaeducacion.com\\\/convivenciayeducacionenvalores\\\/wp-content\\\/uploads\\\/sites\\\/18\\\/2023\\\/05\\\/primer-plano-padre-jugando-su-hijo.jpg\",\"datePublished\":\"2023-05-24T06:00:16+00:00\",\"dateModified\":\"2024-08-20T16:02:37+00:00\",\"author\":{\"@id\":\"https:\\\/\\\/eldiariodelaeducacion.com\\\/convivenciayeducacionenvalores\\\/#\\\/schema\\\/person\\\/260eaf2c191027bf293c7e7a8de40230\"},\"breadcrumb\":{\"@id\":\"https:\\\/\\\/eldiariodelaeducacion.com\\\/convivenciayeducacionenvalores\\\/2023\\\/05\\\/24\\\/pantallas-preguntas-erroneas-preguntas-con-sentido\\\/#breadcrumb\"},\"inLanguage\":\"es\",\"potentialAction\":[{\"@type\":\"ReadAction\",\"target\":[\"https:\\\/\\\/eldiariodelaeducacion.com\\\/convivenciayeducacionenvalores\\\/2023\\\/05\\\/24\\\/pantallas-preguntas-erroneas-preguntas-con-sentido\\\/\"]}]},{\"@type\":\"ImageObject\",\"inLanguage\":\"es\",\"@id\":\"https:\\\/\\\/eldiariodelaeducacion.com\\\/convivenciayeducacionenvalores\\\/2023\\\/05\\\/24\\\/pantallas-preguntas-erroneas-preguntas-con-sentido\\\/#primaryimage\",\"url\":\"https:\\\/\\\/eldiariodelaeducacion.com\\\/convivenciayeducacionenvalores\\\/wp-content\\\/uploads\\\/sites\\\/18\\\/2023\\\/05\\\/primer-plano-padre-jugando-su-hijo.jpg\",\"contentUrl\":\"https:\\\/\\\/eldiariodelaeducacion.com\\\/convivenciayeducacionenvalores\\\/wp-content\\\/uploads\\\/sites\\\/18\\\/2023\\\/05\\\/primer-plano-padre-jugando-su-hijo.jpg\",\"width\":1000,\"height\":668,\"caption\":\"Freepik\"},{\"@type\":\"BreadcrumbList\",\"@id\":\"https:\\\/\\\/eldiariodelaeducacion.com\\\/convivenciayeducacionenvalores\\\/2023\\\/05\\\/24\\\/pantallas-preguntas-erroneas-preguntas-con-sentido\\\/#breadcrumb\",\"itemListElement\":[{\"@type\":\"ListItem\",\"position\":1,\"name\":\"Portada\",\"item\":\"https:\\\/\\\/eldiariodelaeducacion.com\\\/convivenciayeducacionenvalores\\\/\"},{\"@type\":\"ListItem\",\"position\":2,\"name\":\"Pantallas: preguntas err\u00f3neas | preguntas con sentido\"}]},{\"@type\":\"WebSite\",\"@id\":\"https:\\\/\\\/eldiariodelaeducacion.com\\\/convivenciayeducacionenvalores\\\/#website\",\"url\":\"https:\\\/\\\/eldiariodelaeducacion.com\\\/convivenciayeducacionenvalores\\\/\",\"name\":\"Convivencia y educaci\u00f3n en valores\",\"description\":\"Un blog de El Diario de la Educaci\u00f3n\",\"potentialAction\":[{\"@type\":\"SearchAction\",\"target\":{\"@type\":\"EntryPoint\",\"urlTemplate\":\"https:\\\/\\\/eldiariodelaeducacion.com\\\/convivenciayeducacionenvalores\\\/?s={search_term_string}\"},\"query-input\":{\"@type\":\"PropertyValueSpecification\",\"valueRequired\":true,\"valueName\":\"search_term_string\"}}],\"inLanguage\":\"es\"},{\"@type\":\"Person\",\"@id\":\"https:\\\/\\\/eldiariodelaeducacion.com\\\/convivenciayeducacionenvalores\\\/#\\\/schema\\\/person\\\/260eaf2c191027bf293c7e7a8de40230\",\"name\":\"Anna Ramis\",\"image\":{\"@type\":\"ImageObject\",\"inLanguage\":\"es\",\"@id\":\"https:\\\/\\\/secure.gravatar.com\\\/avatar\\\/57d2d490c4f31b32e76d0832aac54b5aa037ee9e6386b64edb0f1c9fcacf5ab9?s=96&d=mm&r=g\",\"url\":\"https:\\\/\\\/secure.gravatar.com\\\/avatar\\\/57d2d490c4f31b32e76d0832aac54b5aa037ee9e6386b64edb0f1c9fcacf5ab9?s=96&d=mm&r=g\",\"contentUrl\":\"https:\\\/\\\/secure.gravatar.com\\\/avatar\\\/57d2d490c4f31b32e76d0832aac54b5aa037ee9e6386b64edb0f1c9fcacf5ab9?s=96&d=mm&r=g\",\"caption\":\"Anna Ramis\"},\"url\":\"https:\\\/\\\/eldiariodelaeducacion.com\\\/convivenciayeducacionenvalores\\\/author\\\/anaramis\\\/\"}]}<\/script>\n<!-- \/ Yoast SEO plugin. -->","yoast_head_json":{"title":"Pantallas: preguntas err\u00f3neas | preguntas con sentido - Convivencia y educaci\u00f3n en valores","robots":{"index":"index","follow":"follow","max-snippet":"max-snippet:-1","max-image-preview":"max-image-preview:large","max-video-preview":"max-video-preview:-1"},"canonical":"https:\/\/eldiariodelaeducacion.com\/convivenciayeducacionenvalores\/2023\/05\/24\/pantallas-preguntas-erroneas-preguntas-con-sentido\/","og_locale":"es_ES","og_type":"article","og_title":"Pantallas: preguntas err\u00f3neas | preguntas con sentido - Convivencia y educaci\u00f3n en valores","og_description":"A menudo, cuando nos acercamos a un tema que nos preocupa, no nos atrevemos a afrontarlo directamente y lo bordeamos, tratando de encontrar el punto m\u00e1s f\u00e1cil para abordarlo. Esto es lo que ocurre ahora con frecuencia con el tema del acceso, el uso y el abuso de pantallas (o dispositivos digitales) durante la infancia.","og_url":"https:\/\/eldiariodelaeducacion.com\/convivenciayeducacionenvalores\/2023\/05\/24\/pantallas-preguntas-erroneas-preguntas-con-sentido\/","og_site_name":"Convivencia y educaci\u00f3n en valores","article_published_time":"2023-05-24T06:00:16+00:00","article_modified_time":"2024-08-20T16:02:37+00:00","og_image":[{"width":1000,"height":668,"url":"https:\/\/eldiariodelaeducacion.com\/convivenciayeducacionenvalores\/wp-content\/uploads\/sites\/18\/2023\/05\/primer-plano-padre-jugando-su-hijo.jpg","type":"image\/jpeg"}],"author":"Anna Ramis","twitter_card":"summary_large_image","twitter_misc":{"Escrito por":"Anna Ramis","Tiempo de lectura":"5 minutos"},"schema":{"@context":"https:\/\/schema.org","@graph":[{"@type":"Article","@id":"https:\/\/eldiariodelaeducacion.com\/convivenciayeducacionenvalores\/2023\/05\/24\/pantallas-preguntas-erroneas-preguntas-con-sentido\/#article","isPartOf":{"@id":"https:\/\/eldiariodelaeducacion.com\/convivenciayeducacionenvalores\/2023\/05\/24\/pantallas-preguntas-erroneas-preguntas-con-sentido\/"},"author":{"name":"Anna Ramis","@id":"https:\/\/eldiariodelaeducacion.com\/convivenciayeducacionenvalores\/#\/schema\/person\/260eaf2c191027bf293c7e7a8de40230"},"headline":"Pantallas: preguntas err\u00f3neas | preguntas con sentido","datePublished":"2023-05-24T06:00:16+00:00","dateModified":"2024-08-20T16:02:37+00:00","mainEntityOfPage":{"@id":"https:\/\/eldiariodelaeducacion.com\/convivenciayeducacionenvalores\/2023\/05\/24\/pantallas-preguntas-erroneas-preguntas-con-sentido\/"},"wordCount":970,"commentCount":0,"image":{"@id":"https:\/\/eldiariodelaeducacion.com\/convivenciayeducacionenvalores\/2023\/05\/24\/pantallas-preguntas-erroneas-preguntas-con-sentido\/#primaryimage"},"thumbnailUrl":"https:\/\/eldiariodelaeducacion.com\/convivenciayeducacionenvalores\/wp-content\/uploads\/sites\/18\/2023\/05\/primer-plano-padre-jugando-su-hijo.jpg","articleSection":["ApS y Educaci\u00f3n en valores"],"inLanguage":"es","potentialAction":[{"@type":"CommentAction","name":"Comment","target":["https:\/\/eldiariodelaeducacion.com\/convivenciayeducacionenvalores\/2023\/05\/24\/pantallas-preguntas-erroneas-preguntas-con-sentido\/#respond"]}]},{"@type":"WebPage","@id":"https:\/\/eldiariodelaeducacion.com\/convivenciayeducacionenvalores\/2023\/05\/24\/pantallas-preguntas-erroneas-preguntas-con-sentido\/","url":"https:\/\/eldiariodelaeducacion.com\/convivenciayeducacionenvalores\/2023\/05\/24\/pantallas-preguntas-erroneas-preguntas-con-sentido\/","name":"Pantallas: preguntas err\u00f3neas | preguntas con sentido - Convivencia y educaci\u00f3n en valores","isPartOf":{"@id":"https:\/\/eldiariodelaeducacion.com\/convivenciayeducacionenvalores\/#website"},"primaryImageOfPage":{"@id":"https:\/\/eldiariodelaeducacion.com\/convivenciayeducacionenvalores\/2023\/05\/24\/pantallas-preguntas-erroneas-preguntas-con-sentido\/#primaryimage"},"image":{"@id":"https:\/\/eldiariodelaeducacion.com\/convivenciayeducacionenvalores\/2023\/05\/24\/pantallas-preguntas-erroneas-preguntas-con-sentido\/#primaryimage"},"thumbnailUrl":"https:\/\/eldiariodelaeducacion.com\/convivenciayeducacionenvalores\/wp-content\/uploads\/sites\/18\/2023\/05\/primer-plano-padre-jugando-su-hijo.jpg","datePublished":"2023-05-24T06:00:16+00:00","dateModified":"2024-08-20T16:02:37+00:00","author":{"@id":"https:\/\/eldiariodelaeducacion.com\/convivenciayeducacionenvalores\/#\/schema\/person\/260eaf2c191027bf293c7e7a8de40230"},"breadcrumb":{"@id":"https:\/\/eldiariodelaeducacion.com\/convivenciayeducacionenvalores\/2023\/05\/24\/pantallas-preguntas-erroneas-preguntas-con-sentido\/#breadcrumb"},"inLanguage":"es","potentialAction":[{"@type":"ReadAction","target":["https:\/\/eldiariodelaeducacion.com\/convivenciayeducacionenvalores\/2023\/05\/24\/pantallas-preguntas-erroneas-preguntas-con-sentido\/"]}]},{"@type":"ImageObject","inLanguage":"es","@id":"https:\/\/eldiariodelaeducacion.com\/convivenciayeducacionenvalores\/2023\/05\/24\/pantallas-preguntas-erroneas-preguntas-con-sentido\/#primaryimage","url":"https:\/\/eldiariodelaeducacion.com\/convivenciayeducacionenvalores\/wp-content\/uploads\/sites\/18\/2023\/05\/primer-plano-padre-jugando-su-hijo.jpg","contentUrl":"https:\/\/eldiariodelaeducacion.com\/convivenciayeducacionenvalores\/wp-content\/uploads\/sites\/18\/2023\/05\/primer-plano-padre-jugando-su-hijo.jpg","width":1000,"height":668,"caption":"Freepik"},{"@type":"BreadcrumbList","@id":"https:\/\/eldiariodelaeducacion.com\/convivenciayeducacionenvalores\/2023\/05\/24\/pantallas-preguntas-erroneas-preguntas-con-sentido\/#breadcrumb","itemListElement":[{"@type":"ListItem","position":1,"name":"Portada","item":"https:\/\/eldiariodelaeducacion.com\/convivenciayeducacionenvalores\/"},{"@type":"ListItem","position":2,"name":"Pantallas: preguntas err\u00f3neas | preguntas con sentido"}]},{"@type":"WebSite","@id":"https:\/\/eldiariodelaeducacion.com\/convivenciayeducacionenvalores\/#website","url":"https:\/\/eldiariodelaeducacion.com\/convivenciayeducacionenvalores\/","name":"Convivencia y educaci\u00f3n en valores","description":"Un blog de El Diario de la Educaci\u00f3n","potentialAction":[{"@type":"SearchAction","target":{"@type":"EntryPoint","urlTemplate":"https:\/\/eldiariodelaeducacion.com\/convivenciayeducacionenvalores\/?s={search_term_string}"},"query-input":{"@type":"PropertyValueSpecification","valueRequired":true,"valueName":"search_term_string"}}],"inLanguage":"es"},{"@type":"Person","@id":"https:\/\/eldiariodelaeducacion.com\/convivenciayeducacionenvalores\/#\/schema\/person\/260eaf2c191027bf293c7e7a8de40230","name":"Anna Ramis","image":{"@type":"ImageObject","inLanguage":"es","@id":"https:\/\/secure.gravatar.com\/avatar\/57d2d490c4f31b32e76d0832aac54b5aa037ee9e6386b64edb0f1c9fcacf5ab9?s=96&d=mm&r=g","url":"https:\/\/secure.gravatar.com\/avatar\/57d2d490c4f31b32e76d0832aac54b5aa037ee9e6386b64edb0f1c9fcacf5ab9?s=96&d=mm&r=g","contentUrl":"https:\/\/secure.gravatar.com\/avatar\/57d2d490c4f31b32e76d0832aac54b5aa037ee9e6386b64edb0f1c9fcacf5ab9?s=96&d=mm&r=g","caption":"Anna Ramis"},"url":"https:\/\/eldiariodelaeducacion.com\/convivenciayeducacionenvalores\/author\/anaramis\/"}]}},"_links":{"self":[{"href":"https:\/\/eldiariodelaeducacion.com\/convivenciayeducacionenvalores\/wp-json\/wp\/v2\/posts\/998","targetHints":{"allow":["GET"]}}],"collection":[{"href":"https:\/\/eldiariodelaeducacion.com\/convivenciayeducacionenvalores\/wp-json\/wp\/v2\/posts"}],"about":[{"href":"https:\/\/eldiariodelaeducacion.com\/convivenciayeducacionenvalores\/wp-json\/wp\/v2\/types\/post"}],"author":[{"embeddable":true,"href":"https:\/\/eldiariodelaeducacion.com\/convivenciayeducacionenvalores\/wp-json\/wp\/v2\/users\/159"}],"replies":[{"embeddable":true,"href":"https:\/\/eldiariodelaeducacion.com\/convivenciayeducacionenvalores\/wp-json\/wp\/v2\/comments?post=998"}],"version-history":[{"count":1,"href":"https:\/\/eldiariodelaeducacion.com\/convivenciayeducacionenvalores\/wp-json\/wp\/v2\/posts\/998\/revisions"}],"predecessor-version":[{"id":1473,"href":"https:\/\/eldiariodelaeducacion.com\/convivenciayeducacionenvalores\/wp-json\/wp\/v2\/posts\/998\/revisions\/1473"}],"wp:featuredmedia":[{"embeddable":true,"href":"https:\/\/eldiariodelaeducacion.com\/convivenciayeducacionenvalores\/wp-json\/wp\/v2\/media\/1003"}],"wp:attachment":[{"href":"https:\/\/eldiariodelaeducacion.com\/convivenciayeducacionenvalores\/wp-json\/wp\/v2\/media?parent=998"}],"wp:term":[{"taxonomy":"category","embeddable":true,"href":"https:\/\/eldiariodelaeducacion.com\/convivenciayeducacionenvalores\/wp-json\/wp\/v2\/categories?post=998"},{"taxonomy":"post_tag","embeddable":true,"href":"https:\/\/eldiariodelaeducacion.com\/convivenciayeducacionenvalores\/wp-json\/wp\/v2\/tags?post=998"},{"taxonomy":"tipo","embeddable":true,"href":"https:\/\/eldiariodelaeducacion.com\/convivenciayeducacionenvalores\/wp-json\/wp\/v2\/tipo?post=998"}],"curies":[{"name":"wp","href":"https:\/\/api.w.org\/{rel}","templated":true}]}}