{"id":1313,"date":"2024-12-11T00:45:01","date_gmt":"2024-12-10T23:45:01","guid":{"rendered":"https:\/\/eldiariodelaeducacion.com\/ecoescuela-abierta\/?p=1313"},"modified":"2024-12-11T00:45:06","modified_gmt":"2024-12-10T23:45:06","slug":"jornada-de-puertas-abiertas-a-la-dana","status":"publish","type":"post","link":"https:\/\/eldiariodelaeducacion.com\/ecoescuela-abierta\/2024\/12\/11\/jornada-de-puertas-abiertas-a-la-dana\/","title":{"rendered":"Jornada de puertas abiertas a la DANA"},"content":{"rendered":"\n<p><br>Digamos de entrada que esta ventana abierta de la escuela va muy dirigida a la comunidad educativa en general: administraci\u00f3n, familias, centros y su profesorado y, como consecuencia al alumnado beneficiado o perjudicado, al que hay que evitarle tanto v\u00eddeos alarmantes como ansiedades innecesarias. Planteamos que los centros dediquen una serie de sesiones a reflexionar sobre su Proyecto Educativo y Curricular, de encontrar si se dan cosas por supuestas o se puede mejorar algo. En primer lugar, deben conocer si su centro est\u00e1 ubicado en una zona potencialmente inundable. Si as\u00ed es, han de constituir una Comisi\u00f3n de centros que comience enviando un SOS a las autoridades educativas y municipales. En Espa\u00f1a existe el SNCZI (<a href=\"https:\/\/www.miteco.gob.es\/es\/agua\/temas\/gestion-de-los-riesgos-de-inundacion\/snczi.html\">Sistema Nacional de Cartograf\u00eda de Zonas Inundables<\/a>). Desde su p\u00e1gina se puede acceder al S.A.I.H. (<a href=\"https:\/\/sig.mapama.gob.es\/redes-seguimiento\/index.html?herramienta=Saih\">Sistema Autom\u00e1tico de Informaci\u00f3n Hidrol\u00f3gica<\/a>) de cada cuenca hidrogr\u00e1fica.<br><br>Cada centro educativo desarrolla actuaciones para conocer\/visitar lugares\/eventos clave que contribuyen a los aprendizajes de las diferentes materias: una pretendida alianza entre qu\u00e9 se va a aprender y c\u00f3mo se va a realizar el aprendizaje. Estas propuestas did\u00e1cticas extraordinarias deben figurar en la programaci\u00f3n anual del centro y han de justificar las competencias que se mejoran con la realizaci\u00f3n de tal o cual proyecto. El equipo que las pone en marcha ha de estar plenamente convencido de que son \u00fatiles. Debe dialogar previamente para justificar cada dimensi\u00f3n del proyecto, tambi\u00e9n ha de prever los sistemas de evaluaci\u00f3n. Por lo que conocemos no siempre ocurre as\u00ed, por urgencias u otros motivos, con lo que se pierde una parte importante de su papel educativo.<\/p>\n\n\n\n<p>En leyes educativas de hace tiempo ya se hablaba de la necesidad de aprovechar sucesos o noticias de alto impacto social para llevar una determinada tem\u00e1tica al aula. Seg\u00fan cu\u00e1les son, m\u00e1s notorias o pr\u00f3ximas, tienen la ventaja de que la motivaci\u00f3n por conocer lo que ha sucedido ya est\u00e1 presente en el alumnado, le suena la tem\u00e1tica. Adem\u00e1s, en bastantes ocasiones, muestran efectos en la posici\u00f3n personal que bien entendidos sirven para la organizaci\u00f3n de nuestras vidas. Las posibilidades de acercamiento de sucesos sociales al alumnado son muchas.<\/p>\n\n\n\n<p>Aqu\u00ed vamos a insistir en din\u00e1micas meteorol\u00f3gicas y clim\u00e1ticas, porque no quedan lejanas a casi nadie. El poder motivador de lo pr\u00f3ximo ayuda a la implicaci\u00f3n tanto del alumnado como del profesorado. Una inundaci\u00f3n pr\u00f3xima, una sequ\u00eda permanente, un corte prolongado del agua domiciliaria, o un incendio pr\u00f3ximo azuzado por las altas temperaturas, una ola de calor que impacta en la estancia en el centro educativo, etc., ser\u00edan alguno de los focos sobre los que se podr\u00eda poner la mirada escolar. O m\u00e1s concretamente, lo que proponemos aqu\u00ed: dedicar una Jornada de puertas abiertas a una DANA como la que ha afectado a zonas pr\u00f3ximas al Mediterr\u00e1neo a finales de octubre y principios de noviembre. Entre los especialistas en educaci\u00f3n se debat\u00eda en tiempos si era conveniente llevar los episodios de riesgos y cat\u00e1strofes a la educaci\u00f3n obligatoria. Lo ser\u00e1 cuando no se limiten a acumular datos o im\u00e1genes luctuosas, cuando resalten el papel de la prevenci\u00f3n como una tarea colectiva, cuando ayuden a formalizar una cultura de atenci\u00f3n a los riesgos que lleva impl\u00edcitos el hecho de vivir y la posibilidad de limitar sus causas con la prevenci\u00f3n a varias escalas.<br>En todos los centros de la educaci\u00f3n obligatoria hemos llevado a cabo simulacros de incendios, el que se cree mayor riesgo por ahora. Tras ellos, de los que personalmente no he podido sacar conclusiones sobre el aprendizaje real logrado en la forma de pensar y hacer del alumnado, se llevaba a cabo una evaluaci\u00f3n que expon\u00eda las dificultades para desarrollarlos. Durante su desarrollo surg\u00edan problemas estructurales de los edificios, pereza mezclada con aton\u00eda, profesorado que avisaba unos minutos antes de que sonara la alarma para dejar el aula bien recogida. En la evaluaci\u00f3n se detallaba todo, fortalezas y debilidades ante el suceso. El profesorado desconoc\u00edamos si hab\u00eda retorno a lo expuesto, si la administraci\u00f3n detallaba lo que se iba a hacer para suplir las distintas carencias. Lo cual me llevaba a pensar si dentro del centro y la administraci\u00f3n educativa se era consciente del riesgo que supon\u00edan de ocurrir alguna vez el evento, dado que la mejora propuesta no llegaba a realizarse. Deber\u00edamos preguntarnos si las administraciones poseen una cultura del riesgo, pero eso ser\u00eda demasiado atrevido pues el sistema social es m\u00e1s sensible a las cat\u00e1strofes que a los riesgos acumulados. Aqu\u00ed me surge una pregunta sin mala intenci\u00f3n: \u00bfdispone los centros educativos enclavados en lugares sensibles a la meteorolog\u00eda adversa de protocolos de actuaci\u00f3n ante eventos graves? No me atrevo a limitar a esta pregunta a los centros de lugares pr\u00f3ximos al Mediterr\u00e1neo, pero supongo que all\u00ed los habr\u00e1.<\/p>\n\n\n\n<p>Convertir una jornada de puertas abiertas a la DANA en situaci\u00f3n de aprendizaje no resulta f\u00e1cil, porque tiene su complejidad. Lo que proponemos aqu\u00ed tiene con objeto asociar la cat\u00e1strofe social que provoc\u00f3 la \u00faltima DANA en Espa\u00f1a a una serie de condicionantes clim\u00e1ticos, geogr\u00e1ficos y sociales. Hemos de intentar unir dos n\u00facleos b\u00e1sicos de experiencias de vida, muy presentes en las consecuencias de la DANA, para convertirlos en tema de trabajo escolar: riesgos y desastres. Primera reflexi\u00f3n existencial: las irrupciones meteorol\u00f3gicas naturales han provocado desastres sociales. La segunda es tambi\u00e9n de pensamiento cualitativo: \u00bfpuede una naturaleza que hemos dominado totalmente hacernos da\u00f1o? \u00bfSe entiende que la especie humana es due\u00f1a de la naturaleza? No s\u00e9 c\u00f3mo responder\u00eda cada cual, pero me da la impresi\u00f3n de que mucha gente no responde con pensamiento aplicado hasta que no le cae todo encima. Tercer vector detonante: cu\u00e1nto mayor riesgo haya lo m\u00e1s probable es que aumenten los desastres. Cuarta hip\u00f3tesis: si los desastres son muy grandes pueden provocar emergencias sociales, que costar\u00e1n graves da\u00f1os humanitarios y enormes recursos para cuando se puedan subsanarlos. Quinta y final suposici\u00f3n que nace, y vuelve a la primera: \u00bfno ser\u00e1 mejor reducir los riesgos para aminorar las cat\u00e1strofes? Y unida a esta: invertir dinero en prevenci\u00f3n es mucho m\u00e1s barato que arreglar la p\u00e9rdida de vidas o la destrucci\u00f3n. En todo este proceso tiene un papel principal la ciencia, muy avanzada. Avisemos a todos del papel destructivo que generan los bulos, algunos mal intencionados, que circulan por las redes sociales.<br>Situ\u00e9monos en un centro cualquiera de primaria o secundaria. Suponemos que se realizan una serie de pr\u00e1cticas educativas con el alumnado de varios cursos sobre eventos meteorol\u00f3gicos extremos. Hay que aprovechar la aparici\u00f3n masiva en los medios de comunicaci\u00f3n de la cat\u00e1strofe social tras la DANA para incrementar la necesidad de observar, descubrir y describir en torno a la tem\u00e1tica surgida de pronto, as\u00ed como las bondades que incorpora esa estrategia de aprendizaje sobre algo que en principio no hay que memorizar. La cual ha de permanecer muy presente para el profesorado a la hora de organizar un proyecto.<\/p>\n\n\n\n<p>Demasiadas veces se realizan lecciones de cosas que quedan como una an\u00e9cdota escolar: la culpa la tuvo la meteorolog\u00eda devastadora y, a esa no se la puede castigar; luego resignaci\u00f3n y a esperar que venga otra. Si es as\u00ed se pierden dos funciones b\u00e1sicas: la funci\u00f3n educativa apenas se hace visible \u2013por tanto es dif\u00edcil de evaluar- a la vez que se banaliza el hecho de acumular hechos luctuosos en la relaci\u00f3n entre la naturaleza y la sociedad. Hay que entender que tratar un tema vivencial como el caso de la reciente DANA puede generar crecimiento particular y escolar. Lo ser\u00e1 cuando responda a la necesidad del ser humano de saber, si se llega a conseguir que el alumnado se sienta por momentos que forma parte del lugar o problem\u00e1tica visitada, y le lleva a conectar con experiencias propias y a trasladar percepciones que le ser\u00e1n \u00fatiles en el futuro.<\/p>\n\n\n\n<p>En tiempos se editaba una revista por parte de ISDR (International Strategy Disaster Reduction) de la ONU que iba dirigida a las Am\u00e9ricas. El n\u00famero 16, publicado en 2009, llevaba por t\u00edtulo \u201c<a href=\"https:\/\/www.eird.org\/esp\/revista\/no_17_2010\/art14.html\">La gesti\u00f3n del riesgo en el \u00e1mbito educativo<\/a>\u201d. Iba dirigida a las escuelas americanas del centro y sur, habida cuenta de que el alumnado de estas convive con ellas en sus pa\u00edses, las sufre m\u00e1s de una vez en s\u00ed mismas, los efectos sociales permanecen largo tiempo. Enunciaba y desarrollaba una serie de ideas fuerza para justificar este empe\u00f1o escolar, que deber\u00edan debatirse en los centros escolares para justificar o no el contacto educativo con los riesgos y las cat\u00e1strofes, de cara a formular prevenci\u00f3n. Aunque sean de hace ya bastantes a\u00f1os, vamos a rese\u00f1ar algunos detalles de cara a un debate en nuestros centros:<\/p>\n\n\n\n<ul class=\"wp-block-list\">\n<li>La vulnerabilidad del alumnado ante un evento puntual (incendio, sequ\u00eda, falta de agua, inundaciones, olas de calor, etc.)<\/li>\n\n\n\n<li>La comprensi\u00f3n por parte del alumnado, implicaci\u00f3n activa que vaya m\u00e1s all\u00e1 de ejecutar un protocolo que se le manda, en la reducci\u00f3n de riesgos y desastres, no solo en el \u00e1mbito escolar sino tambi\u00e9n en la vida cotidiana.<\/li>\n\n\n\n<li>La reflexi\u00f3n sobre la utilidad del conocimiento, la innovaci\u00f3n y la educaci\u00f3n, para crear una cultura de seguridad y resiliencia a todo nivel. La inclusi\u00f3n de la reducci\u00f3n de desastres en la educaci\u00f3n dentro y fuera de la escuela, podr\u00eda ser uno de los objetivos claves de los proyectos educativos.<\/li>\n<\/ul>\n\n\n\n<p>Enseguida surge una pregunta pertinente en nuestros centros educativos: \u00bfpuede ser la educaci\u00f3n obligatoria un pilar en la actuaci\u00f3n ante un riesgo? Una parte del profesorado lo har\u00e1 suyo mientras otra parte aludir\u00e1 a que es funci\u00f3n de la administraci\u00f3n. Seguimos con las pautas que marcaba del documento aludido, que pueden ser incorporadas a los objetivos del Proyecto Educativo:<\/p>\n\n\n\n<ul class=\"wp-block-list\">\n<li>Promover la inclusi\u00f3n del conocimiento sobre la reducci\u00f3n del riesgo de desastres en los planes de estudio en todos los niveles.<\/li>\n\n\n\n<li>Promover el uso de canales formales e informales para llegar a los ni\u00f1os, ni\u00f1as y j\u00f3venes con informaci\u00f3n sobre reducci\u00f3n del riesgo de desastres.<\/li>\n\n\n\n<li>Organizar el centro educativo con una figura que se haga cargo de la direcci\u00f3n t\u00e9cnica cuando llega un episodio cr\u00edtico.<\/li>\n\n\n\n<li>Promover la integraci\u00f3n de la reducci\u00f3n de riesgo de desastres como un elemento intr\u00ednseco en la deseada Educaci\u00f3n para el Desarrollo Sostenible.<\/li>\n\n\n\n<li>Contar con un protocolo de actuaci\u00f3n que se revisa cada a\u00f1o y que se explica al alumnado al inicio de cada curso escolar.<\/li>\n\n\n\n<li>Programar simulacros de entrenamiento del alumnado que sigue los protocolos que figuran en cada clase en la puerta de acceso\/salida.<\/li>\n<\/ul>\n\n\n\n<p>Si as\u00ed fuere, la Comunidad Educativa debe plantearse si la gesti\u00f3n de riesgo genera conocimientos \u00fatiles para la vida, si trascienden los muros de las escuelas. Si as\u00ed fuere, esta cumple con la generaci\u00f3n de lazos entre la comunidad, las autoridades y los ni\u00f1os, ni\u00f1as y adolescentes, en el marco de din\u00e1micas participativas y de integraci\u00f3n. Para ello, ser\u00eda conveniente implicarse (colaborar) en acciones como:<\/p>\n\n\n\n<ul class=\"wp-block-list\">\n<li>Participar en las plataformas locales \/ sectoriales de Reducci\u00f3n de Riesgo.<\/li>\n\n\n\n<li>Incluir ense\u00f1anzas sobre seguridad y amenazas en el entorno de las escuelas.<\/li>\n\n\n\n<li>Describir gr\u00e1ficamente las amenazas.<\/li>\n\n\n\n<li>Concienciar a las futuras generaciones respecto a los riesgos existentes.<\/li>\n<\/ul>\n\n\n\n<p>Bien que se van generando en Espa\u00f1a protocolos educativos ante las olas de calor, como lo iniciativa \u201cPatios por el clima\u201d, pero esta atiende m\u00e1s al bienestar personal, siempre necesario y anticipativo, que a una gesti\u00f3n del riesgo. Esta queda muchas veces en la instalaci\u00f3n de entoldados o la plantaci\u00f3n de \u00e1rboles. La idea sugerida de poner aire acondicionado en todos los centros escolares ser\u00eda interesante, pero implicar\u00eda enormes costes ambientales. Hay que madurarla mientras estemos a tiempo.<\/p>\n\n\n\n<p>Para acabar, unas preguntas sin querer ser impertinente en estos momentos todav\u00eda de dolor: \u00bfSu centro de la zona afectada ha recibido de las autoridades educativas unas instrucciones claras de c\u00f3mo actuar ante estos eventos? \u00bfSe han adaptado los protocolos de funcionamiento a las nuevas variables, meteorol\u00f3gicas y clim\u00e1ticas?<\/p>\n\n\n\n<p>No son perfectos, pero aqu\u00ed tenemos un <a href=\"https:\/\/www.eird.org\/cd\/toolkit08\/material\/planes-escolares\/manual-centros-educativos\/manual-centros-educativos.pdf\">Manual de gesti\u00f3n de riesgos en las comunidades educativas<\/a>, pensado para pa\u00edses menos ricos que el nuestro.<\/p>\n\n\n\n<p>Me gustar\u00eda que lo sucedido con la \u00faltima DANA fuese un punto de inflexi\u00f3n, por eso hemos querido dedicar unas jornadas de puertas abiertas en los centros educativos. A partir de ahora hay que educar, no solo en la escuela, en la mitigaci\u00f3n de las posibles causas \u2013es evidente que el cambio clim\u00e1tico es una de las principales pero no solo- y en la adaptaci\u00f3n a sus efectos. Ser\u00eda u buen homenajes a las personas fallecidas y desaparecidos, a los pueblos o ciudades en los que siempre habr\u00e1 un antes y un despu\u00e9s del tr\u00e1nsito octubre-noviembre de 2024.<\/p>\n\n\n\n<p>P.D.: Vaya desde aqu\u00ed un emotivo recuerdo para las comunidades educativas de las escuelas afectadas por la riada. En ninguna se olvidar\u00e1 lo que sucedi\u00f3. Seguro que alguna de ellas colocar\u00e1 en la entrada una placa que diga m\u00e1s o menos as\u00ed: La riada del 29 de octubre de 2024 nos ense\u00f1\u00f3 que la prevenci\u00f3n de riesgos debe ser un contenido escolar siempre vivo. Lo recordaremos y ejercitaremos siempre.<\/p>\n","protected":false},"excerpt":{"rendered":"<p>Digamos de entrada que esta ventana abierta de la escuela va muy dirigida a la comunidad educativa en general: administraci\u00f3n, familias, centros y su profesorado y, como consecuencia al alumnado beneficiado o perjudicado, al que hay que evitarle tanto v\u00eddeos alarmantes como ansiedades innecesarias. Planteamos que los centros dediquen una serie de sesiones a reflexionar<\/p>\n","protected":false},"author":139,"featured_media":1315,"comment_status":"open","ping_status":"open","sticky":false,"template":"","format":"standard","meta":{"footnotes":""},"categories":[1],"tags":[],"tipo":[],"class_list":{"0":"post-1313","1":"post","2":"type-post","3":"status-publish","4":"format-standard","5":"has-post-thumbnail","7":"category-sin-categoria"},"yoast_head":"<!-- This site is optimized with the Yoast SEO plugin v27.5 - https:\/\/yoast.com\/product\/yoast-seo-wordpress\/ -->\n<title>Jornada de puertas abiertas a la DANA - Ecoescuela Abierta<\/title>\n<meta name=\"robots\" content=\"index, follow, max-snippet:-1, max-image-preview:large, max-video-preview:-1\" \/>\n<link rel=\"canonical\" href=\"https:\/\/eldiariodelaeducacion.com\/ecoescuela-abierta\/2024\/12\/11\/jornada-de-puertas-abiertas-a-la-dana\/\" \/>\n<meta property=\"og:locale\" content=\"es_ES\" \/>\n<meta property=\"og:type\" content=\"article\" \/>\n<meta property=\"og:title\" content=\"Jornada de puertas abiertas a la DANA - Ecoescuela Abierta\" \/>\n<meta property=\"og:description\" content=\"Digamos de entrada que esta ventana abierta de la escuela va muy dirigida a la comunidad educativa en general: administraci\u00f3n, familias, centros y su profesorado y, como consecuencia al alumnado beneficiado o perjudicado, al que hay que evitarle tanto v\u00eddeos alarmantes como ansiedades innecesarias. Planteamos que los centros dediquen una serie de sesiones a reflexionar\" \/>\n<meta property=\"og:url\" content=\"https:\/\/eldiariodelaeducacion.com\/ecoescuela-abierta\/2024\/12\/11\/jornada-de-puertas-abiertas-a-la-dana\/\" \/>\n<meta property=\"og:site_name\" content=\"Ecoescuela Abierta\" \/>\n<meta property=\"article:published_time\" content=\"2024-12-10T23:45:01+00:00\" \/>\n<meta property=\"article:modified_time\" content=\"2024-12-10T23:45:06+00:00\" \/>\n<meta property=\"og:image\" content=\"https:\/\/eldiariodelaeducacion.com\/ecoescuela-abierta\/wp-content\/uploads\/sites\/17\/2024\/12\/CEIPJaumeI_750_563_80-STEPV.jpeg\" \/>\n\t<meta property=\"og:image:width\" content=\"750\" \/>\n\t<meta property=\"og:image:height\" content=\"563\" \/>\n\t<meta property=\"og:image:type\" content=\"image\/jpeg\" \/>\n<meta name=\"author\" content=\"Carmelo Marc\u00e9n Albero\" \/>\n<meta name=\"twitter:card\" content=\"summary_large_image\" \/>\n<meta name=\"twitter:label1\" content=\"Escrito por\" \/>\n\t<meta name=\"twitter:data1\" content=\"Carmelo Marc\u00e9n Albero\" \/>\n\t<meta name=\"twitter:label2\" content=\"Tiempo de lectura\" \/>\n\t<meta name=\"twitter:data2\" content=\"12 minutos\" \/>\n<script type=\"application\/ld+json\" class=\"yoast-schema-graph\">{\"@context\":\"https:\\\/\\\/schema.org\",\"@graph\":[{\"@type\":\"Article\",\"@id\":\"https:\\\/\\\/eldiariodelaeducacion.com\\\/ecoescuela-abierta\\\/2024\\\/12\\\/11\\\/jornada-de-puertas-abiertas-a-la-dana\\\/#article\",\"isPartOf\":{\"@id\":\"https:\\\/\\\/eldiariodelaeducacion.com\\\/ecoescuela-abierta\\\/2024\\\/12\\\/11\\\/jornada-de-puertas-abiertas-a-la-dana\\\/\"},\"author\":{\"name\":\"Carmelo Marc\u00e9n Albero\",\"@id\":\"https:\\\/\\\/eldiariodelaeducacion.com\\\/ecoescuela-abierta\\\/#\\\/schema\\\/person\\\/04802fc4b356ebb6d2b49d88d0cbda81\"},\"headline\":\"Jornada de puertas abiertas a la DANA\",\"datePublished\":\"2024-12-10T23:45:01+00:00\",\"dateModified\":\"2024-12-10T23:45:06+00:00\",\"mainEntityOfPage\":{\"@id\":\"https:\\\/\\\/eldiariodelaeducacion.com\\\/ecoescuela-abierta\\\/2024\\\/12\\\/11\\\/jornada-de-puertas-abiertas-a-la-dana\\\/\"},\"wordCount\":2338,\"commentCount\":0,\"image\":{\"@id\":\"https:\\\/\\\/eldiariodelaeducacion.com\\\/ecoescuela-abierta\\\/2024\\\/12\\\/11\\\/jornada-de-puertas-abiertas-a-la-dana\\\/#primaryimage\"},\"thumbnailUrl\":\"https:\\\/\\\/eldiariodelaeducacion.com\\\/ecoescuela-abierta\\\/wp-content\\\/uploads\\\/sites\\\/17\\\/2024\\\/12\\\/CEIPJaumeI_750_563_80-STEPV.jpeg\",\"inLanguage\":\"es\",\"potentialAction\":[{\"@type\":\"CommentAction\",\"name\":\"Comment\",\"target\":[\"https:\\\/\\\/eldiariodelaeducacion.com\\\/ecoescuela-abierta\\\/2024\\\/12\\\/11\\\/jornada-de-puertas-abiertas-a-la-dana\\\/#respond\"]}]},{\"@type\":\"WebPage\",\"@id\":\"https:\\\/\\\/eldiariodelaeducacion.com\\\/ecoescuela-abierta\\\/2024\\\/12\\\/11\\\/jornada-de-puertas-abiertas-a-la-dana\\\/\",\"url\":\"https:\\\/\\\/eldiariodelaeducacion.com\\\/ecoescuela-abierta\\\/2024\\\/12\\\/11\\\/jornada-de-puertas-abiertas-a-la-dana\\\/\",\"name\":\"Jornada de puertas abiertas a la DANA - Ecoescuela Abierta\",\"isPartOf\":{\"@id\":\"https:\\\/\\\/eldiariodelaeducacion.com\\\/ecoescuela-abierta\\\/#website\"},\"primaryImageOfPage\":{\"@id\":\"https:\\\/\\\/eldiariodelaeducacion.com\\\/ecoescuela-abierta\\\/2024\\\/12\\\/11\\\/jornada-de-puertas-abiertas-a-la-dana\\\/#primaryimage\"},\"image\":{\"@id\":\"https:\\\/\\\/eldiariodelaeducacion.com\\\/ecoescuela-abierta\\\/2024\\\/12\\\/11\\\/jornada-de-puertas-abiertas-a-la-dana\\\/#primaryimage\"},\"thumbnailUrl\":\"https:\\\/\\\/eldiariodelaeducacion.com\\\/ecoescuela-abierta\\\/wp-content\\\/uploads\\\/sites\\\/17\\\/2024\\\/12\\\/CEIPJaumeI_750_563_80-STEPV.jpeg\",\"datePublished\":\"2024-12-10T23:45:01+00:00\",\"dateModified\":\"2024-12-10T23:45:06+00:00\",\"author\":{\"@id\":\"https:\\\/\\\/eldiariodelaeducacion.com\\\/ecoescuela-abierta\\\/#\\\/schema\\\/person\\\/04802fc4b356ebb6d2b49d88d0cbda81\"},\"breadcrumb\":{\"@id\":\"https:\\\/\\\/eldiariodelaeducacion.com\\\/ecoescuela-abierta\\\/2024\\\/12\\\/11\\\/jornada-de-puertas-abiertas-a-la-dana\\\/#breadcrumb\"},\"inLanguage\":\"es\",\"potentialAction\":[{\"@type\":\"ReadAction\",\"target\":[\"https:\\\/\\\/eldiariodelaeducacion.com\\\/ecoescuela-abierta\\\/2024\\\/12\\\/11\\\/jornada-de-puertas-abiertas-a-la-dana\\\/\"]}]},{\"@type\":\"ImageObject\",\"inLanguage\":\"es\",\"@id\":\"https:\\\/\\\/eldiariodelaeducacion.com\\\/ecoescuela-abierta\\\/2024\\\/12\\\/11\\\/jornada-de-puertas-abiertas-a-la-dana\\\/#primaryimage\",\"url\":\"https:\\\/\\\/eldiariodelaeducacion.com\\\/ecoescuela-abierta\\\/wp-content\\\/uploads\\\/sites\\\/17\\\/2024\\\/12\\\/CEIPJaumeI_750_563_80-STEPV.jpeg\",\"contentUrl\":\"https:\\\/\\\/eldiariodelaeducacion.com\\\/ecoescuela-abierta\\\/wp-content\\\/uploads\\\/sites\\\/17\\\/2024\\\/12\\\/CEIPJaumeI_750_563_80-STEPV.jpeg\",\"width\":750,\"height\":563,\"caption\":\"CEIP Jaume I (Catarroja). Foto: web STEPV\"},{\"@type\":\"BreadcrumbList\",\"@id\":\"https:\\\/\\\/eldiariodelaeducacion.com\\\/ecoescuela-abierta\\\/2024\\\/12\\\/11\\\/jornada-de-puertas-abiertas-a-la-dana\\\/#breadcrumb\",\"itemListElement\":[{\"@type\":\"ListItem\",\"position\":1,\"name\":\"Portada\",\"item\":\"https:\\\/\\\/eldiariodelaeducacion.com\\\/ecoescuela-abierta\\\/\"},{\"@type\":\"ListItem\",\"position\":2,\"name\":\"Jornada de puertas abiertas a la DANA\"}]},{\"@type\":\"WebSite\",\"@id\":\"https:\\\/\\\/eldiariodelaeducacion.com\\\/ecoescuela-abierta\\\/#website\",\"url\":\"https:\\\/\\\/eldiariodelaeducacion.com\\\/ecoescuela-abierta\\\/\",\"name\":\"Ecoescuela Abierta\",\"description\":\"Un blog de El Diario de la Educaci\u00f3n\",\"potentialAction\":[{\"@type\":\"SearchAction\",\"target\":{\"@type\":\"EntryPoint\",\"urlTemplate\":\"https:\\\/\\\/eldiariodelaeducacion.com\\\/ecoescuela-abierta\\\/?s={search_term_string}\"},\"query-input\":{\"@type\":\"PropertyValueSpecification\",\"valueRequired\":true,\"valueName\":\"search_term_string\"}}],\"inLanguage\":\"es\"},{\"@type\":\"Person\",\"@id\":\"https:\\\/\\\/eldiariodelaeducacion.com\\\/ecoescuela-abierta\\\/#\\\/schema\\\/person\\\/04802fc4b356ebb6d2b49d88d0cbda81\",\"name\":\"Carmelo Marc\u00e9n Albero\",\"image\":{\"@type\":\"ImageObject\",\"inLanguage\":\"es\",\"@id\":\"https:\\\/\\\/secure.gravatar.com\\\/avatar\\\/865a2af25fe07fb65d216fd84d395acb9d5e4afe79a03f8cb07ea1546723465e?s=96&d=mm&r=g\",\"url\":\"https:\\\/\\\/secure.gravatar.com\\\/avatar\\\/865a2af25fe07fb65d216fd84d395acb9d5e4afe79a03f8cb07ea1546723465e?s=96&d=mm&r=g\",\"contentUrl\":\"https:\\\/\\\/secure.gravatar.com\\\/avatar\\\/865a2af25fe07fb65d216fd84d395acb9d5e4afe79a03f8cb07ea1546723465e?s=96&d=mm&r=g\",\"caption\":\"Carmelo Marc\u00e9n Albero\"},\"description\":\"Adem\u00e1s de profesor y articulista, es experto en educaci\u00f3n ambiental. Gracias a \u00e9l nos preguntaremos c\u00f3mo las escuelas pueden reflexionar y trasladar estas preocupaciones a su alumnado, a sus docentes. Su \u00faltimo libro, 'Ecorrelatos inacabados, sin fecha de caducidad acerca' con una iron\u00eda suave algunas de esas tem\u00e1ticas.\",\"url\":\"https:\\\/\\\/eldiariodelaeducacion.com\\\/ecoescuela-abierta\\\/author\\\/carmelo-marcen-albero\\\/\"}]}<\/script>\n<!-- \/ Yoast SEO plugin. -->","yoast_head_json":{"title":"Jornada de puertas abiertas a la DANA - Ecoescuela Abierta","robots":{"index":"index","follow":"follow","max-snippet":"max-snippet:-1","max-image-preview":"max-image-preview:large","max-video-preview":"max-video-preview:-1"},"canonical":"https:\/\/eldiariodelaeducacion.com\/ecoescuela-abierta\/2024\/12\/11\/jornada-de-puertas-abiertas-a-la-dana\/","og_locale":"es_ES","og_type":"article","og_title":"Jornada de puertas abiertas a la DANA - Ecoescuela Abierta","og_description":"Digamos de entrada que esta ventana abierta de la escuela va muy dirigida a la comunidad educativa en general: administraci\u00f3n, familias, centros y su profesorado y, como consecuencia al alumnado beneficiado o perjudicado, al que hay que evitarle tanto v\u00eddeos alarmantes como ansiedades innecesarias. Planteamos que los centros dediquen una serie de sesiones a reflexionar","og_url":"https:\/\/eldiariodelaeducacion.com\/ecoescuela-abierta\/2024\/12\/11\/jornada-de-puertas-abiertas-a-la-dana\/","og_site_name":"Ecoescuela Abierta","article_published_time":"2024-12-10T23:45:01+00:00","article_modified_time":"2024-12-10T23:45:06+00:00","og_image":[{"width":750,"height":563,"url":"https:\/\/eldiariodelaeducacion.com\/ecoescuela-abierta\/wp-content\/uploads\/sites\/17\/2024\/12\/CEIPJaumeI_750_563_80-STEPV.jpeg","type":"image\/jpeg"}],"author":"Carmelo Marc\u00e9n Albero","twitter_card":"summary_large_image","twitter_misc":{"Escrito por":"Carmelo Marc\u00e9n Albero","Tiempo de lectura":"12 minutos"},"schema":{"@context":"https:\/\/schema.org","@graph":[{"@type":"Article","@id":"https:\/\/eldiariodelaeducacion.com\/ecoescuela-abierta\/2024\/12\/11\/jornada-de-puertas-abiertas-a-la-dana\/#article","isPartOf":{"@id":"https:\/\/eldiariodelaeducacion.com\/ecoescuela-abierta\/2024\/12\/11\/jornada-de-puertas-abiertas-a-la-dana\/"},"author":{"name":"Carmelo Marc\u00e9n Albero","@id":"https:\/\/eldiariodelaeducacion.com\/ecoescuela-abierta\/#\/schema\/person\/04802fc4b356ebb6d2b49d88d0cbda81"},"headline":"Jornada de puertas abiertas a la DANA","datePublished":"2024-12-10T23:45:01+00:00","dateModified":"2024-12-10T23:45:06+00:00","mainEntityOfPage":{"@id":"https:\/\/eldiariodelaeducacion.com\/ecoescuela-abierta\/2024\/12\/11\/jornada-de-puertas-abiertas-a-la-dana\/"},"wordCount":2338,"commentCount":0,"image":{"@id":"https:\/\/eldiariodelaeducacion.com\/ecoescuela-abierta\/2024\/12\/11\/jornada-de-puertas-abiertas-a-la-dana\/#primaryimage"},"thumbnailUrl":"https:\/\/eldiariodelaeducacion.com\/ecoescuela-abierta\/wp-content\/uploads\/sites\/17\/2024\/12\/CEIPJaumeI_750_563_80-STEPV.jpeg","inLanguage":"es","potentialAction":[{"@type":"CommentAction","name":"Comment","target":["https:\/\/eldiariodelaeducacion.com\/ecoescuela-abierta\/2024\/12\/11\/jornada-de-puertas-abiertas-a-la-dana\/#respond"]}]},{"@type":"WebPage","@id":"https:\/\/eldiariodelaeducacion.com\/ecoescuela-abierta\/2024\/12\/11\/jornada-de-puertas-abiertas-a-la-dana\/","url":"https:\/\/eldiariodelaeducacion.com\/ecoescuela-abierta\/2024\/12\/11\/jornada-de-puertas-abiertas-a-la-dana\/","name":"Jornada de puertas abiertas a la DANA - Ecoescuela Abierta","isPartOf":{"@id":"https:\/\/eldiariodelaeducacion.com\/ecoescuela-abierta\/#website"},"primaryImageOfPage":{"@id":"https:\/\/eldiariodelaeducacion.com\/ecoescuela-abierta\/2024\/12\/11\/jornada-de-puertas-abiertas-a-la-dana\/#primaryimage"},"image":{"@id":"https:\/\/eldiariodelaeducacion.com\/ecoescuela-abierta\/2024\/12\/11\/jornada-de-puertas-abiertas-a-la-dana\/#primaryimage"},"thumbnailUrl":"https:\/\/eldiariodelaeducacion.com\/ecoescuela-abierta\/wp-content\/uploads\/sites\/17\/2024\/12\/CEIPJaumeI_750_563_80-STEPV.jpeg","datePublished":"2024-12-10T23:45:01+00:00","dateModified":"2024-12-10T23:45:06+00:00","author":{"@id":"https:\/\/eldiariodelaeducacion.com\/ecoescuela-abierta\/#\/schema\/person\/04802fc4b356ebb6d2b49d88d0cbda81"},"breadcrumb":{"@id":"https:\/\/eldiariodelaeducacion.com\/ecoescuela-abierta\/2024\/12\/11\/jornada-de-puertas-abiertas-a-la-dana\/#breadcrumb"},"inLanguage":"es","potentialAction":[{"@type":"ReadAction","target":["https:\/\/eldiariodelaeducacion.com\/ecoescuela-abierta\/2024\/12\/11\/jornada-de-puertas-abiertas-a-la-dana\/"]}]},{"@type":"ImageObject","inLanguage":"es","@id":"https:\/\/eldiariodelaeducacion.com\/ecoescuela-abierta\/2024\/12\/11\/jornada-de-puertas-abiertas-a-la-dana\/#primaryimage","url":"https:\/\/eldiariodelaeducacion.com\/ecoescuela-abierta\/wp-content\/uploads\/sites\/17\/2024\/12\/CEIPJaumeI_750_563_80-STEPV.jpeg","contentUrl":"https:\/\/eldiariodelaeducacion.com\/ecoescuela-abierta\/wp-content\/uploads\/sites\/17\/2024\/12\/CEIPJaumeI_750_563_80-STEPV.jpeg","width":750,"height":563,"caption":"CEIP Jaume I (Catarroja). Foto: web STEPV"},{"@type":"BreadcrumbList","@id":"https:\/\/eldiariodelaeducacion.com\/ecoescuela-abierta\/2024\/12\/11\/jornada-de-puertas-abiertas-a-la-dana\/#breadcrumb","itemListElement":[{"@type":"ListItem","position":1,"name":"Portada","item":"https:\/\/eldiariodelaeducacion.com\/ecoescuela-abierta\/"},{"@type":"ListItem","position":2,"name":"Jornada de puertas abiertas a la DANA"}]},{"@type":"WebSite","@id":"https:\/\/eldiariodelaeducacion.com\/ecoescuela-abierta\/#website","url":"https:\/\/eldiariodelaeducacion.com\/ecoescuela-abierta\/","name":"Ecoescuela Abierta","description":"Un blog de El Diario de la Educaci\u00f3n","potentialAction":[{"@type":"SearchAction","target":{"@type":"EntryPoint","urlTemplate":"https:\/\/eldiariodelaeducacion.com\/ecoescuela-abierta\/?s={search_term_string}"},"query-input":{"@type":"PropertyValueSpecification","valueRequired":true,"valueName":"search_term_string"}}],"inLanguage":"es"},{"@type":"Person","@id":"https:\/\/eldiariodelaeducacion.com\/ecoescuela-abierta\/#\/schema\/person\/04802fc4b356ebb6d2b49d88d0cbda81","name":"Carmelo Marc\u00e9n Albero","image":{"@type":"ImageObject","inLanguage":"es","@id":"https:\/\/secure.gravatar.com\/avatar\/865a2af25fe07fb65d216fd84d395acb9d5e4afe79a03f8cb07ea1546723465e?s=96&d=mm&r=g","url":"https:\/\/secure.gravatar.com\/avatar\/865a2af25fe07fb65d216fd84d395acb9d5e4afe79a03f8cb07ea1546723465e?s=96&d=mm&r=g","contentUrl":"https:\/\/secure.gravatar.com\/avatar\/865a2af25fe07fb65d216fd84d395acb9d5e4afe79a03f8cb07ea1546723465e?s=96&d=mm&r=g","caption":"Carmelo Marc\u00e9n Albero"},"description":"Adem\u00e1s de profesor y articulista, es experto en educaci\u00f3n ambiental. Gracias a \u00e9l nos preguntaremos c\u00f3mo las escuelas pueden reflexionar y trasladar estas preocupaciones a su alumnado, a sus docentes. Su \u00faltimo libro, 'Ecorrelatos inacabados, sin fecha de caducidad acerca' con una iron\u00eda suave algunas de esas tem\u00e1ticas.","url":"https:\/\/eldiariodelaeducacion.com\/ecoescuela-abierta\/author\/carmelo-marcen-albero\/"}]}},"_links":{"self":[{"href":"https:\/\/eldiariodelaeducacion.com\/ecoescuela-abierta\/wp-json\/wp\/v2\/posts\/1313","targetHints":{"allow":["GET"]}}],"collection":[{"href":"https:\/\/eldiariodelaeducacion.com\/ecoescuela-abierta\/wp-json\/wp\/v2\/posts"}],"about":[{"href":"https:\/\/eldiariodelaeducacion.com\/ecoescuela-abierta\/wp-json\/wp\/v2\/types\/post"}],"author":[{"embeddable":true,"href":"https:\/\/eldiariodelaeducacion.com\/ecoescuela-abierta\/wp-json\/wp\/v2\/users\/139"}],"replies":[{"embeddable":true,"href":"https:\/\/eldiariodelaeducacion.com\/ecoescuela-abierta\/wp-json\/wp\/v2\/comments?post=1313"}],"version-history":[{"count":2,"href":"https:\/\/eldiariodelaeducacion.com\/ecoescuela-abierta\/wp-json\/wp\/v2\/posts\/1313\/revisions"}],"predecessor-version":[{"id":1316,"href":"https:\/\/eldiariodelaeducacion.com\/ecoescuela-abierta\/wp-json\/wp\/v2\/posts\/1313\/revisions\/1316"}],"wp:featuredmedia":[{"embeddable":true,"href":"https:\/\/eldiariodelaeducacion.com\/ecoescuela-abierta\/wp-json\/wp\/v2\/media\/1315"}],"wp:attachment":[{"href":"https:\/\/eldiariodelaeducacion.com\/ecoescuela-abierta\/wp-json\/wp\/v2\/media?parent=1313"}],"wp:term":[{"taxonomy":"category","embeddable":true,"href":"https:\/\/eldiariodelaeducacion.com\/ecoescuela-abierta\/wp-json\/wp\/v2\/categories?post=1313"},{"taxonomy":"post_tag","embeddable":true,"href":"https:\/\/eldiariodelaeducacion.com\/ecoescuela-abierta\/wp-json\/wp\/v2\/tags?post=1313"},{"taxonomy":"tipo","embeddable":true,"href":"https:\/\/eldiariodelaeducacion.com\/ecoescuela-abierta\/wp-json\/wp\/v2\/tipo?post=1313"}],"curies":[{"name":"wp","href":"https:\/\/api.w.org\/{rel}","templated":true}]}}