{"id":308,"date":"2018-09-19T11:23:51","date_gmt":"2018-09-19T11:23:51","guid":{"rendered":"http:\/\/eldiariodelaeducacion.test\/ecoescuela-abierta\/\/?p=308"},"modified":"2024-08-20T16:30:34","modified_gmt":"2024-08-20T14:30:34","slug":"la-etiqueta-ecologica-podria-ser-el-distintivo-de-todo-lo-escolar","status":"publish","type":"post","link":"https:\/\/eldiariodelaeducacion.com\/ecoescuela-abierta\/2018\/09\/19\/la-etiqueta-ecologica-podria-ser-el-distintivo-de-todo-lo-escolar\/","title":{"rendered":"La etiqueta ecol\u00f3gica podr\u00eda ser el distintivo de todo lo escolar"},"content":{"rendered":"<p>Cada a\u00f1o, con la vuelta al cole en septiembre, en muchos centros educativos espa\u00f1oles se expresa el mismo deseo: <strong>es imprescindible que la escuela sea cada vez m\u00e1s ecol\u00f3gica<\/strong>. La lucha y el compromiso por la protecci\u00f3n ambiental y la sostenibilidad del planeta ha dejado de ser una ilusi\u00f3n de unos cuantos exc\u00e9ntricos naturalistas, para convertirse en una necesidad para el presente y de cara al futuro. As\u00ed lo manifiestan quienes de esto saben: desde los organismos de la ONU hasta las ONG, avalados por los informes que elaboran los cient\u00edficos, que utilizan datos contrastados.<\/p>\n<p>Sabemos que bastantes centros escolares viven inmersos en la b\u00fasqueda de su sostenibilidad ambiental. No lo decimos nosotros, se puede comprobar con una sencilla b\u00fasqueda en Internet. Por eso nos gustar\u00eda proponerles que declaren este curso como el de \u201cLa etiqueta ecol\u00f3gica\u201d. Esta tiene al menos dos dimensiones: la una afecta a las personas mismas \u2013c\u00f3mo piensan y se comportan- y la otra a lo que usan y consumen \u2013se decantan o no por los productos o materiales que est\u00e1n etiquetados como ecol\u00f3gicos-. Vamos a hacer un poco de historia para justificar un poco m\u00e1s nuestra propuesta. Dicen que la necesidad de obrar bien, con etiqueta \u2013aunque no la llamar\u00edan ecol\u00f3gica-, ya fue resaltada por Confucio, Erasmo de Roterdam y otros muchos sabios; tambi\u00e9n se sabe que en el siglo XVIII ya se empleaba la palabra en Europa para identificar los buenos modales en distintos ambientes. Hemos le\u00eddo que etiqueta viene de la francesa \u201c\u00e9tiquette\u201d o \u201cestiquette\u201d, que estuvo ligada desde el siglo XIV a unas se\u00f1ales colocadas sobre una estaca en un lugar p\u00fablico, una marca. Con el tiempo sirvi\u00f3 para los ceremoniales palaciegos.<\/p>\n<p>El diccionario de espa\u00f1ol de la RAE y las Academias Americanas atribuye a la palabra el bien obrar (protocolo, f\u00f3rmula, rito, etc.). Nos parece que falta una acepci\u00f3n interesante, que se asoci\u00f3 a una inscripci\u00f3n en los actos judiciales: \u201cEst hic questio\u201d, frase latina que significa m\u00e1s o menos \u201caqu\u00ed est\u00e1 la cuesti\u00f3n entre las partes\u201d. Nos gusta porque en ecolog\u00eda se podr\u00eda decir que entre la gente y el medio ambiente. Se nos ocurre proponer, merece la pena el esfuerzo, que quienes transitan por los centros educativos actuasen permanentemente en clave de etiqueta ecol\u00f3gica: pensar de acuerdo con el medio ambiente, seguir unos protocolos personales, poner en marcha unas cuantas f\u00f3rmulas de conservaci\u00f3n ambiental, gestionar el centro para que este sea etiquetado como plenamente ecol\u00f3gico, hacer un uso comedido de recursos, generar la m\u00ednima cantidad de residuos, ponerse de acuerdo con sus compa\u00f1eros y compa\u00f1eras en cuestiones de ecolog\u00eda cotidiana, etc.<\/p>\n<p>Pero para conseguir que la vuelta al cole o al insti sea cada vez m\u00e1s verde habr\u00eda que usar y consumir solamente aquellos productos o materiales que portan la etiqueta ecol\u00f3gica; ahora el mercado los pone a nuestra disposici\u00f3n. En primer lugar hay que iluminar el centro con bombillas que consuman pocos watios y alumbren mucho; as\u00ed la gente que nos visite se quedar\u00e1 deslumbrada. Por supuesto que antes se habr\u00e1 organizado el banco de libros, para que el alumnado de unos cursos los deje para el siguiente, as\u00ed evitamos talas absurdas y la emisi\u00f3n de contaminantes al aire, agua y suelo, y un despilfarro de energ\u00eda. Si se emplean l\u00e1pices y pinturas deben ser de marcas que lleven el sello FSC o el PEFC, los bol\u00edgrafos deben ser recargables \u2013a poco que busquemos ya los encontramos en las tiendas\u2013, los cuadernos con certificado de calidad ambiental \u2013libres de cloro, procedentes de bosques bien gestionados o elaborados con papel reciclado\u2013 se encuentran en cualquier tienda, las acuarelas, ceras y t\u00e9mperas ya se pueden comprar elaboradas con productos naturales. \u00bfQu\u00e9 no saben d\u00f3nde encontrarlos? En internet aparecen tiendas que solo venden material verde. Har\u00edan bien los centros educativos en incluir estas ideas a la hora de organizar sus compras, tanto de material escolar como de los alimentos que vayan a utilizar en el comedor.<\/p>\n<p>La etiqueta ecol\u00f3gica es, en s\u00edntesis, una manera de convivir reduciendo los consumos, eligiendo los materiales elaborados con criterios ecol\u00f3gicos, recuperando las cosas que sirvan para un segundo uso y llevando a los lugares de recogida los materiales que se pueden reciclar; tambi\u00e9n se demuestra desplaz\u00e1ndose al centro siempre que se pueda en transporte p\u00fablico, bicicleta o caminando.<\/p>\n<p>Ahora a vaciar las mochilas y ver qu\u00e9 tipo de productos llevamos dentro, si est\u00e1n adornados con la etiqueta ecol\u00f3gica o no. \u00bfQu\u00e9 todav\u00eda hay gente que no conoce las distintas etiquetas ecol\u00f3gicas? Se impone una b\u00fasqueda inmediatamente y un debate en clase sobre lo que pueden aportar estas acciones si se extienden entre la gente. Por lo pronto empecemos a conocer Ecolabel \u2013tiene web propia\u2013, el distintivo europeo que certifica que lo que estamos consumiendo cumple una serie de criterios ambientales. As\u00ed se etiquetar\u00e1 un verdadero curso ecol\u00f3gico. No olviden anotar todo lo que hacen para llevar a cabo una valoraci\u00f3n al final de curso para preparar el siguiente. Como las escuelas americanas que nos siguen llevan otro calendario, hagan 2019 su a\u00f1o especial de compras, consumo y comportamiento ecol\u00f3gico; tambi\u00e9n en los pa\u00edses latinoamericanos hay varias etiquetas ecol\u00f3gicas.<\/p>\n<p>Carmelo Marc\u00e9n (<a href=\"http:\/\/www.ecosdeceltiberia.es\">www.ecosdeceltiberia.es<\/a>)<\/p>\n","protected":false},"excerpt":{"rendered":"<p>Cada a\u00f1o, con la vuelta al cole en septiembre, en muchos centros educativos espa\u00f1oles se expresa el mismo deseo: es imprescindible que la escuela sea cada vez m\u00e1s ecol\u00f3gica. La lucha y el compromiso por la protecci\u00f3n ambiental y la sostenibilidad del planeta ha dejado de ser una ilusi\u00f3n de unos cuantos exc\u00e9ntricos naturalistas, para<\/p>\n","protected":false},"author":139,"featured_media":309,"comment_status":"open","ping_status":"closed","sticky":false,"template":"","format":"standard","meta":{"footnotes":""},"categories":[16],"tags":[],"tipo":[],"class_list":{"0":"post-308","1":"post","2":"type-post","3":"status-publish","4":"format-standard","5":"has-post-thumbnail","7":"category-ecoescuela-abierta"},"yoast_head":"<!-- This site is optimized with the Yoast SEO plugin v27.5 - https:\/\/yoast.com\/product\/yoast-seo-wordpress\/ -->\n<title>La etiqueta ecol\u00f3gica podr\u00eda ser el distintivo de todo lo escolar - Ecoescuela Abierta<\/title>\n<meta name=\"robots\" content=\"index, follow, max-snippet:-1, max-image-preview:large, max-video-preview:-1\" \/>\n<link rel=\"canonical\" href=\"https:\/\/eldiariodelaeducacion.com\/ecoescuela-abierta\/2018\/09\/19\/la-etiqueta-ecologica-podria-ser-el-distintivo-de-todo-lo-escolar\/\" \/>\n<meta property=\"og:locale\" content=\"es_ES\" \/>\n<meta property=\"og:type\" content=\"article\" \/>\n<meta property=\"og:title\" content=\"La etiqueta ecol\u00f3gica podr\u00eda ser el distintivo de todo lo escolar - Ecoescuela Abierta\" \/>\n<meta property=\"og:description\" content=\"Cada a\u00f1o, con la vuelta al cole en septiembre, en muchos centros educativos espa\u00f1oles se expresa el mismo deseo: es imprescindible que la escuela sea cada vez m\u00e1s ecol\u00f3gica. La lucha y el compromiso por la protecci\u00f3n ambiental y la sostenibilidad del planeta ha dejado de ser una ilusi\u00f3n de unos cuantos exc\u00e9ntricos naturalistas, para\" \/>\n<meta property=\"og:url\" content=\"https:\/\/eldiariodelaeducacion.com\/ecoescuela-abierta\/2018\/09\/19\/la-etiqueta-ecologica-podria-ser-el-distintivo-de-todo-lo-escolar\/\" \/>\n<meta property=\"og:site_name\" content=\"Ecoescuela Abierta\" \/>\n<meta property=\"article:published_time\" content=\"2018-09-19T11:23:51+00:00\" \/>\n<meta property=\"article:modified_time\" content=\"2024-08-20T14:30:34+00:00\" \/>\n<meta property=\"og:image\" content=\"https:\/\/eldiariodelaeducacion.com\/ecoescuela-abierta\/wp-content\/uploads\/sites\/17\/2018\/09\/limpiar-colegio2.jpg\" \/>\n\t<meta property=\"og:image:width\" content=\"960\" \/>\n\t<meta property=\"og:image:height\" content=\"576\" \/>\n\t<meta property=\"og:image:type\" content=\"image\/jpeg\" \/>\n<meta name=\"author\" content=\"Carmelo Marc\u00e9n Albero\" \/>\n<meta name=\"twitter:card\" content=\"summary_large_image\" \/>\n<meta name=\"twitter:label1\" content=\"Escrito por\" \/>\n\t<meta name=\"twitter:data1\" content=\"Carmelo Marc\u00e9n Albero\" \/>\n\t<meta name=\"twitter:label2\" content=\"Tiempo de lectura\" \/>\n\t<meta name=\"twitter:data2\" content=\"5 minutos\" \/>\n<script type=\"application\/ld+json\" class=\"yoast-schema-graph\">{\"@context\":\"https:\\\/\\\/schema.org\",\"@graph\":[{\"@type\":\"Article\",\"@id\":\"https:\\\/\\\/eldiariodelaeducacion.com\\\/ecoescuela-abierta\\\/2018\\\/09\\\/19\\\/la-etiqueta-ecologica-podria-ser-el-distintivo-de-todo-lo-escolar\\\/#article\",\"isPartOf\":{\"@id\":\"https:\\\/\\\/eldiariodelaeducacion.com\\\/ecoescuela-abierta\\\/2018\\\/09\\\/19\\\/la-etiqueta-ecologica-podria-ser-el-distintivo-de-todo-lo-escolar\\\/\"},\"author\":{\"name\":\"Carmelo Marc\u00e9n Albero\",\"@id\":\"https:\\\/\\\/eldiariodelaeducacion.com\\\/ecoescuela-abierta\\\/#\\\/schema\\\/person\\\/04802fc4b356ebb6d2b49d88d0cbda81\"},\"headline\":\"La etiqueta ecol\u00f3gica podr\u00eda ser el distintivo de todo lo escolar\",\"datePublished\":\"2018-09-19T11:23:51+00:00\",\"dateModified\":\"2024-08-20T14:30:34+00:00\",\"mainEntityOfPage\":{\"@id\":\"https:\\\/\\\/eldiariodelaeducacion.com\\\/ecoescuela-abierta\\\/2018\\\/09\\\/19\\\/la-etiqueta-ecologica-podria-ser-el-distintivo-de-todo-lo-escolar\\\/\"},\"wordCount\":938,\"commentCount\":0,\"image\":{\"@id\":\"https:\\\/\\\/eldiariodelaeducacion.com\\\/ecoescuela-abierta\\\/2018\\\/09\\\/19\\\/la-etiqueta-ecologica-podria-ser-el-distintivo-de-todo-lo-escolar\\\/#primaryimage\"},\"thumbnailUrl\":\"https:\\\/\\\/eldiariodelaeducacion.com\\\/ecoescuela-abierta\\\/wp-content\\\/uploads\\\/sites\\\/17\\\/2018\\\/09\\\/limpiar-colegio2.jpg\",\"articleSection\":[\"Ecoescuela abierta\"],\"inLanguage\":\"es\",\"potentialAction\":[{\"@type\":\"CommentAction\",\"name\":\"Comment\",\"target\":[\"https:\\\/\\\/eldiariodelaeducacion.com\\\/ecoescuela-abierta\\\/2018\\\/09\\\/19\\\/la-etiqueta-ecologica-podria-ser-el-distintivo-de-todo-lo-escolar\\\/#respond\"]}]},{\"@type\":\"WebPage\",\"@id\":\"https:\\\/\\\/eldiariodelaeducacion.com\\\/ecoescuela-abierta\\\/2018\\\/09\\\/19\\\/la-etiqueta-ecologica-podria-ser-el-distintivo-de-todo-lo-escolar\\\/\",\"url\":\"https:\\\/\\\/eldiariodelaeducacion.com\\\/ecoescuela-abierta\\\/2018\\\/09\\\/19\\\/la-etiqueta-ecologica-podria-ser-el-distintivo-de-todo-lo-escolar\\\/\",\"name\":\"La etiqueta ecol\u00f3gica podr\u00eda ser el distintivo de todo lo escolar - Ecoescuela Abierta\",\"isPartOf\":{\"@id\":\"https:\\\/\\\/eldiariodelaeducacion.com\\\/ecoescuela-abierta\\\/#website\"},\"primaryImageOfPage\":{\"@id\":\"https:\\\/\\\/eldiariodelaeducacion.com\\\/ecoescuela-abierta\\\/2018\\\/09\\\/19\\\/la-etiqueta-ecologica-podria-ser-el-distintivo-de-todo-lo-escolar\\\/#primaryimage\"},\"image\":{\"@id\":\"https:\\\/\\\/eldiariodelaeducacion.com\\\/ecoescuela-abierta\\\/2018\\\/09\\\/19\\\/la-etiqueta-ecologica-podria-ser-el-distintivo-de-todo-lo-escolar\\\/#primaryimage\"},\"thumbnailUrl\":\"https:\\\/\\\/eldiariodelaeducacion.com\\\/ecoescuela-abierta\\\/wp-content\\\/uploads\\\/sites\\\/17\\\/2018\\\/09\\\/limpiar-colegio2.jpg\",\"datePublished\":\"2018-09-19T11:23:51+00:00\",\"dateModified\":\"2024-08-20T14:30:34+00:00\",\"author\":{\"@id\":\"https:\\\/\\\/eldiariodelaeducacion.com\\\/ecoescuela-abierta\\\/#\\\/schema\\\/person\\\/04802fc4b356ebb6d2b49d88d0cbda81\"},\"breadcrumb\":{\"@id\":\"https:\\\/\\\/eldiariodelaeducacion.com\\\/ecoescuela-abierta\\\/2018\\\/09\\\/19\\\/la-etiqueta-ecologica-podria-ser-el-distintivo-de-todo-lo-escolar\\\/#breadcrumb\"},\"inLanguage\":\"es\",\"potentialAction\":[{\"@type\":\"ReadAction\",\"target\":[\"https:\\\/\\\/eldiariodelaeducacion.com\\\/ecoescuela-abierta\\\/2018\\\/09\\\/19\\\/la-etiqueta-ecologica-podria-ser-el-distintivo-de-todo-lo-escolar\\\/\"]}]},{\"@type\":\"ImageObject\",\"inLanguage\":\"es\",\"@id\":\"https:\\\/\\\/eldiariodelaeducacion.com\\\/ecoescuela-abierta\\\/2018\\\/09\\\/19\\\/la-etiqueta-ecologica-podria-ser-el-distintivo-de-todo-lo-escolar\\\/#primaryimage\",\"url\":\"https:\\\/\\\/eldiariodelaeducacion.com\\\/ecoescuela-abierta\\\/wp-content\\\/uploads\\\/sites\\\/17\\\/2018\\\/09\\\/limpiar-colegio2.jpg\",\"contentUrl\":\"https:\\\/\\\/eldiariodelaeducacion.com\\\/ecoescuela-abierta\\\/wp-content\\\/uploads\\\/sites\\\/17\\\/2018\\\/09\\\/limpiar-colegio2.jpg\",\"width\":960,\"height\":576,\"caption\":\"Alumnos limpiando colegio\"},{\"@type\":\"BreadcrumbList\",\"@id\":\"https:\\\/\\\/eldiariodelaeducacion.com\\\/ecoescuela-abierta\\\/2018\\\/09\\\/19\\\/la-etiqueta-ecologica-podria-ser-el-distintivo-de-todo-lo-escolar\\\/#breadcrumb\",\"itemListElement\":[{\"@type\":\"ListItem\",\"position\":1,\"name\":\"Portada\",\"item\":\"https:\\\/\\\/eldiariodelaeducacion.com\\\/ecoescuela-abierta\\\/\"},{\"@type\":\"ListItem\",\"position\":2,\"name\":\"La etiqueta ecol\u00f3gica podr\u00eda ser el distintivo de todo lo escolar\"}]},{\"@type\":\"WebSite\",\"@id\":\"https:\\\/\\\/eldiariodelaeducacion.com\\\/ecoescuela-abierta\\\/#website\",\"url\":\"https:\\\/\\\/eldiariodelaeducacion.com\\\/ecoescuela-abierta\\\/\",\"name\":\"Ecoescuela Abierta\",\"description\":\"Un blog de El Diario de la Educaci\u00f3n\",\"potentialAction\":[{\"@type\":\"SearchAction\",\"target\":{\"@type\":\"EntryPoint\",\"urlTemplate\":\"https:\\\/\\\/eldiariodelaeducacion.com\\\/ecoescuela-abierta\\\/?s={search_term_string}\"},\"query-input\":{\"@type\":\"PropertyValueSpecification\",\"valueRequired\":true,\"valueName\":\"search_term_string\"}}],\"inLanguage\":\"es\"},{\"@type\":\"Person\",\"@id\":\"https:\\\/\\\/eldiariodelaeducacion.com\\\/ecoescuela-abierta\\\/#\\\/schema\\\/person\\\/04802fc4b356ebb6d2b49d88d0cbda81\",\"name\":\"Carmelo Marc\u00e9n Albero\",\"image\":{\"@type\":\"ImageObject\",\"inLanguage\":\"es\",\"@id\":\"https:\\\/\\\/secure.gravatar.com\\\/avatar\\\/865a2af25fe07fb65d216fd84d395acb9d5e4afe79a03f8cb07ea1546723465e?s=96&d=mm&r=g\",\"url\":\"https:\\\/\\\/secure.gravatar.com\\\/avatar\\\/865a2af25fe07fb65d216fd84d395acb9d5e4afe79a03f8cb07ea1546723465e?s=96&d=mm&r=g\",\"contentUrl\":\"https:\\\/\\\/secure.gravatar.com\\\/avatar\\\/865a2af25fe07fb65d216fd84d395acb9d5e4afe79a03f8cb07ea1546723465e?s=96&d=mm&r=g\",\"caption\":\"Carmelo Marc\u00e9n Albero\"},\"description\":\"Adem\u00e1s de profesor y articulista, es experto en educaci\u00f3n ambiental. Gracias a \u00e9l nos preguntaremos c\u00f3mo las escuelas pueden reflexionar y trasladar estas preocupaciones a su alumnado, a sus docentes. Su \u00faltimo libro, 'Ecorrelatos inacabados, sin fecha de caducidad acerca' con una iron\u00eda suave algunas de esas tem\u00e1ticas.\",\"url\":\"https:\\\/\\\/eldiariodelaeducacion.com\\\/ecoescuela-abierta\\\/author\\\/carmelo-marcen-albero\\\/\"}]}<\/script>\n<!-- \/ Yoast SEO plugin. -->","yoast_head_json":{"title":"La etiqueta ecol\u00f3gica podr\u00eda ser el distintivo de todo lo escolar - Ecoescuela Abierta","robots":{"index":"index","follow":"follow","max-snippet":"max-snippet:-1","max-image-preview":"max-image-preview:large","max-video-preview":"max-video-preview:-1"},"canonical":"https:\/\/eldiariodelaeducacion.com\/ecoescuela-abierta\/2018\/09\/19\/la-etiqueta-ecologica-podria-ser-el-distintivo-de-todo-lo-escolar\/","og_locale":"es_ES","og_type":"article","og_title":"La etiqueta ecol\u00f3gica podr\u00eda ser el distintivo de todo lo escolar - Ecoescuela Abierta","og_description":"Cada a\u00f1o, con la vuelta al cole en septiembre, en muchos centros educativos espa\u00f1oles se expresa el mismo deseo: es imprescindible que la escuela sea cada vez m\u00e1s ecol\u00f3gica. La lucha y el compromiso por la protecci\u00f3n ambiental y la sostenibilidad del planeta ha dejado de ser una ilusi\u00f3n de unos cuantos exc\u00e9ntricos naturalistas, para","og_url":"https:\/\/eldiariodelaeducacion.com\/ecoescuela-abierta\/2018\/09\/19\/la-etiqueta-ecologica-podria-ser-el-distintivo-de-todo-lo-escolar\/","og_site_name":"Ecoescuela Abierta","article_published_time":"2018-09-19T11:23:51+00:00","article_modified_time":"2024-08-20T14:30:34+00:00","og_image":[{"width":960,"height":576,"url":"https:\/\/eldiariodelaeducacion.com\/ecoescuela-abierta\/wp-content\/uploads\/sites\/17\/2018\/09\/limpiar-colegio2.jpg","type":"image\/jpeg"}],"author":"Carmelo Marc\u00e9n Albero","twitter_card":"summary_large_image","twitter_misc":{"Escrito por":"Carmelo Marc\u00e9n Albero","Tiempo de lectura":"5 minutos"},"schema":{"@context":"https:\/\/schema.org","@graph":[{"@type":"Article","@id":"https:\/\/eldiariodelaeducacion.com\/ecoescuela-abierta\/2018\/09\/19\/la-etiqueta-ecologica-podria-ser-el-distintivo-de-todo-lo-escolar\/#article","isPartOf":{"@id":"https:\/\/eldiariodelaeducacion.com\/ecoescuela-abierta\/2018\/09\/19\/la-etiqueta-ecologica-podria-ser-el-distintivo-de-todo-lo-escolar\/"},"author":{"name":"Carmelo Marc\u00e9n Albero","@id":"https:\/\/eldiariodelaeducacion.com\/ecoescuela-abierta\/#\/schema\/person\/04802fc4b356ebb6d2b49d88d0cbda81"},"headline":"La etiqueta ecol\u00f3gica podr\u00eda ser el distintivo de todo lo escolar","datePublished":"2018-09-19T11:23:51+00:00","dateModified":"2024-08-20T14:30:34+00:00","mainEntityOfPage":{"@id":"https:\/\/eldiariodelaeducacion.com\/ecoescuela-abierta\/2018\/09\/19\/la-etiqueta-ecologica-podria-ser-el-distintivo-de-todo-lo-escolar\/"},"wordCount":938,"commentCount":0,"image":{"@id":"https:\/\/eldiariodelaeducacion.com\/ecoescuela-abierta\/2018\/09\/19\/la-etiqueta-ecologica-podria-ser-el-distintivo-de-todo-lo-escolar\/#primaryimage"},"thumbnailUrl":"https:\/\/eldiariodelaeducacion.com\/ecoescuela-abierta\/wp-content\/uploads\/sites\/17\/2018\/09\/limpiar-colegio2.jpg","articleSection":["Ecoescuela abierta"],"inLanguage":"es","potentialAction":[{"@type":"CommentAction","name":"Comment","target":["https:\/\/eldiariodelaeducacion.com\/ecoescuela-abierta\/2018\/09\/19\/la-etiqueta-ecologica-podria-ser-el-distintivo-de-todo-lo-escolar\/#respond"]}]},{"@type":"WebPage","@id":"https:\/\/eldiariodelaeducacion.com\/ecoescuela-abierta\/2018\/09\/19\/la-etiqueta-ecologica-podria-ser-el-distintivo-de-todo-lo-escolar\/","url":"https:\/\/eldiariodelaeducacion.com\/ecoescuela-abierta\/2018\/09\/19\/la-etiqueta-ecologica-podria-ser-el-distintivo-de-todo-lo-escolar\/","name":"La etiqueta ecol\u00f3gica podr\u00eda ser el distintivo de todo lo escolar - Ecoescuela Abierta","isPartOf":{"@id":"https:\/\/eldiariodelaeducacion.com\/ecoescuela-abierta\/#website"},"primaryImageOfPage":{"@id":"https:\/\/eldiariodelaeducacion.com\/ecoescuela-abierta\/2018\/09\/19\/la-etiqueta-ecologica-podria-ser-el-distintivo-de-todo-lo-escolar\/#primaryimage"},"image":{"@id":"https:\/\/eldiariodelaeducacion.com\/ecoescuela-abierta\/2018\/09\/19\/la-etiqueta-ecologica-podria-ser-el-distintivo-de-todo-lo-escolar\/#primaryimage"},"thumbnailUrl":"https:\/\/eldiariodelaeducacion.com\/ecoescuela-abierta\/wp-content\/uploads\/sites\/17\/2018\/09\/limpiar-colegio2.jpg","datePublished":"2018-09-19T11:23:51+00:00","dateModified":"2024-08-20T14:30:34+00:00","author":{"@id":"https:\/\/eldiariodelaeducacion.com\/ecoescuela-abierta\/#\/schema\/person\/04802fc4b356ebb6d2b49d88d0cbda81"},"breadcrumb":{"@id":"https:\/\/eldiariodelaeducacion.com\/ecoescuela-abierta\/2018\/09\/19\/la-etiqueta-ecologica-podria-ser-el-distintivo-de-todo-lo-escolar\/#breadcrumb"},"inLanguage":"es","potentialAction":[{"@type":"ReadAction","target":["https:\/\/eldiariodelaeducacion.com\/ecoescuela-abierta\/2018\/09\/19\/la-etiqueta-ecologica-podria-ser-el-distintivo-de-todo-lo-escolar\/"]}]},{"@type":"ImageObject","inLanguage":"es","@id":"https:\/\/eldiariodelaeducacion.com\/ecoescuela-abierta\/2018\/09\/19\/la-etiqueta-ecologica-podria-ser-el-distintivo-de-todo-lo-escolar\/#primaryimage","url":"https:\/\/eldiariodelaeducacion.com\/ecoescuela-abierta\/wp-content\/uploads\/sites\/17\/2018\/09\/limpiar-colegio2.jpg","contentUrl":"https:\/\/eldiariodelaeducacion.com\/ecoescuela-abierta\/wp-content\/uploads\/sites\/17\/2018\/09\/limpiar-colegio2.jpg","width":960,"height":576,"caption":"Alumnos limpiando colegio"},{"@type":"BreadcrumbList","@id":"https:\/\/eldiariodelaeducacion.com\/ecoescuela-abierta\/2018\/09\/19\/la-etiqueta-ecologica-podria-ser-el-distintivo-de-todo-lo-escolar\/#breadcrumb","itemListElement":[{"@type":"ListItem","position":1,"name":"Portada","item":"https:\/\/eldiariodelaeducacion.com\/ecoescuela-abierta\/"},{"@type":"ListItem","position":2,"name":"La etiqueta ecol\u00f3gica podr\u00eda ser el distintivo de todo lo escolar"}]},{"@type":"WebSite","@id":"https:\/\/eldiariodelaeducacion.com\/ecoescuela-abierta\/#website","url":"https:\/\/eldiariodelaeducacion.com\/ecoescuela-abierta\/","name":"Ecoescuela Abierta","description":"Un blog de El Diario de la Educaci\u00f3n","potentialAction":[{"@type":"SearchAction","target":{"@type":"EntryPoint","urlTemplate":"https:\/\/eldiariodelaeducacion.com\/ecoescuela-abierta\/?s={search_term_string}"},"query-input":{"@type":"PropertyValueSpecification","valueRequired":true,"valueName":"search_term_string"}}],"inLanguage":"es"},{"@type":"Person","@id":"https:\/\/eldiariodelaeducacion.com\/ecoescuela-abierta\/#\/schema\/person\/04802fc4b356ebb6d2b49d88d0cbda81","name":"Carmelo Marc\u00e9n Albero","image":{"@type":"ImageObject","inLanguage":"es","@id":"https:\/\/secure.gravatar.com\/avatar\/865a2af25fe07fb65d216fd84d395acb9d5e4afe79a03f8cb07ea1546723465e?s=96&d=mm&r=g","url":"https:\/\/secure.gravatar.com\/avatar\/865a2af25fe07fb65d216fd84d395acb9d5e4afe79a03f8cb07ea1546723465e?s=96&d=mm&r=g","contentUrl":"https:\/\/secure.gravatar.com\/avatar\/865a2af25fe07fb65d216fd84d395acb9d5e4afe79a03f8cb07ea1546723465e?s=96&d=mm&r=g","caption":"Carmelo Marc\u00e9n Albero"},"description":"Adem\u00e1s de profesor y articulista, es experto en educaci\u00f3n ambiental. Gracias a \u00e9l nos preguntaremos c\u00f3mo las escuelas pueden reflexionar y trasladar estas preocupaciones a su alumnado, a sus docentes. Su \u00faltimo libro, 'Ecorrelatos inacabados, sin fecha de caducidad acerca' con una iron\u00eda suave algunas de esas tem\u00e1ticas.","url":"https:\/\/eldiariodelaeducacion.com\/ecoescuela-abierta\/author\/carmelo-marcen-albero\/"}]}},"_links":{"self":[{"href":"https:\/\/eldiariodelaeducacion.com\/ecoescuela-abierta\/wp-json\/wp\/v2\/posts\/308","targetHints":{"allow":["GET"]}}],"collection":[{"href":"https:\/\/eldiariodelaeducacion.com\/ecoescuela-abierta\/wp-json\/wp\/v2\/posts"}],"about":[{"href":"https:\/\/eldiariodelaeducacion.com\/ecoescuela-abierta\/wp-json\/wp\/v2\/types\/post"}],"author":[{"embeddable":true,"href":"https:\/\/eldiariodelaeducacion.com\/ecoescuela-abierta\/wp-json\/wp\/v2\/users\/139"}],"replies":[{"embeddable":true,"href":"https:\/\/eldiariodelaeducacion.com\/ecoescuela-abierta\/wp-json\/wp\/v2\/comments?post=308"}],"version-history":[{"count":1,"href":"https:\/\/eldiariodelaeducacion.com\/ecoescuela-abierta\/wp-json\/wp\/v2\/posts\/308\/revisions"}],"predecessor-version":[{"id":1021,"href":"https:\/\/eldiariodelaeducacion.com\/ecoescuela-abierta\/wp-json\/wp\/v2\/posts\/308\/revisions\/1021"}],"wp:featuredmedia":[{"embeddable":true,"href":"https:\/\/eldiariodelaeducacion.com\/ecoescuela-abierta\/wp-json\/wp\/v2\/media\/309"}],"wp:attachment":[{"href":"https:\/\/eldiariodelaeducacion.com\/ecoescuela-abierta\/wp-json\/wp\/v2\/media?parent=308"}],"wp:term":[{"taxonomy":"category","embeddable":true,"href":"https:\/\/eldiariodelaeducacion.com\/ecoescuela-abierta\/wp-json\/wp\/v2\/categories?post=308"},{"taxonomy":"post_tag","embeddable":true,"href":"https:\/\/eldiariodelaeducacion.com\/ecoescuela-abierta\/wp-json\/wp\/v2\/tags?post=308"},{"taxonomy":"tipo","embeddable":true,"href":"https:\/\/eldiariodelaeducacion.com\/ecoescuela-abierta\/wp-json\/wp\/v2\/tipo?post=308"}],"curies":[{"name":"wp","href":"https:\/\/api.w.org\/{rel}","templated":true}]}}