{"id":426,"date":"2019-03-22T06:40:39","date_gmt":"2019-03-22T06:40:39","guid":{"rendered":"http:\/\/eldiariodelaeducacion.test\/ecoescuela-abierta\/\/?p=426"},"modified":"2024-08-20T16:29:09","modified_gmt":"2024-08-20T14:29:09","slug":"con-menos-plastico-tambien-hay-vida-placentera-defendamoslo-desde-la-escuela","status":"publish","type":"post","link":"https:\/\/eldiariodelaeducacion.com\/ecoescuela-abierta\/2019\/03\/22\/con-menos-plastico-tambien-hay-vida-placentera-defendamoslo-desde-la-escuela\/","title":{"rendered":"Con menos pl\u00e1stico tambi\u00e9n hay vida placentera; defend\u00e1moslo desde la escuela"},"content":{"rendered":"<p>Era por junio de 2015 cuando propuse al alumnado de secundaria un asunto que por entonces parec\u00eda de ciencia ficci\u00f3n: Es posible vivir en un mundo sin apenas pl\u00e1sticos. Para motivar los posicionamientos apel\u00e9 a la ciencia, que siempre ayuda al reconocimiento de lo que uno dice. Les cont\u00e9 que la prestigiosa revista <a href=\"http:\/\/science.sciencemag.org\/content\/347\/6223\/768.abstract\">Science<\/a> hab\u00eda publicado una investigaci\u00f3n que estimaba que en 2010 se vertieron entre 4,8 y 12,7 millones de toneladas de basura pl\u00e1stica a los oc\u00e9anos de todo el mundo. Sin duda era una cantidad enorme \u2013dif\u00edcilmente imaginable para quienes pocas veces medimos o pesamos las cosas- pero que tapar\u00eda con una altura de varios metros el c\u00e9sped de un campo de f\u00fatbol; eso s\u00ed que tenemos idea de lo que abarca. Tal cantidad, aunque enorme, representaba una peque\u00f1a parte de los\u00a0275 millones de toneladas que aquel a\u00f1o se generaron solo en los pa\u00edses que tienen costa.\u00a0Tambi\u00e9n dec\u00eda el art\u00edculo que la producci\u00f3n mundial de pl\u00e1stico se hab\u00eda incrementado un 500% desde 1980.<\/p>\n<p>Como no quer\u00eda que cundiese ni la indiferencia ni la impotencia, les propuse imaginar c\u00f3mo viv\u00edan sus abuelos hace 60 a\u00f1os. Entonces el tema dej\u00f3 de ser tan ajeno, m\u00e1s todav\u00eda cuando empezamos a enumerar los objetos plastificados que nosotros utilizamos cada d\u00eda y no tendr\u00edan entonces. En torno a lo visto o le\u00eddo en lugares diversos, organizamos un debate sosegado para preguntarnos si vivir en el plastificado mundo actual era bueno o malo, si pod\u00eda seguir ese ritmo de plastificaci\u00f3n. Hubo intervenciones de todo tipo, la mayor parte para justificar la imposibilidad de resolver las cuestiones cotidianas \u2013desde que nos levantamos hasta la hora de ir a dormir- sin el pl\u00e1stico; algunos alumnos no ve\u00edan ninguna desventaja en el hecho, o no encontraban justificaciones r\u00e1pidas para dejar de usarlo. La clase ya estaba inicialmente plastificada pero distintos avatares obligaron a dejar el tema, como pasa muchas veces en la escuela donde lo normativo impone su ritmo y aparta los asuntos que procura la vida.<\/p>\n<p>Pasado un tiempo, cuando a comienzo de curso seleccion\u00e1bamos en el departamento los temas de inter\u00e9s de la programaci\u00f3n, alguien sugiri\u00f3 hablar sobre los pl\u00e1sticos; parec\u00eda que el asunto preocupaba y adem\u00e1s encajaba con el desarrollo curricular. Las noticias televisivas de aquellos d\u00edas informaban sobre las grandes islas plastificadas que se hab\u00edan formado en el oc\u00e9ano; el sabelotodo Google las encuentra enseguida y las muestra en todo su esplendor.<\/p>\n<p>Adem\u00e1s, conocimos por entonces que el 3 de julio era el <a href=\"https:\/\/www.plasticbagfreeday.org\/\">Plastic Bag Free Wolrd<\/a>, se\u00f1alado por la ONU para recordar la necesidad de librarnos de las bolsas de pl\u00e1stico; tambi\u00e9n que los europeos consum\u00edamos m\u00e1s de 200 bolsas de media al a\u00f1o de las de usar y tirar. El hilo social del pol\u00edmero pl\u00e1stico sigui\u00f3 y lleg\u00f3 a ser proyecto de trabajo para todos grupos de 3\u00ba de secundaria.<\/p>\n<p>Exist\u00eda, m\u00e1s o menos, un consenso de que el asunto era importante como para sentir que todos deb\u00edamos implicarnos en la b\u00fasqueda de alternativas. Como primera actividad, se organiz\u00f3 un debate en clase que no se limitaba a hablar de las bolsas de un solo uso, cuya eliminaci\u00f3n ya llevaban entre manos los comercios y tiendas; en unas ya las cobraban y en otras daban de papel, sino sobre los objetos de pl\u00e1stico. Se apuntaron en la pizarra las ventajas e inconvenientes que el alumnado encontr\u00f3. Despu\u00e9s, se propuso que cada cual pusiese encima de la mesa su mochila y todos los materiales que guardaba que estuviesen fabricados totalmente o con algo de pl\u00e1stico; el muestrario fue de lo m\u00e1s variado. Result\u00f3 muy ilustrativo para repensar la consecuci\u00f3n de un mundo con o sin pl\u00e1sticos, de un solo uso o de varios. Argumentos que nos permitieron diferenciar entre recogida de los pl\u00e1sticos para ser reciclados y disminuci\u00f3n paulatina de su uso. Se coment\u00f3 en clase que Greenpeace avisa de que aunque algunas grandes marcas como Coca-Cola, Danone, Mars, Pepsi y Unilever, entre otras, han mostrado su buena disposici\u00f3n para reducir los pl\u00e1sticos, est\u00e1n pensando m\u00e1s en el reciclaje -que siempre conlleva algunas dificultades en su tr\u00e1nsito en Espa\u00f1a en donde solo se recicla seg\u00fan la misma ONG una tercera parte de lo que va a los contenedores amarillos- que en su sustituci\u00f3n o progresiva eliminaci\u00f3n de nuestras vidas. Por eso, redact\u00f3 el informe \u201cCrisis de comodidad\u201d, del cual animamos a leer algunos p\u00e1rrafos y comentarlos en sus clases.<\/p>\n<p>A continuaci\u00f3n se propusieron varias l\u00edneas de investigaci\u00f3n; se aportaron datos y acciones sumamente interesantes, de esas que animan a pensar que algo se mueve en el mundo e invitan a seguir el camino. Supimos que\u00a0250 grandes empresas se hab\u00edan unido a la iniciativa de la ONU para reciclar todo el pl\u00e1stico en 2050, en un proyecto que hab\u00edan bautizado como\u00a0<em>New Plastics Economy Global Commitment<\/em>\u00a0(<a href=\"https:\/\/www.unenvironment.org\/es\/news-and-stories\/comunicado-de-prensa\/principales-productores-de-plastico-firman-acuerdo-global\">Compromiso Global por la Nueva Econom\u00eda de los Pl\u00e1sticos<\/a>); que las bolsas de un solo uso iban a desaparecer en la UE en enero de 2020, en algunos pa\u00edses ya lo hab\u00edan hecho; que la mayor\u00eda de las grandes cadenas de distribuci\u00f3n estaban preparadas para cambiarlas por otros sistemas de almacenaje. Como tras un trabajo pedag\u00f3gico siempre se busca la aplicaci\u00f3n, se les mostraron sugerencias para empezar a salir de la era del pl\u00e1stico, como <a href=\"https:\/\/es.greenpeace.org\/es\/noticias\/a-partir-de-ahora-yousomibolsa\/\">#yousomibolsa<\/a>, que nos anima a la participaci\u00f3n activa; otra llamada \u201c<a href=\"http:\/\/labolsadepapel.com\/\">Labolsadepapel<\/a>\u201d, impulsada por los fabricantes del gremio para convencer a empresas y consumidores, pero que nos interesa conocer.<\/p>\n<p>Pareci\u00f3 que se hab\u00eda generado un sentido cr\u00edtico a la hora de abordar los usos del pl\u00e1stico \u2013enfrentar lo que nos aporta con los desastres que genera su uso- y una manifestaci\u00f3n de la intenci\u00f3n personal de usar el m\u00ednimo posible. De hecho, a propuesta de uno de los grupos, se adhirieron un par de hojas grandes en el pasillo de secundaria. En ellas se invitaba a que quien circulase por all\u00ed escribiese en una las ventajas y por qu\u00e9, y en la otra los inconvenientes y sus razones. Queda pendiente el trabajo de an\u00e1lisis de todo lo realizado. Una vez m\u00e1s, el inconveniente curricular que nos acosa nos impidi\u00f3 hablar sobre otros pl\u00e1sticos que nos acompa\u00f1an: menaje de usar y tirar, vasos incluidos; los usados en la sobreprotecci\u00f3n alimentaria, <a href=\"https:\/\/www.nationalgeographic.com.es\/naturaleza\/grandes-reportajes\/como-afectan-residuos-plasticos-a-animales_12738\/1\">los que portan los animales<\/a> que nos alimentan o no, etc.<\/p>\n<p>El tiempo dir\u00e1 el camino recorrido personal o socialmente, si nos hemos instalado en la \u201ccrisis de comodidad\u201d a la que antes hemos aludido, si se ha avanzado m\u00e1s en la recogida o en la eliminaci\u00f3n de nuestra dependencia de los pl\u00e1sticos, si ya hemos comenzado la andadura <a href=\"https:\/\/www.bbvaopenmind.com\/ciencia\/medio-ambiente\/hacia-el-fin-del-plastico\/\">hacia el fin del pl\u00e1stico<\/a> superfluo. Por \u00faltimo, y el reto va dirigido especialmente al profesorado: \u00bfQu\u00e9 van a hacer en su centro para plantear la batalla al pl\u00e1stico? Pero de verdad. P\u00f3nganle plazos a cada acci\u00f3n y \u00a1suerte!<\/p>\n<p><strong>Carmelo Marc\u00e9n Albero (<a href=\"http:\/\/www.ecosdeceltiberia.es\">www.ecosdeceltiberia.es<\/a>)<\/strong><\/p>\n","protected":false},"excerpt":{"rendered":"<p>Era por junio de 2015 cuando propuse al alumnado de secundaria un asunto que por entonces parec\u00eda de ciencia ficci\u00f3n: Es posible vivir en un mundo sin apenas pl\u00e1sticos. Para motivar los posicionamientos apel\u00e9 a la ciencia, que siempre ayuda al reconocimiento de lo que uno dice. Les cont\u00e9 que la prestigiosa revista Science hab\u00eda<\/p>\n","protected":false},"author":139,"featured_media":429,"comment_status":"open","ping_status":"closed","sticky":false,"template":"","format":"standard","meta":{"footnotes":""},"categories":[16],"tags":[],"tipo":[],"class_list":{"0":"post-426","1":"post","2":"type-post","3":"status-publish","4":"format-standard","5":"has-post-thumbnail","7":"category-ecoescuela-abierta"},"yoast_head":"<!-- This site is optimized with the Yoast SEO plugin v27.5 - https:\/\/yoast.com\/product\/yoast-seo-wordpress\/ -->\n<title>Con menos pl\u00e1stico tambi\u00e9n hay vida placentera; defend\u00e1moslo desde la escuela - Ecoescuela Abierta<\/title>\n<meta name=\"robots\" content=\"index, follow, max-snippet:-1, max-image-preview:large, max-video-preview:-1\" \/>\n<link rel=\"canonical\" href=\"https:\/\/eldiariodelaeducacion.com\/ecoescuela-abierta\/2019\/03\/22\/con-menos-plastico-tambien-hay-vida-placentera-defendamoslo-desde-la-escuela\/\" \/>\n<meta property=\"og:locale\" content=\"es_ES\" \/>\n<meta property=\"og:type\" content=\"article\" \/>\n<meta property=\"og:title\" content=\"Con menos pl\u00e1stico tambi\u00e9n hay vida placentera; defend\u00e1moslo desde la escuela - Ecoescuela Abierta\" \/>\n<meta property=\"og:description\" content=\"Era por junio de 2015 cuando propuse al alumnado de secundaria un asunto que por entonces parec\u00eda de ciencia ficci\u00f3n: Es posible vivir en un mundo sin apenas pl\u00e1sticos. Para motivar los posicionamientos apel\u00e9 a la ciencia, que siempre ayuda al reconocimiento de lo que uno dice. Les cont\u00e9 que la prestigiosa revista Science hab\u00eda\" \/>\n<meta property=\"og:url\" content=\"https:\/\/eldiariodelaeducacion.com\/ecoescuela-abierta\/2019\/03\/22\/con-menos-plastico-tambien-hay-vida-placentera-defendamoslo-desde-la-escuela\/\" \/>\n<meta property=\"og:site_name\" content=\"Ecoescuela Abierta\" \/>\n<meta property=\"article:published_time\" content=\"2019-03-22T06:40:39+00:00\" \/>\n<meta property=\"article:modified_time\" content=\"2024-08-20T14:29:09+00:00\" \/>\n<meta property=\"og:image\" content=\"https:\/\/eldiariodelaeducacion.com\/ecoescuela-abierta\/wp-content\/uploads\/sites\/17\/2019\/03\/plastic-bottles-115069_1280.jpg\" \/>\n\t<meta property=\"og:image:width\" content=\"1280\" \/>\n\t<meta property=\"og:image:height\" content=\"960\" \/>\n\t<meta property=\"og:image:type\" content=\"image\/jpeg\" \/>\n<meta name=\"author\" content=\"Carmelo Marc\u00e9n Albero\" \/>\n<meta name=\"twitter:card\" content=\"summary_large_image\" \/>\n<meta name=\"twitter:label1\" content=\"Escrito por\" \/>\n\t<meta name=\"twitter:data1\" content=\"Carmelo Marc\u00e9n Albero\" \/>\n\t<meta name=\"twitter:label2\" content=\"Tiempo de lectura\" \/>\n\t<meta name=\"twitter:data2\" content=\"6 minutos\" \/>\n<script type=\"application\/ld+json\" class=\"yoast-schema-graph\">{\"@context\":\"https:\\\/\\\/schema.org\",\"@graph\":[{\"@type\":\"Article\",\"@id\":\"https:\\\/\\\/eldiariodelaeducacion.com\\\/ecoescuela-abierta\\\/2019\\\/03\\\/22\\\/con-menos-plastico-tambien-hay-vida-placentera-defendamoslo-desde-la-escuela\\\/#article\",\"isPartOf\":{\"@id\":\"https:\\\/\\\/eldiariodelaeducacion.com\\\/ecoescuela-abierta\\\/2019\\\/03\\\/22\\\/con-menos-plastico-tambien-hay-vida-placentera-defendamoslo-desde-la-escuela\\\/\"},\"author\":{\"name\":\"Carmelo Marc\u00e9n Albero\",\"@id\":\"https:\\\/\\\/eldiariodelaeducacion.com\\\/ecoescuela-abierta\\\/#\\\/schema\\\/person\\\/04802fc4b356ebb6d2b49d88d0cbda81\"},\"headline\":\"Con menos pl\u00e1stico tambi\u00e9n hay vida placentera; defend\u00e1moslo desde la escuela\",\"datePublished\":\"2019-03-22T06:40:39+00:00\",\"dateModified\":\"2024-08-20T14:29:09+00:00\",\"mainEntityOfPage\":{\"@id\":\"https:\\\/\\\/eldiariodelaeducacion.com\\\/ecoescuela-abierta\\\/2019\\\/03\\\/22\\\/con-menos-plastico-tambien-hay-vida-placentera-defendamoslo-desde-la-escuela\\\/\"},\"wordCount\":1243,\"commentCount\":0,\"image\":{\"@id\":\"https:\\\/\\\/eldiariodelaeducacion.com\\\/ecoescuela-abierta\\\/2019\\\/03\\\/22\\\/con-menos-plastico-tambien-hay-vida-placentera-defendamoslo-desde-la-escuela\\\/#primaryimage\"},\"thumbnailUrl\":\"https:\\\/\\\/eldiariodelaeducacion.com\\\/ecoescuela-abierta\\\/wp-content\\\/uploads\\\/sites\\\/17\\\/2019\\\/03\\\/plastic-bottles-115069_1280.jpg\",\"articleSection\":[\"Ecoescuela abierta\"],\"inLanguage\":\"es\",\"potentialAction\":[{\"@type\":\"CommentAction\",\"name\":\"Comment\",\"target\":[\"https:\\\/\\\/eldiariodelaeducacion.com\\\/ecoescuela-abierta\\\/2019\\\/03\\\/22\\\/con-menos-plastico-tambien-hay-vida-placentera-defendamoslo-desde-la-escuela\\\/#respond\"]}]},{\"@type\":\"WebPage\",\"@id\":\"https:\\\/\\\/eldiariodelaeducacion.com\\\/ecoescuela-abierta\\\/2019\\\/03\\\/22\\\/con-menos-plastico-tambien-hay-vida-placentera-defendamoslo-desde-la-escuela\\\/\",\"url\":\"https:\\\/\\\/eldiariodelaeducacion.com\\\/ecoescuela-abierta\\\/2019\\\/03\\\/22\\\/con-menos-plastico-tambien-hay-vida-placentera-defendamoslo-desde-la-escuela\\\/\",\"name\":\"Con menos pl\u00e1stico tambi\u00e9n hay vida placentera; defend\u00e1moslo desde la escuela - Ecoescuela Abierta\",\"isPartOf\":{\"@id\":\"https:\\\/\\\/eldiariodelaeducacion.com\\\/ecoescuela-abierta\\\/#website\"},\"primaryImageOfPage\":{\"@id\":\"https:\\\/\\\/eldiariodelaeducacion.com\\\/ecoescuela-abierta\\\/2019\\\/03\\\/22\\\/con-menos-plastico-tambien-hay-vida-placentera-defendamoslo-desde-la-escuela\\\/#primaryimage\"},\"image\":{\"@id\":\"https:\\\/\\\/eldiariodelaeducacion.com\\\/ecoescuela-abierta\\\/2019\\\/03\\\/22\\\/con-menos-plastico-tambien-hay-vida-placentera-defendamoslo-desde-la-escuela\\\/#primaryimage\"},\"thumbnailUrl\":\"https:\\\/\\\/eldiariodelaeducacion.com\\\/ecoescuela-abierta\\\/wp-content\\\/uploads\\\/sites\\\/17\\\/2019\\\/03\\\/plastic-bottles-115069_1280.jpg\",\"datePublished\":\"2019-03-22T06:40:39+00:00\",\"dateModified\":\"2024-08-20T14:29:09+00:00\",\"author\":{\"@id\":\"https:\\\/\\\/eldiariodelaeducacion.com\\\/ecoescuela-abierta\\\/#\\\/schema\\\/person\\\/04802fc4b356ebb6d2b49d88d0cbda81\"},\"breadcrumb\":{\"@id\":\"https:\\\/\\\/eldiariodelaeducacion.com\\\/ecoescuela-abierta\\\/2019\\\/03\\\/22\\\/con-menos-plastico-tambien-hay-vida-placentera-defendamoslo-desde-la-escuela\\\/#breadcrumb\"},\"inLanguage\":\"es\",\"potentialAction\":[{\"@type\":\"ReadAction\",\"target\":[\"https:\\\/\\\/eldiariodelaeducacion.com\\\/ecoescuela-abierta\\\/2019\\\/03\\\/22\\\/con-menos-plastico-tambien-hay-vida-placentera-defendamoslo-desde-la-escuela\\\/\"]}]},{\"@type\":\"ImageObject\",\"inLanguage\":\"es\",\"@id\":\"https:\\\/\\\/eldiariodelaeducacion.com\\\/ecoescuela-abierta\\\/2019\\\/03\\\/22\\\/con-menos-plastico-tambien-hay-vida-placentera-defendamoslo-desde-la-escuela\\\/#primaryimage\",\"url\":\"https:\\\/\\\/eldiariodelaeducacion.com\\\/ecoescuela-abierta\\\/wp-content\\\/uploads\\\/sites\\\/17\\\/2019\\\/03\\\/plastic-bottles-115069_1280.jpg\",\"contentUrl\":\"https:\\\/\\\/eldiariodelaeducacion.com\\\/ecoescuela-abierta\\\/wp-content\\\/uploads\\\/sites\\\/17\\\/2019\\\/03\\\/plastic-bottles-115069_1280.jpg\",\"width\":1280,\"height\":960},{\"@type\":\"BreadcrumbList\",\"@id\":\"https:\\\/\\\/eldiariodelaeducacion.com\\\/ecoescuela-abierta\\\/2019\\\/03\\\/22\\\/con-menos-plastico-tambien-hay-vida-placentera-defendamoslo-desde-la-escuela\\\/#breadcrumb\",\"itemListElement\":[{\"@type\":\"ListItem\",\"position\":1,\"name\":\"Portada\",\"item\":\"https:\\\/\\\/eldiariodelaeducacion.com\\\/ecoescuela-abierta\\\/\"},{\"@type\":\"ListItem\",\"position\":2,\"name\":\"Con menos pl\u00e1stico tambi\u00e9n hay vida placentera; defend\u00e1moslo desde la escuela\"}]},{\"@type\":\"WebSite\",\"@id\":\"https:\\\/\\\/eldiariodelaeducacion.com\\\/ecoescuela-abierta\\\/#website\",\"url\":\"https:\\\/\\\/eldiariodelaeducacion.com\\\/ecoescuela-abierta\\\/\",\"name\":\"Ecoescuela Abierta\",\"description\":\"Un blog de El Diario de la Educaci\u00f3n\",\"potentialAction\":[{\"@type\":\"SearchAction\",\"target\":{\"@type\":\"EntryPoint\",\"urlTemplate\":\"https:\\\/\\\/eldiariodelaeducacion.com\\\/ecoescuela-abierta\\\/?s={search_term_string}\"},\"query-input\":{\"@type\":\"PropertyValueSpecification\",\"valueRequired\":true,\"valueName\":\"search_term_string\"}}],\"inLanguage\":\"es\"},{\"@type\":\"Person\",\"@id\":\"https:\\\/\\\/eldiariodelaeducacion.com\\\/ecoescuela-abierta\\\/#\\\/schema\\\/person\\\/04802fc4b356ebb6d2b49d88d0cbda81\",\"name\":\"Carmelo Marc\u00e9n Albero\",\"image\":{\"@type\":\"ImageObject\",\"inLanguage\":\"es\",\"@id\":\"https:\\\/\\\/secure.gravatar.com\\\/avatar\\\/865a2af25fe07fb65d216fd84d395acb9d5e4afe79a03f8cb07ea1546723465e?s=96&d=mm&r=g\",\"url\":\"https:\\\/\\\/secure.gravatar.com\\\/avatar\\\/865a2af25fe07fb65d216fd84d395acb9d5e4afe79a03f8cb07ea1546723465e?s=96&d=mm&r=g\",\"contentUrl\":\"https:\\\/\\\/secure.gravatar.com\\\/avatar\\\/865a2af25fe07fb65d216fd84d395acb9d5e4afe79a03f8cb07ea1546723465e?s=96&d=mm&r=g\",\"caption\":\"Carmelo Marc\u00e9n Albero\"},\"description\":\"Adem\u00e1s de profesor y articulista, es experto en educaci\u00f3n ambiental. Gracias a \u00e9l nos preguntaremos c\u00f3mo las escuelas pueden reflexionar y trasladar estas preocupaciones a su alumnado, a sus docentes. Su \u00faltimo libro, 'Ecorrelatos inacabados, sin fecha de caducidad acerca' con una iron\u00eda suave algunas de esas tem\u00e1ticas.\",\"url\":\"https:\\\/\\\/eldiariodelaeducacion.com\\\/ecoescuela-abierta\\\/author\\\/carmelo-marcen-albero\\\/\"}]}<\/script>\n<!-- \/ Yoast SEO plugin. -->","yoast_head_json":{"title":"Con menos pl\u00e1stico tambi\u00e9n hay vida placentera; defend\u00e1moslo desde la escuela - Ecoescuela Abierta","robots":{"index":"index","follow":"follow","max-snippet":"max-snippet:-1","max-image-preview":"max-image-preview:large","max-video-preview":"max-video-preview:-1"},"canonical":"https:\/\/eldiariodelaeducacion.com\/ecoescuela-abierta\/2019\/03\/22\/con-menos-plastico-tambien-hay-vida-placentera-defendamoslo-desde-la-escuela\/","og_locale":"es_ES","og_type":"article","og_title":"Con menos pl\u00e1stico tambi\u00e9n hay vida placentera; defend\u00e1moslo desde la escuela - Ecoescuela Abierta","og_description":"Era por junio de 2015 cuando propuse al alumnado de secundaria un asunto que por entonces parec\u00eda de ciencia ficci\u00f3n: Es posible vivir en un mundo sin apenas pl\u00e1sticos. Para motivar los posicionamientos apel\u00e9 a la ciencia, que siempre ayuda al reconocimiento de lo que uno dice. Les cont\u00e9 que la prestigiosa revista Science hab\u00eda","og_url":"https:\/\/eldiariodelaeducacion.com\/ecoescuela-abierta\/2019\/03\/22\/con-menos-plastico-tambien-hay-vida-placentera-defendamoslo-desde-la-escuela\/","og_site_name":"Ecoescuela Abierta","article_published_time":"2019-03-22T06:40:39+00:00","article_modified_time":"2024-08-20T14:29:09+00:00","og_image":[{"width":1280,"height":960,"url":"https:\/\/eldiariodelaeducacion.com\/ecoescuela-abierta\/wp-content\/uploads\/sites\/17\/2019\/03\/plastic-bottles-115069_1280.jpg","type":"image\/jpeg"}],"author":"Carmelo Marc\u00e9n Albero","twitter_card":"summary_large_image","twitter_misc":{"Escrito por":"Carmelo Marc\u00e9n Albero","Tiempo de lectura":"6 minutos"},"schema":{"@context":"https:\/\/schema.org","@graph":[{"@type":"Article","@id":"https:\/\/eldiariodelaeducacion.com\/ecoescuela-abierta\/2019\/03\/22\/con-menos-plastico-tambien-hay-vida-placentera-defendamoslo-desde-la-escuela\/#article","isPartOf":{"@id":"https:\/\/eldiariodelaeducacion.com\/ecoescuela-abierta\/2019\/03\/22\/con-menos-plastico-tambien-hay-vida-placentera-defendamoslo-desde-la-escuela\/"},"author":{"name":"Carmelo Marc\u00e9n Albero","@id":"https:\/\/eldiariodelaeducacion.com\/ecoescuela-abierta\/#\/schema\/person\/04802fc4b356ebb6d2b49d88d0cbda81"},"headline":"Con menos pl\u00e1stico tambi\u00e9n hay vida placentera; defend\u00e1moslo desde la escuela","datePublished":"2019-03-22T06:40:39+00:00","dateModified":"2024-08-20T14:29:09+00:00","mainEntityOfPage":{"@id":"https:\/\/eldiariodelaeducacion.com\/ecoescuela-abierta\/2019\/03\/22\/con-menos-plastico-tambien-hay-vida-placentera-defendamoslo-desde-la-escuela\/"},"wordCount":1243,"commentCount":0,"image":{"@id":"https:\/\/eldiariodelaeducacion.com\/ecoescuela-abierta\/2019\/03\/22\/con-menos-plastico-tambien-hay-vida-placentera-defendamoslo-desde-la-escuela\/#primaryimage"},"thumbnailUrl":"https:\/\/eldiariodelaeducacion.com\/ecoescuela-abierta\/wp-content\/uploads\/sites\/17\/2019\/03\/plastic-bottles-115069_1280.jpg","articleSection":["Ecoescuela abierta"],"inLanguage":"es","potentialAction":[{"@type":"CommentAction","name":"Comment","target":["https:\/\/eldiariodelaeducacion.com\/ecoescuela-abierta\/2019\/03\/22\/con-menos-plastico-tambien-hay-vida-placentera-defendamoslo-desde-la-escuela\/#respond"]}]},{"@type":"WebPage","@id":"https:\/\/eldiariodelaeducacion.com\/ecoescuela-abierta\/2019\/03\/22\/con-menos-plastico-tambien-hay-vida-placentera-defendamoslo-desde-la-escuela\/","url":"https:\/\/eldiariodelaeducacion.com\/ecoescuela-abierta\/2019\/03\/22\/con-menos-plastico-tambien-hay-vida-placentera-defendamoslo-desde-la-escuela\/","name":"Con menos pl\u00e1stico tambi\u00e9n hay vida placentera; defend\u00e1moslo desde la escuela - Ecoescuela Abierta","isPartOf":{"@id":"https:\/\/eldiariodelaeducacion.com\/ecoescuela-abierta\/#website"},"primaryImageOfPage":{"@id":"https:\/\/eldiariodelaeducacion.com\/ecoescuela-abierta\/2019\/03\/22\/con-menos-plastico-tambien-hay-vida-placentera-defendamoslo-desde-la-escuela\/#primaryimage"},"image":{"@id":"https:\/\/eldiariodelaeducacion.com\/ecoescuela-abierta\/2019\/03\/22\/con-menos-plastico-tambien-hay-vida-placentera-defendamoslo-desde-la-escuela\/#primaryimage"},"thumbnailUrl":"https:\/\/eldiariodelaeducacion.com\/ecoescuela-abierta\/wp-content\/uploads\/sites\/17\/2019\/03\/plastic-bottles-115069_1280.jpg","datePublished":"2019-03-22T06:40:39+00:00","dateModified":"2024-08-20T14:29:09+00:00","author":{"@id":"https:\/\/eldiariodelaeducacion.com\/ecoescuela-abierta\/#\/schema\/person\/04802fc4b356ebb6d2b49d88d0cbda81"},"breadcrumb":{"@id":"https:\/\/eldiariodelaeducacion.com\/ecoescuela-abierta\/2019\/03\/22\/con-menos-plastico-tambien-hay-vida-placentera-defendamoslo-desde-la-escuela\/#breadcrumb"},"inLanguage":"es","potentialAction":[{"@type":"ReadAction","target":["https:\/\/eldiariodelaeducacion.com\/ecoescuela-abierta\/2019\/03\/22\/con-menos-plastico-tambien-hay-vida-placentera-defendamoslo-desde-la-escuela\/"]}]},{"@type":"ImageObject","inLanguage":"es","@id":"https:\/\/eldiariodelaeducacion.com\/ecoescuela-abierta\/2019\/03\/22\/con-menos-plastico-tambien-hay-vida-placentera-defendamoslo-desde-la-escuela\/#primaryimage","url":"https:\/\/eldiariodelaeducacion.com\/ecoescuela-abierta\/wp-content\/uploads\/sites\/17\/2019\/03\/plastic-bottles-115069_1280.jpg","contentUrl":"https:\/\/eldiariodelaeducacion.com\/ecoescuela-abierta\/wp-content\/uploads\/sites\/17\/2019\/03\/plastic-bottles-115069_1280.jpg","width":1280,"height":960},{"@type":"BreadcrumbList","@id":"https:\/\/eldiariodelaeducacion.com\/ecoescuela-abierta\/2019\/03\/22\/con-menos-plastico-tambien-hay-vida-placentera-defendamoslo-desde-la-escuela\/#breadcrumb","itemListElement":[{"@type":"ListItem","position":1,"name":"Portada","item":"https:\/\/eldiariodelaeducacion.com\/ecoescuela-abierta\/"},{"@type":"ListItem","position":2,"name":"Con menos pl\u00e1stico tambi\u00e9n hay vida placentera; defend\u00e1moslo desde la escuela"}]},{"@type":"WebSite","@id":"https:\/\/eldiariodelaeducacion.com\/ecoescuela-abierta\/#website","url":"https:\/\/eldiariodelaeducacion.com\/ecoescuela-abierta\/","name":"Ecoescuela Abierta","description":"Un blog de El Diario de la Educaci\u00f3n","potentialAction":[{"@type":"SearchAction","target":{"@type":"EntryPoint","urlTemplate":"https:\/\/eldiariodelaeducacion.com\/ecoescuela-abierta\/?s={search_term_string}"},"query-input":{"@type":"PropertyValueSpecification","valueRequired":true,"valueName":"search_term_string"}}],"inLanguage":"es"},{"@type":"Person","@id":"https:\/\/eldiariodelaeducacion.com\/ecoescuela-abierta\/#\/schema\/person\/04802fc4b356ebb6d2b49d88d0cbda81","name":"Carmelo Marc\u00e9n Albero","image":{"@type":"ImageObject","inLanguage":"es","@id":"https:\/\/secure.gravatar.com\/avatar\/865a2af25fe07fb65d216fd84d395acb9d5e4afe79a03f8cb07ea1546723465e?s=96&d=mm&r=g","url":"https:\/\/secure.gravatar.com\/avatar\/865a2af25fe07fb65d216fd84d395acb9d5e4afe79a03f8cb07ea1546723465e?s=96&d=mm&r=g","contentUrl":"https:\/\/secure.gravatar.com\/avatar\/865a2af25fe07fb65d216fd84d395acb9d5e4afe79a03f8cb07ea1546723465e?s=96&d=mm&r=g","caption":"Carmelo Marc\u00e9n Albero"},"description":"Adem\u00e1s de profesor y articulista, es experto en educaci\u00f3n ambiental. Gracias a \u00e9l nos preguntaremos c\u00f3mo las escuelas pueden reflexionar y trasladar estas preocupaciones a su alumnado, a sus docentes. Su \u00faltimo libro, 'Ecorrelatos inacabados, sin fecha de caducidad acerca' con una iron\u00eda suave algunas de esas tem\u00e1ticas.","url":"https:\/\/eldiariodelaeducacion.com\/ecoescuela-abierta\/author\/carmelo-marcen-albero\/"}]}},"_links":{"self":[{"href":"https:\/\/eldiariodelaeducacion.com\/ecoescuela-abierta\/wp-json\/wp\/v2\/posts\/426","targetHints":{"allow":["GET"]}}],"collection":[{"href":"https:\/\/eldiariodelaeducacion.com\/ecoescuela-abierta\/wp-json\/wp\/v2\/posts"}],"about":[{"href":"https:\/\/eldiariodelaeducacion.com\/ecoescuela-abierta\/wp-json\/wp\/v2\/types\/post"}],"author":[{"embeddable":true,"href":"https:\/\/eldiariodelaeducacion.com\/ecoescuela-abierta\/wp-json\/wp\/v2\/users\/139"}],"replies":[{"embeddable":true,"href":"https:\/\/eldiariodelaeducacion.com\/ecoescuela-abierta\/wp-json\/wp\/v2\/comments?post=426"}],"version-history":[{"count":1,"href":"https:\/\/eldiariodelaeducacion.com\/ecoescuela-abierta\/wp-json\/wp\/v2\/posts\/426\/revisions"}],"predecessor-version":[{"id":1038,"href":"https:\/\/eldiariodelaeducacion.com\/ecoescuela-abierta\/wp-json\/wp\/v2\/posts\/426\/revisions\/1038"}],"wp:featuredmedia":[{"embeddable":true,"href":"https:\/\/eldiariodelaeducacion.com\/ecoescuela-abierta\/wp-json\/wp\/v2\/media\/429"}],"wp:attachment":[{"href":"https:\/\/eldiariodelaeducacion.com\/ecoescuela-abierta\/wp-json\/wp\/v2\/media?parent=426"}],"wp:term":[{"taxonomy":"category","embeddable":true,"href":"https:\/\/eldiariodelaeducacion.com\/ecoescuela-abierta\/wp-json\/wp\/v2\/categories?post=426"},{"taxonomy":"post_tag","embeddable":true,"href":"https:\/\/eldiariodelaeducacion.com\/ecoescuela-abierta\/wp-json\/wp\/v2\/tags?post=426"},{"taxonomy":"tipo","embeddable":true,"href":"https:\/\/eldiariodelaeducacion.com\/ecoescuela-abierta\/wp-json\/wp\/v2\/tipo?post=426"}],"curies":[{"name":"wp","href":"https:\/\/api.w.org\/{rel}","templated":true}]}}