{"id":438,"date":"2019-04-05T07:45:54","date_gmt":"2019-04-05T07:45:54","guid":{"rendered":"https:\/\/eldiariodelaeducacion.test\/ecoescuela-abierta\/\/?p=438"},"modified":"2024-08-20T16:29:09","modified_gmt":"2024-08-20T14:29:09","slug":"la-escuela-puede-mejorar-el-papel-ambiental-del-papel","status":"publish","type":"post","link":"https:\/\/eldiariodelaeducacion.com\/ecoescuela-abierta\/2019\/04\/05\/la-escuela-puede-mejorar-el-papel-ambiental-del-papel\/","title":{"rendered":"La escuela puede mejorar el papel ambiental del papel"},"content":{"rendered":"<p>Hubo quien afirm\u00f3 hace unos a\u00f1os que la llegada de la inform\u00e1tica a las escuelas iba a suponer una aut\u00e9ntica revoluci\u00f3n en el uso del papel: menos fotocopias y cuadernos junto con la paulatina desaparici\u00f3n de los libros de texto tal como los conoc\u00edamos hasta entonces. Pero la experiencia nos ha demostrado que no ha sido as\u00ed, hasta el punto de que en la entrada de todas escuelas habr\u00eda que colgar un cartel que dijese: STOP a las fotocopias y al derroche de papel.<\/p>\n<p>Sucede que, desde la educaci\u00f3n infantil hasta la universidad \u2013aunque ahora esta est\u00e9 plagada de archivos en la nube-, las fotocopias son el medio m\u00e1s utilizado para animar o retener aprendizajes, al menos en los pa\u00edses ricos. Los costes ambientales que esta moda supone son enormes: papel virgen m\u00e1s o menos clorado procedente de bosques bien o mal gestionados, lixiviados m\u00e1s o menos controlados, emisiones m\u00e1s grandes o peque\u00f1as, energ\u00eda de todo tipo, transportes desde los centros de producci\u00f3n m\u00e1s bien largos, y m\u00e1s cosas como los residuos del t\u00f3ner y similares. Adem\u00e1s, los cuadernos que atiborran las mochilas se utilizan mal, quedan en blanco cientos de hojas. Por eso, el papel es un buen material para hablar de medioambiente y escuela, pues <strong>su uso tiene un elevado papel ambiental<\/strong>.<\/p>\n<p>La secuencia puede comenzar con una actividad de motivaci\u00f3n. Se invita a una reuni\u00f3n sobre medio ambiente al profesorado y al alumnado. Se constata si en esa escuela ya se recogen muchos o pocos papeles y cartones, si se llevan a los contenedores azules de la calle. Se insiste en que en que las buenas pr\u00e1cticas no se hagan porque s\u00ed, que ser\u00eda m\u00e1s conveniente la elaboraci\u00f3n de un \u201cProyecto de mejora en el uso del papel\u201d, para que este siga siendo el protagonista de la acci\u00f3n escolar, pero sobre todo en la lucha participativa por proteger el medioambiente. El equipo promotor expone para el debate los objetivos que se podr\u00edan perseguir, m\u00e1s o menos en este orden: llamar la atenci\u00f3n de la comunidad educativa sobre el alto coste ambiental y econ\u00f3mico que supone el uso actual de papel, adoptar de forma progresiva unos h\u00e1bitos de uso que generen reducci\u00f3n de los consumos y, c\u00f3mo no, consolidar el respeto del medioambiente como una de las se\u00f1as de identidad del centro. En fin, llamar la atenci\u00f3n sobre la importancia de la participaci\u00f3n personal en la tarea colectiva que implica la gesti\u00f3n ambiental del centro y de la vida.Prop\u00f3nganselo.<\/p>\n<p>Notar\u00e1n que se va configurando un plan de acci\u00f3n participado. Prev\u00e9 momentos y personas que se comprometen a su ejecuci\u00f3n en cada una de sus partes: dise\u00f1o de la auditor\u00eda del papel para diagnosticar si es un problema ambiental en el centro, formulaci\u00f3n clara de objetivos, elaboraci\u00f3n colectiva del plan de acci\u00f3n, toma de decisiones y aplicaci\u00f3n del plan, evaluaci\u00f3n del desarrollo y los resultados, y comunicaci\u00f3n (logros apreciables y tareas pendientes para estimular la continuidad de la participaci\u00f3n). Alguien propondr\u00e1 pasar un peque\u00f1o cuestionario (con respuestas sencillas del tipo: nunca, a veces, a menudo, siempre), al profesorado y al alumnado, sobre cuestiones varias: si utilizan las hojas de papel por las dos caras, si imprimen los documentos que solo van a leer una vez, si creen que el n\u00famero de fotocopias que utilizan es el adecuado o ser\u00eda conveniente reducirlo, si separan el papel de los restos de cosas que van a la \u201cpapelera\u201d de clase, si el alumnado utiliza los cuadernos no terminados de un a\u00f1o para otro. Otra persona comentar\u00e1 que ser\u00eda conveniente, m\u00e1s que nada para motivar a todos los que se mueven por el centro (profesorado, alumnado, personal de administraci\u00f3n y servicios, Asociaci\u00f3n de madres y padres, familias, etc.), elaborar un peque\u00f1o informe que detallase los consumos anuales de folios (sean o no para fotocopias), si se utiliza en el centro el papel reciclado y se dispone de un sistema de recogida del papel usado, para una posterior reutilizaci\u00f3n o para su reciclado. Esta tarea hay hacerla a\u00f1o tras a\u00f1o, pues una parte del profesorado cambia y al curso siguiente accede al centro alumnado nuevo. Ver\u00e1n c\u00f3mo la gente ya se anima; se intercambian las primeras impresiones y se constata que no todos los presentes act\u00faan de la misma forma.<\/p>\n<p>El equipo de alumnos y profesores que habr\u00e1 elaborado el diagn\u00f3stico previo presenta sus conclusiones. A partir de ellas, se detectan aspectos que se pueden mejorar: buenas pr\u00e1cticas de compra de papel, buenos h\u00e1bitos para reducir el consumo y acciones para la reutilizaci\u00f3n\/buena gesti\u00f3n del papel. La primera actuaci\u00f3n referida a <strong>gesti\u00f3n ambiental<\/strong>, en este caso compras de papel, tendr\u00eda unos claros objetivos: intentar una reducci\u00f3n significativa sin rebajar los niveles de calidad en la prestaci\u00f3n; lograr que se utilicen siempre criterios razonables de uso y consumo, que se seleccione en cada caso el papel m\u00e1s adecuado; incrementar las compras de papel reciclado y reducir las del elaborado con pasta virgen, lo que llevar\u00eda a conseguir, a medio plazo, que el porcentaje de este papel fuese m\u00ednimo. Tambi\u00e9n vendr\u00eda bien realizar gestiones con las papeler\u00edas del barrio que surten al alumnado del centro para que dispongan de material escolar elaborado con papel reciclado, libre de cloro y amparado por los logos de buena gesti\u00f3n de los bosques (FSC, PEFC, etc.).<\/p>\n<p>La segunda,<strong> limitaci\u00f3n general del consumo<\/strong>, quedar\u00eda bien si lograra una reducci\u00f3n en torno al 5 % anual, margen de mejora posible en algunas escuelas. Ser\u00eda conveniente que el Equipo Directivo estableciese una norma que limitase la realizaci\u00f3n de las fotocopias por una sola cara; adecuase el formato de las comunicaciones al profesorado, familias y alumnado al objetivo de reducci\u00f3n del papel y adoptase el sistema on line; diese a conocer a la comunidad educativa la existencia de este proyecto colectivo e invitase en la web del centro a sumarse a \u00e9l para intervenir de una forma m\u00e1s respetuosa en el medio ambiente.<\/p>\n<p>Para lograr lo anterior, habr\u00eda que recomendar al profesorado unas cuantas acciones: adopci\u00f3n de h\u00e1bitos para la reducci\u00f3n personal del papel, selecci\u00f3n de los materiales que imprime, incentivaci\u00f3n del ahorro entre el alumnado. Este tambi\u00e9n deber\u00eda participar con: la reducci\u00f3n personal del papel (uso por las dos caras, tama\u00f1os adecuados al destino, etc.), impresi\u00f3n de los documentos que obtenga mediante recursos inform\u00e1ticos solamente en el caso de que su uso lo exija, reutilizaci\u00f3n de cuadernos de trabajo de un curso para otro.<\/p>\n<p>La tercera se escribir\u00eda en letras grandes cuando toda la comunidad educativa llevase a cabo <strong>un uso responsable del papel<\/strong>, que, como tesoro educativo y social que es, se utilice s\u00f3lo cuando sea estrictamente necesario, para que siempre guarde emociones o traiga recuerdos renovadores, para que nunca acabe arrugado y despreciado en las mal llamadas papeleras.<\/p>\n<p>Finalmente, la acci\u00f3n cuarta que encamina a <strong>la correcta recogida del papel usado<\/strong> y la reutilizaci\u00f3n del que lo permita se consigue si: se dispone de contenedor azul espec\u00edfico, se coloca una caja en cada una de las estancias del centro para que se puedan depositar los papeles utilizados por una sola cara y darles un segundo uso, se consigue la implicaci\u00f3n de toda la comunidad educativa en las buenas pr\u00e1cticas y en el vaciado de los recipientes de aula en los contenedores azules de la calle. En realidad, hemos estado hablando aqu\u00ed de una <strong>ecoauditor\u00eda del papel en el centro educativo<\/strong>. Simplemente para recordar que la escuela tiene un imprescindible papel educativo en todo lo que tiene que ver con el medioambiente; por eso debe comunicar a la sociedad lo que hace y c\u00f3mo lo lleva a cabo.<\/p>\n<p>Carmelo Marc\u00e9n Albero (<a href=\"http:\/\/www.ecosdeceltiberia.es\">www.ecosdeceltiberia.es<\/a>)<\/p>\n","protected":false},"excerpt":{"rendered":"<p>Hubo quien afirm\u00f3 hace unos a\u00f1os que la llegada de la inform\u00e1tica a las escuelas iba a suponer una aut\u00e9ntica revoluci\u00f3n en el uso del papel: menos fotocopias y cuadernos junto con la paulatina desaparici\u00f3n de los libros de texto tal como los conoc\u00edamos hasta entonces. Pero la experiencia nos ha demostrado que no ha<\/p>\n","protected":false},"author":139,"featured_media":441,"comment_status":"open","ping_status":"closed","sticky":false,"template":"","format":"standard","meta":{"footnotes":""},"categories":[16],"tags":[],"tipo":[],"class_list":{"0":"post-438","1":"post","2":"type-post","3":"status-publish","4":"format-standard","5":"has-post-thumbnail","7":"category-ecoescuela-abierta"},"yoast_head":"<!-- This site is optimized with the Yoast SEO plugin v27.5 - https:\/\/yoast.com\/product\/yoast-seo-wordpress\/ -->\n<title>La escuela puede mejorar el papel ambiental del papel - Ecoescuela Abierta<\/title>\n<meta name=\"robots\" content=\"index, follow, max-snippet:-1, max-image-preview:large, max-video-preview:-1\" \/>\n<link rel=\"canonical\" href=\"https:\/\/eldiariodelaeducacion.com\/ecoescuela-abierta\/2019\/04\/05\/la-escuela-puede-mejorar-el-papel-ambiental-del-papel\/\" \/>\n<meta property=\"og:locale\" content=\"es_ES\" \/>\n<meta property=\"og:type\" content=\"article\" \/>\n<meta property=\"og:title\" content=\"La escuela puede mejorar el papel ambiental del papel - Ecoescuela Abierta\" \/>\n<meta property=\"og:description\" content=\"Hubo quien afirm\u00f3 hace unos a\u00f1os que la llegada de la inform\u00e1tica a las escuelas iba a suponer una aut\u00e9ntica revoluci\u00f3n en el uso del papel: menos fotocopias y cuadernos junto con la paulatina desaparici\u00f3n de los libros de texto tal como los conoc\u00edamos hasta entonces. Pero la experiencia nos ha demostrado que no ha\" \/>\n<meta property=\"og:url\" content=\"https:\/\/eldiariodelaeducacion.com\/ecoescuela-abierta\/2019\/04\/05\/la-escuela-puede-mejorar-el-papel-ambiental-del-papel\/\" \/>\n<meta property=\"og:site_name\" content=\"Ecoescuela Abierta\" \/>\n<meta property=\"article:published_time\" content=\"2019-04-05T07:45:54+00:00\" \/>\n<meta property=\"article:modified_time\" content=\"2024-08-20T14:29:09+00:00\" \/>\n<meta property=\"og:image\" content=\"https:\/\/eldiariodelaeducacion.com\/ecoescuela-abierta\/wp-content\/uploads\/sites\/17\/2019\/04\/papel-pixabay.jpg\" \/>\n\t<meta property=\"og:image:width\" content=\"1280\" \/>\n\t<meta property=\"og:image:height\" content=\"850\" \/>\n\t<meta property=\"og:image:type\" content=\"image\/jpeg\" \/>\n<meta name=\"author\" content=\"Carmelo Marc\u00e9n Albero\" \/>\n<meta name=\"twitter:card\" content=\"summary_large_image\" \/>\n<meta name=\"twitter:label1\" content=\"Escrito por\" \/>\n\t<meta name=\"twitter:data1\" content=\"Carmelo Marc\u00e9n Albero\" \/>\n\t<meta name=\"twitter:label2\" content=\"Tiempo de lectura\" \/>\n\t<meta name=\"twitter:data2\" content=\"7 minutos\" \/>\n<script type=\"application\/ld+json\" class=\"yoast-schema-graph\">{\"@context\":\"https:\\\/\\\/schema.org\",\"@graph\":[{\"@type\":\"Article\",\"@id\":\"https:\\\/\\\/eldiariodelaeducacion.com\\\/ecoescuela-abierta\\\/2019\\\/04\\\/05\\\/la-escuela-puede-mejorar-el-papel-ambiental-del-papel\\\/#article\",\"isPartOf\":{\"@id\":\"https:\\\/\\\/eldiariodelaeducacion.com\\\/ecoescuela-abierta\\\/2019\\\/04\\\/05\\\/la-escuela-puede-mejorar-el-papel-ambiental-del-papel\\\/\"},\"author\":{\"name\":\"Carmelo Marc\u00e9n Albero\",\"@id\":\"https:\\\/\\\/eldiariodelaeducacion.com\\\/ecoescuela-abierta\\\/#\\\/schema\\\/person\\\/04802fc4b356ebb6d2b49d88d0cbda81\"},\"headline\":\"La escuela puede mejorar el papel ambiental del papel\",\"datePublished\":\"2019-04-05T07:45:54+00:00\",\"dateModified\":\"2024-08-20T14:29:09+00:00\",\"mainEntityOfPage\":{\"@id\":\"https:\\\/\\\/eldiariodelaeducacion.com\\\/ecoescuela-abierta\\\/2019\\\/04\\\/05\\\/la-escuela-puede-mejorar-el-papel-ambiental-del-papel\\\/\"},\"wordCount\":1384,\"commentCount\":1,\"image\":{\"@id\":\"https:\\\/\\\/eldiariodelaeducacion.com\\\/ecoescuela-abierta\\\/2019\\\/04\\\/05\\\/la-escuela-puede-mejorar-el-papel-ambiental-del-papel\\\/#primaryimage\"},\"thumbnailUrl\":\"https:\\\/\\\/eldiariodelaeducacion.com\\\/ecoescuela-abierta\\\/wp-content\\\/uploads\\\/sites\\\/17\\\/2019\\\/04\\\/papel-pixabay.jpg\",\"articleSection\":[\"Ecoescuela abierta\"],\"inLanguage\":\"es\",\"potentialAction\":[{\"@type\":\"CommentAction\",\"name\":\"Comment\",\"target\":[\"https:\\\/\\\/eldiariodelaeducacion.com\\\/ecoescuela-abierta\\\/2019\\\/04\\\/05\\\/la-escuela-puede-mejorar-el-papel-ambiental-del-papel\\\/#respond\"]}]},{\"@type\":\"WebPage\",\"@id\":\"https:\\\/\\\/eldiariodelaeducacion.com\\\/ecoescuela-abierta\\\/2019\\\/04\\\/05\\\/la-escuela-puede-mejorar-el-papel-ambiental-del-papel\\\/\",\"url\":\"https:\\\/\\\/eldiariodelaeducacion.com\\\/ecoescuela-abierta\\\/2019\\\/04\\\/05\\\/la-escuela-puede-mejorar-el-papel-ambiental-del-papel\\\/\",\"name\":\"La escuela puede mejorar el papel ambiental del papel - Ecoescuela Abierta\",\"isPartOf\":{\"@id\":\"https:\\\/\\\/eldiariodelaeducacion.com\\\/ecoescuela-abierta\\\/#website\"},\"primaryImageOfPage\":{\"@id\":\"https:\\\/\\\/eldiariodelaeducacion.com\\\/ecoescuela-abierta\\\/2019\\\/04\\\/05\\\/la-escuela-puede-mejorar-el-papel-ambiental-del-papel\\\/#primaryimage\"},\"image\":{\"@id\":\"https:\\\/\\\/eldiariodelaeducacion.com\\\/ecoescuela-abierta\\\/2019\\\/04\\\/05\\\/la-escuela-puede-mejorar-el-papel-ambiental-del-papel\\\/#primaryimage\"},\"thumbnailUrl\":\"https:\\\/\\\/eldiariodelaeducacion.com\\\/ecoescuela-abierta\\\/wp-content\\\/uploads\\\/sites\\\/17\\\/2019\\\/04\\\/papel-pixabay.jpg\",\"datePublished\":\"2019-04-05T07:45:54+00:00\",\"dateModified\":\"2024-08-20T14:29:09+00:00\",\"author\":{\"@id\":\"https:\\\/\\\/eldiariodelaeducacion.com\\\/ecoescuela-abierta\\\/#\\\/schema\\\/person\\\/04802fc4b356ebb6d2b49d88d0cbda81\"},\"breadcrumb\":{\"@id\":\"https:\\\/\\\/eldiariodelaeducacion.com\\\/ecoescuela-abierta\\\/2019\\\/04\\\/05\\\/la-escuela-puede-mejorar-el-papel-ambiental-del-papel\\\/#breadcrumb\"},\"inLanguage\":\"es\",\"potentialAction\":[{\"@type\":\"ReadAction\",\"target\":[\"https:\\\/\\\/eldiariodelaeducacion.com\\\/ecoescuela-abierta\\\/2019\\\/04\\\/05\\\/la-escuela-puede-mejorar-el-papel-ambiental-del-papel\\\/\"]}]},{\"@type\":\"ImageObject\",\"inLanguage\":\"es\",\"@id\":\"https:\\\/\\\/eldiariodelaeducacion.com\\\/ecoescuela-abierta\\\/2019\\\/04\\\/05\\\/la-escuela-puede-mejorar-el-papel-ambiental-del-papel\\\/#primaryimage\",\"url\":\"https:\\\/\\\/eldiariodelaeducacion.com\\\/ecoescuela-abierta\\\/wp-content\\\/uploads\\\/sites\\\/17\\\/2019\\\/04\\\/papel-pixabay.jpg\",\"contentUrl\":\"https:\\\/\\\/eldiariodelaeducacion.com\\\/ecoescuela-abierta\\\/wp-content\\\/uploads\\\/sites\\\/17\\\/2019\\\/04\\\/papel-pixabay.jpg\",\"width\":1280,\"height\":850,\"caption\":\"Fotograf\u00eda: Pixabay\"},{\"@type\":\"BreadcrumbList\",\"@id\":\"https:\\\/\\\/eldiariodelaeducacion.com\\\/ecoescuela-abierta\\\/2019\\\/04\\\/05\\\/la-escuela-puede-mejorar-el-papel-ambiental-del-papel\\\/#breadcrumb\",\"itemListElement\":[{\"@type\":\"ListItem\",\"position\":1,\"name\":\"Portada\",\"item\":\"https:\\\/\\\/eldiariodelaeducacion.com\\\/ecoescuela-abierta\\\/\"},{\"@type\":\"ListItem\",\"position\":2,\"name\":\"La escuela puede mejorar el papel ambiental del papel\"}]},{\"@type\":\"WebSite\",\"@id\":\"https:\\\/\\\/eldiariodelaeducacion.com\\\/ecoescuela-abierta\\\/#website\",\"url\":\"https:\\\/\\\/eldiariodelaeducacion.com\\\/ecoescuela-abierta\\\/\",\"name\":\"Ecoescuela Abierta\",\"description\":\"Un blog de El Diario de la Educaci\u00f3n\",\"potentialAction\":[{\"@type\":\"SearchAction\",\"target\":{\"@type\":\"EntryPoint\",\"urlTemplate\":\"https:\\\/\\\/eldiariodelaeducacion.com\\\/ecoescuela-abierta\\\/?s={search_term_string}\"},\"query-input\":{\"@type\":\"PropertyValueSpecification\",\"valueRequired\":true,\"valueName\":\"search_term_string\"}}],\"inLanguage\":\"es\"},{\"@type\":\"Person\",\"@id\":\"https:\\\/\\\/eldiariodelaeducacion.com\\\/ecoescuela-abierta\\\/#\\\/schema\\\/person\\\/04802fc4b356ebb6d2b49d88d0cbda81\",\"name\":\"Carmelo Marc\u00e9n Albero\",\"image\":{\"@type\":\"ImageObject\",\"inLanguage\":\"es\",\"@id\":\"https:\\\/\\\/secure.gravatar.com\\\/avatar\\\/865a2af25fe07fb65d216fd84d395acb9d5e4afe79a03f8cb07ea1546723465e?s=96&d=mm&r=g\",\"url\":\"https:\\\/\\\/secure.gravatar.com\\\/avatar\\\/865a2af25fe07fb65d216fd84d395acb9d5e4afe79a03f8cb07ea1546723465e?s=96&d=mm&r=g\",\"contentUrl\":\"https:\\\/\\\/secure.gravatar.com\\\/avatar\\\/865a2af25fe07fb65d216fd84d395acb9d5e4afe79a03f8cb07ea1546723465e?s=96&d=mm&r=g\",\"caption\":\"Carmelo Marc\u00e9n Albero\"},\"description\":\"Adem\u00e1s de profesor y articulista, es experto en educaci\u00f3n ambiental. Gracias a \u00e9l nos preguntaremos c\u00f3mo las escuelas pueden reflexionar y trasladar estas preocupaciones a su alumnado, a sus docentes. Su \u00faltimo libro, 'Ecorrelatos inacabados, sin fecha de caducidad acerca' con una iron\u00eda suave algunas de esas tem\u00e1ticas.\",\"url\":\"https:\\\/\\\/eldiariodelaeducacion.com\\\/ecoescuela-abierta\\\/author\\\/carmelo-marcen-albero\\\/\"}]}<\/script>\n<!-- \/ Yoast SEO plugin. -->","yoast_head_json":{"title":"La escuela puede mejorar el papel ambiental del papel - Ecoescuela Abierta","robots":{"index":"index","follow":"follow","max-snippet":"max-snippet:-1","max-image-preview":"max-image-preview:large","max-video-preview":"max-video-preview:-1"},"canonical":"https:\/\/eldiariodelaeducacion.com\/ecoescuela-abierta\/2019\/04\/05\/la-escuela-puede-mejorar-el-papel-ambiental-del-papel\/","og_locale":"es_ES","og_type":"article","og_title":"La escuela puede mejorar el papel ambiental del papel - Ecoescuela Abierta","og_description":"Hubo quien afirm\u00f3 hace unos a\u00f1os que la llegada de la inform\u00e1tica a las escuelas iba a suponer una aut\u00e9ntica revoluci\u00f3n en el uso del papel: menos fotocopias y cuadernos junto con la paulatina desaparici\u00f3n de los libros de texto tal como los conoc\u00edamos hasta entonces. Pero la experiencia nos ha demostrado que no ha","og_url":"https:\/\/eldiariodelaeducacion.com\/ecoescuela-abierta\/2019\/04\/05\/la-escuela-puede-mejorar-el-papel-ambiental-del-papel\/","og_site_name":"Ecoescuela Abierta","article_published_time":"2019-04-05T07:45:54+00:00","article_modified_time":"2024-08-20T14:29:09+00:00","og_image":[{"width":1280,"height":850,"url":"https:\/\/eldiariodelaeducacion.com\/ecoescuela-abierta\/wp-content\/uploads\/sites\/17\/2019\/04\/papel-pixabay.jpg","type":"image\/jpeg"}],"author":"Carmelo Marc\u00e9n Albero","twitter_card":"summary_large_image","twitter_misc":{"Escrito por":"Carmelo Marc\u00e9n Albero","Tiempo de lectura":"7 minutos"},"schema":{"@context":"https:\/\/schema.org","@graph":[{"@type":"Article","@id":"https:\/\/eldiariodelaeducacion.com\/ecoescuela-abierta\/2019\/04\/05\/la-escuela-puede-mejorar-el-papel-ambiental-del-papel\/#article","isPartOf":{"@id":"https:\/\/eldiariodelaeducacion.com\/ecoescuela-abierta\/2019\/04\/05\/la-escuela-puede-mejorar-el-papel-ambiental-del-papel\/"},"author":{"name":"Carmelo Marc\u00e9n Albero","@id":"https:\/\/eldiariodelaeducacion.com\/ecoescuela-abierta\/#\/schema\/person\/04802fc4b356ebb6d2b49d88d0cbda81"},"headline":"La escuela puede mejorar el papel ambiental del papel","datePublished":"2019-04-05T07:45:54+00:00","dateModified":"2024-08-20T14:29:09+00:00","mainEntityOfPage":{"@id":"https:\/\/eldiariodelaeducacion.com\/ecoescuela-abierta\/2019\/04\/05\/la-escuela-puede-mejorar-el-papel-ambiental-del-papel\/"},"wordCount":1384,"commentCount":1,"image":{"@id":"https:\/\/eldiariodelaeducacion.com\/ecoescuela-abierta\/2019\/04\/05\/la-escuela-puede-mejorar-el-papel-ambiental-del-papel\/#primaryimage"},"thumbnailUrl":"https:\/\/eldiariodelaeducacion.com\/ecoescuela-abierta\/wp-content\/uploads\/sites\/17\/2019\/04\/papel-pixabay.jpg","articleSection":["Ecoescuela abierta"],"inLanguage":"es","potentialAction":[{"@type":"CommentAction","name":"Comment","target":["https:\/\/eldiariodelaeducacion.com\/ecoescuela-abierta\/2019\/04\/05\/la-escuela-puede-mejorar-el-papel-ambiental-del-papel\/#respond"]}]},{"@type":"WebPage","@id":"https:\/\/eldiariodelaeducacion.com\/ecoescuela-abierta\/2019\/04\/05\/la-escuela-puede-mejorar-el-papel-ambiental-del-papel\/","url":"https:\/\/eldiariodelaeducacion.com\/ecoescuela-abierta\/2019\/04\/05\/la-escuela-puede-mejorar-el-papel-ambiental-del-papel\/","name":"La escuela puede mejorar el papel ambiental del papel - Ecoescuela Abierta","isPartOf":{"@id":"https:\/\/eldiariodelaeducacion.com\/ecoescuela-abierta\/#website"},"primaryImageOfPage":{"@id":"https:\/\/eldiariodelaeducacion.com\/ecoescuela-abierta\/2019\/04\/05\/la-escuela-puede-mejorar-el-papel-ambiental-del-papel\/#primaryimage"},"image":{"@id":"https:\/\/eldiariodelaeducacion.com\/ecoescuela-abierta\/2019\/04\/05\/la-escuela-puede-mejorar-el-papel-ambiental-del-papel\/#primaryimage"},"thumbnailUrl":"https:\/\/eldiariodelaeducacion.com\/ecoescuela-abierta\/wp-content\/uploads\/sites\/17\/2019\/04\/papel-pixabay.jpg","datePublished":"2019-04-05T07:45:54+00:00","dateModified":"2024-08-20T14:29:09+00:00","author":{"@id":"https:\/\/eldiariodelaeducacion.com\/ecoescuela-abierta\/#\/schema\/person\/04802fc4b356ebb6d2b49d88d0cbda81"},"breadcrumb":{"@id":"https:\/\/eldiariodelaeducacion.com\/ecoescuela-abierta\/2019\/04\/05\/la-escuela-puede-mejorar-el-papel-ambiental-del-papel\/#breadcrumb"},"inLanguage":"es","potentialAction":[{"@type":"ReadAction","target":["https:\/\/eldiariodelaeducacion.com\/ecoescuela-abierta\/2019\/04\/05\/la-escuela-puede-mejorar-el-papel-ambiental-del-papel\/"]}]},{"@type":"ImageObject","inLanguage":"es","@id":"https:\/\/eldiariodelaeducacion.com\/ecoescuela-abierta\/2019\/04\/05\/la-escuela-puede-mejorar-el-papel-ambiental-del-papel\/#primaryimage","url":"https:\/\/eldiariodelaeducacion.com\/ecoescuela-abierta\/wp-content\/uploads\/sites\/17\/2019\/04\/papel-pixabay.jpg","contentUrl":"https:\/\/eldiariodelaeducacion.com\/ecoescuela-abierta\/wp-content\/uploads\/sites\/17\/2019\/04\/papel-pixabay.jpg","width":1280,"height":850,"caption":"Fotograf\u00eda: Pixabay"},{"@type":"BreadcrumbList","@id":"https:\/\/eldiariodelaeducacion.com\/ecoescuela-abierta\/2019\/04\/05\/la-escuela-puede-mejorar-el-papel-ambiental-del-papel\/#breadcrumb","itemListElement":[{"@type":"ListItem","position":1,"name":"Portada","item":"https:\/\/eldiariodelaeducacion.com\/ecoescuela-abierta\/"},{"@type":"ListItem","position":2,"name":"La escuela puede mejorar el papel ambiental del papel"}]},{"@type":"WebSite","@id":"https:\/\/eldiariodelaeducacion.com\/ecoescuela-abierta\/#website","url":"https:\/\/eldiariodelaeducacion.com\/ecoescuela-abierta\/","name":"Ecoescuela Abierta","description":"Un blog de El Diario de la Educaci\u00f3n","potentialAction":[{"@type":"SearchAction","target":{"@type":"EntryPoint","urlTemplate":"https:\/\/eldiariodelaeducacion.com\/ecoescuela-abierta\/?s={search_term_string}"},"query-input":{"@type":"PropertyValueSpecification","valueRequired":true,"valueName":"search_term_string"}}],"inLanguage":"es"},{"@type":"Person","@id":"https:\/\/eldiariodelaeducacion.com\/ecoescuela-abierta\/#\/schema\/person\/04802fc4b356ebb6d2b49d88d0cbda81","name":"Carmelo Marc\u00e9n Albero","image":{"@type":"ImageObject","inLanguage":"es","@id":"https:\/\/secure.gravatar.com\/avatar\/865a2af25fe07fb65d216fd84d395acb9d5e4afe79a03f8cb07ea1546723465e?s=96&d=mm&r=g","url":"https:\/\/secure.gravatar.com\/avatar\/865a2af25fe07fb65d216fd84d395acb9d5e4afe79a03f8cb07ea1546723465e?s=96&d=mm&r=g","contentUrl":"https:\/\/secure.gravatar.com\/avatar\/865a2af25fe07fb65d216fd84d395acb9d5e4afe79a03f8cb07ea1546723465e?s=96&d=mm&r=g","caption":"Carmelo Marc\u00e9n Albero"},"description":"Adem\u00e1s de profesor y articulista, es experto en educaci\u00f3n ambiental. Gracias a \u00e9l nos preguntaremos c\u00f3mo las escuelas pueden reflexionar y trasladar estas preocupaciones a su alumnado, a sus docentes. Su \u00faltimo libro, 'Ecorrelatos inacabados, sin fecha de caducidad acerca' con una iron\u00eda suave algunas de esas tem\u00e1ticas.","url":"https:\/\/eldiariodelaeducacion.com\/ecoescuela-abierta\/author\/carmelo-marcen-albero\/"}]}},"_links":{"self":[{"href":"https:\/\/eldiariodelaeducacion.com\/ecoescuela-abierta\/wp-json\/wp\/v2\/posts\/438","targetHints":{"allow":["GET"]}}],"collection":[{"href":"https:\/\/eldiariodelaeducacion.com\/ecoescuela-abierta\/wp-json\/wp\/v2\/posts"}],"about":[{"href":"https:\/\/eldiariodelaeducacion.com\/ecoescuela-abierta\/wp-json\/wp\/v2\/types\/post"}],"author":[{"embeddable":true,"href":"https:\/\/eldiariodelaeducacion.com\/ecoescuela-abierta\/wp-json\/wp\/v2\/users\/139"}],"replies":[{"embeddable":true,"href":"https:\/\/eldiariodelaeducacion.com\/ecoescuela-abierta\/wp-json\/wp\/v2\/comments?post=438"}],"version-history":[{"count":1,"href":"https:\/\/eldiariodelaeducacion.com\/ecoescuela-abierta\/wp-json\/wp\/v2\/posts\/438\/revisions"}],"predecessor-version":[{"id":1040,"href":"https:\/\/eldiariodelaeducacion.com\/ecoescuela-abierta\/wp-json\/wp\/v2\/posts\/438\/revisions\/1040"}],"wp:featuredmedia":[{"embeddable":true,"href":"https:\/\/eldiariodelaeducacion.com\/ecoescuela-abierta\/wp-json\/wp\/v2\/media\/441"}],"wp:attachment":[{"href":"https:\/\/eldiariodelaeducacion.com\/ecoescuela-abierta\/wp-json\/wp\/v2\/media?parent=438"}],"wp:term":[{"taxonomy":"category","embeddable":true,"href":"https:\/\/eldiariodelaeducacion.com\/ecoescuela-abierta\/wp-json\/wp\/v2\/categories?post=438"},{"taxonomy":"post_tag","embeddable":true,"href":"https:\/\/eldiariodelaeducacion.com\/ecoescuela-abierta\/wp-json\/wp\/v2\/tags?post=438"},{"taxonomy":"tipo","embeddable":true,"href":"https:\/\/eldiariodelaeducacion.com\/ecoescuela-abierta\/wp-json\/wp\/v2\/tipo?post=438"}],"curies":[{"name":"wp","href":"https:\/\/api.w.org\/{rel}","templated":true}]}}