{"id":480,"date":"2019-09-13T07:53:57","date_gmt":"2019-09-13T07:53:57","guid":{"rendered":"https:\/\/eldiariodelaeducacion.test\/ecoescuela-abierta\/\/?p=480"},"modified":"2024-08-20T16:27:17","modified_gmt":"2024-08-20T14:27:17","slug":"la-insostenible-levedad-escolar-con-los-ods","status":"publish","type":"post","link":"https:\/\/eldiariodelaeducacion.com\/ecoescuela-abierta\/2019\/09\/13\/la-insostenible-levedad-escolar-con-los-ods\/","title":{"rendered":"La insostenible levedad escolar con los ODS"},"content":{"rendered":"<p>El silencio veraniego desaparece de las aulas. Ahora las llenan personas con intereses diversos, portan con ellas tanto esperanzas como rutinas: unas antiguas mientras que otras quieren ser nuevas. El inicio de curso tiene algo, o bastante, de renovaci\u00f3n, pero una buena parte de las novedades de septiembre, en forma de ilusionantes compromisos, no siempre se consolidan. Curso tras curso las lecciones van y vienen; en ocasiones para quedarse definitivamente. Unas las traen los libros mientras que otras surgen del inter\u00e9s de los implicados en el hecho educativo: profesorado y alumnado, administraciones y familias.<\/p>\n<p>Las lecciones potencian capacidades cuando se produce una alianza entre el profesorado y el alumnado, tal que se encuentra utilidad a los aprendizajes, m\u00e1s todav\u00eda cuando estos se experimentan de alguna forma en la vida. El resto de lo ense\u00f1ado, \u00fatil o no, se olvidar\u00e1 o se guardar\u00e1 en la memoria; una buena parte desaparecer\u00e1 una vez se haya esfumado el est\u00edmulo, limitado muchas veces a complacer a quienes ense\u00f1an y as\u00ed obtener una buena nota.<\/p>\n<p>La escuela debe ser ya el escenario de lo deseable para la vida, donde se comparta experiencia y b\u00fasqueda, pero tambi\u00e9n el lugar en el que se cuestionen definitivamente bastantes abstracciones con poco recorrido, como no sea para justificar las materias curriculares. Si la escuela permanece adormecida, resignada, ante el mundo exterior, no es escuela, sino un lugar por el que se pasa; de ah\u00ed su levedad. Para vigorizarse deber\u00eda recoger m\u00e1s y mejor la trama de la vida y dejarse de contenidos curriculares poco \u00fatiles. Pero no puede hacerlo por s\u00ed sola; necesita el comprometido impulso de las autoridades educativas, junto con el incentivo y el acompa\u00f1amiento de la sociedad que la sostiene. Lo lograr\u00e1 cuando se haga visible su entidad entre la vor\u00e1gine diaria del entramado pol\u00edtico y social, tan alejado de los intereses de quienes aprenden y ense\u00f1an. Tambi\u00e9n le ir\u00eda bien asomarse a los medios de comunicaci\u00f3n, tan despreocupados de la escuela de la vida, aunque incorporen noticias de actualidad. Ambos espacios, pol\u00edtica y medios de comunicaci\u00f3n, contribuyen a sostener la levedad social frente a la escuela comprometida.<\/p>\n<p>La vida es global, se construye en interacci\u00f3n personal y colectiva con el mundo exterior. De esa relaci\u00f3n surgen los temas de inter\u00e9s, que podr\u00edan ser los del trabajo escolar. Cuando en todo el mundo gente se revuelve ante la crisis global que padece el planeta, solo cabe que la educaci\u00f3n emerja como escenario m\u00faltiple y diverso, tanto en la educaci\u00f3n informal o no formal como en las escuelas. Por desgracia, la mayor\u00eda de estas permanecen calladas o levemente alerta, ocupadas en el estricto cumplimiento de los mandatos curriculares, muy vigilados por los departamentos de Educaci\u00f3n respectivos, que ni siquiera atienden a las demandas de la imprescindible gesti\u00f3n ambiental que les formulan desde sus centros.<\/p>\n<p>En esto, como en casi todo lo que tiene inter\u00e9s educativo y social, es mejor ver el vaso medio lleno. Si bien no faltan escuelas que vierten en el suyo sostenibilidad y compromisos, habr\u00e1 que inundar m\u00e1s vasos y, adem\u00e1s, evitar que las aguas se estanquen. Por eso, el recipiente, que en este caso se llama ense\u00f1anza y aprendizaje, deber\u00e1 tener la boca ancha para permitir evaporaciones que impregnen el ambiente y acoger nuevos caudales, cargados de materias renovadoras.<\/p>\n<p>Lo deseable para el futuro debe impulsar la vida cotidiana escolar; la escuela y la vida han de estar en sinton\u00eda. Hoy son m\u00e1s valiosas escuelas ecosociales, bien sea por convicci\u00f3n ante los desaf\u00edos del futuro o, si se quiere, por necesidad.<\/p>\n<p>Resulta que los gobiernos de los estados han firmado los ODS (Objetivos de Desarrollo Sostenible) y est\u00e1n empezando a construir sus Agendas 2030. Sin embargo, no hemos o\u00eddo que consideren que el alumnado que transita por la ense\u00f1anza primaria y secundaria deba cambiar sus estilos de aprendizaje y preparar sus capacidades de cara a ese a\u00f1o 2030 en el que se har\u00e1 el primer balance de los cambios consolidados; cuando ser\u00e1n actores principales de vida. \u00a1Asombroso!, pero cierto.<\/p>\n<p>Si no se puede construir un Pacto educativo de verdad, habr\u00e1 que intentar y conseguir, al menos, una coalici\u00f3n sobre un programa educacional, entre todos los actores pol\u00edticos y educativos, que impulse permanentemente los ODS en la ense\u00f1anza obligatoria y postobligatoria, igualmente en la educaci\u00f3n no formal e informal.<\/p>\n<p>La sostenibilidad social y ecol\u00f3gica es una necesidad de hoy para ma\u00f1ana. No se puede leer lo que pasa en el mundo con los aprendizajes tradicionales; son necesarios nuevos escenarios de b\u00fasqueda de capacidades personales y colectivas. La necesaria rebeli\u00f3n educativa consiste en encontrar una utilidad manifiesta del hecho educativo a partir de la lectura cr\u00edtica de lo que pasa en el mundo cercano o lejano, que invite al compromiso y a la participaci\u00f3n, sin olvidar la rigurosa gesti\u00f3n ambiental de las instalaciones escolares. \u00a1Basta ya de complacencias marcadas en la aproximaci\u00f3n a \u201clo verde\u201d!, por m\u00e1s que estas est\u00e9n sostenidas por un buen hacer profesional.<\/p>\n<p>Todo esto es, m\u00e1s que nada, una invitaci\u00f3n a cambiar el futuro; al menos a empezar a verlo de otra manera.<\/p>\n<p>Carmelo Marc\u00e9n Albero<\/p>\n","protected":false},"excerpt":{"rendered":"<p>El silencio veraniego desaparece de las aulas. Ahora las llenan personas con intereses diversos, portan con ellas tanto esperanzas como rutinas: unas antiguas mientras que otras quieren ser nuevas. El inicio de curso tiene algo, o bastante, de renovaci\u00f3n, pero una buena parte de las novedades de septiembre, en forma de ilusionantes compromisos, no siempre<\/p>\n","protected":false},"author":139,"featured_media":481,"comment_status":"open","ping_status":"closed","sticky":false,"template":"","format":"standard","meta":{"footnotes":""},"categories":[16],"tags":[],"tipo":[],"class_list":{"0":"post-480","1":"post","2":"type-post","3":"status-publish","4":"format-standard","5":"has-post-thumbnail","7":"category-ecoescuela-abierta"},"yoast_head":"<!-- This site is optimized with the Yoast SEO plugin v27.5 - https:\/\/yoast.com\/product\/yoast-seo-wordpress\/ -->\n<title>La insostenible levedad escolar con los ODS - Ecoescuela Abierta<\/title>\n<meta name=\"robots\" content=\"index, follow, max-snippet:-1, max-image-preview:large, max-video-preview:-1\" \/>\n<link rel=\"canonical\" href=\"https:\/\/eldiariodelaeducacion.com\/ecoescuela-abierta\/2019\/09\/13\/la-insostenible-levedad-escolar-con-los-ods\/\" \/>\n<meta property=\"og:locale\" content=\"es_ES\" \/>\n<meta property=\"og:type\" content=\"article\" \/>\n<meta property=\"og:title\" content=\"La insostenible levedad escolar con los ODS - Ecoescuela Abierta\" \/>\n<meta property=\"og:description\" content=\"El silencio veraniego desaparece de las aulas. Ahora las llenan personas con intereses diversos, portan con ellas tanto esperanzas como rutinas: unas antiguas mientras que otras quieren ser nuevas. El inicio de curso tiene algo, o bastante, de renovaci\u00f3n, pero una buena parte de las novedades de septiembre, en forma de ilusionantes compromisos, no siempre\" \/>\n<meta property=\"og:url\" content=\"https:\/\/eldiariodelaeducacion.com\/ecoescuela-abierta\/2019\/09\/13\/la-insostenible-levedad-escolar-con-los-ods\/\" \/>\n<meta property=\"og:site_name\" content=\"Ecoescuela Abierta\" \/>\n<meta property=\"article:published_time\" content=\"2019-09-13T07:53:57+00:00\" \/>\n<meta property=\"article:modified_time\" content=\"2024-08-20T14:27:17+00:00\" \/>\n<meta property=\"og:image\" content=\"https:\/\/eldiariodelaeducacion.com\/ecoescuela-abierta\/wp-content\/uploads\/sites\/17\/2019\/09\/industry-611668_640.jpg\" \/>\n\t<meta property=\"og:image:width\" content=\"640\" \/>\n\t<meta property=\"og:image:height\" content=\"326\" \/>\n\t<meta property=\"og:image:type\" content=\"image\/jpeg\" \/>\n<meta name=\"author\" content=\"Carmelo Marc\u00e9n Albero\" \/>\n<meta name=\"twitter:card\" content=\"summary_large_image\" \/>\n<meta name=\"twitter:label1\" content=\"Escrito por\" \/>\n\t<meta name=\"twitter:data1\" content=\"Carmelo Marc\u00e9n Albero\" \/>\n\t<meta name=\"twitter:label2\" content=\"Tiempo de lectura\" \/>\n\t<meta name=\"twitter:data2\" content=\"5 minutos\" \/>\n<script type=\"application\/ld+json\" class=\"yoast-schema-graph\">{\"@context\":\"https:\\\/\\\/schema.org\",\"@graph\":[{\"@type\":\"Article\",\"@id\":\"https:\\\/\\\/eldiariodelaeducacion.com\\\/ecoescuela-abierta\\\/2019\\\/09\\\/13\\\/la-insostenible-levedad-escolar-con-los-ods\\\/#article\",\"isPartOf\":{\"@id\":\"https:\\\/\\\/eldiariodelaeducacion.com\\\/ecoescuela-abierta\\\/2019\\\/09\\\/13\\\/la-insostenible-levedad-escolar-con-los-ods\\\/\"},\"author\":{\"name\":\"Carmelo Marc\u00e9n Albero\",\"@id\":\"https:\\\/\\\/eldiariodelaeducacion.com\\\/ecoescuela-abierta\\\/#\\\/schema\\\/person\\\/04802fc4b356ebb6d2b49d88d0cbda81\"},\"headline\":\"La insostenible levedad escolar con los ODS\",\"datePublished\":\"2019-09-13T07:53:57+00:00\",\"dateModified\":\"2024-08-20T14:27:17+00:00\",\"mainEntityOfPage\":{\"@id\":\"https:\\\/\\\/eldiariodelaeducacion.com\\\/ecoescuela-abierta\\\/2019\\\/09\\\/13\\\/la-insostenible-levedad-escolar-con-los-ods\\\/\"},\"wordCount\":910,\"commentCount\":0,\"image\":{\"@id\":\"https:\\\/\\\/eldiariodelaeducacion.com\\\/ecoescuela-abierta\\\/2019\\\/09\\\/13\\\/la-insostenible-levedad-escolar-con-los-ods\\\/#primaryimage\"},\"thumbnailUrl\":\"https:\\\/\\\/eldiariodelaeducacion.com\\\/ecoescuela-abierta\\\/wp-content\\\/uploads\\\/sites\\\/17\\\/2019\\\/09\\\/industry-611668_640.jpg\",\"articleSection\":[\"Ecoescuela abierta\"],\"inLanguage\":\"es\",\"potentialAction\":[{\"@type\":\"CommentAction\",\"name\":\"Comment\",\"target\":[\"https:\\\/\\\/eldiariodelaeducacion.com\\\/ecoescuela-abierta\\\/2019\\\/09\\\/13\\\/la-insostenible-levedad-escolar-con-los-ods\\\/#respond\"]}]},{\"@type\":\"WebPage\",\"@id\":\"https:\\\/\\\/eldiariodelaeducacion.com\\\/ecoescuela-abierta\\\/2019\\\/09\\\/13\\\/la-insostenible-levedad-escolar-con-los-ods\\\/\",\"url\":\"https:\\\/\\\/eldiariodelaeducacion.com\\\/ecoescuela-abierta\\\/2019\\\/09\\\/13\\\/la-insostenible-levedad-escolar-con-los-ods\\\/\",\"name\":\"La insostenible levedad escolar con los ODS - Ecoescuela Abierta\",\"isPartOf\":{\"@id\":\"https:\\\/\\\/eldiariodelaeducacion.com\\\/ecoescuela-abierta\\\/#website\"},\"primaryImageOfPage\":{\"@id\":\"https:\\\/\\\/eldiariodelaeducacion.com\\\/ecoescuela-abierta\\\/2019\\\/09\\\/13\\\/la-insostenible-levedad-escolar-con-los-ods\\\/#primaryimage\"},\"image\":{\"@id\":\"https:\\\/\\\/eldiariodelaeducacion.com\\\/ecoescuela-abierta\\\/2019\\\/09\\\/13\\\/la-insostenible-levedad-escolar-con-los-ods\\\/#primaryimage\"},\"thumbnailUrl\":\"https:\\\/\\\/eldiariodelaeducacion.com\\\/ecoescuela-abierta\\\/wp-content\\\/uploads\\\/sites\\\/17\\\/2019\\\/09\\\/industry-611668_640.jpg\",\"datePublished\":\"2019-09-13T07:53:57+00:00\",\"dateModified\":\"2024-08-20T14:27:17+00:00\",\"author\":{\"@id\":\"https:\\\/\\\/eldiariodelaeducacion.com\\\/ecoescuela-abierta\\\/#\\\/schema\\\/person\\\/04802fc4b356ebb6d2b49d88d0cbda81\"},\"breadcrumb\":{\"@id\":\"https:\\\/\\\/eldiariodelaeducacion.com\\\/ecoescuela-abierta\\\/2019\\\/09\\\/13\\\/la-insostenible-levedad-escolar-con-los-ods\\\/#breadcrumb\"},\"inLanguage\":\"es\",\"potentialAction\":[{\"@type\":\"ReadAction\",\"target\":[\"https:\\\/\\\/eldiariodelaeducacion.com\\\/ecoescuela-abierta\\\/2019\\\/09\\\/13\\\/la-insostenible-levedad-escolar-con-los-ods\\\/\"]}]},{\"@type\":\"ImageObject\",\"inLanguage\":\"es\",\"@id\":\"https:\\\/\\\/eldiariodelaeducacion.com\\\/ecoescuela-abierta\\\/2019\\\/09\\\/13\\\/la-insostenible-levedad-escolar-con-los-ods\\\/#primaryimage\",\"url\":\"https:\\\/\\\/eldiariodelaeducacion.com\\\/ecoescuela-abierta\\\/wp-content\\\/uploads\\\/sites\\\/17\\\/2019\\\/09\\\/industry-611668_640.jpg\",\"contentUrl\":\"https:\\\/\\\/eldiariodelaeducacion.com\\\/ecoescuela-abierta\\\/wp-content\\\/uploads\\\/sites\\\/17\\\/2019\\\/09\\\/industry-611668_640.jpg\",\"width\":640,\"height\":326,\"caption\":\"Fotograf\u00eda: Pixabay\"},{\"@type\":\"BreadcrumbList\",\"@id\":\"https:\\\/\\\/eldiariodelaeducacion.com\\\/ecoescuela-abierta\\\/2019\\\/09\\\/13\\\/la-insostenible-levedad-escolar-con-los-ods\\\/#breadcrumb\",\"itemListElement\":[{\"@type\":\"ListItem\",\"position\":1,\"name\":\"Portada\",\"item\":\"https:\\\/\\\/eldiariodelaeducacion.com\\\/ecoescuela-abierta\\\/\"},{\"@type\":\"ListItem\",\"position\":2,\"name\":\"La insostenible levedad escolar con los ODS\"}]},{\"@type\":\"WebSite\",\"@id\":\"https:\\\/\\\/eldiariodelaeducacion.com\\\/ecoescuela-abierta\\\/#website\",\"url\":\"https:\\\/\\\/eldiariodelaeducacion.com\\\/ecoescuela-abierta\\\/\",\"name\":\"Ecoescuela Abierta\",\"description\":\"Un blog de El Diario de la Educaci\u00f3n\",\"potentialAction\":[{\"@type\":\"SearchAction\",\"target\":{\"@type\":\"EntryPoint\",\"urlTemplate\":\"https:\\\/\\\/eldiariodelaeducacion.com\\\/ecoescuela-abierta\\\/?s={search_term_string}\"},\"query-input\":{\"@type\":\"PropertyValueSpecification\",\"valueRequired\":true,\"valueName\":\"search_term_string\"}}],\"inLanguage\":\"es\"},{\"@type\":\"Person\",\"@id\":\"https:\\\/\\\/eldiariodelaeducacion.com\\\/ecoescuela-abierta\\\/#\\\/schema\\\/person\\\/04802fc4b356ebb6d2b49d88d0cbda81\",\"name\":\"Carmelo Marc\u00e9n Albero\",\"image\":{\"@type\":\"ImageObject\",\"inLanguage\":\"es\",\"@id\":\"https:\\\/\\\/secure.gravatar.com\\\/avatar\\\/865a2af25fe07fb65d216fd84d395acb9d5e4afe79a03f8cb07ea1546723465e?s=96&d=mm&r=g\",\"url\":\"https:\\\/\\\/secure.gravatar.com\\\/avatar\\\/865a2af25fe07fb65d216fd84d395acb9d5e4afe79a03f8cb07ea1546723465e?s=96&d=mm&r=g\",\"contentUrl\":\"https:\\\/\\\/secure.gravatar.com\\\/avatar\\\/865a2af25fe07fb65d216fd84d395acb9d5e4afe79a03f8cb07ea1546723465e?s=96&d=mm&r=g\",\"caption\":\"Carmelo Marc\u00e9n Albero\"},\"description\":\"Adem\u00e1s de profesor y articulista, es experto en educaci\u00f3n ambiental. Gracias a \u00e9l nos preguntaremos c\u00f3mo las escuelas pueden reflexionar y trasladar estas preocupaciones a su alumnado, a sus docentes. Su \u00faltimo libro, 'Ecorrelatos inacabados, sin fecha de caducidad acerca' con una iron\u00eda suave algunas de esas tem\u00e1ticas.\",\"url\":\"https:\\\/\\\/eldiariodelaeducacion.com\\\/ecoescuela-abierta\\\/author\\\/carmelo-marcen-albero\\\/\"}]}<\/script>\n<!-- \/ Yoast SEO plugin. -->","yoast_head_json":{"title":"La insostenible levedad escolar con los ODS - Ecoescuela Abierta","robots":{"index":"index","follow":"follow","max-snippet":"max-snippet:-1","max-image-preview":"max-image-preview:large","max-video-preview":"max-video-preview:-1"},"canonical":"https:\/\/eldiariodelaeducacion.com\/ecoescuela-abierta\/2019\/09\/13\/la-insostenible-levedad-escolar-con-los-ods\/","og_locale":"es_ES","og_type":"article","og_title":"La insostenible levedad escolar con los ODS - Ecoescuela Abierta","og_description":"El silencio veraniego desaparece de las aulas. Ahora las llenan personas con intereses diversos, portan con ellas tanto esperanzas como rutinas: unas antiguas mientras que otras quieren ser nuevas. El inicio de curso tiene algo, o bastante, de renovaci\u00f3n, pero una buena parte de las novedades de septiembre, en forma de ilusionantes compromisos, no siempre","og_url":"https:\/\/eldiariodelaeducacion.com\/ecoescuela-abierta\/2019\/09\/13\/la-insostenible-levedad-escolar-con-los-ods\/","og_site_name":"Ecoescuela Abierta","article_published_time":"2019-09-13T07:53:57+00:00","article_modified_time":"2024-08-20T14:27:17+00:00","og_image":[{"width":640,"height":326,"url":"https:\/\/eldiariodelaeducacion.com\/ecoescuela-abierta\/wp-content\/uploads\/sites\/17\/2019\/09\/industry-611668_640.jpg","type":"image\/jpeg"}],"author":"Carmelo Marc\u00e9n Albero","twitter_card":"summary_large_image","twitter_misc":{"Escrito por":"Carmelo Marc\u00e9n Albero","Tiempo de lectura":"5 minutos"},"schema":{"@context":"https:\/\/schema.org","@graph":[{"@type":"Article","@id":"https:\/\/eldiariodelaeducacion.com\/ecoescuela-abierta\/2019\/09\/13\/la-insostenible-levedad-escolar-con-los-ods\/#article","isPartOf":{"@id":"https:\/\/eldiariodelaeducacion.com\/ecoescuela-abierta\/2019\/09\/13\/la-insostenible-levedad-escolar-con-los-ods\/"},"author":{"name":"Carmelo Marc\u00e9n Albero","@id":"https:\/\/eldiariodelaeducacion.com\/ecoescuela-abierta\/#\/schema\/person\/04802fc4b356ebb6d2b49d88d0cbda81"},"headline":"La insostenible levedad escolar con los ODS","datePublished":"2019-09-13T07:53:57+00:00","dateModified":"2024-08-20T14:27:17+00:00","mainEntityOfPage":{"@id":"https:\/\/eldiariodelaeducacion.com\/ecoescuela-abierta\/2019\/09\/13\/la-insostenible-levedad-escolar-con-los-ods\/"},"wordCount":910,"commentCount":0,"image":{"@id":"https:\/\/eldiariodelaeducacion.com\/ecoescuela-abierta\/2019\/09\/13\/la-insostenible-levedad-escolar-con-los-ods\/#primaryimage"},"thumbnailUrl":"https:\/\/eldiariodelaeducacion.com\/ecoescuela-abierta\/wp-content\/uploads\/sites\/17\/2019\/09\/industry-611668_640.jpg","articleSection":["Ecoescuela abierta"],"inLanguage":"es","potentialAction":[{"@type":"CommentAction","name":"Comment","target":["https:\/\/eldiariodelaeducacion.com\/ecoescuela-abierta\/2019\/09\/13\/la-insostenible-levedad-escolar-con-los-ods\/#respond"]}]},{"@type":"WebPage","@id":"https:\/\/eldiariodelaeducacion.com\/ecoescuela-abierta\/2019\/09\/13\/la-insostenible-levedad-escolar-con-los-ods\/","url":"https:\/\/eldiariodelaeducacion.com\/ecoescuela-abierta\/2019\/09\/13\/la-insostenible-levedad-escolar-con-los-ods\/","name":"La insostenible levedad escolar con los ODS - Ecoescuela Abierta","isPartOf":{"@id":"https:\/\/eldiariodelaeducacion.com\/ecoescuela-abierta\/#website"},"primaryImageOfPage":{"@id":"https:\/\/eldiariodelaeducacion.com\/ecoescuela-abierta\/2019\/09\/13\/la-insostenible-levedad-escolar-con-los-ods\/#primaryimage"},"image":{"@id":"https:\/\/eldiariodelaeducacion.com\/ecoescuela-abierta\/2019\/09\/13\/la-insostenible-levedad-escolar-con-los-ods\/#primaryimage"},"thumbnailUrl":"https:\/\/eldiariodelaeducacion.com\/ecoescuela-abierta\/wp-content\/uploads\/sites\/17\/2019\/09\/industry-611668_640.jpg","datePublished":"2019-09-13T07:53:57+00:00","dateModified":"2024-08-20T14:27:17+00:00","author":{"@id":"https:\/\/eldiariodelaeducacion.com\/ecoescuela-abierta\/#\/schema\/person\/04802fc4b356ebb6d2b49d88d0cbda81"},"breadcrumb":{"@id":"https:\/\/eldiariodelaeducacion.com\/ecoescuela-abierta\/2019\/09\/13\/la-insostenible-levedad-escolar-con-los-ods\/#breadcrumb"},"inLanguage":"es","potentialAction":[{"@type":"ReadAction","target":["https:\/\/eldiariodelaeducacion.com\/ecoescuela-abierta\/2019\/09\/13\/la-insostenible-levedad-escolar-con-los-ods\/"]}]},{"@type":"ImageObject","inLanguage":"es","@id":"https:\/\/eldiariodelaeducacion.com\/ecoescuela-abierta\/2019\/09\/13\/la-insostenible-levedad-escolar-con-los-ods\/#primaryimage","url":"https:\/\/eldiariodelaeducacion.com\/ecoescuela-abierta\/wp-content\/uploads\/sites\/17\/2019\/09\/industry-611668_640.jpg","contentUrl":"https:\/\/eldiariodelaeducacion.com\/ecoescuela-abierta\/wp-content\/uploads\/sites\/17\/2019\/09\/industry-611668_640.jpg","width":640,"height":326,"caption":"Fotograf\u00eda: Pixabay"},{"@type":"BreadcrumbList","@id":"https:\/\/eldiariodelaeducacion.com\/ecoescuela-abierta\/2019\/09\/13\/la-insostenible-levedad-escolar-con-los-ods\/#breadcrumb","itemListElement":[{"@type":"ListItem","position":1,"name":"Portada","item":"https:\/\/eldiariodelaeducacion.com\/ecoescuela-abierta\/"},{"@type":"ListItem","position":2,"name":"La insostenible levedad escolar con los ODS"}]},{"@type":"WebSite","@id":"https:\/\/eldiariodelaeducacion.com\/ecoescuela-abierta\/#website","url":"https:\/\/eldiariodelaeducacion.com\/ecoescuela-abierta\/","name":"Ecoescuela Abierta","description":"Un blog de El Diario de la Educaci\u00f3n","potentialAction":[{"@type":"SearchAction","target":{"@type":"EntryPoint","urlTemplate":"https:\/\/eldiariodelaeducacion.com\/ecoescuela-abierta\/?s={search_term_string}"},"query-input":{"@type":"PropertyValueSpecification","valueRequired":true,"valueName":"search_term_string"}}],"inLanguage":"es"},{"@type":"Person","@id":"https:\/\/eldiariodelaeducacion.com\/ecoescuela-abierta\/#\/schema\/person\/04802fc4b356ebb6d2b49d88d0cbda81","name":"Carmelo Marc\u00e9n Albero","image":{"@type":"ImageObject","inLanguage":"es","@id":"https:\/\/secure.gravatar.com\/avatar\/865a2af25fe07fb65d216fd84d395acb9d5e4afe79a03f8cb07ea1546723465e?s=96&d=mm&r=g","url":"https:\/\/secure.gravatar.com\/avatar\/865a2af25fe07fb65d216fd84d395acb9d5e4afe79a03f8cb07ea1546723465e?s=96&d=mm&r=g","contentUrl":"https:\/\/secure.gravatar.com\/avatar\/865a2af25fe07fb65d216fd84d395acb9d5e4afe79a03f8cb07ea1546723465e?s=96&d=mm&r=g","caption":"Carmelo Marc\u00e9n Albero"},"description":"Adem\u00e1s de profesor y articulista, es experto en educaci\u00f3n ambiental. Gracias a \u00e9l nos preguntaremos c\u00f3mo las escuelas pueden reflexionar y trasladar estas preocupaciones a su alumnado, a sus docentes. Su \u00faltimo libro, 'Ecorrelatos inacabados, sin fecha de caducidad acerca' con una iron\u00eda suave algunas de esas tem\u00e1ticas.","url":"https:\/\/eldiariodelaeducacion.com\/ecoescuela-abierta\/author\/carmelo-marcen-albero\/"}]}},"_links":{"self":[{"href":"https:\/\/eldiariodelaeducacion.com\/ecoescuela-abierta\/wp-json\/wp\/v2\/posts\/480","targetHints":{"allow":["GET"]}}],"collection":[{"href":"https:\/\/eldiariodelaeducacion.com\/ecoescuela-abierta\/wp-json\/wp\/v2\/posts"}],"about":[{"href":"https:\/\/eldiariodelaeducacion.com\/ecoescuela-abierta\/wp-json\/wp\/v2\/types\/post"}],"author":[{"embeddable":true,"href":"https:\/\/eldiariodelaeducacion.com\/ecoescuela-abierta\/wp-json\/wp\/v2\/users\/139"}],"replies":[{"embeddable":true,"href":"https:\/\/eldiariodelaeducacion.com\/ecoescuela-abierta\/wp-json\/wp\/v2\/comments?post=480"}],"version-history":[{"count":1,"href":"https:\/\/eldiariodelaeducacion.com\/ecoescuela-abierta\/wp-json\/wp\/v2\/posts\/480\/revisions"}],"predecessor-version":[{"id":1047,"href":"https:\/\/eldiariodelaeducacion.com\/ecoescuela-abierta\/wp-json\/wp\/v2\/posts\/480\/revisions\/1047"}],"wp:featuredmedia":[{"embeddable":true,"href":"https:\/\/eldiariodelaeducacion.com\/ecoescuela-abierta\/wp-json\/wp\/v2\/media\/481"}],"wp:attachment":[{"href":"https:\/\/eldiariodelaeducacion.com\/ecoescuela-abierta\/wp-json\/wp\/v2\/media?parent=480"}],"wp:term":[{"taxonomy":"category","embeddable":true,"href":"https:\/\/eldiariodelaeducacion.com\/ecoescuela-abierta\/wp-json\/wp\/v2\/categories?post=480"},{"taxonomy":"post_tag","embeddable":true,"href":"https:\/\/eldiariodelaeducacion.com\/ecoescuela-abierta\/wp-json\/wp\/v2\/tags?post=480"},{"taxonomy":"tipo","embeddable":true,"href":"https:\/\/eldiariodelaeducacion.com\/ecoescuela-abierta\/wp-json\/wp\/v2\/tipo?post=480"}],"curies":[{"name":"wp","href":"https:\/\/api.w.org\/{rel}","templated":true}]}}