{"id":489,"date":"2019-09-20T08:39:50","date_gmt":"2019-09-20T08:39:50","guid":{"rendered":"https:\/\/eldiariodelaeducacion.test\/ecoescuela-abierta\/\/?p=489"},"modified":"2024-08-20T16:27:17","modified_gmt":"2024-08-20T14:27:17","slug":"una-especial-huelga-sobre-el-clima-en-la-escuela","status":"publish","type":"post","link":"https:\/\/eldiariodelaeducacion.com\/ecoescuela-abierta\/2019\/09\/20\/una-especial-huelga-sobre-el-clima-en-la-escuela\/","title":{"rendered":"Una especial \u201chuelga\u201d sobre el clima en la escuela"},"content":{"rendered":"<p>Entre los d\u00edas 20 y 27 de septiembre, cuando se re\u00fanen en Nueva York los mandamases del mundo, hay planteada una rebeli\u00f3n contra el cambio clim\u00e1tico que se quiere hacer visible con una huelga\/acci\u00f3n por el clima a escala mundial. No es sencillo manejar una estrategia de este tipo en la escuela, confluyen muchas variables. No se trata de hacer un paro generalizado en las aulas, o de que los m\u00e1s mayores decidan si asisten a clase o no; pero s\u00ed que se pueden tratar los motivos que la han podido provocar. Para ello hay que encontrar momentos para reflexionar sobre el asunto, para posicionarse y emprender actuaciones propias o ante los dem\u00e1s.<\/p>\n<p>Para empezar una acci\u00f3n conducente a la formaci\u00f3n del pensamiento cr\u00edtico, ser\u00e1 necesario reconocer si en clase, claro est\u00e1 que en relaci\u00f3n con las capacidades del alumnado, hay conocimiento\/malestar por los desaf\u00edos de la crisis clim\u00e1tica. De poco sirven los grandes postulados si no hay una aproximaci\u00f3n a su entramado en aspectos tan sencillos como los que componen la vida cotidiana. En segundo lugar, hay que enterarse y debatir sobre causas y consecuencias de lo que se ha dado en llamar crisis\/emergencia clim\u00e1tica global; el alumnado tiene noticias del asunto y quiz\u00e1s ha visto de cerca alguna consecuencias. Es posible que no llegue a comprender del todo dicha crisis. La simple enumeraci\u00f3n no es suficiente; es necesario encontrar entre toda la clase, mejor si se ocupa de ello el centro al completo, las causas del desaguisado clim\u00e1tico que nos amenaza y, de alguna forma, ordenarlas en importancia e intensidad, proximidad y afecci\u00f3n a m\u00e1s o menos gente.<\/p>\n<p>Seguro que tras esas reflexiones\/indagaciones se generar\u00e1n momentos de asombro, acaso incredulidades y, por qu\u00e9 no decirlo, ganas de actuar. Por eso, en tercer lugar, deben identificarse cu\u00e1les son los destinatarios de la queja, porque si se protesta por algo se debe hacer ante alguien.<\/p>\n<p>Puede que sea conveniente conocer al detalle iniciativas como \u201cFridays for Future\u201d (Viernes para un futuro) que tuvo visibilidad en la huelga de los viernes que hac\u00edan chicas y chicos, tambi\u00e9n en nuestros institutos y en alguna universidad, para denunciar el silencio c\u00f3mplice de los pol\u00edticos y gobiernos frente a la crisis clim\u00e1tica. A lo que parece, estos estudiantes s ten\u00edan claro qui\u00e9nes eran los destinatarios de sus demandas y protestas; al menos lo expresaban con claridad en sus llamadas a los pol\u00edticos y grupos empresariales.<\/p>\n<p>Habr\u00eda que preguntarse en clase qu\u00e9 hace ponerse de acuerdo a tanta gente para hablar de cosas parecidas al mismo tiempo. Sepa el alumnado que la fecha elegida para la huelga, 27 de septiembre de 2019, coincide con la Cumbre de Acci\u00f3n Clim\u00e1tica impulsada por la ONU que estos d\u00edas tiene lugar en Nueva York. All\u00ed est\u00e1n muchos de los que mandan en este mundo (pol\u00edticos, empresas, organismos internacionales, etc.) y que son responsables de una buena parte de los desaf\u00edos que tiene delante la gente. Pero ojo, hay que tener presente siempre que una protesta simple no resuelve un tema tan complejo como la crisis clim\u00e1tica.<\/p>\n<p>La huelga, que ha sido respaldada por muchas organizaciones (m\u00e1s de 300 en Espa\u00f1a), est\u00e1 impulsada por los j\u00f3venes; son quienes m\u00e1s tienen que perder. Quienes ahora est\u00e1n en nuestras aulas, desde educaci\u00f3n primaria hasta la universidad, se van a ver afectados en mayor o menor medida. Con seguridad, buena parte conocen \u201cYouth for Climate\u201d, tambi\u00e9n la figura de Greta Thumberg. Por eso, han de decidir si quieren mostrar fuera del centro educativo su disconformidad con el devenir de los acontecimientos clim\u00e1ticos. Cuando hayan pasado unos a\u00f1os podr\u00e1n reconocer si la iniciativa, y su figura m\u00e1s visible y medi\u00e1tica, ha modificado la historia de la participaci\u00f3n social y, ojal\u00e1, comprobar\u00e1n el cambio de rumbo que en esos a\u00f1os fren\u00f3 la grave crisis clim\u00e1tica. \u00bfQui\u00e9n sabe si alguien de nuestras clases no quiera emular a las chicas y chicos que alzan la voz ahora y llegue a ser una activista de referencia en Espa\u00f1a? Unamos las voces de nuestros alumnos a las de los j\u00f3venes de todo el mundo que desde hace unos a\u00f1os cantan su futuro, cual partisanos, en \u201c<a href=\"https:\/\/singfortheclimate.com\/\">Sing for the climate<\/a>\u201d, tambi\u00e9n en espa\u00f1ol:<\/p>\n<p><iframe title=\"Sing for the climate. Do it now. Subt\u00edtulos castellano\" width=\"788\" height=\"443\" src=\"https:\/\/www.youtube.com\/embed\/QzfnnjV5ZZ8?feature=oembed\" frameborder=\"0\" allow=\"accelerometer; autoplay; clipboard-write; encrypted-media; gyroscope; picture-in-picture; web-share\" referrerpolicy=\"strict-origin-when-cross-origin\" allowfullscreen><\/iframe><\/p>\n<p>En fin, parece claro que quienes m\u00e1s culpa tienen en la generaci\u00f3n del cambio clim\u00e1tico son los entramados pol\u00edticos y empresariales que dominan el mundo, pero no solo ellos. Convendr\u00eda que quienes en la comunidad educativa se posicionen contra la irresponsabilidad de los otros, ya sean centros escolares o no, lo hagan con madurez cr\u00edtica, acompa\u00f1ada de actos de reducci\u00f3n personal de sus impulsores clim\u00e1ticos. Da m\u00e1s fundamento a cualquier acci\u00f3n reivindicativa. Pueden enterarse de lo que ha programado para estos d\u00edas la <a href=\"https:\/\/www.ecologistasenaccion.org\/126848\/huelga-mundial-por-el-clima\/\">Alianza por la Emergencia Clim\u00e1tica<\/a>.<\/p>\n<p>No est\u00e1 de m\u00e1s recordar que el Objetivo n\u00fam. 13 urge a adoptar medidas para frenar el cambio clim\u00e1tico. Por desgracia, por ahora, est\u00e1 rodeado de la maldici\u00f3n del aluvi\u00f3n de declaraciones, poco m\u00e1s; a pesar de fundamentar sus urgencias en evidencias y en investigaciones cient\u00edficas. Pero la dejadez mundial acalla a quienes se manifiestan contra una situaci\u00f3n cr\u00edtica.<\/p>\n<p>\u201cVerdad, compromiso y acci\u00f3n\u201d, dice el manifiesto que anima a la huelga. En la escuela, la huelga se hace al menos <a href=\"https:\/\/www.youtube.com\/watch?v=dxVcUsUa5Ns\">trabajando un poco cada d\u00eda por el clima<\/a>. La educaci\u00f3n deber\u00eda ser una estrategia de construcci\u00f3n social y de reparaci\u00f3n ambiental. \u00a1Qu\u00e9 mejor manera de readaptar sus curr\u00edculos!<\/p>\n<p>Carmelo Marc\u00e9n Albero<\/p>\n","protected":false},"excerpt":{"rendered":"<p>Entre los d\u00edas 20 y 27 de septiembre, cuando se re\u00fanen en Nueva York los mandamases del mundo, hay planteada una rebeli\u00f3n contra el cambio clim\u00e1tico que se quiere hacer visible con una huelga\/acci\u00f3n por el clima a escala mundial. No es sencillo manejar una estrategia de este tipo en la escuela, confluyen muchas variables.<\/p>\n","protected":false},"author":139,"featured_media":491,"comment_status":"open","ping_status":"closed","sticky":false,"template":"","format":"standard","meta":{"footnotes":""},"categories":[16],"tags":[],"tipo":[],"class_list":{"0":"post-489","1":"post","2":"type-post","3":"status-publish","4":"format-standard","5":"has-post-thumbnail","7":"category-ecoescuela-abierta"},"yoast_head":"<!-- This site is optimized with the Yoast SEO plugin v27.5 - https:\/\/yoast.com\/product\/yoast-seo-wordpress\/ -->\n<title>Una especial \u201chuelga\u201d sobre el clima en la escuela - Ecoescuela Abierta<\/title>\n<meta name=\"robots\" content=\"index, follow, max-snippet:-1, max-image-preview:large, max-video-preview:-1\" \/>\n<link rel=\"canonical\" href=\"https:\/\/eldiariodelaeducacion.com\/ecoescuela-abierta\/2019\/09\/20\/una-especial-huelga-sobre-el-clima-en-la-escuela\/\" \/>\n<meta property=\"og:locale\" content=\"es_ES\" \/>\n<meta property=\"og:type\" content=\"article\" \/>\n<meta property=\"og:title\" content=\"Una especial \u201chuelga\u201d sobre el clima en la escuela - Ecoescuela Abierta\" \/>\n<meta property=\"og:description\" content=\"Entre los d\u00edas 20 y 27 de septiembre, cuando se re\u00fanen en Nueva York los mandamases del mundo, hay planteada una rebeli\u00f3n contra el cambio clim\u00e1tico que se quiere hacer visible con una huelga\/acci\u00f3n por el clima a escala mundial. No es sencillo manejar una estrategia de este tipo en la escuela, confluyen muchas variables.\" \/>\n<meta property=\"og:url\" content=\"https:\/\/eldiariodelaeducacion.com\/ecoescuela-abierta\/2019\/09\/20\/una-especial-huelga-sobre-el-clima-en-la-escuela\/\" \/>\n<meta property=\"og:site_name\" content=\"Ecoescuela Abierta\" \/>\n<meta property=\"article:published_time\" content=\"2019-09-20T08:39:50+00:00\" \/>\n<meta property=\"article:modified_time\" content=\"2024-08-20T14:27:17+00:00\" \/>\n<meta property=\"og:image\" content=\"https:\/\/eldiariodelaeducacion.com\/ecoescuela-abierta\/wp-content\/uploads\/sites\/17\/2019\/09\/huelga-clima_EDIIMA20190916_0039_5.jpg\" \/>\n\t<meta property=\"og:image:width\" content=\"643\" \/>\n\t<meta property=\"og:image:height\" content=\"337\" \/>\n\t<meta property=\"og:image:type\" content=\"image\/jpeg\" \/>\n<meta name=\"author\" content=\"Carmelo Marc\u00e9n Albero\" \/>\n<meta name=\"twitter:card\" content=\"summary_large_image\" \/>\n<meta name=\"twitter:label1\" content=\"Escrito por\" \/>\n\t<meta name=\"twitter:data1\" content=\"Carmelo Marc\u00e9n Albero\" \/>\n\t<meta name=\"twitter:label2\" content=\"Tiempo de lectura\" \/>\n\t<meta name=\"twitter:data2\" content=\"5 minutos\" \/>\n<script type=\"application\/ld+json\" class=\"yoast-schema-graph\">{\"@context\":\"https:\\\/\\\/schema.org\",\"@graph\":[{\"@type\":\"Article\",\"@id\":\"https:\\\/\\\/eldiariodelaeducacion.com\\\/ecoescuela-abierta\\\/2019\\\/09\\\/20\\\/una-especial-huelga-sobre-el-clima-en-la-escuela\\\/#article\",\"isPartOf\":{\"@id\":\"https:\\\/\\\/eldiariodelaeducacion.com\\\/ecoescuela-abierta\\\/2019\\\/09\\\/20\\\/una-especial-huelga-sobre-el-clima-en-la-escuela\\\/\"},\"author\":{\"name\":\"Carmelo Marc\u00e9n Albero\",\"@id\":\"https:\\\/\\\/eldiariodelaeducacion.com\\\/ecoescuela-abierta\\\/#\\\/schema\\\/person\\\/04802fc4b356ebb6d2b49d88d0cbda81\"},\"headline\":\"Una especial \u201chuelga\u201d sobre el clima en la escuela\",\"datePublished\":\"2019-09-20T08:39:50+00:00\",\"dateModified\":\"2024-08-20T14:27:17+00:00\",\"mainEntityOfPage\":{\"@id\":\"https:\\\/\\\/eldiariodelaeducacion.com\\\/ecoescuela-abierta\\\/2019\\\/09\\\/20\\\/una-especial-huelga-sobre-el-clima-en-la-escuela\\\/\"},\"wordCount\":998,\"commentCount\":0,\"image\":{\"@id\":\"https:\\\/\\\/eldiariodelaeducacion.com\\\/ecoescuela-abierta\\\/2019\\\/09\\\/20\\\/una-especial-huelga-sobre-el-clima-en-la-escuela\\\/#primaryimage\"},\"thumbnailUrl\":\"https:\\\/\\\/eldiariodelaeducacion.com\\\/ecoescuela-abierta\\\/wp-content\\\/uploads\\\/sites\\\/17\\\/2019\\\/09\\\/huelga-clima_EDIIMA20190916_0039_5.jpg\",\"articleSection\":[\"Ecoescuela abierta\"],\"inLanguage\":\"es\",\"potentialAction\":[{\"@type\":\"CommentAction\",\"name\":\"Comment\",\"target\":[\"https:\\\/\\\/eldiariodelaeducacion.com\\\/ecoescuela-abierta\\\/2019\\\/09\\\/20\\\/una-especial-huelga-sobre-el-clima-en-la-escuela\\\/#respond\"]}]},{\"@type\":\"WebPage\",\"@id\":\"https:\\\/\\\/eldiariodelaeducacion.com\\\/ecoescuela-abierta\\\/2019\\\/09\\\/20\\\/una-especial-huelga-sobre-el-clima-en-la-escuela\\\/\",\"url\":\"https:\\\/\\\/eldiariodelaeducacion.com\\\/ecoescuela-abierta\\\/2019\\\/09\\\/20\\\/una-especial-huelga-sobre-el-clima-en-la-escuela\\\/\",\"name\":\"Una especial \u201chuelga\u201d sobre el clima en la escuela - Ecoescuela Abierta\",\"isPartOf\":{\"@id\":\"https:\\\/\\\/eldiariodelaeducacion.com\\\/ecoescuela-abierta\\\/#website\"},\"primaryImageOfPage\":{\"@id\":\"https:\\\/\\\/eldiariodelaeducacion.com\\\/ecoescuela-abierta\\\/2019\\\/09\\\/20\\\/una-especial-huelga-sobre-el-clima-en-la-escuela\\\/#primaryimage\"},\"image\":{\"@id\":\"https:\\\/\\\/eldiariodelaeducacion.com\\\/ecoescuela-abierta\\\/2019\\\/09\\\/20\\\/una-especial-huelga-sobre-el-clima-en-la-escuela\\\/#primaryimage\"},\"thumbnailUrl\":\"https:\\\/\\\/eldiariodelaeducacion.com\\\/ecoescuela-abierta\\\/wp-content\\\/uploads\\\/sites\\\/17\\\/2019\\\/09\\\/huelga-clima_EDIIMA20190916_0039_5.jpg\",\"datePublished\":\"2019-09-20T08:39:50+00:00\",\"dateModified\":\"2024-08-20T14:27:17+00:00\",\"author\":{\"@id\":\"https:\\\/\\\/eldiariodelaeducacion.com\\\/ecoescuela-abierta\\\/#\\\/schema\\\/person\\\/04802fc4b356ebb6d2b49d88d0cbda81\"},\"breadcrumb\":{\"@id\":\"https:\\\/\\\/eldiariodelaeducacion.com\\\/ecoescuela-abierta\\\/2019\\\/09\\\/20\\\/una-especial-huelga-sobre-el-clima-en-la-escuela\\\/#breadcrumb\"},\"inLanguage\":\"es\",\"potentialAction\":[{\"@type\":\"ReadAction\",\"target\":[\"https:\\\/\\\/eldiariodelaeducacion.com\\\/ecoescuela-abierta\\\/2019\\\/09\\\/20\\\/una-especial-huelga-sobre-el-clima-en-la-escuela\\\/\"]}]},{\"@type\":\"ImageObject\",\"inLanguage\":\"es\",\"@id\":\"https:\\\/\\\/eldiariodelaeducacion.com\\\/ecoescuela-abierta\\\/2019\\\/09\\\/20\\\/una-especial-huelga-sobre-el-clima-en-la-escuela\\\/#primaryimage\",\"url\":\"https:\\\/\\\/eldiariodelaeducacion.com\\\/ecoescuela-abierta\\\/wp-content\\\/uploads\\\/sites\\\/17\\\/2019\\\/09\\\/huelga-clima_EDIIMA20190916_0039_5.jpg\",\"contentUrl\":\"https:\\\/\\\/eldiariodelaeducacion.com\\\/ecoescuela-abierta\\\/wp-content\\\/uploads\\\/sites\\\/17\\\/2019\\\/09\\\/huelga-clima_EDIIMA20190916_0039_5.jpg\",\"width\":643,\"height\":337},{\"@type\":\"BreadcrumbList\",\"@id\":\"https:\\\/\\\/eldiariodelaeducacion.com\\\/ecoescuela-abierta\\\/2019\\\/09\\\/20\\\/una-especial-huelga-sobre-el-clima-en-la-escuela\\\/#breadcrumb\",\"itemListElement\":[{\"@type\":\"ListItem\",\"position\":1,\"name\":\"Portada\",\"item\":\"https:\\\/\\\/eldiariodelaeducacion.com\\\/ecoescuela-abierta\\\/\"},{\"@type\":\"ListItem\",\"position\":2,\"name\":\"Una especial \u201chuelga\u201d sobre el clima en la escuela\"}]},{\"@type\":\"WebSite\",\"@id\":\"https:\\\/\\\/eldiariodelaeducacion.com\\\/ecoescuela-abierta\\\/#website\",\"url\":\"https:\\\/\\\/eldiariodelaeducacion.com\\\/ecoescuela-abierta\\\/\",\"name\":\"Ecoescuela Abierta\",\"description\":\"Un blog de El Diario de la Educaci\u00f3n\",\"potentialAction\":[{\"@type\":\"SearchAction\",\"target\":{\"@type\":\"EntryPoint\",\"urlTemplate\":\"https:\\\/\\\/eldiariodelaeducacion.com\\\/ecoescuela-abierta\\\/?s={search_term_string}\"},\"query-input\":{\"@type\":\"PropertyValueSpecification\",\"valueRequired\":true,\"valueName\":\"search_term_string\"}}],\"inLanguage\":\"es\"},{\"@type\":\"Person\",\"@id\":\"https:\\\/\\\/eldiariodelaeducacion.com\\\/ecoescuela-abierta\\\/#\\\/schema\\\/person\\\/04802fc4b356ebb6d2b49d88d0cbda81\",\"name\":\"Carmelo Marc\u00e9n Albero\",\"image\":{\"@type\":\"ImageObject\",\"inLanguage\":\"es\",\"@id\":\"https:\\\/\\\/secure.gravatar.com\\\/avatar\\\/865a2af25fe07fb65d216fd84d395acb9d5e4afe79a03f8cb07ea1546723465e?s=96&d=mm&r=g\",\"url\":\"https:\\\/\\\/secure.gravatar.com\\\/avatar\\\/865a2af25fe07fb65d216fd84d395acb9d5e4afe79a03f8cb07ea1546723465e?s=96&d=mm&r=g\",\"contentUrl\":\"https:\\\/\\\/secure.gravatar.com\\\/avatar\\\/865a2af25fe07fb65d216fd84d395acb9d5e4afe79a03f8cb07ea1546723465e?s=96&d=mm&r=g\",\"caption\":\"Carmelo Marc\u00e9n Albero\"},\"description\":\"Adem\u00e1s de profesor y articulista, es experto en educaci\u00f3n ambiental. Gracias a \u00e9l nos preguntaremos c\u00f3mo las escuelas pueden reflexionar y trasladar estas preocupaciones a su alumnado, a sus docentes. Su \u00faltimo libro, 'Ecorrelatos inacabados, sin fecha de caducidad acerca' con una iron\u00eda suave algunas de esas tem\u00e1ticas.\",\"url\":\"https:\\\/\\\/eldiariodelaeducacion.com\\\/ecoescuela-abierta\\\/author\\\/carmelo-marcen-albero\\\/\"}]}<\/script>\n<!-- \/ Yoast SEO plugin. -->","yoast_head_json":{"title":"Una especial \u201chuelga\u201d sobre el clima en la escuela - Ecoescuela Abierta","robots":{"index":"index","follow":"follow","max-snippet":"max-snippet:-1","max-image-preview":"max-image-preview:large","max-video-preview":"max-video-preview:-1"},"canonical":"https:\/\/eldiariodelaeducacion.com\/ecoescuela-abierta\/2019\/09\/20\/una-especial-huelga-sobre-el-clima-en-la-escuela\/","og_locale":"es_ES","og_type":"article","og_title":"Una especial \u201chuelga\u201d sobre el clima en la escuela - Ecoescuela Abierta","og_description":"Entre los d\u00edas 20 y 27 de septiembre, cuando se re\u00fanen en Nueva York los mandamases del mundo, hay planteada una rebeli\u00f3n contra el cambio clim\u00e1tico que se quiere hacer visible con una huelga\/acci\u00f3n por el clima a escala mundial. No es sencillo manejar una estrategia de este tipo en la escuela, confluyen muchas variables.","og_url":"https:\/\/eldiariodelaeducacion.com\/ecoescuela-abierta\/2019\/09\/20\/una-especial-huelga-sobre-el-clima-en-la-escuela\/","og_site_name":"Ecoescuela Abierta","article_published_time":"2019-09-20T08:39:50+00:00","article_modified_time":"2024-08-20T14:27:17+00:00","og_image":[{"width":643,"height":337,"url":"https:\/\/eldiariodelaeducacion.com\/ecoescuela-abierta\/wp-content\/uploads\/sites\/17\/2019\/09\/huelga-clima_EDIIMA20190916_0039_5.jpg","type":"image\/jpeg"}],"author":"Carmelo Marc\u00e9n Albero","twitter_card":"summary_large_image","twitter_misc":{"Escrito por":"Carmelo Marc\u00e9n Albero","Tiempo de lectura":"5 minutos"},"schema":{"@context":"https:\/\/schema.org","@graph":[{"@type":"Article","@id":"https:\/\/eldiariodelaeducacion.com\/ecoescuela-abierta\/2019\/09\/20\/una-especial-huelga-sobre-el-clima-en-la-escuela\/#article","isPartOf":{"@id":"https:\/\/eldiariodelaeducacion.com\/ecoescuela-abierta\/2019\/09\/20\/una-especial-huelga-sobre-el-clima-en-la-escuela\/"},"author":{"name":"Carmelo Marc\u00e9n Albero","@id":"https:\/\/eldiariodelaeducacion.com\/ecoescuela-abierta\/#\/schema\/person\/04802fc4b356ebb6d2b49d88d0cbda81"},"headline":"Una especial \u201chuelga\u201d sobre el clima en la escuela","datePublished":"2019-09-20T08:39:50+00:00","dateModified":"2024-08-20T14:27:17+00:00","mainEntityOfPage":{"@id":"https:\/\/eldiariodelaeducacion.com\/ecoescuela-abierta\/2019\/09\/20\/una-especial-huelga-sobre-el-clima-en-la-escuela\/"},"wordCount":998,"commentCount":0,"image":{"@id":"https:\/\/eldiariodelaeducacion.com\/ecoescuela-abierta\/2019\/09\/20\/una-especial-huelga-sobre-el-clima-en-la-escuela\/#primaryimage"},"thumbnailUrl":"https:\/\/eldiariodelaeducacion.com\/ecoescuela-abierta\/wp-content\/uploads\/sites\/17\/2019\/09\/huelga-clima_EDIIMA20190916_0039_5.jpg","articleSection":["Ecoescuela abierta"],"inLanguage":"es","potentialAction":[{"@type":"CommentAction","name":"Comment","target":["https:\/\/eldiariodelaeducacion.com\/ecoescuela-abierta\/2019\/09\/20\/una-especial-huelga-sobre-el-clima-en-la-escuela\/#respond"]}]},{"@type":"WebPage","@id":"https:\/\/eldiariodelaeducacion.com\/ecoescuela-abierta\/2019\/09\/20\/una-especial-huelga-sobre-el-clima-en-la-escuela\/","url":"https:\/\/eldiariodelaeducacion.com\/ecoescuela-abierta\/2019\/09\/20\/una-especial-huelga-sobre-el-clima-en-la-escuela\/","name":"Una especial \u201chuelga\u201d sobre el clima en la escuela - Ecoescuela Abierta","isPartOf":{"@id":"https:\/\/eldiariodelaeducacion.com\/ecoescuela-abierta\/#website"},"primaryImageOfPage":{"@id":"https:\/\/eldiariodelaeducacion.com\/ecoescuela-abierta\/2019\/09\/20\/una-especial-huelga-sobre-el-clima-en-la-escuela\/#primaryimage"},"image":{"@id":"https:\/\/eldiariodelaeducacion.com\/ecoescuela-abierta\/2019\/09\/20\/una-especial-huelga-sobre-el-clima-en-la-escuela\/#primaryimage"},"thumbnailUrl":"https:\/\/eldiariodelaeducacion.com\/ecoescuela-abierta\/wp-content\/uploads\/sites\/17\/2019\/09\/huelga-clima_EDIIMA20190916_0039_5.jpg","datePublished":"2019-09-20T08:39:50+00:00","dateModified":"2024-08-20T14:27:17+00:00","author":{"@id":"https:\/\/eldiariodelaeducacion.com\/ecoescuela-abierta\/#\/schema\/person\/04802fc4b356ebb6d2b49d88d0cbda81"},"breadcrumb":{"@id":"https:\/\/eldiariodelaeducacion.com\/ecoescuela-abierta\/2019\/09\/20\/una-especial-huelga-sobre-el-clima-en-la-escuela\/#breadcrumb"},"inLanguage":"es","potentialAction":[{"@type":"ReadAction","target":["https:\/\/eldiariodelaeducacion.com\/ecoescuela-abierta\/2019\/09\/20\/una-especial-huelga-sobre-el-clima-en-la-escuela\/"]}]},{"@type":"ImageObject","inLanguage":"es","@id":"https:\/\/eldiariodelaeducacion.com\/ecoescuela-abierta\/2019\/09\/20\/una-especial-huelga-sobre-el-clima-en-la-escuela\/#primaryimage","url":"https:\/\/eldiariodelaeducacion.com\/ecoescuela-abierta\/wp-content\/uploads\/sites\/17\/2019\/09\/huelga-clima_EDIIMA20190916_0039_5.jpg","contentUrl":"https:\/\/eldiariodelaeducacion.com\/ecoescuela-abierta\/wp-content\/uploads\/sites\/17\/2019\/09\/huelga-clima_EDIIMA20190916_0039_5.jpg","width":643,"height":337},{"@type":"BreadcrumbList","@id":"https:\/\/eldiariodelaeducacion.com\/ecoescuela-abierta\/2019\/09\/20\/una-especial-huelga-sobre-el-clima-en-la-escuela\/#breadcrumb","itemListElement":[{"@type":"ListItem","position":1,"name":"Portada","item":"https:\/\/eldiariodelaeducacion.com\/ecoescuela-abierta\/"},{"@type":"ListItem","position":2,"name":"Una especial \u201chuelga\u201d sobre el clima en la escuela"}]},{"@type":"WebSite","@id":"https:\/\/eldiariodelaeducacion.com\/ecoescuela-abierta\/#website","url":"https:\/\/eldiariodelaeducacion.com\/ecoescuela-abierta\/","name":"Ecoescuela Abierta","description":"Un blog de El Diario de la Educaci\u00f3n","potentialAction":[{"@type":"SearchAction","target":{"@type":"EntryPoint","urlTemplate":"https:\/\/eldiariodelaeducacion.com\/ecoescuela-abierta\/?s={search_term_string}"},"query-input":{"@type":"PropertyValueSpecification","valueRequired":true,"valueName":"search_term_string"}}],"inLanguage":"es"},{"@type":"Person","@id":"https:\/\/eldiariodelaeducacion.com\/ecoescuela-abierta\/#\/schema\/person\/04802fc4b356ebb6d2b49d88d0cbda81","name":"Carmelo Marc\u00e9n Albero","image":{"@type":"ImageObject","inLanguage":"es","@id":"https:\/\/secure.gravatar.com\/avatar\/865a2af25fe07fb65d216fd84d395acb9d5e4afe79a03f8cb07ea1546723465e?s=96&d=mm&r=g","url":"https:\/\/secure.gravatar.com\/avatar\/865a2af25fe07fb65d216fd84d395acb9d5e4afe79a03f8cb07ea1546723465e?s=96&d=mm&r=g","contentUrl":"https:\/\/secure.gravatar.com\/avatar\/865a2af25fe07fb65d216fd84d395acb9d5e4afe79a03f8cb07ea1546723465e?s=96&d=mm&r=g","caption":"Carmelo Marc\u00e9n Albero"},"description":"Adem\u00e1s de profesor y articulista, es experto en educaci\u00f3n ambiental. Gracias a \u00e9l nos preguntaremos c\u00f3mo las escuelas pueden reflexionar y trasladar estas preocupaciones a su alumnado, a sus docentes. Su \u00faltimo libro, 'Ecorrelatos inacabados, sin fecha de caducidad acerca' con una iron\u00eda suave algunas de esas tem\u00e1ticas.","url":"https:\/\/eldiariodelaeducacion.com\/ecoescuela-abierta\/author\/carmelo-marcen-albero\/"}]}},"_links":{"self":[{"href":"https:\/\/eldiariodelaeducacion.com\/ecoescuela-abierta\/wp-json\/wp\/v2\/posts\/489","targetHints":{"allow":["GET"]}}],"collection":[{"href":"https:\/\/eldiariodelaeducacion.com\/ecoescuela-abierta\/wp-json\/wp\/v2\/posts"}],"about":[{"href":"https:\/\/eldiariodelaeducacion.com\/ecoescuela-abierta\/wp-json\/wp\/v2\/types\/post"}],"author":[{"embeddable":true,"href":"https:\/\/eldiariodelaeducacion.com\/ecoescuela-abierta\/wp-json\/wp\/v2\/users\/139"}],"replies":[{"embeddable":true,"href":"https:\/\/eldiariodelaeducacion.com\/ecoescuela-abierta\/wp-json\/wp\/v2\/comments?post=489"}],"version-history":[{"count":1,"href":"https:\/\/eldiariodelaeducacion.com\/ecoescuela-abierta\/wp-json\/wp\/v2\/posts\/489\/revisions"}],"predecessor-version":[{"id":1048,"href":"https:\/\/eldiariodelaeducacion.com\/ecoescuela-abierta\/wp-json\/wp\/v2\/posts\/489\/revisions\/1048"}],"wp:featuredmedia":[{"embeddable":true,"href":"https:\/\/eldiariodelaeducacion.com\/ecoescuela-abierta\/wp-json\/wp\/v2\/media\/491"}],"wp:attachment":[{"href":"https:\/\/eldiariodelaeducacion.com\/ecoescuela-abierta\/wp-json\/wp\/v2\/media?parent=489"}],"wp:term":[{"taxonomy":"category","embeddable":true,"href":"https:\/\/eldiariodelaeducacion.com\/ecoescuela-abierta\/wp-json\/wp\/v2\/categories?post=489"},{"taxonomy":"post_tag","embeddable":true,"href":"https:\/\/eldiariodelaeducacion.com\/ecoescuela-abierta\/wp-json\/wp\/v2\/tags?post=489"},{"taxonomy":"tipo","embeddable":true,"href":"https:\/\/eldiariodelaeducacion.com\/ecoescuela-abierta\/wp-json\/wp\/v2\/tipo?post=489"}],"curies":[{"name":"wp","href":"https:\/\/api.w.org\/{rel}","templated":true}]}}