{"id":500,"date":"2019-10-04T08:30:53","date_gmt":"2019-10-04T08:30:53","guid":{"rendered":"https:\/\/eldiariodelaeducacion.test\/ecoescuela-abierta\/\/?p=500"},"modified":"2024-08-20T16:27:17","modified_gmt":"2024-08-20T14:27:17","slug":"la-igualdad-de-genero-en-la-agenda-2030-escolar","status":"publish","type":"post","link":"https:\/\/eldiariodelaeducacion.com\/ecoescuela-abierta\/2019\/10\/04\/la-igualdad-de-genero-en-la-agenda-2030-escolar\/","title":{"rendered":"La igualdad de g\u00e9nero en la Agenda 2030 escolar"},"content":{"rendered":"<p>Cada vez se demuestra con m\u00e1s hechos que la progresiva y contundente igualdad de g\u00e9nero -mal que nos pese todav\u00eda no consolidada- es un requisito indispensable para alcanzar la Agenda 2030; no solo es as\u00ed porque lo formule el <a href=\"https:\/\/educacionmundialblog.wordpress.com\/2019\/07\/09\/el-mundo-no-esta-en-camino-de-cumplir-sus-compromisos-de-educacion-para-2030\/\">ODS 5<\/a> -en el sentido de su trascendencia para reconocer un derecho universal, para empoderar a todas las personas e instituciones, escuelas incluidas-, sino porque en un contexto de crisis se necesitan todas las energ\u00edas posibles, y las mujeres han dado muestras de sus grandes capacidades en m\u00faltiples casos.<\/p>\n<p>En muchos escenarios sociales se sostiene que el camino m\u00e1s adecuado para <strong>generalizar la igualdad de g\u00e9nero en el disfrute de los derechos universales lo marca la educaci\u00f3n recibida y atesorada a lo largo de la vida<\/strong>. Se adquiere\/construye tanto en un sistema reglado como en una sociedad culturalmente proactiva, que lo escenifica a menudo en la educaci\u00f3n formal y en la informal, por medio de mensajes y comportamientos. Seguro que esta pr\u00e1ctica la compartir\u00edan miles de millones de personas bien intencionadas, deseosas de conseguir ese derecho para todas las mujeres cuanto antes. Sin duda, muchas estar\u00e1n alarmadas por lo que sucede en pa\u00edses de todos conocidos; tambi\u00e9n ante posiciones contradictorias escuchadas en el contexto de opiniones pol\u00edticas emergentes en partidos de ultraderecha europeos, as\u00ed como por los despistes proactivos de las administraciones.<\/p>\n<p>Veamos lo que dice el reciente <a href=\"https:\/\/unesdoc.unesco.org\/ark:\/48223\/pf0000369621\">informe GEM 2019<\/a> de la UNESCO, cuyo sugerente subt\u00edtulo aboga por construir puentes para la igualdad de g\u00e9nero. Resalta\u00a0que, en el conjunto de la poblaci\u00f3n mundial, \u00ab<strong>m\u00e1s de la mitad de la ayuda a la educaci\u00f3n del G7 se destina a la consecuci\u00f3n de la igualdad de\u00a0g\u00e9nero<\/strong>\u00ab, con pa\u00edses especialmente involucrados como Canad\u00e1.\u00a0 Pero, a la vez, avisa de que <strong>esto no deja de ser una cifra<\/strong>, contrapuesta a las deficiencias de muchas escuelas diseminadas por todo el mundo.<\/p>\n<p>Desde hace unos a\u00f1os la UNESCO se empe\u00f1a en demostrar que una educaci\u00f3n continuada y de calidad constituye la mejor estrategia para enfrentarse a los complejos desaf\u00edos del futuro mundial, que cada d\u00eda llega con m\u00e1s precipitaci\u00f3n. <strong>La educaci\u00f3n para la igualdad de g\u00e9nero<\/strong>, utilicen otra expresi\u00f3n identificativa de g\u00e9nero m\u00e1s amplia si lo desean, <strong>tiene una doble intenci\u00f3n<\/strong>: por un lado, <strong>la completa educaci\u00f3n de ni\u00f1as, j\u00f3venes y mujeres como derecho humano universal<\/strong>, todav\u00eda no logrado. Por otro, es <strong>un requisito indispensable para cualquier pa\u00eds que quiera un desarrollo sosteniblemente \u00e9tico y que aspire a que este se consolide en un espacio de paz<\/strong>.<\/p>\n<p>Es tiempo de que nuestra escuela se ponga delante del espejo mundial y se imagine, como recoge el informe, que se encuentra, soporta, alguna de estas situaciones:<\/p>\n<ul>\n<li>Es parte de la <strong>alta tasa de abandono escolar<\/strong>, y de graduaci\u00f3n, que sufren ni\u00f1as y j\u00f3venes en ense\u00f1anza obligatoria de muchos pa\u00edses.<\/li>\n<li>Conoce, o sufre, <strong>la violencia sexista que le inutiliza el acceso a la educaci\u00f3n<\/strong>, como a las ni\u00f1as en m\u00e1s del 25% de pa\u00edses.<\/li>\n<li>Las chicas ven deteriorada su educaci\u00f3n por la <strong>necesidad de atender a tareas dom\u00e9sticas familiares<\/strong>, cosa que no hacen los chicos.<\/li>\n<li>La escuela<strong> no dispone de instalaciones adecuadas para resolver la higiene menstrual de las j\u00f3venes<\/strong>; otras ni siquiera est\u00e1n equipadas con ba\u00f1os para el lavado de manos con agua y jab\u00f3n.<\/li>\n<\/ul>\n<p>El profesorado y el alumnado han de ser conscientes de la realidad de estas situaciones; saber que <strong>la paridad educativa en primaria todav\u00eda est\u00e1 lejos<\/strong> en m\u00e1s de un tercio de pa\u00edses, en m\u00e1s de la mitad en secundaria, especialmente en el segundo ciclo de esta. No estar\u00eda de m\u00e1s preguntarse en reuniones de equipos did\u00e1cticos, en grupos de trabajo del centro, tambi\u00e9n con el alumnado, si en el entorno pr\u00f3ximo se pueden dar situaciones de menoscabo de ni\u00f1as y j\u00f3venes en su derecho universal de disfrutar de las mismas condiciones educativas que los chicos.<\/p>\n<p>Inviten al alumnado a que elabore un friso familiar de ni\u00f1as, madres y abuelas sobre la titulaci\u00f3n alcanzada, que pregunten a las protagonistas si la educaci\u00f3n les ha servido para su desarrollo personal o profesional; cu\u00e1ndo, c\u00f3mo y por qu\u00e9. Animen al alumnado a que exponga en clase los resultados de sus indagaciones y a que elaboren algunas conclusiones. Preg\u00fantenle sobre la titulaci\u00f3n acad\u00e9mica que espera alcanzar en el a\u00f1o 2030 y las razones que le encaminan hacia ella.<\/p>\n<p>Ante una situaci\u00f3n de desigualdad de g\u00e9nero en algo tan b\u00e1sico como la educaci\u00f3n, las escuelas deber\u00edan <strong>revisar sus proyectos educativos<\/strong> para conocer de qu\u00e9 forma se aborda este asunto. A la vez, habr\u00edan de insistir ante las autoridades para conseguir que la igualdad de g\u00e9nero, en todas sus dimensiones y \u00e1mbitos, sea m\u00e1s visible en la reforma curricular y quede recogida en los libros de texto; por ejemplo, para que haga hincapi\u00e9 en la participaci\u00f3n de las ni\u00f1as en los programas de ciencia, tecnolog\u00eda, ingenier\u00eda y matem\u00e1ticas, como aconseja la UNESCO.<\/p>\n<p>Por ahora, <strong>la igualdad de g\u00e9nero es <a href=\"https:\/\/educacionmundialblog.wordpress.com\/2019\/07\/09\/el-mundo-no-esta-en-camino-de-cumplir-sus-compromisos-de-educacion-para-2030\/\">un horizonte difuso en la Agenda 2030 global<\/a><\/strong>. Por cierto, ser\u00eda interesante que en sucesivas sesiones los claustros y equipos educativos conociesen y comentasen algunos aspectos de los informes GEM de la UNESCO de los a\u00f1os precedentes.<\/p>\n<p>Carmelo Marc\u00e9n Albero<\/p>\n","protected":false},"excerpt":{"rendered":"<p>Cada vez se demuestra con m\u00e1s hechos que la progresiva y contundente igualdad de g\u00e9nero -mal que nos pese todav\u00eda no consolidada- es un requisito indispensable para alcanzar la Agenda 2030; no solo es as\u00ed porque lo formule el ODS 5 -en el sentido de su trascendencia para reconocer un derecho universal, para empoderar a<\/p>\n","protected":false},"author":139,"featured_media":501,"comment_status":"open","ping_status":"closed","sticky":false,"template":"","format":"standard","meta":{"footnotes":""},"categories":[16],"tags":[],"tipo":[],"class_list":{"0":"post-500","1":"post","2":"type-post","3":"status-publish","4":"format-standard","5":"has-post-thumbnail","7":"category-ecoescuela-abierta"},"yoast_head":"<!-- This site is optimized with the Yoast SEO plugin v27.5 - https:\/\/yoast.com\/product\/yoast-seo-wordpress\/ -->\n<title>La igualdad de g\u00e9nero en la Agenda 2030 escolar - Ecoescuela Abierta<\/title>\n<meta name=\"robots\" content=\"index, follow, max-snippet:-1, max-image-preview:large, max-video-preview:-1\" \/>\n<link rel=\"canonical\" href=\"https:\/\/eldiariodelaeducacion.com\/ecoescuela-abierta\/2019\/10\/04\/la-igualdad-de-genero-en-la-agenda-2030-escolar\/\" \/>\n<meta property=\"og:locale\" content=\"es_ES\" \/>\n<meta property=\"og:type\" content=\"article\" \/>\n<meta property=\"og:title\" content=\"La igualdad de g\u00e9nero en la Agenda 2030 escolar - Ecoescuela Abierta\" \/>\n<meta property=\"og:description\" content=\"Cada vez se demuestra con m\u00e1s hechos que la progresiva y contundente igualdad de g\u00e9nero -mal que nos pese todav\u00eda no consolidada- es un requisito indispensable para alcanzar la Agenda 2030; no solo es as\u00ed porque lo formule el ODS 5 -en el sentido de su trascendencia para reconocer un derecho universal, para empoderar a\" \/>\n<meta property=\"og:url\" content=\"https:\/\/eldiariodelaeducacion.com\/ecoescuela-abierta\/2019\/10\/04\/la-igualdad-de-genero-en-la-agenda-2030-escolar\/\" \/>\n<meta property=\"og:site_name\" content=\"Ecoescuela Abierta\" \/>\n<meta property=\"article:published_time\" content=\"2019-10-04T08:30:53+00:00\" \/>\n<meta property=\"article:modified_time\" content=\"2024-08-20T14:27:17+00:00\" \/>\n<meta property=\"og:image\" content=\"https:\/\/eldiariodelaeducacion.com\/ecoescuela-abierta\/wp-content\/uploads\/sites\/17\/2019\/10\/079_converted.jpg\" \/>\n\t<meta property=\"og:image:width\" content=\"1024\" \/>\n\t<meta property=\"og:image:height\" content=\"736\" \/>\n\t<meta property=\"og:image:type\" content=\"image\/jpeg\" \/>\n<meta name=\"author\" content=\"Carmelo Marc\u00e9n Albero\" \/>\n<meta name=\"twitter:card\" content=\"summary_large_image\" \/>\n<meta name=\"twitter:label1\" content=\"Escrito por\" \/>\n\t<meta name=\"twitter:data1\" content=\"Carmelo Marc\u00e9n Albero\" \/>\n\t<meta name=\"twitter:label2\" content=\"Tiempo de lectura\" \/>\n\t<meta name=\"twitter:data2\" content=\"5 minutos\" \/>\n<script type=\"application\/ld+json\" class=\"yoast-schema-graph\">{\"@context\":\"https:\\\/\\\/schema.org\",\"@graph\":[{\"@type\":\"Article\",\"@id\":\"https:\\\/\\\/eldiariodelaeducacion.com\\\/ecoescuela-abierta\\\/2019\\\/10\\\/04\\\/la-igualdad-de-genero-en-la-agenda-2030-escolar\\\/#article\",\"isPartOf\":{\"@id\":\"https:\\\/\\\/eldiariodelaeducacion.com\\\/ecoescuela-abierta\\\/2019\\\/10\\\/04\\\/la-igualdad-de-genero-en-la-agenda-2030-escolar\\\/\"},\"author\":{\"name\":\"Carmelo Marc\u00e9n Albero\",\"@id\":\"https:\\\/\\\/eldiariodelaeducacion.com\\\/ecoescuela-abierta\\\/#\\\/schema\\\/person\\\/04802fc4b356ebb6d2b49d88d0cbda81\"},\"headline\":\"La igualdad de g\u00e9nero en la Agenda 2030 escolar\",\"datePublished\":\"2019-10-04T08:30:53+00:00\",\"dateModified\":\"2024-08-20T14:27:17+00:00\",\"mainEntityOfPage\":{\"@id\":\"https:\\\/\\\/eldiariodelaeducacion.com\\\/ecoescuela-abierta\\\/2019\\\/10\\\/04\\\/la-igualdad-de-genero-en-la-agenda-2030-escolar\\\/\"},\"wordCount\":949,\"commentCount\":0,\"image\":{\"@id\":\"https:\\\/\\\/eldiariodelaeducacion.com\\\/ecoescuela-abierta\\\/2019\\\/10\\\/04\\\/la-igualdad-de-genero-en-la-agenda-2030-escolar\\\/#primaryimage\"},\"thumbnailUrl\":\"https:\\\/\\\/eldiariodelaeducacion.com\\\/ecoescuela-abierta\\\/wp-content\\\/uploads\\\/sites\\\/17\\\/2019\\\/10\\\/079_converted.jpg\",\"articleSection\":[\"Ecoescuela abierta\"],\"inLanguage\":\"es\",\"potentialAction\":[{\"@type\":\"CommentAction\",\"name\":\"Comment\",\"target\":[\"https:\\\/\\\/eldiariodelaeducacion.com\\\/ecoescuela-abierta\\\/2019\\\/10\\\/04\\\/la-igualdad-de-genero-en-la-agenda-2030-escolar\\\/#respond\"]}]},{\"@type\":\"WebPage\",\"@id\":\"https:\\\/\\\/eldiariodelaeducacion.com\\\/ecoescuela-abierta\\\/2019\\\/10\\\/04\\\/la-igualdad-de-genero-en-la-agenda-2030-escolar\\\/\",\"url\":\"https:\\\/\\\/eldiariodelaeducacion.com\\\/ecoescuela-abierta\\\/2019\\\/10\\\/04\\\/la-igualdad-de-genero-en-la-agenda-2030-escolar\\\/\",\"name\":\"La igualdad de g\u00e9nero en la Agenda 2030 escolar - Ecoescuela Abierta\",\"isPartOf\":{\"@id\":\"https:\\\/\\\/eldiariodelaeducacion.com\\\/ecoescuela-abierta\\\/#website\"},\"primaryImageOfPage\":{\"@id\":\"https:\\\/\\\/eldiariodelaeducacion.com\\\/ecoescuela-abierta\\\/2019\\\/10\\\/04\\\/la-igualdad-de-genero-en-la-agenda-2030-escolar\\\/#primaryimage\"},\"image\":{\"@id\":\"https:\\\/\\\/eldiariodelaeducacion.com\\\/ecoescuela-abierta\\\/2019\\\/10\\\/04\\\/la-igualdad-de-genero-en-la-agenda-2030-escolar\\\/#primaryimage\"},\"thumbnailUrl\":\"https:\\\/\\\/eldiariodelaeducacion.com\\\/ecoescuela-abierta\\\/wp-content\\\/uploads\\\/sites\\\/17\\\/2019\\\/10\\\/079_converted.jpg\",\"datePublished\":\"2019-10-04T08:30:53+00:00\",\"dateModified\":\"2024-08-20T14:27:17+00:00\",\"author\":{\"@id\":\"https:\\\/\\\/eldiariodelaeducacion.com\\\/ecoescuela-abierta\\\/#\\\/schema\\\/person\\\/04802fc4b356ebb6d2b49d88d0cbda81\"},\"breadcrumb\":{\"@id\":\"https:\\\/\\\/eldiariodelaeducacion.com\\\/ecoescuela-abierta\\\/2019\\\/10\\\/04\\\/la-igualdad-de-genero-en-la-agenda-2030-escolar\\\/#breadcrumb\"},\"inLanguage\":\"es\",\"potentialAction\":[{\"@type\":\"ReadAction\",\"target\":[\"https:\\\/\\\/eldiariodelaeducacion.com\\\/ecoescuela-abierta\\\/2019\\\/10\\\/04\\\/la-igualdad-de-genero-en-la-agenda-2030-escolar\\\/\"]}]},{\"@type\":\"ImageObject\",\"inLanguage\":\"es\",\"@id\":\"https:\\\/\\\/eldiariodelaeducacion.com\\\/ecoescuela-abierta\\\/2019\\\/10\\\/04\\\/la-igualdad-de-genero-en-la-agenda-2030-escolar\\\/#primaryimage\",\"url\":\"https:\\\/\\\/eldiariodelaeducacion.com\\\/ecoescuela-abierta\\\/wp-content\\\/uploads\\\/sites\\\/17\\\/2019\\\/10\\\/079_converted.jpg\",\"contentUrl\":\"https:\\\/\\\/eldiariodelaeducacion.com\\\/ecoescuela-abierta\\\/wp-content\\\/uploads\\\/sites\\\/17\\\/2019\\\/10\\\/079_converted.jpg\",\"width\":1024,\"height\":736,\"caption\":\"Foto: Teresa Rodr\u00edguez\"},{\"@type\":\"BreadcrumbList\",\"@id\":\"https:\\\/\\\/eldiariodelaeducacion.com\\\/ecoescuela-abierta\\\/2019\\\/10\\\/04\\\/la-igualdad-de-genero-en-la-agenda-2030-escolar\\\/#breadcrumb\",\"itemListElement\":[{\"@type\":\"ListItem\",\"position\":1,\"name\":\"Portada\",\"item\":\"https:\\\/\\\/eldiariodelaeducacion.com\\\/ecoescuela-abierta\\\/\"},{\"@type\":\"ListItem\",\"position\":2,\"name\":\"La igualdad de g\u00e9nero en la Agenda 2030 escolar\"}]},{\"@type\":\"WebSite\",\"@id\":\"https:\\\/\\\/eldiariodelaeducacion.com\\\/ecoescuela-abierta\\\/#website\",\"url\":\"https:\\\/\\\/eldiariodelaeducacion.com\\\/ecoescuela-abierta\\\/\",\"name\":\"Ecoescuela Abierta\",\"description\":\"Un blog de El Diario de la Educaci\u00f3n\",\"potentialAction\":[{\"@type\":\"SearchAction\",\"target\":{\"@type\":\"EntryPoint\",\"urlTemplate\":\"https:\\\/\\\/eldiariodelaeducacion.com\\\/ecoescuela-abierta\\\/?s={search_term_string}\"},\"query-input\":{\"@type\":\"PropertyValueSpecification\",\"valueRequired\":true,\"valueName\":\"search_term_string\"}}],\"inLanguage\":\"es\"},{\"@type\":\"Person\",\"@id\":\"https:\\\/\\\/eldiariodelaeducacion.com\\\/ecoescuela-abierta\\\/#\\\/schema\\\/person\\\/04802fc4b356ebb6d2b49d88d0cbda81\",\"name\":\"Carmelo Marc\u00e9n Albero\",\"image\":{\"@type\":\"ImageObject\",\"inLanguage\":\"es\",\"@id\":\"https:\\\/\\\/secure.gravatar.com\\\/avatar\\\/865a2af25fe07fb65d216fd84d395acb9d5e4afe79a03f8cb07ea1546723465e?s=96&d=mm&r=g\",\"url\":\"https:\\\/\\\/secure.gravatar.com\\\/avatar\\\/865a2af25fe07fb65d216fd84d395acb9d5e4afe79a03f8cb07ea1546723465e?s=96&d=mm&r=g\",\"contentUrl\":\"https:\\\/\\\/secure.gravatar.com\\\/avatar\\\/865a2af25fe07fb65d216fd84d395acb9d5e4afe79a03f8cb07ea1546723465e?s=96&d=mm&r=g\",\"caption\":\"Carmelo Marc\u00e9n Albero\"},\"description\":\"Adem\u00e1s de profesor y articulista, es experto en educaci\u00f3n ambiental. Gracias a \u00e9l nos preguntaremos c\u00f3mo las escuelas pueden reflexionar y trasladar estas preocupaciones a su alumnado, a sus docentes. Su \u00faltimo libro, 'Ecorrelatos inacabados, sin fecha de caducidad acerca' con una iron\u00eda suave algunas de esas tem\u00e1ticas.\",\"url\":\"https:\\\/\\\/eldiariodelaeducacion.com\\\/ecoescuela-abierta\\\/author\\\/carmelo-marcen-albero\\\/\"}]}<\/script>\n<!-- \/ Yoast SEO plugin. -->","yoast_head_json":{"title":"La igualdad de g\u00e9nero en la Agenda 2030 escolar - Ecoescuela Abierta","robots":{"index":"index","follow":"follow","max-snippet":"max-snippet:-1","max-image-preview":"max-image-preview:large","max-video-preview":"max-video-preview:-1"},"canonical":"https:\/\/eldiariodelaeducacion.com\/ecoescuela-abierta\/2019\/10\/04\/la-igualdad-de-genero-en-la-agenda-2030-escolar\/","og_locale":"es_ES","og_type":"article","og_title":"La igualdad de g\u00e9nero en la Agenda 2030 escolar - Ecoescuela Abierta","og_description":"Cada vez se demuestra con m\u00e1s hechos que la progresiva y contundente igualdad de g\u00e9nero -mal que nos pese todav\u00eda no consolidada- es un requisito indispensable para alcanzar la Agenda 2030; no solo es as\u00ed porque lo formule el ODS 5 -en el sentido de su trascendencia para reconocer un derecho universal, para empoderar a","og_url":"https:\/\/eldiariodelaeducacion.com\/ecoescuela-abierta\/2019\/10\/04\/la-igualdad-de-genero-en-la-agenda-2030-escolar\/","og_site_name":"Ecoescuela Abierta","article_published_time":"2019-10-04T08:30:53+00:00","article_modified_time":"2024-08-20T14:27:17+00:00","og_image":[{"width":1024,"height":736,"url":"https:\/\/eldiariodelaeducacion.com\/ecoescuela-abierta\/wp-content\/uploads\/sites\/17\/2019\/10\/079_converted.jpg","type":"image\/jpeg"}],"author":"Carmelo Marc\u00e9n Albero","twitter_card":"summary_large_image","twitter_misc":{"Escrito por":"Carmelo Marc\u00e9n Albero","Tiempo de lectura":"5 minutos"},"schema":{"@context":"https:\/\/schema.org","@graph":[{"@type":"Article","@id":"https:\/\/eldiariodelaeducacion.com\/ecoescuela-abierta\/2019\/10\/04\/la-igualdad-de-genero-en-la-agenda-2030-escolar\/#article","isPartOf":{"@id":"https:\/\/eldiariodelaeducacion.com\/ecoescuela-abierta\/2019\/10\/04\/la-igualdad-de-genero-en-la-agenda-2030-escolar\/"},"author":{"name":"Carmelo Marc\u00e9n Albero","@id":"https:\/\/eldiariodelaeducacion.com\/ecoescuela-abierta\/#\/schema\/person\/04802fc4b356ebb6d2b49d88d0cbda81"},"headline":"La igualdad de g\u00e9nero en la Agenda 2030 escolar","datePublished":"2019-10-04T08:30:53+00:00","dateModified":"2024-08-20T14:27:17+00:00","mainEntityOfPage":{"@id":"https:\/\/eldiariodelaeducacion.com\/ecoescuela-abierta\/2019\/10\/04\/la-igualdad-de-genero-en-la-agenda-2030-escolar\/"},"wordCount":949,"commentCount":0,"image":{"@id":"https:\/\/eldiariodelaeducacion.com\/ecoescuela-abierta\/2019\/10\/04\/la-igualdad-de-genero-en-la-agenda-2030-escolar\/#primaryimage"},"thumbnailUrl":"https:\/\/eldiariodelaeducacion.com\/ecoescuela-abierta\/wp-content\/uploads\/sites\/17\/2019\/10\/079_converted.jpg","articleSection":["Ecoescuela abierta"],"inLanguage":"es","potentialAction":[{"@type":"CommentAction","name":"Comment","target":["https:\/\/eldiariodelaeducacion.com\/ecoescuela-abierta\/2019\/10\/04\/la-igualdad-de-genero-en-la-agenda-2030-escolar\/#respond"]}]},{"@type":"WebPage","@id":"https:\/\/eldiariodelaeducacion.com\/ecoescuela-abierta\/2019\/10\/04\/la-igualdad-de-genero-en-la-agenda-2030-escolar\/","url":"https:\/\/eldiariodelaeducacion.com\/ecoescuela-abierta\/2019\/10\/04\/la-igualdad-de-genero-en-la-agenda-2030-escolar\/","name":"La igualdad de g\u00e9nero en la Agenda 2030 escolar - Ecoescuela Abierta","isPartOf":{"@id":"https:\/\/eldiariodelaeducacion.com\/ecoescuela-abierta\/#website"},"primaryImageOfPage":{"@id":"https:\/\/eldiariodelaeducacion.com\/ecoescuela-abierta\/2019\/10\/04\/la-igualdad-de-genero-en-la-agenda-2030-escolar\/#primaryimage"},"image":{"@id":"https:\/\/eldiariodelaeducacion.com\/ecoescuela-abierta\/2019\/10\/04\/la-igualdad-de-genero-en-la-agenda-2030-escolar\/#primaryimage"},"thumbnailUrl":"https:\/\/eldiariodelaeducacion.com\/ecoescuela-abierta\/wp-content\/uploads\/sites\/17\/2019\/10\/079_converted.jpg","datePublished":"2019-10-04T08:30:53+00:00","dateModified":"2024-08-20T14:27:17+00:00","author":{"@id":"https:\/\/eldiariodelaeducacion.com\/ecoescuela-abierta\/#\/schema\/person\/04802fc4b356ebb6d2b49d88d0cbda81"},"breadcrumb":{"@id":"https:\/\/eldiariodelaeducacion.com\/ecoescuela-abierta\/2019\/10\/04\/la-igualdad-de-genero-en-la-agenda-2030-escolar\/#breadcrumb"},"inLanguage":"es","potentialAction":[{"@type":"ReadAction","target":["https:\/\/eldiariodelaeducacion.com\/ecoescuela-abierta\/2019\/10\/04\/la-igualdad-de-genero-en-la-agenda-2030-escolar\/"]}]},{"@type":"ImageObject","inLanguage":"es","@id":"https:\/\/eldiariodelaeducacion.com\/ecoescuela-abierta\/2019\/10\/04\/la-igualdad-de-genero-en-la-agenda-2030-escolar\/#primaryimage","url":"https:\/\/eldiariodelaeducacion.com\/ecoescuela-abierta\/wp-content\/uploads\/sites\/17\/2019\/10\/079_converted.jpg","contentUrl":"https:\/\/eldiariodelaeducacion.com\/ecoescuela-abierta\/wp-content\/uploads\/sites\/17\/2019\/10\/079_converted.jpg","width":1024,"height":736,"caption":"Foto: Teresa Rodr\u00edguez"},{"@type":"BreadcrumbList","@id":"https:\/\/eldiariodelaeducacion.com\/ecoescuela-abierta\/2019\/10\/04\/la-igualdad-de-genero-en-la-agenda-2030-escolar\/#breadcrumb","itemListElement":[{"@type":"ListItem","position":1,"name":"Portada","item":"https:\/\/eldiariodelaeducacion.com\/ecoescuela-abierta\/"},{"@type":"ListItem","position":2,"name":"La igualdad de g\u00e9nero en la Agenda 2030 escolar"}]},{"@type":"WebSite","@id":"https:\/\/eldiariodelaeducacion.com\/ecoescuela-abierta\/#website","url":"https:\/\/eldiariodelaeducacion.com\/ecoescuela-abierta\/","name":"Ecoescuela Abierta","description":"Un blog de El Diario de la Educaci\u00f3n","potentialAction":[{"@type":"SearchAction","target":{"@type":"EntryPoint","urlTemplate":"https:\/\/eldiariodelaeducacion.com\/ecoescuela-abierta\/?s={search_term_string}"},"query-input":{"@type":"PropertyValueSpecification","valueRequired":true,"valueName":"search_term_string"}}],"inLanguage":"es"},{"@type":"Person","@id":"https:\/\/eldiariodelaeducacion.com\/ecoescuela-abierta\/#\/schema\/person\/04802fc4b356ebb6d2b49d88d0cbda81","name":"Carmelo Marc\u00e9n Albero","image":{"@type":"ImageObject","inLanguage":"es","@id":"https:\/\/secure.gravatar.com\/avatar\/865a2af25fe07fb65d216fd84d395acb9d5e4afe79a03f8cb07ea1546723465e?s=96&d=mm&r=g","url":"https:\/\/secure.gravatar.com\/avatar\/865a2af25fe07fb65d216fd84d395acb9d5e4afe79a03f8cb07ea1546723465e?s=96&d=mm&r=g","contentUrl":"https:\/\/secure.gravatar.com\/avatar\/865a2af25fe07fb65d216fd84d395acb9d5e4afe79a03f8cb07ea1546723465e?s=96&d=mm&r=g","caption":"Carmelo Marc\u00e9n Albero"},"description":"Adem\u00e1s de profesor y articulista, es experto en educaci\u00f3n ambiental. Gracias a \u00e9l nos preguntaremos c\u00f3mo las escuelas pueden reflexionar y trasladar estas preocupaciones a su alumnado, a sus docentes. Su \u00faltimo libro, 'Ecorrelatos inacabados, sin fecha de caducidad acerca' con una iron\u00eda suave algunas de esas tem\u00e1ticas.","url":"https:\/\/eldiariodelaeducacion.com\/ecoescuela-abierta\/author\/carmelo-marcen-albero\/"}]}},"_links":{"self":[{"href":"https:\/\/eldiariodelaeducacion.com\/ecoescuela-abierta\/wp-json\/wp\/v2\/posts\/500","targetHints":{"allow":["GET"]}}],"collection":[{"href":"https:\/\/eldiariodelaeducacion.com\/ecoescuela-abierta\/wp-json\/wp\/v2\/posts"}],"about":[{"href":"https:\/\/eldiariodelaeducacion.com\/ecoescuela-abierta\/wp-json\/wp\/v2\/types\/post"}],"author":[{"embeddable":true,"href":"https:\/\/eldiariodelaeducacion.com\/ecoescuela-abierta\/wp-json\/wp\/v2\/users\/139"}],"replies":[{"embeddable":true,"href":"https:\/\/eldiariodelaeducacion.com\/ecoescuela-abierta\/wp-json\/wp\/v2\/comments?post=500"}],"version-history":[{"count":1,"href":"https:\/\/eldiariodelaeducacion.com\/ecoescuela-abierta\/wp-json\/wp\/v2\/posts\/500\/revisions"}],"predecessor-version":[{"id":1050,"href":"https:\/\/eldiariodelaeducacion.com\/ecoescuela-abierta\/wp-json\/wp\/v2\/posts\/500\/revisions\/1050"}],"wp:featuredmedia":[{"embeddable":true,"href":"https:\/\/eldiariodelaeducacion.com\/ecoescuela-abierta\/wp-json\/wp\/v2\/media\/501"}],"wp:attachment":[{"href":"https:\/\/eldiariodelaeducacion.com\/ecoescuela-abierta\/wp-json\/wp\/v2\/media?parent=500"}],"wp:term":[{"taxonomy":"category","embeddable":true,"href":"https:\/\/eldiariodelaeducacion.com\/ecoescuela-abierta\/wp-json\/wp\/v2\/categories?post=500"},{"taxonomy":"post_tag","embeddable":true,"href":"https:\/\/eldiariodelaeducacion.com\/ecoescuela-abierta\/wp-json\/wp\/v2\/tags?post=500"},{"taxonomy":"tipo","embeddable":true,"href":"https:\/\/eldiariodelaeducacion.com\/ecoescuela-abierta\/wp-json\/wp\/v2\/tipo?post=500"}],"curies":[{"name":"wp","href":"https:\/\/api.w.org\/{rel}","templated":true}]}}