{"id":597,"date":"2020-06-19T08:32:30","date_gmt":"2020-06-19T08:32:30","guid":{"rendered":"https:\/\/eldiariodelaeducacion.com\/ecoescuela-abierta\/?p=597"},"modified":"2024-08-20T16:26:01","modified_gmt":"2024-08-20T14:26:01","slug":"una-naturaleza-veraniega-inedita","status":"publish","type":"post","link":"https:\/\/eldiariodelaeducacion.com\/ecoescuela-abierta\/2020\/06\/19\/una-naturaleza-veraniega-inedita\/","title":{"rendered":"Una naturaleza veraniega in\u00e9dita"},"content":{"rendered":"<p>Este verano va a ser especial; vamos a salir en estampida hacia la naturaleza despu\u00e9s de tantos d\u00edas sin escuela y confinados. Puede ser que lleguemos a esos lugares tan deseados y encontremos lo que buscamos. Seguramente aparecer\u00e1 alg\u00fan personaje de los que hemos visto en los documentales, o aquellos que eran protagonistas en los libros de texto. De entrada, salud\u00e9moslos con la mirada, esa que ayuda a entender la vida en libertad si se conecta con el pensamiento. No intentemos clasificarlos en buenos o malos, bonitos o feos, necesarios o no, simp\u00e1ticos o molestos. Reparemos en que tambi\u00e9n los hay ocultos, grandes y peque\u00f1os. Las clasificaciones no existen all\u00ed, todo est\u00e1 mezclado en un complejo inventario de vida y cosas, sin m\u00e1s. \u201cLa naturaleza nada guarda incompleto ni en vano\u201d, vino a decir Arist\u00f3teles, a lo que a\u00f1adir\u00edamos que cuando no hay prop\u00f3sito de juzgar poco se puede echar en falta. Hay que mirar con el coraz\u00f3n alerta, pues de lo contrario nos perderemos muchos detalles, m\u00e1s todav\u00eda si no hemos desarrollado previamente el sentido de la observaci\u00f3n o la escucha atenta. Ya V\u00edctor Hugo se lamentaba de que ella habla siempre aunque no pronuncia palabra, ser\u00e1 por eso que la humanidad no escucha.<\/p>\n<p>Dicen que la naturaleza es libertad, por eso la gente la invadir\u00e1 este verano buscando la suya tanto tiempo confinada. Hasta el sol hace lo que quiere all\u00ed pues cada d\u00eda sale a una hora, minuto y segundos determinados, que no son iguales en todos los lugares, ni al norte o el sur, ni al este o al oeste. En realidad, en ese lugar tan inmenso nada est\u00e1 regulado por nadie; lo contrario que en nuestra vida de r\u00edgidos horarios, que en verano rompemos a conciencia. Son libertades sin escribir en una constituci\u00f3n pero condicionadas, pues cada uno de los seres vivos debe conocer los ritmos propios y los de los otros, que no son siempre los mismos ni van en id\u00e9ntica direcci\u00f3n. De lo contrario, si se despistan, se exponen a no comer o ser comidos. J. J. Rousseau comparaba la naturaleza con un libro abierto que se nos muestra siempre presto para ense\u00f1ar y del que debemos aprender.<\/p>\n<p>La armon\u00eda de la naturaleza que tanto apreciamos es un poco inventada. No hagamos excesivo caso a lo del equilibrio ecol\u00f3gico; es una verdad d\u00e9bil porque nada est\u00e1 quieto permanentemente, ni siquiera tres minutos seguidos. El morir o vivir de tal o cual individuo tiene una importancia relativa. Es m\u00e1s terrible si una especie desaparece porque los individuos no supieron a adaptarse a los nuevos tiempos o climas. Muchos ya no est\u00e1n por la intervenci\u00f3n humana, muy criticable. Por cierto, hay que buscar la armon\u00eda con la naturaleza, que significa no molestar demasiado a quienes por all\u00ed viven o transitan. Eso m\u00e1s o menos dec\u00eda una resoluci\u00f3n de la ONU de 2009 y que ha dado t\u00edtulo a varios informes de este organismo internacional. De este asunto se habla todos los a\u00f1os el 22 de abril, coincidiendo con el D\u00eda de la Madre Tierra.<\/p>\n<p>En cada rinc\u00f3n natural al que vayamos estos d\u00edas las cosas son como son: cada uno tiene sus consecuencias y ninguna surgir\u00e1 o cambiar\u00e1 en vano, por m\u00e1s que a menudo no lo entendamos. \u00a1Ah, y no forman lecciones ni quieren darlas! En consecuencia, ese sitio que os puede asombrar no es un lugar para visitar sino para vivirlo. Hemos de dejarnos llevar y observar, sin prisas. Los peque\u00f1os detalles de seres vivos peque\u00f1os o grandes, de un monte o un r\u00edo se aprecian mejor con las suelas del zapato que con las ruedas del coche, porque mirar significa entender a los otros. Una vez dentro del lugar elegido estallan los colores, el aire se vuelve inodoro por diferente y compiten cantos con silencios abruptos; alguien nos estar\u00e1 observando. Se comenta que Albert Einstein dijo algo as\u00ed como que mir\u00e1semos profundamente en la naturaleza y as\u00ed comprender\u00edamos mejor nuestra vida. Seguramente de esta forma validar\u00edamos aquello que expres\u00f3 Julio Verne en el sentido de que podremos cambiar o desobedecer las leyes humanos pero cuidado con empe\u00f1arse en transgredir las pautas de la naturaleza libre y desordenada.<\/p>\n<p>La naturaleza que vamos a encontrar estos d\u00edas se percibe por las sensaciones que anidan en nuestra imaginaci\u00f3n. Lo que nos impresiona en ese momento no ser\u00e1 lo de la \u00faltima vez. La visita siguiente ser\u00e1 otra, pues la diferente percepci\u00f3n no depende \u00fanicamente del estado de \u00e1nimo; la naturaleza responde a la luz y la devuelve transformada en calores y colores diversos, en sonidos o silencios. La aventura resulta siempre interesante; mejor si se realiza en una buena compa\u00f1\u00eda que nos ense\u00f1e algo. Tampoco conviene aproximarse a un lugar natural en tropel, porque la multitud \u2013como en aquellas salidas que hac\u00edamos con la clase en los colegios o institutos\u2013 desdibuja los disfrutes interno y externo de los sentidos. Porque la naturaleza \u2013aunque ahora est\u00e9 ya casi completamente humanizada\u2013 no es una sino muchas. La cultura o la tradici\u00f3n de la sociedad ensalza a las verdes, monta\u00f1osas o playeras. Pero el paisaje mediterr\u00e1neo o la estepa \u2013casi siempre barnizados de amarillos, cenicientos y ocres en verano\u2013 son m\u00e1s ricos en su aparente sencillez. All\u00ed, cuando la tierra no arde, al amanecer o al final de la tarde, asombra la humildad de lo peque\u00f1o y la luna \u2013bandeja de plata en la vitrina del cielo\u2013 es m\u00e1s luna. El poeta Luis Garc\u00eda Montero entiende que cuando salimos a la naturaleza buscamos la pureza, llevamos en nuestra mirada las elaboraciones de la ciudad. Pero nos avisa, \u201cla pureza es siempre un invenci\u00f3n; la otra cara de la moneda con la que pagamos nuestras facturas en el supermercado\u201d. No nos hemos olvidado la mar oc\u00e9ana, esa que atrae sobre manera.<\/p>\n<p>Al final, en el mundo natural nadie que quiera se siente solo, ya que, si sabe percibir, cuenta m\u00e1s lo latente, casi oculto, que lo patente que se ve mucho. Cuando el verano acabe nos habremos llevado las confidencias del paisaje, que nos ha susurrado que ninguna especie destruye su propio nido. Costumbre que los humanos hemos olvidado a pesar de que ya el sabio Averroes explicaba a sus contempor\u00e1neos andalus\u00edes del siglo XII que nada de la naturaleza le es superfluo. Cuando volvamos a las aulas en septiembre, compartiremos sensaciones con nuestros compa\u00f1eros y compa\u00f1eras. Si nos olvidamos de los descubrimientos del verano, los vientos nos traer\u00e1n sus ecos a poco que nos esforcemos; si no, a esperar al siguiente, en donde la naturaleza ya no ser\u00e1 como la de este a\u00f1o, tan in\u00e9dita, o no tendremos tantas ganas de verla porque ya habr\u00e1n acabado los confinamientos.<\/p>\n","protected":false},"excerpt":{"rendered":"<p>Este verano va a ser especial; vamos a salir en estampida hacia la naturaleza despu\u00e9s de tantos d\u00edas sin escuela y confinados. Puede ser que lleguemos a esos lugares tan deseados y encontremos lo que buscamos. Seguramente aparecer\u00e1 alg\u00fan personaje de los que hemos visto en los documentales, o aquellos que eran protagonistas en los<\/p>\n","protected":false},"author":139,"featured_media":601,"comment_status":"open","ping_status":"closed","sticky":false,"template":"","format":"standard","meta":{"footnotes":""},"categories":[16],"tags":[],"tipo":[40],"class_list":{"0":"post-597","1":"post","2":"type-post","3":"status-publish","4":"format-standard","5":"has-post-thumbnail","7":"category-ecoescuela-abierta","8":"tipo-analisis"},"yoast_head":"<!-- This site is optimized with the Yoast SEO plugin v27.5 - https:\/\/yoast.com\/product\/yoast-seo-wordpress\/ -->\n<title>Una naturaleza veraniega in\u00e9dita - Ecoescuela Abierta<\/title>\n<meta name=\"robots\" content=\"index, follow, max-snippet:-1, max-image-preview:large, max-video-preview:-1\" \/>\n<link rel=\"canonical\" href=\"https:\/\/eldiariodelaeducacion.com\/ecoescuela-abierta\/2020\/06\/19\/una-naturaleza-veraniega-inedita\/\" \/>\n<meta property=\"og:locale\" content=\"es_ES\" \/>\n<meta property=\"og:type\" content=\"article\" \/>\n<meta property=\"og:title\" content=\"Una naturaleza veraniega in\u00e9dita - Ecoescuela Abierta\" \/>\n<meta property=\"og:description\" content=\"Este verano va a ser especial; vamos a salir en estampida hacia la naturaleza despu\u00e9s de tantos d\u00edas sin escuela y confinados. Puede ser que lleguemos a esos lugares tan deseados y encontremos lo que buscamos. Seguramente aparecer\u00e1 alg\u00fan personaje de los que hemos visto en los documentales, o aquellos que eran protagonistas en los\" \/>\n<meta property=\"og:url\" content=\"https:\/\/eldiariodelaeducacion.com\/ecoescuela-abierta\/2020\/06\/19\/una-naturaleza-veraniega-inedita\/\" \/>\n<meta property=\"og:site_name\" content=\"Ecoescuela Abierta\" \/>\n<meta property=\"article:published_time\" content=\"2020-06-19T08:32:30+00:00\" \/>\n<meta property=\"article:modified_time\" content=\"2024-08-20T14:26:01+00:00\" \/>\n<meta property=\"og:image\" content=\"https:\/\/eldiariodelaeducacion.com\/ecoescuela-abierta\/wp-content\/uploads\/sites\/17\/2020\/06\/iStock-11514661211.jpg\" \/>\n\t<meta property=\"og:image:width\" content=\"1024\" \/>\n\t<meta property=\"og:image:height\" content=\"755\" \/>\n\t<meta property=\"og:image:type\" content=\"image\/jpeg\" \/>\n<meta name=\"author\" content=\"Carmelo Marc\u00e9n Albero\" \/>\n<meta name=\"twitter:card\" content=\"summary_large_image\" \/>\n<meta name=\"twitter:label1\" content=\"Escrito por\" \/>\n\t<meta name=\"twitter:data1\" content=\"Carmelo Marc\u00e9n Albero\" \/>\n\t<meta name=\"twitter:label2\" content=\"Tiempo de lectura\" \/>\n\t<meta name=\"twitter:data2\" content=\"6 minutos\" \/>\n<script type=\"application\/ld+json\" class=\"yoast-schema-graph\">{\"@context\":\"https:\\\/\\\/schema.org\",\"@graph\":[{\"@type\":\"Article\",\"@id\":\"https:\\\/\\\/eldiariodelaeducacion.com\\\/ecoescuela-abierta\\\/2020\\\/06\\\/19\\\/una-naturaleza-veraniega-inedita\\\/#article\",\"isPartOf\":{\"@id\":\"https:\\\/\\\/eldiariodelaeducacion.com\\\/ecoescuela-abierta\\\/2020\\\/06\\\/19\\\/una-naturaleza-veraniega-inedita\\\/\"},\"author\":{\"name\":\"Carmelo Marc\u00e9n Albero\",\"@id\":\"https:\\\/\\\/eldiariodelaeducacion.com\\\/ecoescuela-abierta\\\/#\\\/schema\\\/person\\\/04802fc4b356ebb6d2b49d88d0cbda81\"},\"headline\":\"Una naturaleza veraniega in\u00e9dita\",\"datePublished\":\"2020-06-19T08:32:30+00:00\",\"dateModified\":\"2024-08-20T14:26:01+00:00\",\"mainEntityOfPage\":{\"@id\":\"https:\\\/\\\/eldiariodelaeducacion.com\\\/ecoescuela-abierta\\\/2020\\\/06\\\/19\\\/una-naturaleza-veraniega-inedita\\\/\"},\"wordCount\":1183,\"commentCount\":0,\"image\":{\"@id\":\"https:\\\/\\\/eldiariodelaeducacion.com\\\/ecoescuela-abierta\\\/2020\\\/06\\\/19\\\/una-naturaleza-veraniega-inedita\\\/#primaryimage\"},\"thumbnailUrl\":\"https:\\\/\\\/eldiariodelaeducacion.com\\\/ecoescuela-abierta\\\/wp-content\\\/uploads\\\/sites\\\/17\\\/2020\\\/06\\\/iStock-11514661211.jpg\",\"articleSection\":[\"Ecoescuela abierta\"],\"inLanguage\":\"es\",\"potentialAction\":[{\"@type\":\"CommentAction\",\"name\":\"Comment\",\"target\":[\"https:\\\/\\\/eldiariodelaeducacion.com\\\/ecoescuela-abierta\\\/2020\\\/06\\\/19\\\/una-naturaleza-veraniega-inedita\\\/#respond\"]}]},{\"@type\":\"WebPage\",\"@id\":\"https:\\\/\\\/eldiariodelaeducacion.com\\\/ecoescuela-abierta\\\/2020\\\/06\\\/19\\\/una-naturaleza-veraniega-inedita\\\/\",\"url\":\"https:\\\/\\\/eldiariodelaeducacion.com\\\/ecoescuela-abierta\\\/2020\\\/06\\\/19\\\/una-naturaleza-veraniega-inedita\\\/\",\"name\":\"Una naturaleza veraniega in\u00e9dita - Ecoescuela Abierta\",\"isPartOf\":{\"@id\":\"https:\\\/\\\/eldiariodelaeducacion.com\\\/ecoescuela-abierta\\\/#website\"},\"primaryImageOfPage\":{\"@id\":\"https:\\\/\\\/eldiariodelaeducacion.com\\\/ecoescuela-abierta\\\/2020\\\/06\\\/19\\\/una-naturaleza-veraniega-inedita\\\/#primaryimage\"},\"image\":{\"@id\":\"https:\\\/\\\/eldiariodelaeducacion.com\\\/ecoescuela-abierta\\\/2020\\\/06\\\/19\\\/una-naturaleza-veraniega-inedita\\\/#primaryimage\"},\"thumbnailUrl\":\"https:\\\/\\\/eldiariodelaeducacion.com\\\/ecoescuela-abierta\\\/wp-content\\\/uploads\\\/sites\\\/17\\\/2020\\\/06\\\/iStock-11514661211.jpg\",\"datePublished\":\"2020-06-19T08:32:30+00:00\",\"dateModified\":\"2024-08-20T14:26:01+00:00\",\"author\":{\"@id\":\"https:\\\/\\\/eldiariodelaeducacion.com\\\/ecoescuela-abierta\\\/#\\\/schema\\\/person\\\/04802fc4b356ebb6d2b49d88d0cbda81\"},\"breadcrumb\":{\"@id\":\"https:\\\/\\\/eldiariodelaeducacion.com\\\/ecoescuela-abierta\\\/2020\\\/06\\\/19\\\/una-naturaleza-veraniega-inedita\\\/#breadcrumb\"},\"inLanguage\":\"es\",\"potentialAction\":[{\"@type\":\"ReadAction\",\"target\":[\"https:\\\/\\\/eldiariodelaeducacion.com\\\/ecoescuela-abierta\\\/2020\\\/06\\\/19\\\/una-naturaleza-veraniega-inedita\\\/\"]}]},{\"@type\":\"ImageObject\",\"inLanguage\":\"es\",\"@id\":\"https:\\\/\\\/eldiariodelaeducacion.com\\\/ecoescuela-abierta\\\/2020\\\/06\\\/19\\\/una-naturaleza-veraniega-inedita\\\/#primaryimage\",\"url\":\"https:\\\/\\\/eldiariodelaeducacion.com\\\/ecoescuela-abierta\\\/wp-content\\\/uploads\\\/sites\\\/17\\\/2020\\\/06\\\/iStock-11514661211.jpg\",\"contentUrl\":\"https:\\\/\\\/eldiariodelaeducacion.com\\\/ecoescuela-abierta\\\/wp-content\\\/uploads\\\/sites\\\/17\\\/2020\\\/06\\\/iStock-11514661211.jpg\",\"width\":1024,\"height\":755,\"caption\":\"iStock\"},{\"@type\":\"BreadcrumbList\",\"@id\":\"https:\\\/\\\/eldiariodelaeducacion.com\\\/ecoescuela-abierta\\\/2020\\\/06\\\/19\\\/una-naturaleza-veraniega-inedita\\\/#breadcrumb\",\"itemListElement\":[{\"@type\":\"ListItem\",\"position\":1,\"name\":\"Portada\",\"item\":\"https:\\\/\\\/eldiariodelaeducacion.com\\\/ecoescuela-abierta\\\/\"},{\"@type\":\"ListItem\",\"position\":2,\"name\":\"Una naturaleza veraniega in\u00e9dita\"}]},{\"@type\":\"WebSite\",\"@id\":\"https:\\\/\\\/eldiariodelaeducacion.com\\\/ecoescuela-abierta\\\/#website\",\"url\":\"https:\\\/\\\/eldiariodelaeducacion.com\\\/ecoescuela-abierta\\\/\",\"name\":\"Ecoescuela Abierta\",\"description\":\"Un blog de El Diario de la Educaci\u00f3n\",\"potentialAction\":[{\"@type\":\"SearchAction\",\"target\":{\"@type\":\"EntryPoint\",\"urlTemplate\":\"https:\\\/\\\/eldiariodelaeducacion.com\\\/ecoescuela-abierta\\\/?s={search_term_string}\"},\"query-input\":{\"@type\":\"PropertyValueSpecification\",\"valueRequired\":true,\"valueName\":\"search_term_string\"}}],\"inLanguage\":\"es\"},{\"@type\":\"Person\",\"@id\":\"https:\\\/\\\/eldiariodelaeducacion.com\\\/ecoescuela-abierta\\\/#\\\/schema\\\/person\\\/04802fc4b356ebb6d2b49d88d0cbda81\",\"name\":\"Carmelo Marc\u00e9n Albero\",\"image\":{\"@type\":\"ImageObject\",\"inLanguage\":\"es\",\"@id\":\"https:\\\/\\\/secure.gravatar.com\\\/avatar\\\/865a2af25fe07fb65d216fd84d395acb9d5e4afe79a03f8cb07ea1546723465e?s=96&d=mm&r=g\",\"url\":\"https:\\\/\\\/secure.gravatar.com\\\/avatar\\\/865a2af25fe07fb65d216fd84d395acb9d5e4afe79a03f8cb07ea1546723465e?s=96&d=mm&r=g\",\"contentUrl\":\"https:\\\/\\\/secure.gravatar.com\\\/avatar\\\/865a2af25fe07fb65d216fd84d395acb9d5e4afe79a03f8cb07ea1546723465e?s=96&d=mm&r=g\",\"caption\":\"Carmelo Marc\u00e9n Albero\"},\"description\":\"Adem\u00e1s de profesor y articulista, es experto en educaci\u00f3n ambiental. Gracias a \u00e9l nos preguntaremos c\u00f3mo las escuelas pueden reflexionar y trasladar estas preocupaciones a su alumnado, a sus docentes. Su \u00faltimo libro, 'Ecorrelatos inacabados, sin fecha de caducidad acerca' con una iron\u00eda suave algunas de esas tem\u00e1ticas.\",\"url\":\"https:\\\/\\\/eldiariodelaeducacion.com\\\/ecoescuela-abierta\\\/author\\\/carmelo-marcen-albero\\\/\"}]}<\/script>\n<!-- \/ Yoast SEO plugin. -->","yoast_head_json":{"title":"Una naturaleza veraniega in\u00e9dita - Ecoescuela Abierta","robots":{"index":"index","follow":"follow","max-snippet":"max-snippet:-1","max-image-preview":"max-image-preview:large","max-video-preview":"max-video-preview:-1"},"canonical":"https:\/\/eldiariodelaeducacion.com\/ecoescuela-abierta\/2020\/06\/19\/una-naturaleza-veraniega-inedita\/","og_locale":"es_ES","og_type":"article","og_title":"Una naturaleza veraniega in\u00e9dita - Ecoescuela Abierta","og_description":"Este verano va a ser especial; vamos a salir en estampida hacia la naturaleza despu\u00e9s de tantos d\u00edas sin escuela y confinados. Puede ser que lleguemos a esos lugares tan deseados y encontremos lo que buscamos. Seguramente aparecer\u00e1 alg\u00fan personaje de los que hemos visto en los documentales, o aquellos que eran protagonistas en los","og_url":"https:\/\/eldiariodelaeducacion.com\/ecoescuela-abierta\/2020\/06\/19\/una-naturaleza-veraniega-inedita\/","og_site_name":"Ecoescuela Abierta","article_published_time":"2020-06-19T08:32:30+00:00","article_modified_time":"2024-08-20T14:26:01+00:00","og_image":[{"width":1024,"height":755,"url":"https:\/\/eldiariodelaeducacion.com\/ecoescuela-abierta\/wp-content\/uploads\/sites\/17\/2020\/06\/iStock-11514661211.jpg","type":"image\/jpeg"}],"author":"Carmelo Marc\u00e9n Albero","twitter_card":"summary_large_image","twitter_misc":{"Escrito por":"Carmelo Marc\u00e9n Albero","Tiempo de lectura":"6 minutos"},"schema":{"@context":"https:\/\/schema.org","@graph":[{"@type":"Article","@id":"https:\/\/eldiariodelaeducacion.com\/ecoescuela-abierta\/2020\/06\/19\/una-naturaleza-veraniega-inedita\/#article","isPartOf":{"@id":"https:\/\/eldiariodelaeducacion.com\/ecoescuela-abierta\/2020\/06\/19\/una-naturaleza-veraniega-inedita\/"},"author":{"name":"Carmelo Marc\u00e9n Albero","@id":"https:\/\/eldiariodelaeducacion.com\/ecoescuela-abierta\/#\/schema\/person\/04802fc4b356ebb6d2b49d88d0cbda81"},"headline":"Una naturaleza veraniega in\u00e9dita","datePublished":"2020-06-19T08:32:30+00:00","dateModified":"2024-08-20T14:26:01+00:00","mainEntityOfPage":{"@id":"https:\/\/eldiariodelaeducacion.com\/ecoescuela-abierta\/2020\/06\/19\/una-naturaleza-veraniega-inedita\/"},"wordCount":1183,"commentCount":0,"image":{"@id":"https:\/\/eldiariodelaeducacion.com\/ecoescuela-abierta\/2020\/06\/19\/una-naturaleza-veraniega-inedita\/#primaryimage"},"thumbnailUrl":"https:\/\/eldiariodelaeducacion.com\/ecoescuela-abierta\/wp-content\/uploads\/sites\/17\/2020\/06\/iStock-11514661211.jpg","articleSection":["Ecoescuela abierta"],"inLanguage":"es","potentialAction":[{"@type":"CommentAction","name":"Comment","target":["https:\/\/eldiariodelaeducacion.com\/ecoescuela-abierta\/2020\/06\/19\/una-naturaleza-veraniega-inedita\/#respond"]}]},{"@type":"WebPage","@id":"https:\/\/eldiariodelaeducacion.com\/ecoescuela-abierta\/2020\/06\/19\/una-naturaleza-veraniega-inedita\/","url":"https:\/\/eldiariodelaeducacion.com\/ecoescuela-abierta\/2020\/06\/19\/una-naturaleza-veraniega-inedita\/","name":"Una naturaleza veraniega in\u00e9dita - Ecoescuela Abierta","isPartOf":{"@id":"https:\/\/eldiariodelaeducacion.com\/ecoescuela-abierta\/#website"},"primaryImageOfPage":{"@id":"https:\/\/eldiariodelaeducacion.com\/ecoescuela-abierta\/2020\/06\/19\/una-naturaleza-veraniega-inedita\/#primaryimage"},"image":{"@id":"https:\/\/eldiariodelaeducacion.com\/ecoescuela-abierta\/2020\/06\/19\/una-naturaleza-veraniega-inedita\/#primaryimage"},"thumbnailUrl":"https:\/\/eldiariodelaeducacion.com\/ecoescuela-abierta\/wp-content\/uploads\/sites\/17\/2020\/06\/iStock-11514661211.jpg","datePublished":"2020-06-19T08:32:30+00:00","dateModified":"2024-08-20T14:26:01+00:00","author":{"@id":"https:\/\/eldiariodelaeducacion.com\/ecoescuela-abierta\/#\/schema\/person\/04802fc4b356ebb6d2b49d88d0cbda81"},"breadcrumb":{"@id":"https:\/\/eldiariodelaeducacion.com\/ecoescuela-abierta\/2020\/06\/19\/una-naturaleza-veraniega-inedita\/#breadcrumb"},"inLanguage":"es","potentialAction":[{"@type":"ReadAction","target":["https:\/\/eldiariodelaeducacion.com\/ecoescuela-abierta\/2020\/06\/19\/una-naturaleza-veraniega-inedita\/"]}]},{"@type":"ImageObject","inLanguage":"es","@id":"https:\/\/eldiariodelaeducacion.com\/ecoescuela-abierta\/2020\/06\/19\/una-naturaleza-veraniega-inedita\/#primaryimage","url":"https:\/\/eldiariodelaeducacion.com\/ecoescuela-abierta\/wp-content\/uploads\/sites\/17\/2020\/06\/iStock-11514661211.jpg","contentUrl":"https:\/\/eldiariodelaeducacion.com\/ecoescuela-abierta\/wp-content\/uploads\/sites\/17\/2020\/06\/iStock-11514661211.jpg","width":1024,"height":755,"caption":"iStock"},{"@type":"BreadcrumbList","@id":"https:\/\/eldiariodelaeducacion.com\/ecoescuela-abierta\/2020\/06\/19\/una-naturaleza-veraniega-inedita\/#breadcrumb","itemListElement":[{"@type":"ListItem","position":1,"name":"Portada","item":"https:\/\/eldiariodelaeducacion.com\/ecoescuela-abierta\/"},{"@type":"ListItem","position":2,"name":"Una naturaleza veraniega in\u00e9dita"}]},{"@type":"WebSite","@id":"https:\/\/eldiariodelaeducacion.com\/ecoescuela-abierta\/#website","url":"https:\/\/eldiariodelaeducacion.com\/ecoescuela-abierta\/","name":"Ecoescuela Abierta","description":"Un blog de El Diario de la Educaci\u00f3n","potentialAction":[{"@type":"SearchAction","target":{"@type":"EntryPoint","urlTemplate":"https:\/\/eldiariodelaeducacion.com\/ecoescuela-abierta\/?s={search_term_string}"},"query-input":{"@type":"PropertyValueSpecification","valueRequired":true,"valueName":"search_term_string"}}],"inLanguage":"es"},{"@type":"Person","@id":"https:\/\/eldiariodelaeducacion.com\/ecoescuela-abierta\/#\/schema\/person\/04802fc4b356ebb6d2b49d88d0cbda81","name":"Carmelo Marc\u00e9n Albero","image":{"@type":"ImageObject","inLanguage":"es","@id":"https:\/\/secure.gravatar.com\/avatar\/865a2af25fe07fb65d216fd84d395acb9d5e4afe79a03f8cb07ea1546723465e?s=96&d=mm&r=g","url":"https:\/\/secure.gravatar.com\/avatar\/865a2af25fe07fb65d216fd84d395acb9d5e4afe79a03f8cb07ea1546723465e?s=96&d=mm&r=g","contentUrl":"https:\/\/secure.gravatar.com\/avatar\/865a2af25fe07fb65d216fd84d395acb9d5e4afe79a03f8cb07ea1546723465e?s=96&d=mm&r=g","caption":"Carmelo Marc\u00e9n Albero"},"description":"Adem\u00e1s de profesor y articulista, es experto en educaci\u00f3n ambiental. Gracias a \u00e9l nos preguntaremos c\u00f3mo las escuelas pueden reflexionar y trasladar estas preocupaciones a su alumnado, a sus docentes. Su \u00faltimo libro, 'Ecorrelatos inacabados, sin fecha de caducidad acerca' con una iron\u00eda suave algunas de esas tem\u00e1ticas.","url":"https:\/\/eldiariodelaeducacion.com\/ecoescuela-abierta\/author\/carmelo-marcen-albero\/"}]}},"_links":{"self":[{"href":"https:\/\/eldiariodelaeducacion.com\/ecoescuela-abierta\/wp-json\/wp\/v2\/posts\/597","targetHints":{"allow":["GET"]}}],"collection":[{"href":"https:\/\/eldiariodelaeducacion.com\/ecoescuela-abierta\/wp-json\/wp\/v2\/posts"}],"about":[{"href":"https:\/\/eldiariodelaeducacion.com\/ecoescuela-abierta\/wp-json\/wp\/v2\/types\/post"}],"author":[{"embeddable":true,"href":"https:\/\/eldiariodelaeducacion.com\/ecoescuela-abierta\/wp-json\/wp\/v2\/users\/139"}],"replies":[{"embeddable":true,"href":"https:\/\/eldiariodelaeducacion.com\/ecoescuela-abierta\/wp-json\/wp\/v2\/comments?post=597"}],"version-history":[{"count":1,"href":"https:\/\/eldiariodelaeducacion.com\/ecoescuela-abierta\/wp-json\/wp\/v2\/posts\/597\/revisions"}],"predecessor-version":[{"id":1064,"href":"https:\/\/eldiariodelaeducacion.com\/ecoescuela-abierta\/wp-json\/wp\/v2\/posts\/597\/revisions\/1064"}],"wp:featuredmedia":[{"embeddable":true,"href":"https:\/\/eldiariodelaeducacion.com\/ecoescuela-abierta\/wp-json\/wp\/v2\/media\/601"}],"wp:attachment":[{"href":"https:\/\/eldiariodelaeducacion.com\/ecoescuela-abierta\/wp-json\/wp\/v2\/media?parent=597"}],"wp:term":[{"taxonomy":"category","embeddable":true,"href":"https:\/\/eldiariodelaeducacion.com\/ecoescuela-abierta\/wp-json\/wp\/v2\/categories?post=597"},{"taxonomy":"post_tag","embeddable":true,"href":"https:\/\/eldiariodelaeducacion.com\/ecoescuela-abierta\/wp-json\/wp\/v2\/tags?post=597"},{"taxonomy":"tipo","embeddable":true,"href":"https:\/\/eldiariodelaeducacion.com\/ecoescuela-abierta\/wp-json\/wp\/v2\/tipo?post=597"}],"curies":[{"name":"wp","href":"https:\/\/api.w.org\/{rel}","templated":true}]}}