{"id":677,"date":"2021-03-05T07:00:41","date_gmt":"2021-03-05T07:00:41","guid":{"rendered":"https:\/\/eldiariodelaeducacion.com\/ecoescuela-abierta\/?p=677"},"modified":"2024-08-20T16:24:25","modified_gmt":"2024-08-20T14:24:25","slug":"inclusion-y-melodia-ademas-de-reciclaje","status":"publish","type":"post","link":"https:\/\/eldiariodelaeducacion.com\/ecoescuela-abierta\/2021\/03\/05\/inclusion-y-melodia-ademas-de-reciclaje\/","title":{"rendered":"Inclusi\u00f3n y melod\u00eda, adem\u00e1s de reciclaje"},"content":{"rendered":"<p>Ecoescuela es ecolog\u00eda, lo que quiere decir m\u00e1s o menos conocer la casa en que vivimos. Es escuela, el lugar en donde se ense\u00f1an y comparten aprendizajes, all\u00ed donde alguien va construyendo sus pensamientos y destrezas: una parte de su manera de ser y actuar. Pero tambi\u00e9n acerca a la cimentaci\u00f3n del escenario global, tanto en lo que se refiere a las capacidades de las personas como a su relaci\u00f3n con ese conjunto que llamamos planeta Tierra.<\/p>\n<p>La ecoescuela debe ser inclusiva por sentido com\u00fan. Sin embargo, a pesar de diversos esfuerzos, todav\u00eda hemos de recorrer un largo camino para conseguir que esa cualidad se convierta en una se\u00f1a escolar generalizada. Todav\u00eda es un derecho que se invoca pero no se practica, recordaba en un art\u00edculo Pablo Guti\u00e9rrez en este Diario en octubre de 2018; sobre el mismo tema se han publicado aqu\u00ed otros muchos. En todos se subraya que la educaci\u00f3n ha de cambiar su forma de mirar al alumnado. Inclusi\u00f3n como derecho y proceso, como final y camino, como escenario en suma. Por \u00e9l se transita colectivamente, pero para que cada persona sea ella misma, se vaya asombrando de sus capacidades antes parcialmente ocultas.<\/p>\n<p>El ciclo de vida colectiva no puede dejar a nadie atr\u00e1s, tengan m\u00e1s o menos potencialidades en comparaci\u00f3n con el conjunto. Debe preocuparse por acoger en la educaci\u00f3n a todos ni\u00f1os y ni\u00f1as, especialmente a quienes persigue la vulnerabilidad. El ciclo de vida de las cosas, no tan sublime como el anterior, es una estrategia material que aporta contenido social a lo que cada cual hace en relaci\u00f3n con el consumo y el posterior aprovechamiento de sus productos y recursos; ahora lo llamar\u00edamos sostenibilidad global. Ese cometido queda evidente en \u201c<a href=\"https:\/\/www.recycledorchestracateura.com\/\">La orquesta de reciclados<\/a>\u201d de Cateura. Su nombre lo dice todo: materiales e instrumentos reciclados que componen una orquesta que suena adem\u00e1s a inclusi\u00f3n. Porque claro, habitar en las proximidades de ese vertedero de Asunci\u00f3n (Paraguay) tiene que condicionar la vida cotidiana y marcar el futuro. Chicas y chicos que viven en condiciones precarias, plenas de vulnerabilidad, se asoman a la m\u00fasica para motivarse y aprender, para tener a la escuela como un \u00e1mbito de desarrollo personal. Merece la pena escuchar sus melod\u00edas, ver qu\u00e9 tipo de instrumentos tocan. <a href=\"https:\/\/www.recycledorchestracateura.com\/gallery\">Varias grabaciones est\u00e1n accesibles<\/a> en Youtube. Actualmente cuenta con el apoyo de diversas fundaciones, alguna espa\u00f1ola, pero los comienzos tuvieron que ser duros.<\/p>\n<p>Sin duda, la educaci\u00f3n debe componer una melod\u00eda social colaborativa, que tenga en cuenta el valor de cada uno de los personajes de la vida. En esa obra colectiva, en su pentagrama, todos aportan y todos ganan en la composici\u00f3n de la melod\u00eda \u00e9tica como derecho universal. Ese es uno de los potentes mensajes de la inclusividad. En cierta forma, salvando las distancias, el reciclaje que lleva al aula objetos y h\u00e1bitos para recuperar su valor, como educaci\u00f3n aplicada, comparte algo del esp\u00edritu que mueve la inclusi\u00f3n. No se trata de aprovechar lo que ya no sirve sino dar nuevo valor a todo, buscando una y otra vez el desarrollo de las capacidades de las personas y las posibilidades de uso de los materiales u objetos. Si lo miramos con atenci\u00f3n, vemos que cada cosa que usamos, cada persona que de ellas se sirve, tienen un lugar en el entramado social.<\/p>\n<p>En un escenario parecido al de Cateura se desarrolla \u201cLa M\u00fasica del Reciclaje\u201d, un proyecto para la inclusi\u00f3n y la sostenibilidad apadrinado por Ecoembes. Chicas y chicos que atesoran capacidades no descubiertas dan nuevo uso a productos o materiales sobre los cuales se hab\u00eda perdido la atenci\u00f3n; lo que hacen se convierte en melod\u00eda, llena de vida compartida mediante nuevas esperanzas. Fortalecimiento emocional en busca de algo parecido a coherencia educativa. Todo ello junto a sostenibilidad, que no es solo recuperar cosas sino vivir de otra manera, sentir la proximidad de las personas: inclusi\u00f3n y melod\u00eda. <a href=\"https:\/\/www.youtube.com\/watch?v=JUByMC3FS74\">Del v\u00eddeo educativo<\/a> que explica esta experiencia hemos entresacado algunas frases que proponemos sean comentadas con el alumnado: \u201cEl mundo nos da basura y nosotros le devolvemos fuerza\u201d, inclusi\u00f3n social y m\u00fasica; la m\u00fasica reciclada, mucha de ella lo es, consiste en aprovechar y combinar sonidos e ilusiones, ritmos y melod\u00edas. B\u00e1sicamente se trata de amalgamar un mont\u00f3n de cosas e intenciones para conseguir algo mejor, sin duda mucho m\u00e1s placentero para la cultura colectiva, y a la vez m\u00e1s cerca de lo personal. Si lo miramos bien, la vida circular de las cosas prende en el crecimiento de las personas, que se basa en ciclos permanentes, casi siempre diferentes. Ocurre a menudo en nuestras aulas, m\u00e1s todav\u00eda en proyectos de este estilo.<\/p>\n<p>Se podr\u00eda decir que esas experiencias tambi\u00e9n exhiben compromiso compartido, desarrollo colectivo en interacci\u00f3n. Un concierto es el final de muchas horas de convivencia dentro de un proyecto com\u00fan, asumido por todas las personas que en \u00e9l participan. Tambi\u00e9n en Espa\u00f1a se pueden encontrar otras iniciativas que recuperan materiales y con ellos hacen m\u00fasica, como los talleres de construcci\u00f3n de instrumentos con materiales reciclados que preparan a los futuros maestros para llevarlos a las escuelas; es el caso de la Universidad de Almer\u00eda. Tienen un marcado car\u00e1cter de educaci\u00f3n social. El proyecto Vibra-T\u00f3 (vibra todo) es un buen ejemplo de taller de recuperaci\u00f3n que fue ampliamente recogido en \u201cLa aventura del saber\u201d de RTVE.<\/p>\n<p>Seguro que hay otras propuestas educativas similares en Espa\u00f1a y Latinoam\u00e9rica. Descubr\u00e1moslas y d\u00e9mosles el alcance que se merecen la inclusividad y el reciclaje, por separado o en combinaci\u00f3n. Si a la vez lo organizamos todo en una actividad art\u00edstica que representamos para la comunidad educativa estaremos fomentando la formaci\u00f3n integral y el trabajo colaborativo. Por cierto, aqu\u00ed hemos encontrado un tutorial para la construcci\u00f3n de sencillos instrumentos musicales caseros.<\/p>\n<p>La m\u00fasica y el desarrollo de ni\u00f1as y ni\u00f1os, sensibilidad y creatividad, memoria y trabajo. El valor sanador de la m\u00fasica en el concierto emocional y social de una ecoescuela abierta, apoy\u00e1ndose en la recuperaci\u00f3n y el reciclado de materiales y objetos. Tambi\u00e9n hay que buscar la potenciaci\u00f3n de otras ense\u00f1anzas art\u00edsticas, que deber\u00eda ser un cometido principal en la ense\u00f1anza obligatoria; no solo de n\u00fameros y letras est\u00e1 hecha la vida. El sistema educativo tiene que adaptarse a las personas; ahora sucede m\u00e1s bien al contrario. Nos mantenemos expectantes con el deseo de que la melod\u00eda escolar y social suenen de otra manera, con bastante m\u00e1s armon\u00eda.<\/p>\n<hr \/>\n<h4>Referencias<\/h4>\n<p><a href=\"https:\/\/www.recycledorchestracateura.com\/\">https:\/\/www.recycledorchestracateura.com\/<\/a><\/p>\n<p><a href=\"http:\/\/aprendemosjuntos.elpais.com\/especial\/la-musica-del-reciclaje-un-proyecto-por-la-inclusion-y-la-sostenibilidad-la-orquesta-musica-del-reciclaje\/\">http:\/\/aprendemosjuntos.elpais.com\/especial\/la-musica-del-reciclaje-un-proyecto-por-la-inclusion-y-la-sostenibilidad-la-orquesta-musica-del-reciclaje\/<\/a><\/p>\n<p><strong>Ecoembes<\/strong><br \/>\n<a href=\"https:\/\/www.eldiario.es\/edcreativo\/reciclandoadiario\/instrumentos-hechos-materiales-reciclados-proyecto-social-musica-reciclaje_1_6512533.html\">https:\/\/www.eldiario.es\/edcreativo\/reciclandoadiario\/instrumentos-hechos-materiales-reciclados-proyecto-social-musica-reciclaje_1_6512533.html<\/a><\/p>\n<p><strong>Instrumentos musicales material reciclado. Experiencias de Espa\u00f1a. Parte social<\/strong><\/p>\n<p><a href=\"https:\/\/www.youtube.com\/watch?v=hhknsAu22O4\">https:\/\/www.youtube.com\/watch?v=hhknsAu22O4<\/a><\/p>\n<p><a href=\"http:\/\/www.vibra-to.com\/taller\/\">http:\/\/www.vibra-to.com\/taller\/<\/a><\/p>\n<p><a href=\"https:\/\/issuu.com\/rivuslupe\/docs\/200_instrumentos_musicales_caseros\">https:\/\/issuu.com\/rivuslupe\/docs\/200_instrumentos_musicales_caseros<\/a><\/p>\n<p><a href=\"https:\/\/www.youtube.com\/watch?v=JUByMC3FS74\">https:\/\/www.youtube.com\/watch?v=JUByMC3FS74<\/a><\/p>\n<p><a href=\"https:\/\/www.rfi.fr\/es\/cultura\/20161122-la-historia-de-la-orquesta-del-vertedero-de-cateura\">https:\/\/www.rfi.fr\/es\/cultura\/20161122-la-historia-de-la-orquesta-del-vertedero-de-cateura<\/a><\/p>\n","protected":false},"excerpt":{"rendered":"<p>Ecoescuela es ecolog\u00eda, lo que quiere decir m\u00e1s o menos conocer la casa en que vivimos. Es escuela, el lugar en donde se ense\u00f1an y comparten aprendizajes, all\u00ed donde alguien va construyendo sus pensamientos y destrezas: una parte de su manera de ser y actuar. Pero tambi\u00e9n acerca a la cimentaci\u00f3n del escenario global, tanto<\/p>\n","protected":false},"author":139,"featured_media":686,"comment_status":"open","ping_status":"closed","sticky":false,"template":"","format":"standard","meta":{"footnotes":""},"categories":[16],"tags":[],"tipo":[39],"class_list":{"0":"post-677","1":"post","2":"type-post","3":"status-publish","4":"format-standard","5":"has-post-thumbnail","7":"category-ecoescuela-abierta","8":"tipo-actualidad"},"yoast_head":"<!-- This site is optimized with the Yoast SEO plugin v27.5 - https:\/\/yoast.com\/product\/yoast-seo-wordpress\/ -->\n<title>Inclusi\u00f3n y melod\u00eda, adem\u00e1s de reciclaje - Ecoescuela Abierta<\/title>\n<meta name=\"robots\" content=\"index, follow, max-snippet:-1, max-image-preview:large, max-video-preview:-1\" \/>\n<link rel=\"canonical\" href=\"https:\/\/eldiariodelaeducacion.com\/ecoescuela-abierta\/2021\/03\/05\/inclusion-y-melodia-ademas-de-reciclaje\/\" \/>\n<meta property=\"og:locale\" content=\"es_ES\" \/>\n<meta property=\"og:type\" content=\"article\" \/>\n<meta property=\"og:title\" content=\"Inclusi\u00f3n y melod\u00eda, adem\u00e1s de reciclaje - Ecoescuela Abierta\" \/>\n<meta property=\"og:description\" content=\"Ecoescuela es ecolog\u00eda, lo que quiere decir m\u00e1s o menos conocer la casa en que vivimos. Es escuela, el lugar en donde se ense\u00f1an y comparten aprendizajes, all\u00ed donde alguien va construyendo sus pensamientos y destrezas: una parte de su manera de ser y actuar. Pero tambi\u00e9n acerca a la cimentaci\u00f3n del escenario global, tanto\" \/>\n<meta property=\"og:url\" content=\"https:\/\/eldiariodelaeducacion.com\/ecoescuela-abierta\/2021\/03\/05\/inclusion-y-melodia-ademas-de-reciclaje\/\" \/>\n<meta property=\"og:site_name\" content=\"Ecoescuela Abierta\" \/>\n<meta property=\"article:published_time\" content=\"2021-03-05T07:00:41+00:00\" \/>\n<meta property=\"article:modified_time\" content=\"2024-08-20T14:24:25+00:00\" \/>\n<meta property=\"og:image\" content=\"https:\/\/eldiariodelaeducacion.com\/ecoescuela-abierta\/wp-content\/uploads\/sites\/17\/2021\/03\/Cateura-orquesta.jpg\" \/>\n\t<meta property=\"og:image:width\" content=\"1024\" \/>\n\t<meta property=\"og:image:height\" content=\"683\" \/>\n\t<meta property=\"og:image:type\" content=\"image\/jpeg\" \/>\n<meta name=\"author\" content=\"Carmelo Marc\u00e9n Albero\" \/>\n<meta name=\"twitter:card\" content=\"summary_large_image\" \/>\n<meta name=\"twitter:label1\" content=\"Escrito por\" \/>\n\t<meta name=\"twitter:data1\" content=\"Carmelo Marc\u00e9n Albero\" \/>\n\t<meta name=\"twitter:label2\" content=\"Tiempo de lectura\" \/>\n\t<meta name=\"twitter:data2\" content=\"6 minutos\" \/>\n<script type=\"application\/ld+json\" class=\"yoast-schema-graph\">{\"@context\":\"https:\\\/\\\/schema.org\",\"@graph\":[{\"@type\":\"Article\",\"@id\":\"https:\\\/\\\/eldiariodelaeducacion.com\\\/ecoescuela-abierta\\\/2021\\\/03\\\/05\\\/inclusion-y-melodia-ademas-de-reciclaje\\\/#article\",\"isPartOf\":{\"@id\":\"https:\\\/\\\/eldiariodelaeducacion.com\\\/ecoescuela-abierta\\\/2021\\\/03\\\/05\\\/inclusion-y-melodia-ademas-de-reciclaje\\\/\"},\"author\":{\"name\":\"Carmelo Marc\u00e9n Albero\",\"@id\":\"https:\\\/\\\/eldiariodelaeducacion.com\\\/ecoescuela-abierta\\\/#\\\/schema\\\/person\\\/04802fc4b356ebb6d2b49d88d0cbda81\"},\"headline\":\"Inclusi\u00f3n y melod\u00eda, adem\u00e1s de reciclaje\",\"datePublished\":\"2021-03-05T07:00:41+00:00\",\"dateModified\":\"2024-08-20T14:24:25+00:00\",\"mainEntityOfPage\":{\"@id\":\"https:\\\/\\\/eldiariodelaeducacion.com\\\/ecoescuela-abierta\\\/2021\\\/03\\\/05\\\/inclusion-y-melodia-ademas-de-reciclaje\\\/\"},\"wordCount\":1227,\"commentCount\":1,\"image\":{\"@id\":\"https:\\\/\\\/eldiariodelaeducacion.com\\\/ecoescuela-abierta\\\/2021\\\/03\\\/05\\\/inclusion-y-melodia-ademas-de-reciclaje\\\/#primaryimage\"},\"thumbnailUrl\":\"https:\\\/\\\/eldiariodelaeducacion.com\\\/ecoescuela-abierta\\\/wp-content\\\/uploads\\\/sites\\\/17\\\/2021\\\/03\\\/Cateura-orquesta.jpg\",\"articleSection\":[\"Ecoescuela abierta\"],\"inLanguage\":\"es\",\"potentialAction\":[{\"@type\":\"CommentAction\",\"name\":\"Comment\",\"target\":[\"https:\\\/\\\/eldiariodelaeducacion.com\\\/ecoescuela-abierta\\\/2021\\\/03\\\/05\\\/inclusion-y-melodia-ademas-de-reciclaje\\\/#respond\"]}]},{\"@type\":\"WebPage\",\"@id\":\"https:\\\/\\\/eldiariodelaeducacion.com\\\/ecoescuela-abierta\\\/2021\\\/03\\\/05\\\/inclusion-y-melodia-ademas-de-reciclaje\\\/\",\"url\":\"https:\\\/\\\/eldiariodelaeducacion.com\\\/ecoescuela-abierta\\\/2021\\\/03\\\/05\\\/inclusion-y-melodia-ademas-de-reciclaje\\\/\",\"name\":\"Inclusi\u00f3n y melod\u00eda, adem\u00e1s de reciclaje - Ecoescuela Abierta\",\"isPartOf\":{\"@id\":\"https:\\\/\\\/eldiariodelaeducacion.com\\\/ecoescuela-abierta\\\/#website\"},\"primaryImageOfPage\":{\"@id\":\"https:\\\/\\\/eldiariodelaeducacion.com\\\/ecoescuela-abierta\\\/2021\\\/03\\\/05\\\/inclusion-y-melodia-ademas-de-reciclaje\\\/#primaryimage\"},\"image\":{\"@id\":\"https:\\\/\\\/eldiariodelaeducacion.com\\\/ecoescuela-abierta\\\/2021\\\/03\\\/05\\\/inclusion-y-melodia-ademas-de-reciclaje\\\/#primaryimage\"},\"thumbnailUrl\":\"https:\\\/\\\/eldiariodelaeducacion.com\\\/ecoescuela-abierta\\\/wp-content\\\/uploads\\\/sites\\\/17\\\/2021\\\/03\\\/Cateura-orquesta.jpg\",\"datePublished\":\"2021-03-05T07:00:41+00:00\",\"dateModified\":\"2024-08-20T14:24:25+00:00\",\"author\":{\"@id\":\"https:\\\/\\\/eldiariodelaeducacion.com\\\/ecoescuela-abierta\\\/#\\\/schema\\\/person\\\/04802fc4b356ebb6d2b49d88d0cbda81\"},\"breadcrumb\":{\"@id\":\"https:\\\/\\\/eldiariodelaeducacion.com\\\/ecoescuela-abierta\\\/2021\\\/03\\\/05\\\/inclusion-y-melodia-ademas-de-reciclaje\\\/#breadcrumb\"},\"inLanguage\":\"es\",\"potentialAction\":[{\"@type\":\"ReadAction\",\"target\":[\"https:\\\/\\\/eldiariodelaeducacion.com\\\/ecoescuela-abierta\\\/2021\\\/03\\\/05\\\/inclusion-y-melodia-ademas-de-reciclaje\\\/\"]}]},{\"@type\":\"ImageObject\",\"inLanguage\":\"es\",\"@id\":\"https:\\\/\\\/eldiariodelaeducacion.com\\\/ecoescuela-abierta\\\/2021\\\/03\\\/05\\\/inclusion-y-melodia-ademas-de-reciclaje\\\/#primaryimage\",\"url\":\"https:\\\/\\\/eldiariodelaeducacion.com\\\/ecoescuela-abierta\\\/wp-content\\\/uploads\\\/sites\\\/17\\\/2021\\\/03\\\/Cateura-orquesta.jpg\",\"contentUrl\":\"https:\\\/\\\/eldiariodelaeducacion.com\\\/ecoescuela-abierta\\\/wp-content\\\/uploads\\\/sites\\\/17\\\/2021\\\/03\\\/Cateura-orquesta.jpg\",\"width\":1024,\"height\":683,\"caption\":\"Orquesta de REciclados de Cateura\"},{\"@type\":\"BreadcrumbList\",\"@id\":\"https:\\\/\\\/eldiariodelaeducacion.com\\\/ecoescuela-abierta\\\/2021\\\/03\\\/05\\\/inclusion-y-melodia-ademas-de-reciclaje\\\/#breadcrumb\",\"itemListElement\":[{\"@type\":\"ListItem\",\"position\":1,\"name\":\"Portada\",\"item\":\"https:\\\/\\\/eldiariodelaeducacion.com\\\/ecoescuela-abierta\\\/\"},{\"@type\":\"ListItem\",\"position\":2,\"name\":\"Inclusi\u00f3n y melod\u00eda, adem\u00e1s de reciclaje\"}]},{\"@type\":\"WebSite\",\"@id\":\"https:\\\/\\\/eldiariodelaeducacion.com\\\/ecoescuela-abierta\\\/#website\",\"url\":\"https:\\\/\\\/eldiariodelaeducacion.com\\\/ecoescuela-abierta\\\/\",\"name\":\"Ecoescuela Abierta\",\"description\":\"Un blog de El Diario de la Educaci\u00f3n\",\"potentialAction\":[{\"@type\":\"SearchAction\",\"target\":{\"@type\":\"EntryPoint\",\"urlTemplate\":\"https:\\\/\\\/eldiariodelaeducacion.com\\\/ecoescuela-abierta\\\/?s={search_term_string}\"},\"query-input\":{\"@type\":\"PropertyValueSpecification\",\"valueRequired\":true,\"valueName\":\"search_term_string\"}}],\"inLanguage\":\"es\"},{\"@type\":\"Person\",\"@id\":\"https:\\\/\\\/eldiariodelaeducacion.com\\\/ecoescuela-abierta\\\/#\\\/schema\\\/person\\\/04802fc4b356ebb6d2b49d88d0cbda81\",\"name\":\"Carmelo Marc\u00e9n Albero\",\"image\":{\"@type\":\"ImageObject\",\"inLanguage\":\"es\",\"@id\":\"https:\\\/\\\/secure.gravatar.com\\\/avatar\\\/865a2af25fe07fb65d216fd84d395acb9d5e4afe79a03f8cb07ea1546723465e?s=96&d=mm&r=g\",\"url\":\"https:\\\/\\\/secure.gravatar.com\\\/avatar\\\/865a2af25fe07fb65d216fd84d395acb9d5e4afe79a03f8cb07ea1546723465e?s=96&d=mm&r=g\",\"contentUrl\":\"https:\\\/\\\/secure.gravatar.com\\\/avatar\\\/865a2af25fe07fb65d216fd84d395acb9d5e4afe79a03f8cb07ea1546723465e?s=96&d=mm&r=g\",\"caption\":\"Carmelo Marc\u00e9n Albero\"},\"description\":\"Adem\u00e1s de profesor y articulista, es experto en educaci\u00f3n ambiental. Gracias a \u00e9l nos preguntaremos c\u00f3mo las escuelas pueden reflexionar y trasladar estas preocupaciones a su alumnado, a sus docentes. Su \u00faltimo libro, 'Ecorrelatos inacabados, sin fecha de caducidad acerca' con una iron\u00eda suave algunas de esas tem\u00e1ticas.\",\"url\":\"https:\\\/\\\/eldiariodelaeducacion.com\\\/ecoescuela-abierta\\\/author\\\/carmelo-marcen-albero\\\/\"}]}<\/script>\n<!-- \/ Yoast SEO plugin. -->","yoast_head_json":{"title":"Inclusi\u00f3n y melod\u00eda, adem\u00e1s de reciclaje - Ecoescuela Abierta","robots":{"index":"index","follow":"follow","max-snippet":"max-snippet:-1","max-image-preview":"max-image-preview:large","max-video-preview":"max-video-preview:-1"},"canonical":"https:\/\/eldiariodelaeducacion.com\/ecoescuela-abierta\/2021\/03\/05\/inclusion-y-melodia-ademas-de-reciclaje\/","og_locale":"es_ES","og_type":"article","og_title":"Inclusi\u00f3n y melod\u00eda, adem\u00e1s de reciclaje - Ecoescuela Abierta","og_description":"Ecoescuela es ecolog\u00eda, lo que quiere decir m\u00e1s o menos conocer la casa en que vivimos. Es escuela, el lugar en donde se ense\u00f1an y comparten aprendizajes, all\u00ed donde alguien va construyendo sus pensamientos y destrezas: una parte de su manera de ser y actuar. Pero tambi\u00e9n acerca a la cimentaci\u00f3n del escenario global, tanto","og_url":"https:\/\/eldiariodelaeducacion.com\/ecoescuela-abierta\/2021\/03\/05\/inclusion-y-melodia-ademas-de-reciclaje\/","og_site_name":"Ecoescuela Abierta","article_published_time":"2021-03-05T07:00:41+00:00","article_modified_time":"2024-08-20T14:24:25+00:00","og_image":[{"width":1024,"height":683,"url":"https:\/\/eldiariodelaeducacion.com\/ecoescuela-abierta\/wp-content\/uploads\/sites\/17\/2021\/03\/Cateura-orquesta.jpg","type":"image\/jpeg"}],"author":"Carmelo Marc\u00e9n Albero","twitter_card":"summary_large_image","twitter_misc":{"Escrito por":"Carmelo Marc\u00e9n Albero","Tiempo de lectura":"6 minutos"},"schema":{"@context":"https:\/\/schema.org","@graph":[{"@type":"Article","@id":"https:\/\/eldiariodelaeducacion.com\/ecoescuela-abierta\/2021\/03\/05\/inclusion-y-melodia-ademas-de-reciclaje\/#article","isPartOf":{"@id":"https:\/\/eldiariodelaeducacion.com\/ecoescuela-abierta\/2021\/03\/05\/inclusion-y-melodia-ademas-de-reciclaje\/"},"author":{"name":"Carmelo Marc\u00e9n Albero","@id":"https:\/\/eldiariodelaeducacion.com\/ecoescuela-abierta\/#\/schema\/person\/04802fc4b356ebb6d2b49d88d0cbda81"},"headline":"Inclusi\u00f3n y melod\u00eda, adem\u00e1s de reciclaje","datePublished":"2021-03-05T07:00:41+00:00","dateModified":"2024-08-20T14:24:25+00:00","mainEntityOfPage":{"@id":"https:\/\/eldiariodelaeducacion.com\/ecoescuela-abierta\/2021\/03\/05\/inclusion-y-melodia-ademas-de-reciclaje\/"},"wordCount":1227,"commentCount":1,"image":{"@id":"https:\/\/eldiariodelaeducacion.com\/ecoescuela-abierta\/2021\/03\/05\/inclusion-y-melodia-ademas-de-reciclaje\/#primaryimage"},"thumbnailUrl":"https:\/\/eldiariodelaeducacion.com\/ecoescuela-abierta\/wp-content\/uploads\/sites\/17\/2021\/03\/Cateura-orquesta.jpg","articleSection":["Ecoescuela abierta"],"inLanguage":"es","potentialAction":[{"@type":"CommentAction","name":"Comment","target":["https:\/\/eldiariodelaeducacion.com\/ecoescuela-abierta\/2021\/03\/05\/inclusion-y-melodia-ademas-de-reciclaje\/#respond"]}]},{"@type":"WebPage","@id":"https:\/\/eldiariodelaeducacion.com\/ecoescuela-abierta\/2021\/03\/05\/inclusion-y-melodia-ademas-de-reciclaje\/","url":"https:\/\/eldiariodelaeducacion.com\/ecoescuela-abierta\/2021\/03\/05\/inclusion-y-melodia-ademas-de-reciclaje\/","name":"Inclusi\u00f3n y melod\u00eda, adem\u00e1s de reciclaje - Ecoescuela Abierta","isPartOf":{"@id":"https:\/\/eldiariodelaeducacion.com\/ecoescuela-abierta\/#website"},"primaryImageOfPage":{"@id":"https:\/\/eldiariodelaeducacion.com\/ecoescuela-abierta\/2021\/03\/05\/inclusion-y-melodia-ademas-de-reciclaje\/#primaryimage"},"image":{"@id":"https:\/\/eldiariodelaeducacion.com\/ecoescuela-abierta\/2021\/03\/05\/inclusion-y-melodia-ademas-de-reciclaje\/#primaryimage"},"thumbnailUrl":"https:\/\/eldiariodelaeducacion.com\/ecoescuela-abierta\/wp-content\/uploads\/sites\/17\/2021\/03\/Cateura-orquesta.jpg","datePublished":"2021-03-05T07:00:41+00:00","dateModified":"2024-08-20T14:24:25+00:00","author":{"@id":"https:\/\/eldiariodelaeducacion.com\/ecoescuela-abierta\/#\/schema\/person\/04802fc4b356ebb6d2b49d88d0cbda81"},"breadcrumb":{"@id":"https:\/\/eldiariodelaeducacion.com\/ecoescuela-abierta\/2021\/03\/05\/inclusion-y-melodia-ademas-de-reciclaje\/#breadcrumb"},"inLanguage":"es","potentialAction":[{"@type":"ReadAction","target":["https:\/\/eldiariodelaeducacion.com\/ecoescuela-abierta\/2021\/03\/05\/inclusion-y-melodia-ademas-de-reciclaje\/"]}]},{"@type":"ImageObject","inLanguage":"es","@id":"https:\/\/eldiariodelaeducacion.com\/ecoescuela-abierta\/2021\/03\/05\/inclusion-y-melodia-ademas-de-reciclaje\/#primaryimage","url":"https:\/\/eldiariodelaeducacion.com\/ecoescuela-abierta\/wp-content\/uploads\/sites\/17\/2021\/03\/Cateura-orquesta.jpg","contentUrl":"https:\/\/eldiariodelaeducacion.com\/ecoescuela-abierta\/wp-content\/uploads\/sites\/17\/2021\/03\/Cateura-orquesta.jpg","width":1024,"height":683,"caption":"Orquesta de REciclados de Cateura"},{"@type":"BreadcrumbList","@id":"https:\/\/eldiariodelaeducacion.com\/ecoescuela-abierta\/2021\/03\/05\/inclusion-y-melodia-ademas-de-reciclaje\/#breadcrumb","itemListElement":[{"@type":"ListItem","position":1,"name":"Portada","item":"https:\/\/eldiariodelaeducacion.com\/ecoescuela-abierta\/"},{"@type":"ListItem","position":2,"name":"Inclusi\u00f3n y melod\u00eda, adem\u00e1s de reciclaje"}]},{"@type":"WebSite","@id":"https:\/\/eldiariodelaeducacion.com\/ecoescuela-abierta\/#website","url":"https:\/\/eldiariodelaeducacion.com\/ecoescuela-abierta\/","name":"Ecoescuela Abierta","description":"Un blog de El Diario de la Educaci\u00f3n","potentialAction":[{"@type":"SearchAction","target":{"@type":"EntryPoint","urlTemplate":"https:\/\/eldiariodelaeducacion.com\/ecoescuela-abierta\/?s={search_term_string}"},"query-input":{"@type":"PropertyValueSpecification","valueRequired":true,"valueName":"search_term_string"}}],"inLanguage":"es"},{"@type":"Person","@id":"https:\/\/eldiariodelaeducacion.com\/ecoescuela-abierta\/#\/schema\/person\/04802fc4b356ebb6d2b49d88d0cbda81","name":"Carmelo Marc\u00e9n Albero","image":{"@type":"ImageObject","inLanguage":"es","@id":"https:\/\/secure.gravatar.com\/avatar\/865a2af25fe07fb65d216fd84d395acb9d5e4afe79a03f8cb07ea1546723465e?s=96&d=mm&r=g","url":"https:\/\/secure.gravatar.com\/avatar\/865a2af25fe07fb65d216fd84d395acb9d5e4afe79a03f8cb07ea1546723465e?s=96&d=mm&r=g","contentUrl":"https:\/\/secure.gravatar.com\/avatar\/865a2af25fe07fb65d216fd84d395acb9d5e4afe79a03f8cb07ea1546723465e?s=96&d=mm&r=g","caption":"Carmelo Marc\u00e9n Albero"},"description":"Adem\u00e1s de profesor y articulista, es experto en educaci\u00f3n ambiental. Gracias a \u00e9l nos preguntaremos c\u00f3mo las escuelas pueden reflexionar y trasladar estas preocupaciones a su alumnado, a sus docentes. Su \u00faltimo libro, 'Ecorrelatos inacabados, sin fecha de caducidad acerca' con una iron\u00eda suave algunas de esas tem\u00e1ticas.","url":"https:\/\/eldiariodelaeducacion.com\/ecoescuela-abierta\/author\/carmelo-marcen-albero\/"}]}},"_links":{"self":[{"href":"https:\/\/eldiariodelaeducacion.com\/ecoescuela-abierta\/wp-json\/wp\/v2\/posts\/677","targetHints":{"allow":["GET"]}}],"collection":[{"href":"https:\/\/eldiariodelaeducacion.com\/ecoescuela-abierta\/wp-json\/wp\/v2\/posts"}],"about":[{"href":"https:\/\/eldiariodelaeducacion.com\/ecoescuela-abierta\/wp-json\/wp\/v2\/types\/post"}],"author":[{"embeddable":true,"href":"https:\/\/eldiariodelaeducacion.com\/ecoescuela-abierta\/wp-json\/wp\/v2\/users\/139"}],"replies":[{"embeddable":true,"href":"https:\/\/eldiariodelaeducacion.com\/ecoescuela-abierta\/wp-json\/wp\/v2\/comments?post=677"}],"version-history":[{"count":1,"href":"https:\/\/eldiariodelaeducacion.com\/ecoescuela-abierta\/wp-json\/wp\/v2\/posts\/677\/revisions"}],"predecessor-version":[{"id":1078,"href":"https:\/\/eldiariodelaeducacion.com\/ecoescuela-abierta\/wp-json\/wp\/v2\/posts\/677\/revisions\/1078"}],"wp:featuredmedia":[{"embeddable":true,"href":"https:\/\/eldiariodelaeducacion.com\/ecoescuela-abierta\/wp-json\/wp\/v2\/media\/686"}],"wp:attachment":[{"href":"https:\/\/eldiariodelaeducacion.com\/ecoescuela-abierta\/wp-json\/wp\/v2\/media?parent=677"}],"wp:term":[{"taxonomy":"category","embeddable":true,"href":"https:\/\/eldiariodelaeducacion.com\/ecoescuela-abierta\/wp-json\/wp\/v2\/categories?post=677"},{"taxonomy":"post_tag","embeddable":true,"href":"https:\/\/eldiariodelaeducacion.com\/ecoescuela-abierta\/wp-json\/wp\/v2\/tags?post=677"},{"taxonomy":"tipo","embeddable":true,"href":"https:\/\/eldiariodelaeducacion.com\/ecoescuela-abierta\/wp-json\/wp\/v2\/tipo?post=677"}],"curies":[{"name":"wp","href":"https:\/\/api.w.org\/{rel}","templated":true}]}}