{"id":790,"date":"2022-06-28T05:00:35","date_gmt":"2022-06-28T05:00:35","guid":{"rendered":"https:\/\/eldiariodelaeducacion.com\/ecoescuela-abierta\/?p=790"},"modified":"2024-08-20T16:24:25","modified_gmt":"2024-08-20T14:24:25","slug":"el-arte-paisaje-y-emociones-una-propuesta-escolar","status":"publish","type":"post","link":"https:\/\/eldiariodelaeducacion.com\/ecoescuela-abierta\/2022\/06\/28\/el-arte-paisaje-y-emociones-una-propuesta-escolar\/","title":{"rendered":"El arte, paisaje y emociones: una propuesta escolar"},"content":{"rendered":"<p>Prestos a tomar las deseadas vacaciones nos permitimos abrir ventanas de observaci\u00f3n para que tanto el profesorado como el alumnado vuelvan en septiembre con nuevas sensaciones sobre los paisajes que han visitado. Esta podr\u00eda ser la primera lecci\u00f3n escolar que sin duda ampliar\u00e1 las experiencias en unos debates y proyectos de trabajo compartidos dentro de cada grupo de clase. La segunda la adelantaba Juan Ram\u00f3n Jim\u00e9nez cuando dec\u00eda que cada paisaje se compone de una multitud de elementos esenciales, sin contar con los detalles m\u00e1s insignificantes, que, a veces, son los m\u00e1s significativos. Demos al alumnado, sint\u00e1moslas como propias, algunas claves para acercarse a los paisajes visitados. Para la tercera pauta seleccionar\u00eda aquella que expres\u00f3 el pintor realista estadounidense Andrew Wyeth: Prefiero el invierno y el oto\u00f1o, cuando sientes la estructura \u00f3sea del paisaje. Algo espera debajo de \u00e9l; toda la historia no se muestra.\u00a0Sin embargo, es con el buen tiempo cuando la mayor parte de la gente va en su busca.<\/p>\n<figure id=\"attachment_791\" aria-describedby=\"caption-attachment-791\" style=\"width: 720px\" class=\"wp-caption alignnone\"><img fetchpriority=\"high\" decoding=\"async\" class=\"wp-image-791 size-full\" src=\"https:\/\/eldiariodelaeducacion.com\/ecoescuela-abierta\/wp-content\/uploads\/sites\/18\/2022\/06\/Lascaux_painting.jpg\" alt=\"\" width=\"720\" height=\"472\" srcset=\"https:\/\/eldiariodelaeducacion.com\/ecoescuela-abierta\/wp-content\/uploads\/sites\/17\/2022\/06\/Lascaux_painting.jpg 720w, https:\/\/eldiariodelaeducacion.com\/ecoescuela-abierta\/wp-content\/uploads\/sites\/17\/2022\/06\/Lascaux_painting-300x197.jpg 300w, https:\/\/eldiariodelaeducacion.com\/ecoescuela-abierta\/wp-content\/uploads\/sites\/17\/2022\/06\/Lascaux_painting-150x98.jpg 150w, https:\/\/eldiariodelaeducacion.com\/ecoescuela-abierta\/wp-content\/uploads\/sites\/17\/2022\/06\/Lascaux_painting-450x295.jpg 450w\" sizes=\"(max-width: 720px) 100vw, 720px\" \/><figcaption id=\"caption-attachment-791\" class=\"wp-caption-text\">Cueva de Lascaux. Foto Wikipedia<\/figcaption><\/figure>\n<p>Para empezar hag\u00e1mosles saber, repiense el profesorado, que ya los habitantes primitivos plasmaron sus paisajes, sus preocupaciones y otras muchas cosas en el arte rupestre. Asombran las pinturas de Lascaux, en las cuales la iconograf\u00eda se limita a tres temas fundamentales: los animales, las representaciones humanas y los signos. No hay ninguna evocaci\u00f3n ni del paisaje exterior, ni de las especies vegetales de la \u00e9poca. \u00bfQuedar\u00eda limitado el paisaje a sus necesidades o a las escenas de supervivencia? Estar\u00eda bien contraponer unas im\u00e1genes de Altamira u otras expresiones paleol\u00edticas espa\u00f1olas a las reliquias del arte rupestre levantino. No es necesario conocer mucho, ni ser de los cursos superiores. Basta con la capacidad de observaci\u00f3n. Da para mucho: figuras, entornos, modelos, posible significado, etc. En fin, similitudes y diferencias de los primeros \u201crelatores\u201d del paisaje.<\/p>\n<p>Una clase de historia de la humanidad en formato expr\u00e9s a estas edades necesita pocas fechas, cuenta m\u00e1s c\u00f3mo se dice lo que se dice, para que el alumnado se interese o sorprenda, que a veces ambas atracciones van de la mano. El paisaje nunca dej\u00f3 de ser referencia de vida, por m\u00e1s que los individuos no se ocupasen en verlo como conjunto, pero sin duda ser\u00edan capaces de entrever su dinamismo. Lecci\u00f3n importante para aprender todos: el paisaje es din\u00e1mico per se, muy diferente al reduccionismo con el que acostumbran a presentarlo los libros de texto. Los elementos significativos de tal o cual territorio, un paisaje sin identificar, lo marcar\u00edan los ritmos estacionales o aquellos episodios meteorol\u00f3gicos, no comprensibles, que tra\u00edan o se llevaban biodiversidad. Momentos que incluso modificaban la tierra \u00fatil y se llevaban alguna que otra vida, como todav\u00eda sucede ahora. Un tsunami engull\u00f3 la ciudad romana de <a href=\"https:\/\/www.museosdeandalucia.es\/web\/conjuntoarqueologicobaeloclaudia\">Baelo Claudia (C\u00e1diz)<\/a> destrozando el paisaje real, an\u00edmico y econ\u00f3mico de las gentes de entonces, pero las excavaciones nos la presentan para una nueva interpretaci\u00f3n. Observar hoy para ver el paso del tiempo, anclar lo que se ve con aquello que pudo ser.<\/p>\n<p>El profesorado es consciente de que el paisaje necesita que alguien lo observe, que trate de aprehender aquello que est\u00e1 bien visible, y se pregunte por la urdimbre que a lo largo de a\u00f1os o siglos est\u00e1 oculta, es cambiante. A la vez, es la verdadera responsable de esa magn\u00edfica construcci\u00f3n. El alumnado puede acercarse a ese estadio. Si cuando observa un paisaje exprime su agudeza visual. Cualquier paisaje puede convertirse en un estado de \u00e1nimo. Tambi\u00e9n, a quienes esperamos paisajes ocultos nos trae a la memoria aquellas lecturas antiguas de las aventuras de Charles Darwin o Alexander von Humboldt en una \u00e9poca sujeta a otras modalidades de ver. Hoy siguen aportanto novedades. Hoy sus autores nos parecen adivinos de lo posible, generadores de claves para interpretar la vida actual. Seleccionemos alguno de sus textos; presentemos al alumnado una frase de las que nos legaron. \u00bfQu\u00e9 son la evoluci\u00f3n de las especies del primero o el adelantado cambio clim\u00e1tico del segundo? Lo vieron en el siglo XIX. En cierta forma daban a entender que se necesita una educaci\u00f3n ambiental, todav\u00eda pendiente de desarrollar con plenitud y trascendencia.<\/p>\n<p>Los paisajes de entonces mirados desde la atalaya del ahora resultan inc\u00f3gnitos, a la vez que dan consistencia a una exposici\u00f3n de lo oculto. Tambi\u00e9n enamoran por una u otra cosa a quienes saben mirar las obras pict\u00f3ricas, porque el paisaje es el arte con el que se expresa la naturaleza. Dan cuenta de ello tanto las pinturas de Giotto en la Bas\u00edlica de As\u00eds, delante de las cuales pas\u00e9 largo rato buscando rasgos paisaj\u00edsticos visibles u ocultos en las im\u00e1genes de los libros que llevaba en mi mente. Aclaremos que se trata de una interpretaci\u00f3n religiosa dentro de un paisaje que parece ajeno, mientras<a href=\"https:\/\/www.livingmadrid.com\/visita-virtual-360-museo-sorolla\/\"> los infinitos paisajes de Sorolla<\/a> invitan a observar varias veces, porque cada una de ellas no deja de impresionar; mandan los elementos naturales, los personajes o el conjunto. El paisaje pintado ha sido una constante en la pintura. En muchas ocasiones ha estado cercano a la vida, el calendario agr\u00edcola. Quienes lo duden que se pasen por San Isidoro de Le\u00f3n y<a href=\"https:\/\/www.guiarepsol.com\/es\/viajar\/nos-gusta\/panteon-de-reyes-de-san-isidoro-leon-la-capilla-sixtina-del-romanico\/\"> contemplen las escenas que marcaban la vida de las gentes del Medievo<\/a>.<\/p>\n<figure id=\"attachment_792\" aria-describedby=\"caption-attachment-792\" style=\"width: 820px\" class=\"wp-caption alignnone\"><img decoding=\"async\" class=\"wp-image-792\" src=\"https:\/\/eldiariodelaeducacion.com\/ecoescuela-abierta\/wp-content\/uploads\/sites\/18\/2022\/06\/1066px-Joaquin_Sorolla_y_Bastida_-_Strolling_along_the_Seashore_-_Google_Art_Project-296x300.jpg\" alt=\"\" width=\"820\" height=\"831\" srcset=\"https:\/\/eldiariodelaeducacion.com\/ecoescuela-abierta\/wp-content\/uploads\/sites\/17\/2022\/06\/1066px-Joaquin_Sorolla_y_Bastida_-_Strolling_along_the_Seashore_-_Google_Art_Project-296x300.jpg 296w, https:\/\/eldiariodelaeducacion.com\/ecoescuela-abierta\/wp-content\/uploads\/sites\/17\/2022\/06\/1066px-Joaquin_Sorolla_y_Bastida_-_Strolling_along_the_Seashore_-_Google_Art_Project-1011x1024.jpg 1011w, https:\/\/eldiariodelaeducacion.com\/ecoescuela-abierta\/wp-content\/uploads\/sites\/17\/2022\/06\/1066px-Joaquin_Sorolla_y_Bastida_-_Strolling_along_the_Seashore_-_Google_Art_Project-768x778.jpg 768w, https:\/\/eldiariodelaeducacion.com\/ecoescuela-abierta\/wp-content\/uploads\/sites\/17\/2022\/06\/1066px-Joaquin_Sorolla_y_Bastida_-_Strolling_along_the_Seashore_-_Google_Art_Project-150x152.jpg 150w, https:\/\/eldiariodelaeducacion.com\/ecoescuela-abierta\/wp-content\/uploads\/sites\/17\/2022\/06\/1066px-Joaquin_Sorolla_y_Bastida_-_Strolling_along_the_Seashore_-_Google_Art_Project-450x456.jpg 450w, https:\/\/eldiariodelaeducacion.com\/ecoescuela-abierta\/wp-content\/uploads\/sites\/17\/2022\/06\/1066px-Joaquin_Sorolla_y_Bastida_-_Strolling_along_the_Seashore_-_Google_Art_Project.jpg 1066w\" sizes=\"(max-width: 820px) 100vw, 820px\" \/><figcaption id=\"caption-attachment-792\" class=\"wp-caption-text\">Paseo por la playa. Joaqu\u00edn Sorolla. Foto: Wikipedia<\/figcaption><\/figure>\n<p>Muchos de los alumnos y alumnas, buena parte del profesorado saldr\u00e1 dentro de poco a la b\u00fasqueda de paisajes menos urbanos para librarse un poco de las ataduras pand\u00e9micas. Aprovechen ese conocimiento de las cosas definitorias del paisaje elegido. Les servir\u00e1 de una primera compenetraci\u00f3n con el paisaje del que forman parte en ese momento. Seguramente el paisaje les hablar\u00e1, incluso con vivacidad en ciertos momentos <a href=\"https:\/\/fungobe.org\/wp-content\/uploads\/2022\/04\/1988_elpaisajenatural.pdf\">por medio de sus bioindicadores<\/a>. Si as\u00ed fuese se facilitar\u00eda el tr\u00e1nsito desde una primera aproximaci\u00f3n emocional hasta la mirada cr\u00edtica con precisi\u00f3n y rigor. Hay que entender que el paisaje es un conjunto complejo, que son muchas modalidades de ver, pero sobre todo que no solo es un territorio escenogr\u00e1fico sino un conjunto de interacciones m\u00e1s o menos visibles, claras. Lo esencial es invisible a los ojos, manifestaba <em>El Principito<\/em> de Saint-Exup\u00e9ry. Nuestra imaginaci\u00f3n es la que ve y no solo los ojos. Nunca se nos olvidar\u00e1 la similitud de las ense\u00f1anzas de Miguel Delibes cuando sin decirlo invitaba a ver un paisaje, por muy conocido que fuera, a no perder nunca la capacidad de sorprenderse.<\/p>\n<p>El paisaje est\u00e1 ah\u00ed, pero no es nada si no lo hacemos realidad mediante la percepci\u00f3n. Visto as\u00ed, los hechos acaecidos o los objetos dominantes ser\u00edan el motivo del estudio cient\u00edfico, que en teor\u00eda aspira a la objetividad. Pero cualquiera de nosotros percibimos a trav\u00e9s de la mirada e interpretamos a partir de nuestro conocimiento precedente o simplemente con prejuicio previo. En nuestra mente, construimos as\u00ed nuestra realidad, diferente cada uno de nosotros. Algo as\u00ed le ha pasado a la literatura que ha sido impregnada de paisajes y realidades. Los valores del paisaje deambulan y forman realidades subjetivas. Sin irnos mucho m\u00e1s lejos, en el excelso paisaje cervantino por donde discurre <em>El Quijote<\/em>.<\/p>\n<figure id=\"attachment_793\" aria-describedby=\"caption-attachment-793\" style=\"width: 410px\" class=\"wp-caption alignleft\"><img decoding=\"async\" class=\"wp-image-793\" src=\"https:\/\/eldiariodelaeducacion.com\/ecoescuela-abierta\/wp-content\/uploads\/sites\/18\/2022\/06\/windmills-gf39bdf0ab_1280-300x200.jpg\" alt=\"\" width=\"410\" height=\"273\" srcset=\"https:\/\/eldiariodelaeducacion.com\/ecoescuela-abierta\/wp-content\/uploads\/sites\/17\/2022\/06\/windmills-gf39bdf0ab_1280-300x200.jpg 300w, https:\/\/eldiariodelaeducacion.com\/ecoescuela-abierta\/wp-content\/uploads\/sites\/17\/2022\/06\/windmills-gf39bdf0ab_1280-1024x682.jpg 1024w, https:\/\/eldiariodelaeducacion.com\/ecoescuela-abierta\/wp-content\/uploads\/sites\/17\/2022\/06\/windmills-gf39bdf0ab_1280-768x512.jpg 768w, https:\/\/eldiariodelaeducacion.com\/ecoescuela-abierta\/wp-content\/uploads\/sites\/17\/2022\/06\/windmills-gf39bdf0ab_1280-150x100.jpg 150w, https:\/\/eldiariodelaeducacion.com\/ecoescuela-abierta\/wp-content\/uploads\/sites\/17\/2022\/06\/windmills-gf39bdf0ab_1280-450x300.jpg 450w, https:\/\/eldiariodelaeducacion.com\/ecoescuela-abierta\/wp-content\/uploads\/sites\/17\/2022\/06\/windmills-gf39bdf0ab_1280-1200x800.jpg 1200w, https:\/\/eldiariodelaeducacion.com\/ecoescuela-abierta\/wp-content\/uploads\/sites\/17\/2022\/06\/windmills-gf39bdf0ab_1280.jpg 1280w\" sizes=\"(max-width: 410px) 100vw, 410px\" \/><figcaption id=\"caption-attachment-793\" class=\"wp-caption-text\">Foto: Pixabay.<\/figcaption><\/figure>\n<p>Cualquiera que lo lea debe interpretar la relaci\u00f3n de sus personajes con ese paisaje gen\u00e9rico que son varios. Por m\u00e1s que Cervantes describa tales elementos o conjuntos aparecen siempre emociones, seguridades o miedos; abstracciones de don Quijote frente a las lecturas sencillas de Sancho. Por m\u00e1s que cite innumerables plantas u otros seres vivos no se queda ah\u00ed; delimita comportamientos y relaciones entre ellos que denotan el inter\u00e9s del autor por invitarnos a buscar qu\u00e9 hay detr\u00e1s de muchas im\u00e1genes que presenta. Ambos personajes principales ven cosas distintas en lo mismo. Para cualquiera que viviese por aquellos a\u00f1os esas tierras compondr\u00edan unas caracter\u00edsticas morfol\u00f3gicas determinadas, otras art\u00edsticas o pl\u00e1sticas, muchas simplemente serviles. En buena parte de los casos estar\u00edan ligadas con la supervivencia, algo que no perteneci\u00f3 en exclusiva a los hombres y mujeres primitivos. Pero siempre est\u00e1 en mudanza. De ah\u00ed que algo diferente encontraron Azor\u00edn, que hizo la ruta del Quijote hacia 1905, y Julio Llamazares que la repiti\u00f3, m\u00e1s o menos, 100 a\u00f1os m\u00e1s tarde. Ambos iban con un encargo editorial, con una predisposici\u00f3n muy diferente a quienes visiten aquellos lugares en este 2022 desprovistos de anhelos.<\/p>\n<p>Observar un paisaje es construir puentes con \u00e9l. La forma del puente no es lo m\u00e1s importante pero s\u00ed es necesario que sea seguro, que quien observa atraviese ese puente dispuesto a enriquecer su perspectiva. Por eso sirven poco las fotograf\u00edas de otros, o las que enviemos nosotros mismos, que acaban almacenadas en la memoria del m\u00f3vil, sin recibir nuevas visitas interpretativas. Tambi\u00e9n el alumnado necesita cierta habilidad para componer un bosquejo mental que enriquezca situaciones similares vividas con antelaci\u00f3n. En cierta forma, todos y cada uno de los buceos en el paisaje, desde la infancia, son huecos que a la vez suponen una experimentaci\u00f3n en la propia concepci\u00f3n. As\u00ed se evita que se disuelva el eco del paisaje. Incluso hay ni\u00f1os y ni\u00f1as que aman el paisaje por su impacto mental.<br \/>\nEstos d\u00edas puede que tanto el alumnado como el profesorado est\u00e9 preparando una salida r\u00e1pida hacia paisajes menos urbanos, para librarse un poco de las ataduras pand\u00e9micas. Animamos a la atenta escucha sobre lo que el paisaje habla, incluso con vivacidad en ciertos momentos. Si as\u00ed fuese se facilitar\u00eda el tr\u00e1nsito desde una primera aproximaci\u00f3n emocional hasta la mirada cr\u00edtica con precisi\u00f3n y rigor.<\/p>\n<p>Paisajes de verano para retomar durante el curso. Paisajes de todo el a\u00f1o impregnan la literatura. Pero buena parte del alumnado mantiene una idealizaci\u00f3n del paisaje en forma de los bosques, la sublime expresi\u00f3n de la naturaleza virgen. Daban cobijo y procuraban frutos y materiales diversos. Pero tambi\u00e9n albergaban alima\u00f1as. Al menos eso contaban los cuentos infantiles. Al propio tiempo, los bosques se llenaron de supersticiones o tomaron cuerpo social en las leyendas y religiones. Por la cabeza ronda <em>El bosque animado<\/em> de Wenceslao Fern\u00e1ndez Fl\u00f3rez. Tan plenos de relaciones internas que superan la belleza y grandiosidad del bosque animado de vida, por donde transitaban en procesi\u00f3n nocturna incluso las \u00e1nimas. Paisajes de d\u00eda que son diferentes de noche. Algo as\u00ed nos sucede cuando tratamos de atrapar un paisaje, luego ser\u00e1 que lo trascendente viene tambi\u00e9n de la persona que mira, que lo almacena junto a experiencias previas. Preguntemos al alumnado, hagamos nuestro examen propio sobre lo que recordamos de tal o cual paisaje.<\/p>\n<p>El paisaje siempre es dicot\u00f3mico, incluso para los no profesionales de la ciencia que miran sus alrededores e intentan encajar su presencia en ellos. En esta percepci\u00f3n cultural siempre gana lo que se ve, para eso nos dejaron las gafas de la espectacularidad. Por eso se prefieren los bosques o las selvas potenciadas de las pel\u00edculas. Repasemos la propia existencia o las veces que hemos hablado del paisaje con ni\u00f1os y j\u00f3venes. Entremedio de esta percepci\u00f3n, acaso est\u00e1n aquellos rescoldos del miedo a los bosques que aparecen, por ejemplo, en cuentos como <em>Caperucita Roja<\/em> de Perrault o <em>Garbancito\/Pulgarcito<\/em>, de autor\u00eda poco clara. Tambi\u00e9n llegaron otras visiones como las de J.R.R. Tolkien o las leyendas de Washintong Irving. O aquellas donde el bosque es el protagonista en <em>Wood\u2019s Town<\/em> de Alphonse Daudet. C\u00f3mo no citar aqu\u00ed \u201cEl Infierno\u201d de la <em>Divina Comedia<\/em> de Dante Alighieri, que empieza por los versos siguientes: \u00abEn medio del camino de nuestra vida me encontr\u00e9 en un obscuro bosque, ya que la v\u00eda recta estaba perdida. \u00a1Ah que decir, cu\u00e1n dif\u00edcil era y es este bosque salvaje, \u00e1spero y fuerte, que en el pensamiento renueva el miedo\u2026 \u00ab. Si el profesorado todav\u00eda no ha recorrido esos paisajes ya va siendo hora de que lo haga.<\/p>\n<figure id=\"attachment_794\" aria-describedby=\"caption-attachment-794\" style=\"width: 420px\" class=\"wp-caption alignright\"><img loading=\"lazy\" decoding=\"async\" class=\"wp-image-794\" src=\"https:\/\/gracious-carson.82-223-1-47.plesk.page\/ecoescuela-abierta\/wp-content\/uploads\/sites\/17\/2022\/06\/1012px-Pieter_Bruegel_the_Elder_-_Hunters_in_the_Snow_Winter_-_Google_Art_Project-300x213.jpg\" alt=\"\" width=\"420\" height=\"299\" srcset=\"https:\/\/eldiariodelaeducacion.com\/ecoescuela-abierta\/wp-content\/uploads\/sites\/17\/2022\/06\/1012px-Pieter_Bruegel_the_Elder_-_Hunters_in_the_Snow_Winter_-_Google_Art_Project-300x213.jpg 300w, https:\/\/eldiariodelaeducacion.com\/ecoescuela-abierta\/wp-content\/uploads\/sites\/17\/2022\/06\/1012px-Pieter_Bruegel_the_Elder_-_Hunters_in_the_Snow_Winter_-_Google_Art_Project-768x546.jpg 768w, https:\/\/eldiariodelaeducacion.com\/ecoescuela-abierta\/wp-content\/uploads\/sites\/17\/2022\/06\/1012px-Pieter_Bruegel_the_Elder_-_Hunters_in_the_Snow_Winter_-_Google_Art_Project-150x107.jpg 150w, https:\/\/eldiariodelaeducacion.com\/ecoescuela-abierta\/wp-content\/uploads\/sites\/17\/2022\/06\/1012px-Pieter_Bruegel_the_Elder_-_Hunters_in_the_Snow_Winter_-_Google_Art_Project-450x320.jpg 450w, https:\/\/eldiariodelaeducacion.com\/ecoescuela-abierta\/wp-content\/uploads\/sites\/17\/2022\/06\/1012px-Pieter_Bruegel_the_Elder_-_Hunters_in_the_Snow_Winter_-_Google_Art_Project.jpg 1012w\" sizes=\"(max-width: 420px) 100vw, 420px\" \/><figcaption id=\"caption-attachment-794\" class=\"wp-caption-text\">Cazadores en la nieve. Peter Bruegel el Viejo. Wikipedia<\/figcaption><\/figure>\n<p>El paisaje es muchos paisajes, visibles u ocultos. Sin personas o con ellas. Personalmente me quedo con las escenas de vida y paisajes que suponen los cuadros de Pieter Brueghel, el Viejo. No faltaron quienes ve\u00edan en el bosque la idealizaci\u00f3n de la vida como el americano <a href=\"https:\/\/eldiariodelaeducacion.com\/2017\/07\/12\/henry-david-thoreau-200-anos-de-un-maestro-de-la-desobediencia\/\">Henry Thoreau<\/a>. Muchas percepciones diferentes del paisaje ahora plasmado en esas fotograf\u00edas que cualquier excursionista, que no asegura que sea lector del paisaje, env\u00eda por wasap a sus amistades. Imposible que estas capten lo mismo que la persona que se la envi\u00f3; son solamente estampas de cari\u00f1o y a veces generadoras de envidia. Si usamos criterios de lectura poco profundos no alcanzamos a ver qu\u00e9 hay detr\u00e1s. \u00bfSer\u00e1 algo parecido a lo qu\u00e9 tendr\u00edan en la mente detr\u00e1s de la culminaci\u00f3n de una pintura los paisajistas holandeses del XVII o brit\u00e1nicos del XIX como Joseph W. Turner o John Constable? Proyectemos paisajes de Thomas Cole, donde parece que hay varios cuadros dentro del mismo, realista o espiritual.<\/p>\n<p>Por el contrario, la matriz ambiental es otra en la nada llamativa imagen de la estepa monegrina, que Orwell denost\u00f3 en <em>Viaje a Catalu\u00f1a<\/em>, por su pobreza paisaj\u00edstica, normal en un brit\u00e1nico acostumbrado al verde lujurioso de su pa\u00eds. Esa estepa anodina para Orwell fue singularizada en forma de territorio con una configuraci\u00f3n espacial concreta, en el paisaje presentado por Luis Bu\u00f1uel, en la pel\u00edcula <em>La novia de Paula Ortiz<\/em> y, c\u00f3mo no citarlo, en el regalo paisaj\u00edstico y social de <em>Jam\u00f3n, Jam\u00f3n<\/em> de Bigas Luna. No debemos olvidarnos del paisaje identificativo de las pel\u00edculas del oeste rodadas en escenarios espa\u00f1oles en donde se ense\u00f1orean el tomillo u otras plantas xer\u00f3filas. Qu\u00e9 bien nos ir\u00eda entender ese paisaje duro natural y social que presentan Ram\u00f3n J. Sender en <em>El lugar de un hombre<\/em> o Jes\u00fas Carrasco en <em>Intemperie<\/em> u otros muchos, que s\u00ed se leen en los grupos de lectura de los institutos. Hay tantas posibilidades de cita que nos vamos a quedar aqu\u00ed. Con el tiempo, quienes sean gente le\u00edda e interesada ver\u00e1n algo m\u00e1s: la biodiversidad y el conjunto, marcadas por unas se\u00f1ales que la luz, el horizonte o alg\u00fan elemento peculiar que d\u00e9 singularidad al enclave. Incluso el desierto pas\u00f3 de ser ignorado a fascinante por medio del cine, entre Laurence de Arabia, al final un amante del desierto, e Indiana Jones, que hizo del desierto de Almer\u00eda un plat\u00f3 de sensaciones.<\/p>\n<figure id=\"attachment_795\" aria-describedby=\"caption-attachment-795\" style=\"width: 820px\" class=\"wp-caption alignnone\"><img loading=\"lazy\" decoding=\"async\" class=\"wp-image-795\" src=\"https:\/\/gracious-carson.82-223-1-47.plesk.page\/ecoescuela-abierta\/wp-content\/uploads\/sites\/17\/2022\/06\/Desierto_de_los_Monegros1-1-300x169.jpg\" alt=\"\" width=\"820\" height=\"461\" \/><figcaption id=\"caption-attachment-795\" class=\"wp-caption-text\">Desierto de los Monegros. Wikipedia<\/figcaption><\/figure>\n<p>Paisaje y paisanaje que nos ense\u00f1\u00f3 nuestro admirado Jos\u00e9 A. Labordeta. \u00c9l mismo manifestaba que somos los paisajes, en plural, que hemos vivido. Este poeta de impresiones, de intuiciones le\u00eda sus alrededores, interiorizaba buena parte de ellos. Los de su \u201cArag\u00f3n de polvo, niebla, viento y sol\u201d que acompa\u00f1an tanto al habitante como al transe\u00fante; por eso mezclar\u00eda la naturaleza y el hombre. Sin bien muchas veces si disocian los personajes para que no estropeen la fotograf\u00eda en los paisajes naturales. Labordeta no lo hac\u00eda, por eso nos llenan de recuerdos sus viajes por Espa\u00f1a en Rtve armado de su verbo y su mochila. Tambi\u00e9n sus canciones que pintan el alma inquieta, enriquecida con los paisajes interpretados. Seguro que para \u00e9l, el paisaje ser\u00eda un verso de su poes\u00eda que se va creando a s\u00ed mismo, como apuntaba Virginia Wolf.<\/p>\n<p>\u00bfQu\u00e9 dir\u00edamos del paisaje urbano de Paul Klee? O de las composiciones <a href=\"https:\/\/www.elagoradiario.com\/agora-forum\/a-style\/arte\/kandinsky-mondrian-arte-naturaleza-abstraccion-paisajee-a-la-abstraccion\/\">de Kandinsky y Mondrian<\/a> que ni siquiera tienen t\u00edtulo explicativo, como si ambos pintores hubiesen querido que nosotros descubri\u00e9semos sus interiores. Seguro que necesitamos actualizar otras claves para la interpretaci\u00f3n del paisaje. Llev\u00e9moslos a clase para que el alumnado los interprete en relaci\u00f3n a sus sentimientos o a lo visto durante el verano. Es posible que todos empecemos a entender que el paisaje es un conjunto complejo, que son muchas modalidades de ver pero, sobre todo, que no solo es un territorio escenogr\u00e1fico sino un conjunto de interacciones m\u00e1s o menos visibles, claras. Lo esencial es invisible a los ojos, manifestaba <em>El Principito<\/em> de Saint-Exup\u00e9ry. Nuestra imaginaci\u00f3n es la que ve y no solo los ojos. Nunca se nos olvidar\u00e1 la similitud de las ense\u00f1anzas de Miguel Delibes que apuntaba al ver un paisaje, por muy conocido que fuera: no perder nunca la capacidad de sorprenderse. Hagamos una galer\u00eda de obras que pintan los paisajes espa\u00f1oles contempor\u00e1neos como por ejemplo las de Albacete, Arroyo, Gordillo, Luis P\u00e9rez o Consuelo Hern\u00e1ndez: diversidad, belleza, sentimientos y vida propia en cada autor-a.<\/p>\n<p>Se necesita cierta habilidad para componer un bosquejo mental que enriquezca situaciones similares vividas con antelaci\u00f3n y lo a\u00f1ada al bagaje cultural interpretativo. En cierta forma, todos y cada uno de los buceos en el paisaje son huecos que a la vez suponen una experimentaci\u00f3n en la propia concepci\u00f3n. As\u00ed se evita que se disuelva el eco del paisaje.<\/p>\n<p>El arte del paisaje tiene cabida en cualquier curso educativo. Si bien en la Lomloe, con siete citas solamente en primaria cuando podr\u00eda ser un m\u00f3dulo curricular preferente, prevalecen lecturas tradicionales y clasificaciones varias, poco novedosas. Aunque lo han encuadrado dentro de \u201cRetos del mundo actual\u201d (sic) no se ve as\u00ed. Menos mal que despu\u00e9s lo han metido 3 o 4 veces en conciencia ecosocial. En fin, mucho por hacer. Ha faltado un atrevimiento para resaltar la ecodependencia e interdependencia, las personas dentro del paisaje interpretan y hacen paisaje. Al menos a modo de conjetura para investigar. \u00a1Soltemos al alumnado a recorrer paisajes y d\u00e9mosles libertad de interpretaci\u00f3n! No es imprescindible salir fuera del centro para conseguirlo. Podemos experimentar invit\u00e1ndoles a que pongan t\u00edtulo a algunas l\u00e1minas seleccionadas. Proyectadas una a una en la PDI invitan a compartir lo visto por cada uno o una y darle un sentido colectivo.<\/p>\n<p>Saber mirar, ser capaz de componer un bosquejo mental que enriquece situaciones parecidas vividas antes y las que se mantendr\u00e1n despu\u00e9s. En cierta forma son huecos de experimentaci\u00f3n de la mente propia. El magisterio del paisaje, s\u00ed, existe, se rastrea en un mundo ruralizado, sin pervertir demasiado por la acci\u00f3n antr\u00f3pica. Algo similar a aquel del que formaba parte Daniel, el Mochuelo, en <em>El camino<\/em> de Miguel Delibes. Ese que buscamos en las salidas expansivas que organizan los centros que solamente toman forma cuando compartimos vivencias con otros lectores o lectoras del paisaje. El profesorado ha de hacer un esfuerzo por aprender a ver, por ense\u00f1ar a ver que cada cual aprende cosas diferentes, o le damos m\u00e1s importancia a unas que otras. Como en aquella antigua serie de RTVE \u201c<a href=\"https:\/\/www.rtve.es\/play\/audios\/paisaje-con-figuras\/\">Paisajes con figuras<\/a>\u201d, dirigida por Mario Camus y con guiones de Antonio Gala, accesibles f\u00e1cilmente v\u00eda Youtube.<br \/>\nSolo por todo esto, hay mucho m\u00e1s que se podr\u00eda decir, a disfrutar de paisaje visto desde dentro para contarlo con emoci\u00f3n a la vuelta del verano. Al final, queda esta propuesta escolar para que cada maestra o maestro tome una parte o el todo. Lo importante es ensayar una mirada del paisaje desde dentro.<\/p>\n<p>\u00a1Felices vacaciones!<\/p>\n","protected":false},"excerpt":{"rendered":"<p>Prestos a tomar las deseadas vacaciones nos permitimos abrir ventanas de observaci\u00f3n para que tanto el profesorado como el alumnado vuelvan en septiembre con nuevas sensaciones sobre los paisajes que han visitado. Esta podr\u00eda ser la primera lecci\u00f3n escolar que sin duda ampliar\u00e1 las experiencias en unos debates y proyectos de trabajo compartidos dentro de<\/p>\n","protected":false},"author":139,"featured_media":798,"comment_status":"open","ping_status":"closed","sticky":false,"template":"","format":"standard","meta":{"footnotes":""},"categories":[16],"tags":[],"tipo":[41],"class_list":{"0":"post-790","1":"post","2":"type-post","3":"status-publish","4":"format-standard","5":"has-post-thumbnail","7":"category-ecoescuela-abierta","8":"tipo-reportaje"},"yoast_head":"<!-- This site is optimized with the Yoast SEO plugin v27.5 - https:\/\/yoast.com\/product\/yoast-seo-wordpress\/ -->\n<title>El arte, paisaje y emociones: una propuesta escolar - Ecoescuela Abierta<\/title>\n<meta name=\"robots\" content=\"index, follow, max-snippet:-1, max-image-preview:large, max-video-preview:-1\" \/>\n<link rel=\"canonical\" href=\"https:\/\/eldiariodelaeducacion.com\/ecoescuela-abierta\/2022\/06\/28\/el-arte-paisaje-y-emociones-una-propuesta-escolar\/\" \/>\n<meta property=\"og:locale\" content=\"es_ES\" \/>\n<meta property=\"og:type\" content=\"article\" \/>\n<meta property=\"og:title\" content=\"El arte, paisaje y emociones: una propuesta escolar - Ecoescuela Abierta\" \/>\n<meta property=\"og:description\" content=\"Prestos a tomar las deseadas vacaciones nos permitimos abrir ventanas de observaci\u00f3n para que tanto el profesorado como el alumnado vuelvan en septiembre con nuevas sensaciones sobre los paisajes que han visitado. Esta podr\u00eda ser la primera lecci\u00f3n escolar que sin duda ampliar\u00e1 las experiencias en unos debates y proyectos de trabajo compartidos dentro de\" \/>\n<meta property=\"og:url\" content=\"https:\/\/eldiariodelaeducacion.com\/ecoescuela-abierta\/2022\/06\/28\/el-arte-paisaje-y-emociones-una-propuesta-escolar\/\" \/>\n<meta property=\"og:site_name\" content=\"Ecoescuela Abierta\" \/>\n<meta property=\"article:published_time\" content=\"2022-06-28T05:00:35+00:00\" \/>\n<meta property=\"article:modified_time\" content=\"2024-08-20T14:24:25+00:00\" \/>\n<meta property=\"og:image\" content=\"https:\/\/eldiariodelaeducacion.com\/ecoescuela-abierta\/wp-content\/uploads\/sites\/17\/2022\/06\/Copia-de-Copia-de-Diseno-sin-nombre-1.jpg\" \/>\n\t<meta property=\"og:image:width\" content=\"2000\" \/>\n\t<meta property=\"og:image:height\" content=\"1600\" \/>\n\t<meta property=\"og:image:type\" content=\"image\/jpeg\" \/>\n<meta name=\"author\" content=\"Carmelo Marc\u00e9n Albero\" \/>\n<meta name=\"twitter:card\" content=\"summary_large_image\" \/>\n<meta name=\"twitter:label1\" content=\"Escrito por\" \/>\n\t<meta name=\"twitter:data1\" content=\"Carmelo Marc\u00e9n Albero\" \/>\n\t<meta name=\"twitter:label2\" content=\"Tiempo de lectura\" \/>\n\t<meta name=\"twitter:data2\" content=\"17 minutos\" \/>\n<script type=\"application\/ld+json\" class=\"yoast-schema-graph\">{\"@context\":\"https:\\\/\\\/schema.org\",\"@graph\":[{\"@type\":\"Article\",\"@id\":\"https:\\\/\\\/eldiariodelaeducacion.com\\\/ecoescuela-abierta\\\/2022\\\/06\\\/28\\\/el-arte-paisaje-y-emociones-una-propuesta-escolar\\\/#article\",\"isPartOf\":{\"@id\":\"https:\\\/\\\/eldiariodelaeducacion.com\\\/ecoescuela-abierta\\\/2022\\\/06\\\/28\\\/el-arte-paisaje-y-emociones-una-propuesta-escolar\\\/\"},\"author\":{\"name\":\"Carmelo Marc\u00e9n Albero\",\"@id\":\"https:\\\/\\\/eldiariodelaeducacion.com\\\/ecoescuela-abierta\\\/#\\\/schema\\\/person\\\/04802fc4b356ebb6d2b49d88d0cbda81\"},\"headline\":\"El arte, paisaje y emociones: una propuesta escolar\",\"datePublished\":\"2022-06-28T05:00:35+00:00\",\"dateModified\":\"2024-08-20T14:24:25+00:00\",\"mainEntityOfPage\":{\"@id\":\"https:\\\/\\\/eldiariodelaeducacion.com\\\/ecoescuela-abierta\\\/2022\\\/06\\\/28\\\/el-arte-paisaje-y-emociones-una-propuesta-escolar\\\/\"},\"wordCount\":3344,\"commentCount\":0,\"image\":{\"@id\":\"https:\\\/\\\/eldiariodelaeducacion.com\\\/ecoescuela-abierta\\\/2022\\\/06\\\/28\\\/el-arte-paisaje-y-emociones-una-propuesta-escolar\\\/#primaryimage\"},\"thumbnailUrl\":\"https:\\\/\\\/eldiariodelaeducacion.com\\\/ecoescuela-abierta\\\/wp-content\\\/uploads\\\/sites\\\/17\\\/2022\\\/06\\\/Copia-de-Copia-de-Diseno-sin-nombre-1.jpg\",\"articleSection\":[\"Ecoescuela abierta\"],\"inLanguage\":\"es\",\"potentialAction\":[{\"@type\":\"CommentAction\",\"name\":\"Comment\",\"target\":[\"https:\\\/\\\/eldiariodelaeducacion.com\\\/ecoescuela-abierta\\\/2022\\\/06\\\/28\\\/el-arte-paisaje-y-emociones-una-propuesta-escolar\\\/#respond\"]}]},{\"@type\":\"WebPage\",\"@id\":\"https:\\\/\\\/eldiariodelaeducacion.com\\\/ecoescuela-abierta\\\/2022\\\/06\\\/28\\\/el-arte-paisaje-y-emociones-una-propuesta-escolar\\\/\",\"url\":\"https:\\\/\\\/eldiariodelaeducacion.com\\\/ecoescuela-abierta\\\/2022\\\/06\\\/28\\\/el-arte-paisaje-y-emociones-una-propuesta-escolar\\\/\",\"name\":\"El arte, paisaje y emociones: una propuesta escolar - Ecoescuela Abierta\",\"isPartOf\":{\"@id\":\"https:\\\/\\\/eldiariodelaeducacion.com\\\/ecoescuela-abierta\\\/#website\"},\"primaryImageOfPage\":{\"@id\":\"https:\\\/\\\/eldiariodelaeducacion.com\\\/ecoescuela-abierta\\\/2022\\\/06\\\/28\\\/el-arte-paisaje-y-emociones-una-propuesta-escolar\\\/#primaryimage\"},\"image\":{\"@id\":\"https:\\\/\\\/eldiariodelaeducacion.com\\\/ecoescuela-abierta\\\/2022\\\/06\\\/28\\\/el-arte-paisaje-y-emociones-una-propuesta-escolar\\\/#primaryimage\"},\"thumbnailUrl\":\"https:\\\/\\\/eldiariodelaeducacion.com\\\/ecoescuela-abierta\\\/wp-content\\\/uploads\\\/sites\\\/17\\\/2022\\\/06\\\/Copia-de-Copia-de-Diseno-sin-nombre-1.jpg\",\"datePublished\":\"2022-06-28T05:00:35+00:00\",\"dateModified\":\"2024-08-20T14:24:25+00:00\",\"author\":{\"@id\":\"https:\\\/\\\/eldiariodelaeducacion.com\\\/ecoescuela-abierta\\\/#\\\/schema\\\/person\\\/04802fc4b356ebb6d2b49d88d0cbda81\"},\"breadcrumb\":{\"@id\":\"https:\\\/\\\/eldiariodelaeducacion.com\\\/ecoescuela-abierta\\\/2022\\\/06\\\/28\\\/el-arte-paisaje-y-emociones-una-propuesta-escolar\\\/#breadcrumb\"},\"inLanguage\":\"es\",\"potentialAction\":[{\"@type\":\"ReadAction\",\"target\":[\"https:\\\/\\\/eldiariodelaeducacion.com\\\/ecoescuela-abierta\\\/2022\\\/06\\\/28\\\/el-arte-paisaje-y-emociones-una-propuesta-escolar\\\/\"]}]},{\"@type\":\"ImageObject\",\"inLanguage\":\"es\",\"@id\":\"https:\\\/\\\/eldiariodelaeducacion.com\\\/ecoescuela-abierta\\\/2022\\\/06\\\/28\\\/el-arte-paisaje-y-emociones-una-propuesta-escolar\\\/#primaryimage\",\"url\":\"https:\\\/\\\/eldiariodelaeducacion.com\\\/ecoescuela-abierta\\\/wp-content\\\/uploads\\\/sites\\\/17\\\/2022\\\/06\\\/Copia-de-Copia-de-Diseno-sin-nombre-1.jpg\",\"contentUrl\":\"https:\\\/\\\/eldiariodelaeducacion.com\\\/ecoescuela-abierta\\\/wp-content\\\/uploads\\\/sites\\\/17\\\/2022\\\/06\\\/Copia-de-Copia-de-Diseno-sin-nombre-1.jpg\",\"width\":2000,\"height\":1600},{\"@type\":\"BreadcrumbList\",\"@id\":\"https:\\\/\\\/eldiariodelaeducacion.com\\\/ecoescuela-abierta\\\/2022\\\/06\\\/28\\\/el-arte-paisaje-y-emociones-una-propuesta-escolar\\\/#breadcrumb\",\"itemListElement\":[{\"@type\":\"ListItem\",\"position\":1,\"name\":\"Portada\",\"item\":\"https:\\\/\\\/eldiariodelaeducacion.com\\\/ecoescuela-abierta\\\/\"},{\"@type\":\"ListItem\",\"position\":2,\"name\":\"El arte, paisaje y emociones: una propuesta escolar\"}]},{\"@type\":\"WebSite\",\"@id\":\"https:\\\/\\\/eldiariodelaeducacion.com\\\/ecoescuela-abierta\\\/#website\",\"url\":\"https:\\\/\\\/eldiariodelaeducacion.com\\\/ecoescuela-abierta\\\/\",\"name\":\"Ecoescuela Abierta\",\"description\":\"Un blog de El Diario de la Educaci\u00f3n\",\"potentialAction\":[{\"@type\":\"SearchAction\",\"target\":{\"@type\":\"EntryPoint\",\"urlTemplate\":\"https:\\\/\\\/eldiariodelaeducacion.com\\\/ecoescuela-abierta\\\/?s={search_term_string}\"},\"query-input\":{\"@type\":\"PropertyValueSpecification\",\"valueRequired\":true,\"valueName\":\"search_term_string\"}}],\"inLanguage\":\"es\"},{\"@type\":\"Person\",\"@id\":\"https:\\\/\\\/eldiariodelaeducacion.com\\\/ecoescuela-abierta\\\/#\\\/schema\\\/person\\\/04802fc4b356ebb6d2b49d88d0cbda81\",\"name\":\"Carmelo Marc\u00e9n Albero\",\"image\":{\"@type\":\"ImageObject\",\"inLanguage\":\"es\",\"@id\":\"https:\\\/\\\/secure.gravatar.com\\\/avatar\\\/865a2af25fe07fb65d216fd84d395acb9d5e4afe79a03f8cb07ea1546723465e?s=96&d=mm&r=g\",\"url\":\"https:\\\/\\\/secure.gravatar.com\\\/avatar\\\/865a2af25fe07fb65d216fd84d395acb9d5e4afe79a03f8cb07ea1546723465e?s=96&d=mm&r=g\",\"contentUrl\":\"https:\\\/\\\/secure.gravatar.com\\\/avatar\\\/865a2af25fe07fb65d216fd84d395acb9d5e4afe79a03f8cb07ea1546723465e?s=96&d=mm&r=g\",\"caption\":\"Carmelo Marc\u00e9n Albero\"},\"description\":\"Adem\u00e1s de profesor y articulista, es experto en educaci\u00f3n ambiental. Gracias a \u00e9l nos preguntaremos c\u00f3mo las escuelas pueden reflexionar y trasladar estas preocupaciones a su alumnado, a sus docentes. Su \u00faltimo libro, 'Ecorrelatos inacabados, sin fecha de caducidad acerca' con una iron\u00eda suave algunas de esas tem\u00e1ticas.\",\"url\":\"https:\\\/\\\/eldiariodelaeducacion.com\\\/ecoescuela-abierta\\\/author\\\/carmelo-marcen-albero\\\/\"}]}<\/script>\n<!-- \/ Yoast SEO plugin. -->","yoast_head_json":{"title":"El arte, paisaje y emociones: una propuesta escolar - Ecoescuela Abierta","robots":{"index":"index","follow":"follow","max-snippet":"max-snippet:-1","max-image-preview":"max-image-preview:large","max-video-preview":"max-video-preview:-1"},"canonical":"https:\/\/eldiariodelaeducacion.com\/ecoescuela-abierta\/2022\/06\/28\/el-arte-paisaje-y-emociones-una-propuesta-escolar\/","og_locale":"es_ES","og_type":"article","og_title":"El arte, paisaje y emociones: una propuesta escolar - Ecoescuela Abierta","og_description":"Prestos a tomar las deseadas vacaciones nos permitimos abrir ventanas de observaci\u00f3n para que tanto el profesorado como el alumnado vuelvan en septiembre con nuevas sensaciones sobre los paisajes que han visitado. Esta podr\u00eda ser la primera lecci\u00f3n escolar que sin duda ampliar\u00e1 las experiencias en unos debates y proyectos de trabajo compartidos dentro de","og_url":"https:\/\/eldiariodelaeducacion.com\/ecoescuela-abierta\/2022\/06\/28\/el-arte-paisaje-y-emociones-una-propuesta-escolar\/","og_site_name":"Ecoescuela Abierta","article_published_time":"2022-06-28T05:00:35+00:00","article_modified_time":"2024-08-20T14:24:25+00:00","og_image":[{"width":2000,"height":1600,"url":"https:\/\/eldiariodelaeducacion.com\/ecoescuela-abierta\/wp-content\/uploads\/sites\/17\/2022\/06\/Copia-de-Copia-de-Diseno-sin-nombre-1.jpg","type":"image\/jpeg"}],"author":"Carmelo Marc\u00e9n Albero","twitter_card":"summary_large_image","twitter_misc":{"Escrito por":"Carmelo Marc\u00e9n Albero","Tiempo de lectura":"17 minutos"},"schema":{"@context":"https:\/\/schema.org","@graph":[{"@type":"Article","@id":"https:\/\/eldiariodelaeducacion.com\/ecoescuela-abierta\/2022\/06\/28\/el-arte-paisaje-y-emociones-una-propuesta-escolar\/#article","isPartOf":{"@id":"https:\/\/eldiariodelaeducacion.com\/ecoescuela-abierta\/2022\/06\/28\/el-arte-paisaje-y-emociones-una-propuesta-escolar\/"},"author":{"name":"Carmelo Marc\u00e9n Albero","@id":"https:\/\/eldiariodelaeducacion.com\/ecoescuela-abierta\/#\/schema\/person\/04802fc4b356ebb6d2b49d88d0cbda81"},"headline":"El arte, paisaje y emociones: una propuesta escolar","datePublished":"2022-06-28T05:00:35+00:00","dateModified":"2024-08-20T14:24:25+00:00","mainEntityOfPage":{"@id":"https:\/\/eldiariodelaeducacion.com\/ecoescuela-abierta\/2022\/06\/28\/el-arte-paisaje-y-emociones-una-propuesta-escolar\/"},"wordCount":3344,"commentCount":0,"image":{"@id":"https:\/\/eldiariodelaeducacion.com\/ecoescuela-abierta\/2022\/06\/28\/el-arte-paisaje-y-emociones-una-propuesta-escolar\/#primaryimage"},"thumbnailUrl":"https:\/\/eldiariodelaeducacion.com\/ecoescuela-abierta\/wp-content\/uploads\/sites\/17\/2022\/06\/Copia-de-Copia-de-Diseno-sin-nombre-1.jpg","articleSection":["Ecoescuela abierta"],"inLanguage":"es","potentialAction":[{"@type":"CommentAction","name":"Comment","target":["https:\/\/eldiariodelaeducacion.com\/ecoescuela-abierta\/2022\/06\/28\/el-arte-paisaje-y-emociones-una-propuesta-escolar\/#respond"]}]},{"@type":"WebPage","@id":"https:\/\/eldiariodelaeducacion.com\/ecoescuela-abierta\/2022\/06\/28\/el-arte-paisaje-y-emociones-una-propuesta-escolar\/","url":"https:\/\/eldiariodelaeducacion.com\/ecoescuela-abierta\/2022\/06\/28\/el-arte-paisaje-y-emociones-una-propuesta-escolar\/","name":"El arte, paisaje y emociones: una propuesta escolar - Ecoescuela Abierta","isPartOf":{"@id":"https:\/\/eldiariodelaeducacion.com\/ecoescuela-abierta\/#website"},"primaryImageOfPage":{"@id":"https:\/\/eldiariodelaeducacion.com\/ecoescuela-abierta\/2022\/06\/28\/el-arte-paisaje-y-emociones-una-propuesta-escolar\/#primaryimage"},"image":{"@id":"https:\/\/eldiariodelaeducacion.com\/ecoescuela-abierta\/2022\/06\/28\/el-arte-paisaje-y-emociones-una-propuesta-escolar\/#primaryimage"},"thumbnailUrl":"https:\/\/eldiariodelaeducacion.com\/ecoescuela-abierta\/wp-content\/uploads\/sites\/17\/2022\/06\/Copia-de-Copia-de-Diseno-sin-nombre-1.jpg","datePublished":"2022-06-28T05:00:35+00:00","dateModified":"2024-08-20T14:24:25+00:00","author":{"@id":"https:\/\/eldiariodelaeducacion.com\/ecoescuela-abierta\/#\/schema\/person\/04802fc4b356ebb6d2b49d88d0cbda81"},"breadcrumb":{"@id":"https:\/\/eldiariodelaeducacion.com\/ecoescuela-abierta\/2022\/06\/28\/el-arte-paisaje-y-emociones-una-propuesta-escolar\/#breadcrumb"},"inLanguage":"es","potentialAction":[{"@type":"ReadAction","target":["https:\/\/eldiariodelaeducacion.com\/ecoescuela-abierta\/2022\/06\/28\/el-arte-paisaje-y-emociones-una-propuesta-escolar\/"]}]},{"@type":"ImageObject","inLanguage":"es","@id":"https:\/\/eldiariodelaeducacion.com\/ecoescuela-abierta\/2022\/06\/28\/el-arte-paisaje-y-emociones-una-propuesta-escolar\/#primaryimage","url":"https:\/\/eldiariodelaeducacion.com\/ecoescuela-abierta\/wp-content\/uploads\/sites\/17\/2022\/06\/Copia-de-Copia-de-Diseno-sin-nombre-1.jpg","contentUrl":"https:\/\/eldiariodelaeducacion.com\/ecoescuela-abierta\/wp-content\/uploads\/sites\/17\/2022\/06\/Copia-de-Copia-de-Diseno-sin-nombre-1.jpg","width":2000,"height":1600},{"@type":"BreadcrumbList","@id":"https:\/\/eldiariodelaeducacion.com\/ecoescuela-abierta\/2022\/06\/28\/el-arte-paisaje-y-emociones-una-propuesta-escolar\/#breadcrumb","itemListElement":[{"@type":"ListItem","position":1,"name":"Portada","item":"https:\/\/eldiariodelaeducacion.com\/ecoescuela-abierta\/"},{"@type":"ListItem","position":2,"name":"El arte, paisaje y emociones: una propuesta escolar"}]},{"@type":"WebSite","@id":"https:\/\/eldiariodelaeducacion.com\/ecoescuela-abierta\/#website","url":"https:\/\/eldiariodelaeducacion.com\/ecoescuela-abierta\/","name":"Ecoescuela Abierta","description":"Un blog de El Diario de la Educaci\u00f3n","potentialAction":[{"@type":"SearchAction","target":{"@type":"EntryPoint","urlTemplate":"https:\/\/eldiariodelaeducacion.com\/ecoescuela-abierta\/?s={search_term_string}"},"query-input":{"@type":"PropertyValueSpecification","valueRequired":true,"valueName":"search_term_string"}}],"inLanguage":"es"},{"@type":"Person","@id":"https:\/\/eldiariodelaeducacion.com\/ecoescuela-abierta\/#\/schema\/person\/04802fc4b356ebb6d2b49d88d0cbda81","name":"Carmelo Marc\u00e9n Albero","image":{"@type":"ImageObject","inLanguage":"es","@id":"https:\/\/secure.gravatar.com\/avatar\/865a2af25fe07fb65d216fd84d395acb9d5e4afe79a03f8cb07ea1546723465e?s=96&d=mm&r=g","url":"https:\/\/secure.gravatar.com\/avatar\/865a2af25fe07fb65d216fd84d395acb9d5e4afe79a03f8cb07ea1546723465e?s=96&d=mm&r=g","contentUrl":"https:\/\/secure.gravatar.com\/avatar\/865a2af25fe07fb65d216fd84d395acb9d5e4afe79a03f8cb07ea1546723465e?s=96&d=mm&r=g","caption":"Carmelo Marc\u00e9n Albero"},"description":"Adem\u00e1s de profesor y articulista, es experto en educaci\u00f3n ambiental. Gracias a \u00e9l nos preguntaremos c\u00f3mo las escuelas pueden reflexionar y trasladar estas preocupaciones a su alumnado, a sus docentes. Su \u00faltimo libro, 'Ecorrelatos inacabados, sin fecha de caducidad acerca' con una iron\u00eda suave algunas de esas tem\u00e1ticas.","url":"https:\/\/eldiariodelaeducacion.com\/ecoescuela-abierta\/author\/carmelo-marcen-albero\/"}]}},"_links":{"self":[{"href":"https:\/\/eldiariodelaeducacion.com\/ecoescuela-abierta\/wp-json\/wp\/v2\/posts\/790","targetHints":{"allow":["GET"]}}],"collection":[{"href":"https:\/\/eldiariodelaeducacion.com\/ecoescuela-abierta\/wp-json\/wp\/v2\/posts"}],"about":[{"href":"https:\/\/eldiariodelaeducacion.com\/ecoescuela-abierta\/wp-json\/wp\/v2\/types\/post"}],"author":[{"embeddable":true,"href":"https:\/\/eldiariodelaeducacion.com\/ecoescuela-abierta\/wp-json\/wp\/v2\/users\/139"}],"replies":[{"embeddable":true,"href":"https:\/\/eldiariodelaeducacion.com\/ecoescuela-abierta\/wp-json\/wp\/v2\/comments?post=790"}],"version-history":[{"count":1,"href":"https:\/\/eldiariodelaeducacion.com\/ecoescuela-abierta\/wp-json\/wp\/v2\/posts\/790\/revisions"}],"predecessor-version":[{"id":1093,"href":"https:\/\/eldiariodelaeducacion.com\/ecoescuela-abierta\/wp-json\/wp\/v2\/posts\/790\/revisions\/1093"}],"wp:featuredmedia":[{"embeddable":true,"href":"https:\/\/eldiariodelaeducacion.com\/ecoescuela-abierta\/wp-json\/wp\/v2\/media\/798"}],"wp:attachment":[{"href":"https:\/\/eldiariodelaeducacion.com\/ecoescuela-abierta\/wp-json\/wp\/v2\/media?parent=790"}],"wp:term":[{"taxonomy":"category","embeddable":true,"href":"https:\/\/eldiariodelaeducacion.com\/ecoescuela-abierta\/wp-json\/wp\/v2\/categories?post=790"},{"taxonomy":"post_tag","embeddable":true,"href":"https:\/\/eldiariodelaeducacion.com\/ecoescuela-abierta\/wp-json\/wp\/v2\/tags?post=790"},{"taxonomy":"tipo","embeddable":true,"href":"https:\/\/eldiariodelaeducacion.com\/ecoescuela-abierta\/wp-json\/wp\/v2\/tipo?post=790"}],"curies":[{"name":"wp","href":"https:\/\/api.w.org\/{rel}","templated":true}]}}