{"id":892,"date":"2023-05-25T06:00:43","date_gmt":"2023-05-25T06:00:43","guid":{"rendered":"https:\/\/eldiariodelaeducacion.com\/ecoescuela-abierta\/?p=892"},"modified":"2024-08-20T16:21:24","modified_gmt":"2024-08-20T14:21:24","slug":"ecoescuelas-que-se-apoyan-en-valores-para-proyectarse-en-una-ciudadania-global","status":"publish","type":"post","link":"https:\/\/eldiariodelaeducacion.com\/ecoescuela-abierta\/2023\/05\/25\/ecoescuelas-que-se-apoyan-en-valores-para-proyectarse-en-una-ciudadania-global\/","title":{"rendered":"Ecoescuelas que se apoyan en valores para proyectarse en una ciudadan\u00eda global"},"content":{"rendered":"<p>Contar lo que ocurre en determinadas ecoescuelas abiertas es un placer para quien escribe sobre educaci\u00f3n real, la cual supera ampliamente los postulados que pueden marcar los desarrollos educativos. Es algo as\u00ed como penetrar en el esp\u00edritu motriz de experiencias educativas que investigan sobre s\u00ed mismas. A la vez utilizan ese entendimiento propio para generar compromisos con el entorno pr\u00f3ximo y lejano, <a href=\"https:\/\/twitter.com\/CATCODES\/status\/1651120022092120066\">ponen en contacto sus peque\u00f1as escuelas de pueblo<\/a>, donde verdaderamente se siente la comunidad educativa, con otras del mismo tramo educativo pero muy diferentes, en contextos realmente dif\u00edciles como son los enclaves des\u00e9rticos donde las y los saharauis resisten el paso del tiempo y mantienen sus esperanzas. Es este caso alcanza mucho m\u00e1s: concierta, investiga, concluye en grupos heterog\u00e9neos y comunica retroalimentando la pr\u00e1ctica curso tras curso.<\/p>\n<p>Somos conocedores de otros proyectos similares pero nos apetec\u00eda dejar constancia aqu\u00ed de lo sublime de lo peque\u00f1o, de la grandeza de colegios peque\u00f1os por el empe\u00f1o que pone toda la comunidad educativa, abrir una ventana para mirar en el mundo global antes que en los grandiosos proyectos de renombradas editoriales. En fin, homenajear al arte de educar con compromiso.<\/p>\n<p>Hablamos de proyectos en el contexto de actuaci\u00f3n de la <a href=\"http:\/\/catedradecooperacion.unizar.es\/\">C\u00e1tedra de Cooperaci\u00f3n para el Desarrollo de la Universidad de Zaragoza<\/a>, que cuenta con su propio <a href=\"https:\/\/ocatcodes.unizar.es\/\">Observatorio<\/a>. Actualmente en \u00e9l se desarrollan diferentes actuaciones entre las que destacan: <a href=\"https:\/\/ocatcodes.unizar.es\/ods-rural-labs\/\">ODS Rural Labs<\/a> y <a href=\"https:\/\/ocatcodes.unizar.es\/escuelas-transformadoras\/\">Escuelas Transformadoras<\/a>. En el marco del Observatorio tambi\u00e9n se llevan a cabo jornadas, seminarios, congresos, conferencias y acciones de investigaci\u00f3n.<\/p>\n<p>Se priman las alianzas, principio rector de los Objetivos de Desarrollo Sostenibles (ODS) por m\u00e1s que se le asigne el n\u00famero 17. Comparten objetivos de b\u00fasqueda la Universidad de Zaragoza \u2013en especial la Facultad de Educaci\u00f3n-; la <a href=\"https:\/\/aragonsolidario.org\/\">FAS<\/a> (Federaci\u00f3n Aragonesa de Solidaridad); <a href=\"https:\/\/unaqui.aragonsolidario.org\/\">Unaqu\u00ed<\/a> (Espacio para la Educaci\u00f3n para el Desarrollo y la Ciudadan\u00eda Global); el Departamento de Educaci\u00f3n del Gobierno de Arag\u00f3n; varios centros de educaci\u00f3n primaria y secundaria y algunas comunidades educativas de los pueblos en los que est\u00e1n enclavados; y de forma protagonista la Diputaci\u00f3n Provincial de Zaragoza que se implic\u00f3 en aquel maravilloso proyecto <a href=\"https:\/\/www.dpz.es\/global-schools\">Global Schools<\/a>.<\/p>\n<p>En una de las primeras reuniones se concret\u00f3 la <a href=\"https:\/\/www.dpz.es\/global-schools\/noticias\/declaracion-institucional-2\">Declaraci\u00f3n Global Schools Zaragoza<\/a>, elevada al pleno de esta instituci\u00f3n y aprobada por unanimidad el 13 de junio de 2012 \u201cen apoyo de la Educaci\u00f3n para el Desarrollo y la Ciudadan\u00eda Global (EpDCG) como materia educativa con la que conseguir una sociedad justa, solidaria y comprometida\u201d. Comenzaba la aventura de entender y proteger la Ciudadan\u00eda Global que, haci\u00e9ndose eco de las tragedias que las guerras activas entonces en Palestina, Siria, Yemen, Sud\u00e1n del Sur, Irak, R.D. del Congo, etc., manifestaba su compromiso con la defensa de los Derechos Humanos, particularmente de la infancia y adolescencia.<\/p>\n<p>Pero es que adem\u00e1s, en el contexto de esta experiencia, o como motivaci\u00f3n, se llevan a cabo investigaciones como las que nos presentan las profesoras <a href=\"http:\/\/doi.org\/10.18172\/con.5453\">Coma-Rosell\u00f3, Blasco-Serrano, Dieste y Sobradiel<\/a> (2023). Han llevado a cabo una investigaci\u00f3n cualitativa sobre la acci\u00f3n educativa para caminar hacia una escuela basada en la Educaci\u00f3n para la Ciudadan\u00eda Global, en relaci\u00f3n con la Agenda 2030. Como conclusiones m\u00e1s aprovechables en otros grupos de escuelas cabe anotar:<\/p>\n<ul>\n<li>El proceso de construcci\u00f3n de una escuela transformadora es un recorrido de compromiso construido en diferentes fases, con ritmos diversos, con pasos hacia adelante y hacia atr\u00e1s.<\/li>\n<li>El intercambio dial\u00f3gico entre colegas y con otros agentes de la comunidad, las metodolog\u00edas participativas, la reflexi\u00f3n y la investigaci\u00f3n son aspectos clave.<\/li>\n<li>El papel del equipo directivo es fundamental.<\/li>\n<li>La interacci\u00f3n con las familias y con otros agentes externos como ONGD, asociaciones e instituciones p\u00fablicas potencia el d\u00eda a d\u00eda y alienta las acciones.<\/li>\n<li>El profesorado encuentra limitaciones en aspectos organizativo-did\u00e1cticos (la aplicaci\u00f3n r\u00edgida y memor\u00edstica del curr\u00edculo, la escasa presencia en \u00e9l de la Educaci\u00f3n para la Ciudadan\u00eda Global (ECG), la falta de flexibilidad en los horarios, la no existencia de momentos prefijados para coordinarse, reflexionar y reorientar su pr\u00e1ctica docente). Tambi\u00e9n en los propios agentes educativos y la administraci\u00f3n educativa (la resistencia al cambio, la escasa implicaci\u00f3n de parte del profesorado, la inestabilidad de las plantillas, la deficiente formaci\u00f3n en estas tem\u00e1ticas)<\/li>\n<li>A pesar de las limitaciones se\u00f1aladas, el profesorado ha cuestionado su cultura pedag\u00f3gica, ha logrado activar la toma de conciencia que apoye un desarrollo sostenible y para reducir la desigualdad e injusticia social.<\/li>\n<li>Como l\u00edneas de futuro, ser\u00eda interesante ampliar la investigaci\u00f3n a otras escuelas para abrir un camino de reflexi\u00f3n, que sirva de base para orientar nuevas formas de comprometerse socialmente.<\/li>\n<\/ul>\n<p>Pero volvamos a la realidad escolar protagonista del proyecto. La mayor\u00eda son escuelas peque\u00f1as que emprenden la aventura conjunta de transformaci\u00f3n hacia la ciudadan\u00eda global. As\u00ed, en el <a href=\"https:\/\/anablas2.wixsite.com\/escuelasglobales\/post\/ceip-santa-engracia-aprendizaje-identidad-comunitaria-y-desarrollo-sostenible\">CEIP Santa Engracia de Tauste<\/a> y el <a href=\"https:\/\/www.facebook.com\/pradilla.deebro.52\/?locale=es_ES\">CEIP Joaqu\u00edn Costa de Pradilla de Ebro<\/a> investigaron sobre la vida, la educaci\u00f3n y los campamentos de refugiados saharauis y se intercambiaron cartas y v\u00eddeos con el colegio Bohla de Smara. Se muestran tal como son y viven, los unos a los otros, informan de su cultura.<\/p>\n<p><img fetchpriority=\"high\" decoding=\"async\" class=\"alignnone wp-image-898\" src=\"https:\/\/gracious-carson.82-223-1-47.plesk.page\/ecoescuela-abierta\/wp-content\/uploads\/sites\/17\/2023\/05\/FAMILIAS-LOS-ALBARES-300x225.jpg\" alt=\"\" width=\"820\" height=\"615\" \/><\/p>\n<p>El <a href=\"https:\/\/sites.google.com\/ceiplosalbares.com\/ceiplosalbares\/p%C3%A1gina-principal\">CEIP Los Albares de la Puebla de Alfind\u00e9n<\/a> tiene en marcha un proyecto de innovaci\u00f3n social. La escuela ejerce su papel transformador en la sociedad a la que pertenece, para entender la complejidad de la vida actual. Es un proyecto ecosocial que busca el fortalecimiento de toda la comunidad educativa.<\/p>\n<p>Por su parte, el <a href=\"https:\/\/www.ieszaurin.com\/\">IES Zaur\u00edn de Ateca<\/a> se aplica en entender los conflictos b\u00e9licos de los siglos XX y XXI desde una perspectiva m\u00e1s humanista y de paz, en lo que denomina la \u00ab<a href=\"https:\/\/anablas2.wixsite.com\/escuelasglobales\/post\/el-conflicto-hist\u00f3rico-desde-una-visi\u00f3n-humanista-y-de-paz\">Historia emp\u00e1tica<\/a>\u201d. Lo consolidan mediante el di\u00e1logo presencial con el director del cortometraje <em><a href=\"https:\/\/www.europapress.es\/aragon\/noticia-director-sergio-duce-estrena-sabado-corto-tierra-muerta-producido-apoyo-dpz-20180425115650.html\">Europa<\/a>,<\/em> <a href=\"https:\/\/www.europapress.es\/aragon\/noticia-director-sergio-duce-estrena-sabado-corto-tierra-muerta-producido-apoyo-dpz-20180425115650.html\">Sergio Duce<\/a> y su protagonista Mohamed, un joven refugiado sirio que pas\u00f3 por experiencias vitales penosas hasta llegar aqu\u00ed. Para hacerse una idea cabal de lo que esto supone los y las estudiantes han podido estudiar, documentarse e investigar sobre los conflictos b\u00e9licos desde la complejidad de los contextos vitales de las personas que sufren las guerras y empatizar con las personas refugiadas que llegan a nuestro pa\u00eds.<\/p>\n<p>El <a href=\"https:\/\/anablas2.wixsite.com\/escuelasglobales\/post\/escuelas-activas-en-comunidades-transformadoras\">Centro Rural Agrupado (CRA) Luis Bu\u00f1uel<\/a> lo forman escuelas peque\u00f1as de pueblos peque\u00f1os. En sus reuniones acordaron centrarse en impulsar valores de solidaridad, cuidado del medioambiente, respeto a la diversidad, acercarse a la justicia y a la equidad a trav\u00e9s de diferentes tem\u00e1ticas. En un curso anterior trabaj\u00f3 el desarrollo sostenible a trav\u00e9s del proyecto \u00abConociendo Arag\u00f3n\u00bb. En el que est\u00e1 ahora terminando, trabajan la interculturalidad y el respeto al medioambiente a trav\u00e9s de las diferentes disciplinas art\u00edsticas. En este proyecto, denominado \u00abSomos artistas\u00bb, participa alumnado, profesorado y toda la comunidad educativa. Como producto final del proyecto, se propone la realizaci\u00f3n, de manera colaborativa, de un corto y su presentaci\u00f3n a la comunidad educativa en lo que ser\u00e1 \u201cLa gala del Cine del CRA Luis Bu\u00f1uel\u201d.<\/p>\n<p>Dentro de esta iniciativa singular, un equipo de investigadoras y docentes de la Facultad de Educaci\u00f3n de la Universidad de Zaragoza (Unizar) \u2013mediante un convenio financiado por la Diputaci\u00f3n de Zaragoza y gestionado por la C\u00e1tedra de Cooperaci\u00f3n para el Desarrollo- colabora desde 2019 en la formaci\u00f3n continua de maestras, equipos directivos y orientadoras y orientadores de los campamentos de refugiados saharauis.<\/p>\n<p>Sirvan estas anotaciones particularizadas -aqu\u00ed se relatan solamente algunos de los proyectos del grupo por cuestiones de espacio- como una representaci\u00f3n de este proyecto, como una ejemplificaci\u00f3n del poder de las alianzas. Seguro que habr\u00e1 cientos de ecoescuelas que intentan abrirse cada d\u00eda m\u00e1s al mundo que las rodea, a pesar de los malos ejemplos globales, plenos de contiendas absurdas.<\/p>\n","protected":false},"excerpt":{"rendered":"<p>Contar lo que ocurre en determinadas ecoescuelas abiertas es un placer para quien escribe sobre educaci\u00f3n real, la cual supera ampliamente los postulados que pueden marcar los desarrollos educativos. Es algo as\u00ed como penetrar en el esp\u00edritu motriz de experiencias educativas que investigan sobre s\u00ed mismas. A la vez utilizan ese entendimiento propio para generar<\/p>\n","protected":false},"author":139,"featured_media":897,"comment_status":"open","ping_status":"closed","sticky":false,"template":"","format":"standard","meta":{"footnotes":""},"categories":[16],"tags":[],"tipo":[41],"class_list":{"0":"post-892","1":"post","2":"type-post","3":"status-publish","4":"format-standard","5":"has-post-thumbnail","7":"category-ecoescuela-abierta","8":"tipo-reportaje"},"yoast_head":"<!-- This site is optimized with the Yoast SEO plugin v27.5 - https:\/\/yoast.com\/product\/yoast-seo-wordpress\/ -->\n<title>Ecoescuelas que se apoyan en valores para proyectarse en una ciudadan\u00eda global - Ecoescuela Abierta<\/title>\n<meta name=\"robots\" content=\"index, follow, max-snippet:-1, max-image-preview:large, max-video-preview:-1\" \/>\n<link rel=\"canonical\" href=\"https:\/\/eldiariodelaeducacion.com\/ecoescuela-abierta\/2023\/05\/25\/ecoescuelas-que-se-apoyan-en-valores-para-proyectarse-en-una-ciudadania-global\/\" \/>\n<meta property=\"og:locale\" content=\"es_ES\" \/>\n<meta property=\"og:type\" content=\"article\" \/>\n<meta property=\"og:title\" content=\"Ecoescuelas que se apoyan en valores para proyectarse en una ciudadan\u00eda global - Ecoescuela Abierta\" \/>\n<meta property=\"og:description\" content=\"Contar lo que ocurre en determinadas ecoescuelas abiertas es un placer para quien escribe sobre educaci\u00f3n real, la cual supera ampliamente los postulados que pueden marcar los desarrollos educativos. Es algo as\u00ed como penetrar en el esp\u00edritu motriz de experiencias educativas que investigan sobre s\u00ed mismas. A la vez utilizan ese entendimiento propio para generar\" \/>\n<meta property=\"og:url\" content=\"https:\/\/eldiariodelaeducacion.com\/ecoescuela-abierta\/2023\/05\/25\/ecoescuelas-que-se-apoyan-en-valores-para-proyectarse-en-una-ciudadania-global\/\" \/>\n<meta property=\"og:site_name\" content=\"Ecoescuela Abierta\" \/>\n<meta property=\"article:published_time\" content=\"2023-05-25T06:00:43+00:00\" \/>\n<meta property=\"article:modified_time\" content=\"2024-08-20T14:21:24+00:00\" \/>\n<meta property=\"og:image\" content=\"https:\/\/eldiariodelaeducacion.com\/ecoescuela-abierta\/wp-content\/uploads\/sites\/17\/2023\/05\/FORMAPROFESCAMPAMENTOS1.jpg\" \/>\n\t<meta property=\"og:image:width\" content=\"1024\" \/>\n\t<meta property=\"og:image:height\" content=\"768\" \/>\n\t<meta property=\"og:image:type\" content=\"image\/jpeg\" \/>\n<meta name=\"author\" content=\"Carmelo Marc\u00e9n Albero\" \/>\n<meta name=\"twitter:card\" content=\"summary_large_image\" \/>\n<meta name=\"twitter:label1\" content=\"Escrito por\" \/>\n\t<meta name=\"twitter:data1\" content=\"Carmelo Marc\u00e9n Albero\" \/>\n\t<meta name=\"twitter:label2\" content=\"Tiempo de lectura\" \/>\n\t<meta name=\"twitter:data2\" content=\"7 minutos\" \/>\n<script type=\"application\/ld+json\" class=\"yoast-schema-graph\">{\"@context\":\"https:\\\/\\\/schema.org\",\"@graph\":[{\"@type\":\"Article\",\"@id\":\"https:\\\/\\\/eldiariodelaeducacion.com\\\/ecoescuela-abierta\\\/2023\\\/05\\\/25\\\/ecoescuelas-que-se-apoyan-en-valores-para-proyectarse-en-una-ciudadania-global\\\/#article\",\"isPartOf\":{\"@id\":\"https:\\\/\\\/eldiariodelaeducacion.com\\\/ecoescuela-abierta\\\/2023\\\/05\\\/25\\\/ecoescuelas-que-se-apoyan-en-valores-para-proyectarse-en-una-ciudadania-global\\\/\"},\"author\":{\"name\":\"Carmelo Marc\u00e9n Albero\",\"@id\":\"https:\\\/\\\/eldiariodelaeducacion.com\\\/ecoescuela-abierta\\\/#\\\/schema\\\/person\\\/04802fc4b356ebb6d2b49d88d0cbda81\"},\"headline\":\"Ecoescuelas que se apoyan en valores para proyectarse en una ciudadan\u00eda global\",\"datePublished\":\"2023-05-25T06:00:43+00:00\",\"dateModified\":\"2024-08-20T14:21:24+00:00\",\"mainEntityOfPage\":{\"@id\":\"https:\\\/\\\/eldiariodelaeducacion.com\\\/ecoescuela-abierta\\\/2023\\\/05\\\/25\\\/ecoescuelas-que-se-apoyan-en-valores-para-proyectarse-en-una-ciudadania-global\\\/\"},\"wordCount\":1367,\"commentCount\":0,\"image\":{\"@id\":\"https:\\\/\\\/eldiariodelaeducacion.com\\\/ecoescuela-abierta\\\/2023\\\/05\\\/25\\\/ecoescuelas-que-se-apoyan-en-valores-para-proyectarse-en-una-ciudadania-global\\\/#primaryimage\"},\"thumbnailUrl\":\"https:\\\/\\\/eldiariodelaeducacion.com\\\/ecoescuela-abierta\\\/wp-content\\\/uploads\\\/sites\\\/17\\\/2023\\\/05\\\/FORMAPROFESCAMPAMENTOS1.jpg\",\"articleSection\":[\"Ecoescuela abierta\"],\"inLanguage\":\"es\",\"potentialAction\":[{\"@type\":\"CommentAction\",\"name\":\"Comment\",\"target\":[\"https:\\\/\\\/eldiariodelaeducacion.com\\\/ecoescuela-abierta\\\/2023\\\/05\\\/25\\\/ecoescuelas-que-se-apoyan-en-valores-para-proyectarse-en-una-ciudadania-global\\\/#respond\"]}]},{\"@type\":\"WebPage\",\"@id\":\"https:\\\/\\\/eldiariodelaeducacion.com\\\/ecoescuela-abierta\\\/2023\\\/05\\\/25\\\/ecoescuelas-que-se-apoyan-en-valores-para-proyectarse-en-una-ciudadania-global\\\/\",\"url\":\"https:\\\/\\\/eldiariodelaeducacion.com\\\/ecoescuela-abierta\\\/2023\\\/05\\\/25\\\/ecoescuelas-que-se-apoyan-en-valores-para-proyectarse-en-una-ciudadania-global\\\/\",\"name\":\"Ecoescuelas que se apoyan en valores para proyectarse en una ciudadan\u00eda global - Ecoescuela Abierta\",\"isPartOf\":{\"@id\":\"https:\\\/\\\/eldiariodelaeducacion.com\\\/ecoescuela-abierta\\\/#website\"},\"primaryImageOfPage\":{\"@id\":\"https:\\\/\\\/eldiariodelaeducacion.com\\\/ecoescuela-abierta\\\/2023\\\/05\\\/25\\\/ecoescuelas-que-se-apoyan-en-valores-para-proyectarse-en-una-ciudadania-global\\\/#primaryimage\"},\"image\":{\"@id\":\"https:\\\/\\\/eldiariodelaeducacion.com\\\/ecoescuela-abierta\\\/2023\\\/05\\\/25\\\/ecoescuelas-que-se-apoyan-en-valores-para-proyectarse-en-una-ciudadania-global\\\/#primaryimage\"},\"thumbnailUrl\":\"https:\\\/\\\/eldiariodelaeducacion.com\\\/ecoescuela-abierta\\\/wp-content\\\/uploads\\\/sites\\\/17\\\/2023\\\/05\\\/FORMAPROFESCAMPAMENTOS1.jpg\",\"datePublished\":\"2023-05-25T06:00:43+00:00\",\"dateModified\":\"2024-08-20T14:21:24+00:00\",\"author\":{\"@id\":\"https:\\\/\\\/eldiariodelaeducacion.com\\\/ecoescuela-abierta\\\/#\\\/schema\\\/person\\\/04802fc4b356ebb6d2b49d88d0cbda81\"},\"breadcrumb\":{\"@id\":\"https:\\\/\\\/eldiariodelaeducacion.com\\\/ecoescuela-abierta\\\/2023\\\/05\\\/25\\\/ecoescuelas-que-se-apoyan-en-valores-para-proyectarse-en-una-ciudadania-global\\\/#breadcrumb\"},\"inLanguage\":\"es\",\"potentialAction\":[{\"@type\":\"ReadAction\",\"target\":[\"https:\\\/\\\/eldiariodelaeducacion.com\\\/ecoescuela-abierta\\\/2023\\\/05\\\/25\\\/ecoescuelas-que-se-apoyan-en-valores-para-proyectarse-en-una-ciudadania-global\\\/\"]}]},{\"@type\":\"ImageObject\",\"inLanguage\":\"es\",\"@id\":\"https:\\\/\\\/eldiariodelaeducacion.com\\\/ecoescuela-abierta\\\/2023\\\/05\\\/25\\\/ecoescuelas-que-se-apoyan-en-valores-para-proyectarse-en-una-ciudadania-global\\\/#primaryimage\",\"url\":\"https:\\\/\\\/eldiariodelaeducacion.com\\\/ecoescuela-abierta\\\/wp-content\\\/uploads\\\/sites\\\/17\\\/2023\\\/05\\\/FORMAPROFESCAMPAMENTOS1.jpg\",\"contentUrl\":\"https:\\\/\\\/eldiariodelaeducacion.com\\\/ecoescuela-abierta\\\/wp-content\\\/uploads\\\/sites\\\/17\\\/2023\\\/05\\\/FORMAPROFESCAMPAMENTOS1.jpg\",\"width\":1024,\"height\":768},{\"@type\":\"BreadcrumbList\",\"@id\":\"https:\\\/\\\/eldiariodelaeducacion.com\\\/ecoescuela-abierta\\\/2023\\\/05\\\/25\\\/ecoescuelas-que-se-apoyan-en-valores-para-proyectarse-en-una-ciudadania-global\\\/#breadcrumb\",\"itemListElement\":[{\"@type\":\"ListItem\",\"position\":1,\"name\":\"Portada\",\"item\":\"https:\\\/\\\/eldiariodelaeducacion.com\\\/ecoescuela-abierta\\\/\"},{\"@type\":\"ListItem\",\"position\":2,\"name\":\"Ecoescuelas que se apoyan en valores para proyectarse en una ciudadan\u00eda global\"}]},{\"@type\":\"WebSite\",\"@id\":\"https:\\\/\\\/eldiariodelaeducacion.com\\\/ecoescuela-abierta\\\/#website\",\"url\":\"https:\\\/\\\/eldiariodelaeducacion.com\\\/ecoescuela-abierta\\\/\",\"name\":\"Ecoescuela Abierta\",\"description\":\"Un blog de El Diario de la Educaci\u00f3n\",\"potentialAction\":[{\"@type\":\"SearchAction\",\"target\":{\"@type\":\"EntryPoint\",\"urlTemplate\":\"https:\\\/\\\/eldiariodelaeducacion.com\\\/ecoescuela-abierta\\\/?s={search_term_string}\"},\"query-input\":{\"@type\":\"PropertyValueSpecification\",\"valueRequired\":true,\"valueName\":\"search_term_string\"}}],\"inLanguage\":\"es\"},{\"@type\":\"Person\",\"@id\":\"https:\\\/\\\/eldiariodelaeducacion.com\\\/ecoescuela-abierta\\\/#\\\/schema\\\/person\\\/04802fc4b356ebb6d2b49d88d0cbda81\",\"name\":\"Carmelo Marc\u00e9n Albero\",\"image\":{\"@type\":\"ImageObject\",\"inLanguage\":\"es\",\"@id\":\"https:\\\/\\\/secure.gravatar.com\\\/avatar\\\/865a2af25fe07fb65d216fd84d395acb9d5e4afe79a03f8cb07ea1546723465e?s=96&d=mm&r=g\",\"url\":\"https:\\\/\\\/secure.gravatar.com\\\/avatar\\\/865a2af25fe07fb65d216fd84d395acb9d5e4afe79a03f8cb07ea1546723465e?s=96&d=mm&r=g\",\"contentUrl\":\"https:\\\/\\\/secure.gravatar.com\\\/avatar\\\/865a2af25fe07fb65d216fd84d395acb9d5e4afe79a03f8cb07ea1546723465e?s=96&d=mm&r=g\",\"caption\":\"Carmelo Marc\u00e9n Albero\"},\"description\":\"Adem\u00e1s de profesor y articulista, es experto en educaci\u00f3n ambiental. Gracias a \u00e9l nos preguntaremos c\u00f3mo las escuelas pueden reflexionar y trasladar estas preocupaciones a su alumnado, a sus docentes. Su \u00faltimo libro, 'Ecorrelatos inacabados, sin fecha de caducidad acerca' con una iron\u00eda suave algunas de esas tem\u00e1ticas.\",\"url\":\"https:\\\/\\\/eldiariodelaeducacion.com\\\/ecoescuela-abierta\\\/author\\\/carmelo-marcen-albero\\\/\"}]}<\/script>\n<!-- \/ Yoast SEO plugin. -->","yoast_head_json":{"title":"Ecoescuelas que se apoyan en valores para proyectarse en una ciudadan\u00eda global - Ecoescuela Abierta","robots":{"index":"index","follow":"follow","max-snippet":"max-snippet:-1","max-image-preview":"max-image-preview:large","max-video-preview":"max-video-preview:-1"},"canonical":"https:\/\/eldiariodelaeducacion.com\/ecoescuela-abierta\/2023\/05\/25\/ecoescuelas-que-se-apoyan-en-valores-para-proyectarse-en-una-ciudadania-global\/","og_locale":"es_ES","og_type":"article","og_title":"Ecoescuelas que se apoyan en valores para proyectarse en una ciudadan\u00eda global - Ecoescuela Abierta","og_description":"Contar lo que ocurre en determinadas ecoescuelas abiertas es un placer para quien escribe sobre educaci\u00f3n real, la cual supera ampliamente los postulados que pueden marcar los desarrollos educativos. Es algo as\u00ed como penetrar en el esp\u00edritu motriz de experiencias educativas que investigan sobre s\u00ed mismas. A la vez utilizan ese entendimiento propio para generar","og_url":"https:\/\/eldiariodelaeducacion.com\/ecoescuela-abierta\/2023\/05\/25\/ecoescuelas-que-se-apoyan-en-valores-para-proyectarse-en-una-ciudadania-global\/","og_site_name":"Ecoescuela Abierta","article_published_time":"2023-05-25T06:00:43+00:00","article_modified_time":"2024-08-20T14:21:24+00:00","og_image":[{"width":1024,"height":768,"url":"https:\/\/eldiariodelaeducacion.com\/ecoescuela-abierta\/wp-content\/uploads\/sites\/17\/2023\/05\/FORMAPROFESCAMPAMENTOS1.jpg","type":"image\/jpeg"}],"author":"Carmelo Marc\u00e9n Albero","twitter_card":"summary_large_image","twitter_misc":{"Escrito por":"Carmelo Marc\u00e9n Albero","Tiempo de lectura":"7 minutos"},"schema":{"@context":"https:\/\/schema.org","@graph":[{"@type":"Article","@id":"https:\/\/eldiariodelaeducacion.com\/ecoescuela-abierta\/2023\/05\/25\/ecoescuelas-que-se-apoyan-en-valores-para-proyectarse-en-una-ciudadania-global\/#article","isPartOf":{"@id":"https:\/\/eldiariodelaeducacion.com\/ecoescuela-abierta\/2023\/05\/25\/ecoescuelas-que-se-apoyan-en-valores-para-proyectarse-en-una-ciudadania-global\/"},"author":{"name":"Carmelo Marc\u00e9n Albero","@id":"https:\/\/eldiariodelaeducacion.com\/ecoescuela-abierta\/#\/schema\/person\/04802fc4b356ebb6d2b49d88d0cbda81"},"headline":"Ecoescuelas que se apoyan en valores para proyectarse en una ciudadan\u00eda global","datePublished":"2023-05-25T06:00:43+00:00","dateModified":"2024-08-20T14:21:24+00:00","mainEntityOfPage":{"@id":"https:\/\/eldiariodelaeducacion.com\/ecoescuela-abierta\/2023\/05\/25\/ecoescuelas-que-se-apoyan-en-valores-para-proyectarse-en-una-ciudadania-global\/"},"wordCount":1367,"commentCount":0,"image":{"@id":"https:\/\/eldiariodelaeducacion.com\/ecoescuela-abierta\/2023\/05\/25\/ecoescuelas-que-se-apoyan-en-valores-para-proyectarse-en-una-ciudadania-global\/#primaryimage"},"thumbnailUrl":"https:\/\/eldiariodelaeducacion.com\/ecoescuela-abierta\/wp-content\/uploads\/sites\/17\/2023\/05\/FORMAPROFESCAMPAMENTOS1.jpg","articleSection":["Ecoescuela abierta"],"inLanguage":"es","potentialAction":[{"@type":"CommentAction","name":"Comment","target":["https:\/\/eldiariodelaeducacion.com\/ecoescuela-abierta\/2023\/05\/25\/ecoescuelas-que-se-apoyan-en-valores-para-proyectarse-en-una-ciudadania-global\/#respond"]}]},{"@type":"WebPage","@id":"https:\/\/eldiariodelaeducacion.com\/ecoescuela-abierta\/2023\/05\/25\/ecoescuelas-que-se-apoyan-en-valores-para-proyectarse-en-una-ciudadania-global\/","url":"https:\/\/eldiariodelaeducacion.com\/ecoescuela-abierta\/2023\/05\/25\/ecoescuelas-que-se-apoyan-en-valores-para-proyectarse-en-una-ciudadania-global\/","name":"Ecoescuelas que se apoyan en valores para proyectarse en una ciudadan\u00eda global - Ecoescuela Abierta","isPartOf":{"@id":"https:\/\/eldiariodelaeducacion.com\/ecoescuela-abierta\/#website"},"primaryImageOfPage":{"@id":"https:\/\/eldiariodelaeducacion.com\/ecoescuela-abierta\/2023\/05\/25\/ecoescuelas-que-se-apoyan-en-valores-para-proyectarse-en-una-ciudadania-global\/#primaryimage"},"image":{"@id":"https:\/\/eldiariodelaeducacion.com\/ecoescuela-abierta\/2023\/05\/25\/ecoescuelas-que-se-apoyan-en-valores-para-proyectarse-en-una-ciudadania-global\/#primaryimage"},"thumbnailUrl":"https:\/\/eldiariodelaeducacion.com\/ecoescuela-abierta\/wp-content\/uploads\/sites\/17\/2023\/05\/FORMAPROFESCAMPAMENTOS1.jpg","datePublished":"2023-05-25T06:00:43+00:00","dateModified":"2024-08-20T14:21:24+00:00","author":{"@id":"https:\/\/eldiariodelaeducacion.com\/ecoescuela-abierta\/#\/schema\/person\/04802fc4b356ebb6d2b49d88d0cbda81"},"breadcrumb":{"@id":"https:\/\/eldiariodelaeducacion.com\/ecoescuela-abierta\/2023\/05\/25\/ecoescuelas-que-se-apoyan-en-valores-para-proyectarse-en-una-ciudadania-global\/#breadcrumb"},"inLanguage":"es","potentialAction":[{"@type":"ReadAction","target":["https:\/\/eldiariodelaeducacion.com\/ecoescuela-abierta\/2023\/05\/25\/ecoescuelas-que-se-apoyan-en-valores-para-proyectarse-en-una-ciudadania-global\/"]}]},{"@type":"ImageObject","inLanguage":"es","@id":"https:\/\/eldiariodelaeducacion.com\/ecoescuela-abierta\/2023\/05\/25\/ecoescuelas-que-se-apoyan-en-valores-para-proyectarse-en-una-ciudadania-global\/#primaryimage","url":"https:\/\/eldiariodelaeducacion.com\/ecoescuela-abierta\/wp-content\/uploads\/sites\/17\/2023\/05\/FORMAPROFESCAMPAMENTOS1.jpg","contentUrl":"https:\/\/eldiariodelaeducacion.com\/ecoescuela-abierta\/wp-content\/uploads\/sites\/17\/2023\/05\/FORMAPROFESCAMPAMENTOS1.jpg","width":1024,"height":768},{"@type":"BreadcrumbList","@id":"https:\/\/eldiariodelaeducacion.com\/ecoescuela-abierta\/2023\/05\/25\/ecoescuelas-que-se-apoyan-en-valores-para-proyectarse-en-una-ciudadania-global\/#breadcrumb","itemListElement":[{"@type":"ListItem","position":1,"name":"Portada","item":"https:\/\/eldiariodelaeducacion.com\/ecoescuela-abierta\/"},{"@type":"ListItem","position":2,"name":"Ecoescuelas que se apoyan en valores para proyectarse en una ciudadan\u00eda global"}]},{"@type":"WebSite","@id":"https:\/\/eldiariodelaeducacion.com\/ecoescuela-abierta\/#website","url":"https:\/\/eldiariodelaeducacion.com\/ecoescuela-abierta\/","name":"Ecoescuela Abierta","description":"Un blog de El Diario de la Educaci\u00f3n","potentialAction":[{"@type":"SearchAction","target":{"@type":"EntryPoint","urlTemplate":"https:\/\/eldiariodelaeducacion.com\/ecoescuela-abierta\/?s={search_term_string}"},"query-input":{"@type":"PropertyValueSpecification","valueRequired":true,"valueName":"search_term_string"}}],"inLanguage":"es"},{"@type":"Person","@id":"https:\/\/eldiariodelaeducacion.com\/ecoescuela-abierta\/#\/schema\/person\/04802fc4b356ebb6d2b49d88d0cbda81","name":"Carmelo Marc\u00e9n Albero","image":{"@type":"ImageObject","inLanguage":"es","@id":"https:\/\/secure.gravatar.com\/avatar\/865a2af25fe07fb65d216fd84d395acb9d5e4afe79a03f8cb07ea1546723465e?s=96&d=mm&r=g","url":"https:\/\/secure.gravatar.com\/avatar\/865a2af25fe07fb65d216fd84d395acb9d5e4afe79a03f8cb07ea1546723465e?s=96&d=mm&r=g","contentUrl":"https:\/\/secure.gravatar.com\/avatar\/865a2af25fe07fb65d216fd84d395acb9d5e4afe79a03f8cb07ea1546723465e?s=96&d=mm&r=g","caption":"Carmelo Marc\u00e9n Albero"},"description":"Adem\u00e1s de profesor y articulista, es experto en educaci\u00f3n ambiental. Gracias a \u00e9l nos preguntaremos c\u00f3mo las escuelas pueden reflexionar y trasladar estas preocupaciones a su alumnado, a sus docentes. Su \u00faltimo libro, 'Ecorrelatos inacabados, sin fecha de caducidad acerca' con una iron\u00eda suave algunas de esas tem\u00e1ticas.","url":"https:\/\/eldiariodelaeducacion.com\/ecoescuela-abierta\/author\/carmelo-marcen-albero\/"}]}},"_links":{"self":[{"href":"https:\/\/eldiariodelaeducacion.com\/ecoescuela-abierta\/wp-json\/wp\/v2\/posts\/892","targetHints":{"allow":["GET"]}}],"collection":[{"href":"https:\/\/eldiariodelaeducacion.com\/ecoescuela-abierta\/wp-json\/wp\/v2\/posts"}],"about":[{"href":"https:\/\/eldiariodelaeducacion.com\/ecoescuela-abierta\/wp-json\/wp\/v2\/types\/post"}],"author":[{"embeddable":true,"href":"https:\/\/eldiariodelaeducacion.com\/ecoescuela-abierta\/wp-json\/wp\/v2\/users\/139"}],"replies":[{"embeddable":true,"href":"https:\/\/eldiariodelaeducacion.com\/ecoescuela-abierta\/wp-json\/wp\/v2\/comments?post=892"}],"version-history":[{"count":1,"href":"https:\/\/eldiariodelaeducacion.com\/ecoescuela-abierta\/wp-json\/wp\/v2\/posts\/892\/revisions"}],"predecessor-version":[{"id":1105,"href":"https:\/\/eldiariodelaeducacion.com\/ecoescuela-abierta\/wp-json\/wp\/v2\/posts\/892\/revisions\/1105"}],"wp:featuredmedia":[{"embeddable":true,"href":"https:\/\/eldiariodelaeducacion.com\/ecoescuela-abierta\/wp-json\/wp\/v2\/media\/897"}],"wp:attachment":[{"href":"https:\/\/eldiariodelaeducacion.com\/ecoescuela-abierta\/wp-json\/wp\/v2\/media?parent=892"}],"wp:term":[{"taxonomy":"category","embeddable":true,"href":"https:\/\/eldiariodelaeducacion.com\/ecoescuela-abierta\/wp-json\/wp\/v2\/categories?post=892"},{"taxonomy":"post_tag","embeddable":true,"href":"https:\/\/eldiariodelaeducacion.com\/ecoescuela-abierta\/wp-json\/wp\/v2\/tags?post=892"},{"taxonomy":"tipo","embeddable":true,"href":"https:\/\/eldiariodelaeducacion.com\/ecoescuela-abierta\/wp-json\/wp\/v2\/tipo?post=892"}],"curies":[{"name":"wp","href":"https:\/\/api.w.org\/{rel}","templated":true}]}}