{"id":902,"date":"2023-06-05T09:47:55","date_gmt":"2023-06-05T09:47:55","guid":{"rendered":"https:\/\/eldiariodelaeducacion.com\/ecoescuela-abierta\/?p=902"},"modified":"2024-08-20T16:21:24","modified_gmt":"2024-08-20T14:21:24","slug":"el-comienzo-de-una-alianza-reclimatizadora-un-5-de-junio-en-pocas-lecciones","status":"publish","type":"post","link":"https:\/\/eldiariodelaeducacion.com\/ecoescuela-abierta\/2023\/06\/05\/el-comienzo-de-una-alianza-reclimatizadora-un-5-de-junio-en-pocas-lecciones\/","title":{"rendered":"El comienzo de una alianza reclimatizadora un 5 de junio, en pocas lecciones"},"content":{"rendered":"<p>Apetec\u00eda dedicar este 5 de junio, D\u00eda Mundial del Medio Ambiente, para reflexionar sobre \u00e9l, aunque este a\u00f1o deber\u00edamos haber hablado de pl\u00e1sticos, que es el cometido al que se dedica. Pero ya ha habido varias entradas sobre el tema en este blog. Vamos a mirar el medioambiente en general, como un todo, aunque se hable m\u00e1s de la lucha clim\u00e1tica, la madre de todas las iniciativas.<\/p>\n<p>Suponemos que el aprendizaje se construye en la interacci\u00f3n de muchas escuelas, unas regladas y otras intercaladas en la vida. Un proyecto educativo multiescolar comenzar\u00eda compartiendo que la sociedad entera es, en mayor o menor grado, parte integrante del cambio clim\u00e1tico (en adelante CC). Por lo inducido o acelerado con sus pr\u00e1cticas, estruendosas desde hace 5 o 6 d\u00e9cadas; por las ignoradas incertidumbres que tiene delante. Tal situaci\u00f3n ya no es desconocida para casi nadie; sobre todo por sus efectos. Nada es sencillo en la vida. Pero pocas cosas son tan complejas como el clima y sus crisis ecosociales asociadas. Para hacer frente a esa complejidad necesitamos liderazgos fuertes, que sean capaces de unir a mucha gente en una aventura com\u00fan: <strong>salvarnos y de paso dejar m\u00e1s tranquilo al planeta<\/strong>. Anotemos este orden, ser\u00e1 la primera lecci\u00f3n a llevar a las diversas aulas, con paredes o no. La segunda ense\u00f1anza es que<strong> la ciencia sabe mucho<\/strong> y puede aconsejar a la educaci\u00f3n (formal, no formal e informal), a los gobiernos, entidades sociales, empresas y dem\u00e1s.<\/p>\n<p>El Grupo Intergubernamental de Expertos sobre el Cambio Clim\u00e1tico (IPCC) en su reciente 6\u00ba Informe del IPCC insiste en, tercera lecci\u00f3n, es imprescindible <strong>acometer entre toda la sociedad<\/strong> lo necesariamente educativo para entender las bases f\u00edsicas del CC, comprender su repercusi\u00f3n en los oc\u00e9anos, criosfera, en determinados usos del suelo. Adem\u00e1s avisa de que la temperatura media del aire pr\u00f3ximo a la Tierra se ha incrementado ya 1,5\u00baC, que era el m\u00e1ximo idealizado para 2030. Tambi\u00e9n asegura que la intervenci\u00f3n humana acarrea graves repercusiones en otros aspectos. Se pregunta qui\u00e9nes est\u00e1n m\u00e1s obligados a ejercer el liderazgo mundial reclimatizador. <strong>El ep\u00edlogo<\/strong> de estas tres primeras lecciones se podr\u00eda resumir en que las conciencias se deber\u00edan encaminar hacia posiciones concretas, que afectan mucho a todos los individuos. A\u00f1adimos nosotros que servir\u00e1n mucho m\u00e1s al alumnado que ahora transita por nuestras aulas, a la biodiversidad que le acompa\u00f1a. <strong>Es tiempo de transiciones culturales, de sociedades responsables y de escuelas so\u00f1adoras<\/strong>; una lecci\u00f3n vital.<\/p>\n<p>Imaginamos una acci\u00f3n formativa para entrar de lleno en materia con actuaciones de comprensi\u00f3n y utilidad; la evidencia de <strong>la emergencia clim\u00e1tica no admite paliativos, luego<\/strong>\u2026 Una visita a <a href=\"https:\/\/climatechange.europeandatajournalism.eu\/\">Global Climate Change<\/a> o el sitio del <a href=\"https:\/\/www.ipcc.ch\/languages-2\/spanish\/\">IPCC<\/a> demuestra la fragilidad del conocimiento ciudadano. Sin embargo, suponemos que la ciudadan\u00eda entera, el alumnado tambi\u00e9n, est\u00e1 al tanto de muchos eventos globales ligados al CC: episodios atmosf\u00e9ricos anormales en distintas estaciones, creciente desertificaci\u00f3n, alteraci\u00f3n de la biodiversidad o de las aguas, la presencia t\u00f3xica de los residuos, aumento de las hambrunas, etc. Habl\u00e9moslo en clase o en grupo social. Si se provoca el debate aparecer\u00e1 enseguida que <strong>habremos de aminorar los efectos del CC y adaptarnos a las nuevas situaciones<\/strong>. Con una nueva interpretaci\u00f3n: <strong>el cambio clim\u00e1tico no conoce fronteras<\/strong> de pa\u00edses y continentes, aunque determinadas poblaciones sufran m\u00e1s. Traspasa los muros de la ense\u00f1anza reglada para impregnar la vida de cada d\u00eda.<\/p>\n<p>Siguiente inc\u00f3gnita para esas actividades: si nos atenemos a lo que recoge el \u00faltimo <a href=\"https:\/\/ec.europa.eu\/clima\/citizens\/citizen-support-climate-action_es#ref-2021-survey\">Eurobar\u00f3metro de la Uni\u00f3n Europea<\/a> parece que <strong>la ciudadan\u00eda es consciente del deterioro ambiental autogenerado y al planeta<\/strong>. Por su parte, el Ministerio de Transici\u00f3n Ecol\u00f3gica se\u00f1ala en <em>La sociedad espa\u00f1ola ante el cambio clim\u00e1tico. Percepci\u00f3n y comportamientos de la poblaci\u00f3n<\/em> que el cambio clim\u00e1tico va a afectar mucho a las generaciones futuras, tambi\u00e9n a la alimentaci\u00f3n y a la salud. Es m\u00e1s, dec\u00eda que <strong>las emociones dominantes que despierta son el inter\u00e9s, la impotencia, el disgusto, la indignaci\u00f3n y el enfado<\/strong>; sexta lecci\u00f3n trascendente que ahora se tipifica como ecoansiedad. A pesar de esto <strong>falta el compromiso continuado<\/strong>; ser\u00eda la s\u00e9ptima lecci\u00f3n.<\/p>\n<p>Visto lo expuesto, no estamos seguros de que la percepci\u00f3n del CC est\u00e9 consolidada en Espa\u00f1a; \u00bfqu\u00e9 decir en el \u00e1mbito de la educaci\u00f3n? Una pregunta sin mala intenci\u00f3n: \u00bfalguien sabe de la existencia y funci\u00f3n de <a href=\"https:\/\/www.miteco.gob.es\/es\/cambio-climatico\/temas\/organismos-e-instituciones-implicados-en-la-lucha-contra-el-cambio-climatico-a-nivel-nacional\/oficina-espanola-en-cambio-climatico\/\">la Oficina Espa\u00f1ola del Cambio Clim\u00e1tico<\/a>? Conclusi\u00f3n de esta primera parte: <strong>hay que conocer lo que se sabe y, si no se sabe, acudir a que la ciencia nos lo explique<\/strong>; lecci\u00f3n de repaso. Si no se hace, faltar\u00e1 el esp\u00edritu cr\u00edtico que se supon\u00eda hab\u00eda detr\u00e1s de las anteriores ense\u00f1anzas-aprendizajes. La sociedad es una escuela casi cerrada con muchas escuelas abiertas interactuando, a veces contradici\u00e9ndose.<\/p>\n<p>En general, cuando tenemos delante un problema de semejante envergadura confiamos <strong>en que se resuelva con los esfuerzos de los otros. Pero el escapismo individual es costumbre social<\/strong>; octava lecci\u00f3n. Se nos antoja permanente en la sociedad y en la escuela. De otro modo, \u00bfc\u00f3mo se explica que en casi todas las encuestas que se hacen sobre el CC se asigna un importante papel reclimatizador a los gobiernos, empresas y dem\u00e1s y otro m\u00ednimo al esfuerzo propio? \u201c<strong>Vivimos en una era de irresponsabilidad organizada<\/strong>\u201d escribieron el profesor Otto Scharmer, del Massachusetts Institute of Technology (MIT) y Katrin Kaufer. Como es que e<a href=\"https:\/\/www.eib.org\/en\/press\/all\/2021-360-81-percents-of-spanish-people-in-favour-of-stricter-government-measures-imposing-behavioural-changes-to-address-the-climate-emergency?lang=es\">l 80 % de la poblaci\u00f3n espa\u00f1ola se siente copart\u00edcipe para retardar\/atajar la emergencia clim\u00e1tica<\/a>,\u00a0a la vez que apenas un 24 % est\u00e1 acometiendo cambios radicalesv.<\/p>\n<p>Porque, por m\u00e1s que la gente sepa y sienta, se preocupe, le cuesta mucho reaccionar. Esta extendida incongruencia ambiental es lo que algunos denominan <strong>disonancia cognitiva<\/strong>. Por eso, si se percibe una tensi\u00f3n clim\u00e1tica, parece que nos las arreglamos para encajarla en nuestras coherencia y tranquilidad interna, o meterla en el desv\u00e1n de las cosas no favorables, para que <a href=\"https:\/\/www.eldiario.es\/opinion\/zona-critica\/liderazgo-ambiental-comision-europea-mentira_129_8627872.html\">no nos desestabilice demasiado<\/a>. Hay que elevar la ecodependencia a la categor\u00eda del s\u00edmbolo de los <strong>tiempos.<\/strong> Lecci\u00f3n b\u00e1sica, la novena, para las reuniones de departamento y claustros, para los entornos gubernativos y sociales, para los consejos de direcci\u00f3n de las empresas.<\/p>\n<p>Centr\u00e9monos m\u00e1s en la escuela. El argumentario de la Lomloe puede ayudar pero <strong>la norma no cambia por s\u00ed sola aquello que se ense\u00f1a\/aprende en las clases<\/strong>. Los equipos directivos y el profesorado ven l\u00f3gico tratar estos temas en las aulas, ambientalizar el centro educativo. Poco a poco van enter\u00e1ndose de la emergencia clim\u00e1tica, tienen cierto inter\u00e9s e incluso se comprometen en la dinamizaci\u00f3n de iniciativas para mitigar el CC o adaptarse a \u00e9l. Van asumiendo su liderazgo; de hecho se incorpora a los proyectos educativos. Pero todav\u00eda no han acertado a concretar los c\u00f3mo y cu\u00e1ndo convertir los pensamientos en compromisos. Deben resaltar el valor de la ciencia y llevarlo a las aulas. Existen ya muchos materiales para los centros educativos elaborados desde la administraci\u00f3n educativa, proyectos en la Red donde mirar, formaci\u00f3n <em>on line<\/em>, documentos para el alumnado, etc. Pero falta <strong>una adecuada formaci\u00f3n del profesorado<\/strong>. Aqu\u00ed entrar\u00edan en acci\u00f3n actividades de desarrollo como las que proponen la C\u00e1tedra Unesco para la <a href=\"https:\/\/doi.org\/10.5944\/catedra.eads.501120\">Educaci\u00f3n Ambiental y el Desarrollo Sostenible<\/a> o el <a href=\"https:\/\/www.educacionyfp.gob.es\/mc\/sgctie\/educacion-para-sostenibilidad\/rec-edu-desarrollo.html\">Ministerio de Educaci\u00f3n y Formaci\u00f3n Profesional<\/a>.<\/p>\n<p>Entrar\u00edamos en la fase de s\u00edntesis y aplicaci\u00f3n de lo aprendido. Para <strong>la autoformaci\u00f3n y animar el debate sobre el liderazgo<\/strong> escolar o de la vida corriente servir\u00eda la propuesta ACE (Acci\u00f3n para el Empoderamiento Clim\u00e1tico). Una iniciativa transversal sobre capacidades en <a href=\"https:\/\/www.cde.ual.es\/ficha\/competencia-climatica-una-propuesta-transversal-sobre-capacidades-en-accion-por-el-empoderamiento-climatico\/\">Acci\u00f3n por el Empoderamiento Clim\u00e1tico<\/a> del Programa Euroclima+ de la Uni\u00f3n Europea. Todo para convertir a <strong>los proyectos ecosociales en los verdaderos protagonistas escolares<\/strong>, en donde prime lo colectivo.<\/p>\n<p><strong>La pertenencia a redes de acci\u00f3n ambiental reporta a los centros muchas ventajas<\/strong>: pautas de pensamiento comprometidas, posibilidades de compartir experiencias, desarrollo de proyectos conjuntos, intercambios de profesorado y alumnado, etc. Por ejemplo la <a href=\"https:\/\/www.miteco.gob.es\/es\/ceneam\/recursos\/mini-portales-tematicos\/ESenRED\/confint.aspx\">Conferencia Infanto Juvenil Confint<\/a> en la que el alumnado lidera las propuestas de acci\u00f3n y las comparte con escuelas de su pa\u00eds o de otros. <strong>Hay que rescatar el papel de los j\u00f3venes<\/strong>. En algunos centros de ense\u00f1anza obligatoria, tambi\u00e9n en la universidad, emergieron iniciativas como <a href=\"https:\/\/rebellion.global\/es\/\">Extinction Rebellion<\/a>i, <a href=\"https:\/\/juventudxclima.es\/\">J\u00f3venes por el clima<\/a> y otras m\u00e1s minoritarias.<\/p>\n<p>El n\u00famero 17 de los ODS -por ahora la utop\u00eda global m\u00e1s motivadora- explicita la necesidad de establecer alianzas multiperspectiva e intereducacionales. D\u00e9cima lecci\u00f3n importante: <strong>necesitamos una \u00e9tica socioambiental que nos convierta en hacedores de la ciudadan\u00eda del futuro<\/strong>. Para ello hay que tender lazos con las ONG ecosociales independientes como Greenpeace, Oxfam, Save the Children, etc. y agencias de la ONU como Unicef, el Pnuma o la FAO.<\/p>\n<p>Aqu\u00ed el pos data resumen de todo lo anterior, con una tarea doble. Primero <strong>hay que actuar ya<\/strong>, de lo contrario los problemas se agrandan. Segundo y punto final: <strong>se trata de consolidar una justicia ambiental que sea el n\u00facleo del liderazgo comprometido y compartido permanentemente<\/strong> en la acci\u00f3n educativa cr\u00edtica. En el \u00e1mbito escolar es lo que intenta <a href=\"https:\/\/confint-esp.blogspot.com\/p\/esenred.html\">ESenRED<\/a>, toda una apuesta para facilitar el tr\u00e1nsito hacia una vida ecosocial, m\u00e1s amigable con el medioambiente, y viceversa. Su generalizaci\u00f3n se puede apoyar en proyectos como Greencomp. <a href=\"https:\/\/op.europa.eu\/en\/publication-detail\/-\/publication\/bc83061d-74ec-11ec-9136-01aa75ed71a1\/language-es\">Marco Europeo de Competencias para la Sostenibilidad<\/a>. Y muchas m\u00e1s lecciones propuestas en <a href=\"https:\/\/thrivu.grupo-sm.com\/s\/proyecto-educativo\/a3D7U000001GIIZUA4\/aportaciones-de-los-curr%C3%ADculos-auton%C3%B3micos-al-enfoque-ecosocial-de-la-lomloe?language=es\">este art\u00edculo de Luis Gonz\u00e1lez Reyes<\/a>.<\/p>\n<p><strong>El D\u00eda Mundial del Medio Ambiente<\/strong> no es solo una fecha del calendario; <strong>es una alerta social y una invitaci\u00f3n al compromiso, que deber\u00eda ser permanente. En especial para nosotros<\/strong>; el Planeta ya se las arreglar\u00e1 para ser el mismo y a la vez otro. No nos confundamos de espejo. Repitamos en voz alta esa frase tan comentada que al parecer dijo en alguna ocasi\u00f3n la cient\u00edfica ambiental y coautora de <em>Los l\u00edmites del crecimiento<\/em> <a href=\"https:\/\/www.ecologistasenaccion.org\/153642\/donella-meadows-y-la-metafora-del-espejo\/\">Donella Meadows<\/a>: <strong>puede que consigas enga\u00f1ar a los votantes, pero no a la atm\u00f3sfera<\/strong>. Apliqu\u00e9mosla a Espa\u00f1a de ahora, tambi\u00e9n al ancho y amplio mundo. No quer\u00edamos terminar sin volver a traer una lecci\u00f3n suya que ya hemos incluido en este blog: nos sometemos a una econom\u00eda depredadora que pretende expandirse indefinidamente, creando necesidades, vendiendo deseos, ignorando la complejidad y evitando reconocer los l\u00edmites del planeta.<\/p>\n","protected":false},"excerpt":{"rendered":"<p>Apetec\u00eda dedicar este 5 de junio, D\u00eda Mundial del Medio Ambiente, para reflexionar sobre \u00e9l, aunque este a\u00f1o deber\u00edamos haber hablado de pl\u00e1sticos, que es el cometido al que se dedica. Pero ya ha habido varias entradas sobre el tema en este blog. Vamos a mirar el medioambiente en general, como un todo, aunque se<\/p>\n","protected":false},"author":139,"featured_media":734,"comment_status":"open","ping_status":"closed","sticky":false,"template":"","format":"standard","meta":{"footnotes":""},"categories":[16],"tags":[35],"tipo":[40],"class_list":{"0":"post-902","1":"post","2":"type-post","3":"status-publish","4":"format-standard","5":"has-post-thumbnail","7":"category-ecoescuela-abierta","8":"tag-dia-del-medio-ambiente","9":"tipo-analisis"},"yoast_head":"<!-- This site is optimized with the Yoast SEO plugin v27.5 - https:\/\/yoast.com\/product\/yoast-seo-wordpress\/ -->\n<title>El comienzo de una alianza reclimatizadora un 5 de junio, en pocas lecciones - Ecoescuela Abierta<\/title>\n<meta name=\"robots\" content=\"index, follow, max-snippet:-1, max-image-preview:large, max-video-preview:-1\" \/>\n<link rel=\"canonical\" href=\"https:\/\/eldiariodelaeducacion.com\/ecoescuela-abierta\/2023\/06\/05\/el-comienzo-de-una-alianza-reclimatizadora-un-5-de-junio-en-pocas-lecciones\/\" \/>\n<meta property=\"og:locale\" content=\"es_ES\" \/>\n<meta property=\"og:type\" content=\"article\" \/>\n<meta property=\"og:title\" content=\"El comienzo de una alianza reclimatizadora un 5 de junio, en pocas lecciones - Ecoescuela Abierta\" \/>\n<meta property=\"og:description\" content=\"Apetec\u00eda dedicar este 5 de junio, D\u00eda Mundial del Medio Ambiente, para reflexionar sobre \u00e9l, aunque este a\u00f1o deber\u00edamos haber hablado de pl\u00e1sticos, que es el cometido al que se dedica. Pero ya ha habido varias entradas sobre el tema en este blog. Vamos a mirar el medioambiente en general, como un todo, aunque se\" \/>\n<meta property=\"og:url\" content=\"https:\/\/eldiariodelaeducacion.com\/ecoescuela-abierta\/2023\/06\/05\/el-comienzo-de-una-alianza-reclimatizadora-un-5-de-junio-en-pocas-lecciones\/\" \/>\n<meta property=\"og:site_name\" content=\"Ecoescuela Abierta\" \/>\n<meta property=\"article:published_time\" content=\"2023-06-05T09:47:55+00:00\" \/>\n<meta property=\"article:modified_time\" content=\"2024-08-20T14:21:24+00:00\" \/>\n<meta property=\"og:image\" content=\"https:\/\/eldiariodelaeducacion.com\/ecoescuela-abierta\/wp-content\/uploads\/sites\/17\/2022\/01\/iStock-1276425506.jpg\" \/>\n\t<meta property=\"og:image:width\" content=\"1254\" \/>\n\t<meta property=\"og:image:height\" content=\"836\" \/>\n\t<meta property=\"og:image:type\" content=\"image\/jpeg\" \/>\n<meta name=\"author\" content=\"Carmelo Marc\u00e9n Albero\" \/>\n<meta name=\"twitter:card\" content=\"summary_large_image\" \/>\n<meta name=\"twitter:label1\" content=\"Escrito por\" \/>\n\t<meta name=\"twitter:data1\" content=\"Carmelo Marc\u00e9n Albero\" \/>\n\t<meta name=\"twitter:label2\" content=\"Tiempo de lectura\" \/>\n\t<meta name=\"twitter:data2\" content=\"9 minutos\" \/>\n<script type=\"application\/ld+json\" class=\"yoast-schema-graph\">{\"@context\":\"https:\\\/\\\/schema.org\",\"@graph\":[{\"@type\":\"Article\",\"@id\":\"https:\\\/\\\/eldiariodelaeducacion.com\\\/ecoescuela-abierta\\\/2023\\\/06\\\/05\\\/el-comienzo-de-una-alianza-reclimatizadora-un-5-de-junio-en-pocas-lecciones\\\/#article\",\"isPartOf\":{\"@id\":\"https:\\\/\\\/eldiariodelaeducacion.com\\\/ecoescuela-abierta\\\/2023\\\/06\\\/05\\\/el-comienzo-de-una-alianza-reclimatizadora-un-5-de-junio-en-pocas-lecciones\\\/\"},\"author\":{\"name\":\"Carmelo Marc\u00e9n Albero\",\"@id\":\"https:\\\/\\\/eldiariodelaeducacion.com\\\/ecoescuela-abierta\\\/#\\\/schema\\\/person\\\/04802fc4b356ebb6d2b49d88d0cbda81\"},\"headline\":\"El comienzo de una alianza reclimatizadora un 5 de junio, en pocas lecciones\",\"datePublished\":\"2023-06-05T09:47:55+00:00\",\"dateModified\":\"2024-08-20T14:21:24+00:00\",\"mainEntityOfPage\":{\"@id\":\"https:\\\/\\\/eldiariodelaeducacion.com\\\/ecoescuela-abierta\\\/2023\\\/06\\\/05\\\/el-comienzo-de-una-alianza-reclimatizadora-un-5-de-junio-en-pocas-lecciones\\\/\"},\"wordCount\":1842,\"commentCount\":0,\"image\":{\"@id\":\"https:\\\/\\\/eldiariodelaeducacion.com\\\/ecoescuela-abierta\\\/2023\\\/06\\\/05\\\/el-comienzo-de-una-alianza-reclimatizadora-un-5-de-junio-en-pocas-lecciones\\\/#primaryimage\"},\"thumbnailUrl\":\"https:\\\/\\\/eldiariodelaeducacion.com\\\/ecoescuela-abierta\\\/wp-content\\\/uploads\\\/sites\\\/17\\\/2022\\\/01\\\/iStock-1276425506.jpg\",\"keywords\":[\"D\u00eda del Medio Ambiente\"],\"articleSection\":[\"Ecoescuela abierta\"],\"inLanguage\":\"es\",\"potentialAction\":[{\"@type\":\"CommentAction\",\"name\":\"Comment\",\"target\":[\"https:\\\/\\\/eldiariodelaeducacion.com\\\/ecoescuela-abierta\\\/2023\\\/06\\\/05\\\/el-comienzo-de-una-alianza-reclimatizadora-un-5-de-junio-en-pocas-lecciones\\\/#respond\"]}]},{\"@type\":\"WebPage\",\"@id\":\"https:\\\/\\\/eldiariodelaeducacion.com\\\/ecoescuela-abierta\\\/2023\\\/06\\\/05\\\/el-comienzo-de-una-alianza-reclimatizadora-un-5-de-junio-en-pocas-lecciones\\\/\",\"url\":\"https:\\\/\\\/eldiariodelaeducacion.com\\\/ecoescuela-abierta\\\/2023\\\/06\\\/05\\\/el-comienzo-de-una-alianza-reclimatizadora-un-5-de-junio-en-pocas-lecciones\\\/\",\"name\":\"El comienzo de una alianza reclimatizadora un 5 de junio, en pocas lecciones - Ecoescuela Abierta\",\"isPartOf\":{\"@id\":\"https:\\\/\\\/eldiariodelaeducacion.com\\\/ecoescuela-abierta\\\/#website\"},\"primaryImageOfPage\":{\"@id\":\"https:\\\/\\\/eldiariodelaeducacion.com\\\/ecoescuela-abierta\\\/2023\\\/06\\\/05\\\/el-comienzo-de-una-alianza-reclimatizadora-un-5-de-junio-en-pocas-lecciones\\\/#primaryimage\"},\"image\":{\"@id\":\"https:\\\/\\\/eldiariodelaeducacion.com\\\/ecoescuela-abierta\\\/2023\\\/06\\\/05\\\/el-comienzo-de-una-alianza-reclimatizadora-un-5-de-junio-en-pocas-lecciones\\\/#primaryimage\"},\"thumbnailUrl\":\"https:\\\/\\\/eldiariodelaeducacion.com\\\/ecoescuela-abierta\\\/wp-content\\\/uploads\\\/sites\\\/17\\\/2022\\\/01\\\/iStock-1276425506.jpg\",\"datePublished\":\"2023-06-05T09:47:55+00:00\",\"dateModified\":\"2024-08-20T14:21:24+00:00\",\"author\":{\"@id\":\"https:\\\/\\\/eldiariodelaeducacion.com\\\/ecoescuela-abierta\\\/#\\\/schema\\\/person\\\/04802fc4b356ebb6d2b49d88d0cbda81\"},\"breadcrumb\":{\"@id\":\"https:\\\/\\\/eldiariodelaeducacion.com\\\/ecoescuela-abierta\\\/2023\\\/06\\\/05\\\/el-comienzo-de-una-alianza-reclimatizadora-un-5-de-junio-en-pocas-lecciones\\\/#breadcrumb\"},\"inLanguage\":\"es\",\"potentialAction\":[{\"@type\":\"ReadAction\",\"target\":[\"https:\\\/\\\/eldiariodelaeducacion.com\\\/ecoescuela-abierta\\\/2023\\\/06\\\/05\\\/el-comienzo-de-una-alianza-reclimatizadora-un-5-de-junio-en-pocas-lecciones\\\/\"]}]},{\"@type\":\"ImageObject\",\"inLanguage\":\"es\",\"@id\":\"https:\\\/\\\/eldiariodelaeducacion.com\\\/ecoescuela-abierta\\\/2023\\\/06\\\/05\\\/el-comienzo-de-una-alianza-reclimatizadora-un-5-de-junio-en-pocas-lecciones\\\/#primaryimage\",\"url\":\"https:\\\/\\\/eldiariodelaeducacion.com\\\/ecoescuela-abierta\\\/wp-content\\\/uploads\\\/sites\\\/17\\\/2022\\\/01\\\/iStock-1276425506.jpg\",\"contentUrl\":\"https:\\\/\\\/eldiariodelaeducacion.com\\\/ecoescuela-abierta\\\/wp-content\\\/uploads\\\/sites\\\/17\\\/2022\\\/01\\\/iStock-1276425506.jpg\",\"width\":1254,\"height\":836,\"caption\":\"iStock\"},{\"@type\":\"BreadcrumbList\",\"@id\":\"https:\\\/\\\/eldiariodelaeducacion.com\\\/ecoescuela-abierta\\\/2023\\\/06\\\/05\\\/el-comienzo-de-una-alianza-reclimatizadora-un-5-de-junio-en-pocas-lecciones\\\/#breadcrumb\",\"itemListElement\":[{\"@type\":\"ListItem\",\"position\":1,\"name\":\"Portada\",\"item\":\"https:\\\/\\\/eldiariodelaeducacion.com\\\/ecoescuela-abierta\\\/\"},{\"@type\":\"ListItem\",\"position\":2,\"name\":\"El comienzo de una alianza reclimatizadora un 5 de junio, en pocas lecciones\"}]},{\"@type\":\"WebSite\",\"@id\":\"https:\\\/\\\/eldiariodelaeducacion.com\\\/ecoescuela-abierta\\\/#website\",\"url\":\"https:\\\/\\\/eldiariodelaeducacion.com\\\/ecoescuela-abierta\\\/\",\"name\":\"Ecoescuela Abierta\",\"description\":\"Un blog de El Diario de la Educaci\u00f3n\",\"potentialAction\":[{\"@type\":\"SearchAction\",\"target\":{\"@type\":\"EntryPoint\",\"urlTemplate\":\"https:\\\/\\\/eldiariodelaeducacion.com\\\/ecoescuela-abierta\\\/?s={search_term_string}\"},\"query-input\":{\"@type\":\"PropertyValueSpecification\",\"valueRequired\":true,\"valueName\":\"search_term_string\"}}],\"inLanguage\":\"es\"},{\"@type\":\"Person\",\"@id\":\"https:\\\/\\\/eldiariodelaeducacion.com\\\/ecoescuela-abierta\\\/#\\\/schema\\\/person\\\/04802fc4b356ebb6d2b49d88d0cbda81\",\"name\":\"Carmelo Marc\u00e9n Albero\",\"image\":{\"@type\":\"ImageObject\",\"inLanguage\":\"es\",\"@id\":\"https:\\\/\\\/secure.gravatar.com\\\/avatar\\\/865a2af25fe07fb65d216fd84d395acb9d5e4afe79a03f8cb07ea1546723465e?s=96&d=mm&r=g\",\"url\":\"https:\\\/\\\/secure.gravatar.com\\\/avatar\\\/865a2af25fe07fb65d216fd84d395acb9d5e4afe79a03f8cb07ea1546723465e?s=96&d=mm&r=g\",\"contentUrl\":\"https:\\\/\\\/secure.gravatar.com\\\/avatar\\\/865a2af25fe07fb65d216fd84d395acb9d5e4afe79a03f8cb07ea1546723465e?s=96&d=mm&r=g\",\"caption\":\"Carmelo Marc\u00e9n Albero\"},\"description\":\"Adem\u00e1s de profesor y articulista, es experto en educaci\u00f3n ambiental. Gracias a \u00e9l nos preguntaremos c\u00f3mo las escuelas pueden reflexionar y trasladar estas preocupaciones a su alumnado, a sus docentes. Su \u00faltimo libro, 'Ecorrelatos inacabados, sin fecha de caducidad acerca' con una iron\u00eda suave algunas de esas tem\u00e1ticas.\",\"url\":\"https:\\\/\\\/eldiariodelaeducacion.com\\\/ecoescuela-abierta\\\/author\\\/carmelo-marcen-albero\\\/\"}]}<\/script>\n<!-- \/ Yoast SEO plugin. -->","yoast_head_json":{"title":"El comienzo de una alianza reclimatizadora un 5 de junio, en pocas lecciones - Ecoescuela Abierta","robots":{"index":"index","follow":"follow","max-snippet":"max-snippet:-1","max-image-preview":"max-image-preview:large","max-video-preview":"max-video-preview:-1"},"canonical":"https:\/\/eldiariodelaeducacion.com\/ecoescuela-abierta\/2023\/06\/05\/el-comienzo-de-una-alianza-reclimatizadora-un-5-de-junio-en-pocas-lecciones\/","og_locale":"es_ES","og_type":"article","og_title":"El comienzo de una alianza reclimatizadora un 5 de junio, en pocas lecciones - Ecoescuela Abierta","og_description":"Apetec\u00eda dedicar este 5 de junio, D\u00eda Mundial del Medio Ambiente, para reflexionar sobre \u00e9l, aunque este a\u00f1o deber\u00edamos haber hablado de pl\u00e1sticos, que es el cometido al que se dedica. Pero ya ha habido varias entradas sobre el tema en este blog. Vamos a mirar el medioambiente en general, como un todo, aunque se","og_url":"https:\/\/eldiariodelaeducacion.com\/ecoescuela-abierta\/2023\/06\/05\/el-comienzo-de-una-alianza-reclimatizadora-un-5-de-junio-en-pocas-lecciones\/","og_site_name":"Ecoescuela Abierta","article_published_time":"2023-06-05T09:47:55+00:00","article_modified_time":"2024-08-20T14:21:24+00:00","og_image":[{"width":1254,"height":836,"url":"https:\/\/eldiariodelaeducacion.com\/ecoescuela-abierta\/wp-content\/uploads\/sites\/17\/2022\/01\/iStock-1276425506.jpg","type":"image\/jpeg"}],"author":"Carmelo Marc\u00e9n Albero","twitter_card":"summary_large_image","twitter_misc":{"Escrito por":"Carmelo Marc\u00e9n Albero","Tiempo de lectura":"9 minutos"},"schema":{"@context":"https:\/\/schema.org","@graph":[{"@type":"Article","@id":"https:\/\/eldiariodelaeducacion.com\/ecoescuela-abierta\/2023\/06\/05\/el-comienzo-de-una-alianza-reclimatizadora-un-5-de-junio-en-pocas-lecciones\/#article","isPartOf":{"@id":"https:\/\/eldiariodelaeducacion.com\/ecoescuela-abierta\/2023\/06\/05\/el-comienzo-de-una-alianza-reclimatizadora-un-5-de-junio-en-pocas-lecciones\/"},"author":{"name":"Carmelo Marc\u00e9n Albero","@id":"https:\/\/eldiariodelaeducacion.com\/ecoescuela-abierta\/#\/schema\/person\/04802fc4b356ebb6d2b49d88d0cbda81"},"headline":"El comienzo de una alianza reclimatizadora un 5 de junio, en pocas lecciones","datePublished":"2023-06-05T09:47:55+00:00","dateModified":"2024-08-20T14:21:24+00:00","mainEntityOfPage":{"@id":"https:\/\/eldiariodelaeducacion.com\/ecoescuela-abierta\/2023\/06\/05\/el-comienzo-de-una-alianza-reclimatizadora-un-5-de-junio-en-pocas-lecciones\/"},"wordCount":1842,"commentCount":0,"image":{"@id":"https:\/\/eldiariodelaeducacion.com\/ecoescuela-abierta\/2023\/06\/05\/el-comienzo-de-una-alianza-reclimatizadora-un-5-de-junio-en-pocas-lecciones\/#primaryimage"},"thumbnailUrl":"https:\/\/eldiariodelaeducacion.com\/ecoescuela-abierta\/wp-content\/uploads\/sites\/17\/2022\/01\/iStock-1276425506.jpg","keywords":["D\u00eda del Medio Ambiente"],"articleSection":["Ecoescuela abierta"],"inLanguage":"es","potentialAction":[{"@type":"CommentAction","name":"Comment","target":["https:\/\/eldiariodelaeducacion.com\/ecoescuela-abierta\/2023\/06\/05\/el-comienzo-de-una-alianza-reclimatizadora-un-5-de-junio-en-pocas-lecciones\/#respond"]}]},{"@type":"WebPage","@id":"https:\/\/eldiariodelaeducacion.com\/ecoescuela-abierta\/2023\/06\/05\/el-comienzo-de-una-alianza-reclimatizadora-un-5-de-junio-en-pocas-lecciones\/","url":"https:\/\/eldiariodelaeducacion.com\/ecoescuela-abierta\/2023\/06\/05\/el-comienzo-de-una-alianza-reclimatizadora-un-5-de-junio-en-pocas-lecciones\/","name":"El comienzo de una alianza reclimatizadora un 5 de junio, en pocas lecciones - Ecoescuela Abierta","isPartOf":{"@id":"https:\/\/eldiariodelaeducacion.com\/ecoescuela-abierta\/#website"},"primaryImageOfPage":{"@id":"https:\/\/eldiariodelaeducacion.com\/ecoescuela-abierta\/2023\/06\/05\/el-comienzo-de-una-alianza-reclimatizadora-un-5-de-junio-en-pocas-lecciones\/#primaryimage"},"image":{"@id":"https:\/\/eldiariodelaeducacion.com\/ecoescuela-abierta\/2023\/06\/05\/el-comienzo-de-una-alianza-reclimatizadora-un-5-de-junio-en-pocas-lecciones\/#primaryimage"},"thumbnailUrl":"https:\/\/eldiariodelaeducacion.com\/ecoescuela-abierta\/wp-content\/uploads\/sites\/17\/2022\/01\/iStock-1276425506.jpg","datePublished":"2023-06-05T09:47:55+00:00","dateModified":"2024-08-20T14:21:24+00:00","author":{"@id":"https:\/\/eldiariodelaeducacion.com\/ecoescuela-abierta\/#\/schema\/person\/04802fc4b356ebb6d2b49d88d0cbda81"},"breadcrumb":{"@id":"https:\/\/eldiariodelaeducacion.com\/ecoescuela-abierta\/2023\/06\/05\/el-comienzo-de-una-alianza-reclimatizadora-un-5-de-junio-en-pocas-lecciones\/#breadcrumb"},"inLanguage":"es","potentialAction":[{"@type":"ReadAction","target":["https:\/\/eldiariodelaeducacion.com\/ecoescuela-abierta\/2023\/06\/05\/el-comienzo-de-una-alianza-reclimatizadora-un-5-de-junio-en-pocas-lecciones\/"]}]},{"@type":"ImageObject","inLanguage":"es","@id":"https:\/\/eldiariodelaeducacion.com\/ecoescuela-abierta\/2023\/06\/05\/el-comienzo-de-una-alianza-reclimatizadora-un-5-de-junio-en-pocas-lecciones\/#primaryimage","url":"https:\/\/eldiariodelaeducacion.com\/ecoescuela-abierta\/wp-content\/uploads\/sites\/17\/2022\/01\/iStock-1276425506.jpg","contentUrl":"https:\/\/eldiariodelaeducacion.com\/ecoescuela-abierta\/wp-content\/uploads\/sites\/17\/2022\/01\/iStock-1276425506.jpg","width":1254,"height":836,"caption":"iStock"},{"@type":"BreadcrumbList","@id":"https:\/\/eldiariodelaeducacion.com\/ecoescuela-abierta\/2023\/06\/05\/el-comienzo-de-una-alianza-reclimatizadora-un-5-de-junio-en-pocas-lecciones\/#breadcrumb","itemListElement":[{"@type":"ListItem","position":1,"name":"Portada","item":"https:\/\/eldiariodelaeducacion.com\/ecoescuela-abierta\/"},{"@type":"ListItem","position":2,"name":"El comienzo de una alianza reclimatizadora un 5 de junio, en pocas lecciones"}]},{"@type":"WebSite","@id":"https:\/\/eldiariodelaeducacion.com\/ecoescuela-abierta\/#website","url":"https:\/\/eldiariodelaeducacion.com\/ecoescuela-abierta\/","name":"Ecoescuela Abierta","description":"Un blog de El Diario de la Educaci\u00f3n","potentialAction":[{"@type":"SearchAction","target":{"@type":"EntryPoint","urlTemplate":"https:\/\/eldiariodelaeducacion.com\/ecoescuela-abierta\/?s={search_term_string}"},"query-input":{"@type":"PropertyValueSpecification","valueRequired":true,"valueName":"search_term_string"}}],"inLanguage":"es"},{"@type":"Person","@id":"https:\/\/eldiariodelaeducacion.com\/ecoescuela-abierta\/#\/schema\/person\/04802fc4b356ebb6d2b49d88d0cbda81","name":"Carmelo Marc\u00e9n Albero","image":{"@type":"ImageObject","inLanguage":"es","@id":"https:\/\/secure.gravatar.com\/avatar\/865a2af25fe07fb65d216fd84d395acb9d5e4afe79a03f8cb07ea1546723465e?s=96&d=mm&r=g","url":"https:\/\/secure.gravatar.com\/avatar\/865a2af25fe07fb65d216fd84d395acb9d5e4afe79a03f8cb07ea1546723465e?s=96&d=mm&r=g","contentUrl":"https:\/\/secure.gravatar.com\/avatar\/865a2af25fe07fb65d216fd84d395acb9d5e4afe79a03f8cb07ea1546723465e?s=96&d=mm&r=g","caption":"Carmelo Marc\u00e9n Albero"},"description":"Adem\u00e1s de profesor y articulista, es experto en educaci\u00f3n ambiental. Gracias a \u00e9l nos preguntaremos c\u00f3mo las escuelas pueden reflexionar y trasladar estas preocupaciones a su alumnado, a sus docentes. Su \u00faltimo libro, 'Ecorrelatos inacabados, sin fecha de caducidad acerca' con una iron\u00eda suave algunas de esas tem\u00e1ticas.","url":"https:\/\/eldiariodelaeducacion.com\/ecoescuela-abierta\/author\/carmelo-marcen-albero\/"}]}},"_links":{"self":[{"href":"https:\/\/eldiariodelaeducacion.com\/ecoescuela-abierta\/wp-json\/wp\/v2\/posts\/902","targetHints":{"allow":["GET"]}}],"collection":[{"href":"https:\/\/eldiariodelaeducacion.com\/ecoescuela-abierta\/wp-json\/wp\/v2\/posts"}],"about":[{"href":"https:\/\/eldiariodelaeducacion.com\/ecoescuela-abierta\/wp-json\/wp\/v2\/types\/post"}],"author":[{"embeddable":true,"href":"https:\/\/eldiariodelaeducacion.com\/ecoescuela-abierta\/wp-json\/wp\/v2\/users\/139"}],"replies":[{"embeddable":true,"href":"https:\/\/eldiariodelaeducacion.com\/ecoescuela-abierta\/wp-json\/wp\/v2\/comments?post=902"}],"version-history":[{"count":1,"href":"https:\/\/eldiariodelaeducacion.com\/ecoescuela-abierta\/wp-json\/wp\/v2\/posts\/902\/revisions"}],"predecessor-version":[{"id":1106,"href":"https:\/\/eldiariodelaeducacion.com\/ecoescuela-abierta\/wp-json\/wp\/v2\/posts\/902\/revisions\/1106"}],"wp:featuredmedia":[{"embeddable":true,"href":"https:\/\/eldiariodelaeducacion.com\/ecoescuela-abierta\/wp-json\/wp\/v2\/media\/734"}],"wp:attachment":[{"href":"https:\/\/eldiariodelaeducacion.com\/ecoescuela-abierta\/wp-json\/wp\/v2\/media?parent=902"}],"wp:term":[{"taxonomy":"category","embeddable":true,"href":"https:\/\/eldiariodelaeducacion.com\/ecoescuela-abierta\/wp-json\/wp\/v2\/categories?post=902"},{"taxonomy":"post_tag","embeddable":true,"href":"https:\/\/eldiariodelaeducacion.com\/ecoescuela-abierta\/wp-json\/wp\/v2\/tags?post=902"},{"taxonomy":"tipo","embeddable":true,"href":"https:\/\/eldiariodelaeducacion.com\/ecoescuela-abierta\/wp-json\/wp\/v2\/tipo?post=902"}],"curies":[{"name":"wp","href":"https:\/\/api.w.org\/{rel}","templated":true}]}}