{"id":905,"date":"2023-06-22T06:00:59","date_gmt":"2023-06-22T06:00:59","guid":{"rendered":"https:\/\/eldiariodelaeducacion.com\/ecoescuela-abierta\/?p=905"},"modified":"2024-08-20T16:21:24","modified_gmt":"2024-08-20T14:21:24","slug":"nuccio-ordine-en-la-ecoescuela-abierta","status":"publish","type":"post","link":"https:\/\/eldiariodelaeducacion.com\/ecoescuela-abierta\/2023\/06\/22\/nuccio-ordine-en-la-ecoescuela-abierta\/","title":{"rendered":"Nuccio Ordine en la ecoescuela abierta"},"content":{"rendered":"<p>Vino a visitarnos, no s\u00e9 a santo de qu\u00e9 nos eligi\u00f3 a nosotros. No lleg\u00f3 con las manos en los bolsillos; nos trajo como presentaci\u00f3n aquella entrevista que grab\u00f3 hace un tiempo. Y la introdujo en el ordenador para proyectarla en la PDI. Despu\u00e9s se sent\u00f3 al final de la clase, como queriendo significar que era uno m\u00e1s, que se prestaba a escuchar como alumno lo que un profesor dec\u00eda en el documental.<\/p>\n<p>Tras conectar la PDI, su figura quedaba bien majestuosa. No recuerdo por qu\u00e9 le dio por hablar de la utilidad de lo in\u00fatil en nuestras vidas, en la educaci\u00f3n y en la sociedad en la general. Se preguntaba a d\u00f3nde se dirig\u00edan los que iban a la escuela. Caras de asombro generalizadas ante semejante \u201cperogrullada\u201d de una persona presentada como sabia.<\/p>\n<p>Afirmaba que no se va a la escuela para aprender, sino para aprendiendo sentirse libres, como los p\u00e1jaros lo son. En la vida escolar lo que cuenta es la experiencia en el viaje por descubrir sin prisa. En identificar esos otros seres que parec\u00edan in\u00fatiles pero tienen una enorme influencia en nuestras vidas. En la escuela atosigamos a nuestros alumnos con lo r\u00e1pido, con el aprendizaje sin motivo de recorrido absurdos, de experiencias de laboratorio cerrado que nada o poco son vitales. Par\u00f3 la imagen y desde el fondo del aula pregunt\u00f3 de qu\u00e9 se hablaba en la clase en la que nos encontr\u00e1bamos; alguien le dijo que de ciencias naturales. Expuso que all\u00ed era m\u00e1s necesario que en ning\u00fan otro sitio el aprendizaje lento. Pidi\u00f3 un libro de texto. Lo hoje\u00f3 un poco y simul\u00f3 tirarlo al contenedor azul, el del papel reciclado.<\/p>\n<p>Para a continuaci\u00f3n explicar que lo quer\u00eda tirar porque era una ametralladora de conceptos, porque conten\u00eda tantos que deb\u00eda lanzarlos r\u00e1pidamente para que no abrumaran con su desconocimiento. Que el estilo de aprender libresco hac\u00eda da\u00f1o: un estudiante solo aprende una m\u00ednima parte de lo que trae su libro de texto. Visto as\u00ed no entusiasmar\u00eda a casi nadie el quehacer escolar.<\/p>\n<p>Despu\u00e9s cit\u00f3 a Nietzsche, al cual ning\u00fan alumno conoc\u00eda. Lo hizo para traer a la palestra aquello de que es necesario comprender lentamente, tanto que hace un elogio de la lentitud en el aprendizaje. Entonces recordamos que la <a href=\"http:\/\/www.ecosdeceltiberia.es\/?page_id=847\">biodiversidad<\/a> que hab\u00edamos estudiado no puede verse como sucesos simples, que hay que recrearse en lo que puede suceder desde que un \u00e1rbol de los que ten\u00edamos en el patio elabora una yema hasta que esta se convierte en flor o fruto. Lo contrario que las escuelas, que est\u00e1n orientadas a la estrella polar que es el mercado r\u00e1pido. A este profesor gru\u00f1\u00f3n le record\u00f3 la guerra que tiene emprendida con la competencia en emprendedur\u00eda y emprendimiento de la Lomloe.<\/p>\n<p>Reconecto la PDI. Las primeras im\u00e1genes hablaban del empe\u00f1o de las escuelas en meter prisa para todo, asignaturas que se atropellan, contenidos que se solapan para no dejar tiempo a los otros, lecciones de naturaleza (el reino de la lentitud no percibida) expr\u00e9s, y otras muchas carreras. Se afirma que cuantas m\u00e1s ideas del conocimiento transiten por el cerebro de los estudiantes mejor. Pero se preguntaba \u00bfcu\u00e1ntas se quedan residentes? \u00bfqu\u00e9 permanece de Ciencias de la Naturaleza de un curso para otro? Se contestaba a s\u00ed mismo que<a href=\"http:\/\/www.ecosdeceltiberia.es\/?page_id=1615\"> aquello que se aprende con esfuerzo<\/a>. Y adem\u00e1s con una conciencia cr\u00edtica. Me ven\u00eda a la memora en entramado global, especialmente dif\u00edcil de definir, que se ha dado en llamar medioambiente. Me recordaba cu\u00e1ntas veces hab\u00eda escuchado en clase aquello de para qu\u00e9 sirve conocer el movimiento err\u00e1tico o no de las masas de aire. Si llueve te proteges o si tienes fr\u00edo te pones un abrigo, si quieres saber qu\u00e9 tiempo va a hacer pones la tele en los informativos o le das a la app que llevamos en el m\u00f3vil. Cu\u00e1ntas veces les hab\u00eda hablado de la gran utilidad de lo aparentemente in\u00fatil en clase de ciencias. Como aquel d\u00eda en el que se me ocurri\u00f3 ensalzar al <a href=\"http:\/\/www.ecosdeceltiberia.es\/?p=9779\">fitoplancton y su importancia en la lucha contra el cambio clim\u00e1tico<\/a>.<\/p>\n<p>Despu\u00e9s se meti\u00f3 con lo de los consumidores pasivos, otro error educativo tan en boga, del que tanto hab\u00edamos hablado en clase para disgusto de casi todos, empe\u00f1ados en confundir las necesidades con los deseos. Menos mal que fue \u00e9l quien les dijo que los grandes valores de la vida no coinciden con los deseos monetarios. Seguro que se acordar\u00edan del an\u00e1lisis cr\u00edtico que hab\u00edamos hecho al rellenar una encuesta sobre qu\u00e9 era lo que m\u00e1s les importaba en la vida. All\u00ed nos dimos cuenta de que la escuela era el escenario donde se manifestaba el compromiso cr\u00edtico, que la escuela no deber\u00eda ser como el billete de viaje a una isla de recursos que la naturaleza pone a nuestro alcance para vivir mejor. La escuela que se dedica a observar el vuelo de las grullas en V o de los buitres en c\u00edrculo que nos ven\u00edan a visitar regularmente por nuestro cielo escolar nos llamaba a preguntarnos muchos porqu\u00e9s. Aparec\u00eda otra vez la presunta utilidad de lo in\u00fatil, porque unas y otros se aprovechan de la f\u00edsica de los fluidos, de las corrientes de aire que tambi\u00e9n nos traen vientos y borrascas. Nos invitan a pensar que el aire no es un todo uniforme que se pueda reducir a una proporci\u00f3n de componentes.<\/p>\n<p>A continuaci\u00f3n habl\u00f3 de la equivalencia de profesorados y materias. De que un buen profesor o profesora nos puede cambiar la vida si escuchamos sus p\u00e1lpitos, si nos invita a reflexionar para rescatar el papel del aprendizaje lento, que vuelve una y otra vez para agrandar la comprensi\u00f3n de por qu\u00e9 raz\u00f3n migran las aves, se ocultan los invertebrados en invierno o las plantas necesitan la luz. Tambi\u00e9n si <a href=\"http:\/\/www.ecosdeceltiberia.es\/?p=6685\">las posidonias mediterr\u00e1neas<\/a> son tan importantes para la aportaci\u00f3n de ox\u00edgeno y la captura de di\u00f3xido de carbono como dec\u00eda aquel documental que aburri\u00f3 un poco a mis alumnos. No se par\u00f3 ah\u00ed, nos rega\u00f1\u00f3 un poco nuestra man\u00eda de ser islas, que se miran a s\u00ed mismas en la pantalla del m\u00f3vil antes que reconocer que somos un conjunto de seres. Afirmaci\u00f3n que provocaba sonrisas en mis alumnos cuando hac\u00eda unos d\u00edas les coment\u00e9 que solo en nuestro intestino hay millones de bacterias, que todas tienen su funci\u00f3n, m\u00e1s buena que mala, que aquello de la alimentaci\u00f3n sana es importante. De ah\u00ed nos pasamos a la alimentaci\u00f3n a escala global y el inter\u00e9s decay\u00f3, otra vez las personas protegi\u00e9ndose en sus islas de confort. Es caminando en el aprendizaje como uno aprende, les dec\u00eda emulando el poema de Machado.<\/p>\n<p>Uno, debo reconocerlo, se emocion\u00f3 cuando Ordine hablo de la pobreza de su pueblo, similar a aquel monegrino zaragozano, en la \u00e1rida estepa, que me vio nacer y me hizo recordar mi paso por la escuela y rendir homenaje silencioso a aquel maestro que insisti\u00f3 en que deb\u00eda estudiar por mi inter\u00e9s por las cosas, como hab\u00eda comentado <a href=\"http:\/\/www.ecosdeceltiberia.es\/?p=11267\">Albert Camus<\/a> de su maestro Germain, al que este le dedic\u00f3 su Nobel. Como en su casa, tampoco en la m\u00eda no hab\u00eda m\u00e1s de 5 libros, uno de la naturaleza que mir\u00e9 cientos de veces, tanto que ten\u00eda huellas de grasa o suciedad en el extremo inferior derecho de sus hojas. As\u00ed pasaba en la biblioteca moniacal de <em>El nombre de la rosa<\/em>, escrita por el maestro <a href=\"http:\/\/www.ecosdeceltiberia.es\/?p=3572\">Umberto Eco<\/a>. Me pregunto si esa ser\u00e1 una de las muchas razones por las que Ordine alab\u00f3 la pasi\u00f3n vocacional de sus maestros.<\/p>\n<p>En esta Ecoescuela abierta han transitado Machado, Humboldt, Donella Meadows, Benedetti, Tonucci, Attenborougt y tantos otros mujeres y hombres ilustres. Ordine nos aport\u00f3 la figura de Giordano Bruno, el que siempre se qued\u00f3 desde entonces en la clase como el hombre del burro. Bruno afirmaba, como este profesor se empe\u00f1a en decir una y otra vez, que todos los saberes (uno lo aplicaba a los seres vivos y las din\u00e1micas planetarias cuando hablaba del medioambiente sist\u00e9mico) est\u00e1n sujetos a la mutaci\u00f3n y la incertidumbre. La vida actual es uno de los complejos saberes que mejor hay que aprender, para quiz\u00e1s transformarlos ma\u00f1ana. Pero nos descubri\u00f3, lo cual produjo cierto orgullo personal, que el conocimiento no debe ser necesariamente utilitarista. Uno recordaba el tema de <a href=\"http:\/\/www.ecosdeceltiberia.es\/?p=4634\">las mariposas<\/a>, sus alas y trompas, a las que hab\u00eda dedicado una clase entera; o aquel debate en donde se hablaba del <a href=\"http:\/\/www.ecosdeceltiberia.es\/?p=14475\">apicidio de la agricultura intensiva<\/a>. La utilidad de lo aparentemente in\u00fatil se despliega en sus alas que las llevan de un lado a otro para desarrollar con habilidad su oficio. O ese otro trabajo detectivesco con la lupa binocular mirando los mohos de la piel de la naranja o en el pan de molde, que acab\u00f3 devorado por su hospedado. O esas otras risas que provocaba cuando yo les dec\u00eda que <a href=\"http:\/\/www.ecosdeceltiberia.es\/?p=1995\">estaba enamorado de las levaduras<\/a>.<\/p>\n<p>Ordine mir\u00f3 la esfera terrestre que ten\u00edamos como adorno en clase, que pasaba desapercibida un d\u00eda y otro, y nos habl\u00f3 del mapa del mundo. De c\u00f3mo <a href=\"http:\/\/www.ecosdeceltiberia.es\/?p=11634\">Mafalda se encaraba con \u00e9l<\/a>. Nos record\u00f3 que \u00d3scar Wilde afirmaba que un mapa del mundo que no incluye la utop\u00eda no es digno de ser consultado \u2013\u00bfacaso no est\u00e1 lleno de este ingrediente su \u201cPr\u00edncipe feliz\u201d, en donde la golondrina errante es un ejemplo de la utilidad de lo aparentemente in\u00fatil? Me acord\u00e9 de todo el tiempo que le dedicamos al a\u00f1o anterior a pensar <a href=\"http:\/\/www.ecosdeceltiberia.es\/?p=10239\">para qu\u00e9 sirven los cantos de los p\u00e1jaros<\/a>. \u00bfPara qu\u00e9 sirven las ideas de Ordine? Podr\u00edan ser un acicate transformador de quienes regulan las leyes educativas y un asunto de debate en los equipos pedag\u00f3gicos de los centros, desde la escuela hasta la universidad.<\/p>\n<p>\u00bfVino a visitarnos?, qu\u00e9 m\u00e1s da. En nuestra Ecoescuela abierta siempre mantendremos la esperanza de que las palabras y el apasionamiento comprometido de Ordine est\u00e9n siempre presentes, por m\u00e1s que nos lleguen en leves susurros. \u00a1Hasta siempre Maestro!<\/p>\n","protected":false},"excerpt":{"rendered":"<p>Vino a visitarnos, no s\u00e9 a santo de qu\u00e9 nos eligi\u00f3 a nosotros. No lleg\u00f3 con las manos en los bolsillos; nos trajo como presentaci\u00f3n aquella entrevista que grab\u00f3 hace un tiempo. Y la introdujo en el ordenador para proyectarla en la PDI. Despu\u00e9s se sent\u00f3 al final de la clase, como queriendo significar que<\/p>\n","protected":false},"author":139,"featured_media":906,"comment_status":"open","ping_status":"closed","sticky":false,"template":"","format":"standard","meta":{"footnotes":""},"categories":[16],"tags":[],"tipo":[39],"class_list":{"0":"post-905","1":"post","2":"type-post","3":"status-publish","4":"format-standard","5":"has-post-thumbnail","7":"category-ecoescuela-abierta","8":"tipo-actualidad"},"yoast_head":"<!-- This site is optimized with the Yoast SEO plugin v27.5 - https:\/\/yoast.com\/product\/yoast-seo-wordpress\/ -->\n<title>Nuccio Ordine en la ecoescuela abierta - Ecoescuela Abierta<\/title>\n<meta name=\"robots\" content=\"index, follow, max-snippet:-1, max-image-preview:large, max-video-preview:-1\" \/>\n<link rel=\"canonical\" href=\"https:\/\/eldiariodelaeducacion.com\/ecoescuela-abierta\/2023\/06\/22\/nuccio-ordine-en-la-ecoescuela-abierta\/\" \/>\n<meta property=\"og:locale\" content=\"es_ES\" \/>\n<meta property=\"og:type\" content=\"article\" \/>\n<meta property=\"og:title\" content=\"Nuccio Ordine en la ecoescuela abierta - Ecoescuela Abierta\" \/>\n<meta property=\"og:description\" content=\"Vino a visitarnos, no s\u00e9 a santo de qu\u00e9 nos eligi\u00f3 a nosotros. No lleg\u00f3 con las manos en los bolsillos; nos trajo como presentaci\u00f3n aquella entrevista que grab\u00f3 hace un tiempo. Y la introdujo en el ordenador para proyectarla en la PDI. Despu\u00e9s se sent\u00f3 al final de la clase, como queriendo significar que\" \/>\n<meta property=\"og:url\" content=\"https:\/\/eldiariodelaeducacion.com\/ecoescuela-abierta\/2023\/06\/22\/nuccio-ordine-en-la-ecoescuela-abierta\/\" \/>\n<meta property=\"og:site_name\" content=\"Ecoescuela Abierta\" \/>\n<meta property=\"article:published_time\" content=\"2023-06-22T06:00:59+00:00\" \/>\n<meta property=\"article:modified_time\" content=\"2024-08-20T14:21:24+00:00\" \/>\n<meta property=\"og:image\" content=\"https:\/\/eldiariodelaeducacion.com\/ecoescuela-abierta\/wp-content\/uploads\/sites\/17\/2023\/06\/ordine.jpg\" \/>\n\t<meta property=\"og:image:width\" content=\"1024\" \/>\n\t<meta property=\"og:image:height\" content=\"576\" \/>\n\t<meta property=\"og:image:type\" content=\"image\/jpeg\" \/>\n<meta name=\"author\" content=\"Carmelo Marc\u00e9n Albero\" \/>\n<meta name=\"twitter:card\" content=\"summary_large_image\" \/>\n<meta name=\"twitter:label1\" content=\"Escrito por\" \/>\n\t<meta name=\"twitter:data1\" content=\"Carmelo Marc\u00e9n Albero\" \/>\n\t<meta name=\"twitter:label2\" content=\"Tiempo de lectura\" \/>\n\t<meta name=\"twitter:data2\" content=\"9 minutos\" \/>\n<script type=\"application\/ld+json\" class=\"yoast-schema-graph\">{\"@context\":\"https:\\\/\\\/schema.org\",\"@graph\":[{\"@type\":\"Article\",\"@id\":\"https:\\\/\\\/eldiariodelaeducacion.com\\\/ecoescuela-abierta\\\/2023\\\/06\\\/22\\\/nuccio-ordine-en-la-ecoescuela-abierta\\\/#article\",\"isPartOf\":{\"@id\":\"https:\\\/\\\/eldiariodelaeducacion.com\\\/ecoescuela-abierta\\\/2023\\\/06\\\/22\\\/nuccio-ordine-en-la-ecoescuela-abierta\\\/\"},\"author\":{\"name\":\"Carmelo Marc\u00e9n Albero\",\"@id\":\"https:\\\/\\\/eldiariodelaeducacion.com\\\/ecoescuela-abierta\\\/#\\\/schema\\\/person\\\/04802fc4b356ebb6d2b49d88d0cbda81\"},\"headline\":\"Nuccio Ordine en la ecoescuela abierta\",\"datePublished\":\"2023-06-22T06:00:59+00:00\",\"dateModified\":\"2024-08-20T14:21:24+00:00\",\"mainEntityOfPage\":{\"@id\":\"https:\\\/\\\/eldiariodelaeducacion.com\\\/ecoescuela-abierta\\\/2023\\\/06\\\/22\\\/nuccio-ordine-en-la-ecoescuela-abierta\\\/\"},\"wordCount\":1773,\"commentCount\":0,\"image\":{\"@id\":\"https:\\\/\\\/eldiariodelaeducacion.com\\\/ecoescuela-abierta\\\/2023\\\/06\\\/22\\\/nuccio-ordine-en-la-ecoescuela-abierta\\\/#primaryimage\"},\"thumbnailUrl\":\"https:\\\/\\\/eldiariodelaeducacion.com\\\/ecoescuela-abierta\\\/wp-content\\\/uploads\\\/sites\\\/17\\\/2023\\\/06\\\/ordine.jpg\",\"articleSection\":[\"Ecoescuela abierta\"],\"inLanguage\":\"es\",\"potentialAction\":[{\"@type\":\"CommentAction\",\"name\":\"Comment\",\"target\":[\"https:\\\/\\\/eldiariodelaeducacion.com\\\/ecoescuela-abierta\\\/2023\\\/06\\\/22\\\/nuccio-ordine-en-la-ecoescuela-abierta\\\/#respond\"]}]},{\"@type\":\"WebPage\",\"@id\":\"https:\\\/\\\/eldiariodelaeducacion.com\\\/ecoescuela-abierta\\\/2023\\\/06\\\/22\\\/nuccio-ordine-en-la-ecoescuela-abierta\\\/\",\"url\":\"https:\\\/\\\/eldiariodelaeducacion.com\\\/ecoescuela-abierta\\\/2023\\\/06\\\/22\\\/nuccio-ordine-en-la-ecoescuela-abierta\\\/\",\"name\":\"Nuccio Ordine en la ecoescuela abierta - Ecoescuela Abierta\",\"isPartOf\":{\"@id\":\"https:\\\/\\\/eldiariodelaeducacion.com\\\/ecoescuela-abierta\\\/#website\"},\"primaryImageOfPage\":{\"@id\":\"https:\\\/\\\/eldiariodelaeducacion.com\\\/ecoescuela-abierta\\\/2023\\\/06\\\/22\\\/nuccio-ordine-en-la-ecoescuela-abierta\\\/#primaryimage\"},\"image\":{\"@id\":\"https:\\\/\\\/eldiariodelaeducacion.com\\\/ecoescuela-abierta\\\/2023\\\/06\\\/22\\\/nuccio-ordine-en-la-ecoescuela-abierta\\\/#primaryimage\"},\"thumbnailUrl\":\"https:\\\/\\\/eldiariodelaeducacion.com\\\/ecoescuela-abierta\\\/wp-content\\\/uploads\\\/sites\\\/17\\\/2023\\\/06\\\/ordine.jpg\",\"datePublished\":\"2023-06-22T06:00:59+00:00\",\"dateModified\":\"2024-08-20T14:21:24+00:00\",\"author\":{\"@id\":\"https:\\\/\\\/eldiariodelaeducacion.com\\\/ecoescuela-abierta\\\/#\\\/schema\\\/person\\\/04802fc4b356ebb6d2b49d88d0cbda81\"},\"breadcrumb\":{\"@id\":\"https:\\\/\\\/eldiariodelaeducacion.com\\\/ecoescuela-abierta\\\/2023\\\/06\\\/22\\\/nuccio-ordine-en-la-ecoescuela-abierta\\\/#breadcrumb\"},\"inLanguage\":\"es\",\"potentialAction\":[{\"@type\":\"ReadAction\",\"target\":[\"https:\\\/\\\/eldiariodelaeducacion.com\\\/ecoescuela-abierta\\\/2023\\\/06\\\/22\\\/nuccio-ordine-en-la-ecoescuela-abierta\\\/\"]}]},{\"@type\":\"ImageObject\",\"inLanguage\":\"es\",\"@id\":\"https:\\\/\\\/eldiariodelaeducacion.com\\\/ecoescuela-abierta\\\/2023\\\/06\\\/22\\\/nuccio-ordine-en-la-ecoescuela-abierta\\\/#primaryimage\",\"url\":\"https:\\\/\\\/eldiariodelaeducacion.com\\\/ecoescuela-abierta\\\/wp-content\\\/uploads\\\/sites\\\/17\\\/2023\\\/06\\\/ordine.jpg\",\"contentUrl\":\"https:\\\/\\\/eldiariodelaeducacion.com\\\/ecoescuela-abierta\\\/wp-content\\\/uploads\\\/sites\\\/17\\\/2023\\\/06\\\/ordine.jpg\",\"width\":1024,\"height\":576},{\"@type\":\"BreadcrumbList\",\"@id\":\"https:\\\/\\\/eldiariodelaeducacion.com\\\/ecoescuela-abierta\\\/2023\\\/06\\\/22\\\/nuccio-ordine-en-la-ecoescuela-abierta\\\/#breadcrumb\",\"itemListElement\":[{\"@type\":\"ListItem\",\"position\":1,\"name\":\"Portada\",\"item\":\"https:\\\/\\\/eldiariodelaeducacion.com\\\/ecoescuela-abierta\\\/\"},{\"@type\":\"ListItem\",\"position\":2,\"name\":\"Nuccio Ordine en la ecoescuela abierta\"}]},{\"@type\":\"WebSite\",\"@id\":\"https:\\\/\\\/eldiariodelaeducacion.com\\\/ecoescuela-abierta\\\/#website\",\"url\":\"https:\\\/\\\/eldiariodelaeducacion.com\\\/ecoescuela-abierta\\\/\",\"name\":\"Ecoescuela Abierta\",\"description\":\"Un blog de El Diario de la Educaci\u00f3n\",\"potentialAction\":[{\"@type\":\"SearchAction\",\"target\":{\"@type\":\"EntryPoint\",\"urlTemplate\":\"https:\\\/\\\/eldiariodelaeducacion.com\\\/ecoescuela-abierta\\\/?s={search_term_string}\"},\"query-input\":{\"@type\":\"PropertyValueSpecification\",\"valueRequired\":true,\"valueName\":\"search_term_string\"}}],\"inLanguage\":\"es\"},{\"@type\":\"Person\",\"@id\":\"https:\\\/\\\/eldiariodelaeducacion.com\\\/ecoescuela-abierta\\\/#\\\/schema\\\/person\\\/04802fc4b356ebb6d2b49d88d0cbda81\",\"name\":\"Carmelo Marc\u00e9n Albero\",\"image\":{\"@type\":\"ImageObject\",\"inLanguage\":\"es\",\"@id\":\"https:\\\/\\\/secure.gravatar.com\\\/avatar\\\/865a2af25fe07fb65d216fd84d395acb9d5e4afe79a03f8cb07ea1546723465e?s=96&d=mm&r=g\",\"url\":\"https:\\\/\\\/secure.gravatar.com\\\/avatar\\\/865a2af25fe07fb65d216fd84d395acb9d5e4afe79a03f8cb07ea1546723465e?s=96&d=mm&r=g\",\"contentUrl\":\"https:\\\/\\\/secure.gravatar.com\\\/avatar\\\/865a2af25fe07fb65d216fd84d395acb9d5e4afe79a03f8cb07ea1546723465e?s=96&d=mm&r=g\",\"caption\":\"Carmelo Marc\u00e9n Albero\"},\"description\":\"Adem\u00e1s de profesor y articulista, es experto en educaci\u00f3n ambiental. Gracias a \u00e9l nos preguntaremos c\u00f3mo las escuelas pueden reflexionar y trasladar estas preocupaciones a su alumnado, a sus docentes. Su \u00faltimo libro, 'Ecorrelatos inacabados, sin fecha de caducidad acerca' con una iron\u00eda suave algunas de esas tem\u00e1ticas.\",\"url\":\"https:\\\/\\\/eldiariodelaeducacion.com\\\/ecoescuela-abierta\\\/author\\\/carmelo-marcen-albero\\\/\"}]}<\/script>\n<!-- \/ Yoast SEO plugin. -->","yoast_head_json":{"title":"Nuccio Ordine en la ecoescuela abierta - Ecoescuela Abierta","robots":{"index":"index","follow":"follow","max-snippet":"max-snippet:-1","max-image-preview":"max-image-preview:large","max-video-preview":"max-video-preview:-1"},"canonical":"https:\/\/eldiariodelaeducacion.com\/ecoescuela-abierta\/2023\/06\/22\/nuccio-ordine-en-la-ecoescuela-abierta\/","og_locale":"es_ES","og_type":"article","og_title":"Nuccio Ordine en la ecoescuela abierta - Ecoescuela Abierta","og_description":"Vino a visitarnos, no s\u00e9 a santo de qu\u00e9 nos eligi\u00f3 a nosotros. No lleg\u00f3 con las manos en los bolsillos; nos trajo como presentaci\u00f3n aquella entrevista que grab\u00f3 hace un tiempo. Y la introdujo en el ordenador para proyectarla en la PDI. Despu\u00e9s se sent\u00f3 al final de la clase, como queriendo significar que","og_url":"https:\/\/eldiariodelaeducacion.com\/ecoescuela-abierta\/2023\/06\/22\/nuccio-ordine-en-la-ecoescuela-abierta\/","og_site_name":"Ecoescuela Abierta","article_published_time":"2023-06-22T06:00:59+00:00","article_modified_time":"2024-08-20T14:21:24+00:00","og_image":[{"width":1024,"height":576,"url":"https:\/\/eldiariodelaeducacion.com\/ecoescuela-abierta\/wp-content\/uploads\/sites\/17\/2023\/06\/ordine.jpg","type":"image\/jpeg"}],"author":"Carmelo Marc\u00e9n Albero","twitter_card":"summary_large_image","twitter_misc":{"Escrito por":"Carmelo Marc\u00e9n Albero","Tiempo de lectura":"9 minutos"},"schema":{"@context":"https:\/\/schema.org","@graph":[{"@type":"Article","@id":"https:\/\/eldiariodelaeducacion.com\/ecoescuela-abierta\/2023\/06\/22\/nuccio-ordine-en-la-ecoescuela-abierta\/#article","isPartOf":{"@id":"https:\/\/eldiariodelaeducacion.com\/ecoescuela-abierta\/2023\/06\/22\/nuccio-ordine-en-la-ecoescuela-abierta\/"},"author":{"name":"Carmelo Marc\u00e9n Albero","@id":"https:\/\/eldiariodelaeducacion.com\/ecoescuela-abierta\/#\/schema\/person\/04802fc4b356ebb6d2b49d88d0cbda81"},"headline":"Nuccio Ordine en la ecoescuela abierta","datePublished":"2023-06-22T06:00:59+00:00","dateModified":"2024-08-20T14:21:24+00:00","mainEntityOfPage":{"@id":"https:\/\/eldiariodelaeducacion.com\/ecoescuela-abierta\/2023\/06\/22\/nuccio-ordine-en-la-ecoescuela-abierta\/"},"wordCount":1773,"commentCount":0,"image":{"@id":"https:\/\/eldiariodelaeducacion.com\/ecoescuela-abierta\/2023\/06\/22\/nuccio-ordine-en-la-ecoescuela-abierta\/#primaryimage"},"thumbnailUrl":"https:\/\/eldiariodelaeducacion.com\/ecoescuela-abierta\/wp-content\/uploads\/sites\/17\/2023\/06\/ordine.jpg","articleSection":["Ecoescuela abierta"],"inLanguage":"es","potentialAction":[{"@type":"CommentAction","name":"Comment","target":["https:\/\/eldiariodelaeducacion.com\/ecoescuela-abierta\/2023\/06\/22\/nuccio-ordine-en-la-ecoescuela-abierta\/#respond"]}]},{"@type":"WebPage","@id":"https:\/\/eldiariodelaeducacion.com\/ecoescuela-abierta\/2023\/06\/22\/nuccio-ordine-en-la-ecoescuela-abierta\/","url":"https:\/\/eldiariodelaeducacion.com\/ecoescuela-abierta\/2023\/06\/22\/nuccio-ordine-en-la-ecoescuela-abierta\/","name":"Nuccio Ordine en la ecoescuela abierta - Ecoescuela Abierta","isPartOf":{"@id":"https:\/\/eldiariodelaeducacion.com\/ecoescuela-abierta\/#website"},"primaryImageOfPage":{"@id":"https:\/\/eldiariodelaeducacion.com\/ecoescuela-abierta\/2023\/06\/22\/nuccio-ordine-en-la-ecoescuela-abierta\/#primaryimage"},"image":{"@id":"https:\/\/eldiariodelaeducacion.com\/ecoescuela-abierta\/2023\/06\/22\/nuccio-ordine-en-la-ecoescuela-abierta\/#primaryimage"},"thumbnailUrl":"https:\/\/eldiariodelaeducacion.com\/ecoescuela-abierta\/wp-content\/uploads\/sites\/17\/2023\/06\/ordine.jpg","datePublished":"2023-06-22T06:00:59+00:00","dateModified":"2024-08-20T14:21:24+00:00","author":{"@id":"https:\/\/eldiariodelaeducacion.com\/ecoescuela-abierta\/#\/schema\/person\/04802fc4b356ebb6d2b49d88d0cbda81"},"breadcrumb":{"@id":"https:\/\/eldiariodelaeducacion.com\/ecoescuela-abierta\/2023\/06\/22\/nuccio-ordine-en-la-ecoescuela-abierta\/#breadcrumb"},"inLanguage":"es","potentialAction":[{"@type":"ReadAction","target":["https:\/\/eldiariodelaeducacion.com\/ecoescuela-abierta\/2023\/06\/22\/nuccio-ordine-en-la-ecoescuela-abierta\/"]}]},{"@type":"ImageObject","inLanguage":"es","@id":"https:\/\/eldiariodelaeducacion.com\/ecoescuela-abierta\/2023\/06\/22\/nuccio-ordine-en-la-ecoescuela-abierta\/#primaryimage","url":"https:\/\/eldiariodelaeducacion.com\/ecoescuela-abierta\/wp-content\/uploads\/sites\/17\/2023\/06\/ordine.jpg","contentUrl":"https:\/\/eldiariodelaeducacion.com\/ecoescuela-abierta\/wp-content\/uploads\/sites\/17\/2023\/06\/ordine.jpg","width":1024,"height":576},{"@type":"BreadcrumbList","@id":"https:\/\/eldiariodelaeducacion.com\/ecoescuela-abierta\/2023\/06\/22\/nuccio-ordine-en-la-ecoescuela-abierta\/#breadcrumb","itemListElement":[{"@type":"ListItem","position":1,"name":"Portada","item":"https:\/\/eldiariodelaeducacion.com\/ecoescuela-abierta\/"},{"@type":"ListItem","position":2,"name":"Nuccio Ordine en la ecoescuela abierta"}]},{"@type":"WebSite","@id":"https:\/\/eldiariodelaeducacion.com\/ecoescuela-abierta\/#website","url":"https:\/\/eldiariodelaeducacion.com\/ecoescuela-abierta\/","name":"Ecoescuela Abierta","description":"Un blog de El Diario de la Educaci\u00f3n","potentialAction":[{"@type":"SearchAction","target":{"@type":"EntryPoint","urlTemplate":"https:\/\/eldiariodelaeducacion.com\/ecoescuela-abierta\/?s={search_term_string}"},"query-input":{"@type":"PropertyValueSpecification","valueRequired":true,"valueName":"search_term_string"}}],"inLanguage":"es"},{"@type":"Person","@id":"https:\/\/eldiariodelaeducacion.com\/ecoescuela-abierta\/#\/schema\/person\/04802fc4b356ebb6d2b49d88d0cbda81","name":"Carmelo Marc\u00e9n Albero","image":{"@type":"ImageObject","inLanguage":"es","@id":"https:\/\/secure.gravatar.com\/avatar\/865a2af25fe07fb65d216fd84d395acb9d5e4afe79a03f8cb07ea1546723465e?s=96&d=mm&r=g","url":"https:\/\/secure.gravatar.com\/avatar\/865a2af25fe07fb65d216fd84d395acb9d5e4afe79a03f8cb07ea1546723465e?s=96&d=mm&r=g","contentUrl":"https:\/\/secure.gravatar.com\/avatar\/865a2af25fe07fb65d216fd84d395acb9d5e4afe79a03f8cb07ea1546723465e?s=96&d=mm&r=g","caption":"Carmelo Marc\u00e9n Albero"},"description":"Adem\u00e1s de profesor y articulista, es experto en educaci\u00f3n ambiental. Gracias a \u00e9l nos preguntaremos c\u00f3mo las escuelas pueden reflexionar y trasladar estas preocupaciones a su alumnado, a sus docentes. Su \u00faltimo libro, 'Ecorrelatos inacabados, sin fecha de caducidad acerca' con una iron\u00eda suave algunas de esas tem\u00e1ticas.","url":"https:\/\/eldiariodelaeducacion.com\/ecoescuela-abierta\/author\/carmelo-marcen-albero\/"}]}},"_links":{"self":[{"href":"https:\/\/eldiariodelaeducacion.com\/ecoescuela-abierta\/wp-json\/wp\/v2\/posts\/905","targetHints":{"allow":["GET"]}}],"collection":[{"href":"https:\/\/eldiariodelaeducacion.com\/ecoescuela-abierta\/wp-json\/wp\/v2\/posts"}],"about":[{"href":"https:\/\/eldiariodelaeducacion.com\/ecoescuela-abierta\/wp-json\/wp\/v2\/types\/post"}],"author":[{"embeddable":true,"href":"https:\/\/eldiariodelaeducacion.com\/ecoescuela-abierta\/wp-json\/wp\/v2\/users\/139"}],"replies":[{"embeddable":true,"href":"https:\/\/eldiariodelaeducacion.com\/ecoescuela-abierta\/wp-json\/wp\/v2\/comments?post=905"}],"version-history":[{"count":1,"href":"https:\/\/eldiariodelaeducacion.com\/ecoescuela-abierta\/wp-json\/wp\/v2\/posts\/905\/revisions"}],"predecessor-version":[{"id":1107,"href":"https:\/\/eldiariodelaeducacion.com\/ecoescuela-abierta\/wp-json\/wp\/v2\/posts\/905\/revisions\/1107"}],"wp:featuredmedia":[{"embeddable":true,"href":"https:\/\/eldiariodelaeducacion.com\/ecoescuela-abierta\/wp-json\/wp\/v2\/media\/906"}],"wp:attachment":[{"href":"https:\/\/eldiariodelaeducacion.com\/ecoescuela-abierta\/wp-json\/wp\/v2\/media?parent=905"}],"wp:term":[{"taxonomy":"category","embeddable":true,"href":"https:\/\/eldiariodelaeducacion.com\/ecoescuela-abierta\/wp-json\/wp\/v2\/categories?post=905"},{"taxonomy":"post_tag","embeddable":true,"href":"https:\/\/eldiariodelaeducacion.com\/ecoescuela-abierta\/wp-json\/wp\/v2\/tags?post=905"},{"taxonomy":"tipo","embeddable":true,"href":"https:\/\/eldiariodelaeducacion.com\/ecoescuela-abierta\/wp-json\/wp\/v2\/tipo?post=905"}],"curies":[{"name":"wp","href":"https:\/\/api.w.org\/{rel}","templated":true}]}}