{"id":915,"date":"2023-10-02T06:00:00","date_gmt":"2023-10-02T06:00:00","guid":{"rendered":"https:\/\/eldiariodelaeducacion.com\/ecoescuela-abierta\/?p=915"},"modified":"2024-08-20T16:21:24","modified_gmt":"2024-08-20T14:21:24","slug":"el-pensamiento-critico-y-comprometido-conduce-las-acciones-reclimatizadoras","status":"publish","type":"post","link":"https:\/\/eldiariodelaeducacion.com\/ecoescuela-abierta\/2023\/10\/02\/el-pensamiento-critico-y-comprometido-conduce-las-acciones-reclimatizadoras\/","title":{"rendered":"El pensamiento cr\u00edtico y comprometido conduce las acciones reclimatizadoras"},"content":{"rendered":"<p>Guard\u00e1bamos esta entrada para principio del curso escolar 2023-24. En este peri\u00f3dico que es todo educaci\u00f3n vamos a hablar solamente de ecoescuelas, que es la vida vista desde la escuela clim\u00e1tica. Cuando le\u00edamos antes del verano las propuestas de las familias ante las altas temperaturas de las clases de colegios e institutos, las demandas de aire acondicionado en todas estancias record\u00e1bamos que la primera medida es elaborar unos planes para la adaptaci\u00f3n y la mitigaci\u00f3n del calor.<\/p>\n<p>No vamos a hacer ning\u00fan balance sobre de qu\u00e9 forma trasciende el asunto a la vida social; es cosa de entendidos pasado un tiempo, de proyectos de investigaci\u00f3n, de intervenciones convencidas del departamento respectivo de cada CCAA. Simplemente abrimos las puertas y las ventanas de par en par para mostrar y darle entrada en los centros educativos a una de las experiencias de las administraciones educativas sobre planes de acci\u00f3n escolares frente al cambio clim\u00e1tico mejor planteadas y m\u00e1s consolidadas.<\/p>\n<p>Iremos por partes presentando el material. El volumen 1 lleva por t\u00edtulo <a href=\"https:\/\/agroambient.gva.es\/documents\/20550103\/175332335\/Vol_Gu%C3%ADa1.pdf\/73bcef2f-d04f-c5cc-ba57-d30d30156060?t=1686915693505\">Compromiso y diagn\u00f3stico<\/a>. Para empezar insiste en que ante desaf\u00edos globales como el cambio clim\u00e1tico se requieren cambios sist\u00e9micos, no vale cualquier cosa. Por eso invita a actuar frente a la emergencia clim\u00e1tica, aqu\u00ed y ahora; sostiene que ante esa emergencia, m\u00e1s educaci\u00f3n ambiental. Presenta una infograf\u00eda muy ilustrativa sobre los ODS y la perspectiva clim\u00e1tica. Todo comienza con una declaraci\u00f3n institucional del centro en el que se manifiestan los compromisos. Se plantea una serie de intervenciones de indagaci\u00f3n para la b\u00fasqueda de fuentes de emisiones en el centro, huella de carbono, etc. Se trata de afinar conceptos, para lo cual vendr\u00e1n bien los enlaces a estrategias diversas y a recursos que contienen. Se trata de ir hacia adelante, a plantearse el \u201cy ahora qu\u00e9\u201d. Aporta m\u00faltiples recursos para construir comunidad clim\u00e1tica.<\/p>\n<p><img fetchpriority=\"high\" decoding=\"async\" class=\"alignnone wp-image-917\" src=\"https:\/\/eldiariodelaeducacion.com\/ecoescuela-abierta\/wp-content\/uploads\/sites\/18\/2023\/09\/Vol_Guia1_00012-300x213.jpg\" alt=\"\" width=\"819\" height=\"581\" srcset=\"https:\/\/eldiariodelaeducacion.com\/ecoescuela-abierta\/wp-content\/uploads\/sites\/17\/2023\/09\/Vol_Guia1_00012-300x213.jpg 300w, https:\/\/eldiariodelaeducacion.com\/ecoescuela-abierta\/wp-content\/uploads\/sites\/17\/2023\/09\/Vol_Guia1_00012-768x545.jpg 768w, https:\/\/eldiariodelaeducacion.com\/ecoescuela-abierta\/wp-content\/uploads\/sites\/17\/2023\/09\/Vol_Guia1_00012-150x106.jpg 150w, https:\/\/eldiariodelaeducacion.com\/ecoescuela-abierta\/wp-content\/uploads\/sites\/17\/2023\/09\/Vol_Guia1_00012-450x319.jpg 450w, https:\/\/eldiariodelaeducacion.com\/ecoescuela-abierta\/wp-content\/uploads\/sites\/17\/2023\/09\/Vol_Guia1_00012.jpg 1024w\" sizes=\"(max-width: 819px) 100vw, 819px\" \/><\/p>\n<p>Sigue con los <a href=\"https:\/\/agroambient.gva.es\/documents\/20550103\/175332335\/ANEXO_Gu%C3%ADa.pdf\/45c12bae-6f61-d9bb-ab5f-4d857bc9def2?t=1686915714864\">planes de acci\u00f3n clim\u00e1tica para los centros educativos<\/a> pues all\u00ed se habla de \u201cPropuestas para proyectos de investigaci\u00f3n e innovaci\u00f3n educativa\u201d. Ah\u00ed es nada. Muestran un organigrama que no deja nada suelto, dan cuenta de la gesti\u00f3n del plan y su secuenciaci\u00f3n y temporalidad. Detallan las actividades que trabajan con el CO\u00b2, el agua, la energ\u00eda, la movilidad, la alimentaci\u00f3n, el consumo en el centro. No se olvidan de guiar para ver tanto en el interior del centro como fuera. Pero se atreven a plantear \u2013sin necesidad de que todas las propuestas sean forzadas por la presencia conjunta de los 17 ODS\u2013, proyectos interdisciplinares parciales sobre un mercado de intercambios, unos refugios bioclim\u00e1ticos, caminos escolares seguros y sostenibles, eco radio con <em>podcast<\/em>, alimentaci\u00f3n saludable y sostenible, c\u00e1lculo de la huella ecol\u00f3gica. Cada uno con objetivos, descripci\u00f3n, recursos, ODS presentes, grado de dificultad y una caracterizaci\u00f3n de la etiqueta de sostenibilidad impl\u00edcita.<\/p>\n<p>Solamente con esta ayuda, cualquier centro educativo desde infantil a secundaria, puede organizar su curr\u00edculo del curso 2023-24 con la atenci\u00f3n debida a los ODS. En otro de los planes se aborda <a href=\"https:\/\/agroambient.gva.es\/documents\/20550103\/175332335\/Vol_Gu%C3%ADa3.pdf\/5e0930f7-5954-0815-9b49-07f36a17a154?t=1686915652514\">la cuesti\u00f3n de adaptaci\u00f3n y comunicaci\u00f3n<\/a>. Sumamente importantes porque ayudan a formar equipo dentro de un centro para abordar un proyecto com\u00fan y se comunican resultados, ante la familia y el grupo social, lo cual es sumamente importante. Siempre hay lo que all\u00ed llaman \u00abDocumentos esenciales\u00bb, enlaces a todo lo necesario para emprender la actuaci\u00f3n comprometida.<\/p>\n<p>Insisten sobre una serie de conceptos b\u00e1sicos que justifican toda la secuencia did\u00e1ctica. Se concreta lo que supone realmente el cambio clim\u00e1tico, con una infograf\u00eda sencilla e ilustrativa. Es interesante que presenten la adaptaci\u00f3n al cambio clim\u00e1tico como una manera de hacer mejor las cosas, en positivo. Especialmente rese\u00f1able que lo relacionen con la vida y la salud: nuevas enfermedades, ecoansiedad, calidad del aire y otros efectos. Pero es todav\u00eda m\u00e1s did\u00e1ctico que presenten soluciones basadas en la naturaleza, en la adaptaci\u00f3n de los centros a lo que ella nos ense\u00f1a. No se quedan ah\u00ed e informan de proyectos ya realizados que pueden servir de inspiraci\u00f3n. Invitan a la comunicaci\u00f3n presentando un dec\u00e1logo de acciones. No faltan consejos para la informaci\u00f3n interna y externa.<\/p>\n<p>Claro que la adaptaci\u00f3n est\u00e1 bien pero queda <a href=\"https:\/\/agroambient.gva.es\/documents\/20550103\/175332335\/Vol_Gu%C3%ADa2.pdf\/7c1db798-06bf-b1c6-5800-e32438d4bde3?t=1686915673825\">la mitigaci\u00f3n<\/a>. Tras pasar por la explicitaci\u00f3n de objetivos y la selecci\u00f3n de enlaces, el documento nos introduce en los conceptos b\u00e1sicos que lubrifican el plan de acci\u00f3n. Llega el punto de partida del centro. Hay que revisar movilidad, suministros, alimentaci\u00f3n y residuos. En cualquier plan de acci\u00f3n transversal debe clarificar las metodolog\u00edas. Resolver el qu\u00e9, c\u00f3mo, cu\u00e1ndo y para qu\u00e9. Se recomienda llevar un libro de actas de la acci\u00f3n clim\u00e1tica. All\u00ed se anotar\u00e1n c\u00f3mo, para la mitigaci\u00f3n, se han organizado los suministros de agua, electricidad, gas y otros combustibles. Tambi\u00e9n c\u00f3mo va el asunto de la movilidad, un gran escenario de mitigaci\u00f3n. Como lo es la alimentaci\u00f3n, otro de los pilares de una vida mejor para todos y todas. Qu\u00e9 decir del complejo mundo de los residuos y los ODS que estar\u00edan implicados. Todo lo cual nos lleva a concretar qu\u00e9 supone un consumo responsable y sostenible.<\/p>\n<p><img decoding=\"async\" class=\"alignnone wp-image-918\" src=\"https:\/\/gracious-carson.82-223-1-47.plesk.page\/ecoescuela-abierta\/wp-content\/uploads\/sites\/17\/2023\/09\/Vol_Guia1_00015-300x213.jpg\" alt=\"\" width=\"819\" height=\"581\" srcset=\"https:\/\/eldiariodelaeducacion.com\/ecoescuela-abierta\/wp-content\/uploads\/sites\/17\/2023\/09\/Vol_Guia1_00015-300x213.jpg 300w, https:\/\/eldiariodelaeducacion.com\/ecoescuela-abierta\/wp-content\/uploads\/sites\/17\/2023\/09\/Vol_Guia1_00015-768x545.jpg 768w, https:\/\/eldiariodelaeducacion.com\/ecoescuela-abierta\/wp-content\/uploads\/sites\/17\/2023\/09\/Vol_Guia1_00015-150x106.jpg 150w, https:\/\/eldiariodelaeducacion.com\/ecoescuela-abierta\/wp-content\/uploads\/sites\/17\/2023\/09\/Vol_Guia1_00015-450x319.jpg 450w, https:\/\/eldiariodelaeducacion.com\/ecoescuela-abierta\/wp-content\/uploads\/sites\/17\/2023\/09\/Vol_Guia1_00015.jpg 1024w\" sizes=\"(max-width: 819px) 100vw, 819px\" \/><\/p>\n<p>Es un modelo de estructura para el comienzo de un trabajo ilusionante en otros centros o CCAA. Pensemos c\u00f3mo ser\u00eda el mundo educativo si estas din\u00e1micas se generalizasen en todos los centros. Tampoco hay que desde\u00f1ar el impacto social que estas din\u00e1micas tendr\u00edan.<\/p>\n<p>Que el pr\u00f3ximo curso les sirva para su adaptaci\u00f3n y mitigaci\u00f3n al cambio clim\u00e1tico, a los seguros riesgos, pero tambi\u00e9n para entrenarse en estrategias que ayuden a que el a\u00f1o pr\u00f3ximo todo se contin\u00fae. Ojal\u00e1 las nuevas autoridades educativas de su CCAA tuviesen la sensibilidad necesaria para sostener estos proyectos que tienen dimensi\u00f3n de comunidad. Por lo le\u00eddo hasta el momento no lo tendr\u00e1n sencillo, \u00a1pero son tan necesarias las transiciones escolares hacia la sostenibilidad con compromiso!<\/p>\n","protected":false},"excerpt":{"rendered":"<p>Guard\u00e1bamos esta entrada para principio del curso escolar 2023-24. En este peri\u00f3dico que es todo educaci\u00f3n vamos a hablar solamente de ecoescuelas, que es la vida vista desde la escuela clim\u00e1tica. Cuando le\u00edamos antes del verano las propuestas de las familias ante las altas temperaturas de las clases de colegios e institutos, las demandas de<\/p>\n","protected":false},"author":139,"featured_media":916,"comment_status":"open","ping_status":"closed","sticky":false,"template":"","format":"standard","meta":{"footnotes":""},"categories":[16],"tags":[37],"tipo":[40],"class_list":{"0":"post-915","1":"post","2":"type-post","3":"status-publish","4":"format-standard","5":"has-post-thumbnail","7":"category-ecoescuela-abierta","8":"tag-educacion-ambiental","9":"tipo-analisis"},"yoast_head":"<!-- This site is optimized with the Yoast SEO plugin v27.5 - https:\/\/yoast.com\/product\/yoast-seo-wordpress\/ -->\n<title>El pensamiento cr\u00edtico y comprometido conduce las acciones reclimatizadoras - Ecoescuela Abierta<\/title>\n<meta name=\"robots\" content=\"index, follow, max-snippet:-1, max-image-preview:large, max-video-preview:-1\" \/>\n<link rel=\"canonical\" href=\"https:\/\/eldiariodelaeducacion.com\/ecoescuela-abierta\/2023\/10\/02\/el-pensamiento-critico-y-comprometido-conduce-las-acciones-reclimatizadoras\/\" \/>\n<meta property=\"og:locale\" content=\"es_ES\" \/>\n<meta property=\"og:type\" content=\"article\" \/>\n<meta property=\"og:title\" content=\"El pensamiento cr\u00edtico y comprometido conduce las acciones reclimatizadoras - Ecoescuela Abierta\" \/>\n<meta property=\"og:description\" content=\"Guard\u00e1bamos esta entrada para principio del curso escolar 2023-24. En este peri\u00f3dico que es todo educaci\u00f3n vamos a hablar solamente de ecoescuelas, que es la vida vista desde la escuela clim\u00e1tica. Cuando le\u00edamos antes del verano las propuestas de las familias ante las altas temperaturas de las clases de colegios e institutos, las demandas de\" \/>\n<meta property=\"og:url\" content=\"https:\/\/eldiariodelaeducacion.com\/ecoescuela-abierta\/2023\/10\/02\/el-pensamiento-critico-y-comprometido-conduce-las-acciones-reclimatizadoras\/\" \/>\n<meta property=\"og:site_name\" content=\"Ecoescuela Abierta\" \/>\n<meta property=\"article:published_time\" content=\"2023-10-02T06:00:00+00:00\" \/>\n<meta property=\"article:modified_time\" content=\"2024-08-20T14:21:24+00:00\" \/>\n<meta property=\"og:image\" content=\"https:\/\/eldiariodelaeducacion.com\/ecoescuela-abierta\/wp-content\/uploads\/sites\/17\/2023\/09\/Vol_Guia1_00001.jpg\" \/>\n\t<meta property=\"og:image:width\" content=\"1024\" \/>\n\t<meta property=\"og:image:height\" content=\"726\" \/>\n\t<meta property=\"og:image:type\" content=\"image\/jpeg\" \/>\n<meta name=\"author\" content=\"Carmelo Marc\u00e9n Albero\" \/>\n<meta name=\"twitter:card\" content=\"summary_large_image\" \/>\n<meta name=\"twitter:label1\" content=\"Escrito por\" \/>\n\t<meta name=\"twitter:data1\" content=\"Carmelo Marc\u00e9n Albero\" \/>\n\t<meta name=\"twitter:label2\" content=\"Tiempo de lectura\" \/>\n\t<meta name=\"twitter:data2\" content=\"5 minutos\" \/>\n<script type=\"application\/ld+json\" class=\"yoast-schema-graph\">{\"@context\":\"https:\\\/\\\/schema.org\",\"@graph\":[{\"@type\":\"Article\",\"@id\":\"https:\\\/\\\/eldiariodelaeducacion.com\\\/ecoescuela-abierta\\\/2023\\\/10\\\/02\\\/el-pensamiento-critico-y-comprometido-conduce-las-acciones-reclimatizadoras\\\/#article\",\"isPartOf\":{\"@id\":\"https:\\\/\\\/eldiariodelaeducacion.com\\\/ecoescuela-abierta\\\/2023\\\/10\\\/02\\\/el-pensamiento-critico-y-comprometido-conduce-las-acciones-reclimatizadoras\\\/\"},\"author\":{\"name\":\"Carmelo Marc\u00e9n Albero\",\"@id\":\"https:\\\/\\\/eldiariodelaeducacion.com\\\/ecoescuela-abierta\\\/#\\\/schema\\\/person\\\/04802fc4b356ebb6d2b49d88d0cbda81\"},\"headline\":\"El pensamiento cr\u00edtico y comprometido conduce las acciones reclimatizadoras\",\"datePublished\":\"2023-10-02T06:00:00+00:00\",\"dateModified\":\"2024-08-20T14:21:24+00:00\",\"mainEntityOfPage\":{\"@id\":\"https:\\\/\\\/eldiariodelaeducacion.com\\\/ecoescuela-abierta\\\/2023\\\/10\\\/02\\\/el-pensamiento-critico-y-comprometido-conduce-las-acciones-reclimatizadoras\\\/\"},\"wordCount\":1057,\"commentCount\":0,\"image\":{\"@id\":\"https:\\\/\\\/eldiariodelaeducacion.com\\\/ecoescuela-abierta\\\/2023\\\/10\\\/02\\\/el-pensamiento-critico-y-comprometido-conduce-las-acciones-reclimatizadoras\\\/#primaryimage\"},\"thumbnailUrl\":\"https:\\\/\\\/eldiariodelaeducacion.com\\\/ecoescuela-abierta\\\/wp-content\\\/uploads\\\/sites\\\/17\\\/2023\\\/09\\\/Vol_Guia1_00001.jpg\",\"keywords\":[\"Educaci\u00f3n ambiental\"],\"articleSection\":[\"Ecoescuela abierta\"],\"inLanguage\":\"es\",\"potentialAction\":[{\"@type\":\"CommentAction\",\"name\":\"Comment\",\"target\":[\"https:\\\/\\\/eldiariodelaeducacion.com\\\/ecoescuela-abierta\\\/2023\\\/10\\\/02\\\/el-pensamiento-critico-y-comprometido-conduce-las-acciones-reclimatizadoras\\\/#respond\"]}]},{\"@type\":\"WebPage\",\"@id\":\"https:\\\/\\\/eldiariodelaeducacion.com\\\/ecoescuela-abierta\\\/2023\\\/10\\\/02\\\/el-pensamiento-critico-y-comprometido-conduce-las-acciones-reclimatizadoras\\\/\",\"url\":\"https:\\\/\\\/eldiariodelaeducacion.com\\\/ecoescuela-abierta\\\/2023\\\/10\\\/02\\\/el-pensamiento-critico-y-comprometido-conduce-las-acciones-reclimatizadoras\\\/\",\"name\":\"El pensamiento cr\u00edtico y comprometido conduce las acciones reclimatizadoras - Ecoescuela Abierta\",\"isPartOf\":{\"@id\":\"https:\\\/\\\/eldiariodelaeducacion.com\\\/ecoescuela-abierta\\\/#website\"},\"primaryImageOfPage\":{\"@id\":\"https:\\\/\\\/eldiariodelaeducacion.com\\\/ecoescuela-abierta\\\/2023\\\/10\\\/02\\\/el-pensamiento-critico-y-comprometido-conduce-las-acciones-reclimatizadoras\\\/#primaryimage\"},\"image\":{\"@id\":\"https:\\\/\\\/eldiariodelaeducacion.com\\\/ecoescuela-abierta\\\/2023\\\/10\\\/02\\\/el-pensamiento-critico-y-comprometido-conduce-las-acciones-reclimatizadoras\\\/#primaryimage\"},\"thumbnailUrl\":\"https:\\\/\\\/eldiariodelaeducacion.com\\\/ecoescuela-abierta\\\/wp-content\\\/uploads\\\/sites\\\/17\\\/2023\\\/09\\\/Vol_Guia1_00001.jpg\",\"datePublished\":\"2023-10-02T06:00:00+00:00\",\"dateModified\":\"2024-08-20T14:21:24+00:00\",\"author\":{\"@id\":\"https:\\\/\\\/eldiariodelaeducacion.com\\\/ecoescuela-abierta\\\/#\\\/schema\\\/person\\\/04802fc4b356ebb6d2b49d88d0cbda81\"},\"breadcrumb\":{\"@id\":\"https:\\\/\\\/eldiariodelaeducacion.com\\\/ecoescuela-abierta\\\/2023\\\/10\\\/02\\\/el-pensamiento-critico-y-comprometido-conduce-las-acciones-reclimatizadoras\\\/#breadcrumb\"},\"inLanguage\":\"es\",\"potentialAction\":[{\"@type\":\"ReadAction\",\"target\":[\"https:\\\/\\\/eldiariodelaeducacion.com\\\/ecoescuela-abierta\\\/2023\\\/10\\\/02\\\/el-pensamiento-critico-y-comprometido-conduce-las-acciones-reclimatizadoras\\\/\"]}]},{\"@type\":\"ImageObject\",\"inLanguage\":\"es\",\"@id\":\"https:\\\/\\\/eldiariodelaeducacion.com\\\/ecoescuela-abierta\\\/2023\\\/10\\\/02\\\/el-pensamiento-critico-y-comprometido-conduce-las-acciones-reclimatizadoras\\\/#primaryimage\",\"url\":\"https:\\\/\\\/eldiariodelaeducacion.com\\\/ecoescuela-abierta\\\/wp-content\\\/uploads\\\/sites\\\/17\\\/2023\\\/09\\\/Vol_Guia1_00001.jpg\",\"contentUrl\":\"https:\\\/\\\/eldiariodelaeducacion.com\\\/ecoescuela-abierta\\\/wp-content\\\/uploads\\\/sites\\\/17\\\/2023\\\/09\\\/Vol_Guia1_00001.jpg\",\"width\":1024,\"height\":726},{\"@type\":\"BreadcrumbList\",\"@id\":\"https:\\\/\\\/eldiariodelaeducacion.com\\\/ecoescuela-abierta\\\/2023\\\/10\\\/02\\\/el-pensamiento-critico-y-comprometido-conduce-las-acciones-reclimatizadoras\\\/#breadcrumb\",\"itemListElement\":[{\"@type\":\"ListItem\",\"position\":1,\"name\":\"Portada\",\"item\":\"https:\\\/\\\/eldiariodelaeducacion.com\\\/ecoescuela-abierta\\\/\"},{\"@type\":\"ListItem\",\"position\":2,\"name\":\"El pensamiento cr\u00edtico y comprometido conduce las acciones reclimatizadoras\"}]},{\"@type\":\"WebSite\",\"@id\":\"https:\\\/\\\/eldiariodelaeducacion.com\\\/ecoescuela-abierta\\\/#website\",\"url\":\"https:\\\/\\\/eldiariodelaeducacion.com\\\/ecoescuela-abierta\\\/\",\"name\":\"Ecoescuela Abierta\",\"description\":\"Un blog de El Diario de la Educaci\u00f3n\",\"potentialAction\":[{\"@type\":\"SearchAction\",\"target\":{\"@type\":\"EntryPoint\",\"urlTemplate\":\"https:\\\/\\\/eldiariodelaeducacion.com\\\/ecoescuela-abierta\\\/?s={search_term_string}\"},\"query-input\":{\"@type\":\"PropertyValueSpecification\",\"valueRequired\":true,\"valueName\":\"search_term_string\"}}],\"inLanguage\":\"es\"},{\"@type\":\"Person\",\"@id\":\"https:\\\/\\\/eldiariodelaeducacion.com\\\/ecoescuela-abierta\\\/#\\\/schema\\\/person\\\/04802fc4b356ebb6d2b49d88d0cbda81\",\"name\":\"Carmelo Marc\u00e9n Albero\",\"image\":{\"@type\":\"ImageObject\",\"inLanguage\":\"es\",\"@id\":\"https:\\\/\\\/secure.gravatar.com\\\/avatar\\\/865a2af25fe07fb65d216fd84d395acb9d5e4afe79a03f8cb07ea1546723465e?s=96&d=mm&r=g\",\"url\":\"https:\\\/\\\/secure.gravatar.com\\\/avatar\\\/865a2af25fe07fb65d216fd84d395acb9d5e4afe79a03f8cb07ea1546723465e?s=96&d=mm&r=g\",\"contentUrl\":\"https:\\\/\\\/secure.gravatar.com\\\/avatar\\\/865a2af25fe07fb65d216fd84d395acb9d5e4afe79a03f8cb07ea1546723465e?s=96&d=mm&r=g\",\"caption\":\"Carmelo Marc\u00e9n Albero\"},\"description\":\"Adem\u00e1s de profesor y articulista, es experto en educaci\u00f3n ambiental. Gracias a \u00e9l nos preguntaremos c\u00f3mo las escuelas pueden reflexionar y trasladar estas preocupaciones a su alumnado, a sus docentes. Su \u00faltimo libro, 'Ecorrelatos inacabados, sin fecha de caducidad acerca' con una iron\u00eda suave algunas de esas tem\u00e1ticas.\",\"url\":\"https:\\\/\\\/eldiariodelaeducacion.com\\\/ecoescuela-abierta\\\/author\\\/carmelo-marcen-albero\\\/\"}]}<\/script>\n<!-- \/ Yoast SEO plugin. -->","yoast_head_json":{"title":"El pensamiento cr\u00edtico y comprometido conduce las acciones reclimatizadoras - Ecoescuela Abierta","robots":{"index":"index","follow":"follow","max-snippet":"max-snippet:-1","max-image-preview":"max-image-preview:large","max-video-preview":"max-video-preview:-1"},"canonical":"https:\/\/eldiariodelaeducacion.com\/ecoescuela-abierta\/2023\/10\/02\/el-pensamiento-critico-y-comprometido-conduce-las-acciones-reclimatizadoras\/","og_locale":"es_ES","og_type":"article","og_title":"El pensamiento cr\u00edtico y comprometido conduce las acciones reclimatizadoras - Ecoescuela Abierta","og_description":"Guard\u00e1bamos esta entrada para principio del curso escolar 2023-24. En este peri\u00f3dico que es todo educaci\u00f3n vamos a hablar solamente de ecoescuelas, que es la vida vista desde la escuela clim\u00e1tica. Cuando le\u00edamos antes del verano las propuestas de las familias ante las altas temperaturas de las clases de colegios e institutos, las demandas de","og_url":"https:\/\/eldiariodelaeducacion.com\/ecoescuela-abierta\/2023\/10\/02\/el-pensamiento-critico-y-comprometido-conduce-las-acciones-reclimatizadoras\/","og_site_name":"Ecoescuela Abierta","article_published_time":"2023-10-02T06:00:00+00:00","article_modified_time":"2024-08-20T14:21:24+00:00","og_image":[{"width":1024,"height":726,"url":"https:\/\/eldiariodelaeducacion.com\/ecoescuela-abierta\/wp-content\/uploads\/sites\/17\/2023\/09\/Vol_Guia1_00001.jpg","type":"image\/jpeg"}],"author":"Carmelo Marc\u00e9n Albero","twitter_card":"summary_large_image","twitter_misc":{"Escrito por":"Carmelo Marc\u00e9n Albero","Tiempo de lectura":"5 minutos"},"schema":{"@context":"https:\/\/schema.org","@graph":[{"@type":"Article","@id":"https:\/\/eldiariodelaeducacion.com\/ecoescuela-abierta\/2023\/10\/02\/el-pensamiento-critico-y-comprometido-conduce-las-acciones-reclimatizadoras\/#article","isPartOf":{"@id":"https:\/\/eldiariodelaeducacion.com\/ecoescuela-abierta\/2023\/10\/02\/el-pensamiento-critico-y-comprometido-conduce-las-acciones-reclimatizadoras\/"},"author":{"name":"Carmelo Marc\u00e9n Albero","@id":"https:\/\/eldiariodelaeducacion.com\/ecoescuela-abierta\/#\/schema\/person\/04802fc4b356ebb6d2b49d88d0cbda81"},"headline":"El pensamiento cr\u00edtico y comprometido conduce las acciones reclimatizadoras","datePublished":"2023-10-02T06:00:00+00:00","dateModified":"2024-08-20T14:21:24+00:00","mainEntityOfPage":{"@id":"https:\/\/eldiariodelaeducacion.com\/ecoescuela-abierta\/2023\/10\/02\/el-pensamiento-critico-y-comprometido-conduce-las-acciones-reclimatizadoras\/"},"wordCount":1057,"commentCount":0,"image":{"@id":"https:\/\/eldiariodelaeducacion.com\/ecoescuela-abierta\/2023\/10\/02\/el-pensamiento-critico-y-comprometido-conduce-las-acciones-reclimatizadoras\/#primaryimage"},"thumbnailUrl":"https:\/\/eldiariodelaeducacion.com\/ecoescuela-abierta\/wp-content\/uploads\/sites\/17\/2023\/09\/Vol_Guia1_00001.jpg","keywords":["Educaci\u00f3n ambiental"],"articleSection":["Ecoescuela abierta"],"inLanguage":"es","potentialAction":[{"@type":"CommentAction","name":"Comment","target":["https:\/\/eldiariodelaeducacion.com\/ecoescuela-abierta\/2023\/10\/02\/el-pensamiento-critico-y-comprometido-conduce-las-acciones-reclimatizadoras\/#respond"]}]},{"@type":"WebPage","@id":"https:\/\/eldiariodelaeducacion.com\/ecoescuela-abierta\/2023\/10\/02\/el-pensamiento-critico-y-comprometido-conduce-las-acciones-reclimatizadoras\/","url":"https:\/\/eldiariodelaeducacion.com\/ecoescuela-abierta\/2023\/10\/02\/el-pensamiento-critico-y-comprometido-conduce-las-acciones-reclimatizadoras\/","name":"El pensamiento cr\u00edtico y comprometido conduce las acciones reclimatizadoras - Ecoescuela Abierta","isPartOf":{"@id":"https:\/\/eldiariodelaeducacion.com\/ecoescuela-abierta\/#website"},"primaryImageOfPage":{"@id":"https:\/\/eldiariodelaeducacion.com\/ecoescuela-abierta\/2023\/10\/02\/el-pensamiento-critico-y-comprometido-conduce-las-acciones-reclimatizadoras\/#primaryimage"},"image":{"@id":"https:\/\/eldiariodelaeducacion.com\/ecoescuela-abierta\/2023\/10\/02\/el-pensamiento-critico-y-comprometido-conduce-las-acciones-reclimatizadoras\/#primaryimage"},"thumbnailUrl":"https:\/\/eldiariodelaeducacion.com\/ecoescuela-abierta\/wp-content\/uploads\/sites\/17\/2023\/09\/Vol_Guia1_00001.jpg","datePublished":"2023-10-02T06:00:00+00:00","dateModified":"2024-08-20T14:21:24+00:00","author":{"@id":"https:\/\/eldiariodelaeducacion.com\/ecoescuela-abierta\/#\/schema\/person\/04802fc4b356ebb6d2b49d88d0cbda81"},"breadcrumb":{"@id":"https:\/\/eldiariodelaeducacion.com\/ecoescuela-abierta\/2023\/10\/02\/el-pensamiento-critico-y-comprometido-conduce-las-acciones-reclimatizadoras\/#breadcrumb"},"inLanguage":"es","potentialAction":[{"@type":"ReadAction","target":["https:\/\/eldiariodelaeducacion.com\/ecoescuela-abierta\/2023\/10\/02\/el-pensamiento-critico-y-comprometido-conduce-las-acciones-reclimatizadoras\/"]}]},{"@type":"ImageObject","inLanguage":"es","@id":"https:\/\/eldiariodelaeducacion.com\/ecoescuela-abierta\/2023\/10\/02\/el-pensamiento-critico-y-comprometido-conduce-las-acciones-reclimatizadoras\/#primaryimage","url":"https:\/\/eldiariodelaeducacion.com\/ecoescuela-abierta\/wp-content\/uploads\/sites\/17\/2023\/09\/Vol_Guia1_00001.jpg","contentUrl":"https:\/\/eldiariodelaeducacion.com\/ecoescuela-abierta\/wp-content\/uploads\/sites\/17\/2023\/09\/Vol_Guia1_00001.jpg","width":1024,"height":726},{"@type":"BreadcrumbList","@id":"https:\/\/eldiariodelaeducacion.com\/ecoescuela-abierta\/2023\/10\/02\/el-pensamiento-critico-y-comprometido-conduce-las-acciones-reclimatizadoras\/#breadcrumb","itemListElement":[{"@type":"ListItem","position":1,"name":"Portada","item":"https:\/\/eldiariodelaeducacion.com\/ecoescuela-abierta\/"},{"@type":"ListItem","position":2,"name":"El pensamiento cr\u00edtico y comprometido conduce las acciones reclimatizadoras"}]},{"@type":"WebSite","@id":"https:\/\/eldiariodelaeducacion.com\/ecoescuela-abierta\/#website","url":"https:\/\/eldiariodelaeducacion.com\/ecoescuela-abierta\/","name":"Ecoescuela Abierta","description":"Un blog de El Diario de la Educaci\u00f3n","potentialAction":[{"@type":"SearchAction","target":{"@type":"EntryPoint","urlTemplate":"https:\/\/eldiariodelaeducacion.com\/ecoescuela-abierta\/?s={search_term_string}"},"query-input":{"@type":"PropertyValueSpecification","valueRequired":true,"valueName":"search_term_string"}}],"inLanguage":"es"},{"@type":"Person","@id":"https:\/\/eldiariodelaeducacion.com\/ecoescuela-abierta\/#\/schema\/person\/04802fc4b356ebb6d2b49d88d0cbda81","name":"Carmelo Marc\u00e9n Albero","image":{"@type":"ImageObject","inLanguage":"es","@id":"https:\/\/secure.gravatar.com\/avatar\/865a2af25fe07fb65d216fd84d395acb9d5e4afe79a03f8cb07ea1546723465e?s=96&d=mm&r=g","url":"https:\/\/secure.gravatar.com\/avatar\/865a2af25fe07fb65d216fd84d395acb9d5e4afe79a03f8cb07ea1546723465e?s=96&d=mm&r=g","contentUrl":"https:\/\/secure.gravatar.com\/avatar\/865a2af25fe07fb65d216fd84d395acb9d5e4afe79a03f8cb07ea1546723465e?s=96&d=mm&r=g","caption":"Carmelo Marc\u00e9n Albero"},"description":"Adem\u00e1s de profesor y articulista, es experto en educaci\u00f3n ambiental. Gracias a \u00e9l nos preguntaremos c\u00f3mo las escuelas pueden reflexionar y trasladar estas preocupaciones a su alumnado, a sus docentes. Su \u00faltimo libro, 'Ecorrelatos inacabados, sin fecha de caducidad acerca' con una iron\u00eda suave algunas de esas tem\u00e1ticas.","url":"https:\/\/eldiariodelaeducacion.com\/ecoescuela-abierta\/author\/carmelo-marcen-albero\/"}]}},"_links":{"self":[{"href":"https:\/\/eldiariodelaeducacion.com\/ecoescuela-abierta\/wp-json\/wp\/v2\/posts\/915","targetHints":{"allow":["GET"]}}],"collection":[{"href":"https:\/\/eldiariodelaeducacion.com\/ecoescuela-abierta\/wp-json\/wp\/v2\/posts"}],"about":[{"href":"https:\/\/eldiariodelaeducacion.com\/ecoescuela-abierta\/wp-json\/wp\/v2\/types\/post"}],"author":[{"embeddable":true,"href":"https:\/\/eldiariodelaeducacion.com\/ecoescuela-abierta\/wp-json\/wp\/v2\/users\/139"}],"replies":[{"embeddable":true,"href":"https:\/\/eldiariodelaeducacion.com\/ecoescuela-abierta\/wp-json\/wp\/v2\/comments?post=915"}],"version-history":[{"count":1,"href":"https:\/\/eldiariodelaeducacion.com\/ecoescuela-abierta\/wp-json\/wp\/v2\/posts\/915\/revisions"}],"predecessor-version":[{"id":1109,"href":"https:\/\/eldiariodelaeducacion.com\/ecoescuela-abierta\/wp-json\/wp\/v2\/posts\/915\/revisions\/1109"}],"wp:featuredmedia":[{"embeddable":true,"href":"https:\/\/eldiariodelaeducacion.com\/ecoescuela-abierta\/wp-json\/wp\/v2\/media\/916"}],"wp:attachment":[{"href":"https:\/\/eldiariodelaeducacion.com\/ecoescuela-abierta\/wp-json\/wp\/v2\/media?parent=915"}],"wp:term":[{"taxonomy":"category","embeddable":true,"href":"https:\/\/eldiariodelaeducacion.com\/ecoescuela-abierta\/wp-json\/wp\/v2\/categories?post=915"},{"taxonomy":"post_tag","embeddable":true,"href":"https:\/\/eldiariodelaeducacion.com\/ecoescuela-abierta\/wp-json\/wp\/v2\/tags?post=915"},{"taxonomy":"tipo","embeddable":true,"href":"https:\/\/eldiariodelaeducacion.com\/ecoescuela-abierta\/wp-json\/wp\/v2\/tipo?post=915"}],"curies":[{"name":"wp","href":"https:\/\/api.w.org\/{rel}","templated":true}]}}