{"id":923,"date":"2023-11-07T09:30:12","date_gmt":"2023-11-07T09:30:12","guid":{"rendered":"https:\/\/eldiariodelaeducacion.com\/ecoescuela-abierta\/?p=923"},"modified":"2024-08-20T16:43:58","modified_gmt":"2024-08-20T14:43:58","slug":"malos-tiempos-para-la-lirica-o-no","status":"publish","type":"post","link":"https:\/\/eldiariodelaeducacion.com\/ecoescuela-abierta\/2023\/11\/07\/malos-tiempos-para-la-lirica-o-no\/","title":{"rendered":"Malos tiempos para la l\u00edrica (\u00bfo no?)"},"content":{"rendered":"<p>Parece que no ganamos para sustos en educaci\u00f3n ambiental. Hace unos d\u00edas, nos levant\u00e1bamos de un sobresalto con la noticia de que el Consell de Mallorca sustitu\u00eda <a href=\"https:\/\/www.ultimahora.es\/noticias\/local\/2023\/09\/14\/2012125\/consell-mallorca-vox-substituye-actividad-sobre-cambio-climatico-por-otra-caza.html?utm_source=twitter&amp;utm_medium=web\">una actividad de educaci\u00f3n ambiental sobre cambio clim\u00e1tico por otra de caza<\/a>, eliminando cualquier referencia a ese fen\u00f3meno de su cat\u00e1logo de actuaciones. La instituci\u00f3n afirmaba que la propuesta abolida estaba cargada de sectarismo y del ideario radical de quien ya sab\u00e9is. La cineg\u00e9tica, por lo visto, no conlleva sectarismo ni ideolog\u00eda.<\/p>\n<p>Tal decisi\u00f3n se toma al final de un verano que <a href=\"https:\/\/www.elsaltodiario.com\/cambio-climatico\/verano-calido-mundo-hito-ano-records\">ha batido todas las marcas de temperatura<\/a> mundial tanto en los meses como en los d\u00edas m\u00e1s calurosos de la historia. En el que al Papa Francisco ha redactado una <a href=\"https:\/\/www.vatican.va\/content\/francesco\/es\/apost_exhortations\/documents\/20231004-laudate-deum.html\">exhortaci\u00f3n apost\u00f3lica<\/a> \u201ca todas las personas de buena voluntad sobre la crisis clim\u00e1tica\u201d. Un est\u00edo en el que <a href=\"https:\/\/www.lapoliticaonline.com\/espana\/europa-es\/la-factura-del-cambio-climatico-europa-se-queda-sin-fondos-ante-la-avalancha-de-desastres-naturales\/\">Europa se quedaba sin fondos solidarios<\/a> ante la avalancha de desastres naturales en los \u00faltimos 20 a\u00f1os.<\/p>\n<p>No es el \u00fanico. Tambi\u00e9n hemos sabido que el Ayuntamiento de Zaragoza <a href=\"https:\/\/arainfo.org\/el-ayuntamiento-de-zaragoza-recorta-200-000-euros-del-presupuesto-para-educacion-ambiental-a-peticion-del-negacionista-vox\/\">ha recortado 200.000 euros a la educaci\u00f3n ambiental<\/a>. Igualmente se denunci\u00f3 que la Junta de Andaluc\u00eda hab\u00eda <a href=\"https:\/\/cadenaser.com\/andalucia\/2023\/09\/07\/psoe-critica-la-perdida-de-85000-euros-para-educacion-ambiental-en-cazorla-y-la-junta-defiende-su-gestion-radio-ubeda\/?outputType=amp\">perdido 85.000 euros<\/a> procedentes de fondos europeos para la educaci\u00f3n ambiental en Cazorla. Asimismo, nos lleg\u00f3 el <a href=\"https:\/\/educacionecosocial.com\/2023\/08\/01\/aguringurugelaagur\/\">cierre de un centro referente<\/a> en el Pa\u00eds Vasco, tras 33 a\u00f1os de exitosa andadura, con una de las bibliotecas de educaci\u00f3n ambiental m\u00e1s importantes de Europa.<\/p>\n<p>En la \u00faltima d\u00e9cada, hemos asistido al nacimiento de un ecologismo \u201capol\u00edtico\u201d que introduce en las clases los toros y la caza, como sucede en <a href=\"https:\/\/blogs.20minutos.es\/cronicaverde\/2012\/04\/02\/es-educativo-aprender-en-las-escuelas-a-ser-cazador\/\">Castilla y Le\u00f3n<\/a>, <a href=\"https:\/\/www.elmundo.es\/andalucia\/2022\/11\/06\/635cf8ecfdddff5f048b45c3.html\">Andaluc\u00eda<\/a> o <a href=\"https:\/\/www.lasexta.com\/noticias\/cultura\/polemica-clases-toreo-colegio-primaria-impartidas-imanol-sanchez_201712085a2a70040cf2b410eaa0b93b.html\">Arag\u00f3n<\/a>. Si bien, por lo menos, ya se ha <a href=\"https:\/\/www.eldiario.es\/extremadura\/educacion\/suspendido-despiece-animales-caza-aulas-primaria-extremenas-promocionar-carne_1_10268212.html3\">suspendido el despiece de animales de caza<\/a> en aulas de primaria extreme\u00f1as.<\/p>\n<p>Estas informaciones generan impotencia y desesperanza en el campo de la educaci\u00f3n ambiental y suelen tener cierta contestaci\u00f3n en las redes sociales (<a href=\"https:\/\/twitter.com\/Edu_Ambiental\">#EA26<\/a>, <a href=\"https:\/\/twitter.com\/future_spain\">Teachers for future<\/a>, <a href=\"https:\/\/twitter.com\/esenred21\">ESenRED<\/a> y otras). El caso es que las respuestas acostumbran a ser de denuncia de esas pr\u00e1cticas \u201cno ideol\u00f3gicas\u201d que se desarrollan en nuestras escuelas y de defensa de la educaci\u00f3n ambiental.<\/p>\n<p>Sin embargo, no conviene olvidar que, tambi\u00e9n este verano, una jueza de Montana dio la raz\u00f3n a 16 j\u00f3venes activistas al considerar que el Estado viol\u00f3 su derecho a un \u00abmedio ambiente limpio y saludable\u00bb garantizado por la constituci\u00f3n estatal. <a href=\"https:\/\/es.euronews.com\/green\/2023\/09\/26\/el-inedito-proceso-de-seis-jovenes-portugueses-contra-32-paises-por-inaccion-climatica\">Que media docena de adolescentes denunciaron ante el Tribunal de Derechos Humanos<\/a> de Estrasburgo a 32 pa\u00edses por su inacci\u00f3n clim\u00e1tica, en un juicio que est\u00e1 en marcha. Que<a href=\"https:\/\/www.newtral.es\/protestas-por-el-clima\/20230915\/\"> j\u00f3venes de todo el mundo<\/a> llevan a\u00f1os organiz\u00e1ndose, cambiando sus modos de vida, saliendo a la calle a reclamar transformaciones pol\u00edticas para acabar con la inacci\u00f3n frente a la crisis clim\u00e1tica. O que la ONU ha establecido la<a href=\"https:\/\/efeverde.com\/cambio-climatico-proteccion-menores\/\"> obligaci\u00f3n de proteger a los ni\u00f1os y las ni\u00f1as<\/a> de los da\u00f1os clim\u00e1ticos.<\/p>\n<p>La resaca de la crisis financiera de 2007, tras la decisi\u00f3n de salvar bancos y no personas, produjo una ca\u00edda de fichas del domin\u00f3 de servicios sociales que todav\u00eda estamos sufriendo. Una de ellas fue la ense\u00f1anza relativa al medio ambiente. La educaci\u00f3n ambiental fue una de las piezas m\u00e1s f\u00e1ciles de tirar en las pol\u00edticas de austeridad de las administraciones de todos los niveles. Hay estudios que afirman que se perdieron cerca del 80% de los puestos de trabajo en educaci\u00f3n ambiental, junto con los saberes, el compromiso y la experiencia de aquellas personas, algo que \u2014con la ayuda de la pandemia\u2014 no se ha logrado recuperar.<\/p>\n<p>Sin embargo, ah\u00ed est\u00e1 la educaci\u00f3n ambiental. Unas veces silenciosa, otras silenciada, otras educando, criticando, reivindicando.<\/p>\n<p>Habitualmente, las decisiones sobre educaci\u00f3n ambiental de las administraciones, est\u00e1n en manos de quien entiende de educaci\u00f3n o de medio ambiente, pero pocas veces de quien sabe de las dos cosas y demasiadas de quien no entiende de ninguna. Esa es la importancia que se le da.<\/p>\n<p>Sin embargo, la educaci\u00f3n ambiental deber\u00eda ser entendida como un <a href=\"https:\/\/educacionecosocial.com\/2020\/06\/01\/la-educacion-ambiental-como-servicio-publico\/\">servicio p\u00fablico<\/a>. Un \u201cservicio p\u00fablico\u201d es una categor\u00eda jur\u00eddica que hace referencia a un conjunto de actividades de car\u00e1cter general que los gobiernos de diferentes niveles realizan a fin de suministrar a la poblaci\u00f3n prestaciones que facilitan el ejercicio de su derecho a tener una vida digna. Y esto conlleva conocer la profunda policrisis ecol\u00f3gica y social que sufre la vida del planeta, conocer las causas y consecuencias de aquello que le afecta directamente como es el calentamiento global, la p\u00e9rdida de biodiversidad, el desgaste de la salud ambiental, los porqu\u00e9s de la migraci\u00f3n o c\u00f3mo inspirar la igualdad para, con todo, ejercer su derecho a una vida digna. Todo eso lo hace la educaci\u00f3n ambiental.<\/p>\n<p>Son tiempos de desenga\u00f1o respecto a las pol\u00edticas energ\u00e9ticas, de des\u00e1nimo frente a la incertidumbre y de desesperaci\u00f3n ante el negacionismo. En este sentido, Rebecca Solnit en su libro <em>Esperanza en la oscuridad<\/em> (Capit\u00e1n Swing, 2016) nos recuerda que \u201cla esperanza no es un billete de loter\u00eda que puedas agarrar mientras te sientas en el sof\u00e1 sinti\u00e9ndote con suerte. Es un hacha y t\u00fa rompes las puertas con ella\u201d. La educaci\u00f3n ambiental es quien te ense\u00f1a a usar el hacha y a romper puertas.<\/p>\n<p>La educaci\u00f3n ambiental, m\u00e1s all\u00e1 de cuidar pajaritos, \u00e1rboles y ballenas, de reciclar o estudiar ecosistemas al son de una empresa, entidad bancaria o multinacional con intereses privados, intenta cambiar el mundo, ayuda a formar personas informadas y capaces de decidir libre y colectivamente por transformar las realidades locales para reformular las globales. Va m\u00e1s de votar bien que de botar la lata a su contenedor; de <a href=\"https:\/\/blogs.20minutos.es\/cronicaverde\/2023\/07\/14\/la-sorprendente-recomendacion-de-jane-goodall-votad-a-los-chimpances\/\">votar a los chimpanc\u00e9s<\/a>, como nos recordaba Jane Goodall.<\/p>\n<p>La educaci\u00f3n ambiental no se centra solo en la ense\u00f1anza de ni\u00f1os y ni\u00f1as, es para todas las personas y para toda la vida, ya que las distintas ciencias siguen su curso y nos ofrecen nuevas informaciones y maneras de actuar. En este sentido, es posible que las m\u00e1s necesitadas de esta educaci\u00f3n sean <a href=\"https:\/\/www.climatica.lamarea.com\/irene-banos-judit-educacion-ambiental\/\">quienes toman decisiones importantes<\/a> y que afectan a amplios sectores de la poblaci\u00f3n.<\/p>\n<p>La educaci\u00f3n ambiental hoy adopta un car\u00e1cter ecosocial. Asume que los problemas ecol\u00f3gicos y sociales est\u00e1n \u00edntimamente vinculados, que se retroalimentan, e impulsa a situar la vida en el centro de todo debate (\u00bfqu\u00e9 le sucede a la vida si tomamos tal o cual determinaci\u00f3n?), y a reconocer nuestra radical ecodependencia e interdependencia. As\u00ed educa desde hace tiempo a chicos y chicas que descubren la compleja crisis ecosocial y deciden asumir sus responsabilidades. Muchos j\u00f3venes lo hicieron en Brasilia, en 2010, en la <a href=\"https:\/\/www.miteco.gob.es\/content\/dam\/miteco\/es\/ceneam\/articulos-de-opinion\/2012-01-confint_tcm30-163454.pdf\">Conferencia Internacional Infanto-Juvenil Cuidemos el Planeta<\/a> (Confint). Muchos m\u00e1s lo llevan haciendo ante sus autoridades municipales desde hace m\u00e1s de 20 a\u00f1os y cambian los presupuestos locales. \u00bf<a href=\"https:\/\/en-clase.ideal.es\/2023\/09\/02\/francesco-tonucci-frato-dar-la-palabra-a-los-ninos-es-un-hecho-revolucionario\/?fbclid=IwAR2uVZVQA-992fVc5RcCNfGjnVMCetuyjK8_L20XQ9GE9tCuEJd0MOTeBIA\">Hay algo m\u00e1s revolucionario<\/a> que dar la palabra y el poder de cambiar las cosas a las criaturas? Otros se suman a las convocatorias contra la inacci\u00f3n frente el clima, hablan con colegas, se organizan, se empoderan y act\u00faan. Fen\u00f3menos como Greta, Fridays for Future, Extintion Rebellion, entre otros, o las citadas noticias positivas de arriba son dif\u00edciles de explicar sin la educaci\u00f3n ambiental.<\/p>\n<p>La educaci\u00f3n ambiental es molesta. El poder no se siente c\u00f3modo con una formaci\u00f3n vinculada a la transici\u00f3n ecosocial que reclama otro sistema econ\u00f3mico y energ\u00e9tico, nuevas maneras de producir y consumir decrecentistas, un justo reparto de la riqueza, la merecida atenci\u00f3n a los cuidados, una obligada simplicidad, la forzosa descarbonizaci\u00f3n, la inexcusable igualdad, democracia, solidaridad\u2026 Por el contrario, gusta de una educaci\u00f3n ambiental domesticada, inofensiva y limitada a la infancia sin correr el riesgo de la posibilidad de cambio y de p\u00e9rdida de dominio. As\u00ed que, como escrib\u00eda Goethe, en 1808, (que no Cervantes): \u201cEl fuerte sonido de sus ladridos solo prueba que estamos cabalgando\u201d.<\/p>\n","protected":false},"excerpt":{"rendered":"<p>Parece que no ganamos para sustos en educaci\u00f3n ambiental. Hace unos d\u00edas, nos levant\u00e1bamos de un sobresalto con la noticia de que el Consell de Mallorca sustitu\u00eda una actividad de educaci\u00f3n ambiental sobre cambio clim\u00e1tico por otra de caza, eliminando cualquier referencia a ese fen\u00f3meno de su cat\u00e1logo de actuaciones. La instituci\u00f3n afirmaba que la<\/p>\n","protected":false},"author":140,"featured_media":930,"comment_status":"open","ping_status":"closed","sticky":false,"template":"","format":"standard","meta":{"footnotes":""},"categories":[16],"tags":[],"tipo":[39],"class_list":{"0":"post-923","1":"post","2":"type-post","3":"status-publish","4":"format-standard","5":"has-post-thumbnail","7":"category-ecoescuela-abierta","8":"tipo-actualidad"},"yoast_head":"<!-- This site is optimized with the Yoast SEO plugin v27.5 - https:\/\/yoast.com\/product\/yoast-seo-wordpress\/ -->\n<title>Malos tiempos para la l\u00edrica (\u00bfo no?) - Ecoescuela Abierta<\/title>\n<meta name=\"robots\" content=\"index, follow, max-snippet:-1, max-image-preview:large, max-video-preview:-1\" \/>\n<link rel=\"canonical\" href=\"https:\/\/eldiariodelaeducacion.com\/ecoescuela-abierta\/2023\/11\/07\/malos-tiempos-para-la-lirica-o-no\/\" \/>\n<meta property=\"og:locale\" content=\"es_ES\" \/>\n<meta property=\"og:type\" content=\"article\" \/>\n<meta property=\"og:title\" content=\"Malos tiempos para la l\u00edrica (\u00bfo no?) - Ecoescuela Abierta\" \/>\n<meta property=\"og:description\" content=\"Parece que no ganamos para sustos en educaci\u00f3n ambiental. Hace unos d\u00edas, nos levant\u00e1bamos de un sobresalto con la noticia de que el Consell de Mallorca sustitu\u00eda una actividad de educaci\u00f3n ambiental sobre cambio clim\u00e1tico por otra de caza, eliminando cualquier referencia a ese fen\u00f3meno de su cat\u00e1logo de actuaciones. La instituci\u00f3n afirmaba que la\" \/>\n<meta property=\"og:url\" content=\"https:\/\/eldiariodelaeducacion.com\/ecoescuela-abierta\/2023\/11\/07\/malos-tiempos-para-la-lirica-o-no\/\" \/>\n<meta property=\"og:site_name\" content=\"Ecoescuela Abierta\" \/>\n<meta property=\"article:published_time\" content=\"2023-11-07T09:30:12+00:00\" \/>\n<meta property=\"article:modified_time\" content=\"2024-08-20T14:43:58+00:00\" \/>\n<meta property=\"og:image\" content=\"https:\/\/eldiariodelaeducacion.com\/ecoescuela-abierta\/wp-content\/uploads\/sites\/17\/2023\/10\/GettyImages-6707201321.jpg\" \/>\n\t<meta property=\"og:image:width\" content=\"1024\" \/>\n\t<meta property=\"og:image:height\" content=\"747\" \/>\n\t<meta property=\"og:image:type\" content=\"image\/jpeg\" \/>\n<meta name=\"author\" content=\"Josemanu Guti\u00e9rrez Bastida\" \/>\n<meta name=\"twitter:card\" content=\"summary_large_image\" \/>\n<meta name=\"twitter:label1\" content=\"Escrito por\" \/>\n\t<meta name=\"twitter:data1\" content=\"Josemanu Guti\u00e9rrez Bastida\" \/>\n\t<meta name=\"twitter:label2\" content=\"Tiempo de lectura\" \/>\n\t<meta name=\"twitter:data2\" content=\"7 minutos\" \/>\n<script type=\"application\/ld+json\" class=\"yoast-schema-graph\">{\"@context\":\"https:\\\/\\\/schema.org\",\"@graph\":[{\"@type\":\"Article\",\"@id\":\"https:\\\/\\\/eldiariodelaeducacion.com\\\/ecoescuela-abierta\\\/2023\\\/11\\\/07\\\/malos-tiempos-para-la-lirica-o-no\\\/#article\",\"isPartOf\":{\"@id\":\"https:\\\/\\\/eldiariodelaeducacion.com\\\/ecoescuela-abierta\\\/2023\\\/11\\\/07\\\/malos-tiempos-para-la-lirica-o-no\\\/\"},\"author\":{\"name\":\"Josemanu Guti\u00e9rrez Bastida\",\"@id\":\"https:\\\/\\\/eldiariodelaeducacion.com\\\/ecoescuela-abierta\\\/#\\\/schema\\\/person\\\/137f25072110f1d11ca6b223a6d4710e\"},\"headline\":\"Malos tiempos para la l\u00edrica (\u00bfo no?)\",\"datePublished\":\"2023-11-07T09:30:12+00:00\",\"dateModified\":\"2024-08-20T14:43:58+00:00\",\"mainEntityOfPage\":{\"@id\":\"https:\\\/\\\/eldiariodelaeducacion.com\\\/ecoescuela-abierta\\\/2023\\\/11\\\/07\\\/malos-tiempos-para-la-lirica-o-no\\\/\"},\"wordCount\":1388,\"commentCount\":2,\"image\":{\"@id\":\"https:\\\/\\\/eldiariodelaeducacion.com\\\/ecoescuela-abierta\\\/2023\\\/11\\\/07\\\/malos-tiempos-para-la-lirica-o-no\\\/#primaryimage\"},\"thumbnailUrl\":\"https:\\\/\\\/eldiariodelaeducacion.com\\\/ecoescuela-abierta\\\/wp-content\\\/uploads\\\/sites\\\/17\\\/2023\\\/10\\\/GettyImages-6707201321.jpg\",\"articleSection\":[\"Ecoescuela abierta\"],\"inLanguage\":\"es\",\"potentialAction\":[{\"@type\":\"CommentAction\",\"name\":\"Comment\",\"target\":[\"https:\\\/\\\/eldiariodelaeducacion.com\\\/ecoescuela-abierta\\\/2023\\\/11\\\/07\\\/malos-tiempos-para-la-lirica-o-no\\\/#respond\"]}]},{\"@type\":\"WebPage\",\"@id\":\"https:\\\/\\\/eldiariodelaeducacion.com\\\/ecoescuela-abierta\\\/2023\\\/11\\\/07\\\/malos-tiempos-para-la-lirica-o-no\\\/\",\"url\":\"https:\\\/\\\/eldiariodelaeducacion.com\\\/ecoescuela-abierta\\\/2023\\\/11\\\/07\\\/malos-tiempos-para-la-lirica-o-no\\\/\",\"name\":\"Malos tiempos para la l\u00edrica (\u00bfo no?) - Ecoescuela Abierta\",\"isPartOf\":{\"@id\":\"https:\\\/\\\/eldiariodelaeducacion.com\\\/ecoescuela-abierta\\\/#website\"},\"primaryImageOfPage\":{\"@id\":\"https:\\\/\\\/eldiariodelaeducacion.com\\\/ecoescuela-abierta\\\/2023\\\/11\\\/07\\\/malos-tiempos-para-la-lirica-o-no\\\/#primaryimage\"},\"image\":{\"@id\":\"https:\\\/\\\/eldiariodelaeducacion.com\\\/ecoescuela-abierta\\\/2023\\\/11\\\/07\\\/malos-tiempos-para-la-lirica-o-no\\\/#primaryimage\"},\"thumbnailUrl\":\"https:\\\/\\\/eldiariodelaeducacion.com\\\/ecoescuela-abierta\\\/wp-content\\\/uploads\\\/sites\\\/17\\\/2023\\\/10\\\/GettyImages-6707201321.jpg\",\"datePublished\":\"2023-11-07T09:30:12+00:00\",\"dateModified\":\"2024-08-20T14:43:58+00:00\",\"author\":{\"@id\":\"https:\\\/\\\/eldiariodelaeducacion.com\\\/ecoescuela-abierta\\\/#\\\/schema\\\/person\\\/137f25072110f1d11ca6b223a6d4710e\"},\"breadcrumb\":{\"@id\":\"https:\\\/\\\/eldiariodelaeducacion.com\\\/ecoescuela-abierta\\\/2023\\\/11\\\/07\\\/malos-tiempos-para-la-lirica-o-no\\\/#breadcrumb\"},\"inLanguage\":\"es\",\"potentialAction\":[{\"@type\":\"ReadAction\",\"target\":[\"https:\\\/\\\/eldiariodelaeducacion.com\\\/ecoescuela-abierta\\\/2023\\\/11\\\/07\\\/malos-tiempos-para-la-lirica-o-no\\\/\"]}]},{\"@type\":\"ImageObject\",\"inLanguage\":\"es\",\"@id\":\"https:\\\/\\\/eldiariodelaeducacion.com\\\/ecoescuela-abierta\\\/2023\\\/11\\\/07\\\/malos-tiempos-para-la-lirica-o-no\\\/#primaryimage\",\"url\":\"https:\\\/\\\/eldiariodelaeducacion.com\\\/ecoescuela-abierta\\\/wp-content\\\/uploads\\\/sites\\\/17\\\/2023\\\/10\\\/GettyImages-6707201321.jpg\",\"contentUrl\":\"https:\\\/\\\/eldiariodelaeducacion.com\\\/ecoescuela-abierta\\\/wp-content\\\/uploads\\\/sites\\\/17\\\/2023\\\/10\\\/GettyImages-6707201321.jpg\",\"width\":1024,\"height\":747,\"caption\":\"GettyImages\"},{\"@type\":\"BreadcrumbList\",\"@id\":\"https:\\\/\\\/eldiariodelaeducacion.com\\\/ecoescuela-abierta\\\/2023\\\/11\\\/07\\\/malos-tiempos-para-la-lirica-o-no\\\/#breadcrumb\",\"itemListElement\":[{\"@type\":\"ListItem\",\"position\":1,\"name\":\"Portada\",\"item\":\"https:\\\/\\\/eldiariodelaeducacion.com\\\/ecoescuela-abierta\\\/\"},{\"@type\":\"ListItem\",\"position\":2,\"name\":\"Malos tiempos para la l\u00edrica (\u00bfo no?)\"}]},{\"@type\":\"WebSite\",\"@id\":\"https:\\\/\\\/eldiariodelaeducacion.com\\\/ecoescuela-abierta\\\/#website\",\"url\":\"https:\\\/\\\/eldiariodelaeducacion.com\\\/ecoescuela-abierta\\\/\",\"name\":\"Ecoescuela Abierta\",\"description\":\"Un blog de El Diario de la Educaci\u00f3n\",\"potentialAction\":[{\"@type\":\"SearchAction\",\"target\":{\"@type\":\"EntryPoint\",\"urlTemplate\":\"https:\\\/\\\/eldiariodelaeducacion.com\\\/ecoescuela-abierta\\\/?s={search_term_string}\"},\"query-input\":{\"@type\":\"PropertyValueSpecification\",\"valueRequired\":true,\"valueName\":\"search_term_string\"}}],\"inLanguage\":\"es\"},{\"@type\":\"Person\",\"@id\":\"https:\\\/\\\/eldiariodelaeducacion.com\\\/ecoescuela-abierta\\\/#\\\/schema\\\/person\\\/137f25072110f1d11ca6b223a6d4710e\",\"name\":\"Josemanu Guti\u00e9rrez Bastida\",\"image\":{\"@type\":\"ImageObject\",\"inLanguage\":\"es\",\"@id\":\"https:\\\/\\\/eldiariodelaeducacion.com\\\/wp-content\\\/uploads\\\/2025\\\/07\\\/josemanu-gutierrez-bastida_avatar_1-96x96.jpg\",\"url\":\"https:\\\/\\\/eldiariodelaeducacion.com\\\/wp-content\\\/uploads\\\/2025\\\/07\\\/josemanu-gutierrez-bastida_avatar_1-96x96.jpg\",\"contentUrl\":\"https:\\\/\\\/eldiariodelaeducacion.com\\\/wp-content\\\/uploads\\\/2025\\\/07\\\/josemanu-gutierrez-bastida_avatar_1-96x96.jpg\",\"caption\":\"Josemanu Guti\u00e9rrez Bastida\"},\"url\":\"https:\\\/\\\/eldiariodelaeducacion.com\\\/ecoescuela-abierta\\\/author\\\/josemanu\\\/\"}]}<\/script>\n<!-- \/ Yoast SEO plugin. -->","yoast_head_json":{"title":"Malos tiempos para la l\u00edrica (\u00bfo no?) - Ecoescuela Abierta","robots":{"index":"index","follow":"follow","max-snippet":"max-snippet:-1","max-image-preview":"max-image-preview:large","max-video-preview":"max-video-preview:-1"},"canonical":"https:\/\/eldiariodelaeducacion.com\/ecoescuela-abierta\/2023\/11\/07\/malos-tiempos-para-la-lirica-o-no\/","og_locale":"es_ES","og_type":"article","og_title":"Malos tiempos para la l\u00edrica (\u00bfo no?) - Ecoescuela Abierta","og_description":"Parece que no ganamos para sustos en educaci\u00f3n ambiental. Hace unos d\u00edas, nos levant\u00e1bamos de un sobresalto con la noticia de que el Consell de Mallorca sustitu\u00eda una actividad de educaci\u00f3n ambiental sobre cambio clim\u00e1tico por otra de caza, eliminando cualquier referencia a ese fen\u00f3meno de su cat\u00e1logo de actuaciones. La instituci\u00f3n afirmaba que la","og_url":"https:\/\/eldiariodelaeducacion.com\/ecoescuela-abierta\/2023\/11\/07\/malos-tiempos-para-la-lirica-o-no\/","og_site_name":"Ecoescuela Abierta","article_published_time":"2023-11-07T09:30:12+00:00","article_modified_time":"2024-08-20T14:43:58+00:00","og_image":[{"width":1024,"height":747,"url":"https:\/\/eldiariodelaeducacion.com\/ecoescuela-abierta\/wp-content\/uploads\/sites\/17\/2023\/10\/GettyImages-6707201321.jpg","type":"image\/jpeg"}],"author":"Josemanu Guti\u00e9rrez Bastida","twitter_card":"summary_large_image","twitter_misc":{"Escrito por":"Josemanu Guti\u00e9rrez Bastida","Tiempo de lectura":"7 minutos"},"schema":{"@context":"https:\/\/schema.org","@graph":[{"@type":"Article","@id":"https:\/\/eldiariodelaeducacion.com\/ecoescuela-abierta\/2023\/11\/07\/malos-tiempos-para-la-lirica-o-no\/#article","isPartOf":{"@id":"https:\/\/eldiariodelaeducacion.com\/ecoescuela-abierta\/2023\/11\/07\/malos-tiempos-para-la-lirica-o-no\/"},"author":{"name":"Josemanu Guti\u00e9rrez Bastida","@id":"https:\/\/eldiariodelaeducacion.com\/ecoescuela-abierta\/#\/schema\/person\/137f25072110f1d11ca6b223a6d4710e"},"headline":"Malos tiempos para la l\u00edrica (\u00bfo no?)","datePublished":"2023-11-07T09:30:12+00:00","dateModified":"2024-08-20T14:43:58+00:00","mainEntityOfPage":{"@id":"https:\/\/eldiariodelaeducacion.com\/ecoescuela-abierta\/2023\/11\/07\/malos-tiempos-para-la-lirica-o-no\/"},"wordCount":1388,"commentCount":2,"image":{"@id":"https:\/\/eldiariodelaeducacion.com\/ecoescuela-abierta\/2023\/11\/07\/malos-tiempos-para-la-lirica-o-no\/#primaryimage"},"thumbnailUrl":"https:\/\/eldiariodelaeducacion.com\/ecoescuela-abierta\/wp-content\/uploads\/sites\/17\/2023\/10\/GettyImages-6707201321.jpg","articleSection":["Ecoescuela abierta"],"inLanguage":"es","potentialAction":[{"@type":"CommentAction","name":"Comment","target":["https:\/\/eldiariodelaeducacion.com\/ecoescuela-abierta\/2023\/11\/07\/malos-tiempos-para-la-lirica-o-no\/#respond"]}]},{"@type":"WebPage","@id":"https:\/\/eldiariodelaeducacion.com\/ecoescuela-abierta\/2023\/11\/07\/malos-tiempos-para-la-lirica-o-no\/","url":"https:\/\/eldiariodelaeducacion.com\/ecoescuela-abierta\/2023\/11\/07\/malos-tiempos-para-la-lirica-o-no\/","name":"Malos tiempos para la l\u00edrica (\u00bfo no?) - Ecoescuela Abierta","isPartOf":{"@id":"https:\/\/eldiariodelaeducacion.com\/ecoescuela-abierta\/#website"},"primaryImageOfPage":{"@id":"https:\/\/eldiariodelaeducacion.com\/ecoescuela-abierta\/2023\/11\/07\/malos-tiempos-para-la-lirica-o-no\/#primaryimage"},"image":{"@id":"https:\/\/eldiariodelaeducacion.com\/ecoescuela-abierta\/2023\/11\/07\/malos-tiempos-para-la-lirica-o-no\/#primaryimage"},"thumbnailUrl":"https:\/\/eldiariodelaeducacion.com\/ecoescuela-abierta\/wp-content\/uploads\/sites\/17\/2023\/10\/GettyImages-6707201321.jpg","datePublished":"2023-11-07T09:30:12+00:00","dateModified":"2024-08-20T14:43:58+00:00","author":{"@id":"https:\/\/eldiariodelaeducacion.com\/ecoescuela-abierta\/#\/schema\/person\/137f25072110f1d11ca6b223a6d4710e"},"breadcrumb":{"@id":"https:\/\/eldiariodelaeducacion.com\/ecoescuela-abierta\/2023\/11\/07\/malos-tiempos-para-la-lirica-o-no\/#breadcrumb"},"inLanguage":"es","potentialAction":[{"@type":"ReadAction","target":["https:\/\/eldiariodelaeducacion.com\/ecoescuela-abierta\/2023\/11\/07\/malos-tiempos-para-la-lirica-o-no\/"]}]},{"@type":"ImageObject","inLanguage":"es","@id":"https:\/\/eldiariodelaeducacion.com\/ecoescuela-abierta\/2023\/11\/07\/malos-tiempos-para-la-lirica-o-no\/#primaryimage","url":"https:\/\/eldiariodelaeducacion.com\/ecoescuela-abierta\/wp-content\/uploads\/sites\/17\/2023\/10\/GettyImages-6707201321.jpg","contentUrl":"https:\/\/eldiariodelaeducacion.com\/ecoescuela-abierta\/wp-content\/uploads\/sites\/17\/2023\/10\/GettyImages-6707201321.jpg","width":1024,"height":747,"caption":"GettyImages"},{"@type":"BreadcrumbList","@id":"https:\/\/eldiariodelaeducacion.com\/ecoescuela-abierta\/2023\/11\/07\/malos-tiempos-para-la-lirica-o-no\/#breadcrumb","itemListElement":[{"@type":"ListItem","position":1,"name":"Portada","item":"https:\/\/eldiariodelaeducacion.com\/ecoescuela-abierta\/"},{"@type":"ListItem","position":2,"name":"Malos tiempos para la l\u00edrica (\u00bfo no?)"}]},{"@type":"WebSite","@id":"https:\/\/eldiariodelaeducacion.com\/ecoescuela-abierta\/#website","url":"https:\/\/eldiariodelaeducacion.com\/ecoescuela-abierta\/","name":"Ecoescuela Abierta","description":"Un blog de El Diario de la Educaci\u00f3n","potentialAction":[{"@type":"SearchAction","target":{"@type":"EntryPoint","urlTemplate":"https:\/\/eldiariodelaeducacion.com\/ecoescuela-abierta\/?s={search_term_string}"},"query-input":{"@type":"PropertyValueSpecification","valueRequired":true,"valueName":"search_term_string"}}],"inLanguage":"es"},{"@type":"Person","@id":"https:\/\/eldiariodelaeducacion.com\/ecoescuela-abierta\/#\/schema\/person\/137f25072110f1d11ca6b223a6d4710e","name":"Josemanu Guti\u00e9rrez Bastida","image":{"@type":"ImageObject","inLanguage":"es","@id":"https:\/\/eldiariodelaeducacion.com\/wp-content\/uploads\/2025\/07\/josemanu-gutierrez-bastida_avatar_1-96x96.jpg","url":"https:\/\/eldiariodelaeducacion.com\/wp-content\/uploads\/2025\/07\/josemanu-gutierrez-bastida_avatar_1-96x96.jpg","contentUrl":"https:\/\/eldiariodelaeducacion.com\/wp-content\/uploads\/2025\/07\/josemanu-gutierrez-bastida_avatar_1-96x96.jpg","caption":"Josemanu Guti\u00e9rrez Bastida"},"url":"https:\/\/eldiariodelaeducacion.com\/ecoescuela-abierta\/author\/josemanu\/"}]}},"_links":{"self":[{"href":"https:\/\/eldiariodelaeducacion.com\/ecoescuela-abierta\/wp-json\/wp\/v2\/posts\/923","targetHints":{"allow":["GET"]}}],"collection":[{"href":"https:\/\/eldiariodelaeducacion.com\/ecoescuela-abierta\/wp-json\/wp\/v2\/posts"}],"about":[{"href":"https:\/\/eldiariodelaeducacion.com\/ecoescuela-abierta\/wp-json\/wp\/v2\/types\/post"}],"author":[{"embeddable":true,"href":"https:\/\/eldiariodelaeducacion.com\/ecoescuela-abierta\/wp-json\/wp\/v2\/users\/140"}],"replies":[{"embeddable":true,"href":"https:\/\/eldiariodelaeducacion.com\/ecoescuela-abierta\/wp-json\/wp\/v2\/comments?post=923"}],"version-history":[{"count":1,"href":"https:\/\/eldiariodelaeducacion.com\/ecoescuela-abierta\/wp-json\/wp\/v2\/posts\/923\/revisions"}],"predecessor-version":[{"id":1110,"href":"https:\/\/eldiariodelaeducacion.com\/ecoescuela-abierta\/wp-json\/wp\/v2\/posts\/923\/revisions\/1110"}],"wp:featuredmedia":[{"embeddable":true,"href":"https:\/\/eldiariodelaeducacion.com\/ecoescuela-abierta\/wp-json\/wp\/v2\/media\/930"}],"wp:attachment":[{"href":"https:\/\/eldiariodelaeducacion.com\/ecoescuela-abierta\/wp-json\/wp\/v2\/media?parent=923"}],"wp:term":[{"taxonomy":"category","embeddable":true,"href":"https:\/\/eldiariodelaeducacion.com\/ecoescuela-abierta\/wp-json\/wp\/v2\/categories?post=923"},{"taxonomy":"post_tag","embeddable":true,"href":"https:\/\/eldiariodelaeducacion.com\/ecoescuela-abierta\/wp-json\/wp\/v2\/tags?post=923"},{"taxonomy":"tipo","embeddable":true,"href":"https:\/\/eldiariodelaeducacion.com\/ecoescuela-abierta\/wp-json\/wp\/v2\/tipo?post=923"}],"curies":[{"name":"wp","href":"https:\/\/api.w.org\/{rel}","templated":true}]}}