{"id":128,"date":"2024-12-13T14:15:32","date_gmt":"2024-12-13T13:15:32","guid":{"rendered":"http:\/\/eldiariodelaeducacion.test\/espiral\/\/?p=128"},"modified":"2024-12-13T14:15:33","modified_gmt":"2024-12-13T13:15:33","slug":"las-tecnologias-inmersivas-aplicadas-a-la-educacion-y-formacion","status":"publish","type":"post","link":"https:\/\/eldiariodelaeducacion.com\/espiral\/2024\/12\/13\/las-tecnologias-inmersivas-aplicadas-a-la-educacion-y-formacion\/","title":{"rendered":"Las tecnolog\u00edas inmersivas aplicadas a la educaci\u00f3n y formaci\u00f3n"},"content":{"rendered":"<h4><img fetchpriority=\"high\" decoding=\"async\" id=\"Array\" class=\" wp-image-129 aligncenter\" src=\"http:\/\/eldiariodelaeducacion.test\/espiral\/\/wp-content\/uploads\/sites\/29\/2019\/12\/AR-300x200.jpg\" alt=\"\" width=\"509\" height=\"339\" srcset=\"https:\/\/eldiariodelaeducacion.com\/espiral\/wp-content\/uploads\/sites\/23\/2019\/12\/AR-300x200.jpg 300w, https:\/\/eldiariodelaeducacion.com\/espiral\/wp-content\/uploads\/sites\/23\/2019\/12\/AR-768x512.jpg 768w, https:\/\/eldiariodelaeducacion.com\/espiral\/wp-content\/uploads\/sites\/23\/2019\/12\/AR-150x100.jpg 150w, https:\/\/eldiariodelaeducacion.com\/espiral\/wp-content\/uploads\/sites\/23\/2019\/12\/AR-450x300.jpg 450w, https:\/\/eldiariodelaeducacion.com\/espiral\/wp-content\/uploads\/sites\/23\/2019\/12\/AR.jpg 960w\" sizes=\"(max-width: 509px) 100vw, 509px\" \/><\/h4>\n<blockquote><p>El uso de tecnolog\u00edas inmersivas es una de las principales tendencias tecnol\u00f3gicas en el \u00e1mbito educativo actual. Se trata, pues, de tecnolog\u00edas especialmente valiosas para apoyar y mejorar el aprendizaje, la capacitaci\u00f3n y la exploraci\u00f3n por parte del alumnado, reduciendo as\u00ed el tiempo, el riesgo y el coste tradicionalmente requeridos. Su utilizaci\u00f3n contribuye a incrementar la motivaci\u00f3n del alumno y potenciar el aprendizaje a trav\u00e9s de la experiencia.<\/p><\/blockquote>\n<p><strong>Contenidos 360<\/strong><\/p>\n<p>Cuando se analizan las posibilidades de la fotograf\u00eda y v\u00eddeo 360 aplicados a la educaci\u00f3n, una de las primeras opciones que se apunta es la de realizar viajes virtuales. Este tipo de contenidos nos brinda una excelente oportunidad para viajar a lugares ins\u00f3litos y vivir nuevas experiencias.<\/p>\n<p>De hecho, existen excelentes aplicaciones como <em>Google Expeditions,<\/em> que permiten con dispositivos m\u00f3viles y visores de Realidad Virtual, visitar la Gran Muralla China, sumergirte en un arrecife de coral o explorar el espacio exterior, por ejemplo. El docente puede transportar a sus alumnos a lugares que de otra manera ser\u00edan inaccesibles. \u00a1Y sin salir del aula!<\/p>\n<p>La creaci\u00f3n de este tipo de contenidos tambi\u00e9n est\u00e1 al alcance de profesores y alumnos. Con <em>Tour Creator<\/em> de Google, los profesores crean excursiones virtuales y ense\u00f1an a sus alumnos a elaborar sus propios tours inmersivos, ya sea con sus propias fotos 360\/180 o im\u00e1genes de Street View directamente desde el navegador.<\/p>\n<p>El v\u00eddeo 360 tiene un gran potencial como herramienta de <em>storytelling<\/em>, particularmente para narraciones documentales y de la vida real. En la actualidad, se ha convertido en una herramienta de expresi\u00f3n muy potente para contar historias, al ofrecer experiencias que sumergen al usuario en la vida de otras personas y sus entornos. De este modo, la inmersi\u00f3n en experiencias emocionales y f\u00edsicas de otras personas (por ejemplo, casos de <em>bullying<\/em>, refugiados, cambio clim\u00e1tico, guerras, violencia de g\u00e9nero, marginaci\u00f3n social, etc.) y la sensaci\u00f3n de presencia pueden permitir que el alumno adquiera nuevas perspectivas y la oportunidad de generar una mayor empat\u00eda, comprensi\u00f3n m\u00e1s profunda y disposici\u00f3n para ayudar. De hecho, organizaciones como M\u00e9dicos Sin Fronteras llevan ya un tiempo dando a conocer, a trav\u00e9s de v\u00eddeos 360\u00b0, lo que sucede en zonas de conflicto como Siria o en el interminable periplo de los refugiados en busca de un lugar seguro en Occidente. \u00bfPodr\u00eda hacer esta tecnolog\u00eda que nos preocupemos m\u00e1s por el cambio clim\u00e1tico? Seguro que constituye una gran herramienta para sensibilizarnos y motivarnos para resolver la crisis clim\u00e1tica.<\/p>\n<p>&nbsp;<\/p>\n<p>El <em>streaming<\/em> en 360 a trav\u00e9s de plataformas como YouTube hace posible asistir en directo a un evento o acontecimiento de forma virtual.\u00a0 \u00a1Imagina la posibilidad de asistir con tus alumnos a un concierto que se est\u00e1 celebrando en otra parte del mundo! Ya se est\u00e1 experimentando con la producci\u00f3n y distribuci\u00f3n de noticias en este formato, que permite que el p\u00fablico pueda ver un contenido a trav\u00e9s de su visor de RV mientras sucede. Un nuevo sistema que nos va a permitir acercarnos mejor a la realidad, que la que nos ofrecen los medios de narraci\u00f3n tradicionales, una nueva forma de conocer lo que sucede en el mundo.<\/p>\n<p><strong>Realidad Virtual (RV)<\/strong><\/p>\n<p>La Realidad Virtual permite conectar nuestras aulas con entornos y situaciones que son dif\u00edcilmente alcanzables en la vida real. Se trata de una tecnolog\u00eda que promueve el aprendizaje por exploraci\u00f3n y descubrimiento en primera persona, al potenciar la construcci\u00f3n del propio conocimiento mediante la interacci\u00f3n en un espacio virtual.<\/p>\n<p>Los entornos de RV son capaces de recrear lugares que son inaccesibles, que ya han desaparecido y que a\u00fan est\u00e1n por descubrir. Imagina la posibilidad de viajar al interior del cuerpo humano recorriendo el sistema circulatorio y descubrir desde dentro c\u00f3mo funcionan las c\u00e9lulas sangu\u00edneas; explorar la antigua Roma en todo su esplendor, al visitar los monumentos que la hicieron una ciudad tan fascinante o viajar al futuro e ir de expedici\u00f3n a lugares que a\u00fan est\u00e1n por descubrir, y experimentar, por ejemplo, c\u00f3mo sobrevivir en Marte.<\/p>\n<p>Esta tecnolog\u00eda nos brinda la posibilidad de recrear entornos interactivos que imitan el mundo real y que son dif\u00edcilmente alcanzables a trav\u00e9s de la experiencia directa, ya sea por su complejidad, riesgo o coste. Por ejemplo, entornos virtuales dentro de los cuales es posible ense\u00f1ar una tarea peligrosa (nuevas t\u00e9cnicas de soldadura, reparaci\u00f3n de maquinaria, trabajos el\u00e9ctricos, etc.) sin exponer al alumno al peligro y proporcionar de esta forma un ambiente seguro para su formaci\u00f3n. De este modo, podr\u00eda ser la soluci\u00f3n en aquellas capacitaciones en las que el equipamiento f\u00edsico es costoso o limitado, donde la interacci\u00f3n con equipos virtuales permite a los estudiantes adquirir competencias que los preparan para situaciones de la vida real.<\/p>\n<p>La creaci\u00f3n de este tipo de entornos est\u00e1 al alcance de profesores y alumnos. Existen herramientas de software, que est\u00e1n siendo utilizadas en el \u00e1mbito educativo para crear mundos virtuales o contar historias. Es otra de las opciones que aporta ya esta tecnolog\u00eda, es decir, la posibilidad de que los alumnos la utilicen para dise\u00f1ar mundos virtuales y que aprendan mediante el acto de crear.<\/p>\n<p>&nbsp;<\/p>\n<p><strong>Realidad Aumentada (AR)<\/strong><\/p>\n<p>La Realidad Aumentada permite que los alumnos puedan visualizar y manipular objetos 3D virtuales y favorecer un aprendizaje basado en la experimentaci\u00f3n. Con esta tecnolog\u00eda los modelos tridimensionales se ponen en las manos de los alumnos y estos no los tienen que imaginar, por tanto, cambia la relaci\u00f3n con los contenidos, al permitir un aprendizaje m\u00e1s eficaz.<\/p>\n<p>La incorporaci\u00f3n de la Realidad Aumentada en libros y publicaciones impresas introduce una nueva dimensi\u00f3n que enriquece sus contenidos con materiales interactivos complementarios, que cobran vida en forma de elementos 3D, v\u00eddeos, im\u00e1genes y texto, etc. La Realidad Aumentada posibilita, pues, nuevas formas de interacci\u00f3n con el papel, al convertir la lectura en una nueva experiencia y los libros y publicaciones impresas, en poderosas herramientas enriquecidas de aprendizaje.<\/p>\n<p>Existen herramientas de software que ponen al alcance del profesorado la posibilidad de \u201caumentar\u201d los libros de texto tradicionales, fichas y materiales con contenido multimedia. De esta forma, los alumnos acceden a texto, im\u00e1genes, audio y v\u00eddeo complementarios con un simple escaneo.<\/p>\n<p>La Realidad Aumentada tambi\u00e9n permite ofrecer datos relevantes asociados a ubicaciones f\u00edsicas concretas y proporciona, as\u00ed, m\u00e1s informaci\u00f3n sobre lugares de inter\u00e9s, edificios y monumentos, o recreaciones de c\u00f3mo eran en la Antig\u00fcedad cuando estaban en su m\u00e1ximo esplendor, por ejemplo. En este sentido, la Realidad Aumentada favorece el descubrimiento de informaci\u00f3n conectada al mundo real y convierte cualquier espacio f\u00edsico en un lugar acad\u00e9mico estimulante. Profesores y alumnos pueden acceder a aplicaciones de Realidad Aumentada que permiten asociar informaci\u00f3n a lugares de inter\u00e9s de su entorno y de esta forma crear itinerarios did\u00e1cticos que enriquecen un trayecto.<\/p>\n<p>Adem\u00e1s, la Realidad Aumentada es una buena opci\u00f3n para la creaci\u00f3n de juegos y para apoyar el aprendizaje basado en la gamificaci\u00f3n. Al alcance del profesorado est\u00e1 la posibilidad de crear actividades tipo cazas de tesoro, <em>gymkanas<\/em> o <em>breakouts<\/em> con herramientas de Realidad Aumentada geolocalizada en las que el alumno tiene que seguir una serie de pistas o resolver retos.<\/p>\n<p><img decoding=\"async\" id=\"\" class=\"wp-image-124 aligncenter\" src=\"http:\/\/eldiariodelaeducacion.test\/espiral\/\/wp-content\/uploads\/sites\/29\/2019\/12\/aumentme-300x169.jpg\" alt=\"\" width=\"430\" height=\"242\" srcset=\"https:\/\/eldiariodelaeducacion.com\/espiral\/wp-content\/uploads\/sites\/23\/2019\/12\/aumentme-300x169.jpg 300w, https:\/\/eldiariodelaeducacion.com\/espiral\/wp-content\/uploads\/sites\/23\/2019\/12\/aumentme-1024x576.jpg 1024w, https:\/\/eldiariodelaeducacion.com\/espiral\/wp-content\/uploads\/sites\/23\/2019\/12\/aumentme-768x432.jpg 768w, https:\/\/eldiariodelaeducacion.com\/espiral\/wp-content\/uploads\/sites\/23\/2019\/12\/aumentme-150x84.jpg 150w, https:\/\/eldiariodelaeducacion.com\/espiral\/wp-content\/uploads\/sites\/23\/2019\/12\/aumentme-450x253.jpg 450w, https:\/\/eldiariodelaeducacion.com\/espiral\/wp-content\/uploads\/sites\/23\/2019\/12\/aumentme-1200x675.jpg 1200w, https:\/\/eldiariodelaeducacion.com\/espiral\/wp-content\/uploads\/sites\/23\/2019\/12\/aumentme.jpg 1280w\" sizes=\"(max-width: 430px) 100vw, 430px\" \/><\/p>\n<p>La Realidad Aumentada tambi\u00e9n se ha revelado como una excelente herramienta para guiar el aprendizaje de competencias y habilidades, siendo la Formaci\u00f3n Profesional una de las grandes \u00e1reas de aplicaci\u00f3n y validaci\u00f3n de esta tecnolog\u00eda. As\u00ed, por ejemplo, en la realizaci\u00f3n de una propuesta pr\u00e1ctica, tras ser reconocido por el software de Realidad Aumentada el entorno de trabajo, se puede a\u00f1adir una capa de datos con informaci\u00f3n adicional que indique al alumno las especificaciones t\u00e9cnicas, el modo de utilizaci\u00f3n o los pasos a seguir para la realizaci\u00f3n de una actividad formativa de taller o laboratorio. De esta forma puede ver y tocar los objetos reales y, al mismo tiempo, tener el soporte de una gu\u00eda interactiva, que puede prevenir de posibles errores y accidentes.<\/p>\n<p>&nbsp;<\/p>\n<p><strong>Realidad Mixta (MR)<\/strong><\/p>\n<p>Esta tecnolog\u00eda se emplea experimentalmente para proporcionar hologramas y simulaciones 3D en el entorno real, que los estudiantes pueden manipular. Los alumnos interact\u00faan con los modelos virtuales usando sus manos, de forma directa y natural, sin perder el contacto con el espacio real.<\/p>\n<p>Por ejemplo, piensa en un profesor y un grupo de alumnos que visualizan a trav\u00e9s de sus gafas de Realidad Mixta el mismo holograma 3D del cuerpo humano con el que todos pueden interaccionar de forma colaborativa.\u00a0 El profesor, mientras explica, interact\u00faa con el holograma mostrando el sistema circulatorio, y los alumnos responden a cuestiones planteadas por su profesor al mover y manipular el mismo modelo virtual.<\/p>\n<p>Con la Realidad Mixta, se abren las puertas para transformar elementos intangibles y abstractos en manipulables y concretos. Con el uso de hologramas es posible proporcionar experiencias en primera persona con elementos y fen\u00f3menos que de otro modo ser\u00eda imposible. Esto supone un salto cualitativo importante en aquellas \u00e1reas donde resulta dif\u00edcil visualizar procesos o conceptos, al proporcionar experiencias donde las ideas complejas se convierten en modelos 3D, que los alumnos pueden manipular y explorar libremente.<\/p>\n<p>La Realidad Mixta, adem\u00e1s, puede convertirse tambi\u00e9n en la herramienta que facilite la adquisici\u00f3n de aprendizajes pr\u00e1cticos en los procesos de formaci\u00f3n <em>online<\/em>. Pues, al utilizar esta tecnolog\u00eda, mediante teleformaci\u00f3n, un profesor o un profesional externo puede plantear casos pr\u00e1cticos a un grupo de alumnos desde el entorno en el que desarrolla su trabajo, al emplear materiales f\u00edsicos y al manipular elementos hologr\u00e1ficos. Mientras que los alumnos, desde su centro educativo, tienen la posibilidad de ver e interactuar, con la oportunidad de recibir una retroalimentaci\u00f3n en tiempo real, que los corrige y les sugiere las acciones a realizar. De este modo, el desarrollo de plataformas de teleformaci\u00f3n con Realidad Mixta posibilita el trabajo en equipo realizado de forma colaborativa y remota, y mejora as\u00ed la colaboraci\u00f3n entre alumnos, profesores y profesionales externos.<\/p>\n<p><strong>Aumentame EDU: punto de encuentro de Realidad Extendida en educaci\u00f3n y formaci\u00f3n<\/strong><\/p>\n<p>En el \u00e1mbito del aprendizaje y la capacitaci\u00f3n surgen iniciativas relacionadas con las tecnolog\u00edas inmersivas, entre ellas desear\u00eda destacar el proyecto Aumentame EDU, de Realidad Extendida en educaci\u00f3n y formaci\u00f3n.<\/p>\n<p><strong>Aumentame EDU es una iniciativa de la Asociaci\u00f3n Espiral, Educaci\u00f3n y Tecnolog\u00eda que pretende aportar y apoyar en el proceso de integraci\u00f3n de estas tecnolog\u00edas, ofreciendo un punto de encuentro anual en el que docentes, grupos de investigaci\u00f3n, dise\u00f1adores de contenidos, desarrolladores de aplicaciones, instituciones y empresas conectan, comparten, inspiran y aprenden.<\/strong><\/p>\n<p>Comunicaciones sobre tecnolog\u00edas inmersivas en educaci\u00f3n y formaci\u00f3n en Aumentame EDU 2019<\/p>\n<p><img decoding=\"async\" id=\"Array\" class=\"wp-image-130 aligncenter\" src=\"http:\/\/eldiariodelaeducacion.test\/espiral\/\/wp-content\/uploads\/sites\/29\/2019\/12\/au-1-300x169.jpg\" alt=\"\" width=\"383\" height=\"216\" srcset=\"https:\/\/eldiariodelaeducacion.com\/espiral\/wp-content\/uploads\/sites\/23\/2019\/12\/au-1-300x169.jpg 300w, https:\/\/eldiariodelaeducacion.com\/espiral\/wp-content\/uploads\/sites\/23\/2019\/12\/au-1-1024x576.jpg 1024w, https:\/\/eldiariodelaeducacion.com\/espiral\/wp-content\/uploads\/sites\/23\/2019\/12\/au-1-768x432.jpg 768w, https:\/\/eldiariodelaeducacion.com\/espiral\/wp-content\/uploads\/sites\/23\/2019\/12\/au-1-150x84.jpg 150w, https:\/\/eldiariodelaeducacion.com\/espiral\/wp-content\/uploads\/sites\/23\/2019\/12\/au-1-450x253.jpg 450w, https:\/\/eldiariodelaeducacion.com\/espiral\/wp-content\/uploads\/sites\/23\/2019\/12\/au-1-1200x675.jpg 1200w, https:\/\/eldiariodelaeducacion.com\/espiral\/wp-content\/uploads\/sites\/23\/2019\/12\/au-1.jpg 1280w\" sizes=\"(max-width: 383px) 100vw, 383px\" \/><\/p>\n<p>Aumentame EDU 2019, celebrado el pasado 23 de noviembre en la sede central de la Universidad Pontificia de Salamanca, bajo el lema \u201cExplorando el futuro de la educaci\u00f3n inmersiva en 2019 y m\u00e1s all\u00e1\u2026\u201d, ofreci\u00f3 una visi\u00f3n de los avances de las tecnolog\u00edas inmersivas en el desarrollo de estrategias en el \u00e1mbito educativo y formativo. Fue un escaparate de la utilizaci\u00f3n actual de estas tecnolog\u00edas para el aprendizaje, al poner de manifiesto sus beneficios y posibilidades, pero tambi\u00e9n sus limitaciones y problemas, que deben ir solucion\u00e1ndose a medida que la utilizaci\u00f3n de las tecnolog\u00edas inmersivas avance y se generalice.<\/p>\n<p>Si bien estas nuevas realidades significan una oportunidad para mejorar el proceso de ense\u00f1anza y aprendizaje y abrir nuevas puertas al conocimiento, su incorporaci\u00f3n, al igual que sucede con la introducci\u00f3n de cualquier innovaci\u00f3n, conlleva obst\u00e1culos y desaf\u00edos.<\/p>\n<p>La conferencia de Baltasar Fern\u00e1ndez Manj\u00f3n: \u201cUna visi\u00f3n cr\u00edtica sobre las tecnolog\u00edas inmersivas en educaci\u00f3n\u201d inaugur\u00f3 el congreso y analiz\u00f3 las principales barreras y retos actuales para avanzar hacia la generalizaci\u00f3n de las tecnolog\u00edas inmersivas para el aprendizaje.<\/p>\n<p>A la conferencia inaugural, siguieron diferentes bloques de comunicaciones, experiencias y talleres, adem\u00e1s de un <em>showroom<\/em> de empresas relacionadas con el sector. Fueron variadas propuestas y experiencias muy interesantes las que se pusieron de manifiesto en el transcurso de esta intensa jornada, en la que pudimos aprender de las buenas pr\u00e1cticas en centros docentes y conocer nuevas herramientas y proyectos presentados por empresas y grupos de investigaci\u00f3n.<\/p>\n<p>Con esta nueva edici\u00f3n de Aumentame EDU ha quedado patente que las tecnolog\u00edas inmersivas siguen avanzando en educaci\u00f3n y formaci\u00f3n, que son m\u00faltiples las posibilidades que nos ofrecen y que pueden aportar valor en cualquier nivel educativo y formativo.<\/p>\n<p>Os esperamos en Aumentame EDU 2020.<\/p>\n","protected":false},"excerpt":{"rendered":"<p>El uso de tecnolog\u00edas inmersivas es una de las principales tendencias tecnol\u00f3gicas en el \u00e1mbito educativo actual. Se trata, pues, de tecnolog\u00edas especialmente valiosas para apoyar y mejorar el aprendizaje, la capacitaci\u00f3n y la exploraci\u00f3n por parte del alumnado, reduciendo as\u00ed el tiempo, el riesgo y el coste tradicionalmente requeridos. Su utilizaci\u00f3n contribuye a incrementar<\/p>\n","protected":false},"author":172,"featured_media":0,"comment_status":"open","ping_status":"closed","sticky":false,"template":"","format":"standard","meta":{"footnotes":""},"categories":[38,16,18],"tags":[],"tipo":[],"class_list":{"0":"post-128","1":"post","2":"type-post","3":"status-publish","4":"format-standard","6":"category-av-ar","7":"category-espiral","8":"category-educacion-y-tecnologia"},"yoast_head":"<!-- This site is optimized with the Yoast SEO plugin v27.5 - https:\/\/yoast.com\/product\/yoast-seo-wordpress\/ -->\n<title>Las tecnolog\u00edas inmersivas aplicadas a la educaci\u00f3n y formaci\u00f3n - Espiral, educaci\u00f3n y tecnolog\u00eda<\/title>\n<meta name=\"robots\" content=\"index, follow, max-snippet:-1, max-image-preview:large, max-video-preview:-1\" \/>\n<link rel=\"canonical\" href=\"https:\/\/eldiariodelaeducacion.com\/espiral\/2024\/12\/13\/las-tecnologias-inmersivas-aplicadas-a-la-educacion-y-formacion\/\" \/>\n<meta property=\"og:locale\" content=\"es_ES\" \/>\n<meta property=\"og:type\" content=\"article\" \/>\n<meta property=\"og:title\" content=\"Las tecnolog\u00edas inmersivas aplicadas a la educaci\u00f3n y formaci\u00f3n - Espiral, educaci\u00f3n y tecnolog\u00eda\" \/>\n<meta property=\"og:description\" content=\"El uso de tecnolog\u00edas inmersivas es una de las principales tendencias tecnol\u00f3gicas en el \u00e1mbito educativo actual. Se trata, pues, de tecnolog\u00edas especialmente valiosas para apoyar y mejorar el aprendizaje, la capacitaci\u00f3n y la exploraci\u00f3n por parte del alumnado, reduciendo as\u00ed el tiempo, el riesgo y el coste tradicionalmente requeridos. Su utilizaci\u00f3n contribuye a incrementar\" \/>\n<meta property=\"og:url\" content=\"https:\/\/eldiariodelaeducacion.com\/espiral\/2024\/12\/13\/las-tecnologias-inmersivas-aplicadas-a-la-educacion-y-formacion\/\" \/>\n<meta property=\"og:site_name\" content=\"Espiral, educaci\u00f3n y tecnolog\u00eda\" \/>\n<meta property=\"article:published_time\" content=\"2024-12-13T13:15:32+00:00\" \/>\n<meta property=\"article:modified_time\" content=\"2024-12-13T13:15:33+00:00\" \/>\n<meta property=\"og:image\" content=\"https:\/\/eldiariodelaeducacion.com\/espiral\/wp-content\/uploads\/sites\/23\/2019\/12\/AR.jpg\" \/>\n\t<meta property=\"og:image:width\" content=\"960\" \/>\n\t<meta property=\"og:image:height\" content=\"640\" \/>\n\t<meta property=\"og:image:type\" content=\"image\/jpeg\" \/>\n<meta name=\"author\" content=\"Angels Soriano\" \/>\n<meta name=\"twitter:card\" content=\"summary_large_image\" \/>\n<meta name=\"twitter:label1\" content=\"Escrito por\" \/>\n\t<meta name=\"twitter:data1\" content=\"Angels Soriano\" \/>\n\t<meta name=\"twitter:label2\" content=\"Tiempo de lectura\" \/>\n\t<meta name=\"twitter:data2\" content=\"11 minutos\" \/>\n<script type=\"application\/ld+json\" class=\"yoast-schema-graph\">{\"@context\":\"https:\\\/\\\/schema.org\",\"@graph\":[{\"@type\":\"Article\",\"@id\":\"https:\\\/\\\/eldiariodelaeducacion.com\\\/espiral\\\/2024\\\/12\\\/13\\\/las-tecnologias-inmersivas-aplicadas-a-la-educacion-y-formacion\\\/#article\",\"isPartOf\":{\"@id\":\"https:\\\/\\\/eldiariodelaeducacion.com\\\/espiral\\\/2024\\\/12\\\/13\\\/las-tecnologias-inmersivas-aplicadas-a-la-educacion-y-formacion\\\/\"},\"author\":{\"name\":\"Angels Soriano\",\"@id\":\"https:\\\/\\\/eldiariodelaeducacion.com\\\/espiral\\\/#\\\/schema\\\/person\\\/06defdc3036aaede486919c6c9c75351\"},\"headline\":\"Las tecnolog\u00edas inmersivas aplicadas a la educaci\u00f3n y formaci\u00f3n\",\"datePublished\":\"2024-12-13T13:15:32+00:00\",\"dateModified\":\"2024-12-13T13:15:33+00:00\",\"mainEntityOfPage\":{\"@id\":\"https:\\\/\\\/eldiariodelaeducacion.com\\\/espiral\\\/2024\\\/12\\\/13\\\/las-tecnologias-inmersivas-aplicadas-a-la-educacion-y-formacion\\\/\"},\"wordCount\":2188,\"commentCount\":0,\"image\":{\"@id\":\"https:\\\/\\\/eldiariodelaeducacion.com\\\/espiral\\\/2024\\\/12\\\/13\\\/las-tecnologias-inmersivas-aplicadas-a-la-educacion-y-formacion\\\/#primaryimage\"},\"thumbnailUrl\":\"http:\\\/\\\/eldiariodelaeducacion.test\\\/espiral\\\/\\\/wp-content\\\/uploads\\\/sites\\\/29\\\/2019\\\/12\\\/AR-300x200.jpg\",\"articleSection\":[\"#AV #AR\",\"#Espiral\",\"educaci\u00f3n y tecnolog\u00eda\"],\"inLanguage\":\"es\",\"potentialAction\":[{\"@type\":\"CommentAction\",\"name\":\"Comment\",\"target\":[\"https:\\\/\\\/eldiariodelaeducacion.com\\\/espiral\\\/2024\\\/12\\\/13\\\/las-tecnologias-inmersivas-aplicadas-a-la-educacion-y-formacion\\\/#respond\"]}]},{\"@type\":\"WebPage\",\"@id\":\"https:\\\/\\\/eldiariodelaeducacion.com\\\/espiral\\\/2024\\\/12\\\/13\\\/las-tecnologias-inmersivas-aplicadas-a-la-educacion-y-formacion\\\/\",\"url\":\"https:\\\/\\\/eldiariodelaeducacion.com\\\/espiral\\\/2024\\\/12\\\/13\\\/las-tecnologias-inmersivas-aplicadas-a-la-educacion-y-formacion\\\/\",\"name\":\"Las tecnolog\u00edas inmersivas aplicadas a la educaci\u00f3n y formaci\u00f3n - Espiral, educaci\u00f3n y tecnolog\u00eda\",\"isPartOf\":{\"@id\":\"https:\\\/\\\/eldiariodelaeducacion.com\\\/espiral\\\/#website\"},\"primaryImageOfPage\":{\"@id\":\"https:\\\/\\\/eldiariodelaeducacion.com\\\/espiral\\\/2024\\\/12\\\/13\\\/las-tecnologias-inmersivas-aplicadas-a-la-educacion-y-formacion\\\/#primaryimage\"},\"image\":{\"@id\":\"https:\\\/\\\/eldiariodelaeducacion.com\\\/espiral\\\/2024\\\/12\\\/13\\\/las-tecnologias-inmersivas-aplicadas-a-la-educacion-y-formacion\\\/#primaryimage\"},\"thumbnailUrl\":\"http:\\\/\\\/eldiariodelaeducacion.test\\\/espiral\\\/\\\/wp-content\\\/uploads\\\/sites\\\/29\\\/2019\\\/12\\\/AR-300x200.jpg\",\"datePublished\":\"2024-12-13T13:15:32+00:00\",\"dateModified\":\"2024-12-13T13:15:33+00:00\",\"author\":{\"@id\":\"https:\\\/\\\/eldiariodelaeducacion.com\\\/espiral\\\/#\\\/schema\\\/person\\\/06defdc3036aaede486919c6c9c75351\"},\"breadcrumb\":{\"@id\":\"https:\\\/\\\/eldiariodelaeducacion.com\\\/espiral\\\/2024\\\/12\\\/13\\\/las-tecnologias-inmersivas-aplicadas-a-la-educacion-y-formacion\\\/#breadcrumb\"},\"inLanguage\":\"es\",\"potentialAction\":[{\"@type\":\"ReadAction\",\"target\":[\"https:\\\/\\\/eldiariodelaeducacion.com\\\/espiral\\\/2024\\\/12\\\/13\\\/las-tecnologias-inmersivas-aplicadas-a-la-educacion-y-formacion\\\/\"]}]},{\"@type\":\"ImageObject\",\"inLanguage\":\"es\",\"@id\":\"https:\\\/\\\/eldiariodelaeducacion.com\\\/espiral\\\/2024\\\/12\\\/13\\\/las-tecnologias-inmersivas-aplicadas-a-la-educacion-y-formacion\\\/#primaryimage\",\"url\":\"http:\\\/\\\/eldiariodelaeducacion.test\\\/espiral\\\/\\\/wp-content\\\/uploads\\\/sites\\\/29\\\/2019\\\/12\\\/AR-300x200.jpg\",\"contentUrl\":\"http:\\\/\\\/eldiariodelaeducacion.test\\\/espiral\\\/\\\/wp-content\\\/uploads\\\/sites\\\/29\\\/2019\\\/12\\\/AR-300x200.jpg\"},{\"@type\":\"BreadcrumbList\",\"@id\":\"https:\\\/\\\/eldiariodelaeducacion.com\\\/espiral\\\/2024\\\/12\\\/13\\\/las-tecnologias-inmersivas-aplicadas-a-la-educacion-y-formacion\\\/#breadcrumb\",\"itemListElement\":[{\"@type\":\"ListItem\",\"position\":1,\"name\":\"Portada\",\"item\":\"https:\\\/\\\/eldiariodelaeducacion.com\\\/espiral\\\/\"},{\"@type\":\"ListItem\",\"position\":2,\"name\":\"Las tecnolog\u00edas inmersivas aplicadas a la educaci\u00f3n y formaci\u00f3n\"}]},{\"@type\":\"WebSite\",\"@id\":\"https:\\\/\\\/eldiariodelaeducacion.com\\\/espiral\\\/#website\",\"url\":\"https:\\\/\\\/eldiariodelaeducacion.com\\\/espiral\\\/\",\"name\":\"Espiral, educaci\u00f3n y tecnolog\u00eda\",\"description\":\"Un blog de El Diario de la Educaci\u00f3n\",\"potentialAction\":[{\"@type\":\"SearchAction\",\"target\":{\"@type\":\"EntryPoint\",\"urlTemplate\":\"https:\\\/\\\/eldiariodelaeducacion.com\\\/espiral\\\/?s={search_term_string}\"},\"query-input\":{\"@type\":\"PropertyValueSpecification\",\"valueRequired\":true,\"valueName\":\"search_term_string\"}}],\"inLanguage\":\"es\"},{\"@type\":\"Person\",\"@id\":\"https:\\\/\\\/eldiariodelaeducacion.com\\\/espiral\\\/#\\\/schema\\\/person\\\/06defdc3036aaede486919c6c9c75351\",\"name\":\"Angels Soriano\",\"image\":{\"@type\":\"ImageObject\",\"inLanguage\":\"es\",\"@id\":\"https:\\\/\\\/secure.gravatar.com\\\/avatar\\\/d16a68c3440213165f82e63295ecc14e8ed5f92cb17c2d9711e90f630efbde3f?s=96&d=mm&r=g\",\"url\":\"https:\\\/\\\/secure.gravatar.com\\\/avatar\\\/d16a68c3440213165f82e63295ecc14e8ed5f92cb17c2d9711e90f630efbde3f?s=96&d=mm&r=g\",\"contentUrl\":\"https:\\\/\\\/secure.gravatar.com\\\/avatar\\\/d16a68c3440213165f82e63295ecc14e8ed5f92cb17c2d9711e90f630efbde3f?s=96&d=mm&r=g\",\"caption\":\"Angels Soriano\"},\"url\":\"https:\\\/\\\/eldiariodelaeducacion.com\\\/espiral\\\/author\\\/angelssoriano\\\/\"}]}<\/script>\n<!-- \/ Yoast SEO plugin. -->","yoast_head_json":{"title":"Las tecnolog\u00edas inmersivas aplicadas a la educaci\u00f3n y formaci\u00f3n - Espiral, educaci\u00f3n y tecnolog\u00eda","robots":{"index":"index","follow":"follow","max-snippet":"max-snippet:-1","max-image-preview":"max-image-preview:large","max-video-preview":"max-video-preview:-1"},"canonical":"https:\/\/eldiariodelaeducacion.com\/espiral\/2024\/12\/13\/las-tecnologias-inmersivas-aplicadas-a-la-educacion-y-formacion\/","og_locale":"es_ES","og_type":"article","og_title":"Las tecnolog\u00edas inmersivas aplicadas a la educaci\u00f3n y formaci\u00f3n - Espiral, educaci\u00f3n y tecnolog\u00eda","og_description":"El uso de tecnolog\u00edas inmersivas es una de las principales tendencias tecnol\u00f3gicas en el \u00e1mbito educativo actual. Se trata, pues, de tecnolog\u00edas especialmente valiosas para apoyar y mejorar el aprendizaje, la capacitaci\u00f3n y la exploraci\u00f3n por parte del alumnado, reduciendo as\u00ed el tiempo, el riesgo y el coste tradicionalmente requeridos. Su utilizaci\u00f3n contribuye a incrementar","og_url":"https:\/\/eldiariodelaeducacion.com\/espiral\/2024\/12\/13\/las-tecnologias-inmersivas-aplicadas-a-la-educacion-y-formacion\/","og_site_name":"Espiral, educaci\u00f3n y tecnolog\u00eda","article_published_time":"2024-12-13T13:15:32+00:00","article_modified_time":"2024-12-13T13:15:33+00:00","og_image":[{"width":960,"height":640,"url":"https:\/\/eldiariodelaeducacion.com\/espiral\/wp-content\/uploads\/sites\/23\/2019\/12\/AR.jpg","type":"image\/jpeg"}],"author":"Angels Soriano","twitter_card":"summary_large_image","twitter_misc":{"Escrito por":"Angels Soriano","Tiempo de lectura":"11 minutos"},"schema":{"@context":"https:\/\/schema.org","@graph":[{"@type":"Article","@id":"https:\/\/eldiariodelaeducacion.com\/espiral\/2024\/12\/13\/las-tecnologias-inmersivas-aplicadas-a-la-educacion-y-formacion\/#article","isPartOf":{"@id":"https:\/\/eldiariodelaeducacion.com\/espiral\/2024\/12\/13\/las-tecnologias-inmersivas-aplicadas-a-la-educacion-y-formacion\/"},"author":{"name":"Angels Soriano","@id":"https:\/\/eldiariodelaeducacion.com\/espiral\/#\/schema\/person\/06defdc3036aaede486919c6c9c75351"},"headline":"Las tecnolog\u00edas inmersivas aplicadas a la educaci\u00f3n y formaci\u00f3n","datePublished":"2024-12-13T13:15:32+00:00","dateModified":"2024-12-13T13:15:33+00:00","mainEntityOfPage":{"@id":"https:\/\/eldiariodelaeducacion.com\/espiral\/2024\/12\/13\/las-tecnologias-inmersivas-aplicadas-a-la-educacion-y-formacion\/"},"wordCount":2188,"commentCount":0,"image":{"@id":"https:\/\/eldiariodelaeducacion.com\/espiral\/2024\/12\/13\/las-tecnologias-inmersivas-aplicadas-a-la-educacion-y-formacion\/#primaryimage"},"thumbnailUrl":"http:\/\/eldiariodelaeducacion.test\/espiral\/\/wp-content\/uploads\/sites\/29\/2019\/12\/AR-300x200.jpg","articleSection":["#AV #AR","#Espiral","educaci\u00f3n y tecnolog\u00eda"],"inLanguage":"es","potentialAction":[{"@type":"CommentAction","name":"Comment","target":["https:\/\/eldiariodelaeducacion.com\/espiral\/2024\/12\/13\/las-tecnologias-inmersivas-aplicadas-a-la-educacion-y-formacion\/#respond"]}]},{"@type":"WebPage","@id":"https:\/\/eldiariodelaeducacion.com\/espiral\/2024\/12\/13\/las-tecnologias-inmersivas-aplicadas-a-la-educacion-y-formacion\/","url":"https:\/\/eldiariodelaeducacion.com\/espiral\/2024\/12\/13\/las-tecnologias-inmersivas-aplicadas-a-la-educacion-y-formacion\/","name":"Las tecnolog\u00edas inmersivas aplicadas a la educaci\u00f3n y formaci\u00f3n - Espiral, educaci\u00f3n y tecnolog\u00eda","isPartOf":{"@id":"https:\/\/eldiariodelaeducacion.com\/espiral\/#website"},"primaryImageOfPage":{"@id":"https:\/\/eldiariodelaeducacion.com\/espiral\/2024\/12\/13\/las-tecnologias-inmersivas-aplicadas-a-la-educacion-y-formacion\/#primaryimage"},"image":{"@id":"https:\/\/eldiariodelaeducacion.com\/espiral\/2024\/12\/13\/las-tecnologias-inmersivas-aplicadas-a-la-educacion-y-formacion\/#primaryimage"},"thumbnailUrl":"http:\/\/eldiariodelaeducacion.test\/espiral\/\/wp-content\/uploads\/sites\/29\/2019\/12\/AR-300x200.jpg","datePublished":"2024-12-13T13:15:32+00:00","dateModified":"2024-12-13T13:15:33+00:00","author":{"@id":"https:\/\/eldiariodelaeducacion.com\/espiral\/#\/schema\/person\/06defdc3036aaede486919c6c9c75351"},"breadcrumb":{"@id":"https:\/\/eldiariodelaeducacion.com\/espiral\/2024\/12\/13\/las-tecnologias-inmersivas-aplicadas-a-la-educacion-y-formacion\/#breadcrumb"},"inLanguage":"es","potentialAction":[{"@type":"ReadAction","target":["https:\/\/eldiariodelaeducacion.com\/espiral\/2024\/12\/13\/las-tecnologias-inmersivas-aplicadas-a-la-educacion-y-formacion\/"]}]},{"@type":"ImageObject","inLanguage":"es","@id":"https:\/\/eldiariodelaeducacion.com\/espiral\/2024\/12\/13\/las-tecnologias-inmersivas-aplicadas-a-la-educacion-y-formacion\/#primaryimage","url":"http:\/\/eldiariodelaeducacion.test\/espiral\/\/wp-content\/uploads\/sites\/29\/2019\/12\/AR-300x200.jpg","contentUrl":"http:\/\/eldiariodelaeducacion.test\/espiral\/\/wp-content\/uploads\/sites\/29\/2019\/12\/AR-300x200.jpg"},{"@type":"BreadcrumbList","@id":"https:\/\/eldiariodelaeducacion.com\/espiral\/2024\/12\/13\/las-tecnologias-inmersivas-aplicadas-a-la-educacion-y-formacion\/#breadcrumb","itemListElement":[{"@type":"ListItem","position":1,"name":"Portada","item":"https:\/\/eldiariodelaeducacion.com\/espiral\/"},{"@type":"ListItem","position":2,"name":"Las tecnolog\u00edas inmersivas aplicadas a la educaci\u00f3n y formaci\u00f3n"}]},{"@type":"WebSite","@id":"https:\/\/eldiariodelaeducacion.com\/espiral\/#website","url":"https:\/\/eldiariodelaeducacion.com\/espiral\/","name":"Espiral, educaci\u00f3n y tecnolog\u00eda","description":"Un blog de El Diario de la Educaci\u00f3n","potentialAction":[{"@type":"SearchAction","target":{"@type":"EntryPoint","urlTemplate":"https:\/\/eldiariodelaeducacion.com\/espiral\/?s={search_term_string}"},"query-input":{"@type":"PropertyValueSpecification","valueRequired":true,"valueName":"search_term_string"}}],"inLanguage":"es"},{"@type":"Person","@id":"https:\/\/eldiariodelaeducacion.com\/espiral\/#\/schema\/person\/06defdc3036aaede486919c6c9c75351","name":"Angels Soriano","image":{"@type":"ImageObject","inLanguage":"es","@id":"https:\/\/secure.gravatar.com\/avatar\/d16a68c3440213165f82e63295ecc14e8ed5f92cb17c2d9711e90f630efbde3f?s=96&d=mm&r=g","url":"https:\/\/secure.gravatar.com\/avatar\/d16a68c3440213165f82e63295ecc14e8ed5f92cb17c2d9711e90f630efbde3f?s=96&d=mm&r=g","contentUrl":"https:\/\/secure.gravatar.com\/avatar\/d16a68c3440213165f82e63295ecc14e8ed5f92cb17c2d9711e90f630efbde3f?s=96&d=mm&r=g","caption":"Angels Soriano"},"url":"https:\/\/eldiariodelaeducacion.com\/espiral\/author\/angelssoriano\/"}]}},"_links":{"self":[{"href":"https:\/\/eldiariodelaeducacion.com\/espiral\/wp-json\/wp\/v2\/posts\/128","targetHints":{"allow":["GET"]}}],"collection":[{"href":"https:\/\/eldiariodelaeducacion.com\/espiral\/wp-json\/wp\/v2\/posts"}],"about":[{"href":"https:\/\/eldiariodelaeducacion.com\/espiral\/wp-json\/wp\/v2\/types\/post"}],"author":[{"embeddable":true,"href":"https:\/\/eldiariodelaeducacion.com\/espiral\/wp-json\/wp\/v2\/users\/172"}],"replies":[{"embeddable":true,"href":"https:\/\/eldiariodelaeducacion.com\/espiral\/wp-json\/wp\/v2\/comments?post=128"}],"version-history":[{"count":2,"href":"https:\/\/eldiariodelaeducacion.com\/espiral\/wp-json\/wp\/v2\/posts\/128\/revisions"}],"predecessor-version":[{"id":564,"href":"https:\/\/eldiariodelaeducacion.com\/espiral\/wp-json\/wp\/v2\/posts\/128\/revisions\/564"}],"wp:attachment":[{"href":"https:\/\/eldiariodelaeducacion.com\/espiral\/wp-json\/wp\/v2\/media?parent=128"}],"wp:term":[{"taxonomy":"category","embeddable":true,"href":"https:\/\/eldiariodelaeducacion.com\/espiral\/wp-json\/wp\/v2\/categories?post=128"},{"taxonomy":"post_tag","embeddable":true,"href":"https:\/\/eldiariodelaeducacion.com\/espiral\/wp-json\/wp\/v2\/tags?post=128"},{"taxonomy":"tipo","embeddable":true,"href":"https:\/\/eldiariodelaeducacion.com\/espiral\/wp-json\/wp\/v2\/tipo?post=128"}],"curies":[{"name":"wp","href":"https:\/\/api.w.org\/{rel}","templated":true}]}}