{"id":216,"date":"2020-07-03T07:30:36","date_gmt":"2020-07-03T05:30:36","guid":{"rendered":"https:\/\/eldiariodelaeducacion.com\/espiral\/?p=216"},"modified":"2024-08-21T17:34:24","modified_gmt":"2024-08-21T15:34:24","slug":"una-mirada-personal-a-la-escuela-inclusiva","status":"publish","type":"post","link":"https:\/\/eldiariodelaeducacion.com\/espiral\/2020\/07\/03\/una-mirada-personal-a-la-escuela-inclusiva\/","title":{"rendered":"Una mirada personal a la escuela inclusiva"},"content":{"rendered":"<p>Mi experiencia en USEE (Unidad Especial de Apoyo Educativo) comenz\u00f3 en 2012, en el Instituto Icaria de Barcelona, donde termin\u00e9 mi ESO.<\/p>\n<p>En este instituto hice mi formaci\u00f3n entre dos aulas, la ordinaria y la adaptada, debido a mis dificultades visuales y de aprendizaje. No fue f\u00e1cil para m\u00ed acostumbrarme a un aula separada del resto. Esta estaba compuesta por 6 alumnos del primer a\u00f1o de ESO y tres de tercero, con discapacidades y trastornos de diferentes tipolog\u00edas y niveles cognitivos.<\/p>\n<p>Para algunos de nosotros fue la primera experiencia en el uso de computadoras como herramienta para el trabajo personal y de comunicaci\u00f3n.<\/p>\n<p>Durante los cuatro a\u00f1os que estudi\u00e9 en el USEE <strong>aprend\u00ed <\/strong>mucho. El apoyo que nos han dado los profesores de estos a\u00f1os, Mar\u00eda Ferrer, Raquel Soto, Mar\u00eda Rosa P\u00e9rez, Isabel Torregrosa y Mar\u00eda Jos\u00e9 P\u00e9rez, nos ayud\u00f3 a trabajar con tecnolog\u00eda y a confiar m\u00e1s en nosotros mismos.<\/p>\n<p>Cuando empec\u00e9 como estudiante <strong>NEE<\/strong> me tom\u00f3 mucho ver y aceptar mis dificultades de aprendizaje, me negu\u00e9, no me dej\u00e9 <strong>ayudar<\/strong> por los maestros. Lo \u00fanico que quer\u00eda era estar en la clase ordinaria, porque el hecho de estar en USEE <strong>significaba ser diferente a los dem\u00e1s, <\/strong>sent\u00ed que me miraban extra\u00f1amente. Dec\u00edan que lo que hac\u00edamos era m\u00e1s f\u00e1cil, que no pod\u00edamos sorprendernos. Empec\u00e9 a demostrar a mis colegas, para que dejaran de burlarse o de pensar que lo que hicimos no ten\u00eda ning\u00fan valor, que ser diferente no significa ser inferior a los dem\u00e1s por tener dificultades, puesto que cada uno tiene su ritmo de aprendizaje.<\/p>\n<p>Para los alumnos de NEE es muy importante el <strong>acompa\u00f1amiento<\/strong>, para que ning\u00fan alumno crea que es m\u00e1s importante. En realidad, todos <strong>somos diferentes<\/strong>, pero nadie es superior al resto de la clase donde existe\u00a0 <strong>diversidad de aprendizaje<\/strong>, sin ser <strong>juzgados<\/strong> o <strong>rechazados<\/strong>, y el objetivo de conseguir que todo el mundo <strong>conf\u00ede<\/strong> en sus posibilidades. La diferencia con el aula ordinaria es que la USEE ofrece m\u00e1s apoyo y acompa\u00f1amiento al alumnado ofreci\u00e9ndole una atenci\u00f3n espec\u00edfica y recursos TIC \/ TAC de manera motivadora.<\/p>\n<p>En la clase ordinaria encontraba muchas dificultades para copiar los ejercicios de la pizarra y esto me desalentaba, me costaba mucho encontrar el punto de motivaci\u00f3n para aprender sin olvidar el contenido.<\/p>\n<p>Aprend\u00ed haciendo cuadernos espec\u00edficos adaptados a aquellas materias con cierta dificultad. Pude mejorar sobre la base de actividades en plataformas educativas como <em>edu365,<\/em> <em>jClic<\/em> y otras. Tuve que trabajar en la comprensi\u00f3n lectora, algo cuya dificultad, para m\u00ed, era y es importante, debido a mis <strong>dificultades visuales del 85%<\/strong> que me impiden ver correctamente de lejos y de cerca. Tuve la ayuda de la ONCE para tener las mejores <strong>adaptaciones posibles<\/strong> y <strong>resolver<\/strong> mi dificultad a la hora de leer. Por otro lado, antes de contar con el apoyo de los profesionales de la ONCE, el profesorado de USEE adapt\u00f3 el contenido y los textos para que fuera menos costoso.<\/p>\n<p>Los profesores de la USEE me dieron un fuerte <strong>impulso<\/strong> para comprobar que ten\u00eda buena competencia <strong>digital<\/strong> y hacerme responsable de varios proyectos, lo que me ayud\u00f3 a <strong>fortalecer<\/strong> mi relaci\u00f3n con los colegas, porque les ayud\u00e9 a entender un mont\u00f3n de cosas que se pueden hacer con la tecnolog\u00eda. <strong>La tecnolog\u00eda<\/strong> me ayuda a superar las barreras de mi problema <strong>visual<\/strong> y aprender a utilizarla me <strong>divierte<\/strong> mucho m\u00e1s.<\/p>\n<p>Con las <strong>herramientas<\/strong> tecnol\u00f3gicas pude descubrir <strong>habilidades<\/strong> en m\u00ed mismo que no habr\u00eda imaginado con el m\u00e9todo de ense\u00f1anza tradicional. Estos a\u00f1os me he <strong>esforzado por<\/strong> <strong>alcanzar<\/strong> mi gran <strong>objetivo, <\/strong>estudiar audiovisuales, espec\u00edficamente, fotograf\u00eda. Este sue\u00f1o ha sido posible despu\u00e9s de haber <strong>pasado<\/strong> las pruebas de acceso que <strong>me abrieron <\/strong>las puertas al m\u00f3dulo intermedio de Imagen y Sonido. <strong>Nada detendr\u00e1 el deseo<\/strong> de cursar el CFGM a pesar de mi limitaci\u00f3n visual.<\/p>\n<p>Desde hace algunos a\u00f1os he colaborado como ponente en seminarios educativos sobre educaci\u00f3n inclusiva con <strong>Mar\u00eda Ferrer Sanz, <\/strong>una persona a la que admiro mucho, que ha luchado por m\u00ed y me ha <strong>ense\u00f1ado<\/strong> a <strong>superar<\/strong> las <strong>barreras.<\/strong> Estoy muy agradecido por su apoyo a mi trayectoria educativa y profesional. Si no hubiera sido por su profesionalidad, su gran experiencia como profesora, su amplio dominio de los recursos tecnol\u00f3gicos, su gran pasi\u00f3n por la educaci\u00f3n y su experiencia en orientaci\u00f3n, no habr\u00eda logrado resultados tan positivos. Nadie ha estado tan comprometido conmigo como ella, que me ha ayudado a sacar lo mejor de m\u00ed mismo.<\/p>\n<p>Desgraciadamente, Maria Ferrer nos dej\u00f3 hace unos meses, v\u00edctima de un c\u00e1ncer. Nunca olvidar\u00e9 lo que me repiti\u00f3 durante a\u00f1os: \u00ab<strong>S\u00e9 constante y utiliza todos tus puntos fuertes para compensar los que son m\u00e1s d\u00e9biles<\/strong>\u00ab.<\/p>\n<p>Gracias al <strong>apoyo,<\/strong> al <strong>esfuerzo<\/strong> y la <strong>confianza<\/strong> que he ido ganando, he logrado resultados acad\u00e9micos positivos, trabajo y reconocimiento en redes sociales y en talleres educativos y tecnol\u00f3gicos, donde comparto mi experiencia como antiguo alumno de educaci\u00f3n inclusiva.<\/p>\n<p>Ahora lucho por lo mismo que ella luch\u00f3, por la educaci\u00f3n inclusiva y las TIC\/TAC en la educaci\u00f3n.<\/p>\n<p>&nbsp;<\/p>\n<p>&nbsp;<\/p>\n<p><img fetchpriority=\"high\" decoding=\"async\" class=\"alignnone size-medium wp-image-218\" src=\"https:\/\/eldiariodelaeducacion.com\/espiral\/wp-content\/uploads\/sites\/27\/2020\/06\/Foto-de-perfil-300x300.jpg\" alt=\"\" width=\"300\" height=\"300\" srcset=\"https:\/\/eldiariodelaeducacion.com\/espiral\/wp-content\/uploads\/sites\/23\/2020\/06\/Foto-de-perfil-300x300.jpg 300w, https:\/\/eldiariodelaeducacion.com\/espiral\/wp-content\/uploads\/sites\/23\/2020\/06\/Foto-de-perfil-150x150.jpg 150w, https:\/\/eldiariodelaeducacion.com\/espiral\/wp-content\/uploads\/sites\/23\/2020\/06\/Foto-de-perfil-450x450.jpg 450w, https:\/\/eldiariodelaeducacion.com\/espiral\/wp-content\/uploads\/sites\/23\/2020\/06\/Foto-de-perfil.jpg 756w\" sizes=\"(max-width: 300px) 100vw, 300px\" \/><\/p>\n<p>Oscar Soler Rebenaque <a href=\"https:\/\/twitter.com\/oscsolreb_oscar\">Twitter<\/a><\/p>\n<div id=\"ts-body\">\n<div class=\"css-52 ts-pivot-container\">\n<div id=\"ContentContainer\">\n<div>\n<div>\n<div role=\"tabpanel\" aria-labelledby=\"Pivot1-Tab0\">\n<div class=\"ts-lookup-pivot\">\n<div id=\"Lookup\" class=\"ts-pivot-lookup-component\">\n<div class=\"ms-Grid ts-grid\">\n<div class=\"ms-Grid-row\">\n<div class=\"ts-textfield-container \" lang=\"es\">\n<div class=\"ts-alignment-view-container\">\n<div id=\"ts-alignment-view-idtgt\" class=\"ts-alignment-view ms-font-m ts-alignment-view-tgt ts-ltr-left-zero\" aria-hidden=\"false\">\n<div role=\"label\">Entusiasta de las TIC\/TAC en educaci\u00f3n y un referente en educaci\u00f3n inclusiva en primera persona<\/div>\n<\/div>\n<\/div>\n<\/div>\n<\/div>\n<\/div>\n<\/div>\n<\/div>\n<\/div>\n<\/div>\n<\/div>\n<\/div>\n<\/div>\n<\/div>\n<p>&nbsp;<\/p>\n","protected":false},"excerpt":{"rendered":"<p>Mi experiencia en USEE (Unidad Especial de Apoyo Educativo) comenz\u00f3 en 2012, en el Instituto Icaria de Barcelona, donde termin\u00e9 mi ESO. En este instituto hice mi formaci\u00f3n entre dos aulas, la ordinaria y la adaptada, debido a mis dificultades visuales y de aprendizaje. No fue f\u00e1cil para m\u00ed acostumbrarme a un aula separada del<\/p>\n","protected":false},"author":180,"featured_media":217,"comment_status":"open","ping_status":"closed","sticky":false,"template":"","format":"standard","meta":{"footnotes":""},"categories":[18,17],"tags":[28],"tipo":[41],"class_list":{"0":"post-216","1":"post","2":"type-post","3":"status-publish","4":"format-standard","5":"has-post-thumbnail","7":"category-educacion-y-tecnologia","8":"category-espiral-2","9":"tag-inclusion-y-tecnologia","10":"tipo-actualidadopinion"},"yoast_head":"<!-- This site is optimized with the Yoast SEO plugin v27.5 - https:\/\/yoast.com\/product\/yoast-seo-wordpress\/ -->\n<title>Una mirada personal a la escuela inclusiva - Espiral, educaci\u00f3n y tecnolog\u00eda<\/title>\n<meta name=\"robots\" content=\"index, follow, max-snippet:-1, max-image-preview:large, max-video-preview:-1\" \/>\n<link rel=\"canonical\" href=\"https:\/\/eldiariodelaeducacion.com\/espiral\/2020\/07\/03\/una-mirada-personal-a-la-escuela-inclusiva\/\" \/>\n<meta property=\"og:locale\" content=\"es_ES\" \/>\n<meta property=\"og:type\" content=\"article\" \/>\n<meta property=\"og:title\" content=\"Una mirada personal a la escuela inclusiva - Espiral, educaci\u00f3n y tecnolog\u00eda\" \/>\n<meta property=\"og:description\" content=\"Mi experiencia en USEE (Unidad Especial de Apoyo Educativo) comenz\u00f3 en 2012, en el Instituto Icaria de Barcelona, donde termin\u00e9 mi ESO. En este instituto hice mi formaci\u00f3n entre dos aulas, la ordinaria y la adaptada, debido a mis dificultades visuales y de aprendizaje. No fue f\u00e1cil para m\u00ed acostumbrarme a un aula separada del\" \/>\n<meta property=\"og:url\" content=\"https:\/\/eldiariodelaeducacion.com\/espiral\/2020\/07\/03\/una-mirada-personal-a-la-escuela-inclusiva\/\" \/>\n<meta property=\"og:site_name\" content=\"Espiral, educaci\u00f3n y tecnolog\u00eda\" \/>\n<meta property=\"article:published_time\" content=\"2020-07-03T05:30:36+00:00\" \/>\n<meta property=\"article:modified_time\" content=\"2024-08-21T15:34:24+00:00\" \/>\n<meta property=\"og:image\" content=\"https:\/\/eldiariodelaeducacion.com\/espiral\/wp-content\/uploads\/sites\/23\/2020\/06\/foto-portada-articulo-1.jpg\" \/>\n\t<meta property=\"og:image:width\" content=\"1003\" \/>\n\t<meta property=\"og:image:height\" content=\"602\" \/>\n\t<meta property=\"og:image:type\" content=\"image\/jpeg\" \/>\n<meta name=\"author\" content=\"Oscar Soler Rebenaque\" \/>\n<meta name=\"twitter:card\" content=\"summary_large_image\" \/>\n<meta name=\"twitter:label1\" content=\"Escrito por\" \/>\n\t<meta name=\"twitter:data1\" content=\"Oscar Soler Rebenaque\" \/>\n\t<meta name=\"twitter:label2\" content=\"Tiempo de lectura\" \/>\n\t<meta name=\"twitter:data2\" content=\"5 minutos\" \/>\n<script type=\"application\/ld+json\" class=\"yoast-schema-graph\">{\"@context\":\"https:\\\/\\\/schema.org\",\"@graph\":[{\"@type\":\"Article\",\"@id\":\"https:\\\/\\\/eldiariodelaeducacion.com\\\/espiral\\\/2020\\\/07\\\/03\\\/una-mirada-personal-a-la-escuela-inclusiva\\\/#article\",\"isPartOf\":{\"@id\":\"https:\\\/\\\/eldiariodelaeducacion.com\\\/espiral\\\/2020\\\/07\\\/03\\\/una-mirada-personal-a-la-escuela-inclusiva\\\/\"},\"author\":{\"name\":\"Oscar Soler Rebenaque\",\"@id\":\"https:\\\/\\\/eldiariodelaeducacion.com\\\/espiral\\\/#\\\/schema\\\/person\\\/f3c309e2d827e07174fbe8de71eacbf0\"},\"headline\":\"Una mirada personal a la escuela inclusiva\",\"datePublished\":\"2020-07-03T05:30:36+00:00\",\"dateModified\":\"2024-08-21T15:34:24+00:00\",\"mainEntityOfPage\":{\"@id\":\"https:\\\/\\\/eldiariodelaeducacion.com\\\/espiral\\\/2020\\\/07\\\/03\\\/una-mirada-personal-a-la-escuela-inclusiva\\\/\"},\"wordCount\":928,\"commentCount\":0,\"image\":{\"@id\":\"https:\\\/\\\/eldiariodelaeducacion.com\\\/espiral\\\/2020\\\/07\\\/03\\\/una-mirada-personal-a-la-escuela-inclusiva\\\/#primaryimage\"},\"thumbnailUrl\":\"https:\\\/\\\/eldiariodelaeducacion.com\\\/espiral\\\/wp-content\\\/uploads\\\/sites\\\/23\\\/2020\\\/06\\\/foto-portada-articulo-1.jpg\",\"keywords\":[\"inclusi\u00f3n y tecnolog\u00eda\"],\"articleSection\":[\"educaci\u00f3n y tecnolog\u00eda\",\"Espiral\"],\"inLanguage\":\"es\",\"potentialAction\":[{\"@type\":\"CommentAction\",\"name\":\"Comment\",\"target\":[\"https:\\\/\\\/eldiariodelaeducacion.com\\\/espiral\\\/2020\\\/07\\\/03\\\/una-mirada-personal-a-la-escuela-inclusiva\\\/#respond\"]}]},{\"@type\":\"WebPage\",\"@id\":\"https:\\\/\\\/eldiariodelaeducacion.com\\\/espiral\\\/2020\\\/07\\\/03\\\/una-mirada-personal-a-la-escuela-inclusiva\\\/\",\"url\":\"https:\\\/\\\/eldiariodelaeducacion.com\\\/espiral\\\/2020\\\/07\\\/03\\\/una-mirada-personal-a-la-escuela-inclusiva\\\/\",\"name\":\"Una mirada personal a la escuela inclusiva - Espiral, educaci\u00f3n y tecnolog\u00eda\",\"isPartOf\":{\"@id\":\"https:\\\/\\\/eldiariodelaeducacion.com\\\/espiral\\\/#website\"},\"primaryImageOfPage\":{\"@id\":\"https:\\\/\\\/eldiariodelaeducacion.com\\\/espiral\\\/2020\\\/07\\\/03\\\/una-mirada-personal-a-la-escuela-inclusiva\\\/#primaryimage\"},\"image\":{\"@id\":\"https:\\\/\\\/eldiariodelaeducacion.com\\\/espiral\\\/2020\\\/07\\\/03\\\/una-mirada-personal-a-la-escuela-inclusiva\\\/#primaryimage\"},\"thumbnailUrl\":\"https:\\\/\\\/eldiariodelaeducacion.com\\\/espiral\\\/wp-content\\\/uploads\\\/sites\\\/23\\\/2020\\\/06\\\/foto-portada-articulo-1.jpg\",\"datePublished\":\"2020-07-03T05:30:36+00:00\",\"dateModified\":\"2024-08-21T15:34:24+00:00\",\"author\":{\"@id\":\"https:\\\/\\\/eldiariodelaeducacion.com\\\/espiral\\\/#\\\/schema\\\/person\\\/f3c309e2d827e07174fbe8de71eacbf0\"},\"breadcrumb\":{\"@id\":\"https:\\\/\\\/eldiariodelaeducacion.com\\\/espiral\\\/2020\\\/07\\\/03\\\/una-mirada-personal-a-la-escuela-inclusiva\\\/#breadcrumb\"},\"inLanguage\":\"es\",\"potentialAction\":[{\"@type\":\"ReadAction\",\"target\":[\"https:\\\/\\\/eldiariodelaeducacion.com\\\/espiral\\\/2020\\\/07\\\/03\\\/una-mirada-personal-a-la-escuela-inclusiva\\\/\"]}]},{\"@type\":\"ImageObject\",\"inLanguage\":\"es\",\"@id\":\"https:\\\/\\\/eldiariodelaeducacion.com\\\/espiral\\\/2020\\\/07\\\/03\\\/una-mirada-personal-a-la-escuela-inclusiva\\\/#primaryimage\",\"url\":\"https:\\\/\\\/eldiariodelaeducacion.com\\\/espiral\\\/wp-content\\\/uploads\\\/sites\\\/23\\\/2020\\\/06\\\/foto-portada-articulo-1.jpg\",\"contentUrl\":\"https:\\\/\\\/eldiariodelaeducacion.com\\\/espiral\\\/wp-content\\\/uploads\\\/sites\\\/23\\\/2020\\\/06\\\/foto-portada-articulo-1.jpg\",\"width\":1003,\"height\":602},{\"@type\":\"BreadcrumbList\",\"@id\":\"https:\\\/\\\/eldiariodelaeducacion.com\\\/espiral\\\/2020\\\/07\\\/03\\\/una-mirada-personal-a-la-escuela-inclusiva\\\/#breadcrumb\",\"itemListElement\":[{\"@type\":\"ListItem\",\"position\":1,\"name\":\"Portada\",\"item\":\"https:\\\/\\\/eldiariodelaeducacion.com\\\/espiral\\\/\"},{\"@type\":\"ListItem\",\"position\":2,\"name\":\"Una mirada personal a la escuela inclusiva\"}]},{\"@type\":\"WebSite\",\"@id\":\"https:\\\/\\\/eldiariodelaeducacion.com\\\/espiral\\\/#website\",\"url\":\"https:\\\/\\\/eldiariodelaeducacion.com\\\/espiral\\\/\",\"name\":\"Espiral, educaci\u00f3n y tecnolog\u00eda\",\"description\":\"Un blog de El Diario de la Educaci\u00f3n\",\"potentialAction\":[{\"@type\":\"SearchAction\",\"target\":{\"@type\":\"EntryPoint\",\"urlTemplate\":\"https:\\\/\\\/eldiariodelaeducacion.com\\\/espiral\\\/?s={search_term_string}\"},\"query-input\":{\"@type\":\"PropertyValueSpecification\",\"valueRequired\":true,\"valueName\":\"search_term_string\"}}],\"inLanguage\":\"es\"},{\"@type\":\"Person\",\"@id\":\"https:\\\/\\\/eldiariodelaeducacion.com\\\/espiral\\\/#\\\/schema\\\/person\\\/f3c309e2d827e07174fbe8de71eacbf0\",\"name\":\"Oscar Soler Rebenaque\",\"image\":{\"@type\":\"ImageObject\",\"inLanguage\":\"es\",\"@id\":\"https:\\\/\\\/secure.gravatar.com\\\/avatar\\\/a82adc5190da9abb2642400f65af7e2f4a77b2fa703c6310e59175cb02550602?s=96&d=mm&r=g\",\"url\":\"https:\\\/\\\/secure.gravatar.com\\\/avatar\\\/a82adc5190da9abb2642400f65af7e2f4a77b2fa703c6310e59175cb02550602?s=96&d=mm&r=g\",\"contentUrl\":\"https:\\\/\\\/secure.gravatar.com\\\/avatar\\\/a82adc5190da9abb2642400f65af7e2f4a77b2fa703c6310e59175cb02550602?s=96&d=mm&r=g\",\"caption\":\"Oscar Soler Rebenaque\"},\"url\":\"https:\\\/\\\/eldiariodelaeducacion.com\\\/espiral\\\/author\\\/osoler\\\/\"}]}<\/script>\n<!-- \/ Yoast SEO plugin. -->","yoast_head_json":{"title":"Una mirada personal a la escuela inclusiva - Espiral, educaci\u00f3n y tecnolog\u00eda","robots":{"index":"index","follow":"follow","max-snippet":"max-snippet:-1","max-image-preview":"max-image-preview:large","max-video-preview":"max-video-preview:-1"},"canonical":"https:\/\/eldiariodelaeducacion.com\/espiral\/2020\/07\/03\/una-mirada-personal-a-la-escuela-inclusiva\/","og_locale":"es_ES","og_type":"article","og_title":"Una mirada personal a la escuela inclusiva - Espiral, educaci\u00f3n y tecnolog\u00eda","og_description":"Mi experiencia en USEE (Unidad Especial de Apoyo Educativo) comenz\u00f3 en 2012, en el Instituto Icaria de Barcelona, donde termin\u00e9 mi ESO. En este instituto hice mi formaci\u00f3n entre dos aulas, la ordinaria y la adaptada, debido a mis dificultades visuales y de aprendizaje. No fue f\u00e1cil para m\u00ed acostumbrarme a un aula separada del","og_url":"https:\/\/eldiariodelaeducacion.com\/espiral\/2020\/07\/03\/una-mirada-personal-a-la-escuela-inclusiva\/","og_site_name":"Espiral, educaci\u00f3n y tecnolog\u00eda","article_published_time":"2020-07-03T05:30:36+00:00","article_modified_time":"2024-08-21T15:34:24+00:00","og_image":[{"width":1003,"height":602,"url":"https:\/\/eldiariodelaeducacion.com\/espiral\/wp-content\/uploads\/sites\/23\/2020\/06\/foto-portada-articulo-1.jpg","type":"image\/jpeg"}],"author":"Oscar Soler Rebenaque","twitter_card":"summary_large_image","twitter_misc":{"Escrito por":"Oscar Soler Rebenaque","Tiempo de lectura":"5 minutos"},"schema":{"@context":"https:\/\/schema.org","@graph":[{"@type":"Article","@id":"https:\/\/eldiariodelaeducacion.com\/espiral\/2020\/07\/03\/una-mirada-personal-a-la-escuela-inclusiva\/#article","isPartOf":{"@id":"https:\/\/eldiariodelaeducacion.com\/espiral\/2020\/07\/03\/una-mirada-personal-a-la-escuela-inclusiva\/"},"author":{"name":"Oscar Soler Rebenaque","@id":"https:\/\/eldiariodelaeducacion.com\/espiral\/#\/schema\/person\/f3c309e2d827e07174fbe8de71eacbf0"},"headline":"Una mirada personal a la escuela inclusiva","datePublished":"2020-07-03T05:30:36+00:00","dateModified":"2024-08-21T15:34:24+00:00","mainEntityOfPage":{"@id":"https:\/\/eldiariodelaeducacion.com\/espiral\/2020\/07\/03\/una-mirada-personal-a-la-escuela-inclusiva\/"},"wordCount":928,"commentCount":0,"image":{"@id":"https:\/\/eldiariodelaeducacion.com\/espiral\/2020\/07\/03\/una-mirada-personal-a-la-escuela-inclusiva\/#primaryimage"},"thumbnailUrl":"https:\/\/eldiariodelaeducacion.com\/espiral\/wp-content\/uploads\/sites\/23\/2020\/06\/foto-portada-articulo-1.jpg","keywords":["inclusi\u00f3n y tecnolog\u00eda"],"articleSection":["educaci\u00f3n y tecnolog\u00eda","Espiral"],"inLanguage":"es","potentialAction":[{"@type":"CommentAction","name":"Comment","target":["https:\/\/eldiariodelaeducacion.com\/espiral\/2020\/07\/03\/una-mirada-personal-a-la-escuela-inclusiva\/#respond"]}]},{"@type":"WebPage","@id":"https:\/\/eldiariodelaeducacion.com\/espiral\/2020\/07\/03\/una-mirada-personal-a-la-escuela-inclusiva\/","url":"https:\/\/eldiariodelaeducacion.com\/espiral\/2020\/07\/03\/una-mirada-personal-a-la-escuela-inclusiva\/","name":"Una mirada personal a la escuela inclusiva - Espiral, educaci\u00f3n y tecnolog\u00eda","isPartOf":{"@id":"https:\/\/eldiariodelaeducacion.com\/espiral\/#website"},"primaryImageOfPage":{"@id":"https:\/\/eldiariodelaeducacion.com\/espiral\/2020\/07\/03\/una-mirada-personal-a-la-escuela-inclusiva\/#primaryimage"},"image":{"@id":"https:\/\/eldiariodelaeducacion.com\/espiral\/2020\/07\/03\/una-mirada-personal-a-la-escuela-inclusiva\/#primaryimage"},"thumbnailUrl":"https:\/\/eldiariodelaeducacion.com\/espiral\/wp-content\/uploads\/sites\/23\/2020\/06\/foto-portada-articulo-1.jpg","datePublished":"2020-07-03T05:30:36+00:00","dateModified":"2024-08-21T15:34:24+00:00","author":{"@id":"https:\/\/eldiariodelaeducacion.com\/espiral\/#\/schema\/person\/f3c309e2d827e07174fbe8de71eacbf0"},"breadcrumb":{"@id":"https:\/\/eldiariodelaeducacion.com\/espiral\/2020\/07\/03\/una-mirada-personal-a-la-escuela-inclusiva\/#breadcrumb"},"inLanguage":"es","potentialAction":[{"@type":"ReadAction","target":["https:\/\/eldiariodelaeducacion.com\/espiral\/2020\/07\/03\/una-mirada-personal-a-la-escuela-inclusiva\/"]}]},{"@type":"ImageObject","inLanguage":"es","@id":"https:\/\/eldiariodelaeducacion.com\/espiral\/2020\/07\/03\/una-mirada-personal-a-la-escuela-inclusiva\/#primaryimage","url":"https:\/\/eldiariodelaeducacion.com\/espiral\/wp-content\/uploads\/sites\/23\/2020\/06\/foto-portada-articulo-1.jpg","contentUrl":"https:\/\/eldiariodelaeducacion.com\/espiral\/wp-content\/uploads\/sites\/23\/2020\/06\/foto-portada-articulo-1.jpg","width":1003,"height":602},{"@type":"BreadcrumbList","@id":"https:\/\/eldiariodelaeducacion.com\/espiral\/2020\/07\/03\/una-mirada-personal-a-la-escuela-inclusiva\/#breadcrumb","itemListElement":[{"@type":"ListItem","position":1,"name":"Portada","item":"https:\/\/eldiariodelaeducacion.com\/espiral\/"},{"@type":"ListItem","position":2,"name":"Una mirada personal a la escuela inclusiva"}]},{"@type":"WebSite","@id":"https:\/\/eldiariodelaeducacion.com\/espiral\/#website","url":"https:\/\/eldiariodelaeducacion.com\/espiral\/","name":"Espiral, educaci\u00f3n y tecnolog\u00eda","description":"Un blog de El Diario de la Educaci\u00f3n","potentialAction":[{"@type":"SearchAction","target":{"@type":"EntryPoint","urlTemplate":"https:\/\/eldiariodelaeducacion.com\/espiral\/?s={search_term_string}"},"query-input":{"@type":"PropertyValueSpecification","valueRequired":true,"valueName":"search_term_string"}}],"inLanguage":"es"},{"@type":"Person","@id":"https:\/\/eldiariodelaeducacion.com\/espiral\/#\/schema\/person\/f3c309e2d827e07174fbe8de71eacbf0","name":"Oscar Soler Rebenaque","image":{"@type":"ImageObject","inLanguage":"es","@id":"https:\/\/secure.gravatar.com\/avatar\/a82adc5190da9abb2642400f65af7e2f4a77b2fa703c6310e59175cb02550602?s=96&d=mm&r=g","url":"https:\/\/secure.gravatar.com\/avatar\/a82adc5190da9abb2642400f65af7e2f4a77b2fa703c6310e59175cb02550602?s=96&d=mm&r=g","contentUrl":"https:\/\/secure.gravatar.com\/avatar\/a82adc5190da9abb2642400f65af7e2f4a77b2fa703c6310e59175cb02550602?s=96&d=mm&r=g","caption":"Oscar Soler Rebenaque"},"url":"https:\/\/eldiariodelaeducacion.com\/espiral\/author\/osoler\/"}]}},"_links":{"self":[{"href":"https:\/\/eldiariodelaeducacion.com\/espiral\/wp-json\/wp\/v2\/posts\/216","targetHints":{"allow":["GET"]}}],"collection":[{"href":"https:\/\/eldiariodelaeducacion.com\/espiral\/wp-json\/wp\/v2\/posts"}],"about":[{"href":"https:\/\/eldiariodelaeducacion.com\/espiral\/wp-json\/wp\/v2\/types\/post"}],"author":[{"embeddable":true,"href":"https:\/\/eldiariodelaeducacion.com\/espiral\/wp-json\/wp\/v2\/users\/180"}],"replies":[{"embeddable":true,"href":"https:\/\/eldiariodelaeducacion.com\/espiral\/wp-json\/wp\/v2\/comments?post=216"}],"version-history":[{"count":1,"href":"https:\/\/eldiariodelaeducacion.com\/espiral\/wp-json\/wp\/v2\/posts\/216\/revisions"}],"predecessor-version":[{"id":532,"href":"https:\/\/eldiariodelaeducacion.com\/espiral\/wp-json\/wp\/v2\/posts\/216\/revisions\/532"}],"wp:featuredmedia":[{"embeddable":true,"href":"https:\/\/eldiariodelaeducacion.com\/espiral\/wp-json\/wp\/v2\/media\/217"}],"wp:attachment":[{"href":"https:\/\/eldiariodelaeducacion.com\/espiral\/wp-json\/wp\/v2\/media?parent=216"}],"wp:term":[{"taxonomy":"category","embeddable":true,"href":"https:\/\/eldiariodelaeducacion.com\/espiral\/wp-json\/wp\/v2\/categories?post=216"},{"taxonomy":"post_tag","embeddable":true,"href":"https:\/\/eldiariodelaeducacion.com\/espiral\/wp-json\/wp\/v2\/tags?post=216"},{"taxonomy":"tipo","embeddable":true,"href":"https:\/\/eldiariodelaeducacion.com\/espiral\/wp-json\/wp\/v2\/tipo?post=216"}],"curies":[{"name":"wp","href":"https:\/\/api.w.org\/{rel}","templated":true}]}}