{"id":285,"date":"2022-01-17T10:28:45","date_gmt":"2022-01-17T09:28:45","guid":{"rendered":"https:\/\/eldiariodelaeducacion.com\/espiral\/?p=285"},"modified":"2024-08-21T17:34:24","modified_gmt":"2024-08-21T15:34:24","slug":"esos-que-intentan-salvar-el-mundo","status":"publish","type":"post","link":"https:\/\/eldiariodelaeducacion.com\/espiral\/2022\/01\/17\/esos-que-intentan-salvar-el-mundo\/","title":{"rendered":"Esos que intentan salvar el mundo"},"content":{"rendered":"<p>Desde la \u00e9poca de los griegos, de la mano de Plat\u00f3n, se observa la necesidad de educar a la persona en y para la sociedad. A partir de esta idea, comienzan a surgir recursos e iniciativas que permiten ayudar y\/o acompa\u00f1ar a aquellos que lo necesitan dentro de los distintos colectivos. Esto muestra c\u00f3mo la educaci\u00f3n social, disciplina de la que trata este post, es una forma de trabajar que se lleva teniendo en cuenta desde tiempos remotos.<\/p>\n<p>A d\u00eda de hoy, mucha gente no conoce esta profesi\u00f3n o no es consciente de la necesidad que existe de tener estas figuras. La educaci\u00f3n social es una disciplina pedag\u00f3gica que busca acompa\u00f1ar a las personas en su d\u00eda a d\u00eda, facilit\u00e1ndoles las herramientas necesarias para su desarrollo en sociedad. Aquellos que se embarcan en la aventura de estudiar esta carrera son conscientes de que deben de, sin traspasar la l\u00ednea (invisible) de lo personal y lo profesional, volcar su vida en encontrar los m\u00e9todos que les lleven a conseguir sus metas.<\/p>\n<p>Este \u00e1mbito social abarca todos aquellos colectivos en riesgo de exclusi\u00f3n, desde inmigraci\u00f3n, violencia de g\u00e9nero, personas sin hogar, tercera edad, ni\u00f1os, adolescentes, diversidad funcional\u2026hasta intentar, poco a poco, introducirse en los colegios. Adem\u00e1s, tiene como funciones: transmitir, desarrollar y promocionar la cultura, conocer, analizar e investigar los contextos, mediaci\u00f3n, generar redes y dise\u00f1ar, implementar y evaluar programas y proyectos.<\/p>\n<p>El \u00faltimo \u00e1mbito mencionado, los colegios, es el menos accesible para los educadores, ya que se considera que no son necesarios debido a que existen otras figuras como psic\u00f3logo, orientador\u2026 pero sus funciones no tienen nada que ver con las que un educador podr\u00eda desempe\u00f1ar. Dentro de la Ley de protecci\u00f3n a la infancia y a la adolescencia frente a la violencia, Ley Org\u00e1nica 8\/2021, de 4 de junio, se menciona la necesidad de que exista, en los centros, la figura del coordinador o coordinadora de bienestar y protecci\u00f3n. Este se encargar\u00eda de crear planes sobre prevenci\u00f3n, detecci\u00f3n y protecci\u00f3n, vigilar por la atenci\u00f3n a los alumnos, promover formas de mediaci\u00f3n\u2026 entre otras muchas cosas. Teniendo en cuenta las funciones del educador, mencionadas anteriormente, ser\u00eda el profesional correcto para desempe\u00f1ar este cargo. A pesar de esto hay mucho rechazo a que pueda llevarse a cabo.<br \/>\nLa sociedad actual podr\u00eda considerarse algo m\u00e1s igualitaria respecto a otras etapas de la historia. Pese a ello, se observa, d\u00eda tras d\u00eda, un gran n\u00famero de desigualdades de distinta \u00edndole. Es cierto que los educadores sociales no son \u201ch\u00e9roes\u201d ni buscan arreglar el mundo, pero contar con esta figura dentro de las distintas comunidades permitir\u00eda que muchas de las personas que tienen alg\u00fan tipo de necesidad o de situaci\u00f3n desfavorable, pudieran sentirse acompa\u00f1adas y llegaran a encontrar aquello que les permita salir un poco a flote.<\/p>\n<p>El claro ejemplo de que los educadores sociales son una figura poco reconocida dentro del mundo laboral y social lo vivimos quienes decidimos dedicarnos a esta profesi\u00f3n cada vez que decimos cu\u00e1l es nuestro oficio. Muy poca gente sabe lo que es un educador social. Las respuestas m\u00e1s cotidianas son: \u201cEntonces, estudias para profesora\u201d, \u201ctrabajar\u00e1s con los de la calle\u201d, \u201co sea, trabajador social\u201d. O simplemente se lo explicas, asienten, pero ves que no llegan a captar cu\u00e1l es nuestro papel dentro de la sociedad.<\/p>\n<p>Algo muy com\u00fan que suele darse dentro de nuestra profesi\u00f3n es el hecho de que existe un gran volumen de intrusismo laboral. En el poco tiempo que llevo dentro de este mundo, he compartido trabajo con psic\u00f3logos, trabajadores sociales, fil\u00f3sofos, pedagogos\u2026 que a pesar de que puedan entrar dentro del \u00e1mbito social, no tendr\u00edan que ocupar la plaza que le corresponde a un educador social.<\/p>\n<h3>Conclusiones<\/h3>\n<p>Un educador o educadora orienta a los distintos colectivos sociales. Un educador o educadora no ayuda, acompa\u00f1a. Un educador o educadora es necesario dentro de los institutos para acompa\u00f1ar al alumnado.<\/p>\n<p>Estos profesionales buscan la construcci\u00f3n de una sociedad m\u00e1s justa y para ello necesitan contar tambi\u00e9n con la participaci\u00f3n del resto de la sociedad.<\/p>\n<hr \/>\n<h3>Referencias<\/h3>\n<p>\u00c1lvarez Fern\u00e1ndez, A. (2017). <em>El desempe\u00f1o profesional del educador y la educadora social: funciones, competencias y creencias de autoeficacia<\/em>.<\/p>\n<p>COPESPA. (s. f.). Copespa. <a href=\"http:\/\/www.copespa.com\/\">http:\/\/www.copespa.com\/<\/a><\/p>\n<p>Historia de la Educaci\u00f3n Social. (s. f.). OCE Social. <a href=\"http:\/\/ocesocial.blogspot.com\/p\/historia-de-la-educacion-social.html#:%7E:text=La%20Educaci%C3%B3n%20Social%20tiene%20sus,ser%20educado%20para%20la%20comunidad.&amp;text=La%20Educaci%C3%B3n%20Social%20estuvo%20estrechamente,crearon%20centros%20de%20ayuda%20social\">http:\/\/ocesocial.blogspot.com\/p\/historia-de-la-educacion-social.html#:%7E:text=La%20Educaci%C3%B3n%20Social%20tiene%20sus,ser%20educado%20para%20la%20comunidad.&amp;text=La%20Educaci%C3%B3n%20Social%20estuvo%20estrechamente,crearon%20centros%20de%20ayuda%20social<\/a><\/p>\n<p>Ley\u00a0Org\u00e1nica 8\/2021, por la cual se aporta protecci\u00f3n a ni\u00f1os y adolescentes frente a la violencia, 4 de junio de 2021<\/p>\n","protected":false},"excerpt":{"rendered":"<p>Desde la \u00e9poca de los griegos, de la mano de Plat\u00f3n, se observa la necesidad de educar a la persona en y para la sociedad. A partir de esta idea, comienzan a surgir recursos e iniciativas que permiten ayudar y\/o acompa\u00f1ar a aquellos que lo necesitan dentro de los distintos colectivos. Esto muestra c\u00f3mo la<\/p>\n","protected":false},"author":188,"featured_media":288,"comment_status":"open","ping_status":"closed","sticky":false,"template":"","format":"standard","meta":{"footnotes":""},"categories":[17],"tags":[],"tipo":[43],"class_list":{"0":"post-285","1":"post","2":"type-post","3":"status-publish","4":"format-standard","5":"has-post-thumbnail","7":"category-espiral-2","8":"tipo-analisis"},"yoast_head":"<!-- This site is optimized with the Yoast SEO plugin v27.5 - https:\/\/yoast.com\/product\/yoast-seo-wordpress\/ -->\n<title>Esos que intentan salvar el mundo - Espiral, educaci\u00f3n y tecnolog\u00eda<\/title>\n<meta name=\"robots\" content=\"index, follow, max-snippet:-1, max-image-preview:large, max-video-preview:-1\" \/>\n<link rel=\"canonical\" href=\"https:\/\/eldiariodelaeducacion.com\/espiral\/2022\/01\/17\/esos-que-intentan-salvar-el-mundo\/\" \/>\n<meta property=\"og:locale\" content=\"es_ES\" \/>\n<meta property=\"og:type\" content=\"article\" \/>\n<meta property=\"og:title\" content=\"Esos que intentan salvar el mundo - Espiral, educaci\u00f3n y tecnolog\u00eda\" \/>\n<meta property=\"og:description\" content=\"Desde la \u00e9poca de los griegos, de la mano de Plat\u00f3n, se observa la necesidad de educar a la persona en y para la sociedad. A partir de esta idea, comienzan a surgir recursos e iniciativas que permiten ayudar y\/o acompa\u00f1ar a aquellos que lo necesitan dentro de los distintos colectivos. Esto muestra c\u00f3mo la\" \/>\n<meta property=\"og:url\" content=\"https:\/\/eldiariodelaeducacion.com\/espiral\/2022\/01\/17\/esos-que-intentan-salvar-el-mundo\/\" \/>\n<meta property=\"og:site_name\" content=\"Espiral, educaci\u00f3n y tecnolog\u00eda\" \/>\n<meta property=\"article:published_time\" content=\"2022-01-17T09:28:45+00:00\" \/>\n<meta property=\"article:modified_time\" content=\"2024-08-21T15:34:24+00:00\" \/>\n<meta property=\"og:image\" content=\"https:\/\/eldiariodelaeducacion.com\/espiral\/wp-content\/uploads\/sites\/23\/2022\/01\/ElTiler_02.jpeg\" \/>\n\t<meta property=\"og:image:width\" content=\"1200\" \/>\n\t<meta property=\"og:image:height\" content=\"900\" \/>\n\t<meta property=\"og:image:type\" content=\"image\/jpeg\" \/>\n<meta name=\"author\" content=\"Ana Peralta Beltr\u00e1n\" \/>\n<meta name=\"twitter:card\" content=\"summary_large_image\" \/>\n<meta name=\"twitter:label1\" content=\"Escrito por\" \/>\n\t<meta name=\"twitter:data1\" content=\"Ana Peralta Beltr\u00e1n\" \/>\n\t<meta name=\"twitter:label2\" content=\"Tiempo de lectura\" \/>\n\t<meta name=\"twitter:data2\" content=\"4 minutos\" \/>\n<script type=\"application\/ld+json\" class=\"yoast-schema-graph\">{\"@context\":\"https:\\\/\\\/schema.org\",\"@graph\":[{\"@type\":\"Article\",\"@id\":\"https:\\\/\\\/eldiariodelaeducacion.com\\\/espiral\\\/2022\\\/01\\\/17\\\/esos-que-intentan-salvar-el-mundo\\\/#article\",\"isPartOf\":{\"@id\":\"https:\\\/\\\/eldiariodelaeducacion.com\\\/espiral\\\/2022\\\/01\\\/17\\\/esos-que-intentan-salvar-el-mundo\\\/\"},\"author\":{\"name\":\"Ana Peralta Beltr\u00e1n\",\"@id\":\"https:\\\/\\\/eldiariodelaeducacion.com\\\/espiral\\\/#\\\/schema\\\/person\\\/cce8c5fd4ceb9546d8ea2ec384ee9db5\"},\"headline\":\"Esos que intentan salvar el mundo\",\"datePublished\":\"2022-01-17T09:28:45+00:00\",\"dateModified\":\"2024-08-21T15:34:24+00:00\",\"mainEntityOfPage\":{\"@id\":\"https:\\\/\\\/eldiariodelaeducacion.com\\\/espiral\\\/2022\\\/01\\\/17\\\/esos-que-intentan-salvar-el-mundo\\\/\"},\"wordCount\":833,\"commentCount\":0,\"image\":{\"@id\":\"https:\\\/\\\/eldiariodelaeducacion.com\\\/espiral\\\/2022\\\/01\\\/17\\\/esos-que-intentan-salvar-el-mundo\\\/#primaryimage\"},\"thumbnailUrl\":\"https:\\\/\\\/eldiariodelaeducacion.com\\\/espiral\\\/wp-content\\\/uploads\\\/sites\\\/23\\\/2022\\\/01\\\/ElTiler_02.jpeg\",\"articleSection\":[\"Espiral\"],\"inLanguage\":\"es\",\"potentialAction\":[{\"@type\":\"CommentAction\",\"name\":\"Comment\",\"target\":[\"https:\\\/\\\/eldiariodelaeducacion.com\\\/espiral\\\/2022\\\/01\\\/17\\\/esos-que-intentan-salvar-el-mundo\\\/#respond\"]}]},{\"@type\":\"WebPage\",\"@id\":\"https:\\\/\\\/eldiariodelaeducacion.com\\\/espiral\\\/2022\\\/01\\\/17\\\/esos-que-intentan-salvar-el-mundo\\\/\",\"url\":\"https:\\\/\\\/eldiariodelaeducacion.com\\\/espiral\\\/2022\\\/01\\\/17\\\/esos-que-intentan-salvar-el-mundo\\\/\",\"name\":\"Esos que intentan salvar el mundo - Espiral, educaci\u00f3n y tecnolog\u00eda\",\"isPartOf\":{\"@id\":\"https:\\\/\\\/eldiariodelaeducacion.com\\\/espiral\\\/#website\"},\"primaryImageOfPage\":{\"@id\":\"https:\\\/\\\/eldiariodelaeducacion.com\\\/espiral\\\/2022\\\/01\\\/17\\\/esos-que-intentan-salvar-el-mundo\\\/#primaryimage\"},\"image\":{\"@id\":\"https:\\\/\\\/eldiariodelaeducacion.com\\\/espiral\\\/2022\\\/01\\\/17\\\/esos-que-intentan-salvar-el-mundo\\\/#primaryimage\"},\"thumbnailUrl\":\"https:\\\/\\\/eldiariodelaeducacion.com\\\/espiral\\\/wp-content\\\/uploads\\\/sites\\\/23\\\/2022\\\/01\\\/ElTiler_02.jpeg\",\"datePublished\":\"2022-01-17T09:28:45+00:00\",\"dateModified\":\"2024-08-21T15:34:24+00:00\",\"author\":{\"@id\":\"https:\\\/\\\/eldiariodelaeducacion.com\\\/espiral\\\/#\\\/schema\\\/person\\\/cce8c5fd4ceb9546d8ea2ec384ee9db5\"},\"breadcrumb\":{\"@id\":\"https:\\\/\\\/eldiariodelaeducacion.com\\\/espiral\\\/2022\\\/01\\\/17\\\/esos-que-intentan-salvar-el-mundo\\\/#breadcrumb\"},\"inLanguage\":\"es\",\"potentialAction\":[{\"@type\":\"ReadAction\",\"target\":[\"https:\\\/\\\/eldiariodelaeducacion.com\\\/espiral\\\/2022\\\/01\\\/17\\\/esos-que-intentan-salvar-el-mundo\\\/\"]}]},{\"@type\":\"ImageObject\",\"inLanguage\":\"es\",\"@id\":\"https:\\\/\\\/eldiariodelaeducacion.com\\\/espiral\\\/2022\\\/01\\\/17\\\/esos-que-intentan-salvar-el-mundo\\\/#primaryimage\",\"url\":\"https:\\\/\\\/eldiariodelaeducacion.com\\\/espiral\\\/wp-content\\\/uploads\\\/sites\\\/23\\\/2022\\\/01\\\/ElTiler_02.jpeg\",\"contentUrl\":\"https:\\\/\\\/eldiariodelaeducacion.com\\\/espiral\\\/wp-content\\\/uploads\\\/sites\\\/23\\\/2022\\\/01\\\/ElTiler_02.jpeg\",\"width\":1200,\"height\":900,\"caption\":\"Fam\u00edlies d\u2019un centre de m\u00e0xima complexitat de Barcelona (juny 2020) | Foto: CEESC\"},{\"@type\":\"BreadcrumbList\",\"@id\":\"https:\\\/\\\/eldiariodelaeducacion.com\\\/espiral\\\/2022\\\/01\\\/17\\\/esos-que-intentan-salvar-el-mundo\\\/#breadcrumb\",\"itemListElement\":[{\"@type\":\"ListItem\",\"position\":1,\"name\":\"Portada\",\"item\":\"https:\\\/\\\/eldiariodelaeducacion.com\\\/espiral\\\/\"},{\"@type\":\"ListItem\",\"position\":2,\"name\":\"Esos que intentan salvar el mundo\"}]},{\"@type\":\"WebSite\",\"@id\":\"https:\\\/\\\/eldiariodelaeducacion.com\\\/espiral\\\/#website\",\"url\":\"https:\\\/\\\/eldiariodelaeducacion.com\\\/espiral\\\/\",\"name\":\"Espiral, educaci\u00f3n y tecnolog\u00eda\",\"description\":\"Un blog de El Diario de la Educaci\u00f3n\",\"potentialAction\":[{\"@type\":\"SearchAction\",\"target\":{\"@type\":\"EntryPoint\",\"urlTemplate\":\"https:\\\/\\\/eldiariodelaeducacion.com\\\/espiral\\\/?s={search_term_string}\"},\"query-input\":{\"@type\":\"PropertyValueSpecification\",\"valueRequired\":true,\"valueName\":\"search_term_string\"}}],\"inLanguage\":\"es\"},{\"@type\":\"Person\",\"@id\":\"https:\\\/\\\/eldiariodelaeducacion.com\\\/espiral\\\/#\\\/schema\\\/person\\\/cce8c5fd4ceb9546d8ea2ec384ee9db5\",\"name\":\"Ana Peralta Beltr\u00e1n\",\"image\":{\"@type\":\"ImageObject\",\"inLanguage\":\"es\",\"@id\":\"https:\\\/\\\/secure.gravatar.com\\\/avatar\\\/115f9f2e7d8b69fc86c57d1e407fd28e25e95f8a3f5a080fc47663272dd73c4c?s=96&d=mm&r=g\",\"url\":\"https:\\\/\\\/secure.gravatar.com\\\/avatar\\\/115f9f2e7d8b69fc86c57d1e407fd28e25e95f8a3f5a080fc47663272dd73c4c?s=96&d=mm&r=g\",\"contentUrl\":\"https:\\\/\\\/secure.gravatar.com\\\/avatar\\\/115f9f2e7d8b69fc86c57d1e407fd28e25e95f8a3f5a080fc47663272dd73c4c?s=96&d=mm&r=g\",\"caption\":\"Ana Peralta Beltr\u00e1n\"},\"url\":\"https:\\\/\\\/eldiariodelaeducacion.com\\\/espiral\\\/author\\\/anaperaltabeltran\\\/\"}]}<\/script>\n<!-- \/ Yoast SEO plugin. -->","yoast_head_json":{"title":"Esos que intentan salvar el mundo - Espiral, educaci\u00f3n y tecnolog\u00eda","robots":{"index":"index","follow":"follow","max-snippet":"max-snippet:-1","max-image-preview":"max-image-preview:large","max-video-preview":"max-video-preview:-1"},"canonical":"https:\/\/eldiariodelaeducacion.com\/espiral\/2022\/01\/17\/esos-que-intentan-salvar-el-mundo\/","og_locale":"es_ES","og_type":"article","og_title":"Esos que intentan salvar el mundo - Espiral, educaci\u00f3n y tecnolog\u00eda","og_description":"Desde la \u00e9poca de los griegos, de la mano de Plat\u00f3n, se observa la necesidad de educar a la persona en y para la sociedad. A partir de esta idea, comienzan a surgir recursos e iniciativas que permiten ayudar y\/o acompa\u00f1ar a aquellos que lo necesitan dentro de los distintos colectivos. Esto muestra c\u00f3mo la","og_url":"https:\/\/eldiariodelaeducacion.com\/espiral\/2022\/01\/17\/esos-que-intentan-salvar-el-mundo\/","og_site_name":"Espiral, educaci\u00f3n y tecnolog\u00eda","article_published_time":"2022-01-17T09:28:45+00:00","article_modified_time":"2024-08-21T15:34:24+00:00","og_image":[{"width":1200,"height":900,"url":"https:\/\/eldiariodelaeducacion.com\/espiral\/wp-content\/uploads\/sites\/23\/2022\/01\/ElTiler_02.jpeg","type":"image\/jpeg"}],"author":"Ana Peralta Beltr\u00e1n","twitter_card":"summary_large_image","twitter_misc":{"Escrito por":"Ana Peralta Beltr\u00e1n","Tiempo de lectura":"4 minutos"},"schema":{"@context":"https:\/\/schema.org","@graph":[{"@type":"Article","@id":"https:\/\/eldiariodelaeducacion.com\/espiral\/2022\/01\/17\/esos-que-intentan-salvar-el-mundo\/#article","isPartOf":{"@id":"https:\/\/eldiariodelaeducacion.com\/espiral\/2022\/01\/17\/esos-que-intentan-salvar-el-mundo\/"},"author":{"name":"Ana Peralta Beltr\u00e1n","@id":"https:\/\/eldiariodelaeducacion.com\/espiral\/#\/schema\/person\/cce8c5fd4ceb9546d8ea2ec384ee9db5"},"headline":"Esos que intentan salvar el mundo","datePublished":"2022-01-17T09:28:45+00:00","dateModified":"2024-08-21T15:34:24+00:00","mainEntityOfPage":{"@id":"https:\/\/eldiariodelaeducacion.com\/espiral\/2022\/01\/17\/esos-que-intentan-salvar-el-mundo\/"},"wordCount":833,"commentCount":0,"image":{"@id":"https:\/\/eldiariodelaeducacion.com\/espiral\/2022\/01\/17\/esos-que-intentan-salvar-el-mundo\/#primaryimage"},"thumbnailUrl":"https:\/\/eldiariodelaeducacion.com\/espiral\/wp-content\/uploads\/sites\/23\/2022\/01\/ElTiler_02.jpeg","articleSection":["Espiral"],"inLanguage":"es","potentialAction":[{"@type":"CommentAction","name":"Comment","target":["https:\/\/eldiariodelaeducacion.com\/espiral\/2022\/01\/17\/esos-que-intentan-salvar-el-mundo\/#respond"]}]},{"@type":"WebPage","@id":"https:\/\/eldiariodelaeducacion.com\/espiral\/2022\/01\/17\/esos-que-intentan-salvar-el-mundo\/","url":"https:\/\/eldiariodelaeducacion.com\/espiral\/2022\/01\/17\/esos-que-intentan-salvar-el-mundo\/","name":"Esos que intentan salvar el mundo - Espiral, educaci\u00f3n y tecnolog\u00eda","isPartOf":{"@id":"https:\/\/eldiariodelaeducacion.com\/espiral\/#website"},"primaryImageOfPage":{"@id":"https:\/\/eldiariodelaeducacion.com\/espiral\/2022\/01\/17\/esos-que-intentan-salvar-el-mundo\/#primaryimage"},"image":{"@id":"https:\/\/eldiariodelaeducacion.com\/espiral\/2022\/01\/17\/esos-que-intentan-salvar-el-mundo\/#primaryimage"},"thumbnailUrl":"https:\/\/eldiariodelaeducacion.com\/espiral\/wp-content\/uploads\/sites\/23\/2022\/01\/ElTiler_02.jpeg","datePublished":"2022-01-17T09:28:45+00:00","dateModified":"2024-08-21T15:34:24+00:00","author":{"@id":"https:\/\/eldiariodelaeducacion.com\/espiral\/#\/schema\/person\/cce8c5fd4ceb9546d8ea2ec384ee9db5"},"breadcrumb":{"@id":"https:\/\/eldiariodelaeducacion.com\/espiral\/2022\/01\/17\/esos-que-intentan-salvar-el-mundo\/#breadcrumb"},"inLanguage":"es","potentialAction":[{"@type":"ReadAction","target":["https:\/\/eldiariodelaeducacion.com\/espiral\/2022\/01\/17\/esos-que-intentan-salvar-el-mundo\/"]}]},{"@type":"ImageObject","inLanguage":"es","@id":"https:\/\/eldiariodelaeducacion.com\/espiral\/2022\/01\/17\/esos-que-intentan-salvar-el-mundo\/#primaryimage","url":"https:\/\/eldiariodelaeducacion.com\/espiral\/wp-content\/uploads\/sites\/23\/2022\/01\/ElTiler_02.jpeg","contentUrl":"https:\/\/eldiariodelaeducacion.com\/espiral\/wp-content\/uploads\/sites\/23\/2022\/01\/ElTiler_02.jpeg","width":1200,"height":900,"caption":"Fam\u00edlies d\u2019un centre de m\u00e0xima complexitat de Barcelona (juny 2020) | Foto: CEESC"},{"@type":"BreadcrumbList","@id":"https:\/\/eldiariodelaeducacion.com\/espiral\/2022\/01\/17\/esos-que-intentan-salvar-el-mundo\/#breadcrumb","itemListElement":[{"@type":"ListItem","position":1,"name":"Portada","item":"https:\/\/eldiariodelaeducacion.com\/espiral\/"},{"@type":"ListItem","position":2,"name":"Esos que intentan salvar el mundo"}]},{"@type":"WebSite","@id":"https:\/\/eldiariodelaeducacion.com\/espiral\/#website","url":"https:\/\/eldiariodelaeducacion.com\/espiral\/","name":"Espiral, educaci\u00f3n y tecnolog\u00eda","description":"Un blog de El Diario de la Educaci\u00f3n","potentialAction":[{"@type":"SearchAction","target":{"@type":"EntryPoint","urlTemplate":"https:\/\/eldiariodelaeducacion.com\/espiral\/?s={search_term_string}"},"query-input":{"@type":"PropertyValueSpecification","valueRequired":true,"valueName":"search_term_string"}}],"inLanguage":"es"},{"@type":"Person","@id":"https:\/\/eldiariodelaeducacion.com\/espiral\/#\/schema\/person\/cce8c5fd4ceb9546d8ea2ec384ee9db5","name":"Ana Peralta Beltr\u00e1n","image":{"@type":"ImageObject","inLanguage":"es","@id":"https:\/\/secure.gravatar.com\/avatar\/115f9f2e7d8b69fc86c57d1e407fd28e25e95f8a3f5a080fc47663272dd73c4c?s=96&d=mm&r=g","url":"https:\/\/secure.gravatar.com\/avatar\/115f9f2e7d8b69fc86c57d1e407fd28e25e95f8a3f5a080fc47663272dd73c4c?s=96&d=mm&r=g","contentUrl":"https:\/\/secure.gravatar.com\/avatar\/115f9f2e7d8b69fc86c57d1e407fd28e25e95f8a3f5a080fc47663272dd73c4c?s=96&d=mm&r=g","caption":"Ana Peralta Beltr\u00e1n"},"url":"https:\/\/eldiariodelaeducacion.com\/espiral\/author\/anaperaltabeltran\/"}]}},"_links":{"self":[{"href":"https:\/\/eldiariodelaeducacion.com\/espiral\/wp-json\/wp\/v2\/posts\/285","targetHints":{"allow":["GET"]}}],"collection":[{"href":"https:\/\/eldiariodelaeducacion.com\/espiral\/wp-json\/wp\/v2\/posts"}],"about":[{"href":"https:\/\/eldiariodelaeducacion.com\/espiral\/wp-json\/wp\/v2\/types\/post"}],"author":[{"embeddable":true,"href":"https:\/\/eldiariodelaeducacion.com\/espiral\/wp-json\/wp\/v2\/users\/188"}],"replies":[{"embeddable":true,"href":"https:\/\/eldiariodelaeducacion.com\/espiral\/wp-json\/wp\/v2\/comments?post=285"}],"version-history":[{"count":1,"href":"https:\/\/eldiariodelaeducacion.com\/espiral\/wp-json\/wp\/v2\/posts\/285\/revisions"}],"predecessor-version":[{"id":540,"href":"https:\/\/eldiariodelaeducacion.com\/espiral\/wp-json\/wp\/v2\/posts\/285\/revisions\/540"}],"wp:featuredmedia":[{"embeddable":true,"href":"https:\/\/eldiariodelaeducacion.com\/espiral\/wp-json\/wp\/v2\/media\/288"}],"wp:attachment":[{"href":"https:\/\/eldiariodelaeducacion.com\/espiral\/wp-json\/wp\/v2\/media?parent=285"}],"wp:term":[{"taxonomy":"category","embeddable":true,"href":"https:\/\/eldiariodelaeducacion.com\/espiral\/wp-json\/wp\/v2\/categories?post=285"},{"taxonomy":"post_tag","embeddable":true,"href":"https:\/\/eldiariodelaeducacion.com\/espiral\/wp-json\/wp\/v2\/tags?post=285"},{"taxonomy":"tipo","embeddable":true,"href":"https:\/\/eldiariodelaeducacion.com\/espiral\/wp-json\/wp\/v2\/tipo?post=285"}],"curies":[{"name":"wp","href":"https:\/\/api.w.org\/{rel}","templated":true}]}}