{"id":347,"date":"2023-04-18T06:00:44","date_gmt":"2023-04-18T04:00:44","guid":{"rendered":"https:\/\/eldiariodelaeducacion.com\/espiral\/?p=347"},"modified":"2024-08-21T17:34:26","modified_gmt":"2024-08-21T15:34:26","slug":"una-jirafa-en-el-aula-curiosidad","status":"publish","type":"post","link":"https:\/\/eldiariodelaeducacion.com\/espiral\/2023\/04\/18\/una-jirafa-en-el-aula-curiosidad\/","title":{"rendered":"Una jirafa en el aula: curiosidad"},"content":{"rendered":"<p>Hace unos cursos que, gracias a un proyecto que realizamos cada a\u00f1o en religi\u00f3n, descubr\u00ed el valor que tiene para nuestro alumnado tener una peque\u00f1a mascota en el aula.<\/p>\n<p>Y seguro que estar\u00e9is pensando\u2026 \u00bfUna jirafa es una peque\u00f1a mascota? Claramente el t\u00edtulo es una llamada de atenci\u00f3n y sobre todo una afirmaci\u00f3n del gran Francisco Mora. Francisco Mora es doctor en Medicina y Neurociencia, catedr\u00e1tico de Fisiolog\u00eda Humana y profesor de la Universidad Complutense de Madrid e Iowa, en Estados Unidos, adem\u00e1s de un referente internacional en el campo de la Neuroeducaci\u00f3n y autor de numerosas publicaciones cient\u00edficas.<\/p>\n<p>En muchas de sus charlas nos explica que la neuroeducaci\u00f3n es una nueva visi\u00f3n de la ense\u00f1anza basada en la neurociencia, cuyo objetivo es ayudar al profesorado a conocer y entender c\u00f3mo aprendemos para as\u00ed, poder ense\u00f1ar y aprender mejor. Y no se trata solo de ense\u00f1ar de una forma m\u00e1s eficiente para potenciar el talento del alumnado, sino tambi\u00e9n de ser capaces de detectar necesidades en el alumno que le dificultan la lectura, la comprensi\u00f3n, la memorizaci\u00f3n o el aprendizaje. En sus propias palabras: \u201cIntentar ense\u00f1ar sin conocer c\u00f3mo funciona el cerebro pronto ser\u00e1 como dise\u00f1ar un guante sin nunca antes haber visto una mano\u201d.<\/p>\n<blockquote><p>El tiempo de aprender y memorizar &#8216;porque s\u00ed&#8217;, o &#8216;porque entra en el examen&#8217; qued\u00f3 atr\u00e1s<\/p><\/blockquote>\n<p>En muchos foros \u00e9l nos lanza esta pregunta: \u00bfQu\u00e9 ocurrir\u00eda si, durante una clase, aparece una jirafa? \u00bfSeguir\u00e1n los alumnos prestando atenci\u00f3n? La respuesta parece, a todas luces, bien clara. La jirafa romper\u00eda los esquemas de la monoton\u00eda porque constituye algo diferente, algo que sobresale del entorno. R\u00e1pidamente, se despertar\u00e1 la curiosidad de los alumnos. Y con ello, la emoci\u00f3n. Y con la emoci\u00f3n se abre la ventana de la atenci\u00f3n, requisito imprescindible para la creaci\u00f3n de conocimiento. El tiempo de aprender y memorizar \u201cporque s\u00ed\u201d, o \u201cporque entra en el examen\u201d qued\u00f3 atr\u00e1s. Es necesario que los profesores y maestros tratemos de despertar permanentemente la curiosidad de los estudiantes, fomentando sus ganas de aprender.<\/p>\n<p>Y aqu\u00ed entra directamente mi propuesta. Mis preguntas son similares: \u00bfqu\u00e9 pasa cuando traemos, por ejemplo, una tortuga al aula? \u00bfO cuando traemos gusanos de seda, cuando montamos un terrario o, incluso, cuando tenemos insectos palo? Pues, efectivamente, las ganas de aprender aumentan exponencialmente en muchos aspectos.<\/p>\n<p>Por un lado podemos descubrir y ver en vivo y en directo el ciclo de la vida, de una manera mucho m\u00e1s enriquecedora de lo que puede venir en un libro de texto. Nos hacemos m\u00e1s responsables, descubrimos que todos los seres vivos necesitan cuidados y nosotros, por peque\u00f1os, que seamos se los podemos ofrecer. Nos sensibilizamos con el entorno. Trabajamos en equipo y nos repartimos las tareas. Perdemos el miedo a peque\u00f1os insectos o animales. Aprovechamos nuestro maravilloso entorno para buscarles la comida y alimentarlos.<\/p>\n<p>Y por \u00faltimo, relacionamos la vida con lo que pasa en el aula de manera que, al igual que en nuestro d\u00eda a d\u00eda, al llegar a clase tenemos alguna sorpresa, un nuevo nacimiento, un insecto que crece y muda, uno que se nos ha escapado, excrementos que limpiar o agua que cambiar.<\/p>\n<p>Las caras del alumnado, e incluso la de los docentes, son un gran reflejo de esa\u00a0<strong>emoci\u00f3n<\/strong> que genera <strong>curiosidad<\/strong>, <strong>memoria<\/strong> y, por supuesto, <strong>aprendizajes duraderos<\/strong>.<\/p>\n<p>Termino recordando que el cerebro s\u00f3lo aprende si hay emoci\u00f3n, o, como a m\u00ed me gusta decir, \u201cemociona a tu alumnado y aprender\u00e1\u201d. Conocer c\u00f3mo funciona el cerebro, sin duda, nos ayudar\u00e1 a innovar y mejorar la ense\u00f1anza. Lo cual considero absolutamente necesario en los tiempos que vivimos.<\/p>\n<p>Como se suele decir, una imagen vale m\u00e1s que mil palabras.<\/p>\n","protected":false},"excerpt":{"rendered":"<p>Hace unos cursos que, gracias a un proyecto que realizamos cada a\u00f1o en religi\u00f3n, descubr\u00ed el valor que tiene para nuestro alumnado tener una peque\u00f1a mascota en el aula. Y seguro que estar\u00e9is pensando\u2026 \u00bfUna jirafa es una peque\u00f1a mascota? Claramente el t\u00edtulo es una llamada de atenci\u00f3n y sobre todo una afirmaci\u00f3n del gran<\/p>\n","protected":false},"author":182,"featured_media":348,"comment_status":"open","ping_status":"closed","sticky":false,"template":"","format":"standard","meta":{"footnotes":""},"categories":[17],"tags":[],"tipo":[40],"class_list":{"0":"post-347","1":"post","2":"type-post","3":"status-publish","4":"format-standard","5":"has-post-thumbnail","7":"category-espiral-2","8":"tipo-actualidad"},"yoast_head":"<!-- This site is optimized with the Yoast SEO plugin v27.5 - https:\/\/yoast.com\/product\/yoast-seo-wordpress\/ -->\n<title>Una jirafa en el aula: curiosidad - Espiral, educaci\u00f3n y tecnolog\u00eda<\/title>\n<meta name=\"robots\" content=\"index, follow, max-snippet:-1, max-image-preview:large, max-video-preview:-1\" \/>\n<link rel=\"canonical\" href=\"https:\/\/eldiariodelaeducacion.com\/espiral\/2023\/04\/18\/una-jirafa-en-el-aula-curiosidad\/\" \/>\n<meta property=\"og:locale\" content=\"es_ES\" \/>\n<meta property=\"og:type\" content=\"article\" \/>\n<meta property=\"og:title\" content=\"Una jirafa en el aula: curiosidad - Espiral, educaci\u00f3n y tecnolog\u00eda\" \/>\n<meta property=\"og:description\" content=\"Hace unos cursos que, gracias a un proyecto que realizamos cada a\u00f1o en religi\u00f3n, descubr\u00ed el valor que tiene para nuestro alumnado tener una peque\u00f1a mascota en el aula. Y seguro que estar\u00e9is pensando\u2026 \u00bfUna jirafa es una peque\u00f1a mascota? Claramente el t\u00edtulo es una llamada de atenci\u00f3n y sobre todo una afirmaci\u00f3n del gran\" \/>\n<meta property=\"og:url\" content=\"https:\/\/eldiariodelaeducacion.com\/espiral\/2023\/04\/18\/una-jirafa-en-el-aula-curiosidad\/\" \/>\n<meta property=\"og:site_name\" content=\"Espiral, educaci\u00f3n y tecnolog\u00eda\" \/>\n<meta property=\"article:published_time\" content=\"2023-04-18T04:00:44+00:00\" \/>\n<meta property=\"article:modified_time\" content=\"2024-08-21T15:34:26+00:00\" \/>\n<meta property=\"og:image\" content=\"https:\/\/eldiariodelaeducacion.com\/espiral\/wp-content\/uploads\/sites\/23\/2023\/04\/WhatsApp-Image-2023-04-14-at-14.13.14.jpeg\" \/>\n\t<meta property=\"og:image:width\" content=\"960\" \/>\n\t<meta property=\"og:image:height\" content=\"720\" \/>\n\t<meta property=\"og:image:type\" content=\"image\/jpeg\" \/>\n<meta name=\"author\" content=\"Elisa Beltr\u00e1n Garc\u00eda\" \/>\n<meta name=\"twitter:card\" content=\"summary_large_image\" \/>\n<meta name=\"twitter:label1\" content=\"Escrito por\" \/>\n\t<meta name=\"twitter:data1\" content=\"Elisa Beltr\u00e1n Garc\u00eda\" \/>\n\t<meta name=\"twitter:label2\" content=\"Tiempo de lectura\" \/>\n\t<meta name=\"twitter:data2\" content=\"3 minutos\" \/>\n<script type=\"application\/ld+json\" class=\"yoast-schema-graph\">{\"@context\":\"https:\\\/\\\/schema.org\",\"@graph\":[{\"@type\":\"Article\",\"@id\":\"https:\\\/\\\/eldiariodelaeducacion.com\\\/espiral\\\/2023\\\/04\\\/18\\\/una-jirafa-en-el-aula-curiosidad\\\/#article\",\"isPartOf\":{\"@id\":\"https:\\\/\\\/eldiariodelaeducacion.com\\\/espiral\\\/2023\\\/04\\\/18\\\/una-jirafa-en-el-aula-curiosidad\\\/\"},\"author\":{\"name\":\"Elisa Beltr\u00e1n Garc\u00eda\",\"@id\":\"https:\\\/\\\/eldiariodelaeducacion.com\\\/espiral\\\/#\\\/schema\\\/person\\\/bf7d979da82ead5c451309890ecc93fb\"},\"headline\":\"Una jirafa en el aula: curiosidad\",\"datePublished\":\"2023-04-18T04:00:44+00:00\",\"dateModified\":\"2024-08-21T15:34:26+00:00\",\"mainEntityOfPage\":{\"@id\":\"https:\\\/\\\/eldiariodelaeducacion.com\\\/espiral\\\/2023\\\/04\\\/18\\\/una-jirafa-en-el-aula-curiosidad\\\/\"},\"wordCount\":663,\"commentCount\":0,\"image\":{\"@id\":\"https:\\\/\\\/eldiariodelaeducacion.com\\\/espiral\\\/2023\\\/04\\\/18\\\/una-jirafa-en-el-aula-curiosidad\\\/#primaryimage\"},\"thumbnailUrl\":\"https:\\\/\\\/eldiariodelaeducacion.com\\\/espiral\\\/wp-content\\\/uploads\\\/sites\\\/23\\\/2023\\\/04\\\/WhatsApp-Image-2023-04-14-at-14.13.14.jpeg\",\"articleSection\":[\"Espiral\"],\"inLanguage\":\"es\",\"potentialAction\":[{\"@type\":\"CommentAction\",\"name\":\"Comment\",\"target\":[\"https:\\\/\\\/eldiariodelaeducacion.com\\\/espiral\\\/2023\\\/04\\\/18\\\/una-jirafa-en-el-aula-curiosidad\\\/#respond\"]}]},{\"@type\":\"WebPage\",\"@id\":\"https:\\\/\\\/eldiariodelaeducacion.com\\\/espiral\\\/2023\\\/04\\\/18\\\/una-jirafa-en-el-aula-curiosidad\\\/\",\"url\":\"https:\\\/\\\/eldiariodelaeducacion.com\\\/espiral\\\/2023\\\/04\\\/18\\\/una-jirafa-en-el-aula-curiosidad\\\/\",\"name\":\"Una jirafa en el aula: curiosidad - Espiral, educaci\u00f3n y tecnolog\u00eda\",\"isPartOf\":{\"@id\":\"https:\\\/\\\/eldiariodelaeducacion.com\\\/espiral\\\/#website\"},\"primaryImageOfPage\":{\"@id\":\"https:\\\/\\\/eldiariodelaeducacion.com\\\/espiral\\\/2023\\\/04\\\/18\\\/una-jirafa-en-el-aula-curiosidad\\\/#primaryimage\"},\"image\":{\"@id\":\"https:\\\/\\\/eldiariodelaeducacion.com\\\/espiral\\\/2023\\\/04\\\/18\\\/una-jirafa-en-el-aula-curiosidad\\\/#primaryimage\"},\"thumbnailUrl\":\"https:\\\/\\\/eldiariodelaeducacion.com\\\/espiral\\\/wp-content\\\/uploads\\\/sites\\\/23\\\/2023\\\/04\\\/WhatsApp-Image-2023-04-14-at-14.13.14.jpeg\",\"datePublished\":\"2023-04-18T04:00:44+00:00\",\"dateModified\":\"2024-08-21T15:34:26+00:00\",\"author\":{\"@id\":\"https:\\\/\\\/eldiariodelaeducacion.com\\\/espiral\\\/#\\\/schema\\\/person\\\/bf7d979da82ead5c451309890ecc93fb\"},\"breadcrumb\":{\"@id\":\"https:\\\/\\\/eldiariodelaeducacion.com\\\/espiral\\\/2023\\\/04\\\/18\\\/una-jirafa-en-el-aula-curiosidad\\\/#breadcrumb\"},\"inLanguage\":\"es\",\"potentialAction\":[{\"@type\":\"ReadAction\",\"target\":[\"https:\\\/\\\/eldiariodelaeducacion.com\\\/espiral\\\/2023\\\/04\\\/18\\\/una-jirafa-en-el-aula-curiosidad\\\/\"]}]},{\"@type\":\"ImageObject\",\"inLanguage\":\"es\",\"@id\":\"https:\\\/\\\/eldiariodelaeducacion.com\\\/espiral\\\/2023\\\/04\\\/18\\\/una-jirafa-en-el-aula-curiosidad\\\/#primaryimage\",\"url\":\"https:\\\/\\\/eldiariodelaeducacion.com\\\/espiral\\\/wp-content\\\/uploads\\\/sites\\\/23\\\/2023\\\/04\\\/WhatsApp-Image-2023-04-14-at-14.13.14.jpeg\",\"contentUrl\":\"https:\\\/\\\/eldiariodelaeducacion.com\\\/espiral\\\/wp-content\\\/uploads\\\/sites\\\/23\\\/2023\\\/04\\\/WhatsApp-Image-2023-04-14-at-14.13.14.jpeg\",\"width\":960,\"height\":720},{\"@type\":\"BreadcrumbList\",\"@id\":\"https:\\\/\\\/eldiariodelaeducacion.com\\\/espiral\\\/2023\\\/04\\\/18\\\/una-jirafa-en-el-aula-curiosidad\\\/#breadcrumb\",\"itemListElement\":[{\"@type\":\"ListItem\",\"position\":1,\"name\":\"Portada\",\"item\":\"https:\\\/\\\/eldiariodelaeducacion.com\\\/espiral\\\/\"},{\"@type\":\"ListItem\",\"position\":2,\"name\":\"Una jirafa en el aula: curiosidad\"}]},{\"@type\":\"WebSite\",\"@id\":\"https:\\\/\\\/eldiariodelaeducacion.com\\\/espiral\\\/#website\",\"url\":\"https:\\\/\\\/eldiariodelaeducacion.com\\\/espiral\\\/\",\"name\":\"Espiral, educaci\u00f3n y tecnolog\u00eda\",\"description\":\"Un blog de El Diario de la Educaci\u00f3n\",\"potentialAction\":[{\"@type\":\"SearchAction\",\"target\":{\"@type\":\"EntryPoint\",\"urlTemplate\":\"https:\\\/\\\/eldiariodelaeducacion.com\\\/espiral\\\/?s={search_term_string}\"},\"query-input\":{\"@type\":\"PropertyValueSpecification\",\"valueRequired\":true,\"valueName\":\"search_term_string\"}}],\"inLanguage\":\"es\"},{\"@type\":\"Person\",\"@id\":\"https:\\\/\\\/eldiariodelaeducacion.com\\\/espiral\\\/#\\\/schema\\\/person\\\/bf7d979da82ead5c451309890ecc93fb\",\"name\":\"Elisa Beltr\u00e1n Garc\u00eda\",\"image\":{\"@type\":\"ImageObject\",\"inLanguage\":\"es\",\"@id\":\"https:\\\/\\\/secure.gravatar.com\\\/avatar\\\/4ec92a0bf4d799714559571e995dc1d0ad15a39eeb018a3f7bca173934a261d6?s=96&d=mm&r=g\",\"url\":\"https:\\\/\\\/secure.gravatar.com\\\/avatar\\\/4ec92a0bf4d799714559571e995dc1d0ad15a39eeb018a3f7bca173934a261d6?s=96&d=mm&r=g\",\"contentUrl\":\"https:\\\/\\\/secure.gravatar.com\\\/avatar\\\/4ec92a0bf4d799714559571e995dc1d0ad15a39eeb018a3f7bca173934a261d6?s=96&d=mm&r=g\",\"caption\":\"Elisa Beltr\u00e1n Garc\u00eda\"},\"url\":\"https:\\\/\\\/eldiariodelaeducacion.com\\\/espiral\\\/author\\\/ebeltran\\\/\"}]}<\/script>\n<!-- \/ Yoast SEO plugin. -->","yoast_head_json":{"title":"Una jirafa en el aula: curiosidad - Espiral, educaci\u00f3n y tecnolog\u00eda","robots":{"index":"index","follow":"follow","max-snippet":"max-snippet:-1","max-image-preview":"max-image-preview:large","max-video-preview":"max-video-preview:-1"},"canonical":"https:\/\/eldiariodelaeducacion.com\/espiral\/2023\/04\/18\/una-jirafa-en-el-aula-curiosidad\/","og_locale":"es_ES","og_type":"article","og_title":"Una jirafa en el aula: curiosidad - Espiral, educaci\u00f3n y tecnolog\u00eda","og_description":"Hace unos cursos que, gracias a un proyecto que realizamos cada a\u00f1o en religi\u00f3n, descubr\u00ed el valor que tiene para nuestro alumnado tener una peque\u00f1a mascota en el aula. Y seguro que estar\u00e9is pensando\u2026 \u00bfUna jirafa es una peque\u00f1a mascota? Claramente el t\u00edtulo es una llamada de atenci\u00f3n y sobre todo una afirmaci\u00f3n del gran","og_url":"https:\/\/eldiariodelaeducacion.com\/espiral\/2023\/04\/18\/una-jirafa-en-el-aula-curiosidad\/","og_site_name":"Espiral, educaci\u00f3n y tecnolog\u00eda","article_published_time":"2023-04-18T04:00:44+00:00","article_modified_time":"2024-08-21T15:34:26+00:00","og_image":[{"width":960,"height":720,"url":"https:\/\/eldiariodelaeducacion.com\/espiral\/wp-content\/uploads\/sites\/23\/2023\/04\/WhatsApp-Image-2023-04-14-at-14.13.14.jpeg","type":"image\/jpeg"}],"author":"Elisa Beltr\u00e1n Garc\u00eda","twitter_card":"summary_large_image","twitter_misc":{"Escrito por":"Elisa Beltr\u00e1n Garc\u00eda","Tiempo de lectura":"3 minutos"},"schema":{"@context":"https:\/\/schema.org","@graph":[{"@type":"Article","@id":"https:\/\/eldiariodelaeducacion.com\/espiral\/2023\/04\/18\/una-jirafa-en-el-aula-curiosidad\/#article","isPartOf":{"@id":"https:\/\/eldiariodelaeducacion.com\/espiral\/2023\/04\/18\/una-jirafa-en-el-aula-curiosidad\/"},"author":{"name":"Elisa Beltr\u00e1n Garc\u00eda","@id":"https:\/\/eldiariodelaeducacion.com\/espiral\/#\/schema\/person\/bf7d979da82ead5c451309890ecc93fb"},"headline":"Una jirafa en el aula: curiosidad","datePublished":"2023-04-18T04:00:44+00:00","dateModified":"2024-08-21T15:34:26+00:00","mainEntityOfPage":{"@id":"https:\/\/eldiariodelaeducacion.com\/espiral\/2023\/04\/18\/una-jirafa-en-el-aula-curiosidad\/"},"wordCount":663,"commentCount":0,"image":{"@id":"https:\/\/eldiariodelaeducacion.com\/espiral\/2023\/04\/18\/una-jirafa-en-el-aula-curiosidad\/#primaryimage"},"thumbnailUrl":"https:\/\/eldiariodelaeducacion.com\/espiral\/wp-content\/uploads\/sites\/23\/2023\/04\/WhatsApp-Image-2023-04-14-at-14.13.14.jpeg","articleSection":["Espiral"],"inLanguage":"es","potentialAction":[{"@type":"CommentAction","name":"Comment","target":["https:\/\/eldiariodelaeducacion.com\/espiral\/2023\/04\/18\/una-jirafa-en-el-aula-curiosidad\/#respond"]}]},{"@type":"WebPage","@id":"https:\/\/eldiariodelaeducacion.com\/espiral\/2023\/04\/18\/una-jirafa-en-el-aula-curiosidad\/","url":"https:\/\/eldiariodelaeducacion.com\/espiral\/2023\/04\/18\/una-jirafa-en-el-aula-curiosidad\/","name":"Una jirafa en el aula: curiosidad - Espiral, educaci\u00f3n y tecnolog\u00eda","isPartOf":{"@id":"https:\/\/eldiariodelaeducacion.com\/espiral\/#website"},"primaryImageOfPage":{"@id":"https:\/\/eldiariodelaeducacion.com\/espiral\/2023\/04\/18\/una-jirafa-en-el-aula-curiosidad\/#primaryimage"},"image":{"@id":"https:\/\/eldiariodelaeducacion.com\/espiral\/2023\/04\/18\/una-jirafa-en-el-aula-curiosidad\/#primaryimage"},"thumbnailUrl":"https:\/\/eldiariodelaeducacion.com\/espiral\/wp-content\/uploads\/sites\/23\/2023\/04\/WhatsApp-Image-2023-04-14-at-14.13.14.jpeg","datePublished":"2023-04-18T04:00:44+00:00","dateModified":"2024-08-21T15:34:26+00:00","author":{"@id":"https:\/\/eldiariodelaeducacion.com\/espiral\/#\/schema\/person\/bf7d979da82ead5c451309890ecc93fb"},"breadcrumb":{"@id":"https:\/\/eldiariodelaeducacion.com\/espiral\/2023\/04\/18\/una-jirafa-en-el-aula-curiosidad\/#breadcrumb"},"inLanguage":"es","potentialAction":[{"@type":"ReadAction","target":["https:\/\/eldiariodelaeducacion.com\/espiral\/2023\/04\/18\/una-jirafa-en-el-aula-curiosidad\/"]}]},{"@type":"ImageObject","inLanguage":"es","@id":"https:\/\/eldiariodelaeducacion.com\/espiral\/2023\/04\/18\/una-jirafa-en-el-aula-curiosidad\/#primaryimage","url":"https:\/\/eldiariodelaeducacion.com\/espiral\/wp-content\/uploads\/sites\/23\/2023\/04\/WhatsApp-Image-2023-04-14-at-14.13.14.jpeg","contentUrl":"https:\/\/eldiariodelaeducacion.com\/espiral\/wp-content\/uploads\/sites\/23\/2023\/04\/WhatsApp-Image-2023-04-14-at-14.13.14.jpeg","width":960,"height":720},{"@type":"BreadcrumbList","@id":"https:\/\/eldiariodelaeducacion.com\/espiral\/2023\/04\/18\/una-jirafa-en-el-aula-curiosidad\/#breadcrumb","itemListElement":[{"@type":"ListItem","position":1,"name":"Portada","item":"https:\/\/eldiariodelaeducacion.com\/espiral\/"},{"@type":"ListItem","position":2,"name":"Una jirafa en el aula: curiosidad"}]},{"@type":"WebSite","@id":"https:\/\/eldiariodelaeducacion.com\/espiral\/#website","url":"https:\/\/eldiariodelaeducacion.com\/espiral\/","name":"Espiral, educaci\u00f3n y tecnolog\u00eda","description":"Un blog de El Diario de la Educaci\u00f3n","potentialAction":[{"@type":"SearchAction","target":{"@type":"EntryPoint","urlTemplate":"https:\/\/eldiariodelaeducacion.com\/espiral\/?s={search_term_string}"},"query-input":{"@type":"PropertyValueSpecification","valueRequired":true,"valueName":"search_term_string"}}],"inLanguage":"es"},{"@type":"Person","@id":"https:\/\/eldiariodelaeducacion.com\/espiral\/#\/schema\/person\/bf7d979da82ead5c451309890ecc93fb","name":"Elisa Beltr\u00e1n Garc\u00eda","image":{"@type":"ImageObject","inLanguage":"es","@id":"https:\/\/secure.gravatar.com\/avatar\/4ec92a0bf4d799714559571e995dc1d0ad15a39eeb018a3f7bca173934a261d6?s=96&d=mm&r=g","url":"https:\/\/secure.gravatar.com\/avatar\/4ec92a0bf4d799714559571e995dc1d0ad15a39eeb018a3f7bca173934a261d6?s=96&d=mm&r=g","contentUrl":"https:\/\/secure.gravatar.com\/avatar\/4ec92a0bf4d799714559571e995dc1d0ad15a39eeb018a3f7bca173934a261d6?s=96&d=mm&r=g","caption":"Elisa Beltr\u00e1n Garc\u00eda"},"url":"https:\/\/eldiariodelaeducacion.com\/espiral\/author\/ebeltran\/"}]}},"_links":{"self":[{"href":"https:\/\/eldiariodelaeducacion.com\/espiral\/wp-json\/wp\/v2\/posts\/347","targetHints":{"allow":["GET"]}}],"collection":[{"href":"https:\/\/eldiariodelaeducacion.com\/espiral\/wp-json\/wp\/v2\/posts"}],"about":[{"href":"https:\/\/eldiariodelaeducacion.com\/espiral\/wp-json\/wp\/v2\/types\/post"}],"author":[{"embeddable":true,"href":"https:\/\/eldiariodelaeducacion.com\/espiral\/wp-json\/wp\/v2\/users\/182"}],"replies":[{"embeddable":true,"href":"https:\/\/eldiariodelaeducacion.com\/espiral\/wp-json\/wp\/v2\/comments?post=347"}],"version-history":[{"count":1,"href":"https:\/\/eldiariodelaeducacion.com\/espiral\/wp-json\/wp\/v2\/posts\/347\/revisions"}],"predecessor-version":[{"id":549,"href":"https:\/\/eldiariodelaeducacion.com\/espiral\/wp-json\/wp\/v2\/posts\/347\/revisions\/549"}],"wp:featuredmedia":[{"embeddable":true,"href":"https:\/\/eldiariodelaeducacion.com\/espiral\/wp-json\/wp\/v2\/media\/348"}],"wp:attachment":[{"href":"https:\/\/eldiariodelaeducacion.com\/espiral\/wp-json\/wp\/v2\/media?parent=347"}],"wp:term":[{"taxonomy":"category","embeddable":true,"href":"https:\/\/eldiariodelaeducacion.com\/espiral\/wp-json\/wp\/v2\/categories?post=347"},{"taxonomy":"post_tag","embeddable":true,"href":"https:\/\/eldiariodelaeducacion.com\/espiral\/wp-json\/wp\/v2\/tags?post=347"},{"taxonomy":"tipo","embeddable":true,"href":"https:\/\/eldiariodelaeducacion.com\/espiral\/wp-json\/wp\/v2\/tipo?post=347"}],"curies":[{"name":"wp","href":"https:\/\/api.w.org\/{rel}","templated":true}]}}