{"id":517,"date":"2020-06-06T07:30:40","date_gmt":"2020-06-06T05:30:40","guid":{"rendered":"https:\/\/eldiariodelaeducacion.com\/espiral\/?p=207"},"modified":"2024-08-21T17:34:24","modified_gmt":"2024-08-21T15:34:24","slug":"la-tecnologia-un-recurso-por-la-inclusion-en-las-aulas","status":"publish","type":"post","link":"https:\/\/eldiariodelaeducacion.com\/espiral\/2020\/06\/06\/la-tecnologia-un-recurso-por-la-inclusion-en-las-aulas\/","title":{"rendered":"La tecnolog\u00eda, un recurso por la inclusi\u00f3n en las aulas"},"content":{"rendered":"<p>La tecnolog\u00eda vinculada a la inclusi\u00f3n est\u00e1 latente, desde hace algunos a\u00f1os, cuando hablamos de metodolog\u00edas en el aula para poder ofrecer las mismas oportunidades a nuestro alumnado.<\/p>\n<p>A menudo, son los mismos alumnos los que reivindican poder realizar las actividades de la misma manera que el resto de sus compa\u00f1eros\/as. Piden poder participar con sus iguales en las tareas escolares y eso nos obliga a reflexionar sobre nuestra pr\u00e1ctica diaria. Con la experiencia, descubrimos que el entorno digital para la inclusi\u00f3n es una herramienta esencial para facilitar el acceso a los aprendizajes.<\/p>\n<p>Aunque busquemos las herramientas digitales espec\u00edficas para cubrir las necesidades de cada uno, sabemos que esto no es una pr\u00e1ctica que pueda minimizar las barreras a la participaci\u00f3n y al aprendizaje entre iguales. \u00abNo se trata de encontrar la herramienta para cada alumno\/a, sino de plantear actividades universales que den respuesta a un grupo clase\u00bb.<\/p>\n<p>Son numerosas las experiencias en el d\u00eda a d\u00eda que nos ayudan a mostrar c\u00f3mo la tecnolog\u00eda puede ofrecer igualdad de oportunidades y de acceso al aprendizaje.<\/p>\n<p>Tal y como dijo una vez una amiga y gran profesional Julia, fisioterapeuta de un Equipo de Asesoramiento Psicopedag\u00f3gico (EAP), \u00abte estoy contando sus potencialidades, que ser\u00e1n las que nos ayudar\u00e1n a que pueda realizar las actividades al igual que lo har\u00e1n sus compa\u00f1eros\/as\u00bb, mientras me explicaba el caso de una alumna de cuatro a\u00f1os con graves dificultades motrices. Esta debe ser la mirada que debemos tener hacia cada uno de nuestros alumnos, valorando sus potencialidades (y eliminando etiquetas) para poder facilitarles las herramientas y escenarios necesarios para que se den aprendizajes \u00f3ptimos. Como bien sab\u00e9is, aplicable a cualquier otro contexto, sin necesidad que sea educativo.<\/p>\n<p>Dicen que un \u00e1rbol no hace un bosque, pero sabemos y confiamos en que sencillas pr\u00e1cticas en el aula donde la tecnolog\u00eda juega un papel inclusivo, nos permiten extenderlas a distintos niveles. De esta manera, se constata que la inclusi\u00f3n debe ser uno de los ejes prioritarios del centro educativo, y si para conseguirlo uno de los recursos es la tecnolog\u00eda, todav\u00eda mejor.<\/p>\n<p>Para que el uso de las tecnolog\u00edas nos ayude a minimizar las barreras del aprendizaje, es necesario pensar en actividades y aplicaciones que puedan satisfacer y ser accesibles a los usuarios. Este objetivo se puede alcanzar buscando herramientas y medidas universales, tal y como indica el Dise\u00f1o Universal para el Aprendizaje (DUA).<\/p>\n<p>&nbsp;<\/p>\n<p><img fetchpriority=\"high\" decoding=\"async\" class=\"alignnone wp-image-209\" src=\"https:\/\/eldiariodelaeducacion.com\/espiral\/wp-content\/uploads\/sites\/27\/2020\/06\/Diapositiva2-279x300.jpg\" alt=\"\" width=\"506\" height=\"544\" \/><\/p>\n<p>Las pautas del DUA, como modelo de aprendizaje, basado en la investigaci\u00f3n neurocient\u00edfica, se organizan en 3 ejes:<\/p>\n<ul>\n<li>Facilitar distintas maneras de implicarse, motivarse y participar.<\/li>\n<li>Facilitar distintas maneras de representar la informaci\u00f3n.<\/li>\n<li>Facilitar distintas maneras de actuar y expresarse.<\/li>\n<\/ul>\n<p>Porque cuando se fomentan pr\u00e1cticas en el aula donde la tecnolog\u00eda se convierte en un recurso m\u00e1s, conseguimos, prioritariamente, los siguientes objetivos:<\/p>\n<p>Mejorar la cultura digital en el centro, introduciendo las tecnolog\u00edas en el aula como una herramienta favorecedora del aprendizaje, que enriquece, motiva y ofrece a los docentes nuevos recursos que permitan adaptarse a los ritmos e intereses de los alumnos.<\/p>\n<h3>Facilitar el acceso y la participaci\u00f3n para todos\/as<\/h3>\n<p>Tal y como indicamos, el uso de la tecnolog\u00eda permite ofrecer las mismas oportunidades, siempre y cuando, facilitemos la accesibilidad a todos por igual, al tiempo que les permite aprender a trav\u00e9s de ella. El recurso digital se convierte as\u00ed en una \u00abexcusa\u00bb para replantear situaciones de aprendizaje que impliquen cambios metodol\u00f3gicos en las aulas. \u00bfY t\u00fa, te animas?<\/p>\n<p>Agradecimientos a J\u00falia Aloy, quien me ha acompa\u00f1ado en este camino hacia la mirada inclusiva con ayuda de la tecnolog\u00eda.<\/p>\n<p><strong>Sandra Gay Boelle<\/strong><\/p>\n<p>Diplomada en Maestra de Educaci\u00f3n Primaria, especialista de Educaci\u00f3n F\u00edsica; M\u00e1ster en Educaci\u00f3n y TIC por la UOC; Posgrado \u201cDirecci\u00f3 de centres educatius i serveis educatius\u201d por la FUMH; Formadora de formadores; perfil profesional en compet\u00e8ncia digital. Actualmente, asesora docente en el Centro de Recursos Pedag\u00f3gico Vall\u00e9s Oriental IV, en Bigues i Riells, Barcelona.<br \/>\n<strong>Twitter: @sandragabo<\/strong><\/p>\n<p><img decoding=\"async\" class=\"alignnone size-medium wp-image-208\" src=\"https:\/\/eldiariodelaeducacion.com\/espiral\/wp-content\/uploads\/sites\/27\/2020\/06\/Sandra--272x300.jpg\" alt=\"\" width=\"272\" height=\"300\" \/><\/p>\n","protected":false},"excerpt":{"rendered":"<p>La tecnolog\u00eda vinculada a la inclusi\u00f3n est\u00e1 latente, desde hace algunos a\u00f1os, cuando hablamos de metodolog\u00edas en el aula para poder ofrecer las mismas oportunidades a nuestro alumnado. A menudo, son los mismos alumnos los que reivindican poder realizar las actividades de la misma manera que el resto de sus compa\u00f1eros\/as. Piden poder participar con<\/p>\n","protected":false},"author":179,"featured_media":266,"comment_status":"open","ping_status":"closed","sticky":false,"template":"","format":"standard","meta":{"footnotes":""},"categories":[18,17],"tags":[27],"tipo":[40],"class_list":{"0":"post-517","1":"post","2":"type-post","3":"status-publish","4":"format-standard","5":"has-post-thumbnail","7":"category-educacion-y-tecnologia","8":"category-espiral-2","9":"tag-dua-aprendizaje-educacioninquieta","10":"tipo-actualidad"},"yoast_head":"<!-- This site is optimized with the Yoast SEO plugin v27.5 - https:\/\/yoast.com\/product\/yoast-seo-wordpress\/ -->\n<title>La tecnolog\u00eda, un recurso por la inclusi\u00f3n en las aulas - Espiral, educaci\u00f3n y tecnolog\u00eda<\/title>\n<meta name=\"robots\" content=\"index, follow, max-snippet:-1, max-image-preview:large, max-video-preview:-1\" \/>\n<link rel=\"canonical\" href=\"https:\/\/eldiariodelaeducacion.com\/espiral\/2020\/06\/06\/la-tecnologia-un-recurso-por-la-inclusion-en-las-aulas\/\" \/>\n<meta property=\"og:locale\" content=\"es_ES\" \/>\n<meta property=\"og:type\" content=\"article\" \/>\n<meta property=\"og:title\" content=\"La tecnolog\u00eda, un recurso por la inclusi\u00f3n en las aulas - Espiral, educaci\u00f3n y tecnolog\u00eda\" \/>\n<meta property=\"og:description\" content=\"La tecnolog\u00eda vinculada a la inclusi\u00f3n est\u00e1 latente, desde hace algunos a\u00f1os, cuando hablamos de metodolog\u00edas en el aula para poder ofrecer las mismas oportunidades a nuestro alumnado. A menudo, son los mismos alumnos los que reivindican poder realizar las actividades de la misma manera que el resto de sus compa\u00f1eros\/as. Piden poder participar con\" \/>\n<meta property=\"og:url\" content=\"https:\/\/eldiariodelaeducacion.com\/espiral\/2020\/06\/06\/la-tecnologia-un-recurso-por-la-inclusion-en-las-aulas\/\" \/>\n<meta property=\"og:site_name\" content=\"Espiral, educaci\u00f3n y tecnolog\u00eda\" \/>\n<meta property=\"article:published_time\" content=\"2020-06-06T05:30:40+00:00\" \/>\n<meta property=\"article:modified_time\" content=\"2024-08-21T15:34:24+00:00\" \/>\n<meta property=\"og:image\" content=\"https:\/\/eldiariodelaeducacion.com\/espiral\/wp-content\/uploads\/sites\/23\/2020\/06\/board-5017871_1280.jpg\" \/>\n\t<meta property=\"og:image:width\" content=\"1280\" \/>\n\t<meta property=\"og:image:height\" content=\"851\" \/>\n\t<meta property=\"og:image:type\" content=\"image\/jpeg\" \/>\n<meta name=\"author\" content=\"Sandra Gay Boelle\" \/>\n<meta name=\"twitter:card\" content=\"summary_large_image\" \/>\n<meta name=\"twitter:label1\" content=\"Escrito por\" \/>\n\t<meta name=\"twitter:data1\" content=\"Sandra Gay Boelle\" \/>\n\t<meta name=\"twitter:label2\" content=\"Tiempo de lectura\" \/>\n\t<meta name=\"twitter:data2\" content=\"3 minutos\" \/>\n<script type=\"application\/ld+json\" class=\"yoast-schema-graph\">{\"@context\":\"https:\\\/\\\/schema.org\",\"@graph\":[{\"@type\":\"Article\",\"@id\":\"https:\\\/\\\/eldiariodelaeducacion.com\\\/espiral\\\/2020\\\/06\\\/06\\\/la-tecnologia-un-recurso-por-la-inclusion-en-las-aulas\\\/#article\",\"isPartOf\":{\"@id\":\"https:\\\/\\\/eldiariodelaeducacion.com\\\/espiral\\\/2020\\\/06\\\/06\\\/la-tecnologia-un-recurso-por-la-inclusion-en-las-aulas\\\/\"},\"author\":{\"name\":\"Sandra Gay Boelle\",\"@id\":\"https:\\\/\\\/eldiariodelaeducacion.com\\\/espiral\\\/#\\\/schema\\\/person\\\/fee5534b50c9e91c58a56993f0843f1b\"},\"headline\":\"La tecnolog\u00eda, un recurso por la inclusi\u00f3n en las aulas\",\"datePublished\":\"2020-06-06T05:30:40+00:00\",\"dateModified\":\"2024-08-21T15:34:24+00:00\",\"mainEntityOfPage\":{\"@id\":\"https:\\\/\\\/eldiariodelaeducacion.com\\\/espiral\\\/2020\\\/06\\\/06\\\/la-tecnologia-un-recurso-por-la-inclusion-en-las-aulas\\\/\"},\"wordCount\":710,\"commentCount\":0,\"image\":{\"@id\":\"https:\\\/\\\/eldiariodelaeducacion.com\\\/espiral\\\/2020\\\/06\\\/06\\\/la-tecnologia-un-recurso-por-la-inclusion-en-las-aulas\\\/#primaryimage\"},\"thumbnailUrl\":\"https:\\\/\\\/eldiariodelaeducacion.com\\\/espiral\\\/wp-content\\\/uploads\\\/sites\\\/23\\\/2020\\\/06\\\/board-5017871_1280.jpg\",\"keywords\":[\"#DUA #aprendizaje #educacioninquieta\"],\"articleSection\":[\"educaci\u00f3n y tecnolog\u00eda\",\"Espiral\"],\"inLanguage\":\"es\",\"potentialAction\":[{\"@type\":\"CommentAction\",\"name\":\"Comment\",\"target\":[\"https:\\\/\\\/eldiariodelaeducacion.com\\\/espiral\\\/2020\\\/06\\\/06\\\/la-tecnologia-un-recurso-por-la-inclusion-en-las-aulas\\\/#respond\"]}]},{\"@type\":\"WebPage\",\"@id\":\"https:\\\/\\\/eldiariodelaeducacion.com\\\/espiral\\\/2020\\\/06\\\/06\\\/la-tecnologia-un-recurso-por-la-inclusion-en-las-aulas\\\/\",\"url\":\"https:\\\/\\\/eldiariodelaeducacion.com\\\/espiral\\\/2020\\\/06\\\/06\\\/la-tecnologia-un-recurso-por-la-inclusion-en-las-aulas\\\/\",\"name\":\"La tecnolog\u00eda, un recurso por la inclusi\u00f3n en las aulas - Espiral, educaci\u00f3n y tecnolog\u00eda\",\"isPartOf\":{\"@id\":\"https:\\\/\\\/eldiariodelaeducacion.com\\\/espiral\\\/#website\"},\"primaryImageOfPage\":{\"@id\":\"https:\\\/\\\/eldiariodelaeducacion.com\\\/espiral\\\/2020\\\/06\\\/06\\\/la-tecnologia-un-recurso-por-la-inclusion-en-las-aulas\\\/#primaryimage\"},\"image\":{\"@id\":\"https:\\\/\\\/eldiariodelaeducacion.com\\\/espiral\\\/2020\\\/06\\\/06\\\/la-tecnologia-un-recurso-por-la-inclusion-en-las-aulas\\\/#primaryimage\"},\"thumbnailUrl\":\"https:\\\/\\\/eldiariodelaeducacion.com\\\/espiral\\\/wp-content\\\/uploads\\\/sites\\\/23\\\/2020\\\/06\\\/board-5017871_1280.jpg\",\"datePublished\":\"2020-06-06T05:30:40+00:00\",\"dateModified\":\"2024-08-21T15:34:24+00:00\",\"author\":{\"@id\":\"https:\\\/\\\/eldiariodelaeducacion.com\\\/espiral\\\/#\\\/schema\\\/person\\\/fee5534b50c9e91c58a56993f0843f1b\"},\"breadcrumb\":{\"@id\":\"https:\\\/\\\/eldiariodelaeducacion.com\\\/espiral\\\/2020\\\/06\\\/06\\\/la-tecnologia-un-recurso-por-la-inclusion-en-las-aulas\\\/#breadcrumb\"},\"inLanguage\":\"es\",\"potentialAction\":[{\"@type\":\"ReadAction\",\"target\":[\"https:\\\/\\\/eldiariodelaeducacion.com\\\/espiral\\\/2020\\\/06\\\/06\\\/la-tecnologia-un-recurso-por-la-inclusion-en-las-aulas\\\/\"]}]},{\"@type\":\"ImageObject\",\"inLanguage\":\"es\",\"@id\":\"https:\\\/\\\/eldiariodelaeducacion.com\\\/espiral\\\/2020\\\/06\\\/06\\\/la-tecnologia-un-recurso-por-la-inclusion-en-las-aulas\\\/#primaryimage\",\"url\":\"https:\\\/\\\/eldiariodelaeducacion.com\\\/espiral\\\/wp-content\\\/uploads\\\/sites\\\/23\\\/2020\\\/06\\\/board-5017871_1280.jpg\",\"contentUrl\":\"https:\\\/\\\/eldiariodelaeducacion.com\\\/espiral\\\/wp-content\\\/uploads\\\/sites\\\/23\\\/2020\\\/06\\\/board-5017871_1280.jpg\",\"width\":1280,\"height\":851},{\"@type\":\"BreadcrumbList\",\"@id\":\"https:\\\/\\\/eldiariodelaeducacion.com\\\/espiral\\\/2020\\\/06\\\/06\\\/la-tecnologia-un-recurso-por-la-inclusion-en-las-aulas\\\/#breadcrumb\",\"itemListElement\":[{\"@type\":\"ListItem\",\"position\":1,\"name\":\"Portada\",\"item\":\"https:\\\/\\\/eldiariodelaeducacion.com\\\/espiral\\\/\"},{\"@type\":\"ListItem\",\"position\":2,\"name\":\"La tecnolog\u00eda, un recurso por la inclusi\u00f3n en las aulas\"}]},{\"@type\":\"WebSite\",\"@id\":\"https:\\\/\\\/eldiariodelaeducacion.com\\\/espiral\\\/#website\",\"url\":\"https:\\\/\\\/eldiariodelaeducacion.com\\\/espiral\\\/\",\"name\":\"Espiral, educaci\u00f3n y tecnolog\u00eda\",\"description\":\"Un blog de El Diario de la Educaci\u00f3n\",\"potentialAction\":[{\"@type\":\"SearchAction\",\"target\":{\"@type\":\"EntryPoint\",\"urlTemplate\":\"https:\\\/\\\/eldiariodelaeducacion.com\\\/espiral\\\/?s={search_term_string}\"},\"query-input\":{\"@type\":\"PropertyValueSpecification\",\"valueRequired\":true,\"valueName\":\"search_term_string\"}}],\"inLanguage\":\"es\"},{\"@type\":\"Person\",\"@id\":\"https:\\\/\\\/eldiariodelaeducacion.com\\\/espiral\\\/#\\\/schema\\\/person\\\/fee5534b50c9e91c58a56993f0843f1b\",\"name\":\"Sandra Gay Boelle\",\"image\":{\"@type\":\"ImageObject\",\"inLanguage\":\"es\",\"@id\":\"https:\\\/\\\/secure.gravatar.com\\\/avatar\\\/da133e0ccd3c6067f48067c3b5421794b4d8223946fe8e3e284a0e2e8dd60745?s=96&d=mm&r=g\",\"url\":\"https:\\\/\\\/secure.gravatar.com\\\/avatar\\\/da133e0ccd3c6067f48067c3b5421794b4d8223946fe8e3e284a0e2e8dd60745?s=96&d=mm&r=g\",\"contentUrl\":\"https:\\\/\\\/secure.gravatar.com\\\/avatar\\\/da133e0ccd3c6067f48067c3b5421794b4d8223946fe8e3e284a0e2e8dd60745?s=96&d=mm&r=g\",\"caption\":\"Sandra Gay Boelle\"},\"url\":\"https:\\\/\\\/eldiariodelaeducacion.com\\\/espiral\\\/author\\\/sgay\\\/\"}]}<\/script>\n<!-- \/ Yoast SEO plugin. -->","yoast_head_json":{"title":"La tecnolog\u00eda, un recurso por la inclusi\u00f3n en las aulas - Espiral, educaci\u00f3n y tecnolog\u00eda","robots":{"index":"index","follow":"follow","max-snippet":"max-snippet:-1","max-image-preview":"max-image-preview:large","max-video-preview":"max-video-preview:-1"},"canonical":"https:\/\/eldiariodelaeducacion.com\/espiral\/2020\/06\/06\/la-tecnologia-un-recurso-por-la-inclusion-en-las-aulas\/","og_locale":"es_ES","og_type":"article","og_title":"La tecnolog\u00eda, un recurso por la inclusi\u00f3n en las aulas - Espiral, educaci\u00f3n y tecnolog\u00eda","og_description":"La tecnolog\u00eda vinculada a la inclusi\u00f3n est\u00e1 latente, desde hace algunos a\u00f1os, cuando hablamos de metodolog\u00edas en el aula para poder ofrecer las mismas oportunidades a nuestro alumnado. A menudo, son los mismos alumnos los que reivindican poder realizar las actividades de la misma manera que el resto de sus compa\u00f1eros\/as. Piden poder participar con","og_url":"https:\/\/eldiariodelaeducacion.com\/espiral\/2020\/06\/06\/la-tecnologia-un-recurso-por-la-inclusion-en-las-aulas\/","og_site_name":"Espiral, educaci\u00f3n y tecnolog\u00eda","article_published_time":"2020-06-06T05:30:40+00:00","article_modified_time":"2024-08-21T15:34:24+00:00","og_image":[{"width":1280,"height":851,"url":"https:\/\/eldiariodelaeducacion.com\/espiral\/wp-content\/uploads\/sites\/23\/2020\/06\/board-5017871_1280.jpg","type":"image\/jpeg"}],"author":"Sandra Gay Boelle","twitter_card":"summary_large_image","twitter_misc":{"Escrito por":"Sandra Gay Boelle","Tiempo de lectura":"3 minutos"},"schema":{"@context":"https:\/\/schema.org","@graph":[{"@type":"Article","@id":"https:\/\/eldiariodelaeducacion.com\/espiral\/2020\/06\/06\/la-tecnologia-un-recurso-por-la-inclusion-en-las-aulas\/#article","isPartOf":{"@id":"https:\/\/eldiariodelaeducacion.com\/espiral\/2020\/06\/06\/la-tecnologia-un-recurso-por-la-inclusion-en-las-aulas\/"},"author":{"name":"Sandra Gay Boelle","@id":"https:\/\/eldiariodelaeducacion.com\/espiral\/#\/schema\/person\/fee5534b50c9e91c58a56993f0843f1b"},"headline":"La tecnolog\u00eda, un recurso por la inclusi\u00f3n en las aulas","datePublished":"2020-06-06T05:30:40+00:00","dateModified":"2024-08-21T15:34:24+00:00","mainEntityOfPage":{"@id":"https:\/\/eldiariodelaeducacion.com\/espiral\/2020\/06\/06\/la-tecnologia-un-recurso-por-la-inclusion-en-las-aulas\/"},"wordCount":710,"commentCount":0,"image":{"@id":"https:\/\/eldiariodelaeducacion.com\/espiral\/2020\/06\/06\/la-tecnologia-un-recurso-por-la-inclusion-en-las-aulas\/#primaryimage"},"thumbnailUrl":"https:\/\/eldiariodelaeducacion.com\/espiral\/wp-content\/uploads\/sites\/23\/2020\/06\/board-5017871_1280.jpg","keywords":["#DUA #aprendizaje #educacioninquieta"],"articleSection":["educaci\u00f3n y tecnolog\u00eda","Espiral"],"inLanguage":"es","potentialAction":[{"@type":"CommentAction","name":"Comment","target":["https:\/\/eldiariodelaeducacion.com\/espiral\/2020\/06\/06\/la-tecnologia-un-recurso-por-la-inclusion-en-las-aulas\/#respond"]}]},{"@type":"WebPage","@id":"https:\/\/eldiariodelaeducacion.com\/espiral\/2020\/06\/06\/la-tecnologia-un-recurso-por-la-inclusion-en-las-aulas\/","url":"https:\/\/eldiariodelaeducacion.com\/espiral\/2020\/06\/06\/la-tecnologia-un-recurso-por-la-inclusion-en-las-aulas\/","name":"La tecnolog\u00eda, un recurso por la inclusi\u00f3n en las aulas - Espiral, educaci\u00f3n y tecnolog\u00eda","isPartOf":{"@id":"https:\/\/eldiariodelaeducacion.com\/espiral\/#website"},"primaryImageOfPage":{"@id":"https:\/\/eldiariodelaeducacion.com\/espiral\/2020\/06\/06\/la-tecnologia-un-recurso-por-la-inclusion-en-las-aulas\/#primaryimage"},"image":{"@id":"https:\/\/eldiariodelaeducacion.com\/espiral\/2020\/06\/06\/la-tecnologia-un-recurso-por-la-inclusion-en-las-aulas\/#primaryimage"},"thumbnailUrl":"https:\/\/eldiariodelaeducacion.com\/espiral\/wp-content\/uploads\/sites\/23\/2020\/06\/board-5017871_1280.jpg","datePublished":"2020-06-06T05:30:40+00:00","dateModified":"2024-08-21T15:34:24+00:00","author":{"@id":"https:\/\/eldiariodelaeducacion.com\/espiral\/#\/schema\/person\/fee5534b50c9e91c58a56993f0843f1b"},"breadcrumb":{"@id":"https:\/\/eldiariodelaeducacion.com\/espiral\/2020\/06\/06\/la-tecnologia-un-recurso-por-la-inclusion-en-las-aulas\/#breadcrumb"},"inLanguage":"es","potentialAction":[{"@type":"ReadAction","target":["https:\/\/eldiariodelaeducacion.com\/espiral\/2020\/06\/06\/la-tecnologia-un-recurso-por-la-inclusion-en-las-aulas\/"]}]},{"@type":"ImageObject","inLanguage":"es","@id":"https:\/\/eldiariodelaeducacion.com\/espiral\/2020\/06\/06\/la-tecnologia-un-recurso-por-la-inclusion-en-las-aulas\/#primaryimage","url":"https:\/\/eldiariodelaeducacion.com\/espiral\/wp-content\/uploads\/sites\/23\/2020\/06\/board-5017871_1280.jpg","contentUrl":"https:\/\/eldiariodelaeducacion.com\/espiral\/wp-content\/uploads\/sites\/23\/2020\/06\/board-5017871_1280.jpg","width":1280,"height":851},{"@type":"BreadcrumbList","@id":"https:\/\/eldiariodelaeducacion.com\/espiral\/2020\/06\/06\/la-tecnologia-un-recurso-por-la-inclusion-en-las-aulas\/#breadcrumb","itemListElement":[{"@type":"ListItem","position":1,"name":"Portada","item":"https:\/\/eldiariodelaeducacion.com\/espiral\/"},{"@type":"ListItem","position":2,"name":"La tecnolog\u00eda, un recurso por la inclusi\u00f3n en las aulas"}]},{"@type":"WebSite","@id":"https:\/\/eldiariodelaeducacion.com\/espiral\/#website","url":"https:\/\/eldiariodelaeducacion.com\/espiral\/","name":"Espiral, educaci\u00f3n y tecnolog\u00eda","description":"Un blog de El Diario de la Educaci\u00f3n","potentialAction":[{"@type":"SearchAction","target":{"@type":"EntryPoint","urlTemplate":"https:\/\/eldiariodelaeducacion.com\/espiral\/?s={search_term_string}"},"query-input":{"@type":"PropertyValueSpecification","valueRequired":true,"valueName":"search_term_string"}}],"inLanguage":"es"},{"@type":"Person","@id":"https:\/\/eldiariodelaeducacion.com\/espiral\/#\/schema\/person\/fee5534b50c9e91c58a56993f0843f1b","name":"Sandra Gay Boelle","image":{"@type":"ImageObject","inLanguage":"es","@id":"https:\/\/secure.gravatar.com\/avatar\/da133e0ccd3c6067f48067c3b5421794b4d8223946fe8e3e284a0e2e8dd60745?s=96&d=mm&r=g","url":"https:\/\/secure.gravatar.com\/avatar\/da133e0ccd3c6067f48067c3b5421794b4d8223946fe8e3e284a0e2e8dd60745?s=96&d=mm&r=g","contentUrl":"https:\/\/secure.gravatar.com\/avatar\/da133e0ccd3c6067f48067c3b5421794b4d8223946fe8e3e284a0e2e8dd60745?s=96&d=mm&r=g","caption":"Sandra Gay Boelle"},"url":"https:\/\/eldiariodelaeducacion.com\/espiral\/author\/sgay\/"}]}},"_links":{"self":[{"href":"https:\/\/eldiariodelaeducacion.com\/espiral\/wp-json\/wp\/v2\/posts\/517","targetHints":{"allow":["GET"]}}],"collection":[{"href":"https:\/\/eldiariodelaeducacion.com\/espiral\/wp-json\/wp\/v2\/posts"}],"about":[{"href":"https:\/\/eldiariodelaeducacion.com\/espiral\/wp-json\/wp\/v2\/types\/post"}],"author":[{"embeddable":true,"href":"https:\/\/eldiariodelaeducacion.com\/espiral\/wp-json\/wp\/v2\/users\/179"}],"replies":[{"embeddable":true,"href":"https:\/\/eldiariodelaeducacion.com\/espiral\/wp-json\/wp\/v2\/comments?post=517"}],"version-history":[{"count":1,"href":"https:\/\/eldiariodelaeducacion.com\/espiral\/wp-json\/wp\/v2\/posts\/517\/revisions"}],"predecessor-version":[{"id":531,"href":"https:\/\/eldiariodelaeducacion.com\/espiral\/wp-json\/wp\/v2\/posts\/517\/revisions\/531"}],"wp:featuredmedia":[{"embeddable":true,"href":"https:\/\/eldiariodelaeducacion.com\/espiral\/wp-json\/wp\/v2\/media\/266"}],"wp:attachment":[{"href":"https:\/\/eldiariodelaeducacion.com\/espiral\/wp-json\/wp\/v2\/media?parent=517"}],"wp:term":[{"taxonomy":"category","embeddable":true,"href":"https:\/\/eldiariodelaeducacion.com\/espiral\/wp-json\/wp\/v2\/categories?post=517"},{"taxonomy":"post_tag","embeddable":true,"href":"https:\/\/eldiariodelaeducacion.com\/espiral\/wp-json\/wp\/v2\/tags?post=517"},{"taxonomy":"tipo","embeddable":true,"href":"https:\/\/eldiariodelaeducacion.com\/espiral\/wp-json\/wp\/v2\/tipo?post=517"}],"curies":[{"name":"wp","href":"https:\/\/api.w.org\/{rel}","templated":true}]}}